{"id":962,"date":"2026-03-23T19:28:50","date_gmt":"2026-03-23T16:28:50","guid":{"rendered":"https:\/\/gazeta.am\/?p=962"},"modified":"2026-03-23T19:28:51","modified_gmt":"2026-03-23T16:28:51","slug":"%f0%9f%98%b1-apres-32-ans-de-mariage-la-fille-de-mon-mari-est-entree-au-funerail-en-blanc-et-a-dit-mon-pere-netait-pas-celui-quil-pretendait-etre","status":"publish","type":"post","link":"https:\/\/gazeta.am\/?p=962","title":{"rendered":"\ud83d\ude31 \u00ab Apr\u00e8s 32 ans de mariage, la fille de mon mari est entr\u00e9e au fun\u00e9rail en blanc et a dit : \u2018Mon p\u00e8re n\u2019\u00e9tait pas celui qu\u2019il pr\u00e9tendait \u00eatre\u2019 \u00bb"},"content":{"rendered":"\n<p>J\u2019ai rencontr\u00e9 Thomas il y a 34 ans, et d\u00e8s les premiers instants, tout semblait sortir d\u2019un film.<br>Il \u00e9tait charmant, chaleureux, et avait cette fa\u00e7on incroyable de vous faire sentir que vous \u00e9tiez la seule personne dans la pi\u00e8ce.<\/p>\n\n\n\n<p>Thomas avait d\u00e9j\u00e0 une fille, Elena, issue de son premier mariage. Elle vivait avec sa m\u00e8re dans une autre ville, mais elle a toujours fait partie de nos vies. Je l\u2019ai aim\u00e9e comme si c\u2019\u00e9tait ma propre fille.<br>Petites vacances, week-ends chez nous, rires et confidences\u2026 je l\u2019ai vue grandir, timidement d\u2019abord, puis devenir une jeune femme s\u00fbre d\u2019elle. Si quelqu\u2019un m\u2019avait dit \u00e0 l\u2019\u00e9poque que cette fille adorable, que j\u2019avais \u00e9lev\u00e9e avec tant d\u2019amour, se retournerait un jour contre moi, je ne l\u2019aurais jamais cru.<\/p>\n\n\n\n<p>Thomas et moi avons \u00e9t\u00e9 mari\u00e9s pendant 32 ans.<br>Nous avons c\u00e9l\u00e9br\u00e9 anniversaires, f\u00eates de famille, soutenu Elena \u00e0 l\u2019\u00e9cole, puis dans sa vie d\u2019adulte. J\u2019ai m\u00eame vers\u00e9 des larmes \u00e0 son mariage \u2014 Thomas aussi, mais pour une raison bien diff\u00e9rente. Il pensait silencieusement qu\u2019Elena m\u00e9ritait mieux que l\u2019homme qu\u2019elle avait choisi.<\/p>\n\n\n\n<p>Malgr\u00e9 quelques d\u00e9saccords sur son mari, nous restions une famille. Ces moments \u00e9taient tout pour moi.<\/p>\n\n\n\n<p>Puis tout a bascul\u00e9. Thomas est parti subitement, terrass\u00e9 par une crise cardiaque.<\/p>\n\n\n\n<figure class=\"wp-block-image size-full\"><img loading=\"lazy\" decoding=\"async\" width=\"776\" height=\"548\" src=\"https:\/\/gazeta.am\/wp-content\/uploads\/2026\/03\/1a-23.jpg\" alt=\"\" class=\"wp-image-963\" srcset=\"https:\/\/gazeta.am\/wp-content\/uploads\/2026\/03\/1a-23.jpg 776w, https:\/\/gazeta.am\/wp-content\/uploads\/2026\/03\/1a-23-300x212.jpg 300w, https:\/\/gazeta.am\/wp-content\/uploads\/2026\/03\/1a-23-768x542.jpg 768w, https:\/\/gazeta.am\/wp-content\/uploads\/2026\/03\/1a-23-120x85.jpg 120w\" sizes=\"auto, (max-width: 776px) 100vw, 776px\" \/><\/figure>\n\n\n\n<p>Le jour de ses fun\u00e9railles \u00e9tait lourd, gris, \u00e9touffant. L\u2019\u00e9glise \u00e9tait pleine de proches, coll\u00e8gues, amis anciens\u2026 tous venus dire adieu \u00e0 un homme respect\u00e9 et aim\u00e9.<br>J\u2019\u00e9tais au premier rang, un mouchoir humide serr\u00e9 entre mes mains, essayant de contr\u00f4ler ma respiration en fixant le cercueil.<\/p>\n\n\n\n<p>Et soudain\u2026<\/p>\n\n\n\n<p>Les grandes portes \u00e0 l\u2019arri\u00e8re de l\u2019\u00e9glise s\u2019ouvrirent.<br>Un silence choqu\u00e9 s\u2019abattit sur l\u2019assembl\u00e9e.<\/p>\n\n\n\n<p>Elena apparut, marchant lentement dans l\u2019all\u00e9e\u2026 v\u00eatue enti\u00e8rement de blanc.<\/p>\n\n\n\n<p>Des murmures parcoururent les bancs. Des regards surpris. Le blanc\u2026 ce n\u2019est pas pour un fun\u00e9rail.<br>Mon c\u0153ur manqua un battement.<\/p>\n\n\n\n<p>Je me pr\u00e9cipitai vers elle avant qu\u2019elle n\u2019atteigne le cercueil.<\/p>\n\n\n\n<p>\u2014 \u00ab Elena\u2026 que fais\u2011tu ? Pourquoi es\u2011tu en blanc ? \u00bb murmurai-je, paniqu\u00e9e.<\/p>\n\n\n\n<p>Elle me regarda, sinc\u00e8rement surprise, et baissa la voix.<\/p>\n\n\n\n<p>\u2014 \u00ab Je pensais que toi aussi tu porterais du blanc\u2026 \u00bb dit-elle doucement. \u00ab Donc tu ne sais vraiment pas encore ? L\u2019avocat de mon p\u00e8re ne t\u2019a pas donn\u00e9 l\u2019enveloppe apr\u00e8s sa mort ? \u00bb<\/p>\n\n\n\n<p>Mon c\u0153ur s\u2019arr\u00eata.<\/p>\n\n\n\n<p>\u2014 \u00ab Quelle enveloppe ? De quoi parles\u2011tu ? \u00bb<\/p>\n\n\n\n<p>Elle soupira, un m\u00e9lange de tristesse et de d\u00e9termination dans les yeux.<\/p>\n\n\n\n<p>\u2014 \u00ab Je suis d\u00e9sol\u00e9e\u2026 mais tout le monde a le droit de savoir la v\u00e9rit\u00e9 sur mon p\u00e8re. Personne n\u2019a jamais compris pourquoi ma m\u00e8re l\u2019a vraiment quitt\u00e9. \u00bb<\/p>\n\n\n\n<p>Mon trouble se mua en peur.<\/p>\n\n\n\n<p>\u2014 \u00ab Ne t\u2019inqui\u00e8te pas \u00bb, ajouta\u2011t-elle. \u00ab Bient\u00f4t, tout sera clair. \u00bb<\/p>\n\n\n\n<p>Avant que je puisse r\u00e9agir, elle passa \u00e0 c\u00f4t\u00e9 de moi et prit calmement place.<br>Je retournai \u00e0 ma chaise, secou\u00e9e, perdue, incapable de comprendre.<\/p>\n\n\n\n<p>Lorsque le moment des \u00e9loges arriva, Elena se leva la premi\u00e8re.<br>Elle avan\u00e7ait lentement vers le pupitre, p\u00e2le, tremblante, ajustant le micro sous le regard de toute l\u2019assembl\u00e9e.<\/p>\n\n\n\n<p>\u2014 \u00ab Mon p\u00e8re n\u2019\u00e9tait pas celui qu\u2019il pr\u00e9tendait \u00eatre \u00bb, d\u00e9clara-t-elle d\u2019une voix tremblante mais ferme.<br>\u2014 \u00ab Et aujourd\u2019hui, je dois dire la v\u00e9rit\u00e9. C\u2019\u00e9tait le dernier souhait de mon p\u00e8re. \u00bb<\/p>\n\n\n\n<p>Un silence complet enveloppa l\u2019\u00e9glise.<\/p>\n\n\n\n<p>\u2014 \u00ab Avant de mourir, mon p\u00e8re a d\u00e9couvert quelque chose de d\u00e9vastateur\u2026 \u00bb continua-t-elle.<\/p>\n\n\n\n<p>\u00c0 ce moment, j\u2019ai senti mon monde s\u2019effondrer. Chaque souvenir, chaque sourire partag\u00e9 avec Thomas, chaque instant pass\u00e9 \u00e0 b\u00e2tir notre famille sembla vaciller\u2026<br>Et je compris que la vie telle que je la connaissais venait de basculer \u00e0 jamais.<\/p>\n","protected":false},"excerpt":{"rendered":"J\u2019ai rencontr\u00e9 Thomas il y a 34 ans, et d\u00e8s les premiers instants, tout semblait sortir d\u2019un film.Il \u00e9tait charmant, chaleureux, et avait \n<a class=\"moretag\" href=\"https:\/\/gazeta.am\/?p=962\"> [...]<\/a>","protected":false},"author":1,"featured_media":963,"comment_status":"open","ping_status":"open","sticky":false,"template":"","format":"standard","meta":{"footnotes":""},"categories":[1],"tags":[],"class_list":["post-962","post","type-post","status-publish","format-standard","has-post-thumbnail","hentry","category-1"],"yoast_head":"<!-- This site is optimized with the Yoast SEO plugin v27.4 - https:\/\/yoast.com\/product\/yoast-seo-wordpress\/ -->\n<title>\ud83d\ude31 \u00ab Apr\u00e8s 32 ans de mariage, la fille de mon mari est entr\u00e9e au fun\u00e9rail en blanc et a dit : \u2018Mon p\u00e8re n\u2019\u00e9tait pas celui qu\u2019il pr\u00e9tendait \u00eatre\u2019 \u00bb -<\/title>\n<meta name=\"robots\" content=\"index, follow, max-snippet:-1, max-image-preview:large, max-video-preview:-1\" \/>\n<link rel=\"canonical\" href=\"https:\/\/gazeta.am\/?p=962\" \/>\n<meta property=\"og:locale\" content=\"ru_RU\" \/>\n<meta property=\"og:type\" content=\"article\" \/>\n<meta property=\"og:title\" content=\"\ud83d\ude31 \u00ab Apr\u00e8s 32 ans de mariage, la fille de mon mari est entr\u00e9e au fun\u00e9rail en blanc et a dit : \u2018Mon p\u00e8re n\u2019\u00e9tait pas celui qu\u2019il pr\u00e9tendait \u00eatre\u2019 \u00bb -\" \/>\n<meta property=\"og:description\" content=\"J\u2019ai rencontr\u00e9 Thomas il y a 34 ans, et d\u00e8s les premiers instants, tout semblait sortir d\u2019un film.Il \u00e9tait charmant, chaleureux, et avait\" \/>\n<meta property=\"og:url\" content=\"https:\/\/gazeta.am\/?p=962\" \/>\n<meta property=\"article:published_time\" content=\"2026-03-23T16:28:50+00:00\" \/>\n<meta property=\"article:modified_time\" content=\"2026-03-23T16:28:51+00:00\" \/>\n<meta property=\"og:image\" content=\"https:\/\/gazeta.am\/wp-content\/uploads\/2026\/03\/1a-23.jpg\" \/>\n\t<meta property=\"og:image:width\" content=\"776\" \/>\n\t<meta property=\"og:image:height\" content=\"548\" \/>\n\t<meta property=\"og:image:type\" content=\"image\/jpeg\" \/>\n<meta name=\"author\" content=\"admin\" \/>\n<meta name=\"twitter:card\" content=\"summary_large_image\" \/>\n<meta name=\"twitter:label1\" content=\"\u041d\u0430\u043f\u0438\u0441\u0430\u043d\u043e \u0430\u0432\u0442\u043e\u0440\u043e\u043c\" \/>\n\t<meta name=\"twitter:data1\" content=\"admin\" \/>\n\t<meta name=\"twitter:label2\" content=\"\u041f\u0440\u0438\u043c\u0435\u0440\u043d\u043e\u0435 \u0432\u0440\u0435\u043c\u044f \u0434\u043b\u044f \u0447\u0442\u0435\u043d\u0438\u044f\" \/>\n\t<meta name=\"twitter:data2\" content=\"4 \u043c\u0438\u043d\u0443\u0442\u044b\" \/>\n<script type=\"application\/ld+json\" class=\"yoast-schema-graph\">{\"@context\":\"https:\\\/\\\/schema.org\",\"@graph\":[{\"@type\":\"Article\",\"@id\":\"https:\\\/\\\/gazeta.am\\\/?p=962#article\",\"isPartOf\":{\"@id\":\"https:\\\/\\\/gazeta.am\\\/?p=962\"},\"author\":{\"name\":\"admin\",\"@id\":\"https:\\\/\\\/gazeta.am\\\/#\\\/schema\\\/person\\\/987709955e760c9a1ebbb44776f8cccc\"},\"headline\":\"\ud83d\ude31 \u00ab Apr\u00e8s 32 ans de mariage, la fille de mon mari est entr\u00e9e au fun\u00e9rail en blanc et a dit : \u2018Mon p\u00e8re n\u2019\u00e9tait pas celui qu\u2019il pr\u00e9tendait \u00eatre\u2019 \u00bb\",\"datePublished\":\"2026-03-23T16:28:50+00:00\",\"dateModified\":\"2026-03-23T16:28:51+00:00\",\"mainEntityOfPage\":{\"@id\":\"https:\\\/\\\/gazeta.am\\\/?p=962\"},\"wordCount\":687,\"commentCount\":0,\"image\":{\"@id\":\"https:\\\/\\\/gazeta.am\\\/?p=962#primaryimage\"},\"thumbnailUrl\":\"https:\\\/\\\/gazeta.am\\\/wp-content\\\/uploads\\\/2026\\\/03\\\/1a-23.jpg\",\"articleSection\":[\"NEWS\"],\"inLanguage\":\"ru-RU\",\"potentialAction\":[{\"@type\":\"CommentAction\",\"name\":\"Comment\",\"target\":[\"https:\\\/\\\/gazeta.am\\\/?p=962#respond\"]}]},{\"@type\":\"WebPage\",\"@id\":\"https:\\\/\\\/gazeta.am\\\/?p=962\",\"url\":\"https:\\\/\\\/gazeta.am\\\/?p=962\",\"name\":\"\ud83d\ude31 \u00ab Apr\u00e8s 32 ans de mariage, la fille de mon mari est entr\u00e9e au fun\u00e9rail en blanc et a dit : \u2018Mon p\u00e8re n\u2019\u00e9tait pas celui qu\u2019il pr\u00e9tendait \u00eatre\u2019 \u00bb -\",\"isPartOf\":{\"@id\":\"https:\\\/\\\/gazeta.am\\\/#website\"},\"primaryImageOfPage\":{\"@id\":\"https:\\\/\\\/gazeta.am\\\/?p=962#primaryimage\"},\"image\":{\"@id\":\"https:\\\/\\\/gazeta.am\\\/?p=962#primaryimage\"},\"thumbnailUrl\":\"https:\\\/\\\/gazeta.am\\\/wp-content\\\/uploads\\\/2026\\\/03\\\/1a-23.jpg\",\"datePublished\":\"2026-03-23T16:28:50+00:00\",\"dateModified\":\"2026-03-23T16:28:51+00:00\",\"author\":{\"@id\":\"https:\\\/\\\/gazeta.am\\\/#\\\/schema\\\/person\\\/987709955e760c9a1ebbb44776f8cccc\"},\"breadcrumb\":{\"@id\":\"https:\\\/\\\/gazeta.am\\\/?p=962#breadcrumb\"},\"inLanguage\":\"ru-RU\",\"potentialAction\":[{\"@type\":\"ReadAction\",\"target\":[\"https:\\\/\\\/gazeta.am\\\/?p=962\"]}]},{\"@type\":\"ImageObject\",\"inLanguage\":\"ru-RU\",\"@id\":\"https:\\\/\\\/gazeta.am\\\/?p=962#primaryimage\",\"url\":\"https:\\\/\\\/gazeta.am\\\/wp-content\\\/uploads\\\/2026\\\/03\\\/1a-23.jpg\",\"contentUrl\":\"https:\\\/\\\/gazeta.am\\\/wp-content\\\/uploads\\\/2026\\\/03\\\/1a-23.jpg\",\"width\":776,\"height\":548},{\"@type\":\"BreadcrumbList\",\"@id\":\"https:\\\/\\\/gazeta.am\\\/?p=962#breadcrumb\",\"itemListElement\":[{\"@type\":\"ListItem\",\"position\":1,\"name\":\"\u0413\u043b\u0430\u0432\u043d\u0430\u044f \u0441\u0442\u0440\u0430\u043d\u0438\u0446\u0430\",\"item\":\"https:\\\/\\\/gazeta.am\\\/\"},{\"@type\":\"ListItem\",\"position\":2,\"name\":\"\ud83d\ude31 \u00ab Apr\u00e8s 32 ans de mariage, la fille de mon mari est entr\u00e9e au fun\u00e9rail en blanc et a dit : \u2018Mon p\u00e8re n\u2019\u00e9tait pas celui qu\u2019il pr\u00e9tendait \u00eatre\u2019 \u00bb\"}]},{\"@type\":\"WebSite\",\"@id\":\"https:\\\/\\\/gazeta.am\\\/#website\",\"url\":\"https:\\\/\\\/gazeta.am\\\/\",\"name\":\"\",\"description\":\"\",\"potentialAction\":[{\"@type\":\"SearchAction\",\"target\":{\"@type\":\"EntryPoint\",\"urlTemplate\":\"https:\\\/\\\/gazeta.am\\\/?s={search_term_string}\"},\"query-input\":{\"@type\":\"PropertyValueSpecification\",\"valueRequired\":true,\"valueName\":\"search_term_string\"}}],\"inLanguage\":\"ru-RU\"},{\"@type\":\"Person\",\"@id\":\"https:\\\/\\\/gazeta.am\\\/#\\\/schema\\\/person\\\/987709955e760c9a1ebbb44776f8cccc\",\"name\":\"admin\",\"image\":{\"@type\":\"ImageObject\",\"inLanguage\":\"ru-RU\",\"@id\":\"https:\\\/\\\/secure.gravatar.com\\\/avatar\\\/a24f4ac3a683f3c87303db525abc00db51ea26ccedee11dfaf1cc0f9a481a5d2?s=96&d=mm&r=g\",\"url\":\"https:\\\/\\\/secure.gravatar.com\\\/avatar\\\/a24f4ac3a683f3c87303db525abc00db51ea26ccedee11dfaf1cc0f9a481a5d2?s=96&d=mm&r=g\",\"contentUrl\":\"https:\\\/\\\/secure.gravatar.com\\\/avatar\\\/a24f4ac3a683f3c87303db525abc00db51ea26ccedee11dfaf1cc0f9a481a5d2?s=96&d=mm&r=g\",\"caption\":\"admin\"},\"sameAs\":[\"http:\\\/\\\/gazeta.am\"],\"url\":\"https:\\\/\\\/gazeta.am\\\/?author=1\"}]}<\/script>\n<!-- \/ Yoast SEO plugin. -->","yoast_head_json":{"title":"\ud83d\ude31 \u00ab Apr\u00e8s 32 ans de mariage, la fille de mon mari est entr\u00e9e au fun\u00e9rail en blanc et a dit : \u2018Mon p\u00e8re n\u2019\u00e9tait pas celui qu\u2019il pr\u00e9tendait \u00eatre\u2019 \u00bb -","robots":{"index":"index","follow":"follow","max-snippet":"max-snippet:-1","max-image-preview":"max-image-preview:large","max-video-preview":"max-video-preview:-1"},"canonical":"https:\/\/gazeta.am\/?p=962","og_locale":"ru_RU","og_type":"article","og_title":"\ud83d\ude31 \u00ab Apr\u00e8s 32 ans de mariage, la fille de mon mari est entr\u00e9e au fun\u00e9rail en blanc et a dit : \u2018Mon p\u00e8re n\u2019\u00e9tait pas celui qu\u2019il pr\u00e9tendait \u00eatre\u2019 \u00bb -","og_description":"J\u2019ai rencontr\u00e9 Thomas il y a 34 ans, et d\u00e8s les premiers instants, tout semblait sortir d\u2019un film.Il \u00e9tait charmant, chaleureux, et avait","og_url":"https:\/\/gazeta.am\/?p=962","article_published_time":"2026-03-23T16:28:50+00:00","article_modified_time":"2026-03-23T16:28:51+00:00","og_image":[{"width":776,"height":548,"url":"https:\/\/gazeta.am\/wp-content\/uploads\/2026\/03\/1a-23.jpg","type":"image\/jpeg"}],"author":"admin","twitter_card":"summary_large_image","twitter_misc":{"\u041d\u0430\u043f\u0438\u0441\u0430\u043d\u043e \u0430\u0432\u0442\u043e\u0440\u043e\u043c":"admin","\u041f\u0440\u0438\u043c\u0435\u0440\u043d\u043e\u0435 \u0432\u0440\u0435\u043c\u044f \u0434\u043b\u044f \u0447\u0442\u0435\u043d\u0438\u044f":"4 \u043c\u0438\u043d\u0443\u0442\u044b"},"schema":{"@context":"https:\/\/schema.org","@graph":[{"@type":"Article","@id":"https:\/\/gazeta.am\/?p=962#article","isPartOf":{"@id":"https:\/\/gazeta.am\/?p=962"},"author":{"name":"admin","@id":"https:\/\/gazeta.am\/#\/schema\/person\/987709955e760c9a1ebbb44776f8cccc"},"headline":"\ud83d\ude31 \u00ab Apr\u00e8s 32 ans de mariage, la fille de mon mari est entr\u00e9e au fun\u00e9rail en blanc et a dit : \u2018Mon p\u00e8re n\u2019\u00e9tait pas celui qu\u2019il pr\u00e9tendait \u00eatre\u2019 \u00bb","datePublished":"2026-03-23T16:28:50+00:00","dateModified":"2026-03-23T16:28:51+00:00","mainEntityOfPage":{"@id":"https:\/\/gazeta.am\/?p=962"},"wordCount":687,"commentCount":0,"image":{"@id":"https:\/\/gazeta.am\/?p=962#primaryimage"},"thumbnailUrl":"https:\/\/gazeta.am\/wp-content\/uploads\/2026\/03\/1a-23.jpg","articleSection":["NEWS"],"inLanguage":"ru-RU","potentialAction":[{"@type":"CommentAction","name":"Comment","target":["https:\/\/gazeta.am\/?p=962#respond"]}]},{"@type":"WebPage","@id":"https:\/\/gazeta.am\/?p=962","url":"https:\/\/gazeta.am\/?p=962","name":"\ud83d\ude31 \u00ab Apr\u00e8s 32 ans de mariage, la fille de mon mari est entr\u00e9e au fun\u00e9rail en blanc et a dit : \u2018Mon p\u00e8re n\u2019\u00e9tait pas celui qu\u2019il pr\u00e9tendait \u00eatre\u2019 \u00bb -","isPartOf":{"@id":"https:\/\/gazeta.am\/#website"},"primaryImageOfPage":{"@id":"https:\/\/gazeta.am\/?p=962#primaryimage"},"image":{"@id":"https:\/\/gazeta.am\/?p=962#primaryimage"},"thumbnailUrl":"https:\/\/gazeta.am\/wp-content\/uploads\/2026\/03\/1a-23.jpg","datePublished":"2026-03-23T16:28:50+00:00","dateModified":"2026-03-23T16:28:51+00:00","author":{"@id":"https:\/\/gazeta.am\/#\/schema\/person\/987709955e760c9a1ebbb44776f8cccc"},"breadcrumb":{"@id":"https:\/\/gazeta.am\/?p=962#breadcrumb"},"inLanguage":"ru-RU","potentialAction":[{"@type":"ReadAction","target":["https:\/\/gazeta.am\/?p=962"]}]},{"@type":"ImageObject","inLanguage":"ru-RU","@id":"https:\/\/gazeta.am\/?p=962#primaryimage","url":"https:\/\/gazeta.am\/wp-content\/uploads\/2026\/03\/1a-23.jpg","contentUrl":"https:\/\/gazeta.am\/wp-content\/uploads\/2026\/03\/1a-23.jpg","width":776,"height":548},{"@type":"BreadcrumbList","@id":"https:\/\/gazeta.am\/?p=962#breadcrumb","itemListElement":[{"@type":"ListItem","position":1,"name":"\u0413\u043b\u0430\u0432\u043d\u0430\u044f \u0441\u0442\u0440\u0430\u043d\u0438\u0446\u0430","item":"https:\/\/gazeta.am\/"},{"@type":"ListItem","position":2,"name":"\ud83d\ude31 \u00ab Apr\u00e8s 32 ans de mariage, la fille de mon mari est entr\u00e9e au fun\u00e9rail en blanc et a dit : \u2018Mon p\u00e8re n\u2019\u00e9tait pas celui qu\u2019il pr\u00e9tendait \u00eatre\u2019 \u00bb"}]},{"@type":"WebSite","@id":"https:\/\/gazeta.am\/#website","url":"https:\/\/gazeta.am\/","name":"","description":"","potentialAction":[{"@type":"SearchAction","target":{"@type":"EntryPoint","urlTemplate":"https:\/\/gazeta.am\/?s={search_term_string}"},"query-input":{"@type":"PropertyValueSpecification","valueRequired":true,"valueName":"search_term_string"}}],"inLanguage":"ru-RU"},{"@type":"Person","@id":"https:\/\/gazeta.am\/#\/schema\/person\/987709955e760c9a1ebbb44776f8cccc","name":"admin","image":{"@type":"ImageObject","inLanguage":"ru-RU","@id":"https:\/\/secure.gravatar.com\/avatar\/a24f4ac3a683f3c87303db525abc00db51ea26ccedee11dfaf1cc0f9a481a5d2?s=96&d=mm&r=g","url":"https:\/\/secure.gravatar.com\/avatar\/a24f4ac3a683f3c87303db525abc00db51ea26ccedee11dfaf1cc0f9a481a5d2?s=96&d=mm&r=g","contentUrl":"https:\/\/secure.gravatar.com\/avatar\/a24f4ac3a683f3c87303db525abc00db51ea26ccedee11dfaf1cc0f9a481a5d2?s=96&d=mm&r=g","caption":"admin"},"sameAs":["http:\/\/gazeta.am"],"url":"https:\/\/gazeta.am\/?author=1"}]}},"_links":{"self":[{"href":"https:\/\/gazeta.am\/index.php?rest_route=\/wp\/v2\/posts\/962","targetHints":{"allow":["GET"]}}],"collection":[{"href":"https:\/\/gazeta.am\/index.php?rest_route=\/wp\/v2\/posts"}],"about":[{"href":"https:\/\/gazeta.am\/index.php?rest_route=\/wp\/v2\/types\/post"}],"author":[{"embeddable":true,"href":"https:\/\/gazeta.am\/index.php?rest_route=\/wp\/v2\/users\/1"}],"replies":[{"embeddable":true,"href":"https:\/\/gazeta.am\/index.php?rest_route=%2Fwp%2Fv2%2Fcomments&post=962"}],"version-history":[{"count":1,"href":"https:\/\/gazeta.am\/index.php?rest_route=\/wp\/v2\/posts\/962\/revisions"}],"predecessor-version":[{"id":964,"href":"https:\/\/gazeta.am\/index.php?rest_route=\/wp\/v2\/posts\/962\/revisions\/964"}],"wp:featuredmedia":[{"embeddable":true,"href":"https:\/\/gazeta.am\/index.php?rest_route=\/wp\/v2\/media\/963"}],"wp:attachment":[{"href":"https:\/\/gazeta.am\/index.php?rest_route=%2Fwp%2Fv2%2Fmedia&parent=962"}],"wp:term":[{"taxonomy":"category","embeddable":true,"href":"https:\/\/gazeta.am\/index.php?rest_route=%2Fwp%2Fv2%2Fcategories&post=962"},{"taxonomy":"post_tag","embeddable":true,"href":"https:\/\/gazeta.am\/index.php?rest_route=%2Fwp%2Fv2%2Ftags&post=962"}],"curies":[{"name":"wp","href":"https:\/\/api.w.org\/{rel}","templated":true}]}}