{"id":959,"date":"2026-03-23T19:21:07","date_gmt":"2026-03-23T16:21:07","guid":{"rendered":"https:\/\/gazeta.am\/?p=959"},"modified":"2026-03-23T19:21:08","modified_gmt":"2026-03-23T16:21:08","slug":"%f0%9f%98%b1-mon-fils-de-4-ans-a-pointe-du-doigt-mon-meilleur-ami-et-jai-compris-trop-tard","status":"publish","type":"post","link":"https:\/\/gazeta.am\/?p=959","title":{"rendered":"\ud83d\ude31 \u00ab Mon fils de 4 ans a point\u00e9 du doigt mon meilleur ami\u2026 et j\u2019ai compris trop tard \u00bb"},"content":{"rendered":"\n<p>Je n\u2019oublierai jamais ce moment.<br>Nous \u00e9tions dans notre jardin, entour\u00e9s de rires, de musique, de verres qui s\u2019entrechoquent. Mon mari f\u00eatait ses 40 ans, et tout le monde \u00e9tait l\u00e0 : ses parents, nos amis, notre famille\u2026 honn\u00eatement, trop de gens pour que je puisse tout g\u00e9rer.<\/p>\n\n\n\n<p>Moi, je courais partout, remplissant les verres, posant des assiettes de snacks, m\u2019assurant que les enfants aient juste assez de sucre pour rester heureux sans transformer la maison en champ de bataille.<\/p>\n\n\n\n<p>Et mon fils, Will, 4 ans, rampant sous les tables avec les autres enfants, riait aux \u00e9clats. Ses genoux \u00e9taient verts d\u2019herbe, ses mains sales comme si elles venaient de traverser un champ entier.<\/p>\n\n\n\n<p>\u00c0 un moment, j\u2019ai remarqu\u00e9 ses mains\u2026 pleines de terre.<br>Je l\u2019ai pris par la main pour l\u2019emmener \u00e0 l\u2019int\u00e9rieur. Je voulais qu\u2019il se lave avant que le g\u00e2teau n\u2019apparaisse. Mais une fois dans la salle de bain\u2026 il ne cessait de rire.<\/p>\n\n\n\n<p>\u2014 \u00ab Qu\u2019est-ce qui est si dr\u00f4le ? \u00bb ai-je demand\u00e9.<br>Il m\u2019a souri, ce sourire espi\u00e8gle que seuls les enfants savent avoir.<br>\u2014 \u00ab Tante Ellie a papa \u00bb, a-t-il dit.<\/p>\n\n\n\n<p>Ellie. Ma meilleure amie depuis l\u2019enfance. Celle avec qui j\u2019ai grandi, partag\u00e9 mes secrets, mes peines et mes fous rires. Comme une s\u0153ur.<\/p>\n\n\n\n<figure class=\"wp-block-image size-full\"><img loading=\"lazy\" decoding=\"async\" width=\"508\" height=\"536\" src=\"https:\/\/gazeta.am\/wp-content\/uploads\/2026\/03\/1a-22.jpg\" alt=\"\" class=\"wp-image-960\" srcset=\"https:\/\/gazeta.am\/wp-content\/uploads\/2026\/03\/1a-22.jpg 508w, https:\/\/gazeta.am\/wp-content\/uploads\/2026\/03\/1a-22-284x300.jpg 284w\" sizes=\"auto, (max-width: 508px) 100vw, 508px\" \/><\/figure>\n\n\n\n<p>J\u2019ai senti mon c\u0153ur s\u2019arr\u00eater.<\/p>\n\n\n\n<p>\u2014 \u00ab Tante Ellie ? \u00bb ai-je r\u00e9p\u00e9t\u00e9, ma voix tremblante.<br>Will hocha la t\u00eate, fier de lui.<br>\u2014 \u00ab Je l\u2019ai vue quand je jouais. \u00bb<\/p>\n\n\n\n<p>Mon estomac se noua.<br>\u2014 \u00ab Qu\u2019est-ce que tu as vu, Will ? \u00bb<br>\u2014 \u00ab Viens, je vais te montrer. \u00bb<\/p>\n\n\n\n<p>Avant que je puisse r\u00e9pondre, il me tira par la main et me ramena dehors.<\/p>\n\n\n\n<p>Le jardin \u00e9tait bruyant : discussions anim\u00e9es, musique dansante, rires, \u00e9clats de verre. Mais Will, lui, ne pr\u00eatait attention \u00e0 rien. Il pointa droit vers Ellie.<\/p>\n\n\n\n<p>\u2014 \u00ab Maman, l\u00e0 ! \u00bb dit-il fi\u00e8rement. \u00ab Papa est l\u00e0 ! \u00bb<\/p>\n\n\n\n<p>Ellie \u00e9clata de rire. Moi aussi. J\u2019ai cru que c\u2019\u00e9tait une blague.<br>Mais Will ne riait pas.<br>Il insistait.<br>Son doigt ne tremblait pas. Il ne jouait pas.<\/p>\n\n\n\n<p>Je suivis son geste. Et l\u00e0\u2026 mon corps se figea.<br>Pas son visage.<br>Plus bas.<\/p>\n\n\n\n<p>Le choc me paralysa. Chaque battement de c\u0153ur semblait retentir dans mes tempes.<br>\u2014 \u00ab Ellie\u2026 \u00bb ai-je murmur\u00e9, tentant un sourire forc\u00e9. \u00ab Tu peux venir \u00e0 l\u2019int\u00e9rieur une seconde ? \u00bb<\/p>\n\n\n\n<p>Elle me suivit, intrigu\u00e9e. Son rire s\u2019\u00e9teignit doucement, remplac\u00e9 par la confusion.<br>Et l\u00e0, au milieu de notre salon, les v\u00e9rit\u00e9s que je n\u2019avais jamais imagin\u00e9es commenc\u00e8rent \u00e0 se r\u00e9v\u00e9ler\u2026<\/p>\n","protected":false},"excerpt":{"rendered":"Je n\u2019oublierai jamais ce moment.Nous \u00e9tions dans notre jardin, entour\u00e9s de rires, de musique, de verres qui s\u2019entrechoquent. Mon mari f\u00eatait ses 40 \n<a class=\"moretag\" href=\"https:\/\/gazeta.am\/?p=959\"> [...]<\/a>","protected":false},"author":1,"featured_media":960,"comment_status":"open","ping_status":"open","sticky":false,"template":"","format":"standard","meta":{"footnotes":""},"categories":[1],"tags":[],"class_list":["post-959","post","type-post","status-publish","format-standard","has-post-thumbnail","hentry","category-1"],"yoast_head":"<!-- This site is optimized with the Yoast SEO plugin v27.4 - https:\/\/yoast.com\/product\/yoast-seo-wordpress\/ -->\n<title>\ud83d\ude31 \u00ab Mon fils de 4 ans a point\u00e9 du doigt mon meilleur ami\u2026 et j\u2019ai compris trop tard \u00bb -<\/title>\n<meta name=\"robots\" content=\"index, follow, max-snippet:-1, max-image-preview:large, max-video-preview:-1\" \/>\n<link rel=\"canonical\" href=\"https:\/\/gazeta.am\/?p=959\" \/>\n<meta property=\"og:locale\" content=\"ru_RU\" \/>\n<meta property=\"og:type\" content=\"article\" \/>\n<meta property=\"og:title\" content=\"\ud83d\ude31 \u00ab Mon fils de 4 ans a point\u00e9 du doigt mon meilleur ami\u2026 et j\u2019ai compris trop tard \u00bb -\" \/>\n<meta property=\"og:description\" content=\"Je n\u2019oublierai jamais ce moment.Nous \u00e9tions dans notre jardin, entour\u00e9s de rires, de musique, de verres qui s\u2019entrechoquent. Mon mari f\u00eatait ses 40\" \/>\n<meta property=\"og:url\" content=\"https:\/\/gazeta.am\/?p=959\" \/>\n<meta property=\"article:published_time\" content=\"2026-03-23T16:21:07+00:00\" \/>\n<meta property=\"article:modified_time\" content=\"2026-03-23T16:21:08+00:00\" \/>\n<meta property=\"og:image\" content=\"https:\/\/gazeta.am\/wp-content\/uploads\/2026\/03\/1a-22.jpg\" \/>\n\t<meta property=\"og:image:width\" content=\"508\" \/>\n\t<meta property=\"og:image:height\" content=\"536\" \/>\n\t<meta property=\"og:image:type\" content=\"image\/jpeg\" \/>\n<meta name=\"author\" content=\"admin\" \/>\n<meta name=\"twitter:card\" content=\"summary_large_image\" \/>\n<meta name=\"twitter:label1\" content=\"\u041d\u0430\u043f\u0438\u0441\u0430\u043d\u043e \u0430\u0432\u0442\u043e\u0440\u043e\u043c\" \/>\n\t<meta name=\"twitter:data1\" content=\"admin\" \/>\n\t<meta name=\"twitter:label2\" content=\"\u041f\u0440\u0438\u043c\u0435\u0440\u043d\u043e\u0435 \u0432\u0440\u0435\u043c\u044f \u0434\u043b\u044f \u0447\u0442\u0435\u043d\u0438\u044f\" \/>\n\t<meta name=\"twitter:data2\" content=\"3 \u043c\u0438\u043d\u0443\u0442\u044b\" \/>\n<script type=\"application\/ld+json\" class=\"yoast-schema-graph\">{\"@context\":\"https:\\\/\\\/schema.org\",\"@graph\":[{\"@type\":\"Article\",\"@id\":\"https:\\\/\\\/gazeta.am\\\/?p=959#article\",\"isPartOf\":{\"@id\":\"https:\\\/\\\/gazeta.am\\\/?p=959\"},\"author\":{\"name\":\"admin\",\"@id\":\"https:\\\/\\\/gazeta.am\\\/#\\\/schema\\\/person\\\/987709955e760c9a1ebbb44776f8cccc\"},\"headline\":\"\ud83d\ude31 \u00ab Mon fils de 4 ans a point\u00e9 du doigt mon meilleur ami\u2026 et j\u2019ai compris trop tard \u00bb\",\"datePublished\":\"2026-03-23T16:21:07+00:00\",\"dateModified\":\"2026-03-23T16:21:08+00:00\",\"mainEntityOfPage\":{\"@id\":\"https:\\\/\\\/gazeta.am\\\/?p=959\"},\"wordCount\":451,\"commentCount\":0,\"image\":{\"@id\":\"https:\\\/\\\/gazeta.am\\\/?p=959#primaryimage\"},\"thumbnailUrl\":\"https:\\\/\\\/gazeta.am\\\/wp-content\\\/uploads\\\/2026\\\/03\\\/1a-22.jpg\",\"articleSection\":[\"NEWS\"],\"inLanguage\":\"ru-RU\",\"potentialAction\":[{\"@type\":\"CommentAction\",\"name\":\"Comment\",\"target\":[\"https:\\\/\\\/gazeta.am\\\/?p=959#respond\"]}]},{\"@type\":\"WebPage\",\"@id\":\"https:\\\/\\\/gazeta.am\\\/?p=959\",\"url\":\"https:\\\/\\\/gazeta.am\\\/?p=959\",\"name\":\"\ud83d\ude31 \u00ab Mon fils de 4 ans a point\u00e9 du doigt mon meilleur ami\u2026 et j\u2019ai compris trop tard \u00bb -\",\"isPartOf\":{\"@id\":\"https:\\\/\\\/gazeta.am\\\/#website\"},\"primaryImageOfPage\":{\"@id\":\"https:\\\/\\\/gazeta.am\\\/?p=959#primaryimage\"},\"image\":{\"@id\":\"https:\\\/\\\/gazeta.am\\\/?p=959#primaryimage\"},\"thumbnailUrl\":\"https:\\\/\\\/gazeta.am\\\/wp-content\\\/uploads\\\/2026\\\/03\\\/1a-22.jpg\",\"datePublished\":\"2026-03-23T16:21:07+00:00\",\"dateModified\":\"2026-03-23T16:21:08+00:00\",\"author\":{\"@id\":\"https:\\\/\\\/gazeta.am\\\/#\\\/schema\\\/person\\\/987709955e760c9a1ebbb44776f8cccc\"},\"breadcrumb\":{\"@id\":\"https:\\\/\\\/gazeta.am\\\/?p=959#breadcrumb\"},\"inLanguage\":\"ru-RU\",\"potentialAction\":[{\"@type\":\"ReadAction\",\"target\":[\"https:\\\/\\\/gazeta.am\\\/?p=959\"]}]},{\"@type\":\"ImageObject\",\"inLanguage\":\"ru-RU\",\"@id\":\"https:\\\/\\\/gazeta.am\\\/?p=959#primaryimage\",\"url\":\"https:\\\/\\\/gazeta.am\\\/wp-content\\\/uploads\\\/2026\\\/03\\\/1a-22.jpg\",\"contentUrl\":\"https:\\\/\\\/gazeta.am\\\/wp-content\\\/uploads\\\/2026\\\/03\\\/1a-22.jpg\",\"width\":508,\"height\":536},{\"@type\":\"BreadcrumbList\",\"@id\":\"https:\\\/\\\/gazeta.am\\\/?p=959#breadcrumb\",\"itemListElement\":[{\"@type\":\"ListItem\",\"position\":1,\"name\":\"\u0413\u043b\u0430\u0432\u043d\u0430\u044f \u0441\u0442\u0440\u0430\u043d\u0438\u0446\u0430\",\"item\":\"https:\\\/\\\/gazeta.am\\\/\"},{\"@type\":\"ListItem\",\"position\":2,\"name\":\"\ud83d\ude31 \u00ab Mon fils de 4 ans a point\u00e9 du doigt mon meilleur ami\u2026 et j\u2019ai compris trop tard \u00bb\"}]},{\"@type\":\"WebSite\",\"@id\":\"https:\\\/\\\/gazeta.am\\\/#website\",\"url\":\"https:\\\/\\\/gazeta.am\\\/\",\"name\":\"\",\"description\":\"\",\"potentialAction\":[{\"@type\":\"SearchAction\",\"target\":{\"@type\":\"EntryPoint\",\"urlTemplate\":\"https:\\\/\\\/gazeta.am\\\/?s={search_term_string}\"},\"query-input\":{\"@type\":\"PropertyValueSpecification\",\"valueRequired\":true,\"valueName\":\"search_term_string\"}}],\"inLanguage\":\"ru-RU\"},{\"@type\":\"Person\",\"@id\":\"https:\\\/\\\/gazeta.am\\\/#\\\/schema\\\/person\\\/987709955e760c9a1ebbb44776f8cccc\",\"name\":\"admin\",\"image\":{\"@type\":\"ImageObject\",\"inLanguage\":\"ru-RU\",\"@id\":\"https:\\\/\\\/secure.gravatar.com\\\/avatar\\\/a24f4ac3a683f3c87303db525abc00db51ea26ccedee11dfaf1cc0f9a481a5d2?s=96&d=mm&r=g\",\"url\":\"https:\\\/\\\/secure.gravatar.com\\\/avatar\\\/a24f4ac3a683f3c87303db525abc00db51ea26ccedee11dfaf1cc0f9a481a5d2?s=96&d=mm&r=g\",\"contentUrl\":\"https:\\\/\\\/secure.gravatar.com\\\/avatar\\\/a24f4ac3a683f3c87303db525abc00db51ea26ccedee11dfaf1cc0f9a481a5d2?s=96&d=mm&r=g\",\"caption\":\"admin\"},\"sameAs\":[\"http:\\\/\\\/gazeta.am\"],\"url\":\"https:\\\/\\\/gazeta.am\\\/?author=1\"}]}<\/script>\n<!-- \/ Yoast SEO plugin. -->","yoast_head_json":{"title":"\ud83d\ude31 \u00ab Mon fils de 4 ans a point\u00e9 du doigt mon meilleur ami\u2026 et j\u2019ai compris trop tard \u00bb -","robots":{"index":"index","follow":"follow","max-snippet":"max-snippet:-1","max-image-preview":"max-image-preview:large","max-video-preview":"max-video-preview:-1"},"canonical":"https:\/\/gazeta.am\/?p=959","og_locale":"ru_RU","og_type":"article","og_title":"\ud83d\ude31 \u00ab Mon fils de 4 ans a point\u00e9 du doigt mon meilleur ami\u2026 et j\u2019ai compris trop tard \u00bb -","og_description":"Je n\u2019oublierai jamais ce moment.Nous \u00e9tions dans notre jardin, entour\u00e9s de rires, de musique, de verres qui s\u2019entrechoquent. Mon mari f\u00eatait ses 40","og_url":"https:\/\/gazeta.am\/?p=959","article_published_time":"2026-03-23T16:21:07+00:00","article_modified_time":"2026-03-23T16:21:08+00:00","og_image":[{"width":508,"height":536,"url":"https:\/\/gazeta.am\/wp-content\/uploads\/2026\/03\/1a-22.jpg","type":"image\/jpeg"}],"author":"admin","twitter_card":"summary_large_image","twitter_misc":{"\u041d\u0430\u043f\u0438\u0441\u0430\u043d\u043e \u0430\u0432\u0442\u043e\u0440\u043e\u043c":"admin","\u041f\u0440\u0438\u043c\u0435\u0440\u043d\u043e\u0435 \u0432\u0440\u0435\u043c\u044f \u0434\u043b\u044f \u0447\u0442\u0435\u043d\u0438\u044f":"3 \u043c\u0438\u043d\u0443\u0442\u044b"},"schema":{"@context":"https:\/\/schema.org","@graph":[{"@type":"Article","@id":"https:\/\/gazeta.am\/?p=959#article","isPartOf":{"@id":"https:\/\/gazeta.am\/?p=959"},"author":{"name":"admin","@id":"https:\/\/gazeta.am\/#\/schema\/person\/987709955e760c9a1ebbb44776f8cccc"},"headline":"\ud83d\ude31 \u00ab Mon fils de 4 ans a point\u00e9 du doigt mon meilleur ami\u2026 et j\u2019ai compris trop tard \u00bb","datePublished":"2026-03-23T16:21:07+00:00","dateModified":"2026-03-23T16:21:08+00:00","mainEntityOfPage":{"@id":"https:\/\/gazeta.am\/?p=959"},"wordCount":451,"commentCount":0,"image":{"@id":"https:\/\/gazeta.am\/?p=959#primaryimage"},"thumbnailUrl":"https:\/\/gazeta.am\/wp-content\/uploads\/2026\/03\/1a-22.jpg","articleSection":["NEWS"],"inLanguage":"ru-RU","potentialAction":[{"@type":"CommentAction","name":"Comment","target":["https:\/\/gazeta.am\/?p=959#respond"]}]},{"@type":"WebPage","@id":"https:\/\/gazeta.am\/?p=959","url":"https:\/\/gazeta.am\/?p=959","name":"\ud83d\ude31 \u00ab Mon fils de 4 ans a point\u00e9 du doigt mon meilleur ami\u2026 et j\u2019ai compris trop tard \u00bb -","isPartOf":{"@id":"https:\/\/gazeta.am\/#website"},"primaryImageOfPage":{"@id":"https:\/\/gazeta.am\/?p=959#primaryimage"},"image":{"@id":"https:\/\/gazeta.am\/?p=959#primaryimage"},"thumbnailUrl":"https:\/\/gazeta.am\/wp-content\/uploads\/2026\/03\/1a-22.jpg","datePublished":"2026-03-23T16:21:07+00:00","dateModified":"2026-03-23T16:21:08+00:00","author":{"@id":"https:\/\/gazeta.am\/#\/schema\/person\/987709955e760c9a1ebbb44776f8cccc"},"breadcrumb":{"@id":"https:\/\/gazeta.am\/?p=959#breadcrumb"},"inLanguage":"ru-RU","potentialAction":[{"@type":"ReadAction","target":["https:\/\/gazeta.am\/?p=959"]}]},{"@type":"ImageObject","inLanguage":"ru-RU","@id":"https:\/\/gazeta.am\/?p=959#primaryimage","url":"https:\/\/gazeta.am\/wp-content\/uploads\/2026\/03\/1a-22.jpg","contentUrl":"https:\/\/gazeta.am\/wp-content\/uploads\/2026\/03\/1a-22.jpg","width":508,"height":536},{"@type":"BreadcrumbList","@id":"https:\/\/gazeta.am\/?p=959#breadcrumb","itemListElement":[{"@type":"ListItem","position":1,"name":"\u0413\u043b\u0430\u0432\u043d\u0430\u044f \u0441\u0442\u0440\u0430\u043d\u0438\u0446\u0430","item":"https:\/\/gazeta.am\/"},{"@type":"ListItem","position":2,"name":"\ud83d\ude31 \u00ab Mon fils de 4 ans a point\u00e9 du doigt mon meilleur ami\u2026 et j\u2019ai compris trop tard \u00bb"}]},{"@type":"WebSite","@id":"https:\/\/gazeta.am\/#website","url":"https:\/\/gazeta.am\/","name":"","description":"","potentialAction":[{"@type":"SearchAction","target":{"@type":"EntryPoint","urlTemplate":"https:\/\/gazeta.am\/?s={search_term_string}"},"query-input":{"@type":"PropertyValueSpecification","valueRequired":true,"valueName":"search_term_string"}}],"inLanguage":"ru-RU"},{"@type":"Person","@id":"https:\/\/gazeta.am\/#\/schema\/person\/987709955e760c9a1ebbb44776f8cccc","name":"admin","image":{"@type":"ImageObject","inLanguage":"ru-RU","@id":"https:\/\/secure.gravatar.com\/avatar\/a24f4ac3a683f3c87303db525abc00db51ea26ccedee11dfaf1cc0f9a481a5d2?s=96&d=mm&r=g","url":"https:\/\/secure.gravatar.com\/avatar\/a24f4ac3a683f3c87303db525abc00db51ea26ccedee11dfaf1cc0f9a481a5d2?s=96&d=mm&r=g","contentUrl":"https:\/\/secure.gravatar.com\/avatar\/a24f4ac3a683f3c87303db525abc00db51ea26ccedee11dfaf1cc0f9a481a5d2?s=96&d=mm&r=g","caption":"admin"},"sameAs":["http:\/\/gazeta.am"],"url":"https:\/\/gazeta.am\/?author=1"}]}},"_links":{"self":[{"href":"https:\/\/gazeta.am\/index.php?rest_route=\/wp\/v2\/posts\/959","targetHints":{"allow":["GET"]}}],"collection":[{"href":"https:\/\/gazeta.am\/index.php?rest_route=\/wp\/v2\/posts"}],"about":[{"href":"https:\/\/gazeta.am\/index.php?rest_route=\/wp\/v2\/types\/post"}],"author":[{"embeddable":true,"href":"https:\/\/gazeta.am\/index.php?rest_route=\/wp\/v2\/users\/1"}],"replies":[{"embeddable":true,"href":"https:\/\/gazeta.am\/index.php?rest_route=%2Fwp%2Fv2%2Fcomments&post=959"}],"version-history":[{"count":1,"href":"https:\/\/gazeta.am\/index.php?rest_route=\/wp\/v2\/posts\/959\/revisions"}],"predecessor-version":[{"id":961,"href":"https:\/\/gazeta.am\/index.php?rest_route=\/wp\/v2\/posts\/959\/revisions\/961"}],"wp:featuredmedia":[{"embeddable":true,"href":"https:\/\/gazeta.am\/index.php?rest_route=\/wp\/v2\/media\/960"}],"wp:attachment":[{"href":"https:\/\/gazeta.am\/index.php?rest_route=%2Fwp%2Fv2%2Fmedia&parent=959"}],"wp:term":[{"taxonomy":"category","embeddable":true,"href":"https:\/\/gazeta.am\/index.php?rest_route=%2Fwp%2Fv2%2Fcategories&post=959"},{"taxonomy":"post_tag","embeddable":true,"href":"https:\/\/gazeta.am\/index.php?rest_route=%2Fwp%2Fv2%2Ftags&post=959"}],"curies":[{"name":"wp","href":"https:\/\/api.w.org\/{rel}","templated":true}]}}