{"id":956,"date":"2026-03-23T19:17:11","date_gmt":"2026-03-23T16:17:11","guid":{"rendered":"https:\/\/gazeta.am\/?p=956"},"modified":"2026-03-23T19:17:13","modified_gmt":"2026-03-23T16:17:13","slug":"la-veille-de-mon-deuxieme-mariage-je-suis-alle-sur-la-tombe-de-mon-ex-femme-ce-que-jy-ai-vu-a-change-ma-vie-a-jamais","status":"publish","type":"post","link":"https:\/\/gazeta.am\/?p=956","title":{"rendered":"La Veille de Mon Deuxi\u00e8me Mariage, Je Suis All\u00e9 sur la Tombe de Mon Ex-Femme\u2026 Ce Que J\u2019y Ai Vu a Chang\u00e9 Ma Vie \u00e0 Jamais"},"content":{"rendered":"\n<p>La pluie tombait depuis des heures.<br>Le cimeti\u00e8re, envelopp\u00e9 de brouillard, semblait irr\u00e9el.<br>Les vieilles lampes projetaient une lumi\u00e8re terne et diffuse sur les all\u00e9es sinueuses.<br>Dans mes mains, je tenais un bouquet de roses rouges profondes\u2014ses pr\u00e9f\u00e9r\u00e9es.<\/p>\n\n\n\n<p>Cela faisait des ann\u00e9es que je ne lui avais pas apport\u00e9 de fleurs.<br>Je me disais que cette visite serait simple :<br>\u2014 ramasser les feuilles tomb\u00e9es,<br>\u2014 d\u00e9poser les fleurs,<br>\u2014 murmurer un dernier adieu.<\/p>\n\n\n\n<p>Je ne m\u2019\u00e9tais jamais imagin\u00e9 que ce moment allait bouleverser le cours de ma vie.<\/p>\n\n\n\n<p>Je me suis agenouill\u00e9 devant la pierre tombale, \u00e9cartant les feuilles humides, et j\u2019ai doucement caress\u00e9 les lettres grav\u00e9es de son nom : <strong>Anna<\/strong>.<br>Demain, je serai sous les projecteurs, pr\u00eat \u00e0 prononcer mes v\u0153ux \u00e0 une autre femme.<br>Ce soir, je devais dire adieu \u00e0 celle qui m\u2019avait montr\u00e9 ce que signifiaient vraiment ces v\u0153ux.<\/p>\n\n\n\n<p>\u2014 \u00ab Demain, je me marie\u2026 j\u2019esp\u00e8re que tu comprendras \u00bb, ai-je murmur\u00e9 dans la pluie.<\/p>\n\n\n\n<figure class=\"wp-block-image size-full\"><img loading=\"lazy\" decoding=\"async\" width=\"563\" height=\"580\" src=\"https:\/\/gazeta.am\/wp-content\/uploads\/2026\/03\/1a-21.jpg\" alt=\"\" class=\"wp-image-957\" srcset=\"https:\/\/gazeta.am\/wp-content\/uploads\/2026\/03\/1a-21.jpg 563w, https:\/\/gazeta.am\/wp-content\/uploads\/2026\/03\/1a-21-291x300.jpg 291w\" sizes=\"auto, (max-width: 563px) 100vw, 563px\" \/><\/figure>\n\n\n\n<p>Le vent s\u2019est tu.<br>Le monde semblait suspendu.<br>Puis je l\u2019ai senti\u2014un contact doux et irr\u00e9futable sur mon \u00e9paule.<br>Mon corps s\u2019est fig\u00e9. Mon c\u0153ur a tambourin\u00e9 dans ma poitrine.<\/p>\n\n\n\n<p>Quand j\u2019ai enfin tourn\u00e9 la t\u00eate\u2026<br>Elle \u00e9tait l\u00e0.<br>Pas comme \u00e0 la fin, fragile et sur le point de dispara\u00eetre.<br>Mais exactement comme le jour de notre mariage.<\/p>\n\n\n\n<p>Ses cheveux tombaient librement autour de son visage,<br>Ses yeux brillaient d\u2019une lumi\u00e8re que je croyais \u00e9teinte depuis longtemps,<br>Un sourire tendre \u00e9clairait ses l\u00e8vres.<br>Elle semblait presque irradier \u00e0 travers le brouillard.<\/p>\n\n\n\n<p>Je n\u2019arrivais ni \u00e0 parler ni \u00e0 respirer.<\/p>\n\n\n\n<p>\u2014 \u00ab N\u2019aie pas peur \u00bb, dit-elle, sa voix douce comme un souvenir devenu vivant.<br>\u2014 \u00ab Je ne suis pas venue te hanter. \u00bb<\/p>\n\n\n\n<p>Mes mains tremblaient.<br>\u2014 \u00ab Anna\u2026 je\u2026 je suis d\u00e9sol\u00e9\u2026 je ne savais pas\u2026 \u00bb<br>\u2014 \u00ab Je sais \u00bb, r\u00e9pondit-elle avec douceur.<br>\u2014 \u00ab C\u2019est pour \u00e7a que je suis l\u00e0. \u00bb<\/p>\n\n\n\n<p>Je me suis senti tomber dans un vertige de souvenirs.<br>Chaque rire, chaque \u00e9treinte, chaque promesse que nous avions faite\u2026 tout \u00e9tait l\u00e0, vibrant autour de moi.<\/p>\n\n\n\n<p>\u2014 \u00ab Pourquoi maintenant ? \u00bb ai-je chuchot\u00e9.<br>\u2014 \u00ab Pourquoi ici, pourquoi avant demain ? \u00bb<\/p>\n\n\n\n<p>Elle a inclin\u00e9 la t\u00eate et a souri, un sourire charg\u00e9 de secrets et de paix :<br>\u2014 \u00ab Parce qu\u2019il est temps que tu saches la v\u00e9rit\u00e9\u2026 avant de tourner la page. \u00bb<\/p>\n\n\n\n<p>Le ciel s\u2019est \u00e9clairci un instant, et dans cette lumi\u00e8re fragile, elle m\u2019a r\u00e9v\u00e9l\u00e9 quelque chose que je n\u2019avais jamais os\u00e9 imaginer.<br>Un secret que je croyais enterr\u00e9 avec elle, un choix que j\u2019avais pens\u00e9 \u00eatre le mien seul, et qui allait changer ma vie \u00e0 jamais.<\/p>\n\n\n\n<p>\u2014 \u00ab Tu crois que je t\u2019ai quitt\u00e9 parce que je suis partie\u2026 \u00bb murmura-t-elle.<br>\u2014 \u00ab Mais la v\u00e9rit\u00e9\u2026 \u00bb Ses mots dansaient sur l\u2019air humide.<br>\u2014 \u00ab \u2026 C\u2019est que j\u2019ai toujours veill\u00e9 sur toi, m\u00eame quand tu pensais que j\u2019\u00e9tais partie. \u00bb<\/p>\n\n\n\n<p>Mon souffle s\u2019est arr\u00eat\u00e9.<br>Chaque battement de mon c\u0153ur r\u00e9sonnait dans le silence du cimeti\u00e8re.<br>La pluie avait cess\u00e9, mais je sentais encore les gouttes sur mes joues.<br>Les roses entre mes mains semblaient br\u00fbler de leur propre feu.<\/p>\n\n\n\n<p>\u2014 \u00ab Anna\u2026 \u00bb J\u2019ai murmur\u00e9 son nom, mes l\u00e8vres incapables de dire tout ce que je ressentais.<br>\u2014 \u00ab Oui\u2026 \u00bb a-t-elle r\u00e9pondu.<br>\u2014 \u00ab Je devais te dire\u2026 avant que tu ne prononces tes v\u0153ux demain\u2026 \u00bb<\/p>\n\n\n\n<p>Je n\u2019avais jamais cru aux miracles.<br>Mais l\u00e0, sous le brouillard et la pluie, je r\u00e9alisais que certains miracles ne viennent pas du ciel.<br>Ils viennent du c\u0153ur des gens que nous avons aim\u00e9s\u2026 et jamais vraiment perdus.<\/p>\n\n\n\n<p>Et alors, elle s\u2019est approch\u00e9e, a pos\u00e9 sa main sur la mienne, et dans ce geste simple\u2026<br>Tout ce que j\u2019avais cru oubli\u00e9 est revenu.<br>La douleur, la joie, la perte, l\u2019amour.<br>Tout \u00e0 la fois.<\/p>\n\n\n\n<p>\u2014 \u00ab Tu dois faire un choix \u00bb, dit-elle enfin.<br>\u2014 \u00ab Demain, tu as une autre vie devant toi. Mais avant\u2026 avant de continuer, il y a une chose que tu dois savoir. \u00bb<\/p>\n\n\n\n<p>Mon c\u0153ur s\u2019est serr\u00e9.<br>Ma vie allait changer d\u2019une mani\u00e8re que je n\u2019avais jamais imagin\u00e9e.<br>Et tout cela\u2026<br>Tout cela avait commenc\u00e9 avec un simple bouquet de roses rouges.<\/p>\n","protected":false},"excerpt":{"rendered":"La pluie tombait depuis des heures.Le cimeti\u00e8re, envelopp\u00e9 de brouillard, semblait irr\u00e9el.Les vieilles lampes projetaient une lumi\u00e8re terne et diffuse sur les all\u00e9es \n<a class=\"moretag\" href=\"https:\/\/gazeta.am\/?p=956\"> [...]<\/a>","protected":false},"author":1,"featured_media":957,"comment_status":"open","ping_status":"open","sticky":false,"template":"","format":"standard","meta":{"footnotes":""},"categories":[1],"tags":[],"class_list":["post-956","post","type-post","status-publish","format-standard","has-post-thumbnail","hentry","category-1"],"yoast_head":"<!-- This site is optimized with the Yoast SEO plugin v27.4 - https:\/\/yoast.com\/product\/yoast-seo-wordpress\/ -->\n<title>La Veille de Mon Deuxi\u00e8me Mariage, Je Suis All\u00e9 sur la Tombe de Mon Ex-Femme\u2026 Ce Que J\u2019y Ai Vu a Chang\u00e9 Ma Vie \u00e0 Jamais -<\/title>\n<meta name=\"robots\" content=\"index, follow, max-snippet:-1, max-image-preview:large, max-video-preview:-1\" \/>\n<link rel=\"canonical\" href=\"https:\/\/gazeta.am\/?p=956\" \/>\n<meta property=\"og:locale\" content=\"ru_RU\" \/>\n<meta property=\"og:type\" content=\"article\" \/>\n<meta property=\"og:title\" content=\"La Veille de Mon Deuxi\u00e8me Mariage, Je Suis All\u00e9 sur la Tombe de Mon Ex-Femme\u2026 Ce Que J\u2019y Ai Vu a Chang\u00e9 Ma Vie \u00e0 Jamais -\" \/>\n<meta property=\"og:description\" content=\"La pluie tombait depuis des heures.Le cimeti\u00e8re, envelopp\u00e9 de brouillard, semblait irr\u00e9el.Les vieilles lampes projetaient une lumi\u00e8re terne et diffuse sur les all\u00e9es\" \/>\n<meta property=\"og:url\" content=\"https:\/\/gazeta.am\/?p=956\" \/>\n<meta property=\"article:published_time\" content=\"2026-03-23T16:17:11+00:00\" \/>\n<meta property=\"article:modified_time\" content=\"2026-03-23T16:17:13+00:00\" \/>\n<meta property=\"og:image\" content=\"https:\/\/gazeta.am\/wp-content\/uploads\/2026\/03\/1a-21.jpg\" \/>\n\t<meta property=\"og:image:width\" content=\"563\" \/>\n\t<meta property=\"og:image:height\" content=\"580\" \/>\n\t<meta property=\"og:image:type\" content=\"image\/jpeg\" \/>\n<meta name=\"author\" content=\"admin\" \/>\n<meta name=\"twitter:card\" content=\"summary_large_image\" \/>\n<meta name=\"twitter:label1\" content=\"\u041d\u0430\u043f\u0438\u0441\u0430\u043d\u043e \u0430\u0432\u0442\u043e\u0440\u043e\u043c\" \/>\n\t<meta name=\"twitter:data1\" content=\"admin\" \/>\n\t<meta name=\"twitter:label2\" content=\"\u041f\u0440\u0438\u043c\u0435\u0440\u043d\u043e\u0435 \u0432\u0440\u0435\u043c\u044f \u0434\u043b\u044f \u0447\u0442\u0435\u043d\u0438\u044f\" \/>\n\t<meta name=\"twitter:data2\" content=\"4 \u043c\u0438\u043d\u0443\u0442\u044b\" \/>\n<script type=\"application\/ld+json\" class=\"yoast-schema-graph\">{\"@context\":\"https:\\\/\\\/schema.org\",\"@graph\":[{\"@type\":\"Article\",\"@id\":\"https:\\\/\\\/gazeta.am\\\/?p=956#article\",\"isPartOf\":{\"@id\":\"https:\\\/\\\/gazeta.am\\\/?p=956\"},\"author\":{\"name\":\"admin\",\"@id\":\"https:\\\/\\\/gazeta.am\\\/#\\\/schema\\\/person\\\/987709955e760c9a1ebbb44776f8cccc\"},\"headline\":\"La Veille de Mon Deuxi\u00e8me Mariage, Je Suis All\u00e9 sur la Tombe de Mon Ex-Femme\u2026 Ce Que J\u2019y Ai Vu a Chang\u00e9 Ma Vie \u00e0 Jamais\",\"datePublished\":\"2026-03-23T16:17:11+00:00\",\"dateModified\":\"2026-03-23T16:17:13+00:00\",\"mainEntityOfPage\":{\"@id\":\"https:\\\/\\\/gazeta.am\\\/?p=956\"},\"wordCount\":741,\"commentCount\":0,\"image\":{\"@id\":\"https:\\\/\\\/gazeta.am\\\/?p=956#primaryimage\"},\"thumbnailUrl\":\"https:\\\/\\\/gazeta.am\\\/wp-content\\\/uploads\\\/2026\\\/03\\\/1a-21.jpg\",\"articleSection\":[\"NEWS\"],\"inLanguage\":\"ru-RU\",\"potentialAction\":[{\"@type\":\"CommentAction\",\"name\":\"Comment\",\"target\":[\"https:\\\/\\\/gazeta.am\\\/?p=956#respond\"]}]},{\"@type\":\"WebPage\",\"@id\":\"https:\\\/\\\/gazeta.am\\\/?p=956\",\"url\":\"https:\\\/\\\/gazeta.am\\\/?p=956\",\"name\":\"La Veille de Mon Deuxi\u00e8me Mariage, Je Suis All\u00e9 sur la Tombe de Mon Ex-Femme\u2026 Ce Que J\u2019y Ai Vu a Chang\u00e9 Ma Vie \u00e0 Jamais -\",\"isPartOf\":{\"@id\":\"https:\\\/\\\/gazeta.am\\\/#website\"},\"primaryImageOfPage\":{\"@id\":\"https:\\\/\\\/gazeta.am\\\/?p=956#primaryimage\"},\"image\":{\"@id\":\"https:\\\/\\\/gazeta.am\\\/?p=956#primaryimage\"},\"thumbnailUrl\":\"https:\\\/\\\/gazeta.am\\\/wp-content\\\/uploads\\\/2026\\\/03\\\/1a-21.jpg\",\"datePublished\":\"2026-03-23T16:17:11+00:00\",\"dateModified\":\"2026-03-23T16:17:13+00:00\",\"author\":{\"@id\":\"https:\\\/\\\/gazeta.am\\\/#\\\/schema\\\/person\\\/987709955e760c9a1ebbb44776f8cccc\"},\"breadcrumb\":{\"@id\":\"https:\\\/\\\/gazeta.am\\\/?p=956#breadcrumb\"},\"inLanguage\":\"ru-RU\",\"potentialAction\":[{\"@type\":\"ReadAction\",\"target\":[\"https:\\\/\\\/gazeta.am\\\/?p=956\"]}]},{\"@type\":\"ImageObject\",\"inLanguage\":\"ru-RU\",\"@id\":\"https:\\\/\\\/gazeta.am\\\/?p=956#primaryimage\",\"url\":\"https:\\\/\\\/gazeta.am\\\/wp-content\\\/uploads\\\/2026\\\/03\\\/1a-21.jpg\",\"contentUrl\":\"https:\\\/\\\/gazeta.am\\\/wp-content\\\/uploads\\\/2026\\\/03\\\/1a-21.jpg\",\"width\":563,\"height\":580},{\"@type\":\"BreadcrumbList\",\"@id\":\"https:\\\/\\\/gazeta.am\\\/?p=956#breadcrumb\",\"itemListElement\":[{\"@type\":\"ListItem\",\"position\":1,\"name\":\"\u0413\u043b\u0430\u0432\u043d\u0430\u044f \u0441\u0442\u0440\u0430\u043d\u0438\u0446\u0430\",\"item\":\"https:\\\/\\\/gazeta.am\\\/\"},{\"@type\":\"ListItem\",\"position\":2,\"name\":\"La Veille de Mon Deuxi\u00e8me Mariage, Je Suis All\u00e9 sur la Tombe de Mon Ex-Femme\u2026 Ce Que J\u2019y Ai Vu a Chang\u00e9 Ma Vie \u00e0 Jamais\"}]},{\"@type\":\"WebSite\",\"@id\":\"https:\\\/\\\/gazeta.am\\\/#website\",\"url\":\"https:\\\/\\\/gazeta.am\\\/\",\"name\":\"\",\"description\":\"\",\"potentialAction\":[{\"@type\":\"SearchAction\",\"target\":{\"@type\":\"EntryPoint\",\"urlTemplate\":\"https:\\\/\\\/gazeta.am\\\/?s={search_term_string}\"},\"query-input\":{\"@type\":\"PropertyValueSpecification\",\"valueRequired\":true,\"valueName\":\"search_term_string\"}}],\"inLanguage\":\"ru-RU\"},{\"@type\":\"Person\",\"@id\":\"https:\\\/\\\/gazeta.am\\\/#\\\/schema\\\/person\\\/987709955e760c9a1ebbb44776f8cccc\",\"name\":\"admin\",\"image\":{\"@type\":\"ImageObject\",\"inLanguage\":\"ru-RU\",\"@id\":\"https:\\\/\\\/secure.gravatar.com\\\/avatar\\\/a24f4ac3a683f3c87303db525abc00db51ea26ccedee11dfaf1cc0f9a481a5d2?s=96&d=mm&r=g\",\"url\":\"https:\\\/\\\/secure.gravatar.com\\\/avatar\\\/a24f4ac3a683f3c87303db525abc00db51ea26ccedee11dfaf1cc0f9a481a5d2?s=96&d=mm&r=g\",\"contentUrl\":\"https:\\\/\\\/secure.gravatar.com\\\/avatar\\\/a24f4ac3a683f3c87303db525abc00db51ea26ccedee11dfaf1cc0f9a481a5d2?s=96&d=mm&r=g\",\"caption\":\"admin\"},\"sameAs\":[\"http:\\\/\\\/gazeta.am\"],\"url\":\"https:\\\/\\\/gazeta.am\\\/?author=1\"}]}<\/script>\n<!-- \/ Yoast SEO plugin. -->","yoast_head_json":{"title":"La Veille de Mon Deuxi\u00e8me Mariage, Je Suis All\u00e9 sur la Tombe de Mon Ex-Femme\u2026 Ce Que J\u2019y Ai Vu a Chang\u00e9 Ma Vie \u00e0 Jamais -","robots":{"index":"index","follow":"follow","max-snippet":"max-snippet:-1","max-image-preview":"max-image-preview:large","max-video-preview":"max-video-preview:-1"},"canonical":"https:\/\/gazeta.am\/?p=956","og_locale":"ru_RU","og_type":"article","og_title":"La Veille de Mon Deuxi\u00e8me Mariage, Je Suis All\u00e9 sur la Tombe de Mon Ex-Femme\u2026 Ce Que J\u2019y Ai Vu a Chang\u00e9 Ma Vie \u00e0 Jamais -","og_description":"La pluie tombait depuis des heures.Le cimeti\u00e8re, envelopp\u00e9 de brouillard, semblait irr\u00e9el.Les vieilles lampes projetaient une lumi\u00e8re terne et diffuse sur les all\u00e9es","og_url":"https:\/\/gazeta.am\/?p=956","article_published_time":"2026-03-23T16:17:11+00:00","article_modified_time":"2026-03-23T16:17:13+00:00","og_image":[{"width":563,"height":580,"url":"https:\/\/gazeta.am\/wp-content\/uploads\/2026\/03\/1a-21.jpg","type":"image\/jpeg"}],"author":"admin","twitter_card":"summary_large_image","twitter_misc":{"\u041d\u0430\u043f\u0438\u0441\u0430\u043d\u043e \u0430\u0432\u0442\u043e\u0440\u043e\u043c":"admin","\u041f\u0440\u0438\u043c\u0435\u0440\u043d\u043e\u0435 \u0432\u0440\u0435\u043c\u044f \u0434\u043b\u044f \u0447\u0442\u0435\u043d\u0438\u044f":"4 \u043c\u0438\u043d\u0443\u0442\u044b"},"schema":{"@context":"https:\/\/schema.org","@graph":[{"@type":"Article","@id":"https:\/\/gazeta.am\/?p=956#article","isPartOf":{"@id":"https:\/\/gazeta.am\/?p=956"},"author":{"name":"admin","@id":"https:\/\/gazeta.am\/#\/schema\/person\/987709955e760c9a1ebbb44776f8cccc"},"headline":"La Veille de Mon Deuxi\u00e8me Mariage, Je Suis All\u00e9 sur la Tombe de Mon Ex-Femme\u2026 Ce Que J\u2019y Ai Vu a Chang\u00e9 Ma Vie \u00e0 Jamais","datePublished":"2026-03-23T16:17:11+00:00","dateModified":"2026-03-23T16:17:13+00:00","mainEntityOfPage":{"@id":"https:\/\/gazeta.am\/?p=956"},"wordCount":741,"commentCount":0,"image":{"@id":"https:\/\/gazeta.am\/?p=956#primaryimage"},"thumbnailUrl":"https:\/\/gazeta.am\/wp-content\/uploads\/2026\/03\/1a-21.jpg","articleSection":["NEWS"],"inLanguage":"ru-RU","potentialAction":[{"@type":"CommentAction","name":"Comment","target":["https:\/\/gazeta.am\/?p=956#respond"]}]},{"@type":"WebPage","@id":"https:\/\/gazeta.am\/?p=956","url":"https:\/\/gazeta.am\/?p=956","name":"La Veille de Mon Deuxi\u00e8me Mariage, Je Suis All\u00e9 sur la Tombe de Mon Ex-Femme\u2026 Ce Que J\u2019y Ai Vu a Chang\u00e9 Ma Vie \u00e0 Jamais -","isPartOf":{"@id":"https:\/\/gazeta.am\/#website"},"primaryImageOfPage":{"@id":"https:\/\/gazeta.am\/?p=956#primaryimage"},"image":{"@id":"https:\/\/gazeta.am\/?p=956#primaryimage"},"thumbnailUrl":"https:\/\/gazeta.am\/wp-content\/uploads\/2026\/03\/1a-21.jpg","datePublished":"2026-03-23T16:17:11+00:00","dateModified":"2026-03-23T16:17:13+00:00","author":{"@id":"https:\/\/gazeta.am\/#\/schema\/person\/987709955e760c9a1ebbb44776f8cccc"},"breadcrumb":{"@id":"https:\/\/gazeta.am\/?p=956#breadcrumb"},"inLanguage":"ru-RU","potentialAction":[{"@type":"ReadAction","target":["https:\/\/gazeta.am\/?p=956"]}]},{"@type":"ImageObject","inLanguage":"ru-RU","@id":"https:\/\/gazeta.am\/?p=956#primaryimage","url":"https:\/\/gazeta.am\/wp-content\/uploads\/2026\/03\/1a-21.jpg","contentUrl":"https:\/\/gazeta.am\/wp-content\/uploads\/2026\/03\/1a-21.jpg","width":563,"height":580},{"@type":"BreadcrumbList","@id":"https:\/\/gazeta.am\/?p=956#breadcrumb","itemListElement":[{"@type":"ListItem","position":1,"name":"\u0413\u043b\u0430\u0432\u043d\u0430\u044f \u0441\u0442\u0440\u0430\u043d\u0438\u0446\u0430","item":"https:\/\/gazeta.am\/"},{"@type":"ListItem","position":2,"name":"La Veille de Mon Deuxi\u00e8me Mariage, Je Suis All\u00e9 sur la Tombe de Mon Ex-Femme\u2026 Ce Que J\u2019y Ai Vu a Chang\u00e9 Ma Vie \u00e0 Jamais"}]},{"@type":"WebSite","@id":"https:\/\/gazeta.am\/#website","url":"https:\/\/gazeta.am\/","name":"","description":"","potentialAction":[{"@type":"SearchAction","target":{"@type":"EntryPoint","urlTemplate":"https:\/\/gazeta.am\/?s={search_term_string}"},"query-input":{"@type":"PropertyValueSpecification","valueRequired":true,"valueName":"search_term_string"}}],"inLanguage":"ru-RU"},{"@type":"Person","@id":"https:\/\/gazeta.am\/#\/schema\/person\/987709955e760c9a1ebbb44776f8cccc","name":"admin","image":{"@type":"ImageObject","inLanguage":"ru-RU","@id":"https:\/\/secure.gravatar.com\/avatar\/a24f4ac3a683f3c87303db525abc00db51ea26ccedee11dfaf1cc0f9a481a5d2?s=96&d=mm&r=g","url":"https:\/\/secure.gravatar.com\/avatar\/a24f4ac3a683f3c87303db525abc00db51ea26ccedee11dfaf1cc0f9a481a5d2?s=96&d=mm&r=g","contentUrl":"https:\/\/secure.gravatar.com\/avatar\/a24f4ac3a683f3c87303db525abc00db51ea26ccedee11dfaf1cc0f9a481a5d2?s=96&d=mm&r=g","caption":"admin"},"sameAs":["http:\/\/gazeta.am"],"url":"https:\/\/gazeta.am\/?author=1"}]}},"_links":{"self":[{"href":"https:\/\/gazeta.am\/index.php?rest_route=\/wp\/v2\/posts\/956","targetHints":{"allow":["GET"]}}],"collection":[{"href":"https:\/\/gazeta.am\/index.php?rest_route=\/wp\/v2\/posts"}],"about":[{"href":"https:\/\/gazeta.am\/index.php?rest_route=\/wp\/v2\/types\/post"}],"author":[{"embeddable":true,"href":"https:\/\/gazeta.am\/index.php?rest_route=\/wp\/v2\/users\/1"}],"replies":[{"embeddable":true,"href":"https:\/\/gazeta.am\/index.php?rest_route=%2Fwp%2Fv2%2Fcomments&post=956"}],"version-history":[{"count":1,"href":"https:\/\/gazeta.am\/index.php?rest_route=\/wp\/v2\/posts\/956\/revisions"}],"predecessor-version":[{"id":958,"href":"https:\/\/gazeta.am\/index.php?rest_route=\/wp\/v2\/posts\/956\/revisions\/958"}],"wp:featuredmedia":[{"embeddable":true,"href":"https:\/\/gazeta.am\/index.php?rest_route=\/wp\/v2\/media\/957"}],"wp:attachment":[{"href":"https:\/\/gazeta.am\/index.php?rest_route=%2Fwp%2Fv2%2Fmedia&parent=956"}],"wp:term":[{"taxonomy":"category","embeddable":true,"href":"https:\/\/gazeta.am\/index.php?rest_route=%2Fwp%2Fv2%2Fcategories&post=956"},{"taxonomy":"post_tag","embeddable":true,"href":"https:\/\/gazeta.am\/index.php?rest_route=%2Fwp%2Fv2%2Ftags&post=956"}],"curies":[{"name":"wp","href":"https:\/\/api.w.org\/{rel}","templated":true}]}}