{"id":944,"date":"2026-03-23T18:46:21","date_gmt":"2026-03-23T15:46:21","guid":{"rendered":"https:\/\/gazeta.am\/?p=944"},"modified":"2026-03-23T18:46:22","modified_gmt":"2026-03-23T15:46:22","slug":"jai-eleve-un-garcon-qui-navait-jamais-parlependant-des-annees-pas-un-mot","status":"publish","type":"post","link":"https:\/\/gazeta.am\/?p=944","title":{"rendered":"J\u2019ai \u00e9lev\u00e9 un gar\u00e7on qui n\u2019avait jamais parl\u00e9\u2026Pendant des ann\u00e9es, pas un mot."},"content":{"rendered":"\n<p>Mais le jour du tribunal\u2026<br>ce qu\u2019il a dit m\u2019a fait m\u2019effondrer en larmes \ud83d\ude33<\/p>\n\n\n\n<p>Quand l\u2019assistante sociale m\u2019a appel\u00e9e\u2026<\/p>\n\n\n\n<p>elle a choisi ses mots avec pr\u00e9caution.<\/p>\n\n\n\n<p>\u2014 Il a neuf ans\u2026<br>\u2014 Il ne parle pas\u2026<br>\u2014 La plupart des familles refusent\u2026<\/p>\n\n\n\n<p>Je suis rest\u00e9e silencieuse quelques secondes.<\/p>\n\n\n\n<p>J\u2019avais 55 ans.<\/p>\n\n\n\n<p>Mon mari \u00e9tait parti depuis longtemps.<\/p>\n\n\n\n<p>Apr\u00e8s ma troisi\u00e8me fausse couche.<\/p>\n\n\n\n<p>Il avait dit :<\/p>\n\n\n\n<p>\u2014 Je ne peux plus esp\u00e9rer quelque chose qui n\u2019arrive jamais\u2026<\/p>\n\n\n\n<p>Et il \u00e9tait parti.<\/p>\n\n\n\n<p>Alors quand on m\u2019a demand\u00e9\u2026<\/p>\n\n\n\n<figure class=\"wp-block-image size-full\"><img loading=\"lazy\" decoding=\"async\" width=\"507\" height=\"572\" src=\"https:\/\/gazeta.am\/wp-content\/uploads\/2026\/03\/1a-17.jpg\" alt=\"\" class=\"wp-image-945\" srcset=\"https:\/\/gazeta.am\/wp-content\/uploads\/2026\/03\/1a-17.jpg 507w, https:\/\/gazeta.am\/wp-content\/uploads\/2026\/03\/1a-17-266x300.jpg 266w\" sizes=\"auto, (max-width: 507px) 100vw, 507px\" \/><\/figure>\n\n\n\n<p>si je pouvais accueillir un enfant que personne ne voulait\u2026<\/p>\n\n\n\n<p>j\u2019ai r\u00e9pondu oui.<\/p>\n\n\n\n<p>Il s\u2019appelait Alan.<\/p>\n\n\n\n<p>Il est arriv\u00e9 avec un seul sac \u00e0 dos.<\/p>\n\n\n\n<p>Et des yeux\u2026<\/p>\n\n\n\n<p>qui semblaient tout voir.<\/p>\n\n\n\n<p>Il n\u2019a pas pleur\u00e9.<\/p>\n\n\n\n<p>Il n\u2019a pos\u00e9 aucune question.<\/p>\n\n\n\n<p>Il r\u00e9pondait seulement par des gestes.<\/p>\n\n\n\n<p>Un signe de t\u00eate.<\/p>\n\n\n\n<p>Un non silencieux.<\/p>\n\n\n\n<p>Les gens disaient :<\/p>\n\n\n\n<p>\u2014 Il est ferm\u00e9\u2026<br>\u2014 Il est cass\u00e9\u2026<\/p>\n\n\n\n<p>Moi\u2026<\/p>\n\n\n\n<p>je ne voyais pas \u00e7a.<\/p>\n\n\n\n<p>Je voyais un enfant\u2026<\/p>\n\n\n\n<p>qui attendait.<\/p>\n\n\n\n<p>Je ne l\u2019ai jamais forc\u00e9 \u00e0 parler.<\/p>\n\n\n\n<p>Jamais.<\/p>\n\n\n\n<p>Je lui ai donn\u00e9 autre chose.<\/p>\n\n\n\n<p>Du temps.<\/p>\n\n\n\n<p>Du calme.<\/p>\n\n\n\n<p>De la pr\u00e9sence.<\/p>\n\n\n\n<p>Je cuisinais pour lui.<\/p>\n\n\n\n<p>Je laissais des petits mots sur la table.<\/p>\n\n\n\n<p>Je m\u2019asseyais pr\u00e8s de lui\u2026<\/p>\n\n\n\n<p>sans rien dire.<\/p>\n\n\n\n<p>Et le soir\u2026<\/p>\n\n\n\n<p>je lisais pour nous deux.<\/p>\n\n\n\n<p>Les jours sont devenus des semaines.<\/p>\n\n\n\n<p>Les semaines\u2026 des ann\u00e9es.<\/p>\n\n\n\n<p>Et quelque chose a chang\u00e9.<\/p>\n\n\n\n<p>Lentement.<\/p>\n\n\n\n<p>Il s\u2019asseyait un peu plus pr\u00e8s de moi.<\/p>\n\n\n\n<p>Il attendait que je traverse la rue avant d\u2019avancer.<\/p>\n\n\n\n<p>Un hiver\u2026<\/p>\n\n\n\n<p>je suis tomb\u00e9e malade.<\/p>\n\n\n\n<p>Et je me souviens\u2026<\/p>\n\n\n\n<p>m\u2019\u00eatre r\u00e9veill\u00e9e en pleine nuit.<\/p>\n\n\n\n<p>Il y avait un verre d\u2019eau\u2026<\/p>\n\n\n\n<p>pos\u00e9 \u00e0 c\u00f4t\u00e9 de mon lit.<\/p>\n\n\n\n<p>Silencieusement.<\/p>\n\n\n\n<p>C\u2019\u00e9tait lui.<\/p>\n\n\n\n<p>Toujours\u2026<\/p>\n\n\n\n<p>pas un mot.<\/p>\n\n\n\n<p>Apr\u00e8s cinq ans\u2026<\/p>\n\n\n\n<p>je ne pouvais plus imaginer ma vie sans lui.<\/p>\n\n\n\n<p>Il n\u2019\u00e9tait pas bruyant.<\/p>\n\n\n\n<p>Il n\u2019\u00e9tait pas d\u00e9monstratif.<\/p>\n\n\n\n<p>Mais il \u00e9tait\u2026 constant.<\/p>\n\n\n\n<p>Pr\u00e9sent.<\/p>\n\n\n\n<p>Et profond\u00e9ment\u2026<\/p>\n\n\n\n<p>sp\u00e9cial.<\/p>\n\n\n\n<p>Alors j\u2019ai pris une d\u00e9cision.<\/p>\n\n\n\n<p>J\u2019ai lanc\u00e9 une proc\u00e9dure d\u2019adoption.<\/p>\n\n\n\n<p>Le jour de l\u2019audience\u2026<\/p>\n\n\n\n<p>mes mains tremblaient.<\/p>\n\n\n\n<p>Le juge souriait doucement.<\/p>\n\n\n\n<p>\u2014 Alan\u2026 dit-il calmement\u2026<br>\u2014 Tu peux simplement hocher la t\u00eate.<br>\u2014 Est-ce que tu comprends ?<\/p>\n\n\n\n<p>Alan hocha la t\u00eate.<\/p>\n\n\n\n<p>Puis le juge me d\u00e9signa.<\/p>\n\n\n\n<p>\u2014 Est-ce que tu veux que cette femme t\u2019adopte ?<\/p>\n\n\n\n<p>Le silence tomba.<\/p>\n\n\n\n<p>Alan resta immobile.<\/p>\n\n\n\n<p>Trop immobile.<\/p>\n\n\n\n<p>Puis\u2026<\/p>\n\n\n\n<p>il se racla la gorge.<\/p>\n\n\n\n<p>Un son rauque.<\/p>\n\n\n\n<p>Comme si \u00e7a faisait mal.<\/p>\n\n\n\n<p>La pi\u00e8ce enti\u00e8re se figea.<\/p>\n\n\n\n<p>Mon c\u0153ur s\u2019arr\u00eata.<\/p>\n\n\n\n<p>Et pour la premi\u00e8re fois\u2026<\/p>\n\n\n\n<p>j\u2019ai entendu sa voix.<\/p>\n\n\n\n<p>\u2014 Avant de r\u00e9pondre\u2026 dit-il lentement\u2026<\/p>\n\n\n\n<p>\u2014 je veux dire quelque chose\u2026<\/p>\n\n\n\n<p>J\u2019ai senti mes jambes c\u00e9der.<\/p>\n\n\n\n<p>Des ann\u00e9es de silence\u2026<\/p>\n\n\n\n<p>bris\u00e9es en une seconde.<\/p>\n\n\n\n<p>Il tourna l\u00e9g\u00e8rement la t\u00eate vers moi.<\/p>\n\n\n\n<p>Ses yeux\u2026<\/p>\n\n\n\n<p>n\u2019\u00e9taient plus ceux d\u2019un enfant perdu.<\/p>\n\n\n\n<p>Ils \u00e9taient\u2026<\/p>\n\n\n\n<p>s\u00fbrs.<\/p>\n\n\n\n<p>\u2014 Je n\u2019ai pas parl\u00e9\u2026 continua-t-il\u2026<\/p>\n\n\n\n<p>\u2014 parce que chez moi\u2026<\/p>\n\n\n\n<p>il s\u2019arr\u00eata.<\/p>\n\n\n\n<p>Toute la salle retenait son souffle.<\/p>\n\n\n\n<p>\u2014 quand je parlais\u2026<\/p>\n\n\n\n<p>\u2014 on me faisait taire.<\/p>\n\n\n\n<p>Un frisson traversa la pi\u00e8ce.<\/p>\n\n\n\n<p>\u2014 alors j\u2019ai arr\u00eat\u00e9.<\/p>\n\n\n\n<p>Ses mains tremblaient l\u00e9g\u00e8rement.<\/p>\n\n\n\n<p>\u2014 mais ici\u2026<\/p>\n\n\n\n<p>Il me regarda.<\/p>\n\n\n\n<p>Droit dans les yeux.<\/p>\n\n\n\n<p>\u2014 elle ne m\u2019a jamais forc\u00e9.<\/p>\n\n\n\n<p>\u2014 elle m\u2019a attendu.<\/p>\n\n\n\n<p>Les larmes mont\u00e8rent.<\/p>\n\n\n\n<p>\u2014 elle parlait pour deux\u2026<\/p>\n\n\n\n<p>\u2014 jusqu\u2019\u00e0 ce que je sois pr\u00eat.<\/p>\n\n\n\n<p>Ma vision se brouilla.<\/p>\n\n\n\n<p>\u2014 elle est la premi\u00e8re personne\u2026<\/p>\n\n\n\n<p>Sa voix trembla.<\/p>\n\n\n\n<p>\u2014 qui ne m\u2019a jamais fait peur.<\/p>\n\n\n\n<p>Une larme glissa sur sa joue.<\/p>\n\n\n\n<p>\u2014 alors oui\u2026<\/p>\n\n\n\n<p>Il inspira profond\u00e9ment.<\/p>\n\n\n\n<p>\u2014 je veux qu\u2019elle soit ma m\u00e8re.<\/p>\n\n\n\n<p>Je me suis effondr\u00e9e.<\/p>\n\n\n\n<p>En larmes.<\/p>\n\n\n\n<p>Pas de tristesse.<\/p>\n\n\n\n<p>Mais de quelque chose de plus fort.<\/p>\n\n\n\n<p>De r\u00e9paration.<\/p>\n\n\n\n<p>De vie.<\/p>\n","protected":false},"excerpt":{"rendered":"Mais le jour du tribunal\u2026ce qu\u2019il a dit m\u2019a fait m\u2019effondrer en larmes \ud83d\ude33 Quand l\u2019assistante sociale m\u2019a appel\u00e9e\u2026 elle a choisi ses \n<a class=\"moretag\" href=\"https:\/\/gazeta.am\/?p=944\"> [...]<\/a>","protected":false},"author":1,"featured_media":945,"comment_status":"open","ping_status":"open","sticky":false,"template":"","format":"standard","meta":{"footnotes":""},"categories":[1],"tags":[],"class_list":["post-944","post","type-post","status-publish","format-standard","has-post-thumbnail","hentry","category-1"],"yoast_head":"<!-- This site is optimized with the Yoast SEO plugin v27.4 - https:\/\/yoast.com\/product\/yoast-seo-wordpress\/ -->\n<title>J\u2019ai \u00e9lev\u00e9 un gar\u00e7on qui n\u2019avait jamais parl\u00e9\u2026Pendant des ann\u00e9es, pas un mot. -<\/title>\n<meta name=\"robots\" content=\"index, follow, max-snippet:-1, max-image-preview:large, max-video-preview:-1\" \/>\n<link rel=\"canonical\" href=\"https:\/\/gazeta.am\/?p=944\" \/>\n<meta property=\"og:locale\" content=\"ru_RU\" \/>\n<meta property=\"og:type\" content=\"article\" \/>\n<meta property=\"og:title\" content=\"J\u2019ai \u00e9lev\u00e9 un gar\u00e7on qui n\u2019avait jamais parl\u00e9\u2026Pendant des ann\u00e9es, pas un mot. -\" \/>\n<meta property=\"og:description\" content=\"Mais le jour du tribunal\u2026ce qu\u2019il a dit m\u2019a fait m\u2019effondrer en larmes \ud83d\ude33 Quand l\u2019assistante sociale m\u2019a appel\u00e9e\u2026 elle a choisi ses\" \/>\n<meta property=\"og:url\" content=\"https:\/\/gazeta.am\/?p=944\" \/>\n<meta property=\"article:published_time\" content=\"2026-03-23T15:46:21+00:00\" \/>\n<meta property=\"article:modified_time\" content=\"2026-03-23T15:46:22+00:00\" \/>\n<meta property=\"og:image\" content=\"https:\/\/gazeta.am\/wp-content\/uploads\/2026\/03\/1a-17.jpg\" \/>\n\t<meta property=\"og:image:width\" content=\"507\" \/>\n\t<meta property=\"og:image:height\" content=\"572\" \/>\n\t<meta property=\"og:image:type\" content=\"image\/jpeg\" \/>\n<meta name=\"author\" content=\"admin\" \/>\n<meta name=\"twitter:card\" content=\"summary_large_image\" \/>\n<meta name=\"twitter:label1\" content=\"\u041d\u0430\u043f\u0438\u0441\u0430\u043d\u043e \u0430\u0432\u0442\u043e\u0440\u043e\u043c\" \/>\n\t<meta name=\"twitter:data1\" content=\"admin\" \/>\n\t<meta name=\"twitter:label2\" content=\"\u041f\u0440\u0438\u043c\u0435\u0440\u043d\u043e\u0435 \u0432\u0440\u0435\u043c\u044f \u0434\u043b\u044f \u0447\u0442\u0435\u043d\u0438\u044f\" \/>\n\t<meta name=\"twitter:data2\" content=\"4 \u043c\u0438\u043d\u0443\u0442\u044b\" \/>\n<script type=\"application\/ld+json\" class=\"yoast-schema-graph\">{\"@context\":\"https:\\\/\\\/schema.org\",\"@graph\":[{\"@type\":\"Article\",\"@id\":\"https:\\\/\\\/gazeta.am\\\/?p=944#article\",\"isPartOf\":{\"@id\":\"https:\\\/\\\/gazeta.am\\\/?p=944\"},\"author\":{\"name\":\"admin\",\"@id\":\"https:\\\/\\\/gazeta.am\\\/#\\\/schema\\\/person\\\/987709955e760c9a1ebbb44776f8cccc\"},\"headline\":\"J\u2019ai \u00e9lev\u00e9 un gar\u00e7on qui n\u2019avait jamais parl\u00e9\u2026Pendant des ann\u00e9es, pas un mot.\",\"datePublished\":\"2026-03-23T15:46:21+00:00\",\"dateModified\":\"2026-03-23T15:46:22+00:00\",\"mainEntityOfPage\":{\"@id\":\"https:\\\/\\\/gazeta.am\\\/?p=944\"},\"wordCount\":656,\"commentCount\":0,\"image\":{\"@id\":\"https:\\\/\\\/gazeta.am\\\/?p=944#primaryimage\"},\"thumbnailUrl\":\"https:\\\/\\\/gazeta.am\\\/wp-content\\\/uploads\\\/2026\\\/03\\\/1a-17.jpg\",\"articleSection\":[\"NEWS\"],\"inLanguage\":\"ru-RU\",\"potentialAction\":[{\"@type\":\"CommentAction\",\"name\":\"Comment\",\"target\":[\"https:\\\/\\\/gazeta.am\\\/?p=944#respond\"]}]},{\"@type\":\"WebPage\",\"@id\":\"https:\\\/\\\/gazeta.am\\\/?p=944\",\"url\":\"https:\\\/\\\/gazeta.am\\\/?p=944\",\"name\":\"J\u2019ai \u00e9lev\u00e9 un gar\u00e7on qui n\u2019avait jamais parl\u00e9\u2026Pendant des ann\u00e9es, pas un mot. -\",\"isPartOf\":{\"@id\":\"https:\\\/\\\/gazeta.am\\\/#website\"},\"primaryImageOfPage\":{\"@id\":\"https:\\\/\\\/gazeta.am\\\/?p=944#primaryimage\"},\"image\":{\"@id\":\"https:\\\/\\\/gazeta.am\\\/?p=944#primaryimage\"},\"thumbnailUrl\":\"https:\\\/\\\/gazeta.am\\\/wp-content\\\/uploads\\\/2026\\\/03\\\/1a-17.jpg\",\"datePublished\":\"2026-03-23T15:46:21+00:00\",\"dateModified\":\"2026-03-23T15:46:22+00:00\",\"author\":{\"@id\":\"https:\\\/\\\/gazeta.am\\\/#\\\/schema\\\/person\\\/987709955e760c9a1ebbb44776f8cccc\"},\"breadcrumb\":{\"@id\":\"https:\\\/\\\/gazeta.am\\\/?p=944#breadcrumb\"},\"inLanguage\":\"ru-RU\",\"potentialAction\":[{\"@type\":\"ReadAction\",\"target\":[\"https:\\\/\\\/gazeta.am\\\/?p=944\"]}]},{\"@type\":\"ImageObject\",\"inLanguage\":\"ru-RU\",\"@id\":\"https:\\\/\\\/gazeta.am\\\/?p=944#primaryimage\",\"url\":\"https:\\\/\\\/gazeta.am\\\/wp-content\\\/uploads\\\/2026\\\/03\\\/1a-17.jpg\",\"contentUrl\":\"https:\\\/\\\/gazeta.am\\\/wp-content\\\/uploads\\\/2026\\\/03\\\/1a-17.jpg\",\"width\":507,\"height\":572},{\"@type\":\"BreadcrumbList\",\"@id\":\"https:\\\/\\\/gazeta.am\\\/?p=944#breadcrumb\",\"itemListElement\":[{\"@type\":\"ListItem\",\"position\":1,\"name\":\"\u0413\u043b\u0430\u0432\u043d\u0430\u044f \u0441\u0442\u0440\u0430\u043d\u0438\u0446\u0430\",\"item\":\"https:\\\/\\\/gazeta.am\\\/\"},{\"@type\":\"ListItem\",\"position\":2,\"name\":\"J\u2019ai \u00e9lev\u00e9 un gar\u00e7on qui n\u2019avait jamais parl\u00e9\u2026Pendant des ann\u00e9es, pas un mot.\"}]},{\"@type\":\"WebSite\",\"@id\":\"https:\\\/\\\/gazeta.am\\\/#website\",\"url\":\"https:\\\/\\\/gazeta.am\\\/\",\"name\":\"\",\"description\":\"\",\"potentialAction\":[{\"@type\":\"SearchAction\",\"target\":{\"@type\":\"EntryPoint\",\"urlTemplate\":\"https:\\\/\\\/gazeta.am\\\/?s={search_term_string}\"},\"query-input\":{\"@type\":\"PropertyValueSpecification\",\"valueRequired\":true,\"valueName\":\"search_term_string\"}}],\"inLanguage\":\"ru-RU\"},{\"@type\":\"Person\",\"@id\":\"https:\\\/\\\/gazeta.am\\\/#\\\/schema\\\/person\\\/987709955e760c9a1ebbb44776f8cccc\",\"name\":\"admin\",\"image\":{\"@type\":\"ImageObject\",\"inLanguage\":\"ru-RU\",\"@id\":\"https:\\\/\\\/secure.gravatar.com\\\/avatar\\\/a24f4ac3a683f3c87303db525abc00db51ea26ccedee11dfaf1cc0f9a481a5d2?s=96&d=mm&r=g\",\"url\":\"https:\\\/\\\/secure.gravatar.com\\\/avatar\\\/a24f4ac3a683f3c87303db525abc00db51ea26ccedee11dfaf1cc0f9a481a5d2?s=96&d=mm&r=g\",\"contentUrl\":\"https:\\\/\\\/secure.gravatar.com\\\/avatar\\\/a24f4ac3a683f3c87303db525abc00db51ea26ccedee11dfaf1cc0f9a481a5d2?s=96&d=mm&r=g\",\"caption\":\"admin\"},\"sameAs\":[\"http:\\\/\\\/gazeta.am\"],\"url\":\"https:\\\/\\\/gazeta.am\\\/?author=1\"}]}<\/script>\n<!-- \/ Yoast SEO plugin. -->","yoast_head_json":{"title":"J\u2019ai \u00e9lev\u00e9 un gar\u00e7on qui n\u2019avait jamais parl\u00e9\u2026Pendant des ann\u00e9es, pas un mot. -","robots":{"index":"index","follow":"follow","max-snippet":"max-snippet:-1","max-image-preview":"max-image-preview:large","max-video-preview":"max-video-preview:-1"},"canonical":"https:\/\/gazeta.am\/?p=944","og_locale":"ru_RU","og_type":"article","og_title":"J\u2019ai \u00e9lev\u00e9 un gar\u00e7on qui n\u2019avait jamais parl\u00e9\u2026Pendant des ann\u00e9es, pas un mot. -","og_description":"Mais le jour du tribunal\u2026ce qu\u2019il a dit m\u2019a fait m\u2019effondrer en larmes \ud83d\ude33 Quand l\u2019assistante sociale m\u2019a appel\u00e9e\u2026 elle a choisi ses","og_url":"https:\/\/gazeta.am\/?p=944","article_published_time":"2026-03-23T15:46:21+00:00","article_modified_time":"2026-03-23T15:46:22+00:00","og_image":[{"width":507,"height":572,"url":"https:\/\/gazeta.am\/wp-content\/uploads\/2026\/03\/1a-17.jpg","type":"image\/jpeg"}],"author":"admin","twitter_card":"summary_large_image","twitter_misc":{"\u041d\u0430\u043f\u0438\u0441\u0430\u043d\u043e \u0430\u0432\u0442\u043e\u0440\u043e\u043c":"admin","\u041f\u0440\u0438\u043c\u0435\u0440\u043d\u043e\u0435 \u0432\u0440\u0435\u043c\u044f \u0434\u043b\u044f \u0447\u0442\u0435\u043d\u0438\u044f":"4 \u043c\u0438\u043d\u0443\u0442\u044b"},"schema":{"@context":"https:\/\/schema.org","@graph":[{"@type":"Article","@id":"https:\/\/gazeta.am\/?p=944#article","isPartOf":{"@id":"https:\/\/gazeta.am\/?p=944"},"author":{"name":"admin","@id":"https:\/\/gazeta.am\/#\/schema\/person\/987709955e760c9a1ebbb44776f8cccc"},"headline":"J\u2019ai \u00e9lev\u00e9 un gar\u00e7on qui n\u2019avait jamais parl\u00e9\u2026Pendant des ann\u00e9es, pas un mot.","datePublished":"2026-03-23T15:46:21+00:00","dateModified":"2026-03-23T15:46:22+00:00","mainEntityOfPage":{"@id":"https:\/\/gazeta.am\/?p=944"},"wordCount":656,"commentCount":0,"image":{"@id":"https:\/\/gazeta.am\/?p=944#primaryimage"},"thumbnailUrl":"https:\/\/gazeta.am\/wp-content\/uploads\/2026\/03\/1a-17.jpg","articleSection":["NEWS"],"inLanguage":"ru-RU","potentialAction":[{"@type":"CommentAction","name":"Comment","target":["https:\/\/gazeta.am\/?p=944#respond"]}]},{"@type":"WebPage","@id":"https:\/\/gazeta.am\/?p=944","url":"https:\/\/gazeta.am\/?p=944","name":"J\u2019ai \u00e9lev\u00e9 un gar\u00e7on qui n\u2019avait jamais parl\u00e9\u2026Pendant des ann\u00e9es, pas un mot. -","isPartOf":{"@id":"https:\/\/gazeta.am\/#website"},"primaryImageOfPage":{"@id":"https:\/\/gazeta.am\/?p=944#primaryimage"},"image":{"@id":"https:\/\/gazeta.am\/?p=944#primaryimage"},"thumbnailUrl":"https:\/\/gazeta.am\/wp-content\/uploads\/2026\/03\/1a-17.jpg","datePublished":"2026-03-23T15:46:21+00:00","dateModified":"2026-03-23T15:46:22+00:00","author":{"@id":"https:\/\/gazeta.am\/#\/schema\/person\/987709955e760c9a1ebbb44776f8cccc"},"breadcrumb":{"@id":"https:\/\/gazeta.am\/?p=944#breadcrumb"},"inLanguage":"ru-RU","potentialAction":[{"@type":"ReadAction","target":["https:\/\/gazeta.am\/?p=944"]}]},{"@type":"ImageObject","inLanguage":"ru-RU","@id":"https:\/\/gazeta.am\/?p=944#primaryimage","url":"https:\/\/gazeta.am\/wp-content\/uploads\/2026\/03\/1a-17.jpg","contentUrl":"https:\/\/gazeta.am\/wp-content\/uploads\/2026\/03\/1a-17.jpg","width":507,"height":572},{"@type":"BreadcrumbList","@id":"https:\/\/gazeta.am\/?p=944#breadcrumb","itemListElement":[{"@type":"ListItem","position":1,"name":"\u0413\u043b\u0430\u0432\u043d\u0430\u044f \u0441\u0442\u0440\u0430\u043d\u0438\u0446\u0430","item":"https:\/\/gazeta.am\/"},{"@type":"ListItem","position":2,"name":"J\u2019ai \u00e9lev\u00e9 un gar\u00e7on qui n\u2019avait jamais parl\u00e9\u2026Pendant des ann\u00e9es, pas un mot."}]},{"@type":"WebSite","@id":"https:\/\/gazeta.am\/#website","url":"https:\/\/gazeta.am\/","name":"","description":"","potentialAction":[{"@type":"SearchAction","target":{"@type":"EntryPoint","urlTemplate":"https:\/\/gazeta.am\/?s={search_term_string}"},"query-input":{"@type":"PropertyValueSpecification","valueRequired":true,"valueName":"search_term_string"}}],"inLanguage":"ru-RU"},{"@type":"Person","@id":"https:\/\/gazeta.am\/#\/schema\/person\/987709955e760c9a1ebbb44776f8cccc","name":"admin","image":{"@type":"ImageObject","inLanguage":"ru-RU","@id":"https:\/\/secure.gravatar.com\/avatar\/a24f4ac3a683f3c87303db525abc00db51ea26ccedee11dfaf1cc0f9a481a5d2?s=96&d=mm&r=g","url":"https:\/\/secure.gravatar.com\/avatar\/a24f4ac3a683f3c87303db525abc00db51ea26ccedee11dfaf1cc0f9a481a5d2?s=96&d=mm&r=g","contentUrl":"https:\/\/secure.gravatar.com\/avatar\/a24f4ac3a683f3c87303db525abc00db51ea26ccedee11dfaf1cc0f9a481a5d2?s=96&d=mm&r=g","caption":"admin"},"sameAs":["http:\/\/gazeta.am"],"url":"https:\/\/gazeta.am\/?author=1"}]}},"_links":{"self":[{"href":"https:\/\/gazeta.am\/index.php?rest_route=\/wp\/v2\/posts\/944","targetHints":{"allow":["GET"]}}],"collection":[{"href":"https:\/\/gazeta.am\/index.php?rest_route=\/wp\/v2\/posts"}],"about":[{"href":"https:\/\/gazeta.am\/index.php?rest_route=\/wp\/v2\/types\/post"}],"author":[{"embeddable":true,"href":"https:\/\/gazeta.am\/index.php?rest_route=\/wp\/v2\/users\/1"}],"replies":[{"embeddable":true,"href":"https:\/\/gazeta.am\/index.php?rest_route=%2Fwp%2Fv2%2Fcomments&post=944"}],"version-history":[{"count":1,"href":"https:\/\/gazeta.am\/index.php?rest_route=\/wp\/v2\/posts\/944\/revisions"}],"predecessor-version":[{"id":946,"href":"https:\/\/gazeta.am\/index.php?rest_route=\/wp\/v2\/posts\/944\/revisions\/946"}],"wp:featuredmedia":[{"embeddable":true,"href":"https:\/\/gazeta.am\/index.php?rest_route=\/wp\/v2\/media\/945"}],"wp:attachment":[{"href":"https:\/\/gazeta.am\/index.php?rest_route=%2Fwp%2Fv2%2Fmedia&parent=944"}],"wp:term":[{"taxonomy":"category","embeddable":true,"href":"https:\/\/gazeta.am\/index.php?rest_route=%2Fwp%2Fv2%2Fcategories&post=944"},{"taxonomy":"post_tag","embeddable":true,"href":"https:\/\/gazeta.am\/index.php?rest_route=%2Fwp%2Fv2%2Ftags&post=944"}],"curies":[{"name":"wp","href":"https:\/\/api.w.org\/{rel}","templated":true}]}}