{"id":940,"date":"2026-03-23T18:38:07","date_gmt":"2026-03-23T15:38:07","guid":{"rendered":"https:\/\/gazeta.am\/?p=940"},"modified":"2026-03-23T18:38:08","modified_gmt":"2026-03-23T15:38:08","slug":"le-jour-ou-ma-mere-a-commence-sa-chimiotherapiemon-pere-a-fait-sa-valise-et-nous-a-abandonnes","status":"publish","type":"post","link":"https:\/\/gazeta.am\/?p=940","title":{"rendered":"Le jour o\u00f9 ma m\u00e8re a commenc\u00e9 sa chimioth\u00e9rapie\u2026mon p\u00e8re a fait sa valise et nous a abandonn\u00e9s."},"content":{"rendered":"\n<p>Dix ans plus tard, il s\u2019est retrouv\u00e9 devant moi \u2014 incapable de bouger\u2026 et suppliant que je ne parte pas \ud83d\ude33<\/p>\n\n\n\n<p>J\u2019avais 14 ans.<\/p>\n\n\n\n<p>Mon petit fr\u00e8re Jason\u2026 8 ans.<\/p>\n\n\n\n<p>La maison \u00e9tait silencieuse.<\/p>\n\n\n\n<p>Trop silencieuse.<\/p>\n\n\n\n<p>Ma m\u00e8re venait d\u2019apprendre qu\u2019elle avait un cancer du sein.<\/p>\n\n\n\n<p>Stade 3.<\/p>\n\n\n\n<p>Et ce jour-l\u00e0\u2026<\/p>\n\n\n\n<figure class=\"wp-block-image size-full\"><img loading=\"lazy\" decoding=\"async\" width=\"507\" height=\"533\" src=\"https:\/\/gazeta.am\/wp-content\/uploads\/2026\/03\/1a-16.jpg\" alt=\"\" class=\"wp-image-941\" srcset=\"https:\/\/gazeta.am\/wp-content\/uploads\/2026\/03\/1a-16.jpg 507w, https:\/\/gazeta.am\/wp-content\/uploads\/2026\/03\/1a-16-285x300.jpg 285w\" sizes=\"auto, (max-width: 507px) 100vw, 507px\" \/><\/figure>\n\n\n\n<p>elle commen\u00e7ait la chimioth\u00e9rapie.<\/p>\n\n\n\n<p>Jason et moi \u00e9tions assis \u00e0 mi-hauteur de l\u2019escalier.<\/p>\n\n\n\n<p>Sans parler.<\/p>\n\n\n\n<p>Comme si les mots pouvaient tout casser.<\/p>\n\n\n\n<p>Puis on l\u2019a entendu.<\/p>\n\n\n\n<p>Zzzzip.<\/p>\n\n\n\n<p>Le bruit d\u2019une fermeture \u00e9clair.<\/p>\n\n\n\n<p>Jason a attrap\u00e9 mon bras.<\/p>\n\n\n\n<p>\u2014 Kelly\u2026 il part ?<\/p>\n\n\n\n<p>Je n\u2019ai pas r\u00e9pondu tout de suite.<\/p>\n\n\n\n<p>\u2014 Je ne sais pas\u2026 murmurai-je.<\/p>\n\n\n\n<p>Mais au fond de moi\u2026<\/p>\n\n\n\n<p>je savais d\u00e9j\u00e0.<\/p>\n\n\n\n<p>La voix de mon p\u00e8re venait d\u2019en haut.<\/p>\n\n\n\n<p>Calme.<\/p>\n\n\n\n<p>Trop calme.<\/p>\n\n\n\n<p>\u2014 Je n\u2019ai pas sign\u00e9 pour \u00e7a.<\/p>\n\n\n\n<p>Ma m\u00e8re r\u00e9pondit quelque chose.<\/p>\n\n\n\n<p>Faiblement.<\/p>\n\n\n\n<p>On ne comprenait pas.<\/p>\n\n\n\n<p>Puis sa voix \u00e0 lui monta.<\/p>\n\n\n\n<p>\u2014 Je veux une partenaire\u2026 pas une patiente !<br>\u2014 JE NE SUIS PAS UNE INFIRMI\u00c8RE !<\/p>\n\n\n\n<figure class=\"wp-block-image size-full\"><img loading=\"lazy\" decoding=\"async\" width=\"502\" height=\"521\" src=\"https:\/\/gazeta.am\/wp-content\/uploads\/2026\/03\/1b-6.jpg\" alt=\"\" class=\"wp-image-942\" srcset=\"https:\/\/gazeta.am\/wp-content\/uploads\/2026\/03\/1b-6.jpg 502w, https:\/\/gazeta.am\/wp-content\/uploads\/2026\/03\/1b-6-289x300.jpg 289w\" sizes=\"auto, (max-width: 502px) 100vw, 502px\" \/><\/figure>\n\n\n\n<p>Jason se mit \u00e0 pleurer.<\/p>\n\n\n\n<p>Je n\u2019ai pas r\u00e9fl\u00e9chi.<\/p>\n\n\n\n<p>J\u2019ai couru \u00e0 l\u2019\u00e9tage.<\/p>\n\n\n\n<p>Il \u00e9tait l\u00e0.<\/p>\n\n\n\n<p>Pr\u00e8s de la porte.<\/p>\n\n\n\n<p>Son manteau gris impeccable sur les \u00e9paules.<\/p>\n\n\n\n<p>Une valise \u00e0 c\u00f4t\u00e9 de lui.<\/p>\n\n\n\n<p>Comme si tout \u00e9tait d\u00e9j\u00e0 d\u00e9cid\u00e9.<\/p>\n\n\n\n<p>\u2014 Kelly, retourne dans ta chambre, dit-il froidement.<\/p>\n\n\n\n<p>Je lui ai attrap\u00e9 la manche.<\/p>\n\n\n\n<p>\u2014 S\u2019il te pla\u00eet\u2026 ne pars pas\u2026<\/p>\n\n\n\n<p>Il ne m\u2019a m\u00eame pas regard\u00e9e.<\/p>\n\n\n\n<p>Il a juste jet\u00e9 un coup d\u2019\u0153il \u00e0 sa montre.<\/p>\n\n\n\n<p>Une Rolex brillante.<\/p>\n\n\n\n<p>Comme s\u2019il avait quelque chose de plus important \u00e0 faire.<\/p>\n\n\n\n<p>Jason est mont\u00e9 en courant.<\/p>\n\n\n\n<p>Il s\u2019est accroch\u00e9 \u00e0 sa jambe.<\/p>\n\n\n\n<p>\u2014 Papa\u2026 maman est malade\u2026<\/p>\n\n\n\n<p>Mon p\u00e8re a retir\u00e9 ses mains.<\/p>\n\n\n\n<p>Lentement.<\/p>\n\n\n\n<p>Comme on enl\u00e8ve un enfant inconnu.<\/p>\n\n\n\n<p>\u2014 Je ne peux pas faire \u00e7a\u2026 murmura-t-il.<\/p>\n\n\n\n<p>Une heure plus tard\u2026<\/p>\n\n\n\n<p>il \u00e9tait parti.<\/p>\n\n\n\n<p>La porte s\u2019est referm\u00e9e.<\/p>\n\n\n\n<p>Comme la fin d\u2019une histoire.<\/p>\n\n\n\n<p>Maman nous a appel\u00e9s dans la chambre.<\/p>\n\n\n\n<p>Elle semblait si petite\u2026<\/p>\n\n\n\n<p>Allong\u00e9e sous les couvertures.<\/p>\n\n\n\n<p>Un foulard bleu p\u00e2le sur la t\u00eate.<\/p>\n\n\n\n<p>Ses yeux \u00e9taient fatigu\u00e9s.<\/p>\n\n\n\n<p>Mais calmes.<\/p>\n\n\n\n<p>\u2014 O\u00f9 est votre p\u00e8re ? demanda-t-elle doucement.<\/p>\n\n\n\n<p>Jason me regarda.<\/p>\n\n\n\n<p>J\u2019ai aval\u00e9 ma salive.<\/p>\n\n\n\n<p>\u2014 Il est parti.<\/p>\n\n\n\n<p>Elle ferma les yeux.<\/p>\n\n\n\n<p>Longtemps.<\/p>\n\n\n\n<p>Puis elle les rouvrit.<\/p>\n\n\n\n<p>Et elle ne pleura pas.<\/p>\n\n\n\n<p>\u2014 D\u2019accord\u2026 murmura-t-elle.<\/p>\n\n\n\n<p>Il avait d\u00e9m\u00e9nag\u00e9 dans un appartement de luxe.<\/p>\n\n\n\n<p>Avec une coach sportive de 24 ans.<\/p>\n\n\n\n<p>Un mois plus tard\u2026<\/p>\n\n\n\n<p>il avait arr\u00eat\u00e9 de payer la maison.<\/p>\n\n\n\n<p>On a tout perdu.<\/p>\n\n\n\n<p>Mais ma m\u00e8re\u2026<\/p>\n\n\n\n<p>elle s\u2019est battue.<\/p>\n\n\n\n<p>Comme jamais.<\/p>\n\n\n\n<p>Elle a surv\u00e9cu.<\/p>\n\n\n\n<p>Aujourd\u2019hui\u2026 elle est en r\u00e9mission.<\/p>\n\n\n\n<p>Et moi ?<\/p>\n\n\n\n<p>J\u2019ai grandi trop vite.<\/p>\n\n\n\n<p>Je travaillais la nuit dans une \u00e9picerie.<\/p>\n\n\n\n<p>J\u2019\u00e9tudiais dans les salles d\u2019attente des h\u00f4pitaux.<\/p>\n\n\n\n<p>Je l\u2019aidais \u00e0 se laver\u2026<\/p>\n\n\n\n<p>quand elle ne pouvait plus se lever.<\/p>\n\n\n\n<p>J\u2019ai pris une d\u00e9cision.<\/p>\n\n\n\n<p>Si quelqu\u2019un devait rester\u2026<\/p>\n\n\n\n<p>ce serait moi.<\/p>\n\n\n\n<p>Je suis devenue infirmi\u00e8re.<\/p>\n\n\n\n<p>Dix ans plus tard\u2026<\/p>\n\n\n\n<p>je suis cadre de sant\u00e9 dans un centre neurologique.<\/p>\n\n\n\n<p>Nous accueillons les cas les plus lourds.<\/p>\n\n\n\n<p>Ceux que personne ne veut.<\/p>\n\n\n\n<p>La semaine derni\u00e8re\u2026<\/p>\n\n\n\n<p>un nouveau patient est arriv\u00e9.<\/p>\n\n\n\n<p>AVC massif.<\/p>\n\n\n\n<p>Paralysie du c\u00f4t\u00e9 droit.<\/p>\n\n\n\n<p>L\u2019assistante sociale soupira :<\/p>\n\n\n\n<p>\u2014 Sa femme l\u2019a laiss\u00e9 devant l\u2019h\u00f4pital.<br>\u2014 Elle a demand\u00e9 le divorce le lendemain.<br>\u2014 Elle dit qu\u2019elle est trop jeune pour s\u2019occuper de lui.<\/p>\n\n\n\n<p>Un frisson m\u2019a travers\u00e9e.<\/p>\n\n\n\n<p>J\u2019ai pris le dossier.<\/p>\n\n\n\n<p>Le nom.<\/p>\n\n\n\n<p>La date de naissance.<\/p>\n\n\n\n<p>Mon c\u0153ur s\u2019est arr\u00eat\u00e9.<\/p>\n\n\n\n<p>C\u2019\u00e9tait lui.<\/p>\n\n\n\n<p>Mon p\u00e8re.<\/p>\n\n\n\n<p>Quand je suis entr\u00e9e dans la chambre 304\u2026<\/p>\n\n\n\n<p>ses yeux se sont remplis de panique.<\/p>\n\n\n\n<p>Il m\u2019a reconnue.<\/p>\n\n\n\n<p>Imm\u00e9diatement.<\/p>\n\n\n\n<p>Sa main gauche tremblait.<\/p>\n\n\n\n<p>Il essayait de bouger.<\/p>\n\n\n\n<p>D\u00e9sesp\u00e9r\u00e9ment.<\/p>\n\n\n\n<p>\u2014 Ne\u2026 me laisse pas\u2026 r\u00e9ussit-il \u00e0 dire.<\/p>\n\n\n\n<p>\u2014 S\u2019il te pla\u00eet\u2026<\/p>\n\n\n\n<p>Puis il a attrap\u00e9 ma main.<\/p>\n\n\n\n<p>Et il y a gliss\u00e9 quelque chose.<\/p>\n\n\n\n<p>\u2014 Prends\u2026 \u00e7a\u2026<\/p>\n\n\n\n<p>J\u2019ai baiss\u00e9 les yeux.<\/p>\n\n\n\n<p>Et quand j\u2019ai vu ce que c\u2019\u00e9tait\u2026<\/p>\n\n\n\n<p>mon souffle s\u2019est coup\u00e9.<\/p>\n\n\n\n<p>C\u2019\u00e9tait\u2026<\/p>\n\n\n\n<p>la vieille montre.<\/p>\n\n\n\n<p>Celle qu\u2019il regardait\u2026<\/p>\n\n\n\n<p>le jour o\u00f9 il nous a abandonn\u00e9s.<\/p>\n","protected":false},"excerpt":{"rendered":"Dix ans plus tard, il s\u2019est retrouv\u00e9 devant moi \u2014 incapable de bouger\u2026 et suppliant que je ne parte pas \ud83d\ude33 J\u2019avais 14 \n<a class=\"moretag\" href=\"https:\/\/gazeta.am\/?p=940\"> [...]<\/a>","protected":false},"author":1,"featured_media":941,"comment_status":"open","ping_status":"open","sticky":false,"template":"","format":"standard","meta":{"footnotes":""},"categories":[1],"tags":[],"class_list":["post-940","post","type-post","status-publish","format-standard","has-post-thumbnail","hentry","category-1"],"yoast_head":"<!-- This site is optimized with the Yoast SEO plugin v27.4 - https:\/\/yoast.com\/product\/yoast-seo-wordpress\/ -->\n<title>Le jour o\u00f9 ma m\u00e8re a commenc\u00e9 sa chimioth\u00e9rapie\u2026mon p\u00e8re a fait sa valise et nous a abandonn\u00e9s. -<\/title>\n<meta name=\"robots\" content=\"index, follow, max-snippet:-1, max-image-preview:large, max-video-preview:-1\" \/>\n<link rel=\"canonical\" href=\"https:\/\/gazeta.am\/?p=940\" \/>\n<meta property=\"og:locale\" content=\"ru_RU\" \/>\n<meta property=\"og:type\" content=\"article\" \/>\n<meta property=\"og:title\" content=\"Le jour o\u00f9 ma m\u00e8re a commenc\u00e9 sa chimioth\u00e9rapie\u2026mon p\u00e8re a fait sa valise et nous a abandonn\u00e9s. -\" \/>\n<meta property=\"og:description\" content=\"Dix ans plus tard, il s\u2019est retrouv\u00e9 devant moi \u2014 incapable de bouger\u2026 et suppliant que je ne parte pas \ud83d\ude33 J\u2019avais 14\" \/>\n<meta property=\"og:url\" content=\"https:\/\/gazeta.am\/?p=940\" \/>\n<meta property=\"article:published_time\" content=\"2026-03-23T15:38:07+00:00\" \/>\n<meta property=\"article:modified_time\" content=\"2026-03-23T15:38:08+00:00\" \/>\n<meta property=\"og:image\" content=\"https:\/\/gazeta.am\/wp-content\/uploads\/2026\/03\/1a-16.jpg\" \/>\n\t<meta property=\"og:image:width\" content=\"507\" \/>\n\t<meta property=\"og:image:height\" content=\"533\" \/>\n\t<meta property=\"og:image:type\" content=\"image\/jpeg\" \/>\n<meta name=\"author\" content=\"admin\" \/>\n<meta name=\"twitter:card\" content=\"summary_large_image\" \/>\n<meta name=\"twitter:label1\" content=\"\u041d\u0430\u043f\u0438\u0441\u0430\u043d\u043e \u0430\u0432\u0442\u043e\u0440\u043e\u043c\" \/>\n\t<meta name=\"twitter:data1\" content=\"admin\" \/>\n\t<meta name=\"twitter:label2\" content=\"\u041f\u0440\u0438\u043c\u0435\u0440\u043d\u043e\u0435 \u0432\u0440\u0435\u043c\u044f \u0434\u043b\u044f \u0447\u0442\u0435\u043d\u0438\u044f\" \/>\n\t<meta name=\"twitter:data2\" content=\"4 \u043c\u0438\u043d\u0443\u0442\u044b\" \/>\n<script type=\"application\/ld+json\" class=\"yoast-schema-graph\">{\"@context\":\"https:\\\/\\\/schema.org\",\"@graph\":[{\"@type\":\"Article\",\"@id\":\"https:\\\/\\\/gazeta.am\\\/?p=940#article\",\"isPartOf\":{\"@id\":\"https:\\\/\\\/gazeta.am\\\/?p=940\"},\"author\":{\"name\":\"admin\",\"@id\":\"https:\\\/\\\/gazeta.am\\\/#\\\/schema\\\/person\\\/987709955e760c9a1ebbb44776f8cccc\"},\"headline\":\"Le jour o\u00f9 ma m\u00e8re a commenc\u00e9 sa chimioth\u00e9rapie\u2026mon p\u00e8re a fait sa valise et nous a abandonn\u00e9s.\",\"datePublished\":\"2026-03-23T15:38:07+00:00\",\"dateModified\":\"2026-03-23T15:38:08+00:00\",\"mainEntityOfPage\":{\"@id\":\"https:\\\/\\\/gazeta.am\\\/?p=940\"},\"wordCount\":722,\"commentCount\":0,\"image\":{\"@id\":\"https:\\\/\\\/gazeta.am\\\/?p=940#primaryimage\"},\"thumbnailUrl\":\"https:\\\/\\\/gazeta.am\\\/wp-content\\\/uploads\\\/2026\\\/03\\\/1a-16.jpg\",\"articleSection\":[\"NEWS\"],\"inLanguage\":\"ru-RU\",\"potentialAction\":[{\"@type\":\"CommentAction\",\"name\":\"Comment\",\"target\":[\"https:\\\/\\\/gazeta.am\\\/?p=940#respond\"]}]},{\"@type\":\"WebPage\",\"@id\":\"https:\\\/\\\/gazeta.am\\\/?p=940\",\"url\":\"https:\\\/\\\/gazeta.am\\\/?p=940\",\"name\":\"Le jour o\u00f9 ma m\u00e8re a commenc\u00e9 sa chimioth\u00e9rapie\u2026mon p\u00e8re a fait sa valise et nous a abandonn\u00e9s. -\",\"isPartOf\":{\"@id\":\"https:\\\/\\\/gazeta.am\\\/#website\"},\"primaryImageOfPage\":{\"@id\":\"https:\\\/\\\/gazeta.am\\\/?p=940#primaryimage\"},\"image\":{\"@id\":\"https:\\\/\\\/gazeta.am\\\/?p=940#primaryimage\"},\"thumbnailUrl\":\"https:\\\/\\\/gazeta.am\\\/wp-content\\\/uploads\\\/2026\\\/03\\\/1a-16.jpg\",\"datePublished\":\"2026-03-23T15:38:07+00:00\",\"dateModified\":\"2026-03-23T15:38:08+00:00\",\"author\":{\"@id\":\"https:\\\/\\\/gazeta.am\\\/#\\\/schema\\\/person\\\/987709955e760c9a1ebbb44776f8cccc\"},\"breadcrumb\":{\"@id\":\"https:\\\/\\\/gazeta.am\\\/?p=940#breadcrumb\"},\"inLanguage\":\"ru-RU\",\"potentialAction\":[{\"@type\":\"ReadAction\",\"target\":[\"https:\\\/\\\/gazeta.am\\\/?p=940\"]}]},{\"@type\":\"ImageObject\",\"inLanguage\":\"ru-RU\",\"@id\":\"https:\\\/\\\/gazeta.am\\\/?p=940#primaryimage\",\"url\":\"https:\\\/\\\/gazeta.am\\\/wp-content\\\/uploads\\\/2026\\\/03\\\/1a-16.jpg\",\"contentUrl\":\"https:\\\/\\\/gazeta.am\\\/wp-content\\\/uploads\\\/2026\\\/03\\\/1a-16.jpg\",\"width\":507,\"height\":533},{\"@type\":\"BreadcrumbList\",\"@id\":\"https:\\\/\\\/gazeta.am\\\/?p=940#breadcrumb\",\"itemListElement\":[{\"@type\":\"ListItem\",\"position\":1,\"name\":\"\u0413\u043b\u0430\u0432\u043d\u0430\u044f \u0441\u0442\u0440\u0430\u043d\u0438\u0446\u0430\",\"item\":\"https:\\\/\\\/gazeta.am\\\/\"},{\"@type\":\"ListItem\",\"position\":2,\"name\":\"Le jour o\u00f9 ma m\u00e8re a commenc\u00e9 sa chimioth\u00e9rapie\u2026mon p\u00e8re a fait sa valise et nous a abandonn\u00e9s.\"}]},{\"@type\":\"WebSite\",\"@id\":\"https:\\\/\\\/gazeta.am\\\/#website\",\"url\":\"https:\\\/\\\/gazeta.am\\\/\",\"name\":\"\",\"description\":\"\",\"potentialAction\":[{\"@type\":\"SearchAction\",\"target\":{\"@type\":\"EntryPoint\",\"urlTemplate\":\"https:\\\/\\\/gazeta.am\\\/?s={search_term_string}\"},\"query-input\":{\"@type\":\"PropertyValueSpecification\",\"valueRequired\":true,\"valueName\":\"search_term_string\"}}],\"inLanguage\":\"ru-RU\"},{\"@type\":\"Person\",\"@id\":\"https:\\\/\\\/gazeta.am\\\/#\\\/schema\\\/person\\\/987709955e760c9a1ebbb44776f8cccc\",\"name\":\"admin\",\"image\":{\"@type\":\"ImageObject\",\"inLanguage\":\"ru-RU\",\"@id\":\"https:\\\/\\\/secure.gravatar.com\\\/avatar\\\/a24f4ac3a683f3c87303db525abc00db51ea26ccedee11dfaf1cc0f9a481a5d2?s=96&d=mm&r=g\",\"url\":\"https:\\\/\\\/secure.gravatar.com\\\/avatar\\\/a24f4ac3a683f3c87303db525abc00db51ea26ccedee11dfaf1cc0f9a481a5d2?s=96&d=mm&r=g\",\"contentUrl\":\"https:\\\/\\\/secure.gravatar.com\\\/avatar\\\/a24f4ac3a683f3c87303db525abc00db51ea26ccedee11dfaf1cc0f9a481a5d2?s=96&d=mm&r=g\",\"caption\":\"admin\"},\"sameAs\":[\"http:\\\/\\\/gazeta.am\"],\"url\":\"https:\\\/\\\/gazeta.am\\\/?author=1\"}]}<\/script>\n<!-- \/ Yoast SEO plugin. -->","yoast_head_json":{"title":"Le jour o\u00f9 ma m\u00e8re a commenc\u00e9 sa chimioth\u00e9rapie\u2026mon p\u00e8re a fait sa valise et nous a abandonn\u00e9s. -","robots":{"index":"index","follow":"follow","max-snippet":"max-snippet:-1","max-image-preview":"max-image-preview:large","max-video-preview":"max-video-preview:-1"},"canonical":"https:\/\/gazeta.am\/?p=940","og_locale":"ru_RU","og_type":"article","og_title":"Le jour o\u00f9 ma m\u00e8re a commenc\u00e9 sa chimioth\u00e9rapie\u2026mon p\u00e8re a fait sa valise et nous a abandonn\u00e9s. -","og_description":"Dix ans plus tard, il s\u2019est retrouv\u00e9 devant moi \u2014 incapable de bouger\u2026 et suppliant que je ne parte pas \ud83d\ude33 J\u2019avais 14","og_url":"https:\/\/gazeta.am\/?p=940","article_published_time":"2026-03-23T15:38:07+00:00","article_modified_time":"2026-03-23T15:38:08+00:00","og_image":[{"width":507,"height":533,"url":"https:\/\/gazeta.am\/wp-content\/uploads\/2026\/03\/1a-16.jpg","type":"image\/jpeg"}],"author":"admin","twitter_card":"summary_large_image","twitter_misc":{"\u041d\u0430\u043f\u0438\u0441\u0430\u043d\u043e \u0430\u0432\u0442\u043e\u0440\u043e\u043c":"admin","\u041f\u0440\u0438\u043c\u0435\u0440\u043d\u043e\u0435 \u0432\u0440\u0435\u043c\u044f \u0434\u043b\u044f \u0447\u0442\u0435\u043d\u0438\u044f":"4 \u043c\u0438\u043d\u0443\u0442\u044b"},"schema":{"@context":"https:\/\/schema.org","@graph":[{"@type":"Article","@id":"https:\/\/gazeta.am\/?p=940#article","isPartOf":{"@id":"https:\/\/gazeta.am\/?p=940"},"author":{"name":"admin","@id":"https:\/\/gazeta.am\/#\/schema\/person\/987709955e760c9a1ebbb44776f8cccc"},"headline":"Le jour o\u00f9 ma m\u00e8re a commenc\u00e9 sa chimioth\u00e9rapie\u2026mon p\u00e8re a fait sa valise et nous a abandonn\u00e9s.","datePublished":"2026-03-23T15:38:07+00:00","dateModified":"2026-03-23T15:38:08+00:00","mainEntityOfPage":{"@id":"https:\/\/gazeta.am\/?p=940"},"wordCount":722,"commentCount":0,"image":{"@id":"https:\/\/gazeta.am\/?p=940#primaryimage"},"thumbnailUrl":"https:\/\/gazeta.am\/wp-content\/uploads\/2026\/03\/1a-16.jpg","articleSection":["NEWS"],"inLanguage":"ru-RU","potentialAction":[{"@type":"CommentAction","name":"Comment","target":["https:\/\/gazeta.am\/?p=940#respond"]}]},{"@type":"WebPage","@id":"https:\/\/gazeta.am\/?p=940","url":"https:\/\/gazeta.am\/?p=940","name":"Le jour o\u00f9 ma m\u00e8re a commenc\u00e9 sa chimioth\u00e9rapie\u2026mon p\u00e8re a fait sa valise et nous a abandonn\u00e9s. -","isPartOf":{"@id":"https:\/\/gazeta.am\/#website"},"primaryImageOfPage":{"@id":"https:\/\/gazeta.am\/?p=940#primaryimage"},"image":{"@id":"https:\/\/gazeta.am\/?p=940#primaryimage"},"thumbnailUrl":"https:\/\/gazeta.am\/wp-content\/uploads\/2026\/03\/1a-16.jpg","datePublished":"2026-03-23T15:38:07+00:00","dateModified":"2026-03-23T15:38:08+00:00","author":{"@id":"https:\/\/gazeta.am\/#\/schema\/person\/987709955e760c9a1ebbb44776f8cccc"},"breadcrumb":{"@id":"https:\/\/gazeta.am\/?p=940#breadcrumb"},"inLanguage":"ru-RU","potentialAction":[{"@type":"ReadAction","target":["https:\/\/gazeta.am\/?p=940"]}]},{"@type":"ImageObject","inLanguage":"ru-RU","@id":"https:\/\/gazeta.am\/?p=940#primaryimage","url":"https:\/\/gazeta.am\/wp-content\/uploads\/2026\/03\/1a-16.jpg","contentUrl":"https:\/\/gazeta.am\/wp-content\/uploads\/2026\/03\/1a-16.jpg","width":507,"height":533},{"@type":"BreadcrumbList","@id":"https:\/\/gazeta.am\/?p=940#breadcrumb","itemListElement":[{"@type":"ListItem","position":1,"name":"\u0413\u043b\u0430\u0432\u043d\u0430\u044f \u0441\u0442\u0440\u0430\u043d\u0438\u0446\u0430","item":"https:\/\/gazeta.am\/"},{"@type":"ListItem","position":2,"name":"Le jour o\u00f9 ma m\u00e8re a commenc\u00e9 sa chimioth\u00e9rapie\u2026mon p\u00e8re a fait sa valise et nous a abandonn\u00e9s."}]},{"@type":"WebSite","@id":"https:\/\/gazeta.am\/#website","url":"https:\/\/gazeta.am\/","name":"","description":"","potentialAction":[{"@type":"SearchAction","target":{"@type":"EntryPoint","urlTemplate":"https:\/\/gazeta.am\/?s={search_term_string}"},"query-input":{"@type":"PropertyValueSpecification","valueRequired":true,"valueName":"search_term_string"}}],"inLanguage":"ru-RU"},{"@type":"Person","@id":"https:\/\/gazeta.am\/#\/schema\/person\/987709955e760c9a1ebbb44776f8cccc","name":"admin","image":{"@type":"ImageObject","inLanguage":"ru-RU","@id":"https:\/\/secure.gravatar.com\/avatar\/a24f4ac3a683f3c87303db525abc00db51ea26ccedee11dfaf1cc0f9a481a5d2?s=96&d=mm&r=g","url":"https:\/\/secure.gravatar.com\/avatar\/a24f4ac3a683f3c87303db525abc00db51ea26ccedee11dfaf1cc0f9a481a5d2?s=96&d=mm&r=g","contentUrl":"https:\/\/secure.gravatar.com\/avatar\/a24f4ac3a683f3c87303db525abc00db51ea26ccedee11dfaf1cc0f9a481a5d2?s=96&d=mm&r=g","caption":"admin"},"sameAs":["http:\/\/gazeta.am"],"url":"https:\/\/gazeta.am\/?author=1"}]}},"_links":{"self":[{"href":"https:\/\/gazeta.am\/index.php?rest_route=\/wp\/v2\/posts\/940","targetHints":{"allow":["GET"]}}],"collection":[{"href":"https:\/\/gazeta.am\/index.php?rest_route=\/wp\/v2\/posts"}],"about":[{"href":"https:\/\/gazeta.am\/index.php?rest_route=\/wp\/v2\/types\/post"}],"author":[{"embeddable":true,"href":"https:\/\/gazeta.am\/index.php?rest_route=\/wp\/v2\/users\/1"}],"replies":[{"embeddable":true,"href":"https:\/\/gazeta.am\/index.php?rest_route=%2Fwp%2Fv2%2Fcomments&post=940"}],"version-history":[{"count":1,"href":"https:\/\/gazeta.am\/index.php?rest_route=\/wp\/v2\/posts\/940\/revisions"}],"predecessor-version":[{"id":943,"href":"https:\/\/gazeta.am\/index.php?rest_route=\/wp\/v2\/posts\/940\/revisions\/943"}],"wp:featuredmedia":[{"embeddable":true,"href":"https:\/\/gazeta.am\/index.php?rest_route=\/wp\/v2\/media\/941"}],"wp:attachment":[{"href":"https:\/\/gazeta.am\/index.php?rest_route=%2Fwp%2Fv2%2Fmedia&parent=940"}],"wp:term":[{"taxonomy":"category","embeddable":true,"href":"https:\/\/gazeta.am\/index.php?rest_route=%2Fwp%2Fv2%2Fcategories&post=940"},{"taxonomy":"post_tag","embeddable":true,"href":"https:\/\/gazeta.am\/index.php?rest_route=%2Fwp%2Fv2%2Ftags&post=940"}],"curies":[{"name":"wp","href":"https:\/\/api.w.org\/{rel}","templated":true}]}}