{"id":676,"date":"2026-03-14T07:29:37","date_gmt":"2026-03-14T04:29:37","guid":{"rendered":"https:\/\/gazeta.am\/?p=676"},"modified":"2026-03-14T07:29:39","modified_gmt":"2026-03-14T04:29:39","slug":"je-voulais-me-cacher-au-fond-de-leglise-le-jour-ou-ma-future-belle-fille-a-fait-quelque-chose-qui-a-laisse-tous-les-invites-sans-voix","status":"publish","type":"post","link":"https:\/\/gazeta.am\/?p=676","title":{"rendered":"\u00ab Je voulais me cacher au fond de l\u2019\u00e9glise\u2026 \u00bb : le jour o\u00f9 ma future belle-fille a fait quelque chose qui a laiss\u00e9 tous les invit\u00e9s sans voix"},"content":{"rendered":"\n<p>Je n\u2019aurais jamais cru qu\u2019un jour je pourrais avoir honte d\u2019aller au mariage de mon propre fils.<\/p>\n\n\n\n<p>Et pourtant, ce matin-l\u00e0, en me regardant dans le miroir, j\u2019avais l\u2019impression de ne pas appartenir \u00e0 cette journ\u00e9e.<\/p>\n\n\n\n<p>Je voyais une femme fatigu\u00e9e de cinquante-six ans, aux mains ab\u00eem\u00e9es par des ann\u00e9es de travail, portant une robe ancienne qui avait connu des jours bien meilleurs.<\/p>\n\n\n\n<p>Une robe verte.<\/p>\n\n\n\n<p>La seule robe \u00e9l\u00e9gante que j\u2019aie jamais poss\u00e9d\u00e9e.<\/p>\n\n\n\n<p>Elle n\u2019\u00e9tait pas luxueuse. Elle n\u2019avait jamais \u00e9t\u00e9 \u00e0 la mode. Mais elle avait travers\u00e9 toute ma vie.<\/p>\n\n\n\n<p>Je l\u2019avais port\u00e9e le jour o\u00f9 mon fils \u00e9tait n\u00e9.<\/p>\n\n\n\n<p>Je l\u2019avais port\u00e9e lorsqu\u2019il avait re\u00e7u son dipl\u00f4me.<\/p>\n\n\n\n<p>Et maintenant\u2026 je la portais pour le voir se marier.<\/p>\n\n\n\n<p>Mais devant le miroir, une question me br\u00fblait le c\u0153ur :<\/p>\n\n\n\n<p><strong>Est-ce que je vais lui faire honte ?<\/strong><\/p>\n\n\n\n<hr class=\"wp-block-separator has-alpha-channel-opacity\"\/>\n\n\n\n<figure class=\"wp-block-image size-full\"><img loading=\"lazy\" decoding=\"async\" width=\"526\" height=\"789\" src=\"https:\/\/gazeta.am\/wp-content\/uploads\/2026\/03\/1s.jpg\" alt=\"\" class=\"wp-image-677\" srcset=\"https:\/\/gazeta.am\/wp-content\/uploads\/2026\/03\/1s.jpg 526w, https:\/\/gazeta.am\/wp-content\/uploads\/2026\/03\/1s-200x300.jpg 200w\" sizes=\"auto, (max-width: 526px) 100vw, 526px\" \/><\/figure>\n\n\n\n<h3 class=\"wp-block-heading\">Une vie simple, mais honn\u00eate<\/h3>\n\n\n\n<p>Je ne suis pas une femme riche.<\/p>\n\n\n\n<p>Je travaille depuis vingt-cinq ans dans une petite boutique de fruits et l\u00e9gumes au coin de la rue. Je me l\u00e8ve avant le lever du soleil pour pr\u00e9parer les \u00e9tals, porter les caisses, nettoyer le magasin.<\/p>\n\n\n\n<p>Mon salaire est modeste.<\/p>\n\n\n\n<p>Mais je n\u2019ai jamais eu honte de mon travail.<\/p>\n\n\n\n<p>Apr\u00e8s tout, c\u2019est gr\u00e2ce \u00e0 ce travail que j\u2019ai \u00e9lev\u00e9 mon fils.<\/p>\n\n\n\n<p>Seule.<\/p>\n\n\n\n<p>Son p\u00e8re est parti quand il n\u2019avait que trois ans. Il a disparu comme certains hommes disparaissent : sans explication, sans regret, laissant derri\u00e8re lui des promesses bris\u00e9es.<\/p>\n\n\n\n<p>Alors j\u2019ai appris \u00e0 tout faire seule.<\/p>\n\n\n\n<p>Je travaillais la journ\u00e9e.<\/p>\n\n\n\n<p>Je m\u2019occupais de lui le soir.<\/p>\n\n\n\n<p>Et m\u00eame quand l\u2019argent manquait, je faisais toujours en sorte qu\u2019il ne manque de rien.<\/p>\n\n\n\n<p>Je ne pouvais pas lui offrir des vacances luxueuses ni des v\u00eatements de marque.<\/p>\n\n\n\n<p>Mais je lui ai donn\u00e9 autre chose.<\/p>\n\n\n\n<p>Du respect.<\/p>\n\n\n\n<p>Du courage.<\/p>\n\n\n\n<p>Et la certitude qu\u2019il pouvait devenir quelqu\u2019un de bien.<\/p>\n\n\n\n<p>Et il l\u2019est devenu.<\/p>\n\n\n\n<p>C\u2019est pour cela que, le jour o\u00f9 il m\u2019a annonc\u00e9 qu\u2019il \u00e9tait amoureux, mon c\u0153ur s\u2019est rempli de fiert\u00e9.<\/p>\n\n\n\n<p>Mais aussi d\u2019inqui\u00e9tude.<\/p>\n\n\n\n<hr class=\"wp-block-separator has-alpha-channel-opacity\"\/>\n\n\n\n<h3 class=\"wp-block-heading\">Une famille tr\u00e8s diff\u00e9rente de la n\u00f4tre<\/h3>\n\n\n\n<p>La femme qu\u2019il aimait s\u2019appelait <strong>\u00c9lise<\/strong>.<\/p>\n\n\n\n<p>Elle \u00e9tait belle, intelligente et douce. D\u00e8s la premi\u00e8re fois que je l\u2019ai rencontr\u00e9e, j\u2019ai compris pourquoi mon fils \u00e9tait tomb\u00e9 amoureux.<\/p>\n\n\n\n<p>Mais j\u2019ai aussi compris quelque chose d\u2019autre.<\/p>\n\n\n\n<p>Elle venait d\u2019un monde tr\u00e8s diff\u00e9rent du n\u00f4tre.<\/p>\n\n\n\n<p>Sa famille \u00e9tait riche.<\/p>\n\n\n\n<p>Tr\u00e8s riche.<\/p>\n\n\n\n<p>Son p\u00e8re poss\u00e9dait plusieurs entreprises et sa m\u00e8re organisait des \u00e9v\u00e9nements de charit\u00e9 dans des h\u00f4tels luxueux.<\/p>\n\n\n\n<p>Leur maison ressemblait \u00e0 un magazine de d\u00e9coration.<\/p>\n\n\n\n<p>Tout \u00e9tait parfait.<\/p>\n\n\n\n<p>Tout brillait.<\/p>\n\n\n\n<p>Et moi\u2026 je me sentais comme une \u00e9trang\u00e8re.<\/p>\n\n\n\n<p>Quand mon fils m\u2019a annonc\u00e9 qu\u2019ils allaient se marier, j\u2019ai essay\u00e9 de sourire.<\/p>\n\n\n\n<p>Mais au fond de moi, une inqui\u00e9tude grandissait.<\/p>\n\n\n\n<p>Comment allais-je m\u2019int\u00e9grer dans ce monde ?<\/p>\n\n\n\n<hr class=\"wp-block-separator has-alpha-channel-opacity\"\/>\n\n\n\n<h3 class=\"wp-block-heading\">Trois mois d\u2019angoisse<\/h3>\n\n\n\n<p>Les pr\u00e9paratifs du mariage ont commenc\u00e9 rapidement.<\/p>\n\n\n\n<p>Les invitations, les fleurs, la musique, le lieu de r\u00e9ception\u2026 tout semblait sorti d\u2019un r\u00eave.<\/p>\n\n\n\n<p>Mais chaque d\u00e9tail me rappelait la m\u00eame chose :<\/p>\n\n\n\n<p><strong>je n\u2019avais pas ma place dans cet univers.<\/strong><\/p>\n\n\n\n<p>Les invit\u00e9s allaient venir avec leurs robes \u00e9l\u00e9gantes, leurs costumes parfaitement taill\u00e9s, leurs bijoux scintillants.<\/p>\n\n\n\n<p>Et moi ?<\/p>\n\n\n\n<p>Je n\u2019avais que ma vieille robe verte.<\/p>\n\n\n\n<p>Pendant trois mois, j\u2019ai mal dormi.<\/p>\n\n\n\n<p>Je pensais \u00e0 tout : les d\u00e9penses, les pr\u00e9paratifs, la vie future de mon fils.<\/p>\n\n\n\n<p>Mais surtout \u00e0 cette question simple et douloureuse :<\/p>\n\n\n\n<p><strong>Qu\u2019est-ce que je vais porter ?<\/strong><\/p>\n\n\n\n<p>J\u2019ai regard\u00e9 les vitrines des magasins.<\/p>\n\n\n\n<p>Les prix me faisaient presque rire.<\/p>\n\n\n\n<p>M\u00eame en \u00e9conomisant pendant des mois, je n\u2019aurais pas pu acheter une robe digne de cet \u00e9v\u00e9nement.<\/p>\n\n\n\n<p>Alors j\u2019ai pris ma d\u00e9cision.<\/p>\n\n\n\n<p>Je porterais la robe verte.<\/p>\n\n\n\n<p>Encore une fois.<\/p>\n\n\n\n<hr class=\"wp-block-separator has-alpha-channel-opacity\"\/>\n\n\n\n<h3 class=\"wp-block-heading\">L\u2019arriv\u00e9e \u00e0 l\u2019\u00e9glise<\/h3>\n\n\n\n<p>Le jour du mariage, mes mains tremblaient lorsque je suis entr\u00e9e dans l\u2019\u00e9glise.<\/p>\n\n\n\n<p>Elle \u00e9tait magnifique.<\/p>\n\n\n\n<p>Des fleurs blanches partout.<\/p>\n\n\n\n<p>Des bougies.<\/p>\n\n\n\n<p>De la musique douce.<\/p>\n\n\n\n<p>Mais d\u00e8s que j\u2019ai franchi la porte, j\u2019ai senti les regards.<\/p>\n\n\n\n<p>Les invit\u00e9s \u00e9taient \u00e9l\u00e9gants.<\/p>\n\n\n\n<p>Les femmes portaient des robes sophistiqu\u00e9es.<\/p>\n\n\n\n<p>Les hommes des costumes impeccables.<\/p>\n\n\n\n<p>Et moi\u2026<\/p>\n\n\n\n<p>ma robe semblait venir d\u2019une autre \u00e9poque.<\/p>\n\n\n\n<p>Les murmures ont commenc\u00e9 presque imm\u00e9diatement.<\/p>\n\n\n\n<p>\u2014 Mon Dieu\u2026 c\u2019est la m\u00e8re du mari\u00e9 ?<\/p>\n\n\n\n<p>\u2014 Elle aurait pu faire un effort\u2026<\/p>\n\n\n\n<p>\u2014 Quelle honte\u2026 son fils \u00e9pouse une fille d\u2019une famille riche et elle vient habill\u00e9e comme \u00e7a\u2026<\/p>\n\n\n\n<p>Chaque mot \u00e9tait comme une aiguille dans mon c\u0153ur.<\/p>\n\n\n\n<p>Je voulais dispara\u00eetre.<\/p>\n\n\n\n<p>Je me suis assise discr\u00e8tement au fond de l\u2019\u00e9glise.<\/p>\n\n\n\n<p>Je baissais les yeux.<\/p>\n\n\n\n<p>Je priais pour que la c\u00e9r\u00e9monie commence rapidement.<\/p>\n\n\n\n<p>Et c\u2019est \u00e0 ce moment-l\u00e0 que quelqu\u2019un s\u2019est approch\u00e9 de moi.<\/p>\n\n\n\n<hr class=\"wp-block-separator has-alpha-channel-opacity\"\/>\n\n\n\n<h3 class=\"wp-block-heading\">Le moment qui a tout chang\u00e9<\/h3>\n\n\n\n<p>J\u2019ai lev\u00e9 les yeux.<\/p>\n\n\n\n<p>C\u2019\u00e9tait <strong>\u00c9lise<\/strong>.<\/p>\n\n\n\n<p>Ma future belle-fille.<\/p>\n\n\n\n<p>Elle \u00e9tait magnifique dans sa robe blanche.<\/p>\n\n\n\n<p>Radieuse.<\/p>\n\n\n\n<p>Parfaite.<\/p>\n\n\n\n<p>\u00c0 c\u00f4t\u00e9 d\u2019elle, je me sentais encore plus petite, encore plus insignifiante.<\/p>\n\n\n\n<p>Elle me regarda quelques secondes.<\/p>\n\n\n\n<p>Puis elle prit doucement mes mains.<\/p>\n\n\n\n<p>L\u2019\u00e9glise devint silencieuse.<\/p>\n\n\n\n<p>Tous les regards se tourn\u00e8rent vers nous.<\/p>\n\n\n\n<p>Et ce qu\u2019elle dit ensuite choqua absolument tout le monde.<\/p>\n\n\n\n<p>Sa voix \u00e9tait claire.<\/p>\n\n\n\n<p>\u2014 Mesdames et messieurs\u2026 avant que la c\u00e9r\u00e9monie commence, je dois dire quelque chose d\u2019important.<\/p>\n\n\n\n<p>Les invit\u00e9s \u00e9chang\u00e8rent des regards surpris.<\/p>\n\n\n\n<p>Elle se tourna vers moi.<\/p>\n\n\n\n<p>Puis elle dit :<\/p>\n\n\n\n<p>\u2014 Cette femme\u2026 est la personne la plus courageuse que je connaisse.<\/p>\n\n\n\n<p>Je restai fig\u00e9e.<\/p>\n\n\n\n<p>Elle continua :<\/p>\n\n\n\n<p>\u2014 Elle a \u00e9lev\u00e9 l\u2019homme que j\u2019aime seule. Elle a travaill\u00e9 dur toute sa vie pour qu\u2019il devienne quelqu\u2019un de bon, de g\u00e9n\u00e9reux et de fort.<\/p>\n\n\n\n<p>Sa voix tremblait l\u00e9g\u00e8rement.<\/p>\n\n\n\n<p>\u2014 Et si aujourd\u2019hui je peux porter cette robe et vivre ce moment, c\u2019est gr\u00e2ce \u00e0 elle.<\/p>\n\n\n\n<p>Un silence total r\u00e9gnait dans l\u2019\u00e9glise.<\/p>\n\n\n\n<p>Puis elle fit quelque chose que personne n\u2019attendait.<\/p>\n\n\n\n<p>Elle s\u2019agenouilla devant moi.<\/p>\n\n\n\n<p>Oui.<\/p>\n\n\n\n<p>La mari\u00e9e, dans sa robe luxueuse, s\u2019agenouilla devant une simple vendeuse de fruits.<\/p>\n\n\n\n<p>Elle prit ma main et dit :<\/p>\n\n\n\n<p>\u2014 Je serais honor\u00e9e\u2026 si vous acceptiez d\u2019\u00eatre non seulement la m\u00e8re de mon mari, mais aussi ma seconde m\u00e8re.<\/p>\n\n\n\n<p>Je sentis mes yeux se remplir de larmes.<\/p>\n\n\n\n<p>Les invit\u00e9s \u00e9taient p\u00e9trifi\u00e9s.<\/p>\n\n\n\n<p>Certains essuyaient discr\u00e8tement leurs yeux.<\/p>\n\n\n\n<p>Et pour la premi\u00e8re fois depuis que j\u2019\u00e9tais entr\u00e9e dans cette \u00e9glise\u2026<\/p>\n\n\n\n<p>je ne me sentais plus pauvre.<\/p>\n\n\n\n<p>Je ne me sentais plus \u00e0 ma place au fond de la salle.<\/p>\n\n\n\n<p>Je me sentais simplement\u2026<\/p>\n\n\n\n<p><strong>fi\u00e8re.<\/strong><\/p>\n\n\n\n<p>Parce que parfois, la richesse la plus pr\u00e9cieuse n\u2019est pas dans les robes, les bijoux ou les grandes maisons.<\/p>\n\n\n\n<p>Elle est dans le c\u0153ur des personnes que nous avons \u00e9lev\u00e9es.<\/p>\n\n\n\n<p>Et ce jour-l\u00e0, ma belle-fille a rappel\u00e9 \u00e0 tout le monde une chose simple :<\/p>\n\n\n\n<p>La dignit\u00e9 ne s\u2019ach\u00e8te pas.<\/p>\n\n\n\n<p>Elle se construit toute une vie. \ud83d\udc94\u27a1\ufe0f\u2764\ufe0f<\/p>\n","protected":false},"excerpt":{"rendered":"Je n\u2019aurais jamais cru qu\u2019un jour je pourrais avoir honte d\u2019aller au mariage de mon propre fils. Et pourtant, ce matin-l\u00e0, en me \n<a class=\"moretag\" href=\"https:\/\/gazeta.am\/?p=676\"> [...]<\/a>","protected":false},"author":1,"featured_media":677,"comment_status":"open","ping_status":"open","sticky":false,"template":"","format":"standard","meta":{"footnotes":""},"categories":[1],"tags":[],"class_list":["post-676","post","type-post","status-publish","format-standard","has-post-thumbnail","hentry","category-1"],"yoast_head":"<!-- This site is optimized with the Yoast SEO plugin v27.4 - https:\/\/yoast.com\/product\/yoast-seo-wordpress\/ -->\n<title>\u00ab Je voulais me cacher au fond de l\u2019\u00e9glise\u2026 \u00bb : le jour o\u00f9 ma future belle-fille a fait quelque chose qui a laiss\u00e9 tous les invit\u00e9s sans voix -<\/title>\n<meta name=\"robots\" content=\"index, follow, max-snippet:-1, max-image-preview:large, max-video-preview:-1\" \/>\n<link rel=\"canonical\" href=\"https:\/\/gazeta.am\/?p=676\" \/>\n<meta property=\"og:locale\" content=\"ru_RU\" \/>\n<meta property=\"og:type\" content=\"article\" \/>\n<meta property=\"og:title\" content=\"\u00ab Je voulais me cacher au fond de l\u2019\u00e9glise\u2026 \u00bb : le jour o\u00f9 ma future belle-fille a fait quelque chose qui a laiss\u00e9 tous les invit\u00e9s sans voix -\" \/>\n<meta property=\"og:description\" content=\"Je n\u2019aurais jamais cru qu\u2019un jour je pourrais avoir honte d\u2019aller au mariage de mon propre fils. Et pourtant, ce matin-l\u00e0, en me\" \/>\n<meta property=\"og:url\" content=\"https:\/\/gazeta.am\/?p=676\" \/>\n<meta property=\"article:published_time\" content=\"2026-03-14T04:29:37+00:00\" \/>\n<meta property=\"article:modified_time\" content=\"2026-03-14T04:29:39+00:00\" \/>\n<meta property=\"og:image\" content=\"https:\/\/gazeta.am\/wp-content\/uploads\/2026\/03\/1s.jpg\" \/>\n\t<meta property=\"og:image:width\" content=\"526\" \/>\n\t<meta property=\"og:image:height\" content=\"789\" \/>\n\t<meta property=\"og:image:type\" content=\"image\/jpeg\" \/>\n<meta name=\"author\" content=\"admin\" \/>\n<meta name=\"twitter:card\" content=\"summary_large_image\" \/>\n<meta name=\"twitter:label1\" content=\"\u041d\u0430\u043f\u0438\u0441\u0430\u043d\u043e \u0430\u0432\u0442\u043e\u0440\u043e\u043c\" \/>\n\t<meta name=\"twitter:data1\" content=\"admin\" \/>\n\t<meta name=\"twitter:label2\" content=\"\u041f\u0440\u0438\u043c\u0435\u0440\u043d\u043e\u0435 \u0432\u0440\u0435\u043c\u044f \u0434\u043b\u044f \u0447\u0442\u0435\u043d\u0438\u044f\" \/>\n\t<meta name=\"twitter:data2\" content=\"7 \u043c\u0438\u043d\u0443\u0442\" \/>\n<script type=\"application\/ld+json\" class=\"yoast-schema-graph\">{\"@context\":\"https:\\\/\\\/schema.org\",\"@graph\":[{\"@type\":\"Article\",\"@id\":\"https:\\\/\\\/gazeta.am\\\/?p=676#article\",\"isPartOf\":{\"@id\":\"https:\\\/\\\/gazeta.am\\\/?p=676\"},\"author\":{\"name\":\"admin\",\"@id\":\"https:\\\/\\\/gazeta.am\\\/#\\\/schema\\\/person\\\/987709955e760c9a1ebbb44776f8cccc\"},\"headline\":\"\u00ab Je voulais me cacher au fond de l\u2019\u00e9glise\u2026 \u00bb : le jour o\u00f9 ma future belle-fille a fait quelque chose qui a laiss\u00e9 tous les invit\u00e9s sans voix\",\"datePublished\":\"2026-03-14T04:29:37+00:00\",\"dateModified\":\"2026-03-14T04:29:39+00:00\",\"mainEntityOfPage\":{\"@id\":\"https:\\\/\\\/gazeta.am\\\/?p=676\"},\"wordCount\":1255,\"commentCount\":0,\"image\":{\"@id\":\"https:\\\/\\\/gazeta.am\\\/?p=676#primaryimage\"},\"thumbnailUrl\":\"https:\\\/\\\/gazeta.am\\\/wp-content\\\/uploads\\\/2026\\\/03\\\/1s.jpg\",\"articleSection\":[\"NEWS\"],\"inLanguage\":\"ru-RU\",\"potentialAction\":[{\"@type\":\"CommentAction\",\"name\":\"Comment\",\"target\":[\"https:\\\/\\\/gazeta.am\\\/?p=676#respond\"]}]},{\"@type\":\"WebPage\",\"@id\":\"https:\\\/\\\/gazeta.am\\\/?p=676\",\"url\":\"https:\\\/\\\/gazeta.am\\\/?p=676\",\"name\":\"\u00ab Je voulais me cacher au fond de l\u2019\u00e9glise\u2026 \u00bb : le jour o\u00f9 ma future belle-fille a fait quelque chose qui a laiss\u00e9 tous les invit\u00e9s sans voix -\",\"isPartOf\":{\"@id\":\"https:\\\/\\\/gazeta.am\\\/#website\"},\"primaryImageOfPage\":{\"@id\":\"https:\\\/\\\/gazeta.am\\\/?p=676#primaryimage\"},\"image\":{\"@id\":\"https:\\\/\\\/gazeta.am\\\/?p=676#primaryimage\"},\"thumbnailUrl\":\"https:\\\/\\\/gazeta.am\\\/wp-content\\\/uploads\\\/2026\\\/03\\\/1s.jpg\",\"datePublished\":\"2026-03-14T04:29:37+00:00\",\"dateModified\":\"2026-03-14T04:29:39+00:00\",\"author\":{\"@id\":\"https:\\\/\\\/gazeta.am\\\/#\\\/schema\\\/person\\\/987709955e760c9a1ebbb44776f8cccc\"},\"breadcrumb\":{\"@id\":\"https:\\\/\\\/gazeta.am\\\/?p=676#breadcrumb\"},\"inLanguage\":\"ru-RU\",\"potentialAction\":[{\"@type\":\"ReadAction\",\"target\":[\"https:\\\/\\\/gazeta.am\\\/?p=676\"]}]},{\"@type\":\"ImageObject\",\"inLanguage\":\"ru-RU\",\"@id\":\"https:\\\/\\\/gazeta.am\\\/?p=676#primaryimage\",\"url\":\"https:\\\/\\\/gazeta.am\\\/wp-content\\\/uploads\\\/2026\\\/03\\\/1s.jpg\",\"contentUrl\":\"https:\\\/\\\/gazeta.am\\\/wp-content\\\/uploads\\\/2026\\\/03\\\/1s.jpg\",\"width\":526,\"height\":789},{\"@type\":\"BreadcrumbList\",\"@id\":\"https:\\\/\\\/gazeta.am\\\/?p=676#breadcrumb\",\"itemListElement\":[{\"@type\":\"ListItem\",\"position\":1,\"name\":\"\u0413\u043b\u0430\u0432\u043d\u0430\u044f \u0441\u0442\u0440\u0430\u043d\u0438\u0446\u0430\",\"item\":\"https:\\\/\\\/gazeta.am\\\/\"},{\"@type\":\"ListItem\",\"position\":2,\"name\":\"\u00ab Je voulais me cacher au fond de l\u2019\u00e9glise\u2026 \u00bb : le jour o\u00f9 ma future belle-fille a fait quelque chose qui a laiss\u00e9 tous les invit\u00e9s sans voix\"}]},{\"@type\":\"WebSite\",\"@id\":\"https:\\\/\\\/gazeta.am\\\/#website\",\"url\":\"https:\\\/\\\/gazeta.am\\\/\",\"name\":\"\",\"description\":\"\",\"potentialAction\":[{\"@type\":\"SearchAction\",\"target\":{\"@type\":\"EntryPoint\",\"urlTemplate\":\"https:\\\/\\\/gazeta.am\\\/?s={search_term_string}\"},\"query-input\":{\"@type\":\"PropertyValueSpecification\",\"valueRequired\":true,\"valueName\":\"search_term_string\"}}],\"inLanguage\":\"ru-RU\"},{\"@type\":\"Person\",\"@id\":\"https:\\\/\\\/gazeta.am\\\/#\\\/schema\\\/person\\\/987709955e760c9a1ebbb44776f8cccc\",\"name\":\"admin\",\"image\":{\"@type\":\"ImageObject\",\"inLanguage\":\"ru-RU\",\"@id\":\"https:\\\/\\\/secure.gravatar.com\\\/avatar\\\/a24f4ac3a683f3c87303db525abc00db51ea26ccedee11dfaf1cc0f9a481a5d2?s=96&d=mm&r=g\",\"url\":\"https:\\\/\\\/secure.gravatar.com\\\/avatar\\\/a24f4ac3a683f3c87303db525abc00db51ea26ccedee11dfaf1cc0f9a481a5d2?s=96&d=mm&r=g\",\"contentUrl\":\"https:\\\/\\\/secure.gravatar.com\\\/avatar\\\/a24f4ac3a683f3c87303db525abc00db51ea26ccedee11dfaf1cc0f9a481a5d2?s=96&d=mm&r=g\",\"caption\":\"admin\"},\"sameAs\":[\"http:\\\/\\\/gazeta.am\"],\"url\":\"https:\\\/\\\/gazeta.am\\\/?author=1\"}]}<\/script>\n<!-- \/ Yoast SEO plugin. -->","yoast_head_json":{"title":"\u00ab Je voulais me cacher au fond de l\u2019\u00e9glise\u2026 \u00bb : le jour o\u00f9 ma future belle-fille a fait quelque chose qui a laiss\u00e9 tous les invit\u00e9s sans voix -","robots":{"index":"index","follow":"follow","max-snippet":"max-snippet:-1","max-image-preview":"max-image-preview:large","max-video-preview":"max-video-preview:-1"},"canonical":"https:\/\/gazeta.am\/?p=676","og_locale":"ru_RU","og_type":"article","og_title":"\u00ab Je voulais me cacher au fond de l\u2019\u00e9glise\u2026 \u00bb : le jour o\u00f9 ma future belle-fille a fait quelque chose qui a laiss\u00e9 tous les invit\u00e9s sans voix -","og_description":"Je n\u2019aurais jamais cru qu\u2019un jour je pourrais avoir honte d\u2019aller au mariage de mon propre fils. Et pourtant, ce matin-l\u00e0, en me","og_url":"https:\/\/gazeta.am\/?p=676","article_published_time":"2026-03-14T04:29:37+00:00","article_modified_time":"2026-03-14T04:29:39+00:00","og_image":[{"width":526,"height":789,"url":"https:\/\/gazeta.am\/wp-content\/uploads\/2026\/03\/1s.jpg","type":"image\/jpeg"}],"author":"admin","twitter_card":"summary_large_image","twitter_misc":{"\u041d\u0430\u043f\u0438\u0441\u0430\u043d\u043e \u0430\u0432\u0442\u043e\u0440\u043e\u043c":"admin","\u041f\u0440\u0438\u043c\u0435\u0440\u043d\u043e\u0435 \u0432\u0440\u0435\u043c\u044f \u0434\u043b\u044f \u0447\u0442\u0435\u043d\u0438\u044f":"7 \u043c\u0438\u043d\u0443\u0442"},"schema":{"@context":"https:\/\/schema.org","@graph":[{"@type":"Article","@id":"https:\/\/gazeta.am\/?p=676#article","isPartOf":{"@id":"https:\/\/gazeta.am\/?p=676"},"author":{"name":"admin","@id":"https:\/\/gazeta.am\/#\/schema\/person\/987709955e760c9a1ebbb44776f8cccc"},"headline":"\u00ab Je voulais me cacher au fond de l\u2019\u00e9glise\u2026 \u00bb : le jour o\u00f9 ma future belle-fille a fait quelque chose qui a laiss\u00e9 tous les invit\u00e9s sans voix","datePublished":"2026-03-14T04:29:37+00:00","dateModified":"2026-03-14T04:29:39+00:00","mainEntityOfPage":{"@id":"https:\/\/gazeta.am\/?p=676"},"wordCount":1255,"commentCount":0,"image":{"@id":"https:\/\/gazeta.am\/?p=676#primaryimage"},"thumbnailUrl":"https:\/\/gazeta.am\/wp-content\/uploads\/2026\/03\/1s.jpg","articleSection":["NEWS"],"inLanguage":"ru-RU","potentialAction":[{"@type":"CommentAction","name":"Comment","target":["https:\/\/gazeta.am\/?p=676#respond"]}]},{"@type":"WebPage","@id":"https:\/\/gazeta.am\/?p=676","url":"https:\/\/gazeta.am\/?p=676","name":"\u00ab Je voulais me cacher au fond de l\u2019\u00e9glise\u2026 \u00bb : le jour o\u00f9 ma future belle-fille a fait quelque chose qui a laiss\u00e9 tous les invit\u00e9s sans voix -","isPartOf":{"@id":"https:\/\/gazeta.am\/#website"},"primaryImageOfPage":{"@id":"https:\/\/gazeta.am\/?p=676#primaryimage"},"image":{"@id":"https:\/\/gazeta.am\/?p=676#primaryimage"},"thumbnailUrl":"https:\/\/gazeta.am\/wp-content\/uploads\/2026\/03\/1s.jpg","datePublished":"2026-03-14T04:29:37+00:00","dateModified":"2026-03-14T04:29:39+00:00","author":{"@id":"https:\/\/gazeta.am\/#\/schema\/person\/987709955e760c9a1ebbb44776f8cccc"},"breadcrumb":{"@id":"https:\/\/gazeta.am\/?p=676#breadcrumb"},"inLanguage":"ru-RU","potentialAction":[{"@type":"ReadAction","target":["https:\/\/gazeta.am\/?p=676"]}]},{"@type":"ImageObject","inLanguage":"ru-RU","@id":"https:\/\/gazeta.am\/?p=676#primaryimage","url":"https:\/\/gazeta.am\/wp-content\/uploads\/2026\/03\/1s.jpg","contentUrl":"https:\/\/gazeta.am\/wp-content\/uploads\/2026\/03\/1s.jpg","width":526,"height":789},{"@type":"BreadcrumbList","@id":"https:\/\/gazeta.am\/?p=676#breadcrumb","itemListElement":[{"@type":"ListItem","position":1,"name":"\u0413\u043b\u0430\u0432\u043d\u0430\u044f \u0441\u0442\u0440\u0430\u043d\u0438\u0446\u0430","item":"https:\/\/gazeta.am\/"},{"@type":"ListItem","position":2,"name":"\u00ab Je voulais me cacher au fond de l\u2019\u00e9glise\u2026 \u00bb : le jour o\u00f9 ma future belle-fille a fait quelque chose qui a laiss\u00e9 tous les invit\u00e9s sans voix"}]},{"@type":"WebSite","@id":"https:\/\/gazeta.am\/#website","url":"https:\/\/gazeta.am\/","name":"","description":"","potentialAction":[{"@type":"SearchAction","target":{"@type":"EntryPoint","urlTemplate":"https:\/\/gazeta.am\/?s={search_term_string}"},"query-input":{"@type":"PropertyValueSpecification","valueRequired":true,"valueName":"search_term_string"}}],"inLanguage":"ru-RU"},{"@type":"Person","@id":"https:\/\/gazeta.am\/#\/schema\/person\/987709955e760c9a1ebbb44776f8cccc","name":"admin","image":{"@type":"ImageObject","inLanguage":"ru-RU","@id":"https:\/\/secure.gravatar.com\/avatar\/a24f4ac3a683f3c87303db525abc00db51ea26ccedee11dfaf1cc0f9a481a5d2?s=96&d=mm&r=g","url":"https:\/\/secure.gravatar.com\/avatar\/a24f4ac3a683f3c87303db525abc00db51ea26ccedee11dfaf1cc0f9a481a5d2?s=96&d=mm&r=g","contentUrl":"https:\/\/secure.gravatar.com\/avatar\/a24f4ac3a683f3c87303db525abc00db51ea26ccedee11dfaf1cc0f9a481a5d2?s=96&d=mm&r=g","caption":"admin"},"sameAs":["http:\/\/gazeta.am"],"url":"https:\/\/gazeta.am\/?author=1"}]}},"_links":{"self":[{"href":"https:\/\/gazeta.am\/index.php?rest_route=\/wp\/v2\/posts\/676","targetHints":{"allow":["GET"]}}],"collection":[{"href":"https:\/\/gazeta.am\/index.php?rest_route=\/wp\/v2\/posts"}],"about":[{"href":"https:\/\/gazeta.am\/index.php?rest_route=\/wp\/v2\/types\/post"}],"author":[{"embeddable":true,"href":"https:\/\/gazeta.am\/index.php?rest_route=\/wp\/v2\/users\/1"}],"replies":[{"embeddable":true,"href":"https:\/\/gazeta.am\/index.php?rest_route=%2Fwp%2Fv2%2Fcomments&post=676"}],"version-history":[{"count":1,"href":"https:\/\/gazeta.am\/index.php?rest_route=\/wp\/v2\/posts\/676\/revisions"}],"predecessor-version":[{"id":678,"href":"https:\/\/gazeta.am\/index.php?rest_route=\/wp\/v2\/posts\/676\/revisions\/678"}],"wp:featuredmedia":[{"embeddable":true,"href":"https:\/\/gazeta.am\/index.php?rest_route=\/wp\/v2\/media\/677"}],"wp:attachment":[{"href":"https:\/\/gazeta.am\/index.php?rest_route=%2Fwp%2Fv2%2Fmedia&parent=676"}],"wp:term":[{"taxonomy":"category","embeddable":true,"href":"https:\/\/gazeta.am\/index.php?rest_route=%2Fwp%2Fv2%2Fcategories&post=676"},{"taxonomy":"post_tag","embeddable":true,"href":"https:\/\/gazeta.am\/index.php?rest_route=%2Fwp%2Fv2%2Ftags&post=676"}],"curies":[{"name":"wp","href":"https:\/\/api.w.org\/{rel}","templated":true}]}}