{"id":655,"date":"2026-03-13T07:07:46","date_gmt":"2026-03-13T04:07:46","guid":{"rendered":"https:\/\/gazeta.am\/?p=655"},"modified":"2026-03-13T07:07:48","modified_gmt":"2026-03-13T04:07:48","slug":"le-vieil-homme-du-parc-lhistoire-incroyable-qui-a-laisse-tout-le-monde-sans-voix","status":"publish","type":"post","link":"https:\/\/gazeta.am\/?p=655","title":{"rendered":"Le vieil homme du parc : l\u2019histoire incroyable qui a laiss\u00e9 tout le monde sans voix"},"content":{"rendered":"\n<p>Un apr\u00e8s-midi ordinaire baignait le parc d\u2019une lumi\u00e8re chaude et paisible. Le soleil traversait doucement les branches des vieux platanes, dessinant des taches dor\u00e9es sur les all\u00e9es de gravier. Des enfants riaient pr\u00e8s de l\u2019aire de jeux, un couple promenait un chien, et quelques retrait\u00e9s lisaient tranquillement leur journal.<\/p>\n\n\n\n<p>Tout semblait normal.<\/p>\n\n\n\n<p>Rien ne laissait pr\u00e9sager que, quelques minutes plus tard, cette tranquillit\u00e9 serait bris\u00e9e par une sc\u00e8ne que personne n\u2019oublierait jamais.<\/p>\n\n\n\n<p>Sur un vieux banc en bois un peu ab\u00eem\u00e9, \u00e0 l\u2019ombre d\u2019un grand arbre, un homme \u00e2g\u00e9 \u00e9tait assis seul. Il portait un manteau sombre et un chapeau simple. \u00c0 c\u00f4t\u00e9 de lui se trouvait une petite canne en bois, pos\u00e9e avec soin.<\/p>\n\n\n\n<p>Il observait les passants calmement, comme quelqu\u2019un qui conna\u00eet la valeur du silence.<\/p>\n\n\n\n<p>Ses cheveux \u00e9taient gris, son visage marqu\u00e9 par les ann\u00e9es, mais ses yeux\u2026 ses yeux avaient quelque chose d\u2019\u00e9trangement vif.<\/p>\n\n\n\n<p>Personne ne faisait vraiment attention \u00e0 lui.<\/p>\n\n\n\n<figure class=\"wp-block-image size-full\"><img loading=\"lazy\" decoding=\"async\" width=\"526\" height=\"704\" src=\"https:\/\/gazeta.am\/wp-content\/uploads\/2026\/03\/5a.jpg\" alt=\"\" class=\"wp-image-656\" srcset=\"https:\/\/gazeta.am\/wp-content\/uploads\/2026\/03\/5a.jpg 526w, https:\/\/gazeta.am\/wp-content\/uploads\/2026\/03\/5a-224x300.jpg 224w\" sizes=\"auto, (max-width: 526px) 100vw, 526px\" \/><\/figure>\n\n\n\n<p>Jusqu\u2019\u00e0 ce que trois jeunes hommes entrent dans le parc.<\/p>\n\n\n\n<p>Ils \u00e9taient bruyants, arrogants, visiblement persuad\u00e9s que le monde entier devait leur appartenir. Ils riaient fort, bousculaient les passants et parlaient d\u2019une voix trop forte pour un endroit aussi paisible.<\/p>\n\n\n\n<p>Au d\u00e9but, les gens tent\u00e8rent simplement de les ignorer.<\/p>\n\n\n\n<p>Mais bient\u00f4t, leur attention se posa sur le vieil homme.<\/p>\n\n\n\n<p>\u2014 H\u00e9, regardez \u00e7a\u2026 dit l\u2019un d\u2019eux en pointant le banc.<\/p>\n\n\n\n<p>\u2014 Un grand-p\u00e8re qui garde la meilleure place du parc, r\u00e9pondit un autre avec un sourire moqueur.<\/p>\n\n\n\n<p>Ils s\u2019approch\u00e8rent lentement, comme des pr\u00e9dateurs qui ont trouv\u00e9 une cible facile.<\/p>\n\n\n\n<p>Les passants commenc\u00e8rent \u00e0 regarder discr\u00e8tement la sc\u00e8ne. Beaucoup comprirent imm\u00e9diatement ce qui allait se passer.<\/p>\n\n\n\n<p>Trois jeunes brutes.<\/p>\n\n\n\n<p>Un vieil homme seul.<\/p>\n\n\n\n<p>L\u2019issue semblait \u00e9vidente.<\/p>\n\n\n\n<p>Le plus grand des gar\u00e7ons s\u2019arr\u00eata devant le banc, les mains dans les poches, et se pencha l\u00e9g\u00e8rement vers le vieil homme.<\/p>\n\n\n\n<p>\u2014 Grand-p\u00e8re, recule un peu. On veut s\u2019asseoir ici aussi, dit-il en ricanant.<\/p>\n\n\n\n<p>Les deux autres \u00e9clat\u00e8rent de rire.<\/p>\n\n\n\n<p>Le vieil homme leva lentement la t\u00eate.<\/p>\n\n\n\n<p>Son mouvement \u00e9tait calme, presque lent. Comme s\u2019il n\u2019\u00e9tait absolument pas press\u00e9.<\/p>\n\n\n\n<p>Son regard se posa sur les trois jeunes hommes.<\/p>\n\n\n\n<p>Et quelque chose dans ce regard \u00e9tait\u2026 \u00e9trange.<\/p>\n\n\n\n<p>Pas de peur.<\/p>\n\n\n\n<p>Pas de col\u00e8re.<\/p>\n\n\n\n<p>Juste une tranquillit\u00e9 profonde.<\/p>\n\n\n\n<p>Sa voix sortit finalement, pos\u00e9e et ferme :<\/p>\n\n\n\n<p>\u2014 Il y a beaucoup de bancs dans ce parc. Vous pouvez choisir celui que vous voulez.<\/p>\n\n\n\n<p>Pendant une seconde, le silence tomba.<\/p>\n\n\n\n<p>Puis les gar\u00e7ons \u00e9clat\u00e8rent de rire.<\/p>\n\n\n\n<p>\u2014 Vous avez entendu \u00e7a ? dit l\u2019un d\u2019eux en sortant son t\u00e9l\u00e9phone.<\/p>\n\n\n\n<p>\u2014 Le grand-p\u00e8re nous donne des ordres !<\/p>\n\n\n\n<p>Le second gar\u00e7on d\u00e9vissa une bouteille d\u2019eau et, sous les rires de ses amis, versa lentement le contenu sur le manteau du vieil homme.<\/p>\n\n\n\n<p>Quelques passants pouss\u00e8rent un soupir choqu\u00e9.<\/p>\n\n\n\n<p>Le t\u00e9l\u00e9phone filmait d\u00e9j\u00e0.<\/p>\n\n\n\n<p>\u2014 Regardez \u00e7a ! cria le premier gar\u00e7on. On va poster \u00e7a, \u00e7a va faire des milliers de vues !<\/p>\n\n\n\n<p>Le vieil homme resta immobile.<\/p>\n\n\n\n<p>L\u2019eau coulait sur son manteau, gouttait sur le bois du banc, mais il ne bougea pas.<\/p>\n\n\n\n<p>Il regardait simplement les gar\u00e7ons.<\/p>\n\n\n\n<p>Calmement.<\/p>\n\n\n\n<p>Comme s\u2019il observait des enfants capricieux.<\/p>\n\n\n\n<p>Le troisi\u00e8me gar\u00e7on, celui qui semblait le plus agressif, fit un pas en avant.<\/p>\n\n\n\n<p>Ses poings se serr\u00e8rent.<\/p>\n\n\n\n<p>\u2014 Tu crois qu\u2019on plaisante, vieux ?<\/p>\n\n\n\n<p>Il leva la main, pr\u00eat \u00e0 frapper.<\/p>\n\n\n\n<p>\u00c0 cet instant pr\u00e9cis, quelque chose changea.<\/p>\n\n\n\n<p>Ce fut subtil.<\/p>\n\n\n\n<p>Mais plusieurs t\u00e9moins dirent plus tard avoir senti l\u2019atmosph\u00e8re se transformer.<\/p>\n\n\n\n<p>Le vieil homme se leva.<\/p>\n\n\n\n<p>Lentement.<\/p>\n\n\n\n<p>Tr\u00e8s lentement.<\/p>\n\n\n\n<p>Mais d\u00e8s qu\u2019il fut debout, il ne paraissait plus fragile.<\/p>\n\n\n\n<p>Sa posture changea compl\u00e8tement.<\/p>\n\n\n\n<p>Son dos \u00e9tait droit.<\/p>\n\n\n\n<p>Ses \u00e9paules solides.<\/p>\n\n\n\n<p>Et ses yeux\u2026 ses yeux avaient soudain une intensit\u00e9 que personne n\u2019avait remarqu\u00e9e auparavant.<\/p>\n\n\n\n<p>Le gar\u00e7on h\u00e9sita.<\/p>\n\n\n\n<p>Juste une fraction de seconde.<\/p>\n\n\n\n<p>Mais c\u2019\u00e9tait d\u00e9j\u00e0 trop tard.<\/p>\n\n\n\n<p>Le vieil homme attrapa le poignet du jeune homme.<\/p>\n\n\n\n<p>Le mouvement fut si rapide que personne ne comprit ce qui venait de se passer.<\/p>\n\n\n\n<p>Un craquement sec retentit.<\/p>\n\n\n\n<p>Le gar\u00e7on poussa un cri de surprise et se retrouva au sol en une seconde.<\/p>\n\n\n\n<p>Les deux autres rest\u00e8rent fig\u00e9s.<\/p>\n\n\n\n<p>Le t\u00e9l\u00e9phone tomba presque des mains de celui qui filmait.<\/p>\n\n\n\n<p>Autour d\u2019eux, le parc devint soudain silencieux.<\/p>\n\n\n\n<p>Les passants s\u2019arr\u00eat\u00e8rent.<\/p>\n\n\n\n<p>Les chiens cess\u00e8rent d\u2019aboyer.<\/p>\n\n\n\n<p>M\u00eame les enfants semblaient regarder.<\/p>\n\n\n\n<p>Le vieil homme se tenait toujours debout, tenant le poignet du gar\u00e7on avec une pr\u00e9cision parfaite.<\/p>\n\n\n\n<p>\u2014 Quand on est jeune, dit-il calmement, on croit que la force est dans les poings.<\/p>\n\n\n\n<p>Il rel\u00e2cha le poignet.<\/p>\n\n\n\n<p>Le gar\u00e7on resta assis au sol, compl\u00e8tement abasourdi.<\/p>\n\n\n\n<p>Les deux autres recul\u00e8rent instinctivement.<\/p>\n\n\n\n<p>\u2014 Mais la vraie force\u2026 continua le vieil homme\u2026 vient de l\u2019esprit, de la discipline et du respect.<\/p>\n\n\n\n<p>Personne n\u2019osait parler.<\/p>\n\n\n\n<p>Puis une voix s\u2019\u00e9leva parmi les t\u00e9moins.<\/p>\n\n\n\n<p>\u2014 Attendez\u2026 je le reconnais !<\/p>\n\n\n\n<p>Un homme d\u2019\u00e2ge moyen s\u2019approcha, les yeux \u00e9carquill\u00e9s.<\/p>\n\n\n\n<p>\u2014 Ce n\u2019est pas juste un retrait\u00e9\u2026 murmura-t-il.<\/p>\n\n\n\n<p>Il se tourna vers les jeunes hommes.<\/p>\n\n\n\n<p>\u2014 Vous venez d\u2019essayer d\u2019attaquer l\u2019ancien instructeur de combat des forces sp\u00e9ciales.<\/p>\n\n\n\n<p>Un murmure parcourut la foule.<\/p>\n\n\n\n<p>Les gar\u00e7ons devinrent p\u00e2les.<\/p>\n\n\n\n<p>Le vieil homme ramassa calmement sa canne.<\/p>\n\n\n\n<p>\u2014 J\u2019ai pass\u00e9 quarante ans \u00e0 apprendre aux soldats comment survivre\u2026 dit-il doucement.<\/p>\n\n\n\n<p>Il regarda les trois jeunes.<\/p>\n\n\n\n<p>\u2014 Et aujourd\u2019hui, je vous ai simplement appris une le\u00e7on bien plus importante.<\/p>\n\n\n\n<p>Il remit son chapeau.<\/p>\n\n\n\n<p>\u2014 Respectez les autres.<\/p>\n\n\n\n<p>Sans attendre de r\u00e9ponse, il reprit sa place sur le banc.<\/p>\n\n\n\n<p>Les trois gar\u00e7ons partirent en silence.<\/p>\n\n\n\n<p>Plus tard, la vid\u00e9o film\u00e9e par l\u2019un d\u2019eux fit le tour d\u2019internet.<\/p>\n\n\n\n<p>Mais ce qui surprit le plus les gens, ce n\u2019\u00e9tait pas la rapidit\u00e9 du mouvement.<\/p>\n\n\n\n<p>Ni la chute spectaculaire.<\/p>\n\n\n\n<p>C\u2019\u00e9tait le calme absolu de cet homme.<\/p>\n\n\n\n<p>Un calme qui rappelait une v\u00e9rit\u00e9 simple mais puissante :<\/p>\n\n\n\n<p>On ne sait jamais qui se trouve devant nous.<\/p>\n\n\n\n<p>Et parfois, la personne qui semble la plus fragile\u2026<\/p>\n\n\n\n<p>est celle qu\u2019il vaut mieux ne jamais provoquer. \ud83d\ude32<\/p>\n","protected":false},"excerpt":{"rendered":"Un apr\u00e8s-midi ordinaire baignait le parc d\u2019une lumi\u00e8re chaude et paisible. Le soleil traversait doucement les branches des vieux platanes, dessinant des taches \n<a class=\"moretag\" href=\"https:\/\/gazeta.am\/?p=655\"> [...]<\/a>","protected":false},"author":1,"featured_media":656,"comment_status":"open","ping_status":"open","sticky":false,"template":"","format":"standard","meta":{"footnotes":""},"categories":[1],"tags":[],"class_list":["post-655","post","type-post","status-publish","format-standard","has-post-thumbnail","hentry","category-1"],"yoast_head":"<!-- This site is optimized with the Yoast SEO plugin v27.4 - https:\/\/yoast.com\/product\/yoast-seo-wordpress\/ -->\n<title>Le vieil homme du parc : l\u2019histoire incroyable qui a laiss\u00e9 tout le monde sans voix -<\/title>\n<meta name=\"robots\" content=\"index, follow, max-snippet:-1, max-image-preview:large, max-video-preview:-1\" \/>\n<link rel=\"canonical\" href=\"https:\/\/gazeta.am\/?p=655\" \/>\n<meta property=\"og:locale\" content=\"ru_RU\" \/>\n<meta property=\"og:type\" content=\"article\" \/>\n<meta property=\"og:title\" content=\"Le vieil homme du parc : l\u2019histoire incroyable qui a laiss\u00e9 tout le monde sans voix -\" \/>\n<meta property=\"og:description\" content=\"Un apr\u00e8s-midi ordinaire baignait le parc d\u2019une lumi\u00e8re chaude et paisible. Le soleil traversait doucement les branches des vieux platanes, dessinant des taches\" \/>\n<meta property=\"og:url\" content=\"https:\/\/gazeta.am\/?p=655\" \/>\n<meta property=\"article:published_time\" content=\"2026-03-13T04:07:46+00:00\" \/>\n<meta property=\"article:modified_time\" content=\"2026-03-13T04:07:48+00:00\" \/>\n<meta property=\"og:image\" content=\"https:\/\/gazeta.am\/wp-content\/uploads\/2026\/03\/5a.jpg\" \/>\n\t<meta property=\"og:image:width\" content=\"526\" \/>\n\t<meta property=\"og:image:height\" content=\"704\" \/>\n\t<meta property=\"og:image:type\" content=\"image\/jpeg\" \/>\n<meta name=\"author\" content=\"admin\" \/>\n<meta name=\"twitter:card\" content=\"summary_large_image\" \/>\n<meta name=\"twitter:label1\" content=\"\u041d\u0430\u043f\u0438\u0441\u0430\u043d\u043e \u0430\u0432\u0442\u043e\u0440\u043e\u043c\" \/>\n\t<meta name=\"twitter:data1\" content=\"admin\" \/>\n\t<meta name=\"twitter:label2\" content=\"\u041f\u0440\u0438\u043c\u0435\u0440\u043d\u043e\u0435 \u0432\u0440\u0435\u043c\u044f \u0434\u043b\u044f \u0447\u0442\u0435\u043d\u0438\u044f\" \/>\n\t<meta name=\"twitter:data2\" content=\"6 \u043c\u0438\u043d\u0443\u0442\" \/>\n<script type=\"application\/ld+json\" class=\"yoast-schema-graph\">{\"@context\":\"https:\\\/\\\/schema.org\",\"@graph\":[{\"@type\":\"Article\",\"@id\":\"https:\\\/\\\/gazeta.am\\\/?p=655#article\",\"isPartOf\":{\"@id\":\"https:\\\/\\\/gazeta.am\\\/?p=655\"},\"author\":{\"name\":\"admin\",\"@id\":\"https:\\\/\\\/gazeta.am\\\/#\\\/schema\\\/person\\\/987709955e760c9a1ebbb44776f8cccc\"},\"headline\":\"Le vieil homme du parc : l\u2019histoire incroyable qui a laiss\u00e9 tout le monde sans voix\",\"datePublished\":\"2026-03-13T04:07:46+00:00\",\"dateModified\":\"2026-03-13T04:07:48+00:00\",\"mainEntityOfPage\":{\"@id\":\"https:\\\/\\\/gazeta.am\\\/?p=655\"},\"wordCount\":1081,\"commentCount\":0,\"image\":{\"@id\":\"https:\\\/\\\/gazeta.am\\\/?p=655#primaryimage\"},\"thumbnailUrl\":\"https:\\\/\\\/gazeta.am\\\/wp-content\\\/uploads\\\/2026\\\/03\\\/5a.jpg\",\"articleSection\":[\"NEWS\"],\"inLanguage\":\"ru-RU\",\"potentialAction\":[{\"@type\":\"CommentAction\",\"name\":\"Comment\",\"target\":[\"https:\\\/\\\/gazeta.am\\\/?p=655#respond\"]}]},{\"@type\":\"WebPage\",\"@id\":\"https:\\\/\\\/gazeta.am\\\/?p=655\",\"url\":\"https:\\\/\\\/gazeta.am\\\/?p=655\",\"name\":\"Le vieil homme du parc : l\u2019histoire incroyable qui a laiss\u00e9 tout le monde sans voix -\",\"isPartOf\":{\"@id\":\"https:\\\/\\\/gazeta.am\\\/#website\"},\"primaryImageOfPage\":{\"@id\":\"https:\\\/\\\/gazeta.am\\\/?p=655#primaryimage\"},\"image\":{\"@id\":\"https:\\\/\\\/gazeta.am\\\/?p=655#primaryimage\"},\"thumbnailUrl\":\"https:\\\/\\\/gazeta.am\\\/wp-content\\\/uploads\\\/2026\\\/03\\\/5a.jpg\",\"datePublished\":\"2026-03-13T04:07:46+00:00\",\"dateModified\":\"2026-03-13T04:07:48+00:00\",\"author\":{\"@id\":\"https:\\\/\\\/gazeta.am\\\/#\\\/schema\\\/person\\\/987709955e760c9a1ebbb44776f8cccc\"},\"breadcrumb\":{\"@id\":\"https:\\\/\\\/gazeta.am\\\/?p=655#breadcrumb\"},\"inLanguage\":\"ru-RU\",\"potentialAction\":[{\"@type\":\"ReadAction\",\"target\":[\"https:\\\/\\\/gazeta.am\\\/?p=655\"]}]},{\"@type\":\"ImageObject\",\"inLanguage\":\"ru-RU\",\"@id\":\"https:\\\/\\\/gazeta.am\\\/?p=655#primaryimage\",\"url\":\"https:\\\/\\\/gazeta.am\\\/wp-content\\\/uploads\\\/2026\\\/03\\\/5a.jpg\",\"contentUrl\":\"https:\\\/\\\/gazeta.am\\\/wp-content\\\/uploads\\\/2026\\\/03\\\/5a.jpg\",\"width\":526,\"height\":704},{\"@type\":\"BreadcrumbList\",\"@id\":\"https:\\\/\\\/gazeta.am\\\/?p=655#breadcrumb\",\"itemListElement\":[{\"@type\":\"ListItem\",\"position\":1,\"name\":\"\u0413\u043b\u0430\u0432\u043d\u0430\u044f \u0441\u0442\u0440\u0430\u043d\u0438\u0446\u0430\",\"item\":\"https:\\\/\\\/gazeta.am\\\/\"},{\"@type\":\"ListItem\",\"position\":2,\"name\":\"Le vieil homme du parc : l\u2019histoire incroyable qui a laiss\u00e9 tout le monde sans voix\"}]},{\"@type\":\"WebSite\",\"@id\":\"https:\\\/\\\/gazeta.am\\\/#website\",\"url\":\"https:\\\/\\\/gazeta.am\\\/\",\"name\":\"\",\"description\":\"\",\"potentialAction\":[{\"@type\":\"SearchAction\",\"target\":{\"@type\":\"EntryPoint\",\"urlTemplate\":\"https:\\\/\\\/gazeta.am\\\/?s={search_term_string}\"},\"query-input\":{\"@type\":\"PropertyValueSpecification\",\"valueRequired\":true,\"valueName\":\"search_term_string\"}}],\"inLanguage\":\"ru-RU\"},{\"@type\":\"Person\",\"@id\":\"https:\\\/\\\/gazeta.am\\\/#\\\/schema\\\/person\\\/987709955e760c9a1ebbb44776f8cccc\",\"name\":\"admin\",\"image\":{\"@type\":\"ImageObject\",\"inLanguage\":\"ru-RU\",\"@id\":\"https:\\\/\\\/secure.gravatar.com\\\/avatar\\\/a24f4ac3a683f3c87303db525abc00db51ea26ccedee11dfaf1cc0f9a481a5d2?s=96&d=mm&r=g\",\"url\":\"https:\\\/\\\/secure.gravatar.com\\\/avatar\\\/a24f4ac3a683f3c87303db525abc00db51ea26ccedee11dfaf1cc0f9a481a5d2?s=96&d=mm&r=g\",\"contentUrl\":\"https:\\\/\\\/secure.gravatar.com\\\/avatar\\\/a24f4ac3a683f3c87303db525abc00db51ea26ccedee11dfaf1cc0f9a481a5d2?s=96&d=mm&r=g\",\"caption\":\"admin\"},\"sameAs\":[\"http:\\\/\\\/gazeta.am\"],\"url\":\"https:\\\/\\\/gazeta.am\\\/?author=1\"}]}<\/script>\n<!-- \/ Yoast SEO plugin. -->","yoast_head_json":{"title":"Le vieil homme du parc : l\u2019histoire incroyable qui a laiss\u00e9 tout le monde sans voix -","robots":{"index":"index","follow":"follow","max-snippet":"max-snippet:-1","max-image-preview":"max-image-preview:large","max-video-preview":"max-video-preview:-1"},"canonical":"https:\/\/gazeta.am\/?p=655","og_locale":"ru_RU","og_type":"article","og_title":"Le vieil homme du parc : l\u2019histoire incroyable qui a laiss\u00e9 tout le monde sans voix -","og_description":"Un apr\u00e8s-midi ordinaire baignait le parc d\u2019une lumi\u00e8re chaude et paisible. Le soleil traversait doucement les branches des vieux platanes, dessinant des taches","og_url":"https:\/\/gazeta.am\/?p=655","article_published_time":"2026-03-13T04:07:46+00:00","article_modified_time":"2026-03-13T04:07:48+00:00","og_image":[{"width":526,"height":704,"url":"https:\/\/gazeta.am\/wp-content\/uploads\/2026\/03\/5a.jpg","type":"image\/jpeg"}],"author":"admin","twitter_card":"summary_large_image","twitter_misc":{"\u041d\u0430\u043f\u0438\u0441\u0430\u043d\u043e \u0430\u0432\u0442\u043e\u0440\u043e\u043c":"admin","\u041f\u0440\u0438\u043c\u0435\u0440\u043d\u043e\u0435 \u0432\u0440\u0435\u043c\u044f \u0434\u043b\u044f \u0447\u0442\u0435\u043d\u0438\u044f":"6 \u043c\u0438\u043d\u0443\u0442"},"schema":{"@context":"https:\/\/schema.org","@graph":[{"@type":"Article","@id":"https:\/\/gazeta.am\/?p=655#article","isPartOf":{"@id":"https:\/\/gazeta.am\/?p=655"},"author":{"name":"admin","@id":"https:\/\/gazeta.am\/#\/schema\/person\/987709955e760c9a1ebbb44776f8cccc"},"headline":"Le vieil homme du parc : l\u2019histoire incroyable qui a laiss\u00e9 tout le monde sans voix","datePublished":"2026-03-13T04:07:46+00:00","dateModified":"2026-03-13T04:07:48+00:00","mainEntityOfPage":{"@id":"https:\/\/gazeta.am\/?p=655"},"wordCount":1081,"commentCount":0,"image":{"@id":"https:\/\/gazeta.am\/?p=655#primaryimage"},"thumbnailUrl":"https:\/\/gazeta.am\/wp-content\/uploads\/2026\/03\/5a.jpg","articleSection":["NEWS"],"inLanguage":"ru-RU","potentialAction":[{"@type":"CommentAction","name":"Comment","target":["https:\/\/gazeta.am\/?p=655#respond"]}]},{"@type":"WebPage","@id":"https:\/\/gazeta.am\/?p=655","url":"https:\/\/gazeta.am\/?p=655","name":"Le vieil homme du parc : l\u2019histoire incroyable qui a laiss\u00e9 tout le monde sans voix -","isPartOf":{"@id":"https:\/\/gazeta.am\/#website"},"primaryImageOfPage":{"@id":"https:\/\/gazeta.am\/?p=655#primaryimage"},"image":{"@id":"https:\/\/gazeta.am\/?p=655#primaryimage"},"thumbnailUrl":"https:\/\/gazeta.am\/wp-content\/uploads\/2026\/03\/5a.jpg","datePublished":"2026-03-13T04:07:46+00:00","dateModified":"2026-03-13T04:07:48+00:00","author":{"@id":"https:\/\/gazeta.am\/#\/schema\/person\/987709955e760c9a1ebbb44776f8cccc"},"breadcrumb":{"@id":"https:\/\/gazeta.am\/?p=655#breadcrumb"},"inLanguage":"ru-RU","potentialAction":[{"@type":"ReadAction","target":["https:\/\/gazeta.am\/?p=655"]}]},{"@type":"ImageObject","inLanguage":"ru-RU","@id":"https:\/\/gazeta.am\/?p=655#primaryimage","url":"https:\/\/gazeta.am\/wp-content\/uploads\/2026\/03\/5a.jpg","contentUrl":"https:\/\/gazeta.am\/wp-content\/uploads\/2026\/03\/5a.jpg","width":526,"height":704},{"@type":"BreadcrumbList","@id":"https:\/\/gazeta.am\/?p=655#breadcrumb","itemListElement":[{"@type":"ListItem","position":1,"name":"\u0413\u043b\u0430\u0432\u043d\u0430\u044f \u0441\u0442\u0440\u0430\u043d\u0438\u0446\u0430","item":"https:\/\/gazeta.am\/"},{"@type":"ListItem","position":2,"name":"Le vieil homme du parc : l\u2019histoire incroyable qui a laiss\u00e9 tout le monde sans voix"}]},{"@type":"WebSite","@id":"https:\/\/gazeta.am\/#website","url":"https:\/\/gazeta.am\/","name":"","description":"","potentialAction":[{"@type":"SearchAction","target":{"@type":"EntryPoint","urlTemplate":"https:\/\/gazeta.am\/?s={search_term_string}"},"query-input":{"@type":"PropertyValueSpecification","valueRequired":true,"valueName":"search_term_string"}}],"inLanguage":"ru-RU"},{"@type":"Person","@id":"https:\/\/gazeta.am\/#\/schema\/person\/987709955e760c9a1ebbb44776f8cccc","name":"admin","image":{"@type":"ImageObject","inLanguage":"ru-RU","@id":"https:\/\/secure.gravatar.com\/avatar\/a24f4ac3a683f3c87303db525abc00db51ea26ccedee11dfaf1cc0f9a481a5d2?s=96&d=mm&r=g","url":"https:\/\/secure.gravatar.com\/avatar\/a24f4ac3a683f3c87303db525abc00db51ea26ccedee11dfaf1cc0f9a481a5d2?s=96&d=mm&r=g","contentUrl":"https:\/\/secure.gravatar.com\/avatar\/a24f4ac3a683f3c87303db525abc00db51ea26ccedee11dfaf1cc0f9a481a5d2?s=96&d=mm&r=g","caption":"admin"},"sameAs":["http:\/\/gazeta.am"],"url":"https:\/\/gazeta.am\/?author=1"}]}},"_links":{"self":[{"href":"https:\/\/gazeta.am\/index.php?rest_route=\/wp\/v2\/posts\/655","targetHints":{"allow":["GET"]}}],"collection":[{"href":"https:\/\/gazeta.am\/index.php?rest_route=\/wp\/v2\/posts"}],"about":[{"href":"https:\/\/gazeta.am\/index.php?rest_route=\/wp\/v2\/types\/post"}],"author":[{"embeddable":true,"href":"https:\/\/gazeta.am\/index.php?rest_route=\/wp\/v2\/users\/1"}],"replies":[{"embeddable":true,"href":"https:\/\/gazeta.am\/index.php?rest_route=%2Fwp%2Fv2%2Fcomments&post=655"}],"version-history":[{"count":1,"href":"https:\/\/gazeta.am\/index.php?rest_route=\/wp\/v2\/posts\/655\/revisions"}],"predecessor-version":[{"id":657,"href":"https:\/\/gazeta.am\/index.php?rest_route=\/wp\/v2\/posts\/655\/revisions\/657"}],"wp:featuredmedia":[{"embeddable":true,"href":"https:\/\/gazeta.am\/index.php?rest_route=\/wp\/v2\/media\/656"}],"wp:attachment":[{"href":"https:\/\/gazeta.am\/index.php?rest_route=%2Fwp%2Fv2%2Fmedia&parent=655"}],"wp:term":[{"taxonomy":"category","embeddable":true,"href":"https:\/\/gazeta.am\/index.php?rest_route=%2Fwp%2Fv2%2Fcategories&post=655"},{"taxonomy":"post_tag","embeddable":true,"href":"https:\/\/gazeta.am\/index.php?rest_route=%2Fwp%2Fv2%2Ftags&post=655"}],"curies":[{"name":"wp","href":"https:\/\/api.w.org\/{rel}","templated":true}]}}