{"id":5379,"date":"2026-09-04T21:23:58","date_gmt":"2026-09-04T18:23:58","guid":{"rendered":"https:\/\/gazeta.am\/?p=5379"},"modified":"2026-09-04T21:24:01","modified_gmt":"2026-09-04T18:24:01","slug":"le-garcon-qui-appelait-mon-fils-son-frere-et-le-secret-que-mon-mari-mavait-cache-pendant-huit-ans","status":"publish","type":"post","link":"https:\/\/gazeta.am\/?p=5379","title":{"rendered":"Le gar\u00e7on qui appelait mon fils son fr\u00e8re \u2014 et le secret que mon mari m\u2019avait cach\u00e9 pendant huit ans"},"content":{"rendered":"\n<p class=\"wp-block-paragraph\">Lorsque mon fils s\u2019est battu \u00e0 l\u2019\u00e9cole, je pensais que le plus grave serait une suspension de quelques jours.<\/p>\n\n\n\n<p class=\"wp-block-paragraph\">Je me trompais.<\/p>\n\n\n\n<p class=\"wp-block-paragraph\">Ce jour-l\u00e0, en poussant la porte du bureau de la directrice, j\u2019\u00e9tais simplement une m\u00e8re inqui\u00e8te venue r\u00e9cup\u00e9rer son enfant apr\u00e8s une bagarre.<\/p>\n\n\n\n<p class=\"wp-block-paragraph\">Dix minutes plus tard, je d\u00e9couvrais que toute ma vie reposait sur un mensonge.<\/p>\n\n\n\n<p class=\"wp-block-paragraph\">\u2014 Votre fils refuse de me parler, m\u2019expliqua la directrice d\u2019une voix prudente. Il affirme que l\u2019autre gar\u00e7on raconte des choses absurdes.<\/p>\n\n\n\n<p class=\"wp-block-paragraph\">Je me tournai vers mon fils.<\/p>\n\n\n\n<p class=\"wp-block-paragraph\">\u2014 Lucas, regarde-moi. Qu\u2019est-ce qui s\u2019est pass\u00e9 ?<\/p>\n\n\n\n<p class=\"wp-block-paragraph\">Il avait la l\u00e8vre fendue et les yeux rouges. Il serrait les poings tellement fort que ses jointures \u00e9taient devenues blanches.<\/p>\n\n\n\n<p class=\"wp-block-paragraph\">\u2014 Il n\u2019arr\u00eatait pas de dire que j\u2019\u00e9tais son fr\u00e8re.<\/p>\n\n\n\n<p class=\"wp-block-paragraph\">Je soupirai.<\/p>\n\n\n\n<p class=\"wp-block-paragraph\">\u2014 Tu aurais pu simplement l\u2019ignorer.<\/p>\n\n\n\n<p class=\"wp-block-paragraph\">Lucas secoua violemment la t\u00eate.<\/p>\n\n\n\n<p class=\"wp-block-paragraph\">\u2014 Tu ne comprends pas, maman. Il dit que ce n\u2019est pas une blague. Il dit que nous avons le m\u00eame p\u00e8re.<\/p>\n\n\n\n<p class=\"wp-block-paragraph\">Je voulus r\u00e9pondre.<\/p>\n\n\n\n<p class=\"wp-block-paragraph\">Mais quelque chose m\u2019en emp\u00eacha.<\/p>\n\n\n\n<p class=\"wp-block-paragraph\">Une \u00e9trange sensation venait de traverser mon corps.<\/p>\n\n\n\n<p class=\"wp-block-paragraph\">Comme si une porte que j\u2019avais soigneusement gard\u00e9e ferm\u00e9e pendant des ann\u00e9es venait soudain de s\u2019entrouvrir.<\/p>\n\n\n\n<p class=\"wp-block-paragraph\">Je me retournai vers l\u2019autre gar\u00e7on.<\/p>\n\n\n\n<p class=\"wp-block-paragraph\">Et mon c\u0153ur s\u2019arr\u00eata presque.<\/p>\n\n\n\n<p class=\"wp-block-paragraph\">Il avait neuf ans.<\/p>\n\n\n\n<figure class=\"wp-block-image size-large\"><img loading=\"lazy\" decoding=\"async\" width=\"854\" height=\"1024\" src=\"https:\/\/gazeta.am\/wp-content\/uploads\/2026\/09\/3-3-854x1024.png\" alt=\"\" class=\"wp-image-5380\" srcset=\"https:\/\/gazeta.am\/wp-content\/uploads\/2026\/09\/3-3-854x1024.png 854w, https:\/\/gazeta.am\/wp-content\/uploads\/2026\/09\/3-3-250x300.png 250w, https:\/\/gazeta.am\/wp-content\/uploads\/2026\/09\/3-3-768x920.png 768w, https:\/\/gazeta.am\/wp-content\/uploads\/2026\/09\/3-3.png 1002w\" sizes=\"auto, (max-width: 854px) 100vw, 854px\" \/><\/figure>\n\n\n\n<p class=\"wp-block-paragraph\">Il \u00e9tait assis seul sur une chaise, les bras crois\u00e9s contre sa poitrine.<\/p>\n\n\n\n<p class=\"wp-block-paragraph\">Il ne pleurait pas.<\/p>\n\n\n\n<p class=\"wp-block-paragraph\">Il me regardait simplement.<\/p>\n\n\n\n<p class=\"wp-block-paragraph\">Ses yeux \u00e9taient d\u2019un gris tr\u00e8s clair.<\/p>\n\n\n\n<p class=\"wp-block-paragraph\">Les m\u00eames que ceux de Lucas.<\/p>\n\n\n\n<p class=\"wp-block-paragraph\">Pas simplement une couleur ressemblante.<\/p>\n\n\n\n<p class=\"wp-block-paragraph\">La m\u00eame nuance \u00e9trange, presque argent\u00e9e, que j\u2019avais remarqu\u00e9e d\u00e8s la naissance de mon fils.<\/p>\n\n\n\n<p class=\"wp-block-paragraph\">Puis je vis son visage.<\/p>\n\n\n\n<p class=\"wp-block-paragraph\">La m\u00eame petite fossette au menton.<\/p>\n\n\n\n<p class=\"wp-block-paragraph\">La m\u00eame forme de nez.<\/p>\n\n\n\n<p class=\"wp-block-paragraph\">Et surtout\u2026<\/p>\n\n\n\n<p class=\"wp-block-paragraph\">Une minuscule cicatrice verticale au-dessus du sourcil gauche.<\/p>\n\n\n\n<p class=\"wp-block-paragraph\">Lucas avait exactement la m\u00eame.<\/p>\n\n\n\n<p class=\"wp-block-paragraph\">Je reculai d\u2019un pas.<\/p>\n\n\n\n<p class=\"wp-block-paragraph\">\u2014 Qui est sa m\u00e8re ? demandai-je.<\/p>\n\n\n\n<p class=\"wp-block-paragraph\">La directrice baissa les yeux vers ses dossiers.<\/p>\n\n\n\n<p class=\"wp-block-paragraph\">\u2014 Elle arrive.<\/p>\n\n\n\n<p class=\"wp-block-paragraph\">\u00c0 cet instant, quelqu\u2019un frappa \u00e0 la porte.<\/p>\n\n\n\n<p class=\"wp-block-paragraph\">Une femme entra.<\/p>\n\n\n\n<p class=\"wp-block-paragraph\">Je la connaissais.<\/p>\n\n\n\n<p class=\"wp-block-paragraph\">Je l\u2019avais d\u00e9j\u00e0 vue.<\/p>\n\n\n\n<p class=\"wp-block-paragraph\">Mais je n\u2019arrivais pas \u00e0 me rappeler o\u00f9.<\/p>\n\n\n\n<p class=\"wp-block-paragraph\">Elle s\u2019arr\u00eata en me voyant.<\/p>\n\n\n\n<p class=\"wp-block-paragraph\">Son visage devint livide.<\/p>\n\n\n\n<p class=\"wp-block-paragraph\">Pendant plusieurs secondes, aucune de nous ne parla.<\/p>\n\n\n\n<p class=\"wp-block-paragraph\">Puis elle murmura :<\/p>\n\n\n\n<p class=\"wp-block-paragraph\">\u2014 Vous\u2026<\/p>\n\n\n\n<p class=\"wp-block-paragraph\">Sa voix tremblait.<\/p>\n\n\n\n<p class=\"wp-block-paragraph\">\u2014 Vous \u00eates \u00c9milie, n\u2019est-ce pas ?<\/p>\n\n\n\n<p class=\"wp-block-paragraph\">Je sentis mon sang se glacer.<\/p>\n\n\n\n<p class=\"wp-block-paragraph\">\u2014 Oui. Mais comment connaissez-vous mon nom ?<\/p>\n\n\n\n<p class=\"wp-block-paragraph\">Elle regarda le gar\u00e7on assis derri\u00e8re elle.<\/p>\n\n\n\n<p class=\"wp-block-paragraph\">Puis elle revint vers moi.<\/p>\n\n\n\n<p class=\"wp-block-paragraph\">\u2014 Parce que mon fils m\u2019a demand\u00e9, il y a trois ans, pourquoi il avait la m\u00eame photo de b\u00e9b\u00e9 que votre fils.<\/p>\n\n\n\n<p class=\"wp-block-paragraph\">Je ne comprenais plus rien.<\/p>\n\n\n\n<p class=\"wp-block-paragraph\">La directrice ferma doucement la porte.<\/p>\n\n\n\n<p class=\"wp-block-paragraph\">\u2014 Je crois qu\u2019il est temps que nous vous laissions parler.<\/p>\n\n\n\n<hr class=\"wp-block-separator has-alpha-channel-opacity\"\/>\n\n\n\n<p class=\"wp-block-paragraph\">Huit ans plus t\u00f4t, je pensais avoir v\u00e9cu le pire jour de ma vie.<\/p>\n\n\n\n<p class=\"wp-block-paragraph\">J\u2019\u00e9tais enceinte de jumeaux.<\/p>\n\n\n\n<p class=\"wp-block-paragraph\">La grossesse avait \u00e9t\u00e9 difficile, mais les m\u00e9decins nous avaient rassur\u00e9s.<\/p>\n\n\n\n<p class=\"wp-block-paragraph\">Deux b\u00e9b\u00e9s.<\/p>\n\n\n\n<p class=\"wp-block-paragraph\">Deux petits gar\u00e7ons.<\/p>\n\n\n\n<p class=\"wp-block-paragraph\">Nous avions pr\u00e9par\u00e9 deux berceaux.<\/p>\n\n\n\n<p class=\"wp-block-paragraph\">Deux couvertures.<\/p>\n\n\n\n<p class=\"wp-block-paragraph\">Deux pr\u00e9noms.<\/p>\n\n\n\n<p class=\"wp-block-paragraph\">Lucas et Nathan.<\/p>\n\n\n\n<p class=\"wp-block-paragraph\">Mon mari, Julien, \u00e9tait heureux.<\/p>\n\n\n\n<p class=\"wp-block-paragraph\">Du moins, c\u2019est ce que je croyais.<\/p>\n\n\n\n<p class=\"wp-block-paragraph\">Puis l\u2019accouchement arriva trop t\u00f4t.<\/p>\n\n\n\n<p class=\"wp-block-paragraph\">Je me souviens de la lumi\u00e8re blanche du bloc op\u00e9ratoire.<\/p>\n\n\n\n<p class=\"wp-block-paragraph\">Des voix rapides autour de moi.<\/p>\n\n\n\n<p class=\"wp-block-paragraph\">Des m\u00e9decins qui parlaient sans cesse.<\/p>\n\n\n\n<p class=\"wp-block-paragraph\">Puis plus rien.<\/p>\n\n\n\n<p class=\"wp-block-paragraph\">Lorsque je me r\u00e9veillai, deux jours s\u2019\u00e9taient \u00e9coul\u00e9s.<\/p>\n\n\n\n<p class=\"wp-block-paragraph\">J\u2019\u00e9tais faible.<\/p>\n\n\n\n<p class=\"wp-block-paragraph\">J\u2019avais des perfusions dans les bras.<\/p>\n\n\n\n<p class=\"wp-block-paragraph\">Je tournai imm\u00e9diatement la t\u00eate vers les berceaux.<\/p>\n\n\n\n<p class=\"wp-block-paragraph\">Il n\u2019y en avait qu\u2019un.<\/p>\n\n\n\n<p class=\"wp-block-paragraph\">Un seul b\u00e9b\u00e9 dormait.<\/p>\n\n\n\n<p class=\"wp-block-paragraph\">\u2014 O\u00f9 est l\u2019autre ? demandai-je.<\/p>\n\n\n\n<p class=\"wp-block-paragraph\">Julien \u00e9tait assis pr\u00e8s de la fen\u00eatre.<\/p>\n\n\n\n<p class=\"wp-block-paragraph\">Il ne me regardait pas.<\/p>\n\n\n\n<p class=\"wp-block-paragraph\">\u2014 \u00c9milie\u2026<\/p>\n\n\n\n<p class=\"wp-block-paragraph\">Je compris avant m\u00eame qu\u2019il parle.<\/p>\n\n\n\n<p class=\"wp-block-paragraph\">\u2014 Non\u2026<\/p>\n\n\n\n<p class=\"wp-block-paragraph\">Il s\u2019approcha de moi.<\/p>\n\n\n\n<p class=\"wp-block-paragraph\">\u2014 Nathan n\u2019a pas surv\u00e9cu.<\/p>\n\n\n\n<p class=\"wp-block-paragraph\">Le monde entier sembla dispara\u00eetre.<\/p>\n\n\n\n<p class=\"wp-block-paragraph\">Je demandai \u00e0 voir mon enfant.<\/p>\n\n\n\n<p class=\"wp-block-paragraph\">Julien me r\u00e9pondit que les m\u00e9decins avaient d\u00e9conseill\u00e9 cela.<\/p>\n\n\n\n<p class=\"wp-block-paragraph\">Il me dit qu\u2019il avait tout organis\u00e9.<\/p>\n\n\n\n<p class=\"wp-block-paragraph\">Les papiers.<\/p>\n\n\n\n<p class=\"wp-block-paragraph\">Les obs\u00e8ques.<\/p>\n\n\n\n<p class=\"wp-block-paragraph\">L\u2019enterrement.<\/p>\n\n\n\n<p class=\"wp-block-paragraph\">Il me r\u00e9p\u00e9tait que j\u2019\u00e9tais trop faible.<\/p>\n\n\n\n<p class=\"wp-block-paragraph\">Que je devais penser au b\u00e9b\u00e9 qui \u00e9tait encore vivant.<\/p>\n\n\n\n<p class=\"wp-block-paragraph\">Alors j\u2019ai cru mon mari.<\/p>\n\n\n\n<p class=\"wp-block-paragraph\">Parce que lorsqu\u2019on vient de donner naissance et qu\u2019on apprend que l\u2019un de ses enfants est mort, on ne pense pas comme une personne raisonnable.<\/p>\n\n\n\n<p class=\"wp-block-paragraph\">On survit.<\/p>\n\n\n\n<p class=\"wp-block-paragraph\">J\u2019ai donc pris Lucas dans mes bras.<\/p>\n\n\n\n<p class=\"wp-block-paragraph\">Et j\u2019ai d\u00e9cid\u00e9 de vivre pour lui.<\/p>\n\n\n\n<p class=\"wp-block-paragraph\">Les ann\u00e9es ont pass\u00e9.<\/p>\n\n\n\n<p class=\"wp-block-paragraph\">Je n\u2019ai jamais cess\u00e9 de penser \u00e0 Nathan.<\/p>\n\n\n\n<p class=\"wp-block-paragraph\">Mais avec le temps, la douleur s\u2019est transform\u00e9e en une cicatrice silencieuse.<\/p>\n\n\n\n<p class=\"wp-block-paragraph\">Je croyais conna\u00eetre toute la v\u00e9rit\u00e9.<\/p>\n\n\n\n<p class=\"wp-block-paragraph\">J\u2019avais tort.<\/p>\n\n\n\n<hr class=\"wp-block-separator has-alpha-channel-opacity\"\/>\n\n\n\n<p class=\"wp-block-paragraph\">Dans le bureau de la directrice, la femme qui \u00e9tait entr\u00e9e quelques minutes auparavant s\u2019appelait Clara.<\/p>\n\n\n\n<p class=\"wp-block-paragraph\">Elle \u00e9tait la m\u00e8re de l\u2019autre gar\u00e7on.<\/p>\n\n\n\n<p class=\"wp-block-paragraph\">Son fils s\u2019appelait Thomas.<\/p>\n\n\n\n<p class=\"wp-block-paragraph\">Clara sortit lentement son t\u00e9l\u00e9phone.<\/p>\n\n\n\n<p class=\"wp-block-paragraph\">\u2014 Mon fils n\u2019a jamais menti \u00e0 Lucas.<\/p>\n\n\n\n<p class=\"wp-block-paragraph\">Elle me montra une photographie.<\/p>\n\n\n\n<p class=\"wp-block-paragraph\">Je la regardai.<\/p>\n\n\n\n<p class=\"wp-block-paragraph\">Puis je sentis mes jambes se d\u00e9rober.<\/p>\n\n\n\n<p class=\"wp-block-paragraph\">C\u2019\u00e9tait un b\u00e9b\u00e9.<\/p>\n\n\n\n<p class=\"wp-block-paragraph\">Un nouveau-n\u00e9.<\/p>\n\n\n\n<p class=\"wp-block-paragraph\">Sur la photo, il portait un petit bracelet blanc autour du poignet.<\/p>\n\n\n\n<p class=\"wp-block-paragraph\">Et derri\u00e8re lui, on apercevait une couverture bleue.<\/p>\n\n\n\n<p class=\"wp-block-paragraph\">La couverture que j\u2019avais moi-m\u00eame choisie huit ans auparavant.<\/p>\n\n\n\n<p class=\"wp-block-paragraph\">\u2014 O\u00f9 avez-vous trouv\u00e9 cette photo ?<\/p>\n\n\n\n<p class=\"wp-block-paragraph\">Clara avala difficilement sa salive.<\/p>\n\n\n\n<p class=\"wp-block-paragraph\">\u2014 Dans les affaires de mon mari.<\/p>\n\n\n\n<p class=\"wp-block-paragraph\">\u2014 Votre mari ?<\/p>\n\n\n\n<p class=\"wp-block-paragraph\">Elle me regarda droit dans les yeux.<\/p>\n\n\n\n<p class=\"wp-block-paragraph\">\u2014 Julien.<\/p>\n\n\n\n<p class=\"wp-block-paragraph\">Je crus entendre un bruit sourd dans ma t\u00eate.<\/p>\n\n\n\n<p class=\"wp-block-paragraph\">La pi\u00e8ce se mit \u00e0 tourner.<\/p>\n\n\n\n<p class=\"wp-block-paragraph\">\u2014 Ce n\u2019est pas possible.<\/p>\n\n\n\n<p class=\"wp-block-paragraph\">Clara pleurait maintenant.<\/p>\n\n\n\n<p class=\"wp-block-paragraph\">\u2014 J\u2019ai rencontr\u00e9 Julien six mois apr\u00e8s la naissance de Thomas. Il m\u2019a dit qu\u2019il \u00e9tait divorc\u00e9. Il m\u2019a racont\u00e9 que sa premi\u00e8re femme \u00e9tait morte dans un accident.<\/p>\n\n\n\n<p class=\"wp-block-paragraph\">Je reculai.<\/p>\n\n\n\n<p class=\"wp-block-paragraph\">\u2014 Je suis sa premi\u00e8re femme.<\/p>\n\n\n\n<p class=\"wp-block-paragraph\">\u2014 Je sais.<\/p>\n\n\n\n<p class=\"wp-block-paragraph\">\u2014 Depuis quand savez-vous qui je suis ?<\/p>\n\n\n\n<p class=\"wp-block-paragraph\">Clara essuya ses larmes.<\/p>\n\n\n\n<p class=\"wp-block-paragraph\">\u2014 Depuis deux semaines.<\/p>\n\n\n\n<p class=\"wp-block-paragraph\">Je ne comprenais pas.<\/p>\n\n\n\n<p class=\"wp-block-paragraph\">Elle sortit une enveloppe de son sac.<\/p>\n\n\n\n<p class=\"wp-block-paragraph\">\u2014 Mon mari est mort il y a trois mois.<\/p>\n\n\n\n<p class=\"wp-block-paragraph\">Je regardai l\u2019enveloppe.<\/p>\n\n\n\n<p class=\"wp-block-paragraph\">Mon nom \u00e9tait \u00e9crit dessus.<\/p>\n\n\n\n<p class=\"wp-block-paragraph\">\u00c9milie Morel.<\/p>\n\n\n\n<p class=\"wp-block-paragraph\">Avec l\u2019\u00e9criture de Julien.<\/p>\n\n\n\n<hr class=\"wp-block-separator has-alpha-channel-opacity\"\/>\n\n\n\n<p class=\"wp-block-paragraph\">Je refusai d\u2019abord de l\u2019ouvrir.<\/p>\n\n\n\n<p class=\"wp-block-paragraph\">J\u2019avais peur.<\/p>\n\n\n\n<p class=\"wp-block-paragraph\">Pas de ce que je pouvais y trouver.<\/p>\n\n\n\n<p class=\"wp-block-paragraph\">Mais de ce que cela pouvait signifier.<\/p>\n\n\n\n<p class=\"wp-block-paragraph\">Finalement, mes doigts d\u00e9chir\u00e8rent l\u2019enveloppe.<\/p>\n\n\n\n<p class=\"wp-block-paragraph\">\u00c0 l\u2019int\u00e9rieur, il y avait une seule feuille.<\/p>\n\n\n\n<p class=\"wp-block-paragraph\">Quelques lignes.<\/p>\n\n\n\n<p class=\"wp-block-paragraph\">Et une phrase qui me donna la naus\u00e9e.<\/p>\n\n\n\n<p class=\"wp-block-paragraph\">\u00ab \u00c9milie, si tu lis cette lettre, c\u2019est que je ne peux plus cacher ce que j\u2019ai fait. \u00bb<\/p>\n\n\n\n<p class=\"wp-block-paragraph\">Je continuai.<\/p>\n\n\n\n<p class=\"wp-block-paragraph\">Julien expliquait que les deux b\u00e9b\u00e9s \u00e9taient n\u00e9s vivants.<\/p>\n\n\n\n<p class=\"wp-block-paragraph\">Tous les deux.<\/p>\n\n\n\n<p class=\"wp-block-paragraph\">Nathan n\u2019\u00e9tait pas mort.<\/p>\n\n\n\n<p class=\"wp-block-paragraph\">Il avait simplement \u00e9t\u00e9 transf\u00e9r\u00e9 dans une autre unit\u00e9 apr\u00e8s des complications respiratoires.<\/p>\n\n\n\n<p class=\"wp-block-paragraph\">Et pendant les premi\u00e8res heures, les deux nouveau-n\u00e9s avaient \u00e9t\u00e9 s\u00e9par\u00e9s.<\/p>\n\n\n\n<p class=\"wp-block-paragraph\">Julien avait paniqu\u00e9.<\/p>\n\n\n\n<p class=\"wp-block-paragraph\">Il avait des dettes.<\/p>\n\n\n\n<p class=\"wp-block-paragraph\">De graves dettes.<\/p>\n\n\n\n<p class=\"wp-block-paragraph\">Des personnes le mena\u00e7aient.<\/p>\n\n\n\n<p class=\"wp-block-paragraph\">Il avait peur de perdre notre maison.<\/p>\n\n\n\n<p class=\"wp-block-paragraph\">Et quelqu\u2019un lui avait propos\u00e9 une solution.<\/p>\n\n\n\n<p class=\"wp-block-paragraph\">Une solution monstrueuse.<\/p>\n\n\n\n<p class=\"wp-block-paragraph\">Une famille riche souhaitait adopter un nouveau-n\u00e9.<\/p>\n\n\n\n<p class=\"wp-block-paragraph\">Julien avait accept\u00e9.<\/p>\n\n\n\n<p class=\"wp-block-paragraph\">Il avait donn\u00e9 Nathan.<\/p>\n\n\n\n<p class=\"wp-block-paragraph\">Notre fils.<\/p>\n\n\n\n<p class=\"wp-block-paragraph\">Notre deuxi\u00e8me enfant.<\/p>\n\n\n\n<p class=\"wp-block-paragraph\">Il avait ensuite construit toute une histoire autour de sa mort.<\/p>\n\n\n\n<p class=\"wp-block-paragraph\">Mais ce n\u2019\u00e9tait pas tout.<\/p>\n\n\n\n<p class=\"wp-block-paragraph\">La famille qui avait accueilli Nathan ne savait pas qu\u2019il avait un fr\u00e8re jumeau.<\/p>\n\n\n\n<p class=\"wp-block-paragraph\">Elle croyait adopter un enfant abandonn\u00e9.<\/p>\n\n\n\n<p class=\"wp-block-paragraph\">Et cette famille\u2026<\/p>\n\n\n\n<p class=\"wp-block-paragraph\">C\u2019\u00e9tait celle de Clara.<\/p>\n\n\n\n<p class=\"wp-block-paragraph\">Je l\u00e2chai la lettre.<\/p>\n\n\n\n<p class=\"wp-block-paragraph\">\u2014 Non\u2026<\/p>\n\n\n\n<p class=\"wp-block-paragraph\">Lucas s\u2019approcha de moi.<\/p>\n\n\n\n<p class=\"wp-block-paragraph\">\u2014 Maman ?<\/p>\n\n\n\n<p class=\"wp-block-paragraph\">Je ne trouvais plus mes mots.<\/p>\n\n\n\n<p class=\"wp-block-paragraph\">Je regardai Thomas.<\/p>\n\n\n\n<p class=\"wp-block-paragraph\">Puis Lucas.<\/p>\n\n\n\n<p class=\"wp-block-paragraph\">Deux enfants.<\/p>\n\n\n\n<p class=\"wp-block-paragraph\">Deux fr\u00e8res.<\/p>\n\n\n\n<p class=\"wp-block-paragraph\">S\u00e9par\u00e9s d\u00e8s leur naissance par la d\u00e9cision d\u2019un seul homme.<\/p>\n\n\n\n<hr class=\"wp-block-separator has-alpha-channel-opacity\"\/>\n\n\n\n<p class=\"wp-block-paragraph\">Mais une question restait.<\/p>\n\n\n\n<p class=\"wp-block-paragraph\">Pourquoi Thomas ressemblait-il autant \u00e0 Lucas ?<\/p>\n\n\n\n<p class=\"wp-block-paragraph\">La r\u00e9ponse vint quelques heures plus tard.<\/p>\n\n\n\n<p class=\"wp-block-paragraph\">Nous all\u00e2mes dans un laboratoire pour effectuer un test ADN.<\/p>\n\n\n\n<p class=\"wp-block-paragraph\">Je pensais d\u00e9j\u00e0 conna\u00eetre le r\u00e9sultat.<\/p>\n\n\n\n<p class=\"wp-block-paragraph\">Mais attendre la confirmation fut insupportable.<\/p>\n\n\n\n<p class=\"wp-block-paragraph\">Trois jours plus tard, le m\u00e9decin nous demanda de venir.<\/p>\n\n\n\n<p class=\"wp-block-paragraph\">Il posa deux dossiers sur la table.<\/p>\n\n\n\n<p class=\"wp-block-paragraph\">\u2014 Vous devriez vous asseoir.<\/p>\n\n\n\n<p class=\"wp-block-paragraph\">Clara prit la main de Thomas.<\/p>\n\n\n\n<p class=\"wp-block-paragraph\">Je pris celle de Lucas.<\/p>\n\n\n\n<p class=\"wp-block-paragraph\">Le m\u00e9decin ouvrit le premier dossier.<\/p>\n\n\n\n<p class=\"wp-block-paragraph\">\u2014 Les deux gar\u00e7ons ont une compatibilit\u00e9 g\u00e9n\u00e9tique correspondant \u00e0 des fr\u00e8res biologiques.<\/p>\n\n\n\n<p class=\"wp-block-paragraph\">Je fermai les yeux.<\/p>\n\n\n\n<p class=\"wp-block-paragraph\">Puis il ajouta :<\/p>\n\n\n\n<p class=\"wp-block-paragraph\">\u2014 Et compte tenu des marqueurs analys\u00e9s, ils sont bien jumeaux.<\/p>\n\n\n\n<p class=\"wp-block-paragraph\">Lucas regarda Thomas.<\/p>\n\n\n\n<p class=\"wp-block-paragraph\">Thomas le regarda aussi.<\/p>\n\n\n\n<p class=\"wp-block-paragraph\">Aucun des deux ne parlait.<\/p>\n\n\n\n<p class=\"wp-block-paragraph\">Puis Thomas demanda timidement :<\/p>\n\n\n\n<p class=\"wp-block-paragraph\">\u2014 Alors\u2026 c\u2019est vraiment mon fr\u00e8re ?<\/p>\n\n\n\n<p class=\"wp-block-paragraph\">Je me mis \u00e0 pleurer.<\/p>\n\n\n\n<p class=\"wp-block-paragraph\">\u2014 Oui.<\/p>\n\n\n\n<p class=\"wp-block-paragraph\">Lucas s\u2019approcha de lui.<\/p>\n\n\n\n<p class=\"wp-block-paragraph\">\u2014 Et toi, tu es vraiment mon fr\u00e8re ?<\/p>\n\n\n\n<p class=\"wp-block-paragraph\">Thomas hocha la t\u00eate.<\/p>\n\n\n\n<p class=\"wp-block-paragraph\">Les deux gar\u00e7ons se serr\u00e8rent dans leurs bras.<\/p>\n\n\n\n<p class=\"wp-block-paragraph\">Et \u00e0 cet instant, quelque chose en moi se brisa.<\/p>\n\n\n\n<p class=\"wp-block-paragraph\">Mais quelque chose d\u2019autre naquit.<\/p>\n\n\n\n<p class=\"wp-block-paragraph\">Pour la premi\u00e8re fois depuis huit ans, je pouvais enfin faire le deuil de l\u2019enfant que je croyais avoir perdu.<\/p>\n\n\n\n<p class=\"wp-block-paragraph\">Parce qu\u2019il n\u2019\u00e9tait jamais mort.<\/p>\n\n\n\n<p class=\"wp-block-paragraph\">Il avait grandi ailleurs.<\/p>\n\n\n\n<p class=\"wp-block-paragraph\">Il avait appris \u00e0 parler sans moi.<\/p>\n\n\n\n<p class=\"wp-block-paragraph\">Il avait perdu ses premi\u00e8res dents sans que je sois l\u00e0.<\/p>\n\n\n\n<p class=\"wp-block-paragraph\">Il avait f\u00eat\u00e9 ses anniversaires avec une autre famille.<\/p>\n\n\n\n<p class=\"wp-block-paragraph\">Et pourtant\u2026<\/p>\n\n\n\n<p class=\"wp-block-paragraph\">Il \u00e9tait l\u00e0.<\/p>\n\n\n\n<p class=\"wp-block-paragraph\">Vivant.<\/p>\n\n\n\n<p class=\"wp-block-paragraph\">Devant moi.<\/p>\n\n\n\n<hr class=\"wp-block-separator has-alpha-channel-opacity\"\/>\n\n\n\n<p class=\"wp-block-paragraph\">Je pensais que cette d\u00e9couverte serait la derni\u00e8re.<\/p>\n\n\n\n<p class=\"wp-block-paragraph\">Elle ne l\u2019\u00e9tait pas.<\/p>\n\n\n\n<p class=\"wp-block-paragraph\">Une semaine plus tard, Clara m\u2019appela.<\/p>\n\n\n\n<p class=\"wp-block-paragraph\">Sa voix \u00e9tait \u00e9trange.<\/p>\n\n\n\n<p class=\"wp-block-paragraph\">\u2014 \u00c9milie, il faut que je vous montre quelque chose.<\/p>\n\n\n\n<p class=\"wp-block-paragraph\">Je me rendis chez elle.<\/p>\n\n\n\n<p class=\"wp-block-paragraph\">Elle m\u2019attendait avec une vieille bo\u00eete m\u00e9tallique.<\/p>\n\n\n\n<p class=\"wp-block-paragraph\">\u2014 J\u2019ai trouv\u00e9 \u00e7a apr\u00e8s la mort de Julien.<\/p>\n\n\n\n<p class=\"wp-block-paragraph\">Elle l\u2019ouvrit.<\/p>\n\n\n\n<p class=\"wp-block-paragraph\">\u00c0 l\u2019int\u00e9rieur se trouvaient des documents.<\/p>\n\n\n\n<p class=\"wp-block-paragraph\">Des re\u00e7us.<\/p>\n\n\n\n<p class=\"wp-block-paragraph\">Des copies de contrats.<\/p>\n\n\n\n<p class=\"wp-block-paragraph\">Des relev\u00e9s bancaires.<\/p>\n\n\n\n<p class=\"wp-block-paragraph\">Et une photographie.<\/p>\n\n\n\n<p class=\"wp-block-paragraph\">Je la pris.<\/p>\n\n\n\n<p class=\"wp-block-paragraph\">C\u2019\u00e9tait une photo prise \u00e0 l\u2019h\u00f4pital le jour de notre accouchement.<\/p>\n\n\n\n<p class=\"wp-block-paragraph\">On y voyait Julien debout devant deux berceaux.<\/p>\n\n\n\n<p class=\"wp-block-paragraph\">Deux.<\/p>\n\n\n\n<p class=\"wp-block-paragraph\">Pas un.<\/p>\n\n\n\n<p class=\"wp-block-paragraph\">Dans le premier dormait Lucas.<\/p>\n\n\n\n<p class=\"wp-block-paragraph\">Dans le second, Nathan.<\/p>\n\n\n\n<p class=\"wp-block-paragraph\">Je fixai l\u2019image.<\/p>\n\n\n\n<p class=\"wp-block-paragraph\">Puis je remarquai quelque chose au dos.<\/p>\n\n\n\n<p class=\"wp-block-paragraph\">Une date.<\/p>\n\n\n\n<p class=\"wp-block-paragraph\">Et un nom.<\/p>\n\n\n\n<p class=\"wp-block-paragraph\">Celui d\u2019un m\u00e9decin.<\/p>\n\n\n\n<p class=\"wp-block-paragraph\">Clara me regarda.<\/p>\n\n\n\n<p class=\"wp-block-paragraph\">\u2014 J\u2019ai v\u00e9rifi\u00e9.<\/p>\n\n\n\n<p class=\"wp-block-paragraph\">\u2014 Et ?<\/p>\n\n\n\n<p class=\"wp-block-paragraph\">\u2014 Ce m\u00e9decin travaille toujours dans le m\u00eame h\u00f4pital.<\/p>\n\n\n\n<p class=\"wp-block-paragraph\">Mon c\u0153ur se mit \u00e0 battre tr\u00e8s vite.<\/p>\n\n\n\n<hr class=\"wp-block-separator has-alpha-channel-opacity\"\/>\n\n\n\n<p class=\"wp-block-paragraph\">Nous avons retrouv\u00e9 cet homme deux jours plus tard.<\/p>\n\n\n\n<p class=\"wp-block-paragraph\">Il avait vieilli.<\/p>\n\n\n\n<p class=\"wp-block-paragraph\">Lorsqu\u2019il me vit, il comprit imm\u00e9diatement pourquoi j\u2019\u00e9tais venue.<\/p>\n\n\n\n<p class=\"wp-block-paragraph\">Je posai la photographie sur son bureau.<\/p>\n\n\n\n<p class=\"wp-block-paragraph\">\u2014 Pourquoi mon mari m\u2019a-t-il dit que mon fils \u00e9tait mort ?<\/p>\n\n\n\n<p class=\"wp-block-paragraph\">Le m\u00e9decin resta silencieux.<\/p>\n\n\n\n<p class=\"wp-block-paragraph\">\u2014 Vous saviez ?<\/p>\n\n\n\n<p class=\"wp-block-paragraph\">Il baissa la t\u00eate.<\/p>\n\n\n\n<p class=\"wp-block-paragraph\">\u2014 Oui.<\/p>\n\n\n\n<p class=\"wp-block-paragraph\">Je sentis une col\u00e8re immense monter en moi.<\/p>\n\n\n\n<p class=\"wp-block-paragraph\">\u2014 Vous saviez que mon enfant \u00e9tait vivant ?<\/p>\n\n\n\n<p class=\"wp-block-paragraph\">\u2014 Je savais qu\u2019il avait \u00e9t\u00e9 transf\u00e9r\u00e9. Je ne savais pas ce que votre mari avait l\u2019intention de faire.<\/p>\n\n\n\n<p class=\"wp-block-paragraph\">\u2014 Mais vous l\u2019avez laiss\u00e9 partir !<\/p>\n\n\n\n<p class=\"wp-block-paragraph\">Il ferma les yeux.<\/p>\n\n\n\n<p class=\"wp-block-paragraph\">\u2014 \u00c0 l\u2019\u00e9poque, votre mari avait pr\u00e9sent\u00e9 des documents indiquant qu\u2019il \u00e9tait le p\u00e8re et qu\u2019il prenait la responsabilit\u00e9 de l\u2019enfant.<\/p>\n\n\n\n<p class=\"wp-block-paragraph\">\u2014 Et vous avez cru \u00e7a ?<\/p>\n\n\n\n<p class=\"wp-block-paragraph\">\u2014 J\u2019ai fait une erreur.<\/p>\n\n\n\n<p class=\"wp-block-paragraph\">Une seule phrase.<\/p>\n\n\n\n<p class=\"wp-block-paragraph\">Une erreur.<\/p>\n\n\n\n<p class=\"wp-block-paragraph\">Pour eux, peut-\u00eatre.<\/p>\n\n\n\n<p class=\"wp-block-paragraph\">Pour moi, huit ann\u00e9es vol\u00e9es.<\/p>\n\n\n\n<hr class=\"wp-block-separator has-alpha-channel-opacity\"\/>\n\n\n\n<p class=\"wp-block-paragraph\">Apr\u00e8s cette journ\u00e9e, ma vie changea compl\u00e8tement.<\/p>\n\n\n\n<p class=\"wp-block-paragraph\">Il y eut des avocats.<\/p>\n\n\n\n<p class=\"wp-block-paragraph\">Des enqu\u00eateurs.<\/p>\n\n\n\n<p class=\"wp-block-paragraph\">Des questions.<\/p>\n\n\n\n<p class=\"wp-block-paragraph\">Des dossiers m\u00e9dicaux.<\/p>\n\n\n\n<p class=\"wp-block-paragraph\">Des auditions.<\/p>\n\n\n\n<p class=\"wp-block-paragraph\">Mais aucune proc\u00e9dure ne pouvait r\u00e9cup\u00e9rer les huit ann\u00e9es perdues.<\/p>\n\n\n\n<p class=\"wp-block-paragraph\">Je ne pouvais pas revenir au premier anniversaire de Thomas.<\/p>\n\n\n\n<p class=\"wp-block-paragraph\">Ni \u00e0 son premier jour d\u2019\u00e9cole.<\/p>\n\n\n\n<p class=\"wp-block-paragraph\">Ni \u00e0 la premi\u00e8re fois o\u00f9 il avait eu de la fi\u00e8vre.<\/p>\n\n\n\n<p class=\"wp-block-paragraph\">Je ne pouvais pas r\u00e9parer son absence.<\/p>\n\n\n\n<p class=\"wp-block-paragraph\">Et je ne pouvais pas effacer le mensonge de Julien.<\/p>\n\n\n\n<p class=\"wp-block-paragraph\">Mais je pouvais faire quelque chose.<\/p>\n\n\n\n<p class=\"wp-block-paragraph\">\u00catre l\u00e0 maintenant.<\/p>\n\n\n\n<p class=\"wp-block-paragraph\">Pour les deux.<\/p>\n\n\n\n<p class=\"wp-block-paragraph\">Les gar\u00e7ons commenc\u00e8rent \u00e0 passer du temps ensemble.<\/p>\n\n\n\n<p class=\"wp-block-paragraph\">Au d\u00e9but, ils \u00e9taient timides.<\/p>\n\n\n\n<p class=\"wp-block-paragraph\">Puis ils d\u00e9couvrirent leurs ressemblances.<\/p>\n\n\n\n<p class=\"wp-block-paragraph\">Ils aimaient les m\u00eames films.<\/p>\n\n\n\n<p class=\"wp-block-paragraph\">Ils d\u00e9testaient tous les deux les tomates.<\/p>\n\n\n\n<p class=\"wp-block-paragraph\">Ils avaient exactement la m\u00eame fa\u00e7on de froncer les sourcils lorsqu\u2019ils r\u00e9fl\u00e9chissaient.<\/p>\n\n\n\n<p class=\"wp-block-paragraph\">Et un soir, alors qu\u2019ils jouaient dans le jardin, Lucas vint vers moi.<\/p>\n\n\n\n<p class=\"wp-block-paragraph\">\u2014 Maman ?<\/p>\n\n\n\n<p class=\"wp-block-paragraph\">\u2014 Oui ?<\/p>\n\n\n\n<p class=\"wp-block-paragraph\">\u2014 Tu es triste parce que Thomas est ton fils aussi ?<\/p>\n\n\n\n<p class=\"wp-block-paragraph\">Je m\u2019accroupis devant lui.<\/p>\n\n\n\n<p class=\"wp-block-paragraph\">\u2014 Non, mon c\u0153ur.<\/p>\n\n\n\n<p class=\"wp-block-paragraph\">Il h\u00e9sita.<\/p>\n\n\n\n<p class=\"wp-block-paragraph\">\u2014 Alors pourquoi tu pleures ?<\/p>\n\n\n\n<p class=\"wp-block-paragraph\">Je lui pris le visage entre mes mains.<\/p>\n\n\n\n<p class=\"wp-block-paragraph\">\u2014 Parce que pendant huit ans, je croyais avoir perdu ton fr\u00e8re.<\/p>\n\n\n\n<p class=\"wp-block-paragraph\">Je regardai Thomas, qui jouait quelques m\u00e8tres plus loin.<\/p>\n\n\n\n<p class=\"wp-block-paragraph\">\u2014 Et maintenant je sais que je ne l\u2019ai pas perdu.<\/p>\n\n\n\n<p class=\"wp-block-paragraph\">Lucas sourit.<\/p>\n\n\n\n<p class=\"wp-block-paragraph\">\u2014 Alors on a gagn\u00e9.<\/p>\n\n\n\n<p class=\"wp-block-paragraph\">Je ris \u00e0 travers mes larmes.<\/p>\n\n\n\n<p class=\"wp-block-paragraph\">\u2014 Oui.<\/p>\n\n\n\n<p class=\"wp-block-paragraph\">Pour la premi\u00e8re fois depuis huit ans\u2026<\/p>\n\n\n\n<p class=\"wp-block-paragraph\">Nous avions gagn\u00e9.<\/p>\n\n\n\n<hr class=\"wp-block-separator has-alpha-channel-opacity\"\/>\n\n\n\n<p class=\"wp-block-paragraph\">Quelques mois plus tard, les deux gar\u00e7ons retourn\u00e8rent dans la m\u00eame \u00e9cole.<\/p>\n\n\n\n<p class=\"wp-block-paragraph\">La directrice nous accueillit avec un sourire.<\/p>\n\n\n\n<p class=\"wp-block-paragraph\">\u2014 J\u2019imagine que les probl\u00e8mes entre eux sont termin\u00e9s ?<\/p>\n\n\n\n<p class=\"wp-block-paragraph\">Lucas haussa les \u00e9paules.<\/p>\n\n\n\n<p class=\"wp-block-paragraph\">\u2014 Oui.<\/p>\n\n\n\n<p class=\"wp-block-paragraph\">Thomas sourit.<\/p>\n\n\n\n<p class=\"wp-block-paragraph\">\u2014 Maintenant, personne n\u2019a le droit de dire que je mens quand je l\u2019appelle mon fr\u00e8re.<\/p>\n\n\n\n<p class=\"wp-block-paragraph\">Nous avons tous ri.<\/p>\n\n\n\n<p class=\"wp-block-paragraph\">Mais avant de partir, la directrice me prit discr\u00e8tement \u00e0 part.<\/p>\n\n\n\n<p class=\"wp-block-paragraph\">\u2014 \u00c9milie, il y a quelque chose que vous devez savoir.<\/p>\n\n\n\n<p class=\"wp-block-paragraph\">Je la regardai.<\/p>\n\n\n\n<p class=\"wp-block-paragraph\">\u2014 Quoi ?<\/p>\n\n\n\n<p class=\"wp-block-paragraph\">Elle h\u00e9sita.<\/p>\n\n\n\n<p class=\"wp-block-paragraph\">\u2014 L\u2019enqu\u00eate a d\u00e9couvert que votre mari n\u2019avait pas agi seul.<\/p>\n\n\n\n<p class=\"wp-block-paragraph\">Je sentis mon sourire dispara\u00eetre.<\/p>\n\n\n\n<p class=\"wp-block-paragraph\">\u2014 Comment \u00e7a ?<\/p>\n\n\n\n<p class=\"wp-block-paragraph\">\u2014 Il y avait une deuxi\u00e8me personne impliqu\u00e9e.<\/p>\n\n\n\n<p class=\"wp-block-paragraph\">\u2014 Qui ?<\/p>\n\n\n\n<p class=\"wp-block-paragraph\">Elle secoua la t\u00eate.<\/p>\n\n\n\n<p class=\"wp-block-paragraph\">\u2014 Nous ne savons pas encore.<\/p>\n\n\n\n<p class=\"wp-block-paragraph\">Je regardai mes deux fils.<\/p>\n\n\n\n<p class=\"wp-block-paragraph\">Ils riaient ensemble dans le couloir.<\/p>\n\n\n\n<p class=\"wp-block-paragraph\">Et soudain, malgr\u00e9 le bonheur que je ressentais, une vieille peur revint.<\/p>\n\n\n\n<p class=\"wp-block-paragraph\">Parce que je venais de comprendre une chose terrible.<\/p>\n\n\n\n<p class=\"wp-block-paragraph\">Pendant huit ans, j\u2019avais cru que Julien avait d\u00e9truit notre famille pour une seule raison : l\u2019argent.<\/p>\n\n\n\n<p class=\"wp-block-paragraph\">Mais peut-\u00eatre que l\u2019argent n\u2019avait jamais \u00e9t\u00e9 la v\u00e9ritable raison.<\/p>\n\n\n\n<p class=\"wp-block-paragraph\">Peut-\u00eatre que quelqu\u2019un avait voulu que mes deux fils soient s\u00e9par\u00e9s.<\/p>\n\n\n\n<p class=\"wp-block-paragraph\">Et si cette personne \u00e9tait encore quelque part\u2026<\/p>\n\n\n\n<p class=\"wp-block-paragraph\">Elle savait d\u00e9sormais que les deux fr\u00e8res s\u2019\u00e9taient retrouv\u00e9s.<\/p>\n\n\n\n<p class=\"wp-block-paragraph\">Ce soir-l\u00e0, en rentrant chez moi, je trouvai une enveloppe gliss\u00e9e sous la porte.<\/p>\n\n\n\n<p class=\"wp-block-paragraph\">Aucun nom.<\/p>\n\n\n\n<p class=\"wp-block-paragraph\">Aucune adresse.<\/p>\n\n\n\n<p class=\"wp-block-paragraph\">\u00c0 l\u2019int\u00e9rieur, une seule photographie.<\/p>\n\n\n\n<p class=\"wp-block-paragraph\">Lucas et Thomas, photographi\u00e9s ensemble devant l\u2019\u00e9cole.<\/p>\n\n\n\n<p class=\"wp-block-paragraph\">La photo avait \u00e9t\u00e9 prise le jour m\u00eame.<\/p>\n\n\n\n<p class=\"wp-block-paragraph\">Au dos, quatre mots \u00e9taient \u00e9crits :<\/p>\n\n\n\n<p class=\"wp-block-paragraph\"><strong>\u00ab Vous auriez d\u00fb les laisser s\u00e9par\u00e9s. \u00bb<\/strong><\/p>\n\n\n\n<p class=\"wp-block-paragraph\">Je restai immobile dans l\u2019entr\u00e9e.<\/p>\n\n\n\n<p class=\"wp-block-paragraph\">Puis j\u2019appelai mes deux fils.<\/p>\n\n\n\n<p class=\"wp-block-paragraph\">Je les serrai contre moi.<\/p>\n\n\n\n<p class=\"wp-block-paragraph\">Et pour la premi\u00e8re fois de ma vie, je compris que retrouver mon enfant n\u2019\u00e9tait peut-\u00eatre pas la fin de mon histoire.<\/p>\n\n\n\n<p class=\"wp-block-paragraph\">C\u2019\u00e9tait peut-\u00eatre seulement le d\u00e9but.<\/p>\n\n\n\n<p class=\"wp-block-paragraph\"><\/p>\n","protected":false},"excerpt":{"rendered":"Lorsque mon fils s\u2019est battu \u00e0 l\u2019\u00e9cole, je pensais que le plus grave serait une suspension de quelques jours. Je me trompais. Ce \n<a class=\"moretag\" href=\"https:\/\/gazeta.am\/?p=5379\"> [...]<\/a>","protected":false},"author":1,"featured_media":5380,"comment_status":"open","ping_status":"open","sticky":false,"template":"","format":"standard","meta":{"footnotes":""},"categories":[1],"tags":[],"class_list":["post-5379","post","type-post","status-publish","format-standard","has-post-thumbnail","hentry","category-1"],"yoast_head":"<!-- This site is optimized with the Yoast SEO plugin v28.4 - https:\/\/yoast.com\/product\/yoast-seo-wordpress\/ -->\n<title>Le gar\u00e7on qui appelait mon fils son fr\u00e8re \u2014 et le secret que mon mari m\u2019avait cach\u00e9 pendant huit ans -<\/title>\n<meta name=\"robots\" content=\"index, follow, max-snippet:-1, max-image-preview:large, max-video-preview:-1\" \/>\n<link rel=\"canonical\" href=\"https:\/\/gazeta.am\/?p=5379\" \/>\n<meta property=\"og:locale\" content=\"ru_RU\" \/>\n<meta property=\"og:type\" content=\"article\" \/>\n<meta property=\"og:title\" content=\"Le gar\u00e7on qui appelait mon fils son fr\u00e8re \u2014 et le secret que mon mari m\u2019avait cach\u00e9 pendant huit ans -\" \/>\n<meta property=\"og:description\" content=\"Lorsque mon fils s\u2019est battu \u00e0 l\u2019\u00e9cole, je pensais que le plus grave serait une suspension de quelques jours. Je me trompais. Ce\" \/>\n<meta property=\"og:url\" content=\"https:\/\/gazeta.am\/?p=5379\" \/>\n<meta property=\"article:published_time\" content=\"2026-09-04T18:23:58+00:00\" \/>\n<meta property=\"article:modified_time\" content=\"2026-09-04T18:24:01+00:00\" \/>\n<meta property=\"og:image\" content=\"https:\/\/gazeta.am\/wp-content\/uploads\/2026\/09\/3-3.png\" \/>\n\t<meta property=\"og:image:width\" content=\"1002\" \/>\n\t<meta property=\"og:image:height\" content=\"1201\" \/>\n\t<meta property=\"og:image:type\" content=\"image\/png\" \/>\n<meta name=\"author\" content=\"admin\" \/>\n<meta name=\"twitter:card\" content=\"summary_large_image\" \/>\n<meta name=\"twitter:label1\" content=\"\u041d\u0430\u043f\u0438\u0441\u0430\u043d\u043e \u0430\u0432\u0442\u043e\u0440\u043e\u043c\" \/>\n\t<meta name=\"twitter:data1\" content=\"admin\" \/>\n\t<meta name=\"twitter:label2\" content=\"\u041f\u0440\u0438\u043c\u0435\u0440\u043d\u043e\u0435 \u0432\u0440\u0435\u043c\u044f \u0434\u043b\u044f \u0447\u0442\u0435\u043d\u0438\u044f\" \/>\n\t<meta name=\"twitter:data2\" content=\"13 \u043c\u0438\u043d\u0443\u0442\" \/>\n<script type=\"application\/ld+json\" class=\"yoast-schema-graph\">{\"@context\":\"https:\\\/\\\/schema.org\",\"@graph\":[{\"@type\":\"Article\",\"@id\":\"https:\\\/\\\/gazeta.am\\\/?p=5379#article\",\"isPartOf\":{\"@id\":\"https:\\\/\\\/gazeta.am\\\/?p=5379\"},\"author\":{\"name\":\"admin\",\"@id\":\"https:\\\/\\\/gazeta.am\\\/#\\\/schema\\\/person\\\/987709955e760c9a1ebbb44776f8cccc\"},\"headline\":\"Le gar\u00e7on qui appelait mon fils son fr\u00e8re \u2014 et le secret que mon mari m\u2019avait cach\u00e9 pendant huit ans\",\"datePublished\":\"2026-09-04T18:23:58+00:00\",\"dateModified\":\"2026-09-04T18:24:01+00:00\",\"mainEntityOfPage\":{\"@id\":\"https:\\\/\\\/gazeta.am\\\/?p=5379\"},\"wordCount\":2536,\"commentCount\":0,\"image\":{\"@id\":\"https:\\\/\\\/gazeta.am\\\/?p=5379#primaryimage\"},\"thumbnailUrl\":\"https:\\\/\\\/gazeta.am\\\/wp-content\\\/uploads\\\/2026\\\/09\\\/3-3.png\",\"articleSection\":[\"NEWS\"],\"inLanguage\":\"ru-RU\",\"potentialAction\":[{\"@type\":\"CommentAction\",\"name\":\"Comment\",\"target\":[\"https:\\\/\\\/gazeta.am\\\/?p=5379#respond\"]}]},{\"@type\":\"WebPage\",\"@id\":\"https:\\\/\\\/gazeta.am\\\/?p=5379\",\"url\":\"https:\\\/\\\/gazeta.am\\\/?p=5379\",\"name\":\"Le gar\u00e7on qui appelait mon fils son fr\u00e8re \u2014 et le secret que mon mari m\u2019avait cach\u00e9 pendant huit ans -\",\"isPartOf\":{\"@id\":\"https:\\\/\\\/gazeta.am\\\/#website\"},\"primaryImageOfPage\":{\"@id\":\"https:\\\/\\\/gazeta.am\\\/?p=5379#primaryimage\"},\"image\":{\"@id\":\"https:\\\/\\\/gazeta.am\\\/?p=5379#primaryimage\"},\"thumbnailUrl\":\"https:\\\/\\\/gazeta.am\\\/wp-content\\\/uploads\\\/2026\\\/09\\\/3-3.png\",\"datePublished\":\"2026-09-04T18:23:58+00:00\",\"dateModified\":\"2026-09-04T18:24:01+00:00\",\"author\":{\"@id\":\"https:\\\/\\\/gazeta.am\\\/#\\\/schema\\\/person\\\/987709955e760c9a1ebbb44776f8cccc\"},\"breadcrumb\":{\"@id\":\"https:\\\/\\\/gazeta.am\\\/?p=5379#breadcrumb\"},\"inLanguage\":\"ru-RU\",\"potentialAction\":[{\"@type\":\"ReadAction\",\"target\":[\"https:\\\/\\\/gazeta.am\\\/?p=5379\"]}]},{\"@type\":\"ImageObject\",\"inLanguage\":\"ru-RU\",\"@id\":\"https:\\\/\\\/gazeta.am\\\/?p=5379#primaryimage\",\"url\":\"https:\\\/\\\/gazeta.am\\\/wp-content\\\/uploads\\\/2026\\\/09\\\/3-3.png\",\"contentUrl\":\"https:\\\/\\\/gazeta.am\\\/wp-content\\\/uploads\\\/2026\\\/09\\\/3-3.png\",\"width\":1002,\"height\":1201},{\"@type\":\"BreadcrumbList\",\"@id\":\"https:\\\/\\\/gazeta.am\\\/?p=5379#breadcrumb\",\"itemListElement\":[{\"@type\":\"ListItem\",\"position\":1,\"name\":\"\u0413\u043b\u0430\u0432\u043d\u0430\u044f \u0441\u0442\u0440\u0430\u043d\u0438\u0446\u0430\",\"item\":\"https:\\\/\\\/gazeta.am\\\/\"},{\"@type\":\"ListItem\",\"position\":2,\"name\":\"Le gar\u00e7on qui appelait mon fils son fr\u00e8re \u2014 et le secret que mon mari m\u2019avait cach\u00e9 pendant huit ans\"}]},{\"@type\":\"WebSite\",\"@id\":\"https:\\\/\\\/gazeta.am\\\/#website\",\"url\":\"https:\\\/\\\/gazeta.am\\\/\",\"name\":\"\",\"description\":\"\",\"potentialAction\":[{\"@type\":\"SearchAction\",\"target\":{\"@type\":\"EntryPoint\",\"urlTemplate\":\"https:\\\/\\\/gazeta.am\\\/?s={search_term_string}\"},\"query-input\":{\"@type\":\"PropertyValueSpecification\",\"valueRequired\":true,\"valueName\":\"search_term_string\"}}],\"inLanguage\":\"ru-RU\"},{\"@type\":\"Person\",\"@id\":\"https:\\\/\\\/gazeta.am\\\/#\\\/schema\\\/person\\\/987709955e760c9a1ebbb44776f8cccc\",\"name\":\"admin\",\"image\":{\"@type\":\"ImageObject\",\"inLanguage\":\"ru-RU\",\"@id\":\"https:\\\/\\\/secure.gravatar.com\\\/avatar\\\/a24f4ac3a683f3c87303db525abc00db51ea26ccedee11dfaf1cc0f9a481a5d2?s=96&d=mm&r=g\",\"url\":\"https:\\\/\\\/secure.gravatar.com\\\/avatar\\\/a24f4ac3a683f3c87303db525abc00db51ea26ccedee11dfaf1cc0f9a481a5d2?s=96&d=mm&r=g\",\"contentUrl\":\"https:\\\/\\\/secure.gravatar.com\\\/avatar\\\/a24f4ac3a683f3c87303db525abc00db51ea26ccedee11dfaf1cc0f9a481a5d2?s=96&d=mm&r=g\",\"caption\":\"admin\"},\"sameAs\":[\"http:\\\/\\\/gazeta.am\"],\"url\":\"https:\\\/\\\/gazeta.am\\\/?author=1\"}]}<\/script>\n<!-- \/ Yoast SEO plugin. -->","yoast_head_json":{"title":"Le gar\u00e7on qui appelait mon fils son fr\u00e8re \u2014 et le secret que mon mari m\u2019avait cach\u00e9 pendant huit ans -","robots":{"index":"index","follow":"follow","max-snippet":"max-snippet:-1","max-image-preview":"max-image-preview:large","max-video-preview":"max-video-preview:-1"},"canonical":"https:\/\/gazeta.am\/?p=5379","og_locale":"ru_RU","og_type":"article","og_title":"Le gar\u00e7on qui appelait mon fils son fr\u00e8re \u2014 et le secret que mon mari m\u2019avait cach\u00e9 pendant huit ans -","og_description":"Lorsque mon fils s\u2019est battu \u00e0 l\u2019\u00e9cole, je pensais que le plus grave serait une suspension de quelques jours. Je me trompais. Ce","og_url":"https:\/\/gazeta.am\/?p=5379","article_published_time":"2026-09-04T18:23:58+00:00","article_modified_time":"2026-09-04T18:24:01+00:00","og_image":[{"width":1002,"height":1201,"url":"https:\/\/gazeta.am\/wp-content\/uploads\/2026\/09\/3-3.png","type":"image\/png"}],"author":"admin","twitter_card":"summary_large_image","twitter_misc":{"\u041d\u0430\u043f\u0438\u0441\u0430\u043d\u043e \u0430\u0432\u0442\u043e\u0440\u043e\u043c":"admin","\u041f\u0440\u0438\u043c\u0435\u0440\u043d\u043e\u0435 \u0432\u0440\u0435\u043c\u044f \u0434\u043b\u044f \u0447\u0442\u0435\u043d\u0438\u044f":"13 \u043c\u0438\u043d\u0443\u0442"},"schema":{"@context":"https:\/\/schema.org","@graph":[{"@type":"Article","@id":"https:\/\/gazeta.am\/?p=5379#article","isPartOf":{"@id":"https:\/\/gazeta.am\/?p=5379"},"author":{"name":"admin","@id":"https:\/\/gazeta.am\/#\/schema\/person\/987709955e760c9a1ebbb44776f8cccc"},"headline":"Le gar\u00e7on qui appelait mon fils son fr\u00e8re \u2014 et le secret que mon mari m\u2019avait cach\u00e9 pendant huit ans","datePublished":"2026-09-04T18:23:58+00:00","dateModified":"2026-09-04T18:24:01+00:00","mainEntityOfPage":{"@id":"https:\/\/gazeta.am\/?p=5379"},"wordCount":2536,"commentCount":0,"image":{"@id":"https:\/\/gazeta.am\/?p=5379#primaryimage"},"thumbnailUrl":"https:\/\/gazeta.am\/wp-content\/uploads\/2026\/09\/3-3.png","articleSection":["NEWS"],"inLanguage":"ru-RU","potentialAction":[{"@type":"CommentAction","name":"Comment","target":["https:\/\/gazeta.am\/?p=5379#respond"]}]},{"@type":"WebPage","@id":"https:\/\/gazeta.am\/?p=5379","url":"https:\/\/gazeta.am\/?p=5379","name":"Le gar\u00e7on qui appelait mon fils son fr\u00e8re \u2014 et le secret que mon mari m\u2019avait cach\u00e9 pendant huit ans -","isPartOf":{"@id":"https:\/\/gazeta.am\/#website"},"primaryImageOfPage":{"@id":"https:\/\/gazeta.am\/?p=5379#primaryimage"},"image":{"@id":"https:\/\/gazeta.am\/?p=5379#primaryimage"},"thumbnailUrl":"https:\/\/gazeta.am\/wp-content\/uploads\/2026\/09\/3-3.png","datePublished":"2026-09-04T18:23:58+00:00","dateModified":"2026-09-04T18:24:01+00:00","author":{"@id":"https:\/\/gazeta.am\/#\/schema\/person\/987709955e760c9a1ebbb44776f8cccc"},"breadcrumb":{"@id":"https:\/\/gazeta.am\/?p=5379#breadcrumb"},"inLanguage":"ru-RU","potentialAction":[{"@type":"ReadAction","target":["https:\/\/gazeta.am\/?p=5379"]}]},{"@type":"ImageObject","inLanguage":"ru-RU","@id":"https:\/\/gazeta.am\/?p=5379#primaryimage","url":"https:\/\/gazeta.am\/wp-content\/uploads\/2026\/09\/3-3.png","contentUrl":"https:\/\/gazeta.am\/wp-content\/uploads\/2026\/09\/3-3.png","width":1002,"height":1201},{"@type":"BreadcrumbList","@id":"https:\/\/gazeta.am\/?p=5379#breadcrumb","itemListElement":[{"@type":"ListItem","position":1,"name":"\u0413\u043b\u0430\u0432\u043d\u0430\u044f \u0441\u0442\u0440\u0430\u043d\u0438\u0446\u0430","item":"https:\/\/gazeta.am\/"},{"@type":"ListItem","position":2,"name":"Le gar\u00e7on qui appelait mon fils son fr\u00e8re \u2014 et le secret que mon mari m\u2019avait cach\u00e9 pendant huit ans"}]},{"@type":"WebSite","@id":"https:\/\/gazeta.am\/#website","url":"https:\/\/gazeta.am\/","name":"","description":"","potentialAction":[{"@type":"SearchAction","target":{"@type":"EntryPoint","urlTemplate":"https:\/\/gazeta.am\/?s={search_term_string}"},"query-input":{"@type":"PropertyValueSpecification","valueRequired":true,"valueName":"search_term_string"}}],"inLanguage":"ru-RU"},{"@type":"Person","@id":"https:\/\/gazeta.am\/#\/schema\/person\/987709955e760c9a1ebbb44776f8cccc","name":"admin","image":{"@type":"ImageObject","inLanguage":"ru-RU","@id":"https:\/\/secure.gravatar.com\/avatar\/a24f4ac3a683f3c87303db525abc00db51ea26ccedee11dfaf1cc0f9a481a5d2?s=96&d=mm&r=g","url":"https:\/\/secure.gravatar.com\/avatar\/a24f4ac3a683f3c87303db525abc00db51ea26ccedee11dfaf1cc0f9a481a5d2?s=96&d=mm&r=g","contentUrl":"https:\/\/secure.gravatar.com\/avatar\/a24f4ac3a683f3c87303db525abc00db51ea26ccedee11dfaf1cc0f9a481a5d2?s=96&d=mm&r=g","caption":"admin"},"sameAs":["http:\/\/gazeta.am"],"url":"https:\/\/gazeta.am\/?author=1"}]}},"_links":{"self":[{"href":"https:\/\/gazeta.am\/index.php?rest_route=\/wp\/v2\/posts\/5379","targetHints":{"allow":["GET"]}}],"collection":[{"href":"https:\/\/gazeta.am\/index.php?rest_route=\/wp\/v2\/posts"}],"about":[{"href":"https:\/\/gazeta.am\/index.php?rest_route=\/wp\/v2\/types\/post"}],"author":[{"embeddable":true,"href":"https:\/\/gazeta.am\/index.php?rest_route=\/wp\/v2\/users\/1"}],"replies":[{"embeddable":true,"href":"https:\/\/gazeta.am\/index.php?rest_route=%2Fwp%2Fv2%2Fcomments&post=5379"}],"version-history":[{"count":1,"href":"https:\/\/gazeta.am\/index.php?rest_route=\/wp\/v2\/posts\/5379\/revisions"}],"predecessor-version":[{"id":5381,"href":"https:\/\/gazeta.am\/index.php?rest_route=\/wp\/v2\/posts\/5379\/revisions\/5381"}],"wp:featuredmedia":[{"embeddable":true,"href":"https:\/\/gazeta.am\/index.php?rest_route=\/wp\/v2\/media\/5380"}],"wp:attachment":[{"href":"https:\/\/gazeta.am\/index.php?rest_route=%2Fwp%2Fv2%2Fmedia&parent=5379"}],"wp:term":[{"taxonomy":"category","embeddable":true,"href":"https:\/\/gazeta.am\/index.php?rest_route=%2Fwp%2Fv2%2Fcategories&post=5379"},{"taxonomy":"post_tag","embeddable":true,"href":"https:\/\/gazeta.am\/index.php?rest_route=%2Fwp%2Fv2%2Ftags&post=5379"}],"curies":[{"name":"wp","href":"https:\/\/api.w.org\/{rel}","templated":true}]}}