{"id":5348,"date":"2026-09-02T21:33:08","date_gmt":"2026-09-02T18:33:08","guid":{"rendered":"https:\/\/gazeta.am\/?p=5348"},"modified":"2026-09-02T21:33:10","modified_gmt":"2026-09-02T18:33:10","slug":"mon-pere-adoptif-reparait-des-ascenseurs-le-jour-de-ma-remise-de-diplome-un-ancien-professeur-la-reconnu-et-sest-agenouille-devant-lui","status":"publish","type":"post","link":"https:\/\/gazeta.am\/?p=5348","title":{"rendered":"Mon p\u00e8re adoptif r\u00e9parait des ascenseurs. Le jour de ma remise de dipl\u00f4me, un ancien professeur l\u2019a reconnu\u2026 et s\u2019est agenouill\u00e9 devant lui"},"content":{"rendered":"\n<p class=\"wp-block-paragraph\">Pendant vingt-six ans, tout le monde a cru que mon p\u00e8re adoptif n\u2019\u00e9tait qu\u2019un homme ordinaire.<\/p>\n\n\n\n<p class=\"wp-block-paragraph\">Il s\u2019appelait Gabriel.<\/p>\n\n\n\n<p class=\"wp-block-paragraph\">Il r\u00e9parait des ascenseurs.<\/p>\n\n\n\n<p class=\"wp-block-paragraph\">Chaque matin, il quittait la maison avant six heures, avec une vieille veste bleue, une bo\u00eete \u00e0 outils caboss\u00e9e et un thermos de caf\u00e9.<\/p>\n\n\n\n<p class=\"wp-block-paragraph\">Ses mains \u00e9taient toujours couvertes de petites coupures.<\/p>\n\n\n\n<p class=\"wp-block-paragraph\">Ses ongles portaient les traces du m\u00e9tal, de la graisse et de la poussi\u00e8re.<\/p>\n\n\n\n<p class=\"wp-block-paragraph\">Il n\u2019avait jamais poss\u00e9d\u00e9 de voiture luxueuse.<\/p>\n\n\n\n<p class=\"wp-block-paragraph\">Il n\u2019avait jamais port\u00e9 de montre co\u00fbteuse.<\/p>\n\n\n\n<p class=\"wp-block-paragraph\">Il ne parlait jamais de ses r\u00e9ussites.<\/p>\n\n\n\n<p class=\"wp-block-paragraph\">Quand quelqu\u2019un lui demandait ce qu\u2019il faisait dans la vie, il r\u00e9pondait simplement :<\/p>\n\n\n\n<p class=\"wp-block-paragraph\">\u2014 Je r\u00e9pare ce qui ne fonctionne plus.<\/p>\n\n\n\n<p class=\"wp-block-paragraph\">Je pensais que c\u2019\u00e9tait simplement une phrase.<\/p>\n\n\n\n<p class=\"wp-block-paragraph\">Je ne savais pas qu\u2019elle r\u00e9sumait toute son existence.<\/p>\n\n\n\n<figure class=\"wp-block-image size-large\"><img loading=\"lazy\" decoding=\"async\" width=\"726\" height=\"1024\" src=\"https:\/\/gazeta.am\/wp-content\/uploads\/2026\/09\/6-1-726x1024.png\" alt=\"\" class=\"wp-image-5349\" srcset=\"https:\/\/gazeta.am\/wp-content\/uploads\/2026\/09\/6-1-726x1024.png 726w, https:\/\/gazeta.am\/wp-content\/uploads\/2026\/09\/6-1-213x300.png 213w, https:\/\/gazeta.am\/wp-content\/uploads\/2026\/09\/6-1-767x1082.png 767w, https:\/\/gazeta.am\/wp-content\/uploads\/2026\/09\/6-1.png 795w\" sizes=\"auto, (max-width: 726px) 100vw, 726px\" \/><\/figure>\n\n\n\n<hr class=\"wp-block-separator has-alpha-channel-opacity\"\/>\n\n\n\n<p class=\"wp-block-paragraph\">Ma m\u00e8re est morte lorsque j\u2019avais quatre ans.<\/p>\n\n\n\n<p class=\"wp-block-paragraph\">Je ne garde presque aucun souvenir d\u2019elle.<\/p>\n\n\n\n<p class=\"wp-block-paragraph\">Une odeur de parfum.<\/p>\n\n\n\n<p class=\"wp-block-paragraph\">Une voix.<\/p>\n\n\n\n<p class=\"wp-block-paragraph\">Une photo o\u00f9 elle me tient dans ses bras.<\/p>\n\n\n\n<p class=\"wp-block-paragraph\">Et puis plus rien.<\/p>\n\n\n\n<p class=\"wp-block-paragraph\">Mon p\u00e8re biologique \u00e9tait parti avant m\u00eame ma naissance.<\/p>\n\n\n\n<p class=\"wp-block-paragraph\">Je n\u2019ai appris son nom que bien plus tard.<\/p>\n\n\n\n<p class=\"wp-block-paragraph\">Gabriel est entr\u00e9 dans notre vie lorsque j\u2019avais six ans.<\/p>\n\n\n\n<p class=\"wp-block-paragraph\">Il n\u2019a jamais essay\u00e9 de remplacer mon p\u00e8re.<\/p>\n\n\n\n<p class=\"wp-block-paragraph\">Il ne m\u2019a jamais demand\u00e9 de l\u2019appeler papa.<\/p>\n\n\n\n<p class=\"wp-block-paragraph\">Il disait :<\/p>\n\n\n\n<p class=\"wp-block-paragraph\">\u2014 Tu peux m\u2019appeler comme tu veux. Moi, je serai l\u00e0.<\/p>\n\n\n\n<p class=\"wp-block-paragraph\">Et il l\u2019a \u00e9t\u00e9.<\/p>\n\n\n\n<p class=\"wp-block-paragraph\">\u00c0 chaque fois.<\/p>\n\n\n\n<p class=\"wp-block-paragraph\">Lorsque j\u2019ai eu de la fi\u00e8vre.<\/p>\n\n\n\n<p class=\"wp-block-paragraph\">Lorsque j\u2019ai perdu ma premi\u00e8re dent.<\/p>\n\n\n\n<p class=\"wp-block-paragraph\">Lorsque j\u2019ai \u00e9t\u00e9 victime de harc\u00e8lement \u00e0 l\u2019\u00e9cole.<\/p>\n\n\n\n<p class=\"wp-block-paragraph\">Lorsque j\u2019ai rat\u00e9 mon premier examen.<\/p>\n\n\n\n<p class=\"wp-block-paragraph\">Lorsque mon premier petit ami m\u2019a quitt\u00e9e.<\/p>\n\n\n\n<p class=\"wp-block-paragraph\">Lorsque j\u2019ai voulu abandonner mes \u00e9tudes.<\/p>\n\n\n\n<p class=\"wp-block-paragraph\">Il \u00e9tait l\u00e0.<\/p>\n\n\n\n<p class=\"wp-block-paragraph\">Toujours.<\/p>\n\n\n\n<p class=\"wp-block-paragraph\">M\u00eame lorsqu\u2019il n\u2019avait pas beaucoup d\u2019argent.<\/p>\n\n\n\n<p class=\"wp-block-paragraph\">Il trouvait toujours un moyen.<\/p>\n\n\n\n<p class=\"wp-block-paragraph\">Je me souviens d\u2019une ann\u00e9e particuli\u00e8rement difficile.<\/p>\n\n\n\n<p class=\"wp-block-paragraph\">L\u2019universit\u00e9 avait augment\u00e9 les frais d\u2019inscription.<\/p>\n\n\n\n<p class=\"wp-block-paragraph\">Je lui avais dit :<\/p>\n\n\n\n<p class=\"wp-block-paragraph\">\u2014 Je vais arr\u00eater. Je trouverai un travail.<\/p>\n\n\n\n<p class=\"wp-block-paragraph\">Il avait simplement pos\u00e9 sa tasse sur la table.<\/p>\n\n\n\n<p class=\"wp-block-paragraph\">\u2014 Non.<\/p>\n\n\n\n<p class=\"wp-block-paragraph\">\u2014 Papa, je ne peux pas te demander \u00e7a.<\/p>\n\n\n\n<p class=\"wp-block-paragraph\">\u2014 Tu ne me demandes rien.<\/p>\n\n\n\n<p class=\"wp-block-paragraph\">\u2014 Mais nous n\u2019avons pas assez d\u2019argent.<\/p>\n\n\n\n<p class=\"wp-block-paragraph\">Il avait souri.<\/p>\n\n\n\n<p class=\"wp-block-paragraph\">\u2014 Alors je travaillerai davantage.<\/p>\n\n\n\n<p class=\"wp-block-paragraph\">Le lendemain, il avait accept\u00e9 des heures suppl\u00e9mentaires.<\/p>\n\n\n\n<p class=\"wp-block-paragraph\">Puis des gardes de nuit.<\/p>\n\n\n\n<p class=\"wp-block-paragraph\">Pendant presque deux ans, il a dormi moins de cinq heures par nuit.<\/p>\n\n\n\n<p class=\"wp-block-paragraph\">Je ne savais pas pourquoi.<\/p>\n\n\n\n<p class=\"wp-block-paragraph\">Je pensais qu\u2019il faisait simplement tout cela pour moi.<\/p>\n\n\n\n<p class=\"wp-block-paragraph\">Aujourd\u2019hui, je sais qu\u2019il faisait beaucoup plus.<\/p>\n\n\n\n<hr class=\"wp-block-separator has-alpha-channel-opacity\"\/>\n\n\n\n<p class=\"wp-block-paragraph\">J\u2019ai finalement obtenu une bourse pour terminer mes \u00e9tudes.<\/p>\n\n\n\n<p class=\"wp-block-paragraph\">Je me suis sp\u00e9cialis\u00e9e en ing\u00e9nierie des syst\u00e8mes m\u00e9caniques.<\/p>\n\n\n\n<p class=\"wp-block-paragraph\">Mon domaine concernait notamment les dispositifs de s\u00e9curit\u00e9 utilis\u00e9s dans les b\u00e2timents.<\/p>\n\n\n\n<p class=\"wp-block-paragraph\">Et plus j\u2019\u00e9tudiais, plus je me rendais compte d\u2019une chose \u00e9trange.<\/p>\n\n\n\n<p class=\"wp-block-paragraph\">Gabriel connaissait \u00e9norm\u00e9ment de choses.<\/p>\n\n\n\n<p class=\"wp-block-paragraph\">Un soir, je travaillais sur un m\u00e9canisme particuli\u00e8rement complexe.<\/p>\n\n\n\n<p class=\"wp-block-paragraph\">Je n\u2019arrivais pas \u00e0 comprendre pourquoi une pi\u00e8ce subissait une contrainte anormale.<\/p>\n\n\n\n<p class=\"wp-block-paragraph\">Gabriel regarda mon sch\u00e9ma.<\/p>\n\n\n\n<p class=\"wp-block-paragraph\">Il resta silencieux quelques secondes.<\/p>\n\n\n\n<p class=\"wp-block-paragraph\">Puis il prit un crayon.<\/p>\n\n\n\n<p class=\"wp-block-paragraph\">\u2014 Tu as calcul\u00e9 la charge verticale, mais pas la charge lat\u00e9rale.<\/p>\n\n\n\n<p class=\"wp-block-paragraph\">Je le regardai.<\/p>\n\n\n\n<p class=\"wp-block-paragraph\">\u2014 Comment tu sais \u00e7a ?<\/p>\n\n\n\n<p class=\"wp-block-paragraph\">Il haussa les \u00e9paules.<\/p>\n\n\n\n<p class=\"wp-block-paragraph\">\u2014 J\u2019ai vu ce probl\u00e8me plusieurs fois.<\/p>\n\n\n\n<p class=\"wp-block-paragraph\">\u2014 Sur des ascenseurs ?<\/p>\n\n\n\n<p class=\"wp-block-paragraph\">Il sourit.<\/p>\n\n\n\n<p class=\"wp-block-paragraph\">\u2014 Entre autres.<\/p>\n\n\n\n<p class=\"wp-block-paragraph\">Je trouvai cela \u00e9trange.<\/p>\n\n\n\n<p class=\"wp-block-paragraph\">Mais je ne posai pas de question.<\/p>\n\n\n\n<p class=\"wp-block-paragraph\">Je ne savais pas encore que Gabriel avait d\u00e9j\u00e0 travaill\u00e9 sur des technologies que mes professeurs \u00e9tudiaient dans leurs livres.<\/p>\n\n\n\n<hr class=\"wp-block-separator has-alpha-channel-opacity\"\/>\n\n\n\n<p class=\"wp-block-paragraph\">Le jour de ma soutenance de doctorat arriva finalement.<\/p>\n\n\n\n<p class=\"wp-block-paragraph\">J\u2019avais trente ans.<\/p>\n\n\n\n<p class=\"wp-block-paragraph\">La salle \u00e9tait pleine.<\/p>\n\n\n\n<p class=\"wp-block-paragraph\">Mes coll\u00e8gues \u00e9taient pr\u00e9sents.<\/p>\n\n\n\n<p class=\"wp-block-paragraph\">Des professeurs.<\/p>\n\n\n\n<p class=\"wp-block-paragraph\">Des chercheurs.<\/p>\n\n\n\n<p class=\"wp-block-paragraph\">Des \u00e9tudiants.<\/p>\n\n\n\n<p class=\"wp-block-paragraph\">Mon directeur de th\u00e8se, le professeur Richard Keller, \u00e9tait assis au centre du jury.<\/p>\n\n\n\n<p class=\"wp-block-paragraph\">C\u2019\u00e9tait un homme respect\u00e9.<\/p>\n\n\n\n<p class=\"wp-block-paragraph\">Il avait publi\u00e9 des dizaines d\u2019articles.<\/p>\n\n\n\n<p class=\"wp-block-paragraph\">Il avait re\u00e7u plusieurs prix internationaux.<\/p>\n\n\n\n<p class=\"wp-block-paragraph\">Pour moi, il repr\u00e9sentait le sommet du monde acad\u00e9mique.<\/p>\n\n\n\n<p class=\"wp-block-paragraph\">J\u2019\u00e9tais terrifi\u00e9e.<\/p>\n\n\n\n<p class=\"wp-block-paragraph\">Mais je savais que Gabriel serait l\u00e0.<\/p>\n\n\n\n<p class=\"wp-block-paragraph\">Il m\u2019avait promis.<\/p>\n\n\n\n<p class=\"wp-block-paragraph\">\u2014 Je serai au fond de la salle.<\/p>\n\n\n\n<p class=\"wp-block-paragraph\">\u2014 Tu ne vas pas avoir honte ?<\/p>\n\n\n\n<p class=\"wp-block-paragraph\">Il avait fronc\u00e9 les sourcils.<\/p>\n\n\n\n<p class=\"wp-block-paragraph\">\u2014 Honte de quoi ?<\/p>\n\n\n\n<p class=\"wp-block-paragraph\">\u2014 De venir habill\u00e9 comme \u00e7a.<\/p>\n\n\n\n<p class=\"wp-block-paragraph\">Il avait regard\u00e9 son vieux costume.<\/p>\n\n\n\n<p class=\"wp-block-paragraph\">\u2014 Il est propre.<\/p>\n\n\n\n<p class=\"wp-block-paragraph\">J\u2019avais ri.<\/p>\n\n\n\n<p class=\"wp-block-paragraph\">\u2014 Oui.<\/p>\n\n\n\n<p class=\"wp-block-paragraph\">\u2014 Alors tout va bien.<\/p>\n\n\n\n<p class=\"wp-block-paragraph\">Il \u00e9tait arriv\u00e9 dix minutes avant le d\u00e9but.<\/p>\n\n\n\n<p class=\"wp-block-paragraph\">Il s\u2019\u00e9tait assis tout au fond.<\/p>\n\n\n\n<p class=\"wp-block-paragraph\">Silencieusement.<\/p>\n\n\n\n<p class=\"wp-block-paragraph\">Comme toujours.<\/p>\n\n\n\n<p class=\"wp-block-paragraph\">Ma soutenance s\u2019est d\u00e9roul\u00e9e parfaitement.<\/p>\n\n\n\n<p class=\"wp-block-paragraph\">Apr\u00e8s presque deux heures de questions, le professeur Keller s\u2019est lev\u00e9.<\/p>\n\n\n\n<p class=\"wp-block-paragraph\">\u2014 Nous avons le plaisir de vous annoncer que votre travail est accept\u00e9 avec les f\u00e9licitations du jury.<\/p>\n\n\n\n<p class=\"wp-block-paragraph\">J\u2019ai senti mes yeux se remplir de larmes.<\/p>\n\n\n\n<p class=\"wp-block-paragraph\">Tout le monde a applaudi.<\/p>\n\n\n\n<p class=\"wp-block-paragraph\">J\u2019ai regard\u00e9 au fond de la salle.<\/p>\n\n\n\n<p class=\"wp-block-paragraph\">Gabriel souriait.<\/p>\n\n\n\n<p class=\"wp-block-paragraph\">Il applaudissait plus fort que tout le monde.<\/p>\n\n\n\n<p class=\"wp-block-paragraph\">Puis le professeur Keller m\u2019a tendu mon dipl\u00f4me.<\/p>\n\n\n\n<p class=\"wp-block-paragraph\">\u2014 F\u00e9licitations, docteure.<\/p>\n\n\n\n<p class=\"wp-block-paragraph\">Et c\u2019est \u00e0 ce moment-l\u00e0 que Gabriel s\u2019est lev\u00e9.<\/p>\n\n\n\n<p class=\"wp-block-paragraph\">Il voulait simplement venir me f\u00e9liciter.<\/p>\n\n\n\n<p class=\"wp-block-paragraph\">Il a avanc\u00e9 de quelques pas.<\/p>\n\n\n\n<p class=\"wp-block-paragraph\">Le professeur Keller l\u2019a regard\u00e9.<\/p>\n\n\n\n<p class=\"wp-block-paragraph\">Et son visage a chang\u00e9.<\/p>\n\n\n\n<p class=\"wp-block-paragraph\">Compl\u00e8tement.<\/p>\n\n\n\n<p class=\"wp-block-paragraph\">Son sourire a disparu.<\/p>\n\n\n\n<p class=\"wp-block-paragraph\">Il est devenu livide.<\/p>\n\n\n\n<p class=\"wp-block-paragraph\">Sa main s\u2019est mise \u00e0 trembler.<\/p>\n\n\n\n<p class=\"wp-block-paragraph\">Puis sa mallette lui a \u00e9chapp\u00e9.<\/p>\n\n\n\n<p class=\"wp-block-paragraph\">Elle est tomb\u00e9e lourdement sur le sol.<\/p>\n\n\n\n<p class=\"wp-block-paragraph\">Personne ne comprenait.<\/p>\n\n\n\n<p class=\"wp-block-paragraph\">Gabriel s\u2019est arr\u00eat\u00e9.<\/p>\n\n\n\n<p class=\"wp-block-paragraph\">Le professeur Keller le fixait comme s\u2019il venait de voir un fant\u00f4me.<\/p>\n\n\n\n<p class=\"wp-block-paragraph\">\u2014 Ce n\u2019est pas possible\u2026<\/p>\n\n\n\n<p class=\"wp-block-paragraph\">Gabriel ne r\u00e9pondit pas.<\/p>\n\n\n\n<p class=\"wp-block-paragraph\">Le professeur fit un pas vers lui.<\/p>\n\n\n\n<p class=\"wp-block-paragraph\">\u2014 Gabriel Moreau ?<\/p>\n\n\n\n<p class=\"wp-block-paragraph\">Le silence tomba dans la salle.<\/p>\n\n\n\n<p class=\"wp-block-paragraph\">Je regardai mon p\u00e8re.<\/p>\n\n\n\n<p class=\"wp-block-paragraph\">Il semblait soudain tr\u00e8s fatigu\u00e9.<\/p>\n\n\n\n<p class=\"wp-block-paragraph\">\u2014 \u00c7a fait longtemps, Richard.<\/p>\n\n\n\n<p class=\"wp-block-paragraph\">J\u2019entendis plusieurs murmures.<\/p>\n\n\n\n<p class=\"wp-block-paragraph\">Le professeur Keller recula.<\/p>\n\n\n\n<p class=\"wp-block-paragraph\">\u2014 Vingt-six ans\u2026<\/p>\n\n\n\n<p class=\"wp-block-paragraph\">Gabriel hocha lentement la t\u00eate.<\/p>\n\n\n\n<p class=\"wp-block-paragraph\">\u2014 Oui.<\/p>\n\n\n\n<p class=\"wp-block-paragraph\">Je regardai mon p\u00e8re.<\/p>\n\n\n\n<p class=\"wp-block-paragraph\">\u2014 Vous vous connaissez ?<\/p>\n\n\n\n<p class=\"wp-block-paragraph\">Le professeur ne me r\u00e9pondit pas.<\/p>\n\n\n\n<p class=\"wp-block-paragraph\">Il regardait toujours Gabriel.<\/p>\n\n\n\n<p class=\"wp-block-paragraph\">Puis, contre toute attente\u2026<\/p>\n\n\n\n<p class=\"wp-block-paragraph\">il s\u2019agenouilla.<\/p>\n\n\n\n<p class=\"wp-block-paragraph\">Devant mon p\u00e8re.<\/p>\n\n\n\n<p class=\"wp-block-paragraph\">La salle enti\u00e8re se figea.<\/p>\n\n\n\n<p class=\"wp-block-paragraph\">\u2014 Monsieur Moreau\u2026 je vous demande pardon.<\/p>\n\n\n\n<p class=\"wp-block-paragraph\">Je crus avoir mal entendu.<\/p>\n\n\n\n<p class=\"wp-block-paragraph\">Gabriel lui tendit la main.<\/p>\n\n\n\n<p class=\"wp-block-paragraph\">\u2014 Rel\u00e8ve-toi.<\/p>\n\n\n\n<p class=\"wp-block-paragraph\">Mais le professeur resta \u00e0 genoux.<\/p>\n\n\n\n<p class=\"wp-block-paragraph\">\u2014 Sans vous, je serais mort.<\/p>\n\n\n\n<p class=\"wp-block-paragraph\">Un murmure parcourut la salle.<\/p>\n\n\n\n<p class=\"wp-block-paragraph\">Je ne comprenais plus rien.<\/p>\n\n\n\n<hr class=\"wp-block-separator has-alpha-channel-opacity\"\/>\n\n\n\n<p class=\"wp-block-paragraph\">Apr\u00e8s la c\u00e9r\u00e9monie, Gabriel voulut partir imm\u00e9diatement.<\/p>\n\n\n\n<p class=\"wp-block-paragraph\">Je l\u2019ai arr\u00eat\u00e9 sur le parking.<\/p>\n\n\n\n<p class=\"wp-block-paragraph\">\u2014 Tu vas m\u2019expliquer.<\/p>\n\n\n\n<p class=\"wp-block-paragraph\">Il soupira.<\/p>\n\n\n\n<p class=\"wp-block-paragraph\">\u2014 Je savais que ce jour arriverait.<\/p>\n\n\n\n<p class=\"wp-block-paragraph\">\u2014 Qui est le professeur Keller ?<\/p>\n\n\n\n<p class=\"wp-block-paragraph\">Il regarda l\u2019universit\u00e9.<\/p>\n\n\n\n<p class=\"wp-block-paragraph\">Puis moi.<\/p>\n\n\n\n<p class=\"wp-block-paragraph\">\u2014 Quelqu\u2019un que j\u2019ai sauv\u00e9.<\/p>\n\n\n\n<p class=\"wp-block-paragraph\">\u2014 De quoi ?<\/p>\n\n\n\n<p class=\"wp-block-paragraph\">Il resta silencieux.<\/p>\n\n\n\n<p class=\"wp-block-paragraph\">\u2014 D\u2019un accident.<\/p>\n\n\n\n<p class=\"wp-block-paragraph\">\u2014 Quel accident ?<\/p>\n\n\n\n<p class=\"wp-block-paragraph\">Il finit par r\u00e9pondre.<\/p>\n\n\n\n<p class=\"wp-block-paragraph\">\u2014 Celui qui a chang\u00e9 ma vie.<\/p>\n\n\n\n<p class=\"wp-block-paragraph\">Nous sommes rentr\u00e9s chez nous.<\/p>\n\n\n\n<p class=\"wp-block-paragraph\">Pour la premi\u00e8re fois depuis que je le connaissais, Gabriel semblait nerveux.<\/p>\n\n\n\n<p class=\"wp-block-paragraph\">Il ouvrit une vieille bo\u00eete m\u00e9tallique qu\u2019il conservait au fond d\u2019un placard.<\/p>\n\n\n\n<p class=\"wp-block-paragraph\">\u00c0 l\u2019int\u00e9rieur se trouvaient des photographies.<\/p>\n\n\n\n<p class=\"wp-block-paragraph\">Des articles de journaux.<\/p>\n\n\n\n<p class=\"wp-block-paragraph\">Des plans.<\/p>\n\n\n\n<p class=\"wp-block-paragraph\">Des documents.<\/p>\n\n\n\n<p class=\"wp-block-paragraph\">Et une photo d\u2019un groupe d\u2019ing\u00e9nieurs.<\/p>\n\n\n\n<p class=\"wp-block-paragraph\">Je reconnus imm\u00e9diatement le professeur Keller.<\/p>\n\n\n\n<p class=\"wp-block-paragraph\">Il \u00e9tait beaucoup plus jeune.<\/p>\n\n\n\n<p class=\"wp-block-paragraph\">\u00c0 c\u00f4t\u00e9 de lui\u2026<\/p>\n\n\n\n<p class=\"wp-block-paragraph\">il y avait Gabriel.<\/p>\n\n\n\n<p class=\"wp-block-paragraph\">Je regardai mon p\u00e8re.<\/p>\n\n\n\n<p class=\"wp-block-paragraph\">\u2014 Tu \u00e9tais ing\u00e9nieur ?<\/p>\n\n\n\n<p class=\"wp-block-paragraph\">Il hocha la t\u00eate.<\/p>\n\n\n\n<p class=\"wp-block-paragraph\">\u2014 Oui.<\/p>\n\n\n\n<p class=\"wp-block-paragraph\">Je restai sans voix.<\/p>\n\n\n\n<p class=\"wp-block-paragraph\">\u2014 Mais pourquoi m\u2019as-tu toujours dit que tu r\u00e9parais des ascenseurs ?<\/p>\n\n\n\n<p class=\"wp-block-paragraph\">\u2014 Parce que c\u2019est ce que je faisais.<\/p>\n\n\n\n<p class=\"wp-block-paragraph\">\u2014 Ce n\u2019est pas la m\u00eame chose.<\/p>\n\n\n\n<p class=\"wp-block-paragraph\">\u2014 Pour moi, si.<\/p>\n\n\n\n<p class=\"wp-block-paragraph\">Puis il me montra un article.<\/p>\n\n\n\n<p class=\"wp-block-paragraph\">La date remontait \u00e0 vingt-six ans.<\/p>\n\n\n\n<p class=\"wp-block-paragraph\">Le titre parlait d\u2019un accident survenu dans un complexe industriel.<\/p>\n\n\n\n<p class=\"wp-block-paragraph\">Un syst\u00e8me de levage avait c\u00e9d\u00e9.<\/p>\n\n\n\n<p class=\"wp-block-paragraph\">Plusieurs personnes avaient \u00e9t\u00e9 bless\u00e9es.<\/p>\n\n\n\n<p class=\"wp-block-paragraph\">Deux ing\u00e9nieurs \u00e9taient morts.<\/p>\n\n\n\n<p class=\"wp-block-paragraph\">Je regardai la photo.<\/p>\n\n\n\n<p class=\"wp-block-paragraph\">Le professeur Keller \u00e9tait l\u00e0.<\/p>\n\n\n\n<p class=\"wp-block-paragraph\">Gabriel aussi.<\/p>\n\n\n\n<p class=\"wp-block-paragraph\">\u2014 Qu\u2019est-ce qui s\u2019est pass\u00e9 ?<\/p>\n\n\n\n<p class=\"wp-block-paragraph\">Gabriel prit une profonde inspiration.<\/p>\n\n\n\n<p class=\"wp-block-paragraph\">\u2014 Le syst\u00e8me avait \u00e9t\u00e9 mal con\u00e7u.<\/p>\n\n\n\n<p class=\"wp-block-paragraph\">\u2014 Par qui ?<\/p>\n\n\n\n<p class=\"wp-block-paragraph\">Il ne r\u00e9pondit pas imm\u00e9diatement.<\/p>\n\n\n\n<p class=\"wp-block-paragraph\">Puis il dit :<\/p>\n\n\n\n<p class=\"wp-block-paragraph\">\u2014 Par l\u2019entreprise qui nous employait.<\/p>\n\n\n\n<p class=\"wp-block-paragraph\">Je parcourus les documents.<\/p>\n\n\n\n<p class=\"wp-block-paragraph\">Il y avait des rapports techniques.<\/p>\n\n\n\n<p class=\"wp-block-paragraph\">Des notes manuscrites.<\/p>\n\n\n\n<p class=\"wp-block-paragraph\">Des avertissements.<\/p>\n\n\n\n<p class=\"wp-block-paragraph\">Gabriel avait signal\u00e9 plusieurs fois le probl\u00e8me.<\/p>\n\n\n\n<p class=\"wp-block-paragraph\">Mais ses sup\u00e9rieurs avaient refus\u00e9 d\u2019arr\u00eater les travaux.<\/p>\n\n\n\n<p class=\"wp-block-paragraph\">Ils craignaient de perdre un contrat important.<\/p>\n\n\n\n<p class=\"wp-block-paragraph\">Le jour de l\u2019accident, Gabriel \u00e9tait sur place.<\/p>\n\n\n\n<p class=\"wp-block-paragraph\">Il avait compris que quelque chose allait c\u00e9der.<\/p>\n\n\n\n<p class=\"wp-block-paragraph\">Il avait r\u00e9ussi \u00e0 \u00e9vacuer plusieurs travailleurs.<\/p>\n\n\n\n<p class=\"wp-block-paragraph\">Mais pas tous.<\/p>\n\n\n\n<p class=\"wp-block-paragraph\">Il avait \u00e9galement sauv\u00e9 Richard Keller.<\/p>\n\n\n\n<p class=\"wp-block-paragraph\">\u00c0 l\u2019\u00e9poque, Keller n\u2019\u00e9tait qu\u2019un jeune ing\u00e9nieur.<\/p>\n\n\n\n<p class=\"wp-block-paragraph\">Gabriel avait utilis\u00e9 son propre corps pour le pousser hors de la zone dangereuse.<\/p>\n\n\n\n<p class=\"wp-block-paragraph\">Il avait \u00e9t\u00e9 gravement bless\u00e9.<\/p>\n\n\n\n<p class=\"wp-block-paragraph\">Mais il avait surv\u00e9cu.<\/p>\n\n\n\n<p class=\"wp-block-paragraph\">L\u2019entreprise avait ensuite tent\u00e9 de faire porter la responsabilit\u00e9 de l\u2019accident aux techniciens.<\/p>\n\n\n\n<p class=\"wp-block-paragraph\">Gabriel avait refus\u00e9 de signer le rapport falsifi\u00e9.<\/p>\n\n\n\n<p class=\"wp-block-paragraph\">Il avait t\u00e9moign\u00e9.<\/p>\n\n\n\n<p class=\"wp-block-paragraph\">Puis il avait perdu son emploi.<\/p>\n\n\n\n<p class=\"wp-block-paragraph\">Sa r\u00e9putation.<\/p>\n\n\n\n<p class=\"wp-block-paragraph\">Et presque tous ses amis.<\/p>\n\n\n\n<p class=\"wp-block-paragraph\">Il aurait pu poursuivre l\u2019entreprise.<\/p>\n\n\n\n<p class=\"wp-block-paragraph\">Il aurait pu devenir c\u00e9l\u00e8bre.<\/p>\n\n\n\n<p class=\"wp-block-paragraph\">Mais il avait choisi de partir.<\/p>\n\n\n\n<p class=\"wp-block-paragraph\">Pourquoi ?<\/p>\n\n\n\n<p class=\"wp-block-paragraph\">Je ne comprenais pas.<\/p>\n\n\n\n<p class=\"wp-block-paragraph\">Puis il sortit une derni\u00e8re photo.<\/p>\n\n\n\n<p class=\"wp-block-paragraph\">Une photo de ma m\u00e8re.<\/p>\n\n\n\n<p class=\"wp-block-paragraph\">Je la regardai.<\/p>\n\n\n\n<p class=\"wp-block-paragraph\">\u2014 Quel rapport avec maman ?<\/p>\n\n\n\n<p class=\"wp-block-paragraph\">Il ferma les yeux.<\/p>\n\n\n\n<p class=\"wp-block-paragraph\">\u2014 C\u2019est l\u00e0 que tout devient compliqu\u00e9.<\/p>\n\n\n\n<hr class=\"wp-block-separator has-alpha-channel-opacity\"\/>\n\n\n\n<p class=\"wp-block-paragraph\">Ma m\u00e8re travaillait dans la m\u00eame entreprise.<\/p>\n\n\n\n<p class=\"wp-block-paragraph\">Pas comme ing\u00e9nieure.<\/p>\n\n\n\n<p class=\"wp-block-paragraph\">Elle \u00e9tait responsable de la s\u00e9curit\u00e9 administrative.<\/p>\n\n\n\n<p class=\"wp-block-paragraph\">Apr\u00e8s l\u2019accident, elle avait d\u00e9couvert que certains dirigeants avaient volontairement supprim\u00e9 des rapports techniques.<\/p>\n\n\n\n<p class=\"wp-block-paragraph\">Elle avait commenc\u00e9 \u00e0 rassembler des preuves.<\/p>\n\n\n\n<p class=\"wp-block-paragraph\">Et quelqu\u2019un l\u2019avait menac\u00e9e.<\/p>\n\n\n\n<p class=\"wp-block-paragraph\">\u2014 Elle avait peur ?<\/p>\n\n\n\n<p class=\"wp-block-paragraph\">\u2014 Oui.<\/p>\n\n\n\n<p class=\"wp-block-paragraph\">\u2014 Pourquoi ne m\u2019as-tu jamais racont\u00e9 \u00e7a ?<\/p>\n\n\n\n<p class=\"wp-block-paragraph\">Gabriel baissa les yeux.<\/p>\n\n\n\n<p class=\"wp-block-paragraph\">\u2014 Parce que tu \u00e9tais trop jeune.<\/p>\n\n\n\n<p class=\"wp-block-paragraph\">Puis il me r\u00e9v\u00e9la quelque chose que je n\u2019avais jamais imagin\u00e9.<\/p>\n\n\n\n<p class=\"wp-block-paragraph\">Ma m\u00e8re n\u2019\u00e9tait pas morte d\u2019une maladie.<\/p>\n\n\n\n<p class=\"wp-block-paragraph\">Elle \u00e9tait morte dans un accident de voiture.<\/p>\n\n\n\n<p class=\"wp-block-paragraph\">Un accident officiellement class\u00e9 comme une perte de contr\u00f4le.<\/p>\n\n\n\n<p class=\"wp-block-paragraph\">Mais Gabriel n\u2019y avait jamais cru.<\/p>\n\n\n\n<p class=\"wp-block-paragraph\">Ma m\u00e8re avait laiss\u00e9 derri\u00e8re elle une enveloppe.<\/p>\n\n\n\n<p class=\"wp-block-paragraph\">Elle contenait des copies de documents.<\/p>\n\n\n\n<p class=\"wp-block-paragraph\">Et une lettre.<\/p>\n\n\n\n<p class=\"wp-block-paragraph\">Gabriel me la tendit.<\/p>\n\n\n\n<p class=\"wp-block-paragraph\">Je tremblais en l\u2019ouvrant.<\/p>\n\n\n\n<p class=\"wp-block-paragraph\">L\u2019\u00e9criture \u00e9tait presque effac\u00e9e.<\/p>\n\n\n\n<p class=\"wp-block-paragraph\">Mais je reconnus imm\u00e9diatement les lettres de mon enfance.<\/p>\n\n\n\n<p class=\"wp-block-paragraph\">Ma m\u00e8re avait \u00e9crit :<\/p>\n\n\n\n<p class=\"wp-block-paragraph\">\u00ab Si quelque chose m\u2019arrive, prot\u00e8ge ma fille. Ne cherche pas \u00e0 te venger. Donne-lui simplement la possibilit\u00e9 de choisir sa vie. \u00bb<\/p>\n\n\n\n<p class=\"wp-block-paragraph\">Je me suis mise \u00e0 pleurer.<\/p>\n\n\n\n<p class=\"wp-block-paragraph\">Gabriel d\u00e9tourna le regard.<\/p>\n\n\n\n<p class=\"wp-block-paragraph\">\u2014 C\u2019est pour cela que tu as travaill\u00e9 autant ?<\/p>\n\n\n\n<p class=\"wp-block-paragraph\">Il hocha la t\u00eate.<\/p>\n\n\n\n<p class=\"wp-block-paragraph\">\u2014 Je voulais que tu puisses \u00e9tudier sans avoir \u00e0 d\u00e9pendre de personne.<\/p>\n\n\n\n<p class=\"wp-block-paragraph\">\u2014 Et toutes ces ann\u00e9es\u2026<\/p>\n\n\n\n<p class=\"wp-block-paragraph\">\u2014 Je voulais que tu aies une vie normale.<\/p>\n\n\n\n<p class=\"wp-block-paragraph\">\u2014 Tu aurais pu me dire la v\u00e9rit\u00e9.<\/p>\n\n\n\n<p class=\"wp-block-paragraph\">\u2014 Tu avais besoin d\u2019un p\u00e8re, pas d\u2019un h\u00e9ros.<\/p>\n\n\n\n<p class=\"wp-block-paragraph\">Cette phrase m\u2019a bris\u00e9e.<\/p>\n\n\n\n<p class=\"wp-block-paragraph\">Je l\u2019ai serr\u00e9 dans mes bras.<\/p>\n\n\n\n<p class=\"wp-block-paragraph\">Pour la premi\u00e8re fois, j\u2019ai compris que l\u2019homme que je trouvais ordinaire avait pass\u00e9 toute sa vie \u00e0 porter des choses que personne ne voyait.<\/p>\n\n\n\n<hr class=\"wp-block-separator has-alpha-channel-opacity\"\/>\n\n\n\n<p class=\"wp-block-paragraph\">Mais il restait une question.<\/p>\n\n\n\n<p class=\"wp-block-paragraph\">Pourquoi le professeur Keller avait-il reconnu Gabriel apr\u00e8s vingt-six ans ?<\/p>\n\n\n\n<p class=\"wp-block-paragraph\">Je suis retourn\u00e9e le voir quelques jours plus tard.<\/p>\n\n\n\n<p class=\"wp-block-paragraph\">Il m\u2019a demand\u00e9 de m\u2019asseoir.<\/p>\n\n\n\n<p class=\"wp-block-paragraph\">\u2014 Votre p\u00e8re a sauv\u00e9 ma vie.<\/p>\n\n\n\n<p class=\"wp-block-paragraph\">\u2014 Je sais.<\/p>\n\n\n\n<p class=\"wp-block-paragraph\">Il baissa la t\u00eate.<\/p>\n\n\n\n<p class=\"wp-block-paragraph\">\u2014 Mais ce n\u2019est pas la seule raison pour laquelle je lui dois des excuses.<\/p>\n\n\n\n<p class=\"wp-block-paragraph\">Je le regardai.<\/p>\n\n\n\n<p class=\"wp-block-paragraph\">\u2014 Qu\u2019est-ce que vous voulez dire ?<\/p>\n\n\n\n<p class=\"wp-block-paragraph\">Il me montra un dossier.<\/p>\n\n\n\n<p class=\"wp-block-paragraph\">\u2014 Apr\u00e8s l\u2019accident, j\u2019ai d\u00e9couvert que certains documents avaient disparu.<\/p>\n\n\n\n<p class=\"wp-block-paragraph\">\u2014 Lesquels ?<\/p>\n\n\n\n<p class=\"wp-block-paragraph\">\u2014 Les rapports de votre m\u00e8re.<\/p>\n\n\n\n<p class=\"wp-block-paragraph\">Je sentis mon c\u0153ur s&#8217;arr\u00eater.<\/p>\n\n\n\n<p class=\"wp-block-paragraph\">\u2014 Vous les aviez ?<\/p>\n\n\n\n<p class=\"wp-block-paragraph\">\u2014 Non.<\/p>\n\n\n\n<p class=\"wp-block-paragraph\">Il h\u00e9sita.<\/p>\n\n\n\n<p class=\"wp-block-paragraph\">\u2014 Je pensais que Gabriel les avait pris.<\/p>\n\n\n\n<p class=\"wp-block-paragraph\">\u2014 Ce n\u2019\u00e9tait pas lui ?<\/p>\n\n\n\n<p class=\"wp-block-paragraph\">Keller secoua la t\u00eate.<\/p>\n\n\n\n<p class=\"wp-block-paragraph\">\u2014 Non.<\/p>\n\n\n\n<p class=\"wp-block-paragraph\">Puis il pronon\u00e7a une phrase que je n\u2019oublierai jamais :<\/p>\n\n\n\n<p class=\"wp-block-paragraph\">\u2014 C\u2019est moi qui les avais cach\u00e9s.<\/p>\n\n\n\n<p class=\"wp-block-paragraph\">Je restai immobile.<\/p>\n\n\n\n<p class=\"wp-block-paragraph\">\u2014 Pourquoi ?<\/p>\n\n\n\n<p class=\"wp-block-paragraph\">\u2014 Parce que j\u2019avais peur.<\/p>\n\n\n\n<p class=\"wp-block-paragraph\">Il m\u2019expliqua qu\u2019\u00e0 l\u2019\u00e9poque, il avait \u00e9t\u00e9 menac\u00e9.<\/p>\n\n\n\n<p class=\"wp-block-paragraph\">On lui avait propos\u00e9 une promotion et de l\u2019argent s\u2019il restait silencieux.<\/p>\n\n\n\n<p class=\"wp-block-paragraph\">Il avait accept\u00e9.<\/p>\n\n\n\n<p class=\"wp-block-paragraph\">Il avait ensuite v\u00e9cu avec cette culpabilit\u00e9 pendant vingt-six ans.<\/p>\n\n\n\n<p class=\"wp-block-paragraph\">\u2014 Pourquoi me le dire maintenant ?<\/p>\n\n\n\n<p class=\"wp-block-paragraph\">Il regarda mes mains.<\/p>\n\n\n\n<p class=\"wp-block-paragraph\">\u2014 Parce que votre soutenance m\u2019a rappel\u00e9 votre m\u00e8re.<\/p>\n\n\n\n<p class=\"wp-block-paragraph\">Il prit une petite cl\u00e9.<\/p>\n\n\n\n<p class=\"wp-block-paragraph\">\u2014 Elle m\u2019avait demand\u00e9 de remettre ceci \u00e0 sa fille lorsqu\u2019elle serait suffisamment \u00e2g\u00e9e pour comprendre.<\/p>\n\n\n\n<p class=\"wp-block-paragraph\">Je pris la cl\u00e9.<\/p>\n\n\n\n<p class=\"wp-block-paragraph\">\u2014 Qu\u2019est-ce qu\u2019elle ouvre ?<\/p>\n\n\n\n<p class=\"wp-block-paragraph\">\u2014 Un coffre.<\/p>\n\n\n\n<hr class=\"wp-block-separator has-alpha-channel-opacity\"\/>\n\n\n\n<p class=\"wp-block-paragraph\">Le coffre se trouvait dans une petite banque.<\/p>\n\n\n\n<p class=\"wp-block-paragraph\">\u00c0 l\u2019int\u00e9rieur, il y avait seulement trois choses.<\/p>\n\n\n\n<p class=\"wp-block-paragraph\">Une lettre.<\/p>\n\n\n\n<p class=\"wp-block-paragraph\">Une photo.<\/p>\n\n\n\n<p class=\"wp-block-paragraph\">Et une cl\u00e9 USB.<\/p>\n\n\n\n<p class=\"wp-block-paragraph\">La lettre \u00e9tait adress\u00e9e \u00e0 moi.<\/p>\n\n\n\n<p class=\"wp-block-paragraph\">Ma m\u00e8re y racontait tout.<\/p>\n\n\n\n<p class=\"wp-block-paragraph\">Elle expliquait qu\u2019elle avait d\u00e9couvert les falsifications.<\/p>\n\n\n\n<p class=\"wp-block-paragraph\">Elle expliquait qu\u2019elle avait peur.<\/p>\n\n\n\n<p class=\"wp-block-paragraph\">Mais surtout, elle \u00e9crivait quelque chose qui m\u2019a boulevers\u00e9e :<\/p>\n\n\n\n<p class=\"wp-block-paragraph\">\u00ab Je ne veux pas que ma fille grandisse en pensant que le monde est uniquement fait de personnes mauvaises. Elle rencontrera des gens qui mentiront, d\u2019autres qui auront peur, et quelques-uns qui choisiront malgr\u00e9 tout de faire ce qui est juste. Gabriel est l\u2019un de ces hommes. Fais-lui confiance. \u00bb<\/p>\n\n\n\n<p class=\"wp-block-paragraph\">J\u2019ai pleur\u00e9 pendant plusieurs minutes.<\/p>\n\n\n\n<p class=\"wp-block-paragraph\">Puis j\u2019ai regard\u00e9 la photo.<\/p>\n\n\n\n<p class=\"wp-block-paragraph\">Elle repr\u00e9sentait ma m\u00e8re et Gabriel.<\/p>\n\n\n\n<p class=\"wp-block-paragraph\">Ils \u00e9taient jeunes.<\/p>\n\n\n\n<p class=\"wp-block-paragraph\">Ils souriaient.<\/p>\n\n\n\n<p class=\"wp-block-paragraph\">Au dos, il y avait une date.<\/p>\n\n\n\n<p class=\"wp-block-paragraph\">Trois mois avant ma naissance.<\/p>\n\n\n\n<p class=\"wp-block-paragraph\">Et une phrase :<\/p>\n\n\n\n<p class=\"wp-block-paragraph\">\u00ab \u00c0 celui qui sera toujours l\u00e0 pour elle. \u00bb<\/p>\n\n\n\n<hr class=\"wp-block-separator has-alpha-channel-opacity\"\/>\n\n\n\n<p class=\"wp-block-paragraph\">Des ann\u00e9es plus tard, j\u2019ai compris pourquoi Gabriel avait refus\u00e9 toute reconnaissance.<\/p>\n\n\n\n<p class=\"wp-block-paragraph\">Il aurait pu utiliser son pass\u00e9 pour devenir riche.<\/p>\n\n\n\n<p class=\"wp-block-paragraph\">Il aurait pu raconter son histoire.<\/p>\n\n\n\n<p class=\"wp-block-paragraph\">Il aurait pu r\u00e9clamer des m\u00e9dailles.<\/p>\n\n\n\n<p class=\"wp-block-paragraph\">Mais il avait choisi de rester dans l\u2019ombre.<\/p>\n\n\n\n<p class=\"wp-block-paragraph\">Il avait pr\u00e9f\u00e9r\u00e9 \u00eatre celui qui r\u00e9parait les ascenseurs.<\/p>\n\n\n\n<p class=\"wp-block-paragraph\">Celui dont personne ne connaissait le nom.<\/p>\n\n\n\n<p class=\"wp-block-paragraph\">Celui que certains regardaient avec condescendance.<\/p>\n\n\n\n<p class=\"wp-block-paragraph\">Parce qu\u2019il ne cherchait pas \u00e0 prouver sa valeur.<\/p>\n\n\n\n<p class=\"wp-block-paragraph\">Il la connaissait d\u00e9j\u00e0.<\/p>\n\n\n\n<p class=\"wp-block-paragraph\">Le jour o\u00f9 j\u2019ai obtenu mon doctorat, il m\u2019a accompagn\u00e9e jusqu\u2019\u00e0 ma voiture.<\/p>\n\n\n\n<p class=\"wp-block-paragraph\">Je lui ai demand\u00e9 :<\/p>\n\n\n\n<p class=\"wp-block-paragraph\">\u2014 Pourquoi tu n\u2019as jamais voulu me parler de tout \u00e7a ?<\/p>\n\n\n\n<p class=\"wp-block-paragraph\">Il a souri.<\/p>\n\n\n\n<p class=\"wp-block-paragraph\">\u2014 Parce que ton dipl\u00f4me devait \u00eatre \u00e0 toi.<\/p>\n\n\n\n<p class=\"wp-block-paragraph\">Je me suis arr\u00eat\u00e9e.<\/p>\n\n\n\n<p class=\"wp-block-paragraph\">\u2014 Mais tu as tout sacrifi\u00e9 pour moi.<\/p>\n\n\n\n<p class=\"wp-block-paragraph\">Il a secou\u00e9 la t\u00eate.<\/p>\n\n\n\n<p class=\"wp-block-paragraph\">\u2014 Non.<\/p>\n\n\n\n<p class=\"wp-block-paragraph\">\u2014 Alors pourquoi ?<\/p>\n\n\n\n<p class=\"wp-block-paragraph\">Il m\u2019a regard\u00e9e avec ses yeux fatigu\u00e9s.<\/p>\n\n\n\n<p class=\"wp-block-paragraph\">\u2014 Je n\u2019ai rien sacrifi\u00e9.<\/p>\n\n\n\n<p class=\"wp-block-paragraph\">\u2014 Comment \u00e7a ?<\/p>\n\n\n\n<p class=\"wp-block-paragraph\">\u2014 J\u2019ai choisi.<\/p>\n\n\n\n<p class=\"wp-block-paragraph\">Puis il a pos\u00e9 sa vieille main sur mon \u00e9paule.<\/p>\n\n\n\n<p class=\"wp-block-paragraph\">\u2014 Et je choisirais encore.<\/p>\n\n\n\n<p class=\"wp-block-paragraph\">Je l\u2019ai serr\u00e9 dans mes bras.<\/p>\n\n\n\n<p class=\"wp-block-paragraph\">Cette fois, je n\u2019\u00e9tais plus une enfant.<\/p>\n\n\n\n<p class=\"wp-block-paragraph\">J\u2019\u00e9tais docteure.<\/p>\n\n\n\n<p class=\"wp-block-paragraph\">Ing\u00e9nieure.<\/p>\n\n\n\n<p class=\"wp-block-paragraph\">Une femme adulte.<\/p>\n\n\n\n<p class=\"wp-block-paragraph\">Mais dans ses bras, je suis redevenue la petite fille qui avait besoin qu\u2019on lui dise que tout irait bien.<\/p>\n\n\n\n<p class=\"wp-block-paragraph\">Et j\u2019ai enfin compris quelque chose.<\/p>\n\n\n\n<p class=\"wp-block-paragraph\">Les h\u00e9ros ne portent pas toujours des uniformes.<\/p>\n\n\n\n<p class=\"wp-block-paragraph\">Ils ne montent pas n\u00e9cessairement sur sc\u00e8ne.<\/p>\n\n\n\n<p class=\"wp-block-paragraph\">Ils n\u2019ont pas forc\u00e9ment de titres accroch\u00e9s \u00e0 leur nom.<\/p>\n\n\n\n<p class=\"wp-block-paragraph\">Parfois, ils portent simplement une vieille veste de travail.<\/p>\n\n\n\n<p class=\"wp-block-paragraph\">Ils rentrent chez eux avec les mains sales.<\/p>\n\n\n\n<p class=\"wp-block-paragraph\">Ils ne parlent jamais de ce qu\u2019ils ont fait.<\/p>\n\n\n\n<p class=\"wp-block-paragraph\">Et pendant que le monde regarde ailleurs\u2026<\/p>\n\n\n\n<p class=\"wp-block-paragraph\">ils consacrent toute leur vie \u00e0 r\u00e9parer ce qui est cass\u00e9.<\/p>\n\n\n\n<p class=\"wp-block-paragraph\">M\u00eame lorsqu\u2019il s\u2019agit du c\u0153ur d\u2019un enfant.<\/p>\n\n\n\n<p class=\"wp-block-paragraph\"><\/p>\n","protected":false},"excerpt":{"rendered":"Pendant vingt-six ans, tout le monde a cru que mon p\u00e8re adoptif n\u2019\u00e9tait qu\u2019un homme ordinaire. Il s\u2019appelait Gabriel. Il r\u00e9parait des ascenseurs. \n<a class=\"moretag\" href=\"https:\/\/gazeta.am\/?p=5348\"> [...]<\/a>","protected":false},"author":1,"featured_media":5349,"comment_status":"open","ping_status":"open","sticky":false,"template":"","format":"standard","meta":{"footnotes":""},"categories":[1],"tags":[],"class_list":["post-5348","post","type-post","status-publish","format-standard","has-post-thumbnail","hentry","category-1"],"yoast_head":"<!-- This site is optimized with the Yoast SEO plugin v28.4 - https:\/\/yoast.com\/product\/yoast-seo-wordpress\/ -->\n<title>Mon p\u00e8re adoptif r\u00e9parait des ascenseurs. Le jour de ma remise de dipl\u00f4me, un ancien professeur l\u2019a reconnu\u2026 et s\u2019est agenouill\u00e9 devant lui -<\/title>\n<meta name=\"robots\" content=\"index, follow, max-snippet:-1, max-image-preview:large, max-video-preview:-1\" \/>\n<link rel=\"canonical\" href=\"https:\/\/gazeta.am\/?p=5348\" \/>\n<meta property=\"og:locale\" content=\"ru_RU\" \/>\n<meta property=\"og:type\" content=\"article\" \/>\n<meta property=\"og:title\" content=\"Mon p\u00e8re adoptif r\u00e9parait des ascenseurs. Le jour de ma remise de dipl\u00f4me, un ancien professeur l\u2019a reconnu\u2026 et s\u2019est agenouill\u00e9 devant lui -\" \/>\n<meta property=\"og:description\" content=\"Pendant vingt-six ans, tout le monde a cru que mon p\u00e8re adoptif n\u2019\u00e9tait qu\u2019un homme ordinaire. Il s\u2019appelait Gabriel. Il r\u00e9parait des ascenseurs.\" \/>\n<meta property=\"og:url\" content=\"https:\/\/gazeta.am\/?p=5348\" \/>\n<meta property=\"article:published_time\" content=\"2026-09-02T18:33:08+00:00\" \/>\n<meta property=\"article:modified_time\" content=\"2026-09-02T18:33:10+00:00\" \/>\n<meta property=\"og:image\" content=\"https:\/\/gazeta.am\/wp-content\/uploads\/2026\/09\/6-1.png\" \/>\n\t<meta property=\"og:image:width\" content=\"795\" \/>\n\t<meta property=\"og:image:height\" content=\"1121\" \/>\n\t<meta property=\"og:image:type\" content=\"image\/png\" \/>\n<meta name=\"author\" content=\"admin\" \/>\n<meta name=\"twitter:card\" content=\"summary_large_image\" \/>\n<meta name=\"twitter:label1\" content=\"\u041d\u0430\u043f\u0438\u0441\u0430\u043d\u043e \u0430\u0432\u0442\u043e\u0440\u043e\u043c\" \/>\n\t<meta name=\"twitter:data1\" content=\"admin\" \/>\n\t<meta name=\"twitter:label2\" content=\"\u041f\u0440\u0438\u043c\u0435\u0440\u043d\u043e\u0435 \u0432\u0440\u0435\u043c\u044f \u0434\u043b\u044f \u0447\u0442\u0435\u043d\u0438\u044f\" \/>\n\t<meta name=\"twitter:data2\" content=\"13 \u043c\u0438\u043d\u0443\u0442\" \/>\n<script type=\"application\/ld+json\" class=\"yoast-schema-graph\">{\"@context\":\"https:\\\/\\\/schema.org\",\"@graph\":[{\"@type\":\"Article\",\"@id\":\"https:\\\/\\\/gazeta.am\\\/?p=5348#article\",\"isPartOf\":{\"@id\":\"https:\\\/\\\/gazeta.am\\\/?p=5348\"},\"author\":{\"name\":\"admin\",\"@id\":\"https:\\\/\\\/gazeta.am\\\/#\\\/schema\\\/person\\\/987709955e760c9a1ebbb44776f8cccc\"},\"headline\":\"Mon p\u00e8re adoptif r\u00e9parait des ascenseurs. Le jour de ma remise de dipl\u00f4me, un ancien professeur l\u2019a reconnu\u2026 et s\u2019est agenouill\u00e9 devant lui\",\"datePublished\":\"2026-09-02T18:33:08+00:00\",\"dateModified\":\"2026-09-02T18:33:10+00:00\",\"mainEntityOfPage\":{\"@id\":\"https:\\\/\\\/gazeta.am\\\/?p=5348\"},\"wordCount\":2611,\"commentCount\":0,\"image\":{\"@id\":\"https:\\\/\\\/gazeta.am\\\/?p=5348#primaryimage\"},\"thumbnailUrl\":\"https:\\\/\\\/gazeta.am\\\/wp-content\\\/uploads\\\/2026\\\/09\\\/6-1.png\",\"articleSection\":[\"NEWS\"],\"inLanguage\":\"ru-RU\",\"potentialAction\":[{\"@type\":\"CommentAction\",\"name\":\"Comment\",\"target\":[\"https:\\\/\\\/gazeta.am\\\/?p=5348#respond\"]}]},{\"@type\":\"WebPage\",\"@id\":\"https:\\\/\\\/gazeta.am\\\/?p=5348\",\"url\":\"https:\\\/\\\/gazeta.am\\\/?p=5348\",\"name\":\"Mon p\u00e8re adoptif r\u00e9parait des ascenseurs. Le jour de ma remise de dipl\u00f4me, un ancien professeur l\u2019a reconnu\u2026 et s\u2019est agenouill\u00e9 devant lui -\",\"isPartOf\":{\"@id\":\"https:\\\/\\\/gazeta.am\\\/#website\"},\"primaryImageOfPage\":{\"@id\":\"https:\\\/\\\/gazeta.am\\\/?p=5348#primaryimage\"},\"image\":{\"@id\":\"https:\\\/\\\/gazeta.am\\\/?p=5348#primaryimage\"},\"thumbnailUrl\":\"https:\\\/\\\/gazeta.am\\\/wp-content\\\/uploads\\\/2026\\\/09\\\/6-1.png\",\"datePublished\":\"2026-09-02T18:33:08+00:00\",\"dateModified\":\"2026-09-02T18:33:10+00:00\",\"author\":{\"@id\":\"https:\\\/\\\/gazeta.am\\\/#\\\/schema\\\/person\\\/987709955e760c9a1ebbb44776f8cccc\"},\"breadcrumb\":{\"@id\":\"https:\\\/\\\/gazeta.am\\\/?p=5348#breadcrumb\"},\"inLanguage\":\"ru-RU\",\"potentialAction\":[{\"@type\":\"ReadAction\",\"target\":[\"https:\\\/\\\/gazeta.am\\\/?p=5348\"]}]},{\"@type\":\"ImageObject\",\"inLanguage\":\"ru-RU\",\"@id\":\"https:\\\/\\\/gazeta.am\\\/?p=5348#primaryimage\",\"url\":\"https:\\\/\\\/gazeta.am\\\/wp-content\\\/uploads\\\/2026\\\/09\\\/6-1.png\",\"contentUrl\":\"https:\\\/\\\/gazeta.am\\\/wp-content\\\/uploads\\\/2026\\\/09\\\/6-1.png\",\"width\":795,\"height\":1121},{\"@type\":\"BreadcrumbList\",\"@id\":\"https:\\\/\\\/gazeta.am\\\/?p=5348#breadcrumb\",\"itemListElement\":[{\"@type\":\"ListItem\",\"position\":1,\"name\":\"\u0413\u043b\u0430\u0432\u043d\u0430\u044f \u0441\u0442\u0440\u0430\u043d\u0438\u0446\u0430\",\"item\":\"https:\\\/\\\/gazeta.am\\\/\"},{\"@type\":\"ListItem\",\"position\":2,\"name\":\"Mon p\u00e8re adoptif r\u00e9parait des ascenseurs. Le jour de ma remise de dipl\u00f4me, un ancien professeur l\u2019a reconnu\u2026 et s\u2019est agenouill\u00e9 devant lui\"}]},{\"@type\":\"WebSite\",\"@id\":\"https:\\\/\\\/gazeta.am\\\/#website\",\"url\":\"https:\\\/\\\/gazeta.am\\\/\",\"name\":\"\",\"description\":\"\",\"potentialAction\":[{\"@type\":\"SearchAction\",\"target\":{\"@type\":\"EntryPoint\",\"urlTemplate\":\"https:\\\/\\\/gazeta.am\\\/?s={search_term_string}\"},\"query-input\":{\"@type\":\"PropertyValueSpecification\",\"valueRequired\":true,\"valueName\":\"search_term_string\"}}],\"inLanguage\":\"ru-RU\"},{\"@type\":\"Person\",\"@id\":\"https:\\\/\\\/gazeta.am\\\/#\\\/schema\\\/person\\\/987709955e760c9a1ebbb44776f8cccc\",\"name\":\"admin\",\"image\":{\"@type\":\"ImageObject\",\"inLanguage\":\"ru-RU\",\"@id\":\"https:\\\/\\\/secure.gravatar.com\\\/avatar\\\/a24f4ac3a683f3c87303db525abc00db51ea26ccedee11dfaf1cc0f9a481a5d2?s=96&d=mm&r=g\",\"url\":\"https:\\\/\\\/secure.gravatar.com\\\/avatar\\\/a24f4ac3a683f3c87303db525abc00db51ea26ccedee11dfaf1cc0f9a481a5d2?s=96&d=mm&r=g\",\"contentUrl\":\"https:\\\/\\\/secure.gravatar.com\\\/avatar\\\/a24f4ac3a683f3c87303db525abc00db51ea26ccedee11dfaf1cc0f9a481a5d2?s=96&d=mm&r=g\",\"caption\":\"admin\"},\"sameAs\":[\"http:\\\/\\\/gazeta.am\"],\"url\":\"https:\\\/\\\/gazeta.am\\\/?author=1\"}]}<\/script>\n<!-- \/ Yoast SEO plugin. -->","yoast_head_json":{"title":"Mon p\u00e8re adoptif r\u00e9parait des ascenseurs. Le jour de ma remise de dipl\u00f4me, un ancien professeur l\u2019a reconnu\u2026 et s\u2019est agenouill\u00e9 devant lui -","robots":{"index":"index","follow":"follow","max-snippet":"max-snippet:-1","max-image-preview":"max-image-preview:large","max-video-preview":"max-video-preview:-1"},"canonical":"https:\/\/gazeta.am\/?p=5348","og_locale":"ru_RU","og_type":"article","og_title":"Mon p\u00e8re adoptif r\u00e9parait des ascenseurs. Le jour de ma remise de dipl\u00f4me, un ancien professeur l\u2019a reconnu\u2026 et s\u2019est agenouill\u00e9 devant lui -","og_description":"Pendant vingt-six ans, tout le monde a cru que mon p\u00e8re adoptif n\u2019\u00e9tait qu\u2019un homme ordinaire. Il s\u2019appelait Gabriel. Il r\u00e9parait des ascenseurs.","og_url":"https:\/\/gazeta.am\/?p=5348","article_published_time":"2026-09-02T18:33:08+00:00","article_modified_time":"2026-09-02T18:33:10+00:00","og_image":[{"width":795,"height":1121,"url":"https:\/\/gazeta.am\/wp-content\/uploads\/2026\/09\/6-1.png","type":"image\/png"}],"author":"admin","twitter_card":"summary_large_image","twitter_misc":{"\u041d\u0430\u043f\u0438\u0441\u0430\u043d\u043e \u0430\u0432\u0442\u043e\u0440\u043e\u043c":"admin","\u041f\u0440\u0438\u043c\u0435\u0440\u043d\u043e\u0435 \u0432\u0440\u0435\u043c\u044f \u0434\u043b\u044f \u0447\u0442\u0435\u043d\u0438\u044f":"13 \u043c\u0438\u043d\u0443\u0442"},"schema":{"@context":"https:\/\/schema.org","@graph":[{"@type":"Article","@id":"https:\/\/gazeta.am\/?p=5348#article","isPartOf":{"@id":"https:\/\/gazeta.am\/?p=5348"},"author":{"name":"admin","@id":"https:\/\/gazeta.am\/#\/schema\/person\/987709955e760c9a1ebbb44776f8cccc"},"headline":"Mon p\u00e8re adoptif r\u00e9parait des ascenseurs. Le jour de ma remise de dipl\u00f4me, un ancien professeur l\u2019a reconnu\u2026 et s\u2019est agenouill\u00e9 devant lui","datePublished":"2026-09-02T18:33:08+00:00","dateModified":"2026-09-02T18:33:10+00:00","mainEntityOfPage":{"@id":"https:\/\/gazeta.am\/?p=5348"},"wordCount":2611,"commentCount":0,"image":{"@id":"https:\/\/gazeta.am\/?p=5348#primaryimage"},"thumbnailUrl":"https:\/\/gazeta.am\/wp-content\/uploads\/2026\/09\/6-1.png","articleSection":["NEWS"],"inLanguage":"ru-RU","potentialAction":[{"@type":"CommentAction","name":"Comment","target":["https:\/\/gazeta.am\/?p=5348#respond"]}]},{"@type":"WebPage","@id":"https:\/\/gazeta.am\/?p=5348","url":"https:\/\/gazeta.am\/?p=5348","name":"Mon p\u00e8re adoptif r\u00e9parait des ascenseurs. Le jour de ma remise de dipl\u00f4me, un ancien professeur l\u2019a reconnu\u2026 et s\u2019est agenouill\u00e9 devant lui -","isPartOf":{"@id":"https:\/\/gazeta.am\/#website"},"primaryImageOfPage":{"@id":"https:\/\/gazeta.am\/?p=5348#primaryimage"},"image":{"@id":"https:\/\/gazeta.am\/?p=5348#primaryimage"},"thumbnailUrl":"https:\/\/gazeta.am\/wp-content\/uploads\/2026\/09\/6-1.png","datePublished":"2026-09-02T18:33:08+00:00","dateModified":"2026-09-02T18:33:10+00:00","author":{"@id":"https:\/\/gazeta.am\/#\/schema\/person\/987709955e760c9a1ebbb44776f8cccc"},"breadcrumb":{"@id":"https:\/\/gazeta.am\/?p=5348#breadcrumb"},"inLanguage":"ru-RU","potentialAction":[{"@type":"ReadAction","target":["https:\/\/gazeta.am\/?p=5348"]}]},{"@type":"ImageObject","inLanguage":"ru-RU","@id":"https:\/\/gazeta.am\/?p=5348#primaryimage","url":"https:\/\/gazeta.am\/wp-content\/uploads\/2026\/09\/6-1.png","contentUrl":"https:\/\/gazeta.am\/wp-content\/uploads\/2026\/09\/6-1.png","width":795,"height":1121},{"@type":"BreadcrumbList","@id":"https:\/\/gazeta.am\/?p=5348#breadcrumb","itemListElement":[{"@type":"ListItem","position":1,"name":"\u0413\u043b\u0430\u0432\u043d\u0430\u044f \u0441\u0442\u0440\u0430\u043d\u0438\u0446\u0430","item":"https:\/\/gazeta.am\/"},{"@type":"ListItem","position":2,"name":"Mon p\u00e8re adoptif r\u00e9parait des ascenseurs. Le jour de ma remise de dipl\u00f4me, un ancien professeur l\u2019a reconnu\u2026 et s\u2019est agenouill\u00e9 devant lui"}]},{"@type":"WebSite","@id":"https:\/\/gazeta.am\/#website","url":"https:\/\/gazeta.am\/","name":"","description":"","potentialAction":[{"@type":"SearchAction","target":{"@type":"EntryPoint","urlTemplate":"https:\/\/gazeta.am\/?s={search_term_string}"},"query-input":{"@type":"PropertyValueSpecification","valueRequired":true,"valueName":"search_term_string"}}],"inLanguage":"ru-RU"},{"@type":"Person","@id":"https:\/\/gazeta.am\/#\/schema\/person\/987709955e760c9a1ebbb44776f8cccc","name":"admin","image":{"@type":"ImageObject","inLanguage":"ru-RU","@id":"https:\/\/secure.gravatar.com\/avatar\/a24f4ac3a683f3c87303db525abc00db51ea26ccedee11dfaf1cc0f9a481a5d2?s=96&d=mm&r=g","url":"https:\/\/secure.gravatar.com\/avatar\/a24f4ac3a683f3c87303db525abc00db51ea26ccedee11dfaf1cc0f9a481a5d2?s=96&d=mm&r=g","contentUrl":"https:\/\/secure.gravatar.com\/avatar\/a24f4ac3a683f3c87303db525abc00db51ea26ccedee11dfaf1cc0f9a481a5d2?s=96&d=mm&r=g","caption":"admin"},"sameAs":["http:\/\/gazeta.am"],"url":"https:\/\/gazeta.am\/?author=1"}]}},"_links":{"self":[{"href":"https:\/\/gazeta.am\/index.php?rest_route=\/wp\/v2\/posts\/5348","targetHints":{"allow":["GET"]}}],"collection":[{"href":"https:\/\/gazeta.am\/index.php?rest_route=\/wp\/v2\/posts"}],"about":[{"href":"https:\/\/gazeta.am\/index.php?rest_route=\/wp\/v2\/types\/post"}],"author":[{"embeddable":true,"href":"https:\/\/gazeta.am\/index.php?rest_route=\/wp\/v2\/users\/1"}],"replies":[{"embeddable":true,"href":"https:\/\/gazeta.am\/index.php?rest_route=%2Fwp%2Fv2%2Fcomments&post=5348"}],"version-history":[{"count":1,"href":"https:\/\/gazeta.am\/index.php?rest_route=\/wp\/v2\/posts\/5348\/revisions"}],"predecessor-version":[{"id":5350,"href":"https:\/\/gazeta.am\/index.php?rest_route=\/wp\/v2\/posts\/5348\/revisions\/5350"}],"wp:featuredmedia":[{"embeddable":true,"href":"https:\/\/gazeta.am\/index.php?rest_route=\/wp\/v2\/media\/5349"}],"wp:attachment":[{"href":"https:\/\/gazeta.am\/index.php?rest_route=%2Fwp%2Fv2%2Fmedia&parent=5348"}],"wp:term":[{"taxonomy":"category","embeddable":true,"href":"https:\/\/gazeta.am\/index.php?rest_route=%2Fwp%2Fv2%2Fcategories&post=5348"},{"taxonomy":"post_tag","embeddable":true,"href":"https:\/\/gazeta.am\/index.php?rest_route=%2Fwp%2Fv2%2Ftags&post=5348"}],"curies":[{"name":"wp","href":"https:\/\/api.w.org\/{rel}","templated":true}]}}