{"id":5339,"date":"2026-09-02T21:21:33","date_gmt":"2026-09-02T18:21:33","guid":{"rendered":"https:\/\/gazeta.am\/?p=5339"},"modified":"2026-09-02T21:21:35","modified_gmt":"2026-09-02T18:21:35","slug":"quinze-ans-apres-avoir-disparu-mon-frere-est-revenu-reclamer-ses-filles-mais-ce-que-jai-decouvert-dans-son-enveloppe-a-bouleverse-toute-notre-famille","status":"publish","type":"post","link":"https:\/\/gazeta.am\/?p=5339","title":{"rendered":"Quinze ans apr\u00e8s avoir disparu, mon fr\u00e8re est revenu r\u00e9clamer ses filles\u2026 mais ce que j\u2019ai d\u00e9couvert dans son enveloppe a boulevers\u00e9 toute notre famille"},"content":{"rendered":"\n<p class=\"wp-block-paragraph\">Il y a quinze ans, j\u2019ai ouvert ma porte \u00e0 trois enfants qui n\u2019auraient jamais d\u00fb avoir \u00e0 apprendre si t\u00f4t ce que signifiait \u00eatre abandonn\u00e9.<\/p>\n\n\n\n<p class=\"wp-block-paragraph\">Elles s\u2019appelaient \u00c9lise, Clara et Manon.<\/p>\n\n\n\n<p class=\"wp-block-paragraph\">\u00c9lise avait huit ans.<\/p>\n\n\n\n<p class=\"wp-block-paragraph\">Clara en avait cinq.<\/p>\n\n\n\n<p class=\"wp-block-paragraph\">Et Manon, la plus petite, venait tout juste de f\u00eater ses trois ans.<\/p>\n\n\n\n<p class=\"wp-block-paragraph\">Elles \u00e9taient arriv\u00e9es un soir de novembre, accompagn\u00e9es d\u2019une femme du service social. Elles portaient trois manteaux trop grands et une vieille valise rouge dont la poign\u00e9e \u00e9tait cass\u00e9e.<\/p>\n\n\n\n<p class=\"wp-block-paragraph\">Je me souviens encore du regard d\u2019\u00c9lise.<\/p>\n\n\n\n<p class=\"wp-block-paragraph\">Elle ne pleurait pas.<\/p>\n\n\n\n<p class=\"wp-block-paragraph\">Elle me fixait simplement comme si elle essayait de comprendre pourquoi une inconnue allait devenir, en quelques minutes, la personne chez qui elle devait d\u00e9sormais dormir.<\/p>\n\n\n\n<p class=\"wp-block-paragraph\">Clara tenait une poup\u00e9e contre elle.<\/p>\n\n\n\n<p class=\"wp-block-paragraph\">Manon serrait dans sa petite main un morceau de tissu provenant probablement d\u2019un v\u00eatement de sa m\u00e8re.<\/p>\n\n\n\n<p class=\"wp-block-paragraph\">\u2014 O\u00f9 est papa ? demanda la petite.<\/p>\n\n\n\n<p class=\"wp-block-paragraph\">La travailleuse sociale baissa les yeux.<\/p>\n\n\n\n<p class=\"wp-block-paragraph\">Je n\u2019ai jamais oubli\u00e9 ce silence.<\/p>\n\n\n\n<figure class=\"wp-block-image size-large\"><img loading=\"lazy\" decoding=\"async\" width=\"706\" height=\"1024\" src=\"https:\/\/gazeta.am\/wp-content\/uploads\/2026\/09\/3-1-706x1024.png\" alt=\"\" class=\"wp-image-5340\" srcset=\"https:\/\/gazeta.am\/wp-content\/uploads\/2026\/09\/3-1-706x1024.png 706w, https:\/\/gazeta.am\/wp-content\/uploads\/2026\/09\/3-1-207x300.png 207w, https:\/\/gazeta.am\/wp-content\/uploads\/2026\/09\/3-1-768x1114.png 768w, https:\/\/gazeta.am\/wp-content\/uploads\/2026\/09\/3-1.png 782w\" sizes=\"auto, (max-width: 706px) 100vw, 706px\" \/><\/figure>\n\n\n\n<p class=\"wp-block-paragraph\">Quelques heures auparavant, j\u2019avais appris que mon fr\u00e8re, Julien, avait disparu.<\/p>\n\n\n\n<p class=\"wp-block-paragraph\">Sa femme, Sophie, \u00e9tait morte trois jours plus t\u00f4t dans un accident de voiture.<\/p>\n\n\n\n<p class=\"wp-block-paragraph\">Et Julien\u2026<\/p>\n\n\n\n<p class=\"wp-block-paragraph\">Julien \u00e9tait parti.<\/p>\n\n\n\n<p class=\"wp-block-paragraph\">Sans laisser d\u2019adresse.<\/p>\n\n\n\n<p class=\"wp-block-paragraph\">Sans pr\u00e9venir personne.<\/p>\n\n\n\n<p class=\"wp-block-paragraph\">Sans m\u00eame assister aux fun\u00e9railles de la femme qu\u2019il disait aimer plus que tout.<\/p>\n\n\n\n<p class=\"wp-block-paragraph\">Au d\u00e9but, j\u2019ai refus\u00e9 d\u2019y croire.<\/p>\n\n\n\n<p class=\"wp-block-paragraph\">Je me r\u00e9p\u00e9tais qu\u2019il reviendrait.<\/p>\n\n\n\n<p class=\"wp-block-paragraph\">Qu\u2019il \u00e9tait sous le choc.<\/p>\n\n\n\n<p class=\"wp-block-paragraph\">Qu\u2019il avait besoin de temps.<\/p>\n\n\n\n<p class=\"wp-block-paragraph\">Je pensais qu\u2019apr\u00e8s quelques semaines, il pousserait ma porte, les yeux rouges, et demanderait \u00e0 revoir ses filles.<\/p>\n\n\n\n<p class=\"wp-block-paragraph\">Mais les semaines pass\u00e8rent.<\/p>\n\n\n\n<p class=\"wp-block-paragraph\">Puis les mois.<\/p>\n\n\n\n<p class=\"wp-block-paragraph\">Puis une ann\u00e9e enti\u00e8re.<\/p>\n\n\n\n<p class=\"wp-block-paragraph\">Rien.<\/p>\n\n\n\n<p class=\"wp-block-paragraph\">J\u2019ai signal\u00e9 sa disparition. J\u2019ai appel\u00e9 les h\u00f4pitaux. J\u2019ai cherch\u00e9 son nom partout o\u00f9 je pouvais.<\/p>\n\n\n\n<p class=\"wp-block-paragraph\">Aucune trace.<\/p>\n\n\n\n<p class=\"wp-block-paragraph\">Alors j\u2019ai fait ce que je pouvais.<\/p>\n\n\n\n<p class=\"wp-block-paragraph\">J\u2019ai gard\u00e9 les trois filles.<\/p>\n\n\n\n<p class=\"wp-block-paragraph\">Au d\u00e9but, je leur disais :<\/p>\n\n\n\n<p class=\"wp-block-paragraph\">\u2014 Votre papa reviendra.<\/p>\n\n\n\n<p class=\"wp-block-paragraph\">Je le disais tellement souvent que je finis par me le dire \u00e0 moi-m\u00eame.<\/p>\n\n\n\n<p class=\"wp-block-paragraph\">Je pr\u00e9parais leurs repas.<\/p>\n\n\n\n<p class=\"wp-block-paragraph\">Je les accompagnais \u00e0 l\u2019\u00e9cole.<\/p>\n\n\n\n<p class=\"wp-block-paragraph\">Je faisais leurs devoirs avec elles.<\/p>\n\n\n\n<p class=\"wp-block-paragraph\">Je me levais la nuit lorsque Manon faisait des cauchemars.<\/p>\n\n\n\n<p class=\"wp-block-paragraph\">Je r\u00e9parais les v\u00e9los.<\/p>\n\n\n\n<p class=\"wp-block-paragraph\">Je cousais les boutons.<\/p>\n\n\n\n<p class=\"wp-block-paragraph\">Je venais aux r\u00e9unions de parents.<\/p>\n\n\n\n<p class=\"wp-block-paragraph\">Je connaissais leurs allergies, leurs peurs, leurs chansons pr\u00e9f\u00e9r\u00e9es et m\u00eame la fa\u00e7on dont chacune voulait qu\u2019on lui coupe les tartines.<\/p>\n\n\n\n<p class=\"wp-block-paragraph\">\u00c9lise d\u00e9testait les cro\u00fbtes.<\/p>\n\n\n\n<p class=\"wp-block-paragraph\">Clara voulait toujours les retirer elle-m\u00eame.<\/p>\n\n\n\n<p class=\"wp-block-paragraph\">Et Manon refusait cat\u00e9goriquement qu\u2019on coupe son pain.<\/p>\n\n\n\n<p class=\"wp-block-paragraph\">Avec le temps, elles ont grandi.<\/p>\n\n\n\n<p class=\"wp-block-paragraph\">\u00c9lise est devenue une adolescente s\u00e9rieuse, presque trop mature pour son \u00e2ge.<\/p>\n\n\n\n<p class=\"wp-block-paragraph\">Clara \u00e9tait plus impulsive. Elle pouvait se mettre \u00e0 rire au milieu d\u2019une dispute et pleurer cinq minutes plus tard.<\/p>\n\n\n\n<p class=\"wp-block-paragraph\">Manon, elle, \u00e9tait devenue une jeune femme douce et sensible.<\/p>\n\n\n\n<p class=\"wp-block-paragraph\">Et un jour, sans que je m\u2019en rende compte, elles ont cess\u00e9 de m\u2019appeler \u00ab tante \u00bb.<\/p>\n\n\n\n<p class=\"wp-block-paragraph\">Elles m\u2019appelaient simplement maman.<\/p>\n\n\n\n<p class=\"wp-block-paragraph\">La premi\u00e8re fois, Manon avait dix ans.<\/p>\n\n\n\n<p class=\"wp-block-paragraph\">Elle \u00e9tait tomb\u00e9e dans la cour de l\u2019\u00e9cole et s\u2019\u00e9tait \u00e9corch\u00e9 le genou.<\/p>\n\n\n\n<p class=\"wp-block-paragraph\">Quand je suis arriv\u00e9e, elle s\u2019est jet\u00e9e dans mes bras.<\/p>\n\n\n\n<p class=\"wp-block-paragraph\">\u2014 Maman !<\/p>\n\n\n\n<p class=\"wp-block-paragraph\">J\u2019ai senti quelque chose se briser en moi.<\/p>\n\n\n\n<p class=\"wp-block-paragraph\">Pas de douleur.<\/p>\n\n\n\n<p class=\"wp-block-paragraph\">Quelque chose de plus profond.<\/p>\n\n\n\n<p class=\"wp-block-paragraph\">J\u2019ai compris que j\u2019\u00e9tais devenue leur famille.<\/p>\n\n\n\n<p class=\"wp-block-paragraph\">Je n\u2019ai jamais essay\u00e9 de remplacer Julien.<\/p>\n\n\n\n<p class=\"wp-block-paragraph\">Je ne leur ai jamais dit qu\u2019il \u00e9tait un monstre.<\/p>\n\n\n\n<p class=\"wp-block-paragraph\">Je leur ai simplement dit la v\u00e9rit\u00e9 que je connaissais :<\/p>\n\n\n\n<p class=\"wp-block-paragraph\">\u2014 Votre p\u00e8re vous aimait. Il s\u2019est perdu.<\/p>\n\n\n\n<p class=\"wp-block-paragraph\">Je ne savais pas \u00e0 quel point cette phrase \u00e9tait proche de la r\u00e9alit\u00e9.<\/p>\n\n\n\n<p class=\"wp-block-paragraph\">Pendant quinze ans, nous avons v\u00e9cu sans lui.<\/p>\n\n\n\n<p class=\"wp-block-paragraph\">J\u2019ai vu \u00c9lise obtenir son dipl\u00f4me.<\/p>\n\n\n\n<p class=\"wp-block-paragraph\">J\u2019ai vu Clara partir \u00e9tudier dans une autre ville.<\/p>\n\n\n\n<p class=\"wp-block-paragraph\">J\u2019ai accompagn\u00e9 Manon lorsqu\u2019elle a obtenu son permis de conduire.<\/p>\n\n\n\n<p class=\"wp-block-paragraph\">J\u2019ai connu leurs premiers petits amis, leurs premi\u00e8res ruptures, leurs premi\u00e8res r\u00e9ussites.<\/p>\n\n\n\n<p class=\"wp-block-paragraph\">J\u2019ai \u00e9t\u00e9 l\u00e0 pour leurs anniversaires.<\/p>\n\n\n\n<p class=\"wp-block-paragraph\">\u00c0 No\u00ebl.<\/p>\n\n\n\n<p class=\"wp-block-paragraph\">\u00c0 P\u00e2ques.<\/p>\n\n\n\n<p class=\"wp-block-paragraph\">Dans les moments heureux comme dans les plus difficiles.<\/p>\n\n\n\n<p class=\"wp-block-paragraph\">Et puis, un mardi soir de d\u00e9cembre, quelqu\u2019un a frapp\u00e9 \u00e0 ma porte.<\/p>\n\n\n\n<p class=\"wp-block-paragraph\">Trois coups.<\/p>\n\n\n\n<p class=\"wp-block-paragraph\">Lents.<\/p>\n\n\n\n<p class=\"wp-block-paragraph\">Je pensais que c\u2019\u00e9tait un voisin.<\/p>\n\n\n\n<p class=\"wp-block-paragraph\">J\u2019ai ouvert.<\/p>\n\n\n\n<p class=\"wp-block-paragraph\">Et mon c\u0153ur s\u2019est arr\u00eat\u00e9.<\/p>\n\n\n\n<p class=\"wp-block-paragraph\">C\u2019\u00e9tait Julien.<\/p>\n\n\n\n<p class=\"wp-block-paragraph\">Mon fr\u00e8re.<\/p>\n\n\n\n<p class=\"wp-block-paragraph\">Quinze ans apr\u00e8s sa disparition.<\/p>\n\n\n\n<p class=\"wp-block-paragraph\">Il avait chang\u00e9.<\/p>\n\n\n\n<p class=\"wp-block-paragraph\">Ses cheveux \u00e9taient presque enti\u00e8rement gris.<\/p>\n\n\n\n<p class=\"wp-block-paragraph\">Son visage \u00e9tait marqu\u00e9.<\/p>\n\n\n\n<p class=\"wp-block-paragraph\">Il semblait avoir vieilli de vingt ans.<\/p>\n\n\n\n<p class=\"wp-block-paragraph\">Mais ses yeux\u2026<\/p>\n\n\n\n<p class=\"wp-block-paragraph\">Je les ai reconnus imm\u00e9diatement.<\/p>\n\n\n\n<p class=\"wp-block-paragraph\">Je suis rest\u00e9e incapable de parler.<\/p>\n\n\n\n<p class=\"wp-block-paragraph\">Lui non plus ne disait rien.<\/p>\n\n\n\n<p class=\"wp-block-paragraph\">Puis il a murmur\u00e9 :<\/p>\n\n\n\n<p class=\"wp-block-paragraph\">\u2014 Elles sont l\u00e0 ?<\/p>\n\n\n\n<p class=\"wp-block-paragraph\">J\u2019ai senti la col\u00e8re monter.<\/p>\n\n\n\n<p class=\"wp-block-paragraph\">Une col\u00e8re que j\u2019avais gard\u00e9e enferm\u00e9e pendant quinze ans.<\/p>\n\n\n\n<p class=\"wp-block-paragraph\">\u2014 Tu n\u2019as pas le droit de demander \u00e7a.<\/p>\n\n\n\n<p class=\"wp-block-paragraph\">Il a baiss\u00e9 la t\u00eate.<\/p>\n\n\n\n<p class=\"wp-block-paragraph\">\u2014 Je sais.<\/p>\n\n\n\n<p class=\"wp-block-paragraph\">\u2014 Tu sais ?<\/p>\n\n\n\n<p class=\"wp-block-paragraph\">Ma voix tremblait.<\/p>\n\n\n\n<p class=\"wp-block-paragraph\">\u2014 Tu sais ce que j\u2019ai v\u00e9cu ? Tu sais combien de nuits j\u2019ai pass\u00e9 \u00e0 r\u00e9pondre \u00e0 leurs questions ? Tu sais combien de fois elles ont attendu ton appel ? Tu sais combien de fois j\u2019ai d\u00fb leur expliquer pourquoi leur p\u00e8re ne venait jamais ?<\/p>\n\n\n\n<p class=\"wp-block-paragraph\">Il a ferm\u00e9 les yeux.<\/p>\n\n\n\n<p class=\"wp-block-paragraph\">\u2014 Je sais.<\/p>\n\n\n\n<p class=\"wp-block-paragraph\">\u2014 Non, Julien. Tu ne sais pas.<\/p>\n\n\n\n<p class=\"wp-block-paragraph\">Il a sorti une enveloppe de son manteau.<\/p>\n\n\n\n<p class=\"wp-block-paragraph\">Une vieille enveloppe jaunie.<\/p>\n\n\n\n<p class=\"wp-block-paragraph\">Il me l\u2019a tendue.<\/p>\n\n\n\n<p class=\"wp-block-paragraph\">\u2014 Lis-la avant de me demander de partir.<\/p>\n\n\n\n<p class=\"wp-block-paragraph\">Je n\u2019ai pas voulu la prendre.<\/p>\n\n\n\n<p class=\"wp-block-paragraph\">Mais quelque chose dans son regard m\u2019a arr\u00eat\u00e9e.<\/p>\n\n\n\n<p class=\"wp-block-paragraph\">J\u2019ai finalement saisi l\u2019enveloppe.<\/p>\n\n\n\n<p class=\"wp-block-paragraph\">Elle \u00e9tait lourde.<\/p>\n\n\n\n<p class=\"wp-block-paragraph\">Beaucoup trop lourde pour contenir une simple lettre.<\/p>\n\n\n\n<p class=\"wp-block-paragraph\">\u2014 Qu\u2019est-ce que c\u2019est ?<\/p>\n\n\n\n<p class=\"wp-block-paragraph\">\u2014 La raison pour laquelle je suis parti.<\/p>\n\n\n\n<p class=\"wp-block-paragraph\">J\u2019ai regard\u00e9 le nom \u00e9crit dessus.<\/p>\n\n\n\n<p class=\"wp-block-paragraph\">Ce n\u2019\u00e9tait pas le mien.<\/p>\n\n\n\n<p class=\"wp-block-paragraph\">C\u2019\u00e9tait celui de Sophie.<\/p>\n\n\n\n<p class=\"wp-block-paragraph\">Ma belle-s\u0153ur.<\/p>\n\n\n\n<p class=\"wp-block-paragraph\">J\u2019ai senti mes mains devenir froides.<\/p>\n\n\n\n<p class=\"wp-block-paragraph\">\u2014 Pourquoi as-tu une lettre de Sophie ?<\/p>\n\n\n\n<p class=\"wp-block-paragraph\">Julien a respir\u00e9 profond\u00e9ment.<\/p>\n\n\n\n<p class=\"wp-block-paragraph\">\u2014 Parce qu\u2019elle me l\u2019a donn\u00e9e la veille de l\u2019accident.<\/p>\n\n\n\n<p class=\"wp-block-paragraph\">Je n\u2019ai pas eu le temps de r\u00e9pondre.<\/p>\n\n\n\n<p class=\"wp-block-paragraph\">Les filles \u00e9taient dans la cuisine.<\/p>\n\n\n\n<p class=\"wp-block-paragraph\">Elles avaient entendu nos voix.<\/p>\n\n\n\n<p class=\"wp-block-paragraph\">\u00c9lise est apparue dans l\u2019encadrement de la porte.<\/p>\n\n\n\n<p class=\"wp-block-paragraph\">Elle regarda Julien.<\/p>\n\n\n\n<p class=\"wp-block-paragraph\">Puis moi.<\/p>\n\n\n\n<p class=\"wp-block-paragraph\">Puis Julien encore.<\/p>\n\n\n\n<p class=\"wp-block-paragraph\">Elle ne le reconnut pas.<\/p>\n\n\n\n<p class=\"wp-block-paragraph\">Comment aurait-elle pu ?<\/p>\n\n\n\n<p class=\"wp-block-paragraph\">Elle avait huit ans lorsqu\u2019il \u00e9tait parti.<\/p>\n\n\n\n<p class=\"wp-block-paragraph\">Elle en avait maintenant vingt-trois.<\/p>\n\n\n\n<p class=\"wp-block-paragraph\">\u2014 Qui est-ce ?<\/p>\n\n\n\n<p class=\"wp-block-paragraph\">Julien a fait un pas en arri\u00e8re.<\/p>\n\n\n\n<p class=\"wp-block-paragraph\">Il avait les larmes aux yeux.<\/p>\n\n\n\n<p class=\"wp-block-paragraph\">\u2014 C\u2019est moi.<\/p>\n\n\n\n<p class=\"wp-block-paragraph\">\u00c9lise est devenue p\u00e2le.<\/p>\n\n\n\n<p class=\"wp-block-paragraph\">Clara est arriv\u00e9e derri\u00e8re elle.<\/p>\n\n\n\n<p class=\"wp-block-paragraph\">Manon aussi.<\/p>\n\n\n\n<p class=\"wp-block-paragraph\">Pendant quelques secondes, personne ne bougea.<\/p>\n\n\n\n<p class=\"wp-block-paragraph\">Puis Clara a murmur\u00e9 :<\/p>\n\n\n\n<p class=\"wp-block-paragraph\">\u2014 Papa ?<\/p>\n\n\n\n<p class=\"wp-block-paragraph\">Julien a hoch\u00e9 la t\u00eate.<\/p>\n\n\n\n<p class=\"wp-block-paragraph\">Et Manon s\u2019est mise \u00e0 pleurer.<\/p>\n\n\n\n<p class=\"wp-block-paragraph\">Pas comme une enfant.<\/p>\n\n\n\n<p class=\"wp-block-paragraph\">Comme une femme qui venait de retrouver quelqu\u2019un qu\u2019elle avait pass\u00e9 quinze ans \u00e0 essayer d\u2019oublier.<\/p>\n\n\n\n<p class=\"wp-block-paragraph\">Elle a avanc\u00e9 vers lui.<\/p>\n\n\n\n<p class=\"wp-block-paragraph\">Mais elle s\u2019est arr\u00eat\u00e9e \u00e0 quelques centim\u00e8tres.<\/p>\n\n\n\n<p class=\"wp-block-paragraph\">\u2014 Pourquoi ?<\/p>\n\n\n\n<p class=\"wp-block-paragraph\">Une seule question.<\/p>\n\n\n\n<p class=\"wp-block-paragraph\">Et pourtant, elle contenait quinze ann\u00e9es de douleur.<\/p>\n\n\n\n<p class=\"wp-block-paragraph\">Julien n\u2019a pas r\u00e9pondu.<\/p>\n\n\n\n<p class=\"wp-block-paragraph\">Il m\u2019a regard\u00e9e.<\/p>\n\n\n\n<p class=\"wp-block-paragraph\">\u2014 Lis la lettre.<\/p>\n\n\n\n<p class=\"wp-block-paragraph\">Je l\u2019ai ouverte.<\/p>\n\n\n\n<p class=\"wp-block-paragraph\">\u00c0 l\u2019int\u00e9rieur, il y avait plusieurs feuilles.<\/p>\n\n\n\n<p class=\"wp-block-paragraph\">L\u2019\u00e9criture de Sophie.<\/p>\n\n\n\n<p class=\"wp-block-paragraph\">Je la connaissais parfaitement.<\/p>\n\n\n\n<p class=\"wp-block-paragraph\">La premi\u00e8re phrase m\u2019a glac\u00e9 le sang.<\/p>\n\n\n\n<p class=\"wp-block-paragraph\">\u00ab Julien, si tu lis cette lettre, c\u2019est que je n\u2019ai pas eu le courage de te dire la v\u00e9rit\u00e9. \u00bb<\/p>\n\n\n\n<p class=\"wp-block-paragraph\">J\u2019ai continu\u00e9.<\/p>\n\n\n\n<p class=\"wp-block-paragraph\">Sophie expliquait qu\u2019elle avait d\u00e9couvert quelque chose quelques semaines avant l\u2019accident.<\/p>\n\n\n\n<p class=\"wp-block-paragraph\">Quelque chose concernant leur famille.<\/p>\n\n\n\n<p class=\"wp-block-paragraph\">Elle avait d\u00e9couvert que l\u2019accident dans lequel ses parents \u00e9taient morts plusieurs ann\u00e9es auparavant n\u2019\u00e9tait probablement pas un accident.<\/p>\n\n\n\n<p class=\"wp-block-paragraph\">Et elle avait d\u00e9couvert que quelqu\u2019un avait pay\u00e9 pour faire dispara\u00eetre certaines preuves.<\/p>\n\n\n\n<p class=\"wp-block-paragraph\">Mais ce n\u2019\u00e9tait pas tout.<\/p>\n\n\n\n<p class=\"wp-block-paragraph\">Elle avait \u00e9galement d\u00e9couvert que Julien \u00e9tait lui-m\u00eame surveill\u00e9.<\/p>\n\n\n\n<p class=\"wp-block-paragraph\">Sophie avait peur.<\/p>\n\n\n\n<p class=\"wp-block-paragraph\">Elle \u00e9crivait qu\u2019elle avait re\u00e7u plusieurs menaces anonymes.<\/p>\n\n\n\n<p class=\"wp-block-paragraph\">Puis venait la phrase qui m\u2019a fait l\u00e2cher la lettre.<\/p>\n\n\n\n<p class=\"wp-block-paragraph\">\u00ab Si quelque chose m\u2019arrive, ne fais confiance \u00e0 personne, pas m\u00eame \u00e0 notre famille. \u00bb<\/p>\n\n\n\n<p class=\"wp-block-paragraph\">Je me suis tourn\u00e9e vers Julien.<\/p>\n\n\n\n<p class=\"wp-block-paragraph\">\u2014 Pourquoi ne m\u2019as-tu jamais rien dit ?<\/p>\n\n\n\n<p class=\"wp-block-paragraph\">Il avait les yeux fix\u00e9s sur le sol.<\/p>\n\n\n\n<p class=\"wp-block-paragraph\">\u2014 Parce que quelqu\u2019un me l\u2019avait interdit.<\/p>\n\n\n\n<p class=\"wp-block-paragraph\">\u2014 Qui ?<\/p>\n\n\n\n<p class=\"wp-block-paragraph\">Il a relev\u00e9 la t\u00eate.<\/p>\n\n\n\n<p class=\"wp-block-paragraph\">\u2014 Papa.<\/p>\n\n\n\n<p class=\"wp-block-paragraph\">Je suis rest\u00e9e fig\u00e9e.<\/p>\n\n\n\n<p class=\"wp-block-paragraph\">Notre p\u00e8re \u00e9tait mort depuis onze ans.<\/p>\n\n\n\n<p class=\"wp-block-paragraph\">Je n\u2019ai jamais compris.<\/p>\n\n\n\n<p class=\"wp-block-paragraph\">Julien a poursuivi :<\/p>\n\n\n\n<p class=\"wp-block-paragraph\">\u2014 Papa savait ce qui s\u2019\u00e9tait pass\u00e9.<\/p>\n\n\n\n<p class=\"wp-block-paragraph\">\u2014 Quoi ?<\/p>\n\n\n\n<p class=\"wp-block-paragraph\">\u2014 Il savait que Sophie enqu\u00eatait. Il savait qu\u2019elle avait d\u00e9couvert des choses. Et apr\u00e8s sa mort, il m\u2019a convaincu que si je restais pr\u00e8s des filles, elles seraient en danger.<\/p>\n\n\n\n<p class=\"wp-block-paragraph\">\u2014 Alors tu les as abandonn\u00e9es ?<\/p>\n\n\n\n<p class=\"wp-block-paragraph\">\u2014 Non.<\/p>\n\n\n\n<p class=\"wp-block-paragraph\">Sa voix s\u2019est bris\u00e9e.<\/p>\n\n\n\n<p class=\"wp-block-paragraph\">\u2014 Je les ai prot\u00e9g\u00e9es comme je pouvais.<\/p>\n\n\n\n<p class=\"wp-block-paragraph\">Je voulais hurler.<\/p>\n\n\n\n<p class=\"wp-block-paragraph\">Je voulais le frapper.<\/p>\n\n\n\n<p class=\"wp-block-paragraph\">Je voulais lui demander comment un p\u00e8re pouvait dispara\u00eetre pendant quinze ans et appeler cela de la protection.<\/p>\n\n\n\n<p class=\"wp-block-paragraph\">Mais il a sorti une seconde enveloppe.<\/p>\n\n\n\n<p class=\"wp-block-paragraph\">\u2014 Ce n\u2019est pas tout.<\/p>\n\n\n\n<p class=\"wp-block-paragraph\">\u00c0 l\u2019int\u00e9rieur se trouvait une s\u00e9rie de photographies.<\/p>\n\n\n\n<p class=\"wp-block-paragraph\">Des photos de nos filles.<\/p>\n\n\n\n<p class=\"wp-block-paragraph\">\u00c0 diff\u00e9rents \u00e2ges.<\/p>\n\n\n\n<p class=\"wp-block-paragraph\">\u00c9lise \u00e0 dix ans.<\/p>\n\n\n\n<p class=\"wp-block-paragraph\">Clara \u00e0 douze.<\/p>\n\n\n\n<p class=\"wp-block-paragraph\">Manon \u00e0 sept.<\/p>\n\n\n\n<p class=\"wp-block-paragraph\">Puis d\u2019autres.<\/p>\n\n\n\n<p class=\"wp-block-paragraph\">Encore d\u2019autres.<\/p>\n\n\n\n<p class=\"wp-block-paragraph\">J\u2019ai reconnu notre maison.<\/p>\n\n\n\n<p class=\"wp-block-paragraph\">Notre jardin.<\/p>\n\n\n\n<p class=\"wp-block-paragraph\">L\u2019\u00e9cole.<\/p>\n\n\n\n<p class=\"wp-block-paragraph\">Le parc.<\/p>\n\n\n\n<p class=\"wp-block-paragraph\">Quelqu\u2019un les avait surveill\u00e9es.<\/p>\n\n\n\n<p class=\"wp-block-paragraph\">Pendant des ann\u00e9es.<\/p>\n\n\n\n<p class=\"wp-block-paragraph\">Je sentais mon estomac se nouer.<\/p>\n\n\n\n<p class=\"wp-block-paragraph\">\u2014 Qui a pris ces photos ?<\/p>\n\n\n\n<p class=\"wp-block-paragraph\">Julien a r\u00e9pondu :<\/p>\n\n\n\n<p class=\"wp-block-paragraph\">\u2014 Moi.<\/p>\n\n\n\n<p class=\"wp-block-paragraph\">Je l\u2019ai regard\u00e9 avec horreur.<\/p>\n\n\n\n<p class=\"wp-block-paragraph\">\u2014 Tu nous espionnais ?<\/p>\n\n\n\n<p class=\"wp-block-paragraph\">\u2014 Je venais vous voir.<\/p>\n\n\n\n<p class=\"wp-block-paragraph\">Il a marqu\u00e9 une pause.<\/p>\n\n\n\n<p class=\"wp-block-paragraph\">\u2014 Mais je ne pouvais pas m&#8217;approcher.<\/p>\n\n\n\n<p class=\"wp-block-paragraph\">Il nous a expliqu\u00e9 qu\u2019il avait travaill\u00e9 pendant des ann\u00e9es sous une autre identit\u00e9, changeant r\u00e9guli\u00e8rement de ville et de travail.<\/p>\n\n\n\n<p class=\"wp-block-paragraph\">Il avait \u00e9conomis\u00e9 de l\u2019argent.<\/p>\n\n\n\n<p class=\"wp-block-paragraph\">Il avait pay\u00e9 des enqu\u00eateurs.<\/p>\n\n\n\n<p class=\"wp-block-paragraph\">Il avait essay\u00e9 de comprendre qui avait menac\u00e9 Sophie.<\/p>\n\n\n\n<p class=\"wp-block-paragraph\">Et surtout, il avait essay\u00e9 de retrouver la personne responsable de l\u2019accident.<\/p>\n\n\n\n<p class=\"wp-block-paragraph\">Mais il n\u2019\u00e9tait jamais revenu parce qu\u2019il croyait que sa pr\u00e9sence attirerait le danger vers nous.<\/p>\n\n\n\n<p class=\"wp-block-paragraph\">Je voulais le croire.<\/p>\n\n\n\n<p class=\"wp-block-paragraph\">Mais une partie de moi refusait encore.<\/p>\n\n\n\n<p class=\"wp-block-paragraph\">Puis \u00c9lise prit la lettre.<\/p>\n\n\n\n<p class=\"wp-block-paragraph\">Elle la lut silencieusement.<\/p>\n\n\n\n<p class=\"wp-block-paragraph\">Ses yeux s\u2019agrandirent.<\/p>\n\n\n\n<p class=\"wp-block-paragraph\">\u2014 Maman savait ?<\/p>\n\n\n\n<p class=\"wp-block-paragraph\">Julien hocha la t\u00eate.<\/p>\n\n\n\n<p class=\"wp-block-paragraph\">\u2014 Oui.<\/p>\n\n\n\n<p class=\"wp-block-paragraph\">\u00c9lise se mit \u00e0 trembler.<\/p>\n\n\n\n<p class=\"wp-block-paragraph\">\u2014 Alors pourquoi nous a-t-elle laiss\u00e9es ?<\/p>\n\n\n\n<p class=\"wp-block-paragraph\">\u2014 Elle ne vous a pas laiss\u00e9es.<\/p>\n\n\n\n<p class=\"wp-block-paragraph\">Julien sortit un dernier document.<\/p>\n\n\n\n<p class=\"wp-block-paragraph\">\u2014 Elle avait pr\u00e9vu de partir avec vous.<\/p>\n\n\n\n<p class=\"wp-block-paragraph\">Il nous montra des billets d\u2019avion datant de la semaine de l\u2019accident.<\/p>\n\n\n\n<p class=\"wp-block-paragraph\">Trois billets.<\/p>\n\n\n\n<p class=\"wp-block-paragraph\">Pour les filles.<\/p>\n\n\n\n<p class=\"wp-block-paragraph\">Un pour Sophie.<\/p>\n\n\n\n<p class=\"wp-block-paragraph\">Et un pour Julien.<\/p>\n\n\n\n<p class=\"wp-block-paragraph\">Destination : Montr\u00e9al.<\/p>\n\n\n\n<p class=\"wp-block-paragraph\">Ils devaient partir ensemble.<\/p>\n\n\n\n<p class=\"wp-block-paragraph\">Le lendemain.<\/p>\n\n\n\n<p class=\"wp-block-paragraph\">Mais ils n\u2019avaient jamais pris l\u2019avion.<\/p>\n\n\n\n<p class=\"wp-block-paragraph\">Sophie \u00e9tait morte.<\/p>\n\n\n\n<p class=\"wp-block-paragraph\">Julien avait disparu.<\/p>\n\n\n\n<p class=\"wp-block-paragraph\">Et nous \u00e9tions rest\u00e9es avec mille questions.<\/p>\n\n\n\n<p class=\"wp-block-paragraph\">Pendant quelques secondes, personne ne parla.<\/p>\n\n\n\n<p class=\"wp-block-paragraph\">Puis Manon posa une question \u00e9trange :<\/p>\n\n\n\n<p class=\"wp-block-paragraph\">\u2014 Papa\u2026 pourquoi es-tu revenu maintenant ?<\/p>\n\n\n\n<p class=\"wp-block-paragraph\">Julien la regarda.<\/p>\n\n\n\n<p class=\"wp-block-paragraph\">\u2014 Parce que je n\u2019ai plus peur.<\/p>\n\n\n\n<p class=\"wp-block-paragraph\">Clara fron\u00e7a les sourcils.<\/p>\n\n\n\n<p class=\"wp-block-paragraph\">\u2014 Qu\u2019est-ce qui a chang\u00e9 ?<\/p>\n\n\n\n<p class=\"wp-block-paragraph\">Il sortit son t\u00e9l\u00e9phone.<\/p>\n\n\n\n<p class=\"wp-block-paragraph\">Une seule photo.<\/p>\n\n\n\n<p class=\"wp-block-paragraph\">Un homme \u00e2g\u00e9.<\/p>\n\n\n\n<p class=\"wp-block-paragraph\">Je reconnus imm\u00e9diatement son visage.<\/p>\n\n\n\n<p class=\"wp-block-paragraph\">Notre oncle.<\/p>\n\n\n\n<p class=\"wp-block-paragraph\">Le fr\u00e8re de notre p\u00e8re.<\/p>\n\n\n\n<p class=\"wp-block-paragraph\">Il \u00e9tait mort depuis deux semaines.<\/p>\n\n\n\n<p class=\"wp-block-paragraph\">Julien murmura :<\/p>\n\n\n\n<p class=\"wp-block-paragraph\">\u2014 C\u2019\u00e9tait lui.<\/p>\n\n\n\n<p class=\"wp-block-paragraph\">Je sentis mes jambes faiblir.<\/p>\n\n\n\n<p class=\"wp-block-paragraph\">\u2014 Lui quoi ?<\/p>\n\n\n\n<p class=\"wp-block-paragraph\">\u2014 C\u2019est lui qui savait tout.<\/p>\n\n\n\n<p class=\"wp-block-paragraph\">Il expliqua que notre oncle avait conserv\u00e9 des documents prouvant que plusieurs ann\u00e9es auparavant, notre p\u00e8re avait particip\u00e9 \u00e0 une affaire financi\u00e8re ill\u00e9gale.<\/p>\n\n\n\n<p class=\"wp-block-paragraph\">Sophie l\u2019avait d\u00e9couvert.<\/p>\n\n\n\n<p class=\"wp-block-paragraph\">Elle avait voulu d\u00e9noncer les responsables.<\/p>\n\n\n\n<p class=\"wp-block-paragraph\">Et c\u2019est pour cette raison qu\u2019elle avait \u00e9t\u00e9 r\u00e9duite au silence.<\/p>\n\n\n\n<p class=\"wp-block-paragraph\">Mais il restait une derni\u00e8re question.<\/p>\n\n\n\n<p class=\"wp-block-paragraph\">Pourquoi notre p\u00e8re avait-il accept\u00e9 de sacrifier son propre fils ?<\/p>\n\n\n\n<p class=\"wp-block-paragraph\">Julien me regarda.<\/p>\n\n\n\n<p class=\"wp-block-paragraph\">\u2014 Parce que papa croyait que j\u2019\u00e9tais responsable de la mort de Sophie.<\/p>\n\n\n\n<p class=\"wp-block-paragraph\">Je ne comprenais plus rien.<\/p>\n\n\n\n<p class=\"wp-block-paragraph\">\u2014 Qu&#8217;est-ce que tu racontes ?<\/p>\n\n\n\n<p class=\"wp-block-paragraph\">Il a sorti une derni\u00e8re feuille.<\/p>\n\n\n\n<p class=\"wp-block-paragraph\">Une confession.<\/p>\n\n\n\n<p class=\"wp-block-paragraph\">Sign\u00e9e de notre p\u00e8re.<\/p>\n\n\n\n<p class=\"wp-block-paragraph\">Il y reconnaissait avoir manipul\u00e9 les freins de la voiture de Julien plusieurs semaines avant l\u2019accident, dans le but de faire croire que Julien avait provoqu\u00e9 un incident.<\/p>\n\n\n\n<p class=\"wp-block-paragraph\">Mais Sophie avait d\u00e9couvert la manipulation.<\/p>\n\n\n\n<p class=\"wp-block-paragraph\">Elle avait voulu partir.<\/p>\n\n\n\n<p class=\"wp-block-paragraph\">Et l&#8217;accident avait eu lieu avant qu&#8217;elle puisse r\u00e9v\u00e9ler la v\u00e9rit\u00e9.<\/p>\n\n\n\n<p class=\"wp-block-paragraph\">Je suis rest\u00e9e silencieuse.<\/p>\n\n\n\n<p class=\"wp-block-paragraph\">Quinze ans.<\/p>\n\n\n\n<p class=\"wp-block-paragraph\">Quinze ans pendant lesquels j&#8217;avais \u00e9lev\u00e9 trois petites filles en pensant que leur p\u00e8re avait simplement fui.<\/p>\n\n\n\n<p class=\"wp-block-paragraph\">Alors qu\u2019il avait v\u00e9cu dans la peur.<\/p>\n\n\n\n<p class=\"wp-block-paragraph\">Et pourtant, une chose me tourmentait encore.<\/p>\n\n\n\n<p class=\"wp-block-paragraph\">\u2014 Pourquoi revenir aujourd\u2019hui ?<\/p>\n\n\n\n<p class=\"wp-block-paragraph\">Julien s\u2019est tourn\u00e9 vers ses filles.<\/p>\n\n\n\n<p class=\"wp-block-paragraph\">Il a sorti une petite cl\u00e9 m\u00e9tallique de sa poche.<\/p>\n\n\n\n<p class=\"wp-block-paragraph\">\u2014 Parce qu&#8217;il reste quelque chose que Sophie voulait qu&#8217;elles aient.<\/p>\n\n\n\n<p class=\"wp-block-paragraph\">\u2014 Quoi ?<\/p>\n\n\n\n<p class=\"wp-block-paragraph\">\u2014 Une maison.<\/p>\n\n\n\n<p class=\"wp-block-paragraph\">Nous pensions avoir tout compris.<\/p>\n\n\n\n<p class=\"wp-block-paragraph\">Nous avions tort.<\/p>\n\n\n\n<p class=\"wp-block-paragraph\">La cl\u00e9 ouvrait une petite maison situ\u00e9e \u00e0 plusieurs centaines de kilom\u00e8tres.<\/p>\n\n\n\n<p class=\"wp-block-paragraph\">Une maison achet\u00e9e par Sophie quelques jours avant sa mort.<\/p>\n\n\n\n<p class=\"wp-block-paragraph\">\u00c0 l\u2019int\u00e9rieur, nous avons trouv\u00e9 des dizaines de cartons.<\/p>\n\n\n\n<p class=\"wp-block-paragraph\">Des photos.<\/p>\n\n\n\n<p class=\"wp-block-paragraph\">Des lettres.<\/p>\n\n\n\n<p class=\"wp-block-paragraph\">Des enregistrements.<\/p>\n\n\n\n<p class=\"wp-block-paragraph\">Et une vid\u00e9o.<\/p>\n\n\n\n<p class=\"wp-block-paragraph\">Sophie apparaissait \u00e0 l\u2019\u00e9cran.<\/p>\n\n\n\n<p class=\"wp-block-paragraph\">Elle \u00e9tait assise devant une fen\u00eatre.<\/p>\n\n\n\n<p class=\"wp-block-paragraph\">Elle semblait fatigu\u00e9e.<\/p>\n\n\n\n<p class=\"wp-block-paragraph\">Mais elle souriait.<\/p>\n\n\n\n<p class=\"wp-block-paragraph\">Puis elle pronon\u00e7a les mots qui nous ont tous d\u00e9truits :<\/p>\n\n\n\n<p class=\"wp-block-paragraph\">\u2014 Si vous regardez cette vid\u00e9o, c\u2019est que je ne suis plus l\u00e0. Et si les filles sont devenues adultes, alors je veux qu\u2019elles sachent une chose : leur p\u00e8re ne les a jamais abandonn\u00e9es.<\/p>\n\n\n\n<p class=\"wp-block-paragraph\">Manon s\u2019est effondr\u00e9e en larmes.<\/p>\n\n\n\n<p class=\"wp-block-paragraph\">\u00c9lise tenait la main de Clara.<\/p>\n\n\n\n<p class=\"wp-block-paragraph\">Et moi, je regardais l\u2019\u00e9cran sans r\u00e9ussir \u00e0 respirer.<\/p>\n\n\n\n<p class=\"wp-block-paragraph\">Puis Sophie ajouta :<\/p>\n\n\n\n<p class=\"wp-block-paragraph\">\u2014 La femme qui les \u00e9l\u00e8vera sera probablement ma belle-s\u0153ur. Je ne sais pas si elle me pardonnera de lui confier mes enfants. Mais je sais une chose : elle les aimera comme si elles \u00e9taient les siennes.<\/p>\n\n\n\n<p class=\"wp-block-paragraph\">Je me suis mise \u00e0 pleurer.<\/p>\n\n\n\n<p class=\"wp-block-paragraph\">Pendant quinze ans, j\u2019avais cru avoir sauv\u00e9 trois enfants.<\/p>\n\n\n\n<p class=\"wp-block-paragraph\">Mais ce soir-l\u00e0, j\u2019ai compris quelque chose de diff\u00e9rent.<\/p>\n\n\n\n<p class=\"wp-block-paragraph\">Elles m\u2019avaient sauv\u00e9e, moi aussi.<\/p>\n\n\n\n<p class=\"wp-block-paragraph\">Elles avaient donn\u00e9 un sens \u00e0 ma vie au moment o\u00f9 je pensais avoir perdu toute ma famille.<\/p>\n\n\n\n<p class=\"wp-block-paragraph\">\u00c0 la fin de la vid\u00e9o, Sophie pronon\u00e7a une derni\u00e8re phrase :<\/p>\n\n\n\n<p class=\"wp-block-paragraph\">\u2014 Et dites \u00e0 mes filles que je ne les ai jamais quitt\u00e9es volontairement.<\/p>\n\n\n\n<p class=\"wp-block-paragraph\">L\u2019\u00e9cran est devenu noir.<\/p>\n\n\n\n<p class=\"wp-block-paragraph\">Personne ne parla.<\/p>\n\n\n\n<p class=\"wp-block-paragraph\">Julien s\u2019est approch\u00e9 de ses filles.<\/p>\n\n\n\n<p class=\"wp-block-paragraph\">Il n\u2019a pas demand\u00e9 qu\u2019elles lui pardonnent.<\/p>\n\n\n\n<p class=\"wp-block-paragraph\">Il n\u2019a pas demand\u00e9 qu\u2019elles l\u2019appellent papa.<\/p>\n\n\n\n<p class=\"wp-block-paragraph\">Il a simplement dit :<\/p>\n\n\n\n<p class=\"wp-block-paragraph\">\u2014 Je suis d\u00e9sol\u00e9.<\/p>\n\n\n\n<p class=\"wp-block-paragraph\">\u00c9lise l\u2019a regard\u00e9 longtemps.<\/p>\n\n\n\n<p class=\"wp-block-paragraph\">Puis elle s\u2019est avanc\u00e9e.<\/p>\n\n\n\n<p class=\"wp-block-paragraph\">Elle l\u2019a serr\u00e9 dans ses bras.<\/p>\n\n\n\n<p class=\"wp-block-paragraph\">Clara a suivi.<\/p>\n\n\n\n<p class=\"wp-block-paragraph\">Manon aussi.<\/p>\n\n\n\n<p class=\"wp-block-paragraph\">Et moi, je suis rest\u00e9e quelques pas derri\u00e8re eux.<\/p>\n\n\n\n<p class=\"wp-block-paragraph\">Pour la premi\u00e8re fois depuis quinze ans, j\u2019ai senti que quelque chose venait enfin de se terminer.<\/p>\n\n\n\n<p class=\"wp-block-paragraph\">Pas la douleur.<\/p>\n\n\n\n<p class=\"wp-block-paragraph\">Pas les souvenirs.<\/p>\n\n\n\n<p class=\"wp-block-paragraph\">Mais l\u2019attente.<\/p>\n\n\n\n<p class=\"wp-block-paragraph\">Cette attente interminable de comprendre pourquoi un p\u00e8re avait disparu.<\/p>\n\n\n\n<p class=\"wp-block-paragraph\">Je pensais avoir \u00e9lev\u00e9 trois filles abandonn\u00e9es.<\/p>\n\n\n\n<p class=\"wp-block-paragraph\">En r\u00e9alit\u00e9, j\u2019avais \u00e9lev\u00e9 trois jeunes femmes qui avaient \u00e9t\u00e9 aim\u00e9es par une m\u00e8re qui avait essay\u00e9 de les prot\u00e9ger jusqu&#8217;\u00e0 son dernier souffle, et par un p\u00e8re qui avait commis une terrible erreur en croyant que dispara\u00eetre \u00e9tait la seule fa\u00e7on de les sauver.<\/p>\n\n\n\n<p class=\"wp-block-paragraph\">Ce soir-l\u00e0, nous sommes rentr\u00e9s chez nous ensemble.<\/p>\n\n\n\n<p class=\"wp-block-paragraph\">Et avant de dormir, Manon est venue frapper \u00e0 ma porte.<\/p>\n\n\n\n<p class=\"wp-block-paragraph\">Elle avait les yeux rouges.<\/p>\n\n\n\n<p class=\"wp-block-paragraph\">Elle m\u2019a regard\u00e9e et a murmur\u00e9 :<\/p>\n\n\n\n<p class=\"wp-block-paragraph\">\u2014 Maman ?<\/p>\n\n\n\n<p class=\"wp-block-paragraph\">\u2014 Oui ?<\/p>\n\n\n\n<p class=\"wp-block-paragraph\">Elle a souri \u00e0 travers ses larmes.<\/p>\n\n\n\n<p class=\"wp-block-paragraph\">\u2014 M\u00eame si papa est revenu\u2026 tu resteras ma maman, n\u2019est-ce pas ?<\/p>\n\n\n\n<p class=\"wp-block-paragraph\">Je l\u2019ai prise dans mes bras.<\/p>\n\n\n\n<p class=\"wp-block-paragraph\">Et pour la premi\u00e8re fois depuis quinze ans, je n\u2019ai pas eu besoin de r\u00e9pondre.<\/p>\n\n\n\n<p class=\"wp-block-paragraph\">Parce que certaines familles ne sont pas d\u00e9finies par le sang.<\/p>\n\n\n\n<p class=\"wp-block-paragraph\">Elles sont d\u00e9finies par ceux qui restent lorsque tout le monde est parti.<\/p>\n\n\n\n<p class=\"wp-block-paragraph\"><\/p>\n","protected":false},"excerpt":{"rendered":"Il y a quinze ans, j\u2019ai ouvert ma porte \u00e0 trois enfants qui n\u2019auraient jamais d\u00fb avoir \u00e0 apprendre si t\u00f4t ce que \n<a class=\"moretag\" href=\"https:\/\/gazeta.am\/?p=5339\"> [...]<\/a>","protected":false},"author":1,"featured_media":5340,"comment_status":"open","ping_status":"open","sticky":false,"template":"","format":"standard","meta":{"footnotes":""},"categories":[1],"tags":[],"class_list":["post-5339","post","type-post","status-publish","format-standard","has-post-thumbnail","hentry","category-1"],"yoast_head":"<!-- This site is optimized with the Yoast SEO plugin v28.4 - https:\/\/yoast.com\/product\/yoast-seo-wordpress\/ -->\n<title>Quinze ans apr\u00e8s avoir disparu, mon fr\u00e8re est revenu r\u00e9clamer ses filles\u2026 mais ce que j\u2019ai d\u00e9couvert dans son enveloppe a boulevers\u00e9 toute notre famille -<\/title>\n<meta name=\"robots\" content=\"index, follow, max-snippet:-1, max-image-preview:large, max-video-preview:-1\" \/>\n<link rel=\"canonical\" href=\"https:\/\/gazeta.am\/?p=5339\" \/>\n<meta property=\"og:locale\" content=\"ru_RU\" \/>\n<meta property=\"og:type\" content=\"article\" \/>\n<meta property=\"og:title\" content=\"Quinze ans apr\u00e8s avoir disparu, mon fr\u00e8re est revenu r\u00e9clamer ses filles\u2026 mais ce que j\u2019ai d\u00e9couvert dans son enveloppe a boulevers\u00e9 toute notre famille -\" \/>\n<meta property=\"og:description\" content=\"Il y a quinze ans, j\u2019ai ouvert ma porte \u00e0 trois enfants qui n\u2019auraient jamais d\u00fb avoir \u00e0 apprendre si t\u00f4t ce que\" \/>\n<meta property=\"og:url\" content=\"https:\/\/gazeta.am\/?p=5339\" \/>\n<meta property=\"article:published_time\" content=\"2026-09-02T18:21:33+00:00\" \/>\n<meta property=\"article:modified_time\" content=\"2026-09-02T18:21:35+00:00\" \/>\n<meta property=\"og:image\" content=\"https:\/\/gazeta.am\/wp-content\/uploads\/2026\/09\/3-1.png\" \/>\n\t<meta property=\"og:image:width\" content=\"782\" \/>\n\t<meta property=\"og:image:height\" content=\"1135\" \/>\n\t<meta property=\"og:image:type\" content=\"image\/png\" \/>\n<meta name=\"author\" content=\"admin\" \/>\n<meta name=\"twitter:card\" content=\"summary_large_image\" \/>\n<meta name=\"twitter:label1\" content=\"\u041d\u0430\u043f\u0438\u0441\u0430\u043d\u043e \u0430\u0432\u0442\u043e\u0440\u043e\u043c\" \/>\n\t<meta name=\"twitter:data1\" content=\"admin\" \/>\n\t<meta name=\"twitter:label2\" content=\"\u041f\u0440\u0438\u043c\u0435\u0440\u043d\u043e\u0435 \u0432\u0440\u0435\u043c\u044f \u0434\u043b\u044f \u0447\u0442\u0435\u043d\u0438\u044f\" \/>\n\t<meta name=\"twitter:data2\" content=\"14 \u043c\u0438\u043d\u0443\u0442\" \/>\n<script type=\"application\/ld+json\" class=\"yoast-schema-graph\">{\"@context\":\"https:\\\/\\\/schema.org\",\"@graph\":[{\"@type\":\"Article\",\"@id\":\"https:\\\/\\\/gazeta.am\\\/?p=5339#article\",\"isPartOf\":{\"@id\":\"https:\\\/\\\/gazeta.am\\\/?p=5339\"},\"author\":{\"name\":\"admin\",\"@id\":\"https:\\\/\\\/gazeta.am\\\/#\\\/schema\\\/person\\\/987709955e760c9a1ebbb44776f8cccc\"},\"headline\":\"Quinze ans apr\u00e8s avoir disparu, mon fr\u00e8re est revenu r\u00e9clamer ses filles\u2026 mais ce que j\u2019ai d\u00e9couvert dans son enveloppe a boulevers\u00e9 toute notre famille\",\"datePublished\":\"2026-09-02T18:21:33+00:00\",\"dateModified\":\"2026-09-02T18:21:35+00:00\",\"mainEntityOfPage\":{\"@id\":\"https:\\\/\\\/gazeta.am\\\/?p=5339\"},\"wordCount\":2740,\"commentCount\":0,\"image\":{\"@id\":\"https:\\\/\\\/gazeta.am\\\/?p=5339#primaryimage\"},\"thumbnailUrl\":\"https:\\\/\\\/gazeta.am\\\/wp-content\\\/uploads\\\/2026\\\/09\\\/3-1.png\",\"articleSection\":[\"NEWS\"],\"inLanguage\":\"ru-RU\",\"potentialAction\":[{\"@type\":\"CommentAction\",\"name\":\"Comment\",\"target\":[\"https:\\\/\\\/gazeta.am\\\/?p=5339#respond\"]}]},{\"@type\":\"WebPage\",\"@id\":\"https:\\\/\\\/gazeta.am\\\/?p=5339\",\"url\":\"https:\\\/\\\/gazeta.am\\\/?p=5339\",\"name\":\"Quinze ans apr\u00e8s avoir disparu, mon fr\u00e8re est revenu r\u00e9clamer ses filles\u2026 mais ce que j\u2019ai d\u00e9couvert dans son enveloppe a boulevers\u00e9 toute notre famille -\",\"isPartOf\":{\"@id\":\"https:\\\/\\\/gazeta.am\\\/#website\"},\"primaryImageOfPage\":{\"@id\":\"https:\\\/\\\/gazeta.am\\\/?p=5339#primaryimage\"},\"image\":{\"@id\":\"https:\\\/\\\/gazeta.am\\\/?p=5339#primaryimage\"},\"thumbnailUrl\":\"https:\\\/\\\/gazeta.am\\\/wp-content\\\/uploads\\\/2026\\\/09\\\/3-1.png\",\"datePublished\":\"2026-09-02T18:21:33+00:00\",\"dateModified\":\"2026-09-02T18:21:35+00:00\",\"author\":{\"@id\":\"https:\\\/\\\/gazeta.am\\\/#\\\/schema\\\/person\\\/987709955e760c9a1ebbb44776f8cccc\"},\"breadcrumb\":{\"@id\":\"https:\\\/\\\/gazeta.am\\\/?p=5339#breadcrumb\"},\"inLanguage\":\"ru-RU\",\"potentialAction\":[{\"@type\":\"ReadAction\",\"target\":[\"https:\\\/\\\/gazeta.am\\\/?p=5339\"]}]},{\"@type\":\"ImageObject\",\"inLanguage\":\"ru-RU\",\"@id\":\"https:\\\/\\\/gazeta.am\\\/?p=5339#primaryimage\",\"url\":\"https:\\\/\\\/gazeta.am\\\/wp-content\\\/uploads\\\/2026\\\/09\\\/3-1.png\",\"contentUrl\":\"https:\\\/\\\/gazeta.am\\\/wp-content\\\/uploads\\\/2026\\\/09\\\/3-1.png\",\"width\":782,\"height\":1135},{\"@type\":\"BreadcrumbList\",\"@id\":\"https:\\\/\\\/gazeta.am\\\/?p=5339#breadcrumb\",\"itemListElement\":[{\"@type\":\"ListItem\",\"position\":1,\"name\":\"\u0413\u043b\u0430\u0432\u043d\u0430\u044f \u0441\u0442\u0440\u0430\u043d\u0438\u0446\u0430\",\"item\":\"https:\\\/\\\/gazeta.am\\\/\"},{\"@type\":\"ListItem\",\"position\":2,\"name\":\"Quinze ans apr\u00e8s avoir disparu, mon fr\u00e8re est revenu r\u00e9clamer ses filles\u2026 mais ce que j\u2019ai d\u00e9couvert dans son enveloppe a boulevers\u00e9 toute notre famille\"}]},{\"@type\":\"WebSite\",\"@id\":\"https:\\\/\\\/gazeta.am\\\/#website\",\"url\":\"https:\\\/\\\/gazeta.am\\\/\",\"name\":\"\",\"description\":\"\",\"potentialAction\":[{\"@type\":\"SearchAction\",\"target\":{\"@type\":\"EntryPoint\",\"urlTemplate\":\"https:\\\/\\\/gazeta.am\\\/?s={search_term_string}\"},\"query-input\":{\"@type\":\"PropertyValueSpecification\",\"valueRequired\":true,\"valueName\":\"search_term_string\"}}],\"inLanguage\":\"ru-RU\"},{\"@type\":\"Person\",\"@id\":\"https:\\\/\\\/gazeta.am\\\/#\\\/schema\\\/person\\\/987709955e760c9a1ebbb44776f8cccc\",\"name\":\"admin\",\"image\":{\"@type\":\"ImageObject\",\"inLanguage\":\"ru-RU\",\"@id\":\"https:\\\/\\\/secure.gravatar.com\\\/avatar\\\/a24f4ac3a683f3c87303db525abc00db51ea26ccedee11dfaf1cc0f9a481a5d2?s=96&d=mm&r=g\",\"url\":\"https:\\\/\\\/secure.gravatar.com\\\/avatar\\\/a24f4ac3a683f3c87303db525abc00db51ea26ccedee11dfaf1cc0f9a481a5d2?s=96&d=mm&r=g\",\"contentUrl\":\"https:\\\/\\\/secure.gravatar.com\\\/avatar\\\/a24f4ac3a683f3c87303db525abc00db51ea26ccedee11dfaf1cc0f9a481a5d2?s=96&d=mm&r=g\",\"caption\":\"admin\"},\"sameAs\":[\"http:\\\/\\\/gazeta.am\"],\"url\":\"https:\\\/\\\/gazeta.am\\\/?author=1\"}]}<\/script>\n<!-- \/ Yoast SEO plugin. -->","yoast_head_json":{"title":"Quinze ans apr\u00e8s avoir disparu, mon fr\u00e8re est revenu r\u00e9clamer ses filles\u2026 mais ce que j\u2019ai d\u00e9couvert dans son enveloppe a boulevers\u00e9 toute notre famille -","robots":{"index":"index","follow":"follow","max-snippet":"max-snippet:-1","max-image-preview":"max-image-preview:large","max-video-preview":"max-video-preview:-1"},"canonical":"https:\/\/gazeta.am\/?p=5339","og_locale":"ru_RU","og_type":"article","og_title":"Quinze ans apr\u00e8s avoir disparu, mon fr\u00e8re est revenu r\u00e9clamer ses filles\u2026 mais ce que j\u2019ai d\u00e9couvert dans son enveloppe a boulevers\u00e9 toute notre famille -","og_description":"Il y a quinze ans, j\u2019ai ouvert ma porte \u00e0 trois enfants qui n\u2019auraient jamais d\u00fb avoir \u00e0 apprendre si t\u00f4t ce que","og_url":"https:\/\/gazeta.am\/?p=5339","article_published_time":"2026-09-02T18:21:33+00:00","article_modified_time":"2026-09-02T18:21:35+00:00","og_image":[{"width":782,"height":1135,"url":"https:\/\/gazeta.am\/wp-content\/uploads\/2026\/09\/3-1.png","type":"image\/png"}],"author":"admin","twitter_card":"summary_large_image","twitter_misc":{"\u041d\u0430\u043f\u0438\u0441\u0430\u043d\u043e \u0430\u0432\u0442\u043e\u0440\u043e\u043c":"admin","\u041f\u0440\u0438\u043c\u0435\u0440\u043d\u043e\u0435 \u0432\u0440\u0435\u043c\u044f \u0434\u043b\u044f \u0447\u0442\u0435\u043d\u0438\u044f":"14 \u043c\u0438\u043d\u0443\u0442"},"schema":{"@context":"https:\/\/schema.org","@graph":[{"@type":"Article","@id":"https:\/\/gazeta.am\/?p=5339#article","isPartOf":{"@id":"https:\/\/gazeta.am\/?p=5339"},"author":{"name":"admin","@id":"https:\/\/gazeta.am\/#\/schema\/person\/987709955e760c9a1ebbb44776f8cccc"},"headline":"Quinze ans apr\u00e8s avoir disparu, mon fr\u00e8re est revenu r\u00e9clamer ses filles\u2026 mais ce que j\u2019ai d\u00e9couvert dans son enveloppe a boulevers\u00e9 toute notre famille","datePublished":"2026-09-02T18:21:33+00:00","dateModified":"2026-09-02T18:21:35+00:00","mainEntityOfPage":{"@id":"https:\/\/gazeta.am\/?p=5339"},"wordCount":2740,"commentCount":0,"image":{"@id":"https:\/\/gazeta.am\/?p=5339#primaryimage"},"thumbnailUrl":"https:\/\/gazeta.am\/wp-content\/uploads\/2026\/09\/3-1.png","articleSection":["NEWS"],"inLanguage":"ru-RU","potentialAction":[{"@type":"CommentAction","name":"Comment","target":["https:\/\/gazeta.am\/?p=5339#respond"]}]},{"@type":"WebPage","@id":"https:\/\/gazeta.am\/?p=5339","url":"https:\/\/gazeta.am\/?p=5339","name":"Quinze ans apr\u00e8s avoir disparu, mon fr\u00e8re est revenu r\u00e9clamer ses filles\u2026 mais ce que j\u2019ai d\u00e9couvert dans son enveloppe a boulevers\u00e9 toute notre famille -","isPartOf":{"@id":"https:\/\/gazeta.am\/#website"},"primaryImageOfPage":{"@id":"https:\/\/gazeta.am\/?p=5339#primaryimage"},"image":{"@id":"https:\/\/gazeta.am\/?p=5339#primaryimage"},"thumbnailUrl":"https:\/\/gazeta.am\/wp-content\/uploads\/2026\/09\/3-1.png","datePublished":"2026-09-02T18:21:33+00:00","dateModified":"2026-09-02T18:21:35+00:00","author":{"@id":"https:\/\/gazeta.am\/#\/schema\/person\/987709955e760c9a1ebbb44776f8cccc"},"breadcrumb":{"@id":"https:\/\/gazeta.am\/?p=5339#breadcrumb"},"inLanguage":"ru-RU","potentialAction":[{"@type":"ReadAction","target":["https:\/\/gazeta.am\/?p=5339"]}]},{"@type":"ImageObject","inLanguage":"ru-RU","@id":"https:\/\/gazeta.am\/?p=5339#primaryimage","url":"https:\/\/gazeta.am\/wp-content\/uploads\/2026\/09\/3-1.png","contentUrl":"https:\/\/gazeta.am\/wp-content\/uploads\/2026\/09\/3-1.png","width":782,"height":1135},{"@type":"BreadcrumbList","@id":"https:\/\/gazeta.am\/?p=5339#breadcrumb","itemListElement":[{"@type":"ListItem","position":1,"name":"\u0413\u043b\u0430\u0432\u043d\u0430\u044f \u0441\u0442\u0440\u0430\u043d\u0438\u0446\u0430","item":"https:\/\/gazeta.am\/"},{"@type":"ListItem","position":2,"name":"Quinze ans apr\u00e8s avoir disparu, mon fr\u00e8re est revenu r\u00e9clamer ses filles\u2026 mais ce que j\u2019ai d\u00e9couvert dans son enveloppe a boulevers\u00e9 toute notre famille"}]},{"@type":"WebSite","@id":"https:\/\/gazeta.am\/#website","url":"https:\/\/gazeta.am\/","name":"","description":"","potentialAction":[{"@type":"SearchAction","target":{"@type":"EntryPoint","urlTemplate":"https:\/\/gazeta.am\/?s={search_term_string}"},"query-input":{"@type":"PropertyValueSpecification","valueRequired":true,"valueName":"search_term_string"}}],"inLanguage":"ru-RU"},{"@type":"Person","@id":"https:\/\/gazeta.am\/#\/schema\/person\/987709955e760c9a1ebbb44776f8cccc","name":"admin","image":{"@type":"ImageObject","inLanguage":"ru-RU","@id":"https:\/\/secure.gravatar.com\/avatar\/a24f4ac3a683f3c87303db525abc00db51ea26ccedee11dfaf1cc0f9a481a5d2?s=96&d=mm&r=g","url":"https:\/\/secure.gravatar.com\/avatar\/a24f4ac3a683f3c87303db525abc00db51ea26ccedee11dfaf1cc0f9a481a5d2?s=96&d=mm&r=g","contentUrl":"https:\/\/secure.gravatar.com\/avatar\/a24f4ac3a683f3c87303db525abc00db51ea26ccedee11dfaf1cc0f9a481a5d2?s=96&d=mm&r=g","caption":"admin"},"sameAs":["http:\/\/gazeta.am"],"url":"https:\/\/gazeta.am\/?author=1"}]}},"_links":{"self":[{"href":"https:\/\/gazeta.am\/index.php?rest_route=\/wp\/v2\/posts\/5339","targetHints":{"allow":["GET"]}}],"collection":[{"href":"https:\/\/gazeta.am\/index.php?rest_route=\/wp\/v2\/posts"}],"about":[{"href":"https:\/\/gazeta.am\/index.php?rest_route=\/wp\/v2\/types\/post"}],"author":[{"embeddable":true,"href":"https:\/\/gazeta.am\/index.php?rest_route=\/wp\/v2\/users\/1"}],"replies":[{"embeddable":true,"href":"https:\/\/gazeta.am\/index.php?rest_route=%2Fwp%2Fv2%2Fcomments&post=5339"}],"version-history":[{"count":1,"href":"https:\/\/gazeta.am\/index.php?rest_route=\/wp\/v2\/posts\/5339\/revisions"}],"predecessor-version":[{"id":5341,"href":"https:\/\/gazeta.am\/index.php?rest_route=\/wp\/v2\/posts\/5339\/revisions\/5341"}],"wp:featuredmedia":[{"embeddable":true,"href":"https:\/\/gazeta.am\/index.php?rest_route=\/wp\/v2\/media\/5340"}],"wp:attachment":[{"href":"https:\/\/gazeta.am\/index.php?rest_route=%2Fwp%2Fv2%2Fmedia&parent=5339"}],"wp:term":[{"taxonomy":"category","embeddable":true,"href":"https:\/\/gazeta.am\/index.php?rest_route=%2Fwp%2Fv2%2Fcategories&post=5339"},{"taxonomy":"post_tag","embeddable":true,"href":"https:\/\/gazeta.am\/index.php?rest_route=%2Fwp%2Fv2%2Ftags&post=5339"}],"curies":[{"name":"wp","href":"https:\/\/api.w.org\/{rel}","templated":true}]}}