{"id":5302,"date":"2026-08-31T20:07:10","date_gmt":"2026-08-31T17:07:10","guid":{"rendered":"https:\/\/gazeta.am\/?p=5302"},"modified":"2026-08-31T20:07:11","modified_gmt":"2026-08-31T17:07:11","slug":"apres-11-ans-le-chien-que-tout-le-monde-croyait-avoir-oublie-son-maitre-fit-quelque-chose-qui-bouleversa-toute-la-prison","status":"publish","type":"post","link":"https:\/\/gazeta.am\/?p=5302","title":{"rendered":"Apr\u00e8s 11 ans, le chien que tout le monde croyait avoir oubli\u00e9 son ma\u00eetre fit quelque chose qui bouleversa toute la prison"},"content":{"rendered":"\n<p class=\"wp-block-paragraph\">Pendant onze ans, Antoine Morel avait appris \u00e0 ne plus attendre personne.<\/p>\n\n\n\n<p class=\"wp-block-paragraph\">Ni lettre.<\/p>\n\n\n\n<p class=\"wp-block-paragraph\">Ni visite.<\/p>\n\n\n\n<p class=\"wp-block-paragraph\">Ni pardon.<\/p>\n\n\n\n<p class=\"wp-block-paragraph\">Chaque matin, \u00e0 six heures pr\u00e9cises, une porte m\u00e9tallique claquait dans le couloir de la prison. Les surveillants passaient devant les cellules. Les d\u00e9tenus se levaient. Une nouvelle journ\u00e9e commen\u00e7ait, identique \u00e0 la pr\u00e9c\u00e9dente.<\/p>\n\n\n\n<p class=\"wp-block-paragraph\">Antoine avait cess\u00e9 de compter les jours depuis longtemps.<\/p>\n\n\n\n<p class=\"wp-block-paragraph\">Il comptait seulement les ann\u00e9es.<\/p>\n\n\n\n<p class=\"wp-block-paragraph\">Onze.<\/p>\n\n\n\n<p class=\"wp-block-paragraph\">Onze ann\u00e9es derri\u00e8re des murs gris pour un crime qu\u2019il jurait ne pas avoir commis.<\/p>\n\n\n\n<p class=\"wp-block-paragraph\">Au d\u00e9but, il s\u2019\u00e9tait battu.<\/p>\n\n\n\n<p class=\"wp-block-paragraph\">Il avait \u00e9crit des dizaines de lettres aux tribunaux. Il avait demand\u00e9 de nouvelles expertises. Il avait envoy\u00e9 des courriers \u00e0 des journalistes. Il avait suppli\u00e9 son ancien avocat de reprendre son dossier.<\/p>\n\n\n\n<p class=\"wp-block-paragraph\">Mais le temps avait fini par d\u00e9vorer son espoir.<\/p>\n\n\n\n<p class=\"wp-block-paragraph\">Puis un matin, Antoine avait compris qu\u2019il ne pouvait plus vivre dans l\u2019attente d\u2019une justice qui ne venait pas.<\/p>\n\n\n\n<p class=\"wp-block-paragraph\">Il avait donc fait quelque chose de beaucoup plus difficile.<\/p>\n\n\n\n<p class=\"wp-block-paragraph\">Il avait appris \u00e0 survivre sans esp\u00e9rer.<\/p>\n\n\n\n<p class=\"wp-block-paragraph\">Pourtant, dans cette existence faite de b\u00e9ton, de portes verrouill\u00e9es et de silence, une seule pens\u00e9e \u00e9tait rest\u00e9e intacte.<\/p>\n\n\n\n<p class=\"wp-block-paragraph\">Un chien.<\/p>\n\n\n\n<p class=\"wp-block-paragraph\">Un grand berger allemand nomm\u00e9 Vasco.<\/p>\n\n\n\n<figure class=\"wp-block-image size-full\"><img loading=\"lazy\" decoding=\"async\" width=\"600\" height=\"1010\" src=\"https:\/\/gazeta.am\/wp-content\/uploads\/2026\/08\/2-6.png\" alt=\"\" class=\"wp-image-5303\" srcset=\"https:\/\/gazeta.am\/wp-content\/uploads\/2026\/08\/2-6.png 600w, https:\/\/gazeta.am\/wp-content\/uploads\/2026\/08\/2-6-178x300.png 178w\" sizes=\"auto, (max-width: 600px) 100vw, 600px\" \/><\/figure>\n\n\n\n<hr class=\"wp-block-separator has-alpha-channel-opacity\"\/>\n\n\n\n<p class=\"wp-block-paragraph\">Antoine avait trouv\u00e9 Vasco onze ans plus t\u00f4t, alors qu\u2019il n\u2019\u00e9tait encore qu\u2019un chiot.<\/p>\n\n\n\n<p class=\"wp-block-paragraph\">C\u2019\u00e9tait un soir d\u2019hiver.<\/p>\n\n\n\n<p class=\"wp-block-paragraph\">Il pleuvait.<\/p>\n\n\n\n<p class=\"wp-block-paragraph\">Antoine rentrait chez lui lorsqu\u2019il entendit un faible g\u00e9missement derri\u00e8re une benne \u00e0 ordures.<\/p>\n\n\n\n<p class=\"wp-block-paragraph\">Il s\u2019arr\u00eata.<\/p>\n\n\n\n<p class=\"wp-block-paragraph\">\u2014 O\u00f9 es-tu ?<\/p>\n\n\n\n<p class=\"wp-block-paragraph\">Deux yeux apparurent dans l\u2019obscurit\u00e9.<\/p>\n\n\n\n<p class=\"wp-block-paragraph\">Un petit berger allemand tremblait sous une vieille couverture.<\/p>\n\n\n\n<p class=\"wp-block-paragraph\">Il \u00e9tait maigre, sale et terrifi\u00e9.<\/p>\n\n\n\n<p class=\"wp-block-paragraph\">Antoine s\u2019\u00e9tait accroupi.<\/p>\n\n\n\n<p class=\"wp-block-paragraph\">\u2014 Tu n\u2019as personne, toi non plus ?<\/p>\n\n\n\n<p class=\"wp-block-paragraph\">Le chiot avait avanc\u00e9 d\u2019un pas.<\/p>\n\n\n\n<p class=\"wp-block-paragraph\">Puis deux.<\/p>\n\n\n\n<p class=\"wp-block-paragraph\">Antoine avait retir\u00e9 son manteau et l\u2019avait envelopp\u00e9 dedans.<\/p>\n\n\n\n<p class=\"wp-block-paragraph\">Ce soir-l\u00e0, il l\u2019avait ramen\u00e9 chez lui.<\/p>\n\n\n\n<p class=\"wp-block-paragraph\">Il n\u2019avait jamais imagin\u00e9 que cette petite boule de poils deviendrait la relation la plus importante de toute son existence.<\/p>\n\n\n\n<p class=\"wp-block-paragraph\">Vasco dormait au pied de son lit.<\/p>\n\n\n\n<p class=\"wp-block-paragraph\">Il l\u2019attendait devant la porte.<\/p>\n\n\n\n<p class=\"wp-block-paragraph\">Il l\u2019accompagnait courir au bord de la rivi\u00e8re.<\/p>\n\n\n\n<p class=\"wp-block-paragraph\">Quand Antoine \u00e9tait triste, le chien posait simplement sa t\u00eate sur ses genoux.<\/p>\n\n\n\n<p class=\"wp-block-paragraph\">Il n\u2019avait jamais pos\u00e9 de questions.<\/p>\n\n\n\n<p class=\"wp-block-paragraph\">Jamais demand\u00e9 d\u2019explications.<\/p>\n\n\n\n<p class=\"wp-block-paragraph\">Jamais dout\u00e9 de lui.<\/p>\n\n\n\n<p class=\"wp-block-paragraph\">Puis, un matin, la police \u00e9tait venue.<\/p>\n\n\n\n<p class=\"wp-block-paragraph\">Antoine avait \u00e9t\u00e9 arr\u00eat\u00e9.<\/p>\n\n\n\n<p class=\"wp-block-paragraph\">Accus\u00e9 d\u2019avoir particip\u00e9 au braquage d\u2019une bijouterie qui avait mal tourn\u00e9.<\/p>\n\n\n\n<p class=\"wp-block-paragraph\">Il avait toujours affirm\u00e9 son innocence.<\/p>\n\n\n\n<p class=\"wp-block-paragraph\">Mais les preuves semblaient accablantes.<\/p>\n\n\n\n<p class=\"wp-block-paragraph\">Une cam\u00e9ra.<\/p>\n\n\n\n<p class=\"wp-block-paragraph\">Un v\u00e9hicule.<\/p>\n\n\n\n<p class=\"wp-block-paragraph\">Des t\u00e9moignages.<\/p>\n\n\n\n<p class=\"wp-block-paragraph\">Et surtout, une empreinte retrouv\u00e9e sur un objet abandonn\u00e9 pr\u00e8s de la sc\u00e8ne du crime.<\/p>\n\n\n\n<p class=\"wp-block-paragraph\">Antoine avait \u00e9t\u00e9 condamn\u00e9.<\/p>\n\n\n\n<p class=\"wp-block-paragraph\">Vasco avait \u00e9t\u00e9 confi\u00e9 \u00e0 une association.<\/p>\n\n\n\n<p class=\"wp-block-paragraph\">Antoine pensait ne jamais le revoir.<\/p>\n\n\n\n<hr class=\"wp-block-separator has-alpha-channel-opacity\"\/>\n\n\n\n<p class=\"wp-block-paragraph\">Les ann\u00e9es pass\u00e8rent.<\/p>\n\n\n\n<p class=\"wp-block-paragraph\">Antoine vieillissait.<\/p>\n\n\n\n<p class=\"wp-block-paragraph\">Ses cheveux devenaient gris.<\/p>\n\n\n\n<p class=\"wp-block-paragraph\">Ses mains tremblaient parfois.<\/p>\n\n\n\n<p class=\"wp-block-paragraph\">Ses r\u00eaves \u00e9taient devenus rares.<\/p>\n\n\n\n<p class=\"wp-block-paragraph\">Mais chaque fois qu\u2019il fermait les yeux, il revoyait Vasco.<\/p>\n\n\n\n<p class=\"wp-block-paragraph\">Le chien courant dans le jardin.<\/p>\n\n\n\n<p class=\"wp-block-paragraph\">Le chien attendant derri\u00e8re la porte.<\/p>\n\n\n\n<p class=\"wp-block-paragraph\">Le chien posant sa t\u00eate sur son \u00e9paule.<\/p>\n\n\n\n<p class=\"wp-block-paragraph\">Un soir, Antoine re\u00e7ut une enveloppe.<\/p>\n\n\n\n<p class=\"wp-block-paragraph\">Il reconnut imm\u00e9diatement le logo d\u2019un refuge pour animaux.<\/p>\n\n\n\n<p class=\"wp-block-paragraph\">Son c\u0153ur se mit \u00e0 battre plus vite.<\/p>\n\n\n\n<p class=\"wp-block-paragraph\">Il ouvrit la lettre.<\/p>\n\n\n\n<p class=\"wp-block-paragraph\">\u00ab Monsieur Morel,<\/p>\n\n\n\n<p class=\"wp-block-paragraph\">Nous avons retrouv\u00e9 Vasco.<\/p>\n\n\n\n<p class=\"wp-block-paragraph\">Il est toujours vivant. \u00bb<\/p>\n\n\n\n<p class=\"wp-block-paragraph\">Antoine resta immobile.<\/p>\n\n\n\n<p class=\"wp-block-paragraph\">Il relut la phrase.<\/p>\n\n\n\n<p class=\"wp-block-paragraph\">Encore.<\/p>\n\n\n\n<p class=\"wp-block-paragraph\">Puis encore.<\/p>\n\n\n\n<p class=\"wp-block-paragraph\">Vasco \u00e9tait vivant.<\/p>\n\n\n\n<p class=\"wp-block-paragraph\">Onze ans apr\u00e8s leur s\u00e9paration.<\/p>\n\n\n\n<p class=\"wp-block-paragraph\">Il avait \u00e9t\u00e9 adopt\u00e9 par une famille \u00e2g\u00e9e qui vivait \u00e0 plusieurs centaines de kilom\u00e8tres de la prison.<\/p>\n\n\n\n<p class=\"wp-block-paragraph\">La famille avait r\u00e9cemment contact\u00e9 une association parce que Vasco vieillissait et que ses propri\u00e9taires n\u2019\u00e9taient plus capables de s\u2019occuper de lui.<\/p>\n\n\n\n<p class=\"wp-block-paragraph\">Un v\u00e9t\u00e9rinaire avait v\u00e9rifi\u00e9 son ancienne puce \u00e9lectronique.<\/p>\n\n\n\n<p class=\"wp-block-paragraph\">Et son nom \u00e9tait apparu.<\/p>\n\n\n\n<p class=\"wp-block-paragraph\">Vasco.<\/p>\n\n\n\n<p class=\"wp-block-paragraph\">Antoine Morel.<\/p>\n\n\n\n<p class=\"wp-block-paragraph\">Le d\u00e9tenu.<\/p>\n\n\n\n<p class=\"wp-block-paragraph\">Pendant quelques minutes, Antoine ne bougea plus.<\/p>\n\n\n\n<p class=\"wp-block-paragraph\">Puis il se mit \u00e0 pleurer.<\/p>\n\n\n\n<p class=\"wp-block-paragraph\">Pas comme un homme enferm\u00e9 depuis onze ans.<\/p>\n\n\n\n<p class=\"wp-block-paragraph\">Comme un enfant qui venait de retrouver la derni\u00e8re chose qu\u2019il croyait perdue.<\/p>\n\n\n\n<hr class=\"wp-block-separator has-alpha-channel-opacity\"\/>\n\n\n\n<p class=\"wp-block-paragraph\">Deux semaines plus tard, le directeur de la prison entra dans sa cellule.<\/p>\n\n\n\n<p class=\"wp-block-paragraph\">Il tenait une feuille.<\/p>\n\n\n\n<p class=\"wp-block-paragraph\">\u2014 Morel.<\/p>\n\n\n\n<p class=\"wp-block-paragraph\">Antoine se leva.<\/p>\n\n\n\n<p class=\"wp-block-paragraph\">\u2014 Oui ?<\/p>\n\n\n\n<p class=\"wp-block-paragraph\">\u2014 J\u2019ai quelque chose pour vous.<\/p>\n\n\n\n<p class=\"wp-block-paragraph\">Il lui tendit le document.<\/p>\n\n\n\n<p class=\"wp-block-paragraph\">Antoine lut.<\/p>\n\n\n\n<p class=\"wp-block-paragraph\">Il s\u2019agissait d\u2019une autorisation exceptionnelle de visite.<\/p>\n\n\n\n<p class=\"wp-block-paragraph\">Mais pas une visite ordinaire.<\/p>\n\n\n\n<p class=\"wp-block-paragraph\">Vasco allait venir.<\/p>\n\n\n\n<p class=\"wp-block-paragraph\">Le directeur resta silencieux quelques secondes.<\/p>\n\n\n\n<p class=\"wp-block-paragraph\">\u2014 Je pr\u00e9f\u00e8re vous pr\u00e9venir. Le chien est \u00e2g\u00e9 maintenant.<\/p>\n\n\n\n<p class=\"wp-block-paragraph\">Antoine baissa les yeux.<\/p>\n\n\n\n<p class=\"wp-block-paragraph\">\u2014 Quel \u00e2ge ?<\/p>\n\n\n\n<p class=\"wp-block-paragraph\">\u2014 Douze ans.<\/p>\n\n\n\n<p class=\"wp-block-paragraph\">Le visage d\u2019Antoine se d\u00e9composa.<\/p>\n\n\n\n<p class=\"wp-block-paragraph\">Douze ans.<\/p>\n\n\n\n<p class=\"wp-block-paragraph\">Presque toute une vie de chien.<\/p>\n\n\n\n<p class=\"wp-block-paragraph\">\u2014 Il est malade ?<\/p>\n\n\n\n<p class=\"wp-block-paragraph\">\u2014 Le v\u00e9t\u00e9rinaire dit qu\u2019il est fragile.<\/p>\n\n\n\n<p class=\"wp-block-paragraph\">Antoine serra la feuille contre sa poitrine.<\/p>\n\n\n\n<p class=\"wp-block-paragraph\">\u2014 Alors faites-le venir.<\/p>\n\n\n\n<p class=\"wp-block-paragraph\">Le directeur hocha la t\u00eate.<\/p>\n\n\n\n<p class=\"wp-block-paragraph\">\u2014 Ce sera demain matin.<\/p>\n\n\n\n<p class=\"wp-block-paragraph\">Antoine passa toute la nuit \u00e9veill\u00e9.<\/p>\n\n\n\n<p class=\"wp-block-paragraph\">Il imagina mille sc\u00e9narios.<\/p>\n\n\n\n<p class=\"wp-block-paragraph\">Et si Vasco ne le reconnaissait pas ?<\/p>\n\n\n\n<p class=\"wp-block-paragraph\">Et s\u2019il avait oubli\u00e9 son odeur ?<\/p>\n\n\n\n<p class=\"wp-block-paragraph\">Et si, pour lui, Antoine n\u2019\u00e9tait plus qu\u2019un souvenir effac\u00e9 ?<\/p>\n\n\n\n<p class=\"wp-block-paragraph\">Cette id\u00e9e lui faisait plus mal que tout le reste.<\/p>\n\n\n\n<hr class=\"wp-block-separator has-alpha-channel-opacity\"\/>\n\n\n\n<p class=\"wp-block-paragraph\">Le lendemain matin, la cour int\u00e9rieure de la prison fut exceptionnellement ferm\u00e9e.<\/p>\n\n\n\n<p class=\"wp-block-paragraph\">Deux surveillants se tenaient pr\u00e8s de la porte.<\/p>\n\n\n\n<p class=\"wp-block-paragraph\">Une voiture entra.<\/p>\n\n\n\n<p class=\"wp-block-paragraph\">Antoine attendait \u00e0 quelques m\u00e8tres.<\/p>\n\n\n\n<p class=\"wp-block-paragraph\">Il avait les mains derri\u00e8re le dos pour emp\u00eacher qu\u2019on voie qu\u2019elles tremblaient.<\/p>\n\n\n\n<p class=\"wp-block-paragraph\">La porti\u00e8re s\u2019ouvrit.<\/p>\n\n\n\n<p class=\"wp-block-paragraph\">Un vieux berger allemand descendit lentement.<\/p>\n\n\n\n<p class=\"wp-block-paragraph\">Son pelage \u00e9tait devenu presque enti\u00e8rement gris autour du museau.<\/p>\n\n\n\n<p class=\"wp-block-paragraph\">Il marchait avec difficult\u00e9.<\/p>\n\n\n\n<p class=\"wp-block-paragraph\">Antoine sentit quelque chose se briser dans sa poitrine.<\/p>\n\n\n\n<p class=\"wp-block-paragraph\">\u2014 Vasco\u2026<\/p>\n\n\n\n<p class=\"wp-block-paragraph\">Le chien s\u2019arr\u00eata.<\/p>\n\n\n\n<p class=\"wp-block-paragraph\">Il leva la t\u00eate.<\/p>\n\n\n\n<p class=\"wp-block-paragraph\">Pendant quelques secondes, il ne se passa rien.<\/p>\n\n\n\n<p class=\"wp-block-paragraph\">Antoine n\u2019osait plus respirer.<\/p>\n\n\n\n<p class=\"wp-block-paragraph\">Vasco regardait autour de lui.<\/p>\n\n\n\n<p class=\"wp-block-paragraph\">Puis il regarda Antoine.<\/p>\n\n\n\n<p class=\"wp-block-paragraph\">Le chien fit un pas.<\/p>\n\n\n\n<p class=\"wp-block-paragraph\">S\u2019arr\u00eata.<\/p>\n\n\n\n<p class=\"wp-block-paragraph\">Renifla l\u2019air.<\/p>\n\n\n\n<p class=\"wp-block-paragraph\">Puis, soudain, ses oreilles se dress\u00e8rent.<\/p>\n\n\n\n<p class=\"wp-block-paragraph\">Il g\u00e9mit.<\/p>\n\n\n\n<p class=\"wp-block-paragraph\">Un son faible.<\/p>\n\n\n\n<p class=\"wp-block-paragraph\">Presque humain.<\/p>\n\n\n\n<p class=\"wp-block-paragraph\">Antoine porta une main \u00e0 sa bouche.<\/p>\n\n\n\n<p class=\"wp-block-paragraph\">\u2014 C\u2019est moi\u2026<\/p>\n\n\n\n<p class=\"wp-block-paragraph\">Vasco avan\u00e7a.<\/p>\n\n\n\n<p class=\"wp-block-paragraph\">Puis plus vite.<\/p>\n\n\n\n<p class=\"wp-block-paragraph\">Et tout \u00e0 coup, malgr\u00e9 son \u00e2ge et ses pattes douloureuses, il se mit \u00e0 courir.<\/p>\n\n\n\n<p class=\"wp-block-paragraph\">Antoine tomba \u00e0 genoux.<\/p>\n\n\n\n<p class=\"wp-block-paragraph\">Le chien se jeta contre lui.<\/p>\n\n\n\n<p class=\"wp-block-paragraph\">Le vieil homme referma imm\u00e9diatement ses bras autour de son cou.<\/p>\n\n\n\n<p class=\"wp-block-paragraph\">Il enfouit son visage dans son pelage.<\/p>\n\n\n\n<p class=\"wp-block-paragraph\">\u2014 Mon gar\u00e7on\u2026<\/p>\n\n\n\n<p class=\"wp-block-paragraph\">Vasco g\u00e9missait.<\/p>\n\n\n\n<p class=\"wp-block-paragraph\">Il l\u00e9chait son visage.<\/p>\n\n\n\n<p class=\"wp-block-paragraph\">Il poussait son museau contre sa poitrine.<\/p>\n\n\n\n<p class=\"wp-block-paragraph\">Comme s\u2019il voulait v\u00e9rifier que l\u2019homme \u00e9tait vraiment l\u00e0.<\/p>\n\n\n\n<p class=\"wp-block-paragraph\">Les deux surveillants d\u00e9tournaient les yeux.<\/p>\n\n\n\n<p class=\"wp-block-paragraph\">M\u00eame le directeur de la prison essuya discr\u00e8tement une larme.<\/p>\n\n\n\n<p class=\"wp-block-paragraph\">Antoine pleurait sans retenue.<\/p>\n\n\n\n<p class=\"wp-block-paragraph\">\u2014 Tu m\u2019as reconnu\u2026<\/p>\n\n\n\n<p class=\"wp-block-paragraph\">Le chien posa sa t\u00eate contre son \u00e9paule.<\/p>\n\n\n\n<p class=\"wp-block-paragraph\">\u2014 Tu m\u2019as attendu ?<\/p>\n\n\n\n<p class=\"wp-block-paragraph\">Vasco remua doucement la queue.<\/p>\n\n\n\n<p class=\"wp-block-paragraph\">Antoine \u00e9clata en sanglots.<\/p>\n\n\n\n<p class=\"wp-block-paragraph\">\u2014 Pardonne-moi.<\/p>\n\n\n\n<p class=\"wp-block-paragraph\">Il le serra encore plus fort.<\/p>\n\n\n\n<p class=\"wp-block-paragraph\">\u2014 Pardonne-moi de ne pas \u00eatre revenu.<\/p>\n\n\n\n<hr class=\"wp-block-separator has-alpha-channel-opacity\"\/>\n\n\n\n<p class=\"wp-block-paragraph\">Mais au moment o\u00f9 la rencontre semblait toucher \u00e0 sa fin, quelque chose d\u2019\u00e9trange se produisit.<\/p>\n\n\n\n<p class=\"wp-block-paragraph\">Vasco se redressa.<\/p>\n\n\n\n<p class=\"wp-block-paragraph\">Il fixa Antoine.<\/p>\n\n\n\n<p class=\"wp-block-paragraph\">Puis il tourna la t\u00eate vers un surveillant.<\/p>\n\n\n\n<p class=\"wp-block-paragraph\">Il grogna.<\/p>\n\n\n\n<p class=\"wp-block-paragraph\">Un grondement profond.<\/p>\n\n\n\n<p class=\"wp-block-paragraph\">Le surveillant recula.<\/p>\n\n\n\n<p class=\"wp-block-paragraph\">\u2014 Qu\u2019est-ce qui lui prend ?<\/p>\n\n\n\n<p class=\"wp-block-paragraph\">Antoine regarda son chien.<\/p>\n\n\n\n<p class=\"wp-block-paragraph\">\u2014 Vasco ?<\/p>\n\n\n\n<p class=\"wp-block-paragraph\">Le chien se dirigea vers la porte.<\/p>\n\n\n\n<p class=\"wp-block-paragraph\">Puis revint vers Antoine.<\/p>\n\n\n\n<p class=\"wp-block-paragraph\">Il recommen\u00e7a.<\/p>\n\n\n\n<p class=\"wp-block-paragraph\">Encore.<\/p>\n\n\n\n<p class=\"wp-block-paragraph\">Il semblait vouloir attirer l\u2019attention.<\/p>\n\n\n\n<p class=\"wp-block-paragraph\">Le directeur fron\u00e7a les sourcils.<\/p>\n\n\n\n<p class=\"wp-block-paragraph\">\u2014 Quelqu\u2019un peut-il faire venir le v\u00e9t\u00e9rinaire ?<\/p>\n\n\n\n<p class=\"wp-block-paragraph\">Quelques minutes plus tard, le v\u00e9t\u00e9rinaire arriva.<\/p>\n\n\n\n<p class=\"wp-block-paragraph\">Vasco renifla les v\u00eatements d\u2019Antoine.<\/p>\n\n\n\n<p class=\"wp-block-paragraph\">Puis il s\u2019arr\u00eata devant sa veste.<\/p>\n\n\n\n<p class=\"wp-block-paragraph\">Il commen\u00e7a \u00e0 gratter le tissu avec sa patte.<\/p>\n\n\n\n<p class=\"wp-block-paragraph\">Antoine regarda la poche int\u00e9rieure.<\/p>\n\n\n\n<p class=\"wp-block-paragraph\">\u2014 Il y a quelque chose l\u00e0-dedans.<\/p>\n\n\n\n<p class=\"wp-block-paragraph\">Le directeur demanda :<\/p>\n\n\n\n<p class=\"wp-block-paragraph\">\u2014 Quoi ?<\/p>\n\n\n\n<p class=\"wp-block-paragraph\">Antoine fouilla sa veste.<\/p>\n\n\n\n<p class=\"wp-block-paragraph\">Il sortit une vieille photo.<\/p>\n\n\n\n<p class=\"wp-block-paragraph\">C\u2019\u00e9tait une photographie prise quelques semaines avant son arrestation.<\/p>\n\n\n\n<p class=\"wp-block-paragraph\">Antoine et Vasco \u00e9taient assis au bord d\u2019une rivi\u00e8re.<\/p>\n\n\n\n<p class=\"wp-block-paragraph\">Mais derri\u00e8re eux apparaissait une voiture.<\/p>\n\n\n\n<p class=\"wp-block-paragraph\">Une voiture qu\u2019Antoine n\u2019avait jamais remarqu\u00e9e.<\/p>\n\n\n\n<p class=\"wp-block-paragraph\">Le v\u00e9t\u00e9rinaire prit la photo.<\/p>\n\n\n\n<p class=\"wp-block-paragraph\">\u2014 Pourquoi ce chien r\u00e9agit-il comme \u00e7a ?<\/p>\n\n\n\n<p class=\"wp-block-paragraph\">Antoine regarda l&#8217;image.<\/p>\n\n\n\n<p class=\"wp-block-paragraph\">Puis son visage changea.<\/p>\n\n\n\n<p class=\"wp-block-paragraph\">Il reconnut la voiture.<\/p>\n\n\n\n<p class=\"wp-block-paragraph\">C\u2019\u00e9tait le m\u00eame mod\u00e8le que celui utilis\u00e9 lors du braquage.<\/p>\n\n\n\n<hr class=\"wp-block-separator has-alpha-channel-opacity\"\/>\n\n\n\n<p class=\"wp-block-paragraph\">Cette d\u00e9couverte aurait pu n\u2019\u00eatre qu\u2019une co\u00efncidence.<\/p>\n\n\n\n<p class=\"wp-block-paragraph\">Mais le directeur demanda qu\u2019on examine le dossier original.<\/p>\n\n\n\n<p class=\"wp-block-paragraph\">Et quelque chose apparut.<\/p>\n\n\n\n<p class=\"wp-block-paragraph\">Dans le rapport de police de l\u2019\u00e9poque, la plaque du v\u00e9hicule avait \u00e9t\u00e9 relev\u00e9e.<\/p>\n\n\n\n<p class=\"wp-block-paragraph\">Elle appartenait \u00e0 une voiture vol\u00e9e.<\/p>\n\n\n\n<p class=\"wp-block-paragraph\">Mais dans la photographie d\u2019Antoine, on distinguait suffisamment certains chiffres pour identifier une autre plaque.<\/p>\n\n\n\n<p class=\"wp-block-paragraph\">Une plaque qui appartenait \u00e0 un v\u00e9hicule enregistr\u00e9 au nom d\u2019un homme.<\/p>\n\n\n\n<p class=\"wp-block-paragraph\">Un homme que personne n\u2019avait soup\u00e7onn\u00e9.<\/p>\n\n\n\n<p class=\"wp-block-paragraph\">L&#8217;ancien associ\u00e9 d\u2019Antoine.<\/p>\n\n\n\n<p class=\"wp-block-paragraph\">Un homme qui avait t\u00e9moign\u00e9 contre lui.<\/p>\n\n\n\n<p class=\"wp-block-paragraph\">Antoine sentit ses jambes se d\u00e9rober.<\/p>\n\n\n\n<p class=\"wp-block-paragraph\">\u2014 C\u2019est impossible\u2026<\/p>\n\n\n\n<p class=\"wp-block-paragraph\">Le directeur resta silencieux.<\/p>\n\n\n\n<p class=\"wp-block-paragraph\">Puis il demanda :<\/p>\n\n\n\n<p class=\"wp-block-paragraph\">\u2014 Pourquoi votre ancien associ\u00e9 aurait-il \u00e9t\u00e9 pr\u00e8s de chez vous ?<\/p>\n\n\n\n<p class=\"wp-block-paragraph\">Antoine secoua la t\u00eate.<\/p>\n\n\n\n<p class=\"wp-block-paragraph\">\u2014 Je ne sais pas.<\/p>\n\n\n\n<p class=\"wp-block-paragraph\">Mais Vasco, lui, semblait savoir.<\/p>\n\n\n\n<hr class=\"wp-block-separator has-alpha-channel-opacity\"\/>\n\n\n\n<p class=\"wp-block-paragraph\">Une nouvelle enqu\u00eate fut ouverte.<\/p>\n\n\n\n<p class=\"wp-block-paragraph\">Les policiers retrouv\u00e8rent d\u2019anciens dossiers.<\/p>\n\n\n\n<p class=\"wp-block-paragraph\">Des t\u00e9moignages furent r\u00e9examin\u00e9s.<\/p>\n\n\n\n<p class=\"wp-block-paragraph\">Et surtout, une vid\u00e9o provenant d&#8217;une cam\u00e9ra priv\u00e9e, jamais vers\u00e9e correctement au dossier judiciaire, fut retrouv\u00e9e dans les archives d\u2019une soci\u00e9t\u00e9 de s\u00e9curit\u00e9.<\/p>\n\n\n\n<p class=\"wp-block-paragraph\">Sur cette vid\u00e9o, on voyait clairement deux hommes pr\u00e8s du v\u00e9hicule.<\/p>\n\n\n\n<p class=\"wp-block-paragraph\">L\u2019un ressemblait \u00e0 l\u2019associ\u00e9 d\u2019Antoine.<\/p>\n\n\n\n<p class=\"wp-block-paragraph\">L\u2019autre\u2026<\/p>\n\n\n\n<p class=\"wp-block-paragraph\">\u00e9tait Antoine.<\/p>\n\n\n\n<p class=\"wp-block-paragraph\">Mais il y avait une diff\u00e9rence capitale.<\/p>\n\n\n\n<p class=\"wp-block-paragraph\">La vid\u00e9o avait \u00e9t\u00e9 enregistr\u00e9e trois heures avant le braquage.<\/p>\n\n\n\n<p class=\"wp-block-paragraph\">Antoine \u00e9tait alors chez lui.<\/p>\n\n\n\n<p class=\"wp-block-paragraph\">Et un d\u00e9tail permit de le prouver.<\/p>\n\n\n\n<p class=\"wp-block-paragraph\">Vasco apparaissait dans la vid\u00e9o.<\/p>\n\n\n\n<p class=\"wp-block-paragraph\">Il courait derri\u00e8re Antoine.<\/p>\n\n\n\n<p class=\"wp-block-paragraph\">\u00c0 l\u2019\u00e9poque, personne n\u2019avait remarqu\u00e9 que l\u2019horodatage de la cam\u00e9ra \u00e9tait incorrect.<\/p>\n\n\n\n<p class=\"wp-block-paragraph\">Une erreur de trois heures avait transform\u00e9 un alibi en preuve contre lui.<\/p>\n\n\n\n<p class=\"wp-block-paragraph\">Pendant onze ans, Antoine avait pay\u00e9 pour une erreur.<\/p>\n\n\n\n<p class=\"wp-block-paragraph\">Mais l\u2019affaire ne s\u2019arr\u00eata pas l\u00e0.<\/p>\n\n\n\n<hr class=\"wp-block-separator has-alpha-channel-opacity\"\/>\n\n\n\n<p class=\"wp-block-paragraph\">Quelques mois plus tard, Antoine fut officiellement innocent\u00e9.<\/p>\n\n\n\n<p class=\"wp-block-paragraph\">Il sortit de prison un matin de printemps.<\/p>\n\n\n\n<p class=\"wp-block-paragraph\">Il avait une petite valise.<\/p>\n\n\n\n<p class=\"wp-block-paragraph\">Rien d\u2019autre.<\/p>\n\n\n\n<p class=\"wp-block-paragraph\">Devant la porte, une foule de journalistes attendait.<\/p>\n\n\n\n<p class=\"wp-block-paragraph\">Mais Antoine ne regarda personne.<\/p>\n\n\n\n<p class=\"wp-block-paragraph\">Il cherchait seulement une silhouette.<\/p>\n\n\n\n<p class=\"wp-block-paragraph\">Vasco \u00e9tait l\u00e0.<\/p>\n\n\n\n<p class=\"wp-block-paragraph\">Il \u00e9tait assis dans une voiture.<\/p>\n\n\n\n<p class=\"wp-block-paragraph\">Antoine s\u2019approcha.<\/p>\n\n\n\n<p class=\"wp-block-paragraph\">Le chien descendit lentement.<\/p>\n\n\n\n<p class=\"wp-block-paragraph\">Antoine s\u2019agenouilla.<\/p>\n\n\n\n<p class=\"wp-block-paragraph\">\u2014 Alors, mon vieux\u2026<\/p>\n\n\n\n<p class=\"wp-block-paragraph\">Vasco posa son museau contre son visage.<\/p>\n\n\n\n<p class=\"wp-block-paragraph\">Antoine sourit \u00e0 travers ses larmes.<\/p>\n\n\n\n<p class=\"wp-block-paragraph\">\u2014 On rentre \u00e0 la maison ?<\/p>\n\n\n\n<p class=\"wp-block-paragraph\">Le chien remua la queue.<\/p>\n\n\n\n<hr class=\"wp-block-separator has-alpha-channel-opacity\"\/>\n\n\n\n<p class=\"wp-block-paragraph\">Antoine avait imagin\u00e9 ce moment pendant onze ans.<\/p>\n\n\n\n<p class=\"wp-block-paragraph\">Il pensait qu\u2019il serait heureux.<\/p>\n\n\n\n<p class=\"wp-block-paragraph\">Il l\u2019\u00e9tait.<\/p>\n\n\n\n<p class=\"wp-block-paragraph\">Mais une nouvelle peur naquit en lui.<\/p>\n\n\n\n<p class=\"wp-block-paragraph\">Vasco \u00e9tait vieux.<\/p>\n\n\n\n<p class=\"wp-block-paragraph\">Tr\u00e8s vieux.<\/p>\n\n\n\n<p class=\"wp-block-paragraph\">Le v\u00e9t\u00e9rinaire lui expliqua qu\u2019il ne lui restait probablement que quelques mois.<\/p>\n\n\n\n<p class=\"wp-block-paragraph\">Antoine refusa de l\u2019accepter.<\/p>\n\n\n\n<p class=\"wp-block-paragraph\">Il am\u00e9nagea sa maison.<\/p>\n\n\n\n<p class=\"wp-block-paragraph\">Il installa un matelas pr\u00e8s de son lit.<\/p>\n\n\n\n<p class=\"wp-block-paragraph\">Il pr\u00e9para ses repas.<\/p>\n\n\n\n<p class=\"wp-block-paragraph\">Il l\u2019emmenait chaque matin au bord de la rivi\u00e8re.<\/p>\n\n\n\n<p class=\"wp-block-paragraph\">Vasco ne pouvait plus courir.<\/p>\n\n\n\n<p class=\"wp-block-paragraph\">Alors Antoine marchait lentement.<\/p>\n\n\n\n<p class=\"wp-block-paragraph\">Tr\u00e8s lentement.<\/p>\n\n\n\n<p class=\"wp-block-paragraph\">Comme si le temps lui appartenait enfin.<\/p>\n\n\n\n<p class=\"wp-block-paragraph\">Un soir, ils s\u2019assirent devant le coucher du soleil.<\/p>\n\n\n\n<p class=\"wp-block-paragraph\">Antoine caressa le vieux chien.<\/p>\n\n\n\n<p class=\"wp-block-paragraph\">\u2014 Tu sais ce qui est \u00e9trange ?<\/p>\n\n\n\n<p class=\"wp-block-paragraph\">Vasco leva les yeux.<\/p>\n\n\n\n<p class=\"wp-block-paragraph\">\u2014 Pendant onze ans, je r\u00eavais de sortir de prison.<\/p>\n\n\n\n<p class=\"wp-block-paragraph\">Il sourit tristement.<\/p>\n\n\n\n<p class=\"wp-block-paragraph\">\u2014 Mais maintenant que je suis dehors, je r\u00e9alise que la seule chose que je voulais vraiment retrouver\u2026 c\u2019\u00e9tait toi.<\/p>\n\n\n\n<p class=\"wp-block-paragraph\">Vasco posa sa t\u00eate sur ses genoux.<\/p>\n\n\n\n<p class=\"wp-block-paragraph\">Antoine ferma les yeux.<\/p>\n\n\n\n<hr class=\"wp-block-separator has-alpha-channel-opacity\"\/>\n\n\n\n<p class=\"wp-block-paragraph\">Quelques semaines plus tard, Antoine se r\u00e9veilla avant l\u2019aube.<\/p>\n\n\n\n<p class=\"wp-block-paragraph\">La maison \u00e9tait silencieuse.<\/p>\n\n\n\n<p class=\"wp-block-paragraph\">Il tendit la main vers le panier.<\/p>\n\n\n\n<p class=\"wp-block-paragraph\">Vasco ne bougeait pas.<\/p>\n\n\n\n<p class=\"wp-block-paragraph\">Antoine se leva pr\u00e9cipitamment.<\/p>\n\n\n\n<p class=\"wp-block-paragraph\">\u2014 Vasco ?<\/p>\n\n\n\n<p class=\"wp-block-paragraph\">Il s\u2019agenouilla.<\/p>\n\n\n\n<p class=\"wp-block-paragraph\">Le chien ouvrit doucement les yeux.<\/p>\n\n\n\n<p class=\"wp-block-paragraph\">Antoine comprit.<\/p>\n\n\n\n<p class=\"wp-block-paragraph\">Il s\u2019allongea \u00e0 c\u00f4t\u00e9 de lui.<\/p>\n\n\n\n<p class=\"wp-block-paragraph\">Il posa sa t\u00eate contre son cou.<\/p>\n\n\n\n<p class=\"wp-block-paragraph\">\u2014 Je suis l\u00e0.<\/p>\n\n\n\n<p class=\"wp-block-paragraph\">Vasco respirait lentement.<\/p>\n\n\n\n<p class=\"wp-block-paragraph\">Une fois.<\/p>\n\n\n\n<p class=\"wp-block-paragraph\">Deux fois.<\/p>\n\n\n\n<p class=\"wp-block-paragraph\">Puis sa respiration devint de plus en plus l\u00e9g\u00e8re.<\/p>\n\n\n\n<p class=\"wp-block-paragraph\">Antoine pleurait.<\/p>\n\n\n\n<p class=\"wp-block-paragraph\">\u2014 Tu n\u2019as plus besoin de m\u2019attendre.<\/p>\n\n\n\n<p class=\"wp-block-paragraph\">Le chien ouvrit une derni\u00e8re fois les yeux.<\/p>\n\n\n\n<p class=\"wp-block-paragraph\">Il regarda son ma\u00eetre.<\/p>\n\n\n\n<p class=\"wp-block-paragraph\">Et remua faiblement la queue.<\/p>\n\n\n\n<p class=\"wp-block-paragraph\">Puis il ferma les yeux.<\/p>\n\n\n\n<p class=\"wp-block-paragraph\">Pour toujours.<\/p>\n\n\n\n<p class=\"wp-block-paragraph\">Antoine resta immobile pendant longtemps.<\/p>\n\n\n\n<p class=\"wp-block-paragraph\">Il ne cria pas.<\/p>\n\n\n\n<p class=\"wp-block-paragraph\">Il ne frappa rien.<\/p>\n\n\n\n<p class=\"wp-block-paragraph\">Il ne demanda pas pourquoi.<\/p>\n\n\n\n<p class=\"wp-block-paragraph\">Il serra simplement Vasco contre lui.<\/p>\n\n\n\n<p class=\"wp-block-paragraph\">Comme onze ans auparavant.<\/p>\n\n\n\n<hr class=\"wp-block-separator has-alpha-channel-opacity\"\/>\n\n\n\n<p class=\"wp-block-paragraph\">Quelques mois plus tard, Antoine retourna devant la prison.<\/p>\n\n\n\n<p class=\"wp-block-paragraph\">Il avait apport\u00e9 une petite bo\u00eete.<\/p>\n\n\n\n<p class=\"wp-block-paragraph\">\u00c0 l\u2019int\u00e9rieur se trouvait le collier de Vasco.<\/p>\n\n\n\n<p class=\"wp-block-paragraph\">Il le donna au directeur.<\/p>\n\n\n\n<p class=\"wp-block-paragraph\">\u2014 Gardez-le.<\/p>\n\n\n\n<p class=\"wp-block-paragraph\">\u2014 Pourquoi ?<\/p>\n\n\n\n<p class=\"wp-block-paragraph\">Antoine regarda les murs.<\/p>\n\n\n\n<p class=\"wp-block-paragraph\">\u2014 Parce que je veux qu\u2019il reste quelque chose ici.<\/p>\n\n\n\n<p class=\"wp-block-paragraph\">Le directeur baissa les yeux vers le collier.<\/p>\n\n\n\n<p class=\"wp-block-paragraph\">\u2014 Qu&#8217;est-ce que vous voulez qu&#8217;il rappelle ?<\/p>\n\n\n\n<p class=\"wp-block-paragraph\">Antoine r\u00e9fl\u00e9chit.<\/p>\n\n\n\n<p class=\"wp-block-paragraph\">Puis r\u00e9pondit :<\/p>\n\n\n\n<p class=\"wp-block-paragraph\">\u2014 Que m\u00eame lorsqu\u2019un homme est enferm\u00e9 derri\u00e8re des murs, quelqu\u2019un peut continuer \u00e0 croire en lui.<\/p>\n\n\n\n<p class=\"wp-block-paragraph\">Il se retourna.<\/p>\n\n\n\n<p class=\"wp-block-paragraph\">Et partit.<\/p>\n\n\n\n<p class=\"wp-block-paragraph\">Pour la premi\u00e8re fois depuis onze ans, il n\u2019emportait aucune cl\u00e9, aucun dossier judiciaire et aucun espoir de vengeance.<\/p>\n\n\n\n<p class=\"wp-block-paragraph\">Seulement un souvenir.<\/p>\n\n\n\n<p class=\"wp-block-paragraph\">Celui d\u2019un vieux berger allemand qui, apr\u00e8s onze ann\u00e9es de s\u00e9paration, avait reconnu son ma\u00eetre en quelques secondes.<\/p>\n\n\n\n<p class=\"wp-block-paragraph\">Les hommes avaient dout\u00e9 d\u2019Antoine.<\/p>\n\n\n\n<p class=\"wp-block-paragraph\">Les tribunaux s\u2019\u00e9taient tromp\u00e9s.<\/p>\n\n\n\n<p class=\"wp-block-paragraph\">Les ann\u00e9es lui avaient vol\u00e9 sa jeunesse.<\/p>\n\n\n\n<p class=\"wp-block-paragraph\">Mais Vasco, lui, n\u2019avait jamais oubli\u00e9.<\/p>\n\n\n\n<p class=\"wp-block-paragraph\">Et parfois, dans la vie, la fid\u00e9lit\u00e9 la plus extraordinaire ne vient pas de celui qui promet de rester.<\/p>\n\n\n\n<p class=\"wp-block-paragraph\">Elle vient de celui qui attend en silence\u2026<\/p>\n\n\n\n<p class=\"wp-block-paragraph\">jusqu\u2019au jour o\u00f9, enfin, la porte s\u2019ouvre.<\/p>\n\n\n\n<p class=\"wp-block-paragraph\"><\/p>\n","protected":false},"excerpt":{"rendered":"Pendant onze ans, Antoine Morel avait appris \u00e0 ne plus attendre personne. Ni lettre. Ni visite. Ni pardon. Chaque matin, \u00e0 six heures \n<a class=\"moretag\" href=\"https:\/\/gazeta.am\/?p=5302\"> [...]<\/a>","protected":false},"author":1,"featured_media":5303,"comment_status":"open","ping_status":"open","sticky":false,"template":"","format":"standard","meta":{"footnotes":""},"categories":[1],"tags":[],"class_list":["post-5302","post","type-post","status-publish","format-standard","has-post-thumbnail","hentry","category-1"],"yoast_head":"<!-- This site is optimized with the Yoast SEO plugin v28.3 - https:\/\/yoast.com\/product\/yoast-seo-wordpress\/ -->\n<title>Apr\u00e8s 11 ans, le chien que tout le monde croyait avoir oubli\u00e9 son ma\u00eetre fit quelque chose qui bouleversa toute la prison -<\/title>\n<meta name=\"robots\" content=\"index, follow, max-snippet:-1, max-image-preview:large, max-video-preview:-1\" \/>\n<link rel=\"canonical\" href=\"https:\/\/gazeta.am\/?p=5302\" \/>\n<meta property=\"og:locale\" content=\"ru_RU\" \/>\n<meta property=\"og:type\" content=\"article\" \/>\n<meta property=\"og:title\" content=\"Apr\u00e8s 11 ans, le chien que tout le monde croyait avoir oubli\u00e9 son ma\u00eetre fit quelque chose qui bouleversa toute la prison -\" \/>\n<meta property=\"og:description\" content=\"Pendant onze ans, Antoine Morel avait appris \u00e0 ne plus attendre personne. Ni lettre. Ni visite. Ni pardon. Chaque matin, \u00e0 six heures\" \/>\n<meta property=\"og:url\" content=\"https:\/\/gazeta.am\/?p=5302\" \/>\n<meta property=\"article:published_time\" content=\"2026-08-31T17:07:10+00:00\" \/>\n<meta property=\"article:modified_time\" content=\"2026-08-31T17:07:11+00:00\" \/>\n<meta property=\"og:image\" content=\"https:\/\/gazeta.am\/wp-content\/uploads\/2026\/08\/2-6.png\" \/>\n\t<meta property=\"og:image:width\" content=\"600\" \/>\n\t<meta property=\"og:image:height\" content=\"1010\" \/>\n\t<meta property=\"og:image:type\" content=\"image\/png\" \/>\n<meta name=\"author\" content=\"admin\" \/>\n<meta name=\"twitter:card\" content=\"summary_large_image\" \/>\n<meta name=\"twitter:label1\" content=\"\u041d\u0430\u043f\u0438\u0441\u0430\u043d\u043e \u0430\u0432\u0442\u043e\u0440\u043e\u043c\" \/>\n\t<meta name=\"twitter:data1\" content=\"admin\" \/>\n\t<meta name=\"twitter:label2\" content=\"\u041f\u0440\u0438\u043c\u0435\u0440\u043d\u043e\u0435 \u0432\u0440\u0435\u043c\u044f \u0434\u043b\u044f \u0447\u0442\u0435\u043d\u0438\u044f\" \/>\n\t<meta name=\"twitter:data2\" content=\"12 \u043c\u0438\u043d\u0443\u0442\" \/>\n<script type=\"application\/ld+json\" class=\"yoast-schema-graph\">{\"@context\":\"https:\\\/\\\/schema.org\",\"@graph\":[{\"@type\":\"Article\",\"@id\":\"https:\\\/\\\/gazeta.am\\\/?p=5302#article\",\"isPartOf\":{\"@id\":\"https:\\\/\\\/gazeta.am\\\/?p=5302\"},\"author\":{\"name\":\"admin\",\"@id\":\"https:\\\/\\\/gazeta.am\\\/#\\\/schema\\\/person\\\/987709955e760c9a1ebbb44776f8cccc\"},\"headline\":\"Apr\u00e8s 11 ans, le chien que tout le monde croyait avoir oubli\u00e9 son ma\u00eetre fit quelque chose qui bouleversa toute la prison\",\"datePublished\":\"2026-08-31T17:07:10+00:00\",\"dateModified\":\"2026-08-31T17:07:11+00:00\",\"mainEntityOfPage\":{\"@id\":\"https:\\\/\\\/gazeta.am\\\/?p=5302\"},\"wordCount\":2300,\"commentCount\":0,\"image\":{\"@id\":\"https:\\\/\\\/gazeta.am\\\/?p=5302#primaryimage\"},\"thumbnailUrl\":\"https:\\\/\\\/gazeta.am\\\/wp-content\\\/uploads\\\/2026\\\/08\\\/2-6.png\",\"articleSection\":[\"NEWS\"],\"inLanguage\":\"ru-RU\",\"potentialAction\":[{\"@type\":\"CommentAction\",\"name\":\"Comment\",\"target\":[\"https:\\\/\\\/gazeta.am\\\/?p=5302#respond\"]}]},{\"@type\":\"WebPage\",\"@id\":\"https:\\\/\\\/gazeta.am\\\/?p=5302\",\"url\":\"https:\\\/\\\/gazeta.am\\\/?p=5302\",\"name\":\"Apr\u00e8s 11 ans, le chien que tout le monde croyait avoir oubli\u00e9 son ma\u00eetre fit quelque chose qui bouleversa toute la prison -\",\"isPartOf\":{\"@id\":\"https:\\\/\\\/gazeta.am\\\/#website\"},\"primaryImageOfPage\":{\"@id\":\"https:\\\/\\\/gazeta.am\\\/?p=5302#primaryimage\"},\"image\":{\"@id\":\"https:\\\/\\\/gazeta.am\\\/?p=5302#primaryimage\"},\"thumbnailUrl\":\"https:\\\/\\\/gazeta.am\\\/wp-content\\\/uploads\\\/2026\\\/08\\\/2-6.png\",\"datePublished\":\"2026-08-31T17:07:10+00:00\",\"dateModified\":\"2026-08-31T17:07:11+00:00\",\"author\":{\"@id\":\"https:\\\/\\\/gazeta.am\\\/#\\\/schema\\\/person\\\/987709955e760c9a1ebbb44776f8cccc\"},\"breadcrumb\":{\"@id\":\"https:\\\/\\\/gazeta.am\\\/?p=5302#breadcrumb\"},\"inLanguage\":\"ru-RU\",\"potentialAction\":[{\"@type\":\"ReadAction\",\"target\":[\"https:\\\/\\\/gazeta.am\\\/?p=5302\"]}]},{\"@type\":\"ImageObject\",\"inLanguage\":\"ru-RU\",\"@id\":\"https:\\\/\\\/gazeta.am\\\/?p=5302#primaryimage\",\"url\":\"https:\\\/\\\/gazeta.am\\\/wp-content\\\/uploads\\\/2026\\\/08\\\/2-6.png\",\"contentUrl\":\"https:\\\/\\\/gazeta.am\\\/wp-content\\\/uploads\\\/2026\\\/08\\\/2-6.png\",\"width\":600,\"height\":1010},{\"@type\":\"BreadcrumbList\",\"@id\":\"https:\\\/\\\/gazeta.am\\\/?p=5302#breadcrumb\",\"itemListElement\":[{\"@type\":\"ListItem\",\"position\":1,\"name\":\"\u0413\u043b\u0430\u0432\u043d\u0430\u044f \u0441\u0442\u0440\u0430\u043d\u0438\u0446\u0430\",\"item\":\"https:\\\/\\\/gazeta.am\\\/\"},{\"@type\":\"ListItem\",\"position\":2,\"name\":\"Apr\u00e8s 11 ans, le chien que tout le monde croyait avoir oubli\u00e9 son ma\u00eetre fit quelque chose qui bouleversa toute la prison\"}]},{\"@type\":\"WebSite\",\"@id\":\"https:\\\/\\\/gazeta.am\\\/#website\",\"url\":\"https:\\\/\\\/gazeta.am\\\/\",\"name\":\"\",\"description\":\"\",\"potentialAction\":[{\"@type\":\"SearchAction\",\"target\":{\"@type\":\"EntryPoint\",\"urlTemplate\":\"https:\\\/\\\/gazeta.am\\\/?s={search_term_string}\"},\"query-input\":{\"@type\":\"PropertyValueSpecification\",\"valueRequired\":true,\"valueName\":\"search_term_string\"}}],\"inLanguage\":\"ru-RU\"},{\"@type\":\"Person\",\"@id\":\"https:\\\/\\\/gazeta.am\\\/#\\\/schema\\\/person\\\/987709955e760c9a1ebbb44776f8cccc\",\"name\":\"admin\",\"image\":{\"@type\":\"ImageObject\",\"inLanguage\":\"ru-RU\",\"@id\":\"https:\\\/\\\/secure.gravatar.com\\\/avatar\\\/a24f4ac3a683f3c87303db525abc00db51ea26ccedee11dfaf1cc0f9a481a5d2?s=96&d=mm&r=g\",\"url\":\"https:\\\/\\\/secure.gravatar.com\\\/avatar\\\/a24f4ac3a683f3c87303db525abc00db51ea26ccedee11dfaf1cc0f9a481a5d2?s=96&d=mm&r=g\",\"contentUrl\":\"https:\\\/\\\/secure.gravatar.com\\\/avatar\\\/a24f4ac3a683f3c87303db525abc00db51ea26ccedee11dfaf1cc0f9a481a5d2?s=96&d=mm&r=g\",\"caption\":\"admin\"},\"sameAs\":[\"http:\\\/\\\/gazeta.am\"],\"url\":\"https:\\\/\\\/gazeta.am\\\/?author=1\"}]}<\/script>\n<!-- \/ Yoast SEO plugin. -->","yoast_head_json":{"title":"Apr\u00e8s 11 ans, le chien que tout le monde croyait avoir oubli\u00e9 son ma\u00eetre fit quelque chose qui bouleversa toute la prison -","robots":{"index":"index","follow":"follow","max-snippet":"max-snippet:-1","max-image-preview":"max-image-preview:large","max-video-preview":"max-video-preview:-1"},"canonical":"https:\/\/gazeta.am\/?p=5302","og_locale":"ru_RU","og_type":"article","og_title":"Apr\u00e8s 11 ans, le chien que tout le monde croyait avoir oubli\u00e9 son ma\u00eetre fit quelque chose qui bouleversa toute la prison -","og_description":"Pendant onze ans, Antoine Morel avait appris \u00e0 ne plus attendre personne. Ni lettre. Ni visite. Ni pardon. Chaque matin, \u00e0 six heures","og_url":"https:\/\/gazeta.am\/?p=5302","article_published_time":"2026-08-31T17:07:10+00:00","article_modified_time":"2026-08-31T17:07:11+00:00","og_image":[{"width":600,"height":1010,"url":"https:\/\/gazeta.am\/wp-content\/uploads\/2026\/08\/2-6.png","type":"image\/png"}],"author":"admin","twitter_card":"summary_large_image","twitter_misc":{"\u041d\u0430\u043f\u0438\u0441\u0430\u043d\u043e \u0430\u0432\u0442\u043e\u0440\u043e\u043c":"admin","\u041f\u0440\u0438\u043c\u0435\u0440\u043d\u043e\u0435 \u0432\u0440\u0435\u043c\u044f \u0434\u043b\u044f \u0447\u0442\u0435\u043d\u0438\u044f":"12 \u043c\u0438\u043d\u0443\u0442"},"schema":{"@context":"https:\/\/schema.org","@graph":[{"@type":"Article","@id":"https:\/\/gazeta.am\/?p=5302#article","isPartOf":{"@id":"https:\/\/gazeta.am\/?p=5302"},"author":{"name":"admin","@id":"https:\/\/gazeta.am\/#\/schema\/person\/987709955e760c9a1ebbb44776f8cccc"},"headline":"Apr\u00e8s 11 ans, le chien que tout le monde croyait avoir oubli\u00e9 son ma\u00eetre fit quelque chose qui bouleversa toute la prison","datePublished":"2026-08-31T17:07:10+00:00","dateModified":"2026-08-31T17:07:11+00:00","mainEntityOfPage":{"@id":"https:\/\/gazeta.am\/?p=5302"},"wordCount":2300,"commentCount":0,"image":{"@id":"https:\/\/gazeta.am\/?p=5302#primaryimage"},"thumbnailUrl":"https:\/\/gazeta.am\/wp-content\/uploads\/2026\/08\/2-6.png","articleSection":["NEWS"],"inLanguage":"ru-RU","potentialAction":[{"@type":"CommentAction","name":"Comment","target":["https:\/\/gazeta.am\/?p=5302#respond"]}]},{"@type":"WebPage","@id":"https:\/\/gazeta.am\/?p=5302","url":"https:\/\/gazeta.am\/?p=5302","name":"Apr\u00e8s 11 ans, le chien que tout le monde croyait avoir oubli\u00e9 son ma\u00eetre fit quelque chose qui bouleversa toute la prison -","isPartOf":{"@id":"https:\/\/gazeta.am\/#website"},"primaryImageOfPage":{"@id":"https:\/\/gazeta.am\/?p=5302#primaryimage"},"image":{"@id":"https:\/\/gazeta.am\/?p=5302#primaryimage"},"thumbnailUrl":"https:\/\/gazeta.am\/wp-content\/uploads\/2026\/08\/2-6.png","datePublished":"2026-08-31T17:07:10+00:00","dateModified":"2026-08-31T17:07:11+00:00","author":{"@id":"https:\/\/gazeta.am\/#\/schema\/person\/987709955e760c9a1ebbb44776f8cccc"},"breadcrumb":{"@id":"https:\/\/gazeta.am\/?p=5302#breadcrumb"},"inLanguage":"ru-RU","potentialAction":[{"@type":"ReadAction","target":["https:\/\/gazeta.am\/?p=5302"]}]},{"@type":"ImageObject","inLanguage":"ru-RU","@id":"https:\/\/gazeta.am\/?p=5302#primaryimage","url":"https:\/\/gazeta.am\/wp-content\/uploads\/2026\/08\/2-6.png","contentUrl":"https:\/\/gazeta.am\/wp-content\/uploads\/2026\/08\/2-6.png","width":600,"height":1010},{"@type":"BreadcrumbList","@id":"https:\/\/gazeta.am\/?p=5302#breadcrumb","itemListElement":[{"@type":"ListItem","position":1,"name":"\u0413\u043b\u0430\u0432\u043d\u0430\u044f \u0441\u0442\u0440\u0430\u043d\u0438\u0446\u0430","item":"https:\/\/gazeta.am\/"},{"@type":"ListItem","position":2,"name":"Apr\u00e8s 11 ans, le chien que tout le monde croyait avoir oubli\u00e9 son ma\u00eetre fit quelque chose qui bouleversa toute la prison"}]},{"@type":"WebSite","@id":"https:\/\/gazeta.am\/#website","url":"https:\/\/gazeta.am\/","name":"","description":"","potentialAction":[{"@type":"SearchAction","target":{"@type":"EntryPoint","urlTemplate":"https:\/\/gazeta.am\/?s={search_term_string}"},"query-input":{"@type":"PropertyValueSpecification","valueRequired":true,"valueName":"search_term_string"}}],"inLanguage":"ru-RU"},{"@type":"Person","@id":"https:\/\/gazeta.am\/#\/schema\/person\/987709955e760c9a1ebbb44776f8cccc","name":"admin","image":{"@type":"ImageObject","inLanguage":"ru-RU","@id":"https:\/\/secure.gravatar.com\/avatar\/a24f4ac3a683f3c87303db525abc00db51ea26ccedee11dfaf1cc0f9a481a5d2?s=96&d=mm&r=g","url":"https:\/\/secure.gravatar.com\/avatar\/a24f4ac3a683f3c87303db525abc00db51ea26ccedee11dfaf1cc0f9a481a5d2?s=96&d=mm&r=g","contentUrl":"https:\/\/secure.gravatar.com\/avatar\/a24f4ac3a683f3c87303db525abc00db51ea26ccedee11dfaf1cc0f9a481a5d2?s=96&d=mm&r=g","caption":"admin"},"sameAs":["http:\/\/gazeta.am"],"url":"https:\/\/gazeta.am\/?author=1"}]}},"_links":{"self":[{"href":"https:\/\/gazeta.am\/index.php?rest_route=\/wp\/v2\/posts\/5302","targetHints":{"allow":["GET"]}}],"collection":[{"href":"https:\/\/gazeta.am\/index.php?rest_route=\/wp\/v2\/posts"}],"about":[{"href":"https:\/\/gazeta.am\/index.php?rest_route=\/wp\/v2\/types\/post"}],"author":[{"embeddable":true,"href":"https:\/\/gazeta.am\/index.php?rest_route=\/wp\/v2\/users\/1"}],"replies":[{"embeddable":true,"href":"https:\/\/gazeta.am\/index.php?rest_route=%2Fwp%2Fv2%2Fcomments&post=5302"}],"version-history":[{"count":1,"href":"https:\/\/gazeta.am\/index.php?rest_route=\/wp\/v2\/posts\/5302\/revisions"}],"predecessor-version":[{"id":5304,"href":"https:\/\/gazeta.am\/index.php?rest_route=\/wp\/v2\/posts\/5302\/revisions\/5304"}],"wp:featuredmedia":[{"embeddable":true,"href":"https:\/\/gazeta.am\/index.php?rest_route=\/wp\/v2\/media\/5303"}],"wp:attachment":[{"href":"https:\/\/gazeta.am\/index.php?rest_route=%2Fwp%2Fv2%2Fmedia&parent=5302"}],"wp:term":[{"taxonomy":"category","embeddable":true,"href":"https:\/\/gazeta.am\/index.php?rest_route=%2Fwp%2Fv2%2Fcategories&post=5302"},{"taxonomy":"post_tag","embeddable":true,"href":"https:\/\/gazeta.am\/index.php?rest_route=%2Fwp%2Fv2%2Ftags&post=5302"}],"curies":[{"name":"wp","href":"https:\/\/api.w.org\/{rel}","templated":true}]}}