{"id":5299,"date":"2026-08-31T20:03:16","date_gmt":"2026-08-31T17:03:16","guid":{"rendered":"https:\/\/gazeta.am\/?p=5299"},"modified":"2026-08-31T20:03:17","modified_gmt":"2026-08-31T17:03:17","slug":"je-croyais-garder-mon-petit-fils-quelques-jours-jusquau-jour-ou-ma-fille-ma-dit-maman-desormais-il-vivra-chez-toi","status":"publish","type":"post","link":"https:\/\/gazeta.am\/?p=5299","title":{"rendered":"\u00ab Je croyais garder mon petit-fils quelques jours\u2026 Jusqu\u2019au jour o\u00f9 ma fille m\u2019a dit : \u201cMaman, d\u00e9sormais, il vivra chez toi.\u201d \u00bb"},"content":{"rendered":"\n<p class=\"wp-block-paragraph\">\u2014 Maman, je t\u2019en supplie\u2026 seulement quelques jours.<\/p>\n\n\n\n<p class=\"wp-block-paragraph\">\u00c0 l\u2019autre bout du t\u00e9l\u00e9phone, j\u2019entendais ma fille respirer difficilement. Sa voix tremblait. Il \u00e9tait presque vingt-deux heures et, depuis que L\u00e9a \u00e9tait devenue m\u00e8re, elle ne m\u2019appelait presque jamais aussi tard.<\/p>\n\n\n\n<p class=\"wp-block-paragraph\">\u2014 Qu\u2019est-ce qui se passe ?<\/p>\n\n\n\n<p class=\"wp-block-paragraph\">Elle resta silencieuse quelques secondes.<\/p>\n\n\n\n<p class=\"wp-block-paragraph\">\u2014 Tom est malade. Tr\u00e8s malade. Je dois travailler demain matin et la cr\u00e8che est ferm\u00e9e jusqu\u2019\u00e0 lundi. Tu pourrais garder Lucas ?<\/p>\n\n\n\n<p class=\"wp-block-paragraph\">J\u2019ai regard\u00e9 l\u2019horloge.<\/p>\n\n\n\n<p class=\"wp-block-paragraph\">Puis j\u2019ai regard\u00e9 le fauteuil vide devant moi.<\/p>\n\n\n\n<p class=\"wp-block-paragraph\">Depuis la mort de mon mari, ma maison \u00e9tait devenue \u00e9trangement silencieuse. J\u2019avais soixante-trois ans et je m\u2019\u00e9tais habitu\u00e9e \u00e0 cette tranquillit\u00e9. Je lisais le soir, je faisais mes courses le matin et, deux fois par semaine, j\u2019allais prendre un caf\u00e9 avec une amie.<\/p>\n\n\n\n<p class=\"wp-block-paragraph\">Mais Lucas \u00e9tait mon petit-fils.<\/p>\n\n\n\n<p class=\"wp-block-paragraph\">Quatre ans.<\/p>\n\n\n\n<figure class=\"wp-block-image size-full\"><img loading=\"lazy\" decoding=\"async\" width=\"525\" height=\"745\" src=\"https:\/\/gazeta.am\/wp-content\/uploads\/2026\/08\/1-4.png\" alt=\"\" class=\"wp-image-5300\" srcset=\"https:\/\/gazeta.am\/wp-content\/uploads\/2026\/08\/1-4.png 525w, https:\/\/gazeta.am\/wp-content\/uploads\/2026\/08\/1-4-211x300.png 211w\" sizes=\"auto, (max-width: 525px) 100vw, 525px\" \/><\/figure>\n\n\n\n<p class=\"wp-block-paragraph\">Un petit gar\u00e7on aux cheveux ch\u00e2tains, aux yeux immenses et au rire capable de remplir toute une pi\u00e8ce.<\/p>\n\n\n\n<p class=\"wp-block-paragraph\">Alors j\u2019ai r\u00e9pondu ce que toute grand-m\u00e8re aurait probablement r\u00e9pondu :<\/p>\n\n\n\n<p class=\"wp-block-paragraph\">\u2014 Bien s\u00fbr. Am\u00e8ne-le-moi.<\/p>\n\n\n\n<p class=\"wp-block-paragraph\">Une demi-heure plus tard, L\u00e9a \u00e9tait devant ma porte avec Lucas endormi dans ses bras et un petit sac \u00e0 dos.<\/p>\n\n\n\n<p class=\"wp-block-paragraph\">\u2014 Merci, maman. Vraiment. Je te le reprends lundi.<\/p>\n\n\n\n<p class=\"wp-block-paragraph\">Elle m\u2019embrassa rapidement.<\/p>\n\n\n\n<p class=\"wp-block-paragraph\">Je n\u2019ai pas remarqu\u00e9 son regard lorsqu\u2019elle se retourna.<\/p>\n\n\n\n<p class=\"wp-block-paragraph\">Aujourd\u2019hui, je comprends que ce regard aurait d\u00fb m\u2019alerter.<\/p>\n\n\n\n<hr class=\"wp-block-separator has-alpha-channel-opacity\"\/>\n\n\n\n<p class=\"wp-block-paragraph\">Lundi arriva.<\/p>\n\n\n\n<p class=\"wp-block-paragraph\">Puis mardi.<\/p>\n\n\n\n<p class=\"wp-block-paragraph\">Puis mercredi.<\/p>\n\n\n\n<p class=\"wp-block-paragraph\">L\u00e9a m\u2019envoya un message :<\/p>\n\n\n\n<p class=\"wp-block-paragraph\">\u00ab Maman, d\u00e9sol\u00e9e. Tom a eu une complication. Les m\u00e9decins veulent le garder encore quelques jours. Je viendrai d\u00e8s que possible. \u00bb<\/p>\n\n\n\n<p class=\"wp-block-paragraph\">Je ne pouvais \u00e9videmment pas lui en vouloir.<\/p>\n\n\n\n<p class=\"wp-block-paragraph\">Alors Lucas resta.<\/p>\n\n\n\n<p class=\"wp-block-paragraph\">Au d\u00e9but, cela ne me d\u00e9rangeait pas.<\/p>\n\n\n\n<p class=\"wp-block-paragraph\">Nous avons fait des cr\u00eapes. Il m\u2019a aid\u00e9e \u00e0 arroser mes plantes. Il a insist\u00e9 pour dormir avec une petite lampe allum\u00e9e parce qu\u2019il \u00e9tait persuad\u00e9 qu\u2019un crocodile vivait sous mon lit.<\/p>\n\n\n\n<p class=\"wp-block-paragraph\">\u2014 Mamie, tu crois qu\u2019il pourrait manger une personne de soixante ans ?<\/p>\n\n\n\n<p class=\"wp-block-paragraph\">\u2014 Certainement pas.<\/p>\n\n\n\n<p class=\"wp-block-paragraph\">\u2014 Pourquoi ?<\/p>\n\n\n\n<p class=\"wp-block-paragraph\">\u2014 Parce qu\u2019une personne de soixante ans est beaucoup trop coriace.<\/p>\n\n\n\n<p class=\"wp-block-paragraph\">Il \u00e9clata de rire.<\/p>\n\n\n\n<p class=\"wp-block-paragraph\">Ces moments me faisaient oublier mon dos douloureux, mes nuits interrompues et ma fatigue.<\/p>\n\n\n\n<p class=\"wp-block-paragraph\">Mais au bout de dix jours, quelque chose avait chang\u00e9.<\/p>\n\n\n\n<p class=\"wp-block-paragraph\">L\u00e9a ne disait plus :<\/p>\n\n\n\n<p class=\"wp-block-paragraph\">\u00ab Je viendrai demain. \u00bb<\/p>\n\n\n\n<p class=\"wp-block-paragraph\">Elle disait :<\/p>\n\n\n\n<p class=\"wp-block-paragraph\">\u00ab Je viendrai quand la situation sera r\u00e9gl\u00e9e. \u00bb<\/p>\n\n\n\n<p class=\"wp-block-paragraph\">Puis :<\/p>\n\n\n\n<p class=\"wp-block-paragraph\">\u00ab Garde-le encore un peu. \u00bb<\/p>\n\n\n\n<p class=\"wp-block-paragraph\">Et enfin :<\/p>\n\n\n\n<p class=\"wp-block-paragraph\">\u00ab Tu sais bien que tu es la seule personne en qui j\u2019ai confiance. \u00bb<\/p>\n\n\n\n<p class=\"wp-block-paragraph\">Cette derni\u00e8re phrase me donnait toujours mauvaise conscience.<\/p>\n\n\n\n<p class=\"wp-block-paragraph\">Alors j\u2019acceptais.<\/p>\n\n\n\n<p class=\"wp-block-paragraph\">Encore.<\/p>\n\n\n\n<p class=\"wp-block-paragraph\">Et encore.<\/p>\n\n\n\n<hr class=\"wp-block-separator has-alpha-channel-opacity\"\/>\n\n\n\n<p class=\"wp-block-paragraph\">Un matin, Lucas me demanda :<\/p>\n\n\n\n<p class=\"wp-block-paragraph\">\u2014 Mamie, pourquoi maman ne dort jamais \u00e0 la maison ?<\/p>\n\n\n\n<p class=\"wp-block-paragraph\">Je me figeai.<\/p>\n\n\n\n<p class=\"wp-block-paragraph\">\u2014 Elle travaille beaucoup, mon c\u0153ur.<\/p>\n\n\n\n<p class=\"wp-block-paragraph\">Il baissa la t\u00eate.<\/p>\n\n\n\n<p class=\"wp-block-paragraph\">\u2014 Elle m\u2019a dit qu\u2019elle devait r\u00e9parer quelque chose.<\/p>\n\n\n\n<p class=\"wp-block-paragraph\">\u2014 Quoi donc ?<\/p>\n\n\n\n<p class=\"wp-block-paragraph\">Il haussa les \u00e9paules.<\/p>\n\n\n\n<p class=\"wp-block-paragraph\">\u2014 Je ne sais pas.<\/p>\n\n\n\n<p class=\"wp-block-paragraph\">Je pensai que ce n\u2019\u00e9tait qu\u2019une phrase d\u2019enfant.<\/p>\n\n\n\n<p class=\"wp-block-paragraph\">Je n\u2019y accordai pas plus d\u2019importance.<\/p>\n\n\n\n<p class=\"wp-block-paragraph\">Quelques jours plus tard, je t\u00e9l\u00e9phonai \u00e0 ma fille.<\/p>\n\n\n\n<p class=\"wp-block-paragraph\">\u2014 L\u00e9a, il faut qu\u2019on parle. Je commence vraiment \u00e0 \u00eatre \u00e9puis\u00e9e.<\/p>\n\n\n\n<p class=\"wp-block-paragraph\">\u2014 Maman, je sais.<\/p>\n\n\n\n<p class=\"wp-block-paragraph\">\u2014 Je ne peux pas continuer comme \u00e7a ind\u00e9finiment.<\/p>\n\n\n\n<p class=\"wp-block-paragraph\">Un silence.<\/p>\n\n\n\n<p class=\"wp-block-paragraph\">Puis elle r\u00e9pondit :<\/p>\n\n\n\n<p class=\"wp-block-paragraph\">\u2014 Encore deux semaines.<\/p>\n\n\n\n<p class=\"wp-block-paragraph\">\u2014 Deux semaines ?<\/p>\n\n\n\n<p class=\"wp-block-paragraph\">\u2014 S\u2019il te pla\u00eet.<\/p>\n\n\n\n<p class=\"wp-block-paragraph\">\u2014 Et apr\u00e8s ?<\/p>\n\n\n\n<p class=\"wp-block-paragraph\">Elle soupira.<\/p>\n\n\n\n<p class=\"wp-block-paragraph\">\u2014 Apr\u00e8s, on verra.<\/p>\n\n\n\n<p class=\"wp-block-paragraph\">Cette r\u00e9ponse me fit mal.<\/p>\n\n\n\n<p class=\"wp-block-paragraph\">Je n\u2019\u00e9tais plus seulement sa m\u00e8re.<\/p>\n\n\n\n<p class=\"wp-block-paragraph\">J\u2019\u00e9tais devenue une solution pratique.<\/p>\n\n\n\n<p class=\"wp-block-paragraph\">Une solution qui ne co\u00fbtait rien.<\/p>\n\n\n\n<p class=\"wp-block-paragraph\">Une solution qui ne protestait presque jamais.<\/p>\n\n\n\n<hr class=\"wp-block-separator has-alpha-channel-opacity\"\/>\n\n\n\n<p class=\"wp-block-paragraph\">Trois semaines suppl\u00e9mentaires pass\u00e8rent.<\/p>\n\n\n\n<p class=\"wp-block-paragraph\">Je ne reconnaissais plus ma propre vie.<\/p>\n\n\n\n<p class=\"wp-block-paragraph\">Je me levais \u00e0 six heures.<\/p>\n\n\n\n<p class=\"wp-block-paragraph\">Je pr\u00e9parais le petit-d\u00e9jeuner de Lucas.<\/p>\n\n\n\n<p class=\"wp-block-paragraph\">Je l\u2019emmenais \u00e0 l\u2019\u00e9cole.<\/p>\n\n\n\n<p class=\"wp-block-paragraph\">Je faisais les courses.<\/p>\n\n\n\n<p class=\"wp-block-paragraph\">Je travaillais \u00e0 distance quand j\u2019en avais encore la force.<\/p>\n\n\n\n<p class=\"wp-block-paragraph\">Je le r\u00e9cup\u00e9rais \u00e0 seize heures.<\/p>\n\n\n\n<p class=\"wp-block-paragraph\">Puis devoirs, d\u00eener, bain, histoire.<\/p>\n\n\n\n<p class=\"wp-block-paragraph\">Et, presque chaque nuit, il venait dans ma chambre.<\/p>\n\n\n\n<p class=\"wp-block-paragraph\">\u2014 Mamie ?<\/p>\n\n\n\n<p class=\"wp-block-paragraph\">\u2014 Oui ?<\/p>\n\n\n\n<p class=\"wp-block-paragraph\">\u2014 Tu dors ?<\/p>\n\n\n\n<p class=\"wp-block-paragraph\">\u2014 Non.<\/p>\n\n\n\n<p class=\"wp-block-paragraph\">\u2014 Je peux rester ici ?<\/p>\n\n\n\n<p class=\"wp-block-paragraph\">\u2014 Bien s\u00fbr.<\/p>\n\n\n\n<p class=\"wp-block-paragraph\">Il se glissait sous ma couverture.<\/p>\n\n\n\n<p class=\"wp-block-paragraph\">Je l\u2019entendais parfois pleurer en silence.<\/p>\n\n\n\n<p class=\"wp-block-paragraph\">Un soir, je lui demandai :<\/p>\n\n\n\n<p class=\"wp-block-paragraph\">\u2014 Tu es triste ?<\/p>\n\n\n\n<p class=\"wp-block-paragraph\">Il hocha la t\u00eate.<\/p>\n\n\n\n<p class=\"wp-block-paragraph\">\u2014 Papa va mourir ?<\/p>\n\n\n\n<p class=\"wp-block-paragraph\">Mon c\u0153ur s\u2019arr\u00eata.<\/p>\n\n\n\n<p class=\"wp-block-paragraph\">\u2014 Pourquoi tu dis \u00e7a ?<\/p>\n\n\n\n<p class=\"wp-block-paragraph\">\u2014 Maman m\u2019a dit que papa \u00e9tait tr\u00e8s malade.<\/p>\n\n\n\n<p class=\"wp-block-paragraph\">Je lui caressai les cheveux.<\/p>\n\n\n\n<p class=\"wp-block-paragraph\">\u2014 Les m\u00e9decins s\u2019occupent de lui.<\/p>\n\n\n\n<p class=\"wp-block-paragraph\">Il resta silencieux.<\/p>\n\n\n\n<p class=\"wp-block-paragraph\">Puis il murmura :<\/p>\n\n\n\n<p class=\"wp-block-paragraph\">\u2014 Alors pourquoi maman ne vient pas me voir ?<\/p>\n\n\n\n<p class=\"wp-block-paragraph\">Je n\u2019eus aucune r\u00e9ponse.<\/p>\n\n\n\n<hr class=\"wp-block-separator has-alpha-channel-opacity\"\/>\n\n\n\n<p class=\"wp-block-paragraph\">Un samedi matin, L\u00e9a arriva enfin.<\/p>\n\n\n\n<p class=\"wp-block-paragraph\">Je crus qu\u2019elle venait chercher son fils.<\/p>\n\n\n\n<p class=\"wp-block-paragraph\">Mais elle n\u2019\u00e9tait pas seule.<\/p>\n\n\n\n<p class=\"wp-block-paragraph\">Un homme l\u2019accompagnait.<\/p>\n\n\n\n<p class=\"wp-block-paragraph\">Je le connaissais vaguement.<\/p>\n\n\n\n<p class=\"wp-block-paragraph\">C\u2019\u00e9tait son fr\u00e8re a\u00een\u00e9, Marc.<\/p>\n\n\n\n<p class=\"wp-block-paragraph\">Il portait une chemise impeccable et tenait une chemise cartonn\u00e9e sous le bras.<\/p>\n\n\n\n<p class=\"wp-block-paragraph\">\u2014 Bonjour, maman, dit L\u00e9a.<\/p>\n\n\n\n<p class=\"wp-block-paragraph\">\u2014 Bonjour.<\/p>\n\n\n\n<p class=\"wp-block-paragraph\">Elle \u00e9vita mon regard.<\/p>\n\n\n\n<p class=\"wp-block-paragraph\">Marc posa la chemise sur la table.<\/p>\n\n\n\n<p class=\"wp-block-paragraph\">\u2014 Il faut qu\u2019on r\u00e8gle certaines choses.<\/p>\n\n\n\n<p class=\"wp-block-paragraph\">Je regardai ma fille.<\/p>\n\n\n\n<p class=\"wp-block-paragraph\">\u2014 Quelles choses ?<\/p>\n\n\n\n<p class=\"wp-block-paragraph\">Elle prit une profonde inspiration.<\/p>\n\n\n\n<p class=\"wp-block-paragraph\">\u2014 Maman\u2026 je voudrais que Lucas reste ici.<\/p>\n\n\n\n<p class=\"wp-block-paragraph\">Je crus avoir mal entendu.<\/p>\n\n\n\n<p class=\"wp-block-paragraph\">\u2014 Pardon ?<\/p>\n\n\n\n<p class=\"wp-block-paragraph\">\u2014 Pour quelque temps.<\/p>\n\n\n\n<p class=\"wp-block-paragraph\">\u2014 Non.<\/p>\n\n\n\n<p class=\"wp-block-paragraph\">Le mot \u00e9tait sorti tout seul.<\/p>\n\n\n\n<p class=\"wp-block-paragraph\">L\u00e9a p\u00e2lit.<\/p>\n\n\n\n<p class=\"wp-block-paragraph\">\u2014 Mais tu viens de dire que\u2026<\/p>\n\n\n\n<p class=\"wp-block-paragraph\">\u2014 J\u2019ai dit oui pour quelques jours. Pas pour \u00e9lever ton fils.<\/p>\n\n\n\n<p class=\"wp-block-paragraph\">Marc intervint :<\/p>\n\n\n\n<p class=\"wp-block-paragraph\">\u2014 Tu pourrais au moins \u00e9couter jusqu\u2019au bout.<\/p>\n\n\n\n<p class=\"wp-block-paragraph\">Je me tournai vers lui.<\/p>\n\n\n\n<p class=\"wp-block-paragraph\">\u2014 C\u2019est mon petit-fils. Je l\u2019aime. Mais je ne suis pas sa m\u00e8re.<\/p>\n\n\n\n<p class=\"wp-block-paragraph\">L\u00e9a se mit \u00e0 pleurer.<\/p>\n\n\n\n<p class=\"wp-block-paragraph\">\u2014 Je n\u2019ai plus le choix.<\/p>\n\n\n\n<p class=\"wp-block-paragraph\">\u2014 Tout le monde a le choix.<\/p>\n\n\n\n<p class=\"wp-block-paragraph\">Elle secoua la t\u00eate.<\/p>\n\n\n\n<p class=\"wp-block-paragraph\">\u2014 Pas moi.<\/p>\n\n\n\n<p class=\"wp-block-paragraph\">Puis elle ouvrit son sac et posa plusieurs documents sur la table.<\/p>\n\n\n\n<p class=\"wp-block-paragraph\">\u2014 Tom et moi avons des dettes. Beaucoup de dettes.<\/p>\n\n\n\n<p class=\"wp-block-paragraph\">Je regardai les papiers.<\/p>\n\n\n\n<p class=\"wp-block-paragraph\">Cr\u00e9dits.<\/p>\n\n\n\n<p class=\"wp-block-paragraph\">Factures.<\/p>\n\n\n\n<p class=\"wp-block-paragraph\">Retards de paiement.<\/p>\n\n\n\n<p class=\"wp-block-paragraph\">Mais quelque chose ne correspondait pas.<\/p>\n\n\n\n<p class=\"wp-block-paragraph\">Je pris un document.<\/p>\n\n\n\n<p class=\"wp-block-paragraph\">\u2014 Pourquoi y a-t-il une dette de trente-huit mille euros ?<\/p>\n\n\n\n<p class=\"wp-block-paragraph\">L\u00e9a d\u00e9tourna les yeux.<\/p>\n\n\n\n<p class=\"wp-block-paragraph\">\u2014 C\u2019est compliqu\u00e9.<\/p>\n\n\n\n<p class=\"wp-block-paragraph\">\u2014 Et cette soci\u00e9t\u00e9 ? Je ne connais pas ce nom.<\/p>\n\n\n\n<p class=\"wp-block-paragraph\">Marc s\u2019approcha.<\/p>\n\n\n\n<p class=\"wp-block-paragraph\">\u2014 Maman, ne cherche pas \u00e0 comprendre.<\/p>\n\n\n\n<p class=\"wp-block-paragraph\">Cette phrase me fit imm\u00e9diatement relever la t\u00eate.<\/p>\n\n\n\n<p class=\"wp-block-paragraph\">\u2014 Justement. Maintenant, je vais chercher \u00e0 comprendre.<\/p>\n\n\n\n<hr class=\"wp-block-separator has-alpha-channel-opacity\"\/>\n\n\n\n<p class=\"wp-block-paragraph\">Le lendemain, je commen\u00e7ai \u00e0 fouiller dans les documents.<\/p>\n\n\n\n<p class=\"wp-block-paragraph\">Pas par curiosit\u00e9.<\/p>\n\n\n\n<p class=\"wp-block-paragraph\">Par peur.<\/p>\n\n\n\n<p class=\"wp-block-paragraph\">J\u2019avais le sentiment qu\u2019on me cachait quelque chose.<\/p>\n\n\n\n<p class=\"wp-block-paragraph\">Et j\u2019avais raison.<\/p>\n\n\n\n<p class=\"wp-block-paragraph\">Une enveloppe \u00e9tait coinc\u00e9e derri\u00e8re une pile de factures.<\/p>\n\n\n\n<p class=\"wp-block-paragraph\">\u00c0 l\u2019int\u00e9rieur, je trouvai une copie d\u2019un contrat de pr\u00eat.<\/p>\n\n\n\n<p class=\"wp-block-paragraph\">Le nom de ma fille apparaissait.<\/p>\n\n\n\n<p class=\"wp-block-paragraph\">Mais quelque chose me gla\u00e7a.<\/p>\n\n\n\n<p class=\"wp-block-paragraph\">Le garant du pr\u00eat\u2026<\/p>\n\n\n\n<p class=\"wp-block-paragraph\">c\u2019\u00e9tait moi.<\/p>\n\n\n\n<p class=\"wp-block-paragraph\">Je relus la page trois fois.<\/p>\n\n\n\n<p class=\"wp-block-paragraph\">Je n\u2019avais jamais sign\u00e9 ce document.<\/p>\n\n\n\n<p class=\"wp-block-paragraph\">Jamais.<\/p>\n\n\n\n<p class=\"wp-block-paragraph\">Mon sang se gla\u00e7a.<\/p>\n\n\n\n<p class=\"wp-block-paragraph\">J\u2019appelai imm\u00e9diatement la banque.<\/p>\n\n\n\n<p class=\"wp-block-paragraph\">La r\u00e9ponse du conseiller fut prudente :<\/p>\n\n\n\n<p class=\"wp-block-paragraph\">\u2014 Madame, une signature \u00e9lectronique est enregistr\u00e9e \u00e0 votre nom.<\/p>\n\n\n\n<p class=\"wp-block-paragraph\">\u2014 Je n\u2019ai jamais sign\u00e9.<\/p>\n\n\n\n<p class=\"wp-block-paragraph\">\u2014 Dans ce cas, il faut d\u00e9poser une contestation.<\/p>\n\n\n\n<p class=\"wp-block-paragraph\">Je raccrochai.<\/p>\n\n\n\n<p class=\"wp-block-paragraph\">Mes mains tremblaient.<\/p>\n\n\n\n<p class=\"wp-block-paragraph\">\u00c0 ce moment-l\u00e0, Lucas entra dans la cuisine.<\/p>\n\n\n\n<p class=\"wp-block-paragraph\">\u2014 Mamie, tu pleures ?<\/p>\n\n\n\n<p class=\"wp-block-paragraph\">Je s\u00e9chai rapidement mes yeux.<\/p>\n\n\n\n<p class=\"wp-block-paragraph\">\u2014 Non, mon c\u0153ur.<\/p>\n\n\n\n<p class=\"wp-block-paragraph\">Il me regarda.<\/p>\n\n\n\n<p class=\"wp-block-paragraph\">Puis il demanda doucement :<\/p>\n\n\n\n<p class=\"wp-block-paragraph\">\u2014 Maman va venir aujourd\u2019hui ?<\/p>\n\n\n\n<p class=\"wp-block-paragraph\">Je ne pus r\u00e9pondre.<\/p>\n\n\n\n<hr class=\"wp-block-separator has-alpha-channel-opacity\"\/>\n\n\n\n<p class=\"wp-block-paragraph\">Le soir m\u00eame, L\u00e9a arriva.<\/p>\n\n\n\n<p class=\"wp-block-paragraph\">Je lui montrai le contrat.<\/p>\n\n\n\n<p class=\"wp-block-paragraph\">Elle devint blanche.<\/p>\n\n\n\n<p class=\"wp-block-paragraph\">\u2014 O\u00f9 as-tu trouv\u00e9 \u00e7a ?<\/p>\n\n\n\n<p class=\"wp-block-paragraph\">\u2014 R\u00e9ponds-moi.<\/p>\n\n\n\n<p class=\"wp-block-paragraph\">Elle ne disait rien.<\/p>\n\n\n\n<p class=\"wp-block-paragraph\">\u2014 L\u00e9a, as-tu utilis\u00e9 mon identit\u00e9 ?<\/p>\n\n\n\n<p class=\"wp-block-paragraph\">Elle \u00e9clata en sanglots.<\/p>\n\n\n\n<p class=\"wp-block-paragraph\">\u2014 Je voulais seulement nous sauver.<\/p>\n\n\n\n<p class=\"wp-block-paragraph\">\u2014 Nous sauver de quoi ?<\/p>\n\n\n\n<p class=\"wp-block-paragraph\">\u2014 Des dettes.<\/p>\n\n\n\n<p class=\"wp-block-paragraph\">\u2014 Quelles dettes ?<\/p>\n\n\n\n<p class=\"wp-block-paragraph\">Elle s\u2019effondra sur une chaise.<\/p>\n\n\n\n<p class=\"wp-block-paragraph\">Et c\u2019est l\u00e0 qu\u2019elle me raconta une histoire que je n\u2019aurais jamais imagin\u00e9e.<\/p>\n\n\n\n<p class=\"wp-block-paragraph\">Tom n\u2019\u00e9tait pas simplement malade.<\/p>\n\n\n\n<p class=\"wp-block-paragraph\">Il avait perdu son emploi plusieurs mois auparavant.<\/p>\n\n\n\n<p class=\"wp-block-paragraph\">Puis il avait commenc\u00e9 \u00e0 emprunter de l\u2019argent.<\/p>\n\n\n\n<p class=\"wp-block-paragraph\">Beaucoup d\u2019argent.<\/p>\n\n\n\n<p class=\"wp-block-paragraph\">Pour rembourser d\u2019anciennes dettes, il avait contract\u00e9 de nouveaux cr\u00e9dits.<\/p>\n\n\n\n<p class=\"wp-block-paragraph\">Puis il avait jou\u00e9.<\/p>\n\n\n\n<p class=\"wp-block-paragraph\">Encore.<\/p>\n\n\n\n<p class=\"wp-block-paragraph\">Et encore.<\/p>\n\n\n\n<p class=\"wp-block-paragraph\">Quand L\u00e9a l\u2019avait d\u00e9couvert, il \u00e9tait d\u00e9j\u00e0 trop tard.<\/p>\n\n\n\n<p class=\"wp-block-paragraph\">Mais il y avait pire.<\/p>\n\n\n\n<p class=\"wp-block-paragraph\">\u2014 Tom n\u2019est pas \u00e0 l\u2019h\u00f4pital depuis deux mois, murmura-t-elle.<\/p>\n\n\n\n<p class=\"wp-block-paragraph\">Je la regardai fixement.<\/p>\n\n\n\n<p class=\"wp-block-paragraph\">\u2014 Quoi ?<\/p>\n\n\n\n<p class=\"wp-block-paragraph\">\u2014 Il est parti.<\/p>\n\n\n\n<p class=\"wp-block-paragraph\">\u2014 Parti o\u00f9 ?<\/p>\n\n\n\n<p class=\"wp-block-paragraph\">\u2014 Je ne sais pas.<\/p>\n\n\n\n<p class=\"wp-block-paragraph\">Le silence qui suivit fut terrible.<\/p>\n\n\n\n<p class=\"wp-block-paragraph\">\u2014 Alors pourquoi m\u2019as-tu menti ?<\/p>\n\n\n\n<p class=\"wp-block-paragraph\">Elle pleurait.<\/p>\n\n\n\n<p class=\"wp-block-paragraph\">\u2014 Parce que j\u2019avais peur.<\/p>\n\n\n\n<p class=\"wp-block-paragraph\">\u2014 Tu m\u2019as laiss\u00e9 croire que ton mari \u00e9tait hospitalis\u00e9 !<\/p>\n\n\n\n<p class=\"wp-block-paragraph\">\u2014 Je sais.<\/p>\n\n\n\n<p class=\"wp-block-paragraph\">\u2014 Tu m\u2019as confi\u00e9 ton enfant sans me dire la v\u00e9rit\u00e9 !<\/p>\n\n\n\n<p class=\"wp-block-paragraph\">\u2014 Je sais !<\/p>\n\n\n\n<p class=\"wp-block-paragraph\">\u2014 Et tu as utilis\u00e9 mes informations pour obtenir un pr\u00eat !<\/p>\n\n\n\n<p class=\"wp-block-paragraph\">Elle porta les mains \u00e0 son visage.<\/p>\n\n\n\n<p class=\"wp-block-paragraph\">\u2014 Je pensais que je n\u2019avais plus personne.<\/p>\n\n\n\n<p class=\"wp-block-paragraph\">Cette phrase aurait d\u00fb me faire c\u00e9der.<\/p>\n\n\n\n<p class=\"wp-block-paragraph\">Mais quelque chose en moi s\u2019\u00e9tait bris\u00e9.<\/p>\n\n\n\n<p class=\"wp-block-paragraph\">\u2014 Tu avais une m\u00e8re.<\/p>\n\n\n\n<p class=\"wp-block-paragraph\">Elle leva les yeux.<\/p>\n\n\n\n<p class=\"wp-block-paragraph\">\u2014 Et tu l\u2019as transform\u00e9e en banque, en baby-sitter et en refuge sans jamais lui demander si elle allait bien.<\/p>\n\n\n\n<p class=\"wp-block-paragraph\">Elle ne r\u00e9pondit pas.<\/p>\n\n\n\n<hr class=\"wp-block-separator has-alpha-channel-opacity\"\/>\n\n\n\n<p class=\"wp-block-paragraph\">Le lendemain, je pris une d\u00e9cision.<\/p>\n\n\n\n<p class=\"wp-block-paragraph\">Je contactai un avocat.<\/p>\n\n\n\n<p class=\"wp-block-paragraph\">Pas pour r\u00e9cup\u00e9rer de l\u2019argent.<\/p>\n\n\n\n<p class=\"wp-block-paragraph\">Pour prot\u00e9ger Lucas.<\/p>\n\n\n\n<p class=\"wp-block-paragraph\">Parce qu\u2019entre-temps, j\u2019avais compris quelque chose d\u2019essentiel.<\/p>\n\n\n\n<p class=\"wp-block-paragraph\">Ma fille n\u2019\u00e9tait pas simplement d\u00e9pass\u00e9e.<\/p>\n\n\n\n<p class=\"wp-block-paragraph\">Elle avait perdu le contr\u00f4le de sa vie.<\/p>\n\n\n\n<p class=\"wp-block-paragraph\">Et Lucas \u00e9tait au milieu de cette temp\u00eate.<\/p>\n\n\n\n<p class=\"wp-block-paragraph\">Une semaine plus tard, nous avons appris que Tom avait effectivement quitt\u00e9 la ville.<\/p>\n\n\n\n<p class=\"wp-block-paragraph\">Il avait laiss\u00e9 derri\u00e8re lui des dettes consid\u00e9rables.<\/p>\n\n\n\n<p class=\"wp-block-paragraph\">Mais il avait \u00e9galement laiss\u00e9 un autre secret.<\/p>\n\n\n\n<p class=\"wp-block-paragraph\">Une dette n\u2019\u00e9tait pas \u00e0 son nom.<\/p>\n\n\n\n<p class=\"wp-block-paragraph\">Elle \u00e9tait au nom de L\u00e9a.<\/p>\n\n\n\n<p class=\"wp-block-paragraph\">Et cette dette avait \u00e9t\u00e9 contract\u00e9e quelques jours seulement avant qu\u2019elle ne me demande de garder Lucas.<\/p>\n\n\n\n<p class=\"wp-block-paragraph\">Je compris alors que ma fille savait depuis le d\u00e9but que les choses allaient s\u2019effondrer.<\/p>\n\n\n\n<p class=\"wp-block-paragraph\">Elle avait pr\u00e9par\u00e9 son d\u00e9part.<\/p>\n\n\n\n<p class=\"wp-block-paragraph\">Et moi\u2026<\/p>\n\n\n\n<p class=\"wp-block-paragraph\">j\u2019avais \u00e9t\u00e9 son plan de secours.<\/p>\n\n\n\n<hr class=\"wp-block-separator has-alpha-channel-opacity\"\/>\n\n\n\n<p class=\"wp-block-paragraph\">Un matin, Lucas entra dans ma chambre avec un dessin.<\/p>\n\n\n\n<p class=\"wp-block-paragraph\">Il avait dessin\u00e9 trois personnages.<\/p>\n\n\n\n<p class=\"wp-block-paragraph\">Lui.<\/p>\n\n\n\n<p class=\"wp-block-paragraph\">Moi.<\/p>\n\n\n\n<p class=\"wp-block-paragraph\">Et sa m\u00e8re.<\/p>\n\n\n\n<p class=\"wp-block-paragraph\">Au-dessus, il avait \u00e9crit avec ses lettres maladroites :<\/p>\n\n\n\n<p class=\"wp-block-paragraph\">\u00ab MA FAMILLE \u00bb.<\/p>\n\n\n\n<p class=\"wp-block-paragraph\">Je regardai le dessin longtemps.<\/p>\n\n\n\n<p class=\"wp-block-paragraph\">Puis je demandai :<\/p>\n\n\n\n<p class=\"wp-block-paragraph\">\u2014 Tu veux vivre avec maman ?<\/p>\n\n\n\n<p class=\"wp-block-paragraph\">Il r\u00e9fl\u00e9chit.<\/p>\n\n\n\n<p class=\"wp-block-paragraph\">\u2014 Oui.<\/p>\n\n\n\n<p class=\"wp-block-paragraph\">\u2014 Et avec moi ?<\/p>\n\n\n\n<p class=\"wp-block-paragraph\">Il sourit.<\/p>\n\n\n\n<p class=\"wp-block-paragraph\">\u2014 Avec toi aussi.<\/p>\n\n\n\n<p class=\"wp-block-paragraph\">Je sentis les larmes monter.<\/p>\n\n\n\n<p class=\"wp-block-paragraph\">\u2014 Alors on va trouver une solution.<\/p>\n\n\n\n<hr class=\"wp-block-separator has-alpha-channel-opacity\"\/>\n\n\n\n<p class=\"wp-block-paragraph\">Les mois suivants furent difficiles.<\/p>\n\n\n\n<p class=\"wp-block-paragraph\">L\u00e9a dut r\u00e9pondre de ses actes.<\/p>\n\n\n\n<p class=\"wp-block-paragraph\">Elle commen\u00e7a une th\u00e9rapie financi\u00e8re, trouva un emploi suppl\u00e9mentaire et entreprit de r\u00e9gler ses dettes l\u00e9galement.<\/p>\n\n\n\n<p class=\"wp-block-paragraph\">Elle vint voir Lucas r\u00e9guli\u00e8rement.<\/p>\n\n\n\n<p class=\"wp-block-paragraph\">Mais cette fois, les visites \u00e9taient organis\u00e9es.<\/p>\n\n\n\n<p class=\"wp-block-paragraph\">Et surtout, elle ne pouvait plus dispara\u00eetre pendant des semaines en laissant tout le poids sur mes \u00e9paules.<\/p>\n\n\n\n<p class=\"wp-block-paragraph\">Lucas resta avec moi pendant la p\u00e9riode o\u00f9 les choses furent stabilis\u00e9es.<\/p>\n\n\n\n<p class=\"wp-block-paragraph\">Je pensais que notre histoire se terminerait ainsi.<\/p>\n\n\n\n<p class=\"wp-block-paragraph\">Je me trompais.<\/p>\n\n\n\n<p class=\"wp-block-paragraph\">Un soir, alors que Lucas dormait, quelqu\u2019un frappa \u00e0 ma porte.<\/p>\n\n\n\n<p class=\"wp-block-paragraph\">Trois coups.<\/p>\n\n\n\n<p class=\"wp-block-paragraph\">Je regardai par la fen\u00eatre.<\/p>\n\n\n\n<p class=\"wp-block-paragraph\">Un homme se tenait dans le jardin.<\/p>\n\n\n\n<p class=\"wp-block-paragraph\">Je reconnus imm\u00e9diatement son visage.<\/p>\n\n\n\n<p class=\"wp-block-paragraph\">Tom.<\/p>\n\n\n\n<p class=\"wp-block-paragraph\">Il avait maigri.<\/p>\n\n\n\n<p class=\"wp-block-paragraph\">Il semblait \u00e9puis\u00e9.<\/p>\n\n\n\n<p class=\"wp-block-paragraph\">Et dans sa main, il tenait une enveloppe.<\/p>\n\n\n\n<p class=\"wp-block-paragraph\">\u2014 Je dois vous parler, dit-il.<\/p>\n\n\n\n<p class=\"wp-block-paragraph\">Je ne voulais pas ouvrir.<\/p>\n\n\n\n<p class=\"wp-block-paragraph\">Mais il pronon\u00e7a une phrase qui me fit changer d\u2019avis :<\/p>\n\n\n\n<p class=\"wp-block-paragraph\">\u2014 Ce n\u2019est pas L\u00e9a qui a contract\u00e9 cette dette.<\/p>\n\n\n\n<p class=\"wp-block-paragraph\">Je le fixai.<\/p>\n\n\n\n<p class=\"wp-block-paragraph\">\u2014 Quoi ?<\/p>\n\n\n\n<p class=\"wp-block-paragraph\">Il regarda vers la maison.<\/p>\n\n\n\n<p class=\"wp-block-paragraph\">\u2014 Quelqu\u2019un d\u2019autre l\u2019a fait.<\/p>\n\n\n\n<p class=\"wp-block-paragraph\">Je sentis un froid me traverser.<\/p>\n\n\n\n<p class=\"wp-block-paragraph\">\u2014 Qui ?<\/p>\n\n\n\n<p class=\"wp-block-paragraph\">Tom h\u00e9sita.<\/p>\n\n\n\n<p class=\"wp-block-paragraph\">Puis il me tendit l\u2019enveloppe.<\/p>\n\n\n\n<p class=\"wp-block-paragraph\">\u2014 Votre propre fils.<\/p>\n\n\n\n<p class=\"wp-block-paragraph\">Je restai sans voix.<\/p>\n\n\n\n<p class=\"wp-block-paragraph\">Mon fils.<\/p>\n\n\n\n<p class=\"wp-block-paragraph\">Le fr\u00e8re de L\u00e9a.<\/p>\n\n\n\n<p class=\"wp-block-paragraph\">Marc.<\/p>\n\n\n\n<p class=\"wp-block-paragraph\">L\u2019homme qui \u00e9tait venu chez moi avec les documents.<\/p>\n\n\n\n<p class=\"wp-block-paragraph\">L\u2019homme qui m\u2019avait dit :<\/p>\n\n\n\n<p class=\"wp-block-paragraph\">\u00ab Ne cherche pas \u00e0 comprendre. \u00bb<\/p>\n\n\n\n<p class=\"wp-block-paragraph\">J\u2019ouvris l\u2019enveloppe.<\/p>\n\n\n\n<p class=\"wp-block-paragraph\">\u00c0 l\u2019int\u00e9rieur se trouvaient des relev\u00e9s bancaires.<\/p>\n\n\n\n<p class=\"wp-block-paragraph\">Des transferts d\u2019argent.<\/p>\n\n\n\n<p class=\"wp-block-paragraph\">Des signatures.<\/p>\n\n\n\n<p class=\"wp-block-paragraph\">Des messages.<\/p>\n\n\n\n<p class=\"wp-block-paragraph\">Et une preuve que Marc avait utilis\u00e9 les difficult\u00e9s de sa s\u0153ur pour d\u00e9tourner une partie de l\u2019argent du pr\u00eat.<\/p>\n\n\n\n<p class=\"wp-block-paragraph\">Pendant quelques secondes, je ne pus plus respirer.<\/p>\n\n\n\n<p class=\"wp-block-paragraph\">Toute ma famille s\u2019\u00e9tait transform\u00e9e en un immense mensonge.<\/p>\n\n\n\n<hr class=\"wp-block-separator has-alpha-channel-opacity\"\/>\n\n\n\n<p class=\"wp-block-paragraph\">Le lendemain, j\u2019appelai mes deux enfants.<\/p>\n\n\n\n<p class=\"wp-block-paragraph\">Ils arriv\u00e8rent ensemble.<\/p>\n\n\n\n<p class=\"wp-block-paragraph\">Je posai les documents sur la table.<\/p>\n\n\n\n<p class=\"wp-block-paragraph\">Marc comprit imm\u00e9diatement.<\/p>\n\n\n\n<p class=\"wp-block-paragraph\">Son visage changea.<\/p>\n\n\n\n<p class=\"wp-block-paragraph\">\u2014 Maman\u2026<\/p>\n\n\n\n<p class=\"wp-block-paragraph\">\u2014 Ne m\u2019appelle pas comme \u00e7a.<\/p>\n\n\n\n<p class=\"wp-block-paragraph\">L\u00e9a regarda son fr\u00e8re.<\/p>\n\n\n\n<p class=\"wp-block-paragraph\">\u2014 Qu\u2019est-ce que tu as fait ?<\/p>\n\n\n\n<p class=\"wp-block-paragraph\">Il resta silencieux.<\/p>\n\n\n\n<p class=\"wp-block-paragraph\">Puis il avoua.<\/p>\n\n\n\n<p class=\"wp-block-paragraph\">Il avait besoin d\u2019argent.<\/p>\n\n\n\n<p class=\"wp-block-paragraph\">Il avait utilis\u00e9 la situation de L\u00e9a.<\/p>\n\n\n\n<p class=\"wp-block-paragraph\">Il savait qu\u2019elle \u00e9tait d\u00e9sesp\u00e9r\u00e9e.<\/p>\n\n\n\n<p class=\"wp-block-paragraph\">Il savait qu\u2019elle mentirait pour prot\u00e9ger son mari.<\/p>\n\n\n\n<p class=\"wp-block-paragraph\">Et il avait compt\u00e9 sur moi pour ne pas poser de questions.<\/p>\n\n\n\n<p class=\"wp-block-paragraph\">Je les regardai tous les deux.<\/p>\n\n\n\n<p class=\"wp-block-paragraph\">Je ne ressentais plus de col\u00e8re.<\/p>\n\n\n\n<p class=\"wp-block-paragraph\">Seulement une immense fatigue.<\/p>\n\n\n\n<p class=\"wp-block-paragraph\">\u2014 Vous savez ce qui me fait le plus mal ?<\/p>\n\n\n\n<p class=\"wp-block-paragraph\">Personne ne r\u00e9pondit.<\/p>\n\n\n\n<p class=\"wp-block-paragraph\">\u2014 Ce n\u2019est pas l\u2019argent.<\/p>\n\n\n\n<p class=\"wp-block-paragraph\">Je regardai vers le couloir o\u00f9 Lucas dormait.<\/p>\n\n\n\n<p class=\"wp-block-paragraph\">\u2014 C\u2019est que vous avez tous pens\u00e9 que parce que j\u2019\u00e9tais votre m\u00e8re, je supporterais tout.<\/p>\n\n\n\n<p class=\"wp-block-paragraph\">Mes enfants baiss\u00e8rent les yeux.<\/p>\n\n\n\n<p class=\"wp-block-paragraph\">\u2014 Vous vous \u00eates tromp\u00e9s.<\/p>\n\n\n\n<hr class=\"wp-block-separator has-alpha-channel-opacity\"\/>\n\n\n\n<p class=\"wp-block-paragraph\">Cette nuit-l\u00e0, je ne dormis presque pas.<\/p>\n\n\n\n<p class=\"wp-block-paragraph\">Je compris enfin quelque chose que j\u2019aurais d\u00fb comprendre d\u00e8s le premier jour.<\/p>\n\n\n\n<p class=\"wp-block-paragraph\">Aimer sa famille ne signifie pas accepter d\u2019\u00eatre sacrifi\u00e9 pour elle.<\/p>\n\n\n\n<p class=\"wp-block-paragraph\">Aider quelqu\u2019un ne signifie pas porter sa vie \u00e0 sa place.<\/p>\n\n\n\n<p class=\"wp-block-paragraph\">Et \u00eatre grand-m\u00e8re ne signifie pas devenir automatiquement la m\u00e8re de son petit-fils.<\/p>\n\n\n\n<p class=\"wp-block-paragraph\">Le lendemain matin, Lucas vint s\u2019asseoir \u00e0 c\u00f4t\u00e9 de moi.<\/p>\n\n\n\n<p class=\"wp-block-paragraph\">\u2014 Mamie ?<\/p>\n\n\n\n<p class=\"wp-block-paragraph\">\u2014 Oui ?<\/p>\n\n\n\n<p class=\"wp-block-paragraph\">\u2014 Est-ce que je peux rester ici encore longtemps ?<\/p>\n\n\n\n<p class=\"wp-block-paragraph\">Je le pris dans mes bras.<\/p>\n\n\n\n<p class=\"wp-block-paragraph\">\u2014 Aussi longtemps que tu auras besoin d&#8217;un endroit o\u00f9 tu te sens en s\u00e9curit\u00e9.<\/p>\n\n\n\n<p class=\"wp-block-paragraph\">Il posa sa t\u00eate sur mon \u00e9paule.<\/p>\n\n\n\n<p class=\"wp-block-paragraph\">\u2014 Alors je veux rester.<\/p>\n\n\n\n<p class=\"wp-block-paragraph\">Je fermai les yeux.<\/p>\n\n\n\n<p class=\"wp-block-paragraph\">Pour la premi\u00e8re fois depuis des mois, je ne ressentis pas de fatigue.<\/p>\n\n\n\n<p class=\"wp-block-paragraph\">Je ressentis de la paix.<\/p>\n\n\n\n<p class=\"wp-block-paragraph\">Parce que cette fois, ce n\u2019\u00e9tait plus quelqu\u2019un qui m\u2019imposait une responsabilit\u00e9.<\/p>\n\n\n\n<p class=\"wp-block-paragraph\">C\u2019\u00e9tait moi qui choisissais.<\/p>\n\n\n\n<p class=\"wp-block-paragraph\">Et cette diff\u00e9rence changeait tout.<\/p>\n\n\n\n<p class=\"wp-block-paragraph\">Quelques mois plus tard, ma fille vint me voir seule.<\/p>\n\n\n\n<p class=\"wp-block-paragraph\">Elle resta longtemps devant ma porte avant de frapper.<\/p>\n\n\n\n<p class=\"wp-block-paragraph\">Lorsqu\u2019elle entra, elle ne demanda ni argent, ni service, ni faveur.<\/p>\n\n\n\n<p class=\"wp-block-paragraph\">Elle s\u2019assit simplement \u00e0 c\u00f4t\u00e9 de moi.<\/p>\n\n\n\n<p class=\"wp-block-paragraph\">\u2014 Maman\u2026 je suis d\u00e9sol\u00e9e.<\/p>\n\n\n\n<p class=\"wp-block-paragraph\">Je la regardai.<\/p>\n\n\n\n<p class=\"wp-block-paragraph\">\u2014 Je sais.<\/p>\n\n\n\n<p class=\"wp-block-paragraph\">\u2014 Est-ce que tu me pardonneras un jour ?<\/p>\n\n\n\n<p class=\"wp-block-paragraph\">Je pris sa main.<\/p>\n\n\n\n<p class=\"wp-block-paragraph\">\u2014 Peut-\u00eatre.<\/p>\n\n\n\n<p class=\"wp-block-paragraph\">Elle baissa les yeux.<\/p>\n\n\n\n<p class=\"wp-block-paragraph\">\u2014 Mais il faudra que tu comprennes quelque chose.<\/p>\n\n\n\n<p class=\"wp-block-paragraph\">\u2014 Quoi ?<\/p>\n\n\n\n<p class=\"wp-block-paragraph\">\u2014 Le pardon ne signifie pas qu\u2019on remet les m\u00eames cl\u00e9s entre les mains de quelqu\u2019un qui a d\u00e9j\u00e0 ouvert toutes les portes sans permission.<\/p>\n\n\n\n<p class=\"wp-block-paragraph\">Elle hocha lentement la t\u00eate.<\/p>\n\n\n\n<p class=\"wp-block-paragraph\">Et, pour la premi\u00e8re fois depuis longtemps, nous avons parl\u00e9.<\/p>\n\n\n\n<p class=\"wp-block-paragraph\">Pas de dettes.<\/p>\n\n\n\n<p class=\"wp-block-paragraph\">Pas de Lucas.<\/p>\n\n\n\n<p class=\"wp-block-paragraph\">Pas de probl\u00e8mes.<\/p>\n\n\n\n<p class=\"wp-block-paragraph\">Juste de nous.<\/p>\n\n\n\n<p class=\"wp-block-paragraph\">Deux femmes.<\/p>\n\n\n\n<p class=\"wp-block-paragraph\">Une m\u00e8re et sa fille.<\/p>\n\n\n\n<p class=\"wp-block-paragraph\">Et peut-\u00eatre, enfin, le d\u00e9but d&#8217;une relation qui ne reposait plus sur les sacrifices de l\u2019une pour sauver l\u2019autre.<\/p>\n\n\n\n<p class=\"wp-block-paragraph\">Quant \u00e0 Lucas, il dormait dans la chambre voisine.<\/p>\n\n\n\n<p class=\"wp-block-paragraph\">Et sur sa table de nuit se trouvait toujours son dessin.<\/p>\n\n\n\n<p class=\"wp-block-paragraph\">Trois personnages.<\/p>\n\n\n\n<p class=\"wp-block-paragraph\">Lui.<\/p>\n\n\n\n<p class=\"wp-block-paragraph\">Sa m\u00e8re.<\/p>\n\n\n\n<p class=\"wp-block-paragraph\">Et moi.<\/p>\n\n\n\n<p class=\"wp-block-paragraph\">Cette fois, j\u2019avais compris que la famille n\u2019\u00e9tait pas une cha\u00eene qui nous obligeait \u00e0 tout supporter.<\/p>\n\n\n\n<p class=\"wp-block-paragraph\">La famille devait \u00eatre un endroit o\u00f9 personne n\u2019avait besoin de dispara\u00eetre pour que les autres puissent respirer.<\/p>\n\n\n\n<p class=\"wp-block-paragraph\"><\/p>\n","protected":false},"excerpt":{"rendered":"\u2014 Maman, je t\u2019en supplie\u2026 seulement quelques jours. \u00c0 l\u2019autre bout du t\u00e9l\u00e9phone, j\u2019entendais ma fille respirer difficilement. Sa voix tremblait. Il \u00e9tait \n<a class=\"moretag\" href=\"https:\/\/gazeta.am\/?p=5299\"> [...]<\/a>","protected":false},"author":1,"featured_media":5300,"comment_status":"open","ping_status":"open","sticky":false,"template":"","format":"standard","meta":{"footnotes":""},"categories":[1],"tags":[],"class_list":["post-5299","post","type-post","status-publish","format-standard","has-post-thumbnail","hentry","category-1"],"yoast_head":"<!-- This site is optimized with the Yoast SEO plugin v28.3 - https:\/\/yoast.com\/product\/yoast-seo-wordpress\/ -->\n<title>\u00ab Je croyais garder mon petit-fils quelques jours\u2026 Jusqu\u2019au jour o\u00f9 ma fille m\u2019a dit : \u201cMaman, d\u00e9sormais, il vivra chez toi.\u201d \u00bb -<\/title>\n<meta name=\"robots\" content=\"index, follow, max-snippet:-1, max-image-preview:large, max-video-preview:-1\" \/>\n<link rel=\"canonical\" href=\"https:\/\/gazeta.am\/?p=5299\" \/>\n<meta property=\"og:locale\" content=\"ru_RU\" \/>\n<meta property=\"og:type\" content=\"article\" \/>\n<meta property=\"og:title\" content=\"\u00ab Je croyais garder mon petit-fils quelques jours\u2026 Jusqu\u2019au jour o\u00f9 ma fille m\u2019a dit : \u201cMaman, d\u00e9sormais, il vivra chez toi.\u201d \u00bb -\" \/>\n<meta property=\"og:description\" content=\"\u2014 Maman, je t\u2019en supplie\u2026 seulement quelques jours. \u00c0 l\u2019autre bout du t\u00e9l\u00e9phone, j\u2019entendais ma fille respirer difficilement. Sa voix tremblait. Il \u00e9tait\" \/>\n<meta property=\"og:url\" content=\"https:\/\/gazeta.am\/?p=5299\" \/>\n<meta property=\"article:published_time\" content=\"2026-08-31T17:03:16+00:00\" \/>\n<meta property=\"article:modified_time\" content=\"2026-08-31T17:03:17+00:00\" \/>\n<meta property=\"og:image\" content=\"https:\/\/gazeta.am\/wp-content\/uploads\/2026\/08\/1-4.png\" \/>\n\t<meta property=\"og:image:width\" content=\"525\" \/>\n\t<meta property=\"og:image:height\" content=\"745\" \/>\n\t<meta property=\"og:image:type\" content=\"image\/png\" \/>\n<meta name=\"author\" content=\"admin\" \/>\n<meta name=\"twitter:card\" content=\"summary_large_image\" \/>\n<meta name=\"twitter:label1\" content=\"\u041d\u0430\u043f\u0438\u0441\u0430\u043d\u043e \u0430\u0432\u0442\u043e\u0440\u043e\u043c\" \/>\n\t<meta name=\"twitter:data1\" content=\"admin\" \/>\n\t<meta name=\"twitter:label2\" content=\"\u041f\u0440\u0438\u043c\u0435\u0440\u043d\u043e\u0435 \u0432\u0440\u0435\u043c\u044f \u0434\u043b\u044f \u0447\u0442\u0435\u043d\u0438\u044f\" \/>\n\t<meta name=\"twitter:data2\" content=\"13 \u043c\u0438\u043d\u0443\u0442\" \/>\n<script type=\"application\/ld+json\" class=\"yoast-schema-graph\">{\"@context\":\"https:\\\/\\\/schema.org\",\"@graph\":[{\"@type\":\"Article\",\"@id\":\"https:\\\/\\\/gazeta.am\\\/?p=5299#article\",\"isPartOf\":{\"@id\":\"https:\\\/\\\/gazeta.am\\\/?p=5299\"},\"author\":{\"name\":\"admin\",\"@id\":\"https:\\\/\\\/gazeta.am\\\/#\\\/schema\\\/person\\\/987709955e760c9a1ebbb44776f8cccc\"},\"headline\":\"\u00ab Je croyais garder mon petit-fils quelques jours\u2026 Jusqu\u2019au jour o\u00f9 ma fille m\u2019a dit : \u201cMaman, d\u00e9sormais, il vivra chez toi.\u201d \u00bb\",\"datePublished\":\"2026-08-31T17:03:16+00:00\",\"dateModified\":\"2026-08-31T17:03:17+00:00\",\"mainEntityOfPage\":{\"@id\":\"https:\\\/\\\/gazeta.am\\\/?p=5299\"},\"wordCount\":2612,\"commentCount\":0,\"image\":{\"@id\":\"https:\\\/\\\/gazeta.am\\\/?p=5299#primaryimage\"},\"thumbnailUrl\":\"https:\\\/\\\/gazeta.am\\\/wp-content\\\/uploads\\\/2026\\\/08\\\/1-4.png\",\"articleSection\":[\"NEWS\"],\"inLanguage\":\"ru-RU\",\"potentialAction\":[{\"@type\":\"CommentAction\",\"name\":\"Comment\",\"target\":[\"https:\\\/\\\/gazeta.am\\\/?p=5299#respond\"]}]},{\"@type\":\"WebPage\",\"@id\":\"https:\\\/\\\/gazeta.am\\\/?p=5299\",\"url\":\"https:\\\/\\\/gazeta.am\\\/?p=5299\",\"name\":\"\u00ab Je croyais garder mon petit-fils quelques jours\u2026 Jusqu\u2019au jour o\u00f9 ma fille m\u2019a dit : \u201cMaman, d\u00e9sormais, il vivra chez toi.\u201d \u00bb -\",\"isPartOf\":{\"@id\":\"https:\\\/\\\/gazeta.am\\\/#website\"},\"primaryImageOfPage\":{\"@id\":\"https:\\\/\\\/gazeta.am\\\/?p=5299#primaryimage\"},\"image\":{\"@id\":\"https:\\\/\\\/gazeta.am\\\/?p=5299#primaryimage\"},\"thumbnailUrl\":\"https:\\\/\\\/gazeta.am\\\/wp-content\\\/uploads\\\/2026\\\/08\\\/1-4.png\",\"datePublished\":\"2026-08-31T17:03:16+00:00\",\"dateModified\":\"2026-08-31T17:03:17+00:00\",\"author\":{\"@id\":\"https:\\\/\\\/gazeta.am\\\/#\\\/schema\\\/person\\\/987709955e760c9a1ebbb44776f8cccc\"},\"breadcrumb\":{\"@id\":\"https:\\\/\\\/gazeta.am\\\/?p=5299#breadcrumb\"},\"inLanguage\":\"ru-RU\",\"potentialAction\":[{\"@type\":\"ReadAction\",\"target\":[\"https:\\\/\\\/gazeta.am\\\/?p=5299\"]}]},{\"@type\":\"ImageObject\",\"inLanguage\":\"ru-RU\",\"@id\":\"https:\\\/\\\/gazeta.am\\\/?p=5299#primaryimage\",\"url\":\"https:\\\/\\\/gazeta.am\\\/wp-content\\\/uploads\\\/2026\\\/08\\\/1-4.png\",\"contentUrl\":\"https:\\\/\\\/gazeta.am\\\/wp-content\\\/uploads\\\/2026\\\/08\\\/1-4.png\",\"width\":525,\"height\":745},{\"@type\":\"BreadcrumbList\",\"@id\":\"https:\\\/\\\/gazeta.am\\\/?p=5299#breadcrumb\",\"itemListElement\":[{\"@type\":\"ListItem\",\"position\":1,\"name\":\"\u0413\u043b\u0430\u0432\u043d\u0430\u044f \u0441\u0442\u0440\u0430\u043d\u0438\u0446\u0430\",\"item\":\"https:\\\/\\\/gazeta.am\\\/\"},{\"@type\":\"ListItem\",\"position\":2,\"name\":\"\u00ab Je croyais garder mon petit-fils quelques jours\u2026 Jusqu\u2019au jour o\u00f9 ma fille m\u2019a dit : \u201cMaman, d\u00e9sormais, il vivra chez toi.\u201d \u00bb\"}]},{\"@type\":\"WebSite\",\"@id\":\"https:\\\/\\\/gazeta.am\\\/#website\",\"url\":\"https:\\\/\\\/gazeta.am\\\/\",\"name\":\"\",\"description\":\"\",\"potentialAction\":[{\"@type\":\"SearchAction\",\"target\":{\"@type\":\"EntryPoint\",\"urlTemplate\":\"https:\\\/\\\/gazeta.am\\\/?s={search_term_string}\"},\"query-input\":{\"@type\":\"PropertyValueSpecification\",\"valueRequired\":true,\"valueName\":\"search_term_string\"}}],\"inLanguage\":\"ru-RU\"},{\"@type\":\"Person\",\"@id\":\"https:\\\/\\\/gazeta.am\\\/#\\\/schema\\\/person\\\/987709955e760c9a1ebbb44776f8cccc\",\"name\":\"admin\",\"image\":{\"@type\":\"ImageObject\",\"inLanguage\":\"ru-RU\",\"@id\":\"https:\\\/\\\/secure.gravatar.com\\\/avatar\\\/a24f4ac3a683f3c87303db525abc00db51ea26ccedee11dfaf1cc0f9a481a5d2?s=96&d=mm&r=g\",\"url\":\"https:\\\/\\\/secure.gravatar.com\\\/avatar\\\/a24f4ac3a683f3c87303db525abc00db51ea26ccedee11dfaf1cc0f9a481a5d2?s=96&d=mm&r=g\",\"contentUrl\":\"https:\\\/\\\/secure.gravatar.com\\\/avatar\\\/a24f4ac3a683f3c87303db525abc00db51ea26ccedee11dfaf1cc0f9a481a5d2?s=96&d=mm&r=g\",\"caption\":\"admin\"},\"sameAs\":[\"http:\\\/\\\/gazeta.am\"],\"url\":\"https:\\\/\\\/gazeta.am\\\/?author=1\"}]}<\/script>\n<!-- \/ Yoast SEO plugin. -->","yoast_head_json":{"title":"\u00ab Je croyais garder mon petit-fils quelques jours\u2026 Jusqu\u2019au jour o\u00f9 ma fille m\u2019a dit : \u201cMaman, d\u00e9sormais, il vivra chez toi.\u201d \u00bb -","robots":{"index":"index","follow":"follow","max-snippet":"max-snippet:-1","max-image-preview":"max-image-preview:large","max-video-preview":"max-video-preview:-1"},"canonical":"https:\/\/gazeta.am\/?p=5299","og_locale":"ru_RU","og_type":"article","og_title":"\u00ab Je croyais garder mon petit-fils quelques jours\u2026 Jusqu\u2019au jour o\u00f9 ma fille m\u2019a dit : \u201cMaman, d\u00e9sormais, il vivra chez toi.\u201d \u00bb -","og_description":"\u2014 Maman, je t\u2019en supplie\u2026 seulement quelques jours. \u00c0 l\u2019autre bout du t\u00e9l\u00e9phone, j\u2019entendais ma fille respirer difficilement. Sa voix tremblait. Il \u00e9tait","og_url":"https:\/\/gazeta.am\/?p=5299","article_published_time":"2026-08-31T17:03:16+00:00","article_modified_time":"2026-08-31T17:03:17+00:00","og_image":[{"width":525,"height":745,"url":"https:\/\/gazeta.am\/wp-content\/uploads\/2026\/08\/1-4.png","type":"image\/png"}],"author":"admin","twitter_card":"summary_large_image","twitter_misc":{"\u041d\u0430\u043f\u0438\u0441\u0430\u043d\u043e \u0430\u0432\u0442\u043e\u0440\u043e\u043c":"admin","\u041f\u0440\u0438\u043c\u0435\u0440\u043d\u043e\u0435 \u0432\u0440\u0435\u043c\u044f \u0434\u043b\u044f \u0447\u0442\u0435\u043d\u0438\u044f":"13 \u043c\u0438\u043d\u0443\u0442"},"schema":{"@context":"https:\/\/schema.org","@graph":[{"@type":"Article","@id":"https:\/\/gazeta.am\/?p=5299#article","isPartOf":{"@id":"https:\/\/gazeta.am\/?p=5299"},"author":{"name":"admin","@id":"https:\/\/gazeta.am\/#\/schema\/person\/987709955e760c9a1ebbb44776f8cccc"},"headline":"\u00ab Je croyais garder mon petit-fils quelques jours\u2026 Jusqu\u2019au jour o\u00f9 ma fille m\u2019a dit : \u201cMaman, d\u00e9sormais, il vivra chez toi.\u201d \u00bb","datePublished":"2026-08-31T17:03:16+00:00","dateModified":"2026-08-31T17:03:17+00:00","mainEntityOfPage":{"@id":"https:\/\/gazeta.am\/?p=5299"},"wordCount":2612,"commentCount":0,"image":{"@id":"https:\/\/gazeta.am\/?p=5299#primaryimage"},"thumbnailUrl":"https:\/\/gazeta.am\/wp-content\/uploads\/2026\/08\/1-4.png","articleSection":["NEWS"],"inLanguage":"ru-RU","potentialAction":[{"@type":"CommentAction","name":"Comment","target":["https:\/\/gazeta.am\/?p=5299#respond"]}]},{"@type":"WebPage","@id":"https:\/\/gazeta.am\/?p=5299","url":"https:\/\/gazeta.am\/?p=5299","name":"\u00ab Je croyais garder mon petit-fils quelques jours\u2026 Jusqu\u2019au jour o\u00f9 ma fille m\u2019a dit : \u201cMaman, d\u00e9sormais, il vivra chez toi.\u201d \u00bb -","isPartOf":{"@id":"https:\/\/gazeta.am\/#website"},"primaryImageOfPage":{"@id":"https:\/\/gazeta.am\/?p=5299#primaryimage"},"image":{"@id":"https:\/\/gazeta.am\/?p=5299#primaryimage"},"thumbnailUrl":"https:\/\/gazeta.am\/wp-content\/uploads\/2026\/08\/1-4.png","datePublished":"2026-08-31T17:03:16+00:00","dateModified":"2026-08-31T17:03:17+00:00","author":{"@id":"https:\/\/gazeta.am\/#\/schema\/person\/987709955e760c9a1ebbb44776f8cccc"},"breadcrumb":{"@id":"https:\/\/gazeta.am\/?p=5299#breadcrumb"},"inLanguage":"ru-RU","potentialAction":[{"@type":"ReadAction","target":["https:\/\/gazeta.am\/?p=5299"]}]},{"@type":"ImageObject","inLanguage":"ru-RU","@id":"https:\/\/gazeta.am\/?p=5299#primaryimage","url":"https:\/\/gazeta.am\/wp-content\/uploads\/2026\/08\/1-4.png","contentUrl":"https:\/\/gazeta.am\/wp-content\/uploads\/2026\/08\/1-4.png","width":525,"height":745},{"@type":"BreadcrumbList","@id":"https:\/\/gazeta.am\/?p=5299#breadcrumb","itemListElement":[{"@type":"ListItem","position":1,"name":"\u0413\u043b\u0430\u0432\u043d\u0430\u044f \u0441\u0442\u0440\u0430\u043d\u0438\u0446\u0430","item":"https:\/\/gazeta.am\/"},{"@type":"ListItem","position":2,"name":"\u00ab Je croyais garder mon petit-fils quelques jours\u2026 Jusqu\u2019au jour o\u00f9 ma fille m\u2019a dit : \u201cMaman, d\u00e9sormais, il vivra chez toi.\u201d \u00bb"}]},{"@type":"WebSite","@id":"https:\/\/gazeta.am\/#website","url":"https:\/\/gazeta.am\/","name":"","description":"","potentialAction":[{"@type":"SearchAction","target":{"@type":"EntryPoint","urlTemplate":"https:\/\/gazeta.am\/?s={search_term_string}"},"query-input":{"@type":"PropertyValueSpecification","valueRequired":true,"valueName":"search_term_string"}}],"inLanguage":"ru-RU"},{"@type":"Person","@id":"https:\/\/gazeta.am\/#\/schema\/person\/987709955e760c9a1ebbb44776f8cccc","name":"admin","image":{"@type":"ImageObject","inLanguage":"ru-RU","@id":"https:\/\/secure.gravatar.com\/avatar\/a24f4ac3a683f3c87303db525abc00db51ea26ccedee11dfaf1cc0f9a481a5d2?s=96&d=mm&r=g","url":"https:\/\/secure.gravatar.com\/avatar\/a24f4ac3a683f3c87303db525abc00db51ea26ccedee11dfaf1cc0f9a481a5d2?s=96&d=mm&r=g","contentUrl":"https:\/\/secure.gravatar.com\/avatar\/a24f4ac3a683f3c87303db525abc00db51ea26ccedee11dfaf1cc0f9a481a5d2?s=96&d=mm&r=g","caption":"admin"},"sameAs":["http:\/\/gazeta.am"],"url":"https:\/\/gazeta.am\/?author=1"}]}},"_links":{"self":[{"href":"https:\/\/gazeta.am\/index.php?rest_route=\/wp\/v2\/posts\/5299","targetHints":{"allow":["GET"]}}],"collection":[{"href":"https:\/\/gazeta.am\/index.php?rest_route=\/wp\/v2\/posts"}],"about":[{"href":"https:\/\/gazeta.am\/index.php?rest_route=\/wp\/v2\/types\/post"}],"author":[{"embeddable":true,"href":"https:\/\/gazeta.am\/index.php?rest_route=\/wp\/v2\/users\/1"}],"replies":[{"embeddable":true,"href":"https:\/\/gazeta.am\/index.php?rest_route=%2Fwp%2Fv2%2Fcomments&post=5299"}],"version-history":[{"count":1,"href":"https:\/\/gazeta.am\/index.php?rest_route=\/wp\/v2\/posts\/5299\/revisions"}],"predecessor-version":[{"id":5301,"href":"https:\/\/gazeta.am\/index.php?rest_route=\/wp\/v2\/posts\/5299\/revisions\/5301"}],"wp:featuredmedia":[{"embeddable":true,"href":"https:\/\/gazeta.am\/index.php?rest_route=\/wp\/v2\/media\/5300"}],"wp:attachment":[{"href":"https:\/\/gazeta.am\/index.php?rest_route=%2Fwp%2Fv2%2Fmedia&parent=5299"}],"wp:term":[{"taxonomy":"category","embeddable":true,"href":"https:\/\/gazeta.am\/index.php?rest_route=%2Fwp%2Fv2%2Fcategories&post=5299"},{"taxonomy":"post_tag","embeddable":true,"href":"https:\/\/gazeta.am\/index.php?rest_route=%2Fwp%2Fv2%2Ftags&post=5299"}],"curies":[{"name":"wp","href":"https:\/\/api.w.org\/{rel}","templated":true}]}}