{"id":5282,"date":"2026-08-30T22:13:05","date_gmt":"2026-08-30T19:13:05","guid":{"rendered":"https:\/\/gazeta.am\/?p=5282"},"modified":"2026-08-30T22:13:07","modified_gmt":"2026-08-30T19:13:07","slug":"le-jour-de-ses-dix-huit-ans-ma-fille-adoptive-ma-dit-fais-tes-valises-nous-devons-partir-avant-quils-arrivent","status":"publish","type":"post","link":"https:\/\/gazeta.am\/?p=5282","title":{"rendered":"Le jour de ses dix-huit ans, ma fille adoptive m\u2019a dit : \u00ab Fais tes valises. Nous devons partir avant qu\u2019ils arrivent. \u00bb"},"content":{"rendered":"\n<p class=\"wp-block-paragraph\">Je n\u2019oublierai jamais la fa\u00e7on dont ma fille m\u2019a regard\u00e9e ce matin-l\u00e0.<\/p>\n\n\n\n<p class=\"wp-block-paragraph\">Pas avec col\u00e8re.<\/p>\n\n\n\n<p class=\"wp-block-paragraph\">Pas avec tristesse.<\/p>\n\n\n\n<p class=\"wp-block-paragraph\">Avec une d\u00e9termination qui m\u2019a fait peur.<\/p>\n\n\n\n<p class=\"wp-block-paragraph\">Elle se tenait dans l\u2019embrasure de la porte, un sac \u00e0 dos sur l\u2019\u00e9paule et une enveloppe blanche serr\u00e9e contre sa poitrine.<\/p>\n\n\n\n<p class=\"wp-block-paragraph\">\u2014 Maman\u2026<\/p>\n\n\n\n<p class=\"wp-block-paragraph\">J\u2019ai lev\u00e9 les yeux de ma tasse de caf\u00e9.<\/p>\n\n\n\n<p class=\"wp-block-paragraph\">\u2014 Qu\u2019est-ce qu\u2019il y a, Clara ?<\/p>\n\n\n\n<p class=\"wp-block-paragraph\">Elle a inspir\u00e9 profond\u00e9ment.<\/p>\n\n\n\n<p class=\"wp-block-paragraph\">\u2014 Fais tes valises.<\/p>\n\n\n\n<p class=\"wp-block-paragraph\">J\u2019ai souri, croyant \u00e0 une plaisanterie.<\/p>\n\n\n\n<p class=\"wp-block-paragraph\">\u2014 Pour aller o\u00f9 ?<\/p>\n\n\n\n<p class=\"wp-block-paragraph\">Elle n\u2019a pas souri.<\/p>\n\n\n\n<p class=\"wp-block-paragraph\">\u2014 Peu importe. Mais il faut partir maintenant.<\/p>\n\n\n\n<p class=\"wp-block-paragraph\">J\u2019ai pos\u00e9 ma tasse.<\/p>\n\n\n\n<p class=\"wp-block-paragraph\">\u2014 Clara, tu me fais peur.<\/p>\n\n\n\n<p class=\"wp-block-paragraph\">Elle s\u2019est approch\u00e9e de la table et a d\u00e9pos\u00e9 l\u2019enveloppe devant moi.<\/p>\n\n\n\n<p class=\"wp-block-paragraph\">\u2014 Tu dois me faire confiance.<\/p>\n\n\n\n<p class=\"wp-block-paragraph\">Je l\u2019ai regard\u00e9e.<\/p>\n\n\n\n<p class=\"wp-block-paragraph\">Cette fille, je l\u2019avais \u00e9lev\u00e9e pendant treize ans.<\/p>\n\n\n\n<p class=\"wp-block-paragraph\">Je connaissais chacune de ses expressions.<\/p>\n\n\n\n<p class=\"wp-block-paragraph\">Je savais quand elle mentait.<\/p>\n\n\n\n<p class=\"wp-block-paragraph\">Je savais quand elle avait peur.<\/p>\n\n\n\n<figure class=\"wp-block-image size-large\"><img loading=\"lazy\" decoding=\"async\" width=\"1024\" height=\"1008\" src=\"https:\/\/gazeta.am\/wp-content\/uploads\/2026\/08\/4-31-1024x1008.png\" alt=\"\" class=\"wp-image-5283\" srcset=\"https:\/\/gazeta.am\/wp-content\/uploads\/2026\/08\/4-31-1024x1008.png 1024w, https:\/\/gazeta.am\/wp-content\/uploads\/2026\/08\/4-31-300x295.png 300w, https:\/\/gazeta.am\/wp-content\/uploads\/2026\/08\/4-31-767x755.png 767w, https:\/\/gazeta.am\/wp-content\/uploads\/2026\/08\/4-31.png 1072w\" sizes=\"auto, (max-width: 1024px) 100vw, 1024px\" \/><\/figure>\n\n\n\n<p class=\"wp-block-paragraph\">Et ce matin-l\u00e0, elle avait terriblement peur.<\/p>\n\n\n\n<p class=\"wp-block-paragraph\">Mais ce qui me gla\u00e7ait le sang, c\u2019\u00e9tait qu\u2019elle essayait de ne pas le montrer.<\/p>\n\n\n\n<p class=\"wp-block-paragraph\">\u2014 Ouvre-la, maman.<\/p>\n\n\n\n<p class=\"wp-block-paragraph\">J\u2019ai pris l\u2019enveloppe.<\/p>\n\n\n\n<p class=\"wp-block-paragraph\">Elle ne contenait qu\u2019une photographie.<\/p>\n\n\n\n<p class=\"wp-block-paragraph\">Une photographie ancienne.<\/p>\n\n\n\n<p class=\"wp-block-paragraph\">On y voyait une jeune femme devant une maternit\u00e9.<\/p>\n\n\n\n<p class=\"wp-block-paragraph\">\u00c0 c\u00f4t\u00e9 d\u2019elle se tenait un homme que je n\u2019avais jamais vu.<\/p>\n\n\n\n<p class=\"wp-block-paragraph\">Et pourtant, au dos de la photo, quelqu\u2019un avait \u00e9crit \u00e0 la main :<\/p>\n\n\n\n<p class=\"wp-block-paragraph\"><strong>\u00ab Elle ne doit jamais savoir qui est son v\u00e9ritable p\u00e8re. \u00bb<\/strong><\/p>\n\n\n\n<p class=\"wp-block-paragraph\">Je n\u2019ai pas compris.<\/p>\n\n\n\n<p class=\"wp-block-paragraph\">Puis j\u2019ai reconnu l\u2019\u00e9criture.<\/p>\n\n\n\n<p class=\"wp-block-paragraph\">Mes mains se sont mises \u00e0 trembler.<\/p>\n\n\n\n<p class=\"wp-block-paragraph\">C\u2019\u00e9tait celle de Sarah.<\/p>\n\n\n\n<p class=\"wp-block-paragraph\">La m\u00e8re biologique de Clara.<\/p>\n\n\n\n<p class=\"wp-block-paragraph\">Ma meilleure amie.<\/p>\n\n\n\n<p class=\"wp-block-paragraph\">La femme dont je pensais conna\u00eetre tous les secrets.<\/p>\n\n\n\n<p class=\"wp-block-paragraph\">Je dois revenir treize ans en arri\u00e8re pour expliquer comment nous en \u00e9tions arriv\u00e9es l\u00e0.<\/p>\n\n\n\n<p class=\"wp-block-paragraph\">Sarah et moi nous \u00e9tions rencontr\u00e9es lorsque nous avions vingt ans.<\/p>\n\n\n\n<p class=\"wp-block-paragraph\">Nous travaillions dans un petit caf\u00e9 qui fermait chaque soir \u00e0 minuit.<\/p>\n\n\n\n<p class=\"wp-block-paragraph\">Elle \u00e9tait vive, dr\u00f4le, incapable de rester s\u00e9rieuse plus de deux minutes.<\/p>\n\n\n\n<p class=\"wp-block-paragraph\">Moi, j\u2019\u00e9tais plus r\u00e9serv\u00e9e.<\/p>\n\n\n\n<p class=\"wp-block-paragraph\">Mais nous avions une chose en commun.<\/p>\n\n\n\n<p class=\"wp-block-paragraph\">Nous avions toutes les deux grandi sans v\u00e9ritable famille.<\/p>\n\n\n\n<p class=\"wp-block-paragraph\">Sarah avait perdu ses parents tr\u00e8s jeune.<\/p>\n\n\n\n<p class=\"wp-block-paragraph\">Moi, j\u2019avais \u00e9t\u00e9 \u00e9lev\u00e9e par une grand-m\u00e8re qui \u00e9tait morte lorsque j\u2019avais dix-sept ans.<\/p>\n\n\n\n<p class=\"wp-block-paragraph\">Apr\u00e8s cela, j\u2019avais appris \u00e0 me d\u00e9brouiller seule.<\/p>\n\n\n\n<p class=\"wp-block-paragraph\">Nous \u00e9tions devenues ins\u00e9parables.<\/p>\n\n\n\n<p class=\"wp-block-paragraph\">Sarah disait souvent :<\/p>\n\n\n\n<p class=\"wp-block-paragraph\">\u2014 Si un jour j\u2019ai une fille, tu seras la premi\u00e8re personne \u00e0 qui je la confierai.<\/p>\n\n\n\n<p class=\"wp-block-paragraph\">Je riais.<\/p>\n\n\n\n<p class=\"wp-block-paragraph\">\u2014 Tu exag\u00e8res toujours.<\/p>\n\n\n\n<p class=\"wp-block-paragraph\">Elle me r\u00e9pondait :<\/p>\n\n\n\n<p class=\"wp-block-paragraph\">\u2014 Non. Je sais simplement que tu ne partiras jamais.<\/p>\n\n\n\n<p class=\"wp-block-paragraph\">Elle avait raison.<\/p>\n\n\n\n<p class=\"wp-block-paragraph\">Quelques ann\u00e9es plus tard, Sarah rencontra Damien.<\/p>\n\n\n\n<p class=\"wp-block-paragraph\">Je ne l\u2019aimais pas.<\/p>\n\n\n\n<p class=\"wp-block-paragraph\">Pas parce qu\u2019il \u00e9tait violent ou cruel.<\/p>\n\n\n\n<p class=\"wp-block-paragraph\">Au contraire.<\/p>\n\n\n\n<p class=\"wp-block-paragraph\">Il \u00e9tait charmant.<\/p>\n\n\n\n<p class=\"wp-block-paragraph\">Trop charmant.<\/p>\n\n\n\n<p class=\"wp-block-paragraph\">Il savait exactement quoi dire \u00e0 chaque personne.<\/p>\n\n\n\n<p class=\"wp-block-paragraph\">Il avait une entreprise florissante, une belle maison et beaucoup d\u2019amis.<\/p>\n\n\n\n<p class=\"wp-block-paragraph\">Mais quelque chose dans son regard me d\u00e9rangeait.<\/p>\n\n\n\n<p class=\"wp-block-paragraph\">Sarah, elle, \u00e9tait amoureuse.<\/p>\n\n\n\n<p class=\"wp-block-paragraph\">Puis elle tomba enceinte.<\/p>\n\n\n\n<p class=\"wp-block-paragraph\">Lorsque Clara naquit, Sarah pleura pendant une heure.<\/p>\n\n\n\n<p class=\"wp-block-paragraph\">Pas de tristesse.<\/p>\n\n\n\n<p class=\"wp-block-paragraph\">De bonheur.<\/p>\n\n\n\n<p class=\"wp-block-paragraph\">Elle me donna le b\u00e9b\u00e9 dans les bras.<\/p>\n\n\n\n<p class=\"wp-block-paragraph\">Je me souviens encore de son petit visage.<\/p>\n\n\n\n<p class=\"wp-block-paragraph\">Minuscule.<\/p>\n\n\n\n<p class=\"wp-block-paragraph\">Rouge.<\/p>\n\n\n\n<p class=\"wp-block-paragraph\">Endormi.<\/p>\n\n\n\n<p class=\"wp-block-paragraph\">Sarah murmura :<\/p>\n\n\n\n<p class=\"wp-block-paragraph\">\u2014 Regarde-la.<\/p>\n\n\n\n<p class=\"wp-block-paragraph\">Je regardais Clara.<\/p>\n\n\n\n<p class=\"wp-block-paragraph\">\u2014 Elle est magnifique.<\/p>\n\n\n\n<p class=\"wp-block-paragraph\">Sarah me prit la main.<\/p>\n\n\n\n<p class=\"wp-block-paragraph\">\u2014 Promets-moi quelque chose.<\/p>\n\n\n\n<p class=\"wp-block-paragraph\">\u2014 Quoi ?<\/p>\n\n\n\n<p class=\"wp-block-paragraph\">\u2014 Si quelque chose m\u2019arrive, tu l\u2019\u00e9l\u00e8ves.<\/p>\n\n\n\n<p class=\"wp-block-paragraph\">J\u2019ai imm\u00e9diatement protest\u00e9.<\/p>\n\n\n\n<p class=\"wp-block-paragraph\">\u2014 Ne dis pas \u00e7a.<\/p>\n\n\n\n<p class=\"wp-block-paragraph\">\u2014 Promets-moi.<\/p>\n\n\n\n<p class=\"wp-block-paragraph\">J\u2019ai fini par acquiescer.<\/p>\n\n\n\n<p class=\"wp-block-paragraph\">\u2014 Je te le promets.<\/p>\n\n\n\n<p class=\"wp-block-paragraph\">Quelques mois plus tard, Sarah mourut.<\/p>\n\n\n\n<p class=\"wp-block-paragraph\">Officiellement, c\u2019\u00e9tait un accident de voiture.<\/p>\n\n\n\n<p class=\"wp-block-paragraph\">Elle roulait seule sous une pluie battante.<\/p>\n\n\n\n<p class=\"wp-block-paragraph\">Un camion avait travers\u00e9 sa voie.<\/p>\n\n\n\n<p class=\"wp-block-paragraph\">Tout \u00e9tait termin\u00e9 en quelques secondes.<\/p>\n\n\n\n<p class=\"wp-block-paragraph\">Du moins, c\u2019est ce qu\u2019on m\u2019avait dit.<\/p>\n\n\n\n<p class=\"wp-block-paragraph\">Clara avait cinq ans.<\/p>\n\n\n\n<p class=\"wp-block-paragraph\">Elle ne comprenait pas pourquoi sa m\u00e8re ne reviendrait jamais.<\/p>\n\n\n\n<p class=\"wp-block-paragraph\">Je l\u2019ai prise dans mes bras.<\/p>\n\n\n\n<p class=\"wp-block-paragraph\">Et j\u2019ai tenu ma promesse.<\/p>\n\n\n\n<p class=\"wp-block-paragraph\">Je l\u2019ai adopt\u00e9e.<\/p>\n\n\n\n<p class=\"wp-block-paragraph\">Je lui ai donn\u00e9 tout ce que j\u2019avais.<\/p>\n\n\n\n<p class=\"wp-block-paragraph\">Pas une vie parfaite.<\/p>\n\n\n\n<p class=\"wp-block-paragraph\">Mais une vie o\u00f9 elle serait aim\u00e9e.<\/p>\n\n\n\n<p class=\"wp-block-paragraph\">Nous avons v\u00e9cu dans un petit appartement.<\/p>\n\n\n\n<p class=\"wp-block-paragraph\">Je travaillais beaucoup.<\/p>\n\n\n\n<p class=\"wp-block-paragraph\">Je faisais des heures suppl\u00e9mentaires.<\/p>\n\n\n\n<p class=\"wp-block-paragraph\">Je rentrais \u00e9puis\u00e9e.<\/p>\n\n\n\n<p class=\"wp-block-paragraph\">Mais d\u00e8s que je poussais la porte, Clara courait vers moi.<\/p>\n\n\n\n<p class=\"wp-block-paragraph\">\u2014 Maman !<\/p>\n\n\n\n<p class=\"wp-block-paragraph\">Ce mot valait toutes les nuits blanches.<\/p>\n\n\n\n<p class=\"wp-block-paragraph\">Tous les sacrifices.<\/p>\n\n\n\n<p class=\"wp-block-paragraph\">Toutes les factures que je ne savais pas comment payer.<\/p>\n\n\n\n<p class=\"wp-block-paragraph\">Pendant treize ans, nous avons v\u00e9cu ainsi.<\/p>\n\n\n\n<p class=\"wp-block-paragraph\">Je lui parlais de Sarah.<\/p>\n\n\n\n<p class=\"wp-block-paragraph\">Je lui racontais son rire.<\/p>\n\n\n\n<p class=\"wp-block-paragraph\">Ses habitudes.<\/p>\n\n\n\n<p class=\"wp-block-paragraph\">Ses r\u00eaves.<\/p>\n\n\n\n<p class=\"wp-block-paragraph\">Je ne lui cachais jamais qu\u2019elle avait une m\u00e8re qui l\u2019avait aim\u00e9e profond\u00e9ment.<\/p>\n\n\n\n<p class=\"wp-block-paragraph\">Mais je ne lui avais jamais parl\u00e9 de Damien.<\/p>\n\n\n\n<p class=\"wp-block-paragraph\">Parce qu\u2019apr\u00e8s la mort de Sarah, il avait disparu.<\/p>\n\n\n\n<p class=\"wp-block-paragraph\">Il n\u2019avait jamais demand\u00e9 la garde.<\/p>\n\n\n\n<p class=\"wp-block-paragraph\">Jamais appel\u00e9.<\/p>\n\n\n\n<p class=\"wp-block-paragraph\">Jamais envoy\u00e9 un cadeau.<\/p>\n\n\n\n<p class=\"wp-block-paragraph\">Rien.<\/p>\n\n\n\n<p class=\"wp-block-paragraph\">J\u2019avais fini par penser qu\u2019il avait simplement d\u00e9cid\u00e9 d\u2019oublier sa fille.<\/p>\n\n\n\n<p class=\"wp-block-paragraph\">J\u2019avais tort.<\/p>\n\n\n\n<p class=\"wp-block-paragraph\">Terriblement tort.<\/p>\n\n\n\n<p class=\"wp-block-paragraph\">Je regardais encore la photographie.<\/p>\n\n\n\n<p class=\"wp-block-paragraph\">\u2014 Clara\u2026 o\u00f9 as-tu trouv\u00e9 \u00e7a ?<\/p>\n\n\n\n<p class=\"wp-block-paragraph\">Elle s\u2019est assise.<\/p>\n\n\n\n<p class=\"wp-block-paragraph\">\u2014 Dans tes affaires.<\/p>\n\n\n\n<p class=\"wp-block-paragraph\">\u2014 Quelles affaires ?<\/p>\n\n\n\n<p class=\"wp-block-paragraph\">\u2014 Dans la bo\u00eete en m\u00e9tal que tu gardes sous ton lit.<\/p>\n\n\n\n<p class=\"wp-block-paragraph\">Mon c\u0153ur s\u2019est arr\u00eat\u00e9.<\/p>\n\n\n\n<p class=\"wp-block-paragraph\">Cette bo\u00eete contenait les souvenirs de Sarah.<\/p>\n\n\n\n<p class=\"wp-block-paragraph\">Des lettres.<\/p>\n\n\n\n<p class=\"wp-block-paragraph\">Des photos.<\/p>\n\n\n\n<p class=\"wp-block-paragraph\">Quelques documents.<\/p>\n\n\n\n<p class=\"wp-block-paragraph\">Je ne l\u2019avais jamais ouverte devant Clara.<\/p>\n\n\n\n<p class=\"wp-block-paragraph\">\u2014 Tu as fouill\u00e9 dans mes affaires ?<\/p>\n\n\n\n<p class=\"wp-block-paragraph\">\u2014 Oui.<\/p>\n\n\n\n<p class=\"wp-block-paragraph\">Elle baissa les yeux.<\/p>\n\n\n\n<p class=\"wp-block-paragraph\">\u2014 Je suis d\u00e9sol\u00e9e.<\/p>\n\n\n\n<p class=\"wp-block-paragraph\">\u2014 Pourquoi ?<\/p>\n\n\n\n<p class=\"wp-block-paragraph\">Elle sortit son t\u00e9l\u00e9phone.<\/p>\n\n\n\n<p class=\"wp-block-paragraph\">\u2014 Parce que je voulais comprendre pourquoi quelqu\u2019un m\u2019avait envoy\u00e9 ce message.<\/p>\n\n\n\n<p class=\"wp-block-paragraph\">Elle me montra l\u2019\u00e9cran.<\/p>\n\n\n\n<p class=\"wp-block-paragraph\">Un num\u00e9ro inconnu avait \u00e9crit :<\/p>\n\n\n\n<p class=\"wp-block-paragraph\"><strong>\u00ab \u00c0 dix-huit ans, elle doit conna\u00eetre la v\u00e9rit\u00e9. Demande \u00e0 ta m\u00e8re pourquoi Sarah avait peur de ton p\u00e8re. \u00bb<\/strong><\/p>\n\n\n\n<p class=\"wp-block-paragraph\">Je me suis lev\u00e9e.<\/p>\n\n\n\n<p class=\"wp-block-paragraph\">\u2014 Tu dois bloquer ce num\u00e9ro.<\/p>\n\n\n\n<p class=\"wp-block-paragraph\">\u2014 Trop tard.<\/p>\n\n\n\n<p class=\"wp-block-paragraph\">\u2014 Qu\u2019est-ce que \u00e7a veut dire ?<\/p>\n\n\n\n<p class=\"wp-block-paragraph\">Elle me regarda.<\/p>\n\n\n\n<p class=\"wp-block-paragraph\">\u2014 Il m\u2019a envoy\u00e9 d\u2019autres choses.<\/p>\n\n\n\n<p class=\"wp-block-paragraph\">Des photos.<\/p>\n\n\n\n<p class=\"wp-block-paragraph\">Des documents.<\/p>\n\n\n\n<p class=\"wp-block-paragraph\">Et une vid\u00e9o.<\/p>\n\n\n\n<p class=\"wp-block-paragraph\">J\u2019ai senti une boule se former dans ma gorge.<\/p>\n\n\n\n<p class=\"wp-block-paragraph\">\u2014 Quelle vid\u00e9o ?<\/p>\n\n\n\n<p class=\"wp-block-paragraph\">Clara appuya sur l\u2019\u00e9cran.<\/p>\n\n\n\n<p class=\"wp-block-paragraph\">La vid\u00e9o \u00e9tait ancienne.<\/p>\n\n\n\n<p class=\"wp-block-paragraph\">L\u2019image tremblait.<\/p>\n\n\n\n<p class=\"wp-block-paragraph\">Sarah \u00e9tait assise dans une voiture.<\/p>\n\n\n\n<p class=\"wp-block-paragraph\">Elle regardait directement la cam\u00e9ra.<\/p>\n\n\n\n<p class=\"wp-block-paragraph\">Et elle pleurait.<\/p>\n\n\n\n<p class=\"wp-block-paragraph\">\u2014 Si Clara regarde cette vid\u00e9o un jour, c\u2019est que je n\u2019ai pas r\u00e9ussi \u00e0 lui parler moi-m\u00eame.<\/p>\n\n\n\n<p class=\"wp-block-paragraph\">Je me suis fig\u00e9e.<\/p>\n\n\n\n<p class=\"wp-block-paragraph\">Sarah continua :<\/p>\n\n\n\n<p class=\"wp-block-paragraph\">\u2014 Je veux que tu saches une chose, ma ch\u00e9rie. Ta m\u00e8re adoptive t\u2019a toujours dit la v\u00e9rit\u00e9 sur son amour pour toi.<\/p>\n\n\n\n<p class=\"wp-block-paragraph\">Puis elle regarda autour d\u2019elle.<\/p>\n\n\n\n<p class=\"wp-block-paragraph\">\u2014 Mais elle ne conna\u00eet pas toute la v\u00e9rit\u00e9.<\/p>\n\n\n\n<p class=\"wp-block-paragraph\">J\u2019ai regard\u00e9 Clara.<\/p>\n\n\n\n<p class=\"wp-block-paragraph\">\u2014 Je ne savais pas que cette vid\u00e9o existait.<\/p>\n\n\n\n<p class=\"wp-block-paragraph\">Sarah reprit :<\/p>\n\n\n\n<p class=\"wp-block-paragraph\">\u2014 Damien n\u2019est pas celui que tout le monde croit.<\/p>\n\n\n\n<p class=\"wp-block-paragraph\">Puis l\u2019enregistrement s\u2019arr\u00eata.<\/p>\n\n\n\n<p class=\"wp-block-paragraph\">Clara \u00e9teignit son t\u00e9l\u00e9phone.<\/p>\n\n\n\n<p class=\"wp-block-paragraph\">\u2014 Voil\u00e0 pourquoi je veux partir.<\/p>\n\n\n\n<p class=\"wp-block-paragraph\">Je me suis assise.<\/p>\n\n\n\n<p class=\"wp-block-paragraph\">\u2014 Partir de quoi ?<\/p>\n\n\n\n<p class=\"wp-block-paragraph\">\u2014 De cette maison.<\/p>\n\n\n\n<p class=\"wp-block-paragraph\">\u2014 Pourquoi ?<\/p>\n\n\n\n<p class=\"wp-block-paragraph\">Elle a murmur\u00e9 :<\/p>\n\n\n\n<p class=\"wp-block-paragraph\">\u2014 Parce que quelqu\u2019un est venu hier soir.<\/p>\n\n\n\n<p class=\"wp-block-paragraph\">Je me suis lev\u00e9e d\u2019un bond.<\/p>\n\n\n\n<p class=\"wp-block-paragraph\">\u2014 Quoi ?<\/p>\n\n\n\n<p class=\"wp-block-paragraph\">\u2014 Un homme.<\/p>\n\n\n\n<p class=\"wp-block-paragraph\">\u2014 Qui ?<\/p>\n\n\n\n<p class=\"wp-block-paragraph\">\u2014 Je ne sais pas.<\/p>\n\n\n\n<p class=\"wp-block-paragraph\">\u2014 Tu lui as parl\u00e9 ?<\/p>\n\n\n\n<p class=\"wp-block-paragraph\">\u2014 Non.<\/p>\n\n\n\n<p class=\"wp-block-paragraph\">\u2014 Alors comment sais-tu qu\u2019il \u00e9tait l\u00e0 ?<\/p>\n\n\n\n<p class=\"wp-block-paragraph\">Elle me regarda.<\/p>\n\n\n\n<p class=\"wp-block-paragraph\">\u2014 Il a laiss\u00e9 quelque chose devant ma fen\u00eatre.<\/p>\n\n\n\n<p class=\"wp-block-paragraph\">Elle sortit une cl\u00e9.<\/p>\n\n\n\n<p class=\"wp-block-paragraph\">Une petite cl\u00e9 argent\u00e9e.<\/p>\n\n\n\n<p class=\"wp-block-paragraph\">\u2014 Il m\u2019a dit : \u00ab Ta m\u00e8re saura o\u00f9 elle ouvre cette serrure. \u00bb<\/p>\n\n\n\n<p class=\"wp-block-paragraph\">Je connaissais cette cl\u00e9.<\/p>\n\n\n\n<p class=\"wp-block-paragraph\">Je l\u2019avais d\u00e9j\u00e0 vue.<\/p>\n\n\n\n<p class=\"wp-block-paragraph\">Des ann\u00e9es auparavant.<\/p>\n\n\n\n<p class=\"wp-block-paragraph\">Dans les affaires de Sarah.<\/p>\n\n\n\n<p class=\"wp-block-paragraph\">Je pensais qu\u2019elle n\u2019avait aucune importance.<\/p>\n\n\n\n<p class=\"wp-block-paragraph\">Mais je me souvenais maintenant d\u2019une phrase qu\u2019elle m\u2019avait dite quelques semaines avant sa mort.<\/p>\n\n\n\n<p class=\"wp-block-paragraph\"><strong>\u00ab Si un jour tu trouves cette cl\u00e9, ne l\u2019utilise jamais seule. \u00bb<\/strong><\/p>\n\n\n\n<p class=\"wp-block-paragraph\">Je n\u2019avais jamais compris.<\/p>\n\n\n\n<p class=\"wp-block-paragraph\">Jusqu\u2019\u00e0 aujourd\u2019hui.<\/p>\n\n\n\n<p class=\"wp-block-paragraph\">Nous avons pris la voiture.<\/p>\n\n\n\n<p class=\"wp-block-paragraph\">Je conduisais.<\/p>\n\n\n\n<p class=\"wp-block-paragraph\">Clara \u00e9tait assise \u00e0 c\u00f4t\u00e9 de moi.<\/p>\n\n\n\n<p class=\"wp-block-paragraph\">Apr\u00e8s vingt minutes, elle demanda :<\/p>\n\n\n\n<p class=\"wp-block-paragraph\">\u2014 O\u00f9 allons-nous ?<\/p>\n\n\n\n<p class=\"wp-block-paragraph\">\u2014 \u00c0 la gare.<\/p>\n\n\n\n<p class=\"wp-block-paragraph\">\u2014 Pourquoi ?<\/p>\n\n\n\n<p class=\"wp-block-paragraph\">\u2014 Parce que je dois v\u00e9rifier quelque chose.<\/p>\n\n\n\n<p class=\"wp-block-paragraph\">Je ne lui ai pas expliqu\u00e9.<\/p>\n\n\n\n<p class=\"wp-block-paragraph\">Dans les anciens documents de Sarah, j\u2019avais trouv\u00e9 autrefois l\u2019adresse d\u2019un petit entrep\u00f4t situ\u00e9 pr\u00e8s de la gare.<\/p>\n\n\n\n<p class=\"wp-block-paragraph\">Je n\u2019y \u00e9tais jamais all\u00e9e.<\/p>\n\n\n\n<p class=\"wp-block-paragraph\">Mais la cl\u00e9 pouvait y correspondre.<\/p>\n\n\n\n<p class=\"wp-block-paragraph\">Nous sommes arriv\u00e9es \u00e0 l\u2019entrep\u00f4t.<\/p>\n\n\n\n<p class=\"wp-block-paragraph\">La serrure s\u2019est ouverte.<\/p>\n\n\n\n<p class=\"wp-block-paragraph\">\u00c0 l\u2019int\u00e9rieur, il n\u2019y avait presque rien.<\/p>\n\n\n\n<p class=\"wp-block-paragraph\">Une table.<\/p>\n\n\n\n<p class=\"wp-block-paragraph\">Une chaise.<\/p>\n\n\n\n<p class=\"wp-block-paragraph\">Une vieille armoire.<\/p>\n\n\n\n<p class=\"wp-block-paragraph\">Et une bo\u00eete noire.<\/p>\n\n\n\n<p class=\"wp-block-paragraph\">Clara me regardait.<\/p>\n\n\n\n<p class=\"wp-block-paragraph\">\u2014 Maman\u2026<\/p>\n\n\n\n<p class=\"wp-block-paragraph\">J\u2019ai ouvert la bo\u00eete.<\/p>\n\n\n\n<p class=\"wp-block-paragraph\">\u00c0 l\u2019int\u00e9rieur se trouvaient des dizaines de dossiers.<\/p>\n\n\n\n<p class=\"wp-block-paragraph\">Des relev\u00e9s bancaires.<\/p>\n\n\n\n<p class=\"wp-block-paragraph\">Des photographies.<\/p>\n\n\n\n<p class=\"wp-block-paragraph\">Des copies de contrats.<\/p>\n\n\n\n<p class=\"wp-block-paragraph\">Et un passeport.<\/p>\n\n\n\n<p class=\"wp-block-paragraph\">Au nom de Sarah.<\/p>\n\n\n\n<p class=\"wp-block-paragraph\">Mais la photo n\u2019\u00e9tait pas celle de Sarah.<\/p>\n\n\n\n<p class=\"wp-block-paragraph\">J\u2019ai senti mon c\u0153ur s&#8217;emballer.<\/p>\n\n\n\n<p class=\"wp-block-paragraph\">\u2014 Ce n\u2019est pas elle.<\/p>\n\n\n\n<p class=\"wp-block-paragraph\">Clara a pris le passeport.<\/p>\n\n\n\n<p class=\"wp-block-paragraph\">\u2014 Alors qui est cette femme ?<\/p>\n\n\n\n<p class=\"wp-block-paragraph\">Une voix derri\u00e8re nous a r\u00e9pondu :<\/p>\n\n\n\n<p class=\"wp-block-paragraph\">\u2014 Sa s\u0153ur.<\/p>\n\n\n\n<p class=\"wp-block-paragraph\">Nous nous sommes retourn\u00e9es.<\/p>\n\n\n\n<p class=\"wp-block-paragraph\">Un homme se tenait dans l\u2019entr\u00e9e.<\/p>\n\n\n\n<p class=\"wp-block-paragraph\">Il devait avoir environ soixante ans.<\/p>\n\n\n\n<p class=\"wp-block-paragraph\">Je ne le connaissais pas.<\/p>\n\n\n\n<p class=\"wp-block-paragraph\">\u2014 Qui \u00eates-vous ?<\/p>\n\n\n\n<p class=\"wp-block-paragraph\">Il a ferm\u00e9 la porte.<\/p>\n\n\n\n<p class=\"wp-block-paragraph\">\u2014 Je m\u2019appelle Victor.<\/p>\n\n\n\n<p class=\"wp-block-paragraph\">\u2014 Que voulez-vous ?<\/p>\n\n\n\n<p class=\"wp-block-paragraph\">\u2014 Vous emp\u00eacher de faire la m\u00eame erreur que Sarah.<\/p>\n\n\n\n<p class=\"wp-block-paragraph\">Clara s\u2019est rapproch\u00e9e de moi.<\/p>\n\n\n\n<p class=\"wp-block-paragraph\">\u2014 Vous connaissiez ma m\u00e8re ?<\/p>\n\n\n\n<p class=\"wp-block-paragraph\">Victor a hoch\u00e9 la t\u00eate.<\/p>\n\n\n\n<p class=\"wp-block-paragraph\">\u2014 Mieux que vous ne le pensez.<\/p>\n\n\n\n<p class=\"wp-block-paragraph\">Il nous a racont\u00e9 une histoire impossible.<\/p>\n\n\n\n<p class=\"wp-block-paragraph\">Sarah avait d\u00e9couvert que Damien utilisait son entreprise pour blanchir de l\u2019argent.<\/p>\n\n\n\n<p class=\"wp-block-paragraph\">Elle avait voulu partir.<\/p>\n\n\n\n<p class=\"wp-block-paragraph\">Mais elle avait d\u00e9couvert quelque chose d\u2019encore plus grave.<\/p>\n\n\n\n<p class=\"wp-block-paragraph\">Damien n\u2019\u00e9tait pas seulement impliqu\u00e9.<\/p>\n\n\n\n<p class=\"wp-block-paragraph\">Il travaillait pour un r\u00e9seau qui utilisait de fausses identit\u00e9s et des soci\u00e9t\u00e9s fictives.<\/p>\n\n\n\n<p class=\"wp-block-paragraph\">Sarah avait commenc\u00e9 \u00e0 r\u00e9unir des preuves.<\/p>\n\n\n\n<p class=\"wp-block-paragraph\">Puis elle avait compris qu\u2019elle \u00e9tait surveill\u00e9e.<\/p>\n\n\n\n<p class=\"wp-block-paragraph\">Elle avait donc pr\u00e9par\u00e9 une disparition.<\/p>\n\n\n\n<p class=\"wp-block-paragraph\">Mais elle n\u2019avait pas eu le temps de la mettre en \u0153uvre.<\/p>\n\n\n\n<p class=\"wp-block-paragraph\">L\u2019accident avait eu lieu avant.<\/p>\n\n\n\n<p class=\"wp-block-paragraph\">\u2014 Vous voulez dire qu\u2019elle a \u00e9t\u00e9 tu\u00e9e ? demandai-je.<\/p>\n\n\n\n<p class=\"wp-block-paragraph\">Victor h\u00e9sita.<\/p>\n\n\n\n<p class=\"wp-block-paragraph\">\u2014 Nous n\u2019avons jamais pu le prouver.<\/p>\n\n\n\n<p class=\"wp-block-paragraph\">Clara tremblait.<\/p>\n\n\n\n<p class=\"wp-block-paragraph\">\u2014 Et mon p\u00e8re ?<\/p>\n\n\n\n<p class=\"wp-block-paragraph\">Victor la regarda.<\/p>\n\n\n\n<p class=\"wp-block-paragraph\">\u2014 Votre p\u00e8re n\u2019\u00e9tait pas Damien.<\/p>\n\n\n\n<p class=\"wp-block-paragraph\">Le silence est devenu assourdissant.<\/p>\n\n\n\n<p class=\"wp-block-paragraph\">\u2014 Quoi ?<\/p>\n\n\n\n<p class=\"wp-block-paragraph\">Victor posa un dossier sur la table.<\/p>\n\n\n\n<p class=\"wp-block-paragraph\">\u2014 Damien avait fait croire \u00e0 Sarah que l\u2019enfant \u00e9tait le sien.<\/p>\n\n\n\n<p class=\"wp-block-paragraph\">J\u2019ai regard\u00e9 Clara.<\/p>\n\n\n\n<p class=\"wp-block-paragraph\">Elle \u00e9tait blanche.<\/p>\n\n\n\n<p class=\"wp-block-paragraph\">\u2014 Alors qui est mon p\u00e8re ?<\/p>\n\n\n\n<p class=\"wp-block-paragraph\">Victor n\u2019a pas r\u00e9pondu.<\/p>\n\n\n\n<p class=\"wp-block-paragraph\">Il a seulement sorti une photographie.<\/p>\n\n\n\n<p class=\"wp-block-paragraph\">Un homme \u00e9tait dessus.<\/p>\n\n\n\n<p class=\"wp-block-paragraph\">Je l\u2019ai imm\u00e9diatement reconnu.<\/p>\n\n\n\n<p class=\"wp-block-paragraph\">Mes jambes ont faibli.<\/p>\n\n\n\n<p class=\"wp-block-paragraph\">\u2014 Non\u2026<\/p>\n\n\n\n<p class=\"wp-block-paragraph\">Clara me regarda.<\/p>\n\n\n\n<p class=\"wp-block-paragraph\">\u2014 Tu le connais ?<\/p>\n\n\n\n<p class=\"wp-block-paragraph\">Je n&#8217;arrivais plus \u00e0 parler.<\/p>\n\n\n\n<p class=\"wp-block-paragraph\">L\u2019homme sur la photo \u00e9tait mon propre fr\u00e8re.<\/p>\n\n\n\n<p class=\"wp-block-paragraph\">Antoine.<\/p>\n\n\n\n<p class=\"wp-block-paragraph\">Il \u00e9tait mort depuis huit ans.<\/p>\n\n\n\n<p class=\"wp-block-paragraph\">Clara \u00e9tait sa fille.<\/p>\n\n\n\n<p class=\"wp-block-paragraph\">La fille de Sarah.<\/p>\n\n\n\n<p class=\"wp-block-paragraph\">Et de mon fr\u00e8re.<\/p>\n\n\n\n<p class=\"wp-block-paragraph\">Tout ce temps, j\u2019avais \u00e9lev\u00e9 ma propre ni\u00e8ce sans le savoir.<\/p>\n\n\n\n<p class=\"wp-block-paragraph\">Mais le plus grand choc n\u2019\u00e9tait pas l\u00e0.<\/p>\n\n\n\n<p class=\"wp-block-paragraph\">Victor m\u2019a tendu un dernier document.<\/p>\n\n\n\n<p class=\"wp-block-paragraph\">Un test g\u00e9n\u00e9tique.<\/p>\n\n\n\n<p class=\"wp-block-paragraph\">Il confirmait la filiation.<\/p>\n\n\n\n<p class=\"wp-block-paragraph\">Puis il dit :<\/p>\n\n\n\n<p class=\"wp-block-paragraph\">\u2014 Sarah savait que votre fr\u00e8re \u00e9tait le p\u00e8re.<\/p>\n\n\n\n<p class=\"wp-block-paragraph\">\u2014 Pourquoi ne m\u2019a-t-elle rien dit ?<\/p>\n\n\n\n<p class=\"wp-block-paragraph\">\u2014 Parce qu\u2019elle avait peur.<\/p>\n\n\n\n<p class=\"wp-block-paragraph\">\u2014 De qui ?<\/p>\n\n\n\n<p class=\"wp-block-paragraph\">Il a baiss\u00e9 la voix.<\/p>\n\n\n\n<p class=\"wp-block-paragraph\">\u2014 De Damien.<\/p>\n\n\n\n<p class=\"wp-block-paragraph\">Puis il ajouta :<\/p>\n\n\n\n<p class=\"wp-block-paragraph\">\u2014 Et parce qu\u2019Antoine \u00e9tait vivant lorsqu\u2019elle est morte.<\/p>\n\n\n\n<p class=\"wp-block-paragraph\">Je me suis tourn\u00e9e vers Clara.<\/p>\n\n\n\n<p class=\"wp-block-paragraph\">\u2014 Quoi ?<\/p>\n\n\n\n<p class=\"wp-block-paragraph\">Victor a sorti une seconde photographie.<\/p>\n\n\n\n<p class=\"wp-block-paragraph\">Un homme devant un h\u00f4tel.<\/p>\n\n\n\n<p class=\"wp-block-paragraph\">Antoine.<\/p>\n\n\n\n<p class=\"wp-block-paragraph\">Vivant.<\/p>\n\n\n\n<p class=\"wp-block-paragraph\">Dat\u00e9e de trois jours apr\u00e8s l\u2019accident de Sarah.<\/p>\n\n\n\n<p class=\"wp-block-paragraph\">Clara s\u2019est mise \u00e0 pleurer.<\/p>\n\n\n\n<p class=\"wp-block-paragraph\">\u2014 Mais\u2026 il est mort.<\/p>\n\n\n\n<p class=\"wp-block-paragraph\">Victor secoua la t\u00eate.<\/p>\n\n\n\n<p class=\"wp-block-paragraph\">\u2014 C\u2019est ce qu\u2019on voulait vous faire croire.<\/p>\n\n\n\n<p class=\"wp-block-paragraph\">Je pensais que nous avions atteint le fond de l\u2019horreur.<\/p>\n\n\n\n<p class=\"wp-block-paragraph\">Nous n\u2019avions m\u00eame pas commenc\u00e9.<\/p>\n\n\n\n<p class=\"wp-block-paragraph\">Nous avons retrouv\u00e9 Antoine deux jours plus tard.<\/p>\n\n\n\n<p class=\"wp-block-paragraph\">Il vivait sous un autre nom.<\/p>\n\n\n\n<p class=\"wp-block-paragraph\">Lorsqu\u2019il a vu Clara, il s\u2019est effondr\u00e9.<\/p>\n\n\n\n<p class=\"wp-block-paragraph\">Il ne l\u2019avait jamais rencontr\u00e9e.<\/p>\n\n\n\n<p class=\"wp-block-paragraph\">Il ne savait m\u00eame pas qu\u2019elle \u00e9tait encore en vie.<\/p>\n\n\n\n<p class=\"wp-block-paragraph\">\u2014 Pourquoi nous avoir abandonn\u00e9es ? demandai-je.<\/p>\n\n\n\n<p class=\"wp-block-paragraph\">Il pleurait.<\/p>\n\n\n\n<p class=\"wp-block-paragraph\">\u2014 Je pensais que Sarah \u00e9tait morte \u00e0 cause de moi.<\/p>\n\n\n\n<p class=\"wp-block-paragraph\">\u2014 Et tu n\u2019as jamais cherch\u00e9 ta fille ?<\/p>\n\n\n\n<p class=\"wp-block-paragraph\">\u2014 J\u2019ai essay\u00e9.<\/p>\n\n\n\n<p class=\"wp-block-paragraph\">\u2014 Alors pourquoi n\u2019es-tu pas venu ?<\/p>\n\n\n\n<p class=\"wp-block-paragraph\">Il me regarda.<\/p>\n\n\n\n<p class=\"wp-block-paragraph\">\u2014 Parce que j\u2019avais re\u00e7u une photo de vous deux.<\/p>\n\n\n\n<p class=\"wp-block-paragraph\">Sur la photo, je tenais Clara dans mes bras.<\/p>\n\n\n\n<p class=\"wp-block-paragraph\">Au dos, une phrase \u00e9tait \u00e9crite :<\/p>\n\n\n\n<p class=\"wp-block-paragraph\"><strong>\u00ab Si tu approches de l\u2019enfant, la prochaine voiture ne ratera pas sa cible. \u00bb<\/strong><\/p>\n\n\n\n<p class=\"wp-block-paragraph\">Je n\u2019ai pas r\u00e9pondu.<\/p>\n\n\n\n<p class=\"wp-block-paragraph\">Pendant treize ans, j\u2019avais cru que le silence de certains \u00e9tait de l\u2019indiff\u00e9rence.<\/p>\n\n\n\n<p class=\"wp-block-paragraph\">En r\u00e9alit\u00e9, parfois, le silence est une forme d\u00e9sesp\u00e9r\u00e9e de protection.<\/p>\n\n\n\n<p class=\"wp-block-paragraph\">Mais il restait une question.<\/p>\n\n\n\n<p class=\"wp-block-paragraph\">Qui nous avait envoy\u00e9 tous ces documents ?<\/p>\n\n\n\n<p class=\"wp-block-paragraph\">Qui avait voulu que Clara d\u00e9couvre la v\u00e9rit\u00e9 \u00e0 dix-huit ans ?<\/p>\n\n\n\n<p class=\"wp-block-paragraph\">Nous l\u2019avons compris quelques semaines plus tard.<\/p>\n\n\n\n<p class=\"wp-block-paragraph\">C\u2019\u00e9tait Sarah.<\/p>\n\n\n\n<p class=\"wp-block-paragraph\">Elle n\u2019\u00e9tait pas morte.<\/p>\n\n\n\n<p class=\"wp-block-paragraph\">Du moins, pas ce jour-l\u00e0.<\/p>\n\n\n\n<p class=\"wp-block-paragraph\">Elle avait surv\u00e9cu \u00e0 l\u2019accident.<\/p>\n\n\n\n<p class=\"wp-block-paragraph\">Gri\u00e8vement bless\u00e9e, elle avait \u00e9t\u00e9 emmen\u00e9e dans un h\u00f4pital sous une fausse identit\u00e9.<\/p>\n\n\n\n<p class=\"wp-block-paragraph\">Elle avait ensuite disparu.<\/p>\n\n\n\n<p class=\"wp-block-paragraph\">Elle avait pass\u00e9 treize ans \u00e0 r\u00e9unir des preuves contre ceux qui avaient d\u00e9truit sa vie.<\/p>\n\n\n\n<p class=\"wp-block-paragraph\">Et lorsque Clara avait eu dix-huit ans, elle avait enfin d\u00e9cid\u00e9 de revenir.<\/p>\n\n\n\n<p class=\"wp-block-paragraph\">Un soir, quelqu\u2019un a frapp\u00e9 \u00e0 ma porte.<\/p>\n\n\n\n<p class=\"wp-block-paragraph\">J\u2019ai ouvert.<\/p>\n\n\n\n<p class=\"wp-block-paragraph\">Une femme se tenait devant moi.<\/p>\n\n\n\n<p class=\"wp-block-paragraph\">Cheveux courts.<\/p>\n\n\n\n<p class=\"wp-block-paragraph\">Visage amaigri.<\/p>\n\n\n\n<p class=\"wp-block-paragraph\">Regard fatigu\u00e9.<\/p>\n\n\n\n<p class=\"wp-block-paragraph\">Mais je l\u2019ai reconnue imm\u00e9diatement.<\/p>\n\n\n\n<p class=\"wp-block-paragraph\">Mes mains se sont mises \u00e0 trembler.<\/p>\n\n\n\n<p class=\"wp-block-paragraph\">\u2014 Sarah ?<\/p>\n\n\n\n<p class=\"wp-block-paragraph\">Elle a souri \u00e0 travers ses larmes.<\/p>\n\n\n\n<p class=\"wp-block-paragraph\">\u2014 Tu as tenu ta promesse.<\/p>\n\n\n\n<p class=\"wp-block-paragraph\">Je n\u2019ai pas r\u00e9fl\u00e9chi.<\/p>\n\n\n\n<p class=\"wp-block-paragraph\">Je l\u2019ai prise dans mes bras.<\/p>\n\n\n\n<p class=\"wp-block-paragraph\">Nous avons pleur\u00e9 comme deux jeunes filles qui se retrouvaient apr\u00e8s une guerre.<\/p>\n\n\n\n<p class=\"wp-block-paragraph\">Puis Clara est arriv\u00e9e derri\u00e8re moi.<\/p>\n\n\n\n<p class=\"wp-block-paragraph\">Elle s\u2019est arr\u00eat\u00e9e.<\/p>\n\n\n\n<p class=\"wp-block-paragraph\">Elle regardait cette inconnue.<\/p>\n\n\n\n<p class=\"wp-block-paragraph\">Sarah a murmur\u00e9 :<\/p>\n\n\n\n<p class=\"wp-block-paragraph\">\u2014 Bonjour, ma ch\u00e9rie.<\/p>\n\n\n\n<p class=\"wp-block-paragraph\">Clara n\u2019a pas boug\u00e9.<\/p>\n\n\n\n<p class=\"wp-block-paragraph\">Elle pleurait.<\/p>\n\n\n\n<p class=\"wp-block-paragraph\">\u2014 Tu es ma m\u00e8re ?<\/p>\n\n\n\n<p class=\"wp-block-paragraph\">Sarah a hoch\u00e9 la t\u00eate.<\/p>\n\n\n\n<p class=\"wp-block-paragraph\">\u2014 Oui.<\/p>\n\n\n\n<p class=\"wp-block-paragraph\">Clara a fait un pas.<\/p>\n\n\n\n<p class=\"wp-block-paragraph\">Puis un autre.<\/p>\n\n\n\n<p class=\"wp-block-paragraph\">Et elle s\u2019est jet\u00e9e dans ses bras.<\/p>\n\n\n\n<p class=\"wp-block-paragraph\">Je les ai regard\u00e9es sans savoir si je devais rire ou pleurer.<\/p>\n\n\n\n<p class=\"wp-block-paragraph\">J\u2019avais pass\u00e9 treize ans \u00e0 croire que j\u2019avais remplac\u00e9 une m\u00e8re morte.<\/p>\n\n\n\n<p class=\"wp-block-paragraph\">Je d\u00e9couvrais finalement que je n\u2019avais jamais remplac\u00e9 Sarah.<\/p>\n\n\n\n<p class=\"wp-block-paragraph\">J\u2019avais simplement gard\u00e9 sa place au chaud.<\/p>\n\n\n\n<p class=\"wp-block-paragraph\">J\u2019avais \u00e9t\u00e9 la m\u00e8re qui restait.<\/p>\n\n\n\n<p class=\"wp-block-paragraph\">Celle qui conduisait aux urgences.<\/p>\n\n\n\n<p class=\"wp-block-paragraph\">Celle qui pr\u00e9parait les anniversaires.<\/p>\n\n\n\n<p class=\"wp-block-paragraph\">Celle qui s\u00e9chait les larmes.<\/p>\n\n\n\n<p class=\"wp-block-paragraph\">Celle qui attendait devant la porte quand Clara rentrait tard.<\/p>\n\n\n\n<p class=\"wp-block-paragraph\">Et m\u00eame si Sarah \u00e9tait revenue, une chose ne changerait jamais.<\/p>\n\n\n\n<p class=\"wp-block-paragraph\">Clara \u00e9tait ma fille.<\/p>\n\n\n\n<p class=\"wp-block-paragraph\">Pas parce que je l\u2019avais mise au monde.<\/p>\n\n\n\n<p class=\"wp-block-paragraph\">Parce que je l\u2019avais choisie.<\/p>\n\n\n\n<p class=\"wp-block-paragraph\">Et elle m\u2019avait choisie aussi.<\/p>\n\n\n\n<p class=\"wp-block-paragraph\">Quelques mois plus tard, nous avons d\u00e9m\u00e9nag\u00e9.<\/p>\n\n\n\n<p class=\"wp-block-paragraph\">Toutes les trois.<\/p>\n\n\n\n<p class=\"wp-block-paragraph\">Sarah, Clara et moi.<\/p>\n\n\n\n<p class=\"wp-block-paragraph\">Antoine est \u00e9galement revenu dans nos vies, mais il a d\u00fb r\u00e9pondre de ses propres d\u00e9cisions et de ses ann\u00e9es de silence.<\/p>\n\n\n\n<p class=\"wp-block-paragraph\">Quant \u00e0 Damien, les preuves retrouv\u00e9es dans l\u2019entrep\u00f4t ont finalement permis de r\u00e9v\u00e9ler toute son organisation.<\/p>\n\n\n\n<p class=\"wp-block-paragraph\">Il avait menti pendant des ann\u00e9es.<\/p>\n\n\n\n<p class=\"wp-block-paragraph\">\u00c0 Sarah.<\/p>\n\n\n\n<p class=\"wp-block-paragraph\">\u00c0 Antoine.<\/p>\n\n\n\n<p class=\"wp-block-paragraph\">\u00c0 moi.<\/p>\n\n\n\n<p class=\"wp-block-paragraph\">Et surtout \u00e0 Clara.<\/p>\n\n\n\n<p class=\"wp-block-paragraph\">Mais il n\u2019avait jamais r\u00e9ussi \u00e0 d\u00e9truire la seule chose qu\u2019il ne comprenait pas.<\/p>\n\n\n\n<p class=\"wp-block-paragraph\">Une famille peut na\u00eetre du sang.<\/p>\n\n\n\n<p class=\"wp-block-paragraph\">Mais elle peut aussi na\u00eetre d\u2019une promesse.<\/p>\n\n\n\n<p class=\"wp-block-paragraph\">Ce soir-l\u00e0, lorsque Clara m\u2019a regard\u00e9e et m\u2019a dit :<\/p>\n\n\n\n<p class=\"wp-block-paragraph\">\u2014 Maman, fais tes valises.<\/p>\n\n\n\n<p class=\"wp-block-paragraph\">Je pensais qu\u2019elle voulait me faire fuir.<\/p>\n\n\n\n<p class=\"wp-block-paragraph\">Je pensais qu\u2019elle avait d\u00e9couvert quelque chose qui allait nous s\u00e9parer.<\/p>\n\n\n\n<p class=\"wp-block-paragraph\">Je me trompais.<\/p>\n\n\n\n<p class=\"wp-block-paragraph\">Elle voulait simplement m\u2019emmener vers la v\u00e9rit\u00e9.<\/p>\n\n\n\n<p class=\"wp-block-paragraph\">Et maintenant, chaque fois que je repense \u00e0 cette matin\u00e9e, je comprends une chose :<\/p>\n\n\n\n<p class=\"wp-block-paragraph\"><strong>Il existe des enfants que l\u2019on met au monde\u2026 et d\u2019autres que la vie nous confie.<\/strong><\/p>\n\n\n\n<p class=\"wp-block-paragraph\">Moi, j\u2019avais re\u00e7u Clara comme un cadeau apr\u00e8s avoir perdu ma meilleure amie.<\/p>\n\n\n\n<p class=\"wp-block-paragraph\">Pendant treize ans, j\u2019avais cru que je l\u2019avais sauv\u00e9e.<\/p>\n\n\n\n<p class=\"wp-block-paragraph\">Mais la v\u00e9rit\u00e9 \u00e9tait beaucoup plus belle.<\/p>\n\n\n\n<p class=\"wp-block-paragraph\"><strong>C\u2019est elle qui m\u2019avait appris ce que signifie r\u00e9ellement \u00eatre une m\u00e8re.<\/strong><\/p>\n\n\n\n<p class=\"wp-block-paragraph\"><\/p>\n","protected":false},"excerpt":{"rendered":"Je n\u2019oublierai jamais la fa\u00e7on dont ma fille m\u2019a regard\u00e9e ce matin-l\u00e0. Pas avec col\u00e8re. Pas avec tristesse. Avec une d\u00e9termination qui m\u2019a \n<a class=\"moretag\" href=\"https:\/\/gazeta.am\/?p=5282\"> [...]<\/a>","protected":false},"author":1,"featured_media":5283,"comment_status":"open","ping_status":"open","sticky":false,"template":"","format":"standard","meta":{"footnotes":""},"categories":[1],"tags":[],"class_list":["post-5282","post","type-post","status-publish","format-standard","has-post-thumbnail","hentry","category-1"],"yoast_head":"<!-- This site is optimized with the Yoast SEO plugin v28.3 - https:\/\/yoast.com\/product\/yoast-seo-wordpress\/ -->\n<title>Le jour de ses dix-huit ans, ma fille adoptive m\u2019a dit : \u00ab Fais tes valises. Nous devons partir avant qu\u2019ils arrivent. \u00bb -<\/title>\n<meta name=\"robots\" content=\"index, follow, max-snippet:-1, max-image-preview:large, max-video-preview:-1\" \/>\n<link rel=\"canonical\" href=\"https:\/\/gazeta.am\/?p=5282\" \/>\n<meta property=\"og:locale\" content=\"ru_RU\" \/>\n<meta property=\"og:type\" content=\"article\" \/>\n<meta property=\"og:title\" content=\"Le jour de ses dix-huit ans, ma fille adoptive m\u2019a dit : \u00ab Fais tes valises. Nous devons partir avant qu\u2019ils arrivent. \u00bb -\" \/>\n<meta property=\"og:description\" content=\"Je n\u2019oublierai jamais la fa\u00e7on dont ma fille m\u2019a regard\u00e9e ce matin-l\u00e0. Pas avec col\u00e8re. Pas avec tristesse. Avec une d\u00e9termination qui m\u2019a\" \/>\n<meta property=\"og:url\" content=\"https:\/\/gazeta.am\/?p=5282\" \/>\n<meta property=\"article:published_time\" content=\"2026-08-30T19:13:05+00:00\" \/>\n<meta property=\"article:modified_time\" content=\"2026-08-30T19:13:07+00:00\" \/>\n<meta property=\"og:image\" content=\"https:\/\/gazeta.am\/wp-content\/uploads\/2026\/08\/4-31.png\" \/>\n\t<meta property=\"og:image:width\" content=\"1072\" \/>\n\t<meta property=\"og:image:height\" content=\"1055\" \/>\n\t<meta property=\"og:image:type\" content=\"image\/png\" \/>\n<meta name=\"author\" content=\"admin\" \/>\n<meta name=\"twitter:card\" content=\"summary_large_image\" \/>\n<meta name=\"twitter:label1\" content=\"\u041d\u0430\u043f\u0438\u0441\u0430\u043d\u043e \u0430\u0432\u0442\u043e\u0440\u043e\u043c\" \/>\n\t<meta name=\"twitter:data1\" content=\"admin\" \/>\n\t<meta name=\"twitter:label2\" content=\"\u041f\u0440\u0438\u043c\u0435\u0440\u043d\u043e\u0435 \u0432\u0440\u0435\u043c\u044f \u0434\u043b\u044f \u0447\u0442\u0435\u043d\u0438\u044f\" \/>\n\t<meta name=\"twitter:data2\" content=\"14 \u043c\u0438\u043d\u0443\u0442\" \/>\n<script type=\"application\/ld+json\" class=\"yoast-schema-graph\">{\"@context\":\"https:\\\/\\\/schema.org\",\"@graph\":[{\"@type\":\"Article\",\"@id\":\"https:\\\/\\\/gazeta.am\\\/?p=5282#article\",\"isPartOf\":{\"@id\":\"https:\\\/\\\/gazeta.am\\\/?p=5282\"},\"author\":{\"name\":\"admin\",\"@id\":\"https:\\\/\\\/gazeta.am\\\/#\\\/schema\\\/person\\\/987709955e760c9a1ebbb44776f8cccc\"},\"headline\":\"Le jour de ses dix-huit ans, ma fille adoptive m\u2019a dit : \u00ab Fais tes valises. Nous devons partir avant qu\u2019ils arrivent. \u00bb\",\"datePublished\":\"2026-08-30T19:13:05+00:00\",\"dateModified\":\"2026-08-30T19:13:07+00:00\",\"mainEntityOfPage\":{\"@id\":\"https:\\\/\\\/gazeta.am\\\/?p=5282\"},\"wordCount\":2750,\"commentCount\":0,\"image\":{\"@id\":\"https:\\\/\\\/gazeta.am\\\/?p=5282#primaryimage\"},\"thumbnailUrl\":\"https:\\\/\\\/gazeta.am\\\/wp-content\\\/uploads\\\/2026\\\/08\\\/4-31.png\",\"articleSection\":[\"NEWS\"],\"inLanguage\":\"ru-RU\",\"potentialAction\":[{\"@type\":\"CommentAction\",\"name\":\"Comment\",\"target\":[\"https:\\\/\\\/gazeta.am\\\/?p=5282#respond\"]}]},{\"@type\":\"WebPage\",\"@id\":\"https:\\\/\\\/gazeta.am\\\/?p=5282\",\"url\":\"https:\\\/\\\/gazeta.am\\\/?p=5282\",\"name\":\"Le jour de ses dix-huit ans, ma fille adoptive m\u2019a dit : \u00ab Fais tes valises. Nous devons partir avant qu\u2019ils arrivent. \u00bb -\",\"isPartOf\":{\"@id\":\"https:\\\/\\\/gazeta.am\\\/#website\"},\"primaryImageOfPage\":{\"@id\":\"https:\\\/\\\/gazeta.am\\\/?p=5282#primaryimage\"},\"image\":{\"@id\":\"https:\\\/\\\/gazeta.am\\\/?p=5282#primaryimage\"},\"thumbnailUrl\":\"https:\\\/\\\/gazeta.am\\\/wp-content\\\/uploads\\\/2026\\\/08\\\/4-31.png\",\"datePublished\":\"2026-08-30T19:13:05+00:00\",\"dateModified\":\"2026-08-30T19:13:07+00:00\",\"author\":{\"@id\":\"https:\\\/\\\/gazeta.am\\\/#\\\/schema\\\/person\\\/987709955e760c9a1ebbb44776f8cccc\"},\"breadcrumb\":{\"@id\":\"https:\\\/\\\/gazeta.am\\\/?p=5282#breadcrumb\"},\"inLanguage\":\"ru-RU\",\"potentialAction\":[{\"@type\":\"ReadAction\",\"target\":[\"https:\\\/\\\/gazeta.am\\\/?p=5282\"]}]},{\"@type\":\"ImageObject\",\"inLanguage\":\"ru-RU\",\"@id\":\"https:\\\/\\\/gazeta.am\\\/?p=5282#primaryimage\",\"url\":\"https:\\\/\\\/gazeta.am\\\/wp-content\\\/uploads\\\/2026\\\/08\\\/4-31.png\",\"contentUrl\":\"https:\\\/\\\/gazeta.am\\\/wp-content\\\/uploads\\\/2026\\\/08\\\/4-31.png\",\"width\":1072,\"height\":1055},{\"@type\":\"BreadcrumbList\",\"@id\":\"https:\\\/\\\/gazeta.am\\\/?p=5282#breadcrumb\",\"itemListElement\":[{\"@type\":\"ListItem\",\"position\":1,\"name\":\"\u0413\u043b\u0430\u0432\u043d\u0430\u044f \u0441\u0442\u0440\u0430\u043d\u0438\u0446\u0430\",\"item\":\"https:\\\/\\\/gazeta.am\\\/\"},{\"@type\":\"ListItem\",\"position\":2,\"name\":\"Le jour de ses dix-huit ans, ma fille adoptive m\u2019a dit : \u00ab Fais tes valises. Nous devons partir avant qu\u2019ils arrivent. \u00bb\"}]},{\"@type\":\"WebSite\",\"@id\":\"https:\\\/\\\/gazeta.am\\\/#website\",\"url\":\"https:\\\/\\\/gazeta.am\\\/\",\"name\":\"\",\"description\":\"\",\"potentialAction\":[{\"@type\":\"SearchAction\",\"target\":{\"@type\":\"EntryPoint\",\"urlTemplate\":\"https:\\\/\\\/gazeta.am\\\/?s={search_term_string}\"},\"query-input\":{\"@type\":\"PropertyValueSpecification\",\"valueRequired\":true,\"valueName\":\"search_term_string\"}}],\"inLanguage\":\"ru-RU\"},{\"@type\":\"Person\",\"@id\":\"https:\\\/\\\/gazeta.am\\\/#\\\/schema\\\/person\\\/987709955e760c9a1ebbb44776f8cccc\",\"name\":\"admin\",\"image\":{\"@type\":\"ImageObject\",\"inLanguage\":\"ru-RU\",\"@id\":\"https:\\\/\\\/secure.gravatar.com\\\/avatar\\\/a24f4ac3a683f3c87303db525abc00db51ea26ccedee11dfaf1cc0f9a481a5d2?s=96&d=mm&r=g\",\"url\":\"https:\\\/\\\/secure.gravatar.com\\\/avatar\\\/a24f4ac3a683f3c87303db525abc00db51ea26ccedee11dfaf1cc0f9a481a5d2?s=96&d=mm&r=g\",\"contentUrl\":\"https:\\\/\\\/secure.gravatar.com\\\/avatar\\\/a24f4ac3a683f3c87303db525abc00db51ea26ccedee11dfaf1cc0f9a481a5d2?s=96&d=mm&r=g\",\"caption\":\"admin\"},\"sameAs\":[\"http:\\\/\\\/gazeta.am\"],\"url\":\"https:\\\/\\\/gazeta.am\\\/?author=1\"}]}<\/script>\n<!-- \/ Yoast SEO plugin. -->","yoast_head_json":{"title":"Le jour de ses dix-huit ans, ma fille adoptive m\u2019a dit : \u00ab Fais tes valises. Nous devons partir avant qu\u2019ils arrivent. \u00bb -","robots":{"index":"index","follow":"follow","max-snippet":"max-snippet:-1","max-image-preview":"max-image-preview:large","max-video-preview":"max-video-preview:-1"},"canonical":"https:\/\/gazeta.am\/?p=5282","og_locale":"ru_RU","og_type":"article","og_title":"Le jour de ses dix-huit ans, ma fille adoptive m\u2019a dit : \u00ab Fais tes valises. Nous devons partir avant qu\u2019ils arrivent. \u00bb -","og_description":"Je n\u2019oublierai jamais la fa\u00e7on dont ma fille m\u2019a regard\u00e9e ce matin-l\u00e0. Pas avec col\u00e8re. Pas avec tristesse. Avec une d\u00e9termination qui m\u2019a","og_url":"https:\/\/gazeta.am\/?p=5282","article_published_time":"2026-08-30T19:13:05+00:00","article_modified_time":"2026-08-30T19:13:07+00:00","og_image":[{"width":1072,"height":1055,"url":"https:\/\/gazeta.am\/wp-content\/uploads\/2026\/08\/4-31.png","type":"image\/png"}],"author":"admin","twitter_card":"summary_large_image","twitter_misc":{"\u041d\u0430\u043f\u0438\u0441\u0430\u043d\u043e \u0430\u0432\u0442\u043e\u0440\u043e\u043c":"admin","\u041f\u0440\u0438\u043c\u0435\u0440\u043d\u043e\u0435 \u0432\u0440\u0435\u043c\u044f \u0434\u043b\u044f \u0447\u0442\u0435\u043d\u0438\u044f":"14 \u043c\u0438\u043d\u0443\u0442"},"schema":{"@context":"https:\/\/schema.org","@graph":[{"@type":"Article","@id":"https:\/\/gazeta.am\/?p=5282#article","isPartOf":{"@id":"https:\/\/gazeta.am\/?p=5282"},"author":{"name":"admin","@id":"https:\/\/gazeta.am\/#\/schema\/person\/987709955e760c9a1ebbb44776f8cccc"},"headline":"Le jour de ses dix-huit ans, ma fille adoptive m\u2019a dit : \u00ab Fais tes valises. Nous devons partir avant qu\u2019ils arrivent. \u00bb","datePublished":"2026-08-30T19:13:05+00:00","dateModified":"2026-08-30T19:13:07+00:00","mainEntityOfPage":{"@id":"https:\/\/gazeta.am\/?p=5282"},"wordCount":2750,"commentCount":0,"image":{"@id":"https:\/\/gazeta.am\/?p=5282#primaryimage"},"thumbnailUrl":"https:\/\/gazeta.am\/wp-content\/uploads\/2026\/08\/4-31.png","articleSection":["NEWS"],"inLanguage":"ru-RU","potentialAction":[{"@type":"CommentAction","name":"Comment","target":["https:\/\/gazeta.am\/?p=5282#respond"]}]},{"@type":"WebPage","@id":"https:\/\/gazeta.am\/?p=5282","url":"https:\/\/gazeta.am\/?p=5282","name":"Le jour de ses dix-huit ans, ma fille adoptive m\u2019a dit : \u00ab Fais tes valises. Nous devons partir avant qu\u2019ils arrivent. \u00bb -","isPartOf":{"@id":"https:\/\/gazeta.am\/#website"},"primaryImageOfPage":{"@id":"https:\/\/gazeta.am\/?p=5282#primaryimage"},"image":{"@id":"https:\/\/gazeta.am\/?p=5282#primaryimage"},"thumbnailUrl":"https:\/\/gazeta.am\/wp-content\/uploads\/2026\/08\/4-31.png","datePublished":"2026-08-30T19:13:05+00:00","dateModified":"2026-08-30T19:13:07+00:00","author":{"@id":"https:\/\/gazeta.am\/#\/schema\/person\/987709955e760c9a1ebbb44776f8cccc"},"breadcrumb":{"@id":"https:\/\/gazeta.am\/?p=5282#breadcrumb"},"inLanguage":"ru-RU","potentialAction":[{"@type":"ReadAction","target":["https:\/\/gazeta.am\/?p=5282"]}]},{"@type":"ImageObject","inLanguage":"ru-RU","@id":"https:\/\/gazeta.am\/?p=5282#primaryimage","url":"https:\/\/gazeta.am\/wp-content\/uploads\/2026\/08\/4-31.png","contentUrl":"https:\/\/gazeta.am\/wp-content\/uploads\/2026\/08\/4-31.png","width":1072,"height":1055},{"@type":"BreadcrumbList","@id":"https:\/\/gazeta.am\/?p=5282#breadcrumb","itemListElement":[{"@type":"ListItem","position":1,"name":"\u0413\u043b\u0430\u0432\u043d\u0430\u044f \u0441\u0442\u0440\u0430\u043d\u0438\u0446\u0430","item":"https:\/\/gazeta.am\/"},{"@type":"ListItem","position":2,"name":"Le jour de ses dix-huit ans, ma fille adoptive m\u2019a dit : \u00ab Fais tes valises. Nous devons partir avant qu\u2019ils arrivent. \u00bb"}]},{"@type":"WebSite","@id":"https:\/\/gazeta.am\/#website","url":"https:\/\/gazeta.am\/","name":"","description":"","potentialAction":[{"@type":"SearchAction","target":{"@type":"EntryPoint","urlTemplate":"https:\/\/gazeta.am\/?s={search_term_string}"},"query-input":{"@type":"PropertyValueSpecification","valueRequired":true,"valueName":"search_term_string"}}],"inLanguage":"ru-RU"},{"@type":"Person","@id":"https:\/\/gazeta.am\/#\/schema\/person\/987709955e760c9a1ebbb44776f8cccc","name":"admin","image":{"@type":"ImageObject","inLanguage":"ru-RU","@id":"https:\/\/secure.gravatar.com\/avatar\/a24f4ac3a683f3c87303db525abc00db51ea26ccedee11dfaf1cc0f9a481a5d2?s=96&d=mm&r=g","url":"https:\/\/secure.gravatar.com\/avatar\/a24f4ac3a683f3c87303db525abc00db51ea26ccedee11dfaf1cc0f9a481a5d2?s=96&d=mm&r=g","contentUrl":"https:\/\/secure.gravatar.com\/avatar\/a24f4ac3a683f3c87303db525abc00db51ea26ccedee11dfaf1cc0f9a481a5d2?s=96&d=mm&r=g","caption":"admin"},"sameAs":["http:\/\/gazeta.am"],"url":"https:\/\/gazeta.am\/?author=1"}]}},"_links":{"self":[{"href":"https:\/\/gazeta.am\/index.php?rest_route=\/wp\/v2\/posts\/5282","targetHints":{"allow":["GET"]}}],"collection":[{"href":"https:\/\/gazeta.am\/index.php?rest_route=\/wp\/v2\/posts"}],"about":[{"href":"https:\/\/gazeta.am\/index.php?rest_route=\/wp\/v2\/types\/post"}],"author":[{"embeddable":true,"href":"https:\/\/gazeta.am\/index.php?rest_route=\/wp\/v2\/users\/1"}],"replies":[{"embeddable":true,"href":"https:\/\/gazeta.am\/index.php?rest_route=%2Fwp%2Fv2%2Fcomments&post=5282"}],"version-history":[{"count":1,"href":"https:\/\/gazeta.am\/index.php?rest_route=\/wp\/v2\/posts\/5282\/revisions"}],"predecessor-version":[{"id":5284,"href":"https:\/\/gazeta.am\/index.php?rest_route=\/wp\/v2\/posts\/5282\/revisions\/5284"}],"wp:featuredmedia":[{"embeddable":true,"href":"https:\/\/gazeta.am\/index.php?rest_route=\/wp\/v2\/media\/5283"}],"wp:attachment":[{"href":"https:\/\/gazeta.am\/index.php?rest_route=%2Fwp%2Fv2%2Fmedia&parent=5282"}],"wp:term":[{"taxonomy":"category","embeddable":true,"href":"https:\/\/gazeta.am\/index.php?rest_route=%2Fwp%2Fv2%2Fcategories&post=5282"},{"taxonomy":"post_tag","embeddable":true,"href":"https:\/\/gazeta.am\/index.php?rest_route=%2Fwp%2Fv2%2Ftags&post=5282"}],"curies":[{"name":"wp","href":"https:\/\/api.w.org\/{rel}","templated":true}]}}