{"id":2968,"date":"2026-05-03T11:35:54","date_gmt":"2026-05-03T08:35:54","guid":{"rendered":"https:\/\/gazeta.am\/?p=2968"},"modified":"2026-05-03T11:39:02","modified_gmt":"2026-05-03T08:39:02","slug":"le-garcon-et-le-predateur","status":"publish","type":"post","link":"https:\/\/gazeta.am\/?p=2968","title":{"rendered":"LE GAR\u00c7ON ET LE PR\u00c9DATEUR"},"content":{"rendered":"\n<p>Ce jour-l\u00e0 aurait d\u00fb \u00eatre comme tous les autres.<\/p>\n\n\n\n<p>Un de ces apr\u00e8s-midis simples, presque oubliables, o\u00f9 l\u2019enfance court sans penser, rit sans raison, et croit que le monde est encore un endroit s\u00fbr.<\/p>\n\n\n\n<p>Ils \u00e9taient quatre.<\/p>\n\n\n\n<p>Quatre enfants perdus dans l\u2019immensit\u00e9 de la ta\u00efga.<\/p>\n\n\n\n<p>Les arbres montaient si haut qu\u2019ils semblaient toucher le ciel. L\u2019air sentait la r\u00e9sine, la terre humide, et le silence ancien des for\u00eats o\u00f9 l\u2019homme n\u2019est qu\u2019un visiteur.<\/p>\n\n\n\n<p>Ils couraient.<\/p>\n\n\n\n<p>Ils criaient.<\/p>\n\n\n\n<p>Ils se lan\u00e7aient des pommes de pin.<\/p>\n\n\n\n<p>Ils riaient si fort que leurs voix se perdaient entre les troncs, comme si la for\u00eat elle-m\u00eame les avalait.<\/p>\n\n\n\n<p>Personne ne faisait attention au temps.<\/p>\n\n\n\n<p>Personne ne pensait au danger.<\/p>\n\n\n\n<p>Jusqu\u2019au moment o\u00f9 le monde a chang\u00e9.<\/p>\n\n\n\n<figure class=\"wp-block-image size-full\"><img loading=\"lazy\" decoding=\"async\" width=\"717\" height=\"781\" src=\"https:\/\/gazeta.am\/wp-content\/uploads\/2026\/05\/1c-6.jpg\" alt=\"\" class=\"wp-image-2969\" srcset=\"https:\/\/gazeta.am\/wp-content\/uploads\/2026\/05\/1c-6.jpg 717w, https:\/\/gazeta.am\/wp-content\/uploads\/2026\/05\/1c-6-275x300.jpg 275w\" sizes=\"auto, (max-width: 717px) 100vw, 717px\" \/><\/figure>\n\n\n\n<hr class=\"wp-block-separator has-alpha-channel-opacity\"\/>\n\n\n\n<p>Au d\u00e9but, ce n\u2019\u00e9tait qu\u2019un bruit.<\/p>\n\n\n\n<p>Un son \u00e9trange.<\/p>\n\n\n\n<p>Lourd.<\/p>\n\n\n\n<p>Sourd.<\/p>\n\n\n\n<p>Comme si quelque chose frappait contre du bois.<\/p>\n\n\n\n<p>Encore.<\/p>\n\n\n\n<p>Et encore.<\/p>\n\n\n\n<p>Puis\u2026 un rugissement.<\/p>\n\n\n\n<p>Pas un cri ordinaire.<\/p>\n\n\n\n<p>Pas celui d\u2019un animal qu\u2019on entend au loin.<\/p>\n\n\n\n<p>Non.<\/p>\n\n\n\n<p>C\u2019\u00e9tait proche.<\/p>\n\n\n\n<p>Trop proche.<\/p>\n\n\n\n<p>Les enfants se sont fig\u00e9s.<\/p>\n\n\n\n<p>Instantan\u00e9ment.<\/p>\n\n\n\n<p>Le silence est tomb\u00e9 comme une pierre.<\/p>\n\n\n\n<p>Leurs rires se sont \u00e9teints.<\/p>\n\n\n\n<p>Leurs regards se sont crois\u00e9s.<\/p>\n\n\n\n<p>Quelque chose n\u2019allait pas.<\/p>\n\n\n\n<p>Quelque chose n\u2019\u00e9tait pas normal.<\/p>\n\n\n\n<hr class=\"wp-block-separator has-alpha-channel-opacity\"\/>\n\n\n\n<p>\u2014 Tu as entendu\u2026 ? murmura l\u2019un d\u2019eux.<\/p>\n\n\n\n<p>Personne ne r\u00e9pondit.<\/p>\n\n\n\n<p>Ils avanc\u00e8rent.<\/p>\n\n\n\n<p>Lentement.<\/p>\n\n\n\n<p>Pas \u00e0 pas.<\/p>\n\n\n\n<p>Comme attir\u00e9s par une force qu\u2019ils ne comprenaient pas.<\/p>\n\n\n\n<p>Le bruit continua.<\/p>\n\n\n\n<p>Un choc.<\/p>\n\n\n\n<p>Un grondement.<\/p>\n\n\n\n<p>Puis un autre rugissement, plus profond, plus bris\u00e9.<\/p>\n\n\n\n<p>Ils s\u2019approch\u00e8rent encore.<\/p>\n\n\n\n<p>Et puis\u2026<\/p>\n\n\n\n<p>ils l\u2019ont vu.<\/p>\n\n\n\n<hr class=\"wp-block-separator has-alpha-channel-opacity\"\/>\n\n\n\n<p>Le tronc de l\u2019arbre \u00e9tait \u00e9norme.<\/p>\n\n\n\n<p>Ancien.<\/p>\n\n\n\n<p>Fendu par le temps.<\/p>\n\n\n\n<p>Une ouverture irr\u00e9guli\u00e8re d\u00e9chirait le bois, comme une cicatrice.<\/p>\n\n\n\n<p>Et \u00e0 l\u2019int\u00e9rieur\u2026<\/p>\n\n\n\n<p>quelque chose bougeait.<\/p>\n\n\n\n<p>Non.<\/p>\n\n\n\n<p>Quelqu\u2019un.<\/p>\n\n\n\n<p>Un corps.<\/p>\n\n\n\n<p>Une masse vivante.<\/p>\n\n\n\n<p>Bloqu\u00e9e.<\/p>\n\n\n\n<p>Coinc\u00e9e.<\/p>\n\n\n\n<p>L\u2019animal se d\u00e9battait.<\/p>\n\n\n\n<p>Ses pattes appuyaient contre le bois, ses muscles tendus \u00e0 l\u2019extr\u00eame.<\/p>\n\n\n\n<p>Et quand il tourna la t\u00eate\u2026<\/p>\n\n\n\n<p>leurs c\u0153urs s\u2019arr\u00eat\u00e8rent.<\/p>\n\n\n\n<p>Un lion.<\/p>\n\n\n\n<hr class=\"wp-block-separator has-alpha-channel-opacity\"\/>\n\n\n\n<p>\u2014 Un\u2026 lion\u2026 souffla une voix tremblante.<\/p>\n\n\n\n<p>Le mot lui-m\u00eame semblait interdit dans cet endroit.<\/p>\n\n\n\n<p>Impossible.<\/p>\n\n\n\n<p>Un lion\u2026 ici ?<\/p>\n\n\n\n<p>Ses yeux \u00e9taient fous.<\/p>\n\n\n\n<p>Pas de rage.<\/p>\n\n\n\n<p>Pas encore.<\/p>\n\n\n\n<p>Mais de la peur.<\/p>\n\n\n\n<p>Une peur brute.<\/p>\n\n\n\n<p>Instinctive.<\/p>\n\n\n\n<p>Il rugit \u00e0 nouveau, et cette fois, le son vibra dans leurs poitrines.<\/p>\n\n\n\n<p>C\u2019\u00e9tait trop.<\/p>\n\n\n\n<p>Les enfants cri\u00e8rent.<\/p>\n\n\n\n<p>Ils se dispers\u00e8rent.<\/p>\n\n\n\n<p>Certains tomb\u00e8rent.<\/p>\n\n\n\n<p>D\u2019autres coururent sans regarder derri\u00e8re eux.<\/p>\n\n\n\n<p>En quelques secondes\u2026<\/p>\n\n\n\n<p>il ne resta qu\u2019un seul gar\u00e7on.<\/p>\n\n\n\n<hr class=\"wp-block-separator has-alpha-channel-opacity\"\/>\n\n\n\n<p>Il ne bougeait pas.<\/p>\n\n\n\n<p>Ses jambes tremblaient.<\/p>\n\n\n\n<p>Son c\u0153ur battait si fort qu\u2019il n\u2019entendait presque plus rien.<\/p>\n\n\n\n<p>Tout en lui criait de fuir.<\/p>\n\n\n\n<p>De courir.<\/p>\n\n\n\n<p>De survivre.<\/p>\n\n\n\n<p>Mais quelque chose d\u2019autre\u2026<\/p>\n\n\n\n<p>plus profond\u2026<\/p>\n\n\n\n<p>plus \u00e9trange\u2026<\/p>\n\n\n\n<p>l\u2019en emp\u00eachait.<\/p>\n\n\n\n<p>Il regarda l\u2019animal.<\/p>\n\n\n\n<p>Vraiment regard\u00e9.<\/p>\n\n\n\n<p>Pas comme un monstre.<\/p>\n\n\n\n<p>Pas comme un danger.<\/p>\n\n\n\n<p>Mais comme\u2026<\/p>\n\n\n\n<p>une cr\u00e9ature en d\u00e9tresse.<\/p>\n\n\n\n<hr class=\"wp-block-separator has-alpha-channel-opacity\"\/>\n\n\n\n<p>Le lion tenta encore de se lib\u00e9rer.<\/p>\n\n\n\n<p>Il rugit.<\/p>\n\n\n\n<p>Montra les crocs.<\/p>\n\n\n\n<p>Ses griffes racl\u00e8rent le bois.<\/p>\n\n\n\n<p>Mais il ne pouvait pas sortir.<\/p>\n\n\n\n<p>Il ne faisait que s\u2019enfoncer davantage.<\/p>\n\n\n\n<p>Le gar\u00e7on comprit.<\/p>\n\n\n\n<p>Dans un \u00e9clair de lucidit\u00e9.<\/p>\n\n\n\n<p>Ce n\u2019\u00e9tait pas un pr\u00e9dateur.<\/p>\n\n\n\n<p>Pas dans cet instant.<\/p>\n\n\n\n<p>C\u2019\u00e9tait une vie coinc\u00e9e entre la libert\u00e9 et la mort.<\/p>\n\n\n\n<hr class=\"wp-block-separator has-alpha-channel-opacity\"\/>\n\n\n\n<p>Sans r\u00e9fl\u00e9chir davantage, il se retourna.<\/p>\n\n\n\n<p>Et il courut.<\/p>\n\n\n\n<p>Plus vite qu\u2019il n\u2019avait jamais couru.<\/p>\n\n\n\n<p>\u00c0 travers les arbres.<\/p>\n\n\n\n<p>\u00c0 travers les branches.<\/p>\n\n\n\n<p>Il tr\u00e9bucha.<\/p>\n\n\n\n<p>Se releva.<\/p>\n\n\n\n<p>Courut encore.<\/p>\n\n\n\n<p>Jusqu\u2019\u00e0 atteindre la maison.<\/p>\n\n\n\n<p>\u2014 AIDEZ-MOI ! cria-t-il.<\/p>\n\n\n\n<p>Sa voix se brisa.<\/p>\n\n\n\n<p>Mais personne ne r\u00e9pondit.<\/p>\n\n\n\n<p>Le silence.<\/p>\n\n\n\n<p>Encore.<\/p>\n\n\n\n<p>Toujours.<\/p>\n\n\n\n<hr class=\"wp-block-separator has-alpha-channel-opacity\"\/>\n\n\n\n<p>Il regarda autour de lui.<\/p>\n\n\n\n<p>Vide.<\/p>\n\n\n\n<p>Pas de voisins.<\/p>\n\n\n\n<p>Pas d\u2019adultes.<\/p>\n\n\n\n<p>Personne.<\/p>\n\n\n\n<p>Il resta immobile une seconde.<\/p>\n\n\n\n<p>Une seule.<\/p>\n\n\n\n<p>Puis ses yeux tomb\u00e8rent sur quelque chose.<\/p>\n\n\n\n<p>Une hache.<\/p>\n\n\n\n<p>Pos\u00e9e contre le mur.<\/p>\n\n\n\n<p>Simple.<\/p>\n\n\n\n<p>Lourde.<\/p>\n\n\n\n<p>R\u00e9elle.<\/p>\n\n\n\n<hr class=\"wp-block-separator has-alpha-channel-opacity\"\/>\n\n\n\n<p>Il la prit.<\/p>\n\n\n\n<p>Ses mains tremblaient.<\/p>\n\n\n\n<p>Mais il ne s\u2019arr\u00eata pas.<\/p>\n\n\n\n<p>Et il repartit.<\/p>\n\n\n\n<hr class=\"wp-block-separator has-alpha-channel-opacity\"\/>\n\n\n\n<p>Quand il revint\u2026<\/p>\n\n\n\n<p>le lion \u00e9tait toujours l\u00e0.<\/p>\n\n\n\n<p>M\u00eame regard.<\/p>\n\n\n\n<p>M\u00eame lutte.<\/p>\n\n\n\n<p>M\u00eame d\u00e9sespoir.<\/p>\n\n\n\n<p>Le gar\u00e7on s\u2019approcha.<\/p>\n\n\n\n<p>Lentement.<\/p>\n\n\n\n<p>Chaque pas \u00e9tait un d\u00e9fi contre la peur.<\/p>\n\n\n\n<p>Le lion le vit.<\/p>\n\n\n\n<p>Imm\u00e9diatement.<\/p>\n\n\n\n<p>Il se raidit.<\/p>\n\n\n\n<p>Rugit.<\/p>\n\n\n\n<p>Montra ses dents.<\/p>\n\n\n\n<p>Un avertissement.<\/p>\n\n\n\n<p>Clair.<\/p>\n\n\n\n<p>Terrifiant.<\/p>\n\n\n\n<hr class=\"wp-block-separator has-alpha-channel-opacity\"\/>\n\n\n\n<p>N\u2019importe qui aurait fui.<\/p>\n\n\n\n<p>N\u2019importe qui aurait abandonn\u00e9.<\/p>\n\n\n\n<p>Mais pas lui.<\/p>\n\n\n\n<p>Pas cette fois.<\/p>\n\n\n\n<hr class=\"wp-block-separator has-alpha-channel-opacity\"\/>\n\n\n\n<p>Il leva la hache.<\/p>\n\n\n\n<p>Ses mains glissaient.<\/p>\n\n\n\n<p>Son souffle \u00e9tait irr\u00e9gulier.<\/p>\n\n\n\n<p>Puis\u2026<\/p>\n\n\n\n<p>il frappa.<\/p>\n\n\n\n<hr class=\"wp-block-separator has-alpha-channel-opacity\"\/>\n\n\n\n<p>Le premier coup fut faible.<\/p>\n\n\n\n<p>Le bois \u00e0 peine marqu\u00e9.<\/p>\n\n\n\n<p>Le lion rugit plus fort.<\/p>\n\n\n\n<p>Se d\u00e9battit violemment.<\/p>\n\n\n\n<p>Pensant \u00eatre attaqu\u00e9.<\/p>\n\n\n\n<p>Pensant que ce petit humain venait finir ce que la for\u00eat avait commenc\u00e9.<\/p>\n\n\n\n<p>Mais le gar\u00e7on continua.<\/p>\n\n\n\n<p>Encore un coup.<\/p>\n\n\n\n<p>Puis un autre.<\/p>\n\n\n\n<p>Et encore.<\/p>\n\n\n\n<hr class=\"wp-block-separator has-alpha-channel-opacity\"\/>\n\n\n\n<p>Le bois craquait.<\/p>\n\n\n\n<p>Lentement.<\/p>\n\n\n\n<p>Difficilement.<\/p>\n\n\n\n<p>Chaque frappe lui br\u00fblait les bras.<\/p>\n\n\n\n<p>Ses mains lui faisaient mal.<\/p>\n\n\n\n<p>Mais il ne s\u2019arr\u00eatait pas.<\/p>\n\n\n\n<p>Parce qu\u2019il savait\u2026<\/p>\n\n\n\n<p>s\u2019il arr\u00eatait\u2026<\/p>\n\n\n\n<p>l\u2019animal mourrait.<\/p>\n\n\n\n<hr class=\"wp-block-separator has-alpha-channel-opacity\"\/>\n\n\n\n<p>Les minutes pass\u00e8rent.<\/p>\n\n\n\n<p>Longues.<\/p>\n\n\n\n<p>\u00c9ternelles.<\/p>\n\n\n\n<p>Le lion se d\u00e9battait.<\/p>\n\n\n\n<p>Le gar\u00e7on frappait.<\/p>\n\n\n\n<p>La for\u00eat retenait son souffle.<\/p>\n\n\n\n<p>Puis soudain\u2026<\/p>\n\n\n\n<p>un craquement.<\/p>\n\n\n\n<p>Fort.<\/p>\n\n\n\n<p>Net.<\/p>\n\n\n\n<p>Le tronc c\u00e9da.<\/p>\n\n\n\n<p>L\u2019ouverture s\u2019\u00e9largit.<\/p>\n\n\n\n<hr class=\"wp-block-separator has-alpha-channel-opacity\"\/>\n\n\n\n<p>Le lion s\u2019immobilisa une seconde.<\/p>\n\n\n\n<p>Une seule.<\/p>\n\n\n\n<p>Puis\u2026<\/p>\n\n\n\n<p>il bondit.<\/p>\n\n\n\n<hr class=\"wp-block-separator has-alpha-channel-opacity\"\/>\n\n\n\n<p>Il sortit d\u2019un coup.<\/p>\n\n\n\n<p>Puissant.<\/p>\n\n\n\n<p>Rapide.<\/p>\n\n\n\n<p>Libre.<\/p>\n\n\n\n<p>Il atterrit sur le sol.<\/p>\n\n\n\n<p>Juste devant le gar\u00e7on.<\/p>\n\n\n\n<p>La hache tomba.<\/p>\n\n\n\n<p>Le temps s\u2019arr\u00eata.<\/p>\n\n\n\n<hr class=\"wp-block-separator has-alpha-channel-opacity\"\/>\n\n\n\n<p>Ils se regard\u00e8rent.<\/p>\n\n\n\n<p>Face \u00e0 face.<\/p>\n\n\n\n<p>\u00c0 quelques pas.<\/p>\n\n\n\n<p>Le souffle du lion \u00e9tait lourd.<\/p>\n\n\n\n<p>Ses yeux fixaient le gar\u00e7on.<\/p>\n\n\n\n<p>Intens\u00e9ment.<\/p>\n\n\n\n<p>Profond\u00e9ment.<\/p>\n\n\n\n<p>S\u2019il avait voulu\u2026<\/p>\n\n\n\n<p>tout aurait fini l\u00e0.<\/p>\n\n\n\n<hr class=\"wp-block-separator has-alpha-channel-opacity\"\/>\n\n\n\n<p>Mais ce qu\u2019il fit ensuite\u2026<\/p>\n\n\n\n<p>personne n\u2019aurait pu l\u2019expliquer.<\/p>\n\n\n\n<p>Ce jour-l\u00e0, la for\u00eat semblait respirer lentement, comme si elle observait en silence chacun de leurs pas.<\/p>\n\n\n\n<p>Le soleil filtrait \u00e0 travers les branches \u00e9paisses, dessinant des taches dor\u00e9es sur le sol couvert d\u2019aiguilles de pin. L\u2019air \u00e9tait frais, charg\u00e9 d\u2019odeurs de r\u00e9sine et de terre humide. Tout paraissait paisible. Trop paisible.<\/p>\n\n\n\n<p>Les enfants riaient.<\/p>\n\n\n\n<p>Ils couraient entre les troncs, lan\u00e7aient des pommes de pin, criaient des d\u00e9fis stupides, comme si le monde entier n\u2019\u00e9tait qu\u2019un terrain de jeu. Aucun d\u2019eux ne pr\u00eatait attention aux signes subtils autour d\u2019eux \u2014 ce silence \u00e9trange des oiseaux, cette tension invisible dans l\u2019air.<\/p>\n\n\n\n<p>Sauf peut-\u00eatre lui.<\/p>\n\n\n\n<p>Il s\u2019appelait Elias.<\/p>\n\n\n\n<p>Elias n\u2019\u00e9tait pas le plus rapide. Ni le plus fort. Mais il remarquait des choses que les autres ignoraient.<\/p>\n\n\n\n<p>Et c\u2019est lui qui s\u2019arr\u00eata le premier.<\/p>\n\n\n\n<p>\u2014 Vous avez entendu \u00e7a ? demanda-t-il.<\/p>\n\n\n\n<p>Les autres continu\u00e8rent \u00e0 rire.<\/p>\n\n\n\n<p>Puis\u2026 le bruit revint.<\/p>\n\n\n\n<p>Un son sourd.<\/p>\n\n\n\n<p>Lourd.<\/p>\n\n\n\n<p>Comme un choc \u00e9touff\u00e9 contre du bois.<\/p>\n\n\n\n<p>Puis un autre.<\/p>\n\n\n\n<p>Et encore un.<\/p>\n\n\n\n<p>Le rire s\u2019\u00e9teignit.<\/p>\n\n\n\n<p>Un silence pesant tomba sur le groupe.<\/p>\n\n\n\n<p>\u2014 C\u2019est quoi \u00e7a\u2026 ? murmura une fille.<\/p>\n\n\n\n<p>Personne ne r\u00e9pondit.<\/p>\n\n\n\n<p>Puis le rugissement \u00e9clata.<\/p>\n\n\n\n<p>Brutal.<\/p>\n\n\n\n<p>D\u00e9chirant.<\/p>\n\n\n\n<p>Un son si puissant qu\u2019il sembla traverser leurs corps, vibrer dans leurs os.<\/p>\n\n\n\n<p>Les enfants hurl\u00e8rent.<\/p>\n\n\n\n<p>Certains tomb\u00e8rent en reculant. D\u2019autres se mirent \u00e0 courir sans r\u00e9fl\u00e9chir, leurs cris se perdant entre les arbres.<\/p>\n\n\n\n<p>En quelques secondes\u2026 ils avaient disparu.<\/p>\n\n\n\n<p>Tous.<\/p>\n\n\n\n<p>Sauf Elias.<\/p>\n\n\n\n<p>Il resta l\u00e0.<\/p>\n\n\n\n<p>Immobile.<\/p>\n\n\n\n<p>Le c\u0153ur battant si fort qu\u2019il croyait qu\u2019il allait exploser.<\/p>\n\n\n\n<p>Chaque instinct lui criait de fuir.<\/p>\n\n\n\n<p>Mais quelque chose d\u2019autre\u2026 plus profond\u2026 le retenait.<\/p>\n\n\n\n<p>Lentement, il avan\u00e7a.<\/p>\n\n\n\n<p>Pas apr\u00e8s pas.<\/p>\n\n\n\n<p>Ses chaussures \u00e9crasaient doucement les branches s\u00e8ches, chaque craquement lui donnant l\u2019impression de trahir sa pr\u00e9sence.<\/p>\n\n\n\n<p>Le bruit venait de l\u00e0.<\/p>\n\n\n\n<p>D\u2019un vieil arbre.<\/p>\n\n\n\n<p>Immense.<\/p>\n\n\n\n<p>Son tronc \u00e9tait fissur\u00e9, ouvert comme une blessure ancienne.<\/p>\n\n\n\n<p>Et \u00e0 l\u2019int\u00e9rieur\u2026<\/p>\n\n\n\n<p>Elias s\u2019arr\u00eata net.<\/p>\n\n\n\n<p>Son souffle se coupa.<\/p>\n\n\n\n<p>C\u2019\u00e9tait impossible.<\/p>\n\n\n\n<p>Et pourtant\u2026<\/p>\n\n\n\n<p>Un lion.<\/p>\n\n\n\n<p>Un lion \u00e9norme \u00e9tait coinc\u00e9 dans le tronc.<\/p>\n\n\n\n<p>Son corps puissant \u00e9tait \u00e0 moiti\u00e9 prisonnier du bois, ses pattes griffaient l\u2019\u00e9corce, cherchant un appui, mais ne trouvaient que r\u00e9sistance. Sa crini\u00e8re \u00e9tait sale, coll\u00e9e par la sueur et la poussi\u00e8re. Ses flancs se soulevaient rapidement, trop rapidement.<\/p>\n\n\n\n<p>Ses yeux\u2026<\/p>\n\n\n\n<p>Ses yeux n\u2019\u00e9taient pas ceux d\u2019un pr\u00e9dateur en chasse.<\/p>\n\n\n\n<p>C\u2019\u00e9taient ceux d\u2019un \u00eatre terrifi\u00e9.<\/p>\n\n\n\n<p>\u2014 Mon Dieu\u2026 murmura Elias.<\/p>\n\n\n\n<p>Le lion tenta de se lib\u00e9rer.<\/p>\n\n\n\n<p>Il se d\u00e9battit violemment.<\/p>\n\n\n\n<p>Le bois grin\u00e7a.<\/p>\n\n\n\n<p>Mais au lieu de se lib\u00e9rer, il s\u2019enfon\u00e7a davantage.<\/p>\n\n\n\n<p>Un autre rugissement \u00e9clata, plus proche, plus d\u00e9sesp\u00e9r\u00e9.<\/p>\n\n\n\n<p>Elias recula d\u2019un pas.<\/p>\n\n\n\n<p>La peur lui serra la gorge.<\/p>\n\n\n\n<p>Un seul mouvement.<\/p>\n\n\n\n<p>Un seul instant.<\/p>\n\n\n\n<p>Et cette cr\u00e9ature pouvait le tuer.<\/p>\n\n\n\n<p>Tout le monde le savait.<\/p>\n\n\n\n<p>Tout le monde aurait fui.<\/p>\n\n\n\n<p>Mais Elias resta.<\/p>\n\n\n\n<p>Parce qu\u2019\u00e0 cet instant pr\u00e9cis\u2026 quelque chose changea.<\/p>\n\n\n\n<p>Il ne voyait plus un lion.<\/p>\n\n\n\n<p>Il voyait une prison.<\/p>\n\n\n\n<p>Une souffrance.<\/p>\n\n\n\n<p>Un \u00eatre coinc\u00e9 entre la vie et la mort.<\/p>\n\n\n\n<p>Le lion le regarda.<\/p>\n\n\n\n<p>Leurs regards se crois\u00e8rent.<\/p>\n\n\n\n<p>Et pendant une seconde\u2026<\/p>\n\n\n\n<p>Le monde sembla s\u2019arr\u00eater.<\/p>\n\n\n\n<p>Puis Elias tourna brusquement les talons.<\/p>\n\n\n\n<p>Et il courut.<\/p>\n\n\n\n<p>Pas pour fuir.<\/p>\n\n\n\n<p>Pour aider.<\/p>\n\n\n\n<hr class=\"wp-block-separator has-alpha-channel-opacity\"\/>\n\n\n\n<p><\/p>\n\n\n\n<p>Elias traversa la for\u00eat \u00e0 toute vitesse.<\/p>\n\n\n\n<p>Ses poumons br\u00fblaient.<\/p>\n\n\n\n<p>Ses jambes tremblaient.<\/p>\n\n\n\n<p>Mais il ne s\u2019arr\u00eata pas.<\/p>\n\n\n\n<p>Il arriva chez lui en courant, ouvrit la porte avec fracas.<\/p>\n\n\n\n<p>\u2014 Il y a un lion ! cria-t-il.<\/p>\n\n\n\n<p>Silence.<\/p>\n\n\n\n<p>La maison \u00e9tait vide.<\/p>\n\n\n\n<p>Pas de parents.<\/p>\n\n\n\n<p>Pas de voisins.<\/p>\n\n\n\n<p>Personne.<\/p>\n\n\n\n<p>Seulement le tic-tac lent de l\u2019horloge.<\/p>\n\n\n\n<p>Elias resta fig\u00e9 une seconde.<\/p>\n\n\n\n<p>Une seule.<\/p>\n\n\n\n<p>Puis son regard tomba sur quelque chose contre le mur.<\/p>\n\n\n\n<p>Une hache.<\/p>\n\n\n\n<p>Vieille.<\/p>\n\n\n\n<p>Lourde.<\/p>\n\n\n\n<p>Il l\u2019attrapa.<\/p>\n\n\n\n<p>Ses mains tremblaient.<\/p>\n\n\n\n<p>\u2014 Tu es fou\u2026 murmura-t-il \u00e0 lui-m\u00eame.<\/p>\n\n\n\n<p>Mais il repartit.<\/p>\n\n\n\n<hr class=\"wp-block-separator has-alpha-channel-opacity\"\/>\n\n\n\n<p>Quand il revint, le lion \u00e9tait toujours l\u00e0.<\/p>\n\n\n\n<p>Toujours coinc\u00e9.<\/p>\n\n\n\n<p>Toujours en train de lutter.<\/p>\n\n\n\n<p>Mais il semblait plus faible.<\/p>\n\n\n\n<p>Plus d\u00e9sesp\u00e9r\u00e9.<\/p>\n\n\n\n<p>Elias s\u2019approcha.<\/p>\n\n\n\n<p>Chaque pas \u00e9tait un d\u00e9fi.<\/p>\n\n\n\n<p>Le lion le vit imm\u00e9diatement.<\/p>\n\n\n\n<p>Ses yeux s\u2019\u00e9carquill\u00e8rent.<\/p>\n\n\n\n<p>Il rugit.<\/p>\n\n\n\n<p>Plus fort.<\/p>\n\n\n\n<p>Plus violent.<\/p>\n\n\n\n<p>Sa gueule s\u2019ouvrit, r\u00e9v\u00e9lant des crocs immenses.<\/p>\n\n\n\n<p>Un avertissement.<\/p>\n\n\n\n<p>Un cri de peur.<\/p>\n\n\n\n<p>Elias s\u2019arr\u00eata.<\/p>\n\n\n\n<p>Ses mains tremblaient tellement qu\u2019il faillit l\u00e2cher la hache.<\/p>\n\n\n\n<p>\u2014 Je\u2026 je ne vais pas te faire de mal\u2026 murmura-t-il.<\/p>\n\n\n\n<p>Le lion frappa le bois avec ses pattes.<\/p>\n\n\n\n<p>Encore.<\/p>\n\n\n\n<p>Encore.<\/p>\n\n\n\n<p>Comme s\u2019il voulait fuir\u2026 mais ne pouvait pas.<\/p>\n\n\n\n<p>Alors Elias comprit.<\/p>\n\n\n\n<p>Il leva la hache.<\/p>\n\n\n\n<p>Et frappa.<\/p>\n\n\n\n<p>Pas le lion.<\/p>\n\n\n\n<p>Le bois.<\/p>\n\n\n\n<p>Le premier coup fut faible.<\/p>\n\n\n\n<p>Presque inutile.<\/p>\n\n\n\n<p>Le lion rugit.<\/p>\n\n\n\n<p>Se d\u00e9battit encore plus.<\/p>\n\n\n\n<p>Elias recula.<\/p>\n\n\n\n<p>Puis revint.<\/p>\n\n\n\n<p>Un deuxi\u00e8me coup.<\/p>\n\n\n\n<p>Plus fort.<\/p>\n\n\n\n<p>Des \u00e9clats de bois saut\u00e8rent.<\/p>\n\n\n\n<p>Troisi\u00e8me coup.<\/p>\n\n\n\n<p>Quatri\u00e8me.<\/p>\n\n\n\n<p>Ses mains glissaient.<\/p>\n\n\n\n<p>Ses bras br\u00fblaient.<\/p>\n\n\n\n<p>Mais il continuait.<\/p>\n\n\n\n<p>Parce qu\u2019il savait.<\/p>\n\n\n\n<p>S\u2019il arr\u00eatait\u2026<\/p>\n\n\n\n<p>Le lion mourrait.<\/p>\n\n\n\n<p>Les minutes pass\u00e8rent.<\/p>\n\n\n\n<p>Longues.<\/p>\n\n\n\n<p>\u00c9ternelles.<\/p>\n\n\n\n<p>Puis soudain\u2014<\/p>\n\n\n\n<p>CRAC.<\/p>\n\n\n\n<p>Le tronc c\u00e9da.<\/p>\n\n\n\n<p>Une fissure s\u2019\u00e9largit.<\/p>\n\n\n\n<p>Le lion se figea.<\/p>\n\n\n\n<p>Puis\u2014<\/p>\n\n\n\n<p>Il bondit.<\/p>\n\n\n\n<hr class=\"wp-block-separator has-alpha-channel-opacity\"\/>\n\n\n\n<p><\/p>\n\n\n\n<p>Le lion tomba au sol.<\/p>\n\n\n\n<p>Libre.<\/p>\n\n\n\n<p>Enfin libre.<\/p>\n\n\n\n<p>Elias l\u00e2cha la hache.<\/p>\n\n\n\n<p>Le m\u00e9tal frappa le sol dans un bruit sec.<\/p>\n\n\n\n<p>Ils \u00e9taient face \u00e0 face.<\/p>\n\n\n\n<p>\u00c0 quelques pas.<\/p>\n\n\n\n<p>Seulement quelques pas.<\/p>\n\n\n\n<p>Le lion respirait lourdement.<\/p>\n\n\n\n<p>Sa poitrine se soulevait violemment.<\/p>\n\n\n\n<p>Ses muscles tremblaient encore de l\u2019effort.<\/p>\n\n\n\n<p>Ses yeux\u2026<\/p>\n\n\n\n<p>Fix\u00e9s sur Elias.<\/p>\n\n\n\n<p>Le temps s\u2019arr\u00eata.<\/p>\n\n\n\n<p>Elias ne bougea pas.<\/p>\n\n\n\n<p>Il ne pouvait pas.<\/p>\n\n\n\n<p>Son corps refusait.<\/p>\n\n\n\n<p>Son esprit criait.<\/p>\n\n\n\n<p>Fuis.<\/p>\n\n\n\n<p>Mais ses jambes restaient fig\u00e9es.<\/p>\n\n\n\n<p>Le lion fit un pas.<\/p>\n\n\n\n<p>Puis un autre.<\/p>\n\n\n\n<p>Lent.<\/p>\n\n\n\n<p>Silencieux.<\/p>\n\n\n\n<p>Terrifiant.<\/p>\n\n\n\n<p>S\u2019il attaquait\u2026<\/p>\n\n\n\n<p>Ce serait fini.<\/p>\n\n\n\n<p>Ici.<\/p>\n\n\n\n<p>Maintenant.<\/p>\n\n\n\n<p>Elias ferma presque les yeux.<\/p>\n\n\n\n<p>Mais alors\u2026<\/p>\n\n\n\n<p>Quelque chose d\u2019\u00e9trange se produisit.<\/p>\n\n\n\n<p>Le lion s\u2019arr\u00eata.<\/p>\n\n\n\n<p>Juste devant lui.<\/p>\n\n\n\n<p>Tr\u00e8s pr\u00e8s.<\/p>\n\n\n\n<p>Trop pr\u00e8s.<\/p>\n\n\n\n<p>Elias pouvait sentir son souffle chaud.<\/p>\n\n\n\n<p>Puis\u2026<\/p>\n\n\n\n<p>lentement\u2026<\/p>\n\n\n\n<p>le lion baissa la t\u00eate.<\/p>\n\n\n\n<p>Pas en signe de menace.<\/p>\n\n\n\n<p>Mais comme\u2026<\/p>\n\n\n\n<p>un geste.<\/p>\n\n\n\n<p>Un geste impossible \u00e0 expliquer.<\/p>\n\n\n\n<p>Un instant irr\u00e9el.<\/p>\n\n\n\n<p>Puis il se tourna.<\/p>\n\n\n\n<p>Et disparut dans la for\u00eat.<\/p>\n\n\n\n<p>Sans un bruit.<\/p>\n\n\n\n<p>Sans un regard en arri\u00e8re.<\/p>\n\n\n\n<p>Elias resta l\u00e0.<\/p>\n\n\n\n<p>Seul.<\/p>\n\n\n\n<p>Vivant.<\/p>\n\n\n\n<p>Mais il savait\u2026<\/p>\n\n\n\n<p>Que ce n\u2019\u00e9tait pas fini.<\/p>\n\n\n\n<hr class=\"wp-block-separator has-alpha-channel-opacity\"\/>\n\n\n\n<p><\/p>\n\n\n\n<p>Cette nuit-l\u00e0\u2026<\/p>\n\n\n\n<p>la for\u00eat ne dormit pas.<\/p>\n\n\n\n<p>Et Elias non plus.<\/p>\n\n\n\n<p>Parce que parfois\u2026<\/p>\n\n\n\n<p>quand on sauve quelque chose de sauvage\u2026<\/p>\n\n\n\n<p>ce n\u2019est pas la fin de l\u2019histoire.<\/p>\n\n\n\n<p>C\u2019est le d\u00e9but. \ud83d\ude28\ud83d\ude31<\/p>\n","protected":false},"excerpt":{"rendered":"Ce jour-l\u00e0 aurait d\u00fb \u00eatre comme tous les autres. Un de ces apr\u00e8s-midis simples, presque oubliables, o\u00f9 l\u2019enfance court sans penser, rit sans \n<a class=\"moretag\" href=\"https:\/\/gazeta.am\/?p=2968\"> [...]<\/a>","protected":false},"author":1,"featured_media":2969,"comment_status":"open","ping_status":"open","sticky":false,"template":"","format":"standard","meta":{"footnotes":""},"categories":[1],"tags":[],"class_list":["post-2968","post","type-post","status-publish","format-standard","has-post-thumbnail","hentry","category-1"],"yoast_head":"<!-- This site is optimized with the Yoast SEO plugin v27.5 - https:\/\/yoast.com\/product\/yoast-seo-wordpress\/ -->\n<title>LE GAR\u00c7ON ET LE PR\u00c9DATEUR -<\/title>\n<meta name=\"robots\" content=\"index, follow, max-snippet:-1, max-image-preview:large, max-video-preview:-1\" \/>\n<link rel=\"canonical\" href=\"https:\/\/gazeta.am\/?p=2968\" \/>\n<meta property=\"og:locale\" content=\"ru_RU\" \/>\n<meta property=\"og:type\" content=\"article\" \/>\n<meta property=\"og:title\" content=\"LE GAR\u00c7ON ET LE PR\u00c9DATEUR -\" \/>\n<meta property=\"og:description\" content=\"Ce jour-l\u00e0 aurait d\u00fb \u00eatre comme tous les autres. Un de ces apr\u00e8s-midis simples, presque oubliables, o\u00f9 l\u2019enfance court sans penser, rit sans\" \/>\n<meta property=\"og:url\" content=\"https:\/\/gazeta.am\/?p=2968\" \/>\n<meta property=\"article:published_time\" content=\"2026-05-03T08:35:54+00:00\" \/>\n<meta property=\"article:modified_time\" content=\"2026-05-03T08:39:02+00:00\" \/>\n<meta property=\"og:image\" content=\"https:\/\/gazeta.am\/wp-content\/uploads\/2026\/05\/1c-6.jpg\" \/>\n\t<meta property=\"og:image:width\" content=\"717\" \/>\n\t<meta property=\"og:image:height\" content=\"781\" \/>\n\t<meta property=\"og:image:type\" content=\"image\/jpeg\" \/>\n<meta name=\"author\" content=\"admin\" \/>\n<meta name=\"twitter:card\" content=\"summary_large_image\" \/>\n<meta name=\"twitter:label1\" content=\"\u041d\u0430\u043f\u0438\u0441\u0430\u043d\u043e \u0430\u0432\u0442\u043e\u0440\u043e\u043c\" \/>\n\t<meta name=\"twitter:data1\" content=\"admin\" \/>\n\t<meta name=\"twitter:label2\" content=\"\u041f\u0440\u0438\u043c\u0435\u0440\u043d\u043e\u0435 \u0432\u0440\u0435\u043c\u044f \u0434\u043b\u044f \u0447\u0442\u0435\u043d\u0438\u044f\" \/>\n\t<meta name=\"twitter:data2\" content=\"11 \u043c\u0438\u043d\u0443\u0442\" \/>\n<script type=\"application\/ld+json\" class=\"yoast-schema-graph\">{\"@context\":\"https:\\\/\\\/schema.org\",\"@graph\":[{\"@type\":\"Article\",\"@id\":\"https:\\\/\\\/gazeta.am\\\/?p=2968#article\",\"isPartOf\":{\"@id\":\"https:\\\/\\\/gazeta.am\\\/?p=2968\"},\"author\":{\"name\":\"admin\",\"@id\":\"https:\\\/\\\/gazeta.am\\\/#\\\/schema\\\/person\\\/987709955e760c9a1ebbb44776f8cccc\"},\"headline\":\"LE GAR\u00c7ON ET LE PR\u00c9DATEUR\",\"datePublished\":\"2026-05-03T08:35:54+00:00\",\"dateModified\":\"2026-05-03T08:39:02+00:00\",\"mainEntityOfPage\":{\"@id\":\"https:\\\/\\\/gazeta.am\\\/?p=2968\"},\"wordCount\":2051,\"commentCount\":0,\"image\":{\"@id\":\"https:\\\/\\\/gazeta.am\\\/?p=2968#primaryimage\"},\"thumbnailUrl\":\"https:\\\/\\\/gazeta.am\\\/wp-content\\\/uploads\\\/2026\\\/05\\\/1c-6.jpg\",\"articleSection\":[\"NEWS\"],\"inLanguage\":\"ru-RU\",\"potentialAction\":[{\"@type\":\"CommentAction\",\"name\":\"Comment\",\"target\":[\"https:\\\/\\\/gazeta.am\\\/?p=2968#respond\"]}]},{\"@type\":\"WebPage\",\"@id\":\"https:\\\/\\\/gazeta.am\\\/?p=2968\",\"url\":\"https:\\\/\\\/gazeta.am\\\/?p=2968\",\"name\":\"LE GAR\u00c7ON ET LE PR\u00c9DATEUR -\",\"isPartOf\":{\"@id\":\"https:\\\/\\\/gazeta.am\\\/#website\"},\"primaryImageOfPage\":{\"@id\":\"https:\\\/\\\/gazeta.am\\\/?p=2968#primaryimage\"},\"image\":{\"@id\":\"https:\\\/\\\/gazeta.am\\\/?p=2968#primaryimage\"},\"thumbnailUrl\":\"https:\\\/\\\/gazeta.am\\\/wp-content\\\/uploads\\\/2026\\\/05\\\/1c-6.jpg\",\"datePublished\":\"2026-05-03T08:35:54+00:00\",\"dateModified\":\"2026-05-03T08:39:02+00:00\",\"author\":{\"@id\":\"https:\\\/\\\/gazeta.am\\\/#\\\/schema\\\/person\\\/987709955e760c9a1ebbb44776f8cccc\"},\"breadcrumb\":{\"@id\":\"https:\\\/\\\/gazeta.am\\\/?p=2968#breadcrumb\"},\"inLanguage\":\"ru-RU\",\"potentialAction\":[{\"@type\":\"ReadAction\",\"target\":[\"https:\\\/\\\/gazeta.am\\\/?p=2968\"]}]},{\"@type\":\"ImageObject\",\"inLanguage\":\"ru-RU\",\"@id\":\"https:\\\/\\\/gazeta.am\\\/?p=2968#primaryimage\",\"url\":\"https:\\\/\\\/gazeta.am\\\/wp-content\\\/uploads\\\/2026\\\/05\\\/1c-6.jpg\",\"contentUrl\":\"https:\\\/\\\/gazeta.am\\\/wp-content\\\/uploads\\\/2026\\\/05\\\/1c-6.jpg\",\"width\":717,\"height\":781},{\"@type\":\"BreadcrumbList\",\"@id\":\"https:\\\/\\\/gazeta.am\\\/?p=2968#breadcrumb\",\"itemListElement\":[{\"@type\":\"ListItem\",\"position\":1,\"name\":\"\u0413\u043b\u0430\u0432\u043d\u0430\u044f \u0441\u0442\u0440\u0430\u043d\u0438\u0446\u0430\",\"item\":\"https:\\\/\\\/gazeta.am\\\/\"},{\"@type\":\"ListItem\",\"position\":2,\"name\":\"LE GAR\u00c7ON ET LE PR\u00c9DATEUR\"}]},{\"@type\":\"WebSite\",\"@id\":\"https:\\\/\\\/gazeta.am\\\/#website\",\"url\":\"https:\\\/\\\/gazeta.am\\\/\",\"name\":\"\",\"description\":\"\",\"potentialAction\":[{\"@type\":\"SearchAction\",\"target\":{\"@type\":\"EntryPoint\",\"urlTemplate\":\"https:\\\/\\\/gazeta.am\\\/?s={search_term_string}\"},\"query-input\":{\"@type\":\"PropertyValueSpecification\",\"valueRequired\":true,\"valueName\":\"search_term_string\"}}],\"inLanguage\":\"ru-RU\"},{\"@type\":\"Person\",\"@id\":\"https:\\\/\\\/gazeta.am\\\/#\\\/schema\\\/person\\\/987709955e760c9a1ebbb44776f8cccc\",\"name\":\"admin\",\"image\":{\"@type\":\"ImageObject\",\"inLanguage\":\"ru-RU\",\"@id\":\"https:\\\/\\\/secure.gravatar.com\\\/avatar\\\/a24f4ac3a683f3c87303db525abc00db51ea26ccedee11dfaf1cc0f9a481a5d2?s=96&d=mm&r=g\",\"url\":\"https:\\\/\\\/secure.gravatar.com\\\/avatar\\\/a24f4ac3a683f3c87303db525abc00db51ea26ccedee11dfaf1cc0f9a481a5d2?s=96&d=mm&r=g\",\"contentUrl\":\"https:\\\/\\\/secure.gravatar.com\\\/avatar\\\/a24f4ac3a683f3c87303db525abc00db51ea26ccedee11dfaf1cc0f9a481a5d2?s=96&d=mm&r=g\",\"caption\":\"admin\"},\"sameAs\":[\"http:\\\/\\\/gazeta.am\"],\"url\":\"https:\\\/\\\/gazeta.am\\\/?author=1\"}]}<\/script>\n<!-- \/ Yoast SEO plugin. -->","yoast_head_json":{"title":"LE GAR\u00c7ON ET LE PR\u00c9DATEUR -","robots":{"index":"index","follow":"follow","max-snippet":"max-snippet:-1","max-image-preview":"max-image-preview:large","max-video-preview":"max-video-preview:-1"},"canonical":"https:\/\/gazeta.am\/?p=2968","og_locale":"ru_RU","og_type":"article","og_title":"LE GAR\u00c7ON ET LE PR\u00c9DATEUR -","og_description":"Ce jour-l\u00e0 aurait d\u00fb \u00eatre comme tous les autres. Un de ces apr\u00e8s-midis simples, presque oubliables, o\u00f9 l\u2019enfance court sans penser, rit sans","og_url":"https:\/\/gazeta.am\/?p=2968","article_published_time":"2026-05-03T08:35:54+00:00","article_modified_time":"2026-05-03T08:39:02+00:00","og_image":[{"width":717,"height":781,"url":"https:\/\/gazeta.am\/wp-content\/uploads\/2026\/05\/1c-6.jpg","type":"image\/jpeg"}],"author":"admin","twitter_card":"summary_large_image","twitter_misc":{"\u041d\u0430\u043f\u0438\u0441\u0430\u043d\u043e \u0430\u0432\u0442\u043e\u0440\u043e\u043c":"admin","\u041f\u0440\u0438\u043c\u0435\u0440\u043d\u043e\u0435 \u0432\u0440\u0435\u043c\u044f \u0434\u043b\u044f \u0447\u0442\u0435\u043d\u0438\u044f":"11 \u043c\u0438\u043d\u0443\u0442"},"schema":{"@context":"https:\/\/schema.org","@graph":[{"@type":"Article","@id":"https:\/\/gazeta.am\/?p=2968#article","isPartOf":{"@id":"https:\/\/gazeta.am\/?p=2968"},"author":{"name":"admin","@id":"https:\/\/gazeta.am\/#\/schema\/person\/987709955e760c9a1ebbb44776f8cccc"},"headline":"LE GAR\u00c7ON ET LE PR\u00c9DATEUR","datePublished":"2026-05-03T08:35:54+00:00","dateModified":"2026-05-03T08:39:02+00:00","mainEntityOfPage":{"@id":"https:\/\/gazeta.am\/?p=2968"},"wordCount":2051,"commentCount":0,"image":{"@id":"https:\/\/gazeta.am\/?p=2968#primaryimage"},"thumbnailUrl":"https:\/\/gazeta.am\/wp-content\/uploads\/2026\/05\/1c-6.jpg","articleSection":["NEWS"],"inLanguage":"ru-RU","potentialAction":[{"@type":"CommentAction","name":"Comment","target":["https:\/\/gazeta.am\/?p=2968#respond"]}]},{"@type":"WebPage","@id":"https:\/\/gazeta.am\/?p=2968","url":"https:\/\/gazeta.am\/?p=2968","name":"LE GAR\u00c7ON ET LE PR\u00c9DATEUR -","isPartOf":{"@id":"https:\/\/gazeta.am\/#website"},"primaryImageOfPage":{"@id":"https:\/\/gazeta.am\/?p=2968#primaryimage"},"image":{"@id":"https:\/\/gazeta.am\/?p=2968#primaryimage"},"thumbnailUrl":"https:\/\/gazeta.am\/wp-content\/uploads\/2026\/05\/1c-6.jpg","datePublished":"2026-05-03T08:35:54+00:00","dateModified":"2026-05-03T08:39:02+00:00","author":{"@id":"https:\/\/gazeta.am\/#\/schema\/person\/987709955e760c9a1ebbb44776f8cccc"},"breadcrumb":{"@id":"https:\/\/gazeta.am\/?p=2968#breadcrumb"},"inLanguage":"ru-RU","potentialAction":[{"@type":"ReadAction","target":["https:\/\/gazeta.am\/?p=2968"]}]},{"@type":"ImageObject","inLanguage":"ru-RU","@id":"https:\/\/gazeta.am\/?p=2968#primaryimage","url":"https:\/\/gazeta.am\/wp-content\/uploads\/2026\/05\/1c-6.jpg","contentUrl":"https:\/\/gazeta.am\/wp-content\/uploads\/2026\/05\/1c-6.jpg","width":717,"height":781},{"@type":"BreadcrumbList","@id":"https:\/\/gazeta.am\/?p=2968#breadcrumb","itemListElement":[{"@type":"ListItem","position":1,"name":"\u0413\u043b\u0430\u0432\u043d\u0430\u044f \u0441\u0442\u0440\u0430\u043d\u0438\u0446\u0430","item":"https:\/\/gazeta.am\/"},{"@type":"ListItem","position":2,"name":"LE GAR\u00c7ON ET LE PR\u00c9DATEUR"}]},{"@type":"WebSite","@id":"https:\/\/gazeta.am\/#website","url":"https:\/\/gazeta.am\/","name":"","description":"","potentialAction":[{"@type":"SearchAction","target":{"@type":"EntryPoint","urlTemplate":"https:\/\/gazeta.am\/?s={search_term_string}"},"query-input":{"@type":"PropertyValueSpecification","valueRequired":true,"valueName":"search_term_string"}}],"inLanguage":"ru-RU"},{"@type":"Person","@id":"https:\/\/gazeta.am\/#\/schema\/person\/987709955e760c9a1ebbb44776f8cccc","name":"admin","image":{"@type":"ImageObject","inLanguage":"ru-RU","@id":"https:\/\/secure.gravatar.com\/avatar\/a24f4ac3a683f3c87303db525abc00db51ea26ccedee11dfaf1cc0f9a481a5d2?s=96&d=mm&r=g","url":"https:\/\/secure.gravatar.com\/avatar\/a24f4ac3a683f3c87303db525abc00db51ea26ccedee11dfaf1cc0f9a481a5d2?s=96&d=mm&r=g","contentUrl":"https:\/\/secure.gravatar.com\/avatar\/a24f4ac3a683f3c87303db525abc00db51ea26ccedee11dfaf1cc0f9a481a5d2?s=96&d=mm&r=g","caption":"admin"},"sameAs":["http:\/\/gazeta.am"],"url":"https:\/\/gazeta.am\/?author=1"}]}},"_links":{"self":[{"href":"https:\/\/gazeta.am\/index.php?rest_route=\/wp\/v2\/posts\/2968","targetHints":{"allow":["GET"]}}],"collection":[{"href":"https:\/\/gazeta.am\/index.php?rest_route=\/wp\/v2\/posts"}],"about":[{"href":"https:\/\/gazeta.am\/index.php?rest_route=\/wp\/v2\/types\/post"}],"author":[{"embeddable":true,"href":"https:\/\/gazeta.am\/index.php?rest_route=\/wp\/v2\/users\/1"}],"replies":[{"embeddable":true,"href":"https:\/\/gazeta.am\/index.php?rest_route=%2Fwp%2Fv2%2Fcomments&post=2968"}],"version-history":[{"count":2,"href":"https:\/\/gazeta.am\/index.php?rest_route=\/wp\/v2\/posts\/2968\/revisions"}],"predecessor-version":[{"id":2971,"href":"https:\/\/gazeta.am\/index.php?rest_route=\/wp\/v2\/posts\/2968\/revisions\/2971"}],"wp:featuredmedia":[{"embeddable":true,"href":"https:\/\/gazeta.am\/index.php?rest_route=\/wp\/v2\/media\/2969"}],"wp:attachment":[{"href":"https:\/\/gazeta.am\/index.php?rest_route=%2Fwp%2Fv2%2Fmedia&parent=2968"}],"wp:term":[{"taxonomy":"category","embeddable":true,"href":"https:\/\/gazeta.am\/index.php?rest_route=%2Fwp%2Fv2%2Fcategories&post=2968"},{"taxonomy":"post_tag","embeddable":true,"href":"https:\/\/gazeta.am\/index.php?rest_route=%2Fwp%2Fv2%2Ftags&post=2968"}],"curies":[{"name":"wp","href":"https:\/\/api.w.org\/{rel}","templated":true}]}}