{"id":2963,"date":"2026-05-03T09:42:28","date_gmt":"2026-05-03T06:42:28","guid":{"rendered":"https:\/\/gazeta.am\/?p=2963"},"modified":"2026-05-03T09:42:29","modified_gmt":"2026-05-03T06:42:29","slug":"le-vol-qui-a-brise-50-ans","status":"publish","type":"post","link":"https:\/\/gazeta.am\/?p=2963","title":{"rendered":"LE VOL QUI A BRIS\u00c9 50 ANS"},"content":{"rendered":"\n<p>La lumi\u00e8re jaune du salon de f\u00eate tremblait l\u00e9g\u00e8rement, comme si m\u00eame les ampoules h\u00e9sitaient \u00e0 rester allum\u00e9es dans une soir\u00e9e qui n\u2019aurait jamais d\u00fb finir ainsi.<\/p>\n\n\n\n<p>Dolores se tenait seule pr\u00e8s de l\u2019entr\u00e9e.<\/p>\n\n\n\n<p>Son petit sac en perles serr\u00e9 contre sa poitrine, comme si elle tentait d\u2019emp\u00eacher quelque chose de se briser \u00e0 l\u2019int\u00e9rieur d\u2019elle-m\u00eame.<\/p>\n\n\n\n<p>Tout avait \u00e9t\u00e9 pr\u00e9par\u00e9 avec amour.<\/p>\n\n\n\n<p>Chaque d\u00e9tail.<\/p>\n\n\n\n<p>Chaque fleur.<\/p>\n\n\n\n<p>Chaque nappe.<\/p>\n\n\n\n<p>Chaque sourire.<\/p>\n\n\n\n<p>Cinquante ans de mariage.<\/p>\n\n\n\n<p>Cinquante ans de sacrifices, de nuits sans sommeil, de r\u00eaves report\u00e9s, de petits bonheurs arrach\u00e9s \u00e0 une vie parfois dure.<\/p>\n\n\n\n<p>Et ce soir-l\u00e0 devait \u00eatre leur r\u00e9compense.<\/p>\n\n\n\n<p>Leur moment.<\/p>\n\n\n\n<p>Mais au lieu de musique\u2026<\/p>\n\n\n\n<p>il n\u2019y avait plus que du silence.<\/p>\n\n\n\n<p>Un silence lourd.<\/p>\n\n\n\n<p>G\u00ean\u00e9.<\/p>\n\n\n\n<p>Presque honteux.<\/p>\n\n\n\n<p>Les invit\u00e9s murmuraient entre eux, \u00e9vitant de regarder Dolores trop longtemps. Certains baissaient les yeux, d\u2019autres faisaient semblant de consulter leur t\u00e9l\u00e9phone. Personne ne savait quoi dire.<\/p>\n\n\n\n<p>Parce que tout le monde venait de comprendre.<\/p>\n\n\n\n<p>Le fils.<\/p>\n\n\n\n<p>Leur propre fils.<\/p>\n\n\n\n<p>Miguel.<\/p>\n\n\n\n<p>Avait pris l\u2019argent.<\/p>\n\n\n\n<p>Tout l\u2019argent.<\/p>\n\n\n\n<p>Celui de la f\u00eate.<\/p>\n\n\n\n<p>Celui des 50 ans.<\/p>\n\n\n\n<p>Celui qui repr\u00e9sentait toute une vie.<\/p>\n\n\n\n<p>Pour acheter\u2026 une voiture.<\/p>\n\n\n\n<figure class=\"wp-block-image size-large\"><img loading=\"lazy\" decoding=\"async\" width=\"568\" height=\"1024\" src=\"https:\/\/gazeta.am\/wp-content\/uploads\/2026\/05\/1c-5-568x1024.jpg\" alt=\"\" class=\"wp-image-2964\" srcset=\"https:\/\/gazeta.am\/wp-content\/uploads\/2026\/05\/1c-5-568x1024.jpg 568w, https:\/\/gazeta.am\/wp-content\/uploads\/2026\/05\/1c-5-166x300.jpg 166w, https:\/\/gazeta.am\/wp-content\/uploads\/2026\/05\/1c-5.jpg 683w\" sizes=\"auto, (max-width: 568px) 100vw, 568px\" \/><\/figure>\n\n\n\n<p>Guillermo se tenait \u00e0 quelques m\u00e8tres.<\/p>\n\n\n\n<p>Immobile.<\/p>\n\n\n\n<p>Son regard pos\u00e9 sur Dolores.<\/p>\n\n\n\n<p>Et dans ce regard, il y avait quelque chose de dangereux.<\/p>\n\n\n\n<p>Pas de la col\u00e8re.<\/p>\n\n\n\n<p>Pas encore.<\/p>\n\n\n\n<p>Quelque chose de plus froid.<\/p>\n\n\n\n<p>Plus profond.<\/p>\n\n\n\n<p>Plus ancien.<\/p>\n\n\n\n<p>\u2014 Memo\u2026 \u2014 murmura Dolores, sa voix tremblante \u00e0 peine audible. \u2014 On peut rentrer\u2026 s\u2019il te pla\u00eet\u2026 laissons tomber\u2026<\/p>\n\n\n\n<p>Mais Guillermo ne r\u00e9pondit pas.<\/p>\n\n\n\n<p>Parce que dans sa t\u00eate, quelque chose venait de s\u2019ouvrir.<\/p>\n\n\n\n<p>Une porte.<\/p>\n\n\n\n<p>Une porte qu\u2019il avait ferm\u00e9e des ann\u00e9es auparavant.<\/p>\n\n\n\n<p>Et qu\u2019il avait jur\u00e9 de ne jamais rouvrir.<\/p>\n\n\n\n<hr class=\"wp-block-separator has-alpha-channel-opacity\"\/>\n\n\n\n<p>Le g\u00e9rant du salon s\u2019approcha, visiblement nerveux.<\/p>\n\n\n\n<p>\u2014 Monsieur V\u00e1zquez\u2026 je suis vraiment d\u00e9sol\u00e9\u2026 je ne savais pas que\u2026<\/p>\n\n\n\n<p>Guillermo leva une main.<\/p>\n\n\n\n<p>Un geste simple.<\/p>\n\n\n\n<p>Mais suffisant pour faire taire l\u2019homme imm\u00e9diatement.<\/p>\n\n\n\n<p>\u2014 Je veux les documents de l\u2019annulation, dit-il calmement. La signature. L\u2019heure exacte. Et les enregistrements des cam\u00e9ras.<\/p>\n\n\n\n<p>Le g\u00e9rant avala difficilement.<\/p>\n\n\n\n<p>\u2014 \u00c7a\u2026 \u00e7a doit \u00eatre autoris\u00e9 par le propri\u00e9taire\u2026<\/p>\n\n\n\n<p>Guillermo plongea la main dans la poche int\u00e9rieure de sa veste.<\/p>\n\n\n\n<p>Et sortit une vieille carte.<\/p>\n\n\n\n<p>Us\u00e9e.<\/p>\n\n\n\n<p>Jaunie.<\/p>\n\n\n\n<p>Mais officielle.<\/p>\n\n\n\n<p>Le genre de carte qui ne s\u2019oublie pas.<\/p>\n\n\n\n<p>Le g\u00e9rant la prit.<\/p>\n\n\n\n<p>Et p\u00e2lit instantan\u00e9ment.<\/p>\n\n\n\n<p>\u2014 Appelez-le, dit Guillermo.<\/p>\n\n\n\n<p>Pas une demande.<\/p>\n\n\n\n<p>Un ordre.<\/p>\n\n\n\n<hr class=\"wp-block-separator has-alpha-channel-opacity\"\/>\n\n\n\n<p>Dolores observa la sc\u00e8ne, perdue.<\/p>\n\n\n\n<p>\u2014 Memo\u2026 qu\u2019est-ce que tu fais\u2026 ?<\/p>\n\n\n\n<p>Il se tourna vers elle.<\/p>\n\n\n\n<p>Et cette fois, son regard \u00e9tait diff\u00e9rent.<\/p>\n\n\n\n<p>Dur.<\/p>\n\n\n\n<p>D\u00e9cid\u00e9.<\/p>\n\n\n\n<p>\u2014 Tu te souviens quand Miguel nous demandait ce que je faisais avant ? dit-il doucement.<\/p>\n\n\n\n<p>Elle hocha la t\u00eate.<\/p>\n\n\n\n<p>\u2014 Tu lui disais que tu travaillais pour le gouvernement\u2026<\/p>\n\n\n\n<p>Guillermo esquissa un l\u00e9ger sourire.<\/p>\n\n\n\n<p>Un sourire sans chaleur.<\/p>\n\n\n\n<p>\u2014 Oui. Mais je ne lui ai jamais dit quel genre de probl\u00e8mes je r\u00e9solvais.<\/p>\n\n\n\n<p>Un frisson parcourut Dolores.<\/p>\n\n\n\n<p>Elle savait.<\/p>\n\n\n\n<p>Pas tout.<\/p>\n\n\n\n<p>Mais assez.<\/p>\n\n\n\n<p>Assez pour avoir peur.<\/p>\n\n\n\n<hr class=\"wp-block-separator has-alpha-channel-opacity\"\/>\n\n\n\n<p>Le t\u00e9l\u00e9phone de Guillermo vibra.<\/p>\n\n\n\n<p>Le nom s\u2019afficha \u00e0 l\u2019\u00e9cran.<\/p>\n\n\n\n<p>Miguel.<\/p>\n\n\n\n<p>Il laissa sonner une fois.<\/p>\n\n\n\n<p>Deux fois.<\/p>\n\n\n\n<p>Trois fois.<\/p>\n\n\n\n<p>Puis d\u00e9crocha.<\/p>\n\n\n\n<p>\u2014 Alors, chef ? lan\u00e7a la voix de son fils, l\u00e9g\u00e8re, presque moqueuse. Vous avez trouv\u00e9 autre chose \u00e0 faire ou vous \u00eates d\u00e9j\u00e0 rentr\u00e9s ?<\/p>\n\n\n\n<p>Dolores ferma les yeux.<\/p>\n\n\n\n<p>Cette voix.<\/p>\n\n\n\n<p>Cette insouciance.<\/p>\n\n\n\n<p>Comme si rien de grave ne venait de se produire.<\/p>\n\n\n\n<p>Guillermo inspira lentement.<\/p>\n\n\n\n<p>\u2014 O\u00f9 es-tu ?<\/p>\n\n\n\n<p>\u2014 \u00c7a te regarde pas. Relax, papa. Vous n\u2019alliez m\u00eame pas profiter de cette f\u00eate. Vous \u00eates plus tout jeunes. Moi, au moins, j\u2019ai saisi une opportunit\u00e9.<\/p>\n\n\n\n<p>Un silence.<\/p>\n\n\n\n<p>Lourd.<\/p>\n\n\n\n<p>Dangereux.<\/p>\n\n\n\n<p>\u2014 Je t\u2019ai donn\u00e9 une heure, dit Guillermo d\u2019une voix basse. Une heure pour revenir. Pour r\u00e9parer ce que tu as fait.<\/p>\n\n\n\n<p>Miguel \u00e9clata de rire.<\/p>\n\n\n\n<p>\u2014 Et sinon ? Tu vas faire quoi ? Me punir ?<\/p>\n\n\n\n<p>C\u2019\u00e9tait la phrase de trop.<\/p>\n\n\n\n<hr class=\"wp-block-separator has-alpha-channel-opacity\"\/>\n\n\n\n<p>Le visage de Guillermo ne changea pas.<\/p>\n\n\n\n<p>Mais quelque chose dans l\u2019air\u2026<\/p>\n\n\n\n<p>se brisa.<\/p>\n\n\n\n<p>\u2014 Tu viens de perdre ta seule chance, dit-il calmement.<\/p>\n\n\n\n<p>Un silence de l\u2019autre c\u00f4t\u00e9.<\/p>\n\n\n\n<p>Puis :<\/p>\n\n\n\n<p>\u2014 S\u00e9rieux, papa\u2026 tu dramatises\u2026<\/p>\n\n\n\n<p>Mais Guillermo avait d\u00e9j\u00e0 raccroch\u00e9.<\/p>\n\n\n\n<hr class=\"wp-block-separator has-alpha-channel-opacity\"\/>\n\n\n\n<p>Il glissa lentement le t\u00e9l\u00e9phone dans sa poche.<\/p>\n\n\n\n<p>Puis leva les yeux vers Dolores.<\/p>\n\n\n\n<p>Elle tremblait.<\/p>\n\n\n\n<p>\u2014 Ne fais pas \u00e7a\u2026 murmura-t-elle. Je t\u2019en supplie\u2026<\/p>\n\n\n\n<p>Il s\u2019approcha d\u2019elle.<\/p>\n\n\n\n<p>Doucement.<\/p>\n\n\n\n<p>Posa une main sur son \u00e9paule.<\/p>\n\n\n\n<p>\u2014 Je t\u2019ai promis une chose, dit-il \u00e0 voix basse.<\/p>\n\n\n\n<p>Elle le regarda.<\/p>\n\n\n\n<p>Les yeux pleins de peur.<\/p>\n\n\n\n<p>\u2014 Que personne ne te ferait jamais de mal.<\/p>\n\n\n\n<p>Un silence.<\/p>\n\n\n\n<p>Puis, plus froid :<\/p>\n\n\n\n<p>\u2014 M\u00eame pas mon propre fils.<\/p>\n\n\n\n<hr class=\"wp-block-separator has-alpha-channel-opacity\"\/>\n\n\n\n<p>Au m\u00eame moment\u2026<\/p>\n\n\n\n<p>quelque part dans la ville\u2026<\/p>\n\n\n\n<p>Miguel leva son verre de champagne.<\/p>\n\n\n\n<p>Devant lui, une voiture flambant neuve brillait sous les lumi\u00e8res de la concession.<\/p>\n\n\n\n<p>Rouge.<\/p>\n\n\n\n<p>Parfaite.<\/p>\n\n\n\n<p>\u2014 \u00c0 la r\u00e9ussite, dit-il en souriant.<\/p>\n\n\n\n<p>Mais ce qu\u2019il ne savait pas encore\u2026<\/p>\n\n\n\n<p>C\u2019est que cette nuit-l\u00e0\u2026<\/p>\n\n\n\n<p>il venait de r\u00e9veiller quelque chose<\/p>\n\n\n\n<p>qu\u2019il n\u2019aurait jamais d\u00fb toucher.<\/p>\n\n\n\n<h2 class=\"wp-block-heading\">Le silence qui suivit cet appel ne ressemblait pas \u00e0 un silence ordinaire.<\/h2>\n\n\n\n<p>Ce n\u2019\u00e9tait pas l\u2019absence de bruit.<\/p>\n\n\n\n<p>C\u2019\u00e9tait une attente.<\/p>\n\n\n\n<p>Lourde. Dense. Presque vivante.<\/p>\n\n\n\n<p>Dolores fixait ses mains tremblantes pos\u00e9es sur la table. Les invit\u00e9s, qui quelques minutes plus t\u00f4t riaient encore sous les lumi\u00e8res chaudes du salon, chuchotaient d\u00e9sormais entre eux, sentant instinctivement que quelque chose de grave venait de basculer.<\/p>\n\n\n\n<p>Guillermo, lui, ne bougeait plus.<\/p>\n\n\n\n<p>Son regard \u00e9tait fixe.<\/p>\n\n\n\n<p>Dur.<\/p>\n\n\n\n<p>Comme celui d\u2019un homme qui venait de remettre un pied dans un monde qu\u2019il avait jur\u00e9 de quitter \u00e0 jamais.<\/p>\n\n\n\n<p>\u2014 Memo\u2026 \u2014 murmura Dolores, la voix cass\u00e9e. \u2014 S\u2019il te pla\u00eet\u2026 ce n\u2019est pas trop tard\u2026 on peut rentrer\u2026 oublier tout \u00e7a\u2026<\/p>\n\n\n\n<p>Il se tourna lentement vers elle.<\/p>\n\n\n\n<p>Et pour la premi\u00e8re fois depuis des ann\u00e9es, elle ne reconnut pas compl\u00e8tement son mari.<\/p>\n\n\n\n<p>\u2014 Non, Dolores, r\u00e9pondit-il calmement. Ce qui s\u2019est pass\u00e9 ce soir\u2026 \u00e7a ne s\u2019oublie pas.<\/p>\n\n\n\n<p>Il marqua une pause.<\/p>\n\n\n\n<p>\u2014 \u00c7a se r\u00e8gle.<\/p>\n\n\n\n<hr class=\"wp-block-separator has-alpha-channel-opacity\"\/>\n\n\n\n<h2 class=\"wp-block-heading\"><\/h2>\n\n\n\n<p>La porte du bureau du g\u00e9rant s\u2019ouvrit brusquement.<\/p>\n\n\n\n<p>L\u2019homme sortit, p\u00e2le comme un mort.<\/p>\n\n\n\n<p>\u2014 Monsieur V\u00e1zquez\u2026 le propri\u00e9taire arrive. Il\u2026 il a dit qu\u2019il vous connaissait.<\/p>\n\n\n\n<p>Guillermo hocha simplement la t\u00eate.<\/p>\n\n\n\n<p>Bien s\u00fbr qu\u2019il le connaissait.<\/p>\n\n\n\n<p>Certaines dettes ne disparaissent jamais vraiment.<\/p>\n\n\n\n<p>Quelques minutes plus tard, un homme entra en h\u00e2te dans la salle. Costume impeccable, regard inquiet.<\/p>\n\n\n\n<p>Mais en voyant Guillermo, il s\u2019arr\u00eata net.<\/p>\n\n\n\n<p>\u2014 Commandant\u2026 \u2014 l\u00e2cha-t-il, presque malgr\u00e9 lui.<\/p>\n\n\n\n<p>Un frisson parcourut la pi\u00e8ce.<\/p>\n\n\n\n<p>Dolores ferma les yeux.<\/p>\n\n\n\n<p>Elle avait esp\u00e9r\u00e9 ne jamais r\u00e9entendre ce mot.<\/p>\n\n\n\n<p>Jamais.<\/p>\n\n\n\n<p>\u2014 Je ne suis plus commandant, r\u00e9pondit Guillermo d\u2019une voix s\u00e8che. Donnez-moi les documents.<\/p>\n\n\n\n<p>Sans discuter, l\u2019homme fit signe au g\u00e9rant, qui apporta un dossier.<\/p>\n\n\n\n<p>Guillermo l\u2019ouvrit.<\/p>\n\n\n\n<p>Signature.<\/p>\n\n\n\n<p>Heure.<\/p>\n\n\n\n<p>Cam\u00e9ras.<\/p>\n\n\n\n<p>Tout y \u00e9tait.<\/p>\n\n\n\n<p>Et surtout\u2026<\/p>\n\n\n\n<p>Le nom de son fils.<\/p>\n\n\n\n<p>Miguel V\u00e1zquez.<\/p>\n\n\n\n<p>\u00c9crit noir sur blanc.<\/p>\n\n\n\n<p>Comme une trahison officielle.<\/p>\n\n\n\n<hr class=\"wp-block-separator has-alpha-channel-opacity\"\/>\n\n\n\n<h2 class=\"wp-block-heading\"><\/h2>\n\n\n\n<p>Pendant ce temps, \u00e0 plusieurs kilom\u00e8tres de l\u00e0\u2026<\/p>\n\n\n\n<p>Miguel riait.<\/p>\n\n\n\n<p>Assis dans une concession luxueuse, une coupe de champagne \u00e0 la main, il admirait la voiture qu\u2019il venait d\u2019acheter.<\/p>\n\n\n\n<p>Rouge.<\/p>\n\n\n\n<p>Brillante.<\/p>\n\n\n\n<p>Impressionnante.<\/p>\n\n\n\n<p>Le symbole parfait de sa \u201cr\u00e9ussite\u201d.<\/p>\n\n\n\n<p>\u2014 Tu vois ? \u2014 dit-il \u00e0 son ami. \u2014 Dans la vie, faut savoir saisir les opportunit\u00e9s. M\u00eame si \u00e7a vient de la famille.<\/p>\n\n\n\n<p>Il ria encore.<\/p>\n\n\n\n<p>Fort.<\/p>\n\n\n\n<p>Trop fort.<\/p>\n\n\n\n<p>Mais ce qu\u2019il ne savait pas\u2026<\/p>\n\n\n\n<p>C\u2019est que la voiture n\u2019\u00e9tait d\u00e9j\u00e0 plus \u00e0 lui.<\/p>\n\n\n\n<hr class=\"wp-block-separator has-alpha-channel-opacity\"\/>\n\n\n\n<h2 class=\"wp-block-heading\"><\/h2>\n\n\n\n<p>Le t\u00e9l\u00e9phone de Miguel vibra.<\/p>\n\n\n\n<p>Un num\u00e9ro inconnu.<\/p>\n\n\n\n<p>Il h\u00e9sita.<\/p>\n\n\n\n<p>Puis r\u00e9pondit.<\/p>\n\n\n\n<p>\u2014 Oui ?<\/p>\n\n\n\n<p>\u2014 Monsieur V\u00e1zquez ? Ici la concession. Il y a un\u2026 probl\u00e8me avec votre achat.<\/p>\n\n\n\n<p>\u2014 Quel probl\u00e8me ?<\/p>\n\n\n\n<p>\u2014 Le paiement a \u00e9t\u00e9 bloqu\u00e9. Et\u2026 il y a une alerte juridique sur la transaction.<\/p>\n\n\n\n<p>Le sourire de Miguel disparut l\u00e9g\u00e8rement.<\/p>\n\n\n\n<p>\u2014 Quoi ?<\/p>\n\n\n\n<p>\u2014 Nous devons annuler la vente imm\u00e9diatement.<\/p>\n\n\n\n<p>Un silence.<\/p>\n\n\n\n<p>Puis un rire nerveux.<\/p>\n\n\n\n<p>\u2014 Vous plaisantez ?<\/p>\n\n\n\n<p>\u2014 Non, monsieur. Et\u2026 il serait pr\u00e9f\u00e9rable que vous restiez sur place.<\/p>\n\n\n\n<p>Le c\u0153ur de Miguel acc\u00e9l\u00e9ra.<\/p>\n\n\n\n<p>Pour la premi\u00e8re fois\u2026<\/p>\n\n\n\n<p>Un doute.<\/p>\n\n\n\n<hr class=\"wp-block-separator has-alpha-channel-opacity\"\/>\n\n\n\n<h2 class=\"wp-block-heading\"><\/h2>\n\n\n\n<p>Dans le salon, Guillermo referma lentement le dossier.<\/p>\n\n\n\n<p>\u2014 Il a utilis\u00e9 notre argent\u2026 \u2014 murmura Dolores, bris\u00e9e.<\/p>\n\n\n\n<p>\u2014 Non, r\u00e9pondit Guillermo froidement. Il a fait pire.<\/p>\n\n\n\n<p>Il leva les yeux.<\/p>\n\n\n\n<p>\u2014 Il a oubli\u00e9 qui \u00e9tait son p\u00e8re.<\/p>\n\n\n\n<p>Le propri\u00e9taire avala difficilement sa salive.<\/p>\n\n\n\n<p>\u2014 Commandant\u2026 vous comptez faire quoi ?<\/p>\n\n\n\n<p>Guillermo resta silencieux quelques secondes.<\/p>\n\n\n\n<p>Puis il pronon\u00e7a une phrase que personne n\u2019oublierait jamais.<\/p>\n\n\n\n<p>\u2014 Lui apprendre une le\u00e7on que personne ne lui a jamais enseign\u00e9e.<\/p>\n\n\n\n<p>Il se leva.<\/p>\n\n\n\n<p>\u2014 Celle qui fait le plus mal.<\/p>\n\n\n\n<hr class=\"wp-block-separator has-alpha-channel-opacity\"\/>\n\n\n\n<h2 class=\"wp-block-heading\"><\/h2>\n\n\n\n<p>Quand Miguel arriva enfin devant le salon\u2026<\/p>\n\n\n\n<p>Il n\u2019y avait plus de musique.<\/p>\n\n\n\n<p>Plus de f\u00eate.<\/p>\n\n\n\n<p>Seulement le silence.<\/p>\n\n\n\n<p>Et son p\u00e8re.<\/p>\n\n\n\n<p>Debout.<\/p>\n\n\n\n<p>Au centre de la pi\u00e8ce.<\/p>\n\n\n\n<p>Il s\u2019approcha, essayant de garder son arrogance.<\/p>\n\n\n\n<p>\u2014 Alors ? On fait une sc\u00e8ne maintenant ?<\/p>\n\n\n\n<p>Personne ne r\u00e9pondit.<\/p>\n\n\n\n<p>Guillermo le regarda.<\/p>\n\n\n\n<p>Longtemps.<\/p>\n\n\n\n<p>Puis il parla.<\/p>\n\n\n\n<p>\u2014 Tu as vol\u00e9 tes parents.<\/p>\n\n\n\n<p>Miguel haussa les \u00e9paules.<\/p>\n\n\n\n<p>\u2014 J\u2019ai juste pris ce qui allait \u00eatre gaspill\u00e9.<\/p>\n\n\n\n<p>Une erreur.<\/p>\n\n\n\n<p>Une \u00e9norme erreur.<\/p>\n\n\n\n<p>Le regard de Guillermo changea.<\/p>\n\n\n\n<p>Froid.<\/p>\n\n\n\n<p>Glacial.<\/p>\n\n\n\n<p>\u2014 Non, dit-il doucement. Tu as pris quelque chose qui ne t\u2019appartenait pas.<\/p>\n\n\n\n<p>Il fit un pas en avant.<\/p>\n\n\n\n<p>\u2014 Et maintenant\u2026 tu vas apprendre ce que \u00e7a co\u00fbte.<\/p>\n\n\n\n<hr class=\"wp-block-separator has-alpha-channel-opacity\"\/>\n\n\n\n<h2 class=\"wp-block-heading\"><\/h2>\n\n\n\n<p>Quelques minutes plus tard\u2026<\/p>\n\n\n\n<p>Miguel comprit.<\/p>\n\n\n\n<p>Ses comptes \u00e9taient bloqu\u00e9s.<\/p>\n\n\n\n<p>La voiture annul\u00e9e.<\/p>\n\n\n\n<p>Les preuves enregistr\u00e9es.<\/p>\n\n\n\n<p>Et pire encore\u2026<\/p>\n\n\n\n<p>Son propre p\u00e8re avait tout pr\u00e9vu.<\/p>\n\n\n\n<p>Depuis le d\u00e9but.<\/p>\n\n\n\n<p>\u2014 Tu\u2026 tu me d\u00e9truis ? \u2014 balbutia-t-il.<\/p>\n\n\n\n<p>Guillermo secoua lentement la t\u00eate.<\/p>\n\n\n\n<p>\u2014 Non.<\/p>\n\n\n\n<p>Un silence.<\/p>\n\n\n\n<p>Puis :<\/p>\n\n\n\n<p>\u2014 Je t\u2019apprends.<\/p>\n\n\n\n<p>Miguel sentit pour la premi\u00e8re fois\u2026<\/p>\n\n\n\n<p>La peur.<\/p>\n\n\n\n<p>La vraie.<\/p>\n\n\n\n<hr class=\"wp-block-separator has-alpha-channel-opacity\"\/>\n\n\n\n<h2 class=\"wp-block-heading\"><\/h2>\n\n\n\n<p>Dans un coin de la salle, Dolores pleurait en silence.<\/p>\n\n\n\n<p>Mais ce n\u2019\u00e9taient pas seulement des larmes de douleur.<\/p>\n\n\n\n<p>C\u2019\u00e9taient aussi des larmes de v\u00e9rit\u00e9.<\/p>\n\n\n\n<p>Parce qu\u2019elle comprenait enfin.<\/p>\n\n\n\n<p>Ce soir n\u2019\u00e9tait pas seulement la fin d\u2019une f\u00eate.<\/p>\n\n\n\n<p>C\u2019\u00e9tait la fin d\u2019un mensonge.<\/p>\n\n\n\n<p>Celui d\u2019un fils qui n\u2019avait jamais appris les limites.<\/p>\n\n\n\n<p>Et celui d\u2019un p\u00e8re qui avait trop longtemps ferm\u00e9 les yeux.<\/p>\n\n\n\n<hr class=\"wp-block-separator has-alpha-channel-opacity\"\/>\n\n\n\n<h2 class=\"wp-block-heading\"><\/h2>\n\n\n\n<p>Cette nuit-l\u00e0, rien ne fut comme avant.<\/p>\n\n\n\n<p>Miguel ne ria plus de la m\u00eame fa\u00e7on.<\/p>\n\n\n\n<p>Dolores ne regarda plus son fils avec la m\u00eame innocence.<\/p>\n\n\n\n<p>Et Guillermo\u2026<\/p>\n\n\n\n<p>Guillermo referma d\u00e9finitivement une porte qu\u2019il n\u2019aurait jamais d\u00fb rouvrir.<\/p>\n\n\n\n<p>Mais parfois\u2026<\/p>\n\n\n\n<p>Pour prot\u00e9ger ce qui reste\u2026<\/p>\n\n\n\n<p>Il faut rappeler au monde entier une chose essentielle :<\/p>\n\n\n\n<p>Les erreurs peuvent \u00eatre pardonn\u00e9es.<\/p>\n\n\n\n<p>Mais la trahison\u2026<\/p>\n\n\n\n<p>Elle se paie.<\/p>\n\n\n\n<p><\/p>\n","protected":false},"excerpt":{"rendered":"La lumi\u00e8re jaune du salon de f\u00eate tremblait l\u00e9g\u00e8rement, comme si m\u00eame les ampoules h\u00e9sitaient \u00e0 rester allum\u00e9es dans une soir\u00e9e qui n\u2019aurait \n<a class=\"moretag\" href=\"https:\/\/gazeta.am\/?p=2963\"> [...]<\/a>","protected":false},"author":1,"featured_media":2964,"comment_status":"open","ping_status":"open","sticky":false,"template":"","format":"standard","meta":{"footnotes":""},"categories":[1],"tags":[],"class_list":["post-2963","post","type-post","status-publish","format-standard","has-post-thumbnail","hentry","category-1"],"yoast_head":"<!-- This site is optimized with the Yoast SEO plugin v27.5 - https:\/\/yoast.com\/product\/yoast-seo-wordpress\/ -->\n<title>LE VOL QUI A BRIS\u00c9 50 ANS -<\/title>\n<meta name=\"robots\" content=\"index, follow, max-snippet:-1, max-image-preview:large, max-video-preview:-1\" \/>\n<link rel=\"canonical\" href=\"https:\/\/gazeta.am\/?p=2963\" \/>\n<meta property=\"og:locale\" content=\"ru_RU\" \/>\n<meta property=\"og:type\" content=\"article\" \/>\n<meta property=\"og:title\" content=\"LE VOL QUI A BRIS\u00c9 50 ANS -\" \/>\n<meta property=\"og:description\" content=\"La lumi\u00e8re jaune du salon de f\u00eate tremblait l\u00e9g\u00e8rement, comme si m\u00eame les ampoules h\u00e9sitaient \u00e0 rester allum\u00e9es dans une soir\u00e9e qui n\u2019aurait\" \/>\n<meta property=\"og:url\" content=\"https:\/\/gazeta.am\/?p=2963\" \/>\n<meta property=\"article:published_time\" content=\"2026-05-03T06:42:28+00:00\" \/>\n<meta property=\"article:modified_time\" content=\"2026-05-03T06:42:29+00:00\" \/>\n<meta property=\"og:image\" content=\"https:\/\/gazeta.am\/wp-content\/uploads\/2026\/05\/1c-5.jpg\" \/>\n\t<meta property=\"og:image:width\" content=\"683\" \/>\n\t<meta property=\"og:image:height\" content=\"1231\" \/>\n\t<meta property=\"og:image:type\" content=\"image\/jpeg\" \/>\n<meta name=\"author\" content=\"admin\" \/>\n<meta name=\"twitter:card\" content=\"summary_large_image\" \/>\n<meta name=\"twitter:label1\" content=\"\u041d\u0430\u043f\u0438\u0441\u0430\u043d\u043e \u0430\u0432\u0442\u043e\u0440\u043e\u043c\" \/>\n\t<meta name=\"twitter:data1\" content=\"admin\" \/>\n\t<meta name=\"twitter:label2\" content=\"\u041f\u0440\u0438\u043c\u0435\u0440\u043d\u043e\u0435 \u0432\u0440\u0435\u043c\u044f \u0434\u043b\u044f \u0447\u0442\u0435\u043d\u0438\u044f\" \/>\n\t<meta name=\"twitter:data2\" content=\"10 \u043c\u0438\u043d\u0443\u0442\" \/>\n<script type=\"application\/ld+json\" class=\"yoast-schema-graph\">{\"@context\":\"https:\\\/\\\/schema.org\",\"@graph\":[{\"@type\":\"Article\",\"@id\":\"https:\\\/\\\/gazeta.am\\\/?p=2963#article\",\"isPartOf\":{\"@id\":\"https:\\\/\\\/gazeta.am\\\/?p=2963\"},\"author\":{\"name\":\"admin\",\"@id\":\"https:\\\/\\\/gazeta.am\\\/#\\\/schema\\\/person\\\/987709955e760c9a1ebbb44776f8cccc\"},\"headline\":\"LE VOL QUI A BRIS\u00c9 50 ANS\",\"datePublished\":\"2026-05-03T06:42:28+00:00\",\"dateModified\":\"2026-05-03T06:42:29+00:00\",\"mainEntityOfPage\":{\"@id\":\"https:\\\/\\\/gazeta.am\\\/?p=2963\"},\"wordCount\":1812,\"commentCount\":0,\"image\":{\"@id\":\"https:\\\/\\\/gazeta.am\\\/?p=2963#primaryimage\"},\"thumbnailUrl\":\"https:\\\/\\\/gazeta.am\\\/wp-content\\\/uploads\\\/2026\\\/05\\\/1c-5.jpg\",\"articleSection\":[\"NEWS\"],\"inLanguage\":\"ru-RU\",\"potentialAction\":[{\"@type\":\"CommentAction\",\"name\":\"Comment\",\"target\":[\"https:\\\/\\\/gazeta.am\\\/?p=2963#respond\"]}]},{\"@type\":\"WebPage\",\"@id\":\"https:\\\/\\\/gazeta.am\\\/?p=2963\",\"url\":\"https:\\\/\\\/gazeta.am\\\/?p=2963\",\"name\":\"LE VOL QUI A BRIS\u00c9 50 ANS -\",\"isPartOf\":{\"@id\":\"https:\\\/\\\/gazeta.am\\\/#website\"},\"primaryImageOfPage\":{\"@id\":\"https:\\\/\\\/gazeta.am\\\/?p=2963#primaryimage\"},\"image\":{\"@id\":\"https:\\\/\\\/gazeta.am\\\/?p=2963#primaryimage\"},\"thumbnailUrl\":\"https:\\\/\\\/gazeta.am\\\/wp-content\\\/uploads\\\/2026\\\/05\\\/1c-5.jpg\",\"datePublished\":\"2026-05-03T06:42:28+00:00\",\"dateModified\":\"2026-05-03T06:42:29+00:00\",\"author\":{\"@id\":\"https:\\\/\\\/gazeta.am\\\/#\\\/schema\\\/person\\\/987709955e760c9a1ebbb44776f8cccc\"},\"breadcrumb\":{\"@id\":\"https:\\\/\\\/gazeta.am\\\/?p=2963#breadcrumb\"},\"inLanguage\":\"ru-RU\",\"potentialAction\":[{\"@type\":\"ReadAction\",\"target\":[\"https:\\\/\\\/gazeta.am\\\/?p=2963\"]}]},{\"@type\":\"ImageObject\",\"inLanguage\":\"ru-RU\",\"@id\":\"https:\\\/\\\/gazeta.am\\\/?p=2963#primaryimage\",\"url\":\"https:\\\/\\\/gazeta.am\\\/wp-content\\\/uploads\\\/2026\\\/05\\\/1c-5.jpg\",\"contentUrl\":\"https:\\\/\\\/gazeta.am\\\/wp-content\\\/uploads\\\/2026\\\/05\\\/1c-5.jpg\",\"width\":683,\"height\":1231},{\"@type\":\"BreadcrumbList\",\"@id\":\"https:\\\/\\\/gazeta.am\\\/?p=2963#breadcrumb\",\"itemListElement\":[{\"@type\":\"ListItem\",\"position\":1,\"name\":\"\u0413\u043b\u0430\u0432\u043d\u0430\u044f \u0441\u0442\u0440\u0430\u043d\u0438\u0446\u0430\",\"item\":\"https:\\\/\\\/gazeta.am\\\/\"},{\"@type\":\"ListItem\",\"position\":2,\"name\":\"LE VOL QUI A BRIS\u00c9 50 ANS\"}]},{\"@type\":\"WebSite\",\"@id\":\"https:\\\/\\\/gazeta.am\\\/#website\",\"url\":\"https:\\\/\\\/gazeta.am\\\/\",\"name\":\"\",\"description\":\"\",\"potentialAction\":[{\"@type\":\"SearchAction\",\"target\":{\"@type\":\"EntryPoint\",\"urlTemplate\":\"https:\\\/\\\/gazeta.am\\\/?s={search_term_string}\"},\"query-input\":{\"@type\":\"PropertyValueSpecification\",\"valueRequired\":true,\"valueName\":\"search_term_string\"}}],\"inLanguage\":\"ru-RU\"},{\"@type\":\"Person\",\"@id\":\"https:\\\/\\\/gazeta.am\\\/#\\\/schema\\\/person\\\/987709955e760c9a1ebbb44776f8cccc\",\"name\":\"admin\",\"image\":{\"@type\":\"ImageObject\",\"inLanguage\":\"ru-RU\",\"@id\":\"https:\\\/\\\/secure.gravatar.com\\\/avatar\\\/a24f4ac3a683f3c87303db525abc00db51ea26ccedee11dfaf1cc0f9a481a5d2?s=96&d=mm&r=g\",\"url\":\"https:\\\/\\\/secure.gravatar.com\\\/avatar\\\/a24f4ac3a683f3c87303db525abc00db51ea26ccedee11dfaf1cc0f9a481a5d2?s=96&d=mm&r=g\",\"contentUrl\":\"https:\\\/\\\/secure.gravatar.com\\\/avatar\\\/a24f4ac3a683f3c87303db525abc00db51ea26ccedee11dfaf1cc0f9a481a5d2?s=96&d=mm&r=g\",\"caption\":\"admin\"},\"sameAs\":[\"http:\\\/\\\/gazeta.am\"],\"url\":\"https:\\\/\\\/gazeta.am\\\/?author=1\"}]}<\/script>\n<!-- \/ Yoast SEO plugin. -->","yoast_head_json":{"title":"LE VOL QUI A BRIS\u00c9 50 ANS -","robots":{"index":"index","follow":"follow","max-snippet":"max-snippet:-1","max-image-preview":"max-image-preview:large","max-video-preview":"max-video-preview:-1"},"canonical":"https:\/\/gazeta.am\/?p=2963","og_locale":"ru_RU","og_type":"article","og_title":"LE VOL QUI A BRIS\u00c9 50 ANS -","og_description":"La lumi\u00e8re jaune du salon de f\u00eate tremblait l\u00e9g\u00e8rement, comme si m\u00eame les ampoules h\u00e9sitaient \u00e0 rester allum\u00e9es dans une soir\u00e9e qui n\u2019aurait","og_url":"https:\/\/gazeta.am\/?p=2963","article_published_time":"2026-05-03T06:42:28+00:00","article_modified_time":"2026-05-03T06:42:29+00:00","og_image":[{"width":683,"height":1231,"url":"https:\/\/gazeta.am\/wp-content\/uploads\/2026\/05\/1c-5.jpg","type":"image\/jpeg"}],"author":"admin","twitter_card":"summary_large_image","twitter_misc":{"\u041d\u0430\u043f\u0438\u0441\u0430\u043d\u043e \u0430\u0432\u0442\u043e\u0440\u043e\u043c":"admin","\u041f\u0440\u0438\u043c\u0435\u0440\u043d\u043e\u0435 \u0432\u0440\u0435\u043c\u044f \u0434\u043b\u044f \u0447\u0442\u0435\u043d\u0438\u044f":"10 \u043c\u0438\u043d\u0443\u0442"},"schema":{"@context":"https:\/\/schema.org","@graph":[{"@type":"Article","@id":"https:\/\/gazeta.am\/?p=2963#article","isPartOf":{"@id":"https:\/\/gazeta.am\/?p=2963"},"author":{"name":"admin","@id":"https:\/\/gazeta.am\/#\/schema\/person\/987709955e760c9a1ebbb44776f8cccc"},"headline":"LE VOL QUI A BRIS\u00c9 50 ANS","datePublished":"2026-05-03T06:42:28+00:00","dateModified":"2026-05-03T06:42:29+00:00","mainEntityOfPage":{"@id":"https:\/\/gazeta.am\/?p=2963"},"wordCount":1812,"commentCount":0,"image":{"@id":"https:\/\/gazeta.am\/?p=2963#primaryimage"},"thumbnailUrl":"https:\/\/gazeta.am\/wp-content\/uploads\/2026\/05\/1c-5.jpg","articleSection":["NEWS"],"inLanguage":"ru-RU","potentialAction":[{"@type":"CommentAction","name":"Comment","target":["https:\/\/gazeta.am\/?p=2963#respond"]}]},{"@type":"WebPage","@id":"https:\/\/gazeta.am\/?p=2963","url":"https:\/\/gazeta.am\/?p=2963","name":"LE VOL QUI A BRIS\u00c9 50 ANS -","isPartOf":{"@id":"https:\/\/gazeta.am\/#website"},"primaryImageOfPage":{"@id":"https:\/\/gazeta.am\/?p=2963#primaryimage"},"image":{"@id":"https:\/\/gazeta.am\/?p=2963#primaryimage"},"thumbnailUrl":"https:\/\/gazeta.am\/wp-content\/uploads\/2026\/05\/1c-5.jpg","datePublished":"2026-05-03T06:42:28+00:00","dateModified":"2026-05-03T06:42:29+00:00","author":{"@id":"https:\/\/gazeta.am\/#\/schema\/person\/987709955e760c9a1ebbb44776f8cccc"},"breadcrumb":{"@id":"https:\/\/gazeta.am\/?p=2963#breadcrumb"},"inLanguage":"ru-RU","potentialAction":[{"@type":"ReadAction","target":["https:\/\/gazeta.am\/?p=2963"]}]},{"@type":"ImageObject","inLanguage":"ru-RU","@id":"https:\/\/gazeta.am\/?p=2963#primaryimage","url":"https:\/\/gazeta.am\/wp-content\/uploads\/2026\/05\/1c-5.jpg","contentUrl":"https:\/\/gazeta.am\/wp-content\/uploads\/2026\/05\/1c-5.jpg","width":683,"height":1231},{"@type":"BreadcrumbList","@id":"https:\/\/gazeta.am\/?p=2963#breadcrumb","itemListElement":[{"@type":"ListItem","position":1,"name":"\u0413\u043b\u0430\u0432\u043d\u0430\u044f \u0441\u0442\u0440\u0430\u043d\u0438\u0446\u0430","item":"https:\/\/gazeta.am\/"},{"@type":"ListItem","position":2,"name":"LE VOL QUI A BRIS\u00c9 50 ANS"}]},{"@type":"WebSite","@id":"https:\/\/gazeta.am\/#website","url":"https:\/\/gazeta.am\/","name":"","description":"","potentialAction":[{"@type":"SearchAction","target":{"@type":"EntryPoint","urlTemplate":"https:\/\/gazeta.am\/?s={search_term_string}"},"query-input":{"@type":"PropertyValueSpecification","valueRequired":true,"valueName":"search_term_string"}}],"inLanguage":"ru-RU"},{"@type":"Person","@id":"https:\/\/gazeta.am\/#\/schema\/person\/987709955e760c9a1ebbb44776f8cccc","name":"admin","image":{"@type":"ImageObject","inLanguage":"ru-RU","@id":"https:\/\/secure.gravatar.com\/avatar\/a24f4ac3a683f3c87303db525abc00db51ea26ccedee11dfaf1cc0f9a481a5d2?s=96&d=mm&r=g","url":"https:\/\/secure.gravatar.com\/avatar\/a24f4ac3a683f3c87303db525abc00db51ea26ccedee11dfaf1cc0f9a481a5d2?s=96&d=mm&r=g","contentUrl":"https:\/\/secure.gravatar.com\/avatar\/a24f4ac3a683f3c87303db525abc00db51ea26ccedee11dfaf1cc0f9a481a5d2?s=96&d=mm&r=g","caption":"admin"},"sameAs":["http:\/\/gazeta.am"],"url":"https:\/\/gazeta.am\/?author=1"}]}},"_links":{"self":[{"href":"https:\/\/gazeta.am\/index.php?rest_route=\/wp\/v2\/posts\/2963","targetHints":{"allow":["GET"]}}],"collection":[{"href":"https:\/\/gazeta.am\/index.php?rest_route=\/wp\/v2\/posts"}],"about":[{"href":"https:\/\/gazeta.am\/index.php?rest_route=\/wp\/v2\/types\/post"}],"author":[{"embeddable":true,"href":"https:\/\/gazeta.am\/index.php?rest_route=\/wp\/v2\/users\/1"}],"replies":[{"embeddable":true,"href":"https:\/\/gazeta.am\/index.php?rest_route=%2Fwp%2Fv2%2Fcomments&post=2963"}],"version-history":[{"count":1,"href":"https:\/\/gazeta.am\/index.php?rest_route=\/wp\/v2\/posts\/2963\/revisions"}],"predecessor-version":[{"id":2965,"href":"https:\/\/gazeta.am\/index.php?rest_route=\/wp\/v2\/posts\/2963\/revisions\/2965"}],"wp:featuredmedia":[{"embeddable":true,"href":"https:\/\/gazeta.am\/index.php?rest_route=\/wp\/v2\/media\/2964"}],"wp:attachment":[{"href":"https:\/\/gazeta.am\/index.php?rest_route=%2Fwp%2Fv2%2Fmedia&parent=2963"}],"wp:term":[{"taxonomy":"category","embeddable":true,"href":"https:\/\/gazeta.am\/index.php?rest_route=%2Fwp%2Fv2%2Fcategories&post=2963"},{"taxonomy":"post_tag","embeddable":true,"href":"https:\/\/gazeta.am\/index.php?rest_route=%2Fwp%2Fv2%2Ftags&post=2963"}],"curies":[{"name":"wp","href":"https:\/\/api.w.org\/{rel}","templated":true}]}}