{"id":2827,"date":"2026-04-27T09:39:17","date_gmt":"2026-04-27T06:39:17","guid":{"rendered":"https:\/\/gazeta.am\/?p=2827"},"modified":"2026-04-27T09:39:21","modified_gmt":"2026-04-27T06:39:21","slug":"%f0%9f%98%a8-jai-commis-un-crime-grave-les-policiers-pensaient-a-une-blague-jusqua-ce-quelle-parle","status":"publish","type":"post","link":"https:\/\/gazeta.am\/?p=2827","title":{"rendered":"\ud83d\ude28 \u00ab J\u2019AI COMMIS UN CRIME GRAVE\u2026 \u00bb \u2014 LES POLICIERS PENSAIENT \u00c0 UNE BLAGUE\u2026 JUSQU\u2019\u00c0 CE QU\u2019ELLE PARLE"},"content":{"rendered":"\n<p>La petite fille pleurait.<\/p>\n\n\n\n<p>Mais ce n\u2019\u00e9tait pas un caprice.<br>Pas une peur enfantine.<\/p>\n\n\n\n<p>C\u2019\u00e9tait\u2026 autre chose.<\/p>\n\n\n\n<p>Et d\u00e8s qu\u2019elle a ouvert la bouche, tout le commissariat a compris que quelque chose n\u2019allait pas.<\/p>\n\n\n\n<hr class=\"wp-block-separator has-alpha-channel-opacity\"\/>\n\n\n\n<figure class=\"wp-block-image size-full\"><img loading=\"lazy\" decoding=\"async\" width=\"702\" height=\"805\" src=\"https:\/\/gazeta.am\/wp-content\/uploads\/2026\/04\/1aaaa-39.jpg\" alt=\"\" class=\"wp-image-2828\" srcset=\"https:\/\/gazeta.am\/wp-content\/uploads\/2026\/04\/1aaaa-39.jpg 702w, https:\/\/gazeta.am\/wp-content\/uploads\/2026\/04\/1aaaa-39-262x300.jpg 262w\" sizes=\"auto, (max-width: 702px) 100vw, 702px\" \/><\/figure>\n\n\n\n<p>Il \u00e9tait presque 18h.<\/p>\n\n\n\n<p>Une heure fatigu\u00e9e.<br>Les dossiers s\u2019empilaient.<br>Les n\u00e9ons vibraient l\u00e9g\u00e8rement au plafond.<\/p>\n\n\n\n<p>Dans le hall du commissariat, la porte s\u2019est ouverte doucement.<\/p>\n\n\n\n<p>Un homme est entr\u00e9, suivi d\u2019une femme\u2026 et d\u2019une petite fille.<\/p>\n\n\n\n<p>Trois ans, peut-\u00eatre.<\/p>\n\n\n\n<p>Ses doigts serraient le tissu de la veste de sa m\u00e8re.<\/p>\n\n\n\n<p>Mais ses yeux\u2026 ne ressemblaient pas \u00e0 ceux d\u2019un enfant.<\/p>\n\n\n\n<hr class=\"wp-block-separator has-alpha-channel-opacity\"\/>\n\n\n\n<p>\u2014 <em>\u00ab D\u00e9sol\u00e9 de vous d\u00e9ranger\u2026 \u00bb<\/em> dit le p\u00e8re, visiblement mal \u00e0 l\u2019aise.<br>\u2014 <em>\u00ab Mais\u2026 elle insiste depuis des jours pour parler \u00e0 la police. \u00bb<\/em><\/p>\n\n\n\n<p>Un policier leva les yeux.<\/p>\n\n\n\n<p>Puis un autre.<\/p>\n\n\n\n<p>Un sourire discret passa entre eux.<\/p>\n\n\n\n<p>\u2014 <em>\u00ab Encore une histoire d\u2019enfant\u2026 \u00bb<\/em> murmura quelqu\u2019un.<\/p>\n\n\n\n<p>Mais le policier le plus proche s\u2019approcha.<\/p>\n\n\n\n<p>Il s\u2019agenouilla devant elle.<\/p>\n\n\n\n<p>Doucement.<\/p>\n\n\n\n<p>\u2014 <em>\u00ab Bonjour\u2026 tu voulais me parler ? \u00bb<\/em><\/p>\n\n\n\n<p>La petite le regarda.<\/p>\n\n\n\n<p>Longtemps.<\/p>\n\n\n\n<p>Puis elle demanda :<\/p>\n\n\n\n<p>\u2014 <em>\u00ab Tu es un vrai policier ? \u00bb<\/em><\/p>\n\n\n\n<p>\u2014 <em>\u00ab Oui. Regarde\u2026 \u00bb<\/em> dit-il en montrant son badge.<\/p>\n\n\n\n<p>Elle observa.<\/p>\n\n\n\n<p>Silencieuse.<\/p>\n\n\n\n<p>Puis soudain\u2014<\/p>\n\n\n\n<p>Ses l\u00e8vres trembl\u00e8rent.<\/p>\n\n\n\n<p>Ses yeux se remplirent de larmes.<\/p>\n\n\n\n<p>\u2014 <em>\u00ab J\u2019ai\u2026 j\u2019ai fait quelque chose de tr\u00e8s grave\u2026 \u00bb<\/em><\/p>\n\n\n\n<p>Sa voix se brisa.<\/p>\n\n\n\n<p>\u2014 <em>\u00ab Est-ce que\u2026 vous allez m\u2019emmener en prison ? \u00bb<\/em><\/p>\n\n\n\n<hr class=\"wp-block-separator has-alpha-channel-opacity\"\/>\n\n\n\n<p>Le sourire disparut imm\u00e9diatement du visage du policier.<\/p>\n\n\n\n<hr class=\"wp-block-separator has-alpha-channel-opacity\"\/>\n\n\n\n<p>\u2014 <em>\u00ab H\u00e9\u2026 non, non\u2026 \u00bb<\/em> dit-il doucement.<br>\u2014 <em>\u00ab Calme-toi. Raconte-moi d\u2019abord ce qu\u2019il s\u2019est pass\u00e9. \u00bb<\/em><\/p>\n\n\n\n<p>\u2014 <em>\u00ab Si je le dis\u2026 je vais aller en prison ? \u00bb<\/em><\/p>\n\n\n\n<p>\u2014 <em>\u00ab Non. Les enfants comme toi ne vont pas en prison. Je te le promets. \u00bb<\/em><\/p>\n\n\n\n<hr class=\"wp-block-separator has-alpha-channel-opacity\"\/>\n\n\n\n<p>Elle inspira profond\u00e9ment.<\/p>\n\n\n\n<p>Essuya ses larmes avec le dos de sa main.<\/p>\n\n\n\n<p>Et commen\u00e7a \u00e0 parler.<\/p>\n\n\n\n<hr class=\"wp-block-separator has-alpha-channel-opacity\"\/>\n\n\n\n<p>Au d\u00e9but, c\u2019\u00e9tait confus.<\/p>\n\n\n\n<p>Des mots simples.<br>Des phrases cass\u00e9es.<\/p>\n\n\n\n<p>\u2014 <em>\u00ab C\u2019\u00e9tait\u2026 dans la maison\u2026 \u00bb<\/em><br>\u2014 <em>\u00ab Il dormait\u2026 je crois\u2026 \u00bb<\/em><br>\u2014 <em>\u00ab Et moi\u2026 j\u2019ai fait quelque chose\u2026 \u00bb<\/em><\/p>\n\n\n\n<hr class=\"wp-block-separator has-alpha-channel-opacity\"\/>\n\n\n\n<p>Les parents \u00e9chang\u00e8rent un regard nerveux.<\/p>\n\n\n\n<p>\u2014 <em>\u00ab Elle parle d\u2019un dessin qu\u2019elle a d\u00e9chir\u00e9 ou\u2026 \u00bb<\/em> murmura la m\u00e8re.<\/p>\n\n\n\n<p>Mais le policier leva la main.<\/p>\n\n\n\n<p>\u2014 <em>\u00ab Laissez-la parler. \u00bb<\/em><\/p>\n\n\n\n<hr class=\"wp-block-separator has-alpha-channel-opacity\"\/>\n\n\n\n<p>La petite continua.<\/p>\n\n\n\n<p>\u2014 <em>\u00ab Il ne bougeait plus\u2026 \u00bb<\/em><\/p>\n\n\n\n<p>Silence.<\/p>\n\n\n\n<hr class=\"wp-block-separator has-alpha-channel-opacity\"\/>\n\n\n\n<p>\u2014 <em>\u00ab Qui ne bougeait plus ? \u00bb<\/em> demanda doucement le policier.<\/p>\n\n\n\n<hr class=\"wp-block-separator has-alpha-channel-opacity\"\/>\n\n\n\n<p>Elle leva les yeux.<\/p>\n\n\n\n<p>Et dit :<\/p>\n\n\n\n<p>\u2014 <em>\u00ab Mon petit fr\u00e8re. \u00bb<\/em><\/p>\n\n\n\n<hr class=\"wp-block-separator has-alpha-channel-opacity\"\/>\n\n\n\n<p>Un frisson traversa la pi\u00e8ce.<\/p>\n\n\n\n<hr class=\"wp-block-separator has-alpha-channel-opacity\"\/>\n\n\n\n<p>Le p\u00e8re bl\u00eamit.<\/p>\n\n\n\n<p>\u2014 <em>\u00ab Attendez\u2026 quoi ? \u00bb<\/em><\/p>\n\n\n\n<p>\u2014 <em>\u00ab Il\u2026 il va bien, non ? \u00bb<\/em> demanda la m\u00e8re, paniqu\u00e9e.<\/p>\n\n\n\n<hr class=\"wp-block-separator has-alpha-channel-opacity\"\/>\n\n\n\n<p>\u2014 <em>\u00ab Je l\u2019ai\u2026 couvert avec la couverture\u2026 comme dans les dessins\u2026 \u00bb<\/em><br>\u2014 <em>\u00ab Parce qu\u2019il avait froid\u2026 \u00bb<\/em><\/p>\n\n\n\n<hr class=\"wp-block-separator has-alpha-channel-opacity\"\/>\n\n\n\n<p>Le policier sentit son c\u0153ur acc\u00e9l\u00e9rer.<\/p>\n\n\n\n<hr class=\"wp-block-separator has-alpha-channel-opacity\"\/>\n\n\n\n<p>\u2014 <em>\u00ab Et ensuite ? \u00bb<\/em><\/p>\n\n\n\n<hr class=\"wp-block-separator has-alpha-channel-opacity\"\/>\n\n\n\n<p>\u2014 <em>\u00ab Il ne respirait plus\u2026 \u00bb<\/em><\/p>\n\n\n\n<hr class=\"wp-block-separator has-alpha-channel-opacity\"\/>\n\n\n\n<p>Silence.<\/p>\n\n\n\n<p>Total.<\/p>\n\n\n\n<hr class=\"wp-block-separator has-alpha-channel-opacity\"\/>\n\n\n\n<p>Le p\u00e8re recula d\u2019un pas.<\/p>\n\n\n\n<p>\u2014 <em>\u00ab Non\u2026 c\u2019est impossible\u2026 il dormait juste\u2026 \u00bb<\/em><\/p>\n\n\n\n<hr class=\"wp-block-separator has-alpha-channel-opacity\"\/>\n\n\n\n<p>Mais dans les yeux de la petite\u2026<\/p>\n\n\n\n<p>il n\u2019y avait pas d\u2019imagination.<\/p>\n\n\n\n<p>Il y avait\u2026 de la m\u00e9moire.<\/p>\n\n\n\n<hr class=\"wp-block-separator has-alpha-channel-opacity\"\/>\n\n\n\n<p>\u2014 <em>\u00ab Et\u2026 apr\u00e8s \u00e7a ? \u00bb<\/em> demanda le policier, la voix plus grave.<\/p>\n\n\n\n<hr class=\"wp-block-separator has-alpha-channel-opacity\"\/>\n\n\n\n<p>Elle h\u00e9sita.<\/p>\n\n\n\n<p>Puis murmura :<\/p>\n\n\n\n<p>\u2014 <em>\u00ab J\u2019ai entendu papa dire\u2026 qu\u2019il fallait pas le dire\u2026 sinon on aurait des probl\u00e8mes\u2026 \u00bb<\/em><\/p>\n\n\n\n<hr class=\"wp-block-separator has-alpha-channel-opacity\"\/>\n\n\n\n<p>Le temps s\u2019est arr\u00eat\u00e9.<\/p>\n\n\n\n<hr class=\"wp-block-separator has-alpha-channel-opacity\"\/>\n\n\n\n<p>\u2014 <em>\u00ab Quoi ?! \u00bb<\/em> cria le p\u00e8re.<br>\u2014 <em>\u00ab Mais non, elle invente ! \u00bb<\/em><\/p>\n\n\n\n<hr class=\"wp-block-separator has-alpha-channel-opacity\"\/>\n\n\n\n<p>La m\u00e8re se mit \u00e0 trembler.<\/p>\n\n\n\n<p>\u2014 <em>\u00ab Ch\u00e9rie\u2026 pourquoi tu dis \u00e7a\u2026 ? \u00bb<\/em><\/p>\n\n\n\n<hr class=\"wp-block-separator has-alpha-channel-opacity\"\/>\n\n\n\n<p>La petite regarda le sol.<\/p>\n\n\n\n<p>Puis dit doucement :<\/p>\n\n\n\n<p>\u2014 <em>\u00ab Parce que j\u2019ai peur\u2026 \u00bb<\/em><\/p>\n\n\n\n<hr class=\"wp-block-separator has-alpha-channel-opacity\"\/>\n\n\n\n<p>Le policier se releva lentement.<\/p>\n\n\n\n<p>Son regard avait chang\u00e9.<\/p>\n\n\n\n<p>Compl\u00e8tement.<\/p>\n\n\n\n<hr class=\"wp-block-separator has-alpha-channel-opacity\"\/>\n\n\n\n<p>Ce n\u2019\u00e9tait plus une simple histoire d\u2019enfant.<\/p>\n\n\n\n<hr class=\"wp-block-separator has-alpha-channel-opacity\"\/>\n\n\n\n<p>\u2014 <em>\u00ab Madame, monsieur\u2026 \u00bb<\/em> dit-il calmement.<br>\u2014 <em>\u00ab On va devoir v\u00e9rifier certaines choses. \u00bb<\/em><\/p>\n\n\n\n<hr class=\"wp-block-separator has-alpha-channel-opacity\"\/>\n\n\n\n<p>Le p\u00e8re recula encore.<\/p>\n\n\n\n<p>\u2014 <em>\u00ab Vous n\u2019allez pas croire une enfant de trois ans ?! \u00bb<\/em><\/p>\n\n\n\n<hr class=\"wp-block-separator has-alpha-channel-opacity\"\/>\n\n\n\n<p>\u2014 <em>\u00ab On ne croit pas. On v\u00e9rifie. \u00bb<\/em><\/p>\n\n\n\n<hr class=\"wp-block-separator has-alpha-channel-opacity\"\/>\n\n\n\n<p>Et c\u2019est l\u00e0 que tout a bascul\u00e9.<\/p>\n\n\n\n<hr class=\"wp-block-separator has-alpha-channel-opacity\"\/>\n\n\n\n<p>Quelques heures plus tard\u2026<\/p>\n\n\n\n<p>Une \u00e9quipe est envoy\u00e9e au domicile.<\/p>\n\n\n\n<hr class=\"wp-block-separator has-alpha-channel-opacity\"\/>\n\n\n\n<p>La maison est silencieuse.<\/p>\n\n\n\n<p>Trop silencieuse.<\/p>\n\n\n\n<hr class=\"wp-block-separator has-alpha-channel-opacity\"\/>\n\n\n\n<p>Dans la chambre\u2026<\/p>\n\n\n\n<p>le berceau.<\/p>\n\n\n\n<hr class=\"wp-block-separator has-alpha-channel-opacity\"\/>\n\n\n\n<p>Et \u00e0 l\u2019int\u00e9rieur\u2026<\/p>\n\n\n\n<hr class=\"wp-block-separator has-alpha-channel-opacity\"\/>\n\n\n\n<p>Un b\u00e9b\u00e9.<\/p>\n\n\n\n<p>Immobile.<\/p>\n\n\n\n<hr class=\"wp-block-separator has-alpha-channel-opacity\"\/>\n\n\n\n<p>Un m\u00e9decin est appel\u00e9.<\/p>\n\n\n\n<p>Urgence.<\/p>\n\n\n\n<hr class=\"wp-block-separator has-alpha-channel-opacity\"\/>\n\n\n\n<p>Mais il est trop tard.<\/p>\n\n\n\n<hr class=\"wp-block-separator has-alpha-channel-opacity\"\/>\n\n\n\n<p>Le rapport est clair :<\/p>\n\n\n\n<p>Manque d\u2019oxyg\u00e8ne.<\/p>\n\n\n\n<hr class=\"wp-block-separator has-alpha-channel-opacity\"\/>\n\n\n\n<p>Et soudain\u2026<\/p>\n\n\n\n<p>les mots de la petite fille prennent un autre sens.<\/p>\n\n\n\n<hr class=\"wp-block-separator has-alpha-channel-opacity\"\/>\n\n\n\n<p>Retour au commissariat.<\/p>\n\n\n\n<hr class=\"wp-block-separator has-alpha-channel-opacity\"\/>\n\n\n\n<p>La m\u00e8re s\u2019effondre.<\/p>\n\n\n\n<p>Le p\u00e8re ne parle plus.<\/p>\n\n\n\n<hr class=\"wp-block-separator has-alpha-channel-opacity\"\/>\n\n\n\n<p>La petite fille est assise.<\/p>\n\n\n\n<p>Silencieuse.<\/p>\n\n\n\n<hr class=\"wp-block-separator has-alpha-channel-opacity\"\/>\n\n\n\n<p>Le m\u00eame policier revient vers elle.<\/p>\n\n\n\n<p>S\u2019assoit doucement.<\/p>\n\n\n\n<hr class=\"wp-block-separator has-alpha-channel-opacity\"\/>\n\n\n\n<p>\u2014 <em>\u00ab Tu as fait ce que tu pensais \u00eatre bien\u2026 d\u2019accord ? \u00bb<\/em><\/p>\n\n\n\n<hr class=\"wp-block-separator has-alpha-channel-opacity\"\/>\n\n\n\n<p>Elle le regarde.<\/p>\n\n\n\n<p>Les yeux remplis de larmes.<\/p>\n\n\n\n<hr class=\"wp-block-separator has-alpha-channel-opacity\"\/>\n\n\n\n<p>\u2014 <em>\u00ab Alors\u2026 je ne suis pas m\u00e9chante ? \u00bb<\/em><\/p>\n\n\n\n<hr class=\"wp-block-separator has-alpha-channel-opacity\"\/>\n\n\n\n<p>Il h\u00e9site.<\/p>\n\n\n\n<p>Une seconde.<\/p>\n\n\n\n<hr class=\"wp-block-separator has-alpha-channel-opacity\"\/>\n\n\n\n<p>\u2014 <em>\u00ab Non\u2026 tu es juste\u2026 une petite fille qui ne savait pas. \u00bb<\/em><\/p>\n\n\n\n<hr class=\"wp-block-separator has-alpha-channel-opacity\"\/>\n\n\n\n<p>Elle souffle.<\/p>\n\n\n\n<p>Comme si elle venait d\u2019\u00eatre lib\u00e9r\u00e9e d\u2019un poids \u00e9norme.<\/p>\n\n\n\n<hr class=\"wp-block-separator has-alpha-channel-opacity\"\/>\n\n\n\n<p>\u2014 <em>\u00ab Je voulais qu\u2019il ait chaud\u2026 \u00bb<\/em><\/p>\n\n\n\n<hr class=\"wp-block-separator has-alpha-channel-opacity\"\/>\n\n\n\n<p>Et l\u00e0\u2026<\/p>\n\n\n\n<p>m\u00eame les policiers les plus durs d\u00e9tourn\u00e8rent le regard.<\/p>\n\n\n\n<hr class=\"wp-block-separator has-alpha-channel-opacity\"\/>\n\n\n\n<p>Parce que parfois\u2026<\/p>\n\n\n\n<p>le crime le plus lourd\u2026<\/p>\n\n\n\n<p>ne vient pas de la haine.<\/p>\n\n\n\n<hr class=\"wp-block-separator has-alpha-channel-opacity\"\/>\n\n\n\n<p>Mais de l\u2019innocence.<\/p>\n\n\n\n<hr class=\"wp-block-separator has-alpha-channel-opacity\"\/>\n\n\n\n<p>Et c\u2019est \u00e7a\u2026<\/p>\n\n\n\n<p>qui le rend encore plus difficile \u00e0 supporter.<\/p>\n","protected":false},"excerpt":{"rendered":"La petite fille pleurait. Mais ce n\u2019\u00e9tait pas un caprice.Pas une peur enfantine. C\u2019\u00e9tait\u2026 autre chose. Et d\u00e8s qu\u2019elle a ouvert la bouche, \n<a class=\"moretag\" href=\"https:\/\/gazeta.am\/?p=2827\"> [...]<\/a>","protected":false},"author":1,"featured_media":2828,"comment_status":"open","ping_status":"open","sticky":false,"template":"","format":"standard","meta":{"footnotes":""},"categories":[1],"tags":[],"class_list":["post-2827","post","type-post","status-publish","format-standard","has-post-thumbnail","hentry","category-1"],"yoast_head":"<!-- This site is optimized with the Yoast SEO plugin v27.4 - https:\/\/yoast.com\/product\/yoast-seo-wordpress\/ -->\n<title>\ud83d\ude28 \u00ab J\u2019AI COMMIS UN CRIME GRAVE\u2026 \u00bb \u2014 LES POLICIERS PENSAIENT \u00c0 UNE BLAGUE\u2026 JUSQU\u2019\u00c0 CE QU\u2019ELLE PARLE -<\/title>\n<meta name=\"robots\" content=\"index, follow, max-snippet:-1, max-image-preview:large, max-video-preview:-1\" \/>\n<link rel=\"canonical\" href=\"https:\/\/gazeta.am\/?p=2827\" \/>\n<meta property=\"og:locale\" content=\"ru_RU\" \/>\n<meta property=\"og:type\" content=\"article\" \/>\n<meta property=\"og:title\" content=\"\ud83d\ude28 \u00ab J\u2019AI COMMIS UN CRIME GRAVE\u2026 \u00bb \u2014 LES POLICIERS PENSAIENT \u00c0 UNE BLAGUE\u2026 JUSQU\u2019\u00c0 CE QU\u2019ELLE PARLE -\" \/>\n<meta property=\"og:description\" content=\"La petite fille pleurait. Mais ce n\u2019\u00e9tait pas un caprice.Pas une peur enfantine. C\u2019\u00e9tait\u2026 autre chose. Et d\u00e8s qu\u2019elle a ouvert la bouche,\" \/>\n<meta property=\"og:url\" content=\"https:\/\/gazeta.am\/?p=2827\" \/>\n<meta property=\"article:published_time\" content=\"2026-04-27T06:39:17+00:00\" \/>\n<meta property=\"article:modified_time\" content=\"2026-04-27T06:39:21+00:00\" \/>\n<meta property=\"og:image\" content=\"https:\/\/gazeta.am\/wp-content\/uploads\/2026\/04\/1aaaa-39.jpg\" \/>\n\t<meta property=\"og:image:width\" content=\"702\" \/>\n\t<meta property=\"og:image:height\" content=\"805\" \/>\n\t<meta property=\"og:image:type\" content=\"image\/jpeg\" \/>\n<meta name=\"author\" content=\"admin\" \/>\n<meta name=\"twitter:card\" content=\"summary_large_image\" \/>\n<meta name=\"twitter:label1\" content=\"\u041d\u0430\u043f\u0438\u0441\u0430\u043d\u043e \u0430\u0432\u0442\u043e\u0440\u043e\u043c\" \/>\n\t<meta name=\"twitter:data1\" content=\"admin\" \/>\n\t<meta name=\"twitter:label2\" content=\"\u041f\u0440\u0438\u043c\u0435\u0440\u043d\u043e\u0435 \u0432\u0440\u0435\u043c\u044f \u0434\u043b\u044f \u0447\u0442\u0435\u043d\u0438\u044f\" \/>\n\t<meta name=\"twitter:data2\" content=\"5 \u043c\u0438\u043d\u0443\u0442\" \/>\n<script type=\"application\/ld+json\" class=\"yoast-schema-graph\">{\"@context\":\"https:\\\/\\\/schema.org\",\"@graph\":[{\"@type\":\"Article\",\"@id\":\"https:\\\/\\\/gazeta.am\\\/?p=2827#article\",\"isPartOf\":{\"@id\":\"https:\\\/\\\/gazeta.am\\\/?p=2827\"},\"author\":{\"name\":\"admin\",\"@id\":\"https:\\\/\\\/gazeta.am\\\/#\\\/schema\\\/person\\\/987709955e760c9a1ebbb44776f8cccc\"},\"headline\":\"\ud83d\ude28 \u00ab J\u2019AI COMMIS UN CRIME GRAVE\u2026 \u00bb \u2014 LES POLICIERS PENSAIENT \u00c0 UNE BLAGUE\u2026 JUSQU\u2019\u00c0 CE QU\u2019ELLE PARLE\",\"datePublished\":\"2026-04-27T06:39:17+00:00\",\"dateModified\":\"2026-04-27T06:39:21+00:00\",\"mainEntityOfPage\":{\"@id\":\"https:\\\/\\\/gazeta.am\\\/?p=2827\"},\"wordCount\":822,\"commentCount\":0,\"image\":{\"@id\":\"https:\\\/\\\/gazeta.am\\\/?p=2827#primaryimage\"},\"thumbnailUrl\":\"https:\\\/\\\/gazeta.am\\\/wp-content\\\/uploads\\\/2026\\\/04\\\/1aaaa-39.jpg\",\"articleSection\":[\"NEWS\"],\"inLanguage\":\"ru-RU\",\"potentialAction\":[{\"@type\":\"CommentAction\",\"name\":\"Comment\",\"target\":[\"https:\\\/\\\/gazeta.am\\\/?p=2827#respond\"]}]},{\"@type\":\"WebPage\",\"@id\":\"https:\\\/\\\/gazeta.am\\\/?p=2827\",\"url\":\"https:\\\/\\\/gazeta.am\\\/?p=2827\",\"name\":\"\ud83d\ude28 \u00ab J\u2019AI COMMIS UN CRIME GRAVE\u2026 \u00bb \u2014 LES POLICIERS PENSAIENT \u00c0 UNE BLAGUE\u2026 JUSQU\u2019\u00c0 CE QU\u2019ELLE PARLE -\",\"isPartOf\":{\"@id\":\"https:\\\/\\\/gazeta.am\\\/#website\"},\"primaryImageOfPage\":{\"@id\":\"https:\\\/\\\/gazeta.am\\\/?p=2827#primaryimage\"},\"image\":{\"@id\":\"https:\\\/\\\/gazeta.am\\\/?p=2827#primaryimage\"},\"thumbnailUrl\":\"https:\\\/\\\/gazeta.am\\\/wp-content\\\/uploads\\\/2026\\\/04\\\/1aaaa-39.jpg\",\"datePublished\":\"2026-04-27T06:39:17+00:00\",\"dateModified\":\"2026-04-27T06:39:21+00:00\",\"author\":{\"@id\":\"https:\\\/\\\/gazeta.am\\\/#\\\/schema\\\/person\\\/987709955e760c9a1ebbb44776f8cccc\"},\"breadcrumb\":{\"@id\":\"https:\\\/\\\/gazeta.am\\\/?p=2827#breadcrumb\"},\"inLanguage\":\"ru-RU\",\"potentialAction\":[{\"@type\":\"ReadAction\",\"target\":[\"https:\\\/\\\/gazeta.am\\\/?p=2827\"]}]},{\"@type\":\"ImageObject\",\"inLanguage\":\"ru-RU\",\"@id\":\"https:\\\/\\\/gazeta.am\\\/?p=2827#primaryimage\",\"url\":\"https:\\\/\\\/gazeta.am\\\/wp-content\\\/uploads\\\/2026\\\/04\\\/1aaaa-39.jpg\",\"contentUrl\":\"https:\\\/\\\/gazeta.am\\\/wp-content\\\/uploads\\\/2026\\\/04\\\/1aaaa-39.jpg\",\"width\":702,\"height\":805},{\"@type\":\"BreadcrumbList\",\"@id\":\"https:\\\/\\\/gazeta.am\\\/?p=2827#breadcrumb\",\"itemListElement\":[{\"@type\":\"ListItem\",\"position\":1,\"name\":\"\u0413\u043b\u0430\u0432\u043d\u0430\u044f \u0441\u0442\u0440\u0430\u043d\u0438\u0446\u0430\",\"item\":\"https:\\\/\\\/gazeta.am\\\/\"},{\"@type\":\"ListItem\",\"position\":2,\"name\":\"\ud83d\ude28 \u00ab J\u2019AI COMMIS UN CRIME GRAVE\u2026 \u00bb \u2014 LES POLICIERS PENSAIENT \u00c0 UNE BLAGUE\u2026 JUSQU\u2019\u00c0 CE QU\u2019ELLE PARLE\"}]},{\"@type\":\"WebSite\",\"@id\":\"https:\\\/\\\/gazeta.am\\\/#website\",\"url\":\"https:\\\/\\\/gazeta.am\\\/\",\"name\":\"\",\"description\":\"\",\"potentialAction\":[{\"@type\":\"SearchAction\",\"target\":{\"@type\":\"EntryPoint\",\"urlTemplate\":\"https:\\\/\\\/gazeta.am\\\/?s={search_term_string}\"},\"query-input\":{\"@type\":\"PropertyValueSpecification\",\"valueRequired\":true,\"valueName\":\"search_term_string\"}}],\"inLanguage\":\"ru-RU\"},{\"@type\":\"Person\",\"@id\":\"https:\\\/\\\/gazeta.am\\\/#\\\/schema\\\/person\\\/987709955e760c9a1ebbb44776f8cccc\",\"name\":\"admin\",\"image\":{\"@type\":\"ImageObject\",\"inLanguage\":\"ru-RU\",\"@id\":\"https:\\\/\\\/secure.gravatar.com\\\/avatar\\\/a24f4ac3a683f3c87303db525abc00db51ea26ccedee11dfaf1cc0f9a481a5d2?s=96&d=mm&r=g\",\"url\":\"https:\\\/\\\/secure.gravatar.com\\\/avatar\\\/a24f4ac3a683f3c87303db525abc00db51ea26ccedee11dfaf1cc0f9a481a5d2?s=96&d=mm&r=g\",\"contentUrl\":\"https:\\\/\\\/secure.gravatar.com\\\/avatar\\\/a24f4ac3a683f3c87303db525abc00db51ea26ccedee11dfaf1cc0f9a481a5d2?s=96&d=mm&r=g\",\"caption\":\"admin\"},\"sameAs\":[\"http:\\\/\\\/gazeta.am\"],\"url\":\"https:\\\/\\\/gazeta.am\\\/?author=1\"}]}<\/script>\n<!-- \/ Yoast SEO plugin. -->","yoast_head_json":{"title":"\ud83d\ude28 \u00ab J\u2019AI COMMIS UN CRIME GRAVE\u2026 \u00bb \u2014 LES POLICIERS PENSAIENT \u00c0 UNE BLAGUE\u2026 JUSQU\u2019\u00c0 CE QU\u2019ELLE PARLE -","robots":{"index":"index","follow":"follow","max-snippet":"max-snippet:-1","max-image-preview":"max-image-preview:large","max-video-preview":"max-video-preview:-1"},"canonical":"https:\/\/gazeta.am\/?p=2827","og_locale":"ru_RU","og_type":"article","og_title":"\ud83d\ude28 \u00ab J\u2019AI COMMIS UN CRIME GRAVE\u2026 \u00bb \u2014 LES POLICIERS PENSAIENT \u00c0 UNE BLAGUE\u2026 JUSQU\u2019\u00c0 CE QU\u2019ELLE PARLE -","og_description":"La petite fille pleurait. Mais ce n\u2019\u00e9tait pas un caprice.Pas une peur enfantine. C\u2019\u00e9tait\u2026 autre chose. Et d\u00e8s qu\u2019elle a ouvert la bouche,","og_url":"https:\/\/gazeta.am\/?p=2827","article_published_time":"2026-04-27T06:39:17+00:00","article_modified_time":"2026-04-27T06:39:21+00:00","og_image":[{"width":702,"height":805,"url":"https:\/\/gazeta.am\/wp-content\/uploads\/2026\/04\/1aaaa-39.jpg","type":"image\/jpeg"}],"author":"admin","twitter_card":"summary_large_image","twitter_misc":{"\u041d\u0430\u043f\u0438\u0441\u0430\u043d\u043e \u0430\u0432\u0442\u043e\u0440\u043e\u043c":"admin","\u041f\u0440\u0438\u043c\u0435\u0440\u043d\u043e\u0435 \u0432\u0440\u0435\u043c\u044f \u0434\u043b\u044f \u0447\u0442\u0435\u043d\u0438\u044f":"5 \u043c\u0438\u043d\u0443\u0442"},"schema":{"@context":"https:\/\/schema.org","@graph":[{"@type":"Article","@id":"https:\/\/gazeta.am\/?p=2827#article","isPartOf":{"@id":"https:\/\/gazeta.am\/?p=2827"},"author":{"name":"admin","@id":"https:\/\/gazeta.am\/#\/schema\/person\/987709955e760c9a1ebbb44776f8cccc"},"headline":"\ud83d\ude28 \u00ab J\u2019AI COMMIS UN CRIME GRAVE\u2026 \u00bb \u2014 LES POLICIERS PENSAIENT \u00c0 UNE BLAGUE\u2026 JUSQU\u2019\u00c0 CE QU\u2019ELLE PARLE","datePublished":"2026-04-27T06:39:17+00:00","dateModified":"2026-04-27T06:39:21+00:00","mainEntityOfPage":{"@id":"https:\/\/gazeta.am\/?p=2827"},"wordCount":822,"commentCount":0,"image":{"@id":"https:\/\/gazeta.am\/?p=2827#primaryimage"},"thumbnailUrl":"https:\/\/gazeta.am\/wp-content\/uploads\/2026\/04\/1aaaa-39.jpg","articleSection":["NEWS"],"inLanguage":"ru-RU","potentialAction":[{"@type":"CommentAction","name":"Comment","target":["https:\/\/gazeta.am\/?p=2827#respond"]}]},{"@type":"WebPage","@id":"https:\/\/gazeta.am\/?p=2827","url":"https:\/\/gazeta.am\/?p=2827","name":"\ud83d\ude28 \u00ab J\u2019AI COMMIS UN CRIME GRAVE\u2026 \u00bb \u2014 LES POLICIERS PENSAIENT \u00c0 UNE BLAGUE\u2026 JUSQU\u2019\u00c0 CE QU\u2019ELLE PARLE -","isPartOf":{"@id":"https:\/\/gazeta.am\/#website"},"primaryImageOfPage":{"@id":"https:\/\/gazeta.am\/?p=2827#primaryimage"},"image":{"@id":"https:\/\/gazeta.am\/?p=2827#primaryimage"},"thumbnailUrl":"https:\/\/gazeta.am\/wp-content\/uploads\/2026\/04\/1aaaa-39.jpg","datePublished":"2026-04-27T06:39:17+00:00","dateModified":"2026-04-27T06:39:21+00:00","author":{"@id":"https:\/\/gazeta.am\/#\/schema\/person\/987709955e760c9a1ebbb44776f8cccc"},"breadcrumb":{"@id":"https:\/\/gazeta.am\/?p=2827#breadcrumb"},"inLanguage":"ru-RU","potentialAction":[{"@type":"ReadAction","target":["https:\/\/gazeta.am\/?p=2827"]}]},{"@type":"ImageObject","inLanguage":"ru-RU","@id":"https:\/\/gazeta.am\/?p=2827#primaryimage","url":"https:\/\/gazeta.am\/wp-content\/uploads\/2026\/04\/1aaaa-39.jpg","contentUrl":"https:\/\/gazeta.am\/wp-content\/uploads\/2026\/04\/1aaaa-39.jpg","width":702,"height":805},{"@type":"BreadcrumbList","@id":"https:\/\/gazeta.am\/?p=2827#breadcrumb","itemListElement":[{"@type":"ListItem","position":1,"name":"\u0413\u043b\u0430\u0432\u043d\u0430\u044f \u0441\u0442\u0440\u0430\u043d\u0438\u0446\u0430","item":"https:\/\/gazeta.am\/"},{"@type":"ListItem","position":2,"name":"\ud83d\ude28 \u00ab J\u2019AI COMMIS UN CRIME GRAVE\u2026 \u00bb \u2014 LES POLICIERS PENSAIENT \u00c0 UNE BLAGUE\u2026 JUSQU\u2019\u00c0 CE QU\u2019ELLE PARLE"}]},{"@type":"WebSite","@id":"https:\/\/gazeta.am\/#website","url":"https:\/\/gazeta.am\/","name":"","description":"","potentialAction":[{"@type":"SearchAction","target":{"@type":"EntryPoint","urlTemplate":"https:\/\/gazeta.am\/?s={search_term_string}"},"query-input":{"@type":"PropertyValueSpecification","valueRequired":true,"valueName":"search_term_string"}}],"inLanguage":"ru-RU"},{"@type":"Person","@id":"https:\/\/gazeta.am\/#\/schema\/person\/987709955e760c9a1ebbb44776f8cccc","name":"admin","image":{"@type":"ImageObject","inLanguage":"ru-RU","@id":"https:\/\/secure.gravatar.com\/avatar\/a24f4ac3a683f3c87303db525abc00db51ea26ccedee11dfaf1cc0f9a481a5d2?s=96&d=mm&r=g","url":"https:\/\/secure.gravatar.com\/avatar\/a24f4ac3a683f3c87303db525abc00db51ea26ccedee11dfaf1cc0f9a481a5d2?s=96&d=mm&r=g","contentUrl":"https:\/\/secure.gravatar.com\/avatar\/a24f4ac3a683f3c87303db525abc00db51ea26ccedee11dfaf1cc0f9a481a5d2?s=96&d=mm&r=g","caption":"admin"},"sameAs":["http:\/\/gazeta.am"],"url":"https:\/\/gazeta.am\/?author=1"}]}},"_links":{"self":[{"href":"https:\/\/gazeta.am\/index.php?rest_route=\/wp\/v2\/posts\/2827","targetHints":{"allow":["GET"]}}],"collection":[{"href":"https:\/\/gazeta.am\/index.php?rest_route=\/wp\/v2\/posts"}],"about":[{"href":"https:\/\/gazeta.am\/index.php?rest_route=\/wp\/v2\/types\/post"}],"author":[{"embeddable":true,"href":"https:\/\/gazeta.am\/index.php?rest_route=\/wp\/v2\/users\/1"}],"replies":[{"embeddable":true,"href":"https:\/\/gazeta.am\/index.php?rest_route=%2Fwp%2Fv2%2Fcomments&post=2827"}],"version-history":[{"count":1,"href":"https:\/\/gazeta.am\/index.php?rest_route=\/wp\/v2\/posts\/2827\/revisions"}],"predecessor-version":[{"id":2829,"href":"https:\/\/gazeta.am\/index.php?rest_route=\/wp\/v2\/posts\/2827\/revisions\/2829"}],"wp:featuredmedia":[{"embeddable":true,"href":"https:\/\/gazeta.am\/index.php?rest_route=\/wp\/v2\/media\/2828"}],"wp:attachment":[{"href":"https:\/\/gazeta.am\/index.php?rest_route=%2Fwp%2Fv2%2Fmedia&parent=2827"}],"wp:term":[{"taxonomy":"category","embeddable":true,"href":"https:\/\/gazeta.am\/index.php?rest_route=%2Fwp%2Fv2%2Fcategories&post=2827"},{"taxonomy":"post_tag","embeddable":true,"href":"https:\/\/gazeta.am\/index.php?rest_route=%2Fwp%2Fv2%2Ftags&post=2827"}],"curies":[{"name":"wp","href":"https:\/\/api.w.org\/{rel}","templated":true}]}}