{"id":1362,"date":"2026-03-29T15:35:53","date_gmt":"2026-03-29T12:35:53","guid":{"rendered":"https:\/\/gazeta.am\/?p=1362"},"modified":"2026-03-29T15:35:55","modified_gmt":"2026-03-29T12:35:55","slug":"reconnaissez-vous-ce-garcon","status":"publish","type":"post","link":"https:\/\/gazeta.am\/?p=1362","title":{"rendered":"\u00ab Reconnaissez-vous ce gar\u00e7on ? \u00bb"},"content":{"rendered":"\n<p>La photo \u00e9tait ancienne. L\u00e9g\u00e8rement jaunie par le temps. Un enfant au regard profond, presque trop s\u00e9rieux pour son \u00e2ge, fixait l\u2019objectif comme s\u2019il cherchait d\u00e9j\u00e0 quelque chose au-del\u00e0 du cadre.<\/p>\n\n\n\n<p>\u00c0 ce moment-l\u00e0\u2026 il ne savait pas.<\/p>\n\n\n\n<p>Il ne savait pas qu\u2019un jour, des millions de personnes conna\u00eetraient son nom.<\/p>\n\n\n\n<p>Il ne savait pas que son visage serait projet\u00e9 sur des \u00e9crans immenses, dans des salles plong\u00e9es dans le noir, o\u00f9 des inconnus retiendraient leur souffle \u00e0 chacun de ses mots.<\/p>\n\n\n\n<p>Il ne savait pas qu\u2019il deviendrait\u2026 une \u00e9motion.<\/p>\n\n\n\n<hr class=\"wp-block-separator has-alpha-channel-opacity\"\/>\n\n\n\n<p>Il s\u2019appelait Alex.<\/p>\n\n\n\n<p>Un pr\u00e9nom simple.<\/p>\n\n\n\n<p>Un enfant comme les autres.<\/p>\n\n\n\n<p>Ou presque.<\/p>\n\n\n\n<figure class=\"wp-block-image size-full\"><img loading=\"lazy\" decoding=\"async\" width=\"546\" height=\"817\" src=\"https:\/\/gazeta.am\/wp-content\/uploads\/2026\/03\/1q-33.jpg\" alt=\"\" class=\"wp-image-1363\" srcset=\"https:\/\/gazeta.am\/wp-content\/uploads\/2026\/03\/1q-33.jpg 546w, https:\/\/gazeta.am\/wp-content\/uploads\/2026\/03\/1q-33-200x300.jpg 200w\" sizes=\"auto, (max-width: 546px) 100vw, 546px\" \/><\/figure>\n\n\n\n<hr class=\"wp-block-separator has-alpha-channel-opacity\"\/>\n\n\n\n<p>Il est n\u00e9 dans une famille ordinaire.<\/p>\n\n\n\n<p>Pas riche. Pas c\u00e9l\u00e8bre.<\/p>\n\n\n\n<p>Mais vivante.<\/p>\n\n\n\n<p>Son p\u00e8re \u00e9tait un homme engag\u00e9. Toujours en mouvement. Toujours en train de d\u00e9fendre une cause, de construire quelque chose, de croire que le monde pouvait \u00eatre chang\u00e9.<\/p>\n\n\n\n<p>Sa m\u00e8re, elle, \u00e9tait diff\u00e9rente.<\/p>\n\n\n\n<p>Calme. Pr\u00e9cise. Forte d\u2019une autre mani\u00e8re.<\/p>\n\n\n\n<p>Elle travaillait dans le domaine juridique, et dans ses yeux, il y avait cette lucidit\u00e9 froide, mais aussi une tendresse discr\u00e8te.<\/p>\n\n\n\n<p>Ils n\u2019\u00e9taient pas parfaits.<\/p>\n\n\n\n<p>Mais ils \u00e9taient l\u00e0.<\/p>\n\n\n\n<p>Et pour un enfant\u2026 c\u2019est tout ce qui compte.<\/p>\n\n\n\n<hr class=\"wp-block-separator has-alpha-channel-opacity\"\/>\n\n\n\n<p>Dans son enfance, Alex r\u00eavait d\u2019\u00eatre sportif.<\/p>\n\n\n\n<p>Il courait partout.<\/p>\n\n\n\n<p>Il tombait.<\/p>\n\n\n\n<p>Il se relevait.<\/p>\n\n\n\n<p>Encore.<\/p>\n\n\n\n<p>Et encore.<\/p>\n\n\n\n<p>Le football le fascinait.<\/p>\n\n\n\n<p>Le hockey le faisait vibrer.<\/p>\n\n\n\n<p>Il imaginait des stades remplis, des cris, des victoires.<\/p>\n\n\n\n<p>Il voulait \u00eatre fort.<\/p>\n\n\n\n<p>Visible.<\/p>\n\n\n\n<p>Important.<\/p>\n\n\n\n<hr class=\"wp-block-separator has-alpha-channel-opacity\"\/>\n\n\n\n<p>Mais la vie\u2026 ne suit jamais le sc\u00e9nario qu\u2019on \u00e9crit \u00e0 dix ans.<\/p>\n\n\n\n<hr class=\"wp-block-separator has-alpha-channel-opacity\"\/>\n\n\n\n<p>Un jour, presque par hasard, il monta sur une sc\u00e8ne.<\/p>\n\n\n\n<p>Un petit th\u00e9\u00e2tre.<\/p>\n\n\n\n<p>Rien d\u2019impressionnant.<\/p>\n\n\n\n<p>Quelques chaises.<\/p>\n\n\n\n<p>Un rideau fatigu\u00e9.<\/p>\n\n\n\n<p>Une lumi\u00e8re tremblante.<\/p>\n\n\n\n<hr class=\"wp-block-separator has-alpha-channel-opacity\"\/>\n\n\n\n<p>Et pourtant\u2026<\/p>\n\n\n\n<p>Quelque chose s\u2019est pass\u00e9.<\/p>\n\n\n\n<hr class=\"wp-block-separator has-alpha-channel-opacity\"\/>\n\n\n\n<p>Quand il a parl\u00e9\u2026<\/p>\n\n\n\n<p>Le silence est tomb\u00e9.<\/p>\n\n\n\n<p>Un vrai silence.<\/p>\n\n\n\n<p>Pas celui qu\u2019on impose.<\/p>\n\n\n\n<p>Celui qui na\u00eet.<\/p>\n\n\n\n<hr class=\"wp-block-separator has-alpha-channel-opacity\"\/>\n\n\n\n<p>Et dans ce silence, Alex a senti quelque chose.<\/p>\n\n\n\n<p>Quelque chose de puissant.<\/p>\n\n\n\n<p>Quelque chose de dangereux.<\/p>\n\n\n\n<hr class=\"wp-block-separator has-alpha-channel-opacity\"\/>\n\n\n\n<p>Il a senti qu\u2019il pouvait toucher les gens.<\/p>\n\n\n\n<p>Sans les conna\u00eetre.<\/p>\n\n\n\n<p>Sans les voir vraiment.<\/p>\n\n\n\n<hr class=\"wp-block-separator has-alpha-channel-opacity\"\/>\n\n\n\n<p>Ce jour-l\u00e0, sans le comprendre, il a chang\u00e9 de r\u00eave.<\/p>\n\n\n\n<hr class=\"wp-block-separator has-alpha-channel-opacity\"\/>\n\n\n\n<p>Mais avant qu\u2019il puisse le poursuivre\u2026<\/p>\n\n\n\n<p>La vie l\u2019a bris\u00e9.<\/p>\n\n\n\n<hr class=\"wp-block-separator has-alpha-channel-opacity\"\/>\n\n\n\n<p>D\u2019abord son p\u00e8re.<\/p>\n\n\n\n<p>Une absence brutale.<\/p>\n\n\n\n<p>Injuste.<\/p>\n\n\n\n<p>Incompr\u00e9hensible.<\/p>\n\n\n\n<hr class=\"wp-block-separator has-alpha-channel-opacity\"\/>\n\n\n\n<p>Puis, peu de temps apr\u00e8s\u2026<\/p>\n\n\n\n<p>Sa m\u00e8re.<\/p>\n\n\n\n<hr class=\"wp-block-separator has-alpha-channel-opacity\"\/>\n\n\n\n<p>Deux silences.<\/p>\n\n\n\n<p>Deux vides.<\/p>\n\n\n\n<p>Trop grands pour un jeune homme.<\/p>\n\n\n\n<hr class=\"wp-block-separator has-alpha-channel-opacity\"\/>\n\n\n\n<p>Le monde s\u2019est arr\u00eat\u00e9.<\/p>\n\n\n\n<p>Ou peut-\u00eatre\u2026 c\u2019est lui qui s\u2019est arr\u00eat\u00e9.<\/p>\n\n\n\n<hr class=\"wp-block-separator has-alpha-channel-opacity\"\/>\n\n\n\n<p>Il s\u2019est retrouv\u00e9 seul.<\/p>\n\n\n\n<p>Vraiment seul.<\/p>\n\n\n\n<hr class=\"wp-block-separator has-alpha-channel-opacity\"\/>\n\n\n\n<p>Les jours sont devenus flous.<\/p>\n\n\n\n<p>Les nuits, interminables.<\/p>\n\n\n\n<hr class=\"wp-block-separator has-alpha-channel-opacity\"\/>\n\n\n\n<p>Personne ne pr\u00e9pare un enfant \u00e0 \u00e7a.<\/p>\n\n\n\n<p>Personne ne lui apprend comment continuer quand tout ce qui le tenait debout dispara\u00eet.<\/p>\n\n\n\n<hr class=\"wp-block-separator has-alpha-channel-opacity\"\/>\n\n\n\n<p>Il aurait pu tomber.<\/p>\n\n\n\n<p>Beaucoup tombent.<\/p>\n\n\n\n<p>D\u00e9finitivement.<\/p>\n\n\n\n<hr class=\"wp-block-separator has-alpha-channel-opacity\"\/>\n\n\n\n<p>Mais quelque chose en lui a r\u00e9sist\u00e9.<\/p>\n\n\n\n<p>Pas une force h\u00e9ro\u00efque.<\/p>\n\n\n\n<p>Pas une lumi\u00e8re brillante.<\/p>\n\n\n\n<hr class=\"wp-block-separator has-alpha-channel-opacity\"\/>\n\n\n\n<p>Juste\u2026 une \u00e9tincelle.<\/p>\n\n\n\n<hr class=\"wp-block-separator has-alpha-channel-opacity\"\/>\n\n\n\n<p>Une id\u00e9e.<\/p>\n\n\n\n<hr class=\"wp-block-separator has-alpha-channel-opacity\"\/>\n\n\n\n<p>\u00ab Je dois continuer. \u00bb<\/p>\n\n\n\n<hr class=\"wp-block-separator has-alpha-channel-opacity\"\/>\n\n\n\n<p>Pas pour devenir c\u00e9l\u00e8bre.<\/p>\n\n\n\n<p>Pas pour r\u00e9ussir.<\/p>\n\n\n\n<hr class=\"wp-block-separator has-alpha-channel-opacity\"\/>\n\n\n\n<p>Mais pour survivre.<\/p>\n\n\n\n<hr class=\"wp-block-separator has-alpha-channel-opacity\"\/>\n\n\n\n<p>Il a commenc\u00e9 petit.<\/p>\n\n\n\n<p>Tr\u00e8s petit.<\/p>\n\n\n\n<hr class=\"wp-block-separator has-alpha-channel-opacity\"\/>\n\n\n\n<p>Des r\u00f4les secondaires.<\/p>\n\n\n\n<p>Des figurations.<\/p>\n\n\n\n<p>Des auditions humiliantes.<\/p>\n\n\n\n<p>Des refus.<\/p>\n\n\n\n<p>Toujours des refus.<\/p>\n\n\n\n<hr class=\"wp-block-separator has-alpha-channel-opacity\"\/>\n\n\n\n<p>\u00ab Pas assez charismatique. \u00bb<\/p>\n\n\n\n<p>\u00ab Trop discret. \u00bb<\/p>\n\n\n\n<p>\u00ab Pas le bon profil. \u00bb<\/p>\n\n\n\n<hr class=\"wp-block-separator has-alpha-channel-opacity\"\/>\n\n\n\n<p>Les mots s\u2019accumulaient.<\/p>\n\n\n\n<p>Comme des pierres.<\/p>\n\n\n\n<hr class=\"wp-block-separator has-alpha-channel-opacity\"\/>\n\n\n\n<p>Il dormait chez des amis.<\/p>\n\n\n\n<p>Parfois sur le sol.<\/p>\n\n\n\n<p>Parfois sans savoir o\u00f9 il irait le lendemain.<\/p>\n\n\n\n<hr class=\"wp-block-separator has-alpha-channel-opacity\"\/>\n\n\n\n<p>Mais il continuait.<\/p>\n\n\n\n<hr class=\"wp-block-separator has-alpha-channel-opacity\"\/>\n\n\n\n<p>Parce que jouer\u2026 c\u2019\u00e9tait la seule chose qui faisait taire le vide.<\/p>\n\n\n\n<hr class=\"wp-block-separator has-alpha-channel-opacity\"\/>\n\n\n\n<p>Sur sc\u00e8ne.<\/p>\n\n\n\n<p>Devant la cam\u00e9ra.<\/p>\n\n\n\n<p>Il n\u2019\u00e9tait plus seul.<\/p>\n\n\n\n<hr class=\"wp-block-separator has-alpha-channel-opacity\"\/>\n\n\n\n<p>Il devenait quelqu\u2019un d\u2019autre.<\/p>\n\n\n\n<p>Et paradoxalement\u2026<\/p>\n\n\n\n<p>C\u2019est l\u00e0 qu\u2019il se sentait le plus lui-m\u00eame.<\/p>\n\n\n\n<hr class=\"wp-block-separator has-alpha-channel-opacity\"\/>\n\n\n\n<p>Les ann\u00e9es passaient.<\/p>\n\n\n\n<p>Lentement.<\/p>\n\n\n\n<p>Trop lentement.<\/p>\n\n\n\n<hr class=\"wp-block-separator has-alpha-channel-opacity\"\/>\n\n\n\n<p>Et puis\u2026<\/p>\n\n\n\n<p>Un jour.<\/p>\n\n\n\n<hr class=\"wp-block-separator has-alpha-channel-opacity\"\/>\n\n\n\n<p>Un r\u00f4le.<\/p>\n\n\n\n<hr class=\"wp-block-separator has-alpha-channel-opacity\"\/>\n\n\n\n<p>Pas grand.<\/p>\n\n\n\n<p>Mais diff\u00e9rent.<\/p>\n\n\n\n<hr class=\"wp-block-separator has-alpha-channel-opacity\"\/>\n\n\n\n<p>Quelqu\u2019un a remarqu\u00e9.<\/p>\n\n\n\n<hr class=\"wp-block-separator has-alpha-channel-opacity\"\/>\n\n\n\n<p>Puis un autre.<\/p>\n\n\n\n<hr class=\"wp-block-separator has-alpha-channel-opacity\"\/>\n\n\n\n<p>Et soudain\u2026<\/p>\n\n\n\n<p>Le monde a chang\u00e9.<\/p>\n\n\n\n<hr class=\"wp-block-separator has-alpha-channel-opacity\"\/>\n\n\n\n<p>Les appels sont arriv\u00e9s.<\/p>\n\n\n\n<p>Les opportunit\u00e9s.<\/p>\n\n\n\n<p>Les regards.<\/p>\n\n\n\n<hr class=\"wp-block-separator has-alpha-channel-opacity\"\/>\n\n\n\n<p>Et avec eux\u2026<\/p>\n\n\n\n<p>L\u2019amour.<\/p>\n\n\n\n<hr class=\"wp-block-separator has-alpha-channel-opacity\"\/>\n\n\n\n<p>Un amour \u00e9trange.<\/p>\n\n\n\n<p>Massif.<\/p>\n\n\n\n<p>Inattendu.<\/p>\n\n\n\n<hr class=\"wp-block-separator has-alpha-channel-opacity\"\/>\n\n\n\n<p>Des inconnus pleuraient en le regardant jouer.<\/p>\n\n\n\n<p>Des inconnus r\u00e9p\u00e9taient ses phrases.<\/p>\n\n\n\n<p>Des inconnus disaient :<\/p>\n\n\n\n<p>\u00ab Il me comprend. \u00bb<\/p>\n\n\n\n<hr class=\"wp-block-separator has-alpha-channel-opacity\"\/>\n\n\n\n<p>Mais personne ne savait.<\/p>\n\n\n\n<hr class=\"wp-block-separator has-alpha-channel-opacity\"\/>\n\n\n\n<p>Personne ne savait d\u2019o\u00f9 venait cette intensit\u00e9.<\/p>\n\n\n\n<hr class=\"wp-block-separator has-alpha-channel-opacity\"\/>\n\n\n\n<p>Personne ne voyait les nuits.<\/p>\n\n\n\n<p>Les silences.<\/p>\n\n\n\n<p>Les pertes.<\/p>\n\n\n\n<hr class=\"wp-block-separator has-alpha-channel-opacity\"\/>\n\n\n\n<p>Parce que ce qu\u2019il donnait \u00e0 l\u2019\u00e9cran\u2026<\/p>\n\n\n\n<p>Ce n\u2019\u00e9tait pas du jeu.<\/p>\n\n\n\n<hr class=\"wp-block-separator has-alpha-channel-opacity\"\/>\n\n\n\n<p>C\u2019\u00e9tait sa v\u00e9rit\u00e9.<\/p>\n\n\n\n<hr class=\"wp-block-separator has-alpha-channel-opacity\"\/>\n\n\n\n<p>Chaque regard portait une absence.<\/p>\n\n\n\n<p>Chaque silence contenait une douleur.<\/p>\n\n\n\n<p>Chaque sourire cachait une fracture.<\/p>\n\n\n\n<hr class=\"wp-block-separator has-alpha-channel-opacity\"\/>\n\n\n\n<p>C\u2019est pour \u00e7a qu\u2019on l\u2019aimait.<\/p>\n\n\n\n<p>Sans pouvoir l\u2019expliquer.<\/p>\n\n\n\n<hr class=\"wp-block-separator has-alpha-channel-opacity\"\/>\n\n\n\n<p>Il est devenu une ic\u00f4ne.<\/p>\n\n\n\n<p>Un symbole.<\/p>\n\n\n\n<hr class=\"wp-block-separator has-alpha-channel-opacity\"\/>\n\n\n\n<p>Les films se sont encha\u00een\u00e9s.<\/p>\n\n\n\n<p>Des drames.<\/p>\n\n\n\n<p>Des histoires d\u2019amour.<\/p>\n\n\n\n<p>Des sc\u00e8nes devenues l\u00e9gendaires.<\/p>\n\n\n\n<hr class=\"wp-block-separator has-alpha-channel-opacity\"\/>\n\n\n\n<p>Des phrases que les gens n\u2019oublient pas.<\/p>\n\n\n\n<hr class=\"wp-block-separator has-alpha-channel-opacity\"\/>\n\n\n\n<p>Mais derri\u00e8re les projecteurs\u2026<\/p>\n\n\n\n<p>Alex restait le m\u00eame.<\/p>\n\n\n\n<hr class=\"wp-block-separator has-alpha-channel-opacity\"\/>\n\n\n\n<p>Un homme marqu\u00e9.<\/p>\n\n\n\n<hr class=\"wp-block-separator has-alpha-channel-opacity\"\/>\n\n\n\n<p>Un homme qui savait.<\/p>\n\n\n\n<hr class=\"wp-block-separator has-alpha-channel-opacity\"\/>\n\n\n\n<p>Que tout peut dispara\u00eetre.<\/p>\n\n\n\n<hr class=\"wp-block-separator has-alpha-channel-opacity\"\/>\n\n\n\n<p>Alors il travaillait.<\/p>\n\n\n\n<p>Encore plus.<\/p>\n\n\n\n<hr class=\"wp-block-separator has-alpha-channel-opacity\"\/>\n\n\n\n<p>Pas pour l\u2019argent.<\/p>\n\n\n\n<p>Pas pour la gloire.<\/p>\n\n\n\n<hr class=\"wp-block-separator has-alpha-channel-opacity\"\/>\n\n\n\n<p>Mais pour ne pas s\u2019arr\u00eater.<\/p>\n\n\n\n<hr class=\"wp-block-separator has-alpha-channel-opacity\"\/>\n\n\n\n<p>Parce qu\u2019il savait que s\u2019il s\u2019arr\u00eatait\u2026<\/p>\n\n\n\n<p>Le silence reviendrait.<\/p>\n\n\n\n<hr class=\"wp-block-separator has-alpha-channel-opacity\"\/>\n\n\n\n<p>Et avec lui\u2026<\/p>\n\n\n\n<p>Les fant\u00f4mes.<\/p>\n\n\n\n<hr class=\"wp-block-separator has-alpha-channel-opacity\"\/>\n\n\n\n<p>Un soir, lors d\u2019une interview, on lui a pos\u00e9 une question simple :<\/p>\n\n\n\n<p>\u2014 Pourquoi jouez-vous avec autant d\u2019intensit\u00e9 ?<\/p>\n\n\n\n<hr class=\"wp-block-separator has-alpha-channel-opacity\"\/>\n\n\n\n<p>Il a souri.<\/p>\n\n\n\n<p>Un sourire calme.<\/p>\n\n\n\n<p>Presque triste.<\/p>\n\n\n\n<hr class=\"wp-block-separator has-alpha-channel-opacity\"\/>\n\n\n\n<p>Et il a r\u00e9pondu :<\/p>\n\n\n\n<p>\u2014 Parce que je n\u2019ai plus le droit de faire semblant.<\/p>\n\n\n\n<hr class=\"wp-block-separator has-alpha-channel-opacity\"\/>\n\n\n\n<p>Le journaliste n\u2019a pas compris.<\/p>\n\n\n\n<p>Le public non plus.<\/p>\n\n\n\n<hr class=\"wp-block-separator has-alpha-channel-opacity\"\/>\n\n\n\n<p>Mais certains\u2026<\/p>\n\n\n\n<p>Ont ressenti.<\/p>\n\n\n\n<hr class=\"wp-block-separator has-alpha-channel-opacity\"\/>\n\n\n\n<p>Aujourd\u2019hui, son nom est connu partout.<\/p>\n\n\n\n<p>Ses films sont regard\u00e9s partout.<\/p>\n\n\n\n<p>Son visage est reconnu partout.<\/p>\n\n\n\n<hr class=\"wp-block-separator has-alpha-channel-opacity\"\/>\n\n\n\n<p>Mais la photo reste.<\/p>\n\n\n\n<hr class=\"wp-block-separator has-alpha-channel-opacity\"\/>\n\n\n\n<p>Ce petit gar\u00e7on.<\/p>\n\n\n\n<p>Ce regard.<\/p>\n\n\n\n<hr class=\"wp-block-separator has-alpha-channel-opacity\"\/>\n\n\n\n<p>Et si vous regardez bien\u2026<\/p>\n\n\n\n<p>Tr\u00e8s bien\u2026<\/p>\n\n\n\n<hr class=\"wp-block-separator has-alpha-channel-opacity\"\/>\n\n\n\n<p>Vous verrez d\u00e9j\u00e0 tout.<\/p>\n\n\n\n<hr class=\"wp-block-separator has-alpha-channel-opacity\"\/>\n\n\n\n<p>La solitude.<\/p>\n\n\n\n<p>Le feu.<\/p>\n\n\n\n<p>La douleur.<\/p>\n\n\n\n<p>Et cette force \u00e9trange\u2026<\/p>\n\n\n\n<hr class=\"wp-block-separator has-alpha-channel-opacity\"\/>\n\n\n\n<p>Celle qui transforme les blessures en lumi\u00e8re.<\/p>\n\n\n\n<hr class=\"wp-block-separator has-alpha-channel-opacity\"\/>\n\n\n\n<p>Parce que certaines personnes ne deviennent pas grandes malgr\u00e9 leurs \u00e9preuves.<\/p>\n\n\n\n<hr class=\"wp-block-separator has-alpha-channel-opacity\"\/>\n\n\n\n<p>Elles le deviennent gr\u00e2ce \u00e0 elles.<\/p>\n\n\n\n<hr class=\"wp-block-separator has-alpha-channel-opacity\"\/>\n\n\n\n<p>Et peut-\u00eatre que c\u2019est \u00e7a, le vrai myst\u00e8re.<\/p>\n\n\n\n<hr class=\"wp-block-separator has-alpha-channel-opacity\"\/>\n\n\n\n<p>Pas le talent.<\/p>\n\n\n\n<p>Pas la chance.<\/p>\n\n\n\n<hr class=\"wp-block-separator has-alpha-channel-opacity\"\/>\n\n\n\n<p>Mais la capacit\u00e9 de continuer\u2026<\/p>\n\n\n\n<p>Quand tout en vous crie d\u2019abandonner.<\/p>\n\n\n\n<hr class=\"wp-block-separator has-alpha-channel-opacity\"\/>\n\n\n\n<p>Alors\u2026<\/p>\n\n\n\n<p>Reconnaissez-vous ce gar\u00e7on ?<\/p>\n\n\n\n<hr class=\"wp-block-separator has-alpha-channel-opacity\"\/>\n\n\n\n<p>Ou peut-\u00eatre\u2026<\/p>\n\n\n\n<p>Reconnaissez-vous une partie de vous-m\u00eame ?<\/p>\n","protected":false},"excerpt":{"rendered":"La photo \u00e9tait ancienne. L\u00e9g\u00e8rement jaunie par le temps. Un enfant au regard profond, presque trop s\u00e9rieux pour son \u00e2ge, fixait l\u2019objectif comme \n<a class=\"moretag\" href=\"https:\/\/gazeta.am\/?p=1362\"> [...]<\/a>","protected":false},"author":1,"featured_media":1363,"comment_status":"open","ping_status":"open","sticky":false,"template":"","format":"standard","meta":{"footnotes":""},"categories":[1],"tags":[],"class_list":["post-1362","post","type-post","status-publish","format-standard","has-post-thumbnail","hentry","category-1"],"yoast_head":"<!-- This site is optimized with the Yoast SEO plugin v27.4 - https:\/\/yoast.com\/product\/yoast-seo-wordpress\/ -->\n<title>\u00ab Reconnaissez-vous ce gar\u00e7on ? \u00bb -<\/title>\n<meta name=\"robots\" content=\"index, follow, max-snippet:-1, max-image-preview:large, max-video-preview:-1\" \/>\n<link rel=\"canonical\" href=\"https:\/\/gazeta.am\/?p=1362\" \/>\n<meta property=\"og:locale\" content=\"ru_RU\" \/>\n<meta property=\"og:type\" content=\"article\" \/>\n<meta property=\"og:title\" content=\"\u00ab Reconnaissez-vous ce gar\u00e7on ? \u00bb -\" \/>\n<meta property=\"og:description\" content=\"La photo \u00e9tait ancienne. L\u00e9g\u00e8rement jaunie par le temps. Un enfant au regard profond, presque trop s\u00e9rieux pour son \u00e2ge, fixait l\u2019objectif comme\" \/>\n<meta property=\"og:url\" content=\"https:\/\/gazeta.am\/?p=1362\" \/>\n<meta property=\"article:published_time\" content=\"2026-03-29T12:35:53+00:00\" \/>\n<meta property=\"article:modified_time\" content=\"2026-03-29T12:35:55+00:00\" \/>\n<meta property=\"og:image\" content=\"https:\/\/gazeta.am\/wp-content\/uploads\/2026\/03\/1q-33.jpg\" \/>\n\t<meta property=\"og:image:width\" content=\"546\" \/>\n\t<meta property=\"og:image:height\" content=\"817\" \/>\n\t<meta property=\"og:image:type\" content=\"image\/jpeg\" \/>\n<meta name=\"author\" content=\"admin\" \/>\n<meta name=\"twitter:card\" content=\"summary_large_image\" \/>\n<meta name=\"twitter:label1\" content=\"\u041d\u0430\u043f\u0438\u0441\u0430\u043d\u043e \u0430\u0432\u0442\u043e\u0440\u043e\u043c\" \/>\n\t<meta name=\"twitter:data1\" content=\"admin\" \/>\n\t<meta name=\"twitter:label2\" content=\"\u041f\u0440\u0438\u043c\u0435\u0440\u043d\u043e\u0435 \u0432\u0440\u0435\u043c\u044f \u0434\u043b\u044f \u0447\u0442\u0435\u043d\u0438\u044f\" \/>\n\t<meta name=\"twitter:data2\" content=\"6 \u043c\u0438\u043d\u0443\u0442\" \/>\n<script type=\"application\/ld+json\" class=\"yoast-schema-graph\">{\"@context\":\"https:\\\/\\\/schema.org\",\"@graph\":[{\"@type\":\"Article\",\"@id\":\"https:\\\/\\\/gazeta.am\\\/?p=1362#article\",\"isPartOf\":{\"@id\":\"https:\\\/\\\/gazeta.am\\\/?p=1362\"},\"author\":{\"name\":\"admin\",\"@id\":\"https:\\\/\\\/gazeta.am\\\/#\\\/schema\\\/person\\\/987709955e760c9a1ebbb44776f8cccc\"},\"headline\":\"\u00ab Reconnaissez-vous ce gar\u00e7on ? \u00bb\",\"datePublished\":\"2026-03-29T12:35:53+00:00\",\"dateModified\":\"2026-03-29T12:35:55+00:00\",\"mainEntityOfPage\":{\"@id\":\"https:\\\/\\\/gazeta.am\\\/?p=1362\"},\"wordCount\":1033,\"commentCount\":0,\"image\":{\"@id\":\"https:\\\/\\\/gazeta.am\\\/?p=1362#primaryimage\"},\"thumbnailUrl\":\"https:\\\/\\\/gazeta.am\\\/wp-content\\\/uploads\\\/2026\\\/03\\\/1q-33.jpg\",\"articleSection\":[\"NEWS\"],\"inLanguage\":\"ru-RU\",\"potentialAction\":[{\"@type\":\"CommentAction\",\"name\":\"Comment\",\"target\":[\"https:\\\/\\\/gazeta.am\\\/?p=1362#respond\"]}]},{\"@type\":\"WebPage\",\"@id\":\"https:\\\/\\\/gazeta.am\\\/?p=1362\",\"url\":\"https:\\\/\\\/gazeta.am\\\/?p=1362\",\"name\":\"\u00ab Reconnaissez-vous ce gar\u00e7on ? \u00bb -\",\"isPartOf\":{\"@id\":\"https:\\\/\\\/gazeta.am\\\/#website\"},\"primaryImageOfPage\":{\"@id\":\"https:\\\/\\\/gazeta.am\\\/?p=1362#primaryimage\"},\"image\":{\"@id\":\"https:\\\/\\\/gazeta.am\\\/?p=1362#primaryimage\"},\"thumbnailUrl\":\"https:\\\/\\\/gazeta.am\\\/wp-content\\\/uploads\\\/2026\\\/03\\\/1q-33.jpg\",\"datePublished\":\"2026-03-29T12:35:53+00:00\",\"dateModified\":\"2026-03-29T12:35:55+00:00\",\"author\":{\"@id\":\"https:\\\/\\\/gazeta.am\\\/#\\\/schema\\\/person\\\/987709955e760c9a1ebbb44776f8cccc\"},\"breadcrumb\":{\"@id\":\"https:\\\/\\\/gazeta.am\\\/?p=1362#breadcrumb\"},\"inLanguage\":\"ru-RU\",\"potentialAction\":[{\"@type\":\"ReadAction\",\"target\":[\"https:\\\/\\\/gazeta.am\\\/?p=1362\"]}]},{\"@type\":\"ImageObject\",\"inLanguage\":\"ru-RU\",\"@id\":\"https:\\\/\\\/gazeta.am\\\/?p=1362#primaryimage\",\"url\":\"https:\\\/\\\/gazeta.am\\\/wp-content\\\/uploads\\\/2026\\\/03\\\/1q-33.jpg\",\"contentUrl\":\"https:\\\/\\\/gazeta.am\\\/wp-content\\\/uploads\\\/2026\\\/03\\\/1q-33.jpg\",\"width\":546,\"height\":817},{\"@type\":\"BreadcrumbList\",\"@id\":\"https:\\\/\\\/gazeta.am\\\/?p=1362#breadcrumb\",\"itemListElement\":[{\"@type\":\"ListItem\",\"position\":1,\"name\":\"\u0413\u043b\u0430\u0432\u043d\u0430\u044f \u0441\u0442\u0440\u0430\u043d\u0438\u0446\u0430\",\"item\":\"https:\\\/\\\/gazeta.am\\\/\"},{\"@type\":\"ListItem\",\"position\":2,\"name\":\"\u00ab Reconnaissez-vous ce gar\u00e7on ? \u00bb\"}]},{\"@type\":\"WebSite\",\"@id\":\"https:\\\/\\\/gazeta.am\\\/#website\",\"url\":\"https:\\\/\\\/gazeta.am\\\/\",\"name\":\"\",\"description\":\"\",\"potentialAction\":[{\"@type\":\"SearchAction\",\"target\":{\"@type\":\"EntryPoint\",\"urlTemplate\":\"https:\\\/\\\/gazeta.am\\\/?s={search_term_string}\"},\"query-input\":{\"@type\":\"PropertyValueSpecification\",\"valueRequired\":true,\"valueName\":\"search_term_string\"}}],\"inLanguage\":\"ru-RU\"},{\"@type\":\"Person\",\"@id\":\"https:\\\/\\\/gazeta.am\\\/#\\\/schema\\\/person\\\/987709955e760c9a1ebbb44776f8cccc\",\"name\":\"admin\",\"image\":{\"@type\":\"ImageObject\",\"inLanguage\":\"ru-RU\",\"@id\":\"https:\\\/\\\/secure.gravatar.com\\\/avatar\\\/a24f4ac3a683f3c87303db525abc00db51ea26ccedee11dfaf1cc0f9a481a5d2?s=96&d=mm&r=g\",\"url\":\"https:\\\/\\\/secure.gravatar.com\\\/avatar\\\/a24f4ac3a683f3c87303db525abc00db51ea26ccedee11dfaf1cc0f9a481a5d2?s=96&d=mm&r=g\",\"contentUrl\":\"https:\\\/\\\/secure.gravatar.com\\\/avatar\\\/a24f4ac3a683f3c87303db525abc00db51ea26ccedee11dfaf1cc0f9a481a5d2?s=96&d=mm&r=g\",\"caption\":\"admin\"},\"sameAs\":[\"http:\\\/\\\/gazeta.am\"],\"url\":\"https:\\\/\\\/gazeta.am\\\/?author=1\"}]}<\/script>\n<!-- \/ Yoast SEO plugin. -->","yoast_head_json":{"title":"\u00ab Reconnaissez-vous ce gar\u00e7on ? \u00bb -","robots":{"index":"index","follow":"follow","max-snippet":"max-snippet:-1","max-image-preview":"max-image-preview:large","max-video-preview":"max-video-preview:-1"},"canonical":"https:\/\/gazeta.am\/?p=1362","og_locale":"ru_RU","og_type":"article","og_title":"\u00ab Reconnaissez-vous ce gar\u00e7on ? \u00bb -","og_description":"La photo \u00e9tait ancienne. L\u00e9g\u00e8rement jaunie par le temps. Un enfant au regard profond, presque trop s\u00e9rieux pour son \u00e2ge, fixait l\u2019objectif comme","og_url":"https:\/\/gazeta.am\/?p=1362","article_published_time":"2026-03-29T12:35:53+00:00","article_modified_time":"2026-03-29T12:35:55+00:00","og_image":[{"width":546,"height":817,"url":"https:\/\/gazeta.am\/wp-content\/uploads\/2026\/03\/1q-33.jpg","type":"image\/jpeg"}],"author":"admin","twitter_card":"summary_large_image","twitter_misc":{"\u041d\u0430\u043f\u0438\u0441\u0430\u043d\u043e \u0430\u0432\u0442\u043e\u0440\u043e\u043c":"admin","\u041f\u0440\u0438\u043c\u0435\u0440\u043d\u043e\u0435 \u0432\u0440\u0435\u043c\u044f \u0434\u043b\u044f \u0447\u0442\u0435\u043d\u0438\u044f":"6 \u043c\u0438\u043d\u0443\u0442"},"schema":{"@context":"https:\/\/schema.org","@graph":[{"@type":"Article","@id":"https:\/\/gazeta.am\/?p=1362#article","isPartOf":{"@id":"https:\/\/gazeta.am\/?p=1362"},"author":{"name":"admin","@id":"https:\/\/gazeta.am\/#\/schema\/person\/987709955e760c9a1ebbb44776f8cccc"},"headline":"\u00ab Reconnaissez-vous ce gar\u00e7on ? \u00bb","datePublished":"2026-03-29T12:35:53+00:00","dateModified":"2026-03-29T12:35:55+00:00","mainEntityOfPage":{"@id":"https:\/\/gazeta.am\/?p=1362"},"wordCount":1033,"commentCount":0,"image":{"@id":"https:\/\/gazeta.am\/?p=1362#primaryimage"},"thumbnailUrl":"https:\/\/gazeta.am\/wp-content\/uploads\/2026\/03\/1q-33.jpg","articleSection":["NEWS"],"inLanguage":"ru-RU","potentialAction":[{"@type":"CommentAction","name":"Comment","target":["https:\/\/gazeta.am\/?p=1362#respond"]}]},{"@type":"WebPage","@id":"https:\/\/gazeta.am\/?p=1362","url":"https:\/\/gazeta.am\/?p=1362","name":"\u00ab Reconnaissez-vous ce gar\u00e7on ? \u00bb -","isPartOf":{"@id":"https:\/\/gazeta.am\/#website"},"primaryImageOfPage":{"@id":"https:\/\/gazeta.am\/?p=1362#primaryimage"},"image":{"@id":"https:\/\/gazeta.am\/?p=1362#primaryimage"},"thumbnailUrl":"https:\/\/gazeta.am\/wp-content\/uploads\/2026\/03\/1q-33.jpg","datePublished":"2026-03-29T12:35:53+00:00","dateModified":"2026-03-29T12:35:55+00:00","author":{"@id":"https:\/\/gazeta.am\/#\/schema\/person\/987709955e760c9a1ebbb44776f8cccc"},"breadcrumb":{"@id":"https:\/\/gazeta.am\/?p=1362#breadcrumb"},"inLanguage":"ru-RU","potentialAction":[{"@type":"ReadAction","target":["https:\/\/gazeta.am\/?p=1362"]}]},{"@type":"ImageObject","inLanguage":"ru-RU","@id":"https:\/\/gazeta.am\/?p=1362#primaryimage","url":"https:\/\/gazeta.am\/wp-content\/uploads\/2026\/03\/1q-33.jpg","contentUrl":"https:\/\/gazeta.am\/wp-content\/uploads\/2026\/03\/1q-33.jpg","width":546,"height":817},{"@type":"BreadcrumbList","@id":"https:\/\/gazeta.am\/?p=1362#breadcrumb","itemListElement":[{"@type":"ListItem","position":1,"name":"\u0413\u043b\u0430\u0432\u043d\u0430\u044f \u0441\u0442\u0440\u0430\u043d\u0438\u0446\u0430","item":"https:\/\/gazeta.am\/"},{"@type":"ListItem","position":2,"name":"\u00ab Reconnaissez-vous ce gar\u00e7on ? \u00bb"}]},{"@type":"WebSite","@id":"https:\/\/gazeta.am\/#website","url":"https:\/\/gazeta.am\/","name":"","description":"","potentialAction":[{"@type":"SearchAction","target":{"@type":"EntryPoint","urlTemplate":"https:\/\/gazeta.am\/?s={search_term_string}"},"query-input":{"@type":"PropertyValueSpecification","valueRequired":true,"valueName":"search_term_string"}}],"inLanguage":"ru-RU"},{"@type":"Person","@id":"https:\/\/gazeta.am\/#\/schema\/person\/987709955e760c9a1ebbb44776f8cccc","name":"admin","image":{"@type":"ImageObject","inLanguage":"ru-RU","@id":"https:\/\/secure.gravatar.com\/avatar\/a24f4ac3a683f3c87303db525abc00db51ea26ccedee11dfaf1cc0f9a481a5d2?s=96&d=mm&r=g","url":"https:\/\/secure.gravatar.com\/avatar\/a24f4ac3a683f3c87303db525abc00db51ea26ccedee11dfaf1cc0f9a481a5d2?s=96&d=mm&r=g","contentUrl":"https:\/\/secure.gravatar.com\/avatar\/a24f4ac3a683f3c87303db525abc00db51ea26ccedee11dfaf1cc0f9a481a5d2?s=96&d=mm&r=g","caption":"admin"},"sameAs":["http:\/\/gazeta.am"],"url":"https:\/\/gazeta.am\/?author=1"}]}},"_links":{"self":[{"href":"https:\/\/gazeta.am\/index.php?rest_route=\/wp\/v2\/posts\/1362","targetHints":{"allow":["GET"]}}],"collection":[{"href":"https:\/\/gazeta.am\/index.php?rest_route=\/wp\/v2\/posts"}],"about":[{"href":"https:\/\/gazeta.am\/index.php?rest_route=\/wp\/v2\/types\/post"}],"author":[{"embeddable":true,"href":"https:\/\/gazeta.am\/index.php?rest_route=\/wp\/v2\/users\/1"}],"replies":[{"embeddable":true,"href":"https:\/\/gazeta.am\/index.php?rest_route=%2Fwp%2Fv2%2Fcomments&post=1362"}],"version-history":[{"count":1,"href":"https:\/\/gazeta.am\/index.php?rest_route=\/wp\/v2\/posts\/1362\/revisions"}],"predecessor-version":[{"id":1364,"href":"https:\/\/gazeta.am\/index.php?rest_route=\/wp\/v2\/posts\/1362\/revisions\/1364"}],"wp:featuredmedia":[{"embeddable":true,"href":"https:\/\/gazeta.am\/index.php?rest_route=\/wp\/v2\/media\/1363"}],"wp:attachment":[{"href":"https:\/\/gazeta.am\/index.php?rest_route=%2Fwp%2Fv2%2Fmedia&parent=1362"}],"wp:term":[{"taxonomy":"category","embeddable":true,"href":"https:\/\/gazeta.am\/index.php?rest_route=%2Fwp%2Fv2%2Fcategories&post=1362"},{"taxonomy":"post_tag","embeddable":true,"href":"https:\/\/gazeta.am\/index.php?rest_route=%2Fwp%2Fv2%2Ftags&post=1362"}],"curies":[{"name":"wp","href":"https:\/\/api.w.org\/{rel}","templated":true}]}}