{"id":1359,"date":"2026-03-29T15:30:53","date_gmt":"2026-03-29T12:30:53","guid":{"rendered":"https:\/\/gazeta.am\/?p=1359"},"modified":"2026-03-29T15:30:55","modified_gmt":"2026-03-29T12:30:55","slug":"chaque-recolte-qui-passe-de-mes-mains-a-la-terre-et-de-la-terre-a-votre-table-nest-jamais-un-simple-enchainement-de-gestes-ce-nest-pas-une-routine-ce-nest-pas-un-travail","status":"publish","type":"post","link":"https:\/\/gazeta.am\/?p=1359","title":{"rendered":"Chaque r\u00e9colte qui passe de mes mains \u00e0 la terre, et de la terre \u00e0 votre table, n\u2019est jamais un simple encha\u00eenement de gestes. Ce n\u2019est pas une routine. Ce n\u2019est pas un travail comme les autres."},"content":{"rendered":"\n<p>C\u2019est une histoire.<\/p>\n\n\n\n<p>Une histoire vivante.<\/p>\n\n\n\n<p>Une histoire qui respire.<\/p>\n\n\n\n<p>\ud83c\udf3f<\/p>\n\n\n\n<p>Quand je me tiens au milieu de mon champ, \u00e0 l\u2019aube, il n\u2019y a encore personne. Le monde dort. Le silence est si profond qu\u2019on pourrait croire qu\u2019il n\u2019existe plus rien\u2026 sauf ce souffle discret, presque invisible, qui monte du sol.<\/p>\n\n\n\n<p>Je le sens.<\/p>\n\n\n\n<p>Je le reconnais.<\/p>\n\n\n\n<p>C\u2019est la terre.<\/p>\n\n\n\n<p>Elle respire.<\/p>\n\n\n\n<p>Et moi, je suis l\u00e0, immobile, \u00e0 \u00e9couter ce souffle comme on \u00e9coute le c\u0153ur d\u2019un \u00eatre aim\u00e9.<\/p>\n\n\n\n<p>Parce que c\u2019est exactement ce qu\u2019elle est devenue pour moi.<\/p>\n\n\n\n<figure class=\"wp-block-image size-large\"><img loading=\"lazy\" decoding=\"async\" width=\"820\" height=\"1024\" src=\"https:\/\/gazeta.am\/wp-content\/uploads\/2026\/03\/1q-32-820x1024.jpg\" alt=\"\" class=\"wp-image-1360\" srcset=\"https:\/\/gazeta.am\/wp-content\/uploads\/2026\/03\/1q-32-820x1024.jpg 820w, https:\/\/gazeta.am\/wp-content\/uploads\/2026\/03\/1q-32-240x300.jpg 240w, https:\/\/gazeta.am\/wp-content\/uploads\/2026\/03\/1q-32-768x959.jpg 768w, https:\/\/gazeta.am\/wp-content\/uploads\/2026\/03\/1q-32.jpg 1015w\" sizes=\"auto, (max-width: 820px) 100vw, 820px\" \/><\/figure>\n\n\n\n<hr class=\"wp-block-separator has-alpha-channel-opacity\"\/>\n\n\n\n<p>Je m\u2019appelle Anna.<\/p>\n\n\n\n<p>Et pendant longtemps, personne ne connaissait mon nom.<\/p>\n\n\n\n<p>J\u2019\u00e9tais \u00ab la fille du fermier \u00bb.<\/p>\n\n\n\n<p>Puis \u00ab la femme du fermier \u00bb.<\/p>\n\n\n\n<p>Puis\u2026 plus rien.<\/p>\n\n\n\n<p>Parce que la vie m\u2019a tout pris, presque sans pr\u00e9venir.<\/p>\n\n\n\n<p>Un hiver trop long.<\/p>\n\n\n\n<p>Un accident.<\/p>\n\n\n\n<p>Un silence qui s\u2019installe et qui ne part plus.<\/p>\n\n\n\n<p>Et un jour, je me suis retrouv\u00e9e seule, face \u00e0 cette terre immense, lourde, exigeante\u2026 et terriblement vivante.<\/p>\n\n\n\n<hr class=\"wp-block-separator has-alpha-channel-opacity\"\/>\n\n\n\n<p>On m\u2019a dit de vendre.<\/p>\n\n\n\n<p>On m\u2019a dit de partir.<\/p>\n\n\n\n<p>\u00ab Ce n\u2019est pas un travail pour une femme seule. \u00bb<\/p>\n\n\n\n<p>\u00ab Tu n\u2019y arriveras pas. \u00bb<\/p>\n\n\n\n<p>\u00ab La terre ne pardonne pas. \u00bb<\/p>\n\n\n\n<p>Peut-\u00eatre qu\u2019ils avaient raison.<\/p>\n\n\n\n<p>Parce que la terre ne pardonne pas.<\/p>\n\n\n\n<p>Elle n\u2019oublie rien.<\/p>\n\n\n\n<p>Chaque erreur, chaque h\u00e9sitation, chaque peur\u2026 elle les ressent, elle les absorbe, et elle les renvoie.<\/p>\n\n\n\n<p>Plus tard.<\/p>\n\n\n\n<p>Plus fort.<\/p>\n\n\n\n<hr class=\"wp-block-separator has-alpha-channel-opacity\"\/>\n\n\n\n<p>La premi\u00e8re nuit seule \u00e0 la ferme, je ne l\u2019oublierai jamais.<\/p>\n\n\n\n<p>Le vent frappait contre les fen\u00eatres comme un avertissement.<\/p>\n\n\n\n<p>Les arbres murmuraient des choses que je ne comprenais pas encore.<\/p>\n\n\n\n<p>Je n\u2019ai pas dormi.<\/p>\n\n\n\n<p>Pas une minute.<\/p>\n\n\n\n<p>Je suis rest\u00e9e assise, les yeux ouverts, \u00e0 \u00e9couter.<\/p>\n\n\n\n<p>\u00c0 attendre.<\/p>\n\n\n\n<p>\u00c0 craindre.<\/p>\n\n\n\n<hr class=\"wp-block-separator has-alpha-channel-opacity\"\/>\n\n\n\n<p>Parce que la peur \u00e9tait l\u00e0.<\/p>\n\n\n\n<p>Partout.<\/p>\n\n\n\n<p>Dans l\u2019obscurit\u00e9.<\/p>\n\n\n\n<p>Dans le silence.<\/p>\n\n\n\n<p>Dans l\u2019inconnu.<\/p>\n\n\n\n<hr class=\"wp-block-separator has-alpha-channel-opacity\"\/>\n\n\n\n<p>Mais le matin est venu.<\/p>\n\n\n\n<p>Comme toujours.<\/p>\n\n\n\n<p>Et avec lui\u2026 une d\u00e9cision.<\/p>\n\n\n\n<hr class=\"wp-block-separator has-alpha-channel-opacity\"\/>\n\n\n\n<p>Je suis sortie.<\/p>\n\n\n\n<p>L\u2019air \u00e9tait froid, presque coupant.<\/p>\n\n\n\n<p>La terre \u00e9tait dure, fig\u00e9e par le gel.<\/p>\n\n\n\n<p>Et pourtant\u2026<\/p>\n\n\n\n<p>Je me suis agenouill\u00e9e.<\/p>\n\n\n\n<p>J\u2019ai pos\u00e9 mes mains sur le sol.<\/p>\n\n\n\n<p>Et j\u2019ai murmur\u00e9, presque sans voix :<\/p>\n\n\n\n<p>\u00ab Je vais essayer. \u00bb<\/p>\n\n\n\n<hr class=\"wp-block-separator has-alpha-channel-opacity\"\/>\n\n\n\n<p>C\u2019est comme \u00e7a que tout a commenc\u00e9.<\/p>\n\n\n\n<p>Pas avec de la force.<\/p>\n\n\n\n<p>Pas avec de la certitude.<\/p>\n\n\n\n<p>Mais avec une promesse fragile.<\/p>\n\n\n\n<hr class=\"wp-block-separator has-alpha-channel-opacity\"\/>\n\n\n\n<p>Les jours sont devenus des semaines.<\/p>\n\n\n\n<p>Les semaines, des mois.<\/p>\n\n\n\n<p>Et chaque jour \u00e9tait une lutte.<\/p>\n\n\n\n<p>Une vraie.<\/p>\n\n\n\n<p>Pas celle qu\u2019on raconte dans les livres.<\/p>\n\n\n\n<p>Non.<\/p>\n\n\n\n<p>Une lutte silencieuse.<\/p>\n\n\n\n<p>Fatigante.<\/p>\n\n\n\n<p>Infinie.<\/p>\n\n\n\n<hr class=\"wp-block-separator has-alpha-channel-opacity\"\/>\n\n\n\n<p>Il y avait les nuits sans sommeil, quand je me relevais en sursaut, persuad\u00e9e que le gel allait tout d\u00e9truire.<\/p>\n\n\n\n<p>Les matins o\u00f9 je d\u00e9couvrais des feuilles br\u00fbl\u00e9es par le froid.<\/p>\n\n\n\n<p>Les temp\u00eates soudaines, violentes, qui arrachaient les fleurs comme si elles n\u2019avaient jamais exist\u00e9.<\/p>\n\n\n\n<p>Chaque fleur perdue, c\u2019\u00e9tait comme une blessure.<\/p>\n\n\n\n<p>Petite.<\/p>\n\n\n\n<p>Mais profonde.<\/p>\n\n\n\n<hr class=\"wp-block-separator has-alpha-channel-opacity\"\/>\n\n\n\n<p>Et pourtant\u2026<\/p>\n\n\n\n<p>Il y avait aussi les miracles.<\/p>\n\n\n\n<hr class=\"wp-block-separator has-alpha-channel-opacity\"\/>\n\n\n\n<p>Le premier bourgeon.<\/p>\n\n\n\n<p>Je m\u2019en souviens encore.<\/p>\n\n\n\n<p>Petit. Fragile. Presque invisible.<\/p>\n\n\n\n<p>Mais vivant.<\/p>\n\n\n\n<p>Tellement vivant.<\/p>\n\n\n\n<p>Je l\u2019ai regard\u00e9 pendant des minutes enti\u00e8res.<\/p>\n\n\n\n<p>Comme si j\u2019avais peur qu\u2019il disparaisse si je d\u00e9tournais les yeux.<\/p>\n\n\n\n<hr class=\"wp-block-separator has-alpha-channel-opacity\"\/>\n\n\n\n<p>Puis il y a eu la pluie.<\/p>\n\n\n\n<p>Apr\u00e8s des semaines de s\u00e9cheresse.<\/p>\n\n\n\n<p>Une pluie lente.<\/p>\n\n\n\n<p>Douce.<\/p>\n\n\n\n<p>Presque tendre.<\/p>\n\n\n\n<p>Je suis rest\u00e9e dehors, sous cette pluie, sans bouger.<\/p>\n\n\n\n<p>Les yeux ferm\u00e9s.<\/p>\n\n\n\n<p>Le visage lev\u00e9 vers le ciel.<\/p>\n\n\n\n<p>Et pour la premi\u00e8re fois depuis longtemps\u2026<\/p>\n\n\n\n<p>J\u2019ai pleur\u00e9.<\/p>\n\n\n\n<hr class=\"wp-block-separator has-alpha-channel-opacity\"\/>\n\n\n\n<p>Parce que cette pluie n\u2019\u00e9tait pas juste de l\u2019eau.<\/p>\n\n\n\n<p>C\u2019\u00e9tait une r\u00e9ponse.<\/p>\n\n\n\n<hr class=\"wp-block-separator has-alpha-channel-opacity\"\/>\n\n\n\n<p>Peu \u00e0 peu, j\u2019ai compris.<\/p>\n\n\n\n<p>La terre n\u2019est pas contre nous.<\/p>\n\n\n\n<p>Elle nous teste.<\/p>\n\n\n\n<p>Elle nous observe.<\/p>\n\n\n\n<p>Elle attend de voir si nous sommes capables d\u2019aimer sans conditions.<\/p>\n\n\n\n<p>M\u00eame quand tout semble perdu.<\/p>\n\n\n\n<hr class=\"wp-block-separator has-alpha-channel-opacity\"\/>\n\n\n\n<p>Chaque fruit qui pousse n\u2019est pas un hasard.<\/p>\n\n\n\n<p>C\u2019est une victoire.<\/p>\n\n\n\n<p>Une victoire contre le froid.<\/p>\n\n\n\n<p>Contre la s\u00e9cheresse.<\/p>\n\n\n\n<p>Contre le vent.<\/p>\n\n\n\n<p>Contre la peur.<\/p>\n\n\n\n<hr class=\"wp-block-separator has-alpha-channel-opacity\"\/>\n\n\n\n<p>Quand je cueille un fruit m\u00fbr, je ne vois pas seulement sa couleur.<\/p>\n\n\n\n<p>Je vois tout ce qu\u2019il a travers\u00e9.<\/p>\n\n\n\n<p>Je vois les nuits blanches.<\/p>\n\n\n\n<p>Je vois les doutes.<\/p>\n\n\n\n<p>Je vois les moments o\u00f9 j\u2019ai failli abandonner.<\/p>\n\n\n\n<hr class=\"wp-block-separator has-alpha-channel-opacity\"\/>\n\n\n\n<p>Et parfois\u2026<\/p>\n\n\n\n<p>Je me souviens.<\/p>\n\n\n\n<hr class=\"wp-block-separator has-alpha-channel-opacity\"\/>\n\n\n\n<p>Je me souviens de lui.<\/p>\n\n\n\n<p>De ses mains.<\/p>\n\n\n\n<p>De sa voix.<\/p>\n\n\n\n<p>De sa mani\u00e8re de toucher la terre comme si elle \u00e9tait sacr\u00e9e.<\/p>\n\n\n\n<hr class=\"wp-block-separator has-alpha-channel-opacity\"\/>\n\n\n\n<p>Au d\u00e9but, chaque coin de la ferme me faisait mal.<\/p>\n\n\n\n<p>Chaque outil.<\/p>\n\n\n\n<p>Chaque trace.<\/p>\n\n\n\n<p>Tout me rappelait ce que j\u2019avais perdu.<\/p>\n\n\n\n<hr class=\"wp-block-separator has-alpha-channel-opacity\"\/>\n\n\n\n<p>Mais un jour\u2026<\/p>\n\n\n\n<p>Quelque chose a chang\u00e9.<\/p>\n\n\n\n<hr class=\"wp-block-separator has-alpha-channel-opacity\"\/>\n\n\n\n<p>Je travaillais dans le champ, \u00e9puis\u00e9e, couverte de poussi\u00e8re, les mains ab\u00eem\u00e9es.<\/p>\n\n\n\n<p>Et soudain, une pens\u00e9e m\u2019a travers\u00e9e.<\/p>\n\n\n\n<p>Simple.<\/p>\n\n\n\n<p>Brutale.<\/p>\n\n\n\n<p>Clair.<\/p>\n\n\n\n<hr class=\"wp-block-separator has-alpha-channel-opacity\"\/>\n\n\n\n<p>\u00ab Il serait fier. \u00bb<\/p>\n\n\n\n<hr class=\"wp-block-separator has-alpha-channel-opacity\"\/>\n\n\n\n<p>Je me suis arr\u00eat\u00e9e.<\/p>\n\n\n\n<p>Le souffle coup\u00e9.<\/p>\n\n\n\n<p>Et pour la premi\u00e8re fois\u2026<\/p>\n\n\n\n<p>La douleur n\u2019\u00e9tait plus seulement une absence.<\/p>\n\n\n\n<p>Elle \u00e9tait devenue une force.<\/p>\n\n\n\n<hr class=\"wp-block-separator has-alpha-channel-opacity\"\/>\n\n\n\n<p>Depuis ce jour, je ne travaille plus seule.<\/p>\n\n\n\n<hr class=\"wp-block-separator has-alpha-channel-opacity\"\/>\n\n\n\n<p>La terre m\u2019accompagne.<\/p>\n\n\n\n<p>Le vent me parle.<\/p>\n\n\n\n<p>La pluie me r\u00e9pond.<\/p>\n\n\n\n<p>Et les souvenirs\u2026 me guident.<\/p>\n\n\n\n<hr class=\"wp-block-separator has-alpha-channel-opacity\"\/>\n\n\n\n<p>Chaque r\u00e9colte que vous voyez sur votre table\u2026<\/p>\n\n\n\n<p>Ce n\u2019est pas juste de la nourriture.<\/p>\n\n\n\n<hr class=\"wp-block-separator has-alpha-channel-opacity\"\/>\n\n\n\n<p>C\u2019est le souffle de la terre m\u00eal\u00e9 aux battements de mon c\u0153ur.<\/p>\n\n\n\n<p>C\u2019est le bruit des feuilles que j\u2019\u00e9coute dans la nuit, quand la peur revient.<\/p>\n\n\n\n<p>C\u2019est la joie du premier nuage apr\u00e8s des jours de s\u00e9cheresse.<\/p>\n\n\n\n<p>Et la douleur de chaque fleur arrach\u00e9e trop t\u00f4t.<\/p>\n\n\n\n<hr class=\"wp-block-separator has-alpha-channel-opacity\"\/>\n\n\n\n<p>Dans chaque fruit m\u00fbr\u2026<\/p>\n\n\n\n<p>Il y a l\u2019empreinte de mes mains.<\/p>\n\n\n\n<p>La chaleur de mes larmes.<\/p>\n\n\n\n<p>Le parfum des vents d\u2019\u00e9t\u00e9.<\/p>\n\n\n\n<p>Et quelque chose d\u2019invisible.<\/p>\n\n\n\n<p>Quelque chose que vous ne pouvez pas voir\u2026<\/p>\n\n\n\n<p>Mais que vous pouvez ressentir.<\/p>\n\n\n\n<hr class=\"wp-block-separator has-alpha-channel-opacity\"\/>\n\n\n\n<p>Un jour, un homme est venu acheter des l\u00e9gumes.<\/p>\n\n\n\n<p>Il a pris une tomate.<\/p>\n\n\n\n<p>Il l\u2019a regard\u00e9e longtemps.<\/p>\n\n\n\n<p>Puis il m\u2019a demand\u00e9 :<\/p>\n\n\n\n<p>\u2014 Pourquoi elles sont diff\u00e9rentes ?<\/p>\n\n\n\n<p>Je n\u2019ai pas r\u00e9pondu tout de suite.<\/p>\n\n\n\n<p>Parce que la r\u00e9ponse \u00e9tait simple.<\/p>\n\n\n\n<p>Mais difficile \u00e0 expliquer.<\/p>\n\n\n\n<hr class=\"wp-block-separator has-alpha-channel-opacity\"\/>\n\n\n\n<p>Alors je lui ai dit :<\/p>\n\n\n\n<p>\u2014 Parce qu\u2019elles ont \u00e9t\u00e9 aim\u00e9es.<\/p>\n\n\n\n<hr class=\"wp-block-separator has-alpha-channel-opacity\"\/>\n\n\n\n<p>Il a souri.<\/p>\n\n\n\n<p>Comme s\u2019il comprenait.<\/p>\n\n\n\n<p>Ou comme s\u2019il voulait croire.<\/p>\n\n\n\n<hr class=\"wp-block-separator has-alpha-channel-opacity\"\/>\n\n\n\n<p>Mais la v\u00e9rit\u00e9\u2026<\/p>\n\n\n\n<p>C\u2019est que tout le monde ne comprend pas.<\/p>\n\n\n\n<hr class=\"wp-block-separator has-alpha-channel-opacity\"\/>\n\n\n\n<p>Certains ne voient que le prix.<\/p>\n\n\n\n<p>Le poids.<\/p>\n\n\n\n<p>L\u2019apparence.<\/p>\n\n\n\n<hr class=\"wp-block-separator has-alpha-channel-opacity\"\/>\n\n\n\n<p>Mais d\u2019autres\u2026<\/p>\n\n\n\n<p>Sentent.<\/p>\n\n\n\n<hr class=\"wp-block-separator has-alpha-channel-opacity\"\/>\n\n\n\n<p>Ils sentent que quelque chose est diff\u00e9rent.<\/p>\n\n\n\n<p>Que ce n\u2019est pas juste de la nourriture.<\/p>\n\n\n\n<hr class=\"wp-block-separator has-alpha-channel-opacity\"\/>\n\n\n\n<p>Que c\u2019est de la vie.<\/p>\n\n\n\n<hr class=\"wp-block-separator has-alpha-channel-opacity\"\/>\n\n\n\n<p>Aujourd\u2019hui encore, il m\u2019arrive d\u2019avoir peur.<\/p>\n\n\n\n<p>Les gel\u00e9es peuvent revenir.<\/p>\n\n\n\n<p>Les temp\u00eates aussi.<\/p>\n\n\n\n<p>La terre peut reprendre ce qu\u2019elle a donn\u00e9.<\/p>\n\n\n\n<hr class=\"wp-block-separator has-alpha-channel-opacity\"\/>\n\n\n\n<p>Rien n\u2019est garanti.<\/p>\n\n\n\n<p>Jamais.<\/p>\n\n\n\n<hr class=\"wp-block-separator has-alpha-channel-opacity\"\/>\n\n\n\n<p>Mais c\u2019est justement pour \u00e7a que chaque r\u00e9colte est pr\u00e9cieuse.<\/p>\n\n\n\n<hr class=\"wp-block-separator has-alpha-channel-opacity\"\/>\n\n\n\n<p>Parce qu\u2019elle est fragile.<\/p>\n\n\n\n<hr class=\"wp-block-separator has-alpha-channel-opacity\"\/>\n\n\n\n<p>Comme nous.<\/p>\n\n\n\n<hr class=\"wp-block-separator has-alpha-channel-opacity\"\/>\n\n\n\n<p>Et peut-\u00eatre que c\u2019est \u00e7a, le vrai secret.<\/p>\n\n\n\n<hr class=\"wp-block-separator has-alpha-channel-opacity\"\/>\n\n\n\n<p>Pas la force.<\/p>\n\n\n\n<p>Pas la perfection.<\/p>\n\n\n\n<hr class=\"wp-block-separator has-alpha-channel-opacity\"\/>\n\n\n\n<p>Mais la capacit\u00e9 de continuer.<\/p>\n\n\n\n<p>M\u00eame quand tout tremble.<\/p>\n\n\n\n<p>M\u00eame quand tout fait mal.<\/p>\n\n\n\n<hr class=\"wp-block-separator has-alpha-channel-opacity\"\/>\n\n\n\n<p>Parce qu\u2019au fond\u2026<\/p>\n\n\n\n<p>Chaque graine que je plante est une promesse.<\/p>\n\n\n\n<hr class=\"wp-block-separator has-alpha-channel-opacity\"\/>\n\n\n\n<p>Une promesse que la vie peut revenir.<\/p>\n\n\n\n<p>Que la beaut\u00e9 peut rena\u00eetre.<\/p>\n\n\n\n<p>Que l\u2019amour peut survivre.<\/p>\n\n\n\n<hr class=\"wp-block-separator has-alpha-channel-opacity\"\/>\n\n\n\n<p>Et quand vous posez ce fruit sur votre table\u2026<\/p>\n\n\n\n<p>Quand vous le coupez.<\/p>\n\n\n\n<p>Quand vous le go\u00fbtez\u2026<\/p>\n\n\n\n<hr class=\"wp-block-separator has-alpha-channel-opacity\"\/>\n\n\n\n<p>Peut-\u00eatre que, sans le savoir\u2026<\/p>\n\n\n\n<p>Vous partagez un peu de cette histoire.<\/p>\n\n\n\n<hr class=\"wp-block-separator has-alpha-channel-opacity\"\/>\n\n\n\n<p>Un peu de cette lutte.<\/p>\n\n\n\n<p>Un peu de cette foi.<\/p>\n\n\n\n<hr class=\"wp-block-separator has-alpha-channel-opacity\"\/>\n\n\n\n<p>Parce que la nourriture n\u00e9e de l\u2019amour\u2026<\/p>\n\n\n\n<p>Ne nourrit pas seulement le corps.<\/p>\n\n\n\n<hr class=\"wp-block-separator has-alpha-channel-opacity\"\/>\n\n\n\n<p>Elle r\u00e9veille quelque chose de plus profond.<\/p>\n\n\n\n<p>Quelque chose d\u2019oubli\u00e9.<\/p>\n\n\n\n<p>Quelque chose d\u2019essentiel.<\/p>\n\n\n\n<hr class=\"wp-block-separator has-alpha-channel-opacity\"\/>\n\n\n\n<p>Elle donne la vie.<\/p>\n\n\n\n<p>La vraie.<\/p>\n\n\n\n<p>Celle qui tremble.<\/p>\n\n\n\n<p>Celle qui r\u00e9siste.<\/p>\n\n\n\n<p>Celle qui continue.<\/p>\n\n\n\n<hr class=\"wp-block-separator has-alpha-channel-opacity\"\/>\n\n\n\n<p>Et tant que je pourrai me lever le matin\u2026<\/p>\n\n\n\n<p>Tant que je pourrai poser mes mains sur cette terre\u2026<\/p>\n\n\n\n<hr class=\"wp-block-separator has-alpha-channel-opacity\"\/>\n\n\n\n<p>Je continuerai.<\/p>\n\n\n\n<hr class=\"wp-block-separator has-alpha-channel-opacity\"\/>\n\n\n\n<p>Pour elle.<\/p>\n\n\n\n<p>Pour moi.<\/p>\n\n\n\n<p>Pour vous.<\/p>\n\n\n\n<hr class=\"wp-block-separator has-alpha-channel-opacity\"\/>\n\n\n\n<p>Et pour cette v\u00e9rit\u00e9 simple, mais puissante :<\/p>\n\n\n\n<p>La vie, m\u00eame bris\u00e9e\u2026<\/p>\n\n\n\n<p>Trouve toujours un chemin pour rena\u00eetre.<\/p>\n","protected":false},"excerpt":{"rendered":"C\u2019est une histoire. Une histoire vivante. Une histoire qui respire. \ud83c\udf3f Quand je me tiens au milieu de mon champ, \u00e0 l\u2019aube, il \n<a class=\"moretag\" href=\"https:\/\/gazeta.am\/?p=1359\"> [...]<\/a>","protected":false},"author":1,"featured_media":1360,"comment_status":"open","ping_status":"open","sticky":false,"template":"","format":"standard","meta":{"footnotes":""},"categories":[1],"tags":[],"class_list":["post-1359","post","type-post","status-publish","format-standard","has-post-thumbnail","hentry","category-1"],"yoast_head":"<!-- This site is optimized with the Yoast SEO plugin v27.4 - https:\/\/yoast.com\/product\/yoast-seo-wordpress\/ -->\n<title>Chaque r\u00e9colte qui passe de mes mains \u00e0 la terre, et de la terre \u00e0 votre table, n\u2019est jamais un simple encha\u00eenement de gestes. Ce n\u2019est pas une routine. Ce n\u2019est pas un travail comme les autres. -<\/title>\n<meta name=\"robots\" content=\"index, follow, max-snippet:-1, max-image-preview:large, max-video-preview:-1\" \/>\n<link rel=\"canonical\" href=\"https:\/\/gazeta.am\/?p=1359\" \/>\n<meta property=\"og:locale\" content=\"ru_RU\" \/>\n<meta property=\"og:type\" content=\"article\" \/>\n<meta property=\"og:title\" content=\"Chaque r\u00e9colte qui passe de mes mains \u00e0 la terre, et de la terre \u00e0 votre table, n\u2019est jamais un simple encha\u00eenement de gestes. Ce n\u2019est pas une routine. Ce n\u2019est pas un travail comme les autres. -\" \/>\n<meta property=\"og:description\" content=\"C\u2019est une histoire. Une histoire vivante. Une histoire qui respire. \ud83c\udf3f Quand je me tiens au milieu de mon champ, \u00e0 l\u2019aube, il\" \/>\n<meta property=\"og:url\" content=\"https:\/\/gazeta.am\/?p=1359\" \/>\n<meta property=\"article:published_time\" content=\"2026-03-29T12:30:53+00:00\" \/>\n<meta property=\"article:modified_time\" content=\"2026-03-29T12:30:55+00:00\" \/>\n<meta property=\"og:image\" content=\"https:\/\/gazeta.am\/wp-content\/uploads\/2026\/03\/1q-32.jpg\" \/>\n\t<meta property=\"og:image:width\" content=\"1015\" \/>\n\t<meta property=\"og:image:height\" content=\"1268\" \/>\n\t<meta property=\"og:image:type\" content=\"image\/jpeg\" \/>\n<meta name=\"author\" content=\"admin\" \/>\n<meta name=\"twitter:card\" content=\"summary_large_image\" \/>\n<meta name=\"twitter:label1\" content=\"\u041d\u0430\u043f\u0438\u0441\u0430\u043d\u043e \u0430\u0432\u0442\u043e\u0440\u043e\u043c\" \/>\n\t<meta name=\"twitter:data1\" content=\"admin\" \/>\n\t<meta name=\"twitter:label2\" content=\"\u041f\u0440\u0438\u043c\u0435\u0440\u043d\u043e\u0435 \u0432\u0440\u0435\u043c\u044f \u0434\u043b\u044f \u0447\u0442\u0435\u043d\u0438\u044f\" \/>\n\t<meta name=\"twitter:data2\" content=\"7 \u043c\u0438\u043d\u0443\u0442\" \/>\n<script type=\"application\/ld+json\" class=\"yoast-schema-graph\">{\"@context\":\"https:\\\/\\\/schema.org\",\"@graph\":[{\"@type\":\"Article\",\"@id\":\"https:\\\/\\\/gazeta.am\\\/?p=1359#article\",\"isPartOf\":{\"@id\":\"https:\\\/\\\/gazeta.am\\\/?p=1359\"},\"author\":{\"name\":\"admin\",\"@id\":\"https:\\\/\\\/gazeta.am\\\/#\\\/schema\\\/person\\\/987709955e760c9a1ebbb44776f8cccc\"},\"headline\":\"Chaque r\u00e9colte qui passe de mes mains \u00e0 la terre, et de la terre \u00e0 votre table, n\u2019est jamais un simple encha\u00eenement de gestes. Ce n\u2019est pas une routine. Ce n\u2019est pas un travail comme les autres.\",\"datePublished\":\"2026-03-29T12:30:53+00:00\",\"dateModified\":\"2026-03-29T12:30:55+00:00\",\"mainEntityOfPage\":{\"@id\":\"https:\\\/\\\/gazeta.am\\\/?p=1359\"},\"wordCount\":1376,\"commentCount\":0,\"image\":{\"@id\":\"https:\\\/\\\/gazeta.am\\\/?p=1359#primaryimage\"},\"thumbnailUrl\":\"https:\\\/\\\/gazeta.am\\\/wp-content\\\/uploads\\\/2026\\\/03\\\/1q-32.jpg\",\"articleSection\":[\"NEWS\"],\"inLanguage\":\"ru-RU\",\"potentialAction\":[{\"@type\":\"CommentAction\",\"name\":\"Comment\",\"target\":[\"https:\\\/\\\/gazeta.am\\\/?p=1359#respond\"]}]},{\"@type\":\"WebPage\",\"@id\":\"https:\\\/\\\/gazeta.am\\\/?p=1359\",\"url\":\"https:\\\/\\\/gazeta.am\\\/?p=1359\",\"name\":\"Chaque r\u00e9colte qui passe de mes mains \u00e0 la terre, et de la terre \u00e0 votre table, n\u2019est jamais un simple encha\u00eenement de gestes. Ce n\u2019est pas une routine. Ce n\u2019est pas un travail comme les autres. -\",\"isPartOf\":{\"@id\":\"https:\\\/\\\/gazeta.am\\\/#website\"},\"primaryImageOfPage\":{\"@id\":\"https:\\\/\\\/gazeta.am\\\/?p=1359#primaryimage\"},\"image\":{\"@id\":\"https:\\\/\\\/gazeta.am\\\/?p=1359#primaryimage\"},\"thumbnailUrl\":\"https:\\\/\\\/gazeta.am\\\/wp-content\\\/uploads\\\/2026\\\/03\\\/1q-32.jpg\",\"datePublished\":\"2026-03-29T12:30:53+00:00\",\"dateModified\":\"2026-03-29T12:30:55+00:00\",\"author\":{\"@id\":\"https:\\\/\\\/gazeta.am\\\/#\\\/schema\\\/person\\\/987709955e760c9a1ebbb44776f8cccc\"},\"breadcrumb\":{\"@id\":\"https:\\\/\\\/gazeta.am\\\/?p=1359#breadcrumb\"},\"inLanguage\":\"ru-RU\",\"potentialAction\":[{\"@type\":\"ReadAction\",\"target\":[\"https:\\\/\\\/gazeta.am\\\/?p=1359\"]}]},{\"@type\":\"ImageObject\",\"inLanguage\":\"ru-RU\",\"@id\":\"https:\\\/\\\/gazeta.am\\\/?p=1359#primaryimage\",\"url\":\"https:\\\/\\\/gazeta.am\\\/wp-content\\\/uploads\\\/2026\\\/03\\\/1q-32.jpg\",\"contentUrl\":\"https:\\\/\\\/gazeta.am\\\/wp-content\\\/uploads\\\/2026\\\/03\\\/1q-32.jpg\",\"width\":1015,\"height\":1268},{\"@type\":\"BreadcrumbList\",\"@id\":\"https:\\\/\\\/gazeta.am\\\/?p=1359#breadcrumb\",\"itemListElement\":[{\"@type\":\"ListItem\",\"position\":1,\"name\":\"\u0413\u043b\u0430\u0432\u043d\u0430\u044f \u0441\u0442\u0440\u0430\u043d\u0438\u0446\u0430\",\"item\":\"https:\\\/\\\/gazeta.am\\\/\"},{\"@type\":\"ListItem\",\"position\":2,\"name\":\"Chaque r\u00e9colte qui passe de mes mains \u00e0 la terre, et de la terre \u00e0 votre table, n\u2019est jamais un simple encha\u00eenement de gestes. Ce n\u2019est pas une routine. Ce n\u2019est pas un travail comme les autres.\"}]},{\"@type\":\"WebSite\",\"@id\":\"https:\\\/\\\/gazeta.am\\\/#website\",\"url\":\"https:\\\/\\\/gazeta.am\\\/\",\"name\":\"\",\"description\":\"\",\"potentialAction\":[{\"@type\":\"SearchAction\",\"target\":{\"@type\":\"EntryPoint\",\"urlTemplate\":\"https:\\\/\\\/gazeta.am\\\/?s={search_term_string}\"},\"query-input\":{\"@type\":\"PropertyValueSpecification\",\"valueRequired\":true,\"valueName\":\"search_term_string\"}}],\"inLanguage\":\"ru-RU\"},{\"@type\":\"Person\",\"@id\":\"https:\\\/\\\/gazeta.am\\\/#\\\/schema\\\/person\\\/987709955e760c9a1ebbb44776f8cccc\",\"name\":\"admin\",\"image\":{\"@type\":\"ImageObject\",\"inLanguage\":\"ru-RU\",\"@id\":\"https:\\\/\\\/secure.gravatar.com\\\/avatar\\\/a24f4ac3a683f3c87303db525abc00db51ea26ccedee11dfaf1cc0f9a481a5d2?s=96&d=mm&r=g\",\"url\":\"https:\\\/\\\/secure.gravatar.com\\\/avatar\\\/a24f4ac3a683f3c87303db525abc00db51ea26ccedee11dfaf1cc0f9a481a5d2?s=96&d=mm&r=g\",\"contentUrl\":\"https:\\\/\\\/secure.gravatar.com\\\/avatar\\\/a24f4ac3a683f3c87303db525abc00db51ea26ccedee11dfaf1cc0f9a481a5d2?s=96&d=mm&r=g\",\"caption\":\"admin\"},\"sameAs\":[\"http:\\\/\\\/gazeta.am\"],\"url\":\"https:\\\/\\\/gazeta.am\\\/?author=1\"}]}<\/script>\n<!-- \/ Yoast SEO plugin. -->","yoast_head_json":{"title":"Chaque r\u00e9colte qui passe de mes mains \u00e0 la terre, et de la terre \u00e0 votre table, n\u2019est jamais un simple encha\u00eenement de gestes. Ce n\u2019est pas une routine. Ce n\u2019est pas un travail comme les autres. -","robots":{"index":"index","follow":"follow","max-snippet":"max-snippet:-1","max-image-preview":"max-image-preview:large","max-video-preview":"max-video-preview:-1"},"canonical":"https:\/\/gazeta.am\/?p=1359","og_locale":"ru_RU","og_type":"article","og_title":"Chaque r\u00e9colte qui passe de mes mains \u00e0 la terre, et de la terre \u00e0 votre table, n\u2019est jamais un simple encha\u00eenement de gestes. Ce n\u2019est pas une routine. Ce n\u2019est pas un travail comme les autres. -","og_description":"C\u2019est une histoire. Une histoire vivante. Une histoire qui respire. \ud83c\udf3f Quand je me tiens au milieu de mon champ, \u00e0 l\u2019aube, il","og_url":"https:\/\/gazeta.am\/?p=1359","article_published_time":"2026-03-29T12:30:53+00:00","article_modified_time":"2026-03-29T12:30:55+00:00","og_image":[{"width":1015,"height":1268,"url":"https:\/\/gazeta.am\/wp-content\/uploads\/2026\/03\/1q-32.jpg","type":"image\/jpeg"}],"author":"admin","twitter_card":"summary_large_image","twitter_misc":{"\u041d\u0430\u043f\u0438\u0441\u0430\u043d\u043e \u0430\u0432\u0442\u043e\u0440\u043e\u043c":"admin","\u041f\u0440\u0438\u043c\u0435\u0440\u043d\u043e\u0435 \u0432\u0440\u0435\u043c\u044f \u0434\u043b\u044f \u0447\u0442\u0435\u043d\u0438\u044f":"7 \u043c\u0438\u043d\u0443\u0442"},"schema":{"@context":"https:\/\/schema.org","@graph":[{"@type":"Article","@id":"https:\/\/gazeta.am\/?p=1359#article","isPartOf":{"@id":"https:\/\/gazeta.am\/?p=1359"},"author":{"name":"admin","@id":"https:\/\/gazeta.am\/#\/schema\/person\/987709955e760c9a1ebbb44776f8cccc"},"headline":"Chaque r\u00e9colte qui passe de mes mains \u00e0 la terre, et de la terre \u00e0 votre table, n\u2019est jamais un simple encha\u00eenement de gestes. Ce n\u2019est pas une routine. Ce n\u2019est pas un travail comme les autres.","datePublished":"2026-03-29T12:30:53+00:00","dateModified":"2026-03-29T12:30:55+00:00","mainEntityOfPage":{"@id":"https:\/\/gazeta.am\/?p=1359"},"wordCount":1376,"commentCount":0,"image":{"@id":"https:\/\/gazeta.am\/?p=1359#primaryimage"},"thumbnailUrl":"https:\/\/gazeta.am\/wp-content\/uploads\/2026\/03\/1q-32.jpg","articleSection":["NEWS"],"inLanguage":"ru-RU","potentialAction":[{"@type":"CommentAction","name":"Comment","target":["https:\/\/gazeta.am\/?p=1359#respond"]}]},{"@type":"WebPage","@id":"https:\/\/gazeta.am\/?p=1359","url":"https:\/\/gazeta.am\/?p=1359","name":"Chaque r\u00e9colte qui passe de mes mains \u00e0 la terre, et de la terre \u00e0 votre table, n\u2019est jamais un simple encha\u00eenement de gestes. Ce n\u2019est pas une routine. Ce n\u2019est pas un travail comme les autres. -","isPartOf":{"@id":"https:\/\/gazeta.am\/#website"},"primaryImageOfPage":{"@id":"https:\/\/gazeta.am\/?p=1359#primaryimage"},"image":{"@id":"https:\/\/gazeta.am\/?p=1359#primaryimage"},"thumbnailUrl":"https:\/\/gazeta.am\/wp-content\/uploads\/2026\/03\/1q-32.jpg","datePublished":"2026-03-29T12:30:53+00:00","dateModified":"2026-03-29T12:30:55+00:00","author":{"@id":"https:\/\/gazeta.am\/#\/schema\/person\/987709955e760c9a1ebbb44776f8cccc"},"breadcrumb":{"@id":"https:\/\/gazeta.am\/?p=1359#breadcrumb"},"inLanguage":"ru-RU","potentialAction":[{"@type":"ReadAction","target":["https:\/\/gazeta.am\/?p=1359"]}]},{"@type":"ImageObject","inLanguage":"ru-RU","@id":"https:\/\/gazeta.am\/?p=1359#primaryimage","url":"https:\/\/gazeta.am\/wp-content\/uploads\/2026\/03\/1q-32.jpg","contentUrl":"https:\/\/gazeta.am\/wp-content\/uploads\/2026\/03\/1q-32.jpg","width":1015,"height":1268},{"@type":"BreadcrumbList","@id":"https:\/\/gazeta.am\/?p=1359#breadcrumb","itemListElement":[{"@type":"ListItem","position":1,"name":"\u0413\u043b\u0430\u0432\u043d\u0430\u044f \u0441\u0442\u0440\u0430\u043d\u0438\u0446\u0430","item":"https:\/\/gazeta.am\/"},{"@type":"ListItem","position":2,"name":"Chaque r\u00e9colte qui passe de mes mains \u00e0 la terre, et de la terre \u00e0 votre table, n\u2019est jamais un simple encha\u00eenement de gestes. Ce n\u2019est pas une routine. Ce n\u2019est pas un travail comme les autres."}]},{"@type":"WebSite","@id":"https:\/\/gazeta.am\/#website","url":"https:\/\/gazeta.am\/","name":"","description":"","potentialAction":[{"@type":"SearchAction","target":{"@type":"EntryPoint","urlTemplate":"https:\/\/gazeta.am\/?s={search_term_string}"},"query-input":{"@type":"PropertyValueSpecification","valueRequired":true,"valueName":"search_term_string"}}],"inLanguage":"ru-RU"},{"@type":"Person","@id":"https:\/\/gazeta.am\/#\/schema\/person\/987709955e760c9a1ebbb44776f8cccc","name":"admin","image":{"@type":"ImageObject","inLanguage":"ru-RU","@id":"https:\/\/secure.gravatar.com\/avatar\/a24f4ac3a683f3c87303db525abc00db51ea26ccedee11dfaf1cc0f9a481a5d2?s=96&d=mm&r=g","url":"https:\/\/secure.gravatar.com\/avatar\/a24f4ac3a683f3c87303db525abc00db51ea26ccedee11dfaf1cc0f9a481a5d2?s=96&d=mm&r=g","contentUrl":"https:\/\/secure.gravatar.com\/avatar\/a24f4ac3a683f3c87303db525abc00db51ea26ccedee11dfaf1cc0f9a481a5d2?s=96&d=mm&r=g","caption":"admin"},"sameAs":["http:\/\/gazeta.am"],"url":"https:\/\/gazeta.am\/?author=1"}]}},"_links":{"self":[{"href":"https:\/\/gazeta.am\/index.php?rest_route=\/wp\/v2\/posts\/1359","targetHints":{"allow":["GET"]}}],"collection":[{"href":"https:\/\/gazeta.am\/index.php?rest_route=\/wp\/v2\/posts"}],"about":[{"href":"https:\/\/gazeta.am\/index.php?rest_route=\/wp\/v2\/types\/post"}],"author":[{"embeddable":true,"href":"https:\/\/gazeta.am\/index.php?rest_route=\/wp\/v2\/users\/1"}],"replies":[{"embeddable":true,"href":"https:\/\/gazeta.am\/index.php?rest_route=%2Fwp%2Fv2%2Fcomments&post=1359"}],"version-history":[{"count":1,"href":"https:\/\/gazeta.am\/index.php?rest_route=\/wp\/v2\/posts\/1359\/revisions"}],"predecessor-version":[{"id":1361,"href":"https:\/\/gazeta.am\/index.php?rest_route=\/wp\/v2\/posts\/1359\/revisions\/1361"}],"wp:featuredmedia":[{"embeddable":true,"href":"https:\/\/gazeta.am\/index.php?rest_route=\/wp\/v2\/media\/1360"}],"wp:attachment":[{"href":"https:\/\/gazeta.am\/index.php?rest_route=%2Fwp%2Fv2%2Fmedia&parent=1359"}],"wp:term":[{"taxonomy":"category","embeddable":true,"href":"https:\/\/gazeta.am\/index.php?rest_route=%2Fwp%2Fv2%2Fcategories&post=1359"},{"taxonomy":"post_tag","embeddable":true,"href":"https:\/\/gazeta.am\/index.php?rest_route=%2Fwp%2Fv2%2Ftags&post=1359"}],"curies":[{"name":"wp","href":"https:\/\/api.w.org\/{rel}","templated":true}]}}