{"id":1353,"date":"2026-03-29T13:16:17","date_gmt":"2026-03-29T10:16:17","guid":{"rendered":"https:\/\/gazeta.am\/?p=1353"},"modified":"2026-03-29T13:16:19","modified_gmt":"2026-03-29T10:16:19","slug":"le-cancer-une-maladie-des-temps-modernes-ou-un-ancien-compagnon-de-lhumanite","status":"publish","type":"post","link":"https:\/\/gazeta.am\/?p=1353","title":{"rendered":"Le cancer : une maladie des temps modernes ou un ancien compagnon de l\u2019humanit\u00e9 ?"},"content":{"rendered":"\n<p>Chaque fois que nous entendons le mot \u00ab cancer \u00bb, beaucoup s\u2019empressent de dire qu\u2019il s\u2019agit d\u2019une maladie moderne. Pourtant, l\u2019histoire raconte tout autre chose : le cancer a toujours accompagn\u00e9 l\u2019\u00eatre humain.<\/p>\n\n\n\n<p>Il y a d\u00e9j\u00e0 4 000 ans, dans les anciens papyrus m\u00e9dicaux \u00e9gyptiens, on d\u00e9crivait des tumeurs du sein, et les m\u00e9decins de l\u2019\u00e9poque notaient avec tristesse qu\u2019il n\u2019existait aucun traitement. Autrement dit, l\u2019homme ne comprenait pas encore la cause, mais reconnaissait d\u00e9j\u00e0 la maladie.<\/p>\n\n\n\n<p>Plus tard, Hippocrate l\u2019a appel\u00e9e \u00ab karkinos \u00bb, c\u2019est-\u00e0-dire crabe, car la propagation de la tumeur lui rappelait les pattes d\u2019un crabe. Des si\u00e8cles plus tard, Galien puis Avicenne ont tent\u00e9 de comprendre pourquoi cette maladie apparaissait et comment elle se diffusait dans tout l\u2019organisme.<\/p>\n\n\n\n<figure class=\"wp-block-image size-large\"><img loading=\"lazy\" decoding=\"async\" width=\"712\" height=\"1024\" src=\"https:\/\/gazeta.am\/wp-content\/uploads\/2026\/03\/1q-30-712x1024.jpg\" alt=\"\" class=\"wp-image-1354\" srcset=\"https:\/\/gazeta.am\/wp-content\/uploads\/2026\/03\/1q-30-712x1024.jpg 712w, https:\/\/gazeta.am\/wp-content\/uploads\/2026\/03\/1q-30-209x300.jpg 209w, https:\/\/gazeta.am\/wp-content\/uploads\/2026\/03\/1q-30-768x1104.jpg 768w, https:\/\/gazeta.am\/wp-content\/uploads\/2026\/03\/1q-30.jpg 837w\" sizes=\"auto, (max-width: 712px) 100vw, 712px\" \/><\/figure>\n\n\n\n<p>Mais la v\u00e9rit\u00e9 la plus frappante ne se trouve pas seulement dans l\u2019histoire. Elle est dans notre pr\u00e9sent.<\/p>\n\n\n\n<p>Aujourd\u2019hui, nous vivons dans un monde de vitesse, de stress constant, de manque de sommeil, d\u2019alimentation transform\u00e9e, d\u2019air pollu\u00e9 et de pression psychologique. Le corps r\u00e9siste en silence pendant longtemps\u2026 jusqu\u2019au jour o\u00f9 il commence \u00e0 s\u2019exprimer \u00e0 travers la maladie. La v\u00e9rit\u00e9 est parfois dure : l\u2019\u00eatre humain tombe malade non seulement par le corps, mais d\u2019abord par son mode de vie.<\/p>\n\n\n\n<p>Nous nous couchons tard, nous nous r\u00e9veillons fatigu\u00e9s, nous mangeons dans la pr\u00e9cipitation, nous vivons sous tension, nous gardons nos douleurs \u00e0 l\u2019int\u00e9rieur, nous faisons taire notre esprit\u2026 puis nous nous \u00e9tonnons que le corps commence \u00e0 protester.<\/p>\n\n\n\n<p>Il y a aussi une autre r\u00e9alit\u00e9 douloureuse de notre \u00e9poque. Les rayons des magasins semblent aujourd\u2019hui remplis de toutes sortes de produits, l\u2019abondance est visible, presque \u00e9blouissante. Mais au c\u0153ur de cette abondance, la nourriture r\u00e9ellement saine et utile est souvent rare. Tout est pr\u00eat, rapide, constamment disponible \u2014 et c\u2019est justement cette disponibilit\u00e9 permanente qui finit par \u00e9touffer notre app\u00e9tit naturel et notre conscience du choix.<\/p>\n\n\n\n<p>Dans cette vie acc\u00e9l\u00e9r\u00e9e, nous ne prenons plus le temps de nous arr\u00eater et de r\u00e9fl\u00e9chir \u00e0 ce que nous mettons sur notre table, \u00e0 ce que nous donnons \u00e0 notre corps. Nous choisissons ce qui est rapide, pratique, accessible \u2014 mais pas toujours ce qui est b\u00e9n\u00e9fique.<\/p>\n\n\n\n<p>Le plus douloureux, c\u2019est peut-\u00eatre que nous nous sommes presque enti\u00e8rement coup\u00e9s de la nature. Nous ne ressentons plus l\u2019odeur de la terre, nous ne suivons plus le rythme des saisons, nous ne vivons plus au contact du vivant. \u00c0 la place, nous restons enferm\u00e9s dans des espaces clos, sous une lumi\u00e8re artificielle, entour\u00e9s de nourriture rapide et d\u2019un mouvement incessant.<\/p>\n\n\n\n<p>Pourtant, dans nos propres cuisines, l\u2019ail, l\u2019oignon, le curcuma, la tomate, la grenade, le raisin, l\u2019\u00e9glantier ont longtemps \u00e9t\u00e9 consid\u00e9r\u00e9s comme des alli\u00e9s de l\u2019organisme. Aujourd\u2019hui, la science confirme qu\u2019ils contiennent des substances capables d\u2019aider les cellules \u00e0 r\u00e9sister aux agressions, de r\u00e9duire l\u2019inflammation et de prot\u00e9ger le corps.<\/p>\n\n\n\n<p>Mais il faut aussi dire la v\u00e9rit\u00e9 la plus honn\u00eate : aucune plante ne peut sauver un organisme que l\u2019on d\u00e9truit soi-m\u00eame chaque jour par son mode de vie. Si nous vivons constamment dans le stress, la s\u00e9dentarit\u00e9, une alimentation de mauvaise qualit\u00e9 et des douleurs \u00e9motionnelles non r\u00e9solues, attendre un miracle d\u2019un aliment ou d\u2019une plante rel\u00e8ve de l\u2019illusion.<\/p>\n\n\n\n<p>Peut-\u00eatre que la plus grande illusion est celle-ci : beaucoup d\u2019entre nous vivent comme si le temps \u00e9tait infini. Comme si la sant\u00e9 pouvait toujours attendre. Comme si le corps pardonnerait toujours.<\/p>\n\n\n\n<p>Mais le corps se souvient.<br>Il se souvient de chaque nuit sans sommeil, de chaque stress, de chaque mauvais repas, de chaque douleur silencieuse.<\/p>\n\n\n\n<p>Le cancer n\u2019est peut-\u00eatre pas nouveau.<br>Ce qui est nouveau, c\u2019est notre mode de vie \u2014 parfois plus destructeur que nous ne voulons l\u2019admettre.<\/p>\n\n\n\n<p>Et la question la plus importante reste celle-ci :<br>\u00e9coutons-nous les premiers signaux silencieux de notre corps\u2026 ou continuons-nous \u00e0 vivre comme si le temps \u00e9tait infini ?<\/p>\n","protected":false},"excerpt":{"rendered":"Chaque fois que nous entendons le mot \u00ab cancer \u00bb, beaucoup s\u2019empressent de dire qu\u2019il s\u2019agit d\u2019une maladie moderne. Pourtant, l\u2019histoire raconte tout \n<a class=\"moretag\" href=\"https:\/\/gazeta.am\/?p=1353\"> [...]<\/a>","protected":false},"author":1,"featured_media":1354,"comment_status":"open","ping_status":"open","sticky":false,"template":"","format":"standard","meta":{"footnotes":""},"categories":[1],"tags":[],"class_list":["post-1353","post","type-post","status-publish","format-standard","has-post-thumbnail","hentry","category-1"],"yoast_head":"<!-- This site is optimized with the Yoast SEO plugin v27.4 - https:\/\/yoast.com\/product\/yoast-seo-wordpress\/ -->\n<title>Le cancer : une maladie des temps modernes ou un ancien compagnon de l\u2019humanit\u00e9 ? -<\/title>\n<meta name=\"robots\" content=\"index, follow, max-snippet:-1, max-image-preview:large, max-video-preview:-1\" \/>\n<link rel=\"canonical\" href=\"https:\/\/gazeta.am\/?p=1353\" \/>\n<meta property=\"og:locale\" content=\"ru_RU\" \/>\n<meta property=\"og:type\" content=\"article\" \/>\n<meta property=\"og:title\" content=\"Le cancer : une maladie des temps modernes ou un ancien compagnon de l\u2019humanit\u00e9 ? -\" \/>\n<meta property=\"og:description\" content=\"Chaque fois que nous entendons le mot \u00ab cancer \u00bb, beaucoup s\u2019empressent de dire qu\u2019il s\u2019agit d\u2019une maladie moderne. Pourtant, l\u2019histoire raconte tout\" \/>\n<meta property=\"og:url\" content=\"https:\/\/gazeta.am\/?p=1353\" \/>\n<meta property=\"article:published_time\" content=\"2026-03-29T10:16:17+00:00\" \/>\n<meta property=\"article:modified_time\" content=\"2026-03-29T10:16:19+00:00\" \/>\n<meta property=\"og:image\" content=\"https:\/\/gazeta.am\/wp-content\/uploads\/2026\/03\/1q-30.jpg\" \/>\n\t<meta property=\"og:image:width\" content=\"837\" \/>\n\t<meta property=\"og:image:height\" content=\"1203\" \/>\n\t<meta property=\"og:image:type\" content=\"image\/jpeg\" \/>\n<meta name=\"author\" content=\"admin\" \/>\n<meta name=\"twitter:card\" content=\"summary_large_image\" \/>\n<meta name=\"twitter:label1\" content=\"\u041d\u0430\u043f\u0438\u0441\u0430\u043d\u043e \u0430\u0432\u0442\u043e\u0440\u043e\u043c\" \/>\n\t<meta name=\"twitter:data1\" content=\"admin\" \/>\n\t<meta name=\"twitter:label2\" content=\"\u041f\u0440\u0438\u043c\u0435\u0440\u043d\u043e\u0435 \u0432\u0440\u0435\u043c\u044f \u0434\u043b\u044f \u0447\u0442\u0435\u043d\u0438\u044f\" \/>\n\t<meta name=\"twitter:data2\" content=\"4 \u043c\u0438\u043d\u0443\u0442\u044b\" \/>\n<script type=\"application\/ld+json\" class=\"yoast-schema-graph\">{\"@context\":\"https:\\\/\\\/schema.org\",\"@graph\":[{\"@type\":\"Article\",\"@id\":\"https:\\\/\\\/gazeta.am\\\/?p=1353#article\",\"isPartOf\":{\"@id\":\"https:\\\/\\\/gazeta.am\\\/?p=1353\"},\"author\":{\"name\":\"admin\",\"@id\":\"https:\\\/\\\/gazeta.am\\\/#\\\/schema\\\/person\\\/987709955e760c9a1ebbb44776f8cccc\"},\"headline\":\"Le cancer : une maladie des temps modernes ou un ancien compagnon de l\u2019humanit\u00e9 ?\",\"datePublished\":\"2026-03-29T10:16:17+00:00\",\"dateModified\":\"2026-03-29T10:16:19+00:00\",\"mainEntityOfPage\":{\"@id\":\"https:\\\/\\\/gazeta.am\\\/?p=1353\"},\"wordCount\":721,\"commentCount\":0,\"image\":{\"@id\":\"https:\\\/\\\/gazeta.am\\\/?p=1353#primaryimage\"},\"thumbnailUrl\":\"https:\\\/\\\/gazeta.am\\\/wp-content\\\/uploads\\\/2026\\\/03\\\/1q-30.jpg\",\"articleSection\":[\"NEWS\"],\"inLanguage\":\"ru-RU\",\"potentialAction\":[{\"@type\":\"CommentAction\",\"name\":\"Comment\",\"target\":[\"https:\\\/\\\/gazeta.am\\\/?p=1353#respond\"]}]},{\"@type\":\"WebPage\",\"@id\":\"https:\\\/\\\/gazeta.am\\\/?p=1353\",\"url\":\"https:\\\/\\\/gazeta.am\\\/?p=1353\",\"name\":\"Le cancer : une maladie des temps modernes ou un ancien compagnon de l\u2019humanit\u00e9 ? -\",\"isPartOf\":{\"@id\":\"https:\\\/\\\/gazeta.am\\\/#website\"},\"primaryImageOfPage\":{\"@id\":\"https:\\\/\\\/gazeta.am\\\/?p=1353#primaryimage\"},\"image\":{\"@id\":\"https:\\\/\\\/gazeta.am\\\/?p=1353#primaryimage\"},\"thumbnailUrl\":\"https:\\\/\\\/gazeta.am\\\/wp-content\\\/uploads\\\/2026\\\/03\\\/1q-30.jpg\",\"datePublished\":\"2026-03-29T10:16:17+00:00\",\"dateModified\":\"2026-03-29T10:16:19+00:00\",\"author\":{\"@id\":\"https:\\\/\\\/gazeta.am\\\/#\\\/schema\\\/person\\\/987709955e760c9a1ebbb44776f8cccc\"},\"breadcrumb\":{\"@id\":\"https:\\\/\\\/gazeta.am\\\/?p=1353#breadcrumb\"},\"inLanguage\":\"ru-RU\",\"potentialAction\":[{\"@type\":\"ReadAction\",\"target\":[\"https:\\\/\\\/gazeta.am\\\/?p=1353\"]}]},{\"@type\":\"ImageObject\",\"inLanguage\":\"ru-RU\",\"@id\":\"https:\\\/\\\/gazeta.am\\\/?p=1353#primaryimage\",\"url\":\"https:\\\/\\\/gazeta.am\\\/wp-content\\\/uploads\\\/2026\\\/03\\\/1q-30.jpg\",\"contentUrl\":\"https:\\\/\\\/gazeta.am\\\/wp-content\\\/uploads\\\/2026\\\/03\\\/1q-30.jpg\",\"width\":837,\"height\":1203},{\"@type\":\"BreadcrumbList\",\"@id\":\"https:\\\/\\\/gazeta.am\\\/?p=1353#breadcrumb\",\"itemListElement\":[{\"@type\":\"ListItem\",\"position\":1,\"name\":\"\u0413\u043b\u0430\u0432\u043d\u0430\u044f \u0441\u0442\u0440\u0430\u043d\u0438\u0446\u0430\",\"item\":\"https:\\\/\\\/gazeta.am\\\/\"},{\"@type\":\"ListItem\",\"position\":2,\"name\":\"Le cancer : une maladie des temps modernes ou un ancien compagnon de l\u2019humanit\u00e9 ?\"}]},{\"@type\":\"WebSite\",\"@id\":\"https:\\\/\\\/gazeta.am\\\/#website\",\"url\":\"https:\\\/\\\/gazeta.am\\\/\",\"name\":\"\",\"description\":\"\",\"potentialAction\":[{\"@type\":\"SearchAction\",\"target\":{\"@type\":\"EntryPoint\",\"urlTemplate\":\"https:\\\/\\\/gazeta.am\\\/?s={search_term_string}\"},\"query-input\":{\"@type\":\"PropertyValueSpecification\",\"valueRequired\":true,\"valueName\":\"search_term_string\"}}],\"inLanguage\":\"ru-RU\"},{\"@type\":\"Person\",\"@id\":\"https:\\\/\\\/gazeta.am\\\/#\\\/schema\\\/person\\\/987709955e760c9a1ebbb44776f8cccc\",\"name\":\"admin\",\"image\":{\"@type\":\"ImageObject\",\"inLanguage\":\"ru-RU\",\"@id\":\"https:\\\/\\\/secure.gravatar.com\\\/avatar\\\/a24f4ac3a683f3c87303db525abc00db51ea26ccedee11dfaf1cc0f9a481a5d2?s=96&d=mm&r=g\",\"url\":\"https:\\\/\\\/secure.gravatar.com\\\/avatar\\\/a24f4ac3a683f3c87303db525abc00db51ea26ccedee11dfaf1cc0f9a481a5d2?s=96&d=mm&r=g\",\"contentUrl\":\"https:\\\/\\\/secure.gravatar.com\\\/avatar\\\/a24f4ac3a683f3c87303db525abc00db51ea26ccedee11dfaf1cc0f9a481a5d2?s=96&d=mm&r=g\",\"caption\":\"admin\"},\"sameAs\":[\"http:\\\/\\\/gazeta.am\"],\"url\":\"https:\\\/\\\/gazeta.am\\\/?author=1\"}]}<\/script>\n<!-- \/ Yoast SEO plugin. -->","yoast_head_json":{"title":"Le cancer : une maladie des temps modernes ou un ancien compagnon de l\u2019humanit\u00e9 ? -","robots":{"index":"index","follow":"follow","max-snippet":"max-snippet:-1","max-image-preview":"max-image-preview:large","max-video-preview":"max-video-preview:-1"},"canonical":"https:\/\/gazeta.am\/?p=1353","og_locale":"ru_RU","og_type":"article","og_title":"Le cancer : une maladie des temps modernes ou un ancien compagnon de l\u2019humanit\u00e9 ? -","og_description":"Chaque fois que nous entendons le mot \u00ab cancer \u00bb, beaucoup s\u2019empressent de dire qu\u2019il s\u2019agit d\u2019une maladie moderne. Pourtant, l\u2019histoire raconte tout","og_url":"https:\/\/gazeta.am\/?p=1353","article_published_time":"2026-03-29T10:16:17+00:00","article_modified_time":"2026-03-29T10:16:19+00:00","og_image":[{"width":837,"height":1203,"url":"https:\/\/gazeta.am\/wp-content\/uploads\/2026\/03\/1q-30.jpg","type":"image\/jpeg"}],"author":"admin","twitter_card":"summary_large_image","twitter_misc":{"\u041d\u0430\u043f\u0438\u0441\u0430\u043d\u043e \u0430\u0432\u0442\u043e\u0440\u043e\u043c":"admin","\u041f\u0440\u0438\u043c\u0435\u0440\u043d\u043e\u0435 \u0432\u0440\u0435\u043c\u044f \u0434\u043b\u044f \u0447\u0442\u0435\u043d\u0438\u044f":"4 \u043c\u0438\u043d\u0443\u0442\u044b"},"schema":{"@context":"https:\/\/schema.org","@graph":[{"@type":"Article","@id":"https:\/\/gazeta.am\/?p=1353#article","isPartOf":{"@id":"https:\/\/gazeta.am\/?p=1353"},"author":{"name":"admin","@id":"https:\/\/gazeta.am\/#\/schema\/person\/987709955e760c9a1ebbb44776f8cccc"},"headline":"Le cancer : une maladie des temps modernes ou un ancien compagnon de l\u2019humanit\u00e9 ?","datePublished":"2026-03-29T10:16:17+00:00","dateModified":"2026-03-29T10:16:19+00:00","mainEntityOfPage":{"@id":"https:\/\/gazeta.am\/?p=1353"},"wordCount":721,"commentCount":0,"image":{"@id":"https:\/\/gazeta.am\/?p=1353#primaryimage"},"thumbnailUrl":"https:\/\/gazeta.am\/wp-content\/uploads\/2026\/03\/1q-30.jpg","articleSection":["NEWS"],"inLanguage":"ru-RU","potentialAction":[{"@type":"CommentAction","name":"Comment","target":["https:\/\/gazeta.am\/?p=1353#respond"]}]},{"@type":"WebPage","@id":"https:\/\/gazeta.am\/?p=1353","url":"https:\/\/gazeta.am\/?p=1353","name":"Le cancer : une maladie des temps modernes ou un ancien compagnon de l\u2019humanit\u00e9 ? -","isPartOf":{"@id":"https:\/\/gazeta.am\/#website"},"primaryImageOfPage":{"@id":"https:\/\/gazeta.am\/?p=1353#primaryimage"},"image":{"@id":"https:\/\/gazeta.am\/?p=1353#primaryimage"},"thumbnailUrl":"https:\/\/gazeta.am\/wp-content\/uploads\/2026\/03\/1q-30.jpg","datePublished":"2026-03-29T10:16:17+00:00","dateModified":"2026-03-29T10:16:19+00:00","author":{"@id":"https:\/\/gazeta.am\/#\/schema\/person\/987709955e760c9a1ebbb44776f8cccc"},"breadcrumb":{"@id":"https:\/\/gazeta.am\/?p=1353#breadcrumb"},"inLanguage":"ru-RU","potentialAction":[{"@type":"ReadAction","target":["https:\/\/gazeta.am\/?p=1353"]}]},{"@type":"ImageObject","inLanguage":"ru-RU","@id":"https:\/\/gazeta.am\/?p=1353#primaryimage","url":"https:\/\/gazeta.am\/wp-content\/uploads\/2026\/03\/1q-30.jpg","contentUrl":"https:\/\/gazeta.am\/wp-content\/uploads\/2026\/03\/1q-30.jpg","width":837,"height":1203},{"@type":"BreadcrumbList","@id":"https:\/\/gazeta.am\/?p=1353#breadcrumb","itemListElement":[{"@type":"ListItem","position":1,"name":"\u0413\u043b\u0430\u0432\u043d\u0430\u044f \u0441\u0442\u0440\u0430\u043d\u0438\u0446\u0430","item":"https:\/\/gazeta.am\/"},{"@type":"ListItem","position":2,"name":"Le cancer : une maladie des temps modernes ou un ancien compagnon de l\u2019humanit\u00e9 ?"}]},{"@type":"WebSite","@id":"https:\/\/gazeta.am\/#website","url":"https:\/\/gazeta.am\/","name":"","description":"","potentialAction":[{"@type":"SearchAction","target":{"@type":"EntryPoint","urlTemplate":"https:\/\/gazeta.am\/?s={search_term_string}"},"query-input":{"@type":"PropertyValueSpecification","valueRequired":true,"valueName":"search_term_string"}}],"inLanguage":"ru-RU"},{"@type":"Person","@id":"https:\/\/gazeta.am\/#\/schema\/person\/987709955e760c9a1ebbb44776f8cccc","name":"admin","image":{"@type":"ImageObject","inLanguage":"ru-RU","@id":"https:\/\/secure.gravatar.com\/avatar\/a24f4ac3a683f3c87303db525abc00db51ea26ccedee11dfaf1cc0f9a481a5d2?s=96&d=mm&r=g","url":"https:\/\/secure.gravatar.com\/avatar\/a24f4ac3a683f3c87303db525abc00db51ea26ccedee11dfaf1cc0f9a481a5d2?s=96&d=mm&r=g","contentUrl":"https:\/\/secure.gravatar.com\/avatar\/a24f4ac3a683f3c87303db525abc00db51ea26ccedee11dfaf1cc0f9a481a5d2?s=96&d=mm&r=g","caption":"admin"},"sameAs":["http:\/\/gazeta.am"],"url":"https:\/\/gazeta.am\/?author=1"}]}},"_links":{"self":[{"href":"https:\/\/gazeta.am\/index.php?rest_route=\/wp\/v2\/posts\/1353","targetHints":{"allow":["GET"]}}],"collection":[{"href":"https:\/\/gazeta.am\/index.php?rest_route=\/wp\/v2\/posts"}],"about":[{"href":"https:\/\/gazeta.am\/index.php?rest_route=\/wp\/v2\/types\/post"}],"author":[{"embeddable":true,"href":"https:\/\/gazeta.am\/index.php?rest_route=\/wp\/v2\/users\/1"}],"replies":[{"embeddable":true,"href":"https:\/\/gazeta.am\/index.php?rest_route=%2Fwp%2Fv2%2Fcomments&post=1353"}],"version-history":[{"count":1,"href":"https:\/\/gazeta.am\/index.php?rest_route=\/wp\/v2\/posts\/1353\/revisions"}],"predecessor-version":[{"id":1355,"href":"https:\/\/gazeta.am\/index.php?rest_route=\/wp\/v2\/posts\/1353\/revisions\/1355"}],"wp:featuredmedia":[{"embeddable":true,"href":"https:\/\/gazeta.am\/index.php?rest_route=\/wp\/v2\/media\/1354"}],"wp:attachment":[{"href":"https:\/\/gazeta.am\/index.php?rest_route=%2Fwp%2Fv2%2Fmedia&parent=1353"}],"wp:term":[{"taxonomy":"category","embeddable":true,"href":"https:\/\/gazeta.am\/index.php?rest_route=%2Fwp%2Fv2%2Fcategories&post=1353"},{"taxonomy":"post_tag","embeddable":true,"href":"https:\/\/gazeta.am\/index.php?rest_route=%2Fwp%2Fv2%2Ftags&post=1353"}],"curies":[{"name":"wp","href":"https:\/\/api.w.org\/{rel}","templated":true}]}}