{"id":1338,"date":"2026-03-29T09:04:23","date_gmt":"2026-03-29T06:04:23","guid":{"rendered":"https:\/\/gazeta.am\/?p=1338"},"modified":"2026-03-29T09:04:25","modified_gmt":"2026-03-29T06:04:25","slug":"la-pluie-ne-sarreta-pas-cette-nuit-la","status":"publish","type":"post","link":"https:\/\/gazeta.am\/?p=1338","title":{"rendered":"La pluie ne s\u2019arr\u00eata pas cette nuit-l\u00e0."},"content":{"rendered":"\n<p>Elle frappa les vitres du manoir comme si le ciel lui-m\u00eame refusait d\u2019oublier ce qui venait de se produire.<\/p>\n\n\n\n<p>\u00c0 l\u2019int\u00e9rieur, tout semblait calme.<\/p>\n\n\n\n<p>Trop calme.<\/p>\n\n\n\n<p>Mais sous cette apparence\u2026 quelque chose s\u2019\u00e9tait fissur\u00e9.<\/p>\n\n\n\n<hr class=\"wp-block-separator has-alpha-channel-opacity\"\/>\n\n\n\n<h3 class=\"wp-block-heading\">I. La nuit o\u00f9 tout revient<\/h3>\n\n\n\n<p>Julian ne dormit pas.<\/p>\n\n\n\n<p>Il resta debout, des heures durant, face \u00e0 la baie vitr\u00e9e, les mains crisp\u00e9es sur le rebord froid.<\/p>\n\n\n\n<p>Derri\u00e8re lui, dans une chambre qu\u2019il n\u2019avait jamais vraiment utilis\u00e9e, dormait sa fille.<\/p>\n\n\n\n<p>Sa fille.<\/p>\n\n\n\n<p>Le mot lui paraissait irr\u00e9el.<\/p>\n\n\n\n<p>Sept ans.<\/p>\n\n\n\n<p>Sept ann\u00e9es arrach\u00e9es.<\/p>\n\n\n\n<p>Sept ann\u00e9es o\u00f9 il avait cru \u00eatre seul.<\/p>\n\n\n\n<p>Et \u00e0 quelques m\u00e8tres de lui, dans une autre pi\u00e8ce, dormait la femme qu\u2019il n\u2019avait jamais r\u00e9ussi \u00e0 oublier.<\/p>\n\n\n\n<p>Emily.<\/p>\n\n\n\n<figure class=\"wp-block-image size-full\"><img loading=\"lazy\" decoding=\"async\" width=\"831\" height=\"853\" src=\"https:\/\/gazeta.am\/wp-content\/uploads\/2026\/03\/1q-25.jpg\" alt=\"\" class=\"wp-image-1339\" srcset=\"https:\/\/gazeta.am\/wp-content\/uploads\/2026\/03\/1q-25.jpg 831w, https:\/\/gazeta.am\/wp-content\/uploads\/2026\/03\/1q-25-292x300.jpg 292w, https:\/\/gazeta.am\/wp-content\/uploads\/2026\/03\/1q-25-768x788.jpg 768w\" sizes=\"auto, (max-width: 831px) 100vw, 831px\" \/><\/figure>\n\n\n\n<p>Il ferma les yeux.<\/p>\n\n\n\n<p>Et les souvenirs revinrent.<\/p>\n\n\n\n<p>Sa robe rouge.<\/p>\n\n\n\n<p>Son rire.<\/p>\n\n\n\n<p>La mani\u00e8re dont elle pronon\u00e7ait son nom comme si le monde n\u2019existait plus.<\/p>\n\n\n\n<p>Puis\u2026<\/p>\n\n\n\n<p>le vide.<\/p>\n\n\n\n<p>Sa disparition.<\/p>\n\n\n\n<p>Sans explication.<\/p>\n\n\n\n<p>Sans adieu.<\/p>\n\n\n\n<p>Seulement une absence qui avait laiss\u00e9 un trou qu\u2019aucune richesse n\u2019avait su combler.<\/p>\n\n\n\n<hr class=\"wp-block-separator has-alpha-channel-opacity\"\/>\n\n\n\n<h3 class=\"wp-block-heading\">II. Le matin des v\u00e9rit\u00e9s<\/h3>\n\n\n\n<p>\u00c0 l\u2019aube, la pluie avait cess\u00e9.<\/p>\n\n\n\n<p>Mais l\u2019air restait lourd.<\/p>\n\n\n\n<p>Charg\u00e9.<\/p>\n\n\n\n<p>Emily se r\u00e9veilla la premi\u00e8re.<\/p>\n\n\n\n<p>Elle mit quelques secondes \u00e0 comprendre o\u00f9 elle se trouvait.<\/p>\n\n\n\n<p>Les draps propres.<\/p>\n\n\n\n<p>Le silence.<\/p>\n\n\n\n<p>La chaleur.<\/p>\n\n\n\n<p>Puis la r\u00e9alit\u00e9 la frappa.<\/p>\n\n\n\n<p>Elle n\u2019\u00e9tait plus dans la rue.<\/p>\n\n\n\n<p>Elle \u00e9tait chez lui.<\/p>\n\n\n\n<p>Elle se leva lentement et regarda Lila dormir.<\/p>\n\n\n\n<p>Paisible.<\/p>\n\n\n\n<p>Prot\u00e9g\u00e9e.<\/p>\n\n\n\n<p>Pour la premi\u00e8re fois depuis longtemps.<\/p>\n\n\n\n<p>Un pincement serra son c\u0153ur.<\/p>\n\n\n\n<p>\u2014 Je ne peux pas rester\u2026 murmura-t-elle.<\/p>\n\n\n\n<p>Mais une autre voix, plus profonde, lui r\u00e9pondit :<\/p>\n\n\n\n<p><strong>Et o\u00f9 iras-tu ?<\/strong><\/p>\n\n\n\n<hr class=\"wp-block-separator has-alpha-channel-opacity\"\/>\n\n\n\n<p>Dans la cuisine, Julian \u00e9tait d\u00e9j\u00e0 l\u00e0.<\/p>\n\n\n\n<p>Impeccable.<\/p>\n\n\n\n<p>Comme toujours.<\/p>\n\n\n\n<p>Mais ses yeux trahissaient la nuit blanche.<\/p>\n\n\n\n<p>Lorsqu\u2019il la vit entrer, il ne sourit pas.<\/p>\n\n\n\n<p>Il ne fron\u00e7a pas les sourcils non plus.<\/p>\n\n\n\n<p>Il resta\u2026 entre les deux.<\/p>\n\n\n\n<p>\u2014 Tu pars ? demanda-t-il simplement.<\/p>\n\n\n\n<p>Emily baissa les yeux.<\/p>\n\n\n\n<p>\u2014 C\u2019\u00e9tait l\u2019id\u00e9e.<\/p>\n\n\n\n<p>Un silence.<\/p>\n\n\n\n<p>Puis il posa sa tasse.<\/p>\n\n\n\n<p>\u2014 Et tu comptes lui dire quoi ?<\/p>\n\n\n\n<p>Elle releva la t\u00eate.<\/p>\n\n\n\n<p>\u2014 \u00c0 qui ?<\/p>\n\n\n\n<p>\u2014 \u00c0 Lila.<\/p>\n\n\n\n<p>Le pr\u00e9nom suspendit l\u2019air.<\/p>\n\n\n\n<p>\u2014 Tu comptes lui dire que tu l\u2019arraches encore \u00e0 son p\u00e8re ?<\/p>\n\n\n\n<p>Le mot frappa.<\/p>\n\n\n\n<p>Fort.<\/p>\n\n\n\n<p>Pr\u00e9cis.<\/p>\n\n\n\n<p>Emily sentit sa gorge se nouer.<\/p>\n\n\n\n<p>\u2014 Tu n\u2019\u00e9tais pas l\u00e0\u2026 murmura-t-elle.<\/p>\n\n\n\n<p>\u2014 Parce que tu m\u2019as effac\u00e9 !<\/p>\n\n\n\n<p>Le ton monta.<\/p>\n\n\n\n<p>Pour la premi\u00e8re fois.<\/p>\n\n\n\n<p>Brutal.<\/p>\n\n\n\n<p>\u2014 Tu as d\u00e9cid\u00e9 pour moi ! Tu m\u2019as vol\u00e9 ma vie sans m\u00eame me demander si je voulais la partager !<\/p>\n\n\n\n<p>Emily tremblait.<\/p>\n\n\n\n<p>\u2014 Je pensais mourir\u2026<\/p>\n\n\n\n<p>\u2014 Et alors ?! hurla-t-il.<\/p>\n\n\n\n<p>Le silence retomba.<\/p>\n\n\n\n<p>Plus lourd que tout.<\/p>\n\n\n\n<p>Julian ferma les yeux, essayant de contenir ce qui bouillait en lui.<\/p>\n\n\n\n<p>\u2014 Tu pensais mourir\u2026 r\u00e9p\u00e9ta-t-il plus doucement. Et tu as d\u00e9cid\u00e9 que je devais vivre sans savoir.<\/p>\n\n\n\n<p>Une larme coula sur la joue d\u2019Emily.<\/p>\n\n\n\n<p>\u2014 Je ne voulais pas \u00eatre un fardeau\u2026<\/p>\n\n\n\n<p>Il rit.<\/p>\n\n\n\n<p>Un rire sans joie.<\/p>\n\n\n\n<p>\u2014 Tu \u00e9tais tout sauf un fardeau.<\/p>\n\n\n\n<hr class=\"wp-block-separator has-alpha-channel-opacity\"\/>\n\n\n\n<h3 class=\"wp-block-heading\">III. Lila<\/h3>\n\n\n\n<p>Une petite voix interrompit le moment.<\/p>\n\n\n\n<p>\u2014 Maman ?<\/p>\n\n\n\n<p>Ils se retourn\u00e8rent.<\/p>\n\n\n\n<p>Lila se tenait l\u00e0, les cheveux en bataille, les yeux encore remplis de sommeil.<\/p>\n\n\n\n<p>Elle regarda Julian.<\/p>\n\n\n\n<p>Puis Emily.<\/p>\n\n\n\n<p>\u2014 On est o\u00f9 ?<\/p>\n\n\n\n<p>Emily s\u2019agenouilla.<\/p>\n\n\n\n<p>\u2014 Chez\u2026 un ami.<\/p>\n\n\n\n<p>Julian observa la sc\u00e8ne.<\/p>\n\n\n\n<p>Puis il s\u2019approcha lentement.<\/p>\n\n\n\n<p>\u2014 Bonjour, Lila.<\/p>\n\n\n\n<p>La petite le fixa.<\/p>\n\n\n\n<p>Longtemps.<\/p>\n\n\n\n<p>Avec cette curiosit\u00e9 propre aux enfants qui sentent ce que les adultes cachent.<\/p>\n\n\n\n<p>\u2014 Tu es qui ?<\/p>\n\n\n\n<p>La question tomba, simple, innocente\u2026 mais d\u00e9vastatrice.<\/p>\n\n\n\n<p>Julian s\u2019agenouilla \u00e0 son tour.<\/p>\n\n\n\n<p>\u00c0 hauteur de ses yeux.<\/p>\n\n\n\n<p>\u2014 Je\u2026 suis quelqu\u2019un qui aurait d\u00fb te conna\u00eetre depuis longtemps.<\/p>\n\n\n\n<p>Lila pencha la t\u00eate.<\/p>\n\n\n\n<p>\u2014 Tu es triste ?<\/p>\n\n\n\n<p>Il sourit l\u00e9g\u00e8rement.<\/p>\n\n\n\n<p>\u2014 Un peu.<\/p>\n\n\n\n<p>Elle s\u2019approcha.<\/p>\n\n\n\n<p>Et posa sa petite main sur sa joue.<\/p>\n\n\n\n<p>\u2014 Maman dit que quand on est triste\u2026 il faut rester.<\/p>\n\n\n\n<p>Le monde s\u2019arr\u00eata.<\/p>\n\n\n\n<p>Julian sentit quelque chose c\u00e9der en lui.<\/p>\n\n\n\n<p>Quelque chose qu\u2019il avait verrouill\u00e9 pendant des ann\u00e9es.<\/p>\n\n\n\n<hr class=\"wp-block-separator has-alpha-channel-opacity\"\/>\n\n\n\n<h3 class=\"wp-block-heading\">IV. Les jours qui changent tout<\/h3>\n\n\n\n<p>Emily resta.<\/p>\n\n\n\n<p>Un jour.<\/p>\n\n\n\n<p>Puis deux.<\/p>\n\n\n\n<p>Puis une semaine.<\/p>\n\n\n\n<p>Le manoir, autrefois silencieux, se transforma.<\/p>\n\n\n\n<p>Des rires d\u2019enfant r\u00e9sonnaient.<\/p>\n\n\n\n<p>Des pas l\u00e9gers couraient dans les couloirs.<\/p>\n\n\n\n<p>Lila d\u00e9couvrait tout.<\/p>\n\n\n\n<p>Les escaliers.<\/p>\n\n\n\n<p>Le jardin.<\/p>\n\n\n\n<p>La piscine.<\/p>\n\n\n\n<p>Elle posait mille questions.<\/p>\n\n\n\n<p>Et Julian r\u00e9pondait \u00e0 chacune.<\/p>\n\n\n\n<p>Comme s\u2019il rattrapait le temps.<\/p>\n\n\n\n<p>Comme s\u2019il refusait de perdre une seconde de plus.<\/p>\n\n\n\n<hr class=\"wp-block-separator has-alpha-channel-opacity\"\/>\n\n\n\n<p>Mais tout n\u2019\u00e9tait pas simple.<\/p>\n\n\n\n<p>Emily gardait ses distances.<\/p>\n\n\n\n<p>Elle refusait les v\u00eatements co\u00fbteux.<\/p>\n\n\n\n<p>Refusait l\u2019aide.<\/p>\n\n\n\n<p>Refusait de s\u2019installer.<\/p>\n\n\n\n<p>Comme si elle craignait que tout disparaisse \u00e0 nouveau.<\/p>\n\n\n\n<p>Un soir, Julian la trouva sur la terrasse.<\/p>\n\n\n\n<p>\u2014 Tu vis comme si tu allais repartir demain.<\/p>\n\n\n\n<p>Elle ne r\u00e9pondit pas.<\/p>\n\n\n\n<p>\u2014 Pourquoi ?<\/p>\n\n\n\n<p>Elle serra ses bras autour d\u2019elle.<\/p>\n\n\n\n<p>\u2014 Parce que je sais ce que c\u2019est de tout perdre.<\/p>\n\n\n\n<p>Il s\u2019approcha.<\/p>\n\n\n\n<p>\u2014 Moi aussi.<\/p>\n\n\n\n<p>Elle le regarda.<\/p>\n\n\n\n<p>\u2014 Non. Tu ne sais pas.<\/p>\n\n\n\n<p>\u2014 J\u2019ai perdu toi.<\/p>\n\n\n\n<p>Le silence.<\/p>\n\n\n\n<p>Encore.<\/p>\n\n\n\n<p>Mais diff\u00e9rent cette fois.<\/p>\n\n\n\n<hr class=\"wp-block-separator has-alpha-channel-opacity\"\/>\n\n\n\n<h3 class=\"wp-block-heading\">V. Le secret qui n\u2019est pas mort<\/h3>\n\n\n\n<p>Mais le pass\u00e9 ne dispara\u00eet jamais compl\u00e8tement.<\/p>\n\n\n\n<p>Il attend.<\/p>\n\n\n\n<p>Et parfois\u2026<\/p>\n\n\n\n<p>il revient.<\/p>\n\n\n\n<p>Un apr\u00e8s-midi, alors que Lila jouait dans le jardin, une voiture s\u2019arr\u00eata devant le manoir.<\/p>\n\n\n\n<p>Noire.<\/p>\n\n\n\n<p>Silencieuse.<\/p>\n\n\n\n<p>Deux hommes en descendirent.<\/p>\n\n\n\n<p>Costumes.<\/p>\n\n\n\n<p>Regards froids.<\/p>\n\n\n\n<p>Emily les vit par la fen\u00eatre.<\/p>\n\n\n\n<p>Et son visage se vida de toute couleur.<\/p>\n\n\n\n<p>\u2014 Non\u2026 murmura-t-elle.<\/p>\n\n\n\n<p>Julian sentit imm\u00e9diatement le changement.<\/p>\n\n\n\n<p>\u2014 Qui c\u2019est ?<\/p>\n\n\n\n<p>Elle recula.<\/p>\n\n\n\n<p>\u2014 Je dois partir.<\/p>\n\n\n\n<p>\u2014 Quoi ?<\/p>\n\n\n\n<p>\u2014 Maintenant.<\/p>\n\n\n\n<p>\u2014 Emily !<\/p>\n\n\n\n<p>Mais elle courait d\u00e9j\u00e0 vers Lila.<\/p>\n\n\n\n<p>\u2014 On s\u2019en va !<\/p>\n\n\n\n<p>\u2014 Pourquoi ? demanda la petite, confuse.<\/p>\n\n\n\n<p>La porte s\u2019ouvrit.<\/p>\n\n\n\n<p>Les hommes entr\u00e8rent.<\/p>\n\n\n\n<p>Sans attendre.<\/p>\n\n\n\n<p>\u2014 Madame Hart.<\/p>\n\n\n\n<p>Le ton \u00e9tait poli.<\/p>\n\n\n\n<p>Mais dangereux.<\/p>\n\n\n\n<p>\u2014 Vous nous devez encore quelque chose.<\/p>\n\n\n\n<p>Julian s\u2019interposa.<\/p>\n\n\n\n<p>\u2014 Sortez de chez moi.<\/p>\n\n\n\n<p>Les hommes \u00e9chang\u00e8rent un regard.<\/p>\n\n\n\n<p>\u2014 Monsieur Maddox\u2026 vous devriez demander \u00e0 votre invit\u00e9e ce qu\u2019elle a laiss\u00e9 derri\u00e8re elle.<\/p>\n\n\n\n<p>Le c\u0153ur de Julian se serra.<\/p>\n\n\n\n<p>\u2014 Emily\u2026 ?<\/p>\n\n\n\n<p>Elle tremblait.<\/p>\n\n\n\n<p>\u2014 J\u2019ai\u2026 emprunt\u00e9 de l\u2019argent pour les traitements.<\/p>\n\n\n\n<p>\u2014 Combien ?<\/p>\n\n\n\n<p>Silence.<\/p>\n\n\n\n<p>\u2014 Emily.<\/p>\n\n\n\n<p>\u2014 Trop\u2026<\/p>\n\n\n\n<hr class=\"wp-block-separator has-alpha-channel-opacity\"\/>\n\n\n\n<h3 class=\"wp-block-heading\">VI. Le choc<\/h3>\n\n\n\n<p>L\u2019un des hommes sourit.<\/p>\n\n\n\n<p>\u2014 Disons que la dette\u2026 a grandi.<\/p>\n\n\n\n<p>Julian fixa Emily.<\/p>\n\n\n\n<p>\u2014 Pourquoi tu ne m\u2019as rien dit ?<\/p>\n\n\n\n<p>\u2014 Parce que je savais que tu paierais !<\/p>\n\n\n\n<p>\u2014 \u00c9videmment que j\u2019aurais pay\u00e9 !<\/p>\n\n\n\n<p>\u2014 Justement !<\/p>\n\n\n\n<p>Sa voix se brisa.<\/p>\n\n\n\n<p>\u2014 Je ne voulais plus \u00eatre celle que tu sauves !<\/p>\n\n\n\n<p>Le silence explosa.<\/p>\n\n\n\n<hr class=\"wp-block-separator has-alpha-channel-opacity\"\/>\n\n\n\n<h3 class=\"wp-block-heading\">VII. Le choix final<\/h3>\n\n\n\n<p>Julian regarda les hommes.<\/p>\n\n\n\n<p>Puis Emily.<\/p>\n\n\n\n<p>Puis Lila.<\/p>\n\n\n\n<p>Et quelque chose en lui devint clair.<\/p>\n\n\n\n<p>D\u00e9finitif.<\/p>\n\n\n\n<p>\u2014 Combien ? r\u00e9p\u00e9ta-t-il.<\/p>\n\n\n\n<p>L\u2019homme annon\u00e7a la somme.<\/p>\n\n\n\n<p>Astronomique.<\/p>\n\n\n\n<p>Mais Julian ne cligna m\u00eame pas des yeux.<\/p>\n\n\n\n<p>\u2014 C\u2019est r\u00e9gl\u00e9.<\/p>\n\n\n\n<p>Emily secoua la t\u00eate.<\/p>\n\n\n\n<p>\u2014 Non.<\/p>\n\n\n\n<p>Il se tourna vers elle.<\/p>\n\n\n\n<p>\u2014 Cette fois\u2026 tu ne d\u00e9cides pas seule.<\/p>\n\n\n\n<p>Elle pleurait.<\/p>\n\n\n\n<p>\u2014 Je ne veux pas te devoir ma vie.<\/p>\n\n\n\n<p>Il s\u2019approcha.<\/p>\n\n\n\n<p>Doucement.<\/p>\n\n\n\n<p>\u2014 Alors ne me la dois pas.<\/p>\n\n\n\n<p>Reste.<\/p>\n\n\n\n<hr class=\"wp-block-separator has-alpha-channel-opacity\"\/>\n\n\n\n<h3 class=\"wp-block-heading\">\u00c9pilogue<\/h3>\n\n\n\n<p>Parfois, la vie ne donne pas de seconde chance.<\/p>\n\n\n\n<p>Elle arrache.<\/p>\n\n\n\n<p>Elle brise.<\/p>\n\n\n\n<p>Elle s\u00e9pare.<\/p>\n\n\n\n<p>Mais parfois\u2026<\/p>\n\n\n\n<p>elle ram\u00e8ne tout.<\/p>\n\n\n\n<p>Sous la pluie.<\/p>\n\n\n\n<p>Devant une porte.<\/p>\n\n\n\n<p>Avec une simple phrase :<\/p>\n\n\n\n<p>\u00ab Puis-je nettoyer votre maison contre une assiette de nourriture ? \u00bb<\/p>\n\n\n\n<p>Et ce jour-l\u00e0\u2026<\/p>\n\n\n\n<p>un homme riche a compris que sa plus grande perte n\u2019\u00e9tait pas l\u2019argent.<\/p>\n\n\n\n<p>Mais le temps.<\/p>\n\n\n\n<p>Et une femme bris\u00e9e a d\u00e9couvert que fuir n\u2019efface jamais l\u2019amour.<\/p>\n\n\n\n<p>Parce que certaines histoires\u2026<\/p>\n\n\n\n<p>ne meurent jamais vraiment.<\/p>\n\n\n\n<p>Elles attendent.<\/p>\n\n\n\n<p>Qu\u2019on ose les revivre.<\/p>\n","protected":false},"excerpt":{"rendered":"Elle frappa les vitres du manoir comme si le ciel lui-m\u00eame refusait d\u2019oublier ce qui venait de se produire. \u00c0 l\u2019int\u00e9rieur, tout semblait \n<a class=\"moretag\" href=\"https:\/\/gazeta.am\/?p=1338\"> [...]<\/a>","protected":false},"author":1,"featured_media":1339,"comment_status":"open","ping_status":"open","sticky":false,"template":"","format":"standard","meta":{"footnotes":""},"categories":[1],"tags":[],"class_list":["post-1338","post","type-post","status-publish","format-standard","has-post-thumbnail","hentry","category-1"],"yoast_head":"<!-- This site is optimized with the Yoast SEO plugin v27.4 - https:\/\/yoast.com\/product\/yoast-seo-wordpress\/ -->\n<title>La pluie ne s\u2019arr\u00eata pas cette nuit-l\u00e0. -<\/title>\n<meta name=\"robots\" content=\"index, follow, max-snippet:-1, max-image-preview:large, max-video-preview:-1\" \/>\n<link rel=\"canonical\" href=\"https:\/\/gazeta.am\/?p=1338\" \/>\n<meta property=\"og:locale\" content=\"ru_RU\" \/>\n<meta property=\"og:type\" content=\"article\" \/>\n<meta property=\"og:title\" content=\"La pluie ne s\u2019arr\u00eata pas cette nuit-l\u00e0. -\" \/>\n<meta property=\"og:description\" content=\"Elle frappa les vitres du manoir comme si le ciel lui-m\u00eame refusait d\u2019oublier ce qui venait de se produire. \u00c0 l\u2019int\u00e9rieur, tout semblait\" \/>\n<meta property=\"og:url\" content=\"https:\/\/gazeta.am\/?p=1338\" \/>\n<meta property=\"article:published_time\" content=\"2026-03-29T06:04:23+00:00\" \/>\n<meta property=\"article:modified_time\" content=\"2026-03-29T06:04:25+00:00\" \/>\n<meta property=\"og:image\" content=\"https:\/\/gazeta.am\/wp-content\/uploads\/2026\/03\/1q-25.jpg\" \/>\n\t<meta property=\"og:image:width\" content=\"831\" \/>\n\t<meta property=\"og:image:height\" content=\"853\" \/>\n\t<meta property=\"og:image:type\" content=\"image\/jpeg\" \/>\n<meta name=\"author\" content=\"admin\" \/>\n<meta name=\"twitter:card\" content=\"summary_large_image\" \/>\n<meta name=\"twitter:label1\" content=\"\u041d\u0430\u043f\u0438\u0441\u0430\u043d\u043e \u0430\u0432\u0442\u043e\u0440\u043e\u043c\" \/>\n\t<meta name=\"twitter:data1\" content=\"admin\" \/>\n\t<meta name=\"twitter:label2\" content=\"\u041f\u0440\u0438\u043c\u0435\u0440\u043d\u043e\u0435 \u0432\u0440\u0435\u043c\u044f \u0434\u043b\u044f \u0447\u0442\u0435\u043d\u0438\u044f\" \/>\n\t<meta name=\"twitter:data2\" content=\"7 \u043c\u0438\u043d\u0443\u0442\" \/>\n<script type=\"application\/ld+json\" class=\"yoast-schema-graph\">{\"@context\":\"https:\\\/\\\/schema.org\",\"@graph\":[{\"@type\":\"Article\",\"@id\":\"https:\\\/\\\/gazeta.am\\\/?p=1338#article\",\"isPartOf\":{\"@id\":\"https:\\\/\\\/gazeta.am\\\/?p=1338\"},\"author\":{\"name\":\"admin\",\"@id\":\"https:\\\/\\\/gazeta.am\\\/#\\\/schema\\\/person\\\/987709955e760c9a1ebbb44776f8cccc\"},\"headline\":\"La pluie ne s\u2019arr\u00eata pas cette nuit-l\u00e0.\",\"datePublished\":\"2026-03-29T06:04:23+00:00\",\"dateModified\":\"2026-03-29T06:04:25+00:00\",\"mainEntityOfPage\":{\"@id\":\"https:\\\/\\\/gazeta.am\\\/?p=1338\"},\"wordCount\":1251,\"commentCount\":0,\"image\":{\"@id\":\"https:\\\/\\\/gazeta.am\\\/?p=1338#primaryimage\"},\"thumbnailUrl\":\"https:\\\/\\\/gazeta.am\\\/wp-content\\\/uploads\\\/2026\\\/03\\\/1q-25.jpg\",\"articleSection\":[\"NEWS\"],\"inLanguage\":\"ru-RU\",\"potentialAction\":[{\"@type\":\"CommentAction\",\"name\":\"Comment\",\"target\":[\"https:\\\/\\\/gazeta.am\\\/?p=1338#respond\"]}]},{\"@type\":\"WebPage\",\"@id\":\"https:\\\/\\\/gazeta.am\\\/?p=1338\",\"url\":\"https:\\\/\\\/gazeta.am\\\/?p=1338\",\"name\":\"La pluie ne s\u2019arr\u00eata pas cette nuit-l\u00e0. -\",\"isPartOf\":{\"@id\":\"https:\\\/\\\/gazeta.am\\\/#website\"},\"primaryImageOfPage\":{\"@id\":\"https:\\\/\\\/gazeta.am\\\/?p=1338#primaryimage\"},\"image\":{\"@id\":\"https:\\\/\\\/gazeta.am\\\/?p=1338#primaryimage\"},\"thumbnailUrl\":\"https:\\\/\\\/gazeta.am\\\/wp-content\\\/uploads\\\/2026\\\/03\\\/1q-25.jpg\",\"datePublished\":\"2026-03-29T06:04:23+00:00\",\"dateModified\":\"2026-03-29T06:04:25+00:00\",\"author\":{\"@id\":\"https:\\\/\\\/gazeta.am\\\/#\\\/schema\\\/person\\\/987709955e760c9a1ebbb44776f8cccc\"},\"breadcrumb\":{\"@id\":\"https:\\\/\\\/gazeta.am\\\/?p=1338#breadcrumb\"},\"inLanguage\":\"ru-RU\",\"potentialAction\":[{\"@type\":\"ReadAction\",\"target\":[\"https:\\\/\\\/gazeta.am\\\/?p=1338\"]}]},{\"@type\":\"ImageObject\",\"inLanguage\":\"ru-RU\",\"@id\":\"https:\\\/\\\/gazeta.am\\\/?p=1338#primaryimage\",\"url\":\"https:\\\/\\\/gazeta.am\\\/wp-content\\\/uploads\\\/2026\\\/03\\\/1q-25.jpg\",\"contentUrl\":\"https:\\\/\\\/gazeta.am\\\/wp-content\\\/uploads\\\/2026\\\/03\\\/1q-25.jpg\",\"width\":831,\"height\":853},{\"@type\":\"BreadcrumbList\",\"@id\":\"https:\\\/\\\/gazeta.am\\\/?p=1338#breadcrumb\",\"itemListElement\":[{\"@type\":\"ListItem\",\"position\":1,\"name\":\"\u0413\u043b\u0430\u0432\u043d\u0430\u044f \u0441\u0442\u0440\u0430\u043d\u0438\u0446\u0430\",\"item\":\"https:\\\/\\\/gazeta.am\\\/\"},{\"@type\":\"ListItem\",\"position\":2,\"name\":\"La pluie ne s\u2019arr\u00eata pas cette nuit-l\u00e0.\"}]},{\"@type\":\"WebSite\",\"@id\":\"https:\\\/\\\/gazeta.am\\\/#website\",\"url\":\"https:\\\/\\\/gazeta.am\\\/\",\"name\":\"\",\"description\":\"\",\"potentialAction\":[{\"@type\":\"SearchAction\",\"target\":{\"@type\":\"EntryPoint\",\"urlTemplate\":\"https:\\\/\\\/gazeta.am\\\/?s={search_term_string}\"},\"query-input\":{\"@type\":\"PropertyValueSpecification\",\"valueRequired\":true,\"valueName\":\"search_term_string\"}}],\"inLanguage\":\"ru-RU\"},{\"@type\":\"Person\",\"@id\":\"https:\\\/\\\/gazeta.am\\\/#\\\/schema\\\/person\\\/987709955e760c9a1ebbb44776f8cccc\",\"name\":\"admin\",\"image\":{\"@type\":\"ImageObject\",\"inLanguage\":\"ru-RU\",\"@id\":\"https:\\\/\\\/secure.gravatar.com\\\/avatar\\\/a24f4ac3a683f3c87303db525abc00db51ea26ccedee11dfaf1cc0f9a481a5d2?s=96&d=mm&r=g\",\"url\":\"https:\\\/\\\/secure.gravatar.com\\\/avatar\\\/a24f4ac3a683f3c87303db525abc00db51ea26ccedee11dfaf1cc0f9a481a5d2?s=96&d=mm&r=g\",\"contentUrl\":\"https:\\\/\\\/secure.gravatar.com\\\/avatar\\\/a24f4ac3a683f3c87303db525abc00db51ea26ccedee11dfaf1cc0f9a481a5d2?s=96&d=mm&r=g\",\"caption\":\"admin\"},\"sameAs\":[\"http:\\\/\\\/gazeta.am\"],\"url\":\"https:\\\/\\\/gazeta.am\\\/?author=1\"}]}<\/script>\n<!-- \/ Yoast SEO plugin. -->","yoast_head_json":{"title":"La pluie ne s\u2019arr\u00eata pas cette nuit-l\u00e0. -","robots":{"index":"index","follow":"follow","max-snippet":"max-snippet:-1","max-image-preview":"max-image-preview:large","max-video-preview":"max-video-preview:-1"},"canonical":"https:\/\/gazeta.am\/?p=1338","og_locale":"ru_RU","og_type":"article","og_title":"La pluie ne s\u2019arr\u00eata pas cette nuit-l\u00e0. -","og_description":"Elle frappa les vitres du manoir comme si le ciel lui-m\u00eame refusait d\u2019oublier ce qui venait de se produire. \u00c0 l\u2019int\u00e9rieur, tout semblait","og_url":"https:\/\/gazeta.am\/?p=1338","article_published_time":"2026-03-29T06:04:23+00:00","article_modified_time":"2026-03-29T06:04:25+00:00","og_image":[{"width":831,"height":853,"url":"https:\/\/gazeta.am\/wp-content\/uploads\/2026\/03\/1q-25.jpg","type":"image\/jpeg"}],"author":"admin","twitter_card":"summary_large_image","twitter_misc":{"\u041d\u0430\u043f\u0438\u0441\u0430\u043d\u043e \u0430\u0432\u0442\u043e\u0440\u043e\u043c":"admin","\u041f\u0440\u0438\u043c\u0435\u0440\u043d\u043e\u0435 \u0432\u0440\u0435\u043c\u044f \u0434\u043b\u044f \u0447\u0442\u0435\u043d\u0438\u044f":"7 \u043c\u0438\u043d\u0443\u0442"},"schema":{"@context":"https:\/\/schema.org","@graph":[{"@type":"Article","@id":"https:\/\/gazeta.am\/?p=1338#article","isPartOf":{"@id":"https:\/\/gazeta.am\/?p=1338"},"author":{"name":"admin","@id":"https:\/\/gazeta.am\/#\/schema\/person\/987709955e760c9a1ebbb44776f8cccc"},"headline":"La pluie ne s\u2019arr\u00eata pas cette nuit-l\u00e0.","datePublished":"2026-03-29T06:04:23+00:00","dateModified":"2026-03-29T06:04:25+00:00","mainEntityOfPage":{"@id":"https:\/\/gazeta.am\/?p=1338"},"wordCount":1251,"commentCount":0,"image":{"@id":"https:\/\/gazeta.am\/?p=1338#primaryimage"},"thumbnailUrl":"https:\/\/gazeta.am\/wp-content\/uploads\/2026\/03\/1q-25.jpg","articleSection":["NEWS"],"inLanguage":"ru-RU","potentialAction":[{"@type":"CommentAction","name":"Comment","target":["https:\/\/gazeta.am\/?p=1338#respond"]}]},{"@type":"WebPage","@id":"https:\/\/gazeta.am\/?p=1338","url":"https:\/\/gazeta.am\/?p=1338","name":"La pluie ne s\u2019arr\u00eata pas cette nuit-l\u00e0. -","isPartOf":{"@id":"https:\/\/gazeta.am\/#website"},"primaryImageOfPage":{"@id":"https:\/\/gazeta.am\/?p=1338#primaryimage"},"image":{"@id":"https:\/\/gazeta.am\/?p=1338#primaryimage"},"thumbnailUrl":"https:\/\/gazeta.am\/wp-content\/uploads\/2026\/03\/1q-25.jpg","datePublished":"2026-03-29T06:04:23+00:00","dateModified":"2026-03-29T06:04:25+00:00","author":{"@id":"https:\/\/gazeta.am\/#\/schema\/person\/987709955e760c9a1ebbb44776f8cccc"},"breadcrumb":{"@id":"https:\/\/gazeta.am\/?p=1338#breadcrumb"},"inLanguage":"ru-RU","potentialAction":[{"@type":"ReadAction","target":["https:\/\/gazeta.am\/?p=1338"]}]},{"@type":"ImageObject","inLanguage":"ru-RU","@id":"https:\/\/gazeta.am\/?p=1338#primaryimage","url":"https:\/\/gazeta.am\/wp-content\/uploads\/2026\/03\/1q-25.jpg","contentUrl":"https:\/\/gazeta.am\/wp-content\/uploads\/2026\/03\/1q-25.jpg","width":831,"height":853},{"@type":"BreadcrumbList","@id":"https:\/\/gazeta.am\/?p=1338#breadcrumb","itemListElement":[{"@type":"ListItem","position":1,"name":"\u0413\u043b\u0430\u0432\u043d\u0430\u044f \u0441\u0442\u0440\u0430\u043d\u0438\u0446\u0430","item":"https:\/\/gazeta.am\/"},{"@type":"ListItem","position":2,"name":"La pluie ne s\u2019arr\u00eata pas cette nuit-l\u00e0."}]},{"@type":"WebSite","@id":"https:\/\/gazeta.am\/#website","url":"https:\/\/gazeta.am\/","name":"","description":"","potentialAction":[{"@type":"SearchAction","target":{"@type":"EntryPoint","urlTemplate":"https:\/\/gazeta.am\/?s={search_term_string}"},"query-input":{"@type":"PropertyValueSpecification","valueRequired":true,"valueName":"search_term_string"}}],"inLanguage":"ru-RU"},{"@type":"Person","@id":"https:\/\/gazeta.am\/#\/schema\/person\/987709955e760c9a1ebbb44776f8cccc","name":"admin","image":{"@type":"ImageObject","inLanguage":"ru-RU","@id":"https:\/\/secure.gravatar.com\/avatar\/a24f4ac3a683f3c87303db525abc00db51ea26ccedee11dfaf1cc0f9a481a5d2?s=96&d=mm&r=g","url":"https:\/\/secure.gravatar.com\/avatar\/a24f4ac3a683f3c87303db525abc00db51ea26ccedee11dfaf1cc0f9a481a5d2?s=96&d=mm&r=g","contentUrl":"https:\/\/secure.gravatar.com\/avatar\/a24f4ac3a683f3c87303db525abc00db51ea26ccedee11dfaf1cc0f9a481a5d2?s=96&d=mm&r=g","caption":"admin"},"sameAs":["http:\/\/gazeta.am"],"url":"https:\/\/gazeta.am\/?author=1"}]}},"_links":{"self":[{"href":"https:\/\/gazeta.am\/index.php?rest_route=\/wp\/v2\/posts\/1338","targetHints":{"allow":["GET"]}}],"collection":[{"href":"https:\/\/gazeta.am\/index.php?rest_route=\/wp\/v2\/posts"}],"about":[{"href":"https:\/\/gazeta.am\/index.php?rest_route=\/wp\/v2\/types\/post"}],"author":[{"embeddable":true,"href":"https:\/\/gazeta.am\/index.php?rest_route=\/wp\/v2\/users\/1"}],"replies":[{"embeddable":true,"href":"https:\/\/gazeta.am\/index.php?rest_route=%2Fwp%2Fv2%2Fcomments&post=1338"}],"version-history":[{"count":1,"href":"https:\/\/gazeta.am\/index.php?rest_route=\/wp\/v2\/posts\/1338\/revisions"}],"predecessor-version":[{"id":1340,"href":"https:\/\/gazeta.am\/index.php?rest_route=\/wp\/v2\/posts\/1338\/revisions\/1340"}],"wp:featuredmedia":[{"embeddable":true,"href":"https:\/\/gazeta.am\/index.php?rest_route=\/wp\/v2\/media\/1339"}],"wp:attachment":[{"href":"https:\/\/gazeta.am\/index.php?rest_route=%2Fwp%2Fv2%2Fmedia&parent=1338"}],"wp:term":[{"taxonomy":"category","embeddable":true,"href":"https:\/\/gazeta.am\/index.php?rest_route=%2Fwp%2Fv2%2Fcategories&post=1338"},{"taxonomy":"post_tag","embeddable":true,"href":"https:\/\/gazeta.am\/index.php?rest_route=%2Fwp%2Fv2%2Ftags&post=1338"}],"curies":[{"name":"wp","href":"https:\/\/api.w.org\/{rel}","templated":true}]}}