{"id":1324,"date":"2026-03-28T20:13:07","date_gmt":"2026-03-28T17:13:07","guid":{"rendered":"https:\/\/gazeta.am\/?p=1324"},"modified":"2026-03-28T20:14:49","modified_gmt":"2026-03-28T17:14:49","slug":"1324","status":"publish","type":"post","link":"https:\/\/gazeta.am\/?p=1324","title":{"rendered":"Le soleil \u00e9tait au z\u00e9nith, impitoyable, \u00e9crasant la terre s\u00e8che sous une chaleur presque irr\u00e9elle. Dans les plaines poussi\u00e9reuses de Minas Gerais, tout semblait fig\u00e9, comme si le temps lui-m\u00eame refusait d\u2019avancer face \u00e0 ce qui se d\u00e9roulait."},"content":{"rendered":"\n<p><\/p>\n\n\n\n<p>Au centre d\u2019un terrain nu, entour\u00e9 de regards fuyants, Antonia \u00e9tait suspendue.<\/p>\n\n\n\n<p>Son corps fr\u00eale pendait contre une structure de bois rugueux, ses poignets attach\u00e9s si fermement que la corde avait entaill\u00e9 sa peau jusqu\u2019au sang. Ses chevilles, gonfl\u00e9es et violac\u00e9es, tremblaient sous l\u2019effort de soutenir ce qui lui restait de force. Chaque respiration \u00e9tait un combat. Chaque seconde, une torture.<\/p>\n\n\n\n<p>Elle n\u2019avait plus cri\u00e9 depuis longtemps.<\/p>\n\n\n\n<p>Sa voix s\u2019\u00e9tait bris\u00e9e bien avant.<\/p>\n\n\n\n<p>Ses larmes aussi.<\/p>\n\n\n\n<p>Il ne restait plus que ce silence terrible\u2026 celui d\u2019une souffrance devenue trop profonde pour \u00eatre exprim\u00e9e.<\/p>\n\n\n\n<p>Autour d\u2019elle, les hommes passaient.<\/p>\n\n\n\n<figure class=\"wp-block-image size-full\"><img loading=\"lazy\" decoding=\"async\" width=\"762\" height=\"855\" src=\"https:\/\/gazeta.am\/wp-content\/uploads\/2026\/03\/1q-21.jpg\" alt=\"\" class=\"wp-image-1325\" srcset=\"https:\/\/gazeta.am\/wp-content\/uploads\/2026\/03\/1q-21.jpg 762w, https:\/\/gazeta.am\/wp-content\/uploads\/2026\/03\/1q-21-267x300.jpg 267w\" sizes=\"auto, (max-width: 762px) 100vw, 762px\" \/><\/figure>\n\n\n\n<p>Certains ralentissaient.<\/p>\n\n\n\n<p>D\u2019autres d\u00e9tournaient les yeux.<\/p>\n\n\n\n<p>Personne ne s\u2019arr\u00eatait.<\/p>\n\n\n\n<p>Parce qu\u2019ils savaient tous.<\/p>\n\n\n\n<p>Dans ces terres, un seul homme d\u00e9cidait du destin des autres.<\/p>\n\n\n\n<p>Le colonel Rodrigo Tavares.<\/p>\n\n\n\n<p>Un nom prononc\u00e9 \u00e0 voix basse. Un homme craint comme une loi vivante. Ici, il n\u2019y avait ni tribunal, ni justice. Seulement sa volont\u00e9.<\/p>\n\n\n\n<p>Et Antonia avait os\u00e9 la d\u00e9fier.<\/p>\n\n\n\n<p>Pas avec des armes. Pas avec des mots.<\/p>\n\n\n\n<p>Mais avec un geste simple\u2026 presque insignifiant.<\/p>\n\n\n\n<p>Elle avait vol\u00e9 quelques pi\u00e8ces.<\/p>\n\n\n\n<p>Assez pour fuir.<\/p>\n\n\n\n<p>Assez pour esp\u00e9rer.<\/p>\n\n\n\n<p>Mais dans l\u2019univers du colonel, l\u2019espoir des faibles \u00e9tait un crime.<\/p>\n\n\n\n<p>Alors il avait fait d\u2019elle un exemple.<\/p>\n\n\n\n<p>Un avertissement.<\/p>\n\n\n\n<p>Un spectacle.<\/p>\n\n\n\n<p>Les heures avaient pass\u00e9. Peut-\u00eatre des jours. Antonia ne savait plus. Le soleil br\u00fblait, la nuit gelait, et elle oscillait entre conscience et oubli. Son corps ne lui appartenait plus vraiment.<\/p>\n\n\n\n<p>Puis, au loin, un bruit brisa le silence.<\/p>\n\n\n\n<p>Des sabots.<\/p>\n\n\n\n<p>Lents.<\/p>\n\n\n\n<p>R\u00e9guliers.<\/p>\n\n\n\n<p>Un cavalier approchait.<\/p>\n\n\n\n<p>Seul.<\/p>\n\n\n\n<p>Bartolomeu de Almeida.<\/p>\n\n\n\n<p>\u00c0 quarante-cinq ans, il portait sur son visage les traces d\u2019une vie dure, mais droite. Il n\u2019\u00e9tait pas le plus riche des hommes, ni le plus puissant. Mais dans toute la r\u00e9gion, on le respectait pour une chose rare : il ne se courbait devant personne.<\/p>\n\n\n\n<p>Ce jour-l\u00e0, il ne cherchait rien.<\/p>\n\n\n\n<p>Il rentrait simplement chez lui.<\/p>\n\n\n\n<p>Jusqu\u2019\u00e0 ce que ses yeux tombent sur elle.<\/p>\n\n\n\n<p>Il ralentit.<\/p>\n\n\n\n<p>Puis s\u2019arr\u00eata net.<\/p>\n\n\n\n<p>Son c\u0153ur se serra d\u2019une violence inattendue.<\/p>\n\n\n\n<p>Un instant, il pensa halluciner. Que cette vision n\u2019\u00e9tait qu\u2019un mirage provoqu\u00e9 par la chaleur.<\/p>\n\n\n\n<p>Mais non.<\/p>\n\n\n\n<p>C\u2019\u00e9tait bien r\u00e9el.<\/p>\n\n\n\n<p>Une femme.<\/p>\n\n\n\n<p>Attach\u00e9e.<\/p>\n\n\n\n<p>Bris\u00e9e.<\/p>\n\n\n\n<p>Abandonn\u00e9e pour mourir.<\/p>\n\n\n\n<p>Sans r\u00e9fl\u00e9chir davantage, il descendit de cheval et s\u2019approcha.<\/p>\n\n\n\n<p>Antonia sentit une pr\u00e9sence. Elle rassembla le peu de force qui lui restait pour relever la t\u00eate. Sa vue \u00e9tait trouble, mais elle distingua une silhouette. Grande. Solide.<\/p>\n\n\n\n<p>La peur la traversa comme une d\u00e9charge.<\/p>\n\n\n\n<p>Encore un.<\/p>\n\n\n\n<p>Encore quelqu\u2019un venu prolonger son supplice.<\/p>\n\n\n\n<p>Ses l\u00e8vres s\u00e8ches trembl\u00e8rent.<\/p>\n\n\n\n<p>\u2014 Ne\u2026 faites pas \u00e7a\u2026<\/p>\n\n\n\n<p>Sa voix n\u2019\u00e9tait qu\u2019un souffle.<\/p>\n\n\n\n<p>Bartolomeu s\u2019arr\u00eata.<\/p>\n\n\n\n<p>Ces mots\u2026 cette peur\u2026 quelque chose en lui se brisa.<\/p>\n\n\n\n<p>Il s\u2019approcha plus doucement.<\/p>\n\n\n\n<p>\u2014 Calmez-vous, murmura-t-il. Je ne suis pas votre ennemi.<\/p>\n\n\n\n<p>Elle ne r\u00e9pondit pas. Elle n\u2019en avait plus la force.<\/p>\n\n\n\n<p>Alors il sortit son couteau.<\/p>\n\n\n\n<p>Et commen\u00e7a \u00e0 couper les cordes.<\/p>\n\n\n\n<p>Chaque fibre r\u00e9sistait, comme si m\u00eame le bois et les n\u0153uds refusaient de la lib\u00e9rer. Mais il ne s\u2019arr\u00eata pas.<\/p>\n\n\n\n<p>Une corde c\u00e9da.<\/p>\n\n\n\n<p>Puis une autre.<\/p>\n\n\n\n<p>\u00c0 chaque geste, il d\u00e9couvrait l\u2019\u00e9tendue de la cruaut\u00e9 qu\u2019elle avait subie.<\/p>\n\n\n\n<p>Des plaies profondes.<\/p>\n\n\n\n<p>Des marques noires.<\/p>\n\n\n\n<p>Une peau br\u00fbl\u00e9e par le soleil.<\/p>\n\n\n\n<p>Quand la derni\u00e8re corde c\u00e9da, son corps s\u2019effondra.<\/p>\n\n\n\n<p>Mais il la rattrapa avant qu\u2019elle ne touche le sol.<\/p>\n\n\n\n<p>Elle \u00e9tait si l\u00e9g\u00e8re\u2026<\/p>\n\n\n\n<p>Trop l\u00e9g\u00e8re.<\/p>\n\n\n\n<p>Comme si la vie l\u2019avait d\u00e9j\u00e0 quitt\u00e9e en partie.<\/p>\n\n\n\n<p>Il la porta \u00e0 l\u2019ombre, la posa d\u00e9licatement, puis ouvrit sa gourde.<\/p>\n\n\n\n<p>\u2014 Doucement\u2026<\/p>\n\n\n\n<p>Il fit couler quelques gouttes d\u2019eau sur ses l\u00e8vres.<\/p>\n\n\n\n<p>Elle avala difficilement.<\/p>\n\n\n\n<p>Puis ses yeux se ferm\u00e8rent.<\/p>\n\n\n\n<p>Il comprit alors qu\u2019il n\u2019avait pas de temps.<\/p>\n\n\n\n<p>Il la souleva et la pla\u00e7a sur son cheval, s\u2019installant derri\u00e8re elle pour la maintenir.<\/p>\n\n\n\n<p>Et il partit.<\/p>\n\n\n\n<p>Sans regarder derri\u00e8re lui.<\/p>\n\n\n\n<p>Sans h\u00e9siter.<\/p>\n\n\n\n<p>Mais dans ces terres\u2026<\/p>\n\n\n\n<p>rien ne restait cach\u00e9 longtemps.<\/p>\n\n\n\n<p>Un homme avait vu.<\/p>\n\n\n\n<p>Un contrema\u00eetre.<\/p>\n\n\n\n<p>Et il courait d\u00e9j\u00e0 pr\u00e9venir le colonel.<\/p>\n\n\n\n<p>Lorsque Rodrigo Tavares apprit la nouvelle, le silence s\u2019abattit dans la pi\u00e8ce.<\/p>\n\n\n\n<p>Puis son visage se d\u00e9forma.<\/p>\n\n\n\n<p>Une col\u00e8re froide. Ma\u00eetris\u00e9e. Terrifiante.<\/p>\n\n\n\n<p>\u2014 Qui a os\u00e9 ? demanda-t-il lentement.<\/p>\n\n\n\n<p>\u2014 Le baron\u2026 Bartolomeu.<\/p>\n\n\n\n<p>Un sourire apparut.<\/p>\n\n\n\n<p>Mais ce n\u2019\u00e9tait pas un sourire humain.<\/p>\n\n\n\n<p>\u2014 Alors il vient de signer sa condamnation.<\/p>\n\n\n\n<p>En quelques minutes, il \u00e9tait en selle.<\/p>\n\n\n\n<p>Avec ses hommes.<\/p>\n\n\n\n<p>Arm\u00e9s.<\/p>\n\n\n\n<p>Silencieux.<\/p>\n\n\n\n<p>Pr\u00eats.<\/p>\n\n\n\n<p>Ils partirent comme une temp\u00eate.<\/p>\n\n\n\n<p>Pendant ce temps, Bartolomeu avan\u00e7ait \u00e0 toute vitesse, sentant le poids fragile du corps contre lui. Il savait. Il savait que cet acte ne resterait pas sans cons\u00e9quence.<\/p>\n\n\n\n<p>Mais il n\u2019avait aucun regret.<\/p>\n\n\n\n<p>Derri\u00e8re lui, la poussi\u00e8re commen\u00e7ait d\u00e9j\u00e0 \u00e0 se lever.<\/p>\n\n\n\n<p>La chasse avait commenc\u00e9.<\/p>\n\n\n\n<p>Apr\u00e8s plusieurs heures, il atteignit enfin sa propri\u00e9t\u00e9, une vaste exploitation entour\u00e9e d\u2019arbres qui offraient une rare fra\u00eecheur. Il cria des ordres. Des domestiques accoururent. On transporta Antonia \u00e0 l\u2019int\u00e9rieur.<\/p>\n\n\n\n<p>Un m\u00e9decin fut appel\u00e9 en urgence.<\/p>\n\n\n\n<p>Les heures pass\u00e8rent.<\/p>\n\n\n\n<p>Entre la vie et la mort.<\/p>\n\n\n\n<p>Puis, au milieu de la nuit, Antonia ouvrit les yeux.<\/p>\n\n\n\n<p>La premi\u00e8re chose qu\u2019elle vit, ce fut un plafond en bois.<\/p>\n\n\n\n<p>Puis une lumi\u00e8re douce.<\/p>\n\n\n\n<p>Puis lui.<\/p>\n\n\n\n<p>Assis pr\u00e8s du lit.<\/p>\n\n\n\n<p>Silencieux.<\/p>\n\n\n\n<p>\u2014 Vous \u00eates en s\u00e9curit\u00e9, dit-il simplement.<\/p>\n\n\n\n<p>Elle le regarda longtemps.<\/p>\n\n\n\n<p>Comme si elle cherchait \u00e0 comprendre.<\/p>\n\n\n\n<p>\u2014 Pourquoi\u2026 ?<\/p>\n\n\n\n<p>Il inspira profond\u00e9ment.<\/p>\n\n\n\n<p>\u2014 Parce que si je vous avais laiss\u00e9e l\u00e0\u2026 je ne serais plus un homme.<\/p>\n\n\n\n<p>Ses yeux se remplirent de larmes.<\/p>\n\n\n\n<p>Mais cette fois\u2026<\/p>\n\n\n\n<p>ce n\u2019\u00e9taient pas des larmes de douleur.<\/p>\n\n\n\n<p>C\u2019\u00e9taient des larmes de retour \u00e0 la vie.<\/p>\n\n\n\n<p>Mais dehors\u2026<\/p>\n\n\n\n<p>dans l\u2019obscurit\u00e9\u2026<\/p>\n\n\n\n<p>les chevaux approchaient d\u00e9j\u00e0.<\/p>\n\n\n\n<p>Et ce qui allait suivre\u2026<\/p>\n\n\n\n<p>allait changer \u00e0 jamais l\u2019histoire de cette terre.<\/p>\n\n\n\n<p>Parce que ce jour-l\u00e0\u2026<\/p>\n\n\n\n<p>un homme avait os\u00e9 dire non \u00e0 la peur.<\/p>\n\n\n\n<p>Et cela\u2026<\/p>\n\n\n\n<p>personne n\u2019\u00e9tait pr\u00eat \u00e0 en payer le prix.<\/p>\n\n\n\n<p><\/p>\n","protected":false},"excerpt":{"rendered":"Au centre d\u2019un terrain nu, entour\u00e9 de regards fuyants, Antonia \u00e9tait suspendue. Son corps fr\u00eale pendait contre une structure de bois rugueux, ses \n<a class=\"moretag\" href=\"https:\/\/gazeta.am\/?p=1324\"> [...]<\/a>","protected":false},"author":1,"featured_media":1325,"comment_status":"open","ping_status":"open","sticky":false,"template":"","format":"standard","meta":{"footnotes":""},"categories":[1],"tags":[],"class_list":["post-1324","post","type-post","status-publish","format-standard","has-post-thumbnail","hentry","category-1"],"yoast_head":"<!-- This site is optimized with the Yoast SEO plugin v27.4 - https:\/\/yoast.com\/product\/yoast-seo-wordpress\/ -->\n<title>Le soleil \u00e9tait au z\u00e9nith, impitoyable, \u00e9crasant la terre s\u00e8che sous une chaleur presque irr\u00e9elle. Dans les plaines poussi\u00e9reuses de Minas Gerais, tout semblait fig\u00e9, comme si le temps lui-m\u00eame refusait d\u2019avancer face \u00e0 ce qui se d\u00e9roulait. -<\/title>\n<meta name=\"robots\" content=\"index, follow, max-snippet:-1, max-image-preview:large, max-video-preview:-1\" \/>\n<link rel=\"canonical\" href=\"https:\/\/gazeta.am\/?p=1324\" \/>\n<meta property=\"og:locale\" content=\"ru_RU\" \/>\n<meta property=\"og:type\" content=\"article\" \/>\n<meta property=\"og:title\" content=\"Le soleil \u00e9tait au z\u00e9nith, impitoyable, \u00e9crasant la terre s\u00e8che sous une chaleur presque irr\u00e9elle. Dans les plaines poussi\u00e9reuses de Minas Gerais, tout semblait fig\u00e9, comme si le temps lui-m\u00eame refusait d\u2019avancer face \u00e0 ce qui se d\u00e9roulait. -\" \/>\n<meta property=\"og:description\" content=\"Au centre d\u2019un terrain nu, entour\u00e9 de regards fuyants, Antonia \u00e9tait suspendue. Son corps fr\u00eale pendait contre une structure de bois rugueux, ses\" \/>\n<meta property=\"og:url\" content=\"https:\/\/gazeta.am\/?p=1324\" \/>\n<meta property=\"article:published_time\" content=\"2026-03-28T17:13:07+00:00\" \/>\n<meta property=\"article:modified_time\" content=\"2026-03-28T17:14:49+00:00\" \/>\n<meta property=\"og:image\" content=\"https:\/\/gazeta.am\/wp-content\/uploads\/2026\/03\/1q-21.jpg\" \/>\n\t<meta property=\"og:image:width\" content=\"762\" \/>\n\t<meta property=\"og:image:height\" content=\"855\" \/>\n\t<meta property=\"og:image:type\" content=\"image\/jpeg\" \/>\n<meta name=\"author\" content=\"admin\" \/>\n<meta name=\"twitter:card\" content=\"summary_large_image\" \/>\n<meta name=\"twitter:label1\" content=\"\u041d\u0430\u043f\u0438\u0441\u0430\u043d\u043e \u0430\u0432\u0442\u043e\u0440\u043e\u043c\" \/>\n\t<meta name=\"twitter:data1\" content=\"admin\" \/>\n\t<meta name=\"twitter:label2\" content=\"\u041f\u0440\u0438\u043c\u0435\u0440\u043d\u043e\u0435 \u0432\u0440\u0435\u043c\u044f \u0434\u043b\u044f \u0447\u0442\u0435\u043d\u0438\u044f\" \/>\n\t<meta name=\"twitter:data2\" content=\"6 \u043c\u0438\u043d\u0443\u0442\" \/>\n<script type=\"application\/ld+json\" class=\"yoast-schema-graph\">{\"@context\":\"https:\\\/\\\/schema.org\",\"@graph\":[{\"@type\":\"Article\",\"@id\":\"https:\\\/\\\/gazeta.am\\\/?p=1324#article\",\"isPartOf\":{\"@id\":\"https:\\\/\\\/gazeta.am\\\/?p=1324\"},\"author\":{\"name\":\"admin\",\"@id\":\"https:\\\/\\\/gazeta.am\\\/#\\\/schema\\\/person\\\/987709955e760c9a1ebbb44776f8cccc\"},\"headline\":\"Le soleil \u00e9tait au z\u00e9nith, impitoyable, \u00e9crasant la terre s\u00e8che sous une chaleur presque irr\u00e9elle. Dans les plaines poussi\u00e9reuses de Minas Gerais, tout semblait fig\u00e9, comme si le temps lui-m\u00eame refusait d\u2019avancer face \u00e0 ce qui se d\u00e9roulait.\",\"datePublished\":\"2026-03-28T17:13:07+00:00\",\"dateModified\":\"2026-03-28T17:14:49+00:00\",\"mainEntityOfPage\":{\"@id\":\"https:\\\/\\\/gazeta.am\\\/?p=1324\"},\"wordCount\":1094,\"commentCount\":0,\"image\":{\"@id\":\"https:\\\/\\\/gazeta.am\\\/?p=1324#primaryimage\"},\"thumbnailUrl\":\"https:\\\/\\\/gazeta.am\\\/wp-content\\\/uploads\\\/2026\\\/03\\\/1q-21.jpg\",\"articleSection\":[\"NEWS\"],\"inLanguage\":\"ru-RU\",\"potentialAction\":[{\"@type\":\"CommentAction\",\"name\":\"Comment\",\"target\":[\"https:\\\/\\\/gazeta.am\\\/?p=1324#respond\"]}]},{\"@type\":\"WebPage\",\"@id\":\"https:\\\/\\\/gazeta.am\\\/?p=1324\",\"url\":\"https:\\\/\\\/gazeta.am\\\/?p=1324\",\"name\":\"Le soleil \u00e9tait au z\u00e9nith, impitoyable, \u00e9crasant la terre s\u00e8che sous une chaleur presque irr\u00e9elle. Dans les plaines poussi\u00e9reuses de Minas Gerais, tout semblait fig\u00e9, comme si le temps lui-m\u00eame refusait d\u2019avancer face \u00e0 ce qui se d\u00e9roulait. -\",\"isPartOf\":{\"@id\":\"https:\\\/\\\/gazeta.am\\\/#website\"},\"primaryImageOfPage\":{\"@id\":\"https:\\\/\\\/gazeta.am\\\/?p=1324#primaryimage\"},\"image\":{\"@id\":\"https:\\\/\\\/gazeta.am\\\/?p=1324#primaryimage\"},\"thumbnailUrl\":\"https:\\\/\\\/gazeta.am\\\/wp-content\\\/uploads\\\/2026\\\/03\\\/1q-21.jpg\",\"datePublished\":\"2026-03-28T17:13:07+00:00\",\"dateModified\":\"2026-03-28T17:14:49+00:00\",\"author\":{\"@id\":\"https:\\\/\\\/gazeta.am\\\/#\\\/schema\\\/person\\\/987709955e760c9a1ebbb44776f8cccc\"},\"breadcrumb\":{\"@id\":\"https:\\\/\\\/gazeta.am\\\/?p=1324#breadcrumb\"},\"inLanguage\":\"ru-RU\",\"potentialAction\":[{\"@type\":\"ReadAction\",\"target\":[\"https:\\\/\\\/gazeta.am\\\/?p=1324\"]}]},{\"@type\":\"ImageObject\",\"inLanguage\":\"ru-RU\",\"@id\":\"https:\\\/\\\/gazeta.am\\\/?p=1324#primaryimage\",\"url\":\"https:\\\/\\\/gazeta.am\\\/wp-content\\\/uploads\\\/2026\\\/03\\\/1q-21.jpg\",\"contentUrl\":\"https:\\\/\\\/gazeta.am\\\/wp-content\\\/uploads\\\/2026\\\/03\\\/1q-21.jpg\",\"width\":762,\"height\":855},{\"@type\":\"BreadcrumbList\",\"@id\":\"https:\\\/\\\/gazeta.am\\\/?p=1324#breadcrumb\",\"itemListElement\":[{\"@type\":\"ListItem\",\"position\":1,\"name\":\"\u0413\u043b\u0430\u0432\u043d\u0430\u044f \u0441\u0442\u0440\u0430\u043d\u0438\u0446\u0430\",\"item\":\"https:\\\/\\\/gazeta.am\\\/\"},{\"@type\":\"ListItem\",\"position\":2,\"name\":\"Le soleil \u00e9tait au z\u00e9nith, impitoyable, \u00e9crasant la terre s\u00e8che sous une chaleur presque irr\u00e9elle. Dans les plaines poussi\u00e9reuses de Minas Gerais, tout semblait fig\u00e9, comme si le temps lui-m\u00eame refusait d\u2019avancer face \u00e0 ce qui se d\u00e9roulait.\"}]},{\"@type\":\"WebSite\",\"@id\":\"https:\\\/\\\/gazeta.am\\\/#website\",\"url\":\"https:\\\/\\\/gazeta.am\\\/\",\"name\":\"\",\"description\":\"\",\"potentialAction\":[{\"@type\":\"SearchAction\",\"target\":{\"@type\":\"EntryPoint\",\"urlTemplate\":\"https:\\\/\\\/gazeta.am\\\/?s={search_term_string}\"},\"query-input\":{\"@type\":\"PropertyValueSpecification\",\"valueRequired\":true,\"valueName\":\"search_term_string\"}}],\"inLanguage\":\"ru-RU\"},{\"@type\":\"Person\",\"@id\":\"https:\\\/\\\/gazeta.am\\\/#\\\/schema\\\/person\\\/987709955e760c9a1ebbb44776f8cccc\",\"name\":\"admin\",\"image\":{\"@type\":\"ImageObject\",\"inLanguage\":\"ru-RU\",\"@id\":\"https:\\\/\\\/secure.gravatar.com\\\/avatar\\\/a24f4ac3a683f3c87303db525abc00db51ea26ccedee11dfaf1cc0f9a481a5d2?s=96&d=mm&r=g\",\"url\":\"https:\\\/\\\/secure.gravatar.com\\\/avatar\\\/a24f4ac3a683f3c87303db525abc00db51ea26ccedee11dfaf1cc0f9a481a5d2?s=96&d=mm&r=g\",\"contentUrl\":\"https:\\\/\\\/secure.gravatar.com\\\/avatar\\\/a24f4ac3a683f3c87303db525abc00db51ea26ccedee11dfaf1cc0f9a481a5d2?s=96&d=mm&r=g\",\"caption\":\"admin\"},\"sameAs\":[\"http:\\\/\\\/gazeta.am\"],\"url\":\"https:\\\/\\\/gazeta.am\\\/?author=1\"}]}<\/script>\n<!-- \/ Yoast SEO plugin. -->","yoast_head_json":{"title":"Le soleil \u00e9tait au z\u00e9nith, impitoyable, \u00e9crasant la terre s\u00e8che sous une chaleur presque irr\u00e9elle. Dans les plaines poussi\u00e9reuses de Minas Gerais, tout semblait fig\u00e9, comme si le temps lui-m\u00eame refusait d\u2019avancer face \u00e0 ce qui se d\u00e9roulait. -","robots":{"index":"index","follow":"follow","max-snippet":"max-snippet:-1","max-image-preview":"max-image-preview:large","max-video-preview":"max-video-preview:-1"},"canonical":"https:\/\/gazeta.am\/?p=1324","og_locale":"ru_RU","og_type":"article","og_title":"Le soleil \u00e9tait au z\u00e9nith, impitoyable, \u00e9crasant la terre s\u00e8che sous une chaleur presque irr\u00e9elle. Dans les plaines poussi\u00e9reuses de Minas Gerais, tout semblait fig\u00e9, comme si le temps lui-m\u00eame refusait d\u2019avancer face \u00e0 ce qui se d\u00e9roulait. -","og_description":"Au centre d\u2019un terrain nu, entour\u00e9 de regards fuyants, Antonia \u00e9tait suspendue. Son corps fr\u00eale pendait contre une structure de bois rugueux, ses","og_url":"https:\/\/gazeta.am\/?p=1324","article_published_time":"2026-03-28T17:13:07+00:00","article_modified_time":"2026-03-28T17:14:49+00:00","og_image":[{"width":762,"height":855,"url":"https:\/\/gazeta.am\/wp-content\/uploads\/2026\/03\/1q-21.jpg","type":"image\/jpeg"}],"author":"admin","twitter_card":"summary_large_image","twitter_misc":{"\u041d\u0430\u043f\u0438\u0441\u0430\u043d\u043e \u0430\u0432\u0442\u043e\u0440\u043e\u043c":"admin","\u041f\u0440\u0438\u043c\u0435\u0440\u043d\u043e\u0435 \u0432\u0440\u0435\u043c\u044f \u0434\u043b\u044f \u0447\u0442\u0435\u043d\u0438\u044f":"6 \u043c\u0438\u043d\u0443\u0442"},"schema":{"@context":"https:\/\/schema.org","@graph":[{"@type":"Article","@id":"https:\/\/gazeta.am\/?p=1324#article","isPartOf":{"@id":"https:\/\/gazeta.am\/?p=1324"},"author":{"name":"admin","@id":"https:\/\/gazeta.am\/#\/schema\/person\/987709955e760c9a1ebbb44776f8cccc"},"headline":"Le soleil \u00e9tait au z\u00e9nith, impitoyable, \u00e9crasant la terre s\u00e8che sous une chaleur presque irr\u00e9elle. Dans les plaines poussi\u00e9reuses de Minas Gerais, tout semblait fig\u00e9, comme si le temps lui-m\u00eame refusait d\u2019avancer face \u00e0 ce qui se d\u00e9roulait.","datePublished":"2026-03-28T17:13:07+00:00","dateModified":"2026-03-28T17:14:49+00:00","mainEntityOfPage":{"@id":"https:\/\/gazeta.am\/?p=1324"},"wordCount":1094,"commentCount":0,"image":{"@id":"https:\/\/gazeta.am\/?p=1324#primaryimage"},"thumbnailUrl":"https:\/\/gazeta.am\/wp-content\/uploads\/2026\/03\/1q-21.jpg","articleSection":["NEWS"],"inLanguage":"ru-RU","potentialAction":[{"@type":"CommentAction","name":"Comment","target":["https:\/\/gazeta.am\/?p=1324#respond"]}]},{"@type":"WebPage","@id":"https:\/\/gazeta.am\/?p=1324","url":"https:\/\/gazeta.am\/?p=1324","name":"Le soleil \u00e9tait au z\u00e9nith, impitoyable, \u00e9crasant la terre s\u00e8che sous une chaleur presque irr\u00e9elle. Dans les plaines poussi\u00e9reuses de Minas Gerais, tout semblait fig\u00e9, comme si le temps lui-m\u00eame refusait d\u2019avancer face \u00e0 ce qui se d\u00e9roulait. -","isPartOf":{"@id":"https:\/\/gazeta.am\/#website"},"primaryImageOfPage":{"@id":"https:\/\/gazeta.am\/?p=1324#primaryimage"},"image":{"@id":"https:\/\/gazeta.am\/?p=1324#primaryimage"},"thumbnailUrl":"https:\/\/gazeta.am\/wp-content\/uploads\/2026\/03\/1q-21.jpg","datePublished":"2026-03-28T17:13:07+00:00","dateModified":"2026-03-28T17:14:49+00:00","author":{"@id":"https:\/\/gazeta.am\/#\/schema\/person\/987709955e760c9a1ebbb44776f8cccc"},"breadcrumb":{"@id":"https:\/\/gazeta.am\/?p=1324#breadcrumb"},"inLanguage":"ru-RU","potentialAction":[{"@type":"ReadAction","target":["https:\/\/gazeta.am\/?p=1324"]}]},{"@type":"ImageObject","inLanguage":"ru-RU","@id":"https:\/\/gazeta.am\/?p=1324#primaryimage","url":"https:\/\/gazeta.am\/wp-content\/uploads\/2026\/03\/1q-21.jpg","contentUrl":"https:\/\/gazeta.am\/wp-content\/uploads\/2026\/03\/1q-21.jpg","width":762,"height":855},{"@type":"BreadcrumbList","@id":"https:\/\/gazeta.am\/?p=1324#breadcrumb","itemListElement":[{"@type":"ListItem","position":1,"name":"\u0413\u043b\u0430\u0432\u043d\u0430\u044f \u0441\u0442\u0440\u0430\u043d\u0438\u0446\u0430","item":"https:\/\/gazeta.am\/"},{"@type":"ListItem","position":2,"name":"Le soleil \u00e9tait au z\u00e9nith, impitoyable, \u00e9crasant la terre s\u00e8che sous une chaleur presque irr\u00e9elle. Dans les plaines poussi\u00e9reuses de Minas Gerais, tout semblait fig\u00e9, comme si le temps lui-m\u00eame refusait d\u2019avancer face \u00e0 ce qui se d\u00e9roulait."}]},{"@type":"WebSite","@id":"https:\/\/gazeta.am\/#website","url":"https:\/\/gazeta.am\/","name":"","description":"","potentialAction":[{"@type":"SearchAction","target":{"@type":"EntryPoint","urlTemplate":"https:\/\/gazeta.am\/?s={search_term_string}"},"query-input":{"@type":"PropertyValueSpecification","valueRequired":true,"valueName":"search_term_string"}}],"inLanguage":"ru-RU"},{"@type":"Person","@id":"https:\/\/gazeta.am\/#\/schema\/person\/987709955e760c9a1ebbb44776f8cccc","name":"admin","image":{"@type":"ImageObject","inLanguage":"ru-RU","@id":"https:\/\/secure.gravatar.com\/avatar\/a24f4ac3a683f3c87303db525abc00db51ea26ccedee11dfaf1cc0f9a481a5d2?s=96&d=mm&r=g","url":"https:\/\/secure.gravatar.com\/avatar\/a24f4ac3a683f3c87303db525abc00db51ea26ccedee11dfaf1cc0f9a481a5d2?s=96&d=mm&r=g","contentUrl":"https:\/\/secure.gravatar.com\/avatar\/a24f4ac3a683f3c87303db525abc00db51ea26ccedee11dfaf1cc0f9a481a5d2?s=96&d=mm&r=g","caption":"admin"},"sameAs":["http:\/\/gazeta.am"],"url":"https:\/\/gazeta.am\/?author=1"}]}},"_links":{"self":[{"href":"https:\/\/gazeta.am\/index.php?rest_route=\/wp\/v2\/posts\/1324","targetHints":{"allow":["GET"]}}],"collection":[{"href":"https:\/\/gazeta.am\/index.php?rest_route=\/wp\/v2\/posts"}],"about":[{"href":"https:\/\/gazeta.am\/index.php?rest_route=\/wp\/v2\/types\/post"}],"author":[{"embeddable":true,"href":"https:\/\/gazeta.am\/index.php?rest_route=\/wp\/v2\/users\/1"}],"replies":[{"embeddable":true,"href":"https:\/\/gazeta.am\/index.php?rest_route=%2Fwp%2Fv2%2Fcomments&post=1324"}],"version-history":[{"count":2,"href":"https:\/\/gazeta.am\/index.php?rest_route=\/wp\/v2\/posts\/1324\/revisions"}],"predecessor-version":[{"id":1327,"href":"https:\/\/gazeta.am\/index.php?rest_route=\/wp\/v2\/posts\/1324\/revisions\/1327"}],"wp:featuredmedia":[{"embeddable":true,"href":"https:\/\/gazeta.am\/index.php?rest_route=\/wp\/v2\/media\/1325"}],"wp:attachment":[{"href":"https:\/\/gazeta.am\/index.php?rest_route=%2Fwp%2Fv2%2Fmedia&parent=1324"}],"wp:term":[{"taxonomy":"category","embeddable":true,"href":"https:\/\/gazeta.am\/index.php?rest_route=%2Fwp%2Fv2%2Fcategories&post=1324"},{"taxonomy":"post_tag","embeddable":true,"href":"https:\/\/gazeta.am\/index.php?rest_route=%2Fwp%2Fv2%2Ftags&post=1324"}],"curies":[{"name":"wp","href":"https:\/\/api.w.org\/{rel}","templated":true}]}}