{"id":1318,"date":"2026-03-28T19:49:49","date_gmt":"2026-03-28T16:49:49","guid":{"rendered":"https:\/\/gazeta.am\/?p=1318"},"modified":"2026-03-28T19:49:51","modified_gmt":"2026-03-28T16:49:51","slug":"elle-na-pas-pleure","status":"publish","type":"post","link":"https:\/\/gazeta.am\/?p=1318","title":{"rendered":"Elle n\u2019a pas pleur\u00e9."},"content":{"rendered":"\n<p>Le jour o\u00f9 on l\u2019a vendue\u2026<\/p>\n\n\n\n<p>Yara Vald\u00e9s n\u2019a pas vers\u00e9 une seule larme.<\/p>\n\n\n\n<p>Pas parce qu\u2019elle \u00e9tait forte.<\/p>\n\n\n\n<p>Mais parce qu\u2019elle avait appris\u2026<\/p>\n\n\n\n<p>depuis longtemps\u2026<\/p>\n\n\n\n<p>que pleurer ne change rien quand personne ne vous regarde.<\/p>\n\n\n\n<p>Dans la maison de son p\u00e8re\u2026<\/p>\n\n\n\n<p>elle vivait d\u00e9j\u00e0 comme une ombre.<\/p>\n\n\n\n<p>Elle marchait sans bruit.<\/p>\n\n\n\n<p>Respirait \u00e0 peine.<\/p>\n\n\n\n<p>Baissait les yeux.<\/p>\n\n\n\n<p>\u00c9vitait de d\u00e9ranger.<\/p>\n\n\n\n<p>Pas parce qu\u2019on lui avait appris la douceur.<\/p>\n\n\n\n<p>Mais parce qu\u2019on lui avait appris la peur.<\/p>\n\n\n\n<p>Depuis la mort de Don Esteban Vald\u00e9s\u2026<\/p>\n\n\n\n<p>tout avait chang\u00e9.<\/p>\n\n\n\n<p>La maison n\u2019\u00e9tait plus un refuge.<\/p>\n\n\n\n<p>C\u2019\u00e9tait un territoire hostile.<\/p>\n\n\n\n<p>Et au centre de tout cela\u2026<\/p>\n\n\n\n<p>il y avait Amalia.<\/p>\n\n\n\n<p>Sa belle-m\u00e8re.<\/p>\n\n\n\n<p>Une femme qui ne criait pas.<\/p>\n\n\n\n<p>Qui ne frappait pas.<\/p>\n\n\n\n<p>Qui ne perdait jamais le contr\u00f4le.<\/p>\n\n\n\n<p>Non.<\/p>\n\n\n\n<p>Elle faisait pire.<\/p>\n\n\n\n<p>Elle calculait.<\/p>\n\n\n\n<p>Amalia ne ha\u00efssait pas Yara par caprice.<\/p>\n\n\n\n<p>Elle la ha\u00efssait avec pr\u00e9cision.<\/p>\n\n\n\n<p>Parce que Yara\u2026<\/p>\n\n\n\n<p>\u00e9tait une preuve vivante.<\/p>\n\n\n\n<p>La preuve que cette maison\u2026<\/p>\n\n\n\n<p>ces terres\u2026<\/p>\n\n\n\n<p>ce nom\u2026<\/p>\n\n\n\n<p>n\u2019\u00e9taient pas enti\u00e8rement \u00e0 elle.<\/p>\n\n\n\n<p>Et Yara n\u2019\u00e9tait pas stupide.<\/p>\n\n\n\n<p>Son p\u00e8re l\u2019avait form\u00e9e.<\/p>\n\n\n\n<p>Pr\u00e9par\u00e9e.<\/p>\n\n\n\n<p>\u00c0 lire.<\/p>\n\n\n\n<p>\u00c0 compter.<\/p>\n\n\n\n<p>\u00c0 reconna\u00eetre les mensonges dans les chiffres.<\/p>\n\n\n\n<p>\u00c0 peser une marchandise d\u2019un simple regard.<\/p>\n\n\n\n<p>\u00c0 survivre.<\/p>\n\n\n\n<p>Et c\u2019\u00e9tait pr\u00e9cis\u00e9ment cela\u2026<\/p>\n\n\n\n<p>le probl\u00e8me.<\/p>\n\n\n\n<p>Une fille intelligente pouvait revendiquer ses droits.<\/p>\n\n\n\n<p>Une fille lucide pouvait voir la v\u00e9rit\u00e9.<\/p>\n\n\n\n<p>Une fille vivante\u2026<\/p>\n\n\n\n<p>pouvait tout d\u00e9truire.<\/p>\n\n\n\n<p>Alors Amalia a pris une d\u00e9cision.<\/p>\n\n\n\n<p>Pas de scandale.<\/p>\n\n\n\n<p>Pas de cris.<\/p>\n\n\n\n<p>Pas de tribunal.<\/p>\n\n\n\n<p>Quelque chose de plus propre.<\/p>\n\n\n\n<p>Plus silencieux.<\/p>\n\n\n\n<p>Plus d\u00e9finitif.<\/p>\n\n\n\n<p>Elle allait effacer Yara.<\/p>\n\n\n\n<p>Elle a murmur\u00e9 les bons mots.<\/p>\n\n\n\n<p>Aux bonnes personnes.<\/p>\n\n\n\n<p>Elle a pay\u00e9.<\/p>\n\n\n\n<p>Et surtout\u2026<\/p>\n\n\n\n<p>elle a choisi un nom.<\/p>\n\n\n\n<p>Un seul nom\u2026<\/p>\n\n\n\n<p>qui suffisait \u00e0 glacer le sang.<\/p>\n\n\n\n<p>Kose.<\/p>\n\n\n\n<p>L\u2019Apache.<\/p>\n\n\n\n<p>L\u2019homme dont on parlait \u00e0 voix basse.<\/p>\n\n\n\n<p>Celui qui apparaissait dans les r\u00e9cits de caravanes disparues.<\/p>\n\n\n\n<p>D\u2019embuscades.<\/p>\n\n\n\n<p>De corps jamais retrouv\u00e9s.<\/p>\n\n\n\n<p>Un homme\u2026<\/p>\n\n\n\n<p>dont personne ne revenait.<\/p>\n\n\n\n<p>\u00c0 Yara, on a dit que c\u2019\u00e9tait une le\u00e7on.<\/p>\n\n\n\n<p>Une punition.<\/p>\n\n\n\n<p>Mais elle a compris.<\/p>\n\n\n\n<p>D\u00e8s la premi\u00e8re seconde.<\/p>\n\n\n\n<p>Ce n\u2019\u00e9tait pas une correction.<\/p>\n\n\n\n<p>C\u2019\u00e9tait une condamnation.<\/p>\n\n\n\n<p>Le jour de son d\u00e9part\u2026<\/p>\n\n\n\n<p>elle n\u2019a rien demand\u00e9.<\/p>\n\n\n\n<p>Elle a pris un petit baluchon.<\/p>\n\n\n\n<p>Une robe.<\/p>\n\n\n\n<p>Un ch\u00e2le ayant appartenu \u00e0 sa m\u00e8re.<\/p>\n\n\n\n<p>Un vieux peigne.<\/p>\n\n\n\n<p>C\u2019est tout.<\/p>\n\n\n\n<p>Les hommes qui l\u2019accompagnaient\u2026<\/p>\n\n\n\n<p>avaient connu son p\u00e8re.<\/p>\n\n\n\n<p>Mais aucun\u2026<\/p>\n\n\n\n<p>n\u2019a os\u00e9 croiser son regard.<\/p>\n\n\n\n<p>Parce qu\u2019ils savaient.<\/p>\n\n\n\n<p>Le soleil br\u00fblait la terre.<\/p>\n\n\n\n<p>Chaque pas les \u00e9loignait du monde.<\/p>\n\n\n\n<p>Chaque pas\u2026<\/p>\n\n\n\n<p>la rapprochait de quelque chose d\u2019irr\u00e9versible.<\/p>\n\n\n\n<p>Ils l\u2019ont laiss\u00e9e l\u00e0.<\/p>\n\n\n\n<p>Entre des rochers immenses.<\/p>\n\n\n\n<p>Comme si on d\u00e9posait une offrande\u2026<\/p>\n\n\n\n<p>\u00e0 une cr\u00e9ature invisible.<\/p>\n\n\n\n<p>Un peu d\u2019eau.<\/p>\n\n\n\n<p>Une seule instruction :<\/p>\n\n\n\n<p>\u2014 Attends.<\/p>\n\n\n\n<p>Et ils sont partis.<\/p>\n\n\n\n<p>Sans se retourner.<\/p>\n\n\n\n<p>Yara s\u2019est assise.<\/p>\n\n\n\n<p>Le dos droit.<\/p>\n\n\n\n<p>La peur enferm\u00e9e derri\u00e8re les dents.<\/p>\n\n\n\n<p>Elle a attendu.<\/p>\n\n\n\n<p>Toute l\u2019apr\u00e8s-midi.<\/p>\n\n\n\n<p>Le soleil a lentement incendi\u00e9 le ciel.<\/p>\n\n\n\n<p>Puis\u2026<\/p>\n\n\n\n<p>le silence a chang\u00e9.<\/p>\n\n\n\n<p>Un bruit.<\/p>\n\n\n\n<p>Des sabots.<\/p>\n\n\n\n<p>Lents.<\/p>\n\n\n\n<p>Lourds.<\/p>\n\n\n\n<p>Elle n\u2019a pas boug\u00e9.<\/p>\n\n\n\n<p>Quand ils sont apparus\u2026<\/p>\n\n\n\n<p>ils ressemblaient \u00e0 des ombres.<\/p>\n\n\n\n<p>Trois cavaliers.<\/p>\n\n\n\n<p>Silencieux.<\/p>\n\n\n\n<p>Observateurs.<\/p>\n\n\n\n<p>L\u2019un d\u2019eux est descendu.<\/p>\n\n\n\n<p>Grand.<\/p>\n\n\n\n<p>Solide.<\/p>\n\n\n\n<p>Son regard\u2026<\/p>\n\n\n\n<p>n\u2019\u00e9tait pas celui d\u2019un homme.<\/p>\n\n\n\n<p>C\u2019\u00e9tait celui de quelqu\u2019un\u2026<\/p>\n\n\n\n<p>qui juge la valeur d\u2019une chose.<\/p>\n\n\n\n<p>\u2014 Tu es la Vald\u00e9s.<\/p>\n\n\n\n<p>Ce n\u2019\u00e9tait pas une question.<\/p>\n\n\n\n<p>Yara a hoch\u00e9 la t\u00eate.<\/p>\n\n\n\n<p>Pas de tremblement.<\/p>\n\n\n\n<p>Pas de supplication.<\/p>\n\n\n\n<p>Ils l\u2019ont fouill\u00e9e.<\/p>\n\n\n\n<p>Cherch\u00e9 des armes.<\/p>\n\n\n\n<p>Des messages.<\/p>\n\n\n\n<p>Des mensonges.<\/p>\n\n\n\n<p>Puis ils l\u2019ont hiss\u00e9e sur un cheval.<\/p>\n\n\n\n<p>\u2014 Si tu fuis\u2026<\/p>\n\n\n\n<p>tu mourras avant de retrouver le chemin.<\/p>\n\n\n\n<p>Elle n\u2019a rien r\u00e9pondu.<\/p>\n\n\n\n<p>Parce qu\u2019elle savait d\u00e9j\u00e0\u2026<\/p>\n\n\n\n<p>qu\u2019elle n\u2019avait nulle part o\u00f9 fuir.<\/p>\n\n\n\n<p>La nuit est tomb\u00e9e quand ils sont arriv\u00e9s.<\/p>\n\n\n\n<p>Un camp cach\u00e9.<\/p>\n\n\n\n<p>Invisible.<\/p>\n\n\n\n<p>Des feux bas.<\/p>\n\n\n\n<p>Des tentes.<\/p>\n\n\n\n<p>Des enfants.<\/p>\n\n\n\n<p>Des femmes.<\/p>\n\n\n\n<p>Et des regards.<\/p>\n\n\n\n<p>Beaucoup de regards.<\/p>\n\n\n\n<p>Curieux.<\/p>\n\n\n\n<p>M\u00e9fiants.<\/p>\n\n\n\n<p>Mais pas cruels.<\/p>\n\n\n\n<p>Pas encore.<\/p>\n\n\n\n<p>Puis\u2026<\/p>\n\n\n\n<p>le silence s\u2019est install\u00e9.<\/p>\n\n\n\n<p>Comme une onde invisible.<\/p>\n\n\n\n<p>Et il est apparu.<\/p>\n\n\n\n<p>Kose.<\/p>\n\n\n\n<p>Il ne ressemblait pas aux rumeurs.<\/p>\n\n\n\n<p>Il \u00e9tait pire.<\/p>\n\n\n\n<p>Parce qu\u2019il \u00e9tait r\u00e9el.<\/p>\n\n\n\n<p>Pas un monstre.<\/p>\n\n\n\n<p>Pas un fant\u00f4me.<\/p>\n\n\n\n<p>Un homme.<\/p>\n\n\n\n<p>Et c\u2019est ce qui le rendait dangereux.<\/p>\n\n\n\n<p>Ses yeux \u00e9taient calmes.<\/p>\n\n\n\n<p>Trop calmes.<\/p>\n\n\n\n<p>Comme un d\u00e9sert sans vent.<\/p>\n\n\n\n<p>Il s\u2019est approch\u00e9.<\/p>\n\n\n\n<p>Lentement.<\/p>\n\n\n\n<p>A tourn\u00e9 autour d\u2019elle.<\/p>\n\n\n\n<p>Sans un mot.<\/p>\n\n\n\n<p>Comme s\u2019il lisait quelque chose\u2026<\/p>\n\n\n\n<p>que personne d\u2019autre ne voyait.<\/p>\n\n\n\n<p>Puis il s\u2019est arr\u00eat\u00e9 devant elle.<\/p>\n\n\n\n<p>\u2014 Ils t\u2019ont vendue.<\/p>\n\n\n\n<p>Pas une question.<\/p>\n\n\n\n<p>Yara a soutenu son regard.<\/p>\n\n\n\n<p>\u2014 Oui.<\/p>\n\n\n\n<p>Un silence.<\/p>\n\n\n\n<p>Long.<\/p>\n\n\n\n<p>Lourd.<\/p>\n\n\n\n<p>Et puis\u2026<\/p>\n\n\n\n<p>quelque chose d\u2019inattendu s\u2019est produit.<\/p>\n\n\n\n<p>Il a esquiss\u00e9\u2026<\/p>\n\n\n\n<p>un sourire.<\/p>\n\n\n\n<p>Pas de moquerie.<\/p>\n\n\n\n<p>Pas de cruaut\u00e9.<\/p>\n\n\n\n<p>Un sourire presque imperceptible.<\/p>\n\n\n\n<p>\u2014 Bien.<\/p>\n\n\n\n<p>Un seul mot.<\/p>\n\n\n\n<p>Mais ce mot\u2026<\/p>\n\n\n\n<p>a tout chang\u00e9.<\/p>\n\n\n\n<p>Les jours suivants\u2026<\/p>\n\n\n\n<p>n\u2019ont pas \u00e9t\u00e9 une prison.<\/p>\n\n\n\n<p>Ils ont \u00e9t\u00e9\u2026<\/p>\n\n\n\n<p>une transformation.<\/p>\n\n\n\n<p>On ne lui a pas donn\u00e9 de cha\u00eenes.<\/p>\n\n\n\n<p>On lui a donn\u00e9 du travail.<\/p>\n\n\n\n<p>Dur.<\/p>\n\n\n\n<p>Constant.<\/p>\n\n\n\n<p>Elle a appris \u00e0 monter \u00e0 cheval.<\/p>\n\n\n\n<p>\u00c0 tirer.<\/p>\n\n\n\n<p>\u00c0 lire les traces dans la poussi\u00e8re.<\/p>\n\n\n\n<p>\u00c0 sentir le danger\u2026<\/p>\n\n\n\n<p>avant qu\u2019il n\u2019apparaisse.<\/p>\n\n\n\n<p>Elle est tomb\u00e9e.<\/p>\n\n\n\n<p>Souvent.<\/p>\n\n\n\n<p>Elle s\u2019est bless\u00e9e.<\/p>\n\n\n\n<p>Saign\u00e9.<\/p>\n\n\n\n<p>Mais personne ne l\u2019a aid\u00e9e.<\/p>\n\n\n\n<p>Et personne ne l\u2019a arr\u00eat\u00e9e.<\/p>\n\n\n\n<p>Parce que l\u00e0-bas\u2026<\/p>\n\n\n\n<p>on ne prot\u00e9geait pas les faibles.<\/p>\n\n\n\n<p>On les transformait.<\/p>\n\n\n\n<p>Ou on les perdait.<\/p>\n\n\n\n<p>Les autres l\u2019observaient.<\/p>\n\n\n\n<p>Attendaient qu\u2019elle casse.<\/p>\n\n\n\n<p>Qu\u2019elle supplie.<\/p>\n\n\n\n<p>Qu\u2019elle abandonne.<\/p>\n\n\n\n<p>Mais Yara\u2026<\/p>\n\n\n\n<p>ne cassait pas.<\/p>\n\n\n\n<p>Un soir\u2026<\/p>\n\n\n\n<p>apr\u00e8s des semaines de silence\u2026<\/p>\n\n\n\n<p>Kose s\u2019est assis en face d\u2019elle.<\/p>\n\n\n\n<p>\u2014 Pourquoi tu tiens ?<\/p>\n\n\n\n<p>Elle a lev\u00e9 les yeux.<\/p>\n\n\n\n<p>Et pour la premi\u00e8re fois\u2026<\/p>\n\n\n\n<p>elle a r\u00e9pondu sans r\u00e9fl\u00e9chir.<\/p>\n\n\n\n<p>\u2014 Parce que je n\u2019ai plus rien \u00e0 perdre.<\/p>\n\n\n\n<p>Un silence.<\/p>\n\n\n\n<p>Puis il a hoch\u00e9 la t\u00eate.<\/p>\n\n\n\n<p>Comme s\u2019il attendait cette r\u00e9ponse.<\/p>\n\n\n\n<p>Depuis le d\u00e9but.<\/p>\n\n\n\n<p>Les mois ont pass\u00e9.<\/p>\n\n\n\n<p>Et Yara\u2026<\/p>\n\n\n\n<p>a disparu.<\/p>\n\n\n\n<p>Pas physiquement.<\/p>\n\n\n\n<p>Mais celle qu\u2019elle \u00e9tait\u2026<\/p>\n\n\n\n<p>n\u2019existait plus.<\/p>\n\n\n\n<p>\u00c0 sa place\u2026<\/p>\n\n\n\n<p>il y avait quelqu\u2019un d\u2019autre.<\/p>\n\n\n\n<p>Quelqu\u2019un de droit.<\/p>\n\n\n\n<p>De dangereux.<\/p>\n\n\n\n<p>Quelqu\u2019un\u2026<\/p>\n\n\n\n<p>que m\u00eame les hommes du camp regardaient diff\u00e9remment.<\/p>\n\n\n\n<p>Puis un jour\u2026<\/p>\n\n\n\n<p>le pass\u00e9 est revenu.<\/p>\n\n\n\n<p>Un cavalier.<\/p>\n\n\n\n<p>Essouffl\u00e9.<\/p>\n\n\n\n<p>Avec une nouvelle.<\/p>\n\n\n\n<p>\u2014 Amalia a pris toutes les terres.<\/p>\n\n\n\n<p>Silence.<\/p>\n\n\n\n<p>\u2014 Et elle dit que la fille est morte.<\/p>\n\n\n\n<p>Yara n\u2019a pas r\u00e9agi.<\/p>\n\n\n\n<p>Pas imm\u00e9diatement.<\/p>\n\n\n\n<p>Mais quelque chose s\u2019est allum\u00e9.<\/p>\n\n\n\n<p>Dans ses yeux.<\/p>\n\n\n\n<p>Kose l\u2019a regard\u00e9e.<\/p>\n\n\n\n<p>Longtemps.<\/p>\n\n\n\n<p>Puis il a dit :<\/p>\n\n\n\n<p>\u2014 Alors montre-leur\u2026<\/p>\n\n\n\n<p>qu\u2019ils ont tort.<\/p>\n\n\n\n<p>Et ce jour-l\u00e0\u2026<\/p>\n\n\n\n<p>Yara Vald\u00e9s\u2026<\/p>\n\n\n\n<p>n\u2019\u00e9tait plus une victime.<\/p>\n\n\n\n<p>Elle \u00e9tait une temp\u00eate.<\/p>\n\n\n\n<p>Et ceux qui avaient essay\u00e9 de l\u2019effacer\u2026<\/p>\n\n\n\n<p>allaient bient\u00f4t comprendre\u2026<\/p>\n\n\n\n<p>qu\u2019on ne d\u00e9truit pas quelqu\u2019un\u2026<\/p>\n\n\n\n<p>sans cr\u00e9er quelque chose de plus fort.<\/p>\n\n\n\n<p>Beaucoup plus dangereux.<\/p>\n\n\n\n<p>Parce que certaines femmes\u2026<\/p>\n\n\n\n<p>ne survivent pas.<\/p>\n\n\n\n<p>Elles renaissent.<\/p>\n\n\n\n<p>Et quand elles reviennent\u2026<\/p>\n\n\n\n<p>le monde\u2026<\/p>\n\n\n\n<p>ne les reconna\u00eet plus.<\/p>\n\n\n\n<figure class=\"wp-block-image size-large\"><img loading=\"lazy\" decoding=\"async\" width=\"599\" height=\"1024\" src=\"https:\/\/gazeta.am\/wp-content\/uploads\/2026\/03\/1q-19-599x1024.jpg\" alt=\"\" class=\"wp-image-1319\" srcset=\"https:\/\/gazeta.am\/wp-content\/uploads\/2026\/03\/1q-19-599x1024.jpg 599w, https:\/\/gazeta.am\/wp-content\/uploads\/2026\/03\/1q-19-176x300.jpg 176w, https:\/\/gazeta.am\/wp-content\/uploads\/2026\/03\/1q-19.jpg 710w\" sizes=\"auto, (max-width: 599px) 100vw, 599px\" \/><\/figure>\n","protected":false},"excerpt":{"rendered":"Le jour o\u00f9 on l\u2019a vendue\u2026 Yara Vald\u00e9s n\u2019a pas vers\u00e9 une seule larme. Pas parce qu\u2019elle \u00e9tait forte. Mais parce qu\u2019elle avait \n<a class=\"moretag\" href=\"https:\/\/gazeta.am\/?p=1318\"> [...]<\/a>","protected":false},"author":1,"featured_media":1319,"comment_status":"open","ping_status":"open","sticky":false,"template":"","format":"standard","meta":{"footnotes":""},"categories":[1],"tags":[],"class_list":["post-1318","post","type-post","status-publish","format-standard","has-post-thumbnail","hentry","category-1"],"yoast_head":"<!-- This site is optimized with the Yoast SEO plugin v27.4 - https:\/\/yoast.com\/product\/yoast-seo-wordpress\/ -->\n<title>Elle n\u2019a pas pleur\u00e9. -<\/title>\n<meta name=\"robots\" content=\"index, follow, max-snippet:-1, max-image-preview:large, max-video-preview:-1\" \/>\n<link rel=\"canonical\" href=\"https:\/\/gazeta.am\/?p=1318\" \/>\n<meta property=\"og:locale\" content=\"ru_RU\" \/>\n<meta property=\"og:type\" content=\"article\" \/>\n<meta property=\"og:title\" content=\"Elle n\u2019a pas pleur\u00e9. -\" \/>\n<meta property=\"og:description\" content=\"Le jour o\u00f9 on l\u2019a vendue\u2026 Yara Vald\u00e9s n\u2019a pas vers\u00e9 une seule larme. Pas parce qu\u2019elle \u00e9tait forte. Mais parce qu\u2019elle avait\" \/>\n<meta property=\"og:url\" content=\"https:\/\/gazeta.am\/?p=1318\" \/>\n<meta property=\"article:published_time\" content=\"2026-03-28T16:49:49+00:00\" \/>\n<meta property=\"article:modified_time\" content=\"2026-03-28T16:49:51+00:00\" \/>\n<meta property=\"og:image\" content=\"https:\/\/gazeta.am\/wp-content\/uploads\/2026\/03\/1q-19.jpg\" \/>\n\t<meta property=\"og:image:width\" content=\"710\" \/>\n\t<meta property=\"og:image:height\" content=\"1213\" \/>\n\t<meta property=\"og:image:type\" content=\"image\/jpeg\" \/>\n<meta name=\"author\" content=\"admin\" \/>\n<meta name=\"twitter:card\" content=\"summary_large_image\" \/>\n<meta name=\"twitter:label1\" content=\"\u041d\u0430\u043f\u0438\u0441\u0430\u043d\u043e \u0430\u0432\u0442\u043e\u0440\u043e\u043c\" \/>\n\t<meta name=\"twitter:data1\" content=\"admin\" \/>\n\t<meta name=\"twitter:label2\" content=\"\u041f\u0440\u0438\u043c\u0435\u0440\u043d\u043e\u0435 \u0432\u0440\u0435\u043c\u044f \u0434\u043b\u044f \u0447\u0442\u0435\u043d\u0438\u044f\" \/>\n\t<meta name=\"twitter:data2\" content=\"7 \u043c\u0438\u043d\u0443\u0442\" \/>\n<script type=\"application\/ld+json\" class=\"yoast-schema-graph\">{\"@context\":\"https:\\\/\\\/schema.org\",\"@graph\":[{\"@type\":\"Article\",\"@id\":\"https:\\\/\\\/gazeta.am\\\/?p=1318#article\",\"isPartOf\":{\"@id\":\"https:\\\/\\\/gazeta.am\\\/?p=1318\"},\"author\":{\"name\":\"admin\",\"@id\":\"https:\\\/\\\/gazeta.am\\\/#\\\/schema\\\/person\\\/987709955e760c9a1ebbb44776f8cccc\"},\"headline\":\"Elle n\u2019a pas pleur\u00e9.\",\"datePublished\":\"2026-03-28T16:49:49+00:00\",\"dateModified\":\"2026-03-28T16:49:51+00:00\",\"mainEntityOfPage\":{\"@id\":\"https:\\\/\\\/gazeta.am\\\/?p=1318\"},\"wordCount\":1183,\"commentCount\":0,\"image\":{\"@id\":\"https:\\\/\\\/gazeta.am\\\/?p=1318#primaryimage\"},\"thumbnailUrl\":\"https:\\\/\\\/gazeta.am\\\/wp-content\\\/uploads\\\/2026\\\/03\\\/1q-19.jpg\",\"articleSection\":[\"NEWS\"],\"inLanguage\":\"ru-RU\",\"potentialAction\":[{\"@type\":\"CommentAction\",\"name\":\"Comment\",\"target\":[\"https:\\\/\\\/gazeta.am\\\/?p=1318#respond\"]}]},{\"@type\":\"WebPage\",\"@id\":\"https:\\\/\\\/gazeta.am\\\/?p=1318\",\"url\":\"https:\\\/\\\/gazeta.am\\\/?p=1318\",\"name\":\"Elle n\u2019a pas pleur\u00e9. -\",\"isPartOf\":{\"@id\":\"https:\\\/\\\/gazeta.am\\\/#website\"},\"primaryImageOfPage\":{\"@id\":\"https:\\\/\\\/gazeta.am\\\/?p=1318#primaryimage\"},\"image\":{\"@id\":\"https:\\\/\\\/gazeta.am\\\/?p=1318#primaryimage\"},\"thumbnailUrl\":\"https:\\\/\\\/gazeta.am\\\/wp-content\\\/uploads\\\/2026\\\/03\\\/1q-19.jpg\",\"datePublished\":\"2026-03-28T16:49:49+00:00\",\"dateModified\":\"2026-03-28T16:49:51+00:00\",\"author\":{\"@id\":\"https:\\\/\\\/gazeta.am\\\/#\\\/schema\\\/person\\\/987709955e760c9a1ebbb44776f8cccc\"},\"breadcrumb\":{\"@id\":\"https:\\\/\\\/gazeta.am\\\/?p=1318#breadcrumb\"},\"inLanguage\":\"ru-RU\",\"potentialAction\":[{\"@type\":\"ReadAction\",\"target\":[\"https:\\\/\\\/gazeta.am\\\/?p=1318\"]}]},{\"@type\":\"ImageObject\",\"inLanguage\":\"ru-RU\",\"@id\":\"https:\\\/\\\/gazeta.am\\\/?p=1318#primaryimage\",\"url\":\"https:\\\/\\\/gazeta.am\\\/wp-content\\\/uploads\\\/2026\\\/03\\\/1q-19.jpg\",\"contentUrl\":\"https:\\\/\\\/gazeta.am\\\/wp-content\\\/uploads\\\/2026\\\/03\\\/1q-19.jpg\",\"width\":710,\"height\":1213},{\"@type\":\"BreadcrumbList\",\"@id\":\"https:\\\/\\\/gazeta.am\\\/?p=1318#breadcrumb\",\"itemListElement\":[{\"@type\":\"ListItem\",\"position\":1,\"name\":\"\u0413\u043b\u0430\u0432\u043d\u0430\u044f \u0441\u0442\u0440\u0430\u043d\u0438\u0446\u0430\",\"item\":\"https:\\\/\\\/gazeta.am\\\/\"},{\"@type\":\"ListItem\",\"position\":2,\"name\":\"Elle n\u2019a pas pleur\u00e9.\"}]},{\"@type\":\"WebSite\",\"@id\":\"https:\\\/\\\/gazeta.am\\\/#website\",\"url\":\"https:\\\/\\\/gazeta.am\\\/\",\"name\":\"\",\"description\":\"\",\"potentialAction\":[{\"@type\":\"SearchAction\",\"target\":{\"@type\":\"EntryPoint\",\"urlTemplate\":\"https:\\\/\\\/gazeta.am\\\/?s={search_term_string}\"},\"query-input\":{\"@type\":\"PropertyValueSpecification\",\"valueRequired\":true,\"valueName\":\"search_term_string\"}}],\"inLanguage\":\"ru-RU\"},{\"@type\":\"Person\",\"@id\":\"https:\\\/\\\/gazeta.am\\\/#\\\/schema\\\/person\\\/987709955e760c9a1ebbb44776f8cccc\",\"name\":\"admin\",\"image\":{\"@type\":\"ImageObject\",\"inLanguage\":\"ru-RU\",\"@id\":\"https:\\\/\\\/secure.gravatar.com\\\/avatar\\\/a24f4ac3a683f3c87303db525abc00db51ea26ccedee11dfaf1cc0f9a481a5d2?s=96&d=mm&r=g\",\"url\":\"https:\\\/\\\/secure.gravatar.com\\\/avatar\\\/a24f4ac3a683f3c87303db525abc00db51ea26ccedee11dfaf1cc0f9a481a5d2?s=96&d=mm&r=g\",\"contentUrl\":\"https:\\\/\\\/secure.gravatar.com\\\/avatar\\\/a24f4ac3a683f3c87303db525abc00db51ea26ccedee11dfaf1cc0f9a481a5d2?s=96&d=mm&r=g\",\"caption\":\"admin\"},\"sameAs\":[\"http:\\\/\\\/gazeta.am\"],\"url\":\"https:\\\/\\\/gazeta.am\\\/?author=1\"}]}<\/script>\n<!-- \/ Yoast SEO plugin. -->","yoast_head_json":{"title":"Elle n\u2019a pas pleur\u00e9. -","robots":{"index":"index","follow":"follow","max-snippet":"max-snippet:-1","max-image-preview":"max-image-preview:large","max-video-preview":"max-video-preview:-1"},"canonical":"https:\/\/gazeta.am\/?p=1318","og_locale":"ru_RU","og_type":"article","og_title":"Elle n\u2019a pas pleur\u00e9. -","og_description":"Le jour o\u00f9 on l\u2019a vendue\u2026 Yara Vald\u00e9s n\u2019a pas vers\u00e9 une seule larme. Pas parce qu\u2019elle \u00e9tait forte. Mais parce qu\u2019elle avait","og_url":"https:\/\/gazeta.am\/?p=1318","article_published_time":"2026-03-28T16:49:49+00:00","article_modified_time":"2026-03-28T16:49:51+00:00","og_image":[{"width":710,"height":1213,"url":"https:\/\/gazeta.am\/wp-content\/uploads\/2026\/03\/1q-19.jpg","type":"image\/jpeg"}],"author":"admin","twitter_card":"summary_large_image","twitter_misc":{"\u041d\u0430\u043f\u0438\u0441\u0430\u043d\u043e \u0430\u0432\u0442\u043e\u0440\u043e\u043c":"admin","\u041f\u0440\u0438\u043c\u0435\u0440\u043d\u043e\u0435 \u0432\u0440\u0435\u043c\u044f \u0434\u043b\u044f \u0447\u0442\u0435\u043d\u0438\u044f":"7 \u043c\u0438\u043d\u0443\u0442"},"schema":{"@context":"https:\/\/schema.org","@graph":[{"@type":"Article","@id":"https:\/\/gazeta.am\/?p=1318#article","isPartOf":{"@id":"https:\/\/gazeta.am\/?p=1318"},"author":{"name":"admin","@id":"https:\/\/gazeta.am\/#\/schema\/person\/987709955e760c9a1ebbb44776f8cccc"},"headline":"Elle n\u2019a pas pleur\u00e9.","datePublished":"2026-03-28T16:49:49+00:00","dateModified":"2026-03-28T16:49:51+00:00","mainEntityOfPage":{"@id":"https:\/\/gazeta.am\/?p=1318"},"wordCount":1183,"commentCount":0,"image":{"@id":"https:\/\/gazeta.am\/?p=1318#primaryimage"},"thumbnailUrl":"https:\/\/gazeta.am\/wp-content\/uploads\/2026\/03\/1q-19.jpg","articleSection":["NEWS"],"inLanguage":"ru-RU","potentialAction":[{"@type":"CommentAction","name":"Comment","target":["https:\/\/gazeta.am\/?p=1318#respond"]}]},{"@type":"WebPage","@id":"https:\/\/gazeta.am\/?p=1318","url":"https:\/\/gazeta.am\/?p=1318","name":"Elle n\u2019a pas pleur\u00e9. -","isPartOf":{"@id":"https:\/\/gazeta.am\/#website"},"primaryImageOfPage":{"@id":"https:\/\/gazeta.am\/?p=1318#primaryimage"},"image":{"@id":"https:\/\/gazeta.am\/?p=1318#primaryimage"},"thumbnailUrl":"https:\/\/gazeta.am\/wp-content\/uploads\/2026\/03\/1q-19.jpg","datePublished":"2026-03-28T16:49:49+00:00","dateModified":"2026-03-28T16:49:51+00:00","author":{"@id":"https:\/\/gazeta.am\/#\/schema\/person\/987709955e760c9a1ebbb44776f8cccc"},"breadcrumb":{"@id":"https:\/\/gazeta.am\/?p=1318#breadcrumb"},"inLanguage":"ru-RU","potentialAction":[{"@type":"ReadAction","target":["https:\/\/gazeta.am\/?p=1318"]}]},{"@type":"ImageObject","inLanguage":"ru-RU","@id":"https:\/\/gazeta.am\/?p=1318#primaryimage","url":"https:\/\/gazeta.am\/wp-content\/uploads\/2026\/03\/1q-19.jpg","contentUrl":"https:\/\/gazeta.am\/wp-content\/uploads\/2026\/03\/1q-19.jpg","width":710,"height":1213},{"@type":"BreadcrumbList","@id":"https:\/\/gazeta.am\/?p=1318#breadcrumb","itemListElement":[{"@type":"ListItem","position":1,"name":"\u0413\u043b\u0430\u0432\u043d\u0430\u044f \u0441\u0442\u0440\u0430\u043d\u0438\u0446\u0430","item":"https:\/\/gazeta.am\/"},{"@type":"ListItem","position":2,"name":"Elle n\u2019a pas pleur\u00e9."}]},{"@type":"WebSite","@id":"https:\/\/gazeta.am\/#website","url":"https:\/\/gazeta.am\/","name":"","description":"","potentialAction":[{"@type":"SearchAction","target":{"@type":"EntryPoint","urlTemplate":"https:\/\/gazeta.am\/?s={search_term_string}"},"query-input":{"@type":"PropertyValueSpecification","valueRequired":true,"valueName":"search_term_string"}}],"inLanguage":"ru-RU"},{"@type":"Person","@id":"https:\/\/gazeta.am\/#\/schema\/person\/987709955e760c9a1ebbb44776f8cccc","name":"admin","image":{"@type":"ImageObject","inLanguage":"ru-RU","@id":"https:\/\/secure.gravatar.com\/avatar\/a24f4ac3a683f3c87303db525abc00db51ea26ccedee11dfaf1cc0f9a481a5d2?s=96&d=mm&r=g","url":"https:\/\/secure.gravatar.com\/avatar\/a24f4ac3a683f3c87303db525abc00db51ea26ccedee11dfaf1cc0f9a481a5d2?s=96&d=mm&r=g","contentUrl":"https:\/\/secure.gravatar.com\/avatar\/a24f4ac3a683f3c87303db525abc00db51ea26ccedee11dfaf1cc0f9a481a5d2?s=96&d=mm&r=g","caption":"admin"},"sameAs":["http:\/\/gazeta.am"],"url":"https:\/\/gazeta.am\/?author=1"}]}},"_links":{"self":[{"href":"https:\/\/gazeta.am\/index.php?rest_route=\/wp\/v2\/posts\/1318","targetHints":{"allow":["GET"]}}],"collection":[{"href":"https:\/\/gazeta.am\/index.php?rest_route=\/wp\/v2\/posts"}],"about":[{"href":"https:\/\/gazeta.am\/index.php?rest_route=\/wp\/v2\/types\/post"}],"author":[{"embeddable":true,"href":"https:\/\/gazeta.am\/index.php?rest_route=\/wp\/v2\/users\/1"}],"replies":[{"embeddable":true,"href":"https:\/\/gazeta.am\/index.php?rest_route=%2Fwp%2Fv2%2Fcomments&post=1318"}],"version-history":[{"count":1,"href":"https:\/\/gazeta.am\/index.php?rest_route=\/wp\/v2\/posts\/1318\/revisions"}],"predecessor-version":[{"id":1320,"href":"https:\/\/gazeta.am\/index.php?rest_route=\/wp\/v2\/posts\/1318\/revisions\/1320"}],"wp:featuredmedia":[{"embeddable":true,"href":"https:\/\/gazeta.am\/index.php?rest_route=\/wp\/v2\/media\/1319"}],"wp:attachment":[{"href":"https:\/\/gazeta.am\/index.php?rest_route=%2Fwp%2Fv2%2Fmedia&parent=1318"}],"wp:term":[{"taxonomy":"category","embeddable":true,"href":"https:\/\/gazeta.am\/index.php?rest_route=%2Fwp%2Fv2%2Fcategories&post=1318"},{"taxonomy":"post_tag","embeddable":true,"href":"https:\/\/gazeta.am\/index.php?rest_route=%2Fwp%2Fv2%2Ftags&post=1318"}],"curies":[{"name":"wp","href":"https:\/\/api.w.org\/{rel}","templated":true}]}}