{"id":1315,"date":"2026-03-28T19:43:27","date_gmt":"2026-03-28T16:43:27","guid":{"rendered":"https:\/\/gazeta.am\/?p=1315"},"modified":"2026-03-28T19:43:28","modified_gmt":"2026-03-28T16:43:28","slug":"le-jour-ou-mateo-rivas-a-gagne-a-la-loterie-il-na-pas-crie","status":"publish","type":"post","link":"https:\/\/gazeta.am\/?p=1315","title":{"rendered":"Le jour o\u00f9 Mateo Rivas a gagn\u00e9 \u00e0 la loterie, il n\u2019a pas cri\u00e9."},"content":{"rendered":"\n<p>Il n\u2019a pas saut\u00e9.<\/p>\n\n\n\n<p>Il n\u2019a m\u00eame pas souri.<\/p>\n\n\n\n<p>Parce que les hommes comme lui\u2026<\/p>\n\n\n\n<p>n\u2019apprennent pas \u00e0 croire aux miracles.<\/p>\n\n\n\n<p>Ils apprennent \u00e0 survivre.<\/p>\n\n\n\n<p>Depuis des ann\u00e9es, Mateo travaillait sur des chantiers.<\/p>\n\n\n\n<p>Le soleil qui br\u00fble la peau.<\/p>\n\n\n\n<p>La poussi\u00e8re qui colle aux poumons.<\/p>\n\n\n\n<p>Le bruit constant du m\u00e9tal et du b\u00e9ton.<\/p>\n\n\n\n<p>Et cette fatigue\u2026<\/p>\n\n\n\n<p>lourde.<\/p>\n\n\n\n<p>Coll\u00e9e au dos comme un sac tremp\u00e9 qu\u2019on ne peut jamais poser.<\/p>\n\n\n\n<p>Mais chaque soir\u2026<\/p>\n\n\n\n<p>quand ses mains tremblaient encore de l\u2019effort\u2026<\/p>\n\n\n\n<p>il pensait \u00e0 eux.<\/p>\n\n\n\n<figure class=\"wp-block-image size-full\"><img loading=\"lazy\" decoding=\"async\" width=\"837\" height=\"857\" src=\"https:\/\/gazeta.am\/wp-content\/uploads\/2026\/03\/1q-18.jpg\" alt=\"\" class=\"wp-image-1316\" srcset=\"https:\/\/gazeta.am\/wp-content\/uploads\/2026\/03\/1q-18.jpg 837w, https:\/\/gazeta.am\/wp-content\/uploads\/2026\/03\/1q-18-293x300.jpg 293w, https:\/\/gazeta.am\/wp-content\/uploads\/2026\/03\/1q-18-768x786.jpg 768w\" sizes=\"auto, (max-width: 837px) 100vw, 837px\" \/><\/figure>\n\n\n\n<p>Ses parents.<\/p>\n\n\n\n<p>Don Ernesto.<\/p>\n\n\n\n<p>Et Do\u00f1a Carmen.<\/p>\n\n\n\n<p>Ils n\u2019avaient jamais eu grand-chose.<\/p>\n\n\n\n<p>Mais ils avaient tout donn\u00e9.<\/p>\n\n\n\n<p>Une petite maison.<\/p>\n\n\n\n<p>Un sol en terre battue.<\/p>\n\n\n\n<p>Un citronnier vieux comme le temps.<\/p>\n\n\n\n<p>Et des pots de fleurs que sa m\u00e8re arrosait comme s\u2019ils \u00e9taient faits d\u2019or.<\/p>\n\n\n\n<p>Son p\u00e8re avait construit cette maison de ses propres mains.<\/p>\n\n\n\n<p>Planche apr\u00e8s planche.<\/p>\n\n\n\n<p>Clou apr\u00e8s clou.<\/p>\n\n\n\n<p>Et il r\u00e9p\u00e9tait toujours la m\u00eame phrase :<\/p>\n\n\n\n<p>\u2014 Un homme vaut ce qu\u2019il prot\u00e8ge.<\/p>\n\n\n\n<p>Mateo avait grandi avec ces mots plant\u00e9s dans le c\u0153ur.<\/p>\n\n\n\n<p>Alors quand il a entendu les num\u00e9ros\u2026<\/p>\n\n\n\n<p>\u00e0 la radio\u2026<\/p>\n\n\n\n<p>dans sa vieille camionnette poussi\u00e9reuse\u2026<\/p>\n\n\n\n<p>il n\u2019a pas compris tout de suite.<\/p>\n\n\n\n<p>Il a ri.<\/p>\n\n\n\n<p>Comme si le destin se moquait de lui.<\/p>\n\n\n\n<p>Puis il a v\u00e9rifi\u00e9 le ticket.<\/p>\n\n\n\n<p>Une fois.<\/p>\n\n\n\n<p>Deux fois.<\/p>\n\n\n\n<p>Trois fois.<\/p>\n\n\n\n<p>Ses mains se sont mises \u00e0 trembler si fort\u2026<\/p>\n\n\n\n<p>qu\u2019il a d\u00fb s\u2019arr\u00eater sur le bas-c\u00f4t\u00e9.<\/p>\n\n\n\n<p>Ce n\u2019\u00e9tait pas une fortune de film.<\/p>\n\n\n\n<p>Pas de quoi acheter une \u00eele.<\/p>\n\n\n\n<p>Mais c\u2019\u00e9tait suffisant.<\/p>\n\n\n\n<p>Suffisant pour tout changer.<\/p>\n\n\n\n<p>Payer les dettes.<\/p>\n\n\n\n<p>R\u00e9parer la maison.<\/p>\n\n\n\n<p>Acheter des m\u00e9dicaments.<\/p>\n\n\n\n<p>Donner du repos.<\/p>\n\n\n\n<p>Donner\u2026 de la paix.<\/p>\n\n\n\n<p>Et sa premi\u00e8re pens\u00e9e\u2026<\/p>\n\n\n\n<p>n\u2019a pas \u00e9t\u00e9 pour lui.<\/p>\n\n\n\n<p>\u2014 Ils ne souffriront plus.<\/p>\n\n\n\n<p>Il n\u2019a appel\u00e9 personne.<\/p>\n\n\n\n<p>Il voulait voir leurs visages.<\/p>\n\n\n\n<p>Il voulait entrer dans cette maison\u2026<\/p>\n\n\n\n<p>ouvrir la porte\u2026<\/p>\n\n\n\n<p>et dire :<\/p>\n\n\n\n<p>\u2014 Papa\u2026 maman\u2026 c\u2019est fini. C\u2019est \u00e0 mon tour maintenant.<\/p>\n\n\n\n<p>Huit heures de route.<\/p>\n\n\n\n<p>Le soleil descendait lentement quand il a vu le panneau en bois :<\/p>\n\n\n\n<p>Bienvenue \u00e0 San Mateo del Valle.<\/p>\n\n\n\n<p>Il a souri.<\/p>\n\n\n\n<p>Comme un enfant.<\/p>\n\n\n\n<p>Mais ce sourire\u2026<\/p>\n\n\n\n<p>n\u2019a pas dur\u00e9.<\/p>\n\n\n\n<p>Quelque chose avait chang\u00e9.<\/p>\n\n\n\n<p>Les maisons \u00e9taient les m\u00eames.<\/p>\n\n\n\n<p>L\u2019\u00e9glise blanche \u00e9tait toujours l\u00e0.<\/p>\n\n\n\n<p>L\u2019air sentait encore la terre chaude.<\/p>\n\n\n\n<p>Mais les regards\u2026<\/p>\n\n\n\n<p>n\u2019\u00e9taient plus les m\u00eames.<\/p>\n\n\n\n<p>Les gens le fixaient.<\/p>\n\n\n\n<p>Pas avec joie.<\/p>\n\n\n\n<p>Avec quelque chose de plus lourd.<\/p>\n\n\n\n<p>Comme s\u2019ils voyaient\u2026<\/p>\n\n\n\n<p>un fant\u00f4me.<\/p>\n\n\n\n<p>Mateo a ralenti.<\/p>\n\n\n\n<p>Certains ont lev\u00e9 la main.<\/p>\n\n\n\n<p>Mais sans sourire.<\/p>\n\n\n\n<p>D\u2019autres ont d\u00e9tourn\u00e9 les yeux.<\/p>\n\n\n\n<p>Comme s\u2019ils avaient honte.<\/p>\n\n\n\n<p>Son c\u0153ur a commenc\u00e9 \u00e0 battre plus vite.<\/p>\n\n\n\n<p>Quelque chose n\u2019allait pas.<\/p>\n\n\n\n<p>Il s\u2019est arr\u00eat\u00e9 devant l\u2019\u00e9picerie.<\/p>\n\n\n\n<p>\u2014 Mateo ? \u2026 c\u2019est toi, mon gar\u00e7on ?<\/p>\n\n\n\n<p>Une voix.<\/p>\n\n\n\n<p>Vieille.<\/p>\n\n\n\n<p>Connue.<\/p>\n\n\n\n<p>Don Juli\u00e1n.<\/p>\n\n\n\n<p>Mateo est descendu.<\/p>\n\n\n\n<p>Un sourire aux l\u00e8vres.<\/p>\n\n\n\n<p>\u2014 Don Juli\u00e1n\u2026 \u00e7a fait longtemps !<\/p>\n\n\n\n<p>Mais l\u2019homme\u2026<\/p>\n\n\n\n<p>n\u2019a pas souri tout de suite.<\/p>\n\n\n\n<p>Il a regard\u00e9 Mateo.<\/p>\n\n\n\n<p>Puis la camionnette.<\/p>\n\n\n\n<p>Puis\u2026 il a h\u00e9sit\u00e9.<\/p>\n\n\n\n<p>\u2014 Ton p\u00e8re\u2026 serait heureux de te voir.<\/p>\n\n\n\n<p>Mateo a fronc\u00e9 les sourcils.<\/p>\n\n\n\n<p>\u2014 Serait ?<\/p>\n\n\n\n<p>Le silence est tomb\u00e9.<\/p>\n\n\n\n<p>Lourd.<\/p>\n\n\n\n<p>\u2014 \u00c7a fait un moment\u2026 qu\u2019ils ne vivent plus dans cette maison.<\/p>\n\n\n\n<p>Le monde s\u2019est arr\u00eat\u00e9.<\/p>\n\n\n\n<p>\u2014 Quoi ?<\/p>\n\n\n\n<p>Un frisson lui a travers\u00e9 le dos.<\/p>\n\n\n\n<p>\u2014 Mon p\u00e8re n\u2019aurait jamais quitt\u00e9 cette maison.<\/p>\n\n\n\n<p>Jamais.<\/p>\n\n\n\n<p>Don Juli\u00e1n a aval\u00e9 sa salive.<\/p>\n\n\n\n<p>\u2014 Tu devrais aller voir par toi-m\u00eame.<\/p>\n\n\n\n<p>Mateo est remont\u00e9 dans sa camionnette.<\/p>\n\n\n\n<p>Mais cette fois\u2026<\/p>\n\n\n\n<p>il ne conduisait plus avec espoir.<\/p>\n\n\n\n<p>Il conduisait avec une peur sourde.<\/p>\n\n\n\n<p>Chaque rue devenait \u00e9trange.<\/p>\n\n\n\n<p>L\u2019arbre o\u00f9 il jouait enfant.<\/p>\n\n\n\n<p>Le terrain o\u00f9 il s\u2019\u00e9tait ouvert le sourcil.<\/p>\n\n\n\n<p>La boulangerie o\u00f9 sa m\u00e8re lui achetait du pain chaud.<\/p>\n\n\n\n<p>Tout \u00e9tait l\u00e0.<\/p>\n\n\n\n<p>Mais tout semblait\u2026 faux.<\/p>\n\n\n\n<p>Comme si quelqu\u2019un avait cass\u00e9 quelque chose.<\/p>\n\n\n\n<p>Quelque chose d\u2019essentiel.<\/p>\n\n\n\n<p>Il s\u2019est arr\u00eat\u00e9 devant la maison de Do\u00f1a Marta.<\/p>\n\n\n\n<p>\u2014 Bonjour\u2026 je cherche mes parents.<\/p>\n\n\n\n<p>On m\u2019a dit qu\u2019ils ne sont plus chez eux\u2026<\/p>\n\n\n\n<p>vous savez o\u00f9 ils sont ?<\/p>\n\n\n\n<p>Elle a serr\u00e9 son balai.<\/p>\n\n\n\n<p>Fort.<\/p>\n\n\n\n<p>\u2014 Mon fils\u2026<\/p>\n\n\n\n<p>Sa voix tremblait.<\/p>\n\n\n\n<p>\u2014 Ce n\u2019est pas facile \u00e0 dire.<\/p>\n\n\n\n<p>\u2014 S\u2019il vous pla\u00eet.<\/p>\n\n\n\n<p>Elle a regard\u00e9 autour d\u2019elle.<\/p>\n\n\n\n<p>Comme si quelqu\u2019un pouvait entendre.<\/p>\n\n\n\n<p>Puis elle a murmur\u00e9 :<\/p>\n\n\n\n<p>\u2014 Ils sont\u2026 \u00e0 l\u2019ancienne \u00e9table.<\/p>\n\n\n\n<p>Celle pr\u00e8s du chemin de la rivi\u00e8re.<\/p>\n\n\n\n<p>Mateo a ri.<\/p>\n\n\n\n<p>Un rire court.<\/p>\n\n\n\n<p>Nerveux.<\/p>\n\n\n\n<p>\u2014 Non\u2026<\/p>\n\n\n\n<p>ce n\u2019est pas possible.<\/p>\n\n\n\n<p>Mais elle ne r\u00e9pondit pas.<\/p>\n\n\n\n<p>Parce qu\u2019elle n\u2019en avait pas besoin.<\/p>\n\n\n\n<p>Son regard suffisait.<\/p>\n\n\n\n<p>\u2014 Quand tu arriveras\u2026<\/p>\n\n\n\n<p>Pause.<\/p>\n\n\n\n<p>\u2014 essaie de ne pas te mettre en col\u00e8re.<\/p>\n\n\n\n<p>Mais il \u00e9tait d\u00e9j\u00e0 trop tard.<\/p>\n\n\n\n<p>Parce que la col\u00e8re\u2026<\/p>\n\n\n\n<p>\u00e9tait d\u00e9j\u00e0 l\u00e0.<\/p>\n\n\n\n<p>Le moteur a rugi.<\/p>\n\n\n\n<p>La camionnette a soulev\u00e9 la poussi\u00e8re.<\/p>\n\n\n\n<p>Direction la rivi\u00e8re.<\/p>\n\n\n\n<p>Et une seule pens\u00e9e martelait son esprit :<\/p>\n\n\n\n<p>Si mes parents ne sont plus dans cette maison\u2026<\/p>\n\n\n\n<p>alors quelqu\u2019un les en a chass\u00e9s.<\/p>\n\n\n\n<p>Le chemin devenait \u00e9troit.<\/p>\n\n\n\n<p>Abandonn\u00e9.<\/p>\n\n\n\n<p>Silencieux.<\/p>\n\n\n\n<p>Et puis\u2026<\/p>\n\n\n\n<p>il a vu l\u2019\u00e9table.<\/p>\n\n\n\n<p>Ou ce qu\u2019il en restait.<\/p>\n\n\n\n<p>Un toit \u00e0 moiti\u00e9 effondr\u00e9.<\/p>\n\n\n\n<p>Des murs fissur\u00e9s.<\/p>\n\n\n\n<p>Une porte de bois qui tenait \u00e0 peine debout.<\/p>\n\n\n\n<p>Son c\u0153ur s\u2019est arr\u00eat\u00e9.<\/p>\n\n\n\n<p>\u2014 Non\u2026<\/p>\n\n\n\n<p>Il est descendu.<\/p>\n\n\n\n<p>Lentement.<\/p>\n\n\n\n<p>Comme si chaque pas pouvait briser la r\u00e9alit\u00e9.<\/p>\n\n\n\n<p>Il a pouss\u00e9 la porte.<\/p>\n\n\n\n<p>Elle a grinc\u00e9.<\/p>\n\n\n\n<p>Longuement.<\/p>\n\n\n\n<p>Et ce qu\u2019il a vu\u2026<\/p>\n\n\n\n<p>lui a coup\u00e9 le souffle.<\/p>\n\n\n\n<p>Sa m\u00e8re.<\/p>\n\n\n\n<p>Assise sur une caisse.<\/p>\n\n\n\n<p>Plus maigre.<\/p>\n\n\n\n<p>Plus fragile.<\/p>\n\n\n\n<p>Et son p\u00e8re\u2026<\/p>\n\n\n\n<p>couch\u00e9 sur un vieux matelas.<\/p>\n\n\n\n<p>Le regard vide.<\/p>\n\n\n\n<p>Le corps bris\u00e9.<\/p>\n\n\n\n<p>\u2014 \u2026 Papa ?<\/p>\n\n\n\n<p>La voix de Mateo s\u2019est cass\u00e9e.<\/p>\n\n\n\n<p>Sa m\u00e8re a lev\u00e9 les yeux.<\/p>\n\n\n\n<p>Et quand elle l\u2019a vu\u2026<\/p>\n\n\n\n<p>elle s\u2019est mise \u00e0 pleurer.<\/p>\n\n\n\n<p>Pas doucement.<\/p>\n\n\n\n<p>Pas discr\u00e8tement.<\/p>\n\n\n\n<p>Mais comme quelqu\u2019un\u2026<\/p>\n\n\n\n<p>qui retenait tout depuis trop longtemps.<\/p>\n\n\n\n<p>\u2014 Mateo\u2026<\/p>\n\n\n\n<p>Elle s\u2019est lev\u00e9e.<\/p>\n\n\n\n<p>A tr\u00e9buch\u00e9.<\/p>\n\n\n\n<p>Et s\u2019est jet\u00e9e dans ses bras.<\/p>\n\n\n\n<p>Il l\u2019a serr\u00e9e.<\/p>\n\n\n\n<p>Fort.<\/p>\n\n\n\n<p>Trop fort.<\/p>\n\n\n\n<p>Comme s\u2019il avait peur qu\u2019elle disparaisse.<\/p>\n\n\n\n<p>\u2014 Qu\u2019est-ce qui s\u2019est pass\u00e9 ?<\/p>\n\n\n\n<p>Sa voix tremblait.<\/p>\n\n\n\n<p>\u2014 Qui a fait \u00e7a ?<\/p>\n\n\n\n<p>Silence.<\/p>\n\n\n\n<p>Puis\u2026<\/p>\n\n\n\n<p>son p\u00e8re a parl\u00e9.<\/p>\n\n\n\n<p>Faiblement.<\/p>\n\n\n\n<p>\u2014 Ton oncle\u2026<\/p>\n\n\n\n<p>Le sang de Mateo s\u2019est glac\u00e9.<\/p>\n\n\n\n<p>\u2014 Arturo ?<\/p>\n\n\n\n<p>Sa m\u00e8re a hoch\u00e9 la t\u00eate.<\/p>\n\n\n\n<p>\u2014 Il a pris la maison.<\/p>\n\n\n\n<p>Avec des papiers.<\/p>\n\n\n\n<p>Des signatures\u2026<\/p>\n\n\n\n<p>qu\u2019on n\u2019a jamais comprises.<\/p>\n\n\n\n<p>\u2014 Et personne n\u2019a aid\u00e9 ?<\/p>\n\n\n\n<p>\u2014 Personne.<\/p>\n\n\n\n<p>Un mot.<\/p>\n\n\n\n<p>Mais il contenait tout.<\/p>\n\n\n\n<p>La peur.<\/p>\n\n\n\n<p>La trahison.<\/p>\n\n\n\n<p>Le silence.<\/p>\n\n\n\n<p>Mateo a ferm\u00e9 les yeux.<\/p>\n\n\n\n<p>Une seconde.<\/p>\n\n\n\n<p>Puis deux.<\/p>\n\n\n\n<p>Quand il les a rouverts\u2026<\/p>\n\n\n\n<p>il n\u2019\u00e9tait plus le m\u00eame homme.<\/p>\n\n\n\n<p>Parce que ce qu\u2019ils ignoraient tous\u2026<\/p>\n\n\n\n<p>c\u2019est que Mateo\u2026<\/p>\n\n\n\n<p>n\u2019\u00e9tait plus revenu les mains vides.<\/p>\n\n\n\n<p>Et que cette injustice\u2026<\/p>\n\n\n\n<p>allait d\u00e9clencher quelque chose\u2026<\/p>\n\n\n\n<p>de beaucoup plus grand.<\/p>\n\n\n\n<p>Quelque chose\u2026<\/p>\n\n\n\n<p>que personne dans ce village\u2026<\/p>\n\n\n\n<p>n\u2019\u00e9tait pr\u00eat \u00e0 affronter.<\/p>\n\n\n\n<p>Parce que parfois\u2026<\/p>\n\n\n\n<p>la vie donne une seconde chance.<\/p>\n\n\n\n<p>Mais pas pour pardonner.<\/p>\n\n\n\n<p>Pour r\u00e9tablir la v\u00e9rit\u00e9.<\/p>\n\n\n\n<p>Et ce que Mateo allait faire\u2026<\/p>\n\n\n\n<p>allait bouleverser le destin\u2026<\/p>\n\n\n\n<p>de tout un village.<\/p>\n\n\n\n<p><\/p>\n","protected":false},"excerpt":{"rendered":"Il n\u2019a pas saut\u00e9. Il n\u2019a m\u00eame pas souri. Parce que les hommes comme lui\u2026 n\u2019apprennent pas \u00e0 croire aux miracles. Ils apprennent \n<a class=\"moretag\" href=\"https:\/\/gazeta.am\/?p=1315\"> [...]<\/a>","protected":false},"author":1,"featured_media":1316,"comment_status":"open","ping_status":"open","sticky":false,"template":"","format":"standard","meta":{"footnotes":""},"categories":[1],"tags":[],"class_list":["post-1315","post","type-post","status-publish","format-standard","has-post-thumbnail","hentry","category-1"],"yoast_head":"<!-- This site is optimized with the Yoast SEO plugin v27.4 - https:\/\/yoast.com\/product\/yoast-seo-wordpress\/ -->\n<title>Le jour o\u00f9 Mateo Rivas a gagn\u00e9 \u00e0 la loterie, il n\u2019a pas cri\u00e9. -<\/title>\n<meta name=\"robots\" content=\"index, follow, max-snippet:-1, max-image-preview:large, max-video-preview:-1\" \/>\n<link rel=\"canonical\" href=\"https:\/\/gazeta.am\/?p=1315\" \/>\n<meta property=\"og:locale\" content=\"ru_RU\" \/>\n<meta property=\"og:type\" content=\"article\" \/>\n<meta property=\"og:title\" content=\"Le jour o\u00f9 Mateo Rivas a gagn\u00e9 \u00e0 la loterie, il n\u2019a pas cri\u00e9. -\" \/>\n<meta property=\"og:description\" content=\"Il n\u2019a pas saut\u00e9. Il n\u2019a m\u00eame pas souri. Parce que les hommes comme lui\u2026 n\u2019apprennent pas \u00e0 croire aux miracles. Ils apprennent\" \/>\n<meta property=\"og:url\" content=\"https:\/\/gazeta.am\/?p=1315\" \/>\n<meta property=\"article:published_time\" content=\"2026-03-28T16:43:27+00:00\" \/>\n<meta property=\"article:modified_time\" content=\"2026-03-28T16:43:28+00:00\" \/>\n<meta property=\"og:image\" content=\"https:\/\/gazeta.am\/wp-content\/uploads\/2026\/03\/1q-18.jpg\" \/>\n\t<meta property=\"og:image:width\" content=\"837\" \/>\n\t<meta property=\"og:image:height\" content=\"857\" \/>\n\t<meta property=\"og:image:type\" content=\"image\/jpeg\" \/>\n<meta name=\"author\" content=\"admin\" \/>\n<meta name=\"twitter:card\" content=\"summary_large_image\" \/>\n<meta name=\"twitter:label1\" content=\"\u041d\u0430\u043f\u0438\u0441\u0430\u043d\u043e \u0430\u0432\u0442\u043e\u0440\u043e\u043c\" \/>\n\t<meta name=\"twitter:data1\" content=\"admin\" \/>\n\t<meta name=\"twitter:label2\" content=\"\u041f\u0440\u0438\u043c\u0435\u0440\u043d\u043e\u0435 \u0432\u0440\u0435\u043c\u044f \u0434\u043b\u044f \u0447\u0442\u0435\u043d\u0438\u044f\" \/>\n\t<meta name=\"twitter:data2\" content=\"7 \u043c\u0438\u043d\u0443\u0442\" \/>\n<script type=\"application\/ld+json\" class=\"yoast-schema-graph\">{\"@context\":\"https:\\\/\\\/schema.org\",\"@graph\":[{\"@type\":\"Article\",\"@id\":\"https:\\\/\\\/gazeta.am\\\/?p=1315#article\",\"isPartOf\":{\"@id\":\"https:\\\/\\\/gazeta.am\\\/?p=1315\"},\"author\":{\"name\":\"admin\",\"@id\":\"https:\\\/\\\/gazeta.am\\\/#\\\/schema\\\/person\\\/987709955e760c9a1ebbb44776f8cccc\"},\"headline\":\"Le jour o\u00f9 Mateo Rivas a gagn\u00e9 \u00e0 la loterie, il n\u2019a pas cri\u00e9.\",\"datePublished\":\"2026-03-28T16:43:27+00:00\",\"dateModified\":\"2026-03-28T16:43:28+00:00\",\"mainEntityOfPage\":{\"@id\":\"https:\\\/\\\/gazeta.am\\\/?p=1315\"},\"wordCount\":1210,\"commentCount\":0,\"image\":{\"@id\":\"https:\\\/\\\/gazeta.am\\\/?p=1315#primaryimage\"},\"thumbnailUrl\":\"https:\\\/\\\/gazeta.am\\\/wp-content\\\/uploads\\\/2026\\\/03\\\/1q-18.jpg\",\"articleSection\":[\"NEWS\"],\"inLanguage\":\"ru-RU\",\"potentialAction\":[{\"@type\":\"CommentAction\",\"name\":\"Comment\",\"target\":[\"https:\\\/\\\/gazeta.am\\\/?p=1315#respond\"]}]},{\"@type\":\"WebPage\",\"@id\":\"https:\\\/\\\/gazeta.am\\\/?p=1315\",\"url\":\"https:\\\/\\\/gazeta.am\\\/?p=1315\",\"name\":\"Le jour o\u00f9 Mateo Rivas a gagn\u00e9 \u00e0 la loterie, il n\u2019a pas cri\u00e9. -\",\"isPartOf\":{\"@id\":\"https:\\\/\\\/gazeta.am\\\/#website\"},\"primaryImageOfPage\":{\"@id\":\"https:\\\/\\\/gazeta.am\\\/?p=1315#primaryimage\"},\"image\":{\"@id\":\"https:\\\/\\\/gazeta.am\\\/?p=1315#primaryimage\"},\"thumbnailUrl\":\"https:\\\/\\\/gazeta.am\\\/wp-content\\\/uploads\\\/2026\\\/03\\\/1q-18.jpg\",\"datePublished\":\"2026-03-28T16:43:27+00:00\",\"dateModified\":\"2026-03-28T16:43:28+00:00\",\"author\":{\"@id\":\"https:\\\/\\\/gazeta.am\\\/#\\\/schema\\\/person\\\/987709955e760c9a1ebbb44776f8cccc\"},\"breadcrumb\":{\"@id\":\"https:\\\/\\\/gazeta.am\\\/?p=1315#breadcrumb\"},\"inLanguage\":\"ru-RU\",\"potentialAction\":[{\"@type\":\"ReadAction\",\"target\":[\"https:\\\/\\\/gazeta.am\\\/?p=1315\"]}]},{\"@type\":\"ImageObject\",\"inLanguage\":\"ru-RU\",\"@id\":\"https:\\\/\\\/gazeta.am\\\/?p=1315#primaryimage\",\"url\":\"https:\\\/\\\/gazeta.am\\\/wp-content\\\/uploads\\\/2026\\\/03\\\/1q-18.jpg\",\"contentUrl\":\"https:\\\/\\\/gazeta.am\\\/wp-content\\\/uploads\\\/2026\\\/03\\\/1q-18.jpg\",\"width\":837,\"height\":857},{\"@type\":\"BreadcrumbList\",\"@id\":\"https:\\\/\\\/gazeta.am\\\/?p=1315#breadcrumb\",\"itemListElement\":[{\"@type\":\"ListItem\",\"position\":1,\"name\":\"\u0413\u043b\u0430\u0432\u043d\u0430\u044f \u0441\u0442\u0440\u0430\u043d\u0438\u0446\u0430\",\"item\":\"https:\\\/\\\/gazeta.am\\\/\"},{\"@type\":\"ListItem\",\"position\":2,\"name\":\"Le jour o\u00f9 Mateo Rivas a gagn\u00e9 \u00e0 la loterie, il n\u2019a pas cri\u00e9.\"}]},{\"@type\":\"WebSite\",\"@id\":\"https:\\\/\\\/gazeta.am\\\/#website\",\"url\":\"https:\\\/\\\/gazeta.am\\\/\",\"name\":\"\",\"description\":\"\",\"potentialAction\":[{\"@type\":\"SearchAction\",\"target\":{\"@type\":\"EntryPoint\",\"urlTemplate\":\"https:\\\/\\\/gazeta.am\\\/?s={search_term_string}\"},\"query-input\":{\"@type\":\"PropertyValueSpecification\",\"valueRequired\":true,\"valueName\":\"search_term_string\"}}],\"inLanguage\":\"ru-RU\"},{\"@type\":\"Person\",\"@id\":\"https:\\\/\\\/gazeta.am\\\/#\\\/schema\\\/person\\\/987709955e760c9a1ebbb44776f8cccc\",\"name\":\"admin\",\"image\":{\"@type\":\"ImageObject\",\"inLanguage\":\"ru-RU\",\"@id\":\"https:\\\/\\\/secure.gravatar.com\\\/avatar\\\/a24f4ac3a683f3c87303db525abc00db51ea26ccedee11dfaf1cc0f9a481a5d2?s=96&d=mm&r=g\",\"url\":\"https:\\\/\\\/secure.gravatar.com\\\/avatar\\\/a24f4ac3a683f3c87303db525abc00db51ea26ccedee11dfaf1cc0f9a481a5d2?s=96&d=mm&r=g\",\"contentUrl\":\"https:\\\/\\\/secure.gravatar.com\\\/avatar\\\/a24f4ac3a683f3c87303db525abc00db51ea26ccedee11dfaf1cc0f9a481a5d2?s=96&d=mm&r=g\",\"caption\":\"admin\"},\"sameAs\":[\"http:\\\/\\\/gazeta.am\"],\"url\":\"https:\\\/\\\/gazeta.am\\\/?author=1\"}]}<\/script>\n<!-- \/ Yoast SEO plugin. -->","yoast_head_json":{"title":"Le jour o\u00f9 Mateo Rivas a gagn\u00e9 \u00e0 la loterie, il n\u2019a pas cri\u00e9. -","robots":{"index":"index","follow":"follow","max-snippet":"max-snippet:-1","max-image-preview":"max-image-preview:large","max-video-preview":"max-video-preview:-1"},"canonical":"https:\/\/gazeta.am\/?p=1315","og_locale":"ru_RU","og_type":"article","og_title":"Le jour o\u00f9 Mateo Rivas a gagn\u00e9 \u00e0 la loterie, il n\u2019a pas cri\u00e9. -","og_description":"Il n\u2019a pas saut\u00e9. Il n\u2019a m\u00eame pas souri. Parce que les hommes comme lui\u2026 n\u2019apprennent pas \u00e0 croire aux miracles. Ils apprennent","og_url":"https:\/\/gazeta.am\/?p=1315","article_published_time":"2026-03-28T16:43:27+00:00","article_modified_time":"2026-03-28T16:43:28+00:00","og_image":[{"width":837,"height":857,"url":"https:\/\/gazeta.am\/wp-content\/uploads\/2026\/03\/1q-18.jpg","type":"image\/jpeg"}],"author":"admin","twitter_card":"summary_large_image","twitter_misc":{"\u041d\u0430\u043f\u0438\u0441\u0430\u043d\u043e \u0430\u0432\u0442\u043e\u0440\u043e\u043c":"admin","\u041f\u0440\u0438\u043c\u0435\u0440\u043d\u043e\u0435 \u0432\u0440\u0435\u043c\u044f \u0434\u043b\u044f \u0447\u0442\u0435\u043d\u0438\u044f":"7 \u043c\u0438\u043d\u0443\u0442"},"schema":{"@context":"https:\/\/schema.org","@graph":[{"@type":"Article","@id":"https:\/\/gazeta.am\/?p=1315#article","isPartOf":{"@id":"https:\/\/gazeta.am\/?p=1315"},"author":{"name":"admin","@id":"https:\/\/gazeta.am\/#\/schema\/person\/987709955e760c9a1ebbb44776f8cccc"},"headline":"Le jour o\u00f9 Mateo Rivas a gagn\u00e9 \u00e0 la loterie, il n\u2019a pas cri\u00e9.","datePublished":"2026-03-28T16:43:27+00:00","dateModified":"2026-03-28T16:43:28+00:00","mainEntityOfPage":{"@id":"https:\/\/gazeta.am\/?p=1315"},"wordCount":1210,"commentCount":0,"image":{"@id":"https:\/\/gazeta.am\/?p=1315#primaryimage"},"thumbnailUrl":"https:\/\/gazeta.am\/wp-content\/uploads\/2026\/03\/1q-18.jpg","articleSection":["NEWS"],"inLanguage":"ru-RU","potentialAction":[{"@type":"CommentAction","name":"Comment","target":["https:\/\/gazeta.am\/?p=1315#respond"]}]},{"@type":"WebPage","@id":"https:\/\/gazeta.am\/?p=1315","url":"https:\/\/gazeta.am\/?p=1315","name":"Le jour o\u00f9 Mateo Rivas a gagn\u00e9 \u00e0 la loterie, il n\u2019a pas cri\u00e9. -","isPartOf":{"@id":"https:\/\/gazeta.am\/#website"},"primaryImageOfPage":{"@id":"https:\/\/gazeta.am\/?p=1315#primaryimage"},"image":{"@id":"https:\/\/gazeta.am\/?p=1315#primaryimage"},"thumbnailUrl":"https:\/\/gazeta.am\/wp-content\/uploads\/2026\/03\/1q-18.jpg","datePublished":"2026-03-28T16:43:27+00:00","dateModified":"2026-03-28T16:43:28+00:00","author":{"@id":"https:\/\/gazeta.am\/#\/schema\/person\/987709955e760c9a1ebbb44776f8cccc"},"breadcrumb":{"@id":"https:\/\/gazeta.am\/?p=1315#breadcrumb"},"inLanguage":"ru-RU","potentialAction":[{"@type":"ReadAction","target":["https:\/\/gazeta.am\/?p=1315"]}]},{"@type":"ImageObject","inLanguage":"ru-RU","@id":"https:\/\/gazeta.am\/?p=1315#primaryimage","url":"https:\/\/gazeta.am\/wp-content\/uploads\/2026\/03\/1q-18.jpg","contentUrl":"https:\/\/gazeta.am\/wp-content\/uploads\/2026\/03\/1q-18.jpg","width":837,"height":857},{"@type":"BreadcrumbList","@id":"https:\/\/gazeta.am\/?p=1315#breadcrumb","itemListElement":[{"@type":"ListItem","position":1,"name":"\u0413\u043b\u0430\u0432\u043d\u0430\u044f \u0441\u0442\u0440\u0430\u043d\u0438\u0446\u0430","item":"https:\/\/gazeta.am\/"},{"@type":"ListItem","position":2,"name":"Le jour o\u00f9 Mateo Rivas a gagn\u00e9 \u00e0 la loterie, il n\u2019a pas cri\u00e9."}]},{"@type":"WebSite","@id":"https:\/\/gazeta.am\/#website","url":"https:\/\/gazeta.am\/","name":"","description":"","potentialAction":[{"@type":"SearchAction","target":{"@type":"EntryPoint","urlTemplate":"https:\/\/gazeta.am\/?s={search_term_string}"},"query-input":{"@type":"PropertyValueSpecification","valueRequired":true,"valueName":"search_term_string"}}],"inLanguage":"ru-RU"},{"@type":"Person","@id":"https:\/\/gazeta.am\/#\/schema\/person\/987709955e760c9a1ebbb44776f8cccc","name":"admin","image":{"@type":"ImageObject","inLanguage":"ru-RU","@id":"https:\/\/secure.gravatar.com\/avatar\/a24f4ac3a683f3c87303db525abc00db51ea26ccedee11dfaf1cc0f9a481a5d2?s=96&d=mm&r=g","url":"https:\/\/secure.gravatar.com\/avatar\/a24f4ac3a683f3c87303db525abc00db51ea26ccedee11dfaf1cc0f9a481a5d2?s=96&d=mm&r=g","contentUrl":"https:\/\/secure.gravatar.com\/avatar\/a24f4ac3a683f3c87303db525abc00db51ea26ccedee11dfaf1cc0f9a481a5d2?s=96&d=mm&r=g","caption":"admin"},"sameAs":["http:\/\/gazeta.am"],"url":"https:\/\/gazeta.am\/?author=1"}]}},"_links":{"self":[{"href":"https:\/\/gazeta.am\/index.php?rest_route=\/wp\/v2\/posts\/1315","targetHints":{"allow":["GET"]}}],"collection":[{"href":"https:\/\/gazeta.am\/index.php?rest_route=\/wp\/v2\/posts"}],"about":[{"href":"https:\/\/gazeta.am\/index.php?rest_route=\/wp\/v2\/types\/post"}],"author":[{"embeddable":true,"href":"https:\/\/gazeta.am\/index.php?rest_route=\/wp\/v2\/users\/1"}],"replies":[{"embeddable":true,"href":"https:\/\/gazeta.am\/index.php?rest_route=%2Fwp%2Fv2%2Fcomments&post=1315"}],"version-history":[{"count":1,"href":"https:\/\/gazeta.am\/index.php?rest_route=\/wp\/v2\/posts\/1315\/revisions"}],"predecessor-version":[{"id":1317,"href":"https:\/\/gazeta.am\/index.php?rest_route=\/wp\/v2\/posts\/1315\/revisions\/1317"}],"wp:featuredmedia":[{"embeddable":true,"href":"https:\/\/gazeta.am\/index.php?rest_route=\/wp\/v2\/media\/1316"}],"wp:attachment":[{"href":"https:\/\/gazeta.am\/index.php?rest_route=%2Fwp%2Fv2%2Fmedia&parent=1315"}],"wp:term":[{"taxonomy":"category","embeddable":true,"href":"https:\/\/gazeta.am\/index.php?rest_route=%2Fwp%2Fv2%2Fcategories&post=1315"},{"taxonomy":"post_tag","embeddable":true,"href":"https:\/\/gazeta.am\/index.php?rest_route=%2Fwp%2Fv2%2Ftags&post=1315"}],"curies":[{"name":"wp","href":"https:\/\/api.w.org\/{rel}","templated":true}]}}