{"id":1300,"date":"2026-03-28T17:04:55","date_gmt":"2026-03-28T14:04:55","guid":{"rendered":"https:\/\/gazeta.am\/?p=1300"},"modified":"2026-03-28T17:04:57","modified_gmt":"2026-03-28T14:04:57","slug":"le-silence-se-fit-total-dans-la-suite-les-huit-medecins-se-figerent-incredules","status":"publish","type":"post","link":"https:\/\/gazeta.am\/?p=1300","title":{"rendered":"\u2026le silence se fit total dans la suite. Les huit m\u00e9decins se fig\u00e8rent, incr\u00e9dules."},"content":{"rendered":"\n<p>Leurs yeux se pos\u00e8rent sur Mateo, ce gamin des rues qu\u2019ils avaient \u00e0 peine remarqu\u00e9 jusqu\u2019\u00e0 pr\u00e9sent, et qui, dans sa simplicit\u00e9 et son instinct, venait de pointer quelque chose que ni les scanners dernier cri, ni les ann\u00e9es de formation, ni des millions de pesos en \u00e9quipements n\u2019avaient d\u00e9tect\u00e9.<\/p>\n\n\n\n<p>Le c\u0153ur d\u2019Alejandro battait \u00e0 tout rompre. Son instinct lui criait que le gar\u00e7on savait quelque chose\u2026 quelque chose d\u2019important.<\/p>\n\n\n\n<p>\u00ab Montre-nous exactement o\u00f9 ! \u00bb ordonna finalement le Dr. Villalobos, tentant de masquer son scepticisme derri\u00e8re un masque de professionnalisme.<\/p>\n\n\n\n<p>Mateo s\u2019avan\u00e7a avec prudence, la poussi\u00e8re de ses v\u00eatements collant \u00e0 ses jambes, et d\u00e9signa le point pr\u00e9cis sur le petit cou du b\u00e9b\u00e9.<\/p>\n\n\n\n<p>\u2014 L\u00e0\u2026 juste ici, r\u00e9p\u00e9ta-t-il d\u2019une voix ferme mais calme.<\/p>\n\n\n\n<p>Un silence de plomb r\u00e9gna. Les machines bourdonnaient doucement, mais elles semblaient maintenant muettes devant la perspicacit\u00e9 de ce gamin. Les m\u00e9decins s\u2019\u00e9chang\u00e8rent des regards lourds de tension. Puis, presque \u00e0 contrecoeur, l\u2019un d\u2019eux attrapa un petit outil chirurgical st\u00e9rile.<\/p>\n\n\n\n<figure class=\"wp-block-image size-full\"><img loading=\"lazy\" decoding=\"async\" width=\"508\" height=\"902\" src=\"https:\/\/gazeta.am\/wp-content\/uploads\/2026\/03\/1q-13.jpg\" alt=\"\" class=\"wp-image-1301\" srcset=\"https:\/\/gazeta.am\/wp-content\/uploads\/2026\/03\/1q-13.jpg 508w, https:\/\/gazeta.am\/wp-content\/uploads\/2026\/03\/1q-13-169x300.jpg 169w\" sizes=\"auto, (max-width: 508px) 100vw, 508px\" \/><\/figure>\n\n\n\n<p>Avec un m\u00e9lange de crainte et de fascination, ils approch\u00e8rent l\u2019enfant du petit patient, suivant exactement l\u2019indication de Mateo. En quelques secondes, la petite obstruction fut retir\u00e9e. Une pi\u00e8ce minuscule, presque microscopique, qui s\u2019\u00e9tait coinc\u00e9e dans la trach\u00e9e du b\u00e9b\u00e9 et avait \u00e9chapp\u00e9 \u00e0 tous les examens sophistiqu\u00e9s, sortit enfin.<\/p>\n\n\n\n<p>Le b\u00e9b\u00e9 toussa violemment, ses yeux s\u2019\u00e9carquillant. Puis, lentement, il inspira \u00e0 pleins poumons. Ses l\u00e8vres, auparavant bleues, reprirent une teinte ros\u00e9e. Les moniteurs s\u2019emball\u00e8rent, affichant des chiffres vitaux qui revenaient enfin \u00e0 la normale.<\/p>\n\n\n\n<p>Alejandro Garza, fig\u00e9 par l\u2019\u00e9motion, sentit des larmes lui monter aux yeux. Sa femme Valeria tomba \u00e0 genoux, serrant son b\u00e9b\u00e9 contre elle, sanglotant d\u2019un m\u00e9lange de soulagement et d\u2019\u00e9merveillement.<\/p>\n\n\n\n<p>Tous les m\u00e9decins, eux, \u00e9taient abasourdis. Le silence qui suivit fut charg\u00e9 de honte et d\u2019\u00e9merveillement. Aucun mot ne semblait suffisant pour d\u00e9crire ce qui venait de se passer. La v\u00e9rit\u00e9 \u00e9tait l\u00e0 : un enfant des rues, avec pour seul bagage son instinct et son regard aiguis\u00e9, venait de sauver la vie du fils d\u2019un des hommes les plus puissants du pays.<\/p>\n\n\n\n<p>\u2014 Comment\u2026 comment as-tu su ? balbutia Villalobos, incapable de masquer son incr\u00e9dulit\u00e9.<\/p>\n\n\n\n<p>Mateo haussa les \u00e9paules, les yeux brillants mais calmes :<\/p>\n\n\n\n<p>\u2014 J\u2019ai juste regard\u00e9. Quand quelque chose ne va pas, on le sent\u2026 on le voit. M\u00eame les machines ne peuvent pas toujours d\u00e9tecter ce que nos yeux et nos mains savent.<\/p>\n\n\n\n<p>Alejandro s\u2019agenouilla devant lui, serrant ses mains calleuses dans les siennes.<\/p>\n\n\n\n<p>\u2014 Mon gar\u00e7on\u2026 tu viens de sauver mon fils. Je ne pourrai jamais te remercier assez. Tout ce que je peux te dire, c\u2019est que tu n\u2019as jamais \u00e9t\u00e9 invisible. Aujourd\u2019hui, tout le monde a vu ton courage et ton intelligence.<\/p>\n\n\n\n<p>Mateo, embarrass\u00e9, baissa la t\u00eate. Il n\u2019avait jamais \u00e9t\u00e9 habitu\u00e9 \u00e0 la reconnaissance, encore moins \u00e0 la richesse et au luxe. Mais quelque chose en lui se brisa doucement : la justice, la gratitude, et surtout le respect \u00e9taient enfin l\u00e0.<\/p>\n\n\n\n<p>Ce jour-l\u00e0, quelque chose changea \u00e0 jamais pour tous ceux pr\u00e9sents dans cette chambre : la science la plus avanc\u00e9e et l\u2019argent le plus puissant du pays avaient \u00e9t\u00e9 surpass\u00e9s par l\u2019instinct pur d\u2019un enfant que le monde consid\u00e9rait comme insignifiant. Et la le\u00e7on \u00e9tait claire : parfois, les miracles ne viennent pas des machines ou des dipl\u00f4mes, mais de ceux que la soci\u00e9t\u00e9 oublie trop souvent.<\/p>\n","protected":false},"excerpt":{"rendered":"Leurs yeux se pos\u00e8rent sur Mateo, ce gamin des rues qu\u2019ils avaient \u00e0 peine remarqu\u00e9 jusqu\u2019\u00e0 pr\u00e9sent, et qui, dans sa simplicit\u00e9 et \n<a class=\"moretag\" href=\"https:\/\/gazeta.am\/?p=1300\"> [...]<\/a>","protected":false},"author":1,"featured_media":1301,"comment_status":"open","ping_status":"open","sticky":false,"template":"","format":"standard","meta":{"footnotes":""},"categories":[1],"tags":[],"class_list":["post-1300","post","type-post","status-publish","format-standard","has-post-thumbnail","hentry","category-1"],"yoast_head":"<!-- This site is optimized with the Yoast SEO plugin v27.4 - https:\/\/yoast.com\/product\/yoast-seo-wordpress\/ -->\n<title>\u2026le silence se fit total dans la suite. Les huit m\u00e9decins se fig\u00e8rent, incr\u00e9dules. -<\/title>\n<meta name=\"robots\" content=\"index, follow, max-snippet:-1, max-image-preview:large, max-video-preview:-1\" \/>\n<link rel=\"canonical\" href=\"https:\/\/gazeta.am\/?p=1300\" \/>\n<meta property=\"og:locale\" content=\"ru_RU\" \/>\n<meta property=\"og:type\" content=\"article\" \/>\n<meta property=\"og:title\" content=\"\u2026le silence se fit total dans la suite. Les huit m\u00e9decins se fig\u00e8rent, incr\u00e9dules. -\" \/>\n<meta property=\"og:description\" content=\"Leurs yeux se pos\u00e8rent sur Mateo, ce gamin des rues qu\u2019ils avaient \u00e0 peine remarqu\u00e9 jusqu\u2019\u00e0 pr\u00e9sent, et qui, dans sa simplicit\u00e9 et\" \/>\n<meta property=\"og:url\" content=\"https:\/\/gazeta.am\/?p=1300\" \/>\n<meta property=\"article:published_time\" content=\"2026-03-28T14:04:55+00:00\" \/>\n<meta property=\"article:modified_time\" content=\"2026-03-28T14:04:57+00:00\" \/>\n<meta property=\"og:image\" content=\"https:\/\/gazeta.am\/wp-content\/uploads\/2026\/03\/1q-13.jpg\" \/>\n\t<meta property=\"og:image:width\" content=\"508\" \/>\n\t<meta property=\"og:image:height\" content=\"902\" \/>\n\t<meta property=\"og:image:type\" content=\"image\/jpeg\" \/>\n<meta name=\"author\" content=\"admin\" \/>\n<meta name=\"twitter:card\" content=\"summary_large_image\" \/>\n<meta name=\"twitter:label1\" content=\"\u041d\u0430\u043f\u0438\u0441\u0430\u043d\u043e \u0430\u0432\u0442\u043e\u0440\u043e\u043c\" \/>\n\t<meta name=\"twitter:data1\" content=\"admin\" \/>\n\t<meta name=\"twitter:label2\" content=\"\u041f\u0440\u0438\u043c\u0435\u0440\u043d\u043e\u0435 \u0432\u0440\u0435\u043c\u044f \u0434\u043b\u044f \u0447\u0442\u0435\u043d\u0438\u044f\" \/>\n\t<meta name=\"twitter:data2\" content=\"4 \u043c\u0438\u043d\u0443\u0442\u044b\" \/>\n<script type=\"application\/ld+json\" class=\"yoast-schema-graph\">{\"@context\":\"https:\\\/\\\/schema.org\",\"@graph\":[{\"@type\":\"Article\",\"@id\":\"https:\\\/\\\/gazeta.am\\\/?p=1300#article\",\"isPartOf\":{\"@id\":\"https:\\\/\\\/gazeta.am\\\/?p=1300\"},\"author\":{\"name\":\"admin\",\"@id\":\"https:\\\/\\\/gazeta.am\\\/#\\\/schema\\\/person\\\/987709955e760c9a1ebbb44776f8cccc\"},\"headline\":\"\u2026le silence se fit total dans la suite. Les huit m\u00e9decins se fig\u00e8rent, incr\u00e9dules.\",\"datePublished\":\"2026-03-28T14:04:55+00:00\",\"dateModified\":\"2026-03-28T14:04:57+00:00\",\"mainEntityOfPage\":{\"@id\":\"https:\\\/\\\/gazeta.am\\\/?p=1300\"},\"wordCount\":627,\"commentCount\":0,\"image\":{\"@id\":\"https:\\\/\\\/gazeta.am\\\/?p=1300#primaryimage\"},\"thumbnailUrl\":\"https:\\\/\\\/gazeta.am\\\/wp-content\\\/uploads\\\/2026\\\/03\\\/1q-13.jpg\",\"articleSection\":[\"NEWS\"],\"inLanguage\":\"ru-RU\",\"potentialAction\":[{\"@type\":\"CommentAction\",\"name\":\"Comment\",\"target\":[\"https:\\\/\\\/gazeta.am\\\/?p=1300#respond\"]}]},{\"@type\":\"WebPage\",\"@id\":\"https:\\\/\\\/gazeta.am\\\/?p=1300\",\"url\":\"https:\\\/\\\/gazeta.am\\\/?p=1300\",\"name\":\"\u2026le silence se fit total dans la suite. Les huit m\u00e9decins se fig\u00e8rent, incr\u00e9dules. -\",\"isPartOf\":{\"@id\":\"https:\\\/\\\/gazeta.am\\\/#website\"},\"primaryImageOfPage\":{\"@id\":\"https:\\\/\\\/gazeta.am\\\/?p=1300#primaryimage\"},\"image\":{\"@id\":\"https:\\\/\\\/gazeta.am\\\/?p=1300#primaryimage\"},\"thumbnailUrl\":\"https:\\\/\\\/gazeta.am\\\/wp-content\\\/uploads\\\/2026\\\/03\\\/1q-13.jpg\",\"datePublished\":\"2026-03-28T14:04:55+00:00\",\"dateModified\":\"2026-03-28T14:04:57+00:00\",\"author\":{\"@id\":\"https:\\\/\\\/gazeta.am\\\/#\\\/schema\\\/person\\\/987709955e760c9a1ebbb44776f8cccc\"},\"breadcrumb\":{\"@id\":\"https:\\\/\\\/gazeta.am\\\/?p=1300#breadcrumb\"},\"inLanguage\":\"ru-RU\",\"potentialAction\":[{\"@type\":\"ReadAction\",\"target\":[\"https:\\\/\\\/gazeta.am\\\/?p=1300\"]}]},{\"@type\":\"ImageObject\",\"inLanguage\":\"ru-RU\",\"@id\":\"https:\\\/\\\/gazeta.am\\\/?p=1300#primaryimage\",\"url\":\"https:\\\/\\\/gazeta.am\\\/wp-content\\\/uploads\\\/2026\\\/03\\\/1q-13.jpg\",\"contentUrl\":\"https:\\\/\\\/gazeta.am\\\/wp-content\\\/uploads\\\/2026\\\/03\\\/1q-13.jpg\",\"width\":508,\"height\":902},{\"@type\":\"BreadcrumbList\",\"@id\":\"https:\\\/\\\/gazeta.am\\\/?p=1300#breadcrumb\",\"itemListElement\":[{\"@type\":\"ListItem\",\"position\":1,\"name\":\"\u0413\u043b\u0430\u0432\u043d\u0430\u044f \u0441\u0442\u0440\u0430\u043d\u0438\u0446\u0430\",\"item\":\"https:\\\/\\\/gazeta.am\\\/\"},{\"@type\":\"ListItem\",\"position\":2,\"name\":\"\u2026le silence se fit total dans la suite. Les huit m\u00e9decins se fig\u00e8rent, incr\u00e9dules.\"}]},{\"@type\":\"WebSite\",\"@id\":\"https:\\\/\\\/gazeta.am\\\/#website\",\"url\":\"https:\\\/\\\/gazeta.am\\\/\",\"name\":\"\",\"description\":\"\",\"potentialAction\":[{\"@type\":\"SearchAction\",\"target\":{\"@type\":\"EntryPoint\",\"urlTemplate\":\"https:\\\/\\\/gazeta.am\\\/?s={search_term_string}\"},\"query-input\":{\"@type\":\"PropertyValueSpecification\",\"valueRequired\":true,\"valueName\":\"search_term_string\"}}],\"inLanguage\":\"ru-RU\"},{\"@type\":\"Person\",\"@id\":\"https:\\\/\\\/gazeta.am\\\/#\\\/schema\\\/person\\\/987709955e760c9a1ebbb44776f8cccc\",\"name\":\"admin\",\"image\":{\"@type\":\"ImageObject\",\"inLanguage\":\"ru-RU\",\"@id\":\"https:\\\/\\\/secure.gravatar.com\\\/avatar\\\/a24f4ac3a683f3c87303db525abc00db51ea26ccedee11dfaf1cc0f9a481a5d2?s=96&d=mm&r=g\",\"url\":\"https:\\\/\\\/secure.gravatar.com\\\/avatar\\\/a24f4ac3a683f3c87303db525abc00db51ea26ccedee11dfaf1cc0f9a481a5d2?s=96&d=mm&r=g\",\"contentUrl\":\"https:\\\/\\\/secure.gravatar.com\\\/avatar\\\/a24f4ac3a683f3c87303db525abc00db51ea26ccedee11dfaf1cc0f9a481a5d2?s=96&d=mm&r=g\",\"caption\":\"admin\"},\"sameAs\":[\"http:\\\/\\\/gazeta.am\"],\"url\":\"https:\\\/\\\/gazeta.am\\\/?author=1\"}]}<\/script>\n<!-- \/ Yoast SEO plugin. -->","yoast_head_json":{"title":"\u2026le silence se fit total dans la suite. Les huit m\u00e9decins se fig\u00e8rent, incr\u00e9dules. -","robots":{"index":"index","follow":"follow","max-snippet":"max-snippet:-1","max-image-preview":"max-image-preview:large","max-video-preview":"max-video-preview:-1"},"canonical":"https:\/\/gazeta.am\/?p=1300","og_locale":"ru_RU","og_type":"article","og_title":"\u2026le silence se fit total dans la suite. Les huit m\u00e9decins se fig\u00e8rent, incr\u00e9dules. -","og_description":"Leurs yeux se pos\u00e8rent sur Mateo, ce gamin des rues qu\u2019ils avaient \u00e0 peine remarqu\u00e9 jusqu\u2019\u00e0 pr\u00e9sent, et qui, dans sa simplicit\u00e9 et","og_url":"https:\/\/gazeta.am\/?p=1300","article_published_time":"2026-03-28T14:04:55+00:00","article_modified_time":"2026-03-28T14:04:57+00:00","og_image":[{"width":508,"height":902,"url":"https:\/\/gazeta.am\/wp-content\/uploads\/2026\/03\/1q-13.jpg","type":"image\/jpeg"}],"author":"admin","twitter_card":"summary_large_image","twitter_misc":{"\u041d\u0430\u043f\u0438\u0441\u0430\u043d\u043e \u0430\u0432\u0442\u043e\u0440\u043e\u043c":"admin","\u041f\u0440\u0438\u043c\u0435\u0440\u043d\u043e\u0435 \u0432\u0440\u0435\u043c\u044f \u0434\u043b\u044f \u0447\u0442\u0435\u043d\u0438\u044f":"4 \u043c\u0438\u043d\u0443\u0442\u044b"},"schema":{"@context":"https:\/\/schema.org","@graph":[{"@type":"Article","@id":"https:\/\/gazeta.am\/?p=1300#article","isPartOf":{"@id":"https:\/\/gazeta.am\/?p=1300"},"author":{"name":"admin","@id":"https:\/\/gazeta.am\/#\/schema\/person\/987709955e760c9a1ebbb44776f8cccc"},"headline":"\u2026le silence se fit total dans la suite. Les huit m\u00e9decins se fig\u00e8rent, incr\u00e9dules.","datePublished":"2026-03-28T14:04:55+00:00","dateModified":"2026-03-28T14:04:57+00:00","mainEntityOfPage":{"@id":"https:\/\/gazeta.am\/?p=1300"},"wordCount":627,"commentCount":0,"image":{"@id":"https:\/\/gazeta.am\/?p=1300#primaryimage"},"thumbnailUrl":"https:\/\/gazeta.am\/wp-content\/uploads\/2026\/03\/1q-13.jpg","articleSection":["NEWS"],"inLanguage":"ru-RU","potentialAction":[{"@type":"CommentAction","name":"Comment","target":["https:\/\/gazeta.am\/?p=1300#respond"]}]},{"@type":"WebPage","@id":"https:\/\/gazeta.am\/?p=1300","url":"https:\/\/gazeta.am\/?p=1300","name":"\u2026le silence se fit total dans la suite. Les huit m\u00e9decins se fig\u00e8rent, incr\u00e9dules. -","isPartOf":{"@id":"https:\/\/gazeta.am\/#website"},"primaryImageOfPage":{"@id":"https:\/\/gazeta.am\/?p=1300#primaryimage"},"image":{"@id":"https:\/\/gazeta.am\/?p=1300#primaryimage"},"thumbnailUrl":"https:\/\/gazeta.am\/wp-content\/uploads\/2026\/03\/1q-13.jpg","datePublished":"2026-03-28T14:04:55+00:00","dateModified":"2026-03-28T14:04:57+00:00","author":{"@id":"https:\/\/gazeta.am\/#\/schema\/person\/987709955e760c9a1ebbb44776f8cccc"},"breadcrumb":{"@id":"https:\/\/gazeta.am\/?p=1300#breadcrumb"},"inLanguage":"ru-RU","potentialAction":[{"@type":"ReadAction","target":["https:\/\/gazeta.am\/?p=1300"]}]},{"@type":"ImageObject","inLanguage":"ru-RU","@id":"https:\/\/gazeta.am\/?p=1300#primaryimage","url":"https:\/\/gazeta.am\/wp-content\/uploads\/2026\/03\/1q-13.jpg","contentUrl":"https:\/\/gazeta.am\/wp-content\/uploads\/2026\/03\/1q-13.jpg","width":508,"height":902},{"@type":"BreadcrumbList","@id":"https:\/\/gazeta.am\/?p=1300#breadcrumb","itemListElement":[{"@type":"ListItem","position":1,"name":"\u0413\u043b\u0430\u0432\u043d\u0430\u044f \u0441\u0442\u0440\u0430\u043d\u0438\u0446\u0430","item":"https:\/\/gazeta.am\/"},{"@type":"ListItem","position":2,"name":"\u2026le silence se fit total dans la suite. Les huit m\u00e9decins se fig\u00e8rent, incr\u00e9dules."}]},{"@type":"WebSite","@id":"https:\/\/gazeta.am\/#website","url":"https:\/\/gazeta.am\/","name":"","description":"","potentialAction":[{"@type":"SearchAction","target":{"@type":"EntryPoint","urlTemplate":"https:\/\/gazeta.am\/?s={search_term_string}"},"query-input":{"@type":"PropertyValueSpecification","valueRequired":true,"valueName":"search_term_string"}}],"inLanguage":"ru-RU"},{"@type":"Person","@id":"https:\/\/gazeta.am\/#\/schema\/person\/987709955e760c9a1ebbb44776f8cccc","name":"admin","image":{"@type":"ImageObject","inLanguage":"ru-RU","@id":"https:\/\/secure.gravatar.com\/avatar\/a24f4ac3a683f3c87303db525abc00db51ea26ccedee11dfaf1cc0f9a481a5d2?s=96&d=mm&r=g","url":"https:\/\/secure.gravatar.com\/avatar\/a24f4ac3a683f3c87303db525abc00db51ea26ccedee11dfaf1cc0f9a481a5d2?s=96&d=mm&r=g","contentUrl":"https:\/\/secure.gravatar.com\/avatar\/a24f4ac3a683f3c87303db525abc00db51ea26ccedee11dfaf1cc0f9a481a5d2?s=96&d=mm&r=g","caption":"admin"},"sameAs":["http:\/\/gazeta.am"],"url":"https:\/\/gazeta.am\/?author=1"}]}},"_links":{"self":[{"href":"https:\/\/gazeta.am\/index.php?rest_route=\/wp\/v2\/posts\/1300","targetHints":{"allow":["GET"]}}],"collection":[{"href":"https:\/\/gazeta.am\/index.php?rest_route=\/wp\/v2\/posts"}],"about":[{"href":"https:\/\/gazeta.am\/index.php?rest_route=\/wp\/v2\/types\/post"}],"author":[{"embeddable":true,"href":"https:\/\/gazeta.am\/index.php?rest_route=\/wp\/v2\/users\/1"}],"replies":[{"embeddable":true,"href":"https:\/\/gazeta.am\/index.php?rest_route=%2Fwp%2Fv2%2Fcomments&post=1300"}],"version-history":[{"count":1,"href":"https:\/\/gazeta.am\/index.php?rest_route=\/wp\/v2\/posts\/1300\/revisions"}],"predecessor-version":[{"id":1302,"href":"https:\/\/gazeta.am\/index.php?rest_route=\/wp\/v2\/posts\/1300\/revisions\/1302"}],"wp:featuredmedia":[{"embeddable":true,"href":"https:\/\/gazeta.am\/index.php?rest_route=\/wp\/v2\/media\/1301"}],"wp:attachment":[{"href":"https:\/\/gazeta.am\/index.php?rest_route=%2Fwp%2Fv2%2Fmedia&parent=1300"}],"wp:term":[{"taxonomy":"category","embeddable":true,"href":"https:\/\/gazeta.am\/index.php?rest_route=%2Fwp%2Fv2%2Fcategories&post=1300"},{"taxonomy":"post_tag","embeddable":true,"href":"https:\/\/gazeta.am\/index.php?rest_route=%2Fwp%2Fv2%2Ftags&post=1300"}],"curies":[{"name":"wp","href":"https:\/\/api.w.org\/{rel}","templated":true}]}}