{"id":1288,"date":"2026-03-28T15:25:28","date_gmt":"2026-03-28T12:25:28","guid":{"rendered":"https:\/\/gazeta.am\/?p=1288"},"modified":"2026-03-28T15:25:30","modified_gmt":"2026-03-28T12:25:30","slug":"a-72-ans-il-se-promenait-sur-la-plage-les-pieds-effleurant-le-sable-encore-chaud-du-matin-le-soleil-se-refletait-sur-les-vagues-et-lair-sale-venait-caresser-son-visage-il-pensait-que-cet","status":"publish","type":"post","link":"https:\/\/gazeta.am\/?p=1288","title":{"rendered":"\u00c0 72 ans, il se promenait sur la plage, les pieds effleurant le sable encore chaud du matin. Le soleil se refl\u00e9tait sur les vagues, et l\u2019air sal\u00e9 venait caresser son visage. Il pensait que cette journ\u00e9e serait comme tant d\u2019autres : tranquille, monotone, presque ordinaire."},"content":{"rendered":"\n<p>Puis, son regard tomba sur elle.<\/p>\n\n\n\n<p>Elle marchait avec une aisance rare, les \u00e9paules droites, la t\u00eate haute, dans un maillot de bain audacieux et color\u00e9. Les rayons du soleil semblaient danser sur sa peau, et chaque mouvement qu\u2019elle faisait respirait une confiance qui d\u00e9stabilisait et captivait \u00e0 la fois.<\/p>\n\n\n\n<p>Il s\u2019arr\u00eata. Immobile.<\/p>\n\n\n\n<p>\u2014 \u00c0 son \u00e2ge\u2026 se murmura-t-il \u00e0 lui-m\u00eame. Elle a quelque chose\u2026 quelque chose que je n\u2019avais pas imagin\u00e9 voir ici.<\/p>\n\n\n\n<p>La plage s\u2019\u00e9tendait autour d\u2019eux, mais il n\u2019y avait soudain plus personne. Juste elle et sa pr\u00e9sence \u00e9clatante. Une pr\u00e9sence qui semblait d\u00e9fier le temps lui-m\u00eame.<\/p>\n\n\n\n<figure class=\"wp-block-image size-full\"><img loading=\"lazy\" decoding=\"async\" width=\"487\" height=\"658\" src=\"https:\/\/gazeta.am\/wp-content\/uploads\/2026\/03\/1q-10.jpg\" alt=\"\" class=\"wp-image-1289\" srcset=\"https:\/\/gazeta.am\/wp-content\/uploads\/2026\/03\/1q-10.jpg 487w, https:\/\/gazeta.am\/wp-content\/uploads\/2026\/03\/1q-10-222x300.jpg 222w\" sizes=\"auto, (max-width: 487px) 100vw, 487px\" \/><\/figure>\n\n\n\n<p>Le lendemain, il retourna \u00e0 la m\u00eame plage, presque par hasard. Et l\u00e0, elle \u00e9tait de nouveau. Marchant avec la m\u00eame gr\u00e2ce, la m\u00eame \u00e9nergie. Ses cheveux argent\u00e9s ondulaient au vent, et il y avait dans son sourire quelque chose de lumineux, de contagieux.<\/p>\n\n\n\n<p>Elle n\u2019avait pas chang\u00e9. Mais lui\u2026 lui, avait chang\u00e9. Quelque chose en lui vacillait devant une telle confiance. Il ressentit une admiration m\u00eal\u00e9e d\u2019une question profonde : qu\u2019est-ce qui, au fil des ann\u00e9es, rend les gens beaux et inspirants ? \u00c9tait-ce la discr\u00e9tion, la modestie, la retenue que la soci\u00e9t\u00e9 nous enseigne ? Ou \u00e9tait-ce, comme elle le d\u00e9montrait sans effort, la pure confiance en soi, le courage de s\u2019affirmer et d\u2019embrasser son corps et son \u00e2ge ?<\/p>\n\n\n\n<p>Pouss\u00e9 par une curiosit\u00e9 m\u00eal\u00e9e d\u2019inqui\u00e9tude, il s\u2019approcha doucement.<\/p>\n\n\n\n<p>\u2014 Excusez-moi\u2026 murmura-t-il, presque h\u00e9sitant. Peut-\u00eatre que\u2026 vous devriez envisager des maillots un peu plus\u2026 disons\u2026 discrets ?<\/p>\n\n\n\n<p>Elle le regarda. Un \u00e9clat de surprise traversa son visage, mais il fut rapidement remplac\u00e9 par un rire franc et chaleureux.<\/p>\n\n\n\n<p>\u2014 Discrets ? s\u2019\u00e9tonna-t-elle, un sourire malicieux aux l\u00e8vres. Vous croyez que le corps a un \u00e2ge pour \u00eatre vu ou cach\u00e9 ? Non. On s\u2019habille pour soi, pas pour les autres.<\/p>\n\n\n\n<p>Elle fit un geste de la main, l\u00e9ger, comme pour balayer ses inqui\u00e9tudes, et continua son chemin, le dos droit, la t\u00eate haute. Chaque pas semblait dire : \u00ab Mon corps, mon \u00e2ge, mon choix. \u00bb<\/p>\n\n\n\n<p>Il resta l\u00e0, fig\u00e9, contemplant son d\u00e9part. Il comprit alors que la v\u00e9ritable \u00e9l\u00e9gance ne r\u00e9side pas seulement dans la sophistication, les couleurs sobres ou la retenue. Elle r\u00e9side dans l\u2019acceptation de soi. Dans le courage d\u2019affirmer sa pr\u00e9sence, son \u00e9nergie et sa beaut\u00e9, m\u00eame face aux regards et aux jugements.<\/p>\n\n\n\n<p>Ce simple \u00e9change \u00e9veilla quelque chose en lui : un m\u00e9lange de r\u00e9flexion et d\u2019inspiration. \u00c0 72 ans, pouvait-il encore apprendre \u00e0 s\u2019affirmer ? \u00c0 c\u00e9l\u00e9brer son propre corps, son \u00e2ge, ses exp\u00e9riences, sans se cacher derri\u00e8re des conventions ou des id\u00e9es re\u00e7ues ?<\/p>\n\n\n\n<p>Et plus profond\u00e9ment, il se demanda : pourquoi, si souvent, la soci\u00e9t\u00e9 nous enseigne-t-elle que vieillir signifie se faire discret, s\u2019effacer, devenir invisible ? Pourquoi la confiance en soi semble-t-elle \u00eatre une audace que l\u2019on ne s\u2019autorise que rarement ?<\/p>\n\n\n\n<p>Elle, elle avait choisi l\u2019audace. La joie. L\u2019affirmation.<\/p>\n\n\n\n<p>Et c\u2019\u00e9tait magnifique.<\/p>\n\n\n\n<p>Son courage silencieux posait une question universelle : peut-on vieillir tout en restant vibrant, \u00e9l\u00e9gant et confiant ? Peut-on c\u00e9l\u00e9brer son corps et son \u00e2ge, sans chercher \u00e0 se conformer \u00e0 ce que l\u2019on croit que les autres attendent ?<\/p>\n\n\n\n<p>En la regardant dispara\u00eetre au loin, il sentit un \u00e9lan nouveau. Un souffle de libert\u00e9. Un rappel que la vie n\u2019a pas de limite pour ceux qui osent s\u2019aimer tels qu\u2019ils sont.<\/p>\n\n\n\n<p>Ce jour-l\u00e0, il comprit que l\u2019\u00e9l\u00e9gance v\u00e9ritable ne se mesure pas aux v\u00eatements ni aux conventions sociales. Elle se mesure \u00e0 la force de l\u2019\u00e2me. \u00c0 la lumi\u00e8re que l\u2019on porte en soi et que l\u2019on ose partager avec le monde.<\/p>\n\n\n\n<p>Et il se promit quelque chose : qu\u2019importe son \u00e2ge, qu\u2019importe le regard des autres, il apprendrait \u00e0 marcher lui aussi avec assurance, \u00e0 accepter chaque ride, chaque souvenir, chaque cicatrice, et \u00e0 c\u00e9l\u00e9brer la vie\u2026 comme elle le faisait.<\/p>\n","protected":false},"excerpt":{"rendered":"Puis, son regard tomba sur elle. Elle marchait avec une aisance rare, les \u00e9paules droites, la t\u00eate haute, dans un maillot de bain \n<a class=\"moretag\" href=\"https:\/\/gazeta.am\/?p=1288\"> [...]<\/a>","protected":false},"author":1,"featured_media":1289,"comment_status":"open","ping_status":"open","sticky":false,"template":"","format":"standard","meta":{"footnotes":""},"categories":[1],"tags":[],"class_list":["post-1288","post","type-post","status-publish","format-standard","has-post-thumbnail","hentry","category-1"],"yoast_head":"<!-- This site is optimized with the Yoast SEO plugin v27.4 - https:\/\/yoast.com\/product\/yoast-seo-wordpress\/ -->\n<title>\u00c0 72 ans, il se promenait sur la plage, les pieds effleurant le sable encore chaud du matin. Le soleil se refl\u00e9tait sur les vagues, et l\u2019air sal\u00e9 venait caresser son visage. Il pensait que cette journ\u00e9e serait comme tant d\u2019autres : tranquille, monotone, presque ordinaire. -<\/title>\n<meta name=\"robots\" content=\"index, follow, max-snippet:-1, max-image-preview:large, max-video-preview:-1\" \/>\n<link rel=\"canonical\" href=\"https:\/\/gazeta.am\/?p=1288\" \/>\n<meta property=\"og:locale\" content=\"ru_RU\" \/>\n<meta property=\"og:type\" content=\"article\" \/>\n<meta property=\"og:title\" content=\"\u00c0 72 ans, il se promenait sur la plage, les pieds effleurant le sable encore chaud du matin. Le soleil se refl\u00e9tait sur les vagues, et l\u2019air sal\u00e9 venait caresser son visage. Il pensait que cette journ\u00e9e serait comme tant d\u2019autres : tranquille, monotone, presque ordinaire. -\" \/>\n<meta property=\"og:description\" content=\"Puis, son regard tomba sur elle. Elle marchait avec une aisance rare, les \u00e9paules droites, la t\u00eate haute, dans un maillot de bain\" \/>\n<meta property=\"og:url\" content=\"https:\/\/gazeta.am\/?p=1288\" \/>\n<meta property=\"article:published_time\" content=\"2026-03-28T12:25:28+00:00\" \/>\n<meta property=\"article:modified_time\" content=\"2026-03-28T12:25:30+00:00\" \/>\n<meta property=\"og:image\" content=\"https:\/\/gazeta.am\/wp-content\/uploads\/2026\/03\/1q-10.jpg\" \/>\n\t<meta property=\"og:image:width\" content=\"487\" \/>\n\t<meta property=\"og:image:height\" content=\"658\" \/>\n\t<meta property=\"og:image:type\" content=\"image\/jpeg\" \/>\n<meta name=\"author\" content=\"admin\" \/>\n<meta name=\"twitter:card\" content=\"summary_large_image\" \/>\n<meta name=\"twitter:label1\" content=\"\u041d\u0430\u043f\u0438\u0441\u0430\u043d\u043e \u0430\u0432\u0442\u043e\u0440\u043e\u043c\" \/>\n\t<meta name=\"twitter:data1\" content=\"admin\" \/>\n\t<meta name=\"twitter:label2\" content=\"\u041f\u0440\u0438\u043c\u0435\u0440\u043d\u043e\u0435 \u0432\u0440\u0435\u043c\u044f \u0434\u043b\u044f \u0447\u0442\u0435\u043d\u0438\u044f\" \/>\n\t<meta name=\"twitter:data2\" content=\"4 \u043c\u0438\u043d\u0443\u0442\u044b\" \/>\n<script type=\"application\/ld+json\" class=\"yoast-schema-graph\">{\"@context\":\"https:\\\/\\\/schema.org\",\"@graph\":[{\"@type\":\"Article\",\"@id\":\"https:\\\/\\\/gazeta.am\\\/?p=1288#article\",\"isPartOf\":{\"@id\":\"https:\\\/\\\/gazeta.am\\\/?p=1288\"},\"author\":{\"name\":\"admin\",\"@id\":\"https:\\\/\\\/gazeta.am\\\/#\\\/schema\\\/person\\\/987709955e760c9a1ebbb44776f8cccc\"},\"headline\":\"\u00c0 72 ans, il se promenait sur la plage, les pieds effleurant le sable encore chaud du matin. Le soleil se refl\u00e9tait sur les vagues, et l\u2019air sal\u00e9 venait caresser son visage. Il pensait que cette journ\u00e9e serait comme tant d\u2019autres : tranquille, monotone, presque ordinaire.\",\"datePublished\":\"2026-03-28T12:25:28+00:00\",\"dateModified\":\"2026-03-28T12:25:30+00:00\",\"mainEntityOfPage\":{\"@id\":\"https:\\\/\\\/gazeta.am\\\/?p=1288\"},\"wordCount\":736,\"commentCount\":0,\"image\":{\"@id\":\"https:\\\/\\\/gazeta.am\\\/?p=1288#primaryimage\"},\"thumbnailUrl\":\"https:\\\/\\\/gazeta.am\\\/wp-content\\\/uploads\\\/2026\\\/03\\\/1q-10.jpg\",\"articleSection\":[\"NEWS\"],\"inLanguage\":\"ru-RU\",\"potentialAction\":[{\"@type\":\"CommentAction\",\"name\":\"Comment\",\"target\":[\"https:\\\/\\\/gazeta.am\\\/?p=1288#respond\"]}]},{\"@type\":\"WebPage\",\"@id\":\"https:\\\/\\\/gazeta.am\\\/?p=1288\",\"url\":\"https:\\\/\\\/gazeta.am\\\/?p=1288\",\"name\":\"\u00c0 72 ans, il se promenait sur la plage, les pieds effleurant le sable encore chaud du matin. Le soleil se refl\u00e9tait sur les vagues, et l\u2019air sal\u00e9 venait caresser son visage. Il pensait que cette journ\u00e9e serait comme tant d\u2019autres : tranquille, monotone, presque ordinaire. -\",\"isPartOf\":{\"@id\":\"https:\\\/\\\/gazeta.am\\\/#website\"},\"primaryImageOfPage\":{\"@id\":\"https:\\\/\\\/gazeta.am\\\/?p=1288#primaryimage\"},\"image\":{\"@id\":\"https:\\\/\\\/gazeta.am\\\/?p=1288#primaryimage\"},\"thumbnailUrl\":\"https:\\\/\\\/gazeta.am\\\/wp-content\\\/uploads\\\/2026\\\/03\\\/1q-10.jpg\",\"datePublished\":\"2026-03-28T12:25:28+00:00\",\"dateModified\":\"2026-03-28T12:25:30+00:00\",\"author\":{\"@id\":\"https:\\\/\\\/gazeta.am\\\/#\\\/schema\\\/person\\\/987709955e760c9a1ebbb44776f8cccc\"},\"breadcrumb\":{\"@id\":\"https:\\\/\\\/gazeta.am\\\/?p=1288#breadcrumb\"},\"inLanguage\":\"ru-RU\",\"potentialAction\":[{\"@type\":\"ReadAction\",\"target\":[\"https:\\\/\\\/gazeta.am\\\/?p=1288\"]}]},{\"@type\":\"ImageObject\",\"inLanguage\":\"ru-RU\",\"@id\":\"https:\\\/\\\/gazeta.am\\\/?p=1288#primaryimage\",\"url\":\"https:\\\/\\\/gazeta.am\\\/wp-content\\\/uploads\\\/2026\\\/03\\\/1q-10.jpg\",\"contentUrl\":\"https:\\\/\\\/gazeta.am\\\/wp-content\\\/uploads\\\/2026\\\/03\\\/1q-10.jpg\",\"width\":487,\"height\":658},{\"@type\":\"BreadcrumbList\",\"@id\":\"https:\\\/\\\/gazeta.am\\\/?p=1288#breadcrumb\",\"itemListElement\":[{\"@type\":\"ListItem\",\"position\":1,\"name\":\"\u0413\u043b\u0430\u0432\u043d\u0430\u044f \u0441\u0442\u0440\u0430\u043d\u0438\u0446\u0430\",\"item\":\"https:\\\/\\\/gazeta.am\\\/\"},{\"@type\":\"ListItem\",\"position\":2,\"name\":\"\u00c0 72 ans, il se promenait sur la plage, les pieds effleurant le sable encore chaud du matin. Le soleil se refl\u00e9tait sur les vagues, et l\u2019air sal\u00e9 venait caresser son visage. Il pensait que cette journ\u00e9e serait comme tant d\u2019autres : tranquille, monotone, presque ordinaire.\"}]},{\"@type\":\"WebSite\",\"@id\":\"https:\\\/\\\/gazeta.am\\\/#website\",\"url\":\"https:\\\/\\\/gazeta.am\\\/\",\"name\":\"\",\"description\":\"\",\"potentialAction\":[{\"@type\":\"SearchAction\",\"target\":{\"@type\":\"EntryPoint\",\"urlTemplate\":\"https:\\\/\\\/gazeta.am\\\/?s={search_term_string}\"},\"query-input\":{\"@type\":\"PropertyValueSpecification\",\"valueRequired\":true,\"valueName\":\"search_term_string\"}}],\"inLanguage\":\"ru-RU\"},{\"@type\":\"Person\",\"@id\":\"https:\\\/\\\/gazeta.am\\\/#\\\/schema\\\/person\\\/987709955e760c9a1ebbb44776f8cccc\",\"name\":\"admin\",\"image\":{\"@type\":\"ImageObject\",\"inLanguage\":\"ru-RU\",\"@id\":\"https:\\\/\\\/secure.gravatar.com\\\/avatar\\\/a24f4ac3a683f3c87303db525abc00db51ea26ccedee11dfaf1cc0f9a481a5d2?s=96&d=mm&r=g\",\"url\":\"https:\\\/\\\/secure.gravatar.com\\\/avatar\\\/a24f4ac3a683f3c87303db525abc00db51ea26ccedee11dfaf1cc0f9a481a5d2?s=96&d=mm&r=g\",\"contentUrl\":\"https:\\\/\\\/secure.gravatar.com\\\/avatar\\\/a24f4ac3a683f3c87303db525abc00db51ea26ccedee11dfaf1cc0f9a481a5d2?s=96&d=mm&r=g\",\"caption\":\"admin\"},\"sameAs\":[\"http:\\\/\\\/gazeta.am\"],\"url\":\"https:\\\/\\\/gazeta.am\\\/?author=1\"}]}<\/script>\n<!-- \/ Yoast SEO plugin. -->","yoast_head_json":{"title":"\u00c0 72 ans, il se promenait sur la plage, les pieds effleurant le sable encore chaud du matin. Le soleil se refl\u00e9tait sur les vagues, et l\u2019air sal\u00e9 venait caresser son visage. Il pensait que cette journ\u00e9e serait comme tant d\u2019autres : tranquille, monotone, presque ordinaire. -","robots":{"index":"index","follow":"follow","max-snippet":"max-snippet:-1","max-image-preview":"max-image-preview:large","max-video-preview":"max-video-preview:-1"},"canonical":"https:\/\/gazeta.am\/?p=1288","og_locale":"ru_RU","og_type":"article","og_title":"\u00c0 72 ans, il se promenait sur la plage, les pieds effleurant le sable encore chaud du matin. Le soleil se refl\u00e9tait sur les vagues, et l\u2019air sal\u00e9 venait caresser son visage. Il pensait que cette journ\u00e9e serait comme tant d\u2019autres : tranquille, monotone, presque ordinaire. -","og_description":"Puis, son regard tomba sur elle. Elle marchait avec une aisance rare, les \u00e9paules droites, la t\u00eate haute, dans un maillot de bain","og_url":"https:\/\/gazeta.am\/?p=1288","article_published_time":"2026-03-28T12:25:28+00:00","article_modified_time":"2026-03-28T12:25:30+00:00","og_image":[{"width":487,"height":658,"url":"https:\/\/gazeta.am\/wp-content\/uploads\/2026\/03\/1q-10.jpg","type":"image\/jpeg"}],"author":"admin","twitter_card":"summary_large_image","twitter_misc":{"\u041d\u0430\u043f\u0438\u0441\u0430\u043d\u043e \u0430\u0432\u0442\u043e\u0440\u043e\u043c":"admin","\u041f\u0440\u0438\u043c\u0435\u0440\u043d\u043e\u0435 \u0432\u0440\u0435\u043c\u044f \u0434\u043b\u044f \u0447\u0442\u0435\u043d\u0438\u044f":"4 \u043c\u0438\u043d\u0443\u0442\u044b"},"schema":{"@context":"https:\/\/schema.org","@graph":[{"@type":"Article","@id":"https:\/\/gazeta.am\/?p=1288#article","isPartOf":{"@id":"https:\/\/gazeta.am\/?p=1288"},"author":{"name":"admin","@id":"https:\/\/gazeta.am\/#\/schema\/person\/987709955e760c9a1ebbb44776f8cccc"},"headline":"\u00c0 72 ans, il se promenait sur la plage, les pieds effleurant le sable encore chaud du matin. Le soleil se refl\u00e9tait sur les vagues, et l\u2019air sal\u00e9 venait caresser son visage. Il pensait que cette journ\u00e9e serait comme tant d\u2019autres : tranquille, monotone, presque ordinaire.","datePublished":"2026-03-28T12:25:28+00:00","dateModified":"2026-03-28T12:25:30+00:00","mainEntityOfPage":{"@id":"https:\/\/gazeta.am\/?p=1288"},"wordCount":736,"commentCount":0,"image":{"@id":"https:\/\/gazeta.am\/?p=1288#primaryimage"},"thumbnailUrl":"https:\/\/gazeta.am\/wp-content\/uploads\/2026\/03\/1q-10.jpg","articleSection":["NEWS"],"inLanguage":"ru-RU","potentialAction":[{"@type":"CommentAction","name":"Comment","target":["https:\/\/gazeta.am\/?p=1288#respond"]}]},{"@type":"WebPage","@id":"https:\/\/gazeta.am\/?p=1288","url":"https:\/\/gazeta.am\/?p=1288","name":"\u00c0 72 ans, il se promenait sur la plage, les pieds effleurant le sable encore chaud du matin. Le soleil se refl\u00e9tait sur les vagues, et l\u2019air sal\u00e9 venait caresser son visage. Il pensait que cette journ\u00e9e serait comme tant d\u2019autres : tranquille, monotone, presque ordinaire. -","isPartOf":{"@id":"https:\/\/gazeta.am\/#website"},"primaryImageOfPage":{"@id":"https:\/\/gazeta.am\/?p=1288#primaryimage"},"image":{"@id":"https:\/\/gazeta.am\/?p=1288#primaryimage"},"thumbnailUrl":"https:\/\/gazeta.am\/wp-content\/uploads\/2026\/03\/1q-10.jpg","datePublished":"2026-03-28T12:25:28+00:00","dateModified":"2026-03-28T12:25:30+00:00","author":{"@id":"https:\/\/gazeta.am\/#\/schema\/person\/987709955e760c9a1ebbb44776f8cccc"},"breadcrumb":{"@id":"https:\/\/gazeta.am\/?p=1288#breadcrumb"},"inLanguage":"ru-RU","potentialAction":[{"@type":"ReadAction","target":["https:\/\/gazeta.am\/?p=1288"]}]},{"@type":"ImageObject","inLanguage":"ru-RU","@id":"https:\/\/gazeta.am\/?p=1288#primaryimage","url":"https:\/\/gazeta.am\/wp-content\/uploads\/2026\/03\/1q-10.jpg","contentUrl":"https:\/\/gazeta.am\/wp-content\/uploads\/2026\/03\/1q-10.jpg","width":487,"height":658},{"@type":"BreadcrumbList","@id":"https:\/\/gazeta.am\/?p=1288#breadcrumb","itemListElement":[{"@type":"ListItem","position":1,"name":"\u0413\u043b\u0430\u0432\u043d\u0430\u044f \u0441\u0442\u0440\u0430\u043d\u0438\u0446\u0430","item":"https:\/\/gazeta.am\/"},{"@type":"ListItem","position":2,"name":"\u00c0 72 ans, il se promenait sur la plage, les pieds effleurant le sable encore chaud du matin. Le soleil se refl\u00e9tait sur les vagues, et l\u2019air sal\u00e9 venait caresser son visage. Il pensait que cette journ\u00e9e serait comme tant d\u2019autres : tranquille, monotone, presque ordinaire."}]},{"@type":"WebSite","@id":"https:\/\/gazeta.am\/#website","url":"https:\/\/gazeta.am\/","name":"","description":"","potentialAction":[{"@type":"SearchAction","target":{"@type":"EntryPoint","urlTemplate":"https:\/\/gazeta.am\/?s={search_term_string}"},"query-input":{"@type":"PropertyValueSpecification","valueRequired":true,"valueName":"search_term_string"}}],"inLanguage":"ru-RU"},{"@type":"Person","@id":"https:\/\/gazeta.am\/#\/schema\/person\/987709955e760c9a1ebbb44776f8cccc","name":"admin","image":{"@type":"ImageObject","inLanguage":"ru-RU","@id":"https:\/\/secure.gravatar.com\/avatar\/a24f4ac3a683f3c87303db525abc00db51ea26ccedee11dfaf1cc0f9a481a5d2?s=96&d=mm&r=g","url":"https:\/\/secure.gravatar.com\/avatar\/a24f4ac3a683f3c87303db525abc00db51ea26ccedee11dfaf1cc0f9a481a5d2?s=96&d=mm&r=g","contentUrl":"https:\/\/secure.gravatar.com\/avatar\/a24f4ac3a683f3c87303db525abc00db51ea26ccedee11dfaf1cc0f9a481a5d2?s=96&d=mm&r=g","caption":"admin"},"sameAs":["http:\/\/gazeta.am"],"url":"https:\/\/gazeta.am\/?author=1"}]}},"_links":{"self":[{"href":"https:\/\/gazeta.am\/index.php?rest_route=\/wp\/v2\/posts\/1288","targetHints":{"allow":["GET"]}}],"collection":[{"href":"https:\/\/gazeta.am\/index.php?rest_route=\/wp\/v2\/posts"}],"about":[{"href":"https:\/\/gazeta.am\/index.php?rest_route=\/wp\/v2\/types\/post"}],"author":[{"embeddable":true,"href":"https:\/\/gazeta.am\/index.php?rest_route=\/wp\/v2\/users\/1"}],"replies":[{"embeddable":true,"href":"https:\/\/gazeta.am\/index.php?rest_route=%2Fwp%2Fv2%2Fcomments&post=1288"}],"version-history":[{"count":1,"href":"https:\/\/gazeta.am\/index.php?rest_route=\/wp\/v2\/posts\/1288\/revisions"}],"predecessor-version":[{"id":1290,"href":"https:\/\/gazeta.am\/index.php?rest_route=\/wp\/v2\/posts\/1288\/revisions\/1290"}],"wp:featuredmedia":[{"embeddable":true,"href":"https:\/\/gazeta.am\/index.php?rest_route=\/wp\/v2\/media\/1289"}],"wp:attachment":[{"href":"https:\/\/gazeta.am\/index.php?rest_route=%2Fwp%2Fv2%2Fmedia&parent=1288"}],"wp:term":[{"taxonomy":"category","embeddable":true,"href":"https:\/\/gazeta.am\/index.php?rest_route=%2Fwp%2Fv2%2Fcategories&post=1288"},{"taxonomy":"post_tag","embeddable":true,"href":"https:\/\/gazeta.am\/index.php?rest_route=%2Fwp%2Fv2%2Ftags&post=1288"}],"curies":[{"name":"wp","href":"https:\/\/api.w.org\/{rel}","templated":true}]}}