{"id":1249,"date":"2026-03-27T21:54:05","date_gmt":"2026-03-27T18:54:05","guid":{"rendered":"https:\/\/gazeta.am\/?p=1249"},"modified":"2026-03-27T21:54:07","modified_gmt":"2026-03-27T18:54:07","slug":"un-lundi-matin-ordinaire","status":"publish","type":"post","link":"https:\/\/gazeta.am\/?p=1249","title":{"rendered":"Un lundi matin ordinaire."},"content":{"rendered":"\n<p>C\u2019est ainsi que tout avait commenc\u00e9.<\/p>\n\n\n\n<p>Un de ces matins o\u00f9 rien ne semble annoncer qu\u2019une vie est sur le point de basculer.<\/p>\n\n\n\n<hr class=\"wp-block-separator has-alpha-channel-opacity\"\/>\n\n\n\n<p>Le hall des urgences \u00e9tait d\u00e9j\u00e0 satur\u00e9. Des brancards align\u00e9s, des voix fatigu\u00e9es, le bourdonnement constant des machines. L\u2019odeur d\u2019antiseptique se m\u00ealait \u00e0 celle du caf\u00e9 froid. Le personnel avan\u00e7ait vite, trop vite, comme s\u2019il tentait de rattraper un temps qui leur \u00e9chappait.<\/p>\n\n\n\n<p>Et au milieu de ce chaos contr\u00f4l\u00e9, Claire.<\/p>\n\n\n\n<p>34 ans.<\/p>\n\n\n\n<p>Pli\u00e9e en deux.<\/p>\n\n\n\n<p>Bris\u00e9e.<\/p>\n\n\n\n<figure class=\"wp-block-image size-full\"><img loading=\"lazy\" decoding=\"async\" width=\"922\" height=\"477\" src=\"https:\/\/gazeta.am\/wp-content\/uploads\/2026\/03\/1r-1.jpg\" alt=\"\" class=\"wp-image-1250\" srcset=\"https:\/\/gazeta.am\/wp-content\/uploads\/2026\/03\/1r-1.jpg 922w, https:\/\/gazeta.am\/wp-content\/uploads\/2026\/03\/1r-1-300x155.jpg 300w, https:\/\/gazeta.am\/wp-content\/uploads\/2026\/03\/1r-1-768x397.jpg 768w\" sizes=\"auto, (max-width: 922px) 100vw, 922px\" \/><\/figure>\n\n\n\n<hr class=\"wp-block-separator has-alpha-channel-opacity\"\/>\n\n\n\n<p>\u2014 Sur une \u00e9chelle de 1 \u00e0 10, votre douleur ? demanda l\u2019infirmier sans lever compl\u00e8tement les yeux de son \u00e9cran.<\/p>\n\n\n\n<p>Claire tenta de r\u00e9pondre, mais un spasme violent la coupa.<\/p>\n\n\n\n<p>\u2014 \u2026douze\u2026 souffla-t-elle, la voix tremblante.<\/p>\n\n\n\n<p>L\u2019homme leva enfin les yeux.<\/p>\n\n\n\n<p>Il comprit imm\u00e9diatement que ce n\u2019\u00e9tait pas une exag\u00e9ration.<\/p>\n\n\n\n<hr class=\"wp-block-separator has-alpha-channel-opacity\"\/>\n\n\n\n<p>Elle fut install\u00e9e sur un brancard. Perfusion. Prise de sang. Surveillance des constantes.<\/p>\n\n\n\n<p>Tout allait vite.<\/p>\n\n\n\n<p>Trop vite.<\/p>\n\n\n\n<p>Mais pas assez pour calmer la douleur qui semblait lui d\u00e9chirer l\u2019int\u00e9rieur.<\/p>\n\n\n\n<hr class=\"wp-block-separator has-alpha-channel-opacity\"\/>\n\n\n\n<p>Le premier diagnostic tomba rapidement :<\/p>\n\n\n\n<p>Appendicite probable.<\/p>\n\n\n\n<p>Classique.<\/p>\n\n\n\n<p>Presque rassurant.<\/p>\n\n\n\n<hr class=\"wp-block-separator has-alpha-channel-opacity\"\/>\n\n\n\n<p>Mais quelque chose clochait.<\/p>\n\n\n\n<hr class=\"wp-block-separator has-alpha-channel-opacity\"\/>\n\n\n\n<p>Le m\u00e9decin urgentiste, le docteur Morel, fron\u00e7a les sourcils en examinant les r\u00e9sultats.<\/p>\n\n\n\n<p>\u2014 Les marqueurs inflammatoires sont \u00e9lev\u00e9s\u2026 mais pas autant qu\u2019on le verrait pour une appendicite aigu\u00eb, murmura-t-il.<\/p>\n\n\n\n<p>Claire, \u00e0 moiti\u00e9 consciente, sentit une nouvelle vague de douleur remonter.<\/p>\n\n\n\n<p>Mais cette fois\u2026<\/p>\n\n\n\n<p>elle n\u2019\u00e9tait pas seulement physique.<\/p>\n\n\n\n<hr class=\"wp-block-separator has-alpha-channel-opacity\"\/>\n\n\n\n<p>\u2014 \u00c7a bouge\u2026 chuchota-t-elle.<\/p>\n\n\n\n<hr class=\"wp-block-separator has-alpha-channel-opacity\"\/>\n\n\n\n<p>Le m\u00e9decin s\u2019arr\u00eata.<\/p>\n\n\n\n<p>\u2014 Pardon ?<\/p>\n\n\n\n<hr class=\"wp-block-separator has-alpha-channel-opacity\"\/>\n\n\n\n<p>\u2014 L\u00e0\u2026 dans mon ventre\u2026 \u00e7a bouge\u2026<\/p>\n\n\n\n<hr class=\"wp-block-separator has-alpha-channel-opacity\"\/>\n\n\n\n<p>Un silence.<\/p>\n\n\n\n<p>Court.<\/p>\n\n\n\n<p>Mais lourd.<\/p>\n\n\n\n<hr class=\"wp-block-separator has-alpha-channel-opacity\"\/>\n\n\n\n<p>Morel \u00e9changea un regard avec l\u2019infirmi\u00e8re.<\/p>\n\n\n\n<p>\u2014<\/p>\n\n\n\n<p>Stress.<\/p>\n\n\n\n<p>Douleur.<\/p>\n\n\n\n<p>D\u00e9lire.<\/p>\n\n\n\n<p>\u2014<\/p>\n\n\n\n<p>C\u2019est ce qu\u2019il pensa.<\/p>\n\n\n\n<hr class=\"wp-block-separator has-alpha-channel-opacity\"\/>\n\n\n\n<p>Mais quelque chose dans le regard de Claire\u2026<\/p>\n\n\n\n<p>une terreur brute, visc\u00e9rale\u2026<\/p>\n\n\n\n<p>le fit h\u00e9siter.<\/p>\n\n\n\n<hr class=\"wp-block-separator has-alpha-channel-opacity\"\/>\n\n\n\n<p>On d\u00e9cida de l\u2019envoyer en imagerie.<\/p>\n\n\n\n<p>Scanner abdominal.<\/p>\n\n\n\n<p>Urgent.<\/p>\n\n\n\n<hr class=\"wp-block-separator has-alpha-channel-opacity\"\/>\n\n\n\n<p>Le trajet jusqu\u2019au service de radiologie fut un cauchemar pour Claire.<\/p>\n\n\n\n<p>Chaque mouvement du brancard d\u00e9clenchait une douleur plus intense.<\/p>\n\n\n\n<p>Mais ce n\u2019\u00e9tait pas \u00e7a le pire.<\/p>\n\n\n\n<hr class=\"wp-block-separator has-alpha-channel-opacity\"\/>\n\n\n\n<p>Le pire\u2026<\/p>\n\n\n\n<p>c\u2019\u00e9tait cette sensation.<\/p>\n\n\n\n<hr class=\"wp-block-separator has-alpha-channel-opacity\"\/>\n\n\n\n<p>Quelque chose.<\/p>\n\n\n\n<p>\u00c0 l\u2019int\u00e9rieur.<\/p>\n\n\n\n<hr class=\"wp-block-separator has-alpha-channel-opacity\"\/>\n\n\n\n<p>Comme si\u2026 quelque chose cherchait \u00e0 sortir.<\/p>\n\n\n\n<hr class=\"wp-block-separator has-alpha-channel-opacity\"\/>\n\n\n\n<p>Le scanner fut lanc\u00e9.<\/p>\n\n\n\n<p>Silence.<\/p>\n\n\n\n<p>Machines.<\/p>\n\n\n\n<p>Bips r\u00e9guliers.<\/p>\n\n\n\n<hr class=\"wp-block-separator has-alpha-channel-opacity\"\/>\n\n\n\n<p>Puis\u2026<\/p>\n\n\n\n<p>l\u2019image apparut.<\/p>\n\n\n\n<hr class=\"wp-block-separator has-alpha-channel-opacity\"\/>\n\n\n\n<p>Le radiologue resta fig\u00e9.<\/p>\n\n\n\n<hr class=\"wp-block-separator has-alpha-channel-opacity\"\/>\n\n\n\n<p>\u2014 Ce n\u2019est pas possible\u2026 murmura-t-il.<\/p>\n\n\n\n<hr class=\"wp-block-separator has-alpha-channel-opacity\"\/>\n\n\n\n<p>Il zooma.<\/p>\n\n\n\n<p>Ajusta le contraste.<\/p>\n\n\n\n<p>Regarda encore.<\/p>\n\n\n\n<hr class=\"wp-block-separator has-alpha-channel-opacity\"\/>\n\n\n\n<p>Puis il appela imm\u00e9diatement le docteur Morel.<\/p>\n\n\n\n<hr class=\"wp-block-separator has-alpha-channel-opacity\"\/>\n\n\n\n<p>\u2014 Il faut que tu viennes voir \u00e7a. Tout de suite.<\/p>\n\n\n\n<hr class=\"wp-block-separator has-alpha-channel-opacity\"\/>\n\n\n\n<p>Quelques minutes plus tard, les deux hommes \u00e9taient devant l\u2019\u00e9cran.<\/p>\n\n\n\n<p>Et cette fois\u2026<\/p>\n\n\n\n<p>il n\u2019y avait plus de doute.<\/p>\n\n\n\n<hr class=\"wp-block-separator has-alpha-channel-opacity\"\/>\n\n\n\n<p>Ce qu\u2019ils voyaient\u2026<\/p>\n\n\n\n<p>ne correspondait \u00e0 rien de connu.<\/p>\n\n\n\n<hr class=\"wp-block-separator has-alpha-channel-opacity\"\/>\n\n\n\n<p>Pas une tumeur.<\/p>\n\n\n\n<p>Pas une occlusion.<\/p>\n\n\n\n<p>Pas une infection classique.<\/p>\n\n\n\n<hr class=\"wp-block-separator has-alpha-channel-opacity\"\/>\n\n\n\n<p>C\u2019\u00e9tait une masse.<\/p>\n\n\n\n<p>Mais une masse\u2026<\/p>\n\n\n\n<p>organis\u00e9e.<\/p>\n\n\n\n<hr class=\"wp-block-separator has-alpha-channel-opacity\"\/>\n\n\n\n<p>Structur\u00e9e.<\/p>\n\n\n\n<hr class=\"wp-block-separator has-alpha-channel-opacity\"\/>\n\n\n\n<p>Presque\u2026<\/p>\n\n\n\n<p>d\u00e9lib\u00e9r\u00e9e.<\/p>\n\n\n\n<hr class=\"wp-block-separator has-alpha-channel-opacity\"\/>\n\n\n\n<p>\u2014 On dirait\u2026 une forme\u2026 articula le radiologue, la gorge s\u00e8che.<\/p>\n\n\n\n<hr class=\"wp-block-separator has-alpha-channel-opacity\"\/>\n\n\n\n<p>Morel ne r\u00e9pondit pas.<\/p>\n\n\n\n<p>Il ne pouvait pas.<\/p>\n\n\n\n<p>Parce qu\u2019il voyait la m\u00eame chose.<\/p>\n\n\n\n<hr class=\"wp-block-separator has-alpha-channel-opacity\"\/>\n\n\n\n<p>Une forme.<\/p>\n\n\n\n<hr class=\"wp-block-separator has-alpha-channel-opacity\"\/>\n\n\n\n<p>Qui n\u2019\u00e9tait pas cens\u00e9e \u00eatre l\u00e0.<\/p>\n\n\n\n<hr class=\"wp-block-separator has-alpha-channel-opacity\"\/>\n\n\n\n<p>Claire hurla.<\/p>\n\n\n\n<hr class=\"wp-block-separator has-alpha-channel-opacity\"\/>\n\n\n\n<p>Un cri d\u00e9chirant.<\/p>\n\n\n\n<p>Animal.<\/p>\n\n\n\n<hr class=\"wp-block-separator has-alpha-channel-opacity\"\/>\n\n\n\n<p>Et soudain\u2026<\/p>\n\n\n\n<p>les machines s\u2019emball\u00e8rent.<\/p>\n\n\n\n<hr class=\"wp-block-separator has-alpha-channel-opacity\"\/>\n\n\n\n<p>Son rythme cardiaque explosa.<\/p>\n\n\n\n<p>Sa saturation chuta brutalement.<\/p>\n\n\n\n<hr class=\"wp-block-separator has-alpha-channel-opacity\"\/>\n\n\n\n<p>\u2014 On la ram\u00e8ne en urgence ! cria quelqu\u2019un.<\/p>\n\n\n\n<hr class=\"wp-block-separator has-alpha-channel-opacity\"\/>\n\n\n\n<p>Le brancard repartit \u00e0 toute vitesse.<\/p>\n\n\n\n<p>Les portes s\u2019ouvrirent.<\/p>\n\n\n\n<p>Le chaos reprit.<\/p>\n\n\n\n<hr class=\"wp-block-separator has-alpha-channel-opacity\"\/>\n\n\n\n<p>Mais cette fois\u2026<\/p>\n\n\n\n<p>quelque chose avait chang\u00e9.<\/p>\n\n\n\n<hr class=\"wp-block-separator has-alpha-channel-opacity\"\/>\n\n\n\n<p>Parce que maintenant\u2026<\/p>\n\n\n\n<p>tout le monde savait.<\/p>\n\n\n\n<hr class=\"wp-block-separator has-alpha-channel-opacity\"\/>\n\n\n\n<p>Ce n\u2019\u00e9tait pas une simple urgence m\u00e9dicale.<\/p>\n\n\n\n<hr class=\"wp-block-separator has-alpha-channel-opacity\"\/>\n\n\n\n<p>C\u2019\u00e9tait autre chose.<\/p>\n\n\n\n<hr class=\"wp-block-separator has-alpha-channel-opacity\"\/>\n\n\n\n<p>Dans la salle d\u2019urgence, l\u2019atmosph\u00e8re \u00e9tait \u00e9lectrique.<\/p>\n\n\n\n<p>Les m\u00e9decins se relayaient.<\/p>\n\n\n\n<p>Les hypoth\u00e8ses fusaient.<\/p>\n\n\n\n<p>Mais aucune ne tenait.<\/p>\n\n\n\n<hr class=\"wp-block-separator has-alpha-channel-opacity\"\/>\n\n\n\n<p>Et Claire\u2026<\/p>\n\n\n\n<p>continuait de murmurer.<\/p>\n\n\n\n<hr class=\"wp-block-separator has-alpha-channel-opacity\"\/>\n\n\n\n<p>\u2014 Il veut sortir\u2026<\/p>\n\n\n\n<hr class=\"wp-block-separator has-alpha-channel-opacity\"\/>\n\n\n\n<p>Un silence glacial tomba.<\/p>\n\n\n\n<hr class=\"wp-block-separator has-alpha-channel-opacity\"\/>\n\n\n\n<p>Puis\u2026<\/p>\n\n\n\n<p>une convulsion.<\/p>\n\n\n\n<hr class=\"wp-block-separator has-alpha-channel-opacity\"\/>\n\n\n\n<p>Son corps se cambra violemment.<\/p>\n\n\n\n<p>Ses yeux s\u2019ouvrirent brusquement.<\/p>\n\n\n\n<hr class=\"wp-block-separator has-alpha-channel-opacity\"\/>\n\n\n\n<p>Mais ce n\u2019\u00e9tait plus son regard.<\/p>\n\n\n\n<hr class=\"wp-block-separator has-alpha-channel-opacity\"\/>\n\n\n\n<p>C\u2019\u00e9tait autre chose.<\/p>\n\n\n\n<hr class=\"wp-block-separator has-alpha-channel-opacity\"\/>\n\n\n\n<p>Quelque chose de\u2026 conscient.<\/p>\n\n\n\n<hr class=\"wp-block-separator has-alpha-channel-opacity\"\/>\n\n\n\n<p>\u2014 Reculez ! cria Morel.<\/p>\n\n\n\n<hr class=\"wp-block-separator has-alpha-channel-opacity\"\/>\n\n\n\n<p>Trop tard.<\/p>\n\n\n\n<hr class=\"wp-block-separator has-alpha-channel-opacity\"\/>\n\n\n\n<p>Claire attrapa le poignet d\u2019une infirmi\u00e8re.<\/p>\n\n\n\n<p>Sa force \u00e9tait inhumaine.<\/p>\n\n\n\n<hr class=\"wp-block-separator has-alpha-channel-opacity\"\/>\n\n\n\n<p>\u2014 Il arrive\u2026 dit-elle d\u2019une voix qui n\u2019\u00e9tait pas la sienne.<\/p>\n\n\n\n<hr class=\"wp-block-separator has-alpha-channel-opacity\"\/>\n\n\n\n<p>Un frisson parcourut la pi\u00e8ce.<\/p>\n\n\n\n<hr class=\"wp-block-separator has-alpha-channel-opacity\"\/>\n\n\n\n<p>Puis\u2026<\/p>\n\n\n\n<p>plus rien.<\/p>\n\n\n\n<hr class=\"wp-block-separator has-alpha-channel-opacity\"\/>\n\n\n\n<p>Son corps retomba.<\/p>\n\n\n\n<p>Inerte.<\/p>\n\n\n\n<hr class=\"wp-block-separator has-alpha-channel-opacity\"\/>\n\n\n\n<p>Silence.<\/p>\n\n\n\n<hr class=\"wp-block-separator has-alpha-channel-opacity\"\/>\n\n\n\n<p>Les machines stabilis\u00e8rent ses constantes.<\/p>\n\n\n\n<p>Mais quelque chose\u2026<\/p>\n\n\n\n<p>restait.<\/p>\n\n\n\n<hr class=\"wp-block-separator has-alpha-channel-opacity\"\/>\n\n\n\n<p>Invisible.<\/p>\n\n\n\n<hr class=\"wp-block-separator has-alpha-channel-opacity\"\/>\n\n\n\n<p>Pr\u00e9sent.<\/p>\n\n\n\n<hr class=\"wp-block-separator has-alpha-channel-opacity\"\/>\n\n\n\n<p>Cette nuit-l\u00e0, le dossier de Claire fut class\u00e9 comme \u00ab cas atypique \u00bb.<\/p>\n\n\n\n<p>Des sp\u00e9cialistes furent appel\u00e9s.<\/p>\n\n\n\n<p>Des analyses lanc\u00e9es.<\/p>\n\n\n\n<p>Des protocoles exp\u00e9rimentaux \u00e9voqu\u00e9s.<\/p>\n\n\n\n<hr class=\"wp-block-separator has-alpha-channel-opacity\"\/>\n\n\n\n<p>Mais personne\u2026<\/p>\n\n\n\n<p>ne parla de ce qu\u2019ils avaient vu.<\/p>\n\n\n\n<hr class=\"wp-block-separator has-alpha-channel-opacity\"\/>\n\n\n\n<p>Parce que certains ph\u00e9nom\u00e8nes\u2026<\/p>\n\n\n\n<p>ne peuvent pas \u00eatre expliqu\u00e9s.<\/p>\n\n\n\n<hr class=\"wp-block-separator has-alpha-channel-opacity\"\/>\n\n\n\n<p>Et encore moins\u2026<\/p>\n\n\n\n<p>avou\u00e9s.<\/p>\n\n\n\n<hr class=\"wp-block-separator has-alpha-channel-opacity\"\/>\n\n\n\n<p>Trois jours plus tard\u2026<\/p>\n\n\n\n<p>Claire ouvrit les yeux.<\/p>\n\n\n\n<hr class=\"wp-block-separator has-alpha-channel-opacity\"\/>\n\n\n\n<p>Calme.<\/p>\n\n\n\n<p>Trop calme.<\/p>\n\n\n\n<hr class=\"wp-block-separator has-alpha-channel-opacity\"\/>\n\n\n\n<p>Elle regarda autour d\u2019elle.<\/p>\n\n\n\n<p>Sourit doucement.<\/p>\n\n\n\n<hr class=\"wp-block-separator has-alpha-channel-opacity\"\/>\n\n\n\n<p>Puis murmura :<\/p>\n\n\n\n<hr class=\"wp-block-separator has-alpha-channel-opacity\"\/>\n\n\n\n<p>\u2014 Vous \u00eates en retard\u2026<\/p>\n\n\n\n<hr class=\"wp-block-separator has-alpha-channel-opacity\"\/>\n\n\n\n<p>L\u2019infirmi\u00e8re sentit son sang se glacer.<\/p>\n\n\n\n<hr class=\"wp-block-separator has-alpha-channel-opacity\"\/>\n\n\n\n<p>\u2014 En retard pour quoi ?<\/p>\n\n\n\n<hr class=\"wp-block-separator has-alpha-channel-opacity\"\/>\n\n\n\n<p>Claire tourna lentement la t\u00eate vers elle.<\/p>\n\n\n\n<hr class=\"wp-block-separator has-alpha-channel-opacity\"\/>\n\n\n\n<p>Et r\u00e9pondit :<\/p>\n\n\n\n<hr class=\"wp-block-separator has-alpha-channel-opacity\"\/>\n\n\n\n<p>\u2014 Pour emp\u00eacher les autres.<\/p>\n","protected":false},"excerpt":{"rendered":"C\u2019est ainsi que tout avait commenc\u00e9. Un de ces matins o\u00f9 rien ne semble annoncer qu\u2019une vie est sur le point de basculer. \n<a class=\"moretag\" href=\"https:\/\/gazeta.am\/?p=1249\"> [...]<\/a>","protected":false},"author":1,"featured_media":1250,"comment_status":"open","ping_status":"open","sticky":false,"template":"","format":"standard","meta":{"footnotes":""},"categories":[1],"tags":[],"class_list":["post-1249","post","type-post","status-publish","format-standard","has-post-thumbnail","hentry","category-1"],"yoast_head":"<!-- This site is optimized with the Yoast SEO plugin v27.4 - https:\/\/yoast.com\/product\/yoast-seo-wordpress\/ -->\n<title>Un lundi matin ordinaire. -<\/title>\n<meta name=\"robots\" content=\"index, follow, max-snippet:-1, max-image-preview:large, max-video-preview:-1\" \/>\n<link rel=\"canonical\" href=\"https:\/\/gazeta.am\/?p=1249\" \/>\n<meta property=\"og:locale\" content=\"ru_RU\" \/>\n<meta property=\"og:type\" content=\"article\" \/>\n<meta property=\"og:title\" content=\"Un lundi matin ordinaire. -\" \/>\n<meta property=\"og:description\" content=\"C\u2019est ainsi que tout avait commenc\u00e9. Un de ces matins o\u00f9 rien ne semble annoncer qu\u2019une vie est sur le point de basculer.\" \/>\n<meta property=\"og:url\" content=\"https:\/\/gazeta.am\/?p=1249\" \/>\n<meta property=\"article:published_time\" content=\"2026-03-27T18:54:05+00:00\" \/>\n<meta property=\"article:modified_time\" content=\"2026-03-27T18:54:07+00:00\" \/>\n<meta property=\"og:image\" content=\"https:\/\/gazeta.am\/wp-content\/uploads\/2026\/03\/1r-1.jpg\" \/>\n\t<meta property=\"og:image:width\" content=\"922\" \/>\n\t<meta property=\"og:image:height\" content=\"477\" \/>\n\t<meta property=\"og:image:type\" content=\"image\/jpeg\" \/>\n<meta name=\"author\" content=\"admin\" \/>\n<meta name=\"twitter:card\" content=\"summary_large_image\" \/>\n<meta name=\"twitter:label1\" content=\"\u041d\u0430\u043f\u0438\u0441\u0430\u043d\u043e \u0430\u0432\u0442\u043e\u0440\u043e\u043c\" \/>\n\t<meta name=\"twitter:data1\" content=\"admin\" \/>\n\t<meta name=\"twitter:label2\" content=\"\u041f\u0440\u0438\u043c\u0435\u0440\u043d\u043e\u0435 \u0432\u0440\u0435\u043c\u044f \u0434\u043b\u044f \u0447\u0442\u0435\u043d\u0438\u044f\" \/>\n\t<meta name=\"twitter:data2\" content=\"5 \u043c\u0438\u043d\u0443\u0442\" \/>\n<script type=\"application\/ld+json\" class=\"yoast-schema-graph\">{\"@context\":\"https:\\\/\\\/schema.org\",\"@graph\":[{\"@type\":\"Article\",\"@id\":\"https:\\\/\\\/gazeta.am\\\/?p=1249#article\",\"isPartOf\":{\"@id\":\"https:\\\/\\\/gazeta.am\\\/?p=1249\"},\"author\":{\"name\":\"admin\",\"@id\":\"https:\\\/\\\/gazeta.am\\\/#\\\/schema\\\/person\\\/987709955e760c9a1ebbb44776f8cccc\"},\"headline\":\"Un lundi matin ordinaire.\",\"datePublished\":\"2026-03-27T18:54:05+00:00\",\"dateModified\":\"2026-03-27T18:54:07+00:00\",\"mainEntityOfPage\":{\"@id\":\"https:\\\/\\\/gazeta.am\\\/?p=1249\"},\"wordCount\":799,\"commentCount\":0,\"image\":{\"@id\":\"https:\\\/\\\/gazeta.am\\\/?p=1249#primaryimage\"},\"thumbnailUrl\":\"https:\\\/\\\/gazeta.am\\\/wp-content\\\/uploads\\\/2026\\\/03\\\/1r-1.jpg\",\"articleSection\":[\"NEWS\"],\"inLanguage\":\"ru-RU\",\"potentialAction\":[{\"@type\":\"CommentAction\",\"name\":\"Comment\",\"target\":[\"https:\\\/\\\/gazeta.am\\\/?p=1249#respond\"]}]},{\"@type\":\"WebPage\",\"@id\":\"https:\\\/\\\/gazeta.am\\\/?p=1249\",\"url\":\"https:\\\/\\\/gazeta.am\\\/?p=1249\",\"name\":\"Un lundi matin ordinaire. -\",\"isPartOf\":{\"@id\":\"https:\\\/\\\/gazeta.am\\\/#website\"},\"primaryImageOfPage\":{\"@id\":\"https:\\\/\\\/gazeta.am\\\/?p=1249#primaryimage\"},\"image\":{\"@id\":\"https:\\\/\\\/gazeta.am\\\/?p=1249#primaryimage\"},\"thumbnailUrl\":\"https:\\\/\\\/gazeta.am\\\/wp-content\\\/uploads\\\/2026\\\/03\\\/1r-1.jpg\",\"datePublished\":\"2026-03-27T18:54:05+00:00\",\"dateModified\":\"2026-03-27T18:54:07+00:00\",\"author\":{\"@id\":\"https:\\\/\\\/gazeta.am\\\/#\\\/schema\\\/person\\\/987709955e760c9a1ebbb44776f8cccc\"},\"breadcrumb\":{\"@id\":\"https:\\\/\\\/gazeta.am\\\/?p=1249#breadcrumb\"},\"inLanguage\":\"ru-RU\",\"potentialAction\":[{\"@type\":\"ReadAction\",\"target\":[\"https:\\\/\\\/gazeta.am\\\/?p=1249\"]}]},{\"@type\":\"ImageObject\",\"inLanguage\":\"ru-RU\",\"@id\":\"https:\\\/\\\/gazeta.am\\\/?p=1249#primaryimage\",\"url\":\"https:\\\/\\\/gazeta.am\\\/wp-content\\\/uploads\\\/2026\\\/03\\\/1r-1.jpg\",\"contentUrl\":\"https:\\\/\\\/gazeta.am\\\/wp-content\\\/uploads\\\/2026\\\/03\\\/1r-1.jpg\",\"width\":922,\"height\":477},{\"@type\":\"BreadcrumbList\",\"@id\":\"https:\\\/\\\/gazeta.am\\\/?p=1249#breadcrumb\",\"itemListElement\":[{\"@type\":\"ListItem\",\"position\":1,\"name\":\"\u0413\u043b\u0430\u0432\u043d\u0430\u044f \u0441\u0442\u0440\u0430\u043d\u0438\u0446\u0430\",\"item\":\"https:\\\/\\\/gazeta.am\\\/\"},{\"@type\":\"ListItem\",\"position\":2,\"name\":\"Un lundi matin ordinaire.\"}]},{\"@type\":\"WebSite\",\"@id\":\"https:\\\/\\\/gazeta.am\\\/#website\",\"url\":\"https:\\\/\\\/gazeta.am\\\/\",\"name\":\"\",\"description\":\"\",\"potentialAction\":[{\"@type\":\"SearchAction\",\"target\":{\"@type\":\"EntryPoint\",\"urlTemplate\":\"https:\\\/\\\/gazeta.am\\\/?s={search_term_string}\"},\"query-input\":{\"@type\":\"PropertyValueSpecification\",\"valueRequired\":true,\"valueName\":\"search_term_string\"}}],\"inLanguage\":\"ru-RU\"},{\"@type\":\"Person\",\"@id\":\"https:\\\/\\\/gazeta.am\\\/#\\\/schema\\\/person\\\/987709955e760c9a1ebbb44776f8cccc\",\"name\":\"admin\",\"image\":{\"@type\":\"ImageObject\",\"inLanguage\":\"ru-RU\",\"@id\":\"https:\\\/\\\/secure.gravatar.com\\\/avatar\\\/a24f4ac3a683f3c87303db525abc00db51ea26ccedee11dfaf1cc0f9a481a5d2?s=96&d=mm&r=g\",\"url\":\"https:\\\/\\\/secure.gravatar.com\\\/avatar\\\/a24f4ac3a683f3c87303db525abc00db51ea26ccedee11dfaf1cc0f9a481a5d2?s=96&d=mm&r=g\",\"contentUrl\":\"https:\\\/\\\/secure.gravatar.com\\\/avatar\\\/a24f4ac3a683f3c87303db525abc00db51ea26ccedee11dfaf1cc0f9a481a5d2?s=96&d=mm&r=g\",\"caption\":\"admin\"},\"sameAs\":[\"http:\\\/\\\/gazeta.am\"],\"url\":\"https:\\\/\\\/gazeta.am\\\/?author=1\"}]}<\/script>\n<!-- \/ Yoast SEO plugin. -->","yoast_head_json":{"title":"Un lundi matin ordinaire. -","robots":{"index":"index","follow":"follow","max-snippet":"max-snippet:-1","max-image-preview":"max-image-preview:large","max-video-preview":"max-video-preview:-1"},"canonical":"https:\/\/gazeta.am\/?p=1249","og_locale":"ru_RU","og_type":"article","og_title":"Un lundi matin ordinaire. -","og_description":"C\u2019est ainsi que tout avait commenc\u00e9. Un de ces matins o\u00f9 rien ne semble annoncer qu\u2019une vie est sur le point de basculer.","og_url":"https:\/\/gazeta.am\/?p=1249","article_published_time":"2026-03-27T18:54:05+00:00","article_modified_time":"2026-03-27T18:54:07+00:00","og_image":[{"width":922,"height":477,"url":"https:\/\/gazeta.am\/wp-content\/uploads\/2026\/03\/1r-1.jpg","type":"image\/jpeg"}],"author":"admin","twitter_card":"summary_large_image","twitter_misc":{"\u041d\u0430\u043f\u0438\u0441\u0430\u043d\u043e \u0430\u0432\u0442\u043e\u0440\u043e\u043c":"admin","\u041f\u0440\u0438\u043c\u0435\u0440\u043d\u043e\u0435 \u0432\u0440\u0435\u043c\u044f \u0434\u043b\u044f \u0447\u0442\u0435\u043d\u0438\u044f":"5 \u043c\u0438\u043d\u0443\u0442"},"schema":{"@context":"https:\/\/schema.org","@graph":[{"@type":"Article","@id":"https:\/\/gazeta.am\/?p=1249#article","isPartOf":{"@id":"https:\/\/gazeta.am\/?p=1249"},"author":{"name":"admin","@id":"https:\/\/gazeta.am\/#\/schema\/person\/987709955e760c9a1ebbb44776f8cccc"},"headline":"Un lundi matin ordinaire.","datePublished":"2026-03-27T18:54:05+00:00","dateModified":"2026-03-27T18:54:07+00:00","mainEntityOfPage":{"@id":"https:\/\/gazeta.am\/?p=1249"},"wordCount":799,"commentCount":0,"image":{"@id":"https:\/\/gazeta.am\/?p=1249#primaryimage"},"thumbnailUrl":"https:\/\/gazeta.am\/wp-content\/uploads\/2026\/03\/1r-1.jpg","articleSection":["NEWS"],"inLanguage":"ru-RU","potentialAction":[{"@type":"CommentAction","name":"Comment","target":["https:\/\/gazeta.am\/?p=1249#respond"]}]},{"@type":"WebPage","@id":"https:\/\/gazeta.am\/?p=1249","url":"https:\/\/gazeta.am\/?p=1249","name":"Un lundi matin ordinaire. -","isPartOf":{"@id":"https:\/\/gazeta.am\/#website"},"primaryImageOfPage":{"@id":"https:\/\/gazeta.am\/?p=1249#primaryimage"},"image":{"@id":"https:\/\/gazeta.am\/?p=1249#primaryimage"},"thumbnailUrl":"https:\/\/gazeta.am\/wp-content\/uploads\/2026\/03\/1r-1.jpg","datePublished":"2026-03-27T18:54:05+00:00","dateModified":"2026-03-27T18:54:07+00:00","author":{"@id":"https:\/\/gazeta.am\/#\/schema\/person\/987709955e760c9a1ebbb44776f8cccc"},"breadcrumb":{"@id":"https:\/\/gazeta.am\/?p=1249#breadcrumb"},"inLanguage":"ru-RU","potentialAction":[{"@type":"ReadAction","target":["https:\/\/gazeta.am\/?p=1249"]}]},{"@type":"ImageObject","inLanguage":"ru-RU","@id":"https:\/\/gazeta.am\/?p=1249#primaryimage","url":"https:\/\/gazeta.am\/wp-content\/uploads\/2026\/03\/1r-1.jpg","contentUrl":"https:\/\/gazeta.am\/wp-content\/uploads\/2026\/03\/1r-1.jpg","width":922,"height":477},{"@type":"BreadcrumbList","@id":"https:\/\/gazeta.am\/?p=1249#breadcrumb","itemListElement":[{"@type":"ListItem","position":1,"name":"\u0413\u043b\u0430\u0432\u043d\u0430\u044f \u0441\u0442\u0440\u0430\u043d\u0438\u0446\u0430","item":"https:\/\/gazeta.am\/"},{"@type":"ListItem","position":2,"name":"Un lundi matin ordinaire."}]},{"@type":"WebSite","@id":"https:\/\/gazeta.am\/#website","url":"https:\/\/gazeta.am\/","name":"","description":"","potentialAction":[{"@type":"SearchAction","target":{"@type":"EntryPoint","urlTemplate":"https:\/\/gazeta.am\/?s={search_term_string}"},"query-input":{"@type":"PropertyValueSpecification","valueRequired":true,"valueName":"search_term_string"}}],"inLanguage":"ru-RU"},{"@type":"Person","@id":"https:\/\/gazeta.am\/#\/schema\/person\/987709955e760c9a1ebbb44776f8cccc","name":"admin","image":{"@type":"ImageObject","inLanguage":"ru-RU","@id":"https:\/\/secure.gravatar.com\/avatar\/a24f4ac3a683f3c87303db525abc00db51ea26ccedee11dfaf1cc0f9a481a5d2?s=96&d=mm&r=g","url":"https:\/\/secure.gravatar.com\/avatar\/a24f4ac3a683f3c87303db525abc00db51ea26ccedee11dfaf1cc0f9a481a5d2?s=96&d=mm&r=g","contentUrl":"https:\/\/secure.gravatar.com\/avatar\/a24f4ac3a683f3c87303db525abc00db51ea26ccedee11dfaf1cc0f9a481a5d2?s=96&d=mm&r=g","caption":"admin"},"sameAs":["http:\/\/gazeta.am"],"url":"https:\/\/gazeta.am\/?author=1"}]}},"_links":{"self":[{"href":"https:\/\/gazeta.am\/index.php?rest_route=\/wp\/v2\/posts\/1249","targetHints":{"allow":["GET"]}}],"collection":[{"href":"https:\/\/gazeta.am\/index.php?rest_route=\/wp\/v2\/posts"}],"about":[{"href":"https:\/\/gazeta.am\/index.php?rest_route=\/wp\/v2\/types\/post"}],"author":[{"embeddable":true,"href":"https:\/\/gazeta.am\/index.php?rest_route=\/wp\/v2\/users\/1"}],"replies":[{"embeddable":true,"href":"https:\/\/gazeta.am\/index.php?rest_route=%2Fwp%2Fv2%2Fcomments&post=1249"}],"version-history":[{"count":1,"href":"https:\/\/gazeta.am\/index.php?rest_route=\/wp\/v2\/posts\/1249\/revisions"}],"predecessor-version":[{"id":1251,"href":"https:\/\/gazeta.am\/index.php?rest_route=\/wp\/v2\/posts\/1249\/revisions\/1251"}],"wp:featuredmedia":[{"embeddable":true,"href":"https:\/\/gazeta.am\/index.php?rest_route=\/wp\/v2\/media\/1250"}],"wp:attachment":[{"href":"https:\/\/gazeta.am\/index.php?rest_route=%2Fwp%2Fv2%2Fmedia&parent=1249"}],"wp:term":[{"taxonomy":"category","embeddable":true,"href":"https:\/\/gazeta.am\/index.php?rest_route=%2Fwp%2Fv2%2Fcategories&post=1249"},{"taxonomy":"post_tag","embeddable":true,"href":"https:\/\/gazeta.am\/index.php?rest_route=%2Fwp%2Fv2%2Ftags&post=1249"}],"curies":[{"name":"wp","href":"https:\/\/api.w.org\/{rel}","templated":true}]}}