{"id":1246,"date":"2026-03-27T21:09:55","date_gmt":"2026-03-27T18:09:55","guid":{"rendered":"https:\/\/gazeta.am\/?p=1246"},"modified":"2026-03-27T21:09:57","modified_gmt":"2026-03-27T18:09:57","slug":"sur-cette-photo-des-annees-70-il-y-a-quelque-chose-qui-ne-va-pas","status":"publish","type":"post","link":"https:\/\/gazeta.am\/?p=1246","title":{"rendered":"\u00ab Sur cette photo des ann\u00e9es 70\u2026 il y a quelque chose qui ne va pas. \u00bb"},"content":{"rendered":"\n<p>C\u2019est ce que disait le message.<\/p>\n\n\n\n<p>Rien de plus.<\/p>\n\n\n\n<p>Pas d\u2019explication. Pas d\u2019indice. Juste une image l\u00e9g\u00e8rement jaunie, comme fig\u00e9e dans un pass\u00e9 oubli\u00e9, accompagn\u00e9e de cette phrase qui semblait presque anodine\u2026 mais qui, \u00e9trangement, restait accroch\u00e9e dans l\u2019esprit.<\/p>\n\n\n\n<p>Au d\u00e9but, je n\u2019y ai pas pr\u00eat\u00e9 attention.<\/p>\n\n\n\n<p>Une photo vintage de plus, perdue parmi des milliers d\u2019autres sur internet. Une sc\u00e8ne classique : une famille posant devant une maison, un sourire fig\u00e9, des v\u00eatements d\u2019une autre \u00e9poque, des couleurs fan\u00e9es par le temps.<\/p>\n\n\n\n<p>Rien d\u2019inhabituel.<\/p>\n\n\n\n<p>Rien\u2026 en apparence.<\/p>\n\n\n\n<figure class=\"wp-block-image size-full\"><img loading=\"lazy\" decoding=\"async\" width=\"911\" height=\"906\" src=\"https:\/\/gazeta.am\/wp-content\/uploads\/2026\/03\/1j-3.jpg\" alt=\"\" class=\"wp-image-1247\" srcset=\"https:\/\/gazeta.am\/wp-content\/uploads\/2026\/03\/1j-3.jpg 911w, https:\/\/gazeta.am\/wp-content\/uploads\/2026\/03\/1j-3-300x298.jpg 300w, https:\/\/gazeta.am\/wp-content\/uploads\/2026\/03\/1j-3-150x150.jpg 150w, https:\/\/gazeta.am\/wp-content\/uploads\/2026\/03\/1j-3-768x764.jpg 768w\" sizes=\"auto, (max-width: 911px) 100vw, 911px\" \/><\/figure>\n\n\n\n<hr class=\"wp-block-separator has-alpha-channel-opacity\"\/>\n\n\n\n<p>Mais quelque chose m\u2019a pouss\u00e9 \u00e0 revenir en arri\u00e8re.<\/p>\n\n\n\n<p>\u00c0 regarder encore une fois.<\/p>\n\n\n\n<p>Puis une troisi\u00e8me.<\/p>\n\n\n\n<p>Et l\u00e0\u2026 j\u2019ai senti ce frisson.<\/p>\n\n\n\n<p>Pas un frisson de peur imm\u00e9diate.<\/p>\n\n\n\n<p>Non.<\/p>\n\n\n\n<p>Un frisson plus lent. Plus profond. Celui qui na\u00eet quand quelque chose ne colle pas\u2026 mais que votre cerveau refuse encore de l\u2019admettre.<\/p>\n\n\n\n<hr class=\"wp-block-separator has-alpha-channel-opacity\"\/>\n\n\n\n<p>La photo montrait une famille de cinq personnes.<\/p>\n\n\n\n<p>Le p\u00e8re, debout, une main pos\u00e9e sur l\u2019\u00e9paule d\u2019un gar\u00e7on. La m\u00e8re, assise sur une chaise en bois, tenant une petite fille sur ses genoux. Et \u00e0 c\u00f4t\u00e9\u2026 une autre enfant, l\u00e9g\u00e8rement en retrait.<\/p>\n\n\n\n<p>Tous souriaient.<\/p>\n\n\n\n<p>Sauf\u2026 que leurs sourires semblaient trop fig\u00e9s. Trop parfaits.<\/p>\n\n\n\n<p>Comme si quelqu\u2019un leur avait dit de sourire\u2026 et qu\u2019ils avaient ob\u00e9i\u2026 sans comprendre pourquoi.<\/p>\n\n\n\n<hr class=\"wp-block-separator has-alpha-channel-opacity\"\/>\n\n\n\n<p>J\u2019ai zoom\u00e9.<\/p>\n\n\n\n<p>Encore.<\/p>\n\n\n\n<p>Encore.<\/p>\n\n\n\n<p>Chaque d\u00e9tail devenait plus net.<\/p>\n\n\n\n<p>Les v\u00eatements. Les chaussures. Les plis du tissu.<\/p>\n\n\n\n<p>Tout semblait normal.<\/p>\n\n\n\n<p>Et pourtant\u2026 quelque chose me d\u00e9rangeait.<\/p>\n\n\n\n<p>Quelque chose que je ne pouvais pas nommer.<\/p>\n\n\n\n<hr class=\"wp-block-separator has-alpha-channel-opacity\"\/>\n\n\n\n<p>Puis je l\u2019ai vu.<\/p>\n\n\n\n<p>Ou plut\u00f4t\u2026 j\u2019ai cru le voir.<\/p>\n\n\n\n<p>Et j\u2019ai imm\u00e9diatement recul\u00e9, comme si l\u2019\u00e9cran allait me br\u00fbler.<\/p>\n\n\n\n<hr class=\"wp-block-separator has-alpha-channel-opacity\"\/>\n\n\n\n<p>La petite fille, celle assise sur les genoux de la m\u00e8re\u2026<\/p>\n\n\n\n<p>Ses yeux.<\/p>\n\n\n\n<p>Ils ne regardaient pas l\u2019appareil photo.<\/p>\n\n\n\n<p>Ils regardaient\u2026 ailleurs.<\/p>\n\n\n\n<p>Non.<\/p>\n\n\n\n<p>Pas ailleurs.<\/p>\n\n\n\n<p>Derri\u00e8re.<\/p>\n\n\n\n<hr class=\"wp-block-separator has-alpha-channel-opacity\"\/>\n\n\n\n<p>J\u2019ai senti mon c\u0153ur acc\u00e9l\u00e9rer.<\/p>\n\n\n\n<p>J\u2019ai agrandi encore l\u2019image.<\/p>\n\n\n\n<p>Les pixels se d\u00e9formaient, mais le d\u00e9tail restait.<\/p>\n\n\n\n<p>Ses yeux \u00e9taient tourn\u00e9s vers quelque chose qui n\u2019\u00e9tait pas cens\u00e9 \u00eatre l\u00e0.<\/p>\n\n\n\n<p>Quelque chose hors cadre.<\/p>\n\n\n\n<hr class=\"wp-block-separator has-alpha-channel-opacity\"\/>\n\n\n\n<p>Je me suis dit que j\u2019imaginais.<\/p>\n\n\n\n<p>Que c\u2019\u00e9tait juste un effet d\u2019optique.<\/p>\n\n\n\n<p>Mais plus je regardais\u2026 plus c\u2019\u00e9tait \u00e9vident.<\/p>\n\n\n\n<p>Elle ne regardait pas le photographe.<\/p>\n\n\n\n<p>Elle regardait\u2026 quelqu\u2019un derri\u00e8re lui.<\/p>\n\n\n\n<hr class=\"wp-block-separator has-alpha-channel-opacity\"\/>\n\n\n\n<p>Et puis j\u2019ai remarqu\u00e9 autre chose.<\/p>\n\n\n\n<p>Quelque chose de pire.<\/p>\n\n\n\n<hr class=\"wp-block-separator has-alpha-channel-opacity\"\/>\n\n\n\n<p>L\u2019ombre.<\/p>\n\n\n\n<hr class=\"wp-block-separator has-alpha-channel-opacity\"\/>\n\n\n\n<p>Derri\u00e8re la famille, sur le mur de la maison, se dessinaient leurs silhouettes.<\/p>\n\n\n\n<p>Cinq personnes.<\/p>\n\n\n\n<p>Mais\u2026<\/p>\n\n\n\n<p>il y avait six ombres.<\/p>\n\n\n\n<hr class=\"wp-block-separator has-alpha-channel-opacity\"\/>\n\n\n\n<p>Je suis rest\u00e9 fig\u00e9.<\/p>\n\n\n\n<p>Incapable de bouger.<\/p>\n\n\n\n<p>Incapable de d\u00e9tourner le regard.<\/p>\n\n\n\n<hr class=\"wp-block-separator has-alpha-channel-opacity\"\/>\n\n\n\n<p>Une sixi\u00e8me forme.<\/p>\n\n\n\n<p>Plus fine.<\/p>\n\n\n\n<p>Plus haute.<\/p>\n\n\n\n<p>Presque coll\u00e9e aux autres.<\/p>\n\n\n\n<p>Mais l\u00e9g\u00e8rement\u2026 d\u00e9cal\u00e9e.<\/p>\n\n\n\n<p>Comme si elle n\u2019appartenait pas au groupe.<\/p>\n\n\n\n<hr class=\"wp-block-separator has-alpha-channel-opacity\"\/>\n\n\n\n<p>Mon souffle est devenu court.<\/p>\n\n\n\n<p>Je me suis lev\u00e9 de ma chaise, comme pour \u00e9chapper \u00e0 cette image.<\/p>\n\n\n\n<p>Mais je suis revenu.<\/p>\n\n\n\n<p>Encore.<\/p>\n\n\n\n<p>Toujours.<\/p>\n\n\n\n<hr class=\"wp-block-separator has-alpha-channel-opacity\"\/>\n\n\n\n<p>Parce que maintenant, je ne pouvais plus ignorer la v\u00e9rit\u00e9.<\/p>\n\n\n\n<p>Il y avait quelqu\u2019un d\u2019autre sur cette photo.<\/p>\n\n\n\n<p>Quelqu\u2019un que personne n\u2019avait vu.<\/p>\n\n\n\n<hr class=\"wp-block-separator has-alpha-channel-opacity\"\/>\n\n\n\n<p>J\u2019ai commenc\u00e9 \u00e0 faire des recherches.<\/p>\n\n\n\n<p>J\u2019ai t\u00e9l\u00e9charg\u00e9 l\u2019image, ajust\u00e9 les contrastes, analys\u00e9 chaque pixel.<\/p>\n\n\n\n<p>Et plus je creusais\u2026 plus la r\u00e9alit\u00e9 devenait troublante.<\/p>\n\n\n\n<hr class=\"wp-block-separator has-alpha-channel-opacity\"\/>\n\n\n\n<p>La photo venait d\u2019un petit village.<\/p>\n\n\n\n<p>Disparu aujourd\u2019hui.<\/p>\n\n\n\n<p>Abandonn\u00e9 dans les ann\u00e9es 80.<\/p>\n\n\n\n<p>Officiellement, \u00e0 cause d\u2019un glissement de terrain.<\/p>\n\n\n\n<p>Officieusement\u2026<\/p>\n\n\n\n<p>personne ne savait vraiment.<\/p>\n\n\n\n<hr class=\"wp-block-separator has-alpha-channel-opacity\"\/>\n\n\n\n<p>J\u2019ai trouv\u00e9 un vieux forum.<\/p>\n\n\n\n<p>Un utilisateur y parlait de cette m\u00eame image.<\/p>\n\n\n\n<p>Il disait l\u2019avoir vue chez sa grand-m\u00e8re.<\/p>\n\n\n\n<p>Et il racontait quelque chose qui m\u2019a glac\u00e9 le sang.<\/p>\n\n\n\n<hr class=\"wp-block-separator has-alpha-channel-opacity\"\/>\n\n\n\n<p>\u00ab Cette famille n\u2019\u00e9tait pas cinq. \u00bb<\/p>\n\n\n\n<hr class=\"wp-block-separator has-alpha-channel-opacity\"\/>\n\n\n\n<p>Ils \u00e9taient six.<\/p>\n\n\n\n<hr class=\"wp-block-separator has-alpha-channel-opacity\"\/>\n\n\n\n<p>Le sixi\u00e8me enfant avait disparu.<\/p>\n\n\n\n<p>Sans trace.<\/p>\n\n\n\n<p>Sans explication.<\/p>\n\n\n\n<p>Le jour m\u00eame o\u00f9 la photo avait \u00e9t\u00e9 prise.<\/p>\n\n\n\n<hr class=\"wp-block-separator has-alpha-channel-opacity\"\/>\n\n\n\n<p>J\u2019ai relu cette phrase encore et encore.<\/p>\n\n\n\n<p>Puis j\u2019ai regard\u00e9 \u00e0 nouveau l\u2019image.<\/p>\n\n\n\n<hr class=\"wp-block-separator has-alpha-channel-opacity\"\/>\n\n\n\n<p>Et soudain\u2026<\/p>\n\n\n\n<p>tout a chang\u00e9.<\/p>\n\n\n\n<hr class=\"wp-block-separator has-alpha-channel-opacity\"\/>\n\n\n\n<p>Parce que cette fois\u2026<\/p>\n\n\n\n<p>je ne regardais plus la petite fille.<\/p>\n\n\n\n<p>Ni les ombres.<\/p>\n\n\n\n<hr class=\"wp-block-separator has-alpha-channel-opacity\"\/>\n\n\n\n<p>Je regardais le fond.<\/p>\n\n\n\n<hr class=\"wp-block-separator has-alpha-channel-opacity\"\/>\n\n\n\n<p>Et l\u00e0\u2026<\/p>\n\n\n\n<p>dans la fen\u00eatre de la maison\u2026<\/p>\n\n\n\n<p>j\u2019ai vu un visage.<\/p>\n\n\n\n<hr class=\"wp-block-separator has-alpha-channel-opacity\"\/>\n\n\n\n<p>Un visage p\u00e2le.<\/p>\n\n\n\n<p>Fig\u00e9.<\/p>\n\n\n\n<p>Regardant directement l\u2019objectif.<\/p>\n\n\n\n<hr class=\"wp-block-separator has-alpha-channel-opacity\"\/>\n\n\n\n<p>Mais ce n\u2019\u00e9tait pas \u00e7a le pire.<\/p>\n\n\n\n<hr class=\"wp-block-separator has-alpha-channel-opacity\"\/>\n\n\n\n<p>Le pire\u2026<\/p>\n\n\n\n<p>c\u2019est que ce visage\u2026<\/p>\n\n\n\n<p>ne correspondait \u00e0 aucun membre de la famille.<\/p>\n\n\n\n<hr class=\"wp-block-separator has-alpha-channel-opacity\"\/>\n\n\n\n<p>Je me suis \u00e9loign\u00e9 de l\u2019\u00e9cran.<\/p>\n\n\n\n<p>Le c\u0153ur battant.<\/p>\n\n\n\n<p>Les mains froides.<\/p>\n\n\n\n<hr class=\"wp-block-separator has-alpha-channel-opacity\"\/>\n\n\n\n<p>Mais quelque chose me poussait \u00e0 revenir.<\/p>\n\n\n\n<p>\u00c0 comprendre.<\/p>\n\n\n\n<p>\u00c0 aller plus loin.<\/p>\n\n\n\n<hr class=\"wp-block-separator has-alpha-channel-opacity\"\/>\n\n\n\n<p>Et c\u2019est l\u00e0 que j\u2019ai fait une d\u00e9couverte que je n\u2019aurais jamais d\u00fb faire.<\/p>\n\n\n\n<hr class=\"wp-block-separator has-alpha-channel-opacity\"\/>\n\n\n\n<p>J\u2019ai trouv\u00e9 l\u2019original.<\/p>\n\n\n\n<p>La photo non recadr\u00e9e.<\/p>\n\n\n\n<hr class=\"wp-block-separator has-alpha-channel-opacity\"\/>\n\n\n\n<p>Et quand je l\u2019ai ouverte\u2026<\/p>\n\n\n\n<p>je n\u2019ai pas respir\u00e9 pendant plusieurs secondes.<\/p>\n\n\n\n<hr class=\"wp-block-separator has-alpha-channel-opacity\"\/>\n\n\n\n<p>Parce que la sixi\u00e8me ombre\u2026<\/p>\n\n\n\n<p>avait un corps.<\/p>\n\n\n\n<hr class=\"wp-block-separator has-alpha-channel-opacity\"\/>\n\n\n\n<p>Debout.<\/p>\n\n\n\n<p>Juste derri\u00e8re le photographe.<\/p>\n\n\n\n<hr class=\"wp-block-separator has-alpha-channel-opacity\"\/>\n\n\n\n<p>Invisible pour eux.<\/p>\n\n\n\n<p>Mais pas pour l\u2019objectif.<\/p>\n\n\n\n<hr class=\"wp-block-separator has-alpha-channel-opacity\"\/>\n\n\n\n<p>Et son visage\u2026<\/p>\n\n\n\n<p>\u00e9tait tourn\u00e9 vers la petite fille.<\/p>\n\n\n\n<hr class=\"wp-block-separator has-alpha-channel-opacity\"\/>\n\n\n\n<p>Comme si\u2026<\/p>\n\n\n\n<p>elle seule\u2026<\/p>\n\n\n\n<p>pouvait le voir.<\/p>\n\n\n\n<hr class=\"wp-block-separator has-alpha-channel-opacity\"\/>\n\n\n\n<p>Depuis ce jour, je n\u2019arrive plus \u00e0 regarder cette image sans ressentir un malaise profond.<\/p>\n\n\n\n<p>Mais ce n\u2019est pas \u00e7a qui me hante le plus.<\/p>\n\n\n\n<hr class=\"wp-block-separator has-alpha-channel-opacity\"\/>\n\n\n\n<p>Non.<\/p>\n\n\n\n<hr class=\"wp-block-separator has-alpha-channel-opacity\"\/>\n\n\n\n<p>Ce qui me hante\u2026<\/p>\n\n\n\n<p>c\u2019est ce que j\u2019ai remarqu\u00e9 hier soir.<\/p>\n\n\n\n<hr class=\"wp-block-separator has-alpha-channel-opacity\"\/>\n\n\n\n<p>Quelque chose que je suis s\u00fbr de ne pas avoir vu avant.<\/p>\n\n\n\n<hr class=\"wp-block-separator has-alpha-channel-opacity\"\/>\n\n\n\n<p>J\u2019ai rouvert la photo.<\/p>\n\n\n\n<p>Par r\u00e9flexe.<\/p>\n\n\n\n<p>Par obsession.<\/p>\n\n\n\n<hr class=\"wp-block-separator has-alpha-channel-opacity\"\/>\n\n\n\n<p>Et cette fois\u2026<\/p>\n\n\n\n<p>la petite fille\u2026<\/p>\n\n\n\n<p>ne regardait plus derri\u00e8re.<\/p>\n\n\n\n<hr class=\"wp-block-separator has-alpha-channel-opacity\"\/>\n\n\n\n<p>Elle regardait droit devant.<\/p>\n\n\n\n<hr class=\"wp-block-separator has-alpha-channel-opacity\"\/>\n\n\n\n<p>Vers moi.<\/p>\n\n\n\n<hr class=\"wp-block-separator has-alpha-channel-opacity\"\/>\n\n\n\n<p>Et elle ne souriait plus.<\/p>\n","protected":false},"excerpt":{"rendered":"C\u2019est ce que disait le message. Rien de plus. Pas d\u2019explication. Pas d\u2019indice. Juste une image l\u00e9g\u00e8rement jaunie, comme fig\u00e9e dans un pass\u00e9 \n<a class=\"moretag\" href=\"https:\/\/gazeta.am\/?p=1246\"> [...]<\/a>","protected":false},"author":1,"featured_media":1247,"comment_status":"open","ping_status":"open","sticky":false,"template":"","format":"standard","meta":{"footnotes":""},"categories":[1],"tags":[],"class_list":["post-1246","post","type-post","status-publish","format-standard","has-post-thumbnail","hentry","category-1"],"yoast_head":"<!-- This site is optimized with the Yoast SEO plugin v27.4 - https:\/\/yoast.com\/product\/yoast-seo-wordpress\/ -->\n<title>\u00ab Sur cette photo des ann\u00e9es 70\u2026 il y a quelque chose qui ne va pas. \u00bb -<\/title>\n<meta name=\"robots\" content=\"index, follow, max-snippet:-1, max-image-preview:large, max-video-preview:-1\" \/>\n<link rel=\"canonical\" href=\"https:\/\/gazeta.am\/?p=1246\" \/>\n<meta property=\"og:locale\" content=\"ru_RU\" \/>\n<meta property=\"og:type\" content=\"article\" \/>\n<meta property=\"og:title\" content=\"\u00ab Sur cette photo des ann\u00e9es 70\u2026 il y a quelque chose qui ne va pas. \u00bb -\" \/>\n<meta property=\"og:description\" content=\"C\u2019est ce que disait le message. Rien de plus. Pas d\u2019explication. Pas d\u2019indice. Juste une image l\u00e9g\u00e8rement jaunie, comme fig\u00e9e dans un pass\u00e9\" \/>\n<meta property=\"og:url\" content=\"https:\/\/gazeta.am\/?p=1246\" \/>\n<meta property=\"article:published_time\" content=\"2026-03-27T18:09:55+00:00\" \/>\n<meta property=\"article:modified_time\" content=\"2026-03-27T18:09:57+00:00\" \/>\n<meta property=\"og:image\" content=\"https:\/\/gazeta.am\/wp-content\/uploads\/2026\/03\/1j-3.jpg\" \/>\n\t<meta property=\"og:image:width\" content=\"911\" \/>\n\t<meta property=\"og:image:height\" content=\"906\" \/>\n\t<meta property=\"og:image:type\" content=\"image\/jpeg\" \/>\n<meta name=\"author\" content=\"admin\" \/>\n<meta name=\"twitter:card\" content=\"summary_large_image\" \/>\n<meta name=\"twitter:label1\" content=\"\u041d\u0430\u043f\u0438\u0441\u0430\u043d\u043e \u0430\u0432\u0442\u043e\u0440\u043e\u043c\" \/>\n\t<meta name=\"twitter:data1\" content=\"admin\" \/>\n\t<meta name=\"twitter:label2\" content=\"\u041f\u0440\u0438\u043c\u0435\u0440\u043d\u043e\u0435 \u0432\u0440\u0435\u043c\u044f \u0434\u043b\u044f \u0447\u0442\u0435\u043d\u0438\u044f\" \/>\n\t<meta name=\"twitter:data2\" content=\"5 \u043c\u0438\u043d\u0443\u0442\" \/>\n<script type=\"application\/ld+json\" class=\"yoast-schema-graph\">{\"@context\":\"https:\\\/\\\/schema.org\",\"@graph\":[{\"@type\":\"Article\",\"@id\":\"https:\\\/\\\/gazeta.am\\\/?p=1246#article\",\"isPartOf\":{\"@id\":\"https:\\\/\\\/gazeta.am\\\/?p=1246\"},\"author\":{\"name\":\"admin\",\"@id\":\"https:\\\/\\\/gazeta.am\\\/#\\\/schema\\\/person\\\/987709955e760c9a1ebbb44776f8cccc\"},\"headline\":\"\u00ab Sur cette photo des ann\u00e9es 70\u2026 il y a quelque chose qui ne va pas. \u00bb\",\"datePublished\":\"2026-03-27T18:09:55+00:00\",\"dateModified\":\"2026-03-27T18:09:57+00:00\",\"mainEntityOfPage\":{\"@id\":\"https:\\\/\\\/gazeta.am\\\/?p=1246\"},\"wordCount\":952,\"commentCount\":0,\"image\":{\"@id\":\"https:\\\/\\\/gazeta.am\\\/?p=1246#primaryimage\"},\"thumbnailUrl\":\"https:\\\/\\\/gazeta.am\\\/wp-content\\\/uploads\\\/2026\\\/03\\\/1j-3.jpg\",\"articleSection\":[\"NEWS\"],\"inLanguage\":\"ru-RU\",\"potentialAction\":[{\"@type\":\"CommentAction\",\"name\":\"Comment\",\"target\":[\"https:\\\/\\\/gazeta.am\\\/?p=1246#respond\"]}]},{\"@type\":\"WebPage\",\"@id\":\"https:\\\/\\\/gazeta.am\\\/?p=1246\",\"url\":\"https:\\\/\\\/gazeta.am\\\/?p=1246\",\"name\":\"\u00ab Sur cette photo des ann\u00e9es 70\u2026 il y a quelque chose qui ne va pas. \u00bb -\",\"isPartOf\":{\"@id\":\"https:\\\/\\\/gazeta.am\\\/#website\"},\"primaryImageOfPage\":{\"@id\":\"https:\\\/\\\/gazeta.am\\\/?p=1246#primaryimage\"},\"image\":{\"@id\":\"https:\\\/\\\/gazeta.am\\\/?p=1246#primaryimage\"},\"thumbnailUrl\":\"https:\\\/\\\/gazeta.am\\\/wp-content\\\/uploads\\\/2026\\\/03\\\/1j-3.jpg\",\"datePublished\":\"2026-03-27T18:09:55+00:00\",\"dateModified\":\"2026-03-27T18:09:57+00:00\",\"author\":{\"@id\":\"https:\\\/\\\/gazeta.am\\\/#\\\/schema\\\/person\\\/987709955e760c9a1ebbb44776f8cccc\"},\"breadcrumb\":{\"@id\":\"https:\\\/\\\/gazeta.am\\\/?p=1246#breadcrumb\"},\"inLanguage\":\"ru-RU\",\"potentialAction\":[{\"@type\":\"ReadAction\",\"target\":[\"https:\\\/\\\/gazeta.am\\\/?p=1246\"]}]},{\"@type\":\"ImageObject\",\"inLanguage\":\"ru-RU\",\"@id\":\"https:\\\/\\\/gazeta.am\\\/?p=1246#primaryimage\",\"url\":\"https:\\\/\\\/gazeta.am\\\/wp-content\\\/uploads\\\/2026\\\/03\\\/1j-3.jpg\",\"contentUrl\":\"https:\\\/\\\/gazeta.am\\\/wp-content\\\/uploads\\\/2026\\\/03\\\/1j-3.jpg\",\"width\":911,\"height\":906},{\"@type\":\"BreadcrumbList\",\"@id\":\"https:\\\/\\\/gazeta.am\\\/?p=1246#breadcrumb\",\"itemListElement\":[{\"@type\":\"ListItem\",\"position\":1,\"name\":\"\u0413\u043b\u0430\u0432\u043d\u0430\u044f \u0441\u0442\u0440\u0430\u043d\u0438\u0446\u0430\",\"item\":\"https:\\\/\\\/gazeta.am\\\/\"},{\"@type\":\"ListItem\",\"position\":2,\"name\":\"\u00ab Sur cette photo des ann\u00e9es 70\u2026 il y a quelque chose qui ne va pas. \u00bb\"}]},{\"@type\":\"WebSite\",\"@id\":\"https:\\\/\\\/gazeta.am\\\/#website\",\"url\":\"https:\\\/\\\/gazeta.am\\\/\",\"name\":\"\",\"description\":\"\",\"potentialAction\":[{\"@type\":\"SearchAction\",\"target\":{\"@type\":\"EntryPoint\",\"urlTemplate\":\"https:\\\/\\\/gazeta.am\\\/?s={search_term_string}\"},\"query-input\":{\"@type\":\"PropertyValueSpecification\",\"valueRequired\":true,\"valueName\":\"search_term_string\"}}],\"inLanguage\":\"ru-RU\"},{\"@type\":\"Person\",\"@id\":\"https:\\\/\\\/gazeta.am\\\/#\\\/schema\\\/person\\\/987709955e760c9a1ebbb44776f8cccc\",\"name\":\"admin\",\"image\":{\"@type\":\"ImageObject\",\"inLanguage\":\"ru-RU\",\"@id\":\"https:\\\/\\\/secure.gravatar.com\\\/avatar\\\/a24f4ac3a683f3c87303db525abc00db51ea26ccedee11dfaf1cc0f9a481a5d2?s=96&d=mm&r=g\",\"url\":\"https:\\\/\\\/secure.gravatar.com\\\/avatar\\\/a24f4ac3a683f3c87303db525abc00db51ea26ccedee11dfaf1cc0f9a481a5d2?s=96&d=mm&r=g\",\"contentUrl\":\"https:\\\/\\\/secure.gravatar.com\\\/avatar\\\/a24f4ac3a683f3c87303db525abc00db51ea26ccedee11dfaf1cc0f9a481a5d2?s=96&d=mm&r=g\",\"caption\":\"admin\"},\"sameAs\":[\"http:\\\/\\\/gazeta.am\"],\"url\":\"https:\\\/\\\/gazeta.am\\\/?author=1\"}]}<\/script>\n<!-- \/ Yoast SEO plugin. -->","yoast_head_json":{"title":"\u00ab Sur cette photo des ann\u00e9es 70\u2026 il y a quelque chose qui ne va pas. \u00bb -","robots":{"index":"index","follow":"follow","max-snippet":"max-snippet:-1","max-image-preview":"max-image-preview:large","max-video-preview":"max-video-preview:-1"},"canonical":"https:\/\/gazeta.am\/?p=1246","og_locale":"ru_RU","og_type":"article","og_title":"\u00ab Sur cette photo des ann\u00e9es 70\u2026 il y a quelque chose qui ne va pas. \u00bb -","og_description":"C\u2019est ce que disait le message. Rien de plus. Pas d\u2019explication. Pas d\u2019indice. Juste une image l\u00e9g\u00e8rement jaunie, comme fig\u00e9e dans un pass\u00e9","og_url":"https:\/\/gazeta.am\/?p=1246","article_published_time":"2026-03-27T18:09:55+00:00","article_modified_time":"2026-03-27T18:09:57+00:00","og_image":[{"width":911,"height":906,"url":"https:\/\/gazeta.am\/wp-content\/uploads\/2026\/03\/1j-3.jpg","type":"image\/jpeg"}],"author":"admin","twitter_card":"summary_large_image","twitter_misc":{"\u041d\u0430\u043f\u0438\u0441\u0430\u043d\u043e \u0430\u0432\u0442\u043e\u0440\u043e\u043c":"admin","\u041f\u0440\u0438\u043c\u0435\u0440\u043d\u043e\u0435 \u0432\u0440\u0435\u043c\u044f \u0434\u043b\u044f \u0447\u0442\u0435\u043d\u0438\u044f":"5 \u043c\u0438\u043d\u0443\u0442"},"schema":{"@context":"https:\/\/schema.org","@graph":[{"@type":"Article","@id":"https:\/\/gazeta.am\/?p=1246#article","isPartOf":{"@id":"https:\/\/gazeta.am\/?p=1246"},"author":{"name":"admin","@id":"https:\/\/gazeta.am\/#\/schema\/person\/987709955e760c9a1ebbb44776f8cccc"},"headline":"\u00ab Sur cette photo des ann\u00e9es 70\u2026 il y a quelque chose qui ne va pas. \u00bb","datePublished":"2026-03-27T18:09:55+00:00","dateModified":"2026-03-27T18:09:57+00:00","mainEntityOfPage":{"@id":"https:\/\/gazeta.am\/?p=1246"},"wordCount":952,"commentCount":0,"image":{"@id":"https:\/\/gazeta.am\/?p=1246#primaryimage"},"thumbnailUrl":"https:\/\/gazeta.am\/wp-content\/uploads\/2026\/03\/1j-3.jpg","articleSection":["NEWS"],"inLanguage":"ru-RU","potentialAction":[{"@type":"CommentAction","name":"Comment","target":["https:\/\/gazeta.am\/?p=1246#respond"]}]},{"@type":"WebPage","@id":"https:\/\/gazeta.am\/?p=1246","url":"https:\/\/gazeta.am\/?p=1246","name":"\u00ab Sur cette photo des ann\u00e9es 70\u2026 il y a quelque chose qui ne va pas. \u00bb -","isPartOf":{"@id":"https:\/\/gazeta.am\/#website"},"primaryImageOfPage":{"@id":"https:\/\/gazeta.am\/?p=1246#primaryimage"},"image":{"@id":"https:\/\/gazeta.am\/?p=1246#primaryimage"},"thumbnailUrl":"https:\/\/gazeta.am\/wp-content\/uploads\/2026\/03\/1j-3.jpg","datePublished":"2026-03-27T18:09:55+00:00","dateModified":"2026-03-27T18:09:57+00:00","author":{"@id":"https:\/\/gazeta.am\/#\/schema\/person\/987709955e760c9a1ebbb44776f8cccc"},"breadcrumb":{"@id":"https:\/\/gazeta.am\/?p=1246#breadcrumb"},"inLanguage":"ru-RU","potentialAction":[{"@type":"ReadAction","target":["https:\/\/gazeta.am\/?p=1246"]}]},{"@type":"ImageObject","inLanguage":"ru-RU","@id":"https:\/\/gazeta.am\/?p=1246#primaryimage","url":"https:\/\/gazeta.am\/wp-content\/uploads\/2026\/03\/1j-3.jpg","contentUrl":"https:\/\/gazeta.am\/wp-content\/uploads\/2026\/03\/1j-3.jpg","width":911,"height":906},{"@type":"BreadcrumbList","@id":"https:\/\/gazeta.am\/?p=1246#breadcrumb","itemListElement":[{"@type":"ListItem","position":1,"name":"\u0413\u043b\u0430\u0432\u043d\u0430\u044f \u0441\u0442\u0440\u0430\u043d\u0438\u0446\u0430","item":"https:\/\/gazeta.am\/"},{"@type":"ListItem","position":2,"name":"\u00ab Sur cette photo des ann\u00e9es 70\u2026 il y a quelque chose qui ne va pas. \u00bb"}]},{"@type":"WebSite","@id":"https:\/\/gazeta.am\/#website","url":"https:\/\/gazeta.am\/","name":"","description":"","potentialAction":[{"@type":"SearchAction","target":{"@type":"EntryPoint","urlTemplate":"https:\/\/gazeta.am\/?s={search_term_string}"},"query-input":{"@type":"PropertyValueSpecification","valueRequired":true,"valueName":"search_term_string"}}],"inLanguage":"ru-RU"},{"@type":"Person","@id":"https:\/\/gazeta.am\/#\/schema\/person\/987709955e760c9a1ebbb44776f8cccc","name":"admin","image":{"@type":"ImageObject","inLanguage":"ru-RU","@id":"https:\/\/secure.gravatar.com\/avatar\/a24f4ac3a683f3c87303db525abc00db51ea26ccedee11dfaf1cc0f9a481a5d2?s=96&d=mm&r=g","url":"https:\/\/secure.gravatar.com\/avatar\/a24f4ac3a683f3c87303db525abc00db51ea26ccedee11dfaf1cc0f9a481a5d2?s=96&d=mm&r=g","contentUrl":"https:\/\/secure.gravatar.com\/avatar\/a24f4ac3a683f3c87303db525abc00db51ea26ccedee11dfaf1cc0f9a481a5d2?s=96&d=mm&r=g","caption":"admin"},"sameAs":["http:\/\/gazeta.am"],"url":"https:\/\/gazeta.am\/?author=1"}]}},"_links":{"self":[{"href":"https:\/\/gazeta.am\/index.php?rest_route=\/wp\/v2\/posts\/1246","targetHints":{"allow":["GET"]}}],"collection":[{"href":"https:\/\/gazeta.am\/index.php?rest_route=\/wp\/v2\/posts"}],"about":[{"href":"https:\/\/gazeta.am\/index.php?rest_route=\/wp\/v2\/types\/post"}],"author":[{"embeddable":true,"href":"https:\/\/gazeta.am\/index.php?rest_route=\/wp\/v2\/users\/1"}],"replies":[{"embeddable":true,"href":"https:\/\/gazeta.am\/index.php?rest_route=%2Fwp%2Fv2%2Fcomments&post=1246"}],"version-history":[{"count":1,"href":"https:\/\/gazeta.am\/index.php?rest_route=\/wp\/v2\/posts\/1246\/revisions"}],"predecessor-version":[{"id":1248,"href":"https:\/\/gazeta.am\/index.php?rest_route=\/wp\/v2\/posts\/1246\/revisions\/1248"}],"wp:featuredmedia":[{"embeddable":true,"href":"https:\/\/gazeta.am\/index.php?rest_route=\/wp\/v2\/media\/1247"}],"wp:attachment":[{"href":"https:\/\/gazeta.am\/index.php?rest_route=%2Fwp%2Fv2%2Fmedia&parent=1246"}],"wp:term":[{"taxonomy":"category","embeddable":true,"href":"https:\/\/gazeta.am\/index.php?rest_route=%2Fwp%2Fv2%2Fcategories&post=1246"},{"taxonomy":"post_tag","embeddable":true,"href":"https:\/\/gazeta.am\/index.php?rest_route=%2Fwp%2Fv2%2Ftags&post=1246"}],"curies":[{"name":"wp","href":"https:\/\/api.w.org\/{rel}","templated":true}]}}