{"id":1237,"date":"2026-03-27T19:16:12","date_gmt":"2026-03-27T16:16:12","guid":{"rendered":"https:\/\/gazeta.am\/?p=1237"},"modified":"2026-03-27T19:16:13","modified_gmt":"2026-03-27T16:16:13","slug":"larrivee-de-josue-dans-limmense-demeure-darthur-fut-comme-lintroduction-dun-rayon-de-soleil-dans-une-grotte-plongee-depuis-des-annees-dans-lobscur","status":"publish","type":"post","link":"https:\/\/gazeta.am\/?p=1237","title":{"rendered":"L\u2019arriv\u00e9e de Josu\u00e9 dans l\u2019immense demeure d\u2019Arthur fut comme l\u2019introduction d\u2019un rayon de soleil dans une grotte plong\u00e9e depuis des ann\u00e9es dans l\u2019obscurit\u00e9."},"content":{"rendered":"\n<p>Les murs de marbre blanc et les lustres \u00e9tincelants semblaient presque hostiles \u00e0 la pr\u00e9sence fr\u00eale du gar\u00e7on, mais il ne montra aucune peur. Ses yeux brillaient d\u2019une curiosit\u00e9 na\u00efve et d\u2019une compassion instinctive qui semblaient traverser la froideur du luxe comme une fl\u00e8che de chaleur.<\/p>\n\n\n\n<p>Benedito le prit doucement par la main et le guida dans les vastes couloirs, en prenant soin d\u2019\u00e9viter que Josu\u00e9 ne tr\u00e9buche sur les tapis \u00e9pais ou ne se heurte aux meubles pr\u00e9cieux. Arthur, assis dans son fauteuil roulant, observait chaque mouvement du gar\u00e7on avec une fascination m\u00eal\u00e9e d\u2019incr\u00e9dulit\u00e9. Ses jambes, si longtemps paralys\u00e9es, fr\u00e9missaient l\u00e9g\u00e8rement sous la couverture, rappelant \u00e0 l\u2019homme qu\u2019un miracle venait de se produire.<\/p>\n\n\n\n<p>\u2014 Tu n\u2019as rien \u00e0 craindre ici, murmura Benedito en posant Josu\u00e9 dans le petit salon, am\u00e9nag\u00e9 sp\u00e9cialement pour lui. Tu es en s\u00e9curit\u00e9 maintenant.<\/p>\n\n\n\n<p>Josu\u00e9 hocha la t\u00eate timidement. Il ne comprenait pas encore l\u2019ampleur de ce qui venait de se passer, mais il sentait que quelque chose de tr\u00e8s puissant l\u2019avait li\u00e9 \u00e0 cet homme. Arthur, quant \u00e0 lui, se pencha l\u00e9g\u00e8rement en avant, son visage marqu\u00e9 par la surprise, la joie et une pointe de peur :<\/p>\n\n\n\n<figure class=\"wp-block-image size-full\"><img loading=\"lazy\" decoding=\"async\" width=\"910\" height=\"897\" src=\"https:\/\/gazeta.am\/wp-content\/uploads\/2026\/03\/1c-9.jpg\" alt=\"\" class=\"wp-image-1238\" srcset=\"https:\/\/gazeta.am\/wp-content\/uploads\/2026\/03\/1c-9.jpg 910w, https:\/\/gazeta.am\/wp-content\/uploads\/2026\/03\/1c-9-300x296.jpg 300w, https:\/\/gazeta.am\/wp-content\/uploads\/2026\/03\/1c-9-768x757.jpg 768w\" sizes=\"auto, (max-width: 910px) 100vw, 910px\" \/><\/figure>\n\n\n\n<p>\u2014 Je\u2026 je crois que tu viens de faire quelque chose que personne n\u2019aurait cru possible, dit-il d\u2019une voix tremblante. Tes mains\u2026 elles ont\u2026 elles m\u2019ont\u2026 redonn\u00e9 la vie.<\/p>\n\n\n\n<p>Josu\u00e9 sourit, humble.<\/p>\n\n\n\n<p>\u2014 Je n\u2019ai fait que ce que ma maman m\u2019a appris\u2026 aider ceux qui souffrent.<\/p>\n\n\n\n<p>Cette phrase simple fit battre le c\u0153ur d\u2019Arthur plus fort que n\u2019importe quelle op\u00e9ration m\u00e9dicale n\u2019aurait pu le faire. Il r\u00e9alisa qu\u2019il avait trouv\u00e9 bien plus qu\u2019un enfant : il avait trouv\u00e9 un lien authentique avec l\u2019humanit\u00e9, avec l\u2019espoir qu\u2019il pensait perdu \u00e0 jamais.<\/p>\n\n\n\n<p>Mais la joie fut de courte dur\u00e9e. Dans l\u2019ombre de la grande maison, Valeria observait la sc\u00e8ne avec des yeux emplis d\u2019avidit\u00e9 et de haine. L\u2019id\u00e9e qu\u2019un petit gar\u00e7on, un simple orphelin, puisse capter l\u2019attention de son oncle et, pire encore, lui redonner la mobilit\u00e9, \u00e9tait une offense \u00e0 sa logique : elle qui pensait contr\u00f4ler chaque d\u00e9tail, chaque geste, chaque h\u00e9ritage \u00e0 venir. \u00c0 ses yeux, ce miracle mena\u00e7ait tout ce qu\u2019elle avait planifi\u00e9 depuis des ann\u00e9es.<\/p>\n\n\n\n<p>\u2014 Rodrigo\u2026 souffla-t-elle, sa voix basse mais glaciale. Assure-toi que ce gamin ne s\u2019approche plus jamais d\u2019Arthur sans mon autorisation. Et surveille chaque mouvement. Je ne veux pas de surprises.<\/p>\n\n\n\n<p>Rodrigo acquies\u00e7a, son corps massif se tendant sous l\u2019ordre. M\u00eame lui, qui n\u2019avait jamais dout\u00e9 de la cruaut\u00e9 de sa ma\u00eetresse, sentit un frisson d\u2019inqui\u00e9tude. Josu\u00e9, innocent, venait de d\u00e9clencher un chaos silencieux au sein de cette famille, et aucun d\u2019eux ne soup\u00e7onnait encore l\u2019ampleur de la temp\u00eate qui allait suivre.<\/p>\n\n\n\n<p>Le premier soir dans la maison, Josu\u00e9 fut install\u00e9 dans une petite chambre donnant sur le jardin. Le vent faisait bruisser les branches des arbres, et les rideaux l\u00e9gers se balan\u00e7aient doucement. Benedito lui apporta un repas simple, mais chaud, et s\u2019assit \u00e0 c\u00f4t\u00e9 de lui, posant une main r\u00e9confortante sur l\u2019\u00e9paule du gar\u00e7on.<\/p>\n\n\n\n<p>\u2014 Repose-toi, dit-il doucement. Demain, tu rencontreras Arthur de plus pr\u00e8s, et crois-moi, il sera\u2026 diff\u00e9rent.<\/p>\n\n\n\n<p>Josu\u00e9 ne comprit pas imm\u00e9diatement ce que Benedito voulait dire, mais son instinct lui disait que tout \u00e9tait vrai. Lorsqu\u2019il rejoignit Arthur le lendemain, l\u2019homme paralys\u00e9, autrefois amer et amer, sourit pour la premi\u00e8re fois depuis des ann\u00e9es.<\/p>\n\n\n\n<p>\u2014 Tu veux bien me montrer tes mains encore une fois ? demanda Arthur, presque enfantin dans sa voix.<\/p>\n\n\n\n<p>Josu\u00e9 posa ses paumes sur les jambes d\u2019Arthur. Le miracle se reproduisit, et Arthur sentit un courant chaud et vivifiant parcourir son corps. Cette fois, il r\u00e9ussit \u00e0 bouger un pied et, avec effort, une main. La maison enti\u00e8re sembla retenir son souffle.<\/p>\n\n\n\n<p>Mais Valeria, cach\u00e9e derri\u00e8re un pilier de la galerie, grin\u00e7a des dents. La famille, jusqu\u2019ici unie dans l\u2019avidit\u00e9 et la manipulation, commen\u00e7ait \u00e0 se fissurer. Chaque sourire d\u2019Arthur, chaque geste de gratitude envers Josu\u00e9, affaiblissait son contr\u00f4le. Elle savait qu\u2019elle devait agir vite, avant que ce petit gar\u00e7on ne devienne le catalyseur d\u2019un changement qu\u2019elle ne pourrait plus contr\u00f4ler.<\/p>\n\n\n\n<p>Alors que le soleil se couchait sur la ville, peignant les murs de la maison en or et rouge, Josu\u00e9 ignorait qu\u2019en touchant les jambes d\u2019Arthur, il venait d\u2019allumer une flamme capable de changer des vies. Une flamme qui allait forcer les adultes \u00e0 affronter leurs pires peurs, \u00e0 r\u00e9v\u00e9ler leurs secrets les plus noirs, et \u00e0 montrer que m\u00eame dans les c\u0153urs les plus endurcis, l\u2019espoir peut rena\u00eetre gr\u00e2ce \u00e0 la puret\u00e9 et au courage d\u2019un enfant.<\/p>\n","protected":false},"excerpt":{"rendered":"Les murs de marbre blanc et les lustres \u00e9tincelants semblaient presque hostiles \u00e0 la pr\u00e9sence fr\u00eale du gar\u00e7on, mais il ne montra aucune \n<a class=\"moretag\" href=\"https:\/\/gazeta.am\/?p=1237\"> [...]<\/a>","protected":false},"author":1,"featured_media":1238,"comment_status":"open","ping_status":"open","sticky":false,"template":"","format":"standard","meta":{"footnotes":""},"categories":[1],"tags":[],"class_list":["post-1237","post","type-post","status-publish","format-standard","has-post-thumbnail","hentry","category-1"],"yoast_head":"<!-- This site is optimized with the Yoast SEO plugin v27.4 - https:\/\/yoast.com\/product\/yoast-seo-wordpress\/ -->\n<title>L\u2019arriv\u00e9e de Josu\u00e9 dans l\u2019immense demeure d\u2019Arthur fut comme l\u2019introduction d\u2019un rayon de soleil dans une grotte plong\u00e9e depuis des ann\u00e9es dans l\u2019obscurit\u00e9. -<\/title>\n<meta name=\"robots\" content=\"index, follow, max-snippet:-1, max-image-preview:large, max-video-preview:-1\" \/>\n<link rel=\"canonical\" href=\"https:\/\/gazeta.am\/?p=1237\" \/>\n<meta property=\"og:locale\" content=\"ru_RU\" \/>\n<meta property=\"og:type\" content=\"article\" \/>\n<meta property=\"og:title\" content=\"L\u2019arriv\u00e9e de Josu\u00e9 dans l\u2019immense demeure d\u2019Arthur fut comme l\u2019introduction d\u2019un rayon de soleil dans une grotte plong\u00e9e depuis des ann\u00e9es dans l\u2019obscurit\u00e9. -\" \/>\n<meta property=\"og:description\" content=\"Les murs de marbre blanc et les lustres \u00e9tincelants semblaient presque hostiles \u00e0 la pr\u00e9sence fr\u00eale du gar\u00e7on, mais il ne montra aucune\" \/>\n<meta property=\"og:url\" content=\"https:\/\/gazeta.am\/?p=1237\" \/>\n<meta property=\"article:published_time\" content=\"2026-03-27T16:16:12+00:00\" \/>\n<meta property=\"article:modified_time\" content=\"2026-03-27T16:16:13+00:00\" \/>\n<meta property=\"og:image\" content=\"https:\/\/gazeta.am\/wp-content\/uploads\/2026\/03\/1c-9.jpg\" \/>\n\t<meta property=\"og:image:width\" content=\"910\" \/>\n\t<meta property=\"og:image:height\" content=\"897\" \/>\n\t<meta property=\"og:image:type\" content=\"image\/jpeg\" \/>\n<meta name=\"author\" content=\"admin\" \/>\n<meta name=\"twitter:card\" content=\"summary_large_image\" \/>\n<meta name=\"twitter:label1\" content=\"\u041d\u0430\u043f\u0438\u0441\u0430\u043d\u043e \u0430\u0432\u0442\u043e\u0440\u043e\u043c\" \/>\n\t<meta name=\"twitter:data1\" content=\"admin\" \/>\n\t<meta name=\"twitter:label2\" content=\"\u041f\u0440\u0438\u043c\u0435\u0440\u043d\u043e\u0435 \u0432\u0440\u0435\u043c\u044f \u0434\u043b\u044f \u0447\u0442\u0435\u043d\u0438\u044f\" \/>\n\t<meta name=\"twitter:data2\" content=\"5 \u043c\u0438\u043d\u0443\u0442\" \/>\n<script type=\"application\/ld+json\" class=\"yoast-schema-graph\">{\"@context\":\"https:\\\/\\\/schema.org\",\"@graph\":[{\"@type\":\"Article\",\"@id\":\"https:\\\/\\\/gazeta.am\\\/?p=1237#article\",\"isPartOf\":{\"@id\":\"https:\\\/\\\/gazeta.am\\\/?p=1237\"},\"author\":{\"name\":\"admin\",\"@id\":\"https:\\\/\\\/gazeta.am\\\/#\\\/schema\\\/person\\\/987709955e760c9a1ebbb44776f8cccc\"},\"headline\":\"L\u2019arriv\u00e9e de Josu\u00e9 dans l\u2019immense demeure d\u2019Arthur fut comme l\u2019introduction d\u2019un rayon de soleil dans une grotte plong\u00e9e depuis des ann\u00e9es dans l\u2019obscurit\u00e9.\",\"datePublished\":\"2026-03-27T16:16:12+00:00\",\"dateModified\":\"2026-03-27T16:16:13+00:00\",\"mainEntityOfPage\":{\"@id\":\"https:\\\/\\\/gazeta.am\\\/?p=1237\"},\"wordCount\":875,\"commentCount\":0,\"image\":{\"@id\":\"https:\\\/\\\/gazeta.am\\\/?p=1237#primaryimage\"},\"thumbnailUrl\":\"https:\\\/\\\/gazeta.am\\\/wp-content\\\/uploads\\\/2026\\\/03\\\/1c-9.jpg\",\"articleSection\":[\"NEWS\"],\"inLanguage\":\"ru-RU\",\"potentialAction\":[{\"@type\":\"CommentAction\",\"name\":\"Comment\",\"target\":[\"https:\\\/\\\/gazeta.am\\\/?p=1237#respond\"]}]},{\"@type\":\"WebPage\",\"@id\":\"https:\\\/\\\/gazeta.am\\\/?p=1237\",\"url\":\"https:\\\/\\\/gazeta.am\\\/?p=1237\",\"name\":\"L\u2019arriv\u00e9e de Josu\u00e9 dans l\u2019immense demeure d\u2019Arthur fut comme l\u2019introduction d\u2019un rayon de soleil dans une grotte plong\u00e9e depuis des ann\u00e9es dans l\u2019obscurit\u00e9. -\",\"isPartOf\":{\"@id\":\"https:\\\/\\\/gazeta.am\\\/#website\"},\"primaryImageOfPage\":{\"@id\":\"https:\\\/\\\/gazeta.am\\\/?p=1237#primaryimage\"},\"image\":{\"@id\":\"https:\\\/\\\/gazeta.am\\\/?p=1237#primaryimage\"},\"thumbnailUrl\":\"https:\\\/\\\/gazeta.am\\\/wp-content\\\/uploads\\\/2026\\\/03\\\/1c-9.jpg\",\"datePublished\":\"2026-03-27T16:16:12+00:00\",\"dateModified\":\"2026-03-27T16:16:13+00:00\",\"author\":{\"@id\":\"https:\\\/\\\/gazeta.am\\\/#\\\/schema\\\/person\\\/987709955e760c9a1ebbb44776f8cccc\"},\"breadcrumb\":{\"@id\":\"https:\\\/\\\/gazeta.am\\\/?p=1237#breadcrumb\"},\"inLanguage\":\"ru-RU\",\"potentialAction\":[{\"@type\":\"ReadAction\",\"target\":[\"https:\\\/\\\/gazeta.am\\\/?p=1237\"]}]},{\"@type\":\"ImageObject\",\"inLanguage\":\"ru-RU\",\"@id\":\"https:\\\/\\\/gazeta.am\\\/?p=1237#primaryimage\",\"url\":\"https:\\\/\\\/gazeta.am\\\/wp-content\\\/uploads\\\/2026\\\/03\\\/1c-9.jpg\",\"contentUrl\":\"https:\\\/\\\/gazeta.am\\\/wp-content\\\/uploads\\\/2026\\\/03\\\/1c-9.jpg\",\"width\":910,\"height\":897},{\"@type\":\"BreadcrumbList\",\"@id\":\"https:\\\/\\\/gazeta.am\\\/?p=1237#breadcrumb\",\"itemListElement\":[{\"@type\":\"ListItem\",\"position\":1,\"name\":\"\u0413\u043b\u0430\u0432\u043d\u0430\u044f \u0441\u0442\u0440\u0430\u043d\u0438\u0446\u0430\",\"item\":\"https:\\\/\\\/gazeta.am\\\/\"},{\"@type\":\"ListItem\",\"position\":2,\"name\":\"L\u2019arriv\u00e9e de Josu\u00e9 dans l\u2019immense demeure d\u2019Arthur fut comme l\u2019introduction d\u2019un rayon de soleil dans une grotte plong\u00e9e depuis des ann\u00e9es dans l\u2019obscurit\u00e9.\"}]},{\"@type\":\"WebSite\",\"@id\":\"https:\\\/\\\/gazeta.am\\\/#website\",\"url\":\"https:\\\/\\\/gazeta.am\\\/\",\"name\":\"\",\"description\":\"\",\"potentialAction\":[{\"@type\":\"SearchAction\",\"target\":{\"@type\":\"EntryPoint\",\"urlTemplate\":\"https:\\\/\\\/gazeta.am\\\/?s={search_term_string}\"},\"query-input\":{\"@type\":\"PropertyValueSpecification\",\"valueRequired\":true,\"valueName\":\"search_term_string\"}}],\"inLanguage\":\"ru-RU\"},{\"@type\":\"Person\",\"@id\":\"https:\\\/\\\/gazeta.am\\\/#\\\/schema\\\/person\\\/987709955e760c9a1ebbb44776f8cccc\",\"name\":\"admin\",\"image\":{\"@type\":\"ImageObject\",\"inLanguage\":\"ru-RU\",\"@id\":\"https:\\\/\\\/secure.gravatar.com\\\/avatar\\\/a24f4ac3a683f3c87303db525abc00db51ea26ccedee11dfaf1cc0f9a481a5d2?s=96&d=mm&r=g\",\"url\":\"https:\\\/\\\/secure.gravatar.com\\\/avatar\\\/a24f4ac3a683f3c87303db525abc00db51ea26ccedee11dfaf1cc0f9a481a5d2?s=96&d=mm&r=g\",\"contentUrl\":\"https:\\\/\\\/secure.gravatar.com\\\/avatar\\\/a24f4ac3a683f3c87303db525abc00db51ea26ccedee11dfaf1cc0f9a481a5d2?s=96&d=mm&r=g\",\"caption\":\"admin\"},\"sameAs\":[\"http:\\\/\\\/gazeta.am\"],\"url\":\"https:\\\/\\\/gazeta.am\\\/?author=1\"}]}<\/script>\n<!-- \/ Yoast SEO plugin. -->","yoast_head_json":{"title":"L\u2019arriv\u00e9e de Josu\u00e9 dans l\u2019immense demeure d\u2019Arthur fut comme l\u2019introduction d\u2019un rayon de soleil dans une grotte plong\u00e9e depuis des ann\u00e9es dans l\u2019obscurit\u00e9. -","robots":{"index":"index","follow":"follow","max-snippet":"max-snippet:-1","max-image-preview":"max-image-preview:large","max-video-preview":"max-video-preview:-1"},"canonical":"https:\/\/gazeta.am\/?p=1237","og_locale":"ru_RU","og_type":"article","og_title":"L\u2019arriv\u00e9e de Josu\u00e9 dans l\u2019immense demeure d\u2019Arthur fut comme l\u2019introduction d\u2019un rayon de soleil dans une grotte plong\u00e9e depuis des ann\u00e9es dans l\u2019obscurit\u00e9. -","og_description":"Les murs de marbre blanc et les lustres \u00e9tincelants semblaient presque hostiles \u00e0 la pr\u00e9sence fr\u00eale du gar\u00e7on, mais il ne montra aucune","og_url":"https:\/\/gazeta.am\/?p=1237","article_published_time":"2026-03-27T16:16:12+00:00","article_modified_time":"2026-03-27T16:16:13+00:00","og_image":[{"width":910,"height":897,"url":"https:\/\/gazeta.am\/wp-content\/uploads\/2026\/03\/1c-9.jpg","type":"image\/jpeg"}],"author":"admin","twitter_card":"summary_large_image","twitter_misc":{"\u041d\u0430\u043f\u0438\u0441\u0430\u043d\u043e \u0430\u0432\u0442\u043e\u0440\u043e\u043c":"admin","\u041f\u0440\u0438\u043c\u0435\u0440\u043d\u043e\u0435 \u0432\u0440\u0435\u043c\u044f \u0434\u043b\u044f \u0447\u0442\u0435\u043d\u0438\u044f":"5 \u043c\u0438\u043d\u0443\u0442"},"schema":{"@context":"https:\/\/schema.org","@graph":[{"@type":"Article","@id":"https:\/\/gazeta.am\/?p=1237#article","isPartOf":{"@id":"https:\/\/gazeta.am\/?p=1237"},"author":{"name":"admin","@id":"https:\/\/gazeta.am\/#\/schema\/person\/987709955e760c9a1ebbb44776f8cccc"},"headline":"L\u2019arriv\u00e9e de Josu\u00e9 dans l\u2019immense demeure d\u2019Arthur fut comme l\u2019introduction d\u2019un rayon de soleil dans une grotte plong\u00e9e depuis des ann\u00e9es dans l\u2019obscurit\u00e9.","datePublished":"2026-03-27T16:16:12+00:00","dateModified":"2026-03-27T16:16:13+00:00","mainEntityOfPage":{"@id":"https:\/\/gazeta.am\/?p=1237"},"wordCount":875,"commentCount":0,"image":{"@id":"https:\/\/gazeta.am\/?p=1237#primaryimage"},"thumbnailUrl":"https:\/\/gazeta.am\/wp-content\/uploads\/2026\/03\/1c-9.jpg","articleSection":["NEWS"],"inLanguage":"ru-RU","potentialAction":[{"@type":"CommentAction","name":"Comment","target":["https:\/\/gazeta.am\/?p=1237#respond"]}]},{"@type":"WebPage","@id":"https:\/\/gazeta.am\/?p=1237","url":"https:\/\/gazeta.am\/?p=1237","name":"L\u2019arriv\u00e9e de Josu\u00e9 dans l\u2019immense demeure d\u2019Arthur fut comme l\u2019introduction d\u2019un rayon de soleil dans une grotte plong\u00e9e depuis des ann\u00e9es dans l\u2019obscurit\u00e9. -","isPartOf":{"@id":"https:\/\/gazeta.am\/#website"},"primaryImageOfPage":{"@id":"https:\/\/gazeta.am\/?p=1237#primaryimage"},"image":{"@id":"https:\/\/gazeta.am\/?p=1237#primaryimage"},"thumbnailUrl":"https:\/\/gazeta.am\/wp-content\/uploads\/2026\/03\/1c-9.jpg","datePublished":"2026-03-27T16:16:12+00:00","dateModified":"2026-03-27T16:16:13+00:00","author":{"@id":"https:\/\/gazeta.am\/#\/schema\/person\/987709955e760c9a1ebbb44776f8cccc"},"breadcrumb":{"@id":"https:\/\/gazeta.am\/?p=1237#breadcrumb"},"inLanguage":"ru-RU","potentialAction":[{"@type":"ReadAction","target":["https:\/\/gazeta.am\/?p=1237"]}]},{"@type":"ImageObject","inLanguage":"ru-RU","@id":"https:\/\/gazeta.am\/?p=1237#primaryimage","url":"https:\/\/gazeta.am\/wp-content\/uploads\/2026\/03\/1c-9.jpg","contentUrl":"https:\/\/gazeta.am\/wp-content\/uploads\/2026\/03\/1c-9.jpg","width":910,"height":897},{"@type":"BreadcrumbList","@id":"https:\/\/gazeta.am\/?p=1237#breadcrumb","itemListElement":[{"@type":"ListItem","position":1,"name":"\u0413\u043b\u0430\u0432\u043d\u0430\u044f \u0441\u0442\u0440\u0430\u043d\u0438\u0446\u0430","item":"https:\/\/gazeta.am\/"},{"@type":"ListItem","position":2,"name":"L\u2019arriv\u00e9e de Josu\u00e9 dans l\u2019immense demeure d\u2019Arthur fut comme l\u2019introduction d\u2019un rayon de soleil dans une grotte plong\u00e9e depuis des ann\u00e9es dans l\u2019obscurit\u00e9."}]},{"@type":"WebSite","@id":"https:\/\/gazeta.am\/#website","url":"https:\/\/gazeta.am\/","name":"","description":"","potentialAction":[{"@type":"SearchAction","target":{"@type":"EntryPoint","urlTemplate":"https:\/\/gazeta.am\/?s={search_term_string}"},"query-input":{"@type":"PropertyValueSpecification","valueRequired":true,"valueName":"search_term_string"}}],"inLanguage":"ru-RU"},{"@type":"Person","@id":"https:\/\/gazeta.am\/#\/schema\/person\/987709955e760c9a1ebbb44776f8cccc","name":"admin","image":{"@type":"ImageObject","inLanguage":"ru-RU","@id":"https:\/\/secure.gravatar.com\/avatar\/a24f4ac3a683f3c87303db525abc00db51ea26ccedee11dfaf1cc0f9a481a5d2?s=96&d=mm&r=g","url":"https:\/\/secure.gravatar.com\/avatar\/a24f4ac3a683f3c87303db525abc00db51ea26ccedee11dfaf1cc0f9a481a5d2?s=96&d=mm&r=g","contentUrl":"https:\/\/secure.gravatar.com\/avatar\/a24f4ac3a683f3c87303db525abc00db51ea26ccedee11dfaf1cc0f9a481a5d2?s=96&d=mm&r=g","caption":"admin"},"sameAs":["http:\/\/gazeta.am"],"url":"https:\/\/gazeta.am\/?author=1"}]}},"_links":{"self":[{"href":"https:\/\/gazeta.am\/index.php?rest_route=\/wp\/v2\/posts\/1237","targetHints":{"allow":["GET"]}}],"collection":[{"href":"https:\/\/gazeta.am\/index.php?rest_route=\/wp\/v2\/posts"}],"about":[{"href":"https:\/\/gazeta.am\/index.php?rest_route=\/wp\/v2\/types\/post"}],"author":[{"embeddable":true,"href":"https:\/\/gazeta.am\/index.php?rest_route=\/wp\/v2\/users\/1"}],"replies":[{"embeddable":true,"href":"https:\/\/gazeta.am\/index.php?rest_route=%2Fwp%2Fv2%2Fcomments&post=1237"}],"version-history":[{"count":1,"href":"https:\/\/gazeta.am\/index.php?rest_route=\/wp\/v2\/posts\/1237\/revisions"}],"predecessor-version":[{"id":1239,"href":"https:\/\/gazeta.am\/index.php?rest_route=\/wp\/v2\/posts\/1237\/revisions\/1239"}],"wp:featuredmedia":[{"embeddable":true,"href":"https:\/\/gazeta.am\/index.php?rest_route=\/wp\/v2\/media\/1238"}],"wp:attachment":[{"href":"https:\/\/gazeta.am\/index.php?rest_route=%2Fwp%2Fv2%2Fmedia&parent=1237"}],"wp:term":[{"taxonomy":"category","embeddable":true,"href":"https:\/\/gazeta.am\/index.php?rest_route=%2Fwp%2Fv2%2Fcategories&post=1237"},{"taxonomy":"post_tag","embeddable":true,"href":"https:\/\/gazeta.am\/index.php?rest_route=%2Fwp%2Fv2%2Ftags&post=1237"}],"curies":[{"name":"wp","href":"https:\/\/api.w.org\/{rel}","templated":true}]}}