{"id":1222,"date":"2026-03-27T18:43:58","date_gmt":"2026-03-27T15:43:58","guid":{"rendered":"https:\/\/gazeta.am\/?p=1222"},"modified":"2026-03-27T18:44:01","modified_gmt":"2026-03-27T15:44:01","slug":"la-veille-au-soir-sofia-navait-presque-rien-mange","status":"publish","type":"post","link":"https:\/\/gazeta.am\/?p=1222","title":{"rendered":"La veille au soir, Sof\u00eda n\u2019avait presque rien mang\u00e9."},"content":{"rendered":"\n<p>Elle avait tourn\u00e9 sa fourchette dans l\u2019assiette, en silence.<br>Comme toujours.<\/p>\n\n\n\n<p>\u2014 Papa\u2026 je peux rester \u00e0 la maison demain ?<\/p>\n\n\n\n<p>Ricardo avait lev\u00e9 les yeux de son t\u00e9l\u00e9phone, distrait.<\/p>\n\n\n\n<p>\u2014 Pourquoi, ma ch\u00e9rie ?<\/p>\n\n\n\n<p>Un silence.<\/p>\n\n\n\n<p>Trop long pour une question aussi simple.<\/p>\n\n\n\n<p>\u2014 Je suis fatigu\u00e9e\u2026<\/p>\n\n\n\n<p>Il avait soupir\u00e9.<\/p>\n\n\n\n<p>\u2014 Tout le monde est fatigu\u00e9, Sof\u00eda. L\u2019\u00e9cole est importante.<\/p>\n\n\n\n<p>Elle n\u2019avait pas insist\u00e9.<\/p>\n\n\n\n<p>Elle n\u2019insistait jamais.<\/p>\n\n\n\n<figure class=\"wp-block-image size-full\"><img loading=\"lazy\" decoding=\"async\" width=\"902\" height=\"883\" src=\"https:\/\/gazeta.am\/wp-content\/uploads\/2026\/03\/1g-3.jpg\" alt=\"\" class=\"wp-image-1223\" srcset=\"https:\/\/gazeta.am\/wp-content\/uploads\/2026\/03\/1g-3.jpg 902w, https:\/\/gazeta.am\/wp-content\/uploads\/2026\/03\/1g-3-300x294.jpg 300w, https:\/\/gazeta.am\/wp-content\/uploads\/2026\/03\/1g-3-768x752.jpg 768w\" sizes=\"auto, (max-width: 902px) 100vw, 902px\" \/><\/figure>\n\n\n\n<hr class=\"wp-block-separator has-alpha-channel-opacity\"\/>\n\n\n\n<h3 class=\"wp-block-heading\">Le d\u00e9tail qu\u2019il n\u2019a pas vu<\/h3>\n\n\n\n<p>Ce soir-l\u00e0, en quittant la table, elle s\u2019\u00e9tait arr\u00eat\u00e9e un instant.<\/p>\n\n\n\n<p>Comme si elle voulait dire quelque chose.<\/p>\n\n\n\n<p>Quelque chose d\u2019important.<\/p>\n\n\n\n<p>Mais les mots ne sont jamais venus.<\/p>\n\n\n\n<p>Et Ricardo\u2026<\/p>\n\n\n\n<p>n\u2019a rien remarqu\u00e9.<\/p>\n\n\n\n<hr class=\"wp-block-separator has-alpha-channel-opacity\"\/>\n\n\n\n<h3 class=\"wp-block-heading\">Une d\u00e9cision tardive<\/h3>\n\n\n\n<p>Le lendemain matin, quelque chose l\u2019a d\u00e9rang\u00e9.<\/p>\n\n\n\n<p>Un souvenir.<\/p>\n\n\n\n<p>Le regard de Sof\u00eda.<\/p>\n\n\n\n<p>Pas un caprice.<\/p>\n\n\n\n<p>Pas de la fatigue.<\/p>\n\n\n\n<p>Autre chose.<\/p>\n\n\n\n<p>Alors, pour la premi\u00e8re fois depuis des mois\u2026<\/p>\n\n\n\n<p>il a annul\u00e9 une r\u00e9union.<\/p>\n\n\n\n<p>\u2014 Je vais passer \u00e0 l\u2019\u00e9cole \u00e0 midi, dit-il \u00e0 son assistant.<\/p>\n\n\n\n<p>Une surprise.<\/p>\n\n\n\n<p>Un geste simple.<\/p>\n\n\n\n<p>Trop tardif.<\/p>\n\n\n\n<hr class=\"wp-block-separator has-alpha-channel-opacity\"\/>\n\n\n\n<h3 class=\"wp-block-heading\">L\u2019arriv\u00e9e<\/h3>\n\n\n\n<p>La caf\u00e9t\u00e9ria bourdonnait de bruit.<\/p>\n\n\n\n<p>Rires.<br>Assiettes.<br>Voix.<\/p>\n\n\n\n<p>Une normalit\u00e9 parfaite.<\/p>\n\n\n\n<p>Ricardo sourit l\u00e9g\u00e8rement.<\/p>\n\n\n\n<p>\u2014 Tu vois, tout va bien\u2026<\/p>\n\n\n\n<p>Mais quelque chose le d\u00e9rangeait.<\/p>\n\n\n\n<p>Un instinct.<\/p>\n\n\n\n<hr class=\"wp-block-separator has-alpha-channel-opacity\"\/>\n\n\n\n<h3 class=\"wp-block-heading\">La recherche<\/h3>\n\n\n\n<p>Il observa les tables.<\/p>\n\n\n\n<p>Des enfants mangeant.<\/p>\n\n\n\n<p>Parlant.<\/p>\n\n\n\n<p>Vivants.<\/p>\n\n\n\n<p>Puis il la vit.<\/p>\n\n\n\n<p>Sof\u00eda.<\/p>\n\n\n\n<hr class=\"wp-block-separator has-alpha-channel-opacity\"\/>\n\n\n\n<h3 class=\"wp-block-heading\">Le choc silencieux<\/h3>\n\n\n\n<p>Elle \u00e9tait seule.<\/p>\n\n\n\n<p>Assise \u00e0 une petite table au fond.<\/p>\n\n\n\n<p>Loin des autres.<\/p>\n\n\n\n<p>Comme effac\u00e9e.<\/p>\n\n\n\n<p>Son plateau\u2026<\/p>\n\n\n\n<p>vide.<\/p>\n\n\n\n<p>Presque.<\/p>\n\n\n\n<hr class=\"wp-block-separator has-alpha-channel-opacity\"\/>\n\n\n\n<h3 class=\"wp-block-heading\">Le d\u00e9tail<\/h3>\n\n\n\n<p>Au centre de l\u2019assiette\u2026<\/p>\n\n\n\n<p>quelque chose.<\/p>\n\n\n\n<p>Une tranche de pain sec.<\/p>\n\n\n\n<p>Et un verre d\u2019eau.<\/p>\n\n\n\n<p>Rien d\u2019autre.<\/p>\n\n\n\n<hr class=\"wp-block-separator has-alpha-channel-opacity\"\/>\n\n\n\n<h3 class=\"wp-block-heading\">Le c\u0153ur qui se brise<\/h3>\n\n\n\n<p>Ricardo sentit son estomac se nouer.<\/p>\n\n\n\n<p>\u2014 Non\u2026<\/p>\n\n\n\n<p>Ce n\u2019\u00e9tait pas possible.<\/p>\n\n\n\n<p>Pas ici.<\/p>\n\n\n\n<p>Pas dans cette \u00e9cole.<\/p>\n\n\n\n<hr class=\"wp-block-separator has-alpha-channel-opacity\"\/>\n\n\n\n<h3 class=\"wp-block-heading\">L\u2019observation<\/h3>\n\n\n\n<p>Il ne bougea pas.<\/p>\n\n\n\n<p>Pas encore.<\/p>\n\n\n\n<p>Il regarda.<\/p>\n\n\n\n<p>Comprendre avant d\u2019agir.<\/p>\n\n\n\n<hr class=\"wp-block-separator has-alpha-channel-opacity\"\/>\n\n\n\n<h3 class=\"wp-block-heading\">L\u2019humiliation<\/h3>\n\n\n\n<p>Une voix.<\/p>\n\n\n\n<p>Douce.<\/p>\n\n\n\n<p>Mais glaciale.<\/p>\n\n\n\n<p>\u2014 Alors, Sof\u00eda\u2026 on n\u2019est pas reconnaissante aujourd\u2019hui ?<\/p>\n\n\n\n<p>Mariana.<\/p>\n\n\n\n<hr class=\"wp-block-separator has-alpha-channel-opacity\"\/>\n\n\n\n<h3 class=\"wp-block-heading\">Le masque tombe<\/h3>\n\n\n\n<p>Elle se tenait derri\u00e8re la fillette.<\/p>\n\n\n\n<p>Souriante.<\/p>\n\n\n\n<p>Devant les autres.<\/p>\n\n\n\n<p>Mais ses yeux\u2026<\/p>\n\n\n\n<p>vides.<\/p>\n\n\n\n<hr class=\"wp-block-separator has-alpha-channel-opacity\"\/>\n\n\n\n<h3 class=\"wp-block-heading\">Le jeu cruel<\/h3>\n\n\n\n<p>\u2014 Regarde tes camarades\u2026 continua-t-elle. Ils mangent parce qu\u2019ils travaillent.<\/p>\n\n\n\n<p>Sof\u00eda baissa la t\u00eate.<\/p>\n\n\n\n<p>Ses mains tremblaient.<\/p>\n\n\n\n<p>\u2014 Moi\u2026 j\u2019ai fait mes devoirs\u2026<\/p>\n\n\n\n<p>Sa voix \u00e9tait \u00e0 peine audible.<\/p>\n\n\n\n<hr class=\"wp-block-separator has-alpha-channel-opacity\"\/>\n\n\n\n<h3 class=\"wp-block-heading\">La sentence<\/h3>\n\n\n\n<p>\u2014 Pas assez bien.<\/p>\n\n\n\n<p>Le ton changea.<\/p>\n\n\n\n<p>Subtil.<\/p>\n\n\n\n<p>Mais tranchant.<\/p>\n\n\n\n<p>\u2014 Et une enfant paresseuse ne m\u00e9rite pas plus que \u00e7a.<\/p>\n\n\n\n<hr class=\"wp-block-separator has-alpha-channel-opacity\"\/>\n\n\n\n<h3 class=\"wp-block-heading\">Le silence des autres<\/h3>\n\n\n\n<p>Personne ne parlait.<\/p>\n\n\n\n<p>Les enfants regardaient.<\/p>\n\n\n\n<p>Certains avec g\u00eane.<\/p>\n\n\n\n<p>D\u2019autres avec peur.<\/p>\n\n\n\n<hr class=\"wp-block-separator has-alpha-channel-opacity\"\/>\n\n\n\n<h3 class=\"wp-block-heading\">Le moment irr\u00e9versible<\/h3>\n\n\n\n<p>Ricardo n\u2019entendait plus rien.<\/p>\n\n\n\n<p>Son sang battait dans ses oreilles.<\/p>\n\n\n\n<p>Cette femme.<\/p>\n\n\n\n<p>Sa femme.<\/p>\n\n\n\n<hr class=\"wp-block-separator has-alpha-channel-opacity\"\/>\n\n\n\n<h3 class=\"wp-block-heading\">Le souvenir<\/h3>\n\n\n\n<p>Sof\u00eda.<\/p>\n\n\n\n<p>\u00c0 la maison.<\/p>\n\n\n\n<p>Qui ne mange pas.<\/p>\n\n\n\n<p>Qui maigrit.<\/p>\n\n\n\n<p>Qui tremble.<\/p>\n\n\n\n<p>Tout s\u2019assemble.<\/p>\n\n\n\n<p>Trop tard.<\/p>\n\n\n\n<hr class=\"wp-block-separator has-alpha-channel-opacity\"\/>\n\n\n\n<h3 class=\"wp-block-heading\">L\u2019explosion<\/h3>\n\n\n\n<p>\u2014 \u00c7a suffit !<\/p>\n\n\n\n<p>Sa voix brisa la caf\u00e9t\u00e9ria.<\/p>\n\n\n\n<p>Tout le monde se retourna.<\/p>\n\n\n\n<hr class=\"wp-block-separator has-alpha-channel-opacity\"\/>\n\n\n\n<h3 class=\"wp-block-heading\">Le face-\u00e0-face<\/h3>\n\n\n\n<p>Mariana se figea.<\/p>\n\n\n\n<p>Une seconde.<\/p>\n\n\n\n<p>Puis sourit.<\/p>\n\n\n\n<p>\u2014 Ricardo\u2026 quelle surprise\u2026<\/p>\n\n\n\n<hr class=\"wp-block-separator has-alpha-channel-opacity\"\/>\n\n\n\n<h3 class=\"wp-block-heading\">La v\u00e9rit\u00e9<\/h3>\n\n\n\n<p>Il s\u2019approcha.<\/p>\n\n\n\n<p>Lentement.<\/p>\n\n\n\n<p>Mais chaque pas \u00e9tait une condamnation.<\/p>\n\n\n\n<p>\u2014 Qu\u2019est-ce que c\u2019est ?<\/p>\n\n\n\n<p>Il d\u00e9signa l\u2019assiette.<\/p>\n\n\n\n<hr class=\"wp-block-separator has-alpha-channel-opacity\"\/>\n\n\n\n<h3 class=\"wp-block-heading\">Le mensonge<\/h3>\n\n\n\n<p>\u2014 Une m\u00e9thode \u00e9ducative, r\u00e9pondit-elle calmement. Elle doit apprendre\u2014<\/p>\n\n\n\n<p>\u2014 Apprendre quoi ?!<\/p>\n\n\n\n<p>Sa voix tremblait de rage.<\/p>\n\n\n\n<hr class=\"wp-block-separator has-alpha-channel-opacity\"\/>\n\n\n\n<h3 class=\"wp-block-heading\">Le regard de Sof\u00eda<\/h3>\n\n\n\n<p>Elle leva les yeux vers lui.<\/p>\n\n\n\n<p>Pour la premi\u00e8re fois.<\/p>\n\n\n\n<p>Et ce qu\u2019il vit\u2026<\/p>\n\n\n\n<p>le d\u00e9truisit.<\/p>\n\n\n\n<hr class=\"wp-block-separator has-alpha-channel-opacity\"\/>\n\n\n\n<h3 class=\"wp-block-heading\">La peur<\/h3>\n\n\n\n<p>Pas de col\u00e8re.<\/p>\n\n\n\n<p>Pas de tristesse.<\/p>\n\n\n\n<p>De la peur.<\/p>\n\n\n\n<p>De lui.<\/p>\n\n\n\n<hr class=\"wp-block-separator has-alpha-channel-opacity\"\/>\n\n\n\n<h3 class=\"wp-block-heading\">La culpabilit\u00e9<\/h3>\n\n\n\n<p>Ricardo recula l\u00e9g\u00e8rement.<\/p>\n\n\n\n<p>Comme frapp\u00e9.<\/p>\n\n\n\n<p>\u2014 Tu as peur de moi\u2026<\/p>\n\n\n\n<p>Un murmure.<\/p>\n\n\n\n<hr class=\"wp-block-separator has-alpha-channel-opacity\"\/>\n\n\n\n<h3 class=\"wp-block-heading\">Le poids de l\u2019absence<\/h3>\n\n\n\n<p>Parce qu\u2019il n\u2019\u00e9tait jamais l\u00e0.<\/p>\n\n\n\n<p>Parce qu\u2019il n\u2019avait rien vu.<\/p>\n\n\n\n<p>Parce qu\u2019il avait confi\u00e9 son enfant\u2026<\/p>\n\n\n\n<p>\u00e0 la mauvaise personne.<\/p>\n\n\n\n<hr class=\"wp-block-separator has-alpha-channel-opacity\"\/>\n\n\n\n<h3 class=\"wp-block-heading\">La tentative<\/h3>\n\n\n\n<p>\u2014 Sof\u00eda\u2026 viens\u2026<\/p>\n\n\n\n<p>Elle h\u00e9sita.<\/p>\n\n\n\n<p>Regarda Mariana.<\/p>\n\n\n\n<p>Toujours.<\/p>\n\n\n\n<hr class=\"wp-block-separator has-alpha-channel-opacity\"\/>\n\n\n\n<h3 class=\"wp-block-heading\">Le contr\u00f4le<\/h3>\n\n\n\n<p>\u2014 R\u00e9ponds \u00e0 ton p\u00e8re, dit Mariana doucement.<\/p>\n\n\n\n<p>Une douceur toxique.<\/p>\n\n\n\n<hr class=\"wp-block-separator has-alpha-channel-opacity\"\/>\n\n\n\n<h3 class=\"wp-block-heading\">La rupture<\/h3>\n\n\n\n<p>\u2014 Ne lui parle pas comme \u00e7a !<\/p>\n\n\n\n<p>Ricardo se pla\u00e7a entre elles.<\/p>\n\n\n\n<hr class=\"wp-block-separator has-alpha-channel-opacity\"\/>\n\n\n\n<h3 class=\"wp-block-heading\">Le masque qui craque<\/h3>\n\n\n\n<p>Pour la premi\u00e8re fois\u2026<\/p>\n\n\n\n<p>Mariana perdit son sourire.<\/p>\n\n\n\n<p>\u2014 Tu dramatises, Ricardo.<\/p>\n\n\n\n<hr class=\"wp-block-separator has-alpha-channel-opacity\"\/>\n\n\n\n<h3 class=\"wp-block-heading\">La v\u00e9rit\u00e9 brutale<\/h3>\n\n\n\n<p>\u2014 Elle a peur de manger !<\/p>\n\n\n\n<p>Le silence.<\/p>\n\n\n\n<p>Total.<\/p>\n\n\n\n<hr class=\"wp-block-separator has-alpha-channel-opacity\"\/>\n\n\n\n<h3 class=\"wp-block-heading\">La r\u00e9v\u00e9lation<\/h3>\n\n\n\n<p>\u2014 Tu la punis avec la nourriture ?<\/p>\n\n\n\n<p>\u2014 Je l\u2019\u00e9duque.<\/p>\n\n\n\n<p>\u2014 Tu la d\u00e9truis !<\/p>\n\n\n\n<hr class=\"wp-block-separator has-alpha-channel-opacity\"\/>\n\n\n\n<h3 class=\"wp-block-heading\">Les regards<\/h3>\n\n\n\n<p>Les autres parents.<\/p>\n\n\n\n<p>Les enfants.<\/p>\n\n\n\n<p>Le personnel.<\/p>\n\n\n\n<p>Tous regardaient.<\/p>\n\n\n\n<hr class=\"wp-block-separator has-alpha-channel-opacity\"\/>\n\n\n\n<h3 class=\"wp-block-heading\">La chute<\/h3>\n\n\n\n<p>Mariana comprit.<\/p>\n\n\n\n<p>Le contr\u00f4le lui \u00e9chappait.<\/p>\n\n\n\n<hr class=\"wp-block-separator has-alpha-channel-opacity\"\/>\n\n\n\n<h3 class=\"wp-block-heading\">Le dernier mensonge<\/h3>\n\n\n\n<p>\u2014 Elle ment. Elle a des probl\u00e8mes.<\/p>\n\n\n\n<hr class=\"wp-block-separator has-alpha-channel-opacity\"\/>\n\n\n\n<h3 class=\"wp-block-heading\">Le choix du p\u00e8re<\/h3>\n\n\n\n<p>Ricardo regarda sa fille.<\/p>\n\n\n\n<p>Pas Mariana.<\/p>\n\n\n\n<p>Pas la foule.<\/p>\n\n\n\n<p>Seulement Sof\u00eda.<\/p>\n\n\n\n<hr class=\"wp-block-separator has-alpha-channel-opacity\"\/>\n\n\n\n<h3 class=\"wp-block-heading\">Le moment d\u00e9cisif<\/h3>\n\n\n\n<p>\u2014 Je te crois.<\/p>\n\n\n\n<p>Trois mots.<\/p>\n\n\n\n<p>Mais une vie.<\/p>\n\n\n\n<hr class=\"wp-block-separator has-alpha-channel-opacity\"\/>\n\n\n\n<h3 class=\"wp-block-heading\">L\u2019effondrement<\/h3>\n\n\n\n<p>Sof\u00eda \u00e9clata en sanglots.<\/p>\n\n\n\n<p>Un vrai.<\/p>\n\n\n\n<p>Pas silencieux.<\/p>\n\n\n\n<p>Pas contenu.<\/p>\n\n\n\n<hr class=\"wp-block-separator has-alpha-channel-opacity\"\/>\n\n\n\n<h3 class=\"wp-block-heading\">La fin d\u2019un mensonge<\/h3>\n\n\n\n<p>Et dans ce moment\u2026<\/p>\n\n\n\n<p>tout s\u2019\u00e9croula.<\/p>\n\n\n\n<hr class=\"wp-block-separator has-alpha-channel-opacity\"\/>\n\n\n\n<h3 class=\"wp-block-heading\">Apr\u00e8s<\/h3>\n\n\n\n<p>Mariana n\u2019\u00e9tait plus la m\u00eame.<\/p>\n\n\n\n<p>Son image.<\/p>\n\n\n\n<p>Son contr\u00f4le.<\/p>\n\n\n\n<p>Son pouvoir.<\/p>\n\n\n\n<p>Tout disparu.<\/p>\n\n\n\n<hr class=\"wp-block-separator has-alpha-channel-opacity\"\/>\n\n\n\n<h3 class=\"wp-block-heading\">Le prix<\/h3>\n\n\n\n<p>Mais Ricardo savait\u2026<\/p>\n\n\n\n<p>Que le vrai prix\u2026<\/p>\n\n\n\n<p>n\u2019\u00e9tait pas public.<\/p>\n\n\n\n<hr class=\"wp-block-separator has-alpha-channel-opacity\"\/>\n\n\n\n<h3 class=\"wp-block-heading\">La reconstruction<\/h3>\n\n\n\n<p>\u00c0 la maison\u2026<\/p>\n\n\n\n<p>le silence \u00e9tait diff\u00e9rent.<\/p>\n\n\n\n<hr class=\"wp-block-separator has-alpha-channel-opacity\"\/>\n\n\n\n<h3 class=\"wp-block-heading\">Une promesse<\/h3>\n\n\n\n<p>\u2014 Je suis d\u00e9sol\u00e9\u2026<\/p>\n\n\n\n<p>Pas parfait.<\/p>\n\n\n\n<p>Pas suffisant.<\/p>\n\n\n\n<p>Mais r\u00e9el.<\/p>\n\n\n\n<hr class=\"wp-block-separator has-alpha-channel-opacity\"\/>\n\n\n\n<h3 class=\"wp-block-heading\">Une question<\/h3>\n\n\n\n<p>\u2014 Tu vas rester ?<\/p>\n\n\n\n<p>Sa voix tremblait.<\/p>\n\n\n\n<hr class=\"wp-block-separator has-alpha-channel-opacity\"\/>\n\n\n\n<h3 class=\"wp-block-heading\">La r\u00e9ponse<\/h3>\n\n\n\n<p>\u2014 Toujours.<\/p>\n\n\n\n<hr class=\"wp-block-separator has-alpha-channel-opacity\"\/>\n\n\n\n<h3 class=\"wp-block-heading\">La v\u00e9rit\u00e9 finale<\/h3>\n\n\n\n<p>Parfois\u2026<\/p>\n\n\n\n<p>le pire n\u2019est pas ce que les autres font.<\/p>\n\n\n\n<p>Mais ce que l\u2019on ne voit pas.<\/p>\n\n\n\n<hr class=\"wp-block-separator has-alpha-channel-opacity\"\/>\n\n\n\n<p>Et ce jour-l\u00e0\u2026<\/p>\n\n\n\n<p>Ricardo a compris.<\/p>\n\n\n\n<p>Qu\u2019\u00eatre un bon p\u00e8re\u2026<\/p>\n\n\n\n<p>ce n\u2019est pas donner tout.<\/p>\n\n\n\n<p>C\u2019est \u00eatre l\u00e0.<\/p>\n\n\n\n<p>Avant qu\u2019il ne soit trop tard.<\/p>\n","protected":false},"excerpt":{"rendered":"Elle avait tourn\u00e9 sa fourchette dans l\u2019assiette, en silence.Comme toujours. \u2014 Papa\u2026 je peux rester \u00e0 la maison demain ? Ricardo avait lev\u00e9 \n<a class=\"moretag\" href=\"https:\/\/gazeta.am\/?p=1222\"> [...]<\/a>","protected":false},"author":1,"featured_media":1223,"comment_status":"open","ping_status":"open","sticky":false,"template":"","format":"standard","meta":{"footnotes":""},"categories":[1],"tags":[],"class_list":["post-1222","post","type-post","status-publish","format-standard","has-post-thumbnail","hentry","category-1"],"yoast_head":"<!-- This site is optimized with the Yoast SEO plugin v27.4 - https:\/\/yoast.com\/product\/yoast-seo-wordpress\/ -->\n<title>La veille au soir, Sof\u00eda n\u2019avait presque rien mang\u00e9. -<\/title>\n<meta name=\"robots\" content=\"index, follow, max-snippet:-1, max-image-preview:large, max-video-preview:-1\" \/>\n<link rel=\"canonical\" href=\"https:\/\/gazeta.am\/?p=1222\" \/>\n<meta property=\"og:locale\" content=\"ru_RU\" \/>\n<meta property=\"og:type\" content=\"article\" \/>\n<meta property=\"og:title\" content=\"La veille au soir, Sof\u00eda n\u2019avait presque rien mang\u00e9. -\" \/>\n<meta property=\"og:description\" content=\"Elle avait tourn\u00e9 sa fourchette dans l\u2019assiette, en silence.Comme toujours. \u2014 Papa\u2026 je peux rester \u00e0 la maison demain ? Ricardo avait lev\u00e9\" \/>\n<meta property=\"og:url\" content=\"https:\/\/gazeta.am\/?p=1222\" \/>\n<meta property=\"article:published_time\" content=\"2026-03-27T15:43:58+00:00\" \/>\n<meta property=\"article:modified_time\" content=\"2026-03-27T15:44:01+00:00\" \/>\n<meta property=\"og:image\" content=\"https:\/\/gazeta.am\/wp-content\/uploads\/2026\/03\/1g-3.jpg\" \/>\n\t<meta property=\"og:image:width\" content=\"902\" \/>\n\t<meta property=\"og:image:height\" content=\"883\" \/>\n\t<meta property=\"og:image:type\" content=\"image\/jpeg\" \/>\n<meta name=\"author\" content=\"admin\" \/>\n<meta name=\"twitter:card\" content=\"summary_large_image\" \/>\n<meta name=\"twitter:label1\" content=\"\u041d\u0430\u043f\u0438\u0441\u0430\u043d\u043e \u0430\u0432\u0442\u043e\u0440\u043e\u043c\" \/>\n\t<meta name=\"twitter:data1\" content=\"admin\" \/>\n\t<meta name=\"twitter:label2\" content=\"\u041f\u0440\u0438\u043c\u0435\u0440\u043d\u043e\u0435 \u0432\u0440\u0435\u043c\u044f \u0434\u043b\u044f \u0447\u0442\u0435\u043d\u0438\u044f\" \/>\n\t<meta name=\"twitter:data2\" content=\"5 \u043c\u0438\u043d\u0443\u0442\" \/>\n<script type=\"application\/ld+json\" class=\"yoast-schema-graph\">{\"@context\":\"https:\\\/\\\/schema.org\",\"@graph\":[{\"@type\":\"Article\",\"@id\":\"https:\\\/\\\/gazeta.am\\\/?p=1222#article\",\"isPartOf\":{\"@id\":\"https:\\\/\\\/gazeta.am\\\/?p=1222\"},\"author\":{\"name\":\"admin\",\"@id\":\"https:\\\/\\\/gazeta.am\\\/#\\\/schema\\\/person\\\/987709955e760c9a1ebbb44776f8cccc\"},\"headline\":\"La veille au soir, Sof\u00eda n\u2019avait presque rien mang\u00e9.\",\"datePublished\":\"2026-03-27T15:43:58+00:00\",\"dateModified\":\"2026-03-27T15:44:01+00:00\",\"mainEntityOfPage\":{\"@id\":\"https:\\\/\\\/gazeta.am\\\/?p=1222\"},\"wordCount\":908,\"commentCount\":0,\"image\":{\"@id\":\"https:\\\/\\\/gazeta.am\\\/?p=1222#primaryimage\"},\"thumbnailUrl\":\"https:\\\/\\\/gazeta.am\\\/wp-content\\\/uploads\\\/2026\\\/03\\\/1g-3.jpg\",\"articleSection\":[\"NEWS\"],\"inLanguage\":\"ru-RU\",\"potentialAction\":[{\"@type\":\"CommentAction\",\"name\":\"Comment\",\"target\":[\"https:\\\/\\\/gazeta.am\\\/?p=1222#respond\"]}]},{\"@type\":\"WebPage\",\"@id\":\"https:\\\/\\\/gazeta.am\\\/?p=1222\",\"url\":\"https:\\\/\\\/gazeta.am\\\/?p=1222\",\"name\":\"La veille au soir, Sof\u00eda n\u2019avait presque rien mang\u00e9. -\",\"isPartOf\":{\"@id\":\"https:\\\/\\\/gazeta.am\\\/#website\"},\"primaryImageOfPage\":{\"@id\":\"https:\\\/\\\/gazeta.am\\\/?p=1222#primaryimage\"},\"image\":{\"@id\":\"https:\\\/\\\/gazeta.am\\\/?p=1222#primaryimage\"},\"thumbnailUrl\":\"https:\\\/\\\/gazeta.am\\\/wp-content\\\/uploads\\\/2026\\\/03\\\/1g-3.jpg\",\"datePublished\":\"2026-03-27T15:43:58+00:00\",\"dateModified\":\"2026-03-27T15:44:01+00:00\",\"author\":{\"@id\":\"https:\\\/\\\/gazeta.am\\\/#\\\/schema\\\/person\\\/987709955e760c9a1ebbb44776f8cccc\"},\"breadcrumb\":{\"@id\":\"https:\\\/\\\/gazeta.am\\\/?p=1222#breadcrumb\"},\"inLanguage\":\"ru-RU\",\"potentialAction\":[{\"@type\":\"ReadAction\",\"target\":[\"https:\\\/\\\/gazeta.am\\\/?p=1222\"]}]},{\"@type\":\"ImageObject\",\"inLanguage\":\"ru-RU\",\"@id\":\"https:\\\/\\\/gazeta.am\\\/?p=1222#primaryimage\",\"url\":\"https:\\\/\\\/gazeta.am\\\/wp-content\\\/uploads\\\/2026\\\/03\\\/1g-3.jpg\",\"contentUrl\":\"https:\\\/\\\/gazeta.am\\\/wp-content\\\/uploads\\\/2026\\\/03\\\/1g-3.jpg\",\"width\":902,\"height\":883},{\"@type\":\"BreadcrumbList\",\"@id\":\"https:\\\/\\\/gazeta.am\\\/?p=1222#breadcrumb\",\"itemListElement\":[{\"@type\":\"ListItem\",\"position\":1,\"name\":\"\u0413\u043b\u0430\u0432\u043d\u0430\u044f \u0441\u0442\u0440\u0430\u043d\u0438\u0446\u0430\",\"item\":\"https:\\\/\\\/gazeta.am\\\/\"},{\"@type\":\"ListItem\",\"position\":2,\"name\":\"La veille au soir, Sof\u00eda n\u2019avait presque rien mang\u00e9.\"}]},{\"@type\":\"WebSite\",\"@id\":\"https:\\\/\\\/gazeta.am\\\/#website\",\"url\":\"https:\\\/\\\/gazeta.am\\\/\",\"name\":\"\",\"description\":\"\",\"potentialAction\":[{\"@type\":\"SearchAction\",\"target\":{\"@type\":\"EntryPoint\",\"urlTemplate\":\"https:\\\/\\\/gazeta.am\\\/?s={search_term_string}\"},\"query-input\":{\"@type\":\"PropertyValueSpecification\",\"valueRequired\":true,\"valueName\":\"search_term_string\"}}],\"inLanguage\":\"ru-RU\"},{\"@type\":\"Person\",\"@id\":\"https:\\\/\\\/gazeta.am\\\/#\\\/schema\\\/person\\\/987709955e760c9a1ebbb44776f8cccc\",\"name\":\"admin\",\"image\":{\"@type\":\"ImageObject\",\"inLanguage\":\"ru-RU\",\"@id\":\"https:\\\/\\\/secure.gravatar.com\\\/avatar\\\/a24f4ac3a683f3c87303db525abc00db51ea26ccedee11dfaf1cc0f9a481a5d2?s=96&d=mm&r=g\",\"url\":\"https:\\\/\\\/secure.gravatar.com\\\/avatar\\\/a24f4ac3a683f3c87303db525abc00db51ea26ccedee11dfaf1cc0f9a481a5d2?s=96&d=mm&r=g\",\"contentUrl\":\"https:\\\/\\\/secure.gravatar.com\\\/avatar\\\/a24f4ac3a683f3c87303db525abc00db51ea26ccedee11dfaf1cc0f9a481a5d2?s=96&d=mm&r=g\",\"caption\":\"admin\"},\"sameAs\":[\"http:\\\/\\\/gazeta.am\"],\"url\":\"https:\\\/\\\/gazeta.am\\\/?author=1\"}]}<\/script>\n<!-- \/ Yoast SEO plugin. -->","yoast_head_json":{"title":"La veille au soir, Sof\u00eda n\u2019avait presque rien mang\u00e9. -","robots":{"index":"index","follow":"follow","max-snippet":"max-snippet:-1","max-image-preview":"max-image-preview:large","max-video-preview":"max-video-preview:-1"},"canonical":"https:\/\/gazeta.am\/?p=1222","og_locale":"ru_RU","og_type":"article","og_title":"La veille au soir, Sof\u00eda n\u2019avait presque rien mang\u00e9. -","og_description":"Elle avait tourn\u00e9 sa fourchette dans l\u2019assiette, en silence.Comme toujours. \u2014 Papa\u2026 je peux rester \u00e0 la maison demain ? Ricardo avait lev\u00e9","og_url":"https:\/\/gazeta.am\/?p=1222","article_published_time":"2026-03-27T15:43:58+00:00","article_modified_time":"2026-03-27T15:44:01+00:00","og_image":[{"width":902,"height":883,"url":"https:\/\/gazeta.am\/wp-content\/uploads\/2026\/03\/1g-3.jpg","type":"image\/jpeg"}],"author":"admin","twitter_card":"summary_large_image","twitter_misc":{"\u041d\u0430\u043f\u0438\u0441\u0430\u043d\u043e \u0430\u0432\u0442\u043e\u0440\u043e\u043c":"admin","\u041f\u0440\u0438\u043c\u0435\u0440\u043d\u043e\u0435 \u0432\u0440\u0435\u043c\u044f \u0434\u043b\u044f \u0447\u0442\u0435\u043d\u0438\u044f":"5 \u043c\u0438\u043d\u0443\u0442"},"schema":{"@context":"https:\/\/schema.org","@graph":[{"@type":"Article","@id":"https:\/\/gazeta.am\/?p=1222#article","isPartOf":{"@id":"https:\/\/gazeta.am\/?p=1222"},"author":{"name":"admin","@id":"https:\/\/gazeta.am\/#\/schema\/person\/987709955e760c9a1ebbb44776f8cccc"},"headline":"La veille au soir, Sof\u00eda n\u2019avait presque rien mang\u00e9.","datePublished":"2026-03-27T15:43:58+00:00","dateModified":"2026-03-27T15:44:01+00:00","mainEntityOfPage":{"@id":"https:\/\/gazeta.am\/?p=1222"},"wordCount":908,"commentCount":0,"image":{"@id":"https:\/\/gazeta.am\/?p=1222#primaryimage"},"thumbnailUrl":"https:\/\/gazeta.am\/wp-content\/uploads\/2026\/03\/1g-3.jpg","articleSection":["NEWS"],"inLanguage":"ru-RU","potentialAction":[{"@type":"CommentAction","name":"Comment","target":["https:\/\/gazeta.am\/?p=1222#respond"]}]},{"@type":"WebPage","@id":"https:\/\/gazeta.am\/?p=1222","url":"https:\/\/gazeta.am\/?p=1222","name":"La veille au soir, Sof\u00eda n\u2019avait presque rien mang\u00e9. -","isPartOf":{"@id":"https:\/\/gazeta.am\/#website"},"primaryImageOfPage":{"@id":"https:\/\/gazeta.am\/?p=1222#primaryimage"},"image":{"@id":"https:\/\/gazeta.am\/?p=1222#primaryimage"},"thumbnailUrl":"https:\/\/gazeta.am\/wp-content\/uploads\/2026\/03\/1g-3.jpg","datePublished":"2026-03-27T15:43:58+00:00","dateModified":"2026-03-27T15:44:01+00:00","author":{"@id":"https:\/\/gazeta.am\/#\/schema\/person\/987709955e760c9a1ebbb44776f8cccc"},"breadcrumb":{"@id":"https:\/\/gazeta.am\/?p=1222#breadcrumb"},"inLanguage":"ru-RU","potentialAction":[{"@type":"ReadAction","target":["https:\/\/gazeta.am\/?p=1222"]}]},{"@type":"ImageObject","inLanguage":"ru-RU","@id":"https:\/\/gazeta.am\/?p=1222#primaryimage","url":"https:\/\/gazeta.am\/wp-content\/uploads\/2026\/03\/1g-3.jpg","contentUrl":"https:\/\/gazeta.am\/wp-content\/uploads\/2026\/03\/1g-3.jpg","width":902,"height":883},{"@type":"BreadcrumbList","@id":"https:\/\/gazeta.am\/?p=1222#breadcrumb","itemListElement":[{"@type":"ListItem","position":1,"name":"\u0413\u043b\u0430\u0432\u043d\u0430\u044f \u0441\u0442\u0440\u0430\u043d\u0438\u0446\u0430","item":"https:\/\/gazeta.am\/"},{"@type":"ListItem","position":2,"name":"La veille au soir, Sof\u00eda n\u2019avait presque rien mang\u00e9."}]},{"@type":"WebSite","@id":"https:\/\/gazeta.am\/#website","url":"https:\/\/gazeta.am\/","name":"","description":"","potentialAction":[{"@type":"SearchAction","target":{"@type":"EntryPoint","urlTemplate":"https:\/\/gazeta.am\/?s={search_term_string}"},"query-input":{"@type":"PropertyValueSpecification","valueRequired":true,"valueName":"search_term_string"}}],"inLanguage":"ru-RU"},{"@type":"Person","@id":"https:\/\/gazeta.am\/#\/schema\/person\/987709955e760c9a1ebbb44776f8cccc","name":"admin","image":{"@type":"ImageObject","inLanguage":"ru-RU","@id":"https:\/\/secure.gravatar.com\/avatar\/a24f4ac3a683f3c87303db525abc00db51ea26ccedee11dfaf1cc0f9a481a5d2?s=96&d=mm&r=g","url":"https:\/\/secure.gravatar.com\/avatar\/a24f4ac3a683f3c87303db525abc00db51ea26ccedee11dfaf1cc0f9a481a5d2?s=96&d=mm&r=g","contentUrl":"https:\/\/secure.gravatar.com\/avatar\/a24f4ac3a683f3c87303db525abc00db51ea26ccedee11dfaf1cc0f9a481a5d2?s=96&d=mm&r=g","caption":"admin"},"sameAs":["http:\/\/gazeta.am"],"url":"https:\/\/gazeta.am\/?author=1"}]}},"_links":{"self":[{"href":"https:\/\/gazeta.am\/index.php?rest_route=\/wp\/v2\/posts\/1222","targetHints":{"allow":["GET"]}}],"collection":[{"href":"https:\/\/gazeta.am\/index.php?rest_route=\/wp\/v2\/posts"}],"about":[{"href":"https:\/\/gazeta.am\/index.php?rest_route=\/wp\/v2\/types\/post"}],"author":[{"embeddable":true,"href":"https:\/\/gazeta.am\/index.php?rest_route=\/wp\/v2\/users\/1"}],"replies":[{"embeddable":true,"href":"https:\/\/gazeta.am\/index.php?rest_route=%2Fwp%2Fv2%2Fcomments&post=1222"}],"version-history":[{"count":1,"href":"https:\/\/gazeta.am\/index.php?rest_route=\/wp\/v2\/posts\/1222\/revisions"}],"predecessor-version":[{"id":1224,"href":"https:\/\/gazeta.am\/index.php?rest_route=\/wp\/v2\/posts\/1222\/revisions\/1224"}],"wp:featuredmedia":[{"embeddable":true,"href":"https:\/\/gazeta.am\/index.php?rest_route=\/wp\/v2\/media\/1223"}],"wp:attachment":[{"href":"https:\/\/gazeta.am\/index.php?rest_route=%2Fwp%2Fv2%2Fmedia&parent=1222"}],"wp:term":[{"taxonomy":"category","embeddable":true,"href":"https:\/\/gazeta.am\/index.php?rest_route=%2Fwp%2Fv2%2Fcategories&post=1222"},{"taxonomy":"post_tag","embeddable":true,"href":"https:\/\/gazeta.am\/index.php?rest_route=%2Fwp%2Fv2%2Ftags&post=1222"}],"curies":[{"name":"wp","href":"https:\/\/api.w.org\/{rel}","templated":true}]}}