{"id":1219,"date":"2026-03-27T18:38:06","date_gmt":"2026-03-27T15:38:06","guid":{"rendered":"https:\/\/gazeta.am\/?p=1219"},"modified":"2026-03-27T18:38:07","modified_gmt":"2026-03-27T15:38:07","slug":"le-mot-a-frappe-isabela-plus-fort-que-nimporte-quel-souvenir","status":"publish","type":"post","link":"https:\/\/gazeta.am\/?p=1219","title":{"rendered":"Le mot a frapp\u00e9 Isabela plus fort que n\u2019importe quel souvenir."},"content":{"rendered":"\n<p>\u2014 Elle s\u2019\u00e9teint.<\/p>\n\n\n\n<p>Pas une image.<br>Pas une m\u00e9taphore.<\/p>\n\n\n\n<p>Une r\u00e9alit\u00e9.<\/p>\n\n\n\n<hr class=\"wp-block-separator has-alpha-channel-opacity\"\/>\n\n\n\n<h3 class=\"wp-block-heading\">Le basculement<\/h3>\n\n\n\n<p>Sans r\u00e9fl\u00e9chir, Isabela attrapa la main de Mateo.<\/p>\n\n\n\n<p>\u2014 Emm\u00e8ne-moi.<\/p>\n\n\n\n<p>Sa voix ne tremblait plus.<\/p>\n\n\n\n<p>Quelque chose s\u2019\u00e9tait r\u00e9veill\u00e9 en elle.<br>Quelque chose qu\u2019elle croyait mort depuis six ans.<\/p>\n\n\n\n<figure class=\"wp-block-image size-full\"><img loading=\"lazy\" decoding=\"async\" width=\"901\" height=\"897\" src=\"https:\/\/gazeta.am\/wp-content\/uploads\/2026\/03\/1q-2.jpg\" alt=\"\" class=\"wp-image-1220\" srcset=\"https:\/\/gazeta.am\/wp-content\/uploads\/2026\/03\/1q-2.jpg 901w, https:\/\/gazeta.am\/wp-content\/uploads\/2026\/03\/1q-2-300x300.jpg 300w, https:\/\/gazeta.am\/wp-content\/uploads\/2026\/03\/1q-2-150x150.jpg 150w, https:\/\/gazeta.am\/wp-content\/uploads\/2026\/03\/1q-2-768x765.jpg 768w\" sizes=\"auto, (max-width: 901px) 100vw, 901px\" \/><\/figure>\n\n\n\n<hr class=\"wp-block-separator has-alpha-channel-opacity\"\/>\n\n\n\n<h3 class=\"wp-block-heading\">Le b\u00e2timent<\/h3>\n\n\n\n<p>Ils coururent.<\/p>\n\n\n\n<p>Ses talons glissaient sur le b\u00e9ton fissur\u00e9. Sa respiration se brisait. Mais elle ne ralentissait pas.<\/p>\n\n\n\n<p>Le \u00ab b\u00e2timent laid \u00bb n\u2019\u00e9tait pas seulement laid.<\/p>\n\n\n\n<p>Il \u00e9tait abandonn\u00e9.<\/p>\n\n\n\n<p>Fen\u00eatres cass\u00e9es.<br>Portes d\u00e9fonc\u00e9es.<br>Odeur d\u2019humidit\u00e9 et de moisissure.<\/p>\n\n\n\n<p>Un endroit o\u00f9 personne ne devrait vivre.<\/p>\n\n\n\n<p>Et pourtant\u2026<\/p>\n\n\n\n<p>\u2014 Ici, dit Mateo.<\/p>\n\n\n\n<hr class=\"wp-block-separator has-alpha-channel-opacity\"\/>\n\n\n\n<h3 class=\"wp-block-heading\">L\u2019int\u00e9rieur<\/h3>\n\n\n\n<p>L\u2019obscurit\u00e9 les avala.<\/p>\n\n\n\n<p>Isabela plissa les yeux.<\/p>\n\n\n\n<p>Puis elle la vit.<\/p>\n\n\n\n<p>Sur un vieux matelas.<\/p>\n\n\n\n<p>Minuscule.<\/p>\n\n\n\n<p>Immobile.<\/p>\n\n\n\n<hr class=\"wp-block-separator has-alpha-channel-opacity\"\/>\n\n\n\n<h3 class=\"wp-block-heading\">Luna<\/h3>\n\n\n\n<p>La petite fille respirait difficilement.<\/p>\n\n\n\n<p>Chaque souffle \u00e9tait un sifflement.<\/p>\n\n\n\n<p>Ses l\u00e8vres \u00e9taient s\u00e8ches.<br>Sa peau br\u00fblante.<\/p>\n\n\n\n<p>Et ses yeux\u2026 ferm\u00e9s.<\/p>\n\n\n\n<p>Trop ferm\u00e9s.<\/p>\n\n\n\n<hr class=\"wp-block-separator has-alpha-channel-opacity\"\/>\n\n\n\n<h3 class=\"wp-block-heading\">Le choc<\/h3>\n\n\n\n<p>Le c\u0153ur d\u2019Isabela se serra violemment.<\/p>\n\n\n\n<p>Alejandro.<\/p>\n\n\n\n<p>L\u2019image surgit sans pr\u00e9venir.<\/p>\n\n\n\n<p>Son fils.<\/p>\n\n\n\n<p>Sur un lit.<\/p>\n\n\n\n<p>Silencieux.<\/p>\n\n\n\n<p>Inaccessible.<\/p>\n\n\n\n<p>Non.<\/p>\n\n\n\n<p>Pas encore.<\/p>\n\n\n\n<p>Pas une deuxi\u00e8me fois.<\/p>\n\n\n\n<hr class=\"wp-block-separator has-alpha-channel-opacity\"\/>\n\n\n\n<h3 class=\"wp-block-heading\">L\u2019instinct<\/h3>\n\n\n\n<p>\u2014 Mateo, \u00e9coute-moi.<\/p>\n\n\n\n<p>Elle s\u2019agenouilla.<\/p>\n\n\n\n<p>\u2014 On ne va pas attendre.<\/p>\n\n\n\n<p>Elle sortit son t\u00e9l\u00e9phone.<\/p>\n\n\n\n<p>Ses mains tremblaient, mais sa voix \u00e9tait ferme.<\/p>\n\n\n\n<p>\u2014 Ambulance. Maintenant.<\/p>\n\n\n\n<hr class=\"wp-block-separator has-alpha-channel-opacity\"\/>\n\n\n\n<h3 class=\"wp-block-heading\">Le temps qui s\u2019effondre<\/h3>\n\n\n\n<p>Les minutes devinrent interminables.<\/p>\n\n\n\n<p>Mateo tenait la main de sa s\u0153ur.<\/p>\n\n\n\n<p>\u2014 R\u00e9veille-toi\u2026 Estrellita\u2026<\/p>\n\n\n\n<p>Sa voix se brisait.<\/p>\n\n\n\n<p>Isabela regardait la poitrine de l\u2019enfant.<\/p>\n\n\n\n<p>Monter.<\/p>\n\n\n\n<p>Descendre.<\/p>\n\n\n\n<p>Monter\u2026<\/p>\n\n\n\n<p>Descendre\u2026<\/p>\n\n\n\n<p>Trop lentement.<\/p>\n\n\n\n<hr class=\"wp-block-separator has-alpha-channel-opacity\"\/>\n\n\n\n<h3 class=\"wp-block-heading\">Une peur ancienne<\/h3>\n\n\n\n<p>Chaque seconde r\u00e9veillait une douleur qu\u2019elle n\u2019avait jamais gu\u00e9rie.<\/p>\n\n\n\n<p>Six ans.<\/p>\n\n\n\n<p>Six ans \u00e0 fuir.<\/p>\n\n\n\n<p>\u00c0 remplir le vide avec de l\u2019argent.<\/p>\n\n\n\n<p>Des h\u00f4tels.<br>Des contrats.<br>Des chiffres.<\/p>\n\n\n\n<p>Mais ici\u2026<\/p>\n\n\n\n<p>Tout cela ne valait rien.<\/p>\n\n\n\n<hr class=\"wp-block-separator has-alpha-channel-opacity\"\/>\n\n\n\n<h3 class=\"wp-block-heading\">La sir\u00e8ne<\/h3>\n\n\n\n<p>Enfin.<\/p>\n\n\n\n<p>Le son.<\/p>\n\n\n\n<p>L\u2019ambulance.<\/p>\n\n\n\n<p>Comme une promesse.<\/p>\n\n\n\n<p>Ou une derni\u00e8re chance.<\/p>\n\n\n\n<hr class=\"wp-block-separator has-alpha-channel-opacity\"\/>\n\n\n\n<h3 class=\"wp-block-heading\">La course contre la mort<\/h3>\n\n\n\n<p>Les secours entr\u00e8rent.<\/p>\n\n\n\n<p>Rapides. Pr\u00e9cis.<\/p>\n\n\n\n<p>\u2014 Elle est en d\u00e9tresse respiratoire.<\/p>\n\n\n\n<p>\u2014 Temp\u00e9rature \u00e9lev\u00e9e.<\/p>\n\n\n\n<p>\u2014 On la transporte.<\/p>\n\n\n\n<p>Mateo recula, terrifi\u00e9.<\/p>\n\n\n\n<p>\u2014 Vous allez la sauver ?<\/p>\n\n\n\n<p>Personne ne r\u00e9pondit directement.<\/p>\n\n\n\n<p>Mais Isabela, elle\u2026<\/p>\n\n\n\n<p>\u2014 Oui.<\/p>\n\n\n\n<hr class=\"wp-block-separator has-alpha-channel-opacity\"\/>\n\n\n\n<h3 class=\"wp-block-heading\">L\u2019h\u00f4pital<\/h3>\n\n\n\n<p>Les couloirs \u00e9taient froids.<\/p>\n\n\n\n<p>Blancs.<\/p>\n\n\n\n<p>Impersonnels.<\/p>\n\n\n\n<p>Mais pour Isabela\u2026<\/p>\n\n\n\n<p>Ils \u00e9taient familiers.<\/p>\n\n\n\n<p>Trop familiers.<\/p>\n\n\n\n<hr class=\"wp-block-separator has-alpha-channel-opacity\"\/>\n\n\n\n<h3 class=\"wp-block-heading\">Le pass\u00e9 qui revient<\/h3>\n\n\n\n<p>Elle avait d\u00e9j\u00e0 march\u00e9 ici.<\/p>\n\n\n\n<p>Autrefois.<\/p>\n\n\n\n<p>Avec Alejandro.<\/p>\n\n\n\n<p>En esp\u00e9rant.<\/p>\n\n\n\n<p>En priant.<\/p>\n\n\n\n<p>En perdant.<\/p>\n\n\n\n<hr class=\"wp-block-separator has-alpha-channel-opacity\"\/>\n\n\n\n<h3 class=\"wp-block-heading\">La salle d\u2019attente<\/h3>\n\n\n\n<p>Mateo \u00e9tait assis.<\/p>\n\n\n\n<p>Silencieux.<\/p>\n\n\n\n<p>Ses pieds ne touchaient m\u00eame pas le sol.<\/p>\n\n\n\n<p>\u2014 Elle va mourir ?<\/p>\n\n\n\n<p>La question.<\/p>\n\n\n\n<p>Brute.<\/p>\n\n\n\n<p>Innocente.<\/p>\n\n\n\n<p>D\u00e9vastatrice.<\/p>\n\n\n\n<hr class=\"wp-block-separator has-alpha-channel-opacity\"\/>\n\n\n\n<h3 class=\"wp-block-heading\">La r\u00e9ponse impossible<\/h3>\n\n\n\n<p>Isabela s\u2019assit \u00e0 c\u00f4t\u00e9 de lui.<\/p>\n\n\n\n<p>\u2014 Non.<\/p>\n\n\n\n<p>Mais cette fois\u2026<\/p>\n\n\n\n<p>Elle ne mentait pas.<\/p>\n\n\n\n<hr class=\"wp-block-separator has-alpha-channel-opacity\"\/>\n\n\n\n<h3 class=\"wp-block-heading\">Le combat<\/h3>\n\n\n\n<p>Les heures pass\u00e8rent.<\/p>\n\n\n\n<p>Longues.<\/p>\n\n\n\n<p>\u00c9crasantes.<\/p>\n\n\n\n<p>Chaque ouverture de porte faisait bondir son c\u0153ur.<\/p>\n\n\n\n<hr class=\"wp-block-separator has-alpha-channel-opacity\"\/>\n\n\n\n<h3 class=\"wp-block-heading\">Le m\u00e9decin<\/h3>\n\n\n\n<p>Enfin.<\/p>\n\n\n\n<p>\u2014 Elle est arriv\u00e9e \u00e0 temps.<\/p>\n\n\n\n<p>Isabela ferma les yeux.<\/p>\n\n\n\n<p>Un souffle.<\/p>\n\n\n\n<p>Un seul.<\/p>\n\n\n\n<p>\u2014 Infection s\u00e9v\u00e8re. Pneumonie avanc\u00e9e. Encore quelques heures\u2026<\/p>\n\n\n\n<p>Il ne termina pas.<\/p>\n\n\n\n<p>Pas besoin.<\/p>\n\n\n\n<hr class=\"wp-block-separator has-alpha-channel-opacity\"\/>\n\n\n\n<h3 class=\"wp-block-heading\">Le miracle discret<\/h3>\n\n\n\n<p>\u2014 Elle est stable maintenant.<\/p>\n\n\n\n<p>Stable.<\/p>\n\n\n\n<p>Un mot simple.<\/p>\n\n\n\n<p>Mais immense.<\/p>\n\n\n\n<hr class=\"wp-block-separator has-alpha-channel-opacity\"\/>\n\n\n\n<h3 class=\"wp-block-heading\">Le regard de Mateo<\/h3>\n\n\n\n<p>Il se jeta dans les bras d\u2019Isabela.<\/p>\n\n\n\n<p>Sans h\u00e9siter.<\/p>\n\n\n\n<p>Comme si c\u2019\u00e9tait naturel.<\/p>\n\n\n\n<p>Comme si elle \u00e9tait\u2026<\/p>\n\n\n\n<p>quelqu\u2019un.<\/p>\n\n\n\n<hr class=\"wp-block-separator has-alpha-channel-opacity\"\/>\n\n\n\n<h3 class=\"wp-block-heading\">Le silence qui gu\u00e9rit<\/h3>\n\n\n\n<p>Elle le serra.<\/p>\n\n\n\n<p>Fort.<\/p>\n\n\n\n<p>Tr\u00e8s fort.<\/p>\n\n\n\n<p>Et pour la premi\u00e8re fois depuis six ans\u2026<\/p>\n\n\n\n<p>elle ne pensait pas \u00e0 ce qu\u2019elle avait perdu.<\/p>\n\n\n\n<p>Mais \u00e0 ce qu\u2019elle pouvait encore sauver.<\/p>\n\n\n\n<hr class=\"wp-block-separator has-alpha-channel-opacity\"\/>\n\n\n\n<h3 class=\"wp-block-heading\">Une nuit diff\u00e9rente<\/h3>\n\n\n\n<p>Elle resta.<\/p>\n\n\n\n<p>\u00c0 l\u2019h\u00f4pital.<\/p>\n\n\n\n<p>\u00c0 c\u00f4t\u00e9 de Mateo.<\/p>\n\n\n\n<p>\u00c0 c\u00f4t\u00e9 de Luna.<\/p>\n\n\n\n<p>Sans partir.<\/p>\n\n\n\n<p>Sans appeler ses assistants.<\/p>\n\n\n\n<p>Sans penser \u00e0 son empire.<\/p>\n\n\n\n<hr class=\"wp-block-separator has-alpha-channel-opacity\"\/>\n\n\n\n<h3 class=\"wp-block-heading\">Le matin<\/h3>\n\n\n\n<p>La lumi\u00e8re entra doucement dans la chambre.<\/p>\n\n\n\n<p>Luna ouvrit les yeux.<\/p>\n\n\n\n<p>Faiblement.<\/p>\n\n\n\n<p>Mais elle les ouvrit.<\/p>\n\n\n\n<hr class=\"wp-block-separator has-alpha-channel-opacity\"\/>\n\n\n\n<h3 class=\"wp-block-heading\">Le moment<\/h3>\n\n\n\n<p>Mateo \u00e9clata en larmes.<\/p>\n\n\n\n<p>\u2014 Estrellita !<\/p>\n\n\n\n<p>Elle sourit.<\/p>\n\n\n\n<p>Un petit sourire fragile.<\/p>\n\n\n\n<p>Mais vivant.<\/p>\n\n\n\n<hr class=\"wp-block-separator has-alpha-channel-opacity\"\/>\n\n\n\n<h3 class=\"wp-block-heading\">Quelque chose change<\/h3>\n\n\n\n<p>Isabela sentit son c\u0153ur se fissurer.<\/p>\n\n\n\n<p>Encore.<\/p>\n\n\n\n<p>Mais diff\u00e9remment.<\/p>\n\n\n\n<p>Pas de douleur.<\/p>\n\n\n\n<p>Pas cette fois.<\/p>\n\n\n\n<hr class=\"wp-block-separator has-alpha-channel-opacity\"\/>\n\n\n\n<h3 class=\"wp-block-heading\">Une v\u00e9rit\u00e9 inattendue<\/h3>\n\n\n\n<p>Elle comprit enfin.<\/p>\n\n\n\n<p>Elle n\u2019avait jamais cess\u00e9 d\u2019\u00eatre une m\u00e8re.<\/p>\n\n\n\n<p>Elle avait juste cess\u00e9 de vivre.<\/p>\n\n\n\n<hr class=\"wp-block-separator has-alpha-channel-opacity\"\/>\n\n\n\n<h3 class=\"wp-block-heading\">Une d\u00e9cision irr\u00e9versible<\/h3>\n\n\n\n<p>\u2014 Vous n\u2019allez pas retourner l\u00e0-bas.<\/p>\n\n\n\n<p>Mateo la regarda.<\/p>\n\n\n\n<p>\u2014 O\u00f9 ?<\/p>\n\n\n\n<p>\u2014 Dans ce b\u00e2timent.<\/p>\n\n\n\n<hr class=\"wp-block-separator has-alpha-channel-opacity\"\/>\n\n\n\n<h3 class=\"wp-block-heading\">La nouvelle vie<\/h3>\n\n\n\n<p>Les jours suivants furent rapides.<\/p>\n\n\n\n<p>Organisation.<br>Logement.<br>Soins.<\/p>\n\n\n\n<p>Mais surtout\u2026<\/p>\n\n\n\n<p>pr\u00e9sence.<\/p>\n\n\n\n<hr class=\"wp-block-separator has-alpha-channel-opacity\"\/>\n\n\n\n<h3 class=\"wp-block-heading\">Ce que l\u2019argent peut faire<\/h3>\n\n\n\n<p>Pour la premi\u00e8re fois\u2026<\/p>\n\n\n\n<p>son argent avait un sens.<\/p>\n\n\n\n<p>Pas pour construire.<\/p>\n\n\n\n<p>Pas pour poss\u00e9der.<\/p>\n\n\n\n<p>Mais pour prot\u00e9ger.<\/p>\n\n\n\n<hr class=\"wp-block-separator has-alpha-channel-opacity\"\/>\n\n\n\n<h3 class=\"wp-block-heading\">Mais ce n\u2019est pas tout\u2026<\/h3>\n\n\n\n<p>Quelques semaines plus tard\u2026<\/p>\n\n\n\n<p>Isabela entra dans la chambre de Luna.<\/p>\n\n\n\n<p>Et ce qu\u2019elle vit\u2026<\/p>\n\n\n\n<p>la bouleversa encore plus profond\u00e9ment.<\/p>\n\n\n\n<hr class=\"wp-block-separator has-alpha-channel-opacity\"\/>\n\n\n\n<h3 class=\"wp-block-heading\">Le dessin<\/h3>\n\n\n\n<p>Sur une feuille.<\/p>\n\n\n\n<p>Un dessin simple.<\/p>\n\n\n\n<p>Trois personnages.<\/p>\n\n\n\n<p>Un gar\u00e7on.<\/p>\n\n\n\n<p>Une petite fille.<\/p>\n\n\n\n<p>Et une femme.<\/p>\n\n\n\n<hr class=\"wp-block-separator has-alpha-channel-opacity\"\/>\n\n\n\n<h3 class=\"wp-block-heading\">La question<\/h3>\n\n\n\n<p>\u2014 C\u2019est qui ?<\/p>\n\n\n\n<p>Luna r\u00e9pondit doucement :<\/p>\n\n\n\n<p>\u2014 Toi.<\/p>\n\n\n\n<hr class=\"wp-block-separator has-alpha-channel-opacity\"\/>\n\n\n\n<h3 class=\"wp-block-heading\">Le c\u0153ur qui revient \u00e0 la vie<\/h3>\n\n\n\n<p>Isabela ne put parler.<\/p>\n\n\n\n<p>Parce que parfois\u2026<\/p>\n\n\n\n<p>la vie ne rend pas ce qu\u2019elle prend.<\/p>\n\n\n\n<p>Mais elle offre autre chose.<\/p>\n\n\n\n<hr class=\"wp-block-separator has-alpha-channel-opacity\"\/>\n\n\n\n<h3 class=\"wp-block-heading\">La v\u00e9rit\u00e9 finale<\/h3>\n\n\n\n<p>Elle avait tout.<\/p>\n\n\n\n<p>Elle avait tout perdu.<\/p>\n\n\n\n<p>Et maintenant\u2026<\/p>\n\n\n\n<p>elle avait trouv\u00e9 quelque chose de plus pr\u00e9cieux que tout son empire.<\/p>\n\n\n\n<hr class=\"wp-block-separator has-alpha-channel-opacity\"\/>\n\n\n\n<p>Un enfant qui partage son seul ma\u00efs.<br>Une petite fille qui ouvre les yeux.<br>Et une seconde chance.<\/p>\n\n\n\n<hr class=\"wp-block-separator has-alpha-channel-opacity\"\/>\n\n\n\n<p>Et cette fois\u2026<\/p>\n\n\n\n<p>elle ne la laisserait pas passer.<\/p>\n","protected":false},"excerpt":{"rendered":"\u2014 Elle s\u2019\u00e9teint. Pas une image.Pas une m\u00e9taphore. Une r\u00e9alit\u00e9. Le basculement Sans r\u00e9fl\u00e9chir, Isabela attrapa la main de Mateo. \u2014 Emm\u00e8ne-moi. Sa \n<a class=\"moretag\" href=\"https:\/\/gazeta.am\/?p=1219\"> [...]<\/a>","protected":false},"author":1,"featured_media":1220,"comment_status":"open","ping_status":"open","sticky":false,"template":"","format":"standard","meta":{"footnotes":""},"categories":[1],"tags":[],"class_list":["post-1219","post","type-post","status-publish","format-standard","has-post-thumbnail","hentry","category-1"],"yoast_head":"<!-- This site is optimized with the Yoast SEO plugin v27.4 - https:\/\/yoast.com\/product\/yoast-seo-wordpress\/ -->\n<title>Le mot a frapp\u00e9 Isabela plus fort que n\u2019importe quel souvenir. -<\/title>\n<meta name=\"robots\" content=\"index, follow, max-snippet:-1, max-image-preview:large, max-video-preview:-1\" \/>\n<link rel=\"canonical\" href=\"https:\/\/gazeta.am\/?p=1219\" \/>\n<meta property=\"og:locale\" content=\"ru_RU\" \/>\n<meta property=\"og:type\" content=\"article\" \/>\n<meta property=\"og:title\" content=\"Le mot a frapp\u00e9 Isabela plus fort que n\u2019importe quel souvenir. -\" \/>\n<meta property=\"og:description\" content=\"\u2014 Elle s\u2019\u00e9teint. Pas une image.Pas une m\u00e9taphore. Une r\u00e9alit\u00e9. Le basculement Sans r\u00e9fl\u00e9chir, Isabela attrapa la main de Mateo. \u2014 Emm\u00e8ne-moi. Sa\" \/>\n<meta property=\"og:url\" content=\"https:\/\/gazeta.am\/?p=1219\" \/>\n<meta property=\"article:published_time\" content=\"2026-03-27T15:38:06+00:00\" \/>\n<meta property=\"article:modified_time\" content=\"2026-03-27T15:38:07+00:00\" \/>\n<meta property=\"og:image\" content=\"https:\/\/gazeta.am\/wp-content\/uploads\/2026\/03\/1q-2.jpg\" \/>\n\t<meta property=\"og:image:width\" content=\"901\" \/>\n\t<meta property=\"og:image:height\" content=\"897\" \/>\n\t<meta property=\"og:image:type\" content=\"image\/jpeg\" \/>\n<meta name=\"author\" content=\"admin\" \/>\n<meta name=\"twitter:card\" content=\"summary_large_image\" \/>\n<meta name=\"twitter:label1\" content=\"\u041d\u0430\u043f\u0438\u0441\u0430\u043d\u043e \u0430\u0432\u0442\u043e\u0440\u043e\u043c\" \/>\n\t<meta name=\"twitter:data1\" content=\"admin\" \/>\n\t<meta name=\"twitter:label2\" content=\"\u041f\u0440\u0438\u043c\u0435\u0440\u043d\u043e\u0435 \u0432\u0440\u0435\u043c\u044f \u0434\u043b\u044f \u0447\u0442\u0435\u043d\u0438\u044f\" \/>\n\t<meta name=\"twitter:data2\" content=\"5 \u043c\u0438\u043d\u0443\u0442\" \/>\n<script type=\"application\/ld+json\" class=\"yoast-schema-graph\">{\"@context\":\"https:\\\/\\\/schema.org\",\"@graph\":[{\"@type\":\"Article\",\"@id\":\"https:\\\/\\\/gazeta.am\\\/?p=1219#article\",\"isPartOf\":{\"@id\":\"https:\\\/\\\/gazeta.am\\\/?p=1219\"},\"author\":{\"name\":\"admin\",\"@id\":\"https:\\\/\\\/gazeta.am\\\/#\\\/schema\\\/person\\\/987709955e760c9a1ebbb44776f8cccc\"},\"headline\":\"Le mot a frapp\u00e9 Isabela plus fort que n\u2019importe quel souvenir.\",\"datePublished\":\"2026-03-27T15:38:06+00:00\",\"dateModified\":\"2026-03-27T15:38:07+00:00\",\"mainEntityOfPage\":{\"@id\":\"https:\\\/\\\/gazeta.am\\\/?p=1219\"},\"wordCount\":880,\"commentCount\":0,\"image\":{\"@id\":\"https:\\\/\\\/gazeta.am\\\/?p=1219#primaryimage\"},\"thumbnailUrl\":\"https:\\\/\\\/gazeta.am\\\/wp-content\\\/uploads\\\/2026\\\/03\\\/1q-2.jpg\",\"articleSection\":[\"NEWS\"],\"inLanguage\":\"ru-RU\",\"potentialAction\":[{\"@type\":\"CommentAction\",\"name\":\"Comment\",\"target\":[\"https:\\\/\\\/gazeta.am\\\/?p=1219#respond\"]}]},{\"@type\":\"WebPage\",\"@id\":\"https:\\\/\\\/gazeta.am\\\/?p=1219\",\"url\":\"https:\\\/\\\/gazeta.am\\\/?p=1219\",\"name\":\"Le mot a frapp\u00e9 Isabela plus fort que n\u2019importe quel souvenir. -\",\"isPartOf\":{\"@id\":\"https:\\\/\\\/gazeta.am\\\/#website\"},\"primaryImageOfPage\":{\"@id\":\"https:\\\/\\\/gazeta.am\\\/?p=1219#primaryimage\"},\"image\":{\"@id\":\"https:\\\/\\\/gazeta.am\\\/?p=1219#primaryimage\"},\"thumbnailUrl\":\"https:\\\/\\\/gazeta.am\\\/wp-content\\\/uploads\\\/2026\\\/03\\\/1q-2.jpg\",\"datePublished\":\"2026-03-27T15:38:06+00:00\",\"dateModified\":\"2026-03-27T15:38:07+00:00\",\"author\":{\"@id\":\"https:\\\/\\\/gazeta.am\\\/#\\\/schema\\\/person\\\/987709955e760c9a1ebbb44776f8cccc\"},\"breadcrumb\":{\"@id\":\"https:\\\/\\\/gazeta.am\\\/?p=1219#breadcrumb\"},\"inLanguage\":\"ru-RU\",\"potentialAction\":[{\"@type\":\"ReadAction\",\"target\":[\"https:\\\/\\\/gazeta.am\\\/?p=1219\"]}]},{\"@type\":\"ImageObject\",\"inLanguage\":\"ru-RU\",\"@id\":\"https:\\\/\\\/gazeta.am\\\/?p=1219#primaryimage\",\"url\":\"https:\\\/\\\/gazeta.am\\\/wp-content\\\/uploads\\\/2026\\\/03\\\/1q-2.jpg\",\"contentUrl\":\"https:\\\/\\\/gazeta.am\\\/wp-content\\\/uploads\\\/2026\\\/03\\\/1q-2.jpg\",\"width\":901,\"height\":897},{\"@type\":\"BreadcrumbList\",\"@id\":\"https:\\\/\\\/gazeta.am\\\/?p=1219#breadcrumb\",\"itemListElement\":[{\"@type\":\"ListItem\",\"position\":1,\"name\":\"\u0413\u043b\u0430\u0432\u043d\u0430\u044f \u0441\u0442\u0440\u0430\u043d\u0438\u0446\u0430\",\"item\":\"https:\\\/\\\/gazeta.am\\\/\"},{\"@type\":\"ListItem\",\"position\":2,\"name\":\"Le mot a frapp\u00e9 Isabela plus fort que n\u2019importe quel souvenir.\"}]},{\"@type\":\"WebSite\",\"@id\":\"https:\\\/\\\/gazeta.am\\\/#website\",\"url\":\"https:\\\/\\\/gazeta.am\\\/\",\"name\":\"\",\"description\":\"\",\"potentialAction\":[{\"@type\":\"SearchAction\",\"target\":{\"@type\":\"EntryPoint\",\"urlTemplate\":\"https:\\\/\\\/gazeta.am\\\/?s={search_term_string}\"},\"query-input\":{\"@type\":\"PropertyValueSpecification\",\"valueRequired\":true,\"valueName\":\"search_term_string\"}}],\"inLanguage\":\"ru-RU\"},{\"@type\":\"Person\",\"@id\":\"https:\\\/\\\/gazeta.am\\\/#\\\/schema\\\/person\\\/987709955e760c9a1ebbb44776f8cccc\",\"name\":\"admin\",\"image\":{\"@type\":\"ImageObject\",\"inLanguage\":\"ru-RU\",\"@id\":\"https:\\\/\\\/secure.gravatar.com\\\/avatar\\\/a24f4ac3a683f3c87303db525abc00db51ea26ccedee11dfaf1cc0f9a481a5d2?s=96&d=mm&r=g\",\"url\":\"https:\\\/\\\/secure.gravatar.com\\\/avatar\\\/a24f4ac3a683f3c87303db525abc00db51ea26ccedee11dfaf1cc0f9a481a5d2?s=96&d=mm&r=g\",\"contentUrl\":\"https:\\\/\\\/secure.gravatar.com\\\/avatar\\\/a24f4ac3a683f3c87303db525abc00db51ea26ccedee11dfaf1cc0f9a481a5d2?s=96&d=mm&r=g\",\"caption\":\"admin\"},\"sameAs\":[\"http:\\\/\\\/gazeta.am\"],\"url\":\"https:\\\/\\\/gazeta.am\\\/?author=1\"}]}<\/script>\n<!-- \/ Yoast SEO plugin. -->","yoast_head_json":{"title":"Le mot a frapp\u00e9 Isabela plus fort que n\u2019importe quel souvenir. -","robots":{"index":"index","follow":"follow","max-snippet":"max-snippet:-1","max-image-preview":"max-image-preview:large","max-video-preview":"max-video-preview:-1"},"canonical":"https:\/\/gazeta.am\/?p=1219","og_locale":"ru_RU","og_type":"article","og_title":"Le mot a frapp\u00e9 Isabela plus fort que n\u2019importe quel souvenir. -","og_description":"\u2014 Elle s\u2019\u00e9teint. Pas une image.Pas une m\u00e9taphore. Une r\u00e9alit\u00e9. Le basculement Sans r\u00e9fl\u00e9chir, Isabela attrapa la main de Mateo. \u2014 Emm\u00e8ne-moi. Sa","og_url":"https:\/\/gazeta.am\/?p=1219","article_published_time":"2026-03-27T15:38:06+00:00","article_modified_time":"2026-03-27T15:38:07+00:00","og_image":[{"width":901,"height":897,"url":"https:\/\/gazeta.am\/wp-content\/uploads\/2026\/03\/1q-2.jpg","type":"image\/jpeg"}],"author":"admin","twitter_card":"summary_large_image","twitter_misc":{"\u041d\u0430\u043f\u0438\u0441\u0430\u043d\u043e \u0430\u0432\u0442\u043e\u0440\u043e\u043c":"admin","\u041f\u0440\u0438\u043c\u0435\u0440\u043d\u043e\u0435 \u0432\u0440\u0435\u043c\u044f \u0434\u043b\u044f \u0447\u0442\u0435\u043d\u0438\u044f":"5 \u043c\u0438\u043d\u0443\u0442"},"schema":{"@context":"https:\/\/schema.org","@graph":[{"@type":"Article","@id":"https:\/\/gazeta.am\/?p=1219#article","isPartOf":{"@id":"https:\/\/gazeta.am\/?p=1219"},"author":{"name":"admin","@id":"https:\/\/gazeta.am\/#\/schema\/person\/987709955e760c9a1ebbb44776f8cccc"},"headline":"Le mot a frapp\u00e9 Isabela plus fort que n\u2019importe quel souvenir.","datePublished":"2026-03-27T15:38:06+00:00","dateModified":"2026-03-27T15:38:07+00:00","mainEntityOfPage":{"@id":"https:\/\/gazeta.am\/?p=1219"},"wordCount":880,"commentCount":0,"image":{"@id":"https:\/\/gazeta.am\/?p=1219#primaryimage"},"thumbnailUrl":"https:\/\/gazeta.am\/wp-content\/uploads\/2026\/03\/1q-2.jpg","articleSection":["NEWS"],"inLanguage":"ru-RU","potentialAction":[{"@type":"CommentAction","name":"Comment","target":["https:\/\/gazeta.am\/?p=1219#respond"]}]},{"@type":"WebPage","@id":"https:\/\/gazeta.am\/?p=1219","url":"https:\/\/gazeta.am\/?p=1219","name":"Le mot a frapp\u00e9 Isabela plus fort que n\u2019importe quel souvenir. -","isPartOf":{"@id":"https:\/\/gazeta.am\/#website"},"primaryImageOfPage":{"@id":"https:\/\/gazeta.am\/?p=1219#primaryimage"},"image":{"@id":"https:\/\/gazeta.am\/?p=1219#primaryimage"},"thumbnailUrl":"https:\/\/gazeta.am\/wp-content\/uploads\/2026\/03\/1q-2.jpg","datePublished":"2026-03-27T15:38:06+00:00","dateModified":"2026-03-27T15:38:07+00:00","author":{"@id":"https:\/\/gazeta.am\/#\/schema\/person\/987709955e760c9a1ebbb44776f8cccc"},"breadcrumb":{"@id":"https:\/\/gazeta.am\/?p=1219#breadcrumb"},"inLanguage":"ru-RU","potentialAction":[{"@type":"ReadAction","target":["https:\/\/gazeta.am\/?p=1219"]}]},{"@type":"ImageObject","inLanguage":"ru-RU","@id":"https:\/\/gazeta.am\/?p=1219#primaryimage","url":"https:\/\/gazeta.am\/wp-content\/uploads\/2026\/03\/1q-2.jpg","contentUrl":"https:\/\/gazeta.am\/wp-content\/uploads\/2026\/03\/1q-2.jpg","width":901,"height":897},{"@type":"BreadcrumbList","@id":"https:\/\/gazeta.am\/?p=1219#breadcrumb","itemListElement":[{"@type":"ListItem","position":1,"name":"\u0413\u043b\u0430\u0432\u043d\u0430\u044f \u0441\u0442\u0440\u0430\u043d\u0438\u0446\u0430","item":"https:\/\/gazeta.am\/"},{"@type":"ListItem","position":2,"name":"Le mot a frapp\u00e9 Isabela plus fort que n\u2019importe quel souvenir."}]},{"@type":"WebSite","@id":"https:\/\/gazeta.am\/#website","url":"https:\/\/gazeta.am\/","name":"","description":"","potentialAction":[{"@type":"SearchAction","target":{"@type":"EntryPoint","urlTemplate":"https:\/\/gazeta.am\/?s={search_term_string}"},"query-input":{"@type":"PropertyValueSpecification","valueRequired":true,"valueName":"search_term_string"}}],"inLanguage":"ru-RU"},{"@type":"Person","@id":"https:\/\/gazeta.am\/#\/schema\/person\/987709955e760c9a1ebbb44776f8cccc","name":"admin","image":{"@type":"ImageObject","inLanguage":"ru-RU","@id":"https:\/\/secure.gravatar.com\/avatar\/a24f4ac3a683f3c87303db525abc00db51ea26ccedee11dfaf1cc0f9a481a5d2?s=96&d=mm&r=g","url":"https:\/\/secure.gravatar.com\/avatar\/a24f4ac3a683f3c87303db525abc00db51ea26ccedee11dfaf1cc0f9a481a5d2?s=96&d=mm&r=g","contentUrl":"https:\/\/secure.gravatar.com\/avatar\/a24f4ac3a683f3c87303db525abc00db51ea26ccedee11dfaf1cc0f9a481a5d2?s=96&d=mm&r=g","caption":"admin"},"sameAs":["http:\/\/gazeta.am"],"url":"https:\/\/gazeta.am\/?author=1"}]}},"_links":{"self":[{"href":"https:\/\/gazeta.am\/index.php?rest_route=\/wp\/v2\/posts\/1219","targetHints":{"allow":["GET"]}}],"collection":[{"href":"https:\/\/gazeta.am\/index.php?rest_route=\/wp\/v2\/posts"}],"about":[{"href":"https:\/\/gazeta.am\/index.php?rest_route=\/wp\/v2\/types\/post"}],"author":[{"embeddable":true,"href":"https:\/\/gazeta.am\/index.php?rest_route=\/wp\/v2\/users\/1"}],"replies":[{"embeddable":true,"href":"https:\/\/gazeta.am\/index.php?rest_route=%2Fwp%2Fv2%2Fcomments&post=1219"}],"version-history":[{"count":1,"href":"https:\/\/gazeta.am\/index.php?rest_route=\/wp\/v2\/posts\/1219\/revisions"}],"predecessor-version":[{"id":1221,"href":"https:\/\/gazeta.am\/index.php?rest_route=\/wp\/v2\/posts\/1219\/revisions\/1221"}],"wp:featuredmedia":[{"embeddable":true,"href":"https:\/\/gazeta.am\/index.php?rest_route=\/wp\/v2\/media\/1220"}],"wp:attachment":[{"href":"https:\/\/gazeta.am\/index.php?rest_route=%2Fwp%2Fv2%2Fmedia&parent=1219"}],"wp:term":[{"taxonomy":"category","embeddable":true,"href":"https:\/\/gazeta.am\/index.php?rest_route=%2Fwp%2Fv2%2Fcategories&post=1219"},{"taxonomy":"post_tag","embeddable":true,"href":"https:\/\/gazeta.am\/index.php?rest_route=%2Fwp%2Fv2%2Ftags&post=1219"}],"curies":[{"name":"wp","href":"https:\/\/api.w.org\/{rel}","templated":true}]}}