{"id":1212,"date":"2026-03-27T15:12:02","date_gmt":"2026-03-27T12:12:02","guid":{"rendered":"https:\/\/gazeta.am\/?p=1212"},"modified":"2026-03-27T15:12:04","modified_gmt":"2026-03-27T12:12:04","slug":"le-medecin-a-recule-dun-pas","status":"publish","type":"post","link":"https:\/\/gazeta.am\/?p=1212","title":{"rendered":"Le m\u00e9decin a recul\u00e9 d\u2019un pas."},"content":{"rendered":"\n<p>Pas par peur.<\/p>\n\n\n\n<p>Mais parce que ce qu\u2019il voyait\u2026 ne correspondait \u00e0 rien de ce qu\u2019il avait appris.<\/p>\n\n\n\n<p>Une naissance qui d\u00e9fie les statistiques<\/p>\n\n\n\n<p>Dans la salle d\u2019accouchement, l\u2019air \u00e9tait lourd, satur\u00e9 d\u2019adr\u00e9naline et d\u2019attente. Les moniteurs bipaient \u00e0 un rythme r\u00e9gulier, presque rassurant. Tout semblait sous contr\u00f4le.<\/p>\n\n\n\n<p>Jusqu\u2019\u00e0 ce que \u00e7a ne le soit plus.<\/p>\n\n\n\n<p>\u2014 Attendez\u2026 combien ?<\/p>\n\n\n\n<p>La sage-femme n\u2019a pas r\u00e9pondu imm\u00e9diatement.<\/p>\n\n\n\n<p>Parce qu\u2019elle comptait encore.<\/p>\n\n\n\n<figure class=\"wp-block-image size-full\"><img loading=\"lazy\" decoding=\"async\" width=\"817\" height=\"896\" src=\"https:\/\/gazeta.am\/wp-content\/uploads\/2026\/03\/1c-8.jpg\" alt=\"\" class=\"wp-image-1213\" srcset=\"https:\/\/gazeta.am\/wp-content\/uploads\/2026\/03\/1c-8.jpg 817w, https:\/\/gazeta.am\/wp-content\/uploads\/2026\/03\/1c-8-274x300.jpg 274w, https:\/\/gazeta.am\/wp-content\/uploads\/2026\/03\/1c-8-768x842.jpg 768w\" sizes=\"auto, (max-width: 817px) 100vw, 817px\" \/><\/figure>\n\n\n\n<p>Un.<br>Deux.<br>Trois\u2026<\/p>\n\n\n\n<p>Un silence.<\/p>\n\n\n\n<p>Puis ses yeux se sont agrandis.<\/p>\n\n\n\n<p>\u2014 Quatre.<\/p>\n\n\n\n<p>Le mot est tomb\u00e9 comme une d\u00e9flagration.<\/p>\n\n\n\n<p>Quatre b\u00e9b\u00e9s.<\/p>\n\n\n\n<p>Pas deux.<br>Pas trois.<\/p>\n\n\n\n<p>Quatre.<\/p>\n\n\n\n<p>Une probabilit\u00e9 presque impossible<\/p>\n\n\n\n<p>On parle souvent de miracles.<\/p>\n\n\n\n<p>Mais celui-ci avait une probabilit\u00e9 pr\u00e9cise : une chance sur onze millions.<\/p>\n\n\n\n<p>Autant dire\u2026 presque rien.<\/p>\n\n\n\n<p>Et pourtant, dans cette pi\u00e8ce, ce \u00ab presque impossible \u00bb \u00e9tait devenu r\u00e9alit\u00e9.<\/p>\n\n\n\n<p>Le m\u00e9decin a retir\u00e9 ses gants un instant, comme pour s\u2019assurer qu\u2019il ne r\u00eavait pas.<\/p>\n\n\n\n<p>\u2014 Ce n\u2019est pas possible\u2026 murmura-t-il.<\/p>\n\n\n\n<p>Et pourtant, les pleurs r\u00e9sonnaient d\u00e9j\u00e0.<\/p>\n\n\n\n<p>Quatre cris.<\/p>\n\n\n\n<p>Quatre vies.<\/p>\n\n\n\n<p>La m\u00e8re, entre douleur et choc<\/p>\n\n\n\n<p>Sur la table, elle tremblait.<\/p>\n\n\n\n<p>Pas seulement de fatigue.<\/p>\n\n\n\n<p>Mais d\u2019incompr\u00e9hension.<\/p>\n\n\n\n<p>On lui avait parl\u00e9 d\u2019une grossesse difficile. D\u2019un risque \u00e9lev\u00e9. Mais jamais\u2026 jamais on ne lui avait pr\u00e9par\u00e9 \u00e0 \u00e7a.<\/p>\n\n\n\n<p>\u2014 Mes b\u00e9b\u00e9s\u2026 ils vont bien ?<\/p>\n\n\n\n<p>Sa voix \u00e9tait faible, presque bris\u00e9e.<\/p>\n\n\n\n<p>Personne n\u2019a r\u00e9pondu tout de suite.<\/p>\n\n\n\n<p>Pas parce que la r\u00e9ponse \u00e9tait mauvaise.<\/p>\n\n\n\n<p>Mais parce que tout le monde \u00e9tait encore sous le choc.<\/p>\n\n\n\n<p>Le moment suspendu<\/p>\n\n\n\n<p>Puis, un \u00e0 un, les b\u00e9b\u00e9s ont \u00e9t\u00e9 d\u00e9pos\u00e9s pr\u00e8s d\u2019elle.<\/p>\n\n\n\n<p>Envelopp\u00e9s. Fragiles. Minuscules.<\/p>\n\n\n\n<p>Mais vivants.<\/p>\n\n\n\n<p>Ses yeux se sont remplis de larmes.<\/p>\n\n\n\n<p>\u2014 Quatre\u2026 r\u00e9p\u00e9ta-t-elle.<\/p>\n\n\n\n<p>Comme si le dire \u00e0 voix haute pouvait rendre la chose r\u00e9elle.<\/p>\n\n\n\n<p>Une joie m\u00eal\u00e9e de peur<\/p>\n\n\n\n<p>Mais tr\u00e8s vite, la joie a laiss\u00e9 place \u00e0 autre chose.<\/p>\n\n\n\n<p>Une peur sourde.<\/p>\n\n\n\n<p>Comment allait-elle s\u2019occuper de quatre nouveau-n\u00e9s ?<\/p>\n\n\n\n<p>Comment allait-elle les nourrir ? Les prot\u00e9ger ? Leur offrir une vie digne ?<\/p>\n\n\n\n<p>Car derri\u00e8re le miracle\u2026<\/p>\n\n\n\n<p>Il y avait la r\u00e9alit\u00e9.<\/p>\n\n\n\n<p>Le regard du m\u00e9decin<\/p>\n\n\n\n<p>Le m\u00e9decin observait la sc\u00e8ne en silence.<\/p>\n\n\n\n<p>Il avait vu des centaines de naissances.<\/p>\n\n\n\n<p>Des situations critiques. Des complications. Des miracles aussi.<\/p>\n\n\n\n<p>Mais jamais quelque chose comme \u00e7a.<\/p>\n\n\n\n<p>Pas seulement \u00e0 cause du nombre.<\/p>\n\n\n\n<p>Mais \u00e0 cause de ce qu\u2019il ressentait.<\/p>\n\n\n\n<p>Une impression \u00e9trange.<\/p>\n\n\n\n<p>Comme si cette naissance\u2026 portait quelque chose de plus.<\/p>\n\n\n\n<p>Le d\u00e9tail troublant<\/p>\n\n\n\n<p>C\u2019est en examinant les b\u00e9b\u00e9s qu\u2019il l\u2019a remarqu\u00e9.<\/p>\n\n\n\n<p>Un d\u00e9tail.<\/p>\n\n\n\n<p>Puis un autre.<\/p>\n\n\n\n<p>Puis encore un.<\/p>\n\n\n\n<p>\u2014 C\u2019est\u2026 impossible\u2026<\/p>\n\n\n\n<p>Les infirmi\u00e8res se sont rapproch\u00e9es.<\/p>\n\n\n\n<p>\u2014 Qu\u2019est-ce qu\u2019il y a ?<\/p>\n\n\n\n<p>Il a h\u00e9sit\u00e9.<\/p>\n\n\n\n<p>Puis il a parl\u00e9.<\/p>\n\n\n\n<p>Une similitude d\u00e9rangeante<\/p>\n\n\n\n<p>Les quatre b\u00e9b\u00e9s\u2026<\/p>\n\n\n\n<p>Se ressemblaient parfaitement.<\/p>\n\n\n\n<p>Pas comme des fr\u00e8res et s\u0153urs.<\/p>\n\n\n\n<p>Comme des copies.<\/p>\n\n\n\n<p>M\u00eame regard.<br>M\u00eame expression.<br>M\u00eame marque sur l\u2019\u00e9paule.<\/p>\n\n\n\n<p>\u2014 Des quadrupl\u00e9s identiques\u2026 murmura quelqu\u2019un.<\/p>\n\n\n\n<p>Le silence est revenu.<\/p>\n\n\n\n<p>Encore plus lourd qu\u2019avant.<\/p>\n\n\n\n<p>Une raret\u00e9 absolue<\/p>\n\n\n\n<p>Des quadrupl\u00e9s, c\u2019est d\u00e9j\u00e0 extr\u00eamement rare.<\/p>\n\n\n\n<p>Mais des quadrupl\u00e9s identiques ?<\/p>\n\n\n\n<p>C\u2019est presque inimaginable.<\/p>\n\n\n\n<p>Les probabilit\u00e9s deviennent si faibles\u2026 qu\u2019elles fr\u00f4lent l\u2019impossible.<\/p>\n\n\n\n<p>Et pourtant\u2026<\/p>\n\n\n\n<p>Ils \u00e9taient l\u00e0.<\/p>\n\n\n\n<p>La r\u00e9action de la m\u00e8re<\/p>\n\n\n\n<p>\u2014 Ils sont\u2026 diff\u00e9rents ?<\/p>\n\n\n\n<p>Elle cherchait des r\u00e9ponses.<\/p>\n\n\n\n<p>Une normalit\u00e9.<\/p>\n\n\n\n<p>Quelque chose \u00e0 quoi se raccrocher.<\/p>\n\n\n\n<p>Mais le m\u00e9decin n\u2019a pas menti.<\/p>\n\n\n\n<p>\u2014 Ils sont\u2026 extraordinaires.<\/p>\n\n\n\n<p>Les jours qui suivent<\/p>\n\n\n\n<p>Tr\u00e8s vite, l\u2019histoire a d\u00e9pass\u00e9 les murs de l\u2019h\u00f4pital.<\/p>\n\n\n\n<p>Les m\u00e9dias ont commenc\u00e9 \u00e0 s\u2019y int\u00e9resser.<\/p>\n\n\n\n<p>Les r\u00e9seaux sociaux se sont enflamm\u00e9s.<\/p>\n\n\n\n<p>\u00ab Miracle \u00bb<br>\u00ab Naissance historique \u00bb<br>\u00ab 1 chance sur 11 millions \u00bb<\/p>\n\n\n\n<p>Mais derri\u00e8re les titres\u2026<\/p>\n\n\n\n<p>Il y avait une m\u00e8re \u00e9puis\u00e9e.<\/p>\n\n\n\n<p>Et quatre vies \u00e0 construire.<\/p>\n\n\n\n<p>La pression du monde<\/p>\n\n\n\n<p>Les journalistes voulaient des interviews.<\/p>\n\n\n\n<p>Les cam\u00e9ras cherchaient des images.<\/p>\n\n\n\n<p>Tout le monde voulait voir.<\/p>\n\n\n\n<p>Comprendre.<\/p>\n\n\n\n<p>S\u2019\u00e9merveiller.<\/p>\n\n\n\n<p>Mais personne ne voyait vraiment.<\/p>\n\n\n\n<p>La fatigue.<br>Les nuits sans sommeil.<br>Les inqui\u00e9tudes constantes.<\/p>\n\n\n\n<p>Une r\u00e9v\u00e9lation inattendue<\/p>\n\n\n\n<p>Quelques semaines plus tard\u2026<\/p>\n\n\n\n<p>Le m\u00e9decin a re\u00e7u les r\u00e9sultats complets des analyses.<\/p>\n\n\n\n<p>Et ce qu\u2019il a lu\u2026<\/p>\n\n\n\n<p>L\u2019a glac\u00e9.<\/p>\n\n\n\n<p>Il a relu plusieurs fois.<\/p>\n\n\n\n<p>V\u00e9rifi\u00e9.<\/p>\n\n\n\n<p>Recalcul\u00e9.<\/p>\n\n\n\n<p>Mais le r\u00e9sultat ne changeait pas.<\/p>\n\n\n\n<p>La v\u00e9rit\u00e9 choquante<\/p>\n\n\n\n<p>Les b\u00e9b\u00e9s n\u2019\u00e9taient pas seulement identiques.<\/p>\n\n\n\n<p>Ils partageaient quelque chose d\u2019encore plus rare.<\/p>\n\n\n\n<p>Une anomalie g\u00e9n\u00e9tique\u2026 inconnue.<\/p>\n\n\n\n<p>Pas dangereuse.<\/p>\n\n\n\n<p>Pas visible imm\u00e9diatement.<\/p>\n\n\n\n<p>Mais unique.<\/p>\n\n\n\n<p>Une question sans r\u00e9ponse<\/p>\n\n\n\n<p>\u00c9tait-ce une simple co\u00efncidence ?<\/p>\n\n\n\n<p>Un ph\u00e9nom\u00e8ne naturel ?<\/p>\n\n\n\n<p>Ou quelque chose que la science ne comprenait pas encore ?<\/p>\n\n\n\n<p>Le m\u00e9decin ne savait pas.<\/p>\n\n\n\n<p>Et c\u2019est cela qui l\u2019inqui\u00e9tait le plus.<\/p>\n\n\n\n<p>Une m\u00e8re face \u00e0 l\u2019inconnu<\/p>\n\n\n\n<p>Quand il lui a expliqu\u00e9\u2026<\/p>\n\n\n\n<p>Elle n\u2019a pas paniqu\u00e9.<\/p>\n\n\n\n<p>Pas imm\u00e9diatement.<\/p>\n\n\n\n<p>Elle a simplement regard\u00e9 ses enfants.<\/p>\n\n\n\n<p>Un par un.<\/p>\n\n\n\n<p>Puis elle a dit :<\/p>\n\n\n\n<p>\u2014 Peu importe\u2026 ce sont les miens.<\/p>\n\n\n\n<p>L\u2019amour plus fort que tout<\/p>\n\n\n\n<p>Dans ce moment pr\u00e9cis\u2026<\/p>\n\n\n\n<p>Tout le reste a disparu.<\/p>\n\n\n\n<p>Les statistiques.<br>Les anomalies.<br>Les probabilit\u00e9s.<\/p>\n\n\n\n<p>Il ne restait que l\u2019essentiel.<\/p>\n\n\n\n<p>L\u2019amour.<\/p>\n\n\n\n<p>Mais l\u2019histoire ne s\u2019arr\u00eate pas l\u00e0\u2026<\/p>\n\n\n\n<p>Car en grandissant\u2026<\/p>\n\n\n\n<p>Les enfants ont commenc\u00e9 \u00e0 montrer quelque chose d\u2019encore plus troublant.<\/p>\n\n\n\n<p>Quelque chose que personne n\u2019avait anticip\u00e9.<\/p>\n\n\n\n<p>Et qui allait transformer ce \u00ab miracle \u00bb\u2026<\/p>\n\n\n\n<p>En un myst\u00e8re bien plus profond.<\/p>\n\n\n\n<p>Ce que le m\u00e9decin a d\u00e9couvert ensuite\u2026<\/p>\n\n\n\n<p>N\u2019\u00e9tait pas \u00e9crit dans les livres.<\/p>\n\n\n\n<p>Et n\u2019aurait jamais d\u00fb exister.<\/p>\n\n\n\n<p><\/p>\n","protected":false},"excerpt":{"rendered":"Pas par peur. Mais parce que ce qu\u2019il voyait\u2026 ne correspondait \u00e0 rien de ce qu\u2019il avait appris. Une naissance qui d\u00e9fie les \n<a class=\"moretag\" href=\"https:\/\/gazeta.am\/?p=1212\"> [...]<\/a>","protected":false},"author":1,"featured_media":1213,"comment_status":"open","ping_status":"open","sticky":false,"template":"","format":"standard","meta":{"footnotes":""},"categories":[1],"tags":[],"class_list":["post-1212","post","type-post","status-publish","format-standard","has-post-thumbnail","hentry","category-1"],"yoast_head":"<!-- This site is optimized with the Yoast SEO plugin v27.4 - https:\/\/yoast.com\/product\/yoast-seo-wordpress\/ -->\n<title>Le m\u00e9decin a recul\u00e9 d\u2019un pas. -<\/title>\n<meta name=\"robots\" content=\"index, follow, max-snippet:-1, max-image-preview:large, max-video-preview:-1\" \/>\n<link rel=\"canonical\" href=\"https:\/\/gazeta.am\/?p=1212\" \/>\n<meta property=\"og:locale\" content=\"ru_RU\" \/>\n<meta property=\"og:type\" content=\"article\" \/>\n<meta property=\"og:title\" content=\"Le m\u00e9decin a recul\u00e9 d\u2019un pas. -\" \/>\n<meta property=\"og:description\" content=\"Pas par peur. Mais parce que ce qu\u2019il voyait\u2026 ne correspondait \u00e0 rien de ce qu\u2019il avait appris. Une naissance qui d\u00e9fie les\" \/>\n<meta property=\"og:url\" content=\"https:\/\/gazeta.am\/?p=1212\" \/>\n<meta property=\"article:published_time\" content=\"2026-03-27T12:12:02+00:00\" \/>\n<meta property=\"article:modified_time\" content=\"2026-03-27T12:12:04+00:00\" \/>\n<meta property=\"og:image\" content=\"https:\/\/gazeta.am\/wp-content\/uploads\/2026\/03\/1c-8.jpg\" \/>\n\t<meta property=\"og:image:width\" content=\"817\" \/>\n\t<meta property=\"og:image:height\" content=\"896\" \/>\n\t<meta property=\"og:image:type\" content=\"image\/jpeg\" \/>\n<meta name=\"author\" content=\"admin\" \/>\n<meta name=\"twitter:card\" content=\"summary_large_image\" \/>\n<meta name=\"twitter:label1\" content=\"\u041d\u0430\u043f\u0438\u0441\u0430\u043d\u043e \u0430\u0432\u0442\u043e\u0440\u043e\u043c\" \/>\n\t<meta name=\"twitter:data1\" content=\"admin\" \/>\n\t<meta name=\"twitter:label2\" content=\"\u041f\u0440\u0438\u043c\u0435\u0440\u043d\u043e\u0435 \u0432\u0440\u0435\u043c\u044f \u0434\u043b\u044f \u0447\u0442\u0435\u043d\u0438\u044f\" \/>\n\t<meta name=\"twitter:data2\" content=\"5 \u043c\u0438\u043d\u0443\u0442\" \/>\n<script type=\"application\/ld+json\" class=\"yoast-schema-graph\">{\"@context\":\"https:\\\/\\\/schema.org\",\"@graph\":[{\"@type\":\"Article\",\"@id\":\"https:\\\/\\\/gazeta.am\\\/?p=1212#article\",\"isPartOf\":{\"@id\":\"https:\\\/\\\/gazeta.am\\\/?p=1212\"},\"author\":{\"name\":\"admin\",\"@id\":\"https:\\\/\\\/gazeta.am\\\/#\\\/schema\\\/person\\\/987709955e760c9a1ebbb44776f8cccc\"},\"headline\":\"Le m\u00e9decin a recul\u00e9 d\u2019un pas.\",\"datePublished\":\"2026-03-27T12:12:02+00:00\",\"dateModified\":\"2026-03-27T12:12:04+00:00\",\"mainEntityOfPage\":{\"@id\":\"https:\\\/\\\/gazeta.am\\\/?p=1212\"},\"wordCount\":959,\"commentCount\":0,\"image\":{\"@id\":\"https:\\\/\\\/gazeta.am\\\/?p=1212#primaryimage\"},\"thumbnailUrl\":\"https:\\\/\\\/gazeta.am\\\/wp-content\\\/uploads\\\/2026\\\/03\\\/1c-8.jpg\",\"articleSection\":[\"NEWS\"],\"inLanguage\":\"ru-RU\",\"potentialAction\":[{\"@type\":\"CommentAction\",\"name\":\"Comment\",\"target\":[\"https:\\\/\\\/gazeta.am\\\/?p=1212#respond\"]}]},{\"@type\":\"WebPage\",\"@id\":\"https:\\\/\\\/gazeta.am\\\/?p=1212\",\"url\":\"https:\\\/\\\/gazeta.am\\\/?p=1212\",\"name\":\"Le m\u00e9decin a recul\u00e9 d\u2019un pas. -\",\"isPartOf\":{\"@id\":\"https:\\\/\\\/gazeta.am\\\/#website\"},\"primaryImageOfPage\":{\"@id\":\"https:\\\/\\\/gazeta.am\\\/?p=1212#primaryimage\"},\"image\":{\"@id\":\"https:\\\/\\\/gazeta.am\\\/?p=1212#primaryimage\"},\"thumbnailUrl\":\"https:\\\/\\\/gazeta.am\\\/wp-content\\\/uploads\\\/2026\\\/03\\\/1c-8.jpg\",\"datePublished\":\"2026-03-27T12:12:02+00:00\",\"dateModified\":\"2026-03-27T12:12:04+00:00\",\"author\":{\"@id\":\"https:\\\/\\\/gazeta.am\\\/#\\\/schema\\\/person\\\/987709955e760c9a1ebbb44776f8cccc\"},\"breadcrumb\":{\"@id\":\"https:\\\/\\\/gazeta.am\\\/?p=1212#breadcrumb\"},\"inLanguage\":\"ru-RU\",\"potentialAction\":[{\"@type\":\"ReadAction\",\"target\":[\"https:\\\/\\\/gazeta.am\\\/?p=1212\"]}]},{\"@type\":\"ImageObject\",\"inLanguage\":\"ru-RU\",\"@id\":\"https:\\\/\\\/gazeta.am\\\/?p=1212#primaryimage\",\"url\":\"https:\\\/\\\/gazeta.am\\\/wp-content\\\/uploads\\\/2026\\\/03\\\/1c-8.jpg\",\"contentUrl\":\"https:\\\/\\\/gazeta.am\\\/wp-content\\\/uploads\\\/2026\\\/03\\\/1c-8.jpg\",\"width\":817,\"height\":896},{\"@type\":\"BreadcrumbList\",\"@id\":\"https:\\\/\\\/gazeta.am\\\/?p=1212#breadcrumb\",\"itemListElement\":[{\"@type\":\"ListItem\",\"position\":1,\"name\":\"\u0413\u043b\u0430\u0432\u043d\u0430\u044f \u0441\u0442\u0440\u0430\u043d\u0438\u0446\u0430\",\"item\":\"https:\\\/\\\/gazeta.am\\\/\"},{\"@type\":\"ListItem\",\"position\":2,\"name\":\"Le m\u00e9decin a recul\u00e9 d\u2019un pas.\"}]},{\"@type\":\"WebSite\",\"@id\":\"https:\\\/\\\/gazeta.am\\\/#website\",\"url\":\"https:\\\/\\\/gazeta.am\\\/\",\"name\":\"\",\"description\":\"\",\"potentialAction\":[{\"@type\":\"SearchAction\",\"target\":{\"@type\":\"EntryPoint\",\"urlTemplate\":\"https:\\\/\\\/gazeta.am\\\/?s={search_term_string}\"},\"query-input\":{\"@type\":\"PropertyValueSpecification\",\"valueRequired\":true,\"valueName\":\"search_term_string\"}}],\"inLanguage\":\"ru-RU\"},{\"@type\":\"Person\",\"@id\":\"https:\\\/\\\/gazeta.am\\\/#\\\/schema\\\/person\\\/987709955e760c9a1ebbb44776f8cccc\",\"name\":\"admin\",\"image\":{\"@type\":\"ImageObject\",\"inLanguage\":\"ru-RU\",\"@id\":\"https:\\\/\\\/secure.gravatar.com\\\/avatar\\\/a24f4ac3a683f3c87303db525abc00db51ea26ccedee11dfaf1cc0f9a481a5d2?s=96&d=mm&r=g\",\"url\":\"https:\\\/\\\/secure.gravatar.com\\\/avatar\\\/a24f4ac3a683f3c87303db525abc00db51ea26ccedee11dfaf1cc0f9a481a5d2?s=96&d=mm&r=g\",\"contentUrl\":\"https:\\\/\\\/secure.gravatar.com\\\/avatar\\\/a24f4ac3a683f3c87303db525abc00db51ea26ccedee11dfaf1cc0f9a481a5d2?s=96&d=mm&r=g\",\"caption\":\"admin\"},\"sameAs\":[\"http:\\\/\\\/gazeta.am\"],\"url\":\"https:\\\/\\\/gazeta.am\\\/?author=1\"}]}<\/script>\n<!-- \/ Yoast SEO plugin. -->","yoast_head_json":{"title":"Le m\u00e9decin a recul\u00e9 d\u2019un pas. -","robots":{"index":"index","follow":"follow","max-snippet":"max-snippet:-1","max-image-preview":"max-image-preview:large","max-video-preview":"max-video-preview:-1"},"canonical":"https:\/\/gazeta.am\/?p=1212","og_locale":"ru_RU","og_type":"article","og_title":"Le m\u00e9decin a recul\u00e9 d\u2019un pas. -","og_description":"Pas par peur. Mais parce que ce qu\u2019il voyait\u2026 ne correspondait \u00e0 rien de ce qu\u2019il avait appris. Une naissance qui d\u00e9fie les","og_url":"https:\/\/gazeta.am\/?p=1212","article_published_time":"2026-03-27T12:12:02+00:00","article_modified_time":"2026-03-27T12:12:04+00:00","og_image":[{"width":817,"height":896,"url":"https:\/\/gazeta.am\/wp-content\/uploads\/2026\/03\/1c-8.jpg","type":"image\/jpeg"}],"author":"admin","twitter_card":"summary_large_image","twitter_misc":{"\u041d\u0430\u043f\u0438\u0441\u0430\u043d\u043e \u0430\u0432\u0442\u043e\u0440\u043e\u043c":"admin","\u041f\u0440\u0438\u043c\u0435\u0440\u043d\u043e\u0435 \u0432\u0440\u0435\u043c\u044f \u0434\u043b\u044f \u0447\u0442\u0435\u043d\u0438\u044f":"5 \u043c\u0438\u043d\u0443\u0442"},"schema":{"@context":"https:\/\/schema.org","@graph":[{"@type":"Article","@id":"https:\/\/gazeta.am\/?p=1212#article","isPartOf":{"@id":"https:\/\/gazeta.am\/?p=1212"},"author":{"name":"admin","@id":"https:\/\/gazeta.am\/#\/schema\/person\/987709955e760c9a1ebbb44776f8cccc"},"headline":"Le m\u00e9decin a recul\u00e9 d\u2019un pas.","datePublished":"2026-03-27T12:12:02+00:00","dateModified":"2026-03-27T12:12:04+00:00","mainEntityOfPage":{"@id":"https:\/\/gazeta.am\/?p=1212"},"wordCount":959,"commentCount":0,"image":{"@id":"https:\/\/gazeta.am\/?p=1212#primaryimage"},"thumbnailUrl":"https:\/\/gazeta.am\/wp-content\/uploads\/2026\/03\/1c-8.jpg","articleSection":["NEWS"],"inLanguage":"ru-RU","potentialAction":[{"@type":"CommentAction","name":"Comment","target":["https:\/\/gazeta.am\/?p=1212#respond"]}]},{"@type":"WebPage","@id":"https:\/\/gazeta.am\/?p=1212","url":"https:\/\/gazeta.am\/?p=1212","name":"Le m\u00e9decin a recul\u00e9 d\u2019un pas. -","isPartOf":{"@id":"https:\/\/gazeta.am\/#website"},"primaryImageOfPage":{"@id":"https:\/\/gazeta.am\/?p=1212#primaryimage"},"image":{"@id":"https:\/\/gazeta.am\/?p=1212#primaryimage"},"thumbnailUrl":"https:\/\/gazeta.am\/wp-content\/uploads\/2026\/03\/1c-8.jpg","datePublished":"2026-03-27T12:12:02+00:00","dateModified":"2026-03-27T12:12:04+00:00","author":{"@id":"https:\/\/gazeta.am\/#\/schema\/person\/987709955e760c9a1ebbb44776f8cccc"},"breadcrumb":{"@id":"https:\/\/gazeta.am\/?p=1212#breadcrumb"},"inLanguage":"ru-RU","potentialAction":[{"@type":"ReadAction","target":["https:\/\/gazeta.am\/?p=1212"]}]},{"@type":"ImageObject","inLanguage":"ru-RU","@id":"https:\/\/gazeta.am\/?p=1212#primaryimage","url":"https:\/\/gazeta.am\/wp-content\/uploads\/2026\/03\/1c-8.jpg","contentUrl":"https:\/\/gazeta.am\/wp-content\/uploads\/2026\/03\/1c-8.jpg","width":817,"height":896},{"@type":"BreadcrumbList","@id":"https:\/\/gazeta.am\/?p=1212#breadcrumb","itemListElement":[{"@type":"ListItem","position":1,"name":"\u0413\u043b\u0430\u0432\u043d\u0430\u044f \u0441\u0442\u0440\u0430\u043d\u0438\u0446\u0430","item":"https:\/\/gazeta.am\/"},{"@type":"ListItem","position":2,"name":"Le m\u00e9decin a recul\u00e9 d\u2019un pas."}]},{"@type":"WebSite","@id":"https:\/\/gazeta.am\/#website","url":"https:\/\/gazeta.am\/","name":"","description":"","potentialAction":[{"@type":"SearchAction","target":{"@type":"EntryPoint","urlTemplate":"https:\/\/gazeta.am\/?s={search_term_string}"},"query-input":{"@type":"PropertyValueSpecification","valueRequired":true,"valueName":"search_term_string"}}],"inLanguage":"ru-RU"},{"@type":"Person","@id":"https:\/\/gazeta.am\/#\/schema\/person\/987709955e760c9a1ebbb44776f8cccc","name":"admin","image":{"@type":"ImageObject","inLanguage":"ru-RU","@id":"https:\/\/secure.gravatar.com\/avatar\/a24f4ac3a683f3c87303db525abc00db51ea26ccedee11dfaf1cc0f9a481a5d2?s=96&d=mm&r=g","url":"https:\/\/secure.gravatar.com\/avatar\/a24f4ac3a683f3c87303db525abc00db51ea26ccedee11dfaf1cc0f9a481a5d2?s=96&d=mm&r=g","contentUrl":"https:\/\/secure.gravatar.com\/avatar\/a24f4ac3a683f3c87303db525abc00db51ea26ccedee11dfaf1cc0f9a481a5d2?s=96&d=mm&r=g","caption":"admin"},"sameAs":["http:\/\/gazeta.am"],"url":"https:\/\/gazeta.am\/?author=1"}]}},"_links":{"self":[{"href":"https:\/\/gazeta.am\/index.php?rest_route=\/wp\/v2\/posts\/1212","targetHints":{"allow":["GET"]}}],"collection":[{"href":"https:\/\/gazeta.am\/index.php?rest_route=\/wp\/v2\/posts"}],"about":[{"href":"https:\/\/gazeta.am\/index.php?rest_route=\/wp\/v2\/types\/post"}],"author":[{"embeddable":true,"href":"https:\/\/gazeta.am\/index.php?rest_route=\/wp\/v2\/users\/1"}],"replies":[{"embeddable":true,"href":"https:\/\/gazeta.am\/index.php?rest_route=%2Fwp%2Fv2%2Fcomments&post=1212"}],"version-history":[{"count":1,"href":"https:\/\/gazeta.am\/index.php?rest_route=\/wp\/v2\/posts\/1212\/revisions"}],"predecessor-version":[{"id":1214,"href":"https:\/\/gazeta.am\/index.php?rest_route=\/wp\/v2\/posts\/1212\/revisions\/1214"}],"wp:featuredmedia":[{"embeddable":true,"href":"https:\/\/gazeta.am\/index.php?rest_route=\/wp\/v2\/media\/1213"}],"wp:attachment":[{"href":"https:\/\/gazeta.am\/index.php?rest_route=%2Fwp%2Fv2%2Fmedia&parent=1212"}],"wp:term":[{"taxonomy":"category","embeddable":true,"href":"https:\/\/gazeta.am\/index.php?rest_route=%2Fwp%2Fv2%2Fcategories&post=1212"},{"taxonomy":"post_tag","embeddable":true,"href":"https:\/\/gazeta.am\/index.php?rest_route=%2Fwp%2Fv2%2Ftags&post=1212"}],"curies":[{"name":"wp","href":"https:\/\/api.w.org\/{rel}","templated":true}]}}