{"id":1209,"date":"2026-03-27T14:25:25","date_gmt":"2026-03-27T11:25:25","guid":{"rendered":"https:\/\/gazeta.am\/?p=1209"},"modified":"2026-03-27T14:25:30","modified_gmt":"2026-03-27T11:25:30","slug":"pourquoi-gaspard-ulliel-ne-sest-il-jamais-marie-lhistoire-dune-vie","status":"publish","type":"post","link":"https:\/\/gazeta.am\/?p=1209","title":{"rendered":"Pourquoi Gaspard Ulliel ne s\u2019est-il jamais mari\u00e9 : l\u2019histoire d\u2019une vie"},"content":{"rendered":"\n<p>Gaspard Ulliel aurait pu f\u00eater son 39e anniversaire dans quelques jours cette ann\u00e9e. Pourtant, cela fait d\u00e9j\u00e0 pr\u00e8s de deux ans que le c\u00e9l\u00e8bre acteur fran\u00e7ais nous a quitt\u00e9s.<\/p>\n\n\n\n<p>Il est n\u00e9 le 25 novembre 1984 dans une banlieue de Paris. Son p\u00e8re \u00e9tait designer-styliste, tandis que sa m\u00e8re produisait des d\u00e9fil\u00e9s de mode. \u00c0 l\u2019origine, Gaspard r\u00eavait de devenir artiste peintre, mais la vie en a d\u00e9cid\u00e9 autrement.<\/p>\n\n\n\n<p>\u00c0 seulement 12 ans, le jeune Gaspard fait sa premi\u00e8re apparition \u00e0 l\u2019\u00e9cran dans \u00ab Une femme en blanc \u00bb. S\u2019ensuivent des r\u00f4les dans des s\u00e9ries et projets comme \u00ab Commissaire Navarro \u00bb et \u00ab Mission : Protection rapproch\u00e9e \u00bb. Tr\u00e8s vite, il envisage s\u00e9rieusement une formation d\u2019acteur et s\u2019inscrit \u00e0 l\u2019universit\u00e9 de Saint-Denis pour \u00e9tudier le cin\u00e9ma. Mais il s\u2019en d\u00e9tourne rapidement : l\u2019enseignement, trop th\u00e9orique \u00e0 son go\u00fbt, ne lui apporte pas l\u2019exp\u00e9rience pratique qu\u2019il recherche.<\/p>\n\n\n\n<figure class=\"wp-block-image size-large\"><img loading=\"lazy\" decoding=\"async\" width=\"1024\" height=\"533\" src=\"https:\/\/gazeta.am\/wp-content\/uploads\/2026\/03\/1j-1-1024x533.jpg\" alt=\"\" class=\"wp-image-1210\" srcset=\"https:\/\/gazeta.am\/wp-content\/uploads\/2026\/03\/1j-1-1024x533.jpg 1024w, https:\/\/gazeta.am\/wp-content\/uploads\/2026\/03\/1j-1-300x156.jpg 300w, https:\/\/gazeta.am\/wp-content\/uploads\/2026\/03\/1j-1-768x400.jpg 768w, https:\/\/gazeta.am\/wp-content\/uploads\/2026\/03\/1j-1.jpg 1086w\" sizes=\"auto, (max-width: 1024px) 100vw, 1024px\" \/><\/figure>\n\n\n\n<p>Il d\u00e9cide alors de quitter l\u2019universit\u00e9 pour se former sur le terrain. Parall\u00e8lement, il suit les cours du Cours Florent, o\u00f9 il est remarqu\u00e9 par le r\u00e9alisateur Andr\u00e9 T\u00e9chin\u00e9, qui lui offre un r\u00f4le dans le film \u00ab Les \u00c9gar\u00e9s \u00bb, aux c\u00f4t\u00e9s de Emmanuelle B\u00e9art.<\/p>\n\n\n\n<p>Le v\u00e9ritable tournant de sa carri\u00e8re arrive avec \u00ab Belph\u00e9gor, le fant\u00f4me du Louvre \u00bb, o\u00f9 il partage l\u2019affiche avec Sophie Marceau. Le succ\u00e8s se confirme ensuite avec \u00ab Le Pacte des loups \u00bb, aux c\u00f4t\u00e9s de Monica Bellucci et Vincent Cassel.<\/p>\n\n\n\n<p>En 2004, il acc\u00e8de \u00e0 une reconnaissance internationale en donnant la r\u00e9plique \u00e0 Audrey Tautou dans \u00ab Un long dimanche de fian\u00e7ailles \u00bb. Le film lui vaut un C\u00e9sar du cin\u00e9ma, qu\u2019il re\u00e7oit apr\u00e8s avoir pr\u00e9sent\u00e9 l\u2019\u0153uvre notamment \u00e0 Moscou lors d\u2019une semaine du cin\u00e9ma fran\u00e7ais.<\/p>\n\n\n\n<p>En 2006, il incarne un tueur dans \u00ab Hannibal Lecter : Les Origines du mal \u00bb. Malgr\u00e9 l\u2019ambition du projet, la critique se montre s\u00e9v\u00e8re, allant jusqu\u2019\u00e0 le nommer aux Razzie Awards. Il se rattrape cependant avec \u00ab Paris, je t\u2019aime \u00bb, o\u00f9 il brille dans l\u2019une des histoires du film.<\/p>\n\n\n\n<p>Son r\u00f4le le plus marquant reste sans doute celui d\u2019Yves Saint Laurent dans \u00ab Saint Laurent \u00bb (2014). Sa performance est largement salu\u00e9e par la critique. L\u2019acteur confie lui-m\u00eame qu\u2019il lui a \u00e9t\u00e9 facile d\u2019entrer dans la peau du c\u00e9l\u00e8bre couturier, ayant grandi dans l\u2019univers de la mode. Il a toutefois d\u00fb suivre un r\u00e9gime strict pour incarner le personnage.<\/p>\n\n\n\n<p>La m\u00eame ann\u00e9e, il est invit\u00e9 dans l\u2019\u00e9mission \u0412\u0435\u0447\u0435\u0440\u043d\u0438\u0439 \u0423\u0440\u0433\u0430\u043d\u0442, o\u00f9 il r\u00e9v\u00e8le son admiration pour Fiodor Dosto\u00efevski et Anton Tchekhov.<\/p>\n\n\n\n<p>Une vie personnelle entour\u00e9e de myst\u00e8re<\/p>\n\n\n\n<p>Sa vie priv\u00e9e, en revanche, a souvent suscit\u00e9 des interrogations. En raison de certains r\u00f4les, des rumeurs ont circul\u00e9 sur son orientation, mais elles \u00e9taient infond\u00e9es.<\/p>\n\n\n\n<p>Gaspard Ulliel a eu plusieurs relations, notamment avec Marion Cotillard et C\u00e9cile Cassel. Il aurait \u00e9galement \u00e9t\u00e9 li\u00e9 \u00e0 Kate Moss ainsi qu\u2019\u00e0 Charlotte Casiraghi.<\/p>\n\n\n\n<p>Mais le grand amour de sa vie reste Ga\u00eblle Pietri. En 2016, ils deviennent parents d\u2019un fils, Orso. Le couple envisageait de se marier, mais le destin en a d\u00e9cid\u00e9 autrement.<\/p>\n\n\n\n<p>La trag\u00e9die<\/p>\n\n\n\n<p>En hiver 2022, le drame survient.<\/p>\n\n\n\n<p>Gaspard Ulliel s\u00e9journe avec sa compagne et leur fils dans la station de ski de La Rosi\u00e8re. Ils partagent alors des moments heureux, notamment les progr\u00e8s de leur enfant en ski.<\/p>\n\n\n\n<p>Mais le 19 janvier, tout bascule.<\/p>\n\n\n\n<p>Selon l\u2019agence Agence France-Presse, l\u2019acteur, qui ne portait pas de casque, entre en collision avec un autre skieur.<\/p>\n\n\n\n<p>La chute est violente.<\/p>\n\n\n\n<p>Il subit un grave traumatisme cr\u00e2nien.<\/p>\n\n\n\n<p>Les secours le retrouvent inconscient. Il est transport\u00e9 en h\u00e9licopt\u00e8re \u00e0 l\u2019h\u00f4pital de Grenoble.<\/p>\n\n\n\n<p>Mais malgr\u00e9 les efforts des m\u00e9decins\u2026<\/p>\n\n\n\n<p>Ils ne parviennent pas \u00e0 le sauver.<\/p>\n\n\n\n<p>Quelques jours plus tard, Gaspard Ulliel est inhum\u00e9 au cimeti\u00e8re du P\u00e8re-Lachaise.<\/p>\n\n\n\n<p>Pourquoi ne s\u2019est-il jamais mari\u00e9 ?<\/p>\n\n\n\n<p>La question reste ouverte.<\/p>\n\n\n\n<p>Par manque de temps ?<br>Par choix personnel ?<br>Ou simplement parce que la vie ne lui en a pas laiss\u00e9 l\u2019occasion ?<\/p>\n\n\n\n<p>Ce qui est certain, c\u2019est qu\u2019il avait trouv\u00e9 l\u2019amour.<\/p>\n\n\n\n<p>Et parfois\u2026 cela suffit.<\/p>\n\n\n\n<p>Son histoire reste celle d\u2019un talent immense, d\u2019une sensibilit\u00e9 rare, et d\u2019une vie interrompue bien trop t\u00f4t.<\/p>\n\n\n\n<p>Et peut-\u00eatre que la v\u00e9ritable trag\u00e9die n\u2019est pas qu\u2019il ne se soit jamais mari\u00e9\u2026<\/p>\n\n\n\n<p>Mais qu\u2019il n\u2019ait pas eu le temps de vivre tout ce qui l\u2019attendait encore.<\/p>\n","protected":false},"excerpt":{"rendered":"Gaspard Ulliel aurait pu f\u00eater son 39e anniversaire dans quelques jours cette ann\u00e9e. Pourtant, cela fait d\u00e9j\u00e0 pr\u00e8s de deux ans que le \n<a class=\"moretag\" href=\"https:\/\/gazeta.am\/?p=1209\"> [...]<\/a>","protected":false},"author":1,"featured_media":1210,"comment_status":"open","ping_status":"open","sticky":false,"template":"","format":"standard","meta":{"footnotes":""},"categories":[1],"tags":[],"class_list":["post-1209","post","type-post","status-publish","format-standard","has-post-thumbnail","hentry","category-1"],"yoast_head":"<!-- This site is optimized with the Yoast SEO plugin v27.4 - https:\/\/yoast.com\/product\/yoast-seo-wordpress\/ -->\n<title>Pourquoi Gaspard Ulliel ne s\u2019est-il jamais mari\u00e9 : l\u2019histoire d\u2019une vie -<\/title>\n<meta name=\"robots\" content=\"index, follow, max-snippet:-1, max-image-preview:large, max-video-preview:-1\" \/>\n<link rel=\"canonical\" href=\"https:\/\/gazeta.am\/?p=1209\" \/>\n<meta property=\"og:locale\" content=\"ru_RU\" \/>\n<meta property=\"og:type\" content=\"article\" \/>\n<meta property=\"og:title\" content=\"Pourquoi Gaspard Ulliel ne s\u2019est-il jamais mari\u00e9 : l\u2019histoire d\u2019une vie -\" \/>\n<meta property=\"og:description\" content=\"Gaspard Ulliel aurait pu f\u00eater son 39e anniversaire dans quelques jours cette ann\u00e9e. Pourtant, cela fait d\u00e9j\u00e0 pr\u00e8s de deux ans que le\" \/>\n<meta property=\"og:url\" content=\"https:\/\/gazeta.am\/?p=1209\" \/>\n<meta property=\"article:published_time\" content=\"2026-03-27T11:25:25+00:00\" \/>\n<meta property=\"article:modified_time\" content=\"2026-03-27T11:25:30+00:00\" \/>\n<meta property=\"og:image\" content=\"https:\/\/gazeta.am\/wp-content\/uploads\/2026\/03\/1j-1.jpg\" \/>\n\t<meta property=\"og:image:width\" content=\"1086\" \/>\n\t<meta property=\"og:image:height\" content=\"565\" \/>\n\t<meta property=\"og:image:type\" content=\"image\/jpeg\" \/>\n<meta name=\"author\" content=\"admin\" \/>\n<meta name=\"twitter:card\" content=\"summary_large_image\" \/>\n<meta name=\"twitter:label1\" content=\"\u041d\u0430\u043f\u0438\u0441\u0430\u043d\u043e \u0430\u0432\u0442\u043e\u0440\u043e\u043c\" \/>\n\t<meta name=\"twitter:data1\" content=\"admin\" \/>\n\t<meta name=\"twitter:label2\" content=\"\u041f\u0440\u0438\u043c\u0435\u0440\u043d\u043e\u0435 \u0432\u0440\u0435\u043c\u044f \u0434\u043b\u044f \u0447\u0442\u0435\u043d\u0438\u044f\" \/>\n\t<meta name=\"twitter:data2\" content=\"5 \u043c\u0438\u043d\u0443\u0442\" \/>\n<script type=\"application\/ld+json\" class=\"yoast-schema-graph\">{\"@context\":\"https:\\\/\\\/schema.org\",\"@graph\":[{\"@type\":\"Article\",\"@id\":\"https:\\\/\\\/gazeta.am\\\/?p=1209#article\",\"isPartOf\":{\"@id\":\"https:\\\/\\\/gazeta.am\\\/?p=1209\"},\"author\":{\"name\":\"admin\",\"@id\":\"https:\\\/\\\/gazeta.am\\\/#\\\/schema\\\/person\\\/987709955e760c9a1ebbb44776f8cccc\"},\"headline\":\"Pourquoi Gaspard Ulliel ne s\u2019est-il jamais mari\u00e9 : l\u2019histoire d\u2019une vie\",\"datePublished\":\"2026-03-27T11:25:25+00:00\",\"dateModified\":\"2026-03-27T11:25:30+00:00\",\"mainEntityOfPage\":{\"@id\":\"https:\\\/\\\/gazeta.am\\\/?p=1209\"},\"wordCount\":798,\"commentCount\":0,\"image\":{\"@id\":\"https:\\\/\\\/gazeta.am\\\/?p=1209#primaryimage\"},\"thumbnailUrl\":\"https:\\\/\\\/gazeta.am\\\/wp-content\\\/uploads\\\/2026\\\/03\\\/1j-1.jpg\",\"articleSection\":[\"NEWS\"],\"inLanguage\":\"ru-RU\",\"potentialAction\":[{\"@type\":\"CommentAction\",\"name\":\"Comment\",\"target\":[\"https:\\\/\\\/gazeta.am\\\/?p=1209#respond\"]}]},{\"@type\":\"WebPage\",\"@id\":\"https:\\\/\\\/gazeta.am\\\/?p=1209\",\"url\":\"https:\\\/\\\/gazeta.am\\\/?p=1209\",\"name\":\"Pourquoi Gaspard Ulliel ne s\u2019est-il jamais mari\u00e9 : l\u2019histoire d\u2019une vie -\",\"isPartOf\":{\"@id\":\"https:\\\/\\\/gazeta.am\\\/#website\"},\"primaryImageOfPage\":{\"@id\":\"https:\\\/\\\/gazeta.am\\\/?p=1209#primaryimage\"},\"image\":{\"@id\":\"https:\\\/\\\/gazeta.am\\\/?p=1209#primaryimage\"},\"thumbnailUrl\":\"https:\\\/\\\/gazeta.am\\\/wp-content\\\/uploads\\\/2026\\\/03\\\/1j-1.jpg\",\"datePublished\":\"2026-03-27T11:25:25+00:00\",\"dateModified\":\"2026-03-27T11:25:30+00:00\",\"author\":{\"@id\":\"https:\\\/\\\/gazeta.am\\\/#\\\/schema\\\/person\\\/987709955e760c9a1ebbb44776f8cccc\"},\"breadcrumb\":{\"@id\":\"https:\\\/\\\/gazeta.am\\\/?p=1209#breadcrumb\"},\"inLanguage\":\"ru-RU\",\"potentialAction\":[{\"@type\":\"ReadAction\",\"target\":[\"https:\\\/\\\/gazeta.am\\\/?p=1209\"]}]},{\"@type\":\"ImageObject\",\"inLanguage\":\"ru-RU\",\"@id\":\"https:\\\/\\\/gazeta.am\\\/?p=1209#primaryimage\",\"url\":\"https:\\\/\\\/gazeta.am\\\/wp-content\\\/uploads\\\/2026\\\/03\\\/1j-1.jpg\",\"contentUrl\":\"https:\\\/\\\/gazeta.am\\\/wp-content\\\/uploads\\\/2026\\\/03\\\/1j-1.jpg\",\"width\":1086,\"height\":565},{\"@type\":\"BreadcrumbList\",\"@id\":\"https:\\\/\\\/gazeta.am\\\/?p=1209#breadcrumb\",\"itemListElement\":[{\"@type\":\"ListItem\",\"position\":1,\"name\":\"\u0413\u043b\u0430\u0432\u043d\u0430\u044f \u0441\u0442\u0440\u0430\u043d\u0438\u0446\u0430\",\"item\":\"https:\\\/\\\/gazeta.am\\\/\"},{\"@type\":\"ListItem\",\"position\":2,\"name\":\"Pourquoi Gaspard Ulliel ne s\u2019est-il jamais mari\u00e9 : l\u2019histoire d\u2019une vie\"}]},{\"@type\":\"WebSite\",\"@id\":\"https:\\\/\\\/gazeta.am\\\/#website\",\"url\":\"https:\\\/\\\/gazeta.am\\\/\",\"name\":\"\",\"description\":\"\",\"potentialAction\":[{\"@type\":\"SearchAction\",\"target\":{\"@type\":\"EntryPoint\",\"urlTemplate\":\"https:\\\/\\\/gazeta.am\\\/?s={search_term_string}\"},\"query-input\":{\"@type\":\"PropertyValueSpecification\",\"valueRequired\":true,\"valueName\":\"search_term_string\"}}],\"inLanguage\":\"ru-RU\"},{\"@type\":\"Person\",\"@id\":\"https:\\\/\\\/gazeta.am\\\/#\\\/schema\\\/person\\\/987709955e760c9a1ebbb44776f8cccc\",\"name\":\"admin\",\"image\":{\"@type\":\"ImageObject\",\"inLanguage\":\"ru-RU\",\"@id\":\"https:\\\/\\\/secure.gravatar.com\\\/avatar\\\/a24f4ac3a683f3c87303db525abc00db51ea26ccedee11dfaf1cc0f9a481a5d2?s=96&d=mm&r=g\",\"url\":\"https:\\\/\\\/secure.gravatar.com\\\/avatar\\\/a24f4ac3a683f3c87303db525abc00db51ea26ccedee11dfaf1cc0f9a481a5d2?s=96&d=mm&r=g\",\"contentUrl\":\"https:\\\/\\\/secure.gravatar.com\\\/avatar\\\/a24f4ac3a683f3c87303db525abc00db51ea26ccedee11dfaf1cc0f9a481a5d2?s=96&d=mm&r=g\",\"caption\":\"admin\"},\"sameAs\":[\"http:\\\/\\\/gazeta.am\"],\"url\":\"https:\\\/\\\/gazeta.am\\\/?author=1\"}]}<\/script>\n<!-- \/ Yoast SEO plugin. -->","yoast_head_json":{"title":"Pourquoi Gaspard Ulliel ne s\u2019est-il jamais mari\u00e9 : l\u2019histoire d\u2019une vie -","robots":{"index":"index","follow":"follow","max-snippet":"max-snippet:-1","max-image-preview":"max-image-preview:large","max-video-preview":"max-video-preview:-1"},"canonical":"https:\/\/gazeta.am\/?p=1209","og_locale":"ru_RU","og_type":"article","og_title":"Pourquoi Gaspard Ulliel ne s\u2019est-il jamais mari\u00e9 : l\u2019histoire d\u2019une vie -","og_description":"Gaspard Ulliel aurait pu f\u00eater son 39e anniversaire dans quelques jours cette ann\u00e9e. Pourtant, cela fait d\u00e9j\u00e0 pr\u00e8s de deux ans que le","og_url":"https:\/\/gazeta.am\/?p=1209","article_published_time":"2026-03-27T11:25:25+00:00","article_modified_time":"2026-03-27T11:25:30+00:00","og_image":[{"width":1086,"height":565,"url":"https:\/\/gazeta.am\/wp-content\/uploads\/2026\/03\/1j-1.jpg","type":"image\/jpeg"}],"author":"admin","twitter_card":"summary_large_image","twitter_misc":{"\u041d\u0430\u043f\u0438\u0441\u0430\u043d\u043e \u0430\u0432\u0442\u043e\u0440\u043e\u043c":"admin","\u041f\u0440\u0438\u043c\u0435\u0440\u043d\u043e\u0435 \u0432\u0440\u0435\u043c\u044f \u0434\u043b\u044f \u0447\u0442\u0435\u043d\u0438\u044f":"5 \u043c\u0438\u043d\u0443\u0442"},"schema":{"@context":"https:\/\/schema.org","@graph":[{"@type":"Article","@id":"https:\/\/gazeta.am\/?p=1209#article","isPartOf":{"@id":"https:\/\/gazeta.am\/?p=1209"},"author":{"name":"admin","@id":"https:\/\/gazeta.am\/#\/schema\/person\/987709955e760c9a1ebbb44776f8cccc"},"headline":"Pourquoi Gaspard Ulliel ne s\u2019est-il jamais mari\u00e9 : l\u2019histoire d\u2019une vie","datePublished":"2026-03-27T11:25:25+00:00","dateModified":"2026-03-27T11:25:30+00:00","mainEntityOfPage":{"@id":"https:\/\/gazeta.am\/?p=1209"},"wordCount":798,"commentCount":0,"image":{"@id":"https:\/\/gazeta.am\/?p=1209#primaryimage"},"thumbnailUrl":"https:\/\/gazeta.am\/wp-content\/uploads\/2026\/03\/1j-1.jpg","articleSection":["NEWS"],"inLanguage":"ru-RU","potentialAction":[{"@type":"CommentAction","name":"Comment","target":["https:\/\/gazeta.am\/?p=1209#respond"]}]},{"@type":"WebPage","@id":"https:\/\/gazeta.am\/?p=1209","url":"https:\/\/gazeta.am\/?p=1209","name":"Pourquoi Gaspard Ulliel ne s\u2019est-il jamais mari\u00e9 : l\u2019histoire d\u2019une vie -","isPartOf":{"@id":"https:\/\/gazeta.am\/#website"},"primaryImageOfPage":{"@id":"https:\/\/gazeta.am\/?p=1209#primaryimage"},"image":{"@id":"https:\/\/gazeta.am\/?p=1209#primaryimage"},"thumbnailUrl":"https:\/\/gazeta.am\/wp-content\/uploads\/2026\/03\/1j-1.jpg","datePublished":"2026-03-27T11:25:25+00:00","dateModified":"2026-03-27T11:25:30+00:00","author":{"@id":"https:\/\/gazeta.am\/#\/schema\/person\/987709955e760c9a1ebbb44776f8cccc"},"breadcrumb":{"@id":"https:\/\/gazeta.am\/?p=1209#breadcrumb"},"inLanguage":"ru-RU","potentialAction":[{"@type":"ReadAction","target":["https:\/\/gazeta.am\/?p=1209"]}]},{"@type":"ImageObject","inLanguage":"ru-RU","@id":"https:\/\/gazeta.am\/?p=1209#primaryimage","url":"https:\/\/gazeta.am\/wp-content\/uploads\/2026\/03\/1j-1.jpg","contentUrl":"https:\/\/gazeta.am\/wp-content\/uploads\/2026\/03\/1j-1.jpg","width":1086,"height":565},{"@type":"BreadcrumbList","@id":"https:\/\/gazeta.am\/?p=1209#breadcrumb","itemListElement":[{"@type":"ListItem","position":1,"name":"\u0413\u043b\u0430\u0432\u043d\u0430\u044f \u0441\u0442\u0440\u0430\u043d\u0438\u0446\u0430","item":"https:\/\/gazeta.am\/"},{"@type":"ListItem","position":2,"name":"Pourquoi Gaspard Ulliel ne s\u2019est-il jamais mari\u00e9 : l\u2019histoire d\u2019une vie"}]},{"@type":"WebSite","@id":"https:\/\/gazeta.am\/#website","url":"https:\/\/gazeta.am\/","name":"","description":"","potentialAction":[{"@type":"SearchAction","target":{"@type":"EntryPoint","urlTemplate":"https:\/\/gazeta.am\/?s={search_term_string}"},"query-input":{"@type":"PropertyValueSpecification","valueRequired":true,"valueName":"search_term_string"}}],"inLanguage":"ru-RU"},{"@type":"Person","@id":"https:\/\/gazeta.am\/#\/schema\/person\/987709955e760c9a1ebbb44776f8cccc","name":"admin","image":{"@type":"ImageObject","inLanguage":"ru-RU","@id":"https:\/\/secure.gravatar.com\/avatar\/a24f4ac3a683f3c87303db525abc00db51ea26ccedee11dfaf1cc0f9a481a5d2?s=96&d=mm&r=g","url":"https:\/\/secure.gravatar.com\/avatar\/a24f4ac3a683f3c87303db525abc00db51ea26ccedee11dfaf1cc0f9a481a5d2?s=96&d=mm&r=g","contentUrl":"https:\/\/secure.gravatar.com\/avatar\/a24f4ac3a683f3c87303db525abc00db51ea26ccedee11dfaf1cc0f9a481a5d2?s=96&d=mm&r=g","caption":"admin"},"sameAs":["http:\/\/gazeta.am"],"url":"https:\/\/gazeta.am\/?author=1"}]}},"_links":{"self":[{"href":"https:\/\/gazeta.am\/index.php?rest_route=\/wp\/v2\/posts\/1209","targetHints":{"allow":["GET"]}}],"collection":[{"href":"https:\/\/gazeta.am\/index.php?rest_route=\/wp\/v2\/posts"}],"about":[{"href":"https:\/\/gazeta.am\/index.php?rest_route=\/wp\/v2\/types\/post"}],"author":[{"embeddable":true,"href":"https:\/\/gazeta.am\/index.php?rest_route=\/wp\/v2\/users\/1"}],"replies":[{"embeddable":true,"href":"https:\/\/gazeta.am\/index.php?rest_route=%2Fwp%2Fv2%2Fcomments&post=1209"}],"version-history":[{"count":1,"href":"https:\/\/gazeta.am\/index.php?rest_route=\/wp\/v2\/posts\/1209\/revisions"}],"predecessor-version":[{"id":1211,"href":"https:\/\/gazeta.am\/index.php?rest_route=\/wp\/v2\/posts\/1209\/revisions\/1211"}],"wp:featuredmedia":[{"embeddable":true,"href":"https:\/\/gazeta.am\/index.php?rest_route=\/wp\/v2\/media\/1210"}],"wp:attachment":[{"href":"https:\/\/gazeta.am\/index.php?rest_route=%2Fwp%2Fv2%2Fmedia&parent=1209"}],"wp:term":[{"taxonomy":"category","embeddable":true,"href":"https:\/\/gazeta.am\/index.php?rest_route=%2Fwp%2Fv2%2Fcategories&post=1209"},{"taxonomy":"post_tag","embeddable":true,"href":"https:\/\/gazeta.am\/index.php?rest_route=%2Fwp%2Fv2%2Ftags&post=1209"}],"curies":[{"name":"wp","href":"https:\/\/api.w.org\/{rel}","templated":true}]}}