{"id":1203,"date":"2026-03-27T13:11:58","date_gmt":"2026-03-27T10:11:58","guid":{"rendered":"https:\/\/gazeta.am\/?p=1203"},"modified":"2026-03-27T13:11:59","modified_gmt":"2026-03-27T10:11:59","slug":"il-pensait-connaitre-la-fatigue-il-pensait-comprendre-ce-que-signifiait-manquer-de-temps","status":"publish","type":"post","link":"https:\/\/gazeta.am\/?p=1203","title":{"rendered":"Il pensait conna\u00eetre la fatigue.Il pensait comprendre ce que signifiait \u00ab manquer de temps \u00bb."},"content":{"rendered":"\n<p>Il avait tort.<\/p>\n\n\n\n<p>Le moment o\u00f9 tout bascule<\/p>\n\n\n\n<p>Olivia a h\u00e9sit\u00e9.<\/p>\n\n\n\n<p>Ses l\u00e8vres tremblaient.<br>Ses yeux, rougis par le froid et le manque de sommeil, cherchaient une issue. Une mani\u00e8re d\u2019expliquer l\u2019inexplicable sans s\u2019effondrer compl\u00e8tement.<\/p>\n\n\n\n<p>Puis elle a parl\u00e9.<\/p>\n\n\n\n<p>Et en quelques mots\u2026 tout s\u2019est \u00e9croul\u00e9.<\/p>\n\n\n\n<p>\u2014 De nulle part, monsieur\u2026 je n\u2019ai plus de maison.<\/p>\n\n\n\n<p>Le silence est tomb\u00e9 brutalement.<br>Pas un silence paisible.<br>Un silence lourd. \u00c9crasant.<\/p>\n\n\n\n<p>Comme si m\u00eame l\u2019air refusait de circuler.<\/p>\n\n\n\n<p>Caleb n\u2019a pas compris imm\u00e9diatement. Son esprit, habitu\u00e9 aux chiffres, aux contrats, aux d\u00e9cisions rapides, refusait d\u2019assembler les pi\u00e8ces de cette r\u00e9alit\u00e9 trop brutale.<\/p>\n\n\n\n<p>\u2014 Comment \u00e7a\u2026 plus de maison ?<\/p>\n\n\n\n<p>Olivia a serr\u00e9 un peu plus les b\u00e9b\u00e9s contre elle. Comme si ces mots pouvaient les lui enlever.<\/p>\n\n\n\n<p>\u2014 Ils nous ont expuls\u00e9s\u2026 il y a trois jours.<\/p>\n\n\n\n<p>Trois jours.<\/p>\n\n\n\n<p>Trois nuits dehors.<\/p>\n\n\n\n<p>Trois nuits \u00e0 essayer de survivre.<\/p>\n\n\n\n<p>L\u2019invisible devient impossible \u00e0 ignorer<\/p>\n\n\n\n<p>Pendant des ann\u00e9es, Olivia avait \u00e9t\u00e9 l\u00e0.<\/p>\n\n\n\n<p>Toujours.<\/p>\n\n\n\n<p>Discr\u00e8te.<br>Efficace.<br>Silencieuse.<\/p>\n\n\n\n<p>Elle arrivait avant tout le monde.<br>Partait apr\u00e8s tout le monde.<br>Ne demandait jamais rien.<\/p>\n\n\n\n<p>Et lui ?<\/p>\n\n\n\n<p>Il ne savait m\u00eame pas qu\u2019elle avait des enfants.<\/p>\n\n\n\n<p>Trois enfants.<\/p>\n\n\n\n<p>Trois vies enti\u00e8res qu\u2019il n\u2019avait jamais vues\u2026 alors qu\u2019elles existaient \u00e0 quelques m\u00e8tres de lui, chaque semaine.<\/p>\n\n\n\n<p>Cette pens\u00e9e lui a serr\u00e9 la poitrine plus fort que n\u2019importe quelle n\u00e9gociation rat\u00e9e.<\/p>\n\n\n\n<p>Le froid, la faim, et l\u2019urgence<\/p>\n\n\n\n<p>Le vent s\u2019est lev\u00e9 l\u00e9g\u00e8rement.<\/p>\n\n\n\n<p>Un des b\u00e9b\u00e9s a commenc\u00e9 \u00e0 pleurer, faiblement. Pas un cri fort, non. Un son fragile. Fatigu\u00e9.<\/p>\n\n\n\n<p>Celui qui respirait difficilement.<\/p>\n\n\n\n<p>George s\u2019est pench\u00e9, inquiet.<\/p>\n\n\n\n<p>\u2014 Caleb, regarde-le\u2026<\/p>\n\n\n\n<p>Mais Caleb regardait d\u00e9j\u00e0.<\/p>\n\n\n\n<p>Chaque d\u00e9tail s\u2019imprimait en lui avec une pr\u00e9cision douloureuse :<\/p>\n\n\n\n<p>Les couvertures trop fines.<br>Les mains minuscules, glac\u00e9es.<br>Le sac presque vide.<br>Et ce regard\u2026 celui d\u2019une m\u00e8re qui lutte contre quelque chose de trop grand pour elle.<\/p>\n\n\n\n<p>\u2014 Pourquoi tu n\u2019as rien dit ? a-t-il murmur\u00e9.<\/p>\n\n\n\n<p>Olivia a baiss\u00e9 les yeux.<\/p>\n\n\n\n<p>\u2014 Parce que personne ne demande.<\/p>\n\n\n\n<p>La phrase qui brise tout<\/p>\n\n\n\n<p>Ces mots.<\/p>\n\n\n\n<p>Simples.<br>Calmes.<br>D\u00e9vastateurs.<\/p>\n\n\n\n<p>Personne ne demande.<\/p>\n\n\n\n<p>Caleb a recul\u00e9 d\u2019un pas, comme frapp\u00e9 physiquement.<\/p>\n\n\n\n<p>Dans son monde, tout reposait sur des questions, des analyses, des discussions. On demandait, on n\u00e9gociait, on d\u00e9cidait.<\/p>\n\n\n\n<p>Mais ici ?<\/p>\n\n\n\n<p>Personne ne demandait.<\/p>\n\n\n\n<p>Parce que personne ne regardait vraiment.<\/p>\n\n\n\n<p>Une d\u00e9cision irr\u00e9versible<\/p>\n\n\n\n<p>George a pos\u00e9 une main sur l\u2019\u00e9paule de son fils.<\/p>\n\n\n\n<p>Un geste simple.<br>Mais charg\u00e9 de sens.<\/p>\n\n\n\n<p>\u2014 Tu ne peux pas partir comme si tu n\u2019avais rien vu.<\/p>\n\n\n\n<p>Caleb le savait.<\/p>\n\n\n\n<p>Il le savait d\u00e9j\u00e0.<\/p>\n\n\n\n<p>Depuis le moment o\u00f9 il avait reconnu Olivia sur ce banc.<\/p>\n\n\n\n<p>Depuis ce moment pr\u00e9cis o\u00f9 elle n\u2019\u00e9tait plus invisible.<\/p>\n\n\n\n<p>Il s\u2019est accroupi lentement.<\/p>\n\n\n\n<p>\u00c0 leur niveau.<\/p>\n\n\n\n<p>Pour la premi\u00e8re fois.<\/p>\n\n\n\n<p>\u2014 Tu viens avec nous.<\/p>\n\n\n\n<p>Olivia a lev\u00e9 brusquement la t\u00eate.<\/p>\n\n\n\n<p>\u2014 Non\u2026 je\u2026 je ne peux pas\u2026<\/p>\n\n\n\n<p>\u2014 Ce n\u2019est pas une question, a-t-il r\u00e9pondu doucement.<\/p>\n\n\n\n<p><\/p>\n\n\n\n<p>La peur de l\u2019aide<\/p>\n\n\n\n<p>Elle a recul\u00e9 l\u00e9g\u00e8rement.<\/p>\n\n\n\n<p>Pas par refus.<br>Par peur.<\/p>\n\n\n\n<p>\u2014 Je ne veux pas de probl\u00e8mes\u2026 je reviendrai travailler demain, je vous promets\u2026<\/p>\n\n\n\n<p>Ces mots ont bris\u00e9 quelque chose en Caleb.<\/p>\n\n\n\n<p>M\u00eame dans cette situation.<\/p>\n\n\n\n<p>M\u00eame apr\u00e8s trois nuits dehors.<\/p>\n\n\n\n<p>Elle pensait encore \u00e0 son travail.<\/p>\n\n\n\n<p>\u00c0 lui.<\/p>\n\n\n\n<p>Pas \u00e0 elle.<\/p>\n\n\n\n<p>Pas \u00e0 ses enfants.<\/p>\n\n\n\n<p>La v\u00e9rit\u00e9 derri\u00e8re le silence<\/p>\n\n\n\n<p>\u2014 Olivia\u2026 regarde-moi.<\/p>\n\n\n\n<p>Elle a h\u00e9sit\u00e9, puis a lev\u00e9 les yeux.<\/p>\n\n\n\n<p>\u2014 Tu ne me dois rien. Tu comprends ? Rien.<\/p>\n\n\n\n<p>Une larme a coul\u00e9 sur sa joue.<\/p>\n\n\n\n<p>Peut-\u00eatre la premi\u00e8re depuis des jours.<\/p>\n\n\n\n<p>\u2014 J\u2019ai essay\u00e9\u2026 j\u2019ai vraiment essay\u00e9\u2026 mais le loyer\u2026 l\u2019h\u00f4pital\u2026 leur p\u00e8re est parti\u2026<\/p>\n\n\n\n<p>Sa voix s\u2019est cass\u00e9e.<\/p>\n\n\n\n<p>Et cette fois, elle n\u2019a pas pu continuer.<\/p>\n\n\n\n<p>L\u2019homme qui change<\/p>\n\n\n\n<p>Quelque chose en Caleb s\u2019est fissur\u00e9 d\u00e9finitivement.<\/p>\n\n\n\n<p>Pas une \u00e9motion passag\u00e8re.<br>Pas une simple compassion.<\/p>\n\n\n\n<p>Non.<\/p>\n\n\n\n<p>Un basculement.<\/p>\n\n\n\n<p>Il s\u2019est lev\u00e9, a retir\u00e9 son manteau sans r\u00e9fl\u00e9chir, et l\u2019a pos\u00e9 sur les b\u00e9b\u00e9s.<\/p>\n\n\n\n<p>Puis il a sorti son t\u00e9l\u00e9phone.<\/p>\n\n\n\n<p>Mais pour la premi\u00e8re fois depuis des ann\u00e9es\u2026<\/p>\n\n\n\n<p>Ce n\u2019\u00e9tait pas pour un appel d\u2019affaires.<\/p>\n\n\n\n<p>\u2014 Annule tout, a-t-il dit.<\/p>\n\n\n\n<p>Sa voix \u00e9tait calme. Ferme.<\/p>\n\n\n\n<p>\u2014 Tout, monsieur ?<\/p>\n\n\n\n<p>\u2014 Tout.<\/p>\n\n\n\n<p>Le trajet qui ne sera jamais oubli\u00e9<\/p>\n\n\n\n<p>Ils sont mont\u00e9s dans la voiture.<\/p>\n\n\n\n<p>Olivia tenait les b\u00e9b\u00e9s contre elle, encore m\u00e9fiante, encore tendue.<\/p>\n\n\n\n<p>George, silencieux, regardait son fils.<\/p>\n\n\n\n<p>Il avait attendu ce moment.<\/p>\n\n\n\n<p>Pas cette situation.<\/p>\n\n\n\n<p>Mais ce r\u00e9veil.<\/p>\n\n\n\n<p>La voiture roulait lentement.<\/p>\n\n\n\n<p>Et pour la premi\u00e8re fois depuis longtemps\u2026<\/p>\n\n\n\n<p>Caleb ne pensait pas au prochain rendez-vous.<\/p>\n\n\n\n<p>Il pensait \u00e0 ce qu\u2019il n\u2019avait jamais vu.<\/p>\n\n\n\n<p>Une maison, mais pas encore un refuge<\/p>\n\n\n\n<p>Quand ils sont arriv\u00e9s, Olivia n\u2019osait pas entrer.<\/p>\n\n\n\n<p>\u2014 Je vais salir\u2026<\/p>\n\n\n\n<p>\u2014 Arr\u00eate, a coup\u00e9 Caleb doucement.<\/p>\n\n\n\n<p>Il a ouvert la porte.<\/p>\n\n\n\n<p>\u2014 C\u2019est une maison. Pas un mus\u00e9e.<\/p>\n\n\n\n<p>Mais pour elle\u2026<\/p>\n\n\n\n<p>C\u2019\u00e9tait plus que \u00e7a.<\/p>\n\n\n\n<p>C\u2019\u00e9tait un autre monde.<\/p>\n\n\n\n<p>Le choc des contrastes<\/p>\n\n\n\n<p>Chaleur.<\/p>\n\n\n\n<p>Lumi\u00e8re.<\/p>\n\n\n\n<p>Silence.<\/p>\n\n\n\n<p>Tout ce qui leur avait manqu\u00e9.<\/p>\n\n\n\n<p>Un des b\u00e9b\u00e9s s\u2019est imm\u00e9diatement endormi.<\/p>\n\n\n\n<p>L\u2019autre a cess\u00e9 de trembler.<\/p>\n\n\n\n<p>Le troisi\u00e8me\u2026 celui qui respirait mal\u2026 a laiss\u00e9 \u00e9chapper un petit souffle plus r\u00e9gulier.<\/p>\n\n\n\n<p>Olivia a craqu\u00e9.<\/p>\n\n\n\n<p>Compl\u00e8tement.<\/p>\n\n\n\n<p>Ce que l\u2019argent ne peut pas acheter<\/p>\n\n\n\n<p>Caleb est rest\u00e9 immobile.<\/p>\n\n\n\n<p>Il avait construit un empire.<\/p>\n\n\n\n<p>Gagn\u00e9 des millions.<\/p>\n\n\n\n<p>Pris des d\u00e9cisions complexes.<\/p>\n\n\n\n<p>Mais rien\u2026 absolument rien ne l\u2019avait pr\u00e9par\u00e9 \u00e0 ce moment.<\/p>\n\n\n\n<p>\u00c0 cette r\u00e9alit\u00e9.<\/p>\n\n\n\n<p>\u00c0 cette \u00e9vidence brutale :<\/p>\n\n\n\n<p>On peut tout avoir\u2026<br>et ne rien voir.<\/p>\n\n\n\n<p>Une nuit qui change tout<\/p>\n\n\n\n<p>Cette nuit-l\u00e0, personne n\u2019a vraiment dormi.<\/p>\n\n\n\n<p>Pas \u00e0 cause du bruit.<\/p>\n\n\n\n<p>Mais \u00e0 cause des pens\u00e9es.<\/p>\n\n\n\n<p>George, dans sa chambre, fixait le plafond.<\/p>\n\n\n\n<p>Caleb, dans son bureau, regardait ses mains.<\/p>\n\n\n\n<p>Et Olivia\u2026<\/p>\n\n\n\n<p>Elle regardait ses enfants respirer.<\/p>\n\n\n\n<p>Enfin.<\/p>\n\n\n\n<p>Le lendemain n\u2019existe plus comme avant<\/p>\n\n\n\n<p>Le matin est arriv\u00e9.<\/p>\n\n\n\n<p>Mais ce n\u2019\u00e9tait pas un matin ordinaire.<\/p>\n\n\n\n<p>Quelque chose avait chang\u00e9.<\/p>\n\n\n\n<p>D\u00e9finitivement.<\/p>\n\n\n\n<p>Caleb n\u2019a pas mis son costume habituel.<\/p>\n\n\n\n<p>Il n\u2019a pas ouvert ses emails.<\/p>\n\n\n\n<p>Il n\u2019a pas regard\u00e9 son agenda.<\/p>\n\n\n\n<p>\u00c0 la place\u2026<\/p>\n\n\n\n<p>Il est all\u00e9 dans la cuisine.<\/p>\n\n\n\n<p>Et il a pr\u00e9par\u00e9 du caf\u00e9.<\/p>\n\n\n\n<p>Lentement.<\/p>\n\n\n\n<p>Comme si le temps, pour une fois, lui appartenait.<\/p>\n\n\n\n<p>Une promesse silencieuse<\/p>\n\n\n\n<p>Quand Olivia est entr\u00e9e, h\u00e9sitante, il lui a tendu une tasse.<\/p>\n\n\n\n<p>\u2014 On va r\u00e9gler \u00e7a.<\/p>\n\n\n\n<p>Elle a secou\u00e9 la t\u00eate, encore incr\u00e9dule.<\/p>\n\n\n\n<p>\u2014 Pourquoi vous faites \u00e7a\u2026 pour moi ?<\/p>\n\n\n\n<p>Il a marqu\u00e9 une pause.<\/p>\n\n\n\n<p>Longue.<\/p>\n\n\n\n<p>Puis il a r\u00e9pondu :<\/p>\n\n\n\n<p>\u2014 Parce que je ne l\u2019ai jamais fait avant.<\/p>\n\n\n\n<p>Et ce n\u2019est que le d\u00e9but\u2026<\/p>\n\n\n\n<p>Ce jour-l\u00e0 n\u2019\u00e9tait pas la fin d\u2019une histoire.<\/p>\n\n\n\n<p>C\u2019\u00e9tait le d\u00e9but.<\/p>\n\n\n\n<p>Le d\u00e9but d\u2019une v\u00e9rit\u00e9 inconfortable.<br>Le d\u00e9but d\u2019un changement r\u00e9el.<br>Le d\u00e9but d\u2019une responsabilit\u00e9 qu\u2019il ne pourrait plus ignorer.<\/p>\n\n\n\n<p>Parce qu\u2019une fois qu\u2019on voit\u2026<\/p>\n\n\n\n<p>On ne peut plus pr\u00e9tendre ne pas savoir.<\/p>\n\n\n\n<p>Et Caleb venait enfin d\u2019ouvrir les yeux.<\/p>\n\n\n\n<p>Mais ce qu\u2019il allait d\u00e9couvrir ensuite\u2026<\/p>\n\n\n\n<p>Allait le bouleverser encore plus profond\u00e9ment.<\/p>\n\n\n\n<p>Car Olivia ne lui avait pas encore tout dit.<\/p>\n\n\n\n<p>Et certaines v\u00e9rit\u00e9s\u2026<\/p>\n\n\n\n<p>Ne laissent aucune chance de revenir en arri\u00e8re.<\/p>\n\n\n\n<figure class=\"wp-block-image size-full\"><img loading=\"lazy\" decoding=\"async\" width=\"347\" height=\"567\" src=\"https:\/\/gazeta.am\/wp-content\/uploads\/2026\/03\/1f-5.jpg\" alt=\"\" class=\"wp-image-1204\" srcset=\"https:\/\/gazeta.am\/wp-content\/uploads\/2026\/03\/1f-5.jpg 347w, https:\/\/gazeta.am\/wp-content\/uploads\/2026\/03\/1f-5-184x300.jpg 184w\" sizes=\"auto, (max-width: 347px) 100vw, 347px\" \/><\/figure>\n","protected":false},"excerpt":{"rendered":"Il avait tort. Le moment o\u00f9 tout bascule Olivia a h\u00e9sit\u00e9. Ses l\u00e8vres tremblaient.Ses yeux, rougis par le froid et le manque de \n<a class=\"moretag\" href=\"https:\/\/gazeta.am\/?p=1203\"> [...]<\/a>","protected":false},"author":1,"featured_media":1204,"comment_status":"open","ping_status":"open","sticky":false,"template":"","format":"standard","meta":{"footnotes":""},"categories":[1],"tags":[],"class_list":["post-1203","post","type-post","status-publish","format-standard","has-post-thumbnail","hentry","category-1"],"yoast_head":"<!-- This site is optimized with the Yoast SEO plugin v27.4 - https:\/\/yoast.com\/product\/yoast-seo-wordpress\/ -->\n<title>Il pensait conna\u00eetre la fatigue.Il pensait comprendre ce que signifiait \u00ab manquer de temps \u00bb. -<\/title>\n<meta name=\"robots\" content=\"index, follow, max-snippet:-1, max-image-preview:large, max-video-preview:-1\" \/>\n<link rel=\"canonical\" href=\"https:\/\/gazeta.am\/?p=1203\" \/>\n<meta property=\"og:locale\" content=\"ru_RU\" \/>\n<meta property=\"og:type\" content=\"article\" \/>\n<meta property=\"og:title\" content=\"Il pensait conna\u00eetre la fatigue.Il pensait comprendre ce que signifiait \u00ab manquer de temps \u00bb. -\" \/>\n<meta property=\"og:description\" content=\"Il avait tort. Le moment o\u00f9 tout bascule Olivia a h\u00e9sit\u00e9. Ses l\u00e8vres tremblaient.Ses yeux, rougis par le froid et le manque de\" \/>\n<meta property=\"og:url\" content=\"https:\/\/gazeta.am\/?p=1203\" \/>\n<meta property=\"article:published_time\" content=\"2026-03-27T10:11:58+00:00\" \/>\n<meta property=\"article:modified_time\" content=\"2026-03-27T10:11:59+00:00\" \/>\n<meta property=\"og:image\" content=\"https:\/\/gazeta.am\/wp-content\/uploads\/2026\/03\/1f-5.jpg\" \/>\n\t<meta property=\"og:image:width\" content=\"347\" \/>\n\t<meta property=\"og:image:height\" content=\"567\" \/>\n\t<meta property=\"og:image:type\" content=\"image\/jpeg\" \/>\n<meta name=\"author\" content=\"admin\" \/>\n<meta name=\"twitter:card\" content=\"summary_large_image\" \/>\n<meta name=\"twitter:label1\" content=\"\u041d\u0430\u043f\u0438\u0441\u0430\u043d\u043e \u0430\u0432\u0442\u043e\u0440\u043e\u043c\" \/>\n\t<meta name=\"twitter:data1\" content=\"admin\" \/>\n\t<meta name=\"twitter:label2\" content=\"\u041f\u0440\u0438\u043c\u0435\u0440\u043d\u043e\u0435 \u0432\u0440\u0435\u043c\u044f \u0434\u043b\u044f \u0447\u0442\u0435\u043d\u0438\u044f\" \/>\n\t<meta name=\"twitter:data2\" content=\"7 \u043c\u0438\u043d\u0443\u0442\" \/>\n<script type=\"application\/ld+json\" class=\"yoast-schema-graph\">{\"@context\":\"https:\\\/\\\/schema.org\",\"@graph\":[{\"@type\":\"Article\",\"@id\":\"https:\\\/\\\/gazeta.am\\\/?p=1203#article\",\"isPartOf\":{\"@id\":\"https:\\\/\\\/gazeta.am\\\/?p=1203\"},\"author\":{\"name\":\"admin\",\"@id\":\"https:\\\/\\\/gazeta.am\\\/#\\\/schema\\\/person\\\/987709955e760c9a1ebbb44776f8cccc\"},\"headline\":\"Il pensait conna\u00eetre la fatigue.Il pensait comprendre ce que signifiait \u00ab manquer de temps \u00bb.\",\"datePublished\":\"2026-03-27T10:11:58+00:00\",\"dateModified\":\"2026-03-27T10:11:59+00:00\",\"mainEntityOfPage\":{\"@id\":\"https:\\\/\\\/gazeta.am\\\/?p=1203\"},\"wordCount\":1261,\"commentCount\":0,\"image\":{\"@id\":\"https:\\\/\\\/gazeta.am\\\/?p=1203#primaryimage\"},\"thumbnailUrl\":\"https:\\\/\\\/gazeta.am\\\/wp-content\\\/uploads\\\/2026\\\/03\\\/1f-5.jpg\",\"articleSection\":[\"NEWS\"],\"inLanguage\":\"ru-RU\",\"potentialAction\":[{\"@type\":\"CommentAction\",\"name\":\"Comment\",\"target\":[\"https:\\\/\\\/gazeta.am\\\/?p=1203#respond\"]}]},{\"@type\":\"WebPage\",\"@id\":\"https:\\\/\\\/gazeta.am\\\/?p=1203\",\"url\":\"https:\\\/\\\/gazeta.am\\\/?p=1203\",\"name\":\"Il pensait conna\u00eetre la fatigue.Il pensait comprendre ce que signifiait \u00ab manquer de temps \u00bb. -\",\"isPartOf\":{\"@id\":\"https:\\\/\\\/gazeta.am\\\/#website\"},\"primaryImageOfPage\":{\"@id\":\"https:\\\/\\\/gazeta.am\\\/?p=1203#primaryimage\"},\"image\":{\"@id\":\"https:\\\/\\\/gazeta.am\\\/?p=1203#primaryimage\"},\"thumbnailUrl\":\"https:\\\/\\\/gazeta.am\\\/wp-content\\\/uploads\\\/2026\\\/03\\\/1f-5.jpg\",\"datePublished\":\"2026-03-27T10:11:58+00:00\",\"dateModified\":\"2026-03-27T10:11:59+00:00\",\"author\":{\"@id\":\"https:\\\/\\\/gazeta.am\\\/#\\\/schema\\\/person\\\/987709955e760c9a1ebbb44776f8cccc\"},\"breadcrumb\":{\"@id\":\"https:\\\/\\\/gazeta.am\\\/?p=1203#breadcrumb\"},\"inLanguage\":\"ru-RU\",\"potentialAction\":[{\"@type\":\"ReadAction\",\"target\":[\"https:\\\/\\\/gazeta.am\\\/?p=1203\"]}]},{\"@type\":\"ImageObject\",\"inLanguage\":\"ru-RU\",\"@id\":\"https:\\\/\\\/gazeta.am\\\/?p=1203#primaryimage\",\"url\":\"https:\\\/\\\/gazeta.am\\\/wp-content\\\/uploads\\\/2026\\\/03\\\/1f-5.jpg\",\"contentUrl\":\"https:\\\/\\\/gazeta.am\\\/wp-content\\\/uploads\\\/2026\\\/03\\\/1f-5.jpg\",\"width\":347,\"height\":567},{\"@type\":\"BreadcrumbList\",\"@id\":\"https:\\\/\\\/gazeta.am\\\/?p=1203#breadcrumb\",\"itemListElement\":[{\"@type\":\"ListItem\",\"position\":1,\"name\":\"\u0413\u043b\u0430\u0432\u043d\u0430\u044f \u0441\u0442\u0440\u0430\u043d\u0438\u0446\u0430\",\"item\":\"https:\\\/\\\/gazeta.am\\\/\"},{\"@type\":\"ListItem\",\"position\":2,\"name\":\"Il pensait conna\u00eetre la fatigue.Il pensait comprendre ce que signifiait \u00ab manquer de temps \u00bb.\"}]},{\"@type\":\"WebSite\",\"@id\":\"https:\\\/\\\/gazeta.am\\\/#website\",\"url\":\"https:\\\/\\\/gazeta.am\\\/\",\"name\":\"\",\"description\":\"\",\"potentialAction\":[{\"@type\":\"SearchAction\",\"target\":{\"@type\":\"EntryPoint\",\"urlTemplate\":\"https:\\\/\\\/gazeta.am\\\/?s={search_term_string}\"},\"query-input\":{\"@type\":\"PropertyValueSpecification\",\"valueRequired\":true,\"valueName\":\"search_term_string\"}}],\"inLanguage\":\"ru-RU\"},{\"@type\":\"Person\",\"@id\":\"https:\\\/\\\/gazeta.am\\\/#\\\/schema\\\/person\\\/987709955e760c9a1ebbb44776f8cccc\",\"name\":\"admin\",\"image\":{\"@type\":\"ImageObject\",\"inLanguage\":\"ru-RU\",\"@id\":\"https:\\\/\\\/secure.gravatar.com\\\/avatar\\\/a24f4ac3a683f3c87303db525abc00db51ea26ccedee11dfaf1cc0f9a481a5d2?s=96&d=mm&r=g\",\"url\":\"https:\\\/\\\/secure.gravatar.com\\\/avatar\\\/a24f4ac3a683f3c87303db525abc00db51ea26ccedee11dfaf1cc0f9a481a5d2?s=96&d=mm&r=g\",\"contentUrl\":\"https:\\\/\\\/secure.gravatar.com\\\/avatar\\\/a24f4ac3a683f3c87303db525abc00db51ea26ccedee11dfaf1cc0f9a481a5d2?s=96&d=mm&r=g\",\"caption\":\"admin\"},\"sameAs\":[\"http:\\\/\\\/gazeta.am\"],\"url\":\"https:\\\/\\\/gazeta.am\\\/?author=1\"}]}<\/script>\n<!-- \/ Yoast SEO plugin. -->","yoast_head_json":{"title":"Il pensait conna\u00eetre la fatigue.Il pensait comprendre ce que signifiait \u00ab manquer de temps \u00bb. -","robots":{"index":"index","follow":"follow","max-snippet":"max-snippet:-1","max-image-preview":"max-image-preview:large","max-video-preview":"max-video-preview:-1"},"canonical":"https:\/\/gazeta.am\/?p=1203","og_locale":"ru_RU","og_type":"article","og_title":"Il pensait conna\u00eetre la fatigue.Il pensait comprendre ce que signifiait \u00ab manquer de temps \u00bb. -","og_description":"Il avait tort. Le moment o\u00f9 tout bascule Olivia a h\u00e9sit\u00e9. Ses l\u00e8vres tremblaient.Ses yeux, rougis par le froid et le manque de","og_url":"https:\/\/gazeta.am\/?p=1203","article_published_time":"2026-03-27T10:11:58+00:00","article_modified_time":"2026-03-27T10:11:59+00:00","og_image":[{"width":347,"height":567,"url":"https:\/\/gazeta.am\/wp-content\/uploads\/2026\/03\/1f-5.jpg","type":"image\/jpeg"}],"author":"admin","twitter_card":"summary_large_image","twitter_misc":{"\u041d\u0430\u043f\u0438\u0441\u0430\u043d\u043e \u0430\u0432\u0442\u043e\u0440\u043e\u043c":"admin","\u041f\u0440\u0438\u043c\u0435\u0440\u043d\u043e\u0435 \u0432\u0440\u0435\u043c\u044f \u0434\u043b\u044f \u0447\u0442\u0435\u043d\u0438\u044f":"7 \u043c\u0438\u043d\u0443\u0442"},"schema":{"@context":"https:\/\/schema.org","@graph":[{"@type":"Article","@id":"https:\/\/gazeta.am\/?p=1203#article","isPartOf":{"@id":"https:\/\/gazeta.am\/?p=1203"},"author":{"name":"admin","@id":"https:\/\/gazeta.am\/#\/schema\/person\/987709955e760c9a1ebbb44776f8cccc"},"headline":"Il pensait conna\u00eetre la fatigue.Il pensait comprendre ce que signifiait \u00ab manquer de temps \u00bb.","datePublished":"2026-03-27T10:11:58+00:00","dateModified":"2026-03-27T10:11:59+00:00","mainEntityOfPage":{"@id":"https:\/\/gazeta.am\/?p=1203"},"wordCount":1261,"commentCount":0,"image":{"@id":"https:\/\/gazeta.am\/?p=1203#primaryimage"},"thumbnailUrl":"https:\/\/gazeta.am\/wp-content\/uploads\/2026\/03\/1f-5.jpg","articleSection":["NEWS"],"inLanguage":"ru-RU","potentialAction":[{"@type":"CommentAction","name":"Comment","target":["https:\/\/gazeta.am\/?p=1203#respond"]}]},{"@type":"WebPage","@id":"https:\/\/gazeta.am\/?p=1203","url":"https:\/\/gazeta.am\/?p=1203","name":"Il pensait conna\u00eetre la fatigue.Il pensait comprendre ce que signifiait \u00ab manquer de temps \u00bb. -","isPartOf":{"@id":"https:\/\/gazeta.am\/#website"},"primaryImageOfPage":{"@id":"https:\/\/gazeta.am\/?p=1203#primaryimage"},"image":{"@id":"https:\/\/gazeta.am\/?p=1203#primaryimage"},"thumbnailUrl":"https:\/\/gazeta.am\/wp-content\/uploads\/2026\/03\/1f-5.jpg","datePublished":"2026-03-27T10:11:58+00:00","dateModified":"2026-03-27T10:11:59+00:00","author":{"@id":"https:\/\/gazeta.am\/#\/schema\/person\/987709955e760c9a1ebbb44776f8cccc"},"breadcrumb":{"@id":"https:\/\/gazeta.am\/?p=1203#breadcrumb"},"inLanguage":"ru-RU","potentialAction":[{"@type":"ReadAction","target":["https:\/\/gazeta.am\/?p=1203"]}]},{"@type":"ImageObject","inLanguage":"ru-RU","@id":"https:\/\/gazeta.am\/?p=1203#primaryimage","url":"https:\/\/gazeta.am\/wp-content\/uploads\/2026\/03\/1f-5.jpg","contentUrl":"https:\/\/gazeta.am\/wp-content\/uploads\/2026\/03\/1f-5.jpg","width":347,"height":567},{"@type":"BreadcrumbList","@id":"https:\/\/gazeta.am\/?p=1203#breadcrumb","itemListElement":[{"@type":"ListItem","position":1,"name":"\u0413\u043b\u0430\u0432\u043d\u0430\u044f \u0441\u0442\u0440\u0430\u043d\u0438\u0446\u0430","item":"https:\/\/gazeta.am\/"},{"@type":"ListItem","position":2,"name":"Il pensait conna\u00eetre la fatigue.Il pensait comprendre ce que signifiait \u00ab manquer de temps \u00bb."}]},{"@type":"WebSite","@id":"https:\/\/gazeta.am\/#website","url":"https:\/\/gazeta.am\/","name":"","description":"","potentialAction":[{"@type":"SearchAction","target":{"@type":"EntryPoint","urlTemplate":"https:\/\/gazeta.am\/?s={search_term_string}"},"query-input":{"@type":"PropertyValueSpecification","valueRequired":true,"valueName":"search_term_string"}}],"inLanguage":"ru-RU"},{"@type":"Person","@id":"https:\/\/gazeta.am\/#\/schema\/person\/987709955e760c9a1ebbb44776f8cccc","name":"admin","image":{"@type":"ImageObject","inLanguage":"ru-RU","@id":"https:\/\/secure.gravatar.com\/avatar\/a24f4ac3a683f3c87303db525abc00db51ea26ccedee11dfaf1cc0f9a481a5d2?s=96&d=mm&r=g","url":"https:\/\/secure.gravatar.com\/avatar\/a24f4ac3a683f3c87303db525abc00db51ea26ccedee11dfaf1cc0f9a481a5d2?s=96&d=mm&r=g","contentUrl":"https:\/\/secure.gravatar.com\/avatar\/a24f4ac3a683f3c87303db525abc00db51ea26ccedee11dfaf1cc0f9a481a5d2?s=96&d=mm&r=g","caption":"admin"},"sameAs":["http:\/\/gazeta.am"],"url":"https:\/\/gazeta.am\/?author=1"}]}},"_links":{"self":[{"href":"https:\/\/gazeta.am\/index.php?rest_route=\/wp\/v2\/posts\/1203","targetHints":{"allow":["GET"]}}],"collection":[{"href":"https:\/\/gazeta.am\/index.php?rest_route=\/wp\/v2\/posts"}],"about":[{"href":"https:\/\/gazeta.am\/index.php?rest_route=\/wp\/v2\/types\/post"}],"author":[{"embeddable":true,"href":"https:\/\/gazeta.am\/index.php?rest_route=\/wp\/v2\/users\/1"}],"replies":[{"embeddable":true,"href":"https:\/\/gazeta.am\/index.php?rest_route=%2Fwp%2Fv2%2Fcomments&post=1203"}],"version-history":[{"count":1,"href":"https:\/\/gazeta.am\/index.php?rest_route=\/wp\/v2\/posts\/1203\/revisions"}],"predecessor-version":[{"id":1205,"href":"https:\/\/gazeta.am\/index.php?rest_route=\/wp\/v2\/posts\/1203\/revisions\/1205"}],"wp:featuredmedia":[{"embeddable":true,"href":"https:\/\/gazeta.am\/index.php?rest_route=\/wp\/v2\/media\/1204"}],"wp:attachment":[{"href":"https:\/\/gazeta.am\/index.php?rest_route=%2Fwp%2Fv2%2Fmedia&parent=1203"}],"wp:term":[{"taxonomy":"category","embeddable":true,"href":"https:\/\/gazeta.am\/index.php?rest_route=%2Fwp%2Fv2%2Fcategories&post=1203"},{"taxonomy":"post_tag","embeddable":true,"href":"https:\/\/gazeta.am\/index.php?rest_route=%2Fwp%2Fv2%2Ftags&post=1203"}],"curies":[{"name":"wp","href":"https:\/\/api.w.org\/{rel}","templated":true}]}}