{"id":1200,"date":"2026-03-27T12:59:11","date_gmt":"2026-03-27T09:59:11","guid":{"rendered":"https:\/\/gazeta.am\/?p=1200"},"modified":"2026-03-27T12:59:13","modified_gmt":"2026-03-27T09:59:13","slug":"la-nouvelle-est-tombee-comme-un-coup-de-tonnerre-dans-un-ciel-que-lon-croyait-encore-paisible","status":"publish","type":"post","link":"https:\/\/gazeta.am\/?p=1200","title":{"rendered":"La nouvelle est tomb\u00e9e comme un coup de tonnerre dans un ciel que l\u2019on croyait encore paisible."},"content":{"rendered":"\n<p>Personne n\u2019\u00e9tait pr\u00eat.<\/p>\n\n\n\n<p>Pas les fans.<br>Pas les proches.<br>Et certainement pas elle.<\/p>\n\n\n\n<p>Un message bref, presque irr\u00e9el, a commenc\u00e9 \u00e0 circuler t\u00f4t le matin. Quelques mots, lourds de sens, impossibles \u00e0 ignorer : un enfant est parti. Pas n\u2019importe quel enfant. Le fils d\u2019une actrice ador\u00e9e du public, une femme dont le sourire avait r\u00e9chauff\u00e9 des millions de c\u0153urs \u00e0 travers l\u2019\u00e9cran. Un gar\u00e7on de treize ans. Treize ans seulement.<\/p>\n\n\n\n<p>Treize.<\/p>\n\n\n\n<p>Un \u00e2ge o\u00f9 l\u2019on apprend encore \u00e0 r\u00eaver, o\u00f9 la vie ne fait que commencer, o\u00f9 les lendemains semblent infinis.<\/p>\n\n\n\n<p>Et pourtant, tout s\u2019est arr\u00eat\u00e9.<\/p>\n\n\n\n<figure class=\"wp-block-image size-full\"><img loading=\"lazy\" decoding=\"async\" width=\"676\" height=\"898\" src=\"https:\/\/gazeta.am\/wp-content\/uploads\/2026\/03\/1c-7.jpg\" alt=\"\" class=\"wp-image-1201\" srcset=\"https:\/\/gazeta.am\/wp-content\/uploads\/2026\/03\/1c-7.jpg 676w, https:\/\/gazeta.am\/wp-content\/uploads\/2026\/03\/1c-7-226x300.jpg 226w\" sizes=\"auto, (max-width: 676px) 100vw, 676px\" \/><\/figure>\n\n\n\n<hr class=\"wp-block-separator has-alpha-channel-opacity\"\/>\n\n\n\n<h3 class=\"wp-block-heading\">Un silence plus lourd que les mots<\/h3>\n\n\n\n<p>Au d\u00e9but, beaucoup ont refus\u00e9 d\u2019y croire. Les r\u00e9seaux sociaux, habituellement si bruyants, se sont fig\u00e9s dans une \u00e9trange suspension. Les messages se sont multipli\u00e9s, mais aucun ne semblait suffire. On cherchait des confirmations, des d\u00e9tails, quelque chose qui pourrait rendre cette trag\u00e9die compr\u00e9hensible.<\/p>\n\n\n\n<p>Mais il n\u2019y avait presque rien.<\/p>\n\n\n\n<p>Juste une absence.<\/p>\n\n\n\n<p>Et un silence.<\/p>\n\n\n\n<p>La famille, submerg\u00e9e par la douleur, a demand\u00e9 du temps. Du respect. De l\u2019espace pour pleurer loin des regards, loin des questions, loin du bruit du monde. Une demande simple, mais difficile \u00e0 accorder dans une \u00e9poque o\u00f9 tout devient public en quelques secondes.<\/p>\n\n\n\n<p>Car quand une personnalit\u00e9 connue est touch\u00e9e, le deuil devient collectif.<\/p>\n\n\n\n<p>Et pourtant, au c\u0153ur de cette trag\u00e9die, il ne s\u2019agit pas d\u2019une c\u00e9l\u00e9brit\u00e9. Il s\u2019agit d\u2019une m\u00e8re.<\/p>\n\n\n\n<hr class=\"wp-block-separator has-alpha-channel-opacity\"\/>\n\n\n\n<h3 class=\"wp-block-heading\">Une m\u00e8re avant tout<\/h3>\n\n\n\n<p>On la conna\u00eet pour ses r\u00f4les lumineux, pour sa capacit\u00e9 \u00e0 faire rire, pleurer, vibrer. Elle incarnait des femmes fortes, sensibles, parfois bris\u00e9es, souvent r\u00e9silientes.<\/p>\n\n\n\n<p>Mais aujourd\u2019hui, aucune cam\u00e9ra ne filme.<br>Aucun sc\u00e9nario ne guide ses gestes.<br>Aucune r\u00e9plique ne peut apaiser ce qu\u2019elle traverse.<\/p>\n\n\n\n<p>Aujourd\u2019hui, elle est simplement une m\u00e8re qui a perdu son enfant.<\/p>\n\n\n\n<p>Et il n\u2019existe pas de r\u00f4le plus douloureux.<\/p>\n\n\n\n<p>Les t\u00e9moignages de ceux qui la connaissent d\u00e9crivent une femme profond\u00e9ment attach\u00e9e \u00e0 sa famille. Discr\u00e8te sur sa vie priv\u00e9e, elle prot\u00e9geait farouchement son fils des projecteurs. Elle voulait qu\u2019il grandisse loin de la pression, loin des attentes, libre d\u2019\u00eatre lui-m\u00eame.<\/p>\n\n\n\n<p>Un enfant normal.<\/p>\n\n\n\n<p>Un enfant heureux.<\/p>\n\n\n\n<hr class=\"wp-block-separator has-alpha-channel-opacity\"\/>\n\n\n\n<h3 class=\"wp-block-heading\">Le poids de l\u2019irr\u00e9versible<\/h3>\n\n\n\n<p>Ce qui rend cette perte encore plus insoutenable, c\u2019est sa brutalit\u00e9. Rien ne semblait annoncer un tel drame. Pas de longue maladie connue, pas de pr\u00e9paration, pas de lente acceptation.<\/p>\n\n\n\n<p>Juste un instant.<\/p>\n\n\n\n<p>Un moment o\u00f9 tout bascule.<\/p>\n\n\n\n<p>Et apr\u00e8s, plus rien n\u2019est pareil.<\/p>\n\n\n\n<p>Les proches parlent d\u2019un choc indescriptible. Certains disent qu\u2019ils n\u2019ont toujours pas r\u00e9alis\u00e9. D\u2019autres \u00e9voquent ce sentiment \u00e9trange, presque irr\u00e9el, comme si le monde continuait de tourner alors qu\u2019il devrait s\u2019arr\u00eater.<\/p>\n\n\n\n<p>Car comment continuer quand une vie si jeune s\u2019\u00e9teint ?<\/p>\n\n\n\n<hr class=\"wp-block-separator has-alpha-channel-opacity\"\/>\n\n\n\n<h3 class=\"wp-block-heading\">Les messages du monde entier<\/h3>\n\n\n\n<p>Tr\u00e8s vite, les messages ont afflu\u00e9. Des milliers, puis des dizaines de milliers. Des fans, des coll\u00e8gues, des inconnus. Tous unis dans une m\u00eame \u00e9motion, une m\u00eame incompr\u00e9hension.<\/p>\n\n\n\n<p>Certains partagent leurs souvenirs.<br>D\u2019autres \u00e9crivent simplement \u00ab courage \u00bb.<br>Beaucoup ne trouvent pas les mots.<\/p>\n\n\n\n<p>Et c\u2019est peut-\u00eatre cela, la v\u00e9rit\u00e9 la plus honn\u00eate : il n\u2019y a pas de mots.<\/p>\n\n\n\n<p>Quand un enfant meurt, le langage devient insuffisant. Les phrases semblent vides. Les condol\u00e9ances, m\u00eame sinc\u00e8res, paraissent d\u00e9risoires face \u00e0 l\u2019ampleur de la perte.<\/p>\n\n\n\n<p>Mais derri\u00e8re chaque message, il y a une intention. Une main tendue. Une tentative de dire : \u00ab vous n\u2019\u00eates pas seuls \u00bb.<\/p>\n\n\n\n<hr class=\"wp-block-separator has-alpha-channel-opacity\"\/>\n\n\n\n<h3 class=\"wp-block-heading\">L\u2019absence qui crie<\/h3>\n\n\n\n<p>Dans les jours qui suivent, le vide devient plus concret. Ce ne sont pas seulement les grandes choses qui manquent, mais les petites.<\/p>\n\n\n\n<p>Une chaise \u00e0 table.<br>Un rire dans un couloir.<br>Un message qui ne viendra plus.<\/p>\n\n\n\n<p>Les objets restent. Les souvenirs aussi. Mais la pr\u00e9sence, elle, dispara\u00eet.<\/p>\n\n\n\n<p>Et c\u2019est l\u00e0 que la douleur s\u2019installe vraiment.<\/p>\n\n\n\n<p>Pas dans le choc initial.<br>Mais dans l\u2019apr\u00e8s.<\/p>\n\n\n\n<p>Dans chaque instant o\u00f9 l\u2019on r\u00e9alise, encore et encore, que la r\u00e9alit\u00e9 ne changera plus.<\/p>\n\n\n\n<hr class=\"wp-block-separator has-alpha-channel-opacity\"\/>\n\n\n\n<h3 class=\"wp-block-heading\">Les souvenirs comme refuge<\/h3>\n\n\n\n<p>Face \u00e0 l\u2019insupportable, il ne reste qu\u2019une chose : se souvenir.<\/p>\n\n\n\n<p>Ceux qui ont connu le gar\u00e7on d\u00e9crivent un enfant plein de vie. Curieux, gentil, avec cette \u00e9nergie propre \u00e0 l\u2019adolescence. Il aimait rire, d\u00e9couvrir, apprendre. Il avait des r\u00eaves, comme tous les enfants de son \u00e2ge.<\/p>\n\n\n\n<p>Des r\u00eaves qui resteront inachev\u00e9s.<\/p>\n\n\n\n<p>Mais des souvenirs qui, eux, ne dispara\u00eetront pas.<\/p>\n\n\n\n<p>Sa famille s\u2019y accroche. Ses amis aussi. Car dans ces fragments du pass\u00e9, il y a encore un peu de lui. Une trace. Une pr\u00e9sence diff\u00e9rente, mais r\u00e9elle.<\/p>\n\n\n\n<hr class=\"wp-block-separator has-alpha-channel-opacity\"\/>\n\n\n\n<h3 class=\"wp-block-heading\">La douleur invisible<\/h3>\n\n\n\n<p>Ce que le public voit, ce sont des messages, des photos, des hommages. Mais la r\u00e9alit\u00e9 du deuil est bien plus complexe, bien plus intime.<\/p>\n\n\n\n<p>Il y a les nuits sans sommeil.<br>Les questions sans r\u00e9ponse.<br>Les \u00ab et si \u00bb qui reviennent sans cesse.<\/p>\n\n\n\n<p>Et surtout, cette douleur qui ne se voit pas.<\/p>\n\n\n\n<p>Une douleur qui ne dispara\u00eet pas avec le temps, mais qui change de forme. Qui devient moins aigu\u00eb, peut-\u00eatre, mais jamais inexistante.<\/p>\n\n\n\n<hr class=\"wp-block-separator has-alpha-channel-opacity\"\/>\n\n\n\n<h3 class=\"wp-block-heading\">Une vie boulevers\u00e9e \u00e0 jamais<\/h3>\n\n\n\n<p>Pour cette m\u00e8re, rien ne sera plus comme avant.<\/p>\n\n\n\n<p>Chaque \u00e9tape de la vie portera d\u00e9sormais une absence. Les anniversaires. Les f\u00eates. Les moments de joie.<\/p>\n\n\n\n<p>Car m\u00eame dans le bonheur, il y aura toujours ce manque.<\/p>\n\n\n\n<p>C\u2019est cela, le deuil : apprendre \u00e0 vivre avec une part de soi qui ne reviendra jamais.<\/p>\n\n\n\n<hr class=\"wp-block-separator has-alpha-channel-opacity\"\/>\n\n\n\n<h3 class=\"wp-block-heading\">Le regard du monde<\/h3>\n\n\n\n<p>\u00catre une figure publique dans un moment pareil est une \u00e9preuve suppl\u00e9mentaire. Car la douleur, d\u00e9j\u00e0 immense, est observ\u00e9e, comment\u00e9e, parfois m\u00eame jug\u00e9e.<\/p>\n\n\n\n<p>Certains respectent.<br>D\u2019autres sp\u00e9culent.<br>Quelques-uns franchissent des limites.<\/p>\n\n\n\n<p>Mais au-del\u00e0 du bruit, il y a aussi une immense vague de compassion. Une humanit\u00e9 sinc\u00e8re, fragile, mais r\u00e9elle.<\/p>\n\n\n\n<p>Et peut-\u00eatre que, dans cette trag\u00e9die, cela a une importance.<\/p>\n\n\n\n<hr class=\"wp-block-separator has-alpha-channel-opacity\"\/>\n\n\n\n<h3 class=\"wp-block-heading\">Ce que cette histoire nous rappelle<\/h3>\n\n\n\n<p>Cette perte nous confronte \u00e0 une v\u00e9rit\u00e9 que l\u2019on pr\u00e9f\u00e8re souvent ignorer : la vie est fragile. Terriblement fragile.<\/p>\n\n\n\n<p>Rien n\u2019est garanti.<br>Rien n\u2019est certain.<br>Et parfois, tout peut basculer sans pr\u00e9venir.<\/p>\n\n\n\n<p>Alors on se raccroche \u00e0 ce que l\u2019on peut contr\u00f4ler. \u00c0 l\u2019amour. Aux moments partag\u00e9s. Aux liens qui nous unissent.<\/p>\n\n\n\n<p>Car au final, ce sont eux qui restent.<\/p>\n\n\n\n<hr class=\"wp-block-separator has-alpha-channel-opacity\"\/>\n\n\n\n<h3 class=\"wp-block-heading\">Une douleur universelle<\/h3>\n\n\n\n<p>M\u00eame si cette histoire touche une personne connue, elle r\u00e9sonne bien au-del\u00e0. Car la perte d\u2019un enfant est une douleur universelle.<\/p>\n\n\n\n<p>Elle d\u00e9passe les cultures, les langues, les statuts.<\/p>\n\n\n\n<p>Elle touche \u00e0 ce qu\u2019il y a de plus profond, de plus humain.<\/p>\n\n\n\n<p>Et face \u00e0 cela, nous sommes tous \u00e9gaux.<\/p>\n\n\n\n<hr class=\"wp-block-separator has-alpha-channel-opacity\"\/>\n\n\n\n<h3 class=\"wp-block-heading\">Un dernier hommage silencieux<\/h3>\n\n\n\n<p>Aujourd\u2019hui, il n\u2019y a pas de conclusion. Pas de le\u00e7on simple. Pas de fin apaisante.<\/p>\n\n\n\n<p>Juste une pens\u00e9e.<\/p>\n\n\n\n<p>Pour cet enfant parti trop t\u00f4t.<br>Pour cette m\u00e8re bris\u00e9e.<br>Pour cette famille plong\u00e9e dans l\u2019inimaginable.<\/p>\n\n\n\n<p>Et peut-\u00eatre, aussi, pour nous tous.<\/p>\n\n\n\n<p>Car dans ce silence, dans cette tristesse partag\u00e9e, il y a quelque chose de fragile, mais de pr\u00e9cieux : la capacit\u00e9 de ressentir, d\u2019aimer, de compatir.<\/p>\n\n\n\n<p>Et m\u00eame si cela ne suffit pas \u00e0 r\u00e9parer l\u2019irr\u00e9parable, c\u2019est ce qui nous relie.<\/p>\n\n\n\n<hr class=\"wp-block-separator has-alpha-channel-opacity\"\/>\n\n\n\n<p>La vie continue, dit-on souvent.<\/p>\n\n\n\n<p>Mais pour certains, elle ne sera plus jamais la m\u00eame.<\/p>\n\n\n\n<p>Et c\u2019est peut-\u00eatre cela, la vraie trag\u00e9die.<\/p>\n","protected":false},"excerpt":{"rendered":"Personne n\u2019\u00e9tait pr\u00eat. Pas les fans.Pas les proches.Et certainement pas elle. Un message bref, presque irr\u00e9el, a commenc\u00e9 \u00e0 circuler t\u00f4t le matin. \n<a class=\"moretag\" href=\"https:\/\/gazeta.am\/?p=1200\"> [...]<\/a>","protected":false},"author":1,"featured_media":1201,"comment_status":"open","ping_status":"open","sticky":false,"template":"","format":"standard","meta":{"footnotes":""},"categories":[1],"tags":[],"class_list":["post-1200","post","type-post","status-publish","format-standard","has-post-thumbnail","hentry","category-1"],"yoast_head":"<!-- This site is optimized with the Yoast SEO plugin v27.4 - https:\/\/yoast.com\/product\/yoast-seo-wordpress\/ -->\n<title>La nouvelle est tomb\u00e9e comme un coup de tonnerre dans un ciel que l\u2019on croyait encore paisible. -<\/title>\n<meta name=\"robots\" content=\"index, follow, max-snippet:-1, max-image-preview:large, max-video-preview:-1\" \/>\n<link rel=\"canonical\" href=\"https:\/\/gazeta.am\/?p=1200\" \/>\n<meta property=\"og:locale\" content=\"ru_RU\" \/>\n<meta property=\"og:type\" content=\"article\" \/>\n<meta property=\"og:title\" content=\"La nouvelle est tomb\u00e9e comme un coup de tonnerre dans un ciel que l\u2019on croyait encore paisible. -\" \/>\n<meta property=\"og:description\" content=\"Personne n\u2019\u00e9tait pr\u00eat. Pas les fans.Pas les proches.Et certainement pas elle. Un message bref, presque irr\u00e9el, a commenc\u00e9 \u00e0 circuler t\u00f4t le matin.\" \/>\n<meta property=\"og:url\" content=\"https:\/\/gazeta.am\/?p=1200\" \/>\n<meta property=\"article:published_time\" content=\"2026-03-27T09:59:11+00:00\" \/>\n<meta property=\"article:modified_time\" content=\"2026-03-27T09:59:13+00:00\" \/>\n<meta property=\"og:image\" content=\"https:\/\/gazeta.am\/wp-content\/uploads\/2026\/03\/1c-7.jpg\" \/>\n\t<meta property=\"og:image:width\" content=\"676\" \/>\n\t<meta property=\"og:image:height\" content=\"898\" \/>\n\t<meta property=\"og:image:type\" content=\"image\/jpeg\" \/>\n<meta name=\"author\" content=\"admin\" \/>\n<meta name=\"twitter:card\" content=\"summary_large_image\" \/>\n<meta name=\"twitter:label1\" content=\"\u041d\u0430\u043f\u0438\u0441\u0430\u043d\u043e \u0430\u0432\u0442\u043e\u0440\u043e\u043c\" \/>\n\t<meta name=\"twitter:data1\" content=\"admin\" \/>\n\t<meta name=\"twitter:label2\" content=\"\u041f\u0440\u0438\u043c\u0435\u0440\u043d\u043e\u0435 \u0432\u0440\u0435\u043c\u044f \u0434\u043b\u044f \u0447\u0442\u0435\u043d\u0438\u044f\" \/>\n\t<meta name=\"twitter:data2\" content=\"7 \u043c\u0438\u043d\u0443\u0442\" \/>\n<script type=\"application\/ld+json\" class=\"yoast-schema-graph\">{\"@context\":\"https:\\\/\\\/schema.org\",\"@graph\":[{\"@type\":\"Article\",\"@id\":\"https:\\\/\\\/gazeta.am\\\/?p=1200#article\",\"isPartOf\":{\"@id\":\"https:\\\/\\\/gazeta.am\\\/?p=1200\"},\"author\":{\"name\":\"admin\",\"@id\":\"https:\\\/\\\/gazeta.am\\\/#\\\/schema\\\/person\\\/987709955e760c9a1ebbb44776f8cccc\"},\"headline\":\"La nouvelle est tomb\u00e9e comme un coup de tonnerre dans un ciel que l\u2019on croyait encore paisible.\",\"datePublished\":\"2026-03-27T09:59:11+00:00\",\"dateModified\":\"2026-03-27T09:59:13+00:00\",\"mainEntityOfPage\":{\"@id\":\"https:\\\/\\\/gazeta.am\\\/?p=1200\"},\"wordCount\":1315,\"commentCount\":0,\"image\":{\"@id\":\"https:\\\/\\\/gazeta.am\\\/?p=1200#primaryimage\"},\"thumbnailUrl\":\"https:\\\/\\\/gazeta.am\\\/wp-content\\\/uploads\\\/2026\\\/03\\\/1c-7.jpg\",\"articleSection\":[\"NEWS\"],\"inLanguage\":\"ru-RU\",\"potentialAction\":[{\"@type\":\"CommentAction\",\"name\":\"Comment\",\"target\":[\"https:\\\/\\\/gazeta.am\\\/?p=1200#respond\"]}]},{\"@type\":\"WebPage\",\"@id\":\"https:\\\/\\\/gazeta.am\\\/?p=1200\",\"url\":\"https:\\\/\\\/gazeta.am\\\/?p=1200\",\"name\":\"La nouvelle est tomb\u00e9e comme un coup de tonnerre dans un ciel que l\u2019on croyait encore paisible. -\",\"isPartOf\":{\"@id\":\"https:\\\/\\\/gazeta.am\\\/#website\"},\"primaryImageOfPage\":{\"@id\":\"https:\\\/\\\/gazeta.am\\\/?p=1200#primaryimage\"},\"image\":{\"@id\":\"https:\\\/\\\/gazeta.am\\\/?p=1200#primaryimage\"},\"thumbnailUrl\":\"https:\\\/\\\/gazeta.am\\\/wp-content\\\/uploads\\\/2026\\\/03\\\/1c-7.jpg\",\"datePublished\":\"2026-03-27T09:59:11+00:00\",\"dateModified\":\"2026-03-27T09:59:13+00:00\",\"author\":{\"@id\":\"https:\\\/\\\/gazeta.am\\\/#\\\/schema\\\/person\\\/987709955e760c9a1ebbb44776f8cccc\"},\"breadcrumb\":{\"@id\":\"https:\\\/\\\/gazeta.am\\\/?p=1200#breadcrumb\"},\"inLanguage\":\"ru-RU\",\"potentialAction\":[{\"@type\":\"ReadAction\",\"target\":[\"https:\\\/\\\/gazeta.am\\\/?p=1200\"]}]},{\"@type\":\"ImageObject\",\"inLanguage\":\"ru-RU\",\"@id\":\"https:\\\/\\\/gazeta.am\\\/?p=1200#primaryimage\",\"url\":\"https:\\\/\\\/gazeta.am\\\/wp-content\\\/uploads\\\/2026\\\/03\\\/1c-7.jpg\",\"contentUrl\":\"https:\\\/\\\/gazeta.am\\\/wp-content\\\/uploads\\\/2026\\\/03\\\/1c-7.jpg\",\"width\":676,\"height\":898},{\"@type\":\"BreadcrumbList\",\"@id\":\"https:\\\/\\\/gazeta.am\\\/?p=1200#breadcrumb\",\"itemListElement\":[{\"@type\":\"ListItem\",\"position\":1,\"name\":\"\u0413\u043b\u0430\u0432\u043d\u0430\u044f \u0441\u0442\u0440\u0430\u043d\u0438\u0446\u0430\",\"item\":\"https:\\\/\\\/gazeta.am\\\/\"},{\"@type\":\"ListItem\",\"position\":2,\"name\":\"La nouvelle est tomb\u00e9e comme un coup de tonnerre dans un ciel que l\u2019on croyait encore paisible.\"}]},{\"@type\":\"WebSite\",\"@id\":\"https:\\\/\\\/gazeta.am\\\/#website\",\"url\":\"https:\\\/\\\/gazeta.am\\\/\",\"name\":\"\",\"description\":\"\",\"potentialAction\":[{\"@type\":\"SearchAction\",\"target\":{\"@type\":\"EntryPoint\",\"urlTemplate\":\"https:\\\/\\\/gazeta.am\\\/?s={search_term_string}\"},\"query-input\":{\"@type\":\"PropertyValueSpecification\",\"valueRequired\":true,\"valueName\":\"search_term_string\"}}],\"inLanguage\":\"ru-RU\"},{\"@type\":\"Person\",\"@id\":\"https:\\\/\\\/gazeta.am\\\/#\\\/schema\\\/person\\\/987709955e760c9a1ebbb44776f8cccc\",\"name\":\"admin\",\"image\":{\"@type\":\"ImageObject\",\"inLanguage\":\"ru-RU\",\"@id\":\"https:\\\/\\\/secure.gravatar.com\\\/avatar\\\/a24f4ac3a683f3c87303db525abc00db51ea26ccedee11dfaf1cc0f9a481a5d2?s=96&d=mm&r=g\",\"url\":\"https:\\\/\\\/secure.gravatar.com\\\/avatar\\\/a24f4ac3a683f3c87303db525abc00db51ea26ccedee11dfaf1cc0f9a481a5d2?s=96&d=mm&r=g\",\"contentUrl\":\"https:\\\/\\\/secure.gravatar.com\\\/avatar\\\/a24f4ac3a683f3c87303db525abc00db51ea26ccedee11dfaf1cc0f9a481a5d2?s=96&d=mm&r=g\",\"caption\":\"admin\"},\"sameAs\":[\"http:\\\/\\\/gazeta.am\"],\"url\":\"https:\\\/\\\/gazeta.am\\\/?author=1\"}]}<\/script>\n<!-- \/ Yoast SEO plugin. -->","yoast_head_json":{"title":"La nouvelle est tomb\u00e9e comme un coup de tonnerre dans un ciel que l\u2019on croyait encore paisible. -","robots":{"index":"index","follow":"follow","max-snippet":"max-snippet:-1","max-image-preview":"max-image-preview:large","max-video-preview":"max-video-preview:-1"},"canonical":"https:\/\/gazeta.am\/?p=1200","og_locale":"ru_RU","og_type":"article","og_title":"La nouvelle est tomb\u00e9e comme un coup de tonnerre dans un ciel que l\u2019on croyait encore paisible. -","og_description":"Personne n\u2019\u00e9tait pr\u00eat. Pas les fans.Pas les proches.Et certainement pas elle. Un message bref, presque irr\u00e9el, a commenc\u00e9 \u00e0 circuler t\u00f4t le matin.","og_url":"https:\/\/gazeta.am\/?p=1200","article_published_time":"2026-03-27T09:59:11+00:00","article_modified_time":"2026-03-27T09:59:13+00:00","og_image":[{"width":676,"height":898,"url":"https:\/\/gazeta.am\/wp-content\/uploads\/2026\/03\/1c-7.jpg","type":"image\/jpeg"}],"author":"admin","twitter_card":"summary_large_image","twitter_misc":{"\u041d\u0430\u043f\u0438\u0441\u0430\u043d\u043e \u0430\u0432\u0442\u043e\u0440\u043e\u043c":"admin","\u041f\u0440\u0438\u043c\u0435\u0440\u043d\u043e\u0435 \u0432\u0440\u0435\u043c\u044f \u0434\u043b\u044f \u0447\u0442\u0435\u043d\u0438\u044f":"7 \u043c\u0438\u043d\u0443\u0442"},"schema":{"@context":"https:\/\/schema.org","@graph":[{"@type":"Article","@id":"https:\/\/gazeta.am\/?p=1200#article","isPartOf":{"@id":"https:\/\/gazeta.am\/?p=1200"},"author":{"name":"admin","@id":"https:\/\/gazeta.am\/#\/schema\/person\/987709955e760c9a1ebbb44776f8cccc"},"headline":"La nouvelle est tomb\u00e9e comme un coup de tonnerre dans un ciel que l\u2019on croyait encore paisible.","datePublished":"2026-03-27T09:59:11+00:00","dateModified":"2026-03-27T09:59:13+00:00","mainEntityOfPage":{"@id":"https:\/\/gazeta.am\/?p=1200"},"wordCount":1315,"commentCount":0,"image":{"@id":"https:\/\/gazeta.am\/?p=1200#primaryimage"},"thumbnailUrl":"https:\/\/gazeta.am\/wp-content\/uploads\/2026\/03\/1c-7.jpg","articleSection":["NEWS"],"inLanguage":"ru-RU","potentialAction":[{"@type":"CommentAction","name":"Comment","target":["https:\/\/gazeta.am\/?p=1200#respond"]}]},{"@type":"WebPage","@id":"https:\/\/gazeta.am\/?p=1200","url":"https:\/\/gazeta.am\/?p=1200","name":"La nouvelle est tomb\u00e9e comme un coup de tonnerre dans un ciel que l\u2019on croyait encore paisible. -","isPartOf":{"@id":"https:\/\/gazeta.am\/#website"},"primaryImageOfPage":{"@id":"https:\/\/gazeta.am\/?p=1200#primaryimage"},"image":{"@id":"https:\/\/gazeta.am\/?p=1200#primaryimage"},"thumbnailUrl":"https:\/\/gazeta.am\/wp-content\/uploads\/2026\/03\/1c-7.jpg","datePublished":"2026-03-27T09:59:11+00:00","dateModified":"2026-03-27T09:59:13+00:00","author":{"@id":"https:\/\/gazeta.am\/#\/schema\/person\/987709955e760c9a1ebbb44776f8cccc"},"breadcrumb":{"@id":"https:\/\/gazeta.am\/?p=1200#breadcrumb"},"inLanguage":"ru-RU","potentialAction":[{"@type":"ReadAction","target":["https:\/\/gazeta.am\/?p=1200"]}]},{"@type":"ImageObject","inLanguage":"ru-RU","@id":"https:\/\/gazeta.am\/?p=1200#primaryimage","url":"https:\/\/gazeta.am\/wp-content\/uploads\/2026\/03\/1c-7.jpg","contentUrl":"https:\/\/gazeta.am\/wp-content\/uploads\/2026\/03\/1c-7.jpg","width":676,"height":898},{"@type":"BreadcrumbList","@id":"https:\/\/gazeta.am\/?p=1200#breadcrumb","itemListElement":[{"@type":"ListItem","position":1,"name":"\u0413\u043b\u0430\u0432\u043d\u0430\u044f \u0441\u0442\u0440\u0430\u043d\u0438\u0446\u0430","item":"https:\/\/gazeta.am\/"},{"@type":"ListItem","position":2,"name":"La nouvelle est tomb\u00e9e comme un coup de tonnerre dans un ciel que l\u2019on croyait encore paisible."}]},{"@type":"WebSite","@id":"https:\/\/gazeta.am\/#website","url":"https:\/\/gazeta.am\/","name":"","description":"","potentialAction":[{"@type":"SearchAction","target":{"@type":"EntryPoint","urlTemplate":"https:\/\/gazeta.am\/?s={search_term_string}"},"query-input":{"@type":"PropertyValueSpecification","valueRequired":true,"valueName":"search_term_string"}}],"inLanguage":"ru-RU"},{"@type":"Person","@id":"https:\/\/gazeta.am\/#\/schema\/person\/987709955e760c9a1ebbb44776f8cccc","name":"admin","image":{"@type":"ImageObject","inLanguage":"ru-RU","@id":"https:\/\/secure.gravatar.com\/avatar\/a24f4ac3a683f3c87303db525abc00db51ea26ccedee11dfaf1cc0f9a481a5d2?s=96&d=mm&r=g","url":"https:\/\/secure.gravatar.com\/avatar\/a24f4ac3a683f3c87303db525abc00db51ea26ccedee11dfaf1cc0f9a481a5d2?s=96&d=mm&r=g","contentUrl":"https:\/\/secure.gravatar.com\/avatar\/a24f4ac3a683f3c87303db525abc00db51ea26ccedee11dfaf1cc0f9a481a5d2?s=96&d=mm&r=g","caption":"admin"},"sameAs":["http:\/\/gazeta.am"],"url":"https:\/\/gazeta.am\/?author=1"}]}},"_links":{"self":[{"href":"https:\/\/gazeta.am\/index.php?rest_route=\/wp\/v2\/posts\/1200","targetHints":{"allow":["GET"]}}],"collection":[{"href":"https:\/\/gazeta.am\/index.php?rest_route=\/wp\/v2\/posts"}],"about":[{"href":"https:\/\/gazeta.am\/index.php?rest_route=\/wp\/v2\/types\/post"}],"author":[{"embeddable":true,"href":"https:\/\/gazeta.am\/index.php?rest_route=\/wp\/v2\/users\/1"}],"replies":[{"embeddable":true,"href":"https:\/\/gazeta.am\/index.php?rest_route=%2Fwp%2Fv2%2Fcomments&post=1200"}],"version-history":[{"count":1,"href":"https:\/\/gazeta.am\/index.php?rest_route=\/wp\/v2\/posts\/1200\/revisions"}],"predecessor-version":[{"id":1202,"href":"https:\/\/gazeta.am\/index.php?rest_route=\/wp\/v2\/posts\/1200\/revisions\/1202"}],"wp:featuredmedia":[{"embeddable":true,"href":"https:\/\/gazeta.am\/index.php?rest_route=\/wp\/v2\/media\/1201"}],"wp:attachment":[{"href":"https:\/\/gazeta.am\/index.php?rest_route=%2Fwp%2Fv2%2Fmedia&parent=1200"}],"wp:term":[{"taxonomy":"category","embeddable":true,"href":"https:\/\/gazeta.am\/index.php?rest_route=%2Fwp%2Fv2%2Fcategories&post=1200"},{"taxonomy":"post_tag","embeddable":true,"href":"https:\/\/gazeta.am\/index.php?rest_route=%2Fwp%2Fv2%2Ftags&post=1200"}],"curies":[{"name":"wp","href":"https:\/\/api.w.org\/{rel}","templated":true}]}}