{"id":1176,"date":"2026-03-26T20:41:43","date_gmt":"2026-03-26T17:41:43","guid":{"rendered":"https:\/\/gazeta.am\/?p=1176"},"modified":"2026-03-26T20:41:44","modified_gmt":"2026-03-26T17:41:44","slug":"six-annees-avaient-passe-depuis-ce-jour-de-malheur-mme-carmen-jadis-une-femme-rayonnante-se-tenait-desormais-voutee-dans-son-salon-vide-le-visage-creuse-par-le-chagrin-et-les-insomnies","status":"publish","type":"post","link":"https:\/\/gazeta.am\/?p=1176","title":{"rendered":"Six ann\u00e9es avaient pass\u00e9 depuis ce jour de malheur. Mme Carmen, jadis une femme rayonnante, se tenait d\u00e9sormais vo\u00fbt\u00e9e dans son salon vide, le visage creus\u00e9 par le chagrin et les insomnies."},"content":{"rendered":"\n<p>Les murs, autrefois d\u00e9cor\u00e9s de dessins et de troph\u00e9es de son fils, semblaient respirer la douleur silencieuse. Chaque tic-tac de l\u2019horloge lui rappelait qu\u2019elle vivait dans un monde o\u00f9 la justice avait abandonn\u00e9 sa famille.<\/p>\n\n\n\n<p>Elle n\u2019avait jamais cess\u00e9 de chercher Matthew. Chaque matin, elle parcourait les annonces de disparitions, appelait des num\u00e9ros anonymes, suivait les moindres indices. Mais <strong>le temps<\/strong>, cruel et impitoyable, semblait avoir effac\u00e9 toute piste.<\/p>\n\n\n\n<p>Fausto, le fr\u00e8re de Don Arturo, \u00e9tait devenu l\u2019unique compagnon de cette solitude. Il avait vieilli pr\u00e9matur\u00e9ment, sa peau marqu\u00e9e par des ann\u00e9es de d\u00e9pendances et de culpabilit\u00e9. Il essayait, autant qu\u2019il le pouvait, de soutenir Carmen. Mais aucun mot, aucun geste, ne pouvait combler le vide laiss\u00e9 par la disparition de Matthew.<\/p>\n\n\n\n<figure class=\"wp-block-image size-full\"><img loading=\"lazy\" decoding=\"async\" width=\"687\" height=\"995\" src=\"https:\/\/gazeta.am\/wp-content\/uploads\/2026\/03\/1a-85.jpg\" alt=\"\" class=\"wp-image-1177\" srcset=\"https:\/\/gazeta.am\/wp-content\/uploads\/2026\/03\/1a-85.jpg 687w, https:\/\/gazeta.am\/wp-content\/uploads\/2026\/03\/1a-85-207x300.jpg 207w\" sizes=\"auto, (max-width: 687px) 100vw, 687px\" \/><\/figure>\n\n\n\n<p>Puis, un soir de novembre, le t\u00e9l\u00e9phone sonna. Carmen sursauta, un m\u00e9lange d\u2019espoir et de peur glaciale traversant son c\u0153ur. Elle d\u00e9crocha :<\/p>\n\n\n\n<p>\u2014 \u00ab Mme Carmen ? \u00bb dit une voix grave, \u00e9trang\u00e8re mais assur\u00e9e.<br>\u2014 \u00ab Qui est \u00e0 l\u2019appareil ? \u00bb r\u00e9pondit-elle, tremblante.<\/p>\n\n\n\n<p>\u2014 \u00ab Je vous envoie une photo de votre fils\u2026 \u00bb<\/p>\n\n\n\n<p>Son c\u0153ur manqua un battement. La ligne se coupa brusquement. Sur l\u2019\u00e9cran de son t\u00e9l\u00e9phone, une image apparut : <strong>Matthew<\/strong>, plus grand, plus fort, mais marqu\u00e9 par des ann\u00e9es de privation et de peur. Son regard, bien que durci par la souffrance, portait encore cette \u00e9tincelle famili\u00e8re qui avait toujours fait fondre le c\u0153ur de sa m\u00e8re.<\/p>\n\n\n\n<p>Carmen s\u2019effondra sur le sol, suffoqu\u00e9e, m\u00ealant cris et larmes. Fausto accourut, tremblant, incapable de comprendre.<\/p>\n\n\n\n<p>\u2014 \u00ab Ce n\u2019est pas possible\u2026 \u00bb, murmura Carmen, les yeux fix\u00e9s sur la photo. \u00ab Il est vivant\u2026 \u00bb<\/p>\n\n\n\n<p>Les jours suivants furent un tourbillon. Carmen contacta imm\u00e9diatement toutes ses relations, fit appel \u00e0 des d\u00e9tectives priv\u00e9s, et m\u00eame \u00e0 des journalistes locaux. Mais <strong>la peur \u00e9tait partout<\/strong>. Les cartels n\u2019avaient jamais vraiment oubli\u00e9 la famille, et le simple fait de savoir que Matthew \u00e9tait vivant pouvait les mettre \u00e0 nouveau en danger.<\/p>\n\n\n\n<p>C\u2019est alors que Matthew apparut, enfin. Un soir pluvieux, la porte de la maison s\u2019ouvrit sur un jeune homme chang\u00e9, portant les marques d\u2019un pass\u00e9 brutal : cicatrices sur les bras, yeux cern\u00e9s, mais une d\u00e9termination qui semblait vouloir r\u00e9parer toutes les ann\u00e9es perdues.<\/p>\n\n\n\n<p>\u2014 \u00ab Maman\u2026 c\u2019est moi \u00bb, dit-il d\u2019une voix tremblante, incapable de contenir ses larmes.<\/p>\n\n\n\n<p>Carmen se jeta dans ses bras, sentant le poids de six ann\u00e9es d\u2019angoisse se dissoudre en quelques secondes.<\/p>\n\n\n\n<p>Mais le retour de Matthew ne venait pas sans secrets. Il ne pouvait pas expliquer tout de suite pourquoi il avait disparu si longtemps, ni comment il avait surv\u00e9cu dans un monde impitoyable de criminalit\u00e9 et de mensonges. <strong>Le moment de v\u00e9rit\u00e9 \u00e9tait in\u00e9vitable.<\/strong><\/p>\n\n\n\n<p>La premi\u00e8re r\u00e9v\u00e9lation choqua Carmen jusqu\u2019au plus profond de son \u00eatre : Matthew avait \u00e9t\u00e9 contraint de travailler pour l\u2019un des cartels pour survivre. Il avait \u00e9t\u00e9 t\u00e9moin de crimes, de trahisons, de morts. Chaque jour \u00e9tait un choix entre sa propre vie et celle de sa famille. Et pour prot\u00e9ger sa m\u00e8re et Fausto, il avait choisi <strong>le silence total<\/strong>.<\/p>\n\n\n\n<p>\u2014 \u00ab Je\u2026 je ne pouvais pas revenir plus t\u00f4t \u00bb, murmura-t-il, la voix bris\u00e9e. \u00ab Si j\u2019\u00e9tais revenu, ils m\u2019auraient pris, et ils auraient pris Fausto\u2026 et vous\u2026 \u00bb<\/p>\n\n\n\n<p>Les d\u00e9tails qui suivirent transform\u00e8rent chaque souvenir en cauchemar vivant : extorsions, messages cod\u00e9s, alliances forc\u00e9es, et m\u00eame trahisons inattendues de gens en qui la famille avait confiance. Carmen \u00e9coutait, incapable de respirer, chaque mot agissant comme un coup de poignard sur son c\u0153ur d\u00e9j\u00e0 meurtri.<\/p>\n\n\n\n<p>Et puis la derni\u00e8re r\u00e9v\u00e9lation, la plus atroce de toutes : <strong>Matthew n\u2019\u00e9tait pas seulement victime, il avait \u00e9t\u00e9 forc\u00e9 d\u2019agir pour prot\u00e9ger sa famille, jusqu\u2019\u00e0 commettre des actes qu\u2019il n\u2019aurait jamais imagin\u00e9s<\/strong>. La v\u00e9rit\u00e9 \u00e9clata dans le salon comme un ouragan : le fils qu\u2019elle croyait perdu \u00e9tait vivant, mais marqu\u00e9 par le monde dont elle avait ignor\u00e9 l\u2019existence.<\/p>\n\n\n\n<p>Carmen tomba \u00e0 genoux, incapable de contenir un m\u00e9lange de soulagement et d\u2019horreur. Fausto, debout derri\u00e8re eux, sentit ses \u00e9paules s\u2019affaisser. Les ann\u00e9es de souffrance, de culpabilit\u00e9 et de peur venaient de trouver un nouveau visage, celui d\u2019un jeune homme qui revenait chang\u00e9, mais vivant.<\/p>\n\n\n\n<p>Le d\u00e9fi suivant \u00e9tait \u00e9vident : reconstruire la famille, panser les blessures, et affronter ceux qui avaient contr\u00f4l\u00e9 la vie de Matthew pendant six ans. Et dans le c\u0153ur de Carmen, une flamme fragile mais persistante br\u00fblait : <strong>la justice, la paix et la r\u00e9conciliation<\/strong>.<\/p>\n","protected":false},"excerpt":{"rendered":"Les murs, autrefois d\u00e9cor\u00e9s de dessins et de troph\u00e9es de son fils, semblaient respirer la douleur silencieuse. Chaque tic-tac de l\u2019horloge lui rappelait \n<a class=\"moretag\" href=\"https:\/\/gazeta.am\/?p=1176\"> [...]<\/a>","protected":false},"author":1,"featured_media":1177,"comment_status":"open","ping_status":"open","sticky":false,"template":"","format":"standard","meta":{"footnotes":""},"categories":[1],"tags":[],"class_list":["post-1176","post","type-post","status-publish","format-standard","has-post-thumbnail","hentry","category-1"],"yoast_head":"<!-- This site is optimized with the Yoast SEO plugin v27.4 - https:\/\/yoast.com\/product\/yoast-seo-wordpress\/ -->\n<title>Six ann\u00e9es avaient pass\u00e9 depuis ce jour de malheur. Mme Carmen, jadis une femme rayonnante, se tenait d\u00e9sormais vo\u00fbt\u00e9e dans son salon vide, le visage creus\u00e9 par le chagrin et les insomnies. -<\/title>\n<meta name=\"robots\" content=\"index, follow, max-snippet:-1, max-image-preview:large, max-video-preview:-1\" \/>\n<link rel=\"canonical\" href=\"https:\/\/gazeta.am\/?p=1176\" \/>\n<meta property=\"og:locale\" content=\"ru_RU\" \/>\n<meta property=\"og:type\" content=\"article\" \/>\n<meta property=\"og:title\" content=\"Six ann\u00e9es avaient pass\u00e9 depuis ce jour de malheur. Mme Carmen, jadis une femme rayonnante, se tenait d\u00e9sormais vo\u00fbt\u00e9e dans son salon vide, le visage creus\u00e9 par le chagrin et les insomnies. -\" \/>\n<meta property=\"og:description\" content=\"Les murs, autrefois d\u00e9cor\u00e9s de dessins et de troph\u00e9es de son fils, semblaient respirer la douleur silencieuse. Chaque tic-tac de l\u2019horloge lui rappelait\" \/>\n<meta property=\"og:url\" content=\"https:\/\/gazeta.am\/?p=1176\" \/>\n<meta property=\"article:published_time\" content=\"2026-03-26T17:41:43+00:00\" \/>\n<meta property=\"article:modified_time\" content=\"2026-03-26T17:41:44+00:00\" \/>\n<meta property=\"og:image\" content=\"https:\/\/gazeta.am\/wp-content\/uploads\/2026\/03\/1a-85.jpg\" \/>\n\t<meta property=\"og:image:width\" content=\"687\" \/>\n\t<meta property=\"og:image:height\" content=\"995\" \/>\n\t<meta property=\"og:image:type\" content=\"image\/jpeg\" \/>\n<meta name=\"author\" content=\"admin\" \/>\n<meta name=\"twitter:card\" content=\"summary_large_image\" \/>\n<meta name=\"twitter:label1\" content=\"\u041d\u0430\u043f\u0438\u0441\u0430\u043d\u043e \u0430\u0432\u0442\u043e\u0440\u043e\u043c\" \/>\n\t<meta name=\"twitter:data1\" content=\"admin\" \/>\n\t<meta name=\"twitter:label2\" content=\"\u041f\u0440\u0438\u043c\u0435\u0440\u043d\u043e\u0435 \u0432\u0440\u0435\u043c\u044f \u0434\u043b\u044f \u0447\u0442\u0435\u043d\u0438\u044f\" \/>\n\t<meta name=\"twitter:data2\" content=\"5 \u043c\u0438\u043d\u0443\u0442\" \/>\n<script type=\"application\/ld+json\" class=\"yoast-schema-graph\">{\"@context\":\"https:\\\/\\\/schema.org\",\"@graph\":[{\"@type\":\"Article\",\"@id\":\"https:\\\/\\\/gazeta.am\\\/?p=1176#article\",\"isPartOf\":{\"@id\":\"https:\\\/\\\/gazeta.am\\\/?p=1176\"},\"author\":{\"name\":\"admin\",\"@id\":\"https:\\\/\\\/gazeta.am\\\/#\\\/schema\\\/person\\\/987709955e760c9a1ebbb44776f8cccc\"},\"headline\":\"Six ann\u00e9es avaient pass\u00e9 depuis ce jour de malheur. Mme Carmen, jadis une femme rayonnante, se tenait d\u00e9sormais vo\u00fbt\u00e9e dans son salon vide, le visage creus\u00e9 par le chagrin et les insomnies.\",\"datePublished\":\"2026-03-26T17:41:43+00:00\",\"dateModified\":\"2026-03-26T17:41:44+00:00\",\"mainEntityOfPage\":{\"@id\":\"https:\\\/\\\/gazeta.am\\\/?p=1176\"},\"wordCount\":831,\"commentCount\":0,\"image\":{\"@id\":\"https:\\\/\\\/gazeta.am\\\/?p=1176#primaryimage\"},\"thumbnailUrl\":\"https:\\\/\\\/gazeta.am\\\/wp-content\\\/uploads\\\/2026\\\/03\\\/1a-85.jpg\",\"articleSection\":[\"NEWS\"],\"inLanguage\":\"ru-RU\",\"potentialAction\":[{\"@type\":\"CommentAction\",\"name\":\"Comment\",\"target\":[\"https:\\\/\\\/gazeta.am\\\/?p=1176#respond\"]}]},{\"@type\":\"WebPage\",\"@id\":\"https:\\\/\\\/gazeta.am\\\/?p=1176\",\"url\":\"https:\\\/\\\/gazeta.am\\\/?p=1176\",\"name\":\"Six ann\u00e9es avaient pass\u00e9 depuis ce jour de malheur. Mme Carmen, jadis une femme rayonnante, se tenait d\u00e9sormais vo\u00fbt\u00e9e dans son salon vide, le visage creus\u00e9 par le chagrin et les insomnies. -\",\"isPartOf\":{\"@id\":\"https:\\\/\\\/gazeta.am\\\/#website\"},\"primaryImageOfPage\":{\"@id\":\"https:\\\/\\\/gazeta.am\\\/?p=1176#primaryimage\"},\"image\":{\"@id\":\"https:\\\/\\\/gazeta.am\\\/?p=1176#primaryimage\"},\"thumbnailUrl\":\"https:\\\/\\\/gazeta.am\\\/wp-content\\\/uploads\\\/2026\\\/03\\\/1a-85.jpg\",\"datePublished\":\"2026-03-26T17:41:43+00:00\",\"dateModified\":\"2026-03-26T17:41:44+00:00\",\"author\":{\"@id\":\"https:\\\/\\\/gazeta.am\\\/#\\\/schema\\\/person\\\/987709955e760c9a1ebbb44776f8cccc\"},\"breadcrumb\":{\"@id\":\"https:\\\/\\\/gazeta.am\\\/?p=1176#breadcrumb\"},\"inLanguage\":\"ru-RU\",\"potentialAction\":[{\"@type\":\"ReadAction\",\"target\":[\"https:\\\/\\\/gazeta.am\\\/?p=1176\"]}]},{\"@type\":\"ImageObject\",\"inLanguage\":\"ru-RU\",\"@id\":\"https:\\\/\\\/gazeta.am\\\/?p=1176#primaryimage\",\"url\":\"https:\\\/\\\/gazeta.am\\\/wp-content\\\/uploads\\\/2026\\\/03\\\/1a-85.jpg\",\"contentUrl\":\"https:\\\/\\\/gazeta.am\\\/wp-content\\\/uploads\\\/2026\\\/03\\\/1a-85.jpg\",\"width\":687,\"height\":995},{\"@type\":\"BreadcrumbList\",\"@id\":\"https:\\\/\\\/gazeta.am\\\/?p=1176#breadcrumb\",\"itemListElement\":[{\"@type\":\"ListItem\",\"position\":1,\"name\":\"\u0413\u043b\u0430\u0432\u043d\u0430\u044f \u0441\u0442\u0440\u0430\u043d\u0438\u0446\u0430\",\"item\":\"https:\\\/\\\/gazeta.am\\\/\"},{\"@type\":\"ListItem\",\"position\":2,\"name\":\"Six ann\u00e9es avaient pass\u00e9 depuis ce jour de malheur. Mme Carmen, jadis une femme rayonnante, se tenait d\u00e9sormais vo\u00fbt\u00e9e dans son salon vide, le visage creus\u00e9 par le chagrin et les insomnies.\"}]},{\"@type\":\"WebSite\",\"@id\":\"https:\\\/\\\/gazeta.am\\\/#website\",\"url\":\"https:\\\/\\\/gazeta.am\\\/\",\"name\":\"\",\"description\":\"\",\"potentialAction\":[{\"@type\":\"SearchAction\",\"target\":{\"@type\":\"EntryPoint\",\"urlTemplate\":\"https:\\\/\\\/gazeta.am\\\/?s={search_term_string}\"},\"query-input\":{\"@type\":\"PropertyValueSpecification\",\"valueRequired\":true,\"valueName\":\"search_term_string\"}}],\"inLanguage\":\"ru-RU\"},{\"@type\":\"Person\",\"@id\":\"https:\\\/\\\/gazeta.am\\\/#\\\/schema\\\/person\\\/987709955e760c9a1ebbb44776f8cccc\",\"name\":\"admin\",\"image\":{\"@type\":\"ImageObject\",\"inLanguage\":\"ru-RU\",\"@id\":\"https:\\\/\\\/secure.gravatar.com\\\/avatar\\\/a24f4ac3a683f3c87303db525abc00db51ea26ccedee11dfaf1cc0f9a481a5d2?s=96&d=mm&r=g\",\"url\":\"https:\\\/\\\/secure.gravatar.com\\\/avatar\\\/a24f4ac3a683f3c87303db525abc00db51ea26ccedee11dfaf1cc0f9a481a5d2?s=96&d=mm&r=g\",\"contentUrl\":\"https:\\\/\\\/secure.gravatar.com\\\/avatar\\\/a24f4ac3a683f3c87303db525abc00db51ea26ccedee11dfaf1cc0f9a481a5d2?s=96&d=mm&r=g\",\"caption\":\"admin\"},\"sameAs\":[\"http:\\\/\\\/gazeta.am\"],\"url\":\"https:\\\/\\\/gazeta.am\\\/?author=1\"}]}<\/script>\n<!-- \/ Yoast SEO plugin. -->","yoast_head_json":{"title":"Six ann\u00e9es avaient pass\u00e9 depuis ce jour de malheur. Mme Carmen, jadis une femme rayonnante, se tenait d\u00e9sormais vo\u00fbt\u00e9e dans son salon vide, le visage creus\u00e9 par le chagrin et les insomnies. -","robots":{"index":"index","follow":"follow","max-snippet":"max-snippet:-1","max-image-preview":"max-image-preview:large","max-video-preview":"max-video-preview:-1"},"canonical":"https:\/\/gazeta.am\/?p=1176","og_locale":"ru_RU","og_type":"article","og_title":"Six ann\u00e9es avaient pass\u00e9 depuis ce jour de malheur. Mme Carmen, jadis une femme rayonnante, se tenait d\u00e9sormais vo\u00fbt\u00e9e dans son salon vide, le visage creus\u00e9 par le chagrin et les insomnies. -","og_description":"Les murs, autrefois d\u00e9cor\u00e9s de dessins et de troph\u00e9es de son fils, semblaient respirer la douleur silencieuse. Chaque tic-tac de l\u2019horloge lui rappelait","og_url":"https:\/\/gazeta.am\/?p=1176","article_published_time":"2026-03-26T17:41:43+00:00","article_modified_time":"2026-03-26T17:41:44+00:00","og_image":[{"width":687,"height":995,"url":"https:\/\/gazeta.am\/wp-content\/uploads\/2026\/03\/1a-85.jpg","type":"image\/jpeg"}],"author":"admin","twitter_card":"summary_large_image","twitter_misc":{"\u041d\u0430\u043f\u0438\u0441\u0430\u043d\u043e \u0430\u0432\u0442\u043e\u0440\u043e\u043c":"admin","\u041f\u0440\u0438\u043c\u0435\u0440\u043d\u043e\u0435 \u0432\u0440\u0435\u043c\u044f \u0434\u043b\u044f \u0447\u0442\u0435\u043d\u0438\u044f":"5 \u043c\u0438\u043d\u0443\u0442"},"schema":{"@context":"https:\/\/schema.org","@graph":[{"@type":"Article","@id":"https:\/\/gazeta.am\/?p=1176#article","isPartOf":{"@id":"https:\/\/gazeta.am\/?p=1176"},"author":{"name":"admin","@id":"https:\/\/gazeta.am\/#\/schema\/person\/987709955e760c9a1ebbb44776f8cccc"},"headline":"Six ann\u00e9es avaient pass\u00e9 depuis ce jour de malheur. Mme Carmen, jadis une femme rayonnante, se tenait d\u00e9sormais vo\u00fbt\u00e9e dans son salon vide, le visage creus\u00e9 par le chagrin et les insomnies.","datePublished":"2026-03-26T17:41:43+00:00","dateModified":"2026-03-26T17:41:44+00:00","mainEntityOfPage":{"@id":"https:\/\/gazeta.am\/?p=1176"},"wordCount":831,"commentCount":0,"image":{"@id":"https:\/\/gazeta.am\/?p=1176#primaryimage"},"thumbnailUrl":"https:\/\/gazeta.am\/wp-content\/uploads\/2026\/03\/1a-85.jpg","articleSection":["NEWS"],"inLanguage":"ru-RU","potentialAction":[{"@type":"CommentAction","name":"Comment","target":["https:\/\/gazeta.am\/?p=1176#respond"]}]},{"@type":"WebPage","@id":"https:\/\/gazeta.am\/?p=1176","url":"https:\/\/gazeta.am\/?p=1176","name":"Six ann\u00e9es avaient pass\u00e9 depuis ce jour de malheur. Mme Carmen, jadis une femme rayonnante, se tenait d\u00e9sormais vo\u00fbt\u00e9e dans son salon vide, le visage creus\u00e9 par le chagrin et les insomnies. -","isPartOf":{"@id":"https:\/\/gazeta.am\/#website"},"primaryImageOfPage":{"@id":"https:\/\/gazeta.am\/?p=1176#primaryimage"},"image":{"@id":"https:\/\/gazeta.am\/?p=1176#primaryimage"},"thumbnailUrl":"https:\/\/gazeta.am\/wp-content\/uploads\/2026\/03\/1a-85.jpg","datePublished":"2026-03-26T17:41:43+00:00","dateModified":"2026-03-26T17:41:44+00:00","author":{"@id":"https:\/\/gazeta.am\/#\/schema\/person\/987709955e760c9a1ebbb44776f8cccc"},"breadcrumb":{"@id":"https:\/\/gazeta.am\/?p=1176#breadcrumb"},"inLanguage":"ru-RU","potentialAction":[{"@type":"ReadAction","target":["https:\/\/gazeta.am\/?p=1176"]}]},{"@type":"ImageObject","inLanguage":"ru-RU","@id":"https:\/\/gazeta.am\/?p=1176#primaryimage","url":"https:\/\/gazeta.am\/wp-content\/uploads\/2026\/03\/1a-85.jpg","contentUrl":"https:\/\/gazeta.am\/wp-content\/uploads\/2026\/03\/1a-85.jpg","width":687,"height":995},{"@type":"BreadcrumbList","@id":"https:\/\/gazeta.am\/?p=1176#breadcrumb","itemListElement":[{"@type":"ListItem","position":1,"name":"\u0413\u043b\u0430\u0432\u043d\u0430\u044f \u0441\u0442\u0440\u0430\u043d\u0438\u0446\u0430","item":"https:\/\/gazeta.am\/"},{"@type":"ListItem","position":2,"name":"Six ann\u00e9es avaient pass\u00e9 depuis ce jour de malheur. Mme Carmen, jadis une femme rayonnante, se tenait d\u00e9sormais vo\u00fbt\u00e9e dans son salon vide, le visage creus\u00e9 par le chagrin et les insomnies."}]},{"@type":"WebSite","@id":"https:\/\/gazeta.am\/#website","url":"https:\/\/gazeta.am\/","name":"","description":"","potentialAction":[{"@type":"SearchAction","target":{"@type":"EntryPoint","urlTemplate":"https:\/\/gazeta.am\/?s={search_term_string}"},"query-input":{"@type":"PropertyValueSpecification","valueRequired":true,"valueName":"search_term_string"}}],"inLanguage":"ru-RU"},{"@type":"Person","@id":"https:\/\/gazeta.am\/#\/schema\/person\/987709955e760c9a1ebbb44776f8cccc","name":"admin","image":{"@type":"ImageObject","inLanguage":"ru-RU","@id":"https:\/\/secure.gravatar.com\/avatar\/a24f4ac3a683f3c87303db525abc00db51ea26ccedee11dfaf1cc0f9a481a5d2?s=96&d=mm&r=g","url":"https:\/\/secure.gravatar.com\/avatar\/a24f4ac3a683f3c87303db525abc00db51ea26ccedee11dfaf1cc0f9a481a5d2?s=96&d=mm&r=g","contentUrl":"https:\/\/secure.gravatar.com\/avatar\/a24f4ac3a683f3c87303db525abc00db51ea26ccedee11dfaf1cc0f9a481a5d2?s=96&d=mm&r=g","caption":"admin"},"sameAs":["http:\/\/gazeta.am"],"url":"https:\/\/gazeta.am\/?author=1"}]}},"_links":{"self":[{"href":"https:\/\/gazeta.am\/index.php?rest_route=\/wp\/v2\/posts\/1176","targetHints":{"allow":["GET"]}}],"collection":[{"href":"https:\/\/gazeta.am\/index.php?rest_route=\/wp\/v2\/posts"}],"about":[{"href":"https:\/\/gazeta.am\/index.php?rest_route=\/wp\/v2\/types\/post"}],"author":[{"embeddable":true,"href":"https:\/\/gazeta.am\/index.php?rest_route=\/wp\/v2\/users\/1"}],"replies":[{"embeddable":true,"href":"https:\/\/gazeta.am\/index.php?rest_route=%2Fwp%2Fv2%2Fcomments&post=1176"}],"version-history":[{"count":1,"href":"https:\/\/gazeta.am\/index.php?rest_route=\/wp\/v2\/posts\/1176\/revisions"}],"predecessor-version":[{"id":1178,"href":"https:\/\/gazeta.am\/index.php?rest_route=\/wp\/v2\/posts\/1176\/revisions\/1178"}],"wp:featuredmedia":[{"embeddable":true,"href":"https:\/\/gazeta.am\/index.php?rest_route=\/wp\/v2\/media\/1177"}],"wp:attachment":[{"href":"https:\/\/gazeta.am\/index.php?rest_route=%2Fwp%2Fv2%2Fmedia&parent=1176"}],"wp:term":[{"taxonomy":"category","embeddable":true,"href":"https:\/\/gazeta.am\/index.php?rest_route=%2Fwp%2Fv2%2Fcategories&post=1176"},{"taxonomy":"post_tag","embeddable":true,"href":"https:\/\/gazeta.am\/index.php?rest_route=%2Fwp%2Fv2%2Ftags&post=1176"}],"curies":[{"name":"wp","href":"https:\/\/api.w.org\/{rel}","templated":true}]}}