{"id":1164,"date":"2026-03-26T19:55:56","date_gmt":"2026-03-26T16:55:56","guid":{"rendered":"https:\/\/gazeta.am\/?p=1164"},"modified":"2026-03-26T19:55:58","modified_gmt":"2026-03-26T16:55:58","slug":"lappel-qui-a-tout-declenche","status":"publish","type":"post","link":"https:\/\/gazeta.am\/?p=1164","title":{"rendered":"L\u2019appel qui a tout d\u00e9clench\u00e9"},"content":{"rendered":"\n<p>Mon mari travaille beaucoup. La plupart du temps, je suis seule avec nos deux gar\u00e7ons, \u00e2g\u00e9s de sept et neuf ans.<\/p>\n\n\n\n<p>Ce sont des enfants gentils. Ils adorent jouer dehors : faire du v\u00e9lo, courir, poursuivre les enfants du voisinage. Et franchement, j\u2019en suis heureuse. Dans un monde o\u00f9 les enfants passent trop de temps devant les \u00e9crans, je pr\u00e9f\u00e8re mille fois les voir rire et crier dans la rue que coll\u00e9s \u00e0 une tablette.<\/p>\n\n\n\n<p>Ils ne jouent pas devant la maison, mais sur le petit terrain de jeu au bout de la rue ou chez les amis. Rien d\u2019extraordinaire. Juste des enfants normaux qui vivent leur enfance.<\/p>\n\n\n\n<p>Mais Deborah, notre voisine d\u2019en face, agit comme si nos enfants \u00e9taient l\u00e0 uniquement pour lui rendre la vie impossible.<\/p>\n\n\n\n<figure class=\"wp-block-image size-large\"><img loading=\"lazy\" decoding=\"async\" width=\"825\" height=\"1024\" src=\"https:\/\/gazeta.am\/wp-content\/uploads\/2026\/03\/1a-81-825x1024.jpg\" alt=\"\" class=\"wp-image-1165\" srcset=\"https:\/\/gazeta.am\/wp-content\/uploads\/2026\/03\/1a-81-825x1024.jpg 825w, https:\/\/gazeta.am\/wp-content\/uploads\/2026\/03\/1a-81-242x300.jpg 242w, https:\/\/gazeta.am\/wp-content\/uploads\/2026\/03\/1a-81-768x953.jpg 768w, https:\/\/gazeta.am\/wp-content\/uploads\/2026\/03\/1a-81.jpg 1001w\" sizes=\"auto, (max-width: 825px) 100vw, 825px\" \/><\/figure>\n\n\n\n<p>Quand ils rient trop fort, elle secoue ses volets comme pour attraper un criminel. Quand ils courent sur le trottoir, elle les fixe comme s\u2019ils \u00e9taient des animaux dangereux.<\/p>\n\n\n\n<p>Et ce n\u2019est pas nouveau. Elle s\u2019est d\u00e9j\u00e0 plainte :<\/p>\n\n\n\n<p>\u2014 \u00ab\u202fC\u2019est ce bruit, vous savez\u2026 les enfants ne devraient pas crier dehors.\u202f\u00bb<\/p>\n\n\n\n<p>J\u2019ai juste lev\u00e9 les yeux au ciel. Comme si je pouvais contr\u00f4ler la joie naturelle de mes enfants. Comme si je devais transformer leur innocence en silence aseptis\u00e9.<\/p>\n\n\n\n<p>J\u2019ai essay\u00e9 de l\u2019ignorer. Je ne voulais pas de conflit.<\/p>\n\n\n\n<p>Mais la semaine derni\u00e8re, tout a bascul\u00e9.<\/p>\n\n\n\n<p>Mon fils a\u00een\u00e9 est venu me trouver en chuchotant :<\/p>\n\n\n\n<p>\u2014 \u00ab\u202fMaman\u2026 il y a la police\u2026\u202f\u00bb<\/p>\n\n\n\n<p>Mon c\u0153ur s\u2019est arr\u00eat\u00e9.<\/p>\n\n\n\n<p>Je suis sortie en courant et j\u2019ai vu deux policiers au terrain de jeu, entour\u00e9s de mes gar\u00e7ons et d\u2019autres enfants. Mon petit de sept ans avait l\u2019air terroris\u00e9. Mon neuf ans me regardait avec un m\u00e9lange d\u2019incompr\u00e9hension et de peur, comme s\u2019il venait de commettre une faute impardonnable.<\/p>\n\n\n\n<p>L\u2019un des policiers m\u2019a expliqu\u00e9 :<\/p>\n\n\n\n<p>\u2014 \u00ab\u202fNous avons re\u00e7u un appel concernant des enfants bruyants. Le signalement faisait aussi mention de possibles drogues.\u202f\u00bb<\/p>\n\n\n\n<p>J\u2019ai cru que j\u2019allais m\u2019\u00e9vanouir.<\/p>\n\n\n\n<p>\u2014 \u00ab\u202fDes drogues\u202f? Ils ont sept et neuf ans\u202f!\u202f\u00bb ai-je r\u00e9pondu, la voix tremblante.<\/p>\n\n\n\n<p>Apr\u00e8s quelques explications, les policiers ont compris que c\u2019\u00e9tait absurde et ont commenc\u00e9 \u00e0 partir. Mais avant de s\u2019\u00e9loigner, l\u2019un d\u2019eux a ajout\u00e9 :<\/p>\n\n\n\n<p>\u2014 \u00ab\u202fNous ne pouvons rien faire contre l\u2019appelant. Il a ses droits.\u202f\u00bb<\/p>\n\n\n\n<p>J\u2019ai alors vu Deborah derri\u00e8re sa fen\u00eatre. Son rideau trembla et j\u2019ai presque senti son sourire triomphant.<\/p>\n\n\n\n<p>\u00c0 ce moment-l\u00e0, une id\u00e9e m\u2019est venue. Si elle voulait jouer \u00e0 ce jeu, alors moi aussi je pouvais jouer selon mes r\u00e8gles.<\/p>\n\n\n\n<p>Le soir m\u00eame, je me suis assise avec mes gar\u00e7ons pour discuter calmement. Je ne voulais pas que cet incident transforme leur innocence en peur.<\/p>\n\n\n\n<p>\u2014 \u00ab\u202f\u00c9coutez-moi bien, mes ch\u00e9ris,\u202f\u00bb ai-je dit. \u00ab\u202fVous n\u2019avez rien fait de mal. Ce que certaines personnes disent ou font ne change pas qui vous \u00eates.\u202f\u00bb<\/p>\n\n\n\n<p>Ils ont hoch\u00e9 la t\u00eate, encore secou\u00e9s. Je savais qu\u2019il fallait agir intelligemment, pas seulement avec col\u00e8re. Si je m\u2019\u00e9nervais devant Deborah ou devant la police, cela se retournerait contre nous.<\/p>\n\n\n\n<p>Alors, j\u2019ai commenc\u00e9 \u00e0 planifier m\u00e9ticuleusement. Chaque mouvement devait \u00eatre pr\u00e9cis, chaque action inattaquable.<\/p>\n\n\n\n<p>Le lendemain matin, je me suis lev\u00e9e \u00e0 l\u2019aube. J\u2019ai pris des photos des gar\u00e7ons jouant au ballon sur le terrain de jeu, documentant tout de mani\u00e8re officielle et l\u00e9gale. Puis j\u2019ai contact\u00e9 l\u2019association locale des parents d\u2019\u00e9l\u00e8ves et la mairie pour m\u2019informer sur nos droits et sur les limites qu\u2019un voisin peut l\u00e9galement imposer.<\/p>\n\n\n\n<p>Deborah pensait que son pouvoir venait de l\u2019intimidation. Mais elle ignorait que je connaissais mes droits. Je voulais que ses actions aient des cons\u00e9quences, mais de mani\u00e8re subtile, implacable et in\u00e9vitable.<\/p>\n\n\n\n<p>Au fil des jours, j\u2019ai d\u00e9couvert qu\u2019elle avait un historique de plaintes absurdes aupr\u00e8s de la mairie et de voisins. Chaque fois, elle pr\u00e9tendait \u00eatre d\u00e9rang\u00e9e par le bruit, le stationnement ou les enfants des autres. Mais ses dossiers \u00e9taient remplis de contradictions.<\/p>\n\n\n\n<p>J\u2019ai commenc\u00e9 \u00e0 collecter ces preuves, \u00e0 documenter chaque incident, chaque appel de police. Chaque t\u00e9moignage que je pouvais obtenir aupr\u00e8s d\u2019autres parents allait me servir. Si elle voulait nous attaquer, elle devait \u00eatre pr\u00eate \u00e0 \u00eatre expos\u00e9e.<\/p>\n\n\n\n<p>Pendant ce temps, mes gar\u00e7ons jouaient, riaient, et peu \u00e0 peu, je voyais leur peur dispara\u00eetre. Leur joie innocente redevenait un bouclier contre l\u2019hostilit\u00e9.<\/p>\n\n\n\n<p>Puis vint le jour o\u00f9 Deborah s\u2019attaqua \u00e0 un autre enfant du voisinage, et cette fois, elle se fit filmer. Je savais que j\u2019avais toutes les cartes en main.<\/p>\n\n\n\n<p>J\u2019ai envoy\u00e9 un courrier officiel \u00e0 la mairie, aux services sociaux et \u00e0 l\u2019association des parents, incluant toutes les preuves\u202f: photos, vid\u00e9os, t\u00e9moignages. Tout \u00e9tait soigneusement <strong>dat\u00e9 et document\u00e9<\/strong>.<\/p>\n\n\n\n<p>Quelques jours plus tard, Deborah re\u00e7ut <strong>une convocation officielle<\/strong> pour une r\u00e9union avec la mairie. Elle ne s\u2019attendait pas \u00e0 cela. Elle pensait que ses actions resteraient impunies. Mais cette fois-ci, <strong>la justice allait parler<\/strong>.<\/p>\n\n\n\n<p>Je me suis tenue \u00e0 distance, observant la situation. J\u2019ai vu son expression changer\u202f: de l\u2019arrogance \u00e0 la panique. Elle comprit enfin que son pouvoir <strong>s\u2019effondrait devant la v\u00e9rit\u00e9<\/strong>.<\/p>\n\n\n\n<p>Mes enfants pouvaient jouer librement, sans peur. Et moi, j\u2019avais d\u00e9couvert une force que je ne soup\u00e7onnais pas\u202f: <strong>la capacit\u00e9 \u00e0 prot\u00e9ger mes enfants avec intelligence et courage, m\u00eame face \u00e0 l\u2019adversit\u00e9.<\/strong><\/p>\n","protected":false},"excerpt":{"rendered":"Mon mari travaille beaucoup. La plupart du temps, je suis seule avec nos deux gar\u00e7ons, \u00e2g\u00e9s de sept et neuf ans. Ce sont \n<a class=\"moretag\" href=\"https:\/\/gazeta.am\/?p=1164\"> [...]<\/a>","protected":false},"author":1,"featured_media":1165,"comment_status":"open","ping_status":"open","sticky":false,"template":"","format":"standard","meta":{"footnotes":""},"categories":[1],"tags":[],"class_list":["post-1164","post","type-post","status-publish","format-standard","has-post-thumbnail","hentry","category-1"],"yoast_head":"<!-- This site is optimized with the Yoast SEO plugin v27.4 - https:\/\/yoast.com\/product\/yoast-seo-wordpress\/ -->\n<title>L\u2019appel qui a tout d\u00e9clench\u00e9 -<\/title>\n<meta name=\"robots\" content=\"index, follow, max-snippet:-1, max-image-preview:large, max-video-preview:-1\" \/>\n<link rel=\"canonical\" href=\"https:\/\/gazeta.am\/?p=1164\" \/>\n<meta property=\"og:locale\" content=\"ru_RU\" \/>\n<meta property=\"og:type\" content=\"article\" \/>\n<meta property=\"og:title\" content=\"L\u2019appel qui a tout d\u00e9clench\u00e9 -\" \/>\n<meta property=\"og:description\" content=\"Mon mari travaille beaucoup. La plupart du temps, je suis seule avec nos deux gar\u00e7ons, \u00e2g\u00e9s de sept et neuf ans. Ce sont\" \/>\n<meta property=\"og:url\" content=\"https:\/\/gazeta.am\/?p=1164\" \/>\n<meta property=\"article:published_time\" content=\"2026-03-26T16:55:56+00:00\" \/>\n<meta property=\"article:modified_time\" content=\"2026-03-26T16:55:58+00:00\" \/>\n<meta property=\"og:image\" content=\"https:\/\/gazeta.am\/wp-content\/uploads\/2026\/03\/1a-81.jpg\" \/>\n\t<meta property=\"og:image:width\" content=\"1001\" \/>\n\t<meta property=\"og:image:height\" content=\"1242\" \/>\n\t<meta property=\"og:image:type\" content=\"image\/jpeg\" \/>\n<meta name=\"author\" content=\"admin\" \/>\n<meta name=\"twitter:card\" content=\"summary_large_image\" \/>\n<meta name=\"twitter:label1\" content=\"\u041d\u0430\u043f\u0438\u0441\u0430\u043d\u043e \u0430\u0432\u0442\u043e\u0440\u043e\u043c\" \/>\n\t<meta name=\"twitter:data1\" content=\"admin\" \/>\n\t<meta name=\"twitter:label2\" content=\"\u041f\u0440\u0438\u043c\u0435\u0440\u043d\u043e\u0435 \u0432\u0440\u0435\u043c\u044f \u0434\u043b\u044f \u0447\u0442\u0435\u043d\u0438\u044f\" \/>\n\t<meta name=\"twitter:data2\" content=\"5 \u043c\u0438\u043d\u0443\u0442\" \/>\n<script type=\"application\/ld+json\" class=\"yoast-schema-graph\">{\"@context\":\"https:\\\/\\\/schema.org\",\"@graph\":[{\"@type\":\"Article\",\"@id\":\"https:\\\/\\\/gazeta.am\\\/?p=1164#article\",\"isPartOf\":{\"@id\":\"https:\\\/\\\/gazeta.am\\\/?p=1164\"},\"author\":{\"name\":\"admin\",\"@id\":\"https:\\\/\\\/gazeta.am\\\/#\\\/schema\\\/person\\\/987709955e760c9a1ebbb44776f8cccc\"},\"headline\":\"L\u2019appel qui a tout d\u00e9clench\u00e9\",\"datePublished\":\"2026-03-26T16:55:56+00:00\",\"dateModified\":\"2026-03-26T16:55:58+00:00\",\"mainEntityOfPage\":{\"@id\":\"https:\\\/\\\/gazeta.am\\\/?p=1164\"},\"wordCount\":949,\"commentCount\":0,\"image\":{\"@id\":\"https:\\\/\\\/gazeta.am\\\/?p=1164#primaryimage\"},\"thumbnailUrl\":\"https:\\\/\\\/gazeta.am\\\/wp-content\\\/uploads\\\/2026\\\/03\\\/1a-81.jpg\",\"articleSection\":[\"NEWS\"],\"inLanguage\":\"ru-RU\",\"potentialAction\":[{\"@type\":\"CommentAction\",\"name\":\"Comment\",\"target\":[\"https:\\\/\\\/gazeta.am\\\/?p=1164#respond\"]}]},{\"@type\":\"WebPage\",\"@id\":\"https:\\\/\\\/gazeta.am\\\/?p=1164\",\"url\":\"https:\\\/\\\/gazeta.am\\\/?p=1164\",\"name\":\"L\u2019appel qui a tout d\u00e9clench\u00e9 -\",\"isPartOf\":{\"@id\":\"https:\\\/\\\/gazeta.am\\\/#website\"},\"primaryImageOfPage\":{\"@id\":\"https:\\\/\\\/gazeta.am\\\/?p=1164#primaryimage\"},\"image\":{\"@id\":\"https:\\\/\\\/gazeta.am\\\/?p=1164#primaryimage\"},\"thumbnailUrl\":\"https:\\\/\\\/gazeta.am\\\/wp-content\\\/uploads\\\/2026\\\/03\\\/1a-81.jpg\",\"datePublished\":\"2026-03-26T16:55:56+00:00\",\"dateModified\":\"2026-03-26T16:55:58+00:00\",\"author\":{\"@id\":\"https:\\\/\\\/gazeta.am\\\/#\\\/schema\\\/person\\\/987709955e760c9a1ebbb44776f8cccc\"},\"breadcrumb\":{\"@id\":\"https:\\\/\\\/gazeta.am\\\/?p=1164#breadcrumb\"},\"inLanguage\":\"ru-RU\",\"potentialAction\":[{\"@type\":\"ReadAction\",\"target\":[\"https:\\\/\\\/gazeta.am\\\/?p=1164\"]}]},{\"@type\":\"ImageObject\",\"inLanguage\":\"ru-RU\",\"@id\":\"https:\\\/\\\/gazeta.am\\\/?p=1164#primaryimage\",\"url\":\"https:\\\/\\\/gazeta.am\\\/wp-content\\\/uploads\\\/2026\\\/03\\\/1a-81.jpg\",\"contentUrl\":\"https:\\\/\\\/gazeta.am\\\/wp-content\\\/uploads\\\/2026\\\/03\\\/1a-81.jpg\",\"width\":1001,\"height\":1242},{\"@type\":\"BreadcrumbList\",\"@id\":\"https:\\\/\\\/gazeta.am\\\/?p=1164#breadcrumb\",\"itemListElement\":[{\"@type\":\"ListItem\",\"position\":1,\"name\":\"\u0413\u043b\u0430\u0432\u043d\u0430\u044f \u0441\u0442\u0440\u0430\u043d\u0438\u0446\u0430\",\"item\":\"https:\\\/\\\/gazeta.am\\\/\"},{\"@type\":\"ListItem\",\"position\":2,\"name\":\"L\u2019appel qui a tout d\u00e9clench\u00e9\"}]},{\"@type\":\"WebSite\",\"@id\":\"https:\\\/\\\/gazeta.am\\\/#website\",\"url\":\"https:\\\/\\\/gazeta.am\\\/\",\"name\":\"\",\"description\":\"\",\"potentialAction\":[{\"@type\":\"SearchAction\",\"target\":{\"@type\":\"EntryPoint\",\"urlTemplate\":\"https:\\\/\\\/gazeta.am\\\/?s={search_term_string}\"},\"query-input\":{\"@type\":\"PropertyValueSpecification\",\"valueRequired\":true,\"valueName\":\"search_term_string\"}}],\"inLanguage\":\"ru-RU\"},{\"@type\":\"Person\",\"@id\":\"https:\\\/\\\/gazeta.am\\\/#\\\/schema\\\/person\\\/987709955e760c9a1ebbb44776f8cccc\",\"name\":\"admin\",\"image\":{\"@type\":\"ImageObject\",\"inLanguage\":\"ru-RU\",\"@id\":\"https:\\\/\\\/secure.gravatar.com\\\/avatar\\\/a24f4ac3a683f3c87303db525abc00db51ea26ccedee11dfaf1cc0f9a481a5d2?s=96&d=mm&r=g\",\"url\":\"https:\\\/\\\/secure.gravatar.com\\\/avatar\\\/a24f4ac3a683f3c87303db525abc00db51ea26ccedee11dfaf1cc0f9a481a5d2?s=96&d=mm&r=g\",\"contentUrl\":\"https:\\\/\\\/secure.gravatar.com\\\/avatar\\\/a24f4ac3a683f3c87303db525abc00db51ea26ccedee11dfaf1cc0f9a481a5d2?s=96&d=mm&r=g\",\"caption\":\"admin\"},\"sameAs\":[\"http:\\\/\\\/gazeta.am\"],\"url\":\"https:\\\/\\\/gazeta.am\\\/?author=1\"}]}<\/script>\n<!-- \/ Yoast SEO plugin. -->","yoast_head_json":{"title":"L\u2019appel qui a tout d\u00e9clench\u00e9 -","robots":{"index":"index","follow":"follow","max-snippet":"max-snippet:-1","max-image-preview":"max-image-preview:large","max-video-preview":"max-video-preview:-1"},"canonical":"https:\/\/gazeta.am\/?p=1164","og_locale":"ru_RU","og_type":"article","og_title":"L\u2019appel qui a tout d\u00e9clench\u00e9 -","og_description":"Mon mari travaille beaucoup. La plupart du temps, je suis seule avec nos deux gar\u00e7ons, \u00e2g\u00e9s de sept et neuf ans. Ce sont","og_url":"https:\/\/gazeta.am\/?p=1164","article_published_time":"2026-03-26T16:55:56+00:00","article_modified_time":"2026-03-26T16:55:58+00:00","og_image":[{"width":1001,"height":1242,"url":"https:\/\/gazeta.am\/wp-content\/uploads\/2026\/03\/1a-81.jpg","type":"image\/jpeg"}],"author":"admin","twitter_card":"summary_large_image","twitter_misc":{"\u041d\u0430\u043f\u0438\u0441\u0430\u043d\u043e \u0430\u0432\u0442\u043e\u0440\u043e\u043c":"admin","\u041f\u0440\u0438\u043c\u0435\u0440\u043d\u043e\u0435 \u0432\u0440\u0435\u043c\u044f \u0434\u043b\u044f \u0447\u0442\u0435\u043d\u0438\u044f":"5 \u043c\u0438\u043d\u0443\u0442"},"schema":{"@context":"https:\/\/schema.org","@graph":[{"@type":"Article","@id":"https:\/\/gazeta.am\/?p=1164#article","isPartOf":{"@id":"https:\/\/gazeta.am\/?p=1164"},"author":{"name":"admin","@id":"https:\/\/gazeta.am\/#\/schema\/person\/987709955e760c9a1ebbb44776f8cccc"},"headline":"L\u2019appel qui a tout d\u00e9clench\u00e9","datePublished":"2026-03-26T16:55:56+00:00","dateModified":"2026-03-26T16:55:58+00:00","mainEntityOfPage":{"@id":"https:\/\/gazeta.am\/?p=1164"},"wordCount":949,"commentCount":0,"image":{"@id":"https:\/\/gazeta.am\/?p=1164#primaryimage"},"thumbnailUrl":"https:\/\/gazeta.am\/wp-content\/uploads\/2026\/03\/1a-81.jpg","articleSection":["NEWS"],"inLanguage":"ru-RU","potentialAction":[{"@type":"CommentAction","name":"Comment","target":["https:\/\/gazeta.am\/?p=1164#respond"]}]},{"@type":"WebPage","@id":"https:\/\/gazeta.am\/?p=1164","url":"https:\/\/gazeta.am\/?p=1164","name":"L\u2019appel qui a tout d\u00e9clench\u00e9 -","isPartOf":{"@id":"https:\/\/gazeta.am\/#website"},"primaryImageOfPage":{"@id":"https:\/\/gazeta.am\/?p=1164#primaryimage"},"image":{"@id":"https:\/\/gazeta.am\/?p=1164#primaryimage"},"thumbnailUrl":"https:\/\/gazeta.am\/wp-content\/uploads\/2026\/03\/1a-81.jpg","datePublished":"2026-03-26T16:55:56+00:00","dateModified":"2026-03-26T16:55:58+00:00","author":{"@id":"https:\/\/gazeta.am\/#\/schema\/person\/987709955e760c9a1ebbb44776f8cccc"},"breadcrumb":{"@id":"https:\/\/gazeta.am\/?p=1164#breadcrumb"},"inLanguage":"ru-RU","potentialAction":[{"@type":"ReadAction","target":["https:\/\/gazeta.am\/?p=1164"]}]},{"@type":"ImageObject","inLanguage":"ru-RU","@id":"https:\/\/gazeta.am\/?p=1164#primaryimage","url":"https:\/\/gazeta.am\/wp-content\/uploads\/2026\/03\/1a-81.jpg","contentUrl":"https:\/\/gazeta.am\/wp-content\/uploads\/2026\/03\/1a-81.jpg","width":1001,"height":1242},{"@type":"BreadcrumbList","@id":"https:\/\/gazeta.am\/?p=1164#breadcrumb","itemListElement":[{"@type":"ListItem","position":1,"name":"\u0413\u043b\u0430\u0432\u043d\u0430\u044f \u0441\u0442\u0440\u0430\u043d\u0438\u0446\u0430","item":"https:\/\/gazeta.am\/"},{"@type":"ListItem","position":2,"name":"L\u2019appel qui a tout d\u00e9clench\u00e9"}]},{"@type":"WebSite","@id":"https:\/\/gazeta.am\/#website","url":"https:\/\/gazeta.am\/","name":"","description":"","potentialAction":[{"@type":"SearchAction","target":{"@type":"EntryPoint","urlTemplate":"https:\/\/gazeta.am\/?s={search_term_string}"},"query-input":{"@type":"PropertyValueSpecification","valueRequired":true,"valueName":"search_term_string"}}],"inLanguage":"ru-RU"},{"@type":"Person","@id":"https:\/\/gazeta.am\/#\/schema\/person\/987709955e760c9a1ebbb44776f8cccc","name":"admin","image":{"@type":"ImageObject","inLanguage":"ru-RU","@id":"https:\/\/secure.gravatar.com\/avatar\/a24f4ac3a683f3c87303db525abc00db51ea26ccedee11dfaf1cc0f9a481a5d2?s=96&d=mm&r=g","url":"https:\/\/secure.gravatar.com\/avatar\/a24f4ac3a683f3c87303db525abc00db51ea26ccedee11dfaf1cc0f9a481a5d2?s=96&d=mm&r=g","contentUrl":"https:\/\/secure.gravatar.com\/avatar\/a24f4ac3a683f3c87303db525abc00db51ea26ccedee11dfaf1cc0f9a481a5d2?s=96&d=mm&r=g","caption":"admin"},"sameAs":["http:\/\/gazeta.am"],"url":"https:\/\/gazeta.am\/?author=1"}]}},"_links":{"self":[{"href":"https:\/\/gazeta.am\/index.php?rest_route=\/wp\/v2\/posts\/1164","targetHints":{"allow":["GET"]}}],"collection":[{"href":"https:\/\/gazeta.am\/index.php?rest_route=\/wp\/v2\/posts"}],"about":[{"href":"https:\/\/gazeta.am\/index.php?rest_route=\/wp\/v2\/types\/post"}],"author":[{"embeddable":true,"href":"https:\/\/gazeta.am\/index.php?rest_route=\/wp\/v2\/users\/1"}],"replies":[{"embeddable":true,"href":"https:\/\/gazeta.am\/index.php?rest_route=%2Fwp%2Fv2%2Fcomments&post=1164"}],"version-history":[{"count":1,"href":"https:\/\/gazeta.am\/index.php?rest_route=\/wp\/v2\/posts\/1164\/revisions"}],"predecessor-version":[{"id":1166,"href":"https:\/\/gazeta.am\/index.php?rest_route=\/wp\/v2\/posts\/1164\/revisions\/1166"}],"wp:featuredmedia":[{"embeddable":true,"href":"https:\/\/gazeta.am\/index.php?rest_route=\/wp\/v2\/media\/1165"}],"wp:attachment":[{"href":"https:\/\/gazeta.am\/index.php?rest_route=%2Fwp%2Fv2%2Fmedia&parent=1164"}],"wp:term":[{"taxonomy":"category","embeddable":true,"href":"https:\/\/gazeta.am\/index.php?rest_route=%2Fwp%2Fv2%2Fcategories&post=1164"},{"taxonomy":"post_tag","embeddable":true,"href":"https:\/\/gazeta.am\/index.php?rest_route=%2Fwp%2Fv2%2Ftags&post=1164"}],"curies":[{"name":"wp","href":"https:\/\/api.w.org\/{rel}","templated":true}]}}