{"id":1161,"date":"2026-03-26T19:51:19","date_gmt":"2026-03-26T16:51:19","guid":{"rendered":"https:\/\/gazeta.am\/?p=1161"},"modified":"2026-03-26T19:51:21","modified_gmt":"2026-03-26T16:51:21","slug":"la-menace-silencieuse","status":"publish","type":"post","link":"https:\/\/gazeta.am\/?p=1161","title":{"rendered":"La menace silencieuse"},"content":{"rendered":"\n<p>Mon mari et sa m\u00e8re voulaient faire un test ADN de notre fils. J\u2019avais dit \u00ab\u202fd\u2019accord\u202f\u00bb, mais ce que j\u2019exigeai en retour allait tout changer.<\/p>\n\n\n\n<p>Depuis toujours, ma belle-m\u00e8re, Denise, nourrissait une animosit\u00e9 envers moi. \u00c0 la naissance de notre fils, elle franchit une ligne que je n\u2019avais jamais imagin\u00e9e. Quand elle osa remettre en question ma fid\u00e9lit\u00e9, je ne pus rester silencieuse. J\u2019acceptai le test ADN \u2014 mais seulement sous une condition. Et cette condition allait d\u00e9clencher une temp\u00eate que personne n\u2019avait anticip\u00e9e.<\/p>\n\n\n\n<p>J\u2019avais soutenu Adam \u00e0 travers des ann\u00e9es de luttes\u202f: deux pertes d\u2019emploi, le lancement h\u00e9sitant de sa soci\u00e9t\u00e9, nos d\u00e9buts modestes. Mais chaque moment de bonheur \u00e9tait toujours assombri par la pr\u00e9sence froide et calculatrice de Denise.<\/p>\n\n\n\n<p>D\u00e8s le premier jour, elle me traita comme si j\u2019\u00e9tais inf\u00e9rieure, comme si ma simple existence mena\u00e7ait sa sup\u00e9riorit\u00e9 sociale. Elle ne le disait jamais ouvertement, mais chaque regard, chaque remarque, chaque correction devant les autres \u00e9tait une fl\u00e8che silencieuse.<\/p>\n\n\n\n<figure class=\"wp-block-image size-large\"><img loading=\"lazy\" decoding=\"async\" width=\"817\" height=\"1024\" src=\"https:\/\/gazeta.am\/wp-content\/uploads\/2026\/03\/1a-80-817x1024.jpg\" alt=\"\" class=\"wp-image-1162\" srcset=\"https:\/\/gazeta.am\/wp-content\/uploads\/2026\/03\/1a-80-817x1024.jpg 817w, https:\/\/gazeta.am\/wp-content\/uploads\/2026\/03\/1a-80-239x300.jpg 239w, https:\/\/gazeta.am\/wp-content\/uploads\/2026\/03\/1a-80-768x963.jpg 768w, https:\/\/gazeta.am\/wp-content\/uploads\/2026\/03\/1a-80.jpg 998w\" sizes=\"auto, (max-width: 817px) 100vw, 817px\" \/><\/figure>\n\n\n\n<p>Ma famille n\u2019avait rien de brillant\u202f: pas de brunchs dominicaux dans des clubs hupp\u00e9s, pas de maisons secondaires. Nous nous \u00e9tions mari\u00e9s en toute simplicit\u00e9, loin des projecteurs, et cela l\u2019avait presque exclue de notre vie.<\/p>\n\n\n\n<p>Quand notre fils naquit, je pensais que sa froideur s\u2019adoucirait. Pendant une semaine, elle fut charmante, tenant l\u2019enfant dans ses bras avec des sourires forc\u00e9s, pronon\u00e7ant des paroles pr\u00e9cises de tendresse et de biens\u00e9ance. Puis, le silence. L\u2019absence totale. Et derri\u00e8re ce silence se cachait une temp\u00eate invisible, que je n\u2019avais pas encore d\u00e9tect\u00e9e.<\/p>\n\n\n\n<p>Un soir, alors que notre fils dormait profond\u00e9ment et que je me pelotonnais sur le canap\u00e9, Adam vint s\u2019asseoir pr\u00e8s de moi. Son corps trahissait sa nervosit\u00e9\u202f: les \u00e9paules raides, les mains crisp\u00e9es.<\/p>\n\n\n\n<p>\u2014 Maman\u2026 dit-il enfin, h\u00e9sitant. Ma m\u00e8re pense qu\u2019on devrait\u2026 faire un test ADN.<\/p>\n\n\n\n<p>Il me raconta que ses parents avaient d\u00e9couvert un article sur les \u00ab\u202fadultes tromp\u00e9s par leur conjoint\u202f\u00bb, et que Denise voulait \u00ab\u202fla certitude\u202f\u00bb, pour \u00ab\u202fclarifier l\u2019air\u202f\u00bb comme elle le disait.<\/p>\n\n\n\n<p>Je le regardai droit dans les yeux.<\/p>\n\n\n\n<p>\u2014 Et toi, tu penses qu\u2019on devrait le faire\u202f?<\/p>\n\n\n\n<p>Il d\u00e9tourna le regard, incapable d\u2019affronter ma d\u00e9termination.<\/p>\n\n\n\n<p>\u2014 Cela ne ferait pas de mal\u2026 pour \u00eatre s\u00fbr, murmura-t-il.<\/p>\n\n\n\n<p>Je sentis une col\u00e8re froide m\u2019envahir. Pas de larmes, pas de cris. Juste un calme tranchant.<\/p>\n\n\n\n<p>\u2014 Tr\u00e8s bien, dit-je. Nous le ferons. Mais \u00e0 une condition.<\/p>\n\n\n\n<p>Adam cligna des yeux, surpris.<\/p>\n\n\n\n<p>\u2014 Quelle condition\u202f?<\/p>\n\n\n\n<p>\u2014 Je veux un test ADN de ton p\u00e8re, r\u00e9pondis-je. S\u2019il s\u2019agit de tester ma loyaut\u00e9, alors nous testerons aussi la sienne.<\/p>\n\n\n\n<p>Son souffle se coupa.<\/p>\n\n\n\n<p>\u2014 Tu es s\u00e9rieuse\u202f?<\/p>\n\n\n\n<p>\u2014 Aussi s\u00e9rieuse que ta m\u00e8re l\u2019\u00e9tait en m\u2019accusant de trahison. Si elle doute de moi, nous devons \u00eatre \u00e9gaux.<\/p>\n\n\n\n<p>Adam resta silencieux un long moment. Puis il hocha lentement la t\u00eate.<\/p>\n\n\n\n<p>\u2014 D\u2019accord. C\u2019est juste.<\/p>\n\n\n\n<p>Le pr\u00e9l\u00e8vement pour notre fils fut simple\u202f: un petit frottis rapide dans le laboratoire local. Mais obtenir celui du p\u00e8re d\u2019Adam n\u00e9cessita un peu de ruse et de patience.<\/p>\n\n\n\n<p>Quelques jours plus tard, nous conv\u00eenmes d\u2019un d\u00eener en famille. Denise arriva avec son c\u00e9l\u00e8bre g\u00e2teau aux fruits, la maison embaumant la cannelle et les \u00e9pices. Adam engagea son p\u00e8re dans une conversation sur le golf et glissa discr\u00e8tement un nouveau brosse \u00e0 dents \u00e9cologique dans la routine de son p\u00e8re, pr\u00e9textant un test pour son entreprise.<\/p>\n\n\n\n<p>Quelques minutes plus tard, nous avions l\u2019\u00e9chantillon du p\u00e8re d\u2019Adam. Les deux \u00e9chantillons furent envoy\u00e9s le lendemain.<\/p>\n\n\n\n<p>Quelques semaines pass\u00e8rent. Notre fils f\u00eatait son premier anniversaire. Une petite f\u00eate, juste pour la famille proche. Ballons, musique, g\u00e2teau\u2026 tout semblait normal. Presque.<\/p>\n\n\n\n<p>Alors que les invit\u00e9s terminaient le dessert, je me levai avec l\u2019enveloppe contenant les r\u00e9sultats.<\/p>\n\n\n\n<p>\u2014 Nous avons un petit surprise, annon\u00e7ai-je, le sourire aux l\u00e8vres, le c\u0153ur battant.<\/p>\n\n\n\n<p>Je tendis l\u2019enveloppe.<\/p>\n\n\n\n<p>\u2014 Comme certaines questions ont \u00e9t\u00e9 pos\u00e9es sur la paternit\u00e9 de notre fils, Adam et moi avons d\u00e9cid\u00e9 de proc\u00e9der \u00e0 un test ADN.<\/p>\n\n\n\n<p>Denise leva les yeux de son verre de vin, son sourire fig\u00e9, attentive et calculateur.<\/p>\n\n\n\n<p>Je laissai le silence peser. Quelques secondes suffirent \u00e0 cr\u00e9er une tension \u00e9lectrique.<\/p>\n\n\n\n<p>Puis je continuai, calmement mais avec un ton glacial :<\/p>\n\n\n\n<p>\u2014 Mais comme nous parlons de justice, nous avons \u00e9galement test\u00e9 ton p\u00e8re.<\/p>\n\n\n\n<p>Son sourire vacilla. Son regard se figea. Les murmures des invit\u00e9s s\u2019arr\u00eat\u00e8rent. Adam me regarda, surpris et amus\u00e9 par mon audace.<\/p>\n\n\n\n<p>Denise sentit la v\u00e9rit\u00e9 l\u2019atteindre comme un \u00e9clair. Elle r\u00e9alisa que tous les masques tombaient ce soir-l\u00e0.<\/p>\n","protected":false},"excerpt":{"rendered":"Mon mari et sa m\u00e8re voulaient faire un test ADN de notre fils. J\u2019avais dit \u00ab\u202fd\u2019accord\u202f\u00bb, mais ce que j\u2019exigeai en retour allait \n<a class=\"moretag\" href=\"https:\/\/gazeta.am\/?p=1161\"> [...]<\/a>","protected":false},"author":1,"featured_media":1162,"comment_status":"open","ping_status":"open","sticky":false,"template":"","format":"standard","meta":{"footnotes":""},"categories":[1],"tags":[],"class_list":["post-1161","post","type-post","status-publish","format-standard","has-post-thumbnail","hentry","category-1"],"yoast_head":"<!-- This site is optimized with the Yoast SEO plugin v27.4 - https:\/\/yoast.com\/product\/yoast-seo-wordpress\/ -->\n<title>La menace silencieuse -<\/title>\n<meta name=\"robots\" content=\"index, follow, max-snippet:-1, max-image-preview:large, max-video-preview:-1\" \/>\n<link rel=\"canonical\" href=\"https:\/\/gazeta.am\/?p=1161\" \/>\n<meta property=\"og:locale\" content=\"ru_RU\" \/>\n<meta property=\"og:type\" content=\"article\" \/>\n<meta property=\"og:title\" content=\"La menace silencieuse -\" \/>\n<meta property=\"og:description\" content=\"Mon mari et sa m\u00e8re voulaient faire un test ADN de notre fils. J\u2019avais dit \u00ab\u202fd\u2019accord\u202f\u00bb, mais ce que j\u2019exigeai en retour allait\" \/>\n<meta property=\"og:url\" content=\"https:\/\/gazeta.am\/?p=1161\" \/>\n<meta property=\"article:published_time\" content=\"2026-03-26T16:51:19+00:00\" \/>\n<meta property=\"article:modified_time\" content=\"2026-03-26T16:51:21+00:00\" \/>\n<meta property=\"og:image\" content=\"https:\/\/gazeta.am\/wp-content\/uploads\/2026\/03\/1a-80.jpg\" \/>\n\t<meta property=\"og:image:width\" content=\"998\" \/>\n\t<meta property=\"og:image:height\" content=\"1251\" \/>\n\t<meta property=\"og:image:type\" content=\"image\/jpeg\" \/>\n<meta name=\"author\" content=\"admin\" \/>\n<meta name=\"twitter:card\" content=\"summary_large_image\" \/>\n<meta name=\"twitter:label1\" content=\"\u041d\u0430\u043f\u0438\u0441\u0430\u043d\u043e \u0430\u0432\u0442\u043e\u0440\u043e\u043c\" \/>\n\t<meta name=\"twitter:data1\" content=\"admin\" \/>\n\t<meta name=\"twitter:label2\" content=\"\u041f\u0440\u0438\u043c\u0435\u0440\u043d\u043e\u0435 \u0432\u0440\u0435\u043c\u044f \u0434\u043b\u044f \u0447\u0442\u0435\u043d\u0438\u044f\" \/>\n\t<meta name=\"twitter:data2\" content=\"5 \u043c\u0438\u043d\u0443\u0442\" \/>\n<script type=\"application\/ld+json\" class=\"yoast-schema-graph\">{\"@context\":\"https:\\\/\\\/schema.org\",\"@graph\":[{\"@type\":\"Article\",\"@id\":\"https:\\\/\\\/gazeta.am\\\/?p=1161#article\",\"isPartOf\":{\"@id\":\"https:\\\/\\\/gazeta.am\\\/?p=1161\"},\"author\":{\"name\":\"admin\",\"@id\":\"https:\\\/\\\/gazeta.am\\\/#\\\/schema\\\/person\\\/987709955e760c9a1ebbb44776f8cccc\"},\"headline\":\"La menace silencieuse\",\"datePublished\":\"2026-03-26T16:51:19+00:00\",\"dateModified\":\"2026-03-26T16:51:21+00:00\",\"mainEntityOfPage\":{\"@id\":\"https:\\\/\\\/gazeta.am\\\/?p=1161\"},\"wordCount\":833,\"commentCount\":0,\"image\":{\"@id\":\"https:\\\/\\\/gazeta.am\\\/?p=1161#primaryimage\"},\"thumbnailUrl\":\"https:\\\/\\\/gazeta.am\\\/wp-content\\\/uploads\\\/2026\\\/03\\\/1a-80.jpg\",\"articleSection\":[\"NEWS\"],\"inLanguage\":\"ru-RU\",\"potentialAction\":[{\"@type\":\"CommentAction\",\"name\":\"Comment\",\"target\":[\"https:\\\/\\\/gazeta.am\\\/?p=1161#respond\"]}]},{\"@type\":\"WebPage\",\"@id\":\"https:\\\/\\\/gazeta.am\\\/?p=1161\",\"url\":\"https:\\\/\\\/gazeta.am\\\/?p=1161\",\"name\":\"La menace silencieuse -\",\"isPartOf\":{\"@id\":\"https:\\\/\\\/gazeta.am\\\/#website\"},\"primaryImageOfPage\":{\"@id\":\"https:\\\/\\\/gazeta.am\\\/?p=1161#primaryimage\"},\"image\":{\"@id\":\"https:\\\/\\\/gazeta.am\\\/?p=1161#primaryimage\"},\"thumbnailUrl\":\"https:\\\/\\\/gazeta.am\\\/wp-content\\\/uploads\\\/2026\\\/03\\\/1a-80.jpg\",\"datePublished\":\"2026-03-26T16:51:19+00:00\",\"dateModified\":\"2026-03-26T16:51:21+00:00\",\"author\":{\"@id\":\"https:\\\/\\\/gazeta.am\\\/#\\\/schema\\\/person\\\/987709955e760c9a1ebbb44776f8cccc\"},\"breadcrumb\":{\"@id\":\"https:\\\/\\\/gazeta.am\\\/?p=1161#breadcrumb\"},\"inLanguage\":\"ru-RU\",\"potentialAction\":[{\"@type\":\"ReadAction\",\"target\":[\"https:\\\/\\\/gazeta.am\\\/?p=1161\"]}]},{\"@type\":\"ImageObject\",\"inLanguage\":\"ru-RU\",\"@id\":\"https:\\\/\\\/gazeta.am\\\/?p=1161#primaryimage\",\"url\":\"https:\\\/\\\/gazeta.am\\\/wp-content\\\/uploads\\\/2026\\\/03\\\/1a-80.jpg\",\"contentUrl\":\"https:\\\/\\\/gazeta.am\\\/wp-content\\\/uploads\\\/2026\\\/03\\\/1a-80.jpg\",\"width\":998,\"height\":1251},{\"@type\":\"BreadcrumbList\",\"@id\":\"https:\\\/\\\/gazeta.am\\\/?p=1161#breadcrumb\",\"itemListElement\":[{\"@type\":\"ListItem\",\"position\":1,\"name\":\"\u0413\u043b\u0430\u0432\u043d\u0430\u044f \u0441\u0442\u0440\u0430\u043d\u0438\u0446\u0430\",\"item\":\"https:\\\/\\\/gazeta.am\\\/\"},{\"@type\":\"ListItem\",\"position\":2,\"name\":\"La menace silencieuse\"}]},{\"@type\":\"WebSite\",\"@id\":\"https:\\\/\\\/gazeta.am\\\/#website\",\"url\":\"https:\\\/\\\/gazeta.am\\\/\",\"name\":\"\",\"description\":\"\",\"potentialAction\":[{\"@type\":\"SearchAction\",\"target\":{\"@type\":\"EntryPoint\",\"urlTemplate\":\"https:\\\/\\\/gazeta.am\\\/?s={search_term_string}\"},\"query-input\":{\"@type\":\"PropertyValueSpecification\",\"valueRequired\":true,\"valueName\":\"search_term_string\"}}],\"inLanguage\":\"ru-RU\"},{\"@type\":\"Person\",\"@id\":\"https:\\\/\\\/gazeta.am\\\/#\\\/schema\\\/person\\\/987709955e760c9a1ebbb44776f8cccc\",\"name\":\"admin\",\"image\":{\"@type\":\"ImageObject\",\"inLanguage\":\"ru-RU\",\"@id\":\"https:\\\/\\\/secure.gravatar.com\\\/avatar\\\/a24f4ac3a683f3c87303db525abc00db51ea26ccedee11dfaf1cc0f9a481a5d2?s=96&d=mm&r=g\",\"url\":\"https:\\\/\\\/secure.gravatar.com\\\/avatar\\\/a24f4ac3a683f3c87303db525abc00db51ea26ccedee11dfaf1cc0f9a481a5d2?s=96&d=mm&r=g\",\"contentUrl\":\"https:\\\/\\\/secure.gravatar.com\\\/avatar\\\/a24f4ac3a683f3c87303db525abc00db51ea26ccedee11dfaf1cc0f9a481a5d2?s=96&d=mm&r=g\",\"caption\":\"admin\"},\"sameAs\":[\"http:\\\/\\\/gazeta.am\"],\"url\":\"https:\\\/\\\/gazeta.am\\\/?author=1\"}]}<\/script>\n<!-- \/ Yoast SEO plugin. -->","yoast_head_json":{"title":"La menace silencieuse -","robots":{"index":"index","follow":"follow","max-snippet":"max-snippet:-1","max-image-preview":"max-image-preview:large","max-video-preview":"max-video-preview:-1"},"canonical":"https:\/\/gazeta.am\/?p=1161","og_locale":"ru_RU","og_type":"article","og_title":"La menace silencieuse -","og_description":"Mon mari et sa m\u00e8re voulaient faire un test ADN de notre fils. J\u2019avais dit \u00ab\u202fd\u2019accord\u202f\u00bb, mais ce que j\u2019exigeai en retour allait","og_url":"https:\/\/gazeta.am\/?p=1161","article_published_time":"2026-03-26T16:51:19+00:00","article_modified_time":"2026-03-26T16:51:21+00:00","og_image":[{"width":998,"height":1251,"url":"https:\/\/gazeta.am\/wp-content\/uploads\/2026\/03\/1a-80.jpg","type":"image\/jpeg"}],"author":"admin","twitter_card":"summary_large_image","twitter_misc":{"\u041d\u0430\u043f\u0438\u0441\u0430\u043d\u043e \u0430\u0432\u0442\u043e\u0440\u043e\u043c":"admin","\u041f\u0440\u0438\u043c\u0435\u0440\u043d\u043e\u0435 \u0432\u0440\u0435\u043c\u044f \u0434\u043b\u044f \u0447\u0442\u0435\u043d\u0438\u044f":"5 \u043c\u0438\u043d\u0443\u0442"},"schema":{"@context":"https:\/\/schema.org","@graph":[{"@type":"Article","@id":"https:\/\/gazeta.am\/?p=1161#article","isPartOf":{"@id":"https:\/\/gazeta.am\/?p=1161"},"author":{"name":"admin","@id":"https:\/\/gazeta.am\/#\/schema\/person\/987709955e760c9a1ebbb44776f8cccc"},"headline":"La menace silencieuse","datePublished":"2026-03-26T16:51:19+00:00","dateModified":"2026-03-26T16:51:21+00:00","mainEntityOfPage":{"@id":"https:\/\/gazeta.am\/?p=1161"},"wordCount":833,"commentCount":0,"image":{"@id":"https:\/\/gazeta.am\/?p=1161#primaryimage"},"thumbnailUrl":"https:\/\/gazeta.am\/wp-content\/uploads\/2026\/03\/1a-80.jpg","articleSection":["NEWS"],"inLanguage":"ru-RU","potentialAction":[{"@type":"CommentAction","name":"Comment","target":["https:\/\/gazeta.am\/?p=1161#respond"]}]},{"@type":"WebPage","@id":"https:\/\/gazeta.am\/?p=1161","url":"https:\/\/gazeta.am\/?p=1161","name":"La menace silencieuse -","isPartOf":{"@id":"https:\/\/gazeta.am\/#website"},"primaryImageOfPage":{"@id":"https:\/\/gazeta.am\/?p=1161#primaryimage"},"image":{"@id":"https:\/\/gazeta.am\/?p=1161#primaryimage"},"thumbnailUrl":"https:\/\/gazeta.am\/wp-content\/uploads\/2026\/03\/1a-80.jpg","datePublished":"2026-03-26T16:51:19+00:00","dateModified":"2026-03-26T16:51:21+00:00","author":{"@id":"https:\/\/gazeta.am\/#\/schema\/person\/987709955e760c9a1ebbb44776f8cccc"},"breadcrumb":{"@id":"https:\/\/gazeta.am\/?p=1161#breadcrumb"},"inLanguage":"ru-RU","potentialAction":[{"@type":"ReadAction","target":["https:\/\/gazeta.am\/?p=1161"]}]},{"@type":"ImageObject","inLanguage":"ru-RU","@id":"https:\/\/gazeta.am\/?p=1161#primaryimage","url":"https:\/\/gazeta.am\/wp-content\/uploads\/2026\/03\/1a-80.jpg","contentUrl":"https:\/\/gazeta.am\/wp-content\/uploads\/2026\/03\/1a-80.jpg","width":998,"height":1251},{"@type":"BreadcrumbList","@id":"https:\/\/gazeta.am\/?p=1161#breadcrumb","itemListElement":[{"@type":"ListItem","position":1,"name":"\u0413\u043b\u0430\u0432\u043d\u0430\u044f \u0441\u0442\u0440\u0430\u043d\u0438\u0446\u0430","item":"https:\/\/gazeta.am\/"},{"@type":"ListItem","position":2,"name":"La menace silencieuse"}]},{"@type":"WebSite","@id":"https:\/\/gazeta.am\/#website","url":"https:\/\/gazeta.am\/","name":"","description":"","potentialAction":[{"@type":"SearchAction","target":{"@type":"EntryPoint","urlTemplate":"https:\/\/gazeta.am\/?s={search_term_string}"},"query-input":{"@type":"PropertyValueSpecification","valueRequired":true,"valueName":"search_term_string"}}],"inLanguage":"ru-RU"},{"@type":"Person","@id":"https:\/\/gazeta.am\/#\/schema\/person\/987709955e760c9a1ebbb44776f8cccc","name":"admin","image":{"@type":"ImageObject","inLanguage":"ru-RU","@id":"https:\/\/secure.gravatar.com\/avatar\/a24f4ac3a683f3c87303db525abc00db51ea26ccedee11dfaf1cc0f9a481a5d2?s=96&d=mm&r=g","url":"https:\/\/secure.gravatar.com\/avatar\/a24f4ac3a683f3c87303db525abc00db51ea26ccedee11dfaf1cc0f9a481a5d2?s=96&d=mm&r=g","contentUrl":"https:\/\/secure.gravatar.com\/avatar\/a24f4ac3a683f3c87303db525abc00db51ea26ccedee11dfaf1cc0f9a481a5d2?s=96&d=mm&r=g","caption":"admin"},"sameAs":["http:\/\/gazeta.am"],"url":"https:\/\/gazeta.am\/?author=1"}]}},"_links":{"self":[{"href":"https:\/\/gazeta.am\/index.php?rest_route=\/wp\/v2\/posts\/1161","targetHints":{"allow":["GET"]}}],"collection":[{"href":"https:\/\/gazeta.am\/index.php?rest_route=\/wp\/v2\/posts"}],"about":[{"href":"https:\/\/gazeta.am\/index.php?rest_route=\/wp\/v2\/types\/post"}],"author":[{"embeddable":true,"href":"https:\/\/gazeta.am\/index.php?rest_route=\/wp\/v2\/users\/1"}],"replies":[{"embeddable":true,"href":"https:\/\/gazeta.am\/index.php?rest_route=%2Fwp%2Fv2%2Fcomments&post=1161"}],"version-history":[{"count":1,"href":"https:\/\/gazeta.am\/index.php?rest_route=\/wp\/v2\/posts\/1161\/revisions"}],"predecessor-version":[{"id":1163,"href":"https:\/\/gazeta.am\/index.php?rest_route=\/wp\/v2\/posts\/1161\/revisions\/1163"}],"wp:featuredmedia":[{"embeddable":true,"href":"https:\/\/gazeta.am\/index.php?rest_route=\/wp\/v2\/media\/1162"}],"wp:attachment":[{"href":"https:\/\/gazeta.am\/index.php?rest_route=%2Fwp%2Fv2%2Fmedia&parent=1161"}],"wp:term":[{"taxonomy":"category","embeddable":true,"href":"https:\/\/gazeta.am\/index.php?rest_route=%2Fwp%2Fv2%2Fcategories&post=1161"},{"taxonomy":"post_tag","embeddable":true,"href":"https:\/\/gazeta.am\/index.php?rest_route=%2Fwp%2Fv2%2Ftags&post=1161"}],"curies":[{"name":"wp","href":"https:\/\/api.w.org\/{rel}","templated":true}]}}