{"id":1155,"date":"2026-03-26T19:43:06","date_gmt":"2026-03-26T16:43:06","guid":{"rendered":"https:\/\/gazeta.am\/?p=1155"},"modified":"2026-03-26T19:43:07","modified_gmt":"2026-03-26T16:43:07","slug":"loeil-dans-le-ciel","status":"publish","type":"post","link":"https:\/\/gazeta.am\/?p=1155","title":{"rendered":"L\u2019\u0153il dans le ciel"},"content":{"rendered":"\n<p>Ce clich\u00e9\u2026 ce simple clich\u00e9 que mon fr\u00e8re avait pris \u00e0 seulement 21 kilom\u00e8tres de notre maison, semblait au premier regard banal. Une route sinueuse, quelques collines couvertes de broussailles, le ciel en feu d\u2019un coucher de soleil orang\u00e9. Mais personne, sur son profil Facebook, ne remarqua le d\u00e9tail le plus terrifiant.<\/p>\n\n\n\n<p>\u00c0 peine avait-il publi\u00e9 la photo que j\u2019ai ressenti un frisson glacial courir le long de ma colonne vert\u00e9brale. L\u00e0, parmi les nuages, un \u0153il immense, parfaitement form\u00e9, semblait nous observer. Pas un nuage banal, non. Un v\u00e9ritable \u0153il, complet, avec iris et pupille, comme si le ciel lui-m\u00eame nous surveillait depuis des si\u00e8cles.<\/p>\n\n\n\n<p>Je regardai mon fr\u00e8re, pensant qu\u2019il plaisantait.<\/p>\n\n\n\n<p>\u2014 Tu as vu \u00e7a\u202f? demandai-je, la voix tremblante.<\/p>\n\n\n\n<p>Il haussa les \u00e9paules, les yeux riv\u00e9s sur l\u2019\u00e9cran.<\/p>\n\n\n\n<p>\u2014 C\u2019est juste un effet de lumi\u00e8re, une illusion. Tu te fais des films, r\u00e9pondit-il, mais m\u00eame lui avait l\u2019air troubl\u00e9.<\/p>\n\n\n\n<p>Moi, je ne pouvais plus d\u00e9tourner le regard. Une panique sourde m\u2019envahissait\u202f: ce n\u2019\u00e9tait pas une illusion. Il y avait quelque chose dans ce ciel qui me regardait, quelque chose de vivant, de silencieusement puissant.<\/p>\n\n\n\n<figure class=\"wp-block-image size-large\"><img loading=\"lazy\" decoding=\"async\" width=\"770\" height=\"1024\" src=\"https:\/\/gazeta.am\/wp-content\/uploads\/2026\/03\/1a-78-770x1024.jpg\" alt=\"\" class=\"wp-image-1156\" srcset=\"https:\/\/gazeta.am\/wp-content\/uploads\/2026\/03\/1a-78-770x1024.jpg 770w, https:\/\/gazeta.am\/wp-content\/uploads\/2026\/03\/1a-78-226x300.jpg 226w, https:\/\/gazeta.am\/wp-content\/uploads\/2026\/03\/1a-78-768x1021.jpg 768w, https:\/\/gazeta.am\/wp-content\/uploads\/2026\/03\/1a-78.jpg 938w\" sizes=\"auto, (max-width: 770px) 100vw, 770px\" \/><\/figure>\n\n\n\n<p>Le soir m\u00eame, je ne pus dormir. Je revoyais l\u2019image encore et encore dans ma t\u00eate. L\u2019\u0153il semblait se d\u00e9placer, changer l\u00e9g\u00e8rement de forme. Comme si, chaque fois que je clignais des yeux, il me suivait, m\u2019analysait, d\u00e9codait mes pens\u00e9es.<\/p>\n\n\n\n<p>Le lendemain, j\u2019ai d\u00e9cid\u00e9 de retourner sur place avec mon fr\u00e8re. Arm\u00e9s de nos t\u00e9l\u00e9phones, nous avons parcouru la route, les mains moites, le c\u0153ur battant. Les 21 kilom\u00e8tres paraissaient plus longs que jamais. Chaque bruit du vent dans les arbres, chaque craquement sous nos pas r\u00e9sonnait dans le silence comme un avertissement.<\/p>\n\n\n\n<p>Arriv\u00e9s sur le lieu exact o\u00f9 la photo avait \u00e9t\u00e9 prise, nous avons lev\u00e9 les yeux. Le ciel \u00e9tait d\u00e9sormais normal\u2026 rien. Seulement le soleil qui commen\u00e7ait \u00e0 dispara\u00eetre derri\u00e8re l\u2019horizon. Nous avons \u00e9chang\u00e9 un regard inquiet, persuad\u00e9s que notre esprit nous avait jou\u00e9s un tour.<\/p>\n\n\n\n<p>Mais ce fut l\u00e0 que nous avons entendu le premier signal \u00e9trange : un souffle grave, comme une respiration lourde, venant du ciel. Aucun nuage ne bougeait, aucune brise ne pouvait produire un tel son.<\/p>\n\n\n\n<p>\u2014 Tu as entendu \u00e7a\u202f? murmura mon fr\u00e8re, terrifi\u00e9.<\/p>\n\n\n\n<p>Et c\u2019est alors que nous avons vu le mouvement. L\u2019\u0153il. Il s\u2019\u00e9tait d\u00e9plac\u00e9, flottant dans les airs avec une lenteur presque surnaturelle, nous scrutant comme des insectes sous un microscope.<\/p>\n\n\n\n<p>\u00c0 notre retour \u00e0 la maison, nous avons tent\u00e9 de montrer la photo \u00e0 nos parents. Ils ont souri, incr\u00e9dules :<\/p>\n\n\n\n<p>\u2014 Ce sont des nuages, les gar\u00e7ons, rien de plus.<\/p>\n\n\n\n<p>Mais je savais. Je sentais au plus profond de moi que quelque chose de terriblement puissant \u00e9tait en train de nous observer. Et je n\u2019\u00e9tais pas seule. Ce soir-l\u00e0, \u00e0 travers la fen\u00eatre, j\u2019ai aper\u00e7u une silhouette fine dans le jardin, immobile. Quand j\u2019ai clign\u00e9 des yeux, elle avait disparu.<\/p>\n\n\n\n<p>Puis, \u00e0 la t\u00e9l\u00e9vision, un reportage sur un ph\u00e9nom\u00e8ne m\u00e9t\u00e9orologique \u00e9trange a mentionn\u00e9 des \u00ab\u202fformations nuageuses anormales\u202f\u00bb aper\u00e7ues dans la r\u00e9gion. Mais aucun mot sur l\u2019\u0153il. Les scientifiques parlaient de \u00ab\u202fr\u00e9flexions lumineuses\u202f\u00bb, mais nous savions que c\u2019\u00e9tait bien plus que cela.<br>Les nuits suivantes furent un enfer. Chaque \u00e9clair, chaque rayon de lune faisait surgir l\u2019image de l\u2019\u0153il. Parfois, il apparaissait \u00e0 travers les fen\u00eatres, parfois dans des reflets sur des vitres, m\u00eame dans des photos innocentes prises \u00e0 l\u2019int\u00e9rieur de la maison.<\/p>\n\n\n\n<p>Mon fr\u00e8re et moi avons commenc\u00e9 \u00e0 filmer. Nous avons laiss\u00e9 nos cam\u00e9ras tourner pendant des heures, esp\u00e9rant capturer une preuve. Et nous l\u2019avons fait. Sur l\u2019une des vid\u00e9os, l\u2019\u0153il est apparu en train de se rapprocher de nous, puis a disparu en un \u00e9clair lumineux, laissant derri\u00e8re lui une trace br\u00fblante sur le sol.<\/p>\n\n\n\n<p>Une semaine plus tard, nous avons d\u00e9cid\u00e9 de demander de l\u2019aide. Une vieille femme du village, r\u00e9put\u00e9e pour sa connaissance des l\u00e9gendes anciennes, nous a re\u00e7us. Son visage rid\u00e9 \u00e9tait s\u00e9v\u00e8re, et son regard p\u00e9n\u00e9trant semblait lire nos pens\u00e9es.<\/p>\n\n\n\n<p>\u2014 Vous avez vu ce qu\u2019aucun homme ne devrait voir, dit-elle.<br>\u2014 Quoi\u202f? demandai-je, la voix tremblante.<br>\u2014 L\u2019\u0153il de l\u2019Ancien. Il observe la terre pour choisir ceux qui sont dignes. Certains ne le voient jamais\u2026 d\u2019autres\u2026 trop.<\/p>\n\n\n\n<p>Elle nous expliqua que dans notre r\u00e9gion, depuis des si\u00e8cles, une entit\u00e9 c\u00e9leste surveille les habitants, intervenant uniquement lorsqu\u2019elle juge n\u00e9cessaire. Elle nous avertit\u202f: \u00ab\u202fL\u2019\u0153il choisit celui qui devra affronter la v\u00e9rit\u00e9 cach\u00e9e dans son propre c\u0153ur. Pr\u00e9parez-vous \u00e0 ce que votre vie change pour toujours.\u202f\u00bb<\/p>\n\n\n\n<p>Nous avons quitt\u00e9 sa maison, terrifi\u00e9s et fascin\u00e9s. Nous savions maintenant que nous \u00e9tions observ\u00e9s pour une raison, et que l\u2019image sur la photo n\u2019\u00e9tait que le d\u00e9but d\u2019une s\u00e9rie d\u2019\u00e9v\u00e9nements qui allait bouleverser notre r\u00e9alit\u00e9.<\/p>\n","protected":false},"excerpt":{"rendered":"Ce clich\u00e9\u2026 ce simple clich\u00e9 que mon fr\u00e8re avait pris \u00e0 seulement 21 kilom\u00e8tres de notre maison, semblait au premier regard banal. Une \n<a class=\"moretag\" href=\"https:\/\/gazeta.am\/?p=1155\"> [...]<\/a>","protected":false},"author":1,"featured_media":1156,"comment_status":"open","ping_status":"open","sticky":false,"template":"","format":"standard","meta":{"footnotes":""},"categories":[1],"tags":[],"class_list":["post-1155","post","type-post","status-publish","format-standard","has-post-thumbnail","hentry","category-1"],"yoast_head":"<!-- This site is optimized with the Yoast SEO plugin v27.4 - https:\/\/yoast.com\/product\/yoast-seo-wordpress\/ -->\n<title>L\u2019\u0153il dans le ciel -<\/title>\n<meta name=\"robots\" content=\"index, follow, max-snippet:-1, max-image-preview:large, max-video-preview:-1\" \/>\n<link rel=\"canonical\" href=\"https:\/\/gazeta.am\/?p=1155\" \/>\n<meta property=\"og:locale\" content=\"ru_RU\" \/>\n<meta property=\"og:type\" content=\"article\" \/>\n<meta property=\"og:title\" content=\"L\u2019\u0153il dans le ciel -\" \/>\n<meta property=\"og:description\" content=\"Ce clich\u00e9\u2026 ce simple clich\u00e9 que mon fr\u00e8re avait pris \u00e0 seulement 21 kilom\u00e8tres de notre maison, semblait au premier regard banal. Une\" \/>\n<meta property=\"og:url\" content=\"https:\/\/gazeta.am\/?p=1155\" \/>\n<meta property=\"article:published_time\" content=\"2026-03-26T16:43:06+00:00\" \/>\n<meta property=\"article:modified_time\" content=\"2026-03-26T16:43:07+00:00\" \/>\n<meta property=\"og:image\" content=\"https:\/\/gazeta.am\/wp-content\/uploads\/2026\/03\/1a-78.jpg\" \/>\n\t<meta property=\"og:image:width\" content=\"938\" \/>\n\t<meta property=\"og:image:height\" content=\"1247\" \/>\n\t<meta property=\"og:image:type\" content=\"image\/jpeg\" \/>\n<meta name=\"author\" content=\"admin\" \/>\n<meta name=\"twitter:card\" content=\"summary_large_image\" \/>\n<meta name=\"twitter:label1\" content=\"\u041d\u0430\u043f\u0438\u0441\u0430\u043d\u043e \u0430\u0432\u0442\u043e\u0440\u043e\u043c\" \/>\n\t<meta name=\"twitter:data1\" content=\"admin\" \/>\n\t<meta name=\"twitter:label2\" content=\"\u041f\u0440\u0438\u043c\u0435\u0440\u043d\u043e\u0435 \u0432\u0440\u0435\u043c\u044f \u0434\u043b\u044f \u0447\u0442\u0435\u043d\u0438\u044f\" \/>\n\t<meta name=\"twitter:data2\" content=\"5 \u043c\u0438\u043d\u0443\u0442\" \/>\n<script type=\"application\/ld+json\" class=\"yoast-schema-graph\">{\"@context\":\"https:\\\/\\\/schema.org\",\"@graph\":[{\"@type\":\"Article\",\"@id\":\"https:\\\/\\\/gazeta.am\\\/?p=1155#article\",\"isPartOf\":{\"@id\":\"https:\\\/\\\/gazeta.am\\\/?p=1155\"},\"author\":{\"name\":\"admin\",\"@id\":\"https:\\\/\\\/gazeta.am\\\/#\\\/schema\\\/person\\\/987709955e760c9a1ebbb44776f8cccc\"},\"headline\":\"L\u2019\u0153il dans le ciel\",\"datePublished\":\"2026-03-26T16:43:06+00:00\",\"dateModified\":\"2026-03-26T16:43:07+00:00\",\"mainEntityOfPage\":{\"@id\":\"https:\\\/\\\/gazeta.am\\\/?p=1155\"},\"wordCount\":882,\"commentCount\":0,\"image\":{\"@id\":\"https:\\\/\\\/gazeta.am\\\/?p=1155#primaryimage\"},\"thumbnailUrl\":\"https:\\\/\\\/gazeta.am\\\/wp-content\\\/uploads\\\/2026\\\/03\\\/1a-78.jpg\",\"articleSection\":[\"NEWS\"],\"inLanguage\":\"ru-RU\",\"potentialAction\":[{\"@type\":\"CommentAction\",\"name\":\"Comment\",\"target\":[\"https:\\\/\\\/gazeta.am\\\/?p=1155#respond\"]}]},{\"@type\":\"WebPage\",\"@id\":\"https:\\\/\\\/gazeta.am\\\/?p=1155\",\"url\":\"https:\\\/\\\/gazeta.am\\\/?p=1155\",\"name\":\"L\u2019\u0153il dans le ciel -\",\"isPartOf\":{\"@id\":\"https:\\\/\\\/gazeta.am\\\/#website\"},\"primaryImageOfPage\":{\"@id\":\"https:\\\/\\\/gazeta.am\\\/?p=1155#primaryimage\"},\"image\":{\"@id\":\"https:\\\/\\\/gazeta.am\\\/?p=1155#primaryimage\"},\"thumbnailUrl\":\"https:\\\/\\\/gazeta.am\\\/wp-content\\\/uploads\\\/2026\\\/03\\\/1a-78.jpg\",\"datePublished\":\"2026-03-26T16:43:06+00:00\",\"dateModified\":\"2026-03-26T16:43:07+00:00\",\"author\":{\"@id\":\"https:\\\/\\\/gazeta.am\\\/#\\\/schema\\\/person\\\/987709955e760c9a1ebbb44776f8cccc\"},\"breadcrumb\":{\"@id\":\"https:\\\/\\\/gazeta.am\\\/?p=1155#breadcrumb\"},\"inLanguage\":\"ru-RU\",\"potentialAction\":[{\"@type\":\"ReadAction\",\"target\":[\"https:\\\/\\\/gazeta.am\\\/?p=1155\"]}]},{\"@type\":\"ImageObject\",\"inLanguage\":\"ru-RU\",\"@id\":\"https:\\\/\\\/gazeta.am\\\/?p=1155#primaryimage\",\"url\":\"https:\\\/\\\/gazeta.am\\\/wp-content\\\/uploads\\\/2026\\\/03\\\/1a-78.jpg\",\"contentUrl\":\"https:\\\/\\\/gazeta.am\\\/wp-content\\\/uploads\\\/2026\\\/03\\\/1a-78.jpg\",\"width\":938,\"height\":1247},{\"@type\":\"BreadcrumbList\",\"@id\":\"https:\\\/\\\/gazeta.am\\\/?p=1155#breadcrumb\",\"itemListElement\":[{\"@type\":\"ListItem\",\"position\":1,\"name\":\"\u0413\u043b\u0430\u0432\u043d\u0430\u044f \u0441\u0442\u0440\u0430\u043d\u0438\u0446\u0430\",\"item\":\"https:\\\/\\\/gazeta.am\\\/\"},{\"@type\":\"ListItem\",\"position\":2,\"name\":\"L\u2019\u0153il dans le ciel\"}]},{\"@type\":\"WebSite\",\"@id\":\"https:\\\/\\\/gazeta.am\\\/#website\",\"url\":\"https:\\\/\\\/gazeta.am\\\/\",\"name\":\"\",\"description\":\"\",\"potentialAction\":[{\"@type\":\"SearchAction\",\"target\":{\"@type\":\"EntryPoint\",\"urlTemplate\":\"https:\\\/\\\/gazeta.am\\\/?s={search_term_string}\"},\"query-input\":{\"@type\":\"PropertyValueSpecification\",\"valueRequired\":true,\"valueName\":\"search_term_string\"}}],\"inLanguage\":\"ru-RU\"},{\"@type\":\"Person\",\"@id\":\"https:\\\/\\\/gazeta.am\\\/#\\\/schema\\\/person\\\/987709955e760c9a1ebbb44776f8cccc\",\"name\":\"admin\",\"image\":{\"@type\":\"ImageObject\",\"inLanguage\":\"ru-RU\",\"@id\":\"https:\\\/\\\/secure.gravatar.com\\\/avatar\\\/a24f4ac3a683f3c87303db525abc00db51ea26ccedee11dfaf1cc0f9a481a5d2?s=96&d=mm&r=g\",\"url\":\"https:\\\/\\\/secure.gravatar.com\\\/avatar\\\/a24f4ac3a683f3c87303db525abc00db51ea26ccedee11dfaf1cc0f9a481a5d2?s=96&d=mm&r=g\",\"contentUrl\":\"https:\\\/\\\/secure.gravatar.com\\\/avatar\\\/a24f4ac3a683f3c87303db525abc00db51ea26ccedee11dfaf1cc0f9a481a5d2?s=96&d=mm&r=g\",\"caption\":\"admin\"},\"sameAs\":[\"http:\\\/\\\/gazeta.am\"],\"url\":\"https:\\\/\\\/gazeta.am\\\/?author=1\"}]}<\/script>\n<!-- \/ Yoast SEO plugin. -->","yoast_head_json":{"title":"L\u2019\u0153il dans le ciel -","robots":{"index":"index","follow":"follow","max-snippet":"max-snippet:-1","max-image-preview":"max-image-preview:large","max-video-preview":"max-video-preview:-1"},"canonical":"https:\/\/gazeta.am\/?p=1155","og_locale":"ru_RU","og_type":"article","og_title":"L\u2019\u0153il dans le ciel -","og_description":"Ce clich\u00e9\u2026 ce simple clich\u00e9 que mon fr\u00e8re avait pris \u00e0 seulement 21 kilom\u00e8tres de notre maison, semblait au premier regard banal. Une","og_url":"https:\/\/gazeta.am\/?p=1155","article_published_time":"2026-03-26T16:43:06+00:00","article_modified_time":"2026-03-26T16:43:07+00:00","og_image":[{"width":938,"height":1247,"url":"https:\/\/gazeta.am\/wp-content\/uploads\/2026\/03\/1a-78.jpg","type":"image\/jpeg"}],"author":"admin","twitter_card":"summary_large_image","twitter_misc":{"\u041d\u0430\u043f\u0438\u0441\u0430\u043d\u043e \u0430\u0432\u0442\u043e\u0440\u043e\u043c":"admin","\u041f\u0440\u0438\u043c\u0435\u0440\u043d\u043e\u0435 \u0432\u0440\u0435\u043c\u044f \u0434\u043b\u044f \u0447\u0442\u0435\u043d\u0438\u044f":"5 \u043c\u0438\u043d\u0443\u0442"},"schema":{"@context":"https:\/\/schema.org","@graph":[{"@type":"Article","@id":"https:\/\/gazeta.am\/?p=1155#article","isPartOf":{"@id":"https:\/\/gazeta.am\/?p=1155"},"author":{"name":"admin","@id":"https:\/\/gazeta.am\/#\/schema\/person\/987709955e760c9a1ebbb44776f8cccc"},"headline":"L\u2019\u0153il dans le ciel","datePublished":"2026-03-26T16:43:06+00:00","dateModified":"2026-03-26T16:43:07+00:00","mainEntityOfPage":{"@id":"https:\/\/gazeta.am\/?p=1155"},"wordCount":882,"commentCount":0,"image":{"@id":"https:\/\/gazeta.am\/?p=1155#primaryimage"},"thumbnailUrl":"https:\/\/gazeta.am\/wp-content\/uploads\/2026\/03\/1a-78.jpg","articleSection":["NEWS"],"inLanguage":"ru-RU","potentialAction":[{"@type":"CommentAction","name":"Comment","target":["https:\/\/gazeta.am\/?p=1155#respond"]}]},{"@type":"WebPage","@id":"https:\/\/gazeta.am\/?p=1155","url":"https:\/\/gazeta.am\/?p=1155","name":"L\u2019\u0153il dans le ciel -","isPartOf":{"@id":"https:\/\/gazeta.am\/#website"},"primaryImageOfPage":{"@id":"https:\/\/gazeta.am\/?p=1155#primaryimage"},"image":{"@id":"https:\/\/gazeta.am\/?p=1155#primaryimage"},"thumbnailUrl":"https:\/\/gazeta.am\/wp-content\/uploads\/2026\/03\/1a-78.jpg","datePublished":"2026-03-26T16:43:06+00:00","dateModified":"2026-03-26T16:43:07+00:00","author":{"@id":"https:\/\/gazeta.am\/#\/schema\/person\/987709955e760c9a1ebbb44776f8cccc"},"breadcrumb":{"@id":"https:\/\/gazeta.am\/?p=1155#breadcrumb"},"inLanguage":"ru-RU","potentialAction":[{"@type":"ReadAction","target":["https:\/\/gazeta.am\/?p=1155"]}]},{"@type":"ImageObject","inLanguage":"ru-RU","@id":"https:\/\/gazeta.am\/?p=1155#primaryimage","url":"https:\/\/gazeta.am\/wp-content\/uploads\/2026\/03\/1a-78.jpg","contentUrl":"https:\/\/gazeta.am\/wp-content\/uploads\/2026\/03\/1a-78.jpg","width":938,"height":1247},{"@type":"BreadcrumbList","@id":"https:\/\/gazeta.am\/?p=1155#breadcrumb","itemListElement":[{"@type":"ListItem","position":1,"name":"\u0413\u043b\u0430\u0432\u043d\u0430\u044f \u0441\u0442\u0440\u0430\u043d\u0438\u0446\u0430","item":"https:\/\/gazeta.am\/"},{"@type":"ListItem","position":2,"name":"L\u2019\u0153il dans le ciel"}]},{"@type":"WebSite","@id":"https:\/\/gazeta.am\/#website","url":"https:\/\/gazeta.am\/","name":"","description":"","potentialAction":[{"@type":"SearchAction","target":{"@type":"EntryPoint","urlTemplate":"https:\/\/gazeta.am\/?s={search_term_string}"},"query-input":{"@type":"PropertyValueSpecification","valueRequired":true,"valueName":"search_term_string"}}],"inLanguage":"ru-RU"},{"@type":"Person","@id":"https:\/\/gazeta.am\/#\/schema\/person\/987709955e760c9a1ebbb44776f8cccc","name":"admin","image":{"@type":"ImageObject","inLanguage":"ru-RU","@id":"https:\/\/secure.gravatar.com\/avatar\/a24f4ac3a683f3c87303db525abc00db51ea26ccedee11dfaf1cc0f9a481a5d2?s=96&d=mm&r=g","url":"https:\/\/secure.gravatar.com\/avatar\/a24f4ac3a683f3c87303db525abc00db51ea26ccedee11dfaf1cc0f9a481a5d2?s=96&d=mm&r=g","contentUrl":"https:\/\/secure.gravatar.com\/avatar\/a24f4ac3a683f3c87303db525abc00db51ea26ccedee11dfaf1cc0f9a481a5d2?s=96&d=mm&r=g","caption":"admin"},"sameAs":["http:\/\/gazeta.am"],"url":"https:\/\/gazeta.am\/?author=1"}]}},"_links":{"self":[{"href":"https:\/\/gazeta.am\/index.php?rest_route=\/wp\/v2\/posts\/1155","targetHints":{"allow":["GET"]}}],"collection":[{"href":"https:\/\/gazeta.am\/index.php?rest_route=\/wp\/v2\/posts"}],"about":[{"href":"https:\/\/gazeta.am\/index.php?rest_route=\/wp\/v2\/types\/post"}],"author":[{"embeddable":true,"href":"https:\/\/gazeta.am\/index.php?rest_route=\/wp\/v2\/users\/1"}],"replies":[{"embeddable":true,"href":"https:\/\/gazeta.am\/index.php?rest_route=%2Fwp%2Fv2%2Fcomments&post=1155"}],"version-history":[{"count":1,"href":"https:\/\/gazeta.am\/index.php?rest_route=\/wp\/v2\/posts\/1155\/revisions"}],"predecessor-version":[{"id":1157,"href":"https:\/\/gazeta.am\/index.php?rest_route=\/wp\/v2\/posts\/1155\/revisions\/1157"}],"wp:featuredmedia":[{"embeddable":true,"href":"https:\/\/gazeta.am\/index.php?rest_route=\/wp\/v2\/media\/1156"}],"wp:attachment":[{"href":"https:\/\/gazeta.am\/index.php?rest_route=%2Fwp%2Fv2%2Fmedia&parent=1155"}],"wp:term":[{"taxonomy":"category","embeddable":true,"href":"https:\/\/gazeta.am\/index.php?rest_route=%2Fwp%2Fv2%2Fcategories&post=1155"},{"taxonomy":"post_tag","embeddable":true,"href":"https:\/\/gazeta.am\/index.php?rest_route=%2Fwp%2Fv2%2Ftags&post=1155"}],"curies":[{"name":"wp","href":"https:\/\/api.w.org\/{rel}","templated":true}]}}