{"id":1143,"date":"2026-03-26T19:12:07","date_gmt":"2026-03-26T16:12:07","guid":{"rendered":"https:\/\/gazeta.am\/?p=1143"},"modified":"2026-03-26T19:12:09","modified_gmt":"2026-03-26T16:12:09","slug":"sil-vous-plait-ne-nous-faites-pas-de-mal-monsieur-cria-la-plus-jeune-la-petite-fille-de-six-ans-en-serrant-ses-bras-autour-dun-panier-de-fleurs","status":"publish","type":"post","link":"https:\/\/gazeta.am\/?p=1143","title":{"rendered":"\u2014 S\u2019il vous pla\u00eet, ne nous faites pas de mal, monsieur\u202f! \u00bb cria la plus jeune, la petite fille de six ans, en serrant ses bras autour d\u2019un panier de fleurs."},"content":{"rendered":"\n<p>Alejandro s\u2019arr\u00eata, frapp\u00e9 par leur regard. Leurs yeux refl\u00e9taient une peur pure, mais aussi une innocence que rien dans ce monde n\u2019avait r\u00e9ussi \u00e0 ternir. Son c\u0153ur, si longtemps anesth\u00e9si\u00e9 par la douleur et la solitude, se mit \u00e0 battre violemment. Il avait planifi\u00e9 de tout br\u00fbler, d\u2019\u00e9radiquer ce lieu de souvenirs et de souffrances, mais ces enfants\u2026 ces enfants vivaient ici, et pour eux, la cabane n\u2019\u00e9tait pas un vestige oubli\u00e9, mais un foyer de vie.<\/p>\n\n\n\n<p>\u2014 Je\u2026 je ne vous ferai rien, murmura Alejandro, sa voix tremblante, \u00e9trangl\u00e9e par l\u2019\u00e9motion. Mais pourquoi \u00eates-vous ici\u202f? Qui s\u2019occupe de vous\u202f?<\/p>\n\n\n\n<p>Les enfants \u00e9chang\u00e8rent des regards h\u00e9sitants. Enfin, le gar\u00e7on a\u00een\u00e9, le plus grand de 12 ans, s\u2019avan\u00e7a doucement\u202f:<\/p>\n\n\n\n<figure class=\"wp-block-image size-full\"><img loading=\"lazy\" decoding=\"async\" width=\"686\" height=\"978\" src=\"https:\/\/gazeta.am\/wp-content\/uploads\/2026\/03\/1a-74.jpg\" alt=\"\" class=\"wp-image-1144\" srcset=\"https:\/\/gazeta.am\/wp-content\/uploads\/2026\/03\/1a-74.jpg 686w, https:\/\/gazeta.am\/wp-content\/uploads\/2026\/03\/1a-74-210x300.jpg 210w\" sizes=\"auto, (max-width: 686px) 100vw, 686px\" \/><\/figure>\n\n\n\n<p>\u2014 Nous\u2026 nous vivons ici avec do\u00f1a Rosario. Elle nous a trouv\u00e9s quand nous \u00e9tions orphelins. Elle nous a appris \u00e0 planter, \u00e0 r\u00e9colter\u2026 et \u00e0 survivre. Elle dit toujours que ce lieu appartient \u00e0 ceux qui aiment la terre et respectent la vie.<\/p>\n\n\n\n<p>Alejandro sentit un frisson le parcourir. Ce nom, Rosario\u2026 il lui rappelait une femme qu\u2019il avait connue, une ancienne employ\u00e9e fid\u00e8le de sa famille, disparue depuis des ann\u00e9es dans l\u2019ombre des plantations. Mais ce n\u2019\u00e9tait pas tout\u202f: sur le petit autel improvis\u00e9 au centre de la clairi\u00e8re, il vit un objet qui le cloua sur place\u202f: <strong>une vieille photo de Carmen<\/strong>, jaunie par le temps, pos\u00e9e sur un bouquet de cempas\u00fachil fra\u00eechement cueillis, comme si quelqu\u2019un avait su qu\u2019il viendrait ici.<\/p>\n\n\n\n<p>Le souffle d\u2019Alejandro se coupa. Comment cette photo \u00e9tait-elle arriv\u00e9e ici\u202f? Qui avait entretenu ce lieu\u202f? Et pourquoi ces enfants \u00e9taient-ils prot\u00e9g\u00e9s dans ce sanctuaire oubli\u00e9\u202f?<\/p>\n\n\n\n<p>\u2014 Attendez\u2026 murmura-t-il. Ces fleurs\u2026 ces enfants\u2026 qui\u2026?<\/p>\n\n\n\n<p>\u00c0 cet instant, une silhouette apparut derri\u00e8re un bosquet. Une femme aux cheveux argent\u00e9s, v\u00eatue simplement, mais portant une autorit\u00e9 tranquille, s\u2019avan\u00e7a vers lui. C\u2019\u00e9tait Rosario. Son regard, \u00e0 la fois doux et ferme, fixa Alejandro.<\/p>\n\n\n\n<p>\u2014 Vous avez enfin compris, dit-elle doucement. Ce lieu\u2026 cette maison\u2026 n\u2019a jamais \u00e9t\u00e9 abandonn\u00e9. Carmen nous a demand\u00e9 de prot\u00e9ger la cabane, de pr\u00e9server la terre, et de prendre soin de ceux qui \u00e9taient seuls et perdus. Ces enfants\u2026 ils ne sont pas seulement orphelins, ils sont les h\u00e9ritiers invisibles de cette terre et de sa m\u00e9moire.<\/p>\n\n\n\n<p>Alejandro sentit ses jambes fl\u00e9chir. Sa gorge \u00e9tait serr\u00e9e par un m\u00e9lange de chagrin et d\u2019\u00e9merveillement. Tout ce qu\u2019il pensait conna\u00eetre de sa vie venait de s\u2019effondrer. Sa femme, Carmen, avait cr\u00e9\u00e9 un sanctuaire secret\u2026 un endroit o\u00f9 la bont\u00e9 et la vie continuaient, m\u00eame apr\u00e8s sa mort.<\/p>\n\n\n\n<p>\u2014 Mais\u2026 pourquoi ne m\u2019avez-vous rien dit\u202f? balbutia-t-il, la voix \u00e9trangl\u00e9e. J\u2019\u00e9tais\u2026 je\u2026<\/p>\n\n\n\n<p>Rosario posa une main sur son \u00e9paule, douce mais ferme\u202f:<\/p>\n\n\n\n<p>\u2014 Parce que vous n\u2019\u00e9tiez pas pr\u00eat. Vous veniez ici pour d\u00e9truire vos souvenirs, pour vous punir, pour effacer votre douleur. Carmen savait que vous deviez voir avec vos propres yeux, sentir avec votre propre c\u0153ur, pour comprendre la v\u00e9ritable vie et le v\u00e9ritable h\u00e9ritage que vous laissiez derri\u00e8re vous.<\/p>\n\n\n\n<p>\u00c0 cet instant, Alejandro tomba \u00e0 genoux. Les enfants s\u2019approch\u00e8rent, timidement, et pos\u00e8rent leurs petites mains sur les siennes. Une chaleur \u00e9trange l\u2019envahit. Il pleura, pour la premi\u00e8re fois depuis des mois, laissant tomber toutes les rancunes, toutes les peurs, toutes les douleurs qui l\u2019avaient rong\u00e9.<\/p>\n\n\n\n<p>Puis, un d\u00e9tail attira son attention\u202f: dans la cabane, sur une vieille \u00e9tag\u00e8re en bois, il vit un <strong>journal reli\u00e9 en cuir<\/strong>, portant l\u2019\u00e9criture de Carmen. Alejandro le prit et commen\u00e7a \u00e0 lire. Les pages racontaient des secrets qu\u2019il n\u2019avait jamais soup\u00e7onn\u00e9s\u202f: les sacrifices qu\u2019elle avait faits pour leur famille, les enfants qu\u2019elle avait prot\u00e9g\u00e9s en secret, et surtout, les le\u00e7ons de vie qu\u2019elle voulait transmettre, m\u00eame apr\u00e8s sa mort.<\/p>\n\n\n\n<p>\u2014 Alejandro\u2026 murmura Rosario. Carmen savait que votre empire pouvait vous aveugler. Elle voulait que vous compreniez que le vrai pouvoir\u2026 n\u2019est pas l\u2019argent, ni le contr\u00f4le, mais l\u2019amour, la protection et le don de soi.<\/p>\n\n\n\n<p>Le souffle coup\u00e9, Alejandro leva les yeux vers les enfants. Il vit dans leurs visages l\u2019innocence, la r\u00e9silience et la puret\u00e9 que sa richesse et son succ\u00e8s n\u2019avaient jamais pu acheter. Une pens\u00e9e s\u2019imposa dans son esprit\u202f: <strong>ce lieu, ces enfants, cette cabane\u2026 c\u2019est la v\u00e9ritable richesse qu\u2019il devait prot\u00e9ger, et non ses entreprises ou ses possessions mat\u00e9rielles.<\/strong><\/p>\n\n\n\n<p>Et alors qu\u2019il regardait le soleil se coucher sur le champ de cempas\u00fachil, Alejandro comprit que sa vie allait changer \u00e0 jamais. La vengeance, la solitude et la douleur c\u00e9daient enfin la place \u00e0 une mission nouvelle\u202f: <strong>prot\u00e9ger ces enfants, pr\u00e9server le sanctuaire de Carmen et redonner vie \u00e0 ce qu\u2019il avait presque d\u00e9truit par d\u00e9sespoir.<\/strong><\/p>\n\n\n\n<p>Il sut qu\u2019il ne pourrait jamais oublier cette d\u00e9couverte, ni la force tranquille de Carmen qui, m\u00eame morte, avait guid\u00e9 ses pas vers la lumi\u00e8re. Ce soir-l\u00e0, Alejandro Morales ne rentra pas \u00e0 sa villa, ni dans ses tours d\u2019affaires\u202f: il resta dans la cabane, entour\u00e9 de rires d\u2019enfants et du parfum des fleurs oranges, commen\u00e7ant la plus grande aventure de sa vie\u202f: <strong>r\u00e9parer le pass\u00e9 et construire un futur pour ceux qui n\u2019avaient rien.<\/strong><\/p>\n\n\n\n<p>Cette nuit-l\u00e0, Alejandro Morales s\u2019assit pr\u00e8s de la chemin\u00e9e de la cabane, les enfants endormis sur des matelas de fortune. Le journal de Carmen reposait devant lui, ouvert \u00e0 une page o\u00f9 l\u2019encre jaunie racontait une v\u00e9rit\u00e9 qu\u2019il n\u2019avait jamais soup\u00e7onn\u00e9e.<\/p>\n\n\n\n<p>Carmen n\u2019avait pas seulement \u00e9t\u00e9 une \u00e9pouse d\u00e9vou\u00e9e\u202f: elle avait \u00e9t\u00e9 la protectrice invisible des pauvres et des oubli\u00e9s. Dans ses notes, elle d\u00e9taillait comment elle avait <strong>sauv\u00e9 plusieurs familles de la mis\u00e8re<\/strong>, parfois au risque de leur propre s\u00e9curit\u00e9. Les plantations d\u2019agave, les usines textiles\u202f: tout avait servi, en secret, \u00e0 financer des refuges et des \u00e9coles pour les enfants abandonn\u00e9s, les femmes seules et les malades. Alejandro sentit son c\u0153ur se briser et se remplir en m\u00eame temps\u202f: tout ce qu\u2019il croyait \u00eatre son empire n\u2019\u00e9tait rien compar\u00e9 \u00e0 la vie qu\u2019elle avait cr\u00e9\u00e9e dans l\u2019ombre.<\/p>\n\n\n\n<p>Alors qu\u2019il lisait, un objet tomba du journal\u202f: un <strong>petit m\u00e9daillon en argent<\/strong>, grav\u00e9 du nom de Carmen. \u00c0 l\u2019int\u00e9rieur, une photo miniature des trois enfants qui vivaient ici. Alejandro comprit alors\u202f: ces enfants n\u2019\u00e9taient pas de simples orphelins recueillis par chance. <strong>Ils \u00e9taient la derni\u00e8re mission de Carmen<\/strong>. Elle savait qu\u2019un jour, il viendrait ici, que sa douleur le pousserait au d\u00e9sespoir, et que lui seul pourrait prot\u00e9ger ce lieu et les enfants.<\/p>\n\n\n\n<p>Le lendemain matin, le soleil se leva sur la cabane, illuminant le champ de fleurs orange. Alejandro, pour la premi\u00e8re fois depuis des ann\u00e9es, respira profond\u00e9ment. Son plan de destruction totale avait \u00e9t\u00e9 annul\u00e9 par le destin. Chaque pierre, chaque poutre, chaque fleur avait une histoire, un secret que <strong>m\u00eame la mort de Carmen n\u2019avait pu effacer<\/strong>.<\/p>\n\n\n\n<p>Il se leva et observa les enfants qui jouaient \u00e0 ramasser les fleurs. La fille de six ans courait avec un sourire \u00e9clatant, ignorant le poids du monde, et les deux gar\u00e7ons, courageux et d\u00e9brouillards, exploraient le terrain, comme s\u2019ils poss\u00e9daient la cabane depuis toujours. Alejandro sentit une bouff\u00e9e de responsabilit\u00e9 in\u00e9dite\u202f: il n\u2019\u00e9tait plus seulement un homme en deuil, il \u00e9tait <strong>gardien d\u2019un h\u00e9ritage vivant<\/strong>.<\/p>\n\n\n\n<hr class=\"wp-block-separator has-alpha-channel-opacity\"\/>\n\n\n\n<p>Dans les jours suivants, Alejandro commen\u00e7a \u00e0 transformer la cabane et ses environs. Mais contrairement \u00e0 son empire de b\u00e9ton et de chiffres, cette transformation n\u2019avait rien de mat\u00e9riel\u202f: elle consistait \u00e0 <strong>cr\u00e9er un refuge, un sanctuaire, un lieu de vie pour ceux que le monde avait oubli\u00e9s<\/strong>.<\/p>\n\n\n\n<p>Il fit venir Rosario pour superviser les enfants et le jardinage, engagea discr\u00e8tement des enseignants et des soignants, et utilisa une partie de sa fortune pour garantir leur s\u00e9curit\u00e9 et leur \u00e9ducation. Chaque d\u00e9cision qu\u2019il prenait \u00e9tait guid\u00e9e par l\u2019amour et la m\u00e9moire de Carmen.<\/p>\n\n\n\n<p>Mais le pass\u00e9 n\u2019\u00e9tait jamais loin. Un jour, alors qu\u2019il inspectait le champ, Alejandro trouva <strong>une lettre cach\u00e9e sous une planche du plancher<\/strong>. Cette lettre, \u00e9crite de la main tremblante de Carmen, r\u00e9v\u00e9lait un secret encore plus choquant\u202f:<\/p>\n\n\n\n<blockquote class=\"wp-block-quote is-layout-flow wp-block-quote-is-layout-flow\">\n<p>\u00ab Si je pars avant toi, Alejandro, prot\u00e8ge ces enfants. Ils sont plus que des enfants\u202f: ils sont le symbole de notre amour et de notre justice. Certains croyaient que notre richesse \u00e9tait le vrai tr\u00e9sor, mais la vraie richesse est la vie que nous donnons et prot\u00e9geons. Si jamais quelqu\u2019un d\u00e9couvre ce lieu, sache que tu devras le d\u00e9fendre avec toute la force de ton c\u0153ur. \u00bb<\/p>\n<\/blockquote>\n\n\n\n<p>Alejandro sentit un frisson glacial. Carmen avait anticip\u00e9 les menaces\u202f: elle savait que des personnes mal intentionn\u00e9es pourraient un jour vouloir exploiter la cabane, voler les enfants ou d\u00e9truire ce sanctuaire. Il comprit alors que <strong>sa mission serait bien plus difficile que de simplement pleurer son \u00e9pouse<\/strong>.<\/p>\n\n\n\n<hr class=\"wp-block-separator has-alpha-channel-opacity\"\/>\n\n\n\n<p>Quelques semaines plus tard, des hommes vinrent \u00e0 l\u2019aube. Ils portaient des costumes chers et des regards froids. L\u2019un d\u2019eux s\u2019approcha d\u2019Alejandro avec un sourire suffisant\u202f:<\/p>\n\n\n\n<p>\u2014 Monsieur Morales, je crois que vous savez pourquoi nous sommes ici. Cette propri\u00e9t\u00e9 vous appartient peut-\u00eatre sur le papier, mais elle a un potentiel que nous pouvons exploiter pour des profits bien plus grands.<\/p>\n\n\n\n<p>Alejandro sentit son sang bouillir. Il ne s\u2019agissait pas d\u2019un simple conflit l\u00e9gal\u202f: c\u2019\u00e9taient <strong>des pr\u00e9dateurs, des profiteurs, ceux qui avaient exploit\u00e9 son empire et qui voyaient maintenant le refuge de Carmen comme une opportunit\u00e9 de gain<\/strong>.<\/p>\n\n\n\n<p>\u2014 Ce lieu n\u2019est pas \u00e0 vendre, dit Alejandro calmement, mais chaque mot br\u00fblait de col\u00e8re contenue. <strong>Il est prot\u00e9g\u00e9, par moi et par la m\u00e9moire de Carmen. Vous n\u2019entrerez pas.<\/strong><\/p>\n\n\n\n<p>Les hommes rirent. Alejandro, seul face \u00e0 eux, savait que les apparences ne suffiraient pas. Mais il avait appris de Carmen\u202f: le courage, la ruse et la v\u00e9rit\u00e9 sont parfois les armes les plus puissantes.<\/p>\n\n\n\n<hr class=\"wp-block-separator has-alpha-channel-opacity\"\/>\n\n\n\n<p>Dans les jours qui suivirent, Alejandro mit en place un <strong>plan de d\u00e9fense discret mais implacable<\/strong>. Il utilisa les secrets cach\u00e9s de sa fortune, les contacts dans la ville et la loyaut\u00e9 de Rosario et des enfants pour cr\u00e9er un r\u00e9seau de protection autour de la cabane. Chaque tentative des profiteurs pour s\u2019en approcher fut intercept\u00e9e, chaque plan de destruction d\u00e9jou\u00e9.<\/p>\n\n\n\n<p>Et, \u00e0 mesure que les mois passaient, Alejandro r\u00e9alisa quelque chose de bouleversant\u202f: <strong>ce lieu et ces enfants avaient gu\u00e9ri quelque chose en lui que l\u2019argent et le pouvoir n\u2019avaient jamais pu toucher<\/strong>. La douleur de la perte de Carmen restait, mais elle \u00e9tait d\u00e9sormais accompagn\u00e9e d\u2019une \u00e9nergie nouvelle, une mission plus grande que lui-m\u00eame.<\/p>\n\n\n\n<p>Le champ de cempas\u00fachil, vibrant sous le soleil, devint <strong>le symbole de la renaissance<\/strong>. Chaque enfant qui courait parmi les fleurs, chaque sourire, chaque \u00e9clat de rire, rappelait \u00e0 Alejandro que la v\u00e9ritable vie et la v\u00e9ritable richesse ne se mesurent pas en millions, mais en amour, en protection et en courage.<\/p>\n\n\n\n<p>Et ce soir-l\u00e0, tandis que le vent caressait les fleurs oranges, Alejandro Morales sut qu\u2019il avait trouv\u00e9 <strong>sa r\u00e9demption<\/strong>, et que Carmen, d\u2019une mani\u00e8re ou d\u2019une autre, continuait de veiller sur lui et sur ceux qu\u2019elle aimait.<\/p>\n","protected":false},"excerpt":{"rendered":"Alejandro s\u2019arr\u00eata, frapp\u00e9 par leur regard. Leurs yeux refl\u00e9taient une peur pure, mais aussi une innocence que rien dans ce monde n\u2019avait r\u00e9ussi \n<a class=\"moretag\" href=\"https:\/\/gazeta.am\/?p=1143\"> [...]<\/a>","protected":false},"author":1,"featured_media":1144,"comment_status":"open","ping_status":"open","sticky":false,"template":"","format":"standard","meta":{"footnotes":""},"categories":[1],"tags":[],"class_list":["post-1143","post","type-post","status-publish","format-standard","has-post-thumbnail","hentry","category-1"],"yoast_head":"<!-- This site is optimized with the Yoast SEO plugin v27.4 - https:\/\/yoast.com\/product\/yoast-seo-wordpress\/ -->\n<title>\u2014 S\u2019il vous pla\u00eet, ne nous faites pas de mal, monsieur\u202f! \u00bb cria la plus jeune, la petite fille de six ans, en serrant ses bras autour d\u2019un panier de fleurs. -<\/title>\n<meta name=\"robots\" content=\"index, follow, max-snippet:-1, max-image-preview:large, max-video-preview:-1\" \/>\n<link rel=\"canonical\" href=\"https:\/\/gazeta.am\/?p=1143\" \/>\n<meta property=\"og:locale\" content=\"ru_RU\" \/>\n<meta property=\"og:type\" content=\"article\" \/>\n<meta property=\"og:title\" content=\"\u2014 S\u2019il vous pla\u00eet, ne nous faites pas de mal, monsieur\u202f! \u00bb cria la plus jeune, la petite fille de six ans, en serrant ses bras autour d\u2019un panier de fleurs. -\" \/>\n<meta property=\"og:description\" content=\"Alejandro s\u2019arr\u00eata, frapp\u00e9 par leur regard. Leurs yeux refl\u00e9taient une peur pure, mais aussi une innocence que rien dans ce monde n\u2019avait r\u00e9ussi\" \/>\n<meta property=\"og:url\" content=\"https:\/\/gazeta.am\/?p=1143\" \/>\n<meta property=\"article:published_time\" content=\"2026-03-26T16:12:07+00:00\" \/>\n<meta property=\"article:modified_time\" content=\"2026-03-26T16:12:09+00:00\" \/>\n<meta property=\"og:image\" content=\"https:\/\/gazeta.am\/wp-content\/uploads\/2026\/03\/1a-74.jpg\" \/>\n\t<meta property=\"og:image:width\" content=\"686\" \/>\n\t<meta property=\"og:image:height\" content=\"978\" \/>\n\t<meta property=\"og:image:type\" content=\"image\/jpeg\" \/>\n<meta name=\"author\" content=\"admin\" \/>\n<meta name=\"twitter:card\" content=\"summary_large_image\" \/>\n<meta name=\"twitter:label1\" content=\"\u041d\u0430\u043f\u0438\u0441\u0430\u043d\u043e \u0430\u0432\u0442\u043e\u0440\u043e\u043c\" \/>\n\t<meta name=\"twitter:data1\" content=\"admin\" \/>\n\t<meta name=\"twitter:label2\" content=\"\u041f\u0440\u0438\u043c\u0435\u0440\u043d\u043e\u0435 \u0432\u0440\u0435\u043c\u044f \u0434\u043b\u044f \u0447\u0442\u0435\u043d\u0438\u044f\" \/>\n\t<meta name=\"twitter:data2\" content=\"10 \u043c\u0438\u043d\u0443\u0442\" \/>\n<script type=\"application\/ld+json\" class=\"yoast-schema-graph\">{\"@context\":\"https:\\\/\\\/schema.org\",\"@graph\":[{\"@type\":\"Article\",\"@id\":\"https:\\\/\\\/gazeta.am\\\/?p=1143#article\",\"isPartOf\":{\"@id\":\"https:\\\/\\\/gazeta.am\\\/?p=1143\"},\"author\":{\"name\":\"admin\",\"@id\":\"https:\\\/\\\/gazeta.am\\\/#\\\/schema\\\/person\\\/987709955e760c9a1ebbb44776f8cccc\"},\"headline\":\"\u2014 S\u2019il vous pla\u00eet, ne nous faites pas de mal, monsieur\u202f! \u00bb cria la plus jeune, la petite fille de six ans, en serrant ses bras autour d\u2019un panier de fleurs.\",\"datePublished\":\"2026-03-26T16:12:07+00:00\",\"dateModified\":\"2026-03-26T16:12:09+00:00\",\"mainEntityOfPage\":{\"@id\":\"https:\\\/\\\/gazeta.am\\\/?p=1143\"},\"wordCount\":2017,\"commentCount\":0,\"image\":{\"@id\":\"https:\\\/\\\/gazeta.am\\\/?p=1143#primaryimage\"},\"thumbnailUrl\":\"https:\\\/\\\/gazeta.am\\\/wp-content\\\/uploads\\\/2026\\\/03\\\/1a-74.jpg\",\"articleSection\":[\"NEWS\"],\"inLanguage\":\"ru-RU\",\"potentialAction\":[{\"@type\":\"CommentAction\",\"name\":\"Comment\",\"target\":[\"https:\\\/\\\/gazeta.am\\\/?p=1143#respond\"]}]},{\"@type\":\"WebPage\",\"@id\":\"https:\\\/\\\/gazeta.am\\\/?p=1143\",\"url\":\"https:\\\/\\\/gazeta.am\\\/?p=1143\",\"name\":\"\u2014 S\u2019il vous pla\u00eet, ne nous faites pas de mal, monsieur\u202f! \u00bb cria la plus jeune, la petite fille de six ans, en serrant ses bras autour d\u2019un panier de fleurs. -\",\"isPartOf\":{\"@id\":\"https:\\\/\\\/gazeta.am\\\/#website\"},\"primaryImageOfPage\":{\"@id\":\"https:\\\/\\\/gazeta.am\\\/?p=1143#primaryimage\"},\"image\":{\"@id\":\"https:\\\/\\\/gazeta.am\\\/?p=1143#primaryimage\"},\"thumbnailUrl\":\"https:\\\/\\\/gazeta.am\\\/wp-content\\\/uploads\\\/2026\\\/03\\\/1a-74.jpg\",\"datePublished\":\"2026-03-26T16:12:07+00:00\",\"dateModified\":\"2026-03-26T16:12:09+00:00\",\"author\":{\"@id\":\"https:\\\/\\\/gazeta.am\\\/#\\\/schema\\\/person\\\/987709955e760c9a1ebbb44776f8cccc\"},\"breadcrumb\":{\"@id\":\"https:\\\/\\\/gazeta.am\\\/?p=1143#breadcrumb\"},\"inLanguage\":\"ru-RU\",\"potentialAction\":[{\"@type\":\"ReadAction\",\"target\":[\"https:\\\/\\\/gazeta.am\\\/?p=1143\"]}]},{\"@type\":\"ImageObject\",\"inLanguage\":\"ru-RU\",\"@id\":\"https:\\\/\\\/gazeta.am\\\/?p=1143#primaryimage\",\"url\":\"https:\\\/\\\/gazeta.am\\\/wp-content\\\/uploads\\\/2026\\\/03\\\/1a-74.jpg\",\"contentUrl\":\"https:\\\/\\\/gazeta.am\\\/wp-content\\\/uploads\\\/2026\\\/03\\\/1a-74.jpg\",\"width\":686,\"height\":978},{\"@type\":\"BreadcrumbList\",\"@id\":\"https:\\\/\\\/gazeta.am\\\/?p=1143#breadcrumb\",\"itemListElement\":[{\"@type\":\"ListItem\",\"position\":1,\"name\":\"\u0413\u043b\u0430\u0432\u043d\u0430\u044f \u0441\u0442\u0440\u0430\u043d\u0438\u0446\u0430\",\"item\":\"https:\\\/\\\/gazeta.am\\\/\"},{\"@type\":\"ListItem\",\"position\":2,\"name\":\"\u2014 S\u2019il vous pla\u00eet, ne nous faites pas de mal, monsieur\u202f! \u00bb cria la plus jeune, la petite fille de six ans, en serrant ses bras autour d\u2019un panier de fleurs.\"}]},{\"@type\":\"WebSite\",\"@id\":\"https:\\\/\\\/gazeta.am\\\/#website\",\"url\":\"https:\\\/\\\/gazeta.am\\\/\",\"name\":\"\",\"description\":\"\",\"potentialAction\":[{\"@type\":\"SearchAction\",\"target\":{\"@type\":\"EntryPoint\",\"urlTemplate\":\"https:\\\/\\\/gazeta.am\\\/?s={search_term_string}\"},\"query-input\":{\"@type\":\"PropertyValueSpecification\",\"valueRequired\":true,\"valueName\":\"search_term_string\"}}],\"inLanguage\":\"ru-RU\"},{\"@type\":\"Person\",\"@id\":\"https:\\\/\\\/gazeta.am\\\/#\\\/schema\\\/person\\\/987709955e760c9a1ebbb44776f8cccc\",\"name\":\"admin\",\"image\":{\"@type\":\"ImageObject\",\"inLanguage\":\"ru-RU\",\"@id\":\"https:\\\/\\\/secure.gravatar.com\\\/avatar\\\/a24f4ac3a683f3c87303db525abc00db51ea26ccedee11dfaf1cc0f9a481a5d2?s=96&d=mm&r=g\",\"url\":\"https:\\\/\\\/secure.gravatar.com\\\/avatar\\\/a24f4ac3a683f3c87303db525abc00db51ea26ccedee11dfaf1cc0f9a481a5d2?s=96&d=mm&r=g\",\"contentUrl\":\"https:\\\/\\\/secure.gravatar.com\\\/avatar\\\/a24f4ac3a683f3c87303db525abc00db51ea26ccedee11dfaf1cc0f9a481a5d2?s=96&d=mm&r=g\",\"caption\":\"admin\"},\"sameAs\":[\"http:\\\/\\\/gazeta.am\"],\"url\":\"https:\\\/\\\/gazeta.am\\\/?author=1\"}]}<\/script>\n<!-- \/ Yoast SEO plugin. -->","yoast_head_json":{"title":"\u2014 S\u2019il vous pla\u00eet, ne nous faites pas de mal, monsieur\u202f! \u00bb cria la plus jeune, la petite fille de six ans, en serrant ses bras autour d\u2019un panier de fleurs. -","robots":{"index":"index","follow":"follow","max-snippet":"max-snippet:-1","max-image-preview":"max-image-preview:large","max-video-preview":"max-video-preview:-1"},"canonical":"https:\/\/gazeta.am\/?p=1143","og_locale":"ru_RU","og_type":"article","og_title":"\u2014 S\u2019il vous pla\u00eet, ne nous faites pas de mal, monsieur\u202f! \u00bb cria la plus jeune, la petite fille de six ans, en serrant ses bras autour d\u2019un panier de fleurs. -","og_description":"Alejandro s\u2019arr\u00eata, frapp\u00e9 par leur regard. Leurs yeux refl\u00e9taient une peur pure, mais aussi une innocence que rien dans ce monde n\u2019avait r\u00e9ussi","og_url":"https:\/\/gazeta.am\/?p=1143","article_published_time":"2026-03-26T16:12:07+00:00","article_modified_time":"2026-03-26T16:12:09+00:00","og_image":[{"width":686,"height":978,"url":"https:\/\/gazeta.am\/wp-content\/uploads\/2026\/03\/1a-74.jpg","type":"image\/jpeg"}],"author":"admin","twitter_card":"summary_large_image","twitter_misc":{"\u041d\u0430\u043f\u0438\u0441\u0430\u043d\u043e \u0430\u0432\u0442\u043e\u0440\u043e\u043c":"admin","\u041f\u0440\u0438\u043c\u0435\u0440\u043d\u043e\u0435 \u0432\u0440\u0435\u043c\u044f \u0434\u043b\u044f \u0447\u0442\u0435\u043d\u0438\u044f":"10 \u043c\u0438\u043d\u0443\u0442"},"schema":{"@context":"https:\/\/schema.org","@graph":[{"@type":"Article","@id":"https:\/\/gazeta.am\/?p=1143#article","isPartOf":{"@id":"https:\/\/gazeta.am\/?p=1143"},"author":{"name":"admin","@id":"https:\/\/gazeta.am\/#\/schema\/person\/987709955e760c9a1ebbb44776f8cccc"},"headline":"\u2014 S\u2019il vous pla\u00eet, ne nous faites pas de mal, monsieur\u202f! \u00bb cria la plus jeune, la petite fille de six ans, en serrant ses bras autour d\u2019un panier de fleurs.","datePublished":"2026-03-26T16:12:07+00:00","dateModified":"2026-03-26T16:12:09+00:00","mainEntityOfPage":{"@id":"https:\/\/gazeta.am\/?p=1143"},"wordCount":2017,"commentCount":0,"image":{"@id":"https:\/\/gazeta.am\/?p=1143#primaryimage"},"thumbnailUrl":"https:\/\/gazeta.am\/wp-content\/uploads\/2026\/03\/1a-74.jpg","articleSection":["NEWS"],"inLanguage":"ru-RU","potentialAction":[{"@type":"CommentAction","name":"Comment","target":["https:\/\/gazeta.am\/?p=1143#respond"]}]},{"@type":"WebPage","@id":"https:\/\/gazeta.am\/?p=1143","url":"https:\/\/gazeta.am\/?p=1143","name":"\u2014 S\u2019il vous pla\u00eet, ne nous faites pas de mal, monsieur\u202f! \u00bb cria la plus jeune, la petite fille de six ans, en serrant ses bras autour d\u2019un panier de fleurs. -","isPartOf":{"@id":"https:\/\/gazeta.am\/#website"},"primaryImageOfPage":{"@id":"https:\/\/gazeta.am\/?p=1143#primaryimage"},"image":{"@id":"https:\/\/gazeta.am\/?p=1143#primaryimage"},"thumbnailUrl":"https:\/\/gazeta.am\/wp-content\/uploads\/2026\/03\/1a-74.jpg","datePublished":"2026-03-26T16:12:07+00:00","dateModified":"2026-03-26T16:12:09+00:00","author":{"@id":"https:\/\/gazeta.am\/#\/schema\/person\/987709955e760c9a1ebbb44776f8cccc"},"breadcrumb":{"@id":"https:\/\/gazeta.am\/?p=1143#breadcrumb"},"inLanguage":"ru-RU","potentialAction":[{"@type":"ReadAction","target":["https:\/\/gazeta.am\/?p=1143"]}]},{"@type":"ImageObject","inLanguage":"ru-RU","@id":"https:\/\/gazeta.am\/?p=1143#primaryimage","url":"https:\/\/gazeta.am\/wp-content\/uploads\/2026\/03\/1a-74.jpg","contentUrl":"https:\/\/gazeta.am\/wp-content\/uploads\/2026\/03\/1a-74.jpg","width":686,"height":978},{"@type":"BreadcrumbList","@id":"https:\/\/gazeta.am\/?p=1143#breadcrumb","itemListElement":[{"@type":"ListItem","position":1,"name":"\u0413\u043b\u0430\u0432\u043d\u0430\u044f \u0441\u0442\u0440\u0430\u043d\u0438\u0446\u0430","item":"https:\/\/gazeta.am\/"},{"@type":"ListItem","position":2,"name":"\u2014 S\u2019il vous pla\u00eet, ne nous faites pas de mal, monsieur\u202f! \u00bb cria la plus jeune, la petite fille de six ans, en serrant ses bras autour d\u2019un panier de fleurs."}]},{"@type":"WebSite","@id":"https:\/\/gazeta.am\/#website","url":"https:\/\/gazeta.am\/","name":"","description":"","potentialAction":[{"@type":"SearchAction","target":{"@type":"EntryPoint","urlTemplate":"https:\/\/gazeta.am\/?s={search_term_string}"},"query-input":{"@type":"PropertyValueSpecification","valueRequired":true,"valueName":"search_term_string"}}],"inLanguage":"ru-RU"},{"@type":"Person","@id":"https:\/\/gazeta.am\/#\/schema\/person\/987709955e760c9a1ebbb44776f8cccc","name":"admin","image":{"@type":"ImageObject","inLanguage":"ru-RU","@id":"https:\/\/secure.gravatar.com\/avatar\/a24f4ac3a683f3c87303db525abc00db51ea26ccedee11dfaf1cc0f9a481a5d2?s=96&d=mm&r=g","url":"https:\/\/secure.gravatar.com\/avatar\/a24f4ac3a683f3c87303db525abc00db51ea26ccedee11dfaf1cc0f9a481a5d2?s=96&d=mm&r=g","contentUrl":"https:\/\/secure.gravatar.com\/avatar\/a24f4ac3a683f3c87303db525abc00db51ea26ccedee11dfaf1cc0f9a481a5d2?s=96&d=mm&r=g","caption":"admin"},"sameAs":["http:\/\/gazeta.am"],"url":"https:\/\/gazeta.am\/?author=1"}]}},"_links":{"self":[{"href":"https:\/\/gazeta.am\/index.php?rest_route=\/wp\/v2\/posts\/1143","targetHints":{"allow":["GET"]}}],"collection":[{"href":"https:\/\/gazeta.am\/index.php?rest_route=\/wp\/v2\/posts"}],"about":[{"href":"https:\/\/gazeta.am\/index.php?rest_route=\/wp\/v2\/types\/post"}],"author":[{"embeddable":true,"href":"https:\/\/gazeta.am\/index.php?rest_route=\/wp\/v2\/users\/1"}],"replies":[{"embeddable":true,"href":"https:\/\/gazeta.am\/index.php?rest_route=%2Fwp%2Fv2%2Fcomments&post=1143"}],"version-history":[{"count":1,"href":"https:\/\/gazeta.am\/index.php?rest_route=\/wp\/v2\/posts\/1143\/revisions"}],"predecessor-version":[{"id":1145,"href":"https:\/\/gazeta.am\/index.php?rest_route=\/wp\/v2\/posts\/1143\/revisions\/1145"}],"wp:featuredmedia":[{"embeddable":true,"href":"https:\/\/gazeta.am\/index.php?rest_route=\/wp\/v2\/media\/1144"}],"wp:attachment":[{"href":"https:\/\/gazeta.am\/index.php?rest_route=%2Fwp%2Fv2%2Fmedia&parent=1143"}],"wp:term":[{"taxonomy":"category","embeddable":true,"href":"https:\/\/gazeta.am\/index.php?rest_route=%2Fwp%2Fv2%2Fcategories&post=1143"},{"taxonomy":"post_tag","embeddable":true,"href":"https:\/\/gazeta.am\/index.php?rest_route=%2Fwp%2Fv2%2Ftags&post=1143"}],"curies":[{"name":"wp","href":"https:\/\/api.w.org\/{rel}","templated":true}]}}