{"id":1137,"date":"2026-03-26T19:00:39","date_gmt":"2026-03-26T16:00:39","guid":{"rendered":"https:\/\/gazeta.am\/?p=1137"},"modified":"2026-03-26T19:00:40","modified_gmt":"2026-03-26T16:00:40","slug":"ricardo-sentit-son-coeur-semballer-comme-jamais-auparavant-ses-mains-tremblaient-et-le-froid-du-matin-lui-transpercait-les-os-le-garcon-malgre-sa-petite-taille-et-ses-vetements-modestes","status":"publish","type":"post","link":"https:\/\/gazeta.am\/?p=1137","title":{"rendered":"Ricardo sentit son c\u0153ur s\u2019emballer comme jamais auparavant. Ses mains tremblaient, et le froid du matin lui transper\u00e7ait les os. Le gar\u00e7on, malgr\u00e9 sa petite taille et ses v\u00eatements modestes, d\u00e9gageait une autorit\u00e9 tranquille, comme si ce qu\u2019il allait r\u00e9v\u00e9ler allait bouleverser l\u2019existence m\u00eame du magnat."},"content":{"rendered":"\n<p>\u2014 <strong>Montre-moi\u2026<\/strong> murmura Ricardo, sa voix \u00e0 peine audible, \u00e9trangl\u00e9e par l\u2019\u00e9motion.<\/p>\n\n\n\n<p>Le petit hocha la t\u00eate et pointa vers un sentier qui serpentait derri\u00e8re le cimeti\u00e8re, l\u00e0 o\u00f9 les arbres formaient une vo\u00fbte naturelle. Chaque pas r\u00e9sonnait sur le gravier humide, et le vent agitait les feuilles avec une sorte de murmure myst\u00e9rieux, comme si la nature elle-m\u00eame voulait lui r\u00e9v\u00e9ler un secret.<\/p>\n\n\n\n<p>\u2014 L\u00e0-bas\u2026 c\u2019est l\u00e0 que Teo m\u2019a montr\u00e9, dit le gar\u00e7on, les yeux fix\u00e9s sur Ricardo. \u00ab Il m\u2019a dit\u202f: \u2018Quand papa viendra, il comprendra tout.\u2019 \u00bb<\/p>\n\n\n\n<p>Ricardo suivit le gar\u00e7on, son esprit embrouill\u00e9 par une temp\u00eate de souvenirs et de douleur. Chaque pas le rapprochait du parc municipal o\u00f9 il avait promen\u00e9 Mateo tant de fois. Mais il ne s\u2019attendait pas \u00e0 ce qu\u2019il allait d\u00e9couvrir.<\/p>\n\n\n\n<figure class=\"wp-block-image size-large\"><img loading=\"lazy\" decoding=\"async\" width=\"1024\" height=\"1024\" src=\"https:\/\/gazeta.am\/wp-content\/uploads\/2026\/03\/1a-72-1024x1024.jpg\" alt=\"\" class=\"wp-image-1138\" srcset=\"https:\/\/gazeta.am\/wp-content\/uploads\/2026\/03\/1a-72-1024x1024.jpg 1024w, https:\/\/gazeta.am\/wp-content\/uploads\/2026\/03\/1a-72-300x300.jpg 300w, https:\/\/gazeta.am\/wp-content\/uploads\/2026\/03\/1a-72-150x150.jpg 150w, https:\/\/gazeta.am\/wp-content\/uploads\/2026\/03\/1a-72-768x768.jpg 768w, https:\/\/gazeta.am\/wp-content\/uploads\/2026\/03\/1a-72.jpg 1257w\" sizes=\"auto, (max-width: 1024px) 100vw, 1024px\" \/><\/figure>\n\n\n\n<p>Au d\u00e9tour du chemin, il vit un petit coffre en bois, partiellement recouvert de feuilles et de terre. Le gar\u00e7on s\u2019agenouilla, soufflant doucement dessus pour r\u00e9v\u00e9ler des symboles grav\u00e9s sur le bois\u202f: des initiales, \u00ab M.V. \u00bb et un petit ballon de football finement sculpt\u00e9.<\/p>\n\n\n\n<p>\u2014 C\u2019est\u2026 c\u2019est le ballon de Mateo, murmura Ricardo, incapable de d\u00e9tacher ses yeux du coffre.<\/p>\n\n\n\n<p>Le gar\u00e7on lui tendit la cl\u00e9, rouill\u00e9e mais encore fonctionnelle. Ricardo la prit avec des mains tremblantes et ouvrit le coffre. \u00c0 l\u2019int\u00e9rieur, il trouva des dessins, des lettres, et une petite bo\u00eete contenant\u2026 une m\u00e8che de cheveux et la petite gorra bleue des Yankees. Tout \u00e9tait soigneusement arrang\u00e9, comme si Mateo lui-m\u00eame avait voulu que son p\u00e8re d\u00e9couvre cela un jour.<\/p>\n\n\n\n<p>Les larmes coul\u00e8rent sur les joues de Ricardo. Des mois de douleur, de regrets et de col\u00e8re se transformaient en une r\u00e9v\u00e9lation presque surnaturelle\u202f: son fils n\u2019avait pas souffert seul. Il avait partag\u00e9 des moments de joie, m\u00eame dans la maladie, et avait trouv\u00e9 un ami fid\u00e8le en Teo, un enfant qu\u2019il n\u2019avait jamais rencontr\u00e9.<\/p>\n\n\n\n<p>\u2014 Il\u2026 il \u00e9tait heureux, dit le gar\u00e7on, sa voix tremblante. \u00ab Il m\u2019a dit\u202f: \u2018M\u00eame si je dois partir, je veux que papa sache que j\u2019ai ri jusqu\u2019au bout.\u2019 \u00bb<\/p>\n\n\n\n<p>Ricardo sentit une chaleur envahir son corps glac\u00e9. Pour la premi\u00e8re fois depuis quatre mois, il sentit le sourire de Mateo, sa joie pure et lumineuse, comme un rayon de soleil traversant l\u2019obscurit\u00e9 de son deuil.<\/p>\n\n\n\n<p>\u2014 Merci\u2026 merci \u00e0 toi, murmura Ricardo, prenant le gar\u00e7on dans ses bras, incapable de trouver les mots. \u00ab Tu m\u2019as ramen\u00e9 mon fils\u2026 \u00bb<\/p>\n\n\n\n<p>Le petit se laissa faire, les yeux brillants mais calmes. Et dans ce silence sacr\u00e9, entour\u00e9s des pierres froides du cimeti\u00e8re, Ricardo comprit quelque chose d\u2019essentiel\u202f: le v\u00e9ritable tr\u00e9sor n\u2019\u00e9tait pas dans l\u2019argent, dans les immeubles ou dans le pouvoir, mais dans ces moments de vie partag\u00e9s, m\u00eame invisibles pour le monde.<\/p>\n\n\n\n<p>Puis le gar\u00e7on murmura, presque en secret\u202f:<\/p>\n\n\n\n<p>\u2014 Il y a encore quelque chose, monsieur. Teo m\u2019a dit que Mateo a laiss\u00e9 une lettre pour vous, cach\u00e9e sous le banc du vieux ch\u00eane, pr\u00e8s du terrain de football. Il voulait que vous sachiez\u2026 pourquoi il a ri jusqu\u2019\u00e0 la fin.<\/p>\n\n\n\n<p>Ricardo sentit son souffle se couper. Il savait qu\u2019il devait aller voir. Chaque pas vers ce banc \u00e9tait un m\u00e9lange de peur et d\u2019esp\u00e9rance. Lorsqu\u2019il atteignit le vieux ch\u00eane, il trouva une enveloppe jaunie par le temps, soigneusement dissimul\u00e9e sous les racines. Il l\u2019ouvrit avec des mains tremblantes.<\/p>\n\n\n\n<p>\u00c0 l\u2019int\u00e9rieur, une lettre manuscrite, \u00e9crite de la main de Mateo, commen\u00e7ait ainsi\u202f:<\/p>\n\n\n\n<p><em>\u00ab Papa\u2026 si tu lis ceci, c\u2019est que je suis parti, mais je veux que tu saches une chose\u202f: je t\u2019ai aim\u00e9, m\u00eame quand tu n\u2019\u00e9tais pas l\u00e0. J\u2019ai ri, parce que j\u2019ai eu un ami, et parce que j\u2019ai senti ton amour m\u00eame \u00e0 travers les machines et les murs blancs de l\u2019h\u00f4pital. Ne pleure pas pour moi\u2026 sois heureux. Et promets-moi que tu ne seras plus jamais seul. \u00bb<\/em><\/p>\n\n\n\n<p>Ricardo sentit ses jambes fl\u00e9chir, et le monde autour de lui s\u2019effondra dans un m\u00e9lange de tristesse et d\u2019\u00e9merveillement. Tout ce qu\u2019il avait cherch\u00e9 \u00e0 acheter avec de l\u2019argent, tout ce qu\u2019il avait cru pouvoir contr\u00f4ler\u2026 son fils l\u2019avait d\u00e9j\u00e0 donn\u00e9 gratuitement\u202f: le vrai sens de la vie, de l\u2019amour et du rire.<\/p>\n\n\n\n<p>Et \u00e0 ce moment pr\u00e9cis, Ricardo sut que sa vie allait changer \u00e0 jamais. Il ne serait plus le magnat obs\u00e9d\u00e9 par la richesse. Il serait le p\u00e8re de Mateo dans le c\u0153ur et dans l\u2019\u00e2me, portant son h\u00e9ritage de joie et de courage, m\u00eame au-del\u00e0 de la mort.<\/p>\n\n\n\n<p>Ricardo serra la lettre dans sa main, le c\u0153ur battant si fort qu\u2019il avait l\u2019impression que ses c\u00f4tes allaient se briser. Mais alors qu\u2019il se relevait, une \u00e9trange sensation l\u2019envahit\u202f: quelque chose clochait. Trop de d\u00e9tails\u2026 trop parfaits. Comment Mateo aurait-il pu organiser tout cela\u202f? Et surtout\u202f: comment un enfant pouvait-il laisser des indices pr\u00e9cis pour que son p\u00e8re les d\u00e9couvre, alors qu\u2019il \u00e9tait hospitalis\u00e9 et affaibli\u202f?<\/p>\n\n\n\n<p>Le gar\u00e7on, silencieux depuis quelques minutes, le regardait avec une intensit\u00e9 presque surnaturelle. Puis, d\u2019une voix basse et tremblante, il dit\u202f:<\/p>\n\n\n\n<p>\u2014 Monsieur\u2026 je crois que Mateo n\u2019est pas parti compl\u00e8tement. Teo m\u2019a dit qu\u2019il y avait quelque chose\u2026 quelque chose que vous devez comprendre.<\/p>\n\n\n\n<p>Ricardo fron\u00e7a les sourcils. Il avait entendu parler de \u201cmiracles\u201d dans les h\u00f4pitaux pour enfants, des histoires impossibles. Mais l\u00e0\u2026 il sentait que c\u2019\u00e9tait r\u00e9el.<\/p>\n\n\n\n<p>\u2014 Quoi\u202f? demanda-t-il, sa voix tremblante mais d\u00e9cid\u00e9e. Qu\u2019est-ce que tu veux dire\u202f?<\/p>\n\n\n\n<p>\u2014 Teo m\u2019a montr\u00e9 un endroit dans l\u2019h\u00f4pital. L\u00e0 o\u00f9 ils vous ont dit que Mateo \u00e9tait trop faible pour jouer\u2026 il y a un coffre, cach\u00e9 derri\u00e8re une grille de s\u00e9curit\u00e9. Il contient\u2026 des journaux, des dessins, et\u2026 je crois que quelqu\u2019un\u2026 ou quelque chose\u2026 l\u2019a aid\u00e9 \u00e0 pr\u00e9parer tout \u00e7a pour vous.<\/p>\n\n\n\n<p>Ricardo sentit son souffle se couper. Il connaissait l\u2019h\u00f4pital\u202f: s\u00e9curis\u00e9, strict, impossible \u00e0 p\u00e9n\u00e9trer pour un civil. Pourtant, le gar\u00e7on continuait, comme s\u2019il lisait dans son \u00e2me\u202f:<\/p>\n\n\n\n<p>\u2014 Mateo\u2026 il savait que vous ne viendriez pas si vous saviez seulement qu\u2019il \u00e9tait malade. Mais il voulait que vous sachiez la v\u00e9rit\u00e9 sur ses derniers jours\u2026 et sur pourquoi il est parti en paix.<\/p>\n\n\n\n<p>Ricardo sentit une col\u00e8re m\u00eal\u00e9e de tristesse et d\u2019angoisse monter en lui\u202f: la col\u00e8re contre le monde, contre la maladie, contre sa propre incapacit\u00e9 \u00e0 prot\u00e9ger son fils. Mais une curiosit\u00e9 f\u00e9roce le poussa \u00e0 suivre le gar\u00e7on vers l\u2019h\u00f4pital.<\/p>\n\n\n\n<p>Lorsqu\u2019ils arriv\u00e8rent, le portail \u00e9tait d\u00e9sert, et le personnel de nuit semblait absent. Le gar\u00e7on guida Ricardo vers un vieux couloir oubli\u00e9, o\u00f9 une grille m\u00e9tallique rouill\u00e9e dissimulait un petit coffre. Ricardo r\u00e9alisa alors que les journaux et dessins de Mateo n\u2019\u00e9taient pas des souvenirs innocents\u202f: ils contenaient des indices sur un <strong>myst\u00e8re plus grand<\/strong>.<\/p>\n\n\n\n<p>Il ouvrit le coffre, et ses yeux s\u2019\u00e9carquill\u00e8rent. Des feuilles manuscrites, des dessins cod\u00e9s et un petit carnet num\u00e9rique y \u00e9taient soigneusement rang\u00e9s. Ricardo prit le carnet et l\u2019alluma. Les fichiers contenaient des vid\u00e9os\u202f: Mateo, avec une force et une lucidit\u00e9 surprenantes, expliquant ses derniers jours, mais aussi d\u00e9voilant un secret que personne n\u2019aurait imagin\u00e9\u202f: <strong>les traitements qu\u2019il recevait \u00e9taient manipul\u00e9s. Certaines doses \u00e9taient erron\u00e9es, et des m\u00e9decins avaient volontairement retard\u00e9 certains m\u00e9dicaments pour\u2026 de l\u2019argent.<\/strong><\/p>\n\n\n\n<p>Ricardo sentit son monde s\u2019\u00e9crouler. Tout l\u2019argent qu\u2019il avait donn\u00e9 \u00e0 l\u2019h\u00f4pital, toute sa confiance dans le syst\u00e8me m\u00e9dical, venait de se transformer en trahison. Son fils n\u2019\u00e9tait pas seulement mort d\u2019une maladie\u202f: il avait \u00e9t\u00e9 <strong>vol\u00e9, manipul\u00e9 et trahi par ceux qui \u00e9taient cens\u00e9s le prot\u00e9ger<\/strong>.<\/p>\n\n\n\n<p>Le gar\u00e7on murmura\u202f:<\/p>\n\n\n\n<p>\u2014 Mateo voulait que vous sachiez. Il voulait que vous compreniez\u2026 pour que justice soit faite.<\/p>\n\n\n\n<p>Ricardo sentit un m\u00e9lange de rage et de d\u00e9termination pure l\u2019envahir. Il n\u2019\u00e9tait plus le p\u00e8re en deuil, paralys\u00e9 par le chagrin. Il \u00e9tait devenu un homme <strong>pr\u00eat \u00e0 affronter le monde entier pour r\u00e9v\u00e9ler la v\u00e9rit\u00e9 et venger son fils<\/strong>.<\/p>\n\n\n\n<p>\u2014 Montre-moi tout, dit Ricardo, le regard br\u00fblant. \u00ab Je veux chaque preuve, chaque nom. Ceux qui ont trahi Mateo\u2026 ils paieront. \u00bb<\/p>\n\n\n\n<p>Et \u00e0 cet instant, une d\u00e9cision prit racine dans son c\u0153ur\u202f: <strong>il ne laisserait plus jamais quelqu\u2019un jouer avec la vie de son fils ou avec la v\u00e9rit\u00e9.<\/strong><\/p>\n\n\n\n<p>Le gar\u00e7on hocha la t\u00eate, et ensemble, ils commenc\u00e8rent \u00e0 parcourir les fichiers, les dessins et les lettres. Chaque d\u00e9couverte ajoutait un morceau au puzzle\u202f: les m\u00e9decins corrompus, les administrateurs complices, et m\u00eame des politiciens qui avaient d\u00e9tourn\u00e9 des fonds pour masquer leurs erreurs. Ricardo comprit qu\u2019il d\u00e9tenait maintenant une arme plus puissante que l\u2019argent\u202f: <strong>la v\u00e9rit\u00e9 pure et irr\u00e9futable de ce qui \u00e9tait arriv\u00e9 \u00e0 Mateo.<\/strong><\/p>\n\n\n\n<p>Dans cette nuit glaciale, devant le vieux coffre, Ricardo fit une promesse \u00e0 son fils\u202f:<\/p>\n\n\n\n<p>\u2014 Je te le jure, Mateo\u2026 je ferai tomber tous ceux qui t\u2019ont fait du mal. Et je ne m\u2019arr\u00eaterai pas avant que le monde sache que tu as ri jusqu\u2019au bout, malgr\u00e9 eux.<\/p>\n\n\n\n<p>Le gar\u00e7on posa une main sur l\u2019\u00e9paule de Ricardo et murmura\u202f:<\/p>\n\n\n\n<p>\u2014 Mateo savait que vous \u00e9tiez le seul qui pouvait finir ce qu\u2019il avait commenc\u00e9. Il vous a choisi.<\/p>\n\n\n\n<p>Et \u00e0 ce moment pr\u00e9cis, Ricardo comprit que <strong>la v\u00e9ritable bataille ne faisait que commencer<\/strong>. Ce qui avait commenc\u00e9 comme un deuil silencieux allait se transformer en une guerre \u00e9clatante, o\u00f9 la justice et la v\u00e9rit\u00e9 seraient ses seules armes.<\/p>\n","protected":false},"excerpt":{"rendered":"\u2014 Montre-moi\u2026 murmura Ricardo, sa voix \u00e0 peine audible, \u00e9trangl\u00e9e par l\u2019\u00e9motion. Le petit hocha la t\u00eate et pointa vers un sentier qui \n<a class=\"moretag\" href=\"https:\/\/gazeta.am\/?p=1137\"> [...]<\/a>","protected":false},"author":1,"featured_media":1138,"comment_status":"open","ping_status":"open","sticky":false,"template":"","format":"standard","meta":{"footnotes":""},"categories":[1],"tags":[],"class_list":["post-1137","post","type-post","status-publish","format-standard","has-post-thumbnail","hentry","category-1"],"yoast_head":"<!-- This site is optimized with the Yoast SEO plugin v27.4 - https:\/\/yoast.com\/product\/yoast-seo-wordpress\/ -->\n<title>Ricardo sentit son c\u0153ur s\u2019emballer comme jamais auparavant. Ses mains tremblaient, et le froid du matin lui transper\u00e7ait les os. Le gar\u00e7on, malgr\u00e9 sa petite taille et ses v\u00eatements modestes, d\u00e9gageait une autorit\u00e9 tranquille, comme si ce qu\u2019il allait r\u00e9v\u00e9ler allait bouleverser l\u2019existence m\u00eame du magnat. -<\/title>\n<meta name=\"robots\" content=\"index, follow, max-snippet:-1, max-image-preview:large, max-video-preview:-1\" \/>\n<link rel=\"canonical\" href=\"https:\/\/gazeta.am\/?p=1137\" \/>\n<meta property=\"og:locale\" content=\"ru_RU\" \/>\n<meta property=\"og:type\" content=\"article\" \/>\n<meta property=\"og:title\" content=\"Ricardo sentit son c\u0153ur s\u2019emballer comme jamais auparavant. Ses mains tremblaient, et le froid du matin lui transper\u00e7ait les os. Le gar\u00e7on, malgr\u00e9 sa petite taille et ses v\u00eatements modestes, d\u00e9gageait une autorit\u00e9 tranquille, comme si ce qu\u2019il allait r\u00e9v\u00e9ler allait bouleverser l\u2019existence m\u00eame du magnat. -\" \/>\n<meta property=\"og:description\" content=\"\u2014 Montre-moi\u2026 murmura Ricardo, sa voix \u00e0 peine audible, \u00e9trangl\u00e9e par l\u2019\u00e9motion. Le petit hocha la t\u00eate et pointa vers un sentier qui\" \/>\n<meta property=\"og:url\" content=\"https:\/\/gazeta.am\/?p=1137\" \/>\n<meta property=\"article:published_time\" content=\"2026-03-26T16:00:39+00:00\" \/>\n<meta property=\"article:modified_time\" content=\"2026-03-26T16:00:40+00:00\" \/>\n<meta property=\"og:image\" content=\"https:\/\/gazeta.am\/wp-content\/uploads\/2026\/03\/1a-72.jpg\" \/>\n\t<meta property=\"og:image:width\" content=\"1257\" \/>\n\t<meta property=\"og:image:height\" content=\"1257\" \/>\n\t<meta property=\"og:image:type\" content=\"image\/jpeg\" \/>\n<meta name=\"author\" content=\"admin\" \/>\n<meta name=\"twitter:card\" content=\"summary_large_image\" \/>\n<meta name=\"twitter:label1\" content=\"\u041d\u0430\u043f\u0438\u0441\u0430\u043d\u043e \u0430\u0432\u0442\u043e\u0440\u043e\u043c\" \/>\n\t<meta name=\"twitter:data1\" content=\"admin\" \/>\n\t<meta name=\"twitter:label2\" content=\"\u041f\u0440\u0438\u043c\u0435\u0440\u043d\u043e\u0435 \u0432\u0440\u0435\u043c\u044f \u0434\u043b\u044f \u0447\u0442\u0435\u043d\u0438\u044f\" \/>\n\t<meta name=\"twitter:data2\" content=\"9 \u043c\u0438\u043d\u0443\u0442\" \/>\n<script type=\"application\/ld+json\" class=\"yoast-schema-graph\">{\"@context\":\"https:\\\/\\\/schema.org\",\"@graph\":[{\"@type\":\"Article\",\"@id\":\"https:\\\/\\\/gazeta.am\\\/?p=1137#article\",\"isPartOf\":{\"@id\":\"https:\\\/\\\/gazeta.am\\\/?p=1137\"},\"author\":{\"name\":\"admin\",\"@id\":\"https:\\\/\\\/gazeta.am\\\/#\\\/schema\\\/person\\\/987709955e760c9a1ebbb44776f8cccc\"},\"headline\":\"Ricardo sentit son c\u0153ur s\u2019emballer comme jamais auparavant. Ses mains tremblaient, et le froid du matin lui transper\u00e7ait les os. Le gar\u00e7on, malgr\u00e9 sa petite taille et ses v\u00eatements modestes, d\u00e9gageait une autorit\u00e9 tranquille, comme si ce qu\u2019il allait r\u00e9v\u00e9ler allait bouleverser l\u2019existence m\u00eame du magnat.\",\"datePublished\":\"2026-03-26T16:00:39+00:00\",\"dateModified\":\"2026-03-26T16:00:40+00:00\",\"mainEntityOfPage\":{\"@id\":\"https:\\\/\\\/gazeta.am\\\/?p=1137\"},\"wordCount\":1765,\"commentCount\":0,\"image\":{\"@id\":\"https:\\\/\\\/gazeta.am\\\/?p=1137#primaryimage\"},\"thumbnailUrl\":\"https:\\\/\\\/gazeta.am\\\/wp-content\\\/uploads\\\/2026\\\/03\\\/1a-72.jpg\",\"articleSection\":[\"NEWS\"],\"inLanguage\":\"ru-RU\",\"potentialAction\":[{\"@type\":\"CommentAction\",\"name\":\"Comment\",\"target\":[\"https:\\\/\\\/gazeta.am\\\/?p=1137#respond\"]}]},{\"@type\":\"WebPage\",\"@id\":\"https:\\\/\\\/gazeta.am\\\/?p=1137\",\"url\":\"https:\\\/\\\/gazeta.am\\\/?p=1137\",\"name\":\"Ricardo sentit son c\u0153ur s\u2019emballer comme jamais auparavant. Ses mains tremblaient, et le froid du matin lui transper\u00e7ait les os. Le gar\u00e7on, malgr\u00e9 sa petite taille et ses v\u00eatements modestes, d\u00e9gageait une autorit\u00e9 tranquille, comme si ce qu\u2019il allait r\u00e9v\u00e9ler allait bouleverser l\u2019existence m\u00eame du magnat. -\",\"isPartOf\":{\"@id\":\"https:\\\/\\\/gazeta.am\\\/#website\"},\"primaryImageOfPage\":{\"@id\":\"https:\\\/\\\/gazeta.am\\\/?p=1137#primaryimage\"},\"image\":{\"@id\":\"https:\\\/\\\/gazeta.am\\\/?p=1137#primaryimage\"},\"thumbnailUrl\":\"https:\\\/\\\/gazeta.am\\\/wp-content\\\/uploads\\\/2026\\\/03\\\/1a-72.jpg\",\"datePublished\":\"2026-03-26T16:00:39+00:00\",\"dateModified\":\"2026-03-26T16:00:40+00:00\",\"author\":{\"@id\":\"https:\\\/\\\/gazeta.am\\\/#\\\/schema\\\/person\\\/987709955e760c9a1ebbb44776f8cccc\"},\"breadcrumb\":{\"@id\":\"https:\\\/\\\/gazeta.am\\\/?p=1137#breadcrumb\"},\"inLanguage\":\"ru-RU\",\"potentialAction\":[{\"@type\":\"ReadAction\",\"target\":[\"https:\\\/\\\/gazeta.am\\\/?p=1137\"]}]},{\"@type\":\"ImageObject\",\"inLanguage\":\"ru-RU\",\"@id\":\"https:\\\/\\\/gazeta.am\\\/?p=1137#primaryimage\",\"url\":\"https:\\\/\\\/gazeta.am\\\/wp-content\\\/uploads\\\/2026\\\/03\\\/1a-72.jpg\",\"contentUrl\":\"https:\\\/\\\/gazeta.am\\\/wp-content\\\/uploads\\\/2026\\\/03\\\/1a-72.jpg\",\"width\":1257,\"height\":1257},{\"@type\":\"BreadcrumbList\",\"@id\":\"https:\\\/\\\/gazeta.am\\\/?p=1137#breadcrumb\",\"itemListElement\":[{\"@type\":\"ListItem\",\"position\":1,\"name\":\"\u0413\u043b\u0430\u0432\u043d\u0430\u044f \u0441\u0442\u0440\u0430\u043d\u0438\u0446\u0430\",\"item\":\"https:\\\/\\\/gazeta.am\\\/\"},{\"@type\":\"ListItem\",\"position\":2,\"name\":\"Ricardo sentit son c\u0153ur s\u2019emballer comme jamais auparavant. Ses mains tremblaient, et le froid du matin lui transper\u00e7ait les os. Le gar\u00e7on, malgr\u00e9 sa petite taille et ses v\u00eatements modestes, d\u00e9gageait une autorit\u00e9 tranquille, comme si ce qu\u2019il allait r\u00e9v\u00e9ler allait bouleverser l\u2019existence m\u00eame du magnat.\"}]},{\"@type\":\"WebSite\",\"@id\":\"https:\\\/\\\/gazeta.am\\\/#website\",\"url\":\"https:\\\/\\\/gazeta.am\\\/\",\"name\":\"\",\"description\":\"\",\"potentialAction\":[{\"@type\":\"SearchAction\",\"target\":{\"@type\":\"EntryPoint\",\"urlTemplate\":\"https:\\\/\\\/gazeta.am\\\/?s={search_term_string}\"},\"query-input\":{\"@type\":\"PropertyValueSpecification\",\"valueRequired\":true,\"valueName\":\"search_term_string\"}}],\"inLanguage\":\"ru-RU\"},{\"@type\":\"Person\",\"@id\":\"https:\\\/\\\/gazeta.am\\\/#\\\/schema\\\/person\\\/987709955e760c9a1ebbb44776f8cccc\",\"name\":\"admin\",\"image\":{\"@type\":\"ImageObject\",\"inLanguage\":\"ru-RU\",\"@id\":\"https:\\\/\\\/secure.gravatar.com\\\/avatar\\\/a24f4ac3a683f3c87303db525abc00db51ea26ccedee11dfaf1cc0f9a481a5d2?s=96&d=mm&r=g\",\"url\":\"https:\\\/\\\/secure.gravatar.com\\\/avatar\\\/a24f4ac3a683f3c87303db525abc00db51ea26ccedee11dfaf1cc0f9a481a5d2?s=96&d=mm&r=g\",\"contentUrl\":\"https:\\\/\\\/secure.gravatar.com\\\/avatar\\\/a24f4ac3a683f3c87303db525abc00db51ea26ccedee11dfaf1cc0f9a481a5d2?s=96&d=mm&r=g\",\"caption\":\"admin\"},\"sameAs\":[\"http:\\\/\\\/gazeta.am\"],\"url\":\"https:\\\/\\\/gazeta.am\\\/?author=1\"}]}<\/script>\n<!-- \/ Yoast SEO plugin. -->","yoast_head_json":{"title":"Ricardo sentit son c\u0153ur s\u2019emballer comme jamais auparavant. Ses mains tremblaient, et le froid du matin lui transper\u00e7ait les os. Le gar\u00e7on, malgr\u00e9 sa petite taille et ses v\u00eatements modestes, d\u00e9gageait une autorit\u00e9 tranquille, comme si ce qu\u2019il allait r\u00e9v\u00e9ler allait bouleverser l\u2019existence m\u00eame du magnat. -","robots":{"index":"index","follow":"follow","max-snippet":"max-snippet:-1","max-image-preview":"max-image-preview:large","max-video-preview":"max-video-preview:-1"},"canonical":"https:\/\/gazeta.am\/?p=1137","og_locale":"ru_RU","og_type":"article","og_title":"Ricardo sentit son c\u0153ur s\u2019emballer comme jamais auparavant. Ses mains tremblaient, et le froid du matin lui transper\u00e7ait les os. Le gar\u00e7on, malgr\u00e9 sa petite taille et ses v\u00eatements modestes, d\u00e9gageait une autorit\u00e9 tranquille, comme si ce qu\u2019il allait r\u00e9v\u00e9ler allait bouleverser l\u2019existence m\u00eame du magnat. -","og_description":"\u2014 Montre-moi\u2026 murmura Ricardo, sa voix \u00e0 peine audible, \u00e9trangl\u00e9e par l\u2019\u00e9motion. Le petit hocha la t\u00eate et pointa vers un sentier qui","og_url":"https:\/\/gazeta.am\/?p=1137","article_published_time":"2026-03-26T16:00:39+00:00","article_modified_time":"2026-03-26T16:00:40+00:00","og_image":[{"width":1257,"height":1257,"url":"https:\/\/gazeta.am\/wp-content\/uploads\/2026\/03\/1a-72.jpg","type":"image\/jpeg"}],"author":"admin","twitter_card":"summary_large_image","twitter_misc":{"\u041d\u0430\u043f\u0438\u0441\u0430\u043d\u043e \u0430\u0432\u0442\u043e\u0440\u043e\u043c":"admin","\u041f\u0440\u0438\u043c\u0435\u0440\u043d\u043e\u0435 \u0432\u0440\u0435\u043c\u044f \u0434\u043b\u044f \u0447\u0442\u0435\u043d\u0438\u044f":"9 \u043c\u0438\u043d\u0443\u0442"},"schema":{"@context":"https:\/\/schema.org","@graph":[{"@type":"Article","@id":"https:\/\/gazeta.am\/?p=1137#article","isPartOf":{"@id":"https:\/\/gazeta.am\/?p=1137"},"author":{"name":"admin","@id":"https:\/\/gazeta.am\/#\/schema\/person\/987709955e760c9a1ebbb44776f8cccc"},"headline":"Ricardo sentit son c\u0153ur s\u2019emballer comme jamais auparavant. Ses mains tremblaient, et le froid du matin lui transper\u00e7ait les os. Le gar\u00e7on, malgr\u00e9 sa petite taille et ses v\u00eatements modestes, d\u00e9gageait une autorit\u00e9 tranquille, comme si ce qu\u2019il allait r\u00e9v\u00e9ler allait bouleverser l\u2019existence m\u00eame du magnat.","datePublished":"2026-03-26T16:00:39+00:00","dateModified":"2026-03-26T16:00:40+00:00","mainEntityOfPage":{"@id":"https:\/\/gazeta.am\/?p=1137"},"wordCount":1765,"commentCount":0,"image":{"@id":"https:\/\/gazeta.am\/?p=1137#primaryimage"},"thumbnailUrl":"https:\/\/gazeta.am\/wp-content\/uploads\/2026\/03\/1a-72.jpg","articleSection":["NEWS"],"inLanguage":"ru-RU","potentialAction":[{"@type":"CommentAction","name":"Comment","target":["https:\/\/gazeta.am\/?p=1137#respond"]}]},{"@type":"WebPage","@id":"https:\/\/gazeta.am\/?p=1137","url":"https:\/\/gazeta.am\/?p=1137","name":"Ricardo sentit son c\u0153ur s\u2019emballer comme jamais auparavant. Ses mains tremblaient, et le froid du matin lui transper\u00e7ait les os. Le gar\u00e7on, malgr\u00e9 sa petite taille et ses v\u00eatements modestes, d\u00e9gageait une autorit\u00e9 tranquille, comme si ce qu\u2019il allait r\u00e9v\u00e9ler allait bouleverser l\u2019existence m\u00eame du magnat. -","isPartOf":{"@id":"https:\/\/gazeta.am\/#website"},"primaryImageOfPage":{"@id":"https:\/\/gazeta.am\/?p=1137#primaryimage"},"image":{"@id":"https:\/\/gazeta.am\/?p=1137#primaryimage"},"thumbnailUrl":"https:\/\/gazeta.am\/wp-content\/uploads\/2026\/03\/1a-72.jpg","datePublished":"2026-03-26T16:00:39+00:00","dateModified":"2026-03-26T16:00:40+00:00","author":{"@id":"https:\/\/gazeta.am\/#\/schema\/person\/987709955e760c9a1ebbb44776f8cccc"},"breadcrumb":{"@id":"https:\/\/gazeta.am\/?p=1137#breadcrumb"},"inLanguage":"ru-RU","potentialAction":[{"@type":"ReadAction","target":["https:\/\/gazeta.am\/?p=1137"]}]},{"@type":"ImageObject","inLanguage":"ru-RU","@id":"https:\/\/gazeta.am\/?p=1137#primaryimage","url":"https:\/\/gazeta.am\/wp-content\/uploads\/2026\/03\/1a-72.jpg","contentUrl":"https:\/\/gazeta.am\/wp-content\/uploads\/2026\/03\/1a-72.jpg","width":1257,"height":1257},{"@type":"BreadcrumbList","@id":"https:\/\/gazeta.am\/?p=1137#breadcrumb","itemListElement":[{"@type":"ListItem","position":1,"name":"\u0413\u043b\u0430\u0432\u043d\u0430\u044f \u0441\u0442\u0440\u0430\u043d\u0438\u0446\u0430","item":"https:\/\/gazeta.am\/"},{"@type":"ListItem","position":2,"name":"Ricardo sentit son c\u0153ur s\u2019emballer comme jamais auparavant. Ses mains tremblaient, et le froid du matin lui transper\u00e7ait les os. Le gar\u00e7on, malgr\u00e9 sa petite taille et ses v\u00eatements modestes, d\u00e9gageait une autorit\u00e9 tranquille, comme si ce qu\u2019il allait r\u00e9v\u00e9ler allait bouleverser l\u2019existence m\u00eame du magnat."}]},{"@type":"WebSite","@id":"https:\/\/gazeta.am\/#website","url":"https:\/\/gazeta.am\/","name":"","description":"","potentialAction":[{"@type":"SearchAction","target":{"@type":"EntryPoint","urlTemplate":"https:\/\/gazeta.am\/?s={search_term_string}"},"query-input":{"@type":"PropertyValueSpecification","valueRequired":true,"valueName":"search_term_string"}}],"inLanguage":"ru-RU"},{"@type":"Person","@id":"https:\/\/gazeta.am\/#\/schema\/person\/987709955e760c9a1ebbb44776f8cccc","name":"admin","image":{"@type":"ImageObject","inLanguage":"ru-RU","@id":"https:\/\/secure.gravatar.com\/avatar\/a24f4ac3a683f3c87303db525abc00db51ea26ccedee11dfaf1cc0f9a481a5d2?s=96&d=mm&r=g","url":"https:\/\/secure.gravatar.com\/avatar\/a24f4ac3a683f3c87303db525abc00db51ea26ccedee11dfaf1cc0f9a481a5d2?s=96&d=mm&r=g","contentUrl":"https:\/\/secure.gravatar.com\/avatar\/a24f4ac3a683f3c87303db525abc00db51ea26ccedee11dfaf1cc0f9a481a5d2?s=96&d=mm&r=g","caption":"admin"},"sameAs":["http:\/\/gazeta.am"],"url":"https:\/\/gazeta.am\/?author=1"}]}},"_links":{"self":[{"href":"https:\/\/gazeta.am\/index.php?rest_route=\/wp\/v2\/posts\/1137","targetHints":{"allow":["GET"]}}],"collection":[{"href":"https:\/\/gazeta.am\/index.php?rest_route=\/wp\/v2\/posts"}],"about":[{"href":"https:\/\/gazeta.am\/index.php?rest_route=\/wp\/v2\/types\/post"}],"author":[{"embeddable":true,"href":"https:\/\/gazeta.am\/index.php?rest_route=\/wp\/v2\/users\/1"}],"replies":[{"embeddable":true,"href":"https:\/\/gazeta.am\/index.php?rest_route=%2Fwp%2Fv2%2Fcomments&post=1137"}],"version-history":[{"count":1,"href":"https:\/\/gazeta.am\/index.php?rest_route=\/wp\/v2\/posts\/1137\/revisions"}],"predecessor-version":[{"id":1139,"href":"https:\/\/gazeta.am\/index.php?rest_route=\/wp\/v2\/posts\/1137\/revisions\/1139"}],"wp:featuredmedia":[{"embeddable":true,"href":"https:\/\/gazeta.am\/index.php?rest_route=\/wp\/v2\/media\/1138"}],"wp:attachment":[{"href":"https:\/\/gazeta.am\/index.php?rest_route=%2Fwp%2Fv2%2Fmedia&parent=1137"}],"wp:term":[{"taxonomy":"category","embeddable":true,"href":"https:\/\/gazeta.am\/index.php?rest_route=%2Fwp%2Fv2%2Fcategories&post=1137"},{"taxonomy":"post_tag","embeddable":true,"href":"https:\/\/gazeta.am\/index.php?rest_route=%2Fwp%2Fv2%2Ftags&post=1137"}],"curies":[{"name":"wp","href":"https:\/\/api.w.org\/{rel}","templated":true}]}}