{"id":1121,"date":"2026-03-26T17:42:06","date_gmt":"2026-03-26T14:42:06","guid":{"rendered":"https:\/\/gazeta.am\/?p=1121"},"modified":"2026-03-26T17:45:41","modified_gmt":"2026-03-26T14:45:41","slug":"maman-je-tai-dit-de-ne-pas-venir","status":"publish","type":"post","link":"https:\/\/gazeta.am\/?p=1121","title":{"rendered":"\u00ab Maman\u2026 je t\u2019ai dit de ne pas venir. \u00bb"},"content":{"rendered":"\n<p>Ces mots r\u00e9sonn\u00e8rent dans la salle comme une gifle invisible.<\/p>\n\n\n\n<p>Et pourtant\u2026 personne n\u2019intervint.<\/p>\n\n\n\n<p>Le salon brillait de mille lumi\u00e8res. Des lustres en cristal suspendus au plafond, des verres de champagne qui tintaient, des rires polis, calcul\u00e9s.<\/p>\n\n\n\n<p>Tout \u00e9tait parfait.<\/p>\n\n\n\n<p>Ou du moins\u2026 en apparence.<\/p>\n\n\n\n<p>Roberto, v\u00eatu d\u2019un smoking impeccable, incarnait la r\u00e9ussite. \u00c0 seulement trente-cinq ans, il avait b\u00e2ti une fortune, gagn\u00e9 le respect de l\u2019\u00e9lite, et ce soir, il c\u00e9l\u00e9brait un contrat qui allait le propulser encore plus haut.<\/p>\n\n\n\n<figure class=\"wp-block-image size-full\"><img loading=\"lazy\" decoding=\"async\" width=\"658\" height=\"997\" src=\"https:\/\/gazeta.am\/wp-content\/uploads\/2026\/03\/1a-67.jpg\" alt=\"\" class=\"wp-image-1122\" srcset=\"https:\/\/gazeta.am\/wp-content\/uploads\/2026\/03\/1a-67.jpg 658w, https:\/\/gazeta.am\/wp-content\/uploads\/2026\/03\/1a-67-198x300.jpg 198w\" sizes=\"auto, (max-width: 658px) 100vw, 658px\" \/><\/figure>\n\n\n\n<p>Autour de lui, des millionnaires, des influenceurs, des visages connus. Tous souriaient.<\/p>\n\n\n\n<p>Jusqu\u2019\u00e0 ce qu\u2019elle entre.<\/p>\n\n\n\n<p>Une vieille femme.<\/p>\n\n\n\n<p>Sa robe \u00e9tait us\u00e9e. Trop simple. Presque d\u00e9plac\u00e9e dans ce d\u00e9cor luxueux. Elle tenait un vieux sac en tissu contre elle, comme un tr\u00e9sor fragile.<\/p>\n\n\n\n<p>Les conversations ralentirent.<\/p>\n\n\n\n<p>Les regards chang\u00e8rent.<\/p>\n\n\n\n<p>Le jugement\u2026 s\u2019installa.<\/p>\n\n\n\n<p>Roberto sentit son c\u0153ur se serrer \u2014 mais pas de honte pour elle.<\/p>\n\n\n\n<p>De honte \u00e0 cause d\u2019elle.<\/p>\n\n\n\n<p>Sans r\u00e9fl\u00e9chir, il traversa la salle, attrapa son bras et l\u2019emmena dans un coin sombre.<\/p>\n\n\n\n<p>\u00ab Tu n\u2019aurais jamais d\u00fb venir ici ! \u00bb murmura-t-il avec col\u00e8re. \u00ab Regarde-toi\u2026 tu me fais honte ! \u00bb<\/p>\n\n\n\n<p>La vieille femme tremblait.<\/p>\n\n\n\n<p>Ses yeux brillaient de larmes.<\/p>\n\n\n\n<p>\u00ab Mon fils\u2026 je voulais juste te voir\u2026 \u00bb dit-elle doucement. \u00ab Je t\u2019ai apport\u00e9 ton plat pr\u00e9f\u00e9r\u00e9\u2026 comme quand tu \u00e9tais petit\u2026 \u00bb<\/p>\n\n\n\n<p>Mais Roberto ne voulait rien entendre.<\/p>\n\n\n\n<p>Il se d\u00e9tourna.<\/p>\n\n\n\n<p>La laissant seule.<\/p>\n\n\n\n<p>Bris\u00e9e.<\/p>\n\n\n\n<p>Invisible.<\/p>\n\n\n\n<p>Quelques minutes plus tard, il riait \u00e0 nouveau.<\/p>\n\n\n\n<p>Il levait son verre.<\/p>\n\n\n\n<p>Comme si rien ne s\u2019\u00e9tait pass\u00e9.<\/p>\n\n\n\n<p>Comme si sa m\u00e8re n\u2019existait plus.<\/p>\n\n\n\n<p>Pendant ce temps\u2026<\/p>\n\n\n\n<p>La vieille femme quitta le salon.<\/p>\n\n\n\n<p>Lentement.<\/p>\n\n\n\n<p>Sans un mot.<\/p>\n\n\n\n<p>Tenant toujours son sac contre elle.<\/p>\n\n\n\n<p>Mais \u00e0 l\u2019int\u00e9rieur\u2026 il y avait bien plus qu\u2019un simple repas.<\/p>\n\n\n\n<p>Dans ce sac se trouvait une enveloppe.<\/p>\n\n\n\n<p>Us\u00e9e.<\/p>\n\n\n\n<p>Mais pr\u00e9cieuse.<\/p>\n\n\n\n<p>Elle contenait des documents.<\/p>\n\n\n\n<p>Des v\u00e9rit\u00e9s.<\/p>\n\n\n\n<p>Et un choix qu\u2019elle avait gard\u00e9 pour elle pendant des ann\u00e9es.<\/p>\n\n\n\n<p>\u00c0 l\u2019aube, Roberto rentra chez lui.<\/p>\n\n\n\n<p>Fatigu\u00e9. Ivre de succ\u00e8s.<\/p>\n\n\n\n<p>Mais quelque chose clochait.<\/p>\n\n\n\n<p>La porte \u00e9tait entrouverte.<\/p>\n\n\n\n<p>\u00ab Maman ? \u00bb<\/p>\n\n\n\n<p>Silence.<\/p>\n\n\n\n<p>Sur la table, une note.<\/p>\n\n\n\n<p>Ses mains tremblaient en la prenant.<\/p>\n\n\n\n<p>\u00ab Mon fils,<\/p>\n\n\n\n<p>je suis d\u00e9sol\u00e9e d\u2019\u00eatre venue. Je ne voulais pas te faire honte.<\/p>\n\n\n\n<p>Je voulais juste te voir une derni\u00e8re fois\u2026 \u00bb<\/p>\n\n\n\n<p>Une derni\u00e8re fois ?<\/p>\n\n\n\n<p>\u00ab Je suis malade depuis longtemps. Les m\u00e9decins disent qu\u2019il ne me reste que peu de temps.<\/p>\n\n\n\n<p>Je ne t\u2019ai rien dit\u2026 parce que je ne voulais pas \u00eatre un poids. \u00bb<\/p>\n\n\n\n<p>Le papier glissa presque de ses mains.<\/p>\n\n\n\n<p>\u00ab Dans ce sac, il y avait aussi les papiers de la maison\u2026 celle o\u00f9 tu as grandi.<\/p>\n\n\n\n<p>Je l\u2019ai vendue pour payer tes \u00e9tudes.<\/p>\n\n\n\n<p>Et j\u2019ai gard\u00e9 ce qui restait\u2026 pour te le donner. \u00bb<\/p>\n\n\n\n<p>Roberto tomba \u00e0 genoux.<\/p>\n\n\n\n<p>\u00ab Mais hier, j\u2019ai compris que tu n\u2019avais plus besoin de moi\u2026<\/p>\n\n\n\n<p>Alors j\u2019ai d\u00e9cid\u00e9 de partir.<\/p>\n\n\n\n<p>Sois heureux, mon fils. \u00bb<\/p>\n\n\n\n<p>Le monde entier semblait s\u2019\u00eatre arr\u00eat\u00e9.<\/p>\n\n\n\n<p>Chaque mot \u00e9tait un coup.<\/p>\n\n\n\n<p>Chaque ligne\u2026 une douleur.<\/p>\n\n\n\n<p>Tous ces ann\u00e9es\u2026<\/p>\n\n\n\n<p>Tous ces sacrifices\u2026<\/p>\n\n\n\n<p>Et lui\u2026<\/p>\n\n\n\n<p>Il l\u2019avait rejet\u00e9e.<\/p>\n\n\n\n<p>Il sortit en courant.<\/p>\n\n\n\n<p>Appela.<\/p>\n\n\n\n<p>Chercha.<\/p>\n\n\n\n<p>\u00c0 l\u2019h\u00f4pital\u2026<\/p>\n\n\n\n<p>On lui confirma.<\/p>\n\n\n\n<p>Elle \u00e9tait venue.<\/p>\n\n\n\n<p>Puis repartie.<\/p>\n\n\n\n<p>Une infirmi\u00e8re lui donna le sac.<\/p>\n\n\n\n<p>Celui qu\u2019elle portait.<\/p>\n\n\n\n<p>Le repas.<\/p>\n\n\n\n<p>Froid.<\/p>\n\n\n\n<p>Intact.<\/p>\n\n\n\n<p>Avec son nom.<\/p>\n\n\n\n<p>Il comprit.<\/p>\n\n\n\n<p>Elle \u00e9tait venue\u2026<\/p>\n\n\n\n<p>Non pas pour demander.<\/p>\n\n\n\n<p>Mais pour donner.<\/p>\n\n\n\n<p>Encore.<\/p>\n\n\n\n<p>Il ne la revit jamais.<\/p>\n\n\n\n<p>Et toute sa richesse\u2026<\/p>\n\n\n\n<p>Ne pouvait pas racheter un seul instant.<\/p>\n\n\n\n<p>Combien de fois avons-nous honte de ceux qui nous ont tout donn\u00e9\u2026<\/p>\n\n\n\n<p>Sans voir leurs sacrifices ?<\/p>\n\n\n\n<p>Parce que parfois\u2026<\/p>\n\n\n\n<p>On r\u00e9alise leur valeur\u2026<\/p>\n\n\n\n<p>Quand il est d\u00e9j\u00e0 trop tard. \ud83d\udc94<\/p>\n","protected":false},"excerpt":{"rendered":"Ces mots r\u00e9sonn\u00e8rent dans la salle comme une gifle invisible. Et pourtant\u2026 personne n\u2019intervint. Le salon brillait de mille lumi\u00e8res. Des lustres en \n<a class=\"moretag\" href=\"https:\/\/gazeta.am\/?p=1121\"> [...]<\/a>","protected":false},"author":1,"featured_media":1122,"comment_status":"open","ping_status":"open","sticky":false,"template":"","format":"standard","meta":{"footnotes":""},"categories":[1],"tags":[],"class_list":["post-1121","post","type-post","status-publish","format-standard","has-post-thumbnail","hentry","category-1"],"yoast_head":"<!-- This site is optimized with the Yoast SEO plugin v27.4 - https:\/\/yoast.com\/product\/yoast-seo-wordpress\/ -->\n<title>\u00ab Maman\u2026 je t\u2019ai dit de ne pas venir. \u00bb -<\/title>\n<meta name=\"robots\" content=\"index, follow, max-snippet:-1, max-image-preview:large, max-video-preview:-1\" \/>\n<link rel=\"canonical\" href=\"https:\/\/gazeta.am\/?p=1121\" \/>\n<meta property=\"og:locale\" content=\"ru_RU\" \/>\n<meta property=\"og:type\" content=\"article\" \/>\n<meta property=\"og:title\" content=\"\u00ab Maman\u2026 je t\u2019ai dit de ne pas venir. \u00bb -\" \/>\n<meta property=\"og:description\" content=\"Ces mots r\u00e9sonn\u00e8rent dans la salle comme une gifle invisible. Et pourtant\u2026 personne n\u2019intervint. Le salon brillait de mille lumi\u00e8res. Des lustres en\" \/>\n<meta property=\"og:url\" content=\"https:\/\/gazeta.am\/?p=1121\" \/>\n<meta property=\"article:published_time\" content=\"2026-03-26T14:42:06+00:00\" \/>\n<meta property=\"article:modified_time\" content=\"2026-03-26T14:45:41+00:00\" \/>\n<meta property=\"og:image\" content=\"https:\/\/gazeta.am\/wp-content\/uploads\/2026\/03\/1a-67.jpg\" \/>\n\t<meta property=\"og:image:width\" content=\"658\" \/>\n\t<meta property=\"og:image:height\" content=\"997\" \/>\n\t<meta property=\"og:image:type\" content=\"image\/jpeg\" \/>\n<meta name=\"author\" content=\"admin\" \/>\n<meta name=\"twitter:card\" content=\"summary_large_image\" \/>\n<meta name=\"twitter:label1\" content=\"\u041d\u0430\u043f\u0438\u0441\u0430\u043d\u043e \u0430\u0432\u0442\u043e\u0440\u043e\u043c\" \/>\n\t<meta name=\"twitter:data1\" content=\"admin\" \/>\n\t<meta name=\"twitter:label2\" content=\"\u041f\u0440\u0438\u043c\u0435\u0440\u043d\u043e\u0435 \u0432\u0440\u0435\u043c\u044f \u0434\u043b\u044f \u0447\u0442\u0435\u043d\u0438\u044f\" \/>\n\t<meta name=\"twitter:data2\" content=\"4 \u043c\u0438\u043d\u0443\u0442\u044b\" \/>\n<script type=\"application\/ld+json\" class=\"yoast-schema-graph\">{\"@context\":\"https:\\\/\\\/schema.org\",\"@graph\":[{\"@type\":\"Article\",\"@id\":\"https:\\\/\\\/gazeta.am\\\/?p=1121#article\",\"isPartOf\":{\"@id\":\"https:\\\/\\\/gazeta.am\\\/?p=1121\"},\"author\":{\"name\":\"admin\",\"@id\":\"https:\\\/\\\/gazeta.am\\\/#\\\/schema\\\/person\\\/987709955e760c9a1ebbb44776f8cccc\"},\"headline\":\"\u00ab Maman\u2026 je t\u2019ai dit de ne pas venir. \u00bb\",\"datePublished\":\"2026-03-26T14:42:06+00:00\",\"dateModified\":\"2026-03-26T14:45:41+00:00\",\"mainEntityOfPage\":{\"@id\":\"https:\\\/\\\/gazeta.am\\\/?p=1121\"},\"wordCount\":644,\"commentCount\":0,\"image\":{\"@id\":\"https:\\\/\\\/gazeta.am\\\/?p=1121#primaryimage\"},\"thumbnailUrl\":\"https:\\\/\\\/gazeta.am\\\/wp-content\\\/uploads\\\/2026\\\/03\\\/1a-67.jpg\",\"articleSection\":[\"NEWS\"],\"inLanguage\":\"ru-RU\",\"potentialAction\":[{\"@type\":\"CommentAction\",\"name\":\"Comment\",\"target\":[\"https:\\\/\\\/gazeta.am\\\/?p=1121#respond\"]}]},{\"@type\":\"WebPage\",\"@id\":\"https:\\\/\\\/gazeta.am\\\/?p=1121\",\"url\":\"https:\\\/\\\/gazeta.am\\\/?p=1121\",\"name\":\"\u00ab Maman\u2026 je t\u2019ai dit de ne pas venir. \u00bb -\",\"isPartOf\":{\"@id\":\"https:\\\/\\\/gazeta.am\\\/#website\"},\"primaryImageOfPage\":{\"@id\":\"https:\\\/\\\/gazeta.am\\\/?p=1121#primaryimage\"},\"image\":{\"@id\":\"https:\\\/\\\/gazeta.am\\\/?p=1121#primaryimage\"},\"thumbnailUrl\":\"https:\\\/\\\/gazeta.am\\\/wp-content\\\/uploads\\\/2026\\\/03\\\/1a-67.jpg\",\"datePublished\":\"2026-03-26T14:42:06+00:00\",\"dateModified\":\"2026-03-26T14:45:41+00:00\",\"author\":{\"@id\":\"https:\\\/\\\/gazeta.am\\\/#\\\/schema\\\/person\\\/987709955e760c9a1ebbb44776f8cccc\"},\"breadcrumb\":{\"@id\":\"https:\\\/\\\/gazeta.am\\\/?p=1121#breadcrumb\"},\"inLanguage\":\"ru-RU\",\"potentialAction\":[{\"@type\":\"ReadAction\",\"target\":[\"https:\\\/\\\/gazeta.am\\\/?p=1121\"]}]},{\"@type\":\"ImageObject\",\"inLanguage\":\"ru-RU\",\"@id\":\"https:\\\/\\\/gazeta.am\\\/?p=1121#primaryimage\",\"url\":\"https:\\\/\\\/gazeta.am\\\/wp-content\\\/uploads\\\/2026\\\/03\\\/1a-67.jpg\",\"contentUrl\":\"https:\\\/\\\/gazeta.am\\\/wp-content\\\/uploads\\\/2026\\\/03\\\/1a-67.jpg\",\"width\":658,\"height\":997},{\"@type\":\"BreadcrumbList\",\"@id\":\"https:\\\/\\\/gazeta.am\\\/?p=1121#breadcrumb\",\"itemListElement\":[{\"@type\":\"ListItem\",\"position\":1,\"name\":\"\u0413\u043b\u0430\u0432\u043d\u0430\u044f \u0441\u0442\u0440\u0430\u043d\u0438\u0446\u0430\",\"item\":\"https:\\\/\\\/gazeta.am\\\/\"},{\"@type\":\"ListItem\",\"position\":2,\"name\":\"\u00ab Maman\u2026 je t\u2019ai dit de ne pas venir. \u00bb\"}]},{\"@type\":\"WebSite\",\"@id\":\"https:\\\/\\\/gazeta.am\\\/#website\",\"url\":\"https:\\\/\\\/gazeta.am\\\/\",\"name\":\"\",\"description\":\"\",\"potentialAction\":[{\"@type\":\"SearchAction\",\"target\":{\"@type\":\"EntryPoint\",\"urlTemplate\":\"https:\\\/\\\/gazeta.am\\\/?s={search_term_string}\"},\"query-input\":{\"@type\":\"PropertyValueSpecification\",\"valueRequired\":true,\"valueName\":\"search_term_string\"}}],\"inLanguage\":\"ru-RU\"},{\"@type\":\"Person\",\"@id\":\"https:\\\/\\\/gazeta.am\\\/#\\\/schema\\\/person\\\/987709955e760c9a1ebbb44776f8cccc\",\"name\":\"admin\",\"image\":{\"@type\":\"ImageObject\",\"inLanguage\":\"ru-RU\",\"@id\":\"https:\\\/\\\/secure.gravatar.com\\\/avatar\\\/a24f4ac3a683f3c87303db525abc00db51ea26ccedee11dfaf1cc0f9a481a5d2?s=96&d=mm&r=g\",\"url\":\"https:\\\/\\\/secure.gravatar.com\\\/avatar\\\/a24f4ac3a683f3c87303db525abc00db51ea26ccedee11dfaf1cc0f9a481a5d2?s=96&d=mm&r=g\",\"contentUrl\":\"https:\\\/\\\/secure.gravatar.com\\\/avatar\\\/a24f4ac3a683f3c87303db525abc00db51ea26ccedee11dfaf1cc0f9a481a5d2?s=96&d=mm&r=g\",\"caption\":\"admin\"},\"sameAs\":[\"http:\\\/\\\/gazeta.am\"],\"url\":\"https:\\\/\\\/gazeta.am\\\/?author=1\"}]}<\/script>\n<!-- \/ Yoast SEO plugin. -->","yoast_head_json":{"title":"\u00ab Maman\u2026 je t\u2019ai dit de ne pas venir. \u00bb -","robots":{"index":"index","follow":"follow","max-snippet":"max-snippet:-1","max-image-preview":"max-image-preview:large","max-video-preview":"max-video-preview:-1"},"canonical":"https:\/\/gazeta.am\/?p=1121","og_locale":"ru_RU","og_type":"article","og_title":"\u00ab Maman\u2026 je t\u2019ai dit de ne pas venir. \u00bb -","og_description":"Ces mots r\u00e9sonn\u00e8rent dans la salle comme une gifle invisible. Et pourtant\u2026 personne n\u2019intervint. Le salon brillait de mille lumi\u00e8res. Des lustres en","og_url":"https:\/\/gazeta.am\/?p=1121","article_published_time":"2026-03-26T14:42:06+00:00","article_modified_time":"2026-03-26T14:45:41+00:00","og_image":[{"width":658,"height":997,"url":"https:\/\/gazeta.am\/wp-content\/uploads\/2026\/03\/1a-67.jpg","type":"image\/jpeg"}],"author":"admin","twitter_card":"summary_large_image","twitter_misc":{"\u041d\u0430\u043f\u0438\u0441\u0430\u043d\u043e \u0430\u0432\u0442\u043e\u0440\u043e\u043c":"admin","\u041f\u0440\u0438\u043c\u0435\u0440\u043d\u043e\u0435 \u0432\u0440\u0435\u043c\u044f \u0434\u043b\u044f \u0447\u0442\u0435\u043d\u0438\u044f":"4 \u043c\u0438\u043d\u0443\u0442\u044b"},"schema":{"@context":"https:\/\/schema.org","@graph":[{"@type":"Article","@id":"https:\/\/gazeta.am\/?p=1121#article","isPartOf":{"@id":"https:\/\/gazeta.am\/?p=1121"},"author":{"name":"admin","@id":"https:\/\/gazeta.am\/#\/schema\/person\/987709955e760c9a1ebbb44776f8cccc"},"headline":"\u00ab Maman\u2026 je t\u2019ai dit de ne pas venir. \u00bb","datePublished":"2026-03-26T14:42:06+00:00","dateModified":"2026-03-26T14:45:41+00:00","mainEntityOfPage":{"@id":"https:\/\/gazeta.am\/?p=1121"},"wordCount":644,"commentCount":0,"image":{"@id":"https:\/\/gazeta.am\/?p=1121#primaryimage"},"thumbnailUrl":"https:\/\/gazeta.am\/wp-content\/uploads\/2026\/03\/1a-67.jpg","articleSection":["NEWS"],"inLanguage":"ru-RU","potentialAction":[{"@type":"CommentAction","name":"Comment","target":["https:\/\/gazeta.am\/?p=1121#respond"]}]},{"@type":"WebPage","@id":"https:\/\/gazeta.am\/?p=1121","url":"https:\/\/gazeta.am\/?p=1121","name":"\u00ab Maman\u2026 je t\u2019ai dit de ne pas venir. \u00bb -","isPartOf":{"@id":"https:\/\/gazeta.am\/#website"},"primaryImageOfPage":{"@id":"https:\/\/gazeta.am\/?p=1121#primaryimage"},"image":{"@id":"https:\/\/gazeta.am\/?p=1121#primaryimage"},"thumbnailUrl":"https:\/\/gazeta.am\/wp-content\/uploads\/2026\/03\/1a-67.jpg","datePublished":"2026-03-26T14:42:06+00:00","dateModified":"2026-03-26T14:45:41+00:00","author":{"@id":"https:\/\/gazeta.am\/#\/schema\/person\/987709955e760c9a1ebbb44776f8cccc"},"breadcrumb":{"@id":"https:\/\/gazeta.am\/?p=1121#breadcrumb"},"inLanguage":"ru-RU","potentialAction":[{"@type":"ReadAction","target":["https:\/\/gazeta.am\/?p=1121"]}]},{"@type":"ImageObject","inLanguage":"ru-RU","@id":"https:\/\/gazeta.am\/?p=1121#primaryimage","url":"https:\/\/gazeta.am\/wp-content\/uploads\/2026\/03\/1a-67.jpg","contentUrl":"https:\/\/gazeta.am\/wp-content\/uploads\/2026\/03\/1a-67.jpg","width":658,"height":997},{"@type":"BreadcrumbList","@id":"https:\/\/gazeta.am\/?p=1121#breadcrumb","itemListElement":[{"@type":"ListItem","position":1,"name":"\u0413\u043b\u0430\u0432\u043d\u0430\u044f \u0441\u0442\u0440\u0430\u043d\u0438\u0446\u0430","item":"https:\/\/gazeta.am\/"},{"@type":"ListItem","position":2,"name":"\u00ab Maman\u2026 je t\u2019ai dit de ne pas venir. \u00bb"}]},{"@type":"WebSite","@id":"https:\/\/gazeta.am\/#website","url":"https:\/\/gazeta.am\/","name":"","description":"","potentialAction":[{"@type":"SearchAction","target":{"@type":"EntryPoint","urlTemplate":"https:\/\/gazeta.am\/?s={search_term_string}"},"query-input":{"@type":"PropertyValueSpecification","valueRequired":true,"valueName":"search_term_string"}}],"inLanguage":"ru-RU"},{"@type":"Person","@id":"https:\/\/gazeta.am\/#\/schema\/person\/987709955e760c9a1ebbb44776f8cccc","name":"admin","image":{"@type":"ImageObject","inLanguage":"ru-RU","@id":"https:\/\/secure.gravatar.com\/avatar\/a24f4ac3a683f3c87303db525abc00db51ea26ccedee11dfaf1cc0f9a481a5d2?s=96&d=mm&r=g","url":"https:\/\/secure.gravatar.com\/avatar\/a24f4ac3a683f3c87303db525abc00db51ea26ccedee11dfaf1cc0f9a481a5d2?s=96&d=mm&r=g","contentUrl":"https:\/\/secure.gravatar.com\/avatar\/a24f4ac3a683f3c87303db525abc00db51ea26ccedee11dfaf1cc0f9a481a5d2?s=96&d=mm&r=g","caption":"admin"},"sameAs":["http:\/\/gazeta.am"],"url":"https:\/\/gazeta.am\/?author=1"}]}},"_links":{"self":[{"href":"https:\/\/gazeta.am\/index.php?rest_route=\/wp\/v2\/posts\/1121","targetHints":{"allow":["GET"]}}],"collection":[{"href":"https:\/\/gazeta.am\/index.php?rest_route=\/wp\/v2\/posts"}],"about":[{"href":"https:\/\/gazeta.am\/index.php?rest_route=\/wp\/v2\/types\/post"}],"author":[{"embeddable":true,"href":"https:\/\/gazeta.am\/index.php?rest_route=\/wp\/v2\/users\/1"}],"replies":[{"embeddable":true,"href":"https:\/\/gazeta.am\/index.php?rest_route=%2Fwp%2Fv2%2Fcomments&post=1121"}],"version-history":[{"count":1,"href":"https:\/\/gazeta.am\/index.php?rest_route=\/wp\/v2\/posts\/1121\/revisions"}],"predecessor-version":[{"id":1123,"href":"https:\/\/gazeta.am\/index.php?rest_route=\/wp\/v2\/posts\/1121\/revisions\/1123"}],"wp:featuredmedia":[{"embeddable":true,"href":"https:\/\/gazeta.am\/index.php?rest_route=\/wp\/v2\/media\/1122"}],"wp:attachment":[{"href":"https:\/\/gazeta.am\/index.php?rest_route=%2Fwp%2Fv2%2Fmedia&parent=1121"}],"wp:term":[{"taxonomy":"category","embeddable":true,"href":"https:\/\/gazeta.am\/index.php?rest_route=%2Fwp%2Fv2%2Fcategories&post=1121"},{"taxonomy":"post_tag","embeddable":true,"href":"https:\/\/gazeta.am\/index.php?rest_route=%2Fwp%2Fv2%2Ftags&post=1121"}],"curies":[{"name":"wp","href":"https:\/\/api.w.org\/{rel}","templated":true}]}}