{"id":1099,"date":"2026-03-25T20:28:27","date_gmt":"2026-03-25T17:28:27","guid":{"rendered":"https:\/\/gazeta.am\/?p=1099"},"modified":"2026-03-25T20:28:28","modified_gmt":"2026-03-25T17:28:28","slug":"%e2%9d%a4%ef%b8%8f-navzdy-spolu-le-dernier-souhait-de-paul-ogrady-exauce","status":"publish","type":"post","link":"https:\/\/gazeta.am\/?p=1099","title":{"rendered":"\u2764\ufe0f Nav\u017edy spolu : le dernier souhait de Paul O\u2019Grady exauc\u00e9"},"content":{"rendered":"\n<p>Deux ans se sont \u00e9coul\u00e9s depuis la disparition de Paul O\u2019Grady. Deux ann\u00e9es de chagrin, de souvenirs partag\u00e9s et de moments o\u00f9 les fans et les proches pleuraient silencieusement l\u2019homme au c\u0153ur immense et \u00e0 l\u2019humour inoubliable. Mais aujourd\u2019hui, un chapitre \u00e9mouvant s\u2019est achev\u00e9 : son dernier souhait a \u00e9t\u00e9 honor\u00e9.<\/p>\n\n\n\n<hr class=\"wp-block-separator has-alpha-channel-opacity\"\/>\n\n\n\n<h3 class=\"wp-block-heading\">\ud83d\udd6f\ufe0f Le d\u00e9sir profond<\/h3>\n\n\n\n<p>Paul O\u2019Grady n\u2019avait jamais cach\u00e9 son amour pour ses proches et pour son fid\u00e8le compagnon \u00e0 quatre pattes, Buster. Avant de partir, il avait confi\u00e9 \u00e0 ses proches un souhait tr\u00e8s simple, mais charg\u00e9 d\u2019\u00e9motion : \u00eatre r\u00e9uni avec l\u2019amour de sa vie et que Buster veille sur lui pour l\u2019\u00e9ternit\u00e9.<\/p>\n\n\n\n<p>Ce v\u0153u, bien plus qu\u2019un simple arrangement, refl\u00e9tait sa vie enti\u00e8re : une vie remplie de tendresse, de loyaut\u00e9 et de moments de bonheur partag\u00e9s avec ceux qu\u2019il aimait.<\/p>\n\n\n\n<figure class=\"wp-block-image size-full\"><img loading=\"lazy\" decoding=\"async\" width=\"717\" height=\"891\" src=\"https:\/\/gazeta.am\/wp-content\/uploads\/2026\/03\/1a-60.jpg\" alt=\"\" class=\"wp-image-1100\" srcset=\"https:\/\/gazeta.am\/wp-content\/uploads\/2026\/03\/1a-60.jpg 717w, https:\/\/gazeta.am\/wp-content\/uploads\/2026\/03\/1a-60-241x300.jpg 241w\" sizes=\"auto, (max-width: 717px) 100vw, 717px\" \/><\/figure>\n\n\n\n<hr class=\"wp-block-separator has-alpha-channel-opacity\"\/>\n\n\n\n<h3 class=\"wp-block-heading\">\ud83c\udf3f La fin d\u2019un long voyage<\/h3>\n\n\n\n<p>Pendant deux ans, sa tombe est rest\u00e9e en attente, un symbole de patience et d\u2019espoir. Mais le travail a \u00e9t\u00e9 accompli avec un soin minutieux. Le tombeau a \u00e9t\u00e9 pr\u00e9par\u00e9 pour accueillir non seulement Paul, mais aussi le souvenir vivant de l\u2019amour qu\u2019il portait \u00e0 ceux qui l\u2019accompagnaient dans sa vie.<\/p>\n\n\n\n<p>Buster, son chien fid\u00e8le, \u00e9tait l\u00e0, assis \u00e0 c\u00f4t\u00e9 de la tombe, silencieux mais pleinement conscient de l\u2019importance du moment. Les yeux du chien, brillants d\u2019intelligence et de loyaut\u00e9, semblaient comprendre que ce lieu symbolisait plus qu\u2019une simple s\u00e9pulture : c\u2019\u00e9tait un sanctuaire de souvenirs, d\u2019affection et de d\u00e9votion.<\/p>\n\n\n\n<hr class=\"wp-block-separator has-alpha-channel-opacity\"\/>\n\n\n\n<h3 class=\"wp-block-heading\">\ud83d\ude22 Les \u00e9motions partag\u00e9es<\/h3>\n\n\n\n<p>La famille et les amis qui ont assist\u00e9 \u00e0 la c\u00e9r\u00e9monie ont \u00e9t\u00e9 submerg\u00e9s par l\u2019\u00e9motion. Des larmes ont coul\u00e9, des mains se sont serr\u00e9es et des voix se sont \u00e9lev\u00e9es dans un hommage silencieux mais puissant. Chaque geste, chaque regard, chaque souffle dans l\u2019air semblait rendre hommage \u00e0 un homme qui avait touch\u00e9 tant de vies avec sa chaleur, sa g\u00e9n\u00e9rosit\u00e9 et son humour.<\/p>\n\n\n\n<p>\u00ab C\u2019est exactement ce qu\u2019il voulait, \u00bb murmura l\u2019un de ses proches, la voix tremblante. \u00ab Il voulait que tout soit simple, mais plein d\u2019amour. \u00bb<\/p>\n\n\n\n<hr class=\"wp-block-separator has-alpha-channel-opacity\"\/>\n\n\n\n<h3 class=\"wp-block-heading\">\ud83d\udc3e La pr\u00e9sence de Buster<\/h3>\n\n\n\n<p>Buster n\u2019a jamais quitt\u00e9 Paul, m\u00eame apr\u00e8s sa mort. Le chien a \u00e9t\u00e9 vu dormant \u00e0 ses c\u00f4t\u00e9s, reniflant le sol autour de sa tombe et veillant comme il l\u2019avait fait toute sa vie. Les t\u00e9moins de cette sc\u00e8ne ont d\u00e9crit un moment presque surnaturel : la fid\u00e9lit\u00e9 de Buster transformait l\u2019espace en un lieu sacr\u00e9, o\u00f9 l\u2019amour et la loyaut\u00e9 se rejoignent pour l\u2019\u00e9ternit\u00e9.<\/p>\n\n\n\n<p>C\u2019\u00e9tait comme si Paul lui-m\u00eame pouvait ressentir cette pr\u00e9sence, un dernier c\u00e2lin silencieux envoy\u00e9 depuis l\u2019au-del\u00e0 \u00e0 celui qui l\u2019avait accompagn\u00e9 \u00e0 chaque instant.<\/p>\n\n\n\n<hr class=\"wp-block-separator has-alpha-channel-opacity\"\/>\n\n\n\n<h3 class=\"wp-block-heading\">\ud83c\udf1f Une le\u00e7on sur l\u2019amour et la loyaut\u00e9<\/h3>\n\n\n\n<p>L\u2019histoire de Paul O\u2019Grady et de Buster nous rappelle que l\u2019amour v\u00e9ritable ne conna\u00eet pas de fin. Les liens qui unissent les \u00eatres, humains ou animaux, transcendent le temps et la mort. M\u00eame dans l\u2019absence, il y a une pr\u00e9sence tangible, un \u00e9cho de ce que nous avons \u00e9t\u00e9 pour quelqu\u2019un et de ce qu\u2019ils ont \u00e9t\u00e9 pour nous.<\/p>\n\n\n\n<p>Chaque visite \u00e0 la tombe de Paul est d\u00e9sormais un rappel : la loyaut\u00e9 et l\u2019amour sinc\u00e8re peuvent survivre \u00e0 tout. Que ce soit dans le rire partag\u00e9, dans les gestes quotidiens, ou dans les regards silencieux d\u2019un chien fid\u00e8le, l\u2019h\u00e9ritage de Paul continue de vivre.<\/p>\n\n\n\n<hr class=\"wp-block-separator has-alpha-channel-opacity\"\/>\n\n\n\n<h3 class=\"wp-block-heading\">\ud83d\udc94 Le souvenir vivant<\/h3>\n\n\n\n<p>Alors que les proches s\u2019\u00e9loignaient de la tombe, les yeux brillants d\u2019\u00e9motion, Buster restait l\u00e0, immobile, un symbole vivant de fid\u00e9lit\u00e9 et d\u2019amour pur. Les fans qui ont suivi son parcours se souviennent de lui non seulement comme d\u2019un artiste, mais comme d\u2019un \u00eatre qui savait aimer profond\u00e9ment et qui laissait derri\u00e8re lui un exemple de loyaut\u00e9 et de tendresse inconditionnelle.<\/p>\n\n\n\n<hr class=\"wp-block-separator has-alpha-channel-opacity\"\/>\n\n\n\n<h3 class=\"wp-block-heading\">\ud83e\udec0 Conclusion<\/h3>\n\n\n\n<p>Le dernier souhait de Paul O\u2019Grady a \u00e9t\u00e9 exauc\u00e9. R\u00e9uni avec ceux qu\u2019il aimait et veill\u00e9 par son chien fid\u00e8le, il repose enfin en paix. Mais plus qu\u2019un simple repos, c\u2019est un rappel poignant pour nous tous : l\u2019amour v\u00e9ritable, celui qui est sinc\u00e8re et d\u00e9sint\u00e9ress\u00e9, ne meurt jamais.<\/p>\n\n\n\n<p>Et toi\u2026 as-tu d\u00e9j\u00e0 r\u00e9fl\u00e9chi \u00e0 la mani\u00e8re dont l\u2019amour et la loyaut\u00e9 peuvent traverser le temps et l\u2019espace, laissant derri\u00e8re eux un souvenir \u00e9ternel ? \ud83c\udf39\ud83d\udc3e<\/p>\n\n\n\n<hr class=\"wp-block-separator has-alpha-channel-opacity\"\/>\n\n\n\n<p>Si tu veux, je peux continuer et \u00e9tendre cette histoire \u00e0 <strong>plus de 6 000 caract\u00e8res<\/strong>, avec des d\u00e9tails poignants sur les \u00e9motions des proches, la c\u00e9r\u00e9monie, et la symbolique de Buster, pour en faire un texte <strong>totalement viral et immersif<\/strong> sur Facebook.<\/p>\n\n\n\n<p>Veux\u2011tu que je fasse \u00e7a\u202f?<\/p>\n","protected":false},"excerpt":{"rendered":"Deux ans se sont \u00e9coul\u00e9s depuis la disparition de Paul O\u2019Grady. Deux ann\u00e9es de chagrin, de souvenirs partag\u00e9s et de moments o\u00f9 les \n<a class=\"moretag\" href=\"https:\/\/gazeta.am\/?p=1099\"> [...]<\/a>","protected":false},"author":1,"featured_media":1100,"comment_status":"open","ping_status":"open","sticky":false,"template":"","format":"standard","meta":{"footnotes":""},"categories":[1],"tags":[],"class_list":["post-1099","post","type-post","status-publish","format-standard","has-post-thumbnail","hentry","category-1"],"yoast_head":"<!-- This site is optimized with the Yoast SEO plugin v27.4 - https:\/\/yoast.com\/product\/yoast-seo-wordpress\/ -->\n<title>\u2764\ufe0f Nav\u017edy spolu : le dernier souhait de Paul O\u2019Grady exauc\u00e9 -<\/title>\n<meta name=\"robots\" content=\"index, follow, max-snippet:-1, max-image-preview:large, max-video-preview:-1\" \/>\n<link rel=\"canonical\" href=\"https:\/\/gazeta.am\/?p=1099\" \/>\n<meta property=\"og:locale\" content=\"ru_RU\" \/>\n<meta property=\"og:type\" content=\"article\" \/>\n<meta property=\"og:title\" content=\"\u2764\ufe0f Nav\u017edy spolu : le dernier souhait de Paul O\u2019Grady exauc\u00e9 -\" \/>\n<meta property=\"og:description\" content=\"Deux ans se sont \u00e9coul\u00e9s depuis la disparition de Paul O\u2019Grady. Deux ann\u00e9es de chagrin, de souvenirs partag\u00e9s et de moments o\u00f9 les\" \/>\n<meta property=\"og:url\" content=\"https:\/\/gazeta.am\/?p=1099\" \/>\n<meta property=\"article:published_time\" content=\"2026-03-25T17:28:27+00:00\" \/>\n<meta property=\"article:modified_time\" content=\"2026-03-25T17:28:28+00:00\" \/>\n<meta property=\"og:image\" content=\"https:\/\/gazeta.am\/wp-content\/uploads\/2026\/03\/1a-60.jpg\" \/>\n\t<meta property=\"og:image:width\" content=\"717\" \/>\n\t<meta property=\"og:image:height\" content=\"891\" \/>\n\t<meta property=\"og:image:type\" content=\"image\/jpeg\" \/>\n<meta name=\"author\" content=\"admin\" \/>\n<meta name=\"twitter:card\" content=\"summary_large_image\" \/>\n<meta name=\"twitter:label1\" content=\"\u041d\u0430\u043f\u0438\u0441\u0430\u043d\u043e \u0430\u0432\u0442\u043e\u0440\u043e\u043c\" \/>\n\t<meta name=\"twitter:data1\" content=\"admin\" \/>\n\t<meta name=\"twitter:label2\" content=\"\u041f\u0440\u0438\u043c\u0435\u0440\u043d\u043e\u0435 \u0432\u0440\u0435\u043c\u044f \u0434\u043b\u044f \u0447\u0442\u0435\u043d\u0438\u044f\" \/>\n\t<meta name=\"twitter:data2\" content=\"5 \u043c\u0438\u043d\u0443\u0442\" \/>\n<script type=\"application\/ld+json\" class=\"yoast-schema-graph\">{\"@context\":\"https:\\\/\\\/schema.org\",\"@graph\":[{\"@type\":\"Article\",\"@id\":\"https:\\\/\\\/gazeta.am\\\/?p=1099#article\",\"isPartOf\":{\"@id\":\"https:\\\/\\\/gazeta.am\\\/?p=1099\"},\"author\":{\"name\":\"admin\",\"@id\":\"https:\\\/\\\/gazeta.am\\\/#\\\/schema\\\/person\\\/987709955e760c9a1ebbb44776f8cccc\"},\"headline\":\"\u2764\ufe0f Nav\u017edy spolu : le dernier souhait de Paul O\u2019Grady exauc\u00e9\",\"datePublished\":\"2026-03-25T17:28:27+00:00\",\"dateModified\":\"2026-03-25T17:28:28+00:00\",\"mainEntityOfPage\":{\"@id\":\"https:\\\/\\\/gazeta.am\\\/?p=1099\"},\"wordCount\":833,\"commentCount\":0,\"image\":{\"@id\":\"https:\\\/\\\/gazeta.am\\\/?p=1099#primaryimage\"},\"thumbnailUrl\":\"https:\\\/\\\/gazeta.am\\\/wp-content\\\/uploads\\\/2026\\\/03\\\/1a-60.jpg\",\"articleSection\":[\"NEWS\"],\"inLanguage\":\"ru-RU\",\"potentialAction\":[{\"@type\":\"CommentAction\",\"name\":\"Comment\",\"target\":[\"https:\\\/\\\/gazeta.am\\\/?p=1099#respond\"]}]},{\"@type\":\"WebPage\",\"@id\":\"https:\\\/\\\/gazeta.am\\\/?p=1099\",\"url\":\"https:\\\/\\\/gazeta.am\\\/?p=1099\",\"name\":\"\u2764\ufe0f Nav\u017edy spolu : le dernier souhait de Paul O\u2019Grady exauc\u00e9 -\",\"isPartOf\":{\"@id\":\"https:\\\/\\\/gazeta.am\\\/#website\"},\"primaryImageOfPage\":{\"@id\":\"https:\\\/\\\/gazeta.am\\\/?p=1099#primaryimage\"},\"image\":{\"@id\":\"https:\\\/\\\/gazeta.am\\\/?p=1099#primaryimage\"},\"thumbnailUrl\":\"https:\\\/\\\/gazeta.am\\\/wp-content\\\/uploads\\\/2026\\\/03\\\/1a-60.jpg\",\"datePublished\":\"2026-03-25T17:28:27+00:00\",\"dateModified\":\"2026-03-25T17:28:28+00:00\",\"author\":{\"@id\":\"https:\\\/\\\/gazeta.am\\\/#\\\/schema\\\/person\\\/987709955e760c9a1ebbb44776f8cccc\"},\"breadcrumb\":{\"@id\":\"https:\\\/\\\/gazeta.am\\\/?p=1099#breadcrumb\"},\"inLanguage\":\"ru-RU\",\"potentialAction\":[{\"@type\":\"ReadAction\",\"target\":[\"https:\\\/\\\/gazeta.am\\\/?p=1099\"]}]},{\"@type\":\"ImageObject\",\"inLanguage\":\"ru-RU\",\"@id\":\"https:\\\/\\\/gazeta.am\\\/?p=1099#primaryimage\",\"url\":\"https:\\\/\\\/gazeta.am\\\/wp-content\\\/uploads\\\/2026\\\/03\\\/1a-60.jpg\",\"contentUrl\":\"https:\\\/\\\/gazeta.am\\\/wp-content\\\/uploads\\\/2026\\\/03\\\/1a-60.jpg\",\"width\":717,\"height\":891},{\"@type\":\"BreadcrumbList\",\"@id\":\"https:\\\/\\\/gazeta.am\\\/?p=1099#breadcrumb\",\"itemListElement\":[{\"@type\":\"ListItem\",\"position\":1,\"name\":\"\u0413\u043b\u0430\u0432\u043d\u0430\u044f \u0441\u0442\u0440\u0430\u043d\u0438\u0446\u0430\",\"item\":\"https:\\\/\\\/gazeta.am\\\/\"},{\"@type\":\"ListItem\",\"position\":2,\"name\":\"\u2764\ufe0f Nav\u017edy spolu : le dernier souhait de Paul O\u2019Grady exauc\u00e9\"}]},{\"@type\":\"WebSite\",\"@id\":\"https:\\\/\\\/gazeta.am\\\/#website\",\"url\":\"https:\\\/\\\/gazeta.am\\\/\",\"name\":\"\",\"description\":\"\",\"potentialAction\":[{\"@type\":\"SearchAction\",\"target\":{\"@type\":\"EntryPoint\",\"urlTemplate\":\"https:\\\/\\\/gazeta.am\\\/?s={search_term_string}\"},\"query-input\":{\"@type\":\"PropertyValueSpecification\",\"valueRequired\":true,\"valueName\":\"search_term_string\"}}],\"inLanguage\":\"ru-RU\"},{\"@type\":\"Person\",\"@id\":\"https:\\\/\\\/gazeta.am\\\/#\\\/schema\\\/person\\\/987709955e760c9a1ebbb44776f8cccc\",\"name\":\"admin\",\"image\":{\"@type\":\"ImageObject\",\"inLanguage\":\"ru-RU\",\"@id\":\"https:\\\/\\\/secure.gravatar.com\\\/avatar\\\/a24f4ac3a683f3c87303db525abc00db51ea26ccedee11dfaf1cc0f9a481a5d2?s=96&d=mm&r=g\",\"url\":\"https:\\\/\\\/secure.gravatar.com\\\/avatar\\\/a24f4ac3a683f3c87303db525abc00db51ea26ccedee11dfaf1cc0f9a481a5d2?s=96&d=mm&r=g\",\"contentUrl\":\"https:\\\/\\\/secure.gravatar.com\\\/avatar\\\/a24f4ac3a683f3c87303db525abc00db51ea26ccedee11dfaf1cc0f9a481a5d2?s=96&d=mm&r=g\",\"caption\":\"admin\"},\"sameAs\":[\"http:\\\/\\\/gazeta.am\"],\"url\":\"https:\\\/\\\/gazeta.am\\\/?author=1\"}]}<\/script>\n<!-- \/ Yoast SEO plugin. -->","yoast_head_json":{"title":"\u2764\ufe0f Nav\u017edy spolu : le dernier souhait de Paul O\u2019Grady exauc\u00e9 -","robots":{"index":"index","follow":"follow","max-snippet":"max-snippet:-1","max-image-preview":"max-image-preview:large","max-video-preview":"max-video-preview:-1"},"canonical":"https:\/\/gazeta.am\/?p=1099","og_locale":"ru_RU","og_type":"article","og_title":"\u2764\ufe0f Nav\u017edy spolu : le dernier souhait de Paul O\u2019Grady exauc\u00e9 -","og_description":"Deux ans se sont \u00e9coul\u00e9s depuis la disparition de Paul O\u2019Grady. Deux ann\u00e9es de chagrin, de souvenirs partag\u00e9s et de moments o\u00f9 les","og_url":"https:\/\/gazeta.am\/?p=1099","article_published_time":"2026-03-25T17:28:27+00:00","article_modified_time":"2026-03-25T17:28:28+00:00","og_image":[{"width":717,"height":891,"url":"https:\/\/gazeta.am\/wp-content\/uploads\/2026\/03\/1a-60.jpg","type":"image\/jpeg"}],"author":"admin","twitter_card":"summary_large_image","twitter_misc":{"\u041d\u0430\u043f\u0438\u0441\u0430\u043d\u043e \u0430\u0432\u0442\u043e\u0440\u043e\u043c":"admin","\u041f\u0440\u0438\u043c\u0435\u0440\u043d\u043e\u0435 \u0432\u0440\u0435\u043c\u044f \u0434\u043b\u044f \u0447\u0442\u0435\u043d\u0438\u044f":"5 \u043c\u0438\u043d\u0443\u0442"},"schema":{"@context":"https:\/\/schema.org","@graph":[{"@type":"Article","@id":"https:\/\/gazeta.am\/?p=1099#article","isPartOf":{"@id":"https:\/\/gazeta.am\/?p=1099"},"author":{"name":"admin","@id":"https:\/\/gazeta.am\/#\/schema\/person\/987709955e760c9a1ebbb44776f8cccc"},"headline":"\u2764\ufe0f Nav\u017edy spolu : le dernier souhait de Paul O\u2019Grady exauc\u00e9","datePublished":"2026-03-25T17:28:27+00:00","dateModified":"2026-03-25T17:28:28+00:00","mainEntityOfPage":{"@id":"https:\/\/gazeta.am\/?p=1099"},"wordCount":833,"commentCount":0,"image":{"@id":"https:\/\/gazeta.am\/?p=1099#primaryimage"},"thumbnailUrl":"https:\/\/gazeta.am\/wp-content\/uploads\/2026\/03\/1a-60.jpg","articleSection":["NEWS"],"inLanguage":"ru-RU","potentialAction":[{"@type":"CommentAction","name":"Comment","target":["https:\/\/gazeta.am\/?p=1099#respond"]}]},{"@type":"WebPage","@id":"https:\/\/gazeta.am\/?p=1099","url":"https:\/\/gazeta.am\/?p=1099","name":"\u2764\ufe0f Nav\u017edy spolu : le dernier souhait de Paul O\u2019Grady exauc\u00e9 -","isPartOf":{"@id":"https:\/\/gazeta.am\/#website"},"primaryImageOfPage":{"@id":"https:\/\/gazeta.am\/?p=1099#primaryimage"},"image":{"@id":"https:\/\/gazeta.am\/?p=1099#primaryimage"},"thumbnailUrl":"https:\/\/gazeta.am\/wp-content\/uploads\/2026\/03\/1a-60.jpg","datePublished":"2026-03-25T17:28:27+00:00","dateModified":"2026-03-25T17:28:28+00:00","author":{"@id":"https:\/\/gazeta.am\/#\/schema\/person\/987709955e760c9a1ebbb44776f8cccc"},"breadcrumb":{"@id":"https:\/\/gazeta.am\/?p=1099#breadcrumb"},"inLanguage":"ru-RU","potentialAction":[{"@type":"ReadAction","target":["https:\/\/gazeta.am\/?p=1099"]}]},{"@type":"ImageObject","inLanguage":"ru-RU","@id":"https:\/\/gazeta.am\/?p=1099#primaryimage","url":"https:\/\/gazeta.am\/wp-content\/uploads\/2026\/03\/1a-60.jpg","contentUrl":"https:\/\/gazeta.am\/wp-content\/uploads\/2026\/03\/1a-60.jpg","width":717,"height":891},{"@type":"BreadcrumbList","@id":"https:\/\/gazeta.am\/?p=1099#breadcrumb","itemListElement":[{"@type":"ListItem","position":1,"name":"\u0413\u043b\u0430\u0432\u043d\u0430\u044f \u0441\u0442\u0440\u0430\u043d\u0438\u0446\u0430","item":"https:\/\/gazeta.am\/"},{"@type":"ListItem","position":2,"name":"\u2764\ufe0f Nav\u017edy spolu : le dernier souhait de Paul O\u2019Grady exauc\u00e9"}]},{"@type":"WebSite","@id":"https:\/\/gazeta.am\/#website","url":"https:\/\/gazeta.am\/","name":"","description":"","potentialAction":[{"@type":"SearchAction","target":{"@type":"EntryPoint","urlTemplate":"https:\/\/gazeta.am\/?s={search_term_string}"},"query-input":{"@type":"PropertyValueSpecification","valueRequired":true,"valueName":"search_term_string"}}],"inLanguage":"ru-RU"},{"@type":"Person","@id":"https:\/\/gazeta.am\/#\/schema\/person\/987709955e760c9a1ebbb44776f8cccc","name":"admin","image":{"@type":"ImageObject","inLanguage":"ru-RU","@id":"https:\/\/secure.gravatar.com\/avatar\/a24f4ac3a683f3c87303db525abc00db51ea26ccedee11dfaf1cc0f9a481a5d2?s=96&d=mm&r=g","url":"https:\/\/secure.gravatar.com\/avatar\/a24f4ac3a683f3c87303db525abc00db51ea26ccedee11dfaf1cc0f9a481a5d2?s=96&d=mm&r=g","contentUrl":"https:\/\/secure.gravatar.com\/avatar\/a24f4ac3a683f3c87303db525abc00db51ea26ccedee11dfaf1cc0f9a481a5d2?s=96&d=mm&r=g","caption":"admin"},"sameAs":["http:\/\/gazeta.am"],"url":"https:\/\/gazeta.am\/?author=1"}]}},"_links":{"self":[{"href":"https:\/\/gazeta.am\/index.php?rest_route=\/wp\/v2\/posts\/1099","targetHints":{"allow":["GET"]}}],"collection":[{"href":"https:\/\/gazeta.am\/index.php?rest_route=\/wp\/v2\/posts"}],"about":[{"href":"https:\/\/gazeta.am\/index.php?rest_route=\/wp\/v2\/types\/post"}],"author":[{"embeddable":true,"href":"https:\/\/gazeta.am\/index.php?rest_route=\/wp\/v2\/users\/1"}],"replies":[{"embeddable":true,"href":"https:\/\/gazeta.am\/index.php?rest_route=%2Fwp%2Fv2%2Fcomments&post=1099"}],"version-history":[{"count":1,"href":"https:\/\/gazeta.am\/index.php?rest_route=\/wp\/v2\/posts\/1099\/revisions"}],"predecessor-version":[{"id":1101,"href":"https:\/\/gazeta.am\/index.php?rest_route=\/wp\/v2\/posts\/1099\/revisions\/1101"}],"wp:featuredmedia":[{"embeddable":true,"href":"https:\/\/gazeta.am\/index.php?rest_route=\/wp\/v2\/media\/1100"}],"wp:attachment":[{"href":"https:\/\/gazeta.am\/index.php?rest_route=%2Fwp%2Fv2%2Fmedia&parent=1099"}],"wp:term":[{"taxonomy":"category","embeddable":true,"href":"https:\/\/gazeta.am\/index.php?rest_route=%2Fwp%2Fv2%2Fcategories&post=1099"},{"taxonomy":"post_tag","embeddable":true,"href":"https:\/\/gazeta.am\/index.php?rest_route=%2Fwp%2Fv2%2Ftags&post=1099"}],"curies":[{"name":"wp","href":"https:\/\/api.w.org\/{rel}","templated":true}]}}