{"id":1093,"date":"2026-03-25T20:19:41","date_gmt":"2026-03-25T17:19:41","guid":{"rendered":"https:\/\/gazeta.am\/?p=1093"},"modified":"2026-03-25T20:19:43","modified_gmt":"2026-03-25T17:19:43","slug":"a-seulement-20-ans-derrick-byrd-est-devenu-un-veritable-heros-%f0%9f%94%a5","status":"publish","type":"post","link":"https:\/\/gazeta.am\/?p=1093","title":{"rendered":"\u00c0 seulement 20 ans, Derrick Byrd est devenu un v\u00e9ritable h\u00e9ros.\ud83d\udd25"},"content":{"rendered":"\n<p>Ce jour-l\u00e0, tout a chang\u00e9. Les flammes engloutissaient la maison de sa famille, d\u00e9vorant le bois, le mobilier, l\u2019air charg\u00e9 de chaleur et de fum\u00e9e. Des cris d\u00e9chirants retentissaient \u00e0 travers la maison \u2014 ceux de ses neveux et de sa ni\u00e8ce, coinc\u00e9s \u00e0 l\u2019int\u00e9rieur, terrifi\u00e9s.<\/p>\n\n\n\n<p>Sans r\u00e9fl\u00e9chir, Derrick a bondi vers eux. Il a attrap\u00e9 ses deux neveux, les a tir\u00e9s par la fen\u00eatre pour les mettre en s\u00e9curit\u00e9. Mais alors qu\u2019il pensait que le plus dur \u00e9tait fait\u2026 il a entendu le hurlement de sa ni\u00e8ce de huit ans, coinc\u00e9e dans la chambre \u00e0 l\u2019\u00e9tage.<\/p>\n\n\n\n<p>Son sang n\u2019a fait qu\u2019un tour.<\/p>\n\n\n\n<p>\ud83d\udd25 La deuxi\u00e8me mission<\/p>\n\n\n\n<p>Derrick n\u2019a pas h\u00e9sit\u00e9. Il est retourn\u00e9 dans la maison en flammes. Chaque pas \u00e9tait un risque, chaque souffle un d\u00e9fi. La chaleur lui br\u00fblait la peau, mais il continuait. Il savait qu\u2019il devait la sauver.<\/p>\n\n\n\n<p>Il l\u2019a trouv\u00e9e sous un meuble, terroris\u00e9e. Sans perdre une seconde, il l\u2019a prise dans ses bras et a couru vers la sortie, les flammes l\u00e9chant les murs autour d\u2019eux.<\/p>\n\n\n\n<p>\u00ab Je pr\u00e9f\u00e8re \u00eatre br\u00fbl\u00e9 que de la perdre, \u00bb a-t-il murmur\u00e9, d\u00e9termin\u00e9.<\/p>\n\n\n\n<p>\ud83e\ude78 Les blessures<\/p>\n\n\n\n<p>Lorsqu\u2019ils sont sortis, Derrick pr\u00e9sentait des br\u00fblures au troisi\u00e8me degr\u00e9 sur de larges zones de son corps. La douleur \u00e9tait intense, mais son esprit \u00e9tait clair : sa famille \u00e9tait saine et sauve.<\/p>\n\n\n\n<figure class=\"wp-block-image size-full\"><img loading=\"lazy\" decoding=\"async\" width=\"978\" height=\"871\" src=\"https:\/\/gazeta.am\/wp-content\/uploads\/2026\/03\/1a-58.jpg\" alt=\"\" class=\"wp-image-1094\" srcset=\"https:\/\/gazeta.am\/wp-content\/uploads\/2026\/03\/1a-58.jpg 978w, https:\/\/gazeta.am\/wp-content\/uploads\/2026\/03\/1a-58-300x267.jpg 300w, https:\/\/gazeta.am\/wp-content\/uploads\/2026\/03\/1a-58-768x684.jpg 768w\" sizes=\"auto, (max-width: 978px) 100vw, 978px\" \/><\/figure>\n\n\n\n<p>Les pompiers et les ambulanciers l\u2019ont emmen\u00e9 d\u2019urgence \u00e0 l\u2019h\u00f4pital. L\u00e0, il a commenc\u00e9 l\u2019un des parcours les plus difficiles de sa vie : la gu\u00e9rison physique, les cicatrices visibles, mais aussi les traumatismes \u00e9motionnels.<\/p>\n\n\n\n<p>Chaque journ\u00e9e \u00e9tait un combat. Chaque mouvement rappelait l\u2019incendie, chaque douleur racontait l\u2019histoire de ce moment h\u00e9ro\u00efque.<\/p>\n\n\n\n<p>\ud83d\udcaa Le courage et la r\u00e9silience<\/p>\n\n\n\n<p>Malgr\u00e9 tout, Derrick n\u2019a jamais abandonn\u00e9. Ses proches l\u2019ont soutenu, lui envoyant messages d\u2019amour et encouragements. Il a endur\u00e9 des op\u00e9rations, des bandages, et des s\u00e9ances de r\u00e9\u00e9ducation pour retrouver sa mobilit\u00e9 et sa force.<\/p>\n\n\n\n<p>Et au fil des semaines, des mois, des ann\u00e9es\u2026 il a commenc\u00e9 \u00e0 gu\u00e9rir. Mais plus qu\u2019un corps reconstruit, c\u2019est son esprit qui est rest\u00e9 in\u00e9branlable.<\/p>\n\n\n\n<p>\u2764\ufe0f L\u2019impact de son h\u00e9ro\u00efsme<\/p>\n\n\n\n<p>Derrick est devenu un symbole de courage et de sacrifice. Son geste a touch\u00e9 des milliers de personnes. Les gens admirent non seulement sa bravoure, mais aussi son humilit\u00e9.<\/p>\n\n\n\n<p>\u00ab Je n\u2019ai fait que ce qu\u2019un fr\u00e8re ferait, ce qu\u2019un oncle ferait, \u00bb dit-il modestement. Mais ceux qui connaissent l\u2019histoire savent qu\u2019il a fait bien plus que \u00e7a.<\/p>\n\n\n\n<p>\ud83c\udf1f Aujourd\u2019hui<\/p>\n\n\n\n<p>Aujourd\u2019hui, Derrick est plus fort que jamais. Les cicatrices qu\u2019il porte racontent une histoire de survie et d\u2019amour. Sa ni\u00e8ce et ses neveux grandissent, entour\u00e9s de s\u00e9curit\u00e9 et de tendresse, conscients que leur vie a \u00e9t\u00e9 sauv\u00e9e par un v\u00e9ritable h\u00e9ros.<\/p>\n\n\n\n<p>Les m\u00e9decins, les amis et la communaut\u00e9 continuent de le soutenir, mais son plus grand triomphe reste le sourire de sa famille.<\/p>\n\n\n\n<p>\ud83e\udec0 Une le\u00e7on de vie<\/p>\n\n\n\n<p>Ce r\u00e9cit nous rappelle que le courage ne se mesure pas \u00e0 l\u2019\u00e2ge, \u00e0 la force ou \u00e0 la notori\u00e9t\u00e9. Il se mesure \u00e0 ce que l\u2019on est pr\u00eat \u00e0 risquer pour prot\u00e9ger ceux que l\u2019on aime.<\/p>\n\n\n\n<p>Derrick Byrd a prouv\u00e9 qu\u2019un seul acte de bravoure peut transformer des vies \u2014 et que parfois, le v\u00e9ritable h\u00e9ro\u00efsme se cache dans les gestes les plus simples mais les plus d\u00e9sint\u00e9ress\u00e9s.<\/p>\n\n\n\n<p>\ud83d\udcac Et toi\u2026<\/p>\n\n\n\n<p>Si tu avais \u00e0 choisir entre ta s\u00e9curit\u00e9 et celle d\u2019un \u00eatre aim\u00e9\u2026<br>Ferais-tu le m\u00eame choix que Derrick ?<\/p>\n\n\n\n<p>Parce que certaines histoires\u2026 montrent que le vrai courage n\u2019a pas de limite. \ud83d\udca5\ud83d\udd25<\/p>\n","protected":false},"excerpt":{"rendered":"Ce jour-l\u00e0, tout a chang\u00e9. Les flammes engloutissaient la maison de sa famille, d\u00e9vorant le bois, le mobilier, l\u2019air charg\u00e9 de chaleur et \n<a class=\"moretag\" href=\"https:\/\/gazeta.am\/?p=1093\"> [...]<\/a>","protected":false},"author":1,"featured_media":1094,"comment_status":"open","ping_status":"open","sticky":false,"template":"","format":"standard","meta":{"footnotes":""},"categories":[1],"tags":[],"class_list":["post-1093","post","type-post","status-publish","format-standard","has-post-thumbnail","hentry","category-1"],"yoast_head":"<!-- This site is optimized with the Yoast SEO plugin v27.4 - https:\/\/yoast.com\/product\/yoast-seo-wordpress\/ -->\n<title>\u00c0 seulement 20 ans, Derrick Byrd est devenu un v\u00e9ritable h\u00e9ros.\ud83d\udd25 -<\/title>\n<meta name=\"robots\" content=\"index, follow, max-snippet:-1, max-image-preview:large, max-video-preview:-1\" \/>\n<link rel=\"canonical\" href=\"https:\/\/gazeta.am\/?p=1093\" \/>\n<meta property=\"og:locale\" content=\"ru_RU\" \/>\n<meta property=\"og:type\" content=\"article\" \/>\n<meta property=\"og:title\" content=\"\u00c0 seulement 20 ans, Derrick Byrd est devenu un v\u00e9ritable h\u00e9ros.\ud83d\udd25 -\" \/>\n<meta property=\"og:description\" content=\"Ce jour-l\u00e0, tout a chang\u00e9. Les flammes engloutissaient la maison de sa famille, d\u00e9vorant le bois, le mobilier, l\u2019air charg\u00e9 de chaleur et\" \/>\n<meta property=\"og:url\" content=\"https:\/\/gazeta.am\/?p=1093\" \/>\n<meta property=\"article:published_time\" content=\"2026-03-25T17:19:41+00:00\" \/>\n<meta property=\"article:modified_time\" content=\"2026-03-25T17:19:43+00:00\" \/>\n<meta property=\"og:image\" content=\"https:\/\/gazeta.am\/wp-content\/uploads\/2026\/03\/1a-58.jpg\" \/>\n\t<meta property=\"og:image:width\" content=\"978\" \/>\n\t<meta property=\"og:image:height\" content=\"871\" \/>\n\t<meta property=\"og:image:type\" content=\"image\/jpeg\" \/>\n<meta name=\"author\" content=\"admin\" \/>\n<meta name=\"twitter:card\" content=\"summary_large_image\" \/>\n<meta name=\"twitter:label1\" content=\"\u041d\u0430\u043f\u0438\u0441\u0430\u043d\u043e \u0430\u0432\u0442\u043e\u0440\u043e\u043c\" \/>\n\t<meta name=\"twitter:data1\" content=\"admin\" \/>\n\t<meta name=\"twitter:label2\" content=\"\u041f\u0440\u0438\u043c\u0435\u0440\u043d\u043e\u0435 \u0432\u0440\u0435\u043c\u044f \u0434\u043b\u044f \u0447\u0442\u0435\u043d\u0438\u044f\" \/>\n\t<meta name=\"twitter:data2\" content=\"4 \u043c\u0438\u043d\u0443\u0442\u044b\" \/>\n<script type=\"application\/ld+json\" class=\"yoast-schema-graph\">{\"@context\":\"https:\\\/\\\/schema.org\",\"@graph\":[{\"@type\":\"Article\",\"@id\":\"https:\\\/\\\/gazeta.am\\\/?p=1093#article\",\"isPartOf\":{\"@id\":\"https:\\\/\\\/gazeta.am\\\/?p=1093\"},\"author\":{\"name\":\"admin\",\"@id\":\"https:\\\/\\\/gazeta.am\\\/#\\\/schema\\\/person\\\/987709955e760c9a1ebbb44776f8cccc\"},\"headline\":\"\u00c0 seulement 20 ans, Derrick Byrd est devenu un v\u00e9ritable h\u00e9ros.\ud83d\udd25\",\"datePublished\":\"2026-03-25T17:19:41+00:00\",\"dateModified\":\"2026-03-25T17:19:43+00:00\",\"mainEntityOfPage\":{\"@id\":\"https:\\\/\\\/gazeta.am\\\/?p=1093\"},\"wordCount\":665,\"commentCount\":0,\"image\":{\"@id\":\"https:\\\/\\\/gazeta.am\\\/?p=1093#primaryimage\"},\"thumbnailUrl\":\"https:\\\/\\\/gazeta.am\\\/wp-content\\\/uploads\\\/2026\\\/03\\\/1a-58.jpg\",\"articleSection\":[\"NEWS\"],\"inLanguage\":\"ru-RU\",\"potentialAction\":[{\"@type\":\"CommentAction\",\"name\":\"Comment\",\"target\":[\"https:\\\/\\\/gazeta.am\\\/?p=1093#respond\"]}]},{\"@type\":\"WebPage\",\"@id\":\"https:\\\/\\\/gazeta.am\\\/?p=1093\",\"url\":\"https:\\\/\\\/gazeta.am\\\/?p=1093\",\"name\":\"\u00c0 seulement 20 ans, Derrick Byrd est devenu un v\u00e9ritable h\u00e9ros.\ud83d\udd25 -\",\"isPartOf\":{\"@id\":\"https:\\\/\\\/gazeta.am\\\/#website\"},\"primaryImageOfPage\":{\"@id\":\"https:\\\/\\\/gazeta.am\\\/?p=1093#primaryimage\"},\"image\":{\"@id\":\"https:\\\/\\\/gazeta.am\\\/?p=1093#primaryimage\"},\"thumbnailUrl\":\"https:\\\/\\\/gazeta.am\\\/wp-content\\\/uploads\\\/2026\\\/03\\\/1a-58.jpg\",\"datePublished\":\"2026-03-25T17:19:41+00:00\",\"dateModified\":\"2026-03-25T17:19:43+00:00\",\"author\":{\"@id\":\"https:\\\/\\\/gazeta.am\\\/#\\\/schema\\\/person\\\/987709955e760c9a1ebbb44776f8cccc\"},\"breadcrumb\":{\"@id\":\"https:\\\/\\\/gazeta.am\\\/?p=1093#breadcrumb\"},\"inLanguage\":\"ru-RU\",\"potentialAction\":[{\"@type\":\"ReadAction\",\"target\":[\"https:\\\/\\\/gazeta.am\\\/?p=1093\"]}]},{\"@type\":\"ImageObject\",\"inLanguage\":\"ru-RU\",\"@id\":\"https:\\\/\\\/gazeta.am\\\/?p=1093#primaryimage\",\"url\":\"https:\\\/\\\/gazeta.am\\\/wp-content\\\/uploads\\\/2026\\\/03\\\/1a-58.jpg\",\"contentUrl\":\"https:\\\/\\\/gazeta.am\\\/wp-content\\\/uploads\\\/2026\\\/03\\\/1a-58.jpg\",\"width\":978,\"height\":871},{\"@type\":\"BreadcrumbList\",\"@id\":\"https:\\\/\\\/gazeta.am\\\/?p=1093#breadcrumb\",\"itemListElement\":[{\"@type\":\"ListItem\",\"position\":1,\"name\":\"\u0413\u043b\u0430\u0432\u043d\u0430\u044f \u0441\u0442\u0440\u0430\u043d\u0438\u0446\u0430\",\"item\":\"https:\\\/\\\/gazeta.am\\\/\"},{\"@type\":\"ListItem\",\"position\":2,\"name\":\"\u00c0 seulement 20 ans, Derrick Byrd est devenu un v\u00e9ritable h\u00e9ros.\ud83d\udd25\"}]},{\"@type\":\"WebSite\",\"@id\":\"https:\\\/\\\/gazeta.am\\\/#website\",\"url\":\"https:\\\/\\\/gazeta.am\\\/\",\"name\":\"\",\"description\":\"\",\"potentialAction\":[{\"@type\":\"SearchAction\",\"target\":{\"@type\":\"EntryPoint\",\"urlTemplate\":\"https:\\\/\\\/gazeta.am\\\/?s={search_term_string}\"},\"query-input\":{\"@type\":\"PropertyValueSpecification\",\"valueRequired\":true,\"valueName\":\"search_term_string\"}}],\"inLanguage\":\"ru-RU\"},{\"@type\":\"Person\",\"@id\":\"https:\\\/\\\/gazeta.am\\\/#\\\/schema\\\/person\\\/987709955e760c9a1ebbb44776f8cccc\",\"name\":\"admin\",\"image\":{\"@type\":\"ImageObject\",\"inLanguage\":\"ru-RU\",\"@id\":\"https:\\\/\\\/secure.gravatar.com\\\/avatar\\\/a24f4ac3a683f3c87303db525abc00db51ea26ccedee11dfaf1cc0f9a481a5d2?s=96&d=mm&r=g\",\"url\":\"https:\\\/\\\/secure.gravatar.com\\\/avatar\\\/a24f4ac3a683f3c87303db525abc00db51ea26ccedee11dfaf1cc0f9a481a5d2?s=96&d=mm&r=g\",\"contentUrl\":\"https:\\\/\\\/secure.gravatar.com\\\/avatar\\\/a24f4ac3a683f3c87303db525abc00db51ea26ccedee11dfaf1cc0f9a481a5d2?s=96&d=mm&r=g\",\"caption\":\"admin\"},\"sameAs\":[\"http:\\\/\\\/gazeta.am\"],\"url\":\"https:\\\/\\\/gazeta.am\\\/?author=1\"}]}<\/script>\n<!-- \/ Yoast SEO plugin. -->","yoast_head_json":{"title":"\u00c0 seulement 20 ans, Derrick Byrd est devenu un v\u00e9ritable h\u00e9ros.\ud83d\udd25 -","robots":{"index":"index","follow":"follow","max-snippet":"max-snippet:-1","max-image-preview":"max-image-preview:large","max-video-preview":"max-video-preview:-1"},"canonical":"https:\/\/gazeta.am\/?p=1093","og_locale":"ru_RU","og_type":"article","og_title":"\u00c0 seulement 20 ans, Derrick Byrd est devenu un v\u00e9ritable h\u00e9ros.\ud83d\udd25 -","og_description":"Ce jour-l\u00e0, tout a chang\u00e9. Les flammes engloutissaient la maison de sa famille, d\u00e9vorant le bois, le mobilier, l\u2019air charg\u00e9 de chaleur et","og_url":"https:\/\/gazeta.am\/?p=1093","article_published_time":"2026-03-25T17:19:41+00:00","article_modified_time":"2026-03-25T17:19:43+00:00","og_image":[{"width":978,"height":871,"url":"https:\/\/gazeta.am\/wp-content\/uploads\/2026\/03\/1a-58.jpg","type":"image\/jpeg"}],"author":"admin","twitter_card":"summary_large_image","twitter_misc":{"\u041d\u0430\u043f\u0438\u0441\u0430\u043d\u043e \u0430\u0432\u0442\u043e\u0440\u043e\u043c":"admin","\u041f\u0440\u0438\u043c\u0435\u0440\u043d\u043e\u0435 \u0432\u0440\u0435\u043c\u044f \u0434\u043b\u044f \u0447\u0442\u0435\u043d\u0438\u044f":"4 \u043c\u0438\u043d\u0443\u0442\u044b"},"schema":{"@context":"https:\/\/schema.org","@graph":[{"@type":"Article","@id":"https:\/\/gazeta.am\/?p=1093#article","isPartOf":{"@id":"https:\/\/gazeta.am\/?p=1093"},"author":{"name":"admin","@id":"https:\/\/gazeta.am\/#\/schema\/person\/987709955e760c9a1ebbb44776f8cccc"},"headline":"\u00c0 seulement 20 ans, Derrick Byrd est devenu un v\u00e9ritable h\u00e9ros.\ud83d\udd25","datePublished":"2026-03-25T17:19:41+00:00","dateModified":"2026-03-25T17:19:43+00:00","mainEntityOfPage":{"@id":"https:\/\/gazeta.am\/?p=1093"},"wordCount":665,"commentCount":0,"image":{"@id":"https:\/\/gazeta.am\/?p=1093#primaryimage"},"thumbnailUrl":"https:\/\/gazeta.am\/wp-content\/uploads\/2026\/03\/1a-58.jpg","articleSection":["NEWS"],"inLanguage":"ru-RU","potentialAction":[{"@type":"CommentAction","name":"Comment","target":["https:\/\/gazeta.am\/?p=1093#respond"]}]},{"@type":"WebPage","@id":"https:\/\/gazeta.am\/?p=1093","url":"https:\/\/gazeta.am\/?p=1093","name":"\u00c0 seulement 20 ans, Derrick Byrd est devenu un v\u00e9ritable h\u00e9ros.\ud83d\udd25 -","isPartOf":{"@id":"https:\/\/gazeta.am\/#website"},"primaryImageOfPage":{"@id":"https:\/\/gazeta.am\/?p=1093#primaryimage"},"image":{"@id":"https:\/\/gazeta.am\/?p=1093#primaryimage"},"thumbnailUrl":"https:\/\/gazeta.am\/wp-content\/uploads\/2026\/03\/1a-58.jpg","datePublished":"2026-03-25T17:19:41+00:00","dateModified":"2026-03-25T17:19:43+00:00","author":{"@id":"https:\/\/gazeta.am\/#\/schema\/person\/987709955e760c9a1ebbb44776f8cccc"},"breadcrumb":{"@id":"https:\/\/gazeta.am\/?p=1093#breadcrumb"},"inLanguage":"ru-RU","potentialAction":[{"@type":"ReadAction","target":["https:\/\/gazeta.am\/?p=1093"]}]},{"@type":"ImageObject","inLanguage":"ru-RU","@id":"https:\/\/gazeta.am\/?p=1093#primaryimage","url":"https:\/\/gazeta.am\/wp-content\/uploads\/2026\/03\/1a-58.jpg","contentUrl":"https:\/\/gazeta.am\/wp-content\/uploads\/2026\/03\/1a-58.jpg","width":978,"height":871},{"@type":"BreadcrumbList","@id":"https:\/\/gazeta.am\/?p=1093#breadcrumb","itemListElement":[{"@type":"ListItem","position":1,"name":"\u0413\u043b\u0430\u0432\u043d\u0430\u044f \u0441\u0442\u0440\u0430\u043d\u0438\u0446\u0430","item":"https:\/\/gazeta.am\/"},{"@type":"ListItem","position":2,"name":"\u00c0 seulement 20 ans, Derrick Byrd est devenu un v\u00e9ritable h\u00e9ros.\ud83d\udd25"}]},{"@type":"WebSite","@id":"https:\/\/gazeta.am\/#website","url":"https:\/\/gazeta.am\/","name":"","description":"","potentialAction":[{"@type":"SearchAction","target":{"@type":"EntryPoint","urlTemplate":"https:\/\/gazeta.am\/?s={search_term_string}"},"query-input":{"@type":"PropertyValueSpecification","valueRequired":true,"valueName":"search_term_string"}}],"inLanguage":"ru-RU"},{"@type":"Person","@id":"https:\/\/gazeta.am\/#\/schema\/person\/987709955e760c9a1ebbb44776f8cccc","name":"admin","image":{"@type":"ImageObject","inLanguage":"ru-RU","@id":"https:\/\/secure.gravatar.com\/avatar\/a24f4ac3a683f3c87303db525abc00db51ea26ccedee11dfaf1cc0f9a481a5d2?s=96&d=mm&r=g","url":"https:\/\/secure.gravatar.com\/avatar\/a24f4ac3a683f3c87303db525abc00db51ea26ccedee11dfaf1cc0f9a481a5d2?s=96&d=mm&r=g","contentUrl":"https:\/\/secure.gravatar.com\/avatar\/a24f4ac3a683f3c87303db525abc00db51ea26ccedee11dfaf1cc0f9a481a5d2?s=96&d=mm&r=g","caption":"admin"},"sameAs":["http:\/\/gazeta.am"],"url":"https:\/\/gazeta.am\/?author=1"}]}},"_links":{"self":[{"href":"https:\/\/gazeta.am\/index.php?rest_route=\/wp\/v2\/posts\/1093","targetHints":{"allow":["GET"]}}],"collection":[{"href":"https:\/\/gazeta.am\/index.php?rest_route=\/wp\/v2\/posts"}],"about":[{"href":"https:\/\/gazeta.am\/index.php?rest_route=\/wp\/v2\/types\/post"}],"author":[{"embeddable":true,"href":"https:\/\/gazeta.am\/index.php?rest_route=\/wp\/v2\/users\/1"}],"replies":[{"embeddable":true,"href":"https:\/\/gazeta.am\/index.php?rest_route=%2Fwp%2Fv2%2Fcomments&post=1093"}],"version-history":[{"count":1,"href":"https:\/\/gazeta.am\/index.php?rest_route=\/wp\/v2\/posts\/1093\/revisions"}],"predecessor-version":[{"id":1095,"href":"https:\/\/gazeta.am\/index.php?rest_route=\/wp\/v2\/posts\/1093\/revisions\/1095"}],"wp:featuredmedia":[{"embeddable":true,"href":"https:\/\/gazeta.am\/index.php?rest_route=\/wp\/v2\/media\/1094"}],"wp:attachment":[{"href":"https:\/\/gazeta.am\/index.php?rest_route=%2Fwp%2Fv2%2Fmedia&parent=1093"}],"wp:term":[{"taxonomy":"category","embeddable":true,"href":"https:\/\/gazeta.am\/index.php?rest_route=%2Fwp%2Fv2%2Fcategories&post=1093"},{"taxonomy":"post_tag","embeddable":true,"href":"https:\/\/gazeta.am\/index.php?rest_route=%2Fwp%2Fv2%2Ftags&post=1093"}],"curies":[{"name":"wp","href":"https:\/\/api.w.org\/{rel}","templated":true}]}}