{"id":1081,"date":"2026-03-25T20:01:49","date_gmt":"2026-03-25T17:01:49","guid":{"rendered":"https:\/\/gazeta.am\/?p=1081"},"modified":"2026-03-25T20:01:51","modified_gmt":"2026-03-25T17:01:51","slug":"jaurais-prefere-ne-jamais-entendre-ces-mots","status":"publish","type":"post","link":"https:\/\/gazeta.am\/?p=1081","title":{"rendered":"\u00ab J\u2019aurais pr\u00e9f\u00e9r\u00e9 ne jamais entendre ces mots\u2026 \u00bb"},"content":{"rendered":"\n<p>Je reculai dans le couloir, le c\u0153ur battant si fort que j\u2019avais l\u2019impression qu\u2019il allait trahir ma pr\u00e9sence.<\/p>\n\n\n\n<p>Temporaire.<\/p>\n\n\n\n<p>Ce mot tournait dans ma t\u00eate, encore et encore, comme une fissure qui s\u2019\u00e9largit sans qu\u2019on puisse l\u2019arr\u00eater.<\/p>\n\n\n\n<p>\ud83c\udf19 Une nuit qui change tout<\/p>\n\n\n\n<p>La pluie frappait les fen\u00eatres avec violence. Le silence de la maison \u00e9tait lourd, presque oppressant.<\/p>\n\n\n\n<p>Je restai l\u00e0, dans l\u2019ombre, incapable de bouger.<\/p>\n\n\n\n<p>\u00c0 quelques m\u00e8tres de moi\u2026 mon mari.<\/p>\n\n\n\n<p>L\u2019homme que j\u2019aimais.<\/p>\n\n\n\n<p>L\u2019homme avec qui je partageais ma vie.<\/p>\n\n\n\n<p>Et pourtant\u2026 je venais de comprendre que quelque chose m\u2019\u00e9chappait compl\u00e8tement.<\/p>\n\n\n\n<p>\ud83e\udde0 Le doute<\/p>\n\n\n\n<p>\u00ab Temporaire\u2026 ? \u00bb<\/p>\n\n\n\n<figure class=\"wp-block-image size-full\"><img loading=\"lazy\" decoding=\"async\" width=\"552\" height=\"548\" src=\"https:\/\/gazeta.am\/wp-content\/uploads\/2026\/03\/1a-54.jpg\" alt=\"\" class=\"wp-image-1082\" srcset=\"https:\/\/gazeta.am\/wp-content\/uploads\/2026\/03\/1a-54.jpg 552w, https:\/\/gazeta.am\/wp-content\/uploads\/2026\/03\/1a-54-300x298.jpg 300w, https:\/\/gazeta.am\/wp-content\/uploads\/2026\/03\/1a-54-150x150.jpg 150w\" sizes=\"auto, (max-width: 552px) 100vw, 552px\" \/><\/figure>\n\n\n\n<p>Comment pouvais-je \u00eatre\u2026 temporaire ?<\/p>\n\n\n\n<p>Apr\u00e8s toutes ces ann\u00e9es ?<\/p>\n\n\n\n<p>Apr\u00e8s tout ce qu\u2019on avait construit ?<\/p>\n\n\n\n<p>\u26a0\ufe0f Le retour dans la chambre<\/p>\n\n\n\n<p>Je retournai dans notre chambre sans faire de bruit.<\/p>\n\n\n\n<p>Je m\u2019assis sur le lit.<\/p>\n\n\n\n<p>Les mains glac\u00e9es.<\/p>\n\n\n\n<p>L\u2019esprit en feu.<\/p>\n\n\n\n<p>\ud83d\udcad Les souvenirs remontent<\/p>\n\n\n\n<p>Tout \u00e0 coup, des d\u00e9tails que j\u2019avais ignor\u00e9s commenc\u00e8rent \u00e0 prendre un autre sens.<\/p>\n\n\n\n<p>Les appels constants \u00e0 sa m\u00e8re.<br>Les visites impr\u00e9vues.<br>Les nuits o\u00f9 il disparaissait \u00ab juste pour v\u00e9rifier si elle allait bien \u00bb.<\/p>\n\n\n\n<p>Je pensais que c\u2019\u00e9tait de l\u2019amour.<\/p>\n\n\n\n<p>De la responsabilit\u00e9.<\/p>\n\n\n\n<p>Mais maintenant\u2026<\/p>\n\n\n\n<p>\u2744\ufe0f Une autre v\u00e9rit\u00e9<\/p>\n\n\n\n<p>C\u2019\u00e9tait\u2026 autre chose.<\/p>\n\n\n\n<p>\ud83d\udd73\ufe0f Une nuit sans sommeil<\/p>\n\n\n\n<p>Je ne dormis pas.<\/p>\n\n\n\n<p>Pas une seconde.<\/p>\n\n\n\n<p>Chaque bruit me faisait sursauter.<\/p>\n\n\n\n<p>Chaque pens\u00e9e me d\u00e9truisait un peu plus.<\/p>\n\n\n\n<p>\ud83c\udf05 Le matin<\/p>\n\n\n\n<p>Au petit matin, Ryan entra dans la chambre.<\/p>\n\n\n\n<p>Comme si de rien n\u2019\u00e9tait.<\/p>\n\n\n\n<p>\ud83d\ude28 Le masque<\/p>\n\n\n\n<p>\u00ab Tu es r\u00e9veill\u00e9e t\u00f4t\u2026 \u00bb dit-il doucement.<\/p>\n\n\n\n<p>\ud83e\uddca Mon regard<\/p>\n\n\n\n<p>Je le fixai.<\/p>\n\n\n\n<p>Longtemps.<\/p>\n\n\n\n<p>Trop longtemps.<\/p>\n\n\n\n<p>\ud83d\udca5 La question<\/p>\n\n\n\n<p>\u00ab Je suis\u2026 temporaire ? \u00bb<\/p>\n\n\n\n<p>\ud83e\udec0 Le choc<\/p>\n\n\n\n<p>Son visage changea instantan\u00e9ment.<\/p>\n\n\n\n<p>\u26a0\ufe0f Le silence<\/p>\n\n\n\n<p>Un silence lourd s\u2019installa.<\/p>\n\n\n\n<p>\ud83e\udde0 La v\u00e9rit\u00e9 se fissure<\/p>\n\n\n\n<p>\u00ab Tu\u2026 tu as entendu ? \u00bb murmura-t-il.<\/p>\n\n\n\n<p>\ud83d\udd25 La confrontation<\/p>\n\n\n\n<p>\u00ab R\u00e9ponds-moi. \u00bb<\/p>\n\n\n\n<p>Ma voix tremblait, mais je ne reculais pas.<\/p>\n\n\n\n<p>\ud83d\udc94 L\u2019effondrement<\/p>\n\n\n\n<p>Il s\u2019assit sur le bord du lit.<\/p>\n\n\n\n<p>Comme s\u2019il venait de perdre toute force.<\/p>\n\n\n\n<p>\ud83d\ude22 Les mots<\/p>\n\n\n\n<p>\u00ab Ce n\u2019est pas ce que tu crois\u2026 \u00bb<\/p>\n\n\n\n<p>\u2744\ufe0f Le refus<\/p>\n\n\n\n<p>\u00ab Alors explique. \u00bb<\/p>\n\n\n\n<p>\ud83d\udd6f\ufe0f Le secret commence<\/p>\n\n\n\n<p>Il passa ses mains sur son visage.<\/p>\n\n\n\n<p>Respira profond\u00e9ment.<\/p>\n\n\n\n<p>\u26a1 La r\u00e9v\u00e9lation<\/p>\n\n\n\n<p>\u00ab Ma m\u00e8re\u2026 n\u2019a jamais \u00e9t\u00e9 seule. \u00bb<\/p>\n\n\n\n<p>\ud83d\ude28 L\u2019incompr\u00e9hension<\/p>\n\n\n\n<p>\u00ab Quoi ? \u00bb<\/p>\n\n\n\n<p>\ud83e\udde0 Le pass\u00e9 cach\u00e9<\/p>\n\n\n\n<p>\u00ab Mon p\u00e8re est parti quand j\u2019avais cinq ans. Mais\u2026 elle n\u2019a jamais accept\u00e9 qu\u2019il ne revienne pas. \u00bb<\/p>\n\n\n\n<p>\ud83d\udc94 Une d\u00e9pendance<\/p>\n\n\n\n<p>\u00ab Elle a commenc\u00e9 \u00e0\u2026 me traiter diff\u00e9remment. \u00bb<\/p>\n\n\n\n<p>\ud83d\udd73\ufe0f Le malaise<\/p>\n\n\n\n<p>Mon c\u0153ur se serra.<\/p>\n\n\n\n<p>\ud83d\ude31 Les mots difficiles<\/p>\n\n\n\n<p>\u00ab Comme si j\u2019\u00e9tais\u2026 tout ce qui lui restait. \u00bb<\/p>\n\n\n\n<p>\u26a0\ufe0f Une ligne bris\u00e9e<\/p>\n\n\n\n<p>\u00ab Elle me disait que j\u2019\u00e9tais le seul homme qui ne l\u2019abandonnerait jamais. \u00bb<\/p>\n\n\n\n<p>\ud83e\uddca Le froid<\/p>\n\n\n\n<p>Je sentis un frisson me traverser.<\/p>\n\n\n\n<p>\ud83d\udca5 La promesse<\/p>\n\n\n\n<p>\u00ab \u00c0 17 ans\u2026 je lui ai promis que je ne la quitterais jamais. \u00bb<\/p>\n\n\n\n<p>\ud83e\udec0 Le pi\u00e8ge<\/p>\n\n\n\n<p>\u00ab Je pensais que c\u2019\u00e9tait juste\u2026 des mots. \u00bb<\/p>\n\n\n\n<p>\ud83d\ude28 Mais\u2026<\/p>\n\n\n\n<p>\u00ab Mais pour elle\u2026 ce n\u2019\u00e9tait pas des mots. \u00bb<\/p>\n\n\n\n<p>\ud83d\udd25 Le mariage<\/p>\n\n\n\n<p>\u00ab Quand je t\u2019ai rencontr\u00e9e\u2026 j\u2019ai cru que je pouvais vivre ma vie. \u00bb<\/p>\n\n\n\n<p>\ud83d\udc94 La v\u00e9rit\u00e9<\/p>\n\n\n\n<p>\u00ab Mais elle n\u2019a jamais accept\u00e9. \u00bb<\/p>\n\n\n\n<p>\ud83e\udde0 Le contr\u00f4le<\/p>\n\n\n\n<p>\u00ab Elle fait tout pour me garder. \u00bb<\/p>\n\n\n\n<p>\u26a1 Le choc final<\/p>\n\n\n\n<p>\u00ab Et moi\u2026 je n\u2019ai jamais su comment me lib\u00e9rer. \u00bb<\/p>\n\n\n\n<p>\ud83d\udd73\ufe0f Le silence<\/p>\n\n\n\n<p>Je ne savais plus quoi dire.<\/p>\n\n\n\n<p>\ud83d\ude22 La r\u00e9alit\u00e9<\/p>\n\n\n\n<p>Je n\u2019\u00e9tais pas \u00ab temporaire \u00bb.<\/p>\n\n\n\n<p>\ud83d\udc94 J\u2019\u00e9tais\u2026 en comp\u00e9tition<\/p>\n\n\n\n<p>Avec une place que personne ne devrait jamais occuper.<\/p>\n\n\n\n<p>\ud83e\uddca Le regard<\/p>\n\n\n\n<p>\u00ab Alors quoi ? \u00bb murmurai-je.<\/p>\n\n\n\n<p>\u00ab Tu vas continuer \u00e0 faire semblant ? \u00bb<\/p>\n\n\n\n<p>\ud83d\udd25 Le choix<\/p>\n\n\n\n<p>Il leva les yeux vers moi.<\/p>\n\n\n\n<p>Pour la premi\u00e8re fois\u2026<\/p>\n\n\n\n<p>Vraiment.<\/p>\n\n\n\n<p>\ud83e\udec0 La d\u00e9cision<\/p>\n\n\n\n<p>\u00ab Non. \u00bb<\/p>\n\n\n\n<p>\u26a1 La fracture<\/p>\n\n\n\n<p>\u00ab Mais \u00e7a va tout d\u00e9truire. \u00bb<\/p>\n\n\n\n<p>\ud83d\udca5 La v\u00e9rit\u00e9<\/p>\n\n\n\n<p>\u00ab Parce que pour elle\u2026 me perdre\u2026 c\u2019est mourir. \u00bb<\/p>\n\n\n\n<p>\ud83d\ude28 Et pour moi ?<\/p>\n\n\n\n<p>Je restai silencieuse.<\/p>\n\n\n\n<p>\ud83d\udd6f\ufe0f Une question impossible<\/p>\n\n\n\n<p>Peut-on sauver un mariage\u2026<\/p>\n\n\n\n<p>Quand il est pris dans un lien aussi profond\u2026<\/p>\n\n\n\n<p>Aussi\u2026 destructeur ?<\/p>\n\n\n\n<p>\ud83d\udcac Et toi\u2026<\/p>\n\n\n\n<p>Si tu d\u00e9couvrais que la personne que tu aimes est prisonni\u00e8re d\u2019un lien qu\u2019elle ne peut pas briser\u2026<\/p>\n\n\n\n<p>Est-ce que tu resterais pour te battre\u2026<\/p>\n\n\n\n<p>Ou est-ce que tu partirais\u2026 pour te sauver ?<\/p>\n","protected":false},"excerpt":{"rendered":"Je reculai dans le couloir, le c\u0153ur battant si fort que j\u2019avais l\u2019impression qu\u2019il allait trahir ma pr\u00e9sence. Temporaire. Ce mot tournait dans \n<a class=\"moretag\" href=\"https:\/\/gazeta.am\/?p=1081\"> [...]<\/a>","protected":false},"author":1,"featured_media":1082,"comment_status":"open","ping_status":"open","sticky":false,"template":"","format":"standard","meta":{"footnotes":""},"categories":[1],"tags":[],"class_list":["post-1081","post","type-post","status-publish","format-standard","has-post-thumbnail","hentry","category-1"],"yoast_head":"<!-- This site is optimized with the Yoast SEO plugin v27.4 - https:\/\/yoast.com\/product\/yoast-seo-wordpress\/ -->\n<title>\u00ab J\u2019aurais pr\u00e9f\u00e9r\u00e9 ne jamais entendre ces mots\u2026 \u00bb -<\/title>\n<meta name=\"robots\" content=\"index, follow, max-snippet:-1, max-image-preview:large, max-video-preview:-1\" \/>\n<link rel=\"canonical\" href=\"https:\/\/gazeta.am\/?p=1081\" \/>\n<meta property=\"og:locale\" content=\"ru_RU\" \/>\n<meta property=\"og:type\" content=\"article\" \/>\n<meta property=\"og:title\" content=\"\u00ab J\u2019aurais pr\u00e9f\u00e9r\u00e9 ne jamais entendre ces mots\u2026 \u00bb -\" \/>\n<meta property=\"og:description\" content=\"Je reculai dans le couloir, le c\u0153ur battant si fort que j\u2019avais l\u2019impression qu\u2019il allait trahir ma pr\u00e9sence. Temporaire. Ce mot tournait dans\" \/>\n<meta property=\"og:url\" content=\"https:\/\/gazeta.am\/?p=1081\" \/>\n<meta property=\"article:published_time\" content=\"2026-03-25T17:01:49+00:00\" \/>\n<meta property=\"article:modified_time\" content=\"2026-03-25T17:01:51+00:00\" \/>\n<meta property=\"og:image\" content=\"https:\/\/gazeta.am\/wp-content\/uploads\/2026\/03\/1a-54.jpg\" \/>\n\t<meta property=\"og:image:width\" content=\"552\" \/>\n\t<meta property=\"og:image:height\" content=\"548\" \/>\n\t<meta property=\"og:image:type\" content=\"image\/jpeg\" \/>\n<meta name=\"author\" content=\"admin\" \/>\n<meta name=\"twitter:card\" content=\"summary_large_image\" \/>\n<meta name=\"twitter:label1\" content=\"\u041d\u0430\u043f\u0438\u0441\u0430\u043d\u043e \u0430\u0432\u0442\u043e\u0440\u043e\u043c\" \/>\n\t<meta name=\"twitter:data1\" content=\"admin\" \/>\n\t<meta name=\"twitter:label2\" content=\"\u041f\u0440\u0438\u043c\u0435\u0440\u043d\u043e\u0435 \u0432\u0440\u0435\u043c\u044f \u0434\u043b\u044f \u0447\u0442\u0435\u043d\u0438\u044f\" \/>\n\t<meta name=\"twitter:data2\" content=\"4 \u043c\u0438\u043d\u0443\u0442\u044b\" \/>\n<script type=\"application\/ld+json\" class=\"yoast-schema-graph\">{\"@context\":\"https:\\\/\\\/schema.org\",\"@graph\":[{\"@type\":\"Article\",\"@id\":\"https:\\\/\\\/gazeta.am\\\/?p=1081#article\",\"isPartOf\":{\"@id\":\"https:\\\/\\\/gazeta.am\\\/?p=1081\"},\"author\":{\"name\":\"admin\",\"@id\":\"https:\\\/\\\/gazeta.am\\\/#\\\/schema\\\/person\\\/987709955e760c9a1ebbb44776f8cccc\"},\"headline\":\"\u00ab J\u2019aurais pr\u00e9f\u00e9r\u00e9 ne jamais entendre ces mots\u2026 \u00bb\",\"datePublished\":\"2026-03-25T17:01:49+00:00\",\"dateModified\":\"2026-03-25T17:01:51+00:00\",\"mainEntityOfPage\":{\"@id\":\"https:\\\/\\\/gazeta.am\\\/?p=1081\"},\"wordCount\":698,\"commentCount\":0,\"image\":{\"@id\":\"https:\\\/\\\/gazeta.am\\\/?p=1081#primaryimage\"},\"thumbnailUrl\":\"https:\\\/\\\/gazeta.am\\\/wp-content\\\/uploads\\\/2026\\\/03\\\/1a-54.jpg\",\"articleSection\":[\"NEWS\"],\"inLanguage\":\"ru-RU\",\"potentialAction\":[{\"@type\":\"CommentAction\",\"name\":\"Comment\",\"target\":[\"https:\\\/\\\/gazeta.am\\\/?p=1081#respond\"]}]},{\"@type\":\"WebPage\",\"@id\":\"https:\\\/\\\/gazeta.am\\\/?p=1081\",\"url\":\"https:\\\/\\\/gazeta.am\\\/?p=1081\",\"name\":\"\u00ab J\u2019aurais pr\u00e9f\u00e9r\u00e9 ne jamais entendre ces mots\u2026 \u00bb -\",\"isPartOf\":{\"@id\":\"https:\\\/\\\/gazeta.am\\\/#website\"},\"primaryImageOfPage\":{\"@id\":\"https:\\\/\\\/gazeta.am\\\/?p=1081#primaryimage\"},\"image\":{\"@id\":\"https:\\\/\\\/gazeta.am\\\/?p=1081#primaryimage\"},\"thumbnailUrl\":\"https:\\\/\\\/gazeta.am\\\/wp-content\\\/uploads\\\/2026\\\/03\\\/1a-54.jpg\",\"datePublished\":\"2026-03-25T17:01:49+00:00\",\"dateModified\":\"2026-03-25T17:01:51+00:00\",\"author\":{\"@id\":\"https:\\\/\\\/gazeta.am\\\/#\\\/schema\\\/person\\\/987709955e760c9a1ebbb44776f8cccc\"},\"breadcrumb\":{\"@id\":\"https:\\\/\\\/gazeta.am\\\/?p=1081#breadcrumb\"},\"inLanguage\":\"ru-RU\",\"potentialAction\":[{\"@type\":\"ReadAction\",\"target\":[\"https:\\\/\\\/gazeta.am\\\/?p=1081\"]}]},{\"@type\":\"ImageObject\",\"inLanguage\":\"ru-RU\",\"@id\":\"https:\\\/\\\/gazeta.am\\\/?p=1081#primaryimage\",\"url\":\"https:\\\/\\\/gazeta.am\\\/wp-content\\\/uploads\\\/2026\\\/03\\\/1a-54.jpg\",\"contentUrl\":\"https:\\\/\\\/gazeta.am\\\/wp-content\\\/uploads\\\/2026\\\/03\\\/1a-54.jpg\",\"width\":552,\"height\":548},{\"@type\":\"BreadcrumbList\",\"@id\":\"https:\\\/\\\/gazeta.am\\\/?p=1081#breadcrumb\",\"itemListElement\":[{\"@type\":\"ListItem\",\"position\":1,\"name\":\"\u0413\u043b\u0430\u0432\u043d\u0430\u044f \u0441\u0442\u0440\u0430\u043d\u0438\u0446\u0430\",\"item\":\"https:\\\/\\\/gazeta.am\\\/\"},{\"@type\":\"ListItem\",\"position\":2,\"name\":\"\u00ab J\u2019aurais pr\u00e9f\u00e9r\u00e9 ne jamais entendre ces mots\u2026 \u00bb\"}]},{\"@type\":\"WebSite\",\"@id\":\"https:\\\/\\\/gazeta.am\\\/#website\",\"url\":\"https:\\\/\\\/gazeta.am\\\/\",\"name\":\"\",\"description\":\"\",\"potentialAction\":[{\"@type\":\"SearchAction\",\"target\":{\"@type\":\"EntryPoint\",\"urlTemplate\":\"https:\\\/\\\/gazeta.am\\\/?s={search_term_string}\"},\"query-input\":{\"@type\":\"PropertyValueSpecification\",\"valueRequired\":true,\"valueName\":\"search_term_string\"}}],\"inLanguage\":\"ru-RU\"},{\"@type\":\"Person\",\"@id\":\"https:\\\/\\\/gazeta.am\\\/#\\\/schema\\\/person\\\/987709955e760c9a1ebbb44776f8cccc\",\"name\":\"admin\",\"image\":{\"@type\":\"ImageObject\",\"inLanguage\":\"ru-RU\",\"@id\":\"https:\\\/\\\/secure.gravatar.com\\\/avatar\\\/a24f4ac3a683f3c87303db525abc00db51ea26ccedee11dfaf1cc0f9a481a5d2?s=96&d=mm&r=g\",\"url\":\"https:\\\/\\\/secure.gravatar.com\\\/avatar\\\/a24f4ac3a683f3c87303db525abc00db51ea26ccedee11dfaf1cc0f9a481a5d2?s=96&d=mm&r=g\",\"contentUrl\":\"https:\\\/\\\/secure.gravatar.com\\\/avatar\\\/a24f4ac3a683f3c87303db525abc00db51ea26ccedee11dfaf1cc0f9a481a5d2?s=96&d=mm&r=g\",\"caption\":\"admin\"},\"sameAs\":[\"http:\\\/\\\/gazeta.am\"],\"url\":\"https:\\\/\\\/gazeta.am\\\/?author=1\"}]}<\/script>\n<!-- \/ Yoast SEO plugin. -->","yoast_head_json":{"title":"\u00ab J\u2019aurais pr\u00e9f\u00e9r\u00e9 ne jamais entendre ces mots\u2026 \u00bb -","robots":{"index":"index","follow":"follow","max-snippet":"max-snippet:-1","max-image-preview":"max-image-preview:large","max-video-preview":"max-video-preview:-1"},"canonical":"https:\/\/gazeta.am\/?p=1081","og_locale":"ru_RU","og_type":"article","og_title":"\u00ab J\u2019aurais pr\u00e9f\u00e9r\u00e9 ne jamais entendre ces mots\u2026 \u00bb -","og_description":"Je reculai dans le couloir, le c\u0153ur battant si fort que j\u2019avais l\u2019impression qu\u2019il allait trahir ma pr\u00e9sence. Temporaire. Ce mot tournait dans","og_url":"https:\/\/gazeta.am\/?p=1081","article_published_time":"2026-03-25T17:01:49+00:00","article_modified_time":"2026-03-25T17:01:51+00:00","og_image":[{"width":552,"height":548,"url":"https:\/\/gazeta.am\/wp-content\/uploads\/2026\/03\/1a-54.jpg","type":"image\/jpeg"}],"author":"admin","twitter_card":"summary_large_image","twitter_misc":{"\u041d\u0430\u043f\u0438\u0441\u0430\u043d\u043e \u0430\u0432\u0442\u043e\u0440\u043e\u043c":"admin","\u041f\u0440\u0438\u043c\u0435\u0440\u043d\u043e\u0435 \u0432\u0440\u0435\u043c\u044f \u0434\u043b\u044f \u0447\u0442\u0435\u043d\u0438\u044f":"4 \u043c\u0438\u043d\u0443\u0442\u044b"},"schema":{"@context":"https:\/\/schema.org","@graph":[{"@type":"Article","@id":"https:\/\/gazeta.am\/?p=1081#article","isPartOf":{"@id":"https:\/\/gazeta.am\/?p=1081"},"author":{"name":"admin","@id":"https:\/\/gazeta.am\/#\/schema\/person\/987709955e760c9a1ebbb44776f8cccc"},"headline":"\u00ab J\u2019aurais pr\u00e9f\u00e9r\u00e9 ne jamais entendre ces mots\u2026 \u00bb","datePublished":"2026-03-25T17:01:49+00:00","dateModified":"2026-03-25T17:01:51+00:00","mainEntityOfPage":{"@id":"https:\/\/gazeta.am\/?p=1081"},"wordCount":698,"commentCount":0,"image":{"@id":"https:\/\/gazeta.am\/?p=1081#primaryimage"},"thumbnailUrl":"https:\/\/gazeta.am\/wp-content\/uploads\/2026\/03\/1a-54.jpg","articleSection":["NEWS"],"inLanguage":"ru-RU","potentialAction":[{"@type":"CommentAction","name":"Comment","target":["https:\/\/gazeta.am\/?p=1081#respond"]}]},{"@type":"WebPage","@id":"https:\/\/gazeta.am\/?p=1081","url":"https:\/\/gazeta.am\/?p=1081","name":"\u00ab J\u2019aurais pr\u00e9f\u00e9r\u00e9 ne jamais entendre ces mots\u2026 \u00bb -","isPartOf":{"@id":"https:\/\/gazeta.am\/#website"},"primaryImageOfPage":{"@id":"https:\/\/gazeta.am\/?p=1081#primaryimage"},"image":{"@id":"https:\/\/gazeta.am\/?p=1081#primaryimage"},"thumbnailUrl":"https:\/\/gazeta.am\/wp-content\/uploads\/2026\/03\/1a-54.jpg","datePublished":"2026-03-25T17:01:49+00:00","dateModified":"2026-03-25T17:01:51+00:00","author":{"@id":"https:\/\/gazeta.am\/#\/schema\/person\/987709955e760c9a1ebbb44776f8cccc"},"breadcrumb":{"@id":"https:\/\/gazeta.am\/?p=1081#breadcrumb"},"inLanguage":"ru-RU","potentialAction":[{"@type":"ReadAction","target":["https:\/\/gazeta.am\/?p=1081"]}]},{"@type":"ImageObject","inLanguage":"ru-RU","@id":"https:\/\/gazeta.am\/?p=1081#primaryimage","url":"https:\/\/gazeta.am\/wp-content\/uploads\/2026\/03\/1a-54.jpg","contentUrl":"https:\/\/gazeta.am\/wp-content\/uploads\/2026\/03\/1a-54.jpg","width":552,"height":548},{"@type":"BreadcrumbList","@id":"https:\/\/gazeta.am\/?p=1081#breadcrumb","itemListElement":[{"@type":"ListItem","position":1,"name":"\u0413\u043b\u0430\u0432\u043d\u0430\u044f \u0441\u0442\u0440\u0430\u043d\u0438\u0446\u0430","item":"https:\/\/gazeta.am\/"},{"@type":"ListItem","position":2,"name":"\u00ab J\u2019aurais pr\u00e9f\u00e9r\u00e9 ne jamais entendre ces mots\u2026 \u00bb"}]},{"@type":"WebSite","@id":"https:\/\/gazeta.am\/#website","url":"https:\/\/gazeta.am\/","name":"","description":"","potentialAction":[{"@type":"SearchAction","target":{"@type":"EntryPoint","urlTemplate":"https:\/\/gazeta.am\/?s={search_term_string}"},"query-input":{"@type":"PropertyValueSpecification","valueRequired":true,"valueName":"search_term_string"}}],"inLanguage":"ru-RU"},{"@type":"Person","@id":"https:\/\/gazeta.am\/#\/schema\/person\/987709955e760c9a1ebbb44776f8cccc","name":"admin","image":{"@type":"ImageObject","inLanguage":"ru-RU","@id":"https:\/\/secure.gravatar.com\/avatar\/a24f4ac3a683f3c87303db525abc00db51ea26ccedee11dfaf1cc0f9a481a5d2?s=96&d=mm&r=g","url":"https:\/\/secure.gravatar.com\/avatar\/a24f4ac3a683f3c87303db525abc00db51ea26ccedee11dfaf1cc0f9a481a5d2?s=96&d=mm&r=g","contentUrl":"https:\/\/secure.gravatar.com\/avatar\/a24f4ac3a683f3c87303db525abc00db51ea26ccedee11dfaf1cc0f9a481a5d2?s=96&d=mm&r=g","caption":"admin"},"sameAs":["http:\/\/gazeta.am"],"url":"https:\/\/gazeta.am\/?author=1"}]}},"_links":{"self":[{"href":"https:\/\/gazeta.am\/index.php?rest_route=\/wp\/v2\/posts\/1081","targetHints":{"allow":["GET"]}}],"collection":[{"href":"https:\/\/gazeta.am\/index.php?rest_route=\/wp\/v2\/posts"}],"about":[{"href":"https:\/\/gazeta.am\/index.php?rest_route=\/wp\/v2\/types\/post"}],"author":[{"embeddable":true,"href":"https:\/\/gazeta.am\/index.php?rest_route=\/wp\/v2\/users\/1"}],"replies":[{"embeddable":true,"href":"https:\/\/gazeta.am\/index.php?rest_route=%2Fwp%2Fv2%2Fcomments&post=1081"}],"version-history":[{"count":1,"href":"https:\/\/gazeta.am\/index.php?rest_route=\/wp\/v2\/posts\/1081\/revisions"}],"predecessor-version":[{"id":1083,"href":"https:\/\/gazeta.am\/index.php?rest_route=\/wp\/v2\/posts\/1081\/revisions\/1083"}],"wp:featuredmedia":[{"embeddable":true,"href":"https:\/\/gazeta.am\/index.php?rest_route=\/wp\/v2\/media\/1082"}],"wp:attachment":[{"href":"https:\/\/gazeta.am\/index.php?rest_route=%2Fwp%2Fv2%2Fmedia&parent=1081"}],"wp:term":[{"taxonomy":"category","embeddable":true,"href":"https:\/\/gazeta.am\/index.php?rest_route=%2Fwp%2Fv2%2Fcategories&post=1081"},{"taxonomy":"post_tag","embeddable":true,"href":"https:\/\/gazeta.am\/index.php?rest_route=%2Fwp%2Fv2%2Ftags&post=1081"}],"curies":[{"name":"wp","href":"https:\/\/api.w.org\/{rel}","templated":true}]}}