{"id":1060,"date":"2026-03-25T11:37:11","date_gmt":"2026-03-25T08:37:11","guid":{"rendered":"https:\/\/gazeta.am\/?p=1060"},"modified":"2026-03-25T11:37:13","modified_gmt":"2026-03-25T08:37:13","slug":"personne-ne-pensait-quil-en-etait-capable","status":"publish","type":"post","link":"https:\/\/gazeta.am\/?p=1060","title":{"rendered":"\u00ab Personne ne pensait qu\u2019il en \u00e9tait capable\u2026 \u00bb"},"content":{"rendered":"\n<p>Le vieil homme marchait lentement au bord du chemin, son manteau us\u00e9 flottant l\u00e9g\u00e8rement dans le vent froid du matin. Les gens du village le connaissaient \u00e0 peine. Pour eux, il n\u2019\u00e9tait qu\u2019une silhouette silencieuse, un homme fatigu\u00e9 par la vie, sans histoire\u2026 sans importance.<\/p>\n\n\n\n<p>Mais ce jour-l\u00e0, tout allait changer.<\/p>\n\n\n\n<p>\ud83d\udd4a\ufe0f Le moment qui bascule<\/p>\n\n\n\n<p>Un cri d\u00e9chira le silence.<\/p>\n\n\n\n<p>Aigu. D\u00e9sesp\u00e9r\u00e9.<\/p>\n\n\n\n<p>Le vieil homme s\u2019arr\u00eata net.<\/p>\n\n\n\n<p>Ses yeux cherch\u00e8rent la source du bruit\u2026 et il le vit.<\/p>\n\n\n\n<p>Un paon.<\/p>\n\n\n\n<p>Magnifique.<\/p>\n\n\n\n<figure class=\"wp-block-image size-full\"><img loading=\"lazy\" decoding=\"async\" width=\"430\" height=\"480\" src=\"https:\/\/gazeta.am\/wp-content\/uploads\/2026\/03\/1a-49.jpg\" alt=\"\" class=\"wp-image-1061\" srcset=\"https:\/\/gazeta.am\/wp-content\/uploads\/2026\/03\/1a-49.jpg 430w, https:\/\/gazeta.am\/wp-content\/uploads\/2026\/03\/1a-49-269x300.jpg 269w\" sizes=\"auto, (max-width: 430px) 100vw, 430px\" \/><\/figure>\n\n\n\n<p>Ses plumes, autrefois \u00e9clatantes, \u00e9taient maintenant couvertes de boue et de sang. Pris dans un pi\u00e8ge grossier, cach\u00e9 dans les hautes herbes. Chaque mouvement ne faisait qu\u2019aggraver ses blessures.<\/p>\n\n\n\n<p>Et autour\u2026 personne.<\/p>\n\n\n\n<p>Personne pour aider.<\/p>\n\n\n\n<p>\u26a0\ufe0f Le choix<\/p>\n\n\n\n<p>Le vieil homme regarda autour de lui.<\/p>\n\n\n\n<p>Il savait ce que cela signifiait.<\/p>\n\n\n\n<p>Ce genre de pi\u00e8ge n\u2019\u00e9tait pas l\u00e0 par hasard. Quelqu\u2019un l\u2019avait pos\u00e9. Quelqu\u2019un qui reviendrait.<\/p>\n\n\n\n<p>S\u2019il intervenait\u2026 il pourrait avoir des ennuis.<\/p>\n\n\n\n<p>Mais s\u2019il ne faisait rien\u2026<\/p>\n\n\n\n<p>L\u2019oiseau mourrait.<\/p>\n\n\n\n<p>\ud83d\udc94 Un regard<\/p>\n\n\n\n<p>Le paon le fixa.<\/p>\n\n\n\n<p>Ses yeux\u2026 n\u2019\u00e9taient pas ceux d\u2019un simple animal.<\/p>\n\n\n\n<p>Il y avait de la peur. De la douleur.<\/p>\n\n\n\n<p>Mais aussi\u2026 une \u00e9trange confiance.<\/p>\n\n\n\n<p>Comme s\u2019il savait que cet homme pouvait le sauver.<\/p>\n\n\n\n<p>\ud83d\udd25 L\u2019acte de courage<\/p>\n\n\n\n<p>Le vieil homme s\u2019agenouilla.<\/p>\n\n\n\n<p>Ses mains tremblaient.<\/p>\n\n\n\n<p>Le m\u00e9tal du pi\u00e8ge \u00e9tait rouill\u00e9, tranchant.<\/p>\n\n\n\n<p>Il tenta de l\u2019ouvrir.<\/p>\n\n\n\n<p>Rien.<\/p>\n\n\n\n<p>Il for\u00e7a.<\/p>\n\n\n\n<p>Ses doigts se coup\u00e8rent.<\/p>\n\n\n\n<p>Le sang coula.<\/p>\n\n\n\n<p>Mais il ne s\u2019arr\u00eata pas.<\/p>\n\n\n\n<p>\ud83e\ude78 La douleur ignor\u00e9e<\/p>\n\n\n\n<p>Chaque seconde comptait.<\/p>\n\n\n\n<p>Le paon respirait de plus en plus difficilement.<\/p>\n\n\n\n<p>Le vieil homme serra les dents.<\/p>\n\n\n\n<p>\u00ab Tiens bon\u2026 \u00bb murmura-t-il.<\/p>\n\n\n\n<p>\u26a1 La lib\u00e9ration<\/p>\n\n\n\n<p>Dans un dernier effort, le pi\u00e8ge c\u00e9da.<\/p>\n\n\n\n<p>Un bruit sec.<\/p>\n\n\n\n<p>Le paon \u00e9tait libre.<\/p>\n\n\n\n<p>\ud83d\ude28 Le silence<\/p>\n\n\n\n<p>Pendant un instant\u2026<\/p>\n\n\n\n<p>Rien.<\/p>\n\n\n\n<p>L\u2019oiseau ne bougea pas.<\/p>\n\n\n\n<p>Puis lentement\u2026 il d\u00e9ploya ses ailes.<\/p>\n\n\n\n<p>\ud83d\udd4a\ufe0f La fuite<\/p>\n\n\n\n<p>Il aurait pu partir.<\/p>\n\n\n\n<p>S\u2019envoler.<\/p>\n\n\n\n<p>Dispara\u00eetre.<\/p>\n\n\n\n<p>Comme tous les animaux le font.<\/p>\n\n\n\n<p>Mais\u2026<\/p>\n\n\n\n<p>Il ne le fit pas.<\/p>\n\n\n\n<p>\ud83d\udc40 L\u2019instant \u00e9trange<\/p>\n\n\n\n<p>Le paon resta l\u00e0.<\/p>\n\n\n\n<p>Face au vieil homme.<\/p>\n\n\n\n<p>Immobile.<\/p>\n\n\n\n<p>Comme s\u2019il observait.<\/p>\n\n\n\n<p>Comme s\u2019il\u2026 comprenait.<\/p>\n\n\n\n<p>\ud83e\udde0 Quelque chose d\u2019anormal<\/p>\n\n\n\n<p>Le vieil homme recula l\u00e9g\u00e8rement.<\/p>\n\n\n\n<p>\u00ab Va-t\u2019en\u2026 \u00bb murmura-t-il.<\/p>\n\n\n\n<p>Mais l\u2019oiseau ne bougeait pas.<\/p>\n\n\n\n<p>\ud83c\udf19 Le retour inattendu<\/p>\n\n\n\n<p>Ce soir-l\u00e0\u2026<\/p>\n\n\n\n<p>Alors que le vieil homme \u00e9tait assis seul devant sa petite maison, un bruit l\u00e9ger se fit entendre.<\/p>\n\n\n\n<p>Des pas.<\/p>\n\n\n\n<p>Ou plut\u00f4t\u2026<\/p>\n\n\n\n<p>Des griffes sur le sol.<\/p>\n\n\n\n<p>\ud83d\ude33 Le choc<\/p>\n\n\n\n<p>Il leva la t\u00eate.<\/p>\n\n\n\n<p>Le paon \u00e9tait l\u00e0.<\/p>\n\n\n\n<p>Devant sa porte.<\/p>\n\n\n\n<p>\u2744\ufe0f Le myst\u00e8re<\/p>\n\n\n\n<p>Comment l\u2019avait-il retrouv\u00e9 ?<\/p>\n\n\n\n<p>Pourquoi \u00e9tait-il revenu ?<\/p>\n\n\n\n<p>\ud83d\udca1 Une pr\u00e9sence inhabituelle<\/p>\n\n\n\n<p>L\u2019oiseau s\u2019approcha lentement.<\/p>\n\n\n\n<p>Sans peur.<\/p>\n\n\n\n<p>Sans h\u00e9sitation.<\/p>\n\n\n\n<p>\ud83d\udd6f\ufe0f Le geste<\/p>\n\n\n\n<p>Puis\u2026<\/p>\n\n\n\n<p>Il fit quelque chose d\u2019inattendu.<\/p>\n\n\n\n<p>Il s\u2019inclina.<\/p>\n\n\n\n<p>\ud83d\ude31 L\u2019incompr\u00e9hensible<\/p>\n\n\n\n<p>Oui.<\/p>\n\n\n\n<p>Il s\u2019inclina.<\/p>\n\n\n\n<p>Comme un remerciement.<\/p>\n\n\n\n<p>Comme un geste\u2026 humain.<\/p>\n\n\n\n<p>\ud83e\udde9 Le d\u00e9but de quelque chose<\/p>\n\n\n\n<p>Les jours pass\u00e8rent.<\/p>\n\n\n\n<p>Et chaque jour\u2026<\/p>\n\n\n\n<p>Le paon revenait.<\/p>\n\n\n\n<p>Toujours \u00e0 la m\u00eame heure.<\/p>\n\n\n\n<p>Toujours au m\u00eame endroit.<\/p>\n\n\n\n<p>\u2764\ufe0f Une connexion<\/p>\n\n\n\n<p>Le vieil homme n\u2019\u00e9tait plus seul.<\/p>\n\n\n\n<p>Pour la premi\u00e8re fois depuis des ann\u00e9es\u2026<\/p>\n\n\n\n<p>Quelqu\u2019un l\u2019attendait.<\/p>\n\n\n\n<p>\u26a0\ufe0f Mais ce n\u2019\u00e9tait pas tout\u2026<\/p>\n\n\n\n<p>Un matin, quelque chose changea.<\/p>\n\n\n\n<p>Le paon arriva plus t\u00f4t.<\/p>\n\n\n\n<p>Agit\u00e9.<\/p>\n\n\n\n<p>Inquiet.<\/p>\n\n\n\n<p>\ud83d\udd25 L\u2019alerte<\/p>\n\n\n\n<p>Il tournait en rond.<\/p>\n\n\n\n<p>Battait des ailes.<\/p>\n\n\n\n<p>Comme s\u2019il voulait dire quelque chose.<\/p>\n\n\n\n<p>\ud83e\udde0 L\u2019intuition<\/p>\n\n\n\n<p>Le vieil homme comprit.<\/p>\n\n\n\n<p>Quelque chose n\u2019allait pas.<\/p>\n\n\n\n<p>\ud83d\udea8 Le danger<\/p>\n\n\n\n<p>Au loin\u2026<\/p>\n\n\n\n<p>De la fum\u00e9e.<\/p>\n\n\n\n<p>\ud83d\ude28 Le choc final<\/p>\n\n\n\n<p>Une maison br\u00fblait.<\/p>\n\n\n\n<p>Et \u00e0 l\u2019int\u00e9rieur\u2026<\/p>\n\n\n\n<p>Quelqu\u2019un \u00e9tait pi\u00e9g\u00e9.<\/p>\n\n\n\n<p>\u26a1 La course<\/p>\n\n\n\n<p>Sans r\u00e9fl\u00e9chir, le vieil homme courut.<\/p>\n\n\n\n<p>Le paon le suivait.<\/p>\n\n\n\n<p>\ud83d\udc94 Le courage une seconde fois<\/p>\n\n\n\n<p>Il entra dans la maison en feu.<\/p>\n\n\n\n<p>Les flammes l\u00e9chaient les murs.<\/p>\n\n\n\n<p>La chaleur \u00e9tait insupportable.<\/p>\n\n\n\n<p>\ud83d\udd73\ufe0f Le sauvetage<\/p>\n\n\n\n<p>Et l\u00e0\u2026<\/p>\n\n\n\n<p>Dans un coin\u2026<\/p>\n\n\n\n<p>Un enfant.<\/p>\n\n\n\n<p>\ud83d\ude31 Le miracle<\/p>\n\n\n\n<p>Le vieil homme le prit dans ses bras.<\/p>\n\n\n\n<p>Et sortit.<\/p>\n\n\n\n<p>Juste \u00e0 temps.<\/p>\n\n\n\n<p>\ud83d\udd4a\ufe0f La v\u00e9rit\u00e9<\/p>\n\n\n\n<p>Quand il se retourna\u2026<\/p>\n\n\n\n<p>Le paon \u00e9tait l\u00e0.<\/p>\n\n\n\n<p>Calme.<\/p>\n\n\n\n<p>Comme s\u2019il savait.<\/p>\n\n\n\n<p>\ud83d\udcad Une question<\/p>\n\n\n\n<p>\u00c9tait-ce un simple animal\u2026 ?<\/p>\n\n\n\n<p>Ou quelque chose de plus ?<\/p>\n\n\n\n<p>\u2764\ufe0f La le\u00e7on<\/p>\n\n\n\n<p>Ce jour-l\u00e0, le village comprit.<\/p>\n\n\n\n<p>Le vieil homme n\u2019\u00e9tait pas insignifiant.<\/p>\n\n\n\n<p>Et le paon\u2026<\/p>\n\n\n\n<p>N\u2019\u00e9tait pas juste un oiseau.<\/p>\n\n\n\n<p>\ud83d\udcac Et toi\u2026<\/p>\n\n\n\n<p>Penses-tu que certains actes de bont\u00e9 reviennent toujours\u2026 d\u2019une mani\u00e8re qu\u2019on ne peut pas expliquer ?<\/p>\n","protected":false},"excerpt":{"rendered":"Le vieil homme marchait lentement au bord du chemin, son manteau us\u00e9 flottant l\u00e9g\u00e8rement dans le vent froid du matin. Les gens du \n<a class=\"moretag\" href=\"https:\/\/gazeta.am\/?p=1060\"> [...]<\/a>","protected":false},"author":1,"featured_media":1061,"comment_status":"open","ping_status":"open","sticky":false,"template":"","format":"standard","meta":{"footnotes":""},"categories":[1],"tags":[],"class_list":["post-1060","post","type-post","status-publish","format-standard","has-post-thumbnail","hentry","category-1"],"yoast_head":"<!-- This site is optimized with the Yoast SEO plugin v27.4 - https:\/\/yoast.com\/product\/yoast-seo-wordpress\/ -->\n<title>\u00ab Personne ne pensait qu\u2019il en \u00e9tait capable\u2026 \u00bb -<\/title>\n<meta name=\"robots\" content=\"index, follow, max-snippet:-1, max-image-preview:large, max-video-preview:-1\" \/>\n<link rel=\"canonical\" href=\"https:\/\/gazeta.am\/?p=1060\" \/>\n<meta property=\"og:locale\" content=\"ru_RU\" \/>\n<meta property=\"og:type\" content=\"article\" \/>\n<meta property=\"og:title\" content=\"\u00ab Personne ne pensait qu\u2019il en \u00e9tait capable\u2026 \u00bb -\" \/>\n<meta property=\"og:description\" content=\"Le vieil homme marchait lentement au bord du chemin, son manteau us\u00e9 flottant l\u00e9g\u00e8rement dans le vent froid du matin. Les gens du\" \/>\n<meta property=\"og:url\" content=\"https:\/\/gazeta.am\/?p=1060\" \/>\n<meta property=\"article:published_time\" content=\"2026-03-25T08:37:11+00:00\" \/>\n<meta property=\"article:modified_time\" content=\"2026-03-25T08:37:13+00:00\" \/>\n<meta property=\"og:image\" content=\"https:\/\/gazeta.am\/wp-content\/uploads\/2026\/03\/1a-49.jpg\" \/>\n\t<meta property=\"og:image:width\" content=\"430\" \/>\n\t<meta property=\"og:image:height\" content=\"480\" \/>\n\t<meta property=\"og:image:type\" content=\"image\/jpeg\" \/>\n<meta name=\"author\" content=\"admin\" \/>\n<meta name=\"twitter:card\" content=\"summary_large_image\" \/>\n<meta name=\"twitter:label1\" content=\"\u041d\u0430\u043f\u0438\u0441\u0430\u043d\u043e \u0430\u0432\u0442\u043e\u0440\u043e\u043c\" \/>\n\t<meta name=\"twitter:data1\" content=\"admin\" \/>\n\t<meta name=\"twitter:label2\" content=\"\u041f\u0440\u0438\u043c\u0435\u0440\u043d\u043e\u0435 \u0432\u0440\u0435\u043c\u044f \u0434\u043b\u044f \u0447\u0442\u0435\u043d\u0438\u044f\" \/>\n\t<meta name=\"twitter:data2\" content=\"4 \u043c\u0438\u043d\u0443\u0442\u044b\" \/>\n<script type=\"application\/ld+json\" class=\"yoast-schema-graph\">{\"@context\":\"https:\\\/\\\/schema.org\",\"@graph\":[{\"@type\":\"Article\",\"@id\":\"https:\\\/\\\/gazeta.am\\\/?p=1060#article\",\"isPartOf\":{\"@id\":\"https:\\\/\\\/gazeta.am\\\/?p=1060\"},\"author\":{\"name\":\"admin\",\"@id\":\"https:\\\/\\\/gazeta.am\\\/#\\\/schema\\\/person\\\/987709955e760c9a1ebbb44776f8cccc\"},\"headline\":\"\u00ab Personne ne pensait qu\u2019il en \u00e9tait capable\u2026 \u00bb\",\"datePublished\":\"2026-03-25T08:37:11+00:00\",\"dateModified\":\"2026-03-25T08:37:13+00:00\",\"mainEntityOfPage\":{\"@id\":\"https:\\\/\\\/gazeta.am\\\/?p=1060\"},\"wordCount\":741,\"commentCount\":0,\"image\":{\"@id\":\"https:\\\/\\\/gazeta.am\\\/?p=1060#primaryimage\"},\"thumbnailUrl\":\"https:\\\/\\\/gazeta.am\\\/wp-content\\\/uploads\\\/2026\\\/03\\\/1a-49.jpg\",\"articleSection\":[\"NEWS\"],\"inLanguage\":\"ru-RU\",\"potentialAction\":[{\"@type\":\"CommentAction\",\"name\":\"Comment\",\"target\":[\"https:\\\/\\\/gazeta.am\\\/?p=1060#respond\"]}]},{\"@type\":\"WebPage\",\"@id\":\"https:\\\/\\\/gazeta.am\\\/?p=1060\",\"url\":\"https:\\\/\\\/gazeta.am\\\/?p=1060\",\"name\":\"\u00ab Personne ne pensait qu\u2019il en \u00e9tait capable\u2026 \u00bb -\",\"isPartOf\":{\"@id\":\"https:\\\/\\\/gazeta.am\\\/#website\"},\"primaryImageOfPage\":{\"@id\":\"https:\\\/\\\/gazeta.am\\\/?p=1060#primaryimage\"},\"image\":{\"@id\":\"https:\\\/\\\/gazeta.am\\\/?p=1060#primaryimage\"},\"thumbnailUrl\":\"https:\\\/\\\/gazeta.am\\\/wp-content\\\/uploads\\\/2026\\\/03\\\/1a-49.jpg\",\"datePublished\":\"2026-03-25T08:37:11+00:00\",\"dateModified\":\"2026-03-25T08:37:13+00:00\",\"author\":{\"@id\":\"https:\\\/\\\/gazeta.am\\\/#\\\/schema\\\/person\\\/987709955e760c9a1ebbb44776f8cccc\"},\"breadcrumb\":{\"@id\":\"https:\\\/\\\/gazeta.am\\\/?p=1060#breadcrumb\"},\"inLanguage\":\"ru-RU\",\"potentialAction\":[{\"@type\":\"ReadAction\",\"target\":[\"https:\\\/\\\/gazeta.am\\\/?p=1060\"]}]},{\"@type\":\"ImageObject\",\"inLanguage\":\"ru-RU\",\"@id\":\"https:\\\/\\\/gazeta.am\\\/?p=1060#primaryimage\",\"url\":\"https:\\\/\\\/gazeta.am\\\/wp-content\\\/uploads\\\/2026\\\/03\\\/1a-49.jpg\",\"contentUrl\":\"https:\\\/\\\/gazeta.am\\\/wp-content\\\/uploads\\\/2026\\\/03\\\/1a-49.jpg\",\"width\":430,\"height\":480},{\"@type\":\"BreadcrumbList\",\"@id\":\"https:\\\/\\\/gazeta.am\\\/?p=1060#breadcrumb\",\"itemListElement\":[{\"@type\":\"ListItem\",\"position\":1,\"name\":\"\u0413\u043b\u0430\u0432\u043d\u0430\u044f \u0441\u0442\u0440\u0430\u043d\u0438\u0446\u0430\",\"item\":\"https:\\\/\\\/gazeta.am\\\/\"},{\"@type\":\"ListItem\",\"position\":2,\"name\":\"\u00ab Personne ne pensait qu\u2019il en \u00e9tait capable\u2026 \u00bb\"}]},{\"@type\":\"WebSite\",\"@id\":\"https:\\\/\\\/gazeta.am\\\/#website\",\"url\":\"https:\\\/\\\/gazeta.am\\\/\",\"name\":\"\",\"description\":\"\",\"potentialAction\":[{\"@type\":\"SearchAction\",\"target\":{\"@type\":\"EntryPoint\",\"urlTemplate\":\"https:\\\/\\\/gazeta.am\\\/?s={search_term_string}\"},\"query-input\":{\"@type\":\"PropertyValueSpecification\",\"valueRequired\":true,\"valueName\":\"search_term_string\"}}],\"inLanguage\":\"ru-RU\"},{\"@type\":\"Person\",\"@id\":\"https:\\\/\\\/gazeta.am\\\/#\\\/schema\\\/person\\\/987709955e760c9a1ebbb44776f8cccc\",\"name\":\"admin\",\"image\":{\"@type\":\"ImageObject\",\"inLanguage\":\"ru-RU\",\"@id\":\"https:\\\/\\\/secure.gravatar.com\\\/avatar\\\/a24f4ac3a683f3c87303db525abc00db51ea26ccedee11dfaf1cc0f9a481a5d2?s=96&d=mm&r=g\",\"url\":\"https:\\\/\\\/secure.gravatar.com\\\/avatar\\\/a24f4ac3a683f3c87303db525abc00db51ea26ccedee11dfaf1cc0f9a481a5d2?s=96&d=mm&r=g\",\"contentUrl\":\"https:\\\/\\\/secure.gravatar.com\\\/avatar\\\/a24f4ac3a683f3c87303db525abc00db51ea26ccedee11dfaf1cc0f9a481a5d2?s=96&d=mm&r=g\",\"caption\":\"admin\"},\"sameAs\":[\"http:\\\/\\\/gazeta.am\"],\"url\":\"https:\\\/\\\/gazeta.am\\\/?author=1\"}]}<\/script>\n<!-- \/ Yoast SEO plugin. -->","yoast_head_json":{"title":"\u00ab Personne ne pensait qu\u2019il en \u00e9tait capable\u2026 \u00bb -","robots":{"index":"index","follow":"follow","max-snippet":"max-snippet:-1","max-image-preview":"max-image-preview:large","max-video-preview":"max-video-preview:-1"},"canonical":"https:\/\/gazeta.am\/?p=1060","og_locale":"ru_RU","og_type":"article","og_title":"\u00ab Personne ne pensait qu\u2019il en \u00e9tait capable\u2026 \u00bb -","og_description":"Le vieil homme marchait lentement au bord du chemin, son manteau us\u00e9 flottant l\u00e9g\u00e8rement dans le vent froid du matin. Les gens du","og_url":"https:\/\/gazeta.am\/?p=1060","article_published_time":"2026-03-25T08:37:11+00:00","article_modified_time":"2026-03-25T08:37:13+00:00","og_image":[{"width":430,"height":480,"url":"https:\/\/gazeta.am\/wp-content\/uploads\/2026\/03\/1a-49.jpg","type":"image\/jpeg"}],"author":"admin","twitter_card":"summary_large_image","twitter_misc":{"\u041d\u0430\u043f\u0438\u0441\u0430\u043d\u043e \u0430\u0432\u0442\u043e\u0440\u043e\u043c":"admin","\u041f\u0440\u0438\u043c\u0435\u0440\u043d\u043e\u0435 \u0432\u0440\u0435\u043c\u044f \u0434\u043b\u044f \u0447\u0442\u0435\u043d\u0438\u044f":"4 \u043c\u0438\u043d\u0443\u0442\u044b"},"schema":{"@context":"https:\/\/schema.org","@graph":[{"@type":"Article","@id":"https:\/\/gazeta.am\/?p=1060#article","isPartOf":{"@id":"https:\/\/gazeta.am\/?p=1060"},"author":{"name":"admin","@id":"https:\/\/gazeta.am\/#\/schema\/person\/987709955e760c9a1ebbb44776f8cccc"},"headline":"\u00ab Personne ne pensait qu\u2019il en \u00e9tait capable\u2026 \u00bb","datePublished":"2026-03-25T08:37:11+00:00","dateModified":"2026-03-25T08:37:13+00:00","mainEntityOfPage":{"@id":"https:\/\/gazeta.am\/?p=1060"},"wordCount":741,"commentCount":0,"image":{"@id":"https:\/\/gazeta.am\/?p=1060#primaryimage"},"thumbnailUrl":"https:\/\/gazeta.am\/wp-content\/uploads\/2026\/03\/1a-49.jpg","articleSection":["NEWS"],"inLanguage":"ru-RU","potentialAction":[{"@type":"CommentAction","name":"Comment","target":["https:\/\/gazeta.am\/?p=1060#respond"]}]},{"@type":"WebPage","@id":"https:\/\/gazeta.am\/?p=1060","url":"https:\/\/gazeta.am\/?p=1060","name":"\u00ab Personne ne pensait qu\u2019il en \u00e9tait capable\u2026 \u00bb -","isPartOf":{"@id":"https:\/\/gazeta.am\/#website"},"primaryImageOfPage":{"@id":"https:\/\/gazeta.am\/?p=1060#primaryimage"},"image":{"@id":"https:\/\/gazeta.am\/?p=1060#primaryimage"},"thumbnailUrl":"https:\/\/gazeta.am\/wp-content\/uploads\/2026\/03\/1a-49.jpg","datePublished":"2026-03-25T08:37:11+00:00","dateModified":"2026-03-25T08:37:13+00:00","author":{"@id":"https:\/\/gazeta.am\/#\/schema\/person\/987709955e760c9a1ebbb44776f8cccc"},"breadcrumb":{"@id":"https:\/\/gazeta.am\/?p=1060#breadcrumb"},"inLanguage":"ru-RU","potentialAction":[{"@type":"ReadAction","target":["https:\/\/gazeta.am\/?p=1060"]}]},{"@type":"ImageObject","inLanguage":"ru-RU","@id":"https:\/\/gazeta.am\/?p=1060#primaryimage","url":"https:\/\/gazeta.am\/wp-content\/uploads\/2026\/03\/1a-49.jpg","contentUrl":"https:\/\/gazeta.am\/wp-content\/uploads\/2026\/03\/1a-49.jpg","width":430,"height":480},{"@type":"BreadcrumbList","@id":"https:\/\/gazeta.am\/?p=1060#breadcrumb","itemListElement":[{"@type":"ListItem","position":1,"name":"\u0413\u043b\u0430\u0432\u043d\u0430\u044f \u0441\u0442\u0440\u0430\u043d\u0438\u0446\u0430","item":"https:\/\/gazeta.am\/"},{"@type":"ListItem","position":2,"name":"\u00ab Personne ne pensait qu\u2019il en \u00e9tait capable\u2026 \u00bb"}]},{"@type":"WebSite","@id":"https:\/\/gazeta.am\/#website","url":"https:\/\/gazeta.am\/","name":"","description":"","potentialAction":[{"@type":"SearchAction","target":{"@type":"EntryPoint","urlTemplate":"https:\/\/gazeta.am\/?s={search_term_string}"},"query-input":{"@type":"PropertyValueSpecification","valueRequired":true,"valueName":"search_term_string"}}],"inLanguage":"ru-RU"},{"@type":"Person","@id":"https:\/\/gazeta.am\/#\/schema\/person\/987709955e760c9a1ebbb44776f8cccc","name":"admin","image":{"@type":"ImageObject","inLanguage":"ru-RU","@id":"https:\/\/secure.gravatar.com\/avatar\/a24f4ac3a683f3c87303db525abc00db51ea26ccedee11dfaf1cc0f9a481a5d2?s=96&d=mm&r=g","url":"https:\/\/secure.gravatar.com\/avatar\/a24f4ac3a683f3c87303db525abc00db51ea26ccedee11dfaf1cc0f9a481a5d2?s=96&d=mm&r=g","contentUrl":"https:\/\/secure.gravatar.com\/avatar\/a24f4ac3a683f3c87303db525abc00db51ea26ccedee11dfaf1cc0f9a481a5d2?s=96&d=mm&r=g","caption":"admin"},"sameAs":["http:\/\/gazeta.am"],"url":"https:\/\/gazeta.am\/?author=1"}]}},"_links":{"self":[{"href":"https:\/\/gazeta.am\/index.php?rest_route=\/wp\/v2\/posts\/1060","targetHints":{"allow":["GET"]}}],"collection":[{"href":"https:\/\/gazeta.am\/index.php?rest_route=\/wp\/v2\/posts"}],"about":[{"href":"https:\/\/gazeta.am\/index.php?rest_route=\/wp\/v2\/types\/post"}],"author":[{"embeddable":true,"href":"https:\/\/gazeta.am\/index.php?rest_route=\/wp\/v2\/users\/1"}],"replies":[{"embeddable":true,"href":"https:\/\/gazeta.am\/index.php?rest_route=%2Fwp%2Fv2%2Fcomments&post=1060"}],"version-history":[{"count":1,"href":"https:\/\/gazeta.am\/index.php?rest_route=\/wp\/v2\/posts\/1060\/revisions"}],"predecessor-version":[{"id":1062,"href":"https:\/\/gazeta.am\/index.php?rest_route=\/wp\/v2\/posts\/1060\/revisions\/1062"}],"wp:featuredmedia":[{"embeddable":true,"href":"https:\/\/gazeta.am\/index.php?rest_route=\/wp\/v2\/media\/1061"}],"wp:attachment":[{"href":"https:\/\/gazeta.am\/index.php?rest_route=%2Fwp%2Fv2%2Fmedia&parent=1060"}],"wp:term":[{"taxonomy":"category","embeddable":true,"href":"https:\/\/gazeta.am\/index.php?rest_route=%2Fwp%2Fv2%2Fcategories&post=1060"},{"taxonomy":"post_tag","embeddable":true,"href":"https:\/\/gazeta.am\/index.php?rest_route=%2Fwp%2Fv2%2Ftags&post=1060"}],"curies":[{"name":"wp","href":"https:\/\/api.w.org\/{rel}","templated":true}]}}