{"id":1054,"date":"2026-03-25T08:02:34","date_gmt":"2026-03-25T05:02:34","guid":{"rendered":"https:\/\/gazeta.am\/?p=1054"},"modified":"2026-03-25T08:02:37","modified_gmt":"2026-03-25T05:02:37","slug":"tu-es-dans-la-chambre-de-mon-pere-nest-ce-pas","status":"publish","type":"post","link":"https:\/\/gazeta.am\/?p=1054","title":{"rendered":"\u00ab Tu es dans la chambre de mon p\u00e8re\u2026 n\u2019est-ce pas ? \u00bb"},"content":{"rendered":"\n<p>Sa voix \u00e9tait basse. Froide. Tranchante comme une lame qu\u2019on n\u2019avait jamais vue venir.<\/p>\n\n\n\n<p>Mon c\u0153ur s\u2019arr\u00eata.<\/p>\n\n\n\n<p>Pendant une seconde, je ne respirais plus. Mes yeux \u00e9taient fix\u00e9s sur cette marque \u2014 cet aigle tenant une rose \u2014 grav\u00e9e dans la peau de cet homme immobile\u2026 et pourtant si vivant dans mes souvenirs.<\/p>\n\n\n\n<p>Le feu.<br>La fum\u00e9e.<br>Les cris.<\/p>\n\n\n\n<p>Et ces bras puissants qui m\u2019avaient arrach\u00e9e aux flammes.<\/p>\n\n\n\n<p>\u00ab Luc\u00eda\u2026 r\u00e9ponds-moi. \u00bb<\/p>\n\n\n\n<p>Je d\u00e9glutis difficilement.<\/p>\n\n\n\n<p>\u00ab Oui\u2026 \u00bb murmurai-je enfin.<\/p>\n\n\n\n<p>Silence.<\/p>\n\n\n\n<figure class=\"wp-block-image size-large\"><img loading=\"lazy\" decoding=\"async\" width=\"933\" height=\"1024\" src=\"https:\/\/gazeta.am\/wp-content\/uploads\/2026\/03\/1a-47-933x1024.jpg\" alt=\"\" class=\"wp-image-1055\" srcset=\"https:\/\/gazeta.am\/wp-content\/uploads\/2026\/03\/1a-47-933x1024.jpg 933w, https:\/\/gazeta.am\/wp-content\/uploads\/2026\/03\/1a-47-273x300.jpg 273w, https:\/\/gazeta.am\/wp-content\/uploads\/2026\/03\/1a-47-768x842.jpg 768w, https:\/\/gazeta.am\/wp-content\/uploads\/2026\/03\/1a-47.jpg 1000w\" sizes=\"auto, (max-width: 933px) 100vw, 933px\" \/><\/figure>\n\n\n\n<p>Puis un souffle. Long. Lourd.<\/p>\n\n\n\n<p>Comme si quelque chose venait de se briser\u2026 ou de se confirmer.<\/p>\n\n\n\n<p>\ud83d\udd25 Le pass\u00e9 revient\u2026 violemment<\/p>\n\n\n\n<p>Je n\u2019entendais presque plus Daniel.<\/p>\n\n\n\n<p>Parce que tout revenait.<\/p>\n\n\n\n<p>Cette nuit-l\u00e0. J\u2019avais sept ans. La maison br\u00fblait. Les murs craquaient. L\u2019air \u00e9tait irrespirable.<\/p>\n\n\n\n<p>Ma m\u00e8re criait.<br>Moi, je pleurais, coinc\u00e9e dans ma chambre.<\/p>\n\n\n\n<p>Et puis\u2026 il est apparu.<\/p>\n\n\n\n<p>Un homme.<\/p>\n\n\n\n<p>Sorti de nulle part.<\/p>\n\n\n\n<p>Le visage noirci par la fum\u00e9e. Les yeux d\u00e9termin\u00e9s.<\/p>\n\n\n\n<p>Il m\u2019avait prise contre lui, m\u2019avait envelopp\u00e9e dans une couverture et avait travers\u00e9 les flammes comme si le feu ne pouvait pas le toucher.<\/p>\n\n\n\n<p>Je me souviens avoir vu\u2026 son \u00e9paule.<\/p>\n\n\n\n<p>Cette marque.<\/p>\n\n\n\n<p>Cet aigle.<\/p>\n\n\n\n<p>Cette rose.<\/p>\n\n\n\n<p>\ud83d\ude28 Le choc insupportable<\/p>\n\n\n\n<p>Je relevai lentement les yeux vers Don Rafael.<\/p>\n\n\n\n<p>Impossible.<\/p>\n\n\n\n<p>Cet homme\u2026 paralys\u00e9\u2026 silencieux\u2026 oubli\u00e9\u2026<\/p>\n\n\n\n<p>C\u2019\u00e9tait lui.<\/p>\n\n\n\n<p>Celui qui m\u2019avait sauv\u00e9e.<\/p>\n\n\n\n<p>Celui que je n\u2019avais jamais retrouv\u00e9.<\/p>\n\n\n\n<p>Celui que je pensais\u2026 mort.<\/p>\n\n\n\n<p>Mes mains se mirent \u00e0 trembler.<\/p>\n\n\n\n<p>\u00ab Mon Dieu\u2026 \u00bb soufflai-je.<\/p>\n\n\n\n<p>\ud83d\udcde La v\u00e9rit\u00e9 commence<\/p>\n\n\n\n<p>\u00ab Je t\u2019avais pr\u00e9venue, Luc\u00eda\u2026 \u00bb dit Daniel, toujours au t\u00e9l\u00e9phone.<\/p>\n\n\n\n<p>Sa voix \u00e9tait plus dure maintenant.<\/p>\n\n\n\n<p>Plus\u2026 bless\u00e9e.<\/p>\n\n\n\n<p>\u00ab Pourquoi tu es entr\u00e9e ? \u00bb<\/p>\n\n\n\n<p>Mais cette fois\u2026 quelque chose en moi avait chang\u00e9.<\/p>\n\n\n\n<p>\u00ab Parce qu\u2019il avait besoin d\u2019aide ! \u00bb r\u00e9pondis-je, la voix bris\u00e9e.<\/p>\n\n\n\n<p>Silence.<\/p>\n\n\n\n<p>Puis je murmurais :<\/p>\n\n\n\n<p>\u00ab Et parce que\u2026 je le connais. \u00bb<\/p>\n\n\n\n<p>\u2744\ufe0f Le froid dans la voix<\/p>\n\n\n\n<p>\u00ab Non. \u00bb<\/p>\n\n\n\n<p>Un seul mot.<\/p>\n\n\n\n<p>Mais il me gla\u00e7a.<\/p>\n\n\n\n<p>\u00ab Tu ne le connais pas. \u00bb<\/p>\n\n\n\n<p>\u26a0\ufe0f Une tension qui explose<\/p>\n\n\n\n<p>Je serrai le t\u00e9l\u00e9phone.<\/p>\n\n\n\n<p>\u00ab Si\u2026 je le connais ! Il m\u2019a sauv\u00e9e quand j\u2019\u00e9tais enfant ! Il\u2014 \u00bb<\/p>\n\n\n\n<p>\u00ab ARR\u00caTE. \u00bb<\/p>\n\n\n\n<p>Il cria.<\/p>\n\n\n\n<p>Pour la premi\u00e8re fois.<\/p>\n\n\n\n<p>Et ce cri\u2026 n\u2019\u00e9tait pas de col\u00e8re.<\/p>\n\n\n\n<p>C\u2019\u00e9tait de peur.<\/p>\n\n\n\n<p>\ud83e\udde0 Le doute<\/p>\n\n\n\n<p>Je me figeai.<\/p>\n\n\n\n<p>Pourquoi avait-il peur ?<\/p>\n\n\n\n<p>Pourquoi refusait-il cette v\u00e9rit\u00e9 ?<\/p>\n\n\n\n<p>\ud83d\udd73\ufe0f Le secret<\/p>\n\n\n\n<p>\u00ab Tu ne comprends pas\u2026 \u00bb murmura-t-il.<\/p>\n\n\n\n<p>Sa voix tremblait maintenant.<\/p>\n\n\n\n<p>\u00ab Cet homme\u2026 n\u2019est pas celui que tu crois. \u00bb<\/p>\n\n\n\n<p>\ud83d\ude31 Le regard<\/p>\n\n\n\n<p>Je tournai la t\u00eate vers Don Rafael.<\/p>\n\n\n\n<p>Ses yeux \u00e9taient ouverts.<\/p>\n\n\n\n<p>Fix\u00e9s sur moi.<\/p>\n\n\n\n<p>Intenses.<\/p>\n\n\n\n<p>Presque\u2026 conscients.<\/p>\n\n\n\n<p>\ud83d\udc94 Une larme<\/p>\n\n\n\n<p>Et puis\u2026<\/p>\n\n\n\n<p>Une larme coula.<\/p>\n\n\n\n<p>Lentement.<\/p>\n\n\n\n<p>Sur sa joue.<\/p>\n\n\n\n<p>\ud83e\udde9 Tout s\u2019effondre<\/p>\n\n\n\n<p>Mon c\u0153ur se serra.<\/p>\n\n\n\n<p>Un homme paralys\u00e9\u2026 qui pleure.<\/p>\n\n\n\n<p>Un homme qui ne peut pas parler\u2026 mais qui entend tout.<\/p>\n\n\n\n<p>Un homme qui\u2026 comprend.<\/p>\n\n\n\n<p>\ud83d\udd25 La r\u00e9v\u00e9lation de Daniel<\/p>\n\n\n\n<p>\u00ab Il t\u2019a sauv\u00e9e, oui\u2026 \u00bb dit Daniel, d\u2019une voix plus basse.<\/p>\n\n\n\n<p>\u00ab Mais tu ne sais pas pourquoi. \u00bb<\/p>\n\n\n\n<p>\ud83d\ude28 Le silence<\/p>\n\n\n\n<p>Mon sang se gla\u00e7a.<\/p>\n\n\n\n<p>\u00ab Qu\u2019est-ce que tu veux dire\u2026 ? \u00bb<\/p>\n\n\n\n<p>\ud83d\udca5 La v\u00e9rit\u00e9 brutale<\/p>\n\n\n\n<p>\u00ab Cet incendie\u2026 n\u2019\u00e9tait pas un accident. \u00bb<\/p>\n\n\n\n<p>\ud83e\udec0 Le c\u0153ur qui s\u2019arr\u00eate<\/p>\n\n\n\n<p>Le monde s\u2019arr\u00eata une deuxi\u00e8me fois.<\/p>\n\n\n\n<p>\u00ab Non\u2026 \u00bb<\/p>\n\n\n\n<p>\u26a1 Le choc final<\/p>\n\n\n\n<p>\u00ab Mon p\u00e8re \u00e9tait l\u00e0 cette nuit-l\u00e0\u2026 \u00bb continua Daniel.<\/p>\n\n\n\n<p>\u00ab Mais pas comme un h\u00e9ros. \u00bb<\/p>\n\n\n\n<p>\ud83d\ude31 L\u2019impossible<\/p>\n\n\n\n<p>\u00ab Il travaillait pour des gens dangereux\u2026 \u00bb<\/p>\n\n\n\n<p>\u00ab Cette maison\u2026 c\u2019\u00e9tait une cible. \u00bb<\/p>\n\n\n\n<p>\ud83d\udc94 La contradiction<\/p>\n\n\n\n<p>Je secouai la t\u00eate.<\/p>\n\n\n\n<p>\u00ab Non\u2026 c\u2019est impossible\u2026 il m\u2019a sauv\u00e9e\u2026 \u00bb<\/p>\n\n\n\n<p>\ud83e\udde0 La v\u00e9rit\u00e9 la plus dure<\/p>\n\n\n\n<p>\u00ab Oui. \u00bb<\/p>\n\n\n\n<p>Un silence.<\/p>\n\n\n\n<p>Puis :<\/p>\n\n\n\n<p>\u00ab Parce qu\u2019il n\u2019\u00e9tait pas cens\u00e9 y avoir d\u2019enfant \u00e0 l\u2019int\u00e9rieur. \u00bb<\/p>\n\n\n\n<p>\ud83d\udd73\ufe0f Le vide<\/p>\n\n\n\n<p>Tout se brisa.<\/p>\n\n\n\n<p>D\u2019un coup.<\/p>\n\n\n\n<p>\ud83d\ude22 Une double r\u00e9alit\u00e9<\/p>\n\n\n\n<p>L\u2019homme qui m\u2019avait sauv\u00e9e\u2026<\/p>\n\n\n\n<p>\u00c9tait aussi celui qui avait caus\u00e9 le feu.<\/p>\n\n\n\n<p>Le h\u00e9ros.<\/p>\n\n\n\n<p>Et le monstre.<\/p>\n\n\n\n<p>\ud83d\udd6f\ufe0f Le regard final<\/p>\n\n\n\n<p>Je tombai \u00e0 genoux.<\/p>\n\n\n\n<p>Encore.<\/p>\n\n\n\n<p>Mais cette fois\u2026 pas de choc.<\/p>\n\n\n\n<p>De douleur.<\/p>\n\n\n\n<p>\ud83d\udcad Une question qui d\u00e9truit<\/p>\n\n\n\n<p>Peut-on remercier quelqu\u2019un\u2026<br>qui vous a sauv\u00e9\u2026<\/p>\n\n\n\n<p>d\u2019un danger qu\u2019il a lui-m\u00eame cr\u00e9\u00e9 ?<\/p>\n\n\n\n<p>\u2764\ufe0f Et maintenant\u2026<\/p>\n\n\n\n<p>Don Rafael pleurait.<\/p>\n\n\n\n<p>En silence.<\/p>\n\n\n\n<p>Comme s\u2019il portait ce poids depuis des ann\u00e9es.<\/p>\n\n\n\n<p>Comme s\u2019il attendait\u2026 ce moment.<\/p>\n\n\n\n<p>\ud83d\udd25 La fin\u2026 ou le d\u00e9but ?<\/p>\n\n\n\n<p>Je compris alors pourquoi Daniel m\u2019avait interdit cette chambre.<\/p>\n\n\n\n<p>Ce n\u2019\u00e9tait pas pour me prot\u00e9ger de lui.<\/p>\n\n\n\n<p>C\u2019\u00e9tait pour me prot\u00e9ger de la v\u00e9rit\u00e9.<\/p>\n\n\n\n<p>\ud83d\udcac Et toi\u2026<\/p>\n\n\n\n<p>Si tu d\u00e9couvrais que ton sauveur est aussi la raison de ton pire cauchemar\u2026<\/p>\n\n\n\n<p>Que ferais-tu ?<\/p>\n\n\n\n<p>Tu partirais\u2026<\/p>\n\n\n\n<p>Ou tu resterais\u2026 pour comprendre ?<\/p>\n","protected":false},"excerpt":{"rendered":"Sa voix \u00e9tait basse. Froide. Tranchante comme une lame qu\u2019on n\u2019avait jamais vue venir. Mon c\u0153ur s\u2019arr\u00eata. Pendant une seconde, je ne respirais \n<a class=\"moretag\" href=\"https:\/\/gazeta.am\/?p=1054\"> [...]<\/a>","protected":false},"author":1,"featured_media":1055,"comment_status":"open","ping_status":"open","sticky":false,"template":"","format":"standard","meta":{"footnotes":""},"categories":[1],"tags":[],"class_list":["post-1054","post","type-post","status-publish","format-standard","has-post-thumbnail","hentry","category-1"],"yoast_head":"<!-- This site is optimized with the Yoast SEO plugin v27.4 - https:\/\/yoast.com\/product\/yoast-seo-wordpress\/ -->\n<title>\u00ab Tu es dans la chambre de mon p\u00e8re\u2026 n\u2019est-ce pas ? \u00bb -<\/title>\n<meta name=\"robots\" content=\"index, follow, max-snippet:-1, max-image-preview:large, max-video-preview:-1\" \/>\n<link rel=\"canonical\" href=\"https:\/\/gazeta.am\/?p=1054\" \/>\n<meta property=\"og:locale\" content=\"ru_RU\" \/>\n<meta property=\"og:type\" content=\"article\" \/>\n<meta property=\"og:title\" content=\"\u00ab Tu es dans la chambre de mon p\u00e8re\u2026 n\u2019est-ce pas ? \u00bb -\" \/>\n<meta property=\"og:description\" content=\"Sa voix \u00e9tait basse. Froide. Tranchante comme une lame qu\u2019on n\u2019avait jamais vue venir. Mon c\u0153ur s\u2019arr\u00eata. Pendant une seconde, je ne respirais\" \/>\n<meta property=\"og:url\" content=\"https:\/\/gazeta.am\/?p=1054\" \/>\n<meta property=\"article:published_time\" content=\"2026-03-25T05:02:34+00:00\" \/>\n<meta property=\"article:modified_time\" content=\"2026-03-25T05:02:37+00:00\" \/>\n<meta property=\"og:image\" content=\"https:\/\/gazeta.am\/wp-content\/uploads\/2026\/03\/1a-47.jpg\" \/>\n\t<meta property=\"og:image:width\" content=\"1000\" \/>\n\t<meta property=\"og:image:height\" content=\"1097\" \/>\n\t<meta property=\"og:image:type\" content=\"image\/jpeg\" \/>\n<meta name=\"author\" content=\"admin\" \/>\n<meta name=\"twitter:card\" content=\"summary_large_image\" \/>\n<meta name=\"twitter:label1\" content=\"\u041d\u0430\u043f\u0438\u0441\u0430\u043d\u043e \u0430\u0432\u0442\u043e\u0440\u043e\u043c\" \/>\n\t<meta name=\"twitter:data1\" content=\"admin\" \/>\n\t<meta name=\"twitter:label2\" content=\"\u041f\u0440\u0438\u043c\u0435\u0440\u043d\u043e\u0435 \u0432\u0440\u0435\u043c\u044f \u0434\u043b\u044f \u0447\u0442\u0435\u043d\u0438\u044f\" \/>\n\t<meta name=\"twitter:data2\" content=\"5 \u043c\u0438\u043d\u0443\u0442\" \/>\n<script type=\"application\/ld+json\" class=\"yoast-schema-graph\">{\"@context\":\"https:\\\/\\\/schema.org\",\"@graph\":[{\"@type\":\"Article\",\"@id\":\"https:\\\/\\\/gazeta.am\\\/?p=1054#article\",\"isPartOf\":{\"@id\":\"https:\\\/\\\/gazeta.am\\\/?p=1054\"},\"author\":{\"name\":\"admin\",\"@id\":\"https:\\\/\\\/gazeta.am\\\/#\\\/schema\\\/person\\\/987709955e760c9a1ebbb44776f8cccc\"},\"headline\":\"\u00ab Tu es dans la chambre de mon p\u00e8re\u2026 n\u2019est-ce pas ? \u00bb\",\"datePublished\":\"2026-03-25T05:02:34+00:00\",\"dateModified\":\"2026-03-25T05:02:37+00:00\",\"mainEntityOfPage\":{\"@id\":\"https:\\\/\\\/gazeta.am\\\/?p=1054\"},\"wordCount\":784,\"commentCount\":0,\"image\":{\"@id\":\"https:\\\/\\\/gazeta.am\\\/?p=1054#primaryimage\"},\"thumbnailUrl\":\"https:\\\/\\\/gazeta.am\\\/wp-content\\\/uploads\\\/2026\\\/03\\\/1a-47.jpg\",\"articleSection\":[\"NEWS\"],\"inLanguage\":\"ru-RU\",\"potentialAction\":[{\"@type\":\"CommentAction\",\"name\":\"Comment\",\"target\":[\"https:\\\/\\\/gazeta.am\\\/?p=1054#respond\"]}]},{\"@type\":\"WebPage\",\"@id\":\"https:\\\/\\\/gazeta.am\\\/?p=1054\",\"url\":\"https:\\\/\\\/gazeta.am\\\/?p=1054\",\"name\":\"\u00ab Tu es dans la chambre de mon p\u00e8re\u2026 n\u2019est-ce pas ? \u00bb -\",\"isPartOf\":{\"@id\":\"https:\\\/\\\/gazeta.am\\\/#website\"},\"primaryImageOfPage\":{\"@id\":\"https:\\\/\\\/gazeta.am\\\/?p=1054#primaryimage\"},\"image\":{\"@id\":\"https:\\\/\\\/gazeta.am\\\/?p=1054#primaryimage\"},\"thumbnailUrl\":\"https:\\\/\\\/gazeta.am\\\/wp-content\\\/uploads\\\/2026\\\/03\\\/1a-47.jpg\",\"datePublished\":\"2026-03-25T05:02:34+00:00\",\"dateModified\":\"2026-03-25T05:02:37+00:00\",\"author\":{\"@id\":\"https:\\\/\\\/gazeta.am\\\/#\\\/schema\\\/person\\\/987709955e760c9a1ebbb44776f8cccc\"},\"breadcrumb\":{\"@id\":\"https:\\\/\\\/gazeta.am\\\/?p=1054#breadcrumb\"},\"inLanguage\":\"ru-RU\",\"potentialAction\":[{\"@type\":\"ReadAction\",\"target\":[\"https:\\\/\\\/gazeta.am\\\/?p=1054\"]}]},{\"@type\":\"ImageObject\",\"inLanguage\":\"ru-RU\",\"@id\":\"https:\\\/\\\/gazeta.am\\\/?p=1054#primaryimage\",\"url\":\"https:\\\/\\\/gazeta.am\\\/wp-content\\\/uploads\\\/2026\\\/03\\\/1a-47.jpg\",\"contentUrl\":\"https:\\\/\\\/gazeta.am\\\/wp-content\\\/uploads\\\/2026\\\/03\\\/1a-47.jpg\",\"width\":1000,\"height\":1097},{\"@type\":\"BreadcrumbList\",\"@id\":\"https:\\\/\\\/gazeta.am\\\/?p=1054#breadcrumb\",\"itemListElement\":[{\"@type\":\"ListItem\",\"position\":1,\"name\":\"\u0413\u043b\u0430\u0432\u043d\u0430\u044f \u0441\u0442\u0440\u0430\u043d\u0438\u0446\u0430\",\"item\":\"https:\\\/\\\/gazeta.am\\\/\"},{\"@type\":\"ListItem\",\"position\":2,\"name\":\"\u00ab Tu es dans la chambre de mon p\u00e8re\u2026 n\u2019est-ce pas ? \u00bb\"}]},{\"@type\":\"WebSite\",\"@id\":\"https:\\\/\\\/gazeta.am\\\/#website\",\"url\":\"https:\\\/\\\/gazeta.am\\\/\",\"name\":\"\",\"description\":\"\",\"potentialAction\":[{\"@type\":\"SearchAction\",\"target\":{\"@type\":\"EntryPoint\",\"urlTemplate\":\"https:\\\/\\\/gazeta.am\\\/?s={search_term_string}\"},\"query-input\":{\"@type\":\"PropertyValueSpecification\",\"valueRequired\":true,\"valueName\":\"search_term_string\"}}],\"inLanguage\":\"ru-RU\"},{\"@type\":\"Person\",\"@id\":\"https:\\\/\\\/gazeta.am\\\/#\\\/schema\\\/person\\\/987709955e760c9a1ebbb44776f8cccc\",\"name\":\"admin\",\"image\":{\"@type\":\"ImageObject\",\"inLanguage\":\"ru-RU\",\"@id\":\"https:\\\/\\\/secure.gravatar.com\\\/avatar\\\/a24f4ac3a683f3c87303db525abc00db51ea26ccedee11dfaf1cc0f9a481a5d2?s=96&d=mm&r=g\",\"url\":\"https:\\\/\\\/secure.gravatar.com\\\/avatar\\\/a24f4ac3a683f3c87303db525abc00db51ea26ccedee11dfaf1cc0f9a481a5d2?s=96&d=mm&r=g\",\"contentUrl\":\"https:\\\/\\\/secure.gravatar.com\\\/avatar\\\/a24f4ac3a683f3c87303db525abc00db51ea26ccedee11dfaf1cc0f9a481a5d2?s=96&d=mm&r=g\",\"caption\":\"admin\"},\"sameAs\":[\"http:\\\/\\\/gazeta.am\"],\"url\":\"https:\\\/\\\/gazeta.am\\\/?author=1\"}]}<\/script>\n<!-- \/ Yoast SEO plugin. -->","yoast_head_json":{"title":"\u00ab Tu es dans la chambre de mon p\u00e8re\u2026 n\u2019est-ce pas ? \u00bb -","robots":{"index":"index","follow":"follow","max-snippet":"max-snippet:-1","max-image-preview":"max-image-preview:large","max-video-preview":"max-video-preview:-1"},"canonical":"https:\/\/gazeta.am\/?p=1054","og_locale":"ru_RU","og_type":"article","og_title":"\u00ab Tu es dans la chambre de mon p\u00e8re\u2026 n\u2019est-ce pas ? \u00bb -","og_description":"Sa voix \u00e9tait basse. Froide. Tranchante comme une lame qu\u2019on n\u2019avait jamais vue venir. Mon c\u0153ur s\u2019arr\u00eata. Pendant une seconde, je ne respirais","og_url":"https:\/\/gazeta.am\/?p=1054","article_published_time":"2026-03-25T05:02:34+00:00","article_modified_time":"2026-03-25T05:02:37+00:00","og_image":[{"width":1000,"height":1097,"url":"https:\/\/gazeta.am\/wp-content\/uploads\/2026\/03\/1a-47.jpg","type":"image\/jpeg"}],"author":"admin","twitter_card":"summary_large_image","twitter_misc":{"\u041d\u0430\u043f\u0438\u0441\u0430\u043d\u043e \u0430\u0432\u0442\u043e\u0440\u043e\u043c":"admin","\u041f\u0440\u0438\u043c\u0435\u0440\u043d\u043e\u0435 \u0432\u0440\u0435\u043c\u044f \u0434\u043b\u044f \u0447\u0442\u0435\u043d\u0438\u044f":"5 \u043c\u0438\u043d\u0443\u0442"},"schema":{"@context":"https:\/\/schema.org","@graph":[{"@type":"Article","@id":"https:\/\/gazeta.am\/?p=1054#article","isPartOf":{"@id":"https:\/\/gazeta.am\/?p=1054"},"author":{"name":"admin","@id":"https:\/\/gazeta.am\/#\/schema\/person\/987709955e760c9a1ebbb44776f8cccc"},"headline":"\u00ab Tu es dans la chambre de mon p\u00e8re\u2026 n\u2019est-ce pas ? \u00bb","datePublished":"2026-03-25T05:02:34+00:00","dateModified":"2026-03-25T05:02:37+00:00","mainEntityOfPage":{"@id":"https:\/\/gazeta.am\/?p=1054"},"wordCount":784,"commentCount":0,"image":{"@id":"https:\/\/gazeta.am\/?p=1054#primaryimage"},"thumbnailUrl":"https:\/\/gazeta.am\/wp-content\/uploads\/2026\/03\/1a-47.jpg","articleSection":["NEWS"],"inLanguage":"ru-RU","potentialAction":[{"@type":"CommentAction","name":"Comment","target":["https:\/\/gazeta.am\/?p=1054#respond"]}]},{"@type":"WebPage","@id":"https:\/\/gazeta.am\/?p=1054","url":"https:\/\/gazeta.am\/?p=1054","name":"\u00ab Tu es dans la chambre de mon p\u00e8re\u2026 n\u2019est-ce pas ? \u00bb -","isPartOf":{"@id":"https:\/\/gazeta.am\/#website"},"primaryImageOfPage":{"@id":"https:\/\/gazeta.am\/?p=1054#primaryimage"},"image":{"@id":"https:\/\/gazeta.am\/?p=1054#primaryimage"},"thumbnailUrl":"https:\/\/gazeta.am\/wp-content\/uploads\/2026\/03\/1a-47.jpg","datePublished":"2026-03-25T05:02:34+00:00","dateModified":"2026-03-25T05:02:37+00:00","author":{"@id":"https:\/\/gazeta.am\/#\/schema\/person\/987709955e760c9a1ebbb44776f8cccc"},"breadcrumb":{"@id":"https:\/\/gazeta.am\/?p=1054#breadcrumb"},"inLanguage":"ru-RU","potentialAction":[{"@type":"ReadAction","target":["https:\/\/gazeta.am\/?p=1054"]}]},{"@type":"ImageObject","inLanguage":"ru-RU","@id":"https:\/\/gazeta.am\/?p=1054#primaryimage","url":"https:\/\/gazeta.am\/wp-content\/uploads\/2026\/03\/1a-47.jpg","contentUrl":"https:\/\/gazeta.am\/wp-content\/uploads\/2026\/03\/1a-47.jpg","width":1000,"height":1097},{"@type":"BreadcrumbList","@id":"https:\/\/gazeta.am\/?p=1054#breadcrumb","itemListElement":[{"@type":"ListItem","position":1,"name":"\u0413\u043b\u0430\u0432\u043d\u0430\u044f \u0441\u0442\u0440\u0430\u043d\u0438\u0446\u0430","item":"https:\/\/gazeta.am\/"},{"@type":"ListItem","position":2,"name":"\u00ab Tu es dans la chambre de mon p\u00e8re\u2026 n\u2019est-ce pas ? \u00bb"}]},{"@type":"WebSite","@id":"https:\/\/gazeta.am\/#website","url":"https:\/\/gazeta.am\/","name":"","description":"","potentialAction":[{"@type":"SearchAction","target":{"@type":"EntryPoint","urlTemplate":"https:\/\/gazeta.am\/?s={search_term_string}"},"query-input":{"@type":"PropertyValueSpecification","valueRequired":true,"valueName":"search_term_string"}}],"inLanguage":"ru-RU"},{"@type":"Person","@id":"https:\/\/gazeta.am\/#\/schema\/person\/987709955e760c9a1ebbb44776f8cccc","name":"admin","image":{"@type":"ImageObject","inLanguage":"ru-RU","@id":"https:\/\/secure.gravatar.com\/avatar\/a24f4ac3a683f3c87303db525abc00db51ea26ccedee11dfaf1cc0f9a481a5d2?s=96&d=mm&r=g","url":"https:\/\/secure.gravatar.com\/avatar\/a24f4ac3a683f3c87303db525abc00db51ea26ccedee11dfaf1cc0f9a481a5d2?s=96&d=mm&r=g","contentUrl":"https:\/\/secure.gravatar.com\/avatar\/a24f4ac3a683f3c87303db525abc00db51ea26ccedee11dfaf1cc0f9a481a5d2?s=96&d=mm&r=g","caption":"admin"},"sameAs":["http:\/\/gazeta.am"],"url":"https:\/\/gazeta.am\/?author=1"}]}},"_links":{"self":[{"href":"https:\/\/gazeta.am\/index.php?rest_route=\/wp\/v2\/posts\/1054","targetHints":{"allow":["GET"]}}],"collection":[{"href":"https:\/\/gazeta.am\/index.php?rest_route=\/wp\/v2\/posts"}],"about":[{"href":"https:\/\/gazeta.am\/index.php?rest_route=\/wp\/v2\/types\/post"}],"author":[{"embeddable":true,"href":"https:\/\/gazeta.am\/index.php?rest_route=\/wp\/v2\/users\/1"}],"replies":[{"embeddable":true,"href":"https:\/\/gazeta.am\/index.php?rest_route=%2Fwp%2Fv2%2Fcomments&post=1054"}],"version-history":[{"count":1,"href":"https:\/\/gazeta.am\/index.php?rest_route=\/wp\/v2\/posts\/1054\/revisions"}],"predecessor-version":[{"id":1056,"href":"https:\/\/gazeta.am\/index.php?rest_route=\/wp\/v2\/posts\/1054\/revisions\/1056"}],"wp:featuredmedia":[{"embeddable":true,"href":"https:\/\/gazeta.am\/index.php?rest_route=\/wp\/v2\/media\/1055"}],"wp:attachment":[{"href":"https:\/\/gazeta.am\/index.php?rest_route=%2Fwp%2Fv2%2Fmedia&parent=1054"}],"wp:term":[{"taxonomy":"category","embeddable":true,"href":"https:\/\/gazeta.am\/index.php?rest_route=%2Fwp%2Fv2%2Fcategories&post=1054"},{"taxonomy":"post_tag","embeddable":true,"href":"https:\/\/gazeta.am\/index.php?rest_route=%2Fwp%2Fv2%2Ftags&post=1054"}],"curies":[{"name":"wp","href":"https:\/\/api.w.org\/{rel}","templated":true}]}}