{"id":1039,"date":"2026-03-25T01:39:59","date_gmt":"2026-03-24T22:39:59","guid":{"rendered":"https:\/\/gazeta.am\/?p=1039"},"modified":"2026-03-25T01:40:00","modified_gmt":"2026-03-24T22:40:00","slug":"je-ne-suis-pas-venu-ici-pour-discuter","status":"publish","type":"post","link":"https:\/\/gazeta.am\/?p=1039","title":{"rendered":"\u00ab Je ne suis pas venu ici pour discuter\u2026 \u00bb"},"content":{"rendered":"\n<p>Sa voix \u00e9tait calme. Trop calme.<\/p>\n\n\n\n<p>\u00ab Je suis juste venu pour parler. \u00bb<\/p>\n\n\n\n<p>Et \u00e0 cet instant pr\u00e9cis, j\u2019ai compris que quelque chose n\u2019allait pas du tout.<\/p>\n\n\n\n<p>Parce qu\u2019on ne dispara\u00eet pas pendant trois ans\u2026<br>On ne refait pas sa vie avec une autre femme\u2026<br>On ne revient pas frapper \u00e0 la porte comme si de rien n\u2019\u00e9tait\u2026<\/p>\n\n\n\n<p>Juste pour parler.<\/p>\n\n\n\n<p>\ud83d\udeaa Le coup \u00e0 la porte<\/p>\n\n\n\n<p>Il \u00e9tait 18h47.<\/p>\n\n\n\n<p>Je m\u2019en souviens parfaitement.<\/p>\n\n\n\n<figure class=\"wp-block-image size-full\"><img loading=\"lazy\" decoding=\"async\" width=\"997\" height=\"612\" src=\"https:\/\/gazeta.am\/wp-content\/uploads\/2026\/03\/1a-42.jpg\" alt=\"\" class=\"wp-image-1040\" srcset=\"https:\/\/gazeta.am\/wp-content\/uploads\/2026\/03\/1a-42.jpg 997w, https:\/\/gazeta.am\/wp-content\/uploads\/2026\/03\/1a-42-300x184.jpg 300w, https:\/\/gazeta.am\/wp-content\/uploads\/2026\/03\/1a-42-768x471.jpg 768w\" sizes=\"auto, (max-width: 997px) 100vw, 997px\" \/><\/figure>\n\n\n\n<p>La lumi\u00e8re du soir glissait doucement sur les murs du salon, et je venais tout juste de m\u2019asseoir avec une tasse de th\u00e9 encore fumante. Une journ\u00e9e ordinaire. Calme. Presque trop calme.<\/p>\n\n\n\n<p>Puis\u2026 toc toc.<\/p>\n\n\n\n<p>Un coup \u00e0 la porte.<\/p>\n\n\n\n<p>Simple. Sec.<\/p>\n\n\n\n<p>Mais quelque chose dans ce son m\u2019a imm\u00e9diatement fig\u00e9e.<\/p>\n\n\n\n<p>Je ne sais pas pourquoi.<\/p>\n\n\n\n<p>Peut-\u00eatre l\u2019intuition.<\/p>\n\n\n\n<p>Peut-\u00eatre la m\u00e9moire du corps, celle qui reconna\u00eet avant m\u00eame que l\u2019esprit comprenne.<\/p>\n\n\n\n<p>Je me suis lev\u00e9e lentement.<\/p>\n\n\n\n<p>Chaque pas vers la porte me semblait\u2026 lourd.<\/p>\n\n\n\n<p>Comme si quelque chose, au fond de moi, essayait de me retenir.<\/p>\n\n\n\n<p>\ud83d\ude28 Le visage du pass\u00e9<\/p>\n\n\n\n<p>J\u2019ai ouvert.<\/p>\n\n\n\n<p>Et le monde s\u2019est arr\u00eat\u00e9.<\/p>\n\n\n\n<p>C\u2019\u00e9tait lui.<\/p>\n\n\n\n<p>M\u00eame regard.<br>M\u00eame posture.<br>M\u00eame silence.<\/p>\n\n\n\n<p>Trois ans.<\/p>\n\n\n\n<p>Trois ans sans un mot.<br>Sans une explication.<br>Sans une lettre.<\/p>\n\n\n\n<p>Disparu.<\/p>\n\n\n\n<p>Comme s\u2019il n\u2019avait jamais exist\u00e9.<\/p>\n\n\n\n<p>Et pourtant\u2026 il \u00e9tait l\u00e0.<\/p>\n\n\n\n<p>Devant moi.<\/p>\n\n\n\n<p>Bien r\u00e9el.<\/p>\n\n\n\n<p>\ud83d\udc94 Trois ans de silence<\/p>\n\n\n\n<p>Pendant trois ans, j\u2019avais tout imagin\u00e9.<\/p>\n\n\n\n<p>Un accident.<br>Une fuite.<br>Une trahison.<\/p>\n\n\n\n<p>J\u2019avais pleur\u00e9. Cri\u00e9. Suppli\u00e9 dans le vide.<\/p>\n\n\n\n<p>Puis\u2026 j\u2019avais appris \u00e0 vivre avec l\u2019absence.<\/p>\n\n\n\n<p>\u00c0 respirer sans lui.<\/p>\n\n\n\n<p>\u00c0 reconstruire quelque chose, morceau par morceau.<\/p>\n\n\n\n<p>M\u00eame si certaines nuits restaient impossibles.<\/p>\n\n\n\n<p>M\u00eame si certaines questions n\u2019avaient jamais trouv\u00e9 de r\u00e9ponse.<\/p>\n\n\n\n<p>\ud83d\udc41\ufe0f Et derri\u00e8re lui\u2026<\/p>\n\n\n\n<p>Mais ce n\u2019est pas lui qui m\u2019a le plus choqu\u00e9e.<\/p>\n\n\n\n<p>C\u2019est ce que j\u2019ai vu\u2026 juste derri\u00e8re son \u00e9paule.<\/p>\n\n\n\n<p>Une femme.<\/p>\n\n\n\n<p>Jeune. Silencieuse. \u00c9l\u00e9gante.<\/p>\n\n\n\n<p>Elle ne disait rien.<\/p>\n\n\n\n<p>Elle observait.<\/p>\n\n\n\n<p>Et dans ses yeux\u2026 il n\u2019y avait ni g\u00eane, ni honte.<\/p>\n\n\n\n<p>Juste une certitude froide.<\/p>\n\n\n\n<p>\u26a0\ufe0f La tension<\/p>\n\n\n\n<p>\u00ab Tu vas me laisser entrer ? \u00bb<\/p>\n\n\n\n<p>Sa voix brisa le silence.<\/p>\n\n\n\n<p>Je ne r\u00e9pondis pas imm\u00e9diatement.<\/p>\n\n\n\n<p>Mon c\u0153ur battait si fort que j\u2019avais du mal \u00e0 respirer.<\/p>\n\n\n\n<p>\u00ab Pourquoi es-tu l\u00e0 ? \u00bb demandai-je enfin.<\/p>\n\n\n\n<p>C\u2019est l\u00e0 qu\u2019il a dit cette phrase.<\/p>\n\n\n\n<p>Celle qui allait tout changer.<\/p>\n\n\n\n<p>\u00ab Je ne suis pas venu ici pour discuter. Je suis juste venu pour parler. \u00bb<\/p>\n\n\n\n<p>\ud83e\uddca Le froid<\/p>\n\n\n\n<p>Ces mots\u2026<\/p>\n\n\n\n<p>Ils n\u2019avaient aucun sens.<\/p>\n\n\n\n<p>Ou plut\u00f4t\u2026 ils en avaient trop.<\/p>\n\n\n\n<p>Ils \u00e9taient calcul\u00e9s. Ma\u00eetris\u00e9s. Distants.<\/p>\n\n\n\n<p>Comme s\u2019il avait r\u00e9p\u00e9t\u00e9 cette phrase des dizaines de fois avant de venir.<\/p>\n\n\n\n<p>Comme s\u2019il savait exactement ce qu\u2019il faisait.<\/p>\n\n\n\n<p>\ud83d\udeb6\u200d\u2642\ufe0f Il entre<\/p>\n\n\n\n<p>Sans attendre mon accord, il fit un pas en avant.<\/p>\n\n\n\n<p>Puis un autre.<\/p>\n\n\n\n<p>Et entra dans la maison.<\/p>\n\n\n\n<p>Comme si c\u2019\u00e9tait toujours chez lui.<\/p>\n\n\n\n<p>Comme si rien n\u2019avait chang\u00e9.<\/p>\n\n\n\n<p>La femme le suivit.<\/p>\n\n\n\n<p>Silencieuse.<\/p>\n\n\n\n<p>Toujours.<\/p>\n\n\n\n<p>\ud83d\udd6f\ufe0f Les souvenirs<\/p>\n\n\n\n<p>Chaque objet autour de moi semblait vibrer.<\/p>\n\n\n\n<p>Le canap\u00e9 o\u00f9 nous avions ri.<br>La table o\u00f9 nous avions mang\u00e9.<br>Le mur o\u00f9 \u00e9taient encore accroch\u00e9es certaines photos\u2026<\/p>\n\n\n\n<p>Des morceaux de nous.<\/p>\n\n\n\n<p>Ou plut\u00f4t\u2026 de ce que je croyais \u00eatre \u00ab nous \u00bb.<\/p>\n\n\n\n<p>\ud83d\udcac Le face-\u00e0-face<\/p>\n\n\n\n<p>\u00ab Tu pourrais au moins expliquer \u00bb, dis-je, la voix tremblante.<\/p>\n\n\n\n<p>Il s\u2019arr\u00eata.<\/p>\n\n\n\n<p>Se tourna vers moi.<\/p>\n\n\n\n<p>Et pendant une seconde\u2026<\/p>\n\n\n\n<p>J\u2019ai cherch\u00e9 l\u2019homme que j\u2019aimais.<\/p>\n\n\n\n<p>Mais je ne l\u2019ai pas trouv\u00e9.<\/p>\n\n\n\n<p>\ud83e\udde0 Une autre personne<\/p>\n\n\n\n<p>Son regard \u00e9tait diff\u00e9rent.<\/p>\n\n\n\n<p>Plus dur.<\/p>\n\n\n\n<p>Plus froid.<\/p>\n\n\n\n<p>Comme si quelque chose en lui s\u2019\u00e9tait \u00e9teint.<\/p>\n\n\n\n<p>\u00ab Ce n\u2019est pas pour \u00e7a que je suis l\u00e0. \u00bb<\/p>\n\n\n\n<p>\u26a1 L\u2019explosion int\u00e9rieure<\/p>\n\n\n\n<p>Pas pour expliquer ?<\/p>\n\n\n\n<p>Pas pour s\u2019excuser ?<\/p>\n\n\n\n<p>Pas pour r\u00e9parer ?<\/p>\n\n\n\n<p>Alors pourquoi ?<\/p>\n\n\n\n<p>Pourquoi revenir apr\u00e8s trois ans ?<\/p>\n\n\n\n<p>Pourquoi rouvrir une blessure que j\u2019avais mis des ann\u00e9es \u00e0 refermer ?<\/p>\n\n\n\n<p>\ud83d\udc40 La femme parle enfin<\/p>\n\n\n\n<p>\u00ab Nous ne resterons pas longtemps \u00bb, dit-elle doucement.<\/p>\n\n\n\n<p>Sa voix \u00e9tait pos\u00e9e.<\/p>\n\n\n\n<p>Presque apaisante.<\/p>\n\n\n\n<p>Mais \u00e7a ne faisait qu\u2019aggraver la situation.<\/p>\n\n\n\n<p>Nous ?<\/p>\n\n\n\n<p>Ce mot me transper\u00e7a.<\/p>\n\n\n\n<p>\ud83e\udde9 Les pi\u00e8ces du puzzle<\/p>\n\n\n\n<p>Je commen\u00e7ais \u00e0 comprendre.<\/p>\n\n\n\n<p>Ils n\u2019\u00e9taient pas l\u00e0 par hasard.<\/p>\n\n\n\n<p>Ce n\u2019\u00e9tait pas une visite improvis\u00e9e.<\/p>\n\n\n\n<p>C\u2019\u00e9tait planifi\u00e9.<\/p>\n\n\n\n<p>Pr\u00e9cis.<\/p>\n\n\n\n<p>Et moi\u2026 j\u2019\u00e9tais la derni\u00e8re \u00e0 comprendre pourquoi.<\/p>\n\n\n\n<p>\ud83d\udcc4 La v\u00e9rit\u00e9<\/p>\n\n\n\n<p>Il sortit une enveloppe.<\/p>\n\n\n\n<p>La posa sur la table.<\/p>\n\n\n\n<p>Sans un mot.<\/p>\n\n\n\n<p>Je la regardai.<\/p>\n\n\n\n<p>Sans la toucher.<\/p>\n\n\n\n<p>\u00ab Qu\u2019est-ce que c\u2019est ? \u00bb<\/p>\n\n\n\n<p>\ud83e\udde8 Le choc<\/p>\n\n\n\n<p>\u00ab Ouvre. \u00bb<\/p>\n\n\n\n<p>Juste un mot.<\/p>\n\n\n\n<p>Froid.<\/p>\n\n\n\n<p>Direct.<\/p>\n\n\n\n<p>J\u2019ob\u00e9is.<\/p>\n\n\n\n<p>Mes mains tremblaient.<\/p>\n\n\n\n<p>Je sortis les papiers.<\/p>\n\n\n\n<p>Et en quelques secondes\u2026<\/p>\n\n\n\n<p>Tout s\u2019effondra.<\/p>\n\n\n\n<p>\ud83d\udca5 La r\u00e9v\u00e9lation<\/p>\n\n\n\n<p>Ce n\u2019\u00e9tait pas une lettre.<\/p>\n\n\n\n<p>C\u2019\u00e9tait des documents.<\/p>\n\n\n\n<p>Officiels.<\/p>\n\n\n\n<p>L\u00e9gaux.<\/p>\n\n\n\n<p>Des signatures.<\/p>\n\n\n\n<p>Des dates.<\/p>\n\n\n\n<p>Des preuves.<\/p>\n\n\n\n<p>\ud83d\ude31 Ce qu\u2019il avait fait<\/p>\n\n\n\n<p>Pendant ces trois ann\u00e9es\u2026<\/p>\n\n\n\n<p>Il ne s\u2019\u00e9tait pas content\u00e9 de dispara\u00eetre.<\/p>\n\n\n\n<p>Il avait refait sa vie.<\/p>\n\n\n\n<p>Compl\u00e8tement.<\/p>\n\n\n\n<p>L\u00e9galement.<\/p>\n\n\n\n<p>Avec elle.<\/p>\n\n\n\n<p>\ud83d\udc94 Mais le pire\u2026<\/p>\n\n\n\n<p>Le pire n\u2019\u00e9tait pas \u00e7a.<\/p>\n\n\n\n<p>Non.<\/p>\n\n\n\n<p>Le pire\u2026<\/p>\n\n\n\n<p>C\u2019est qu\u2019il avait aussi r\u00e9gl\u00e9 tout ce qui me concernait.<\/p>\n\n\n\n<p>Sans moi.<\/p>\n\n\n\n<p>\u2696\ufe0f Une d\u00e9cision unilat\u00e9rale<\/p>\n\n\n\n<p>Des comptes ferm\u00e9s.<br>Des biens transf\u00e9r\u00e9s.<br>Des d\u00e9cisions prises en mon absence.<\/p>\n\n\n\n<p>Comme si je n\u2019existais plus.<\/p>\n\n\n\n<p>Comme si j\u2019avais \u00e9t\u00e9\u2026 effac\u00e9e.<\/p>\n\n\n\n<p>\ud83d\ude28 La respiration coup\u00e9e<\/p>\n\n\n\n<p>\u00ab Tu n\u2019avais pas le droit\u2026 \u00bb murmu<\/p>\n","protected":false},"excerpt":{"rendered":"Sa voix \u00e9tait calme. Trop calme. \u00ab Je suis juste venu pour parler. \u00bb Et \u00e0 cet instant pr\u00e9cis, j\u2019ai compris que quelque \n<a class=\"moretag\" href=\"https:\/\/gazeta.am\/?p=1039\"> [...]<\/a>","protected":false},"author":1,"featured_media":1040,"comment_status":"open","ping_status":"open","sticky":false,"template":"","format":"standard","meta":{"footnotes":""},"categories":[1],"tags":[],"class_list":["post-1039","post","type-post","status-publish","format-standard","has-post-thumbnail","hentry","category-1"],"yoast_head":"<!-- This site is optimized with the Yoast SEO plugin v27.4 - https:\/\/yoast.com\/product\/yoast-seo-wordpress\/ -->\n<title>\u00ab Je ne suis pas venu ici pour discuter\u2026 \u00bb -<\/title>\n<meta name=\"robots\" content=\"index, follow, max-snippet:-1, max-image-preview:large, max-video-preview:-1\" \/>\n<link rel=\"canonical\" href=\"https:\/\/gazeta.am\/?p=1039\" \/>\n<meta property=\"og:locale\" content=\"ru_RU\" \/>\n<meta property=\"og:type\" content=\"article\" \/>\n<meta property=\"og:title\" content=\"\u00ab Je ne suis pas venu ici pour discuter\u2026 \u00bb -\" \/>\n<meta property=\"og:description\" content=\"Sa voix \u00e9tait calme. Trop calme. \u00ab Je suis juste venu pour parler. \u00bb Et \u00e0 cet instant pr\u00e9cis, j\u2019ai compris que quelque\" \/>\n<meta property=\"og:url\" content=\"https:\/\/gazeta.am\/?p=1039\" \/>\n<meta property=\"article:published_time\" content=\"2026-03-24T22:39:59+00:00\" \/>\n<meta property=\"article:modified_time\" content=\"2026-03-24T22:40:00+00:00\" \/>\n<meta property=\"og:image\" content=\"https:\/\/gazeta.am\/wp-content\/uploads\/2026\/03\/1a-42.jpg\" \/>\n\t<meta property=\"og:image:width\" content=\"997\" \/>\n\t<meta property=\"og:image:height\" content=\"612\" \/>\n\t<meta property=\"og:image:type\" content=\"image\/jpeg\" \/>\n<meta name=\"author\" content=\"admin\" \/>\n<meta name=\"twitter:card\" content=\"summary_large_image\" \/>\n<meta name=\"twitter:label1\" content=\"\u041d\u0430\u043f\u0438\u0441\u0430\u043d\u043e \u0430\u0432\u0442\u043e\u0440\u043e\u043c\" \/>\n\t<meta name=\"twitter:data1\" content=\"admin\" \/>\n\t<meta name=\"twitter:label2\" content=\"\u041f\u0440\u0438\u043c\u0435\u0440\u043d\u043e\u0435 \u0432\u0440\u0435\u043c\u044f \u0434\u043b\u044f \u0447\u0442\u0435\u043d\u0438\u044f\" \/>\n\t<meta name=\"twitter:data2\" content=\"5 \u043c\u0438\u043d\u0443\u0442\" \/>\n<script type=\"application\/ld+json\" class=\"yoast-schema-graph\">{\"@context\":\"https:\\\/\\\/schema.org\",\"@graph\":[{\"@type\":\"Article\",\"@id\":\"https:\\\/\\\/gazeta.am\\\/?p=1039#article\",\"isPartOf\":{\"@id\":\"https:\\\/\\\/gazeta.am\\\/?p=1039\"},\"author\":{\"name\":\"admin\",\"@id\":\"https:\\\/\\\/gazeta.am\\\/#\\\/schema\\\/person\\\/987709955e760c9a1ebbb44776f8cccc\"},\"headline\":\"\u00ab Je ne suis pas venu ici pour discuter\u2026 \u00bb\",\"datePublished\":\"2026-03-24T22:39:59+00:00\",\"dateModified\":\"2026-03-24T22:40:00+00:00\",\"mainEntityOfPage\":{\"@id\":\"https:\\\/\\\/gazeta.am\\\/?p=1039\"},\"wordCount\":916,\"commentCount\":0,\"image\":{\"@id\":\"https:\\\/\\\/gazeta.am\\\/?p=1039#primaryimage\"},\"thumbnailUrl\":\"https:\\\/\\\/gazeta.am\\\/wp-content\\\/uploads\\\/2026\\\/03\\\/1a-42.jpg\",\"articleSection\":[\"NEWS\"],\"inLanguage\":\"ru-RU\",\"potentialAction\":[{\"@type\":\"CommentAction\",\"name\":\"Comment\",\"target\":[\"https:\\\/\\\/gazeta.am\\\/?p=1039#respond\"]}]},{\"@type\":\"WebPage\",\"@id\":\"https:\\\/\\\/gazeta.am\\\/?p=1039\",\"url\":\"https:\\\/\\\/gazeta.am\\\/?p=1039\",\"name\":\"\u00ab Je ne suis pas venu ici pour discuter\u2026 \u00bb -\",\"isPartOf\":{\"@id\":\"https:\\\/\\\/gazeta.am\\\/#website\"},\"primaryImageOfPage\":{\"@id\":\"https:\\\/\\\/gazeta.am\\\/?p=1039#primaryimage\"},\"image\":{\"@id\":\"https:\\\/\\\/gazeta.am\\\/?p=1039#primaryimage\"},\"thumbnailUrl\":\"https:\\\/\\\/gazeta.am\\\/wp-content\\\/uploads\\\/2026\\\/03\\\/1a-42.jpg\",\"datePublished\":\"2026-03-24T22:39:59+00:00\",\"dateModified\":\"2026-03-24T22:40:00+00:00\",\"author\":{\"@id\":\"https:\\\/\\\/gazeta.am\\\/#\\\/schema\\\/person\\\/987709955e760c9a1ebbb44776f8cccc\"},\"breadcrumb\":{\"@id\":\"https:\\\/\\\/gazeta.am\\\/?p=1039#breadcrumb\"},\"inLanguage\":\"ru-RU\",\"potentialAction\":[{\"@type\":\"ReadAction\",\"target\":[\"https:\\\/\\\/gazeta.am\\\/?p=1039\"]}]},{\"@type\":\"ImageObject\",\"inLanguage\":\"ru-RU\",\"@id\":\"https:\\\/\\\/gazeta.am\\\/?p=1039#primaryimage\",\"url\":\"https:\\\/\\\/gazeta.am\\\/wp-content\\\/uploads\\\/2026\\\/03\\\/1a-42.jpg\",\"contentUrl\":\"https:\\\/\\\/gazeta.am\\\/wp-content\\\/uploads\\\/2026\\\/03\\\/1a-42.jpg\",\"width\":997,\"height\":612},{\"@type\":\"BreadcrumbList\",\"@id\":\"https:\\\/\\\/gazeta.am\\\/?p=1039#breadcrumb\",\"itemListElement\":[{\"@type\":\"ListItem\",\"position\":1,\"name\":\"\u0413\u043b\u0430\u0432\u043d\u0430\u044f \u0441\u0442\u0440\u0430\u043d\u0438\u0446\u0430\",\"item\":\"https:\\\/\\\/gazeta.am\\\/\"},{\"@type\":\"ListItem\",\"position\":2,\"name\":\"\u00ab Je ne suis pas venu ici pour discuter\u2026 \u00bb\"}]},{\"@type\":\"WebSite\",\"@id\":\"https:\\\/\\\/gazeta.am\\\/#website\",\"url\":\"https:\\\/\\\/gazeta.am\\\/\",\"name\":\"\",\"description\":\"\",\"potentialAction\":[{\"@type\":\"SearchAction\",\"target\":{\"@type\":\"EntryPoint\",\"urlTemplate\":\"https:\\\/\\\/gazeta.am\\\/?s={search_term_string}\"},\"query-input\":{\"@type\":\"PropertyValueSpecification\",\"valueRequired\":true,\"valueName\":\"search_term_string\"}}],\"inLanguage\":\"ru-RU\"},{\"@type\":\"Person\",\"@id\":\"https:\\\/\\\/gazeta.am\\\/#\\\/schema\\\/person\\\/987709955e760c9a1ebbb44776f8cccc\",\"name\":\"admin\",\"image\":{\"@type\":\"ImageObject\",\"inLanguage\":\"ru-RU\",\"@id\":\"https:\\\/\\\/secure.gravatar.com\\\/avatar\\\/a24f4ac3a683f3c87303db525abc00db51ea26ccedee11dfaf1cc0f9a481a5d2?s=96&d=mm&r=g\",\"url\":\"https:\\\/\\\/secure.gravatar.com\\\/avatar\\\/a24f4ac3a683f3c87303db525abc00db51ea26ccedee11dfaf1cc0f9a481a5d2?s=96&d=mm&r=g\",\"contentUrl\":\"https:\\\/\\\/secure.gravatar.com\\\/avatar\\\/a24f4ac3a683f3c87303db525abc00db51ea26ccedee11dfaf1cc0f9a481a5d2?s=96&d=mm&r=g\",\"caption\":\"admin\"},\"sameAs\":[\"http:\\\/\\\/gazeta.am\"],\"url\":\"https:\\\/\\\/gazeta.am\\\/?author=1\"}]}<\/script>\n<!-- \/ Yoast SEO plugin. -->","yoast_head_json":{"title":"\u00ab Je ne suis pas venu ici pour discuter\u2026 \u00bb -","robots":{"index":"index","follow":"follow","max-snippet":"max-snippet:-1","max-image-preview":"max-image-preview:large","max-video-preview":"max-video-preview:-1"},"canonical":"https:\/\/gazeta.am\/?p=1039","og_locale":"ru_RU","og_type":"article","og_title":"\u00ab Je ne suis pas venu ici pour discuter\u2026 \u00bb -","og_description":"Sa voix \u00e9tait calme. Trop calme. \u00ab Je suis juste venu pour parler. \u00bb Et \u00e0 cet instant pr\u00e9cis, j\u2019ai compris que quelque","og_url":"https:\/\/gazeta.am\/?p=1039","article_published_time":"2026-03-24T22:39:59+00:00","article_modified_time":"2026-03-24T22:40:00+00:00","og_image":[{"width":997,"height":612,"url":"https:\/\/gazeta.am\/wp-content\/uploads\/2026\/03\/1a-42.jpg","type":"image\/jpeg"}],"author":"admin","twitter_card":"summary_large_image","twitter_misc":{"\u041d\u0430\u043f\u0438\u0441\u0430\u043d\u043e \u0430\u0432\u0442\u043e\u0440\u043e\u043c":"admin","\u041f\u0440\u0438\u043c\u0435\u0440\u043d\u043e\u0435 \u0432\u0440\u0435\u043c\u044f \u0434\u043b\u044f \u0447\u0442\u0435\u043d\u0438\u044f":"5 \u043c\u0438\u043d\u0443\u0442"},"schema":{"@context":"https:\/\/schema.org","@graph":[{"@type":"Article","@id":"https:\/\/gazeta.am\/?p=1039#article","isPartOf":{"@id":"https:\/\/gazeta.am\/?p=1039"},"author":{"name":"admin","@id":"https:\/\/gazeta.am\/#\/schema\/person\/987709955e760c9a1ebbb44776f8cccc"},"headline":"\u00ab Je ne suis pas venu ici pour discuter\u2026 \u00bb","datePublished":"2026-03-24T22:39:59+00:00","dateModified":"2026-03-24T22:40:00+00:00","mainEntityOfPage":{"@id":"https:\/\/gazeta.am\/?p=1039"},"wordCount":916,"commentCount":0,"image":{"@id":"https:\/\/gazeta.am\/?p=1039#primaryimage"},"thumbnailUrl":"https:\/\/gazeta.am\/wp-content\/uploads\/2026\/03\/1a-42.jpg","articleSection":["NEWS"],"inLanguage":"ru-RU","potentialAction":[{"@type":"CommentAction","name":"Comment","target":["https:\/\/gazeta.am\/?p=1039#respond"]}]},{"@type":"WebPage","@id":"https:\/\/gazeta.am\/?p=1039","url":"https:\/\/gazeta.am\/?p=1039","name":"\u00ab Je ne suis pas venu ici pour discuter\u2026 \u00bb -","isPartOf":{"@id":"https:\/\/gazeta.am\/#website"},"primaryImageOfPage":{"@id":"https:\/\/gazeta.am\/?p=1039#primaryimage"},"image":{"@id":"https:\/\/gazeta.am\/?p=1039#primaryimage"},"thumbnailUrl":"https:\/\/gazeta.am\/wp-content\/uploads\/2026\/03\/1a-42.jpg","datePublished":"2026-03-24T22:39:59+00:00","dateModified":"2026-03-24T22:40:00+00:00","author":{"@id":"https:\/\/gazeta.am\/#\/schema\/person\/987709955e760c9a1ebbb44776f8cccc"},"breadcrumb":{"@id":"https:\/\/gazeta.am\/?p=1039#breadcrumb"},"inLanguage":"ru-RU","potentialAction":[{"@type":"ReadAction","target":["https:\/\/gazeta.am\/?p=1039"]}]},{"@type":"ImageObject","inLanguage":"ru-RU","@id":"https:\/\/gazeta.am\/?p=1039#primaryimage","url":"https:\/\/gazeta.am\/wp-content\/uploads\/2026\/03\/1a-42.jpg","contentUrl":"https:\/\/gazeta.am\/wp-content\/uploads\/2026\/03\/1a-42.jpg","width":997,"height":612},{"@type":"BreadcrumbList","@id":"https:\/\/gazeta.am\/?p=1039#breadcrumb","itemListElement":[{"@type":"ListItem","position":1,"name":"\u0413\u043b\u0430\u0432\u043d\u0430\u044f \u0441\u0442\u0440\u0430\u043d\u0438\u0446\u0430","item":"https:\/\/gazeta.am\/"},{"@type":"ListItem","position":2,"name":"\u00ab Je ne suis pas venu ici pour discuter\u2026 \u00bb"}]},{"@type":"WebSite","@id":"https:\/\/gazeta.am\/#website","url":"https:\/\/gazeta.am\/","name":"","description":"","potentialAction":[{"@type":"SearchAction","target":{"@type":"EntryPoint","urlTemplate":"https:\/\/gazeta.am\/?s={search_term_string}"},"query-input":{"@type":"PropertyValueSpecification","valueRequired":true,"valueName":"search_term_string"}}],"inLanguage":"ru-RU"},{"@type":"Person","@id":"https:\/\/gazeta.am\/#\/schema\/person\/987709955e760c9a1ebbb44776f8cccc","name":"admin","image":{"@type":"ImageObject","inLanguage":"ru-RU","@id":"https:\/\/secure.gravatar.com\/avatar\/a24f4ac3a683f3c87303db525abc00db51ea26ccedee11dfaf1cc0f9a481a5d2?s=96&d=mm&r=g","url":"https:\/\/secure.gravatar.com\/avatar\/a24f4ac3a683f3c87303db525abc00db51ea26ccedee11dfaf1cc0f9a481a5d2?s=96&d=mm&r=g","contentUrl":"https:\/\/secure.gravatar.com\/avatar\/a24f4ac3a683f3c87303db525abc00db51ea26ccedee11dfaf1cc0f9a481a5d2?s=96&d=mm&r=g","caption":"admin"},"sameAs":["http:\/\/gazeta.am"],"url":"https:\/\/gazeta.am\/?author=1"}]}},"_links":{"self":[{"href":"https:\/\/gazeta.am\/index.php?rest_route=\/wp\/v2\/posts\/1039","targetHints":{"allow":["GET"]}}],"collection":[{"href":"https:\/\/gazeta.am\/index.php?rest_route=\/wp\/v2\/posts"}],"about":[{"href":"https:\/\/gazeta.am\/index.php?rest_route=\/wp\/v2\/types\/post"}],"author":[{"embeddable":true,"href":"https:\/\/gazeta.am\/index.php?rest_route=\/wp\/v2\/users\/1"}],"replies":[{"embeddable":true,"href":"https:\/\/gazeta.am\/index.php?rest_route=%2Fwp%2Fv2%2Fcomments&post=1039"}],"version-history":[{"count":1,"href":"https:\/\/gazeta.am\/index.php?rest_route=\/wp\/v2\/posts\/1039\/revisions"}],"predecessor-version":[{"id":1041,"href":"https:\/\/gazeta.am\/index.php?rest_route=\/wp\/v2\/posts\/1039\/revisions\/1041"}],"wp:featuredmedia":[{"embeddable":true,"href":"https:\/\/gazeta.am\/index.php?rest_route=\/wp\/v2\/media\/1040"}],"wp:attachment":[{"href":"https:\/\/gazeta.am\/index.php?rest_route=%2Fwp%2Fv2%2Fmedia&parent=1039"}],"wp:term":[{"taxonomy":"category","embeddable":true,"href":"https:\/\/gazeta.am\/index.php?rest_route=%2Fwp%2Fv2%2Fcategories&post=1039"},{"taxonomy":"post_tag","embeddable":true,"href":"https:\/\/gazeta.am\/index.php?rest_route=%2Fwp%2Fv2%2Ftags&post=1039"}],"curies":[{"name":"wp","href":"https:\/\/api.w.org\/{rel}","templated":true}]}}