{"id":1030,"date":"2026-03-25T01:29:29","date_gmt":"2026-03-24T22:29:29","guid":{"rendered":"https:\/\/gazeta.am\/?p=1030"},"modified":"2026-03-25T01:29:31","modified_gmt":"2026-03-24T22:29:31","slug":"la-laitiere-pensait-vivre-une-journee-ordinaire-jusqua-ce-quun-inconnu-emmene-sa-fille-paralysee-aux-toilettes-%f0%9f%98%a8%f0%9f%92%a5","status":"publish","type":"post","link":"https:\/\/gazeta.am\/?p=1030","title":{"rendered":"La laiti\u00e8re pensait vivre une journ\u00e9e ordinaire\u2026 jusqu\u2019\u00e0 ce qu\u2019un inconnu emm\u00e8ne sa fille paralys\u00e9e aux toilettes \ud83d\ude28\ud83d\udca5"},"content":{"rendered":"\n<p>Au d\u00e9but\u2026 rien ne semblait inhabituel.<\/p>\n\n\n\n<p>Le soleil venait \u00e0 peine de se lever.<\/p>\n\n\n\n<p>La petite boutique sentait le lait frais et le pain chaud.<\/p>\n\n\n\n<p>Comme tous les matins, elle \u00e9tait l\u00e0.<\/p>\n\n\n\n<p>La laiti\u00e8re.<\/p>\n\n\n\n<p>Debout derri\u00e8re son comptoir.<\/p>\n\n\n\n<p>Une routine simple.<\/p>\n\n\n\n<p>Des gestes r\u00e9p\u00e9t\u00e9s mille fois.<\/p>\n\n\n\n<p>Mais ce jour-l\u00e0\u2026<\/p>\n\n\n\n<p>quelque chose allait briser cette tranquillit\u00e9.<\/p>\n\n\n\n<figure class=\"wp-block-image size-full\"><img loading=\"lazy\" decoding=\"async\" width=\"680\" height=\"640\" src=\"https:\/\/gazeta.am\/wp-content\/uploads\/2026\/03\/1a-39.jpg\" alt=\"\" class=\"wp-image-1031\" srcset=\"https:\/\/gazeta.am\/wp-content\/uploads\/2026\/03\/1a-39.jpg 680w, https:\/\/gazeta.am\/wp-content\/uploads\/2026\/03\/1a-39-300x282.jpg 300w\" sizes=\"auto, (max-width: 680px) 100vw, 680px\" \/><\/figure>\n\n\n\n<p>\ud83d\udca5 Tout a commenc\u00e9 avec lui.<\/p>\n\n\n\n<p>Un homme.<\/p>\n\n\n\n<p>Sale.<\/p>\n\n\n\n<p>Fatigu\u00e9.<\/p>\n\n\n\n<p>Presque invisible aux yeux des autres.<\/p>\n\n\n\n<p>Un clochard.<\/p>\n\n\n\n<p>Il entra lentement dans la boutique.<\/p>\n\n\n\n<p>Les clients \u00e9chang\u00e8rent des regards.<\/p>\n\n\n\n<p>Certains se crisp\u00e8rent.<\/p>\n\n\n\n<p>Elle, pourtant\u2026<\/p>\n\n\n\n<p>ne dit rien.<\/p>\n\n\n\n<p>Elle avait vu des gens comme lui toute sa vie.<\/p>\n\n\n\n<p>Mais il y avait quelque chose dans son regard.<\/p>\n\n\n\n<p>Quelque chose\u2026 d\u2019\u00e9trange.<\/p>\n\n\n\n<p>Il ne demandait rien.<\/p>\n\n\n\n<p>Il ne parlait pas.<\/p>\n\n\n\n<p>Il observait.<\/p>\n\n\n\n<p>Et puis\u2026<\/p>\n\n\n\n<p>ses yeux se pos\u00e8rent sur elle.<\/p>\n\n\n\n<p>Sa fille.<\/p>\n\n\n\n<p>Assise dans un fauteuil roulant pr\u00e8s de la fen\u00eatre.<\/p>\n\n\n\n<p>Silencieuse.<\/p>\n\n\n\n<p>Fragile.<\/p>\n\n\n\n<p>Le c\u0153ur de la m\u00e8re se serra.<\/p>\n\n\n\n<p>Sa fille ne pouvait pas marcher.<\/p>\n\n\n\n<p>Depuis des ann\u00e9es.<\/p>\n\n\n\n<p>Depuis cet accident\u2026<\/p>\n\n\n\n<p>qui avait tout chang\u00e9.<\/p>\n\n\n\n<p>Elle veillait sur elle constamment.<\/p>\n\n\n\n<p>Toujours.<\/p>\n\n\n\n<p>Mais ce jour-l\u00e0\u2026<\/p>\n\n\n\n<p>elle d\u00e9tourna les yeux.<\/p>\n\n\n\n<p>Juste une seconde.<\/p>\n\n\n\n<p>Une seule.<\/p>\n\n\n\n<p>Et ce fut suffisant.<\/p>\n\n\n\n<p>\ud83d\udca5 Quand elle regarda \u00e0 nouveau\u2026<\/p>\n\n\n\n<p>ils n\u2019\u00e9taient plus l\u00e0.<\/p>\n\n\n\n<p>Le fauteuil\u2026<\/p>\n\n\n\n<p>vide.<\/p>\n\n\n\n<p>Son c\u0153ur s\u2019arr\u00eata.<\/p>\n\n\n\n<p>\u00ab O\u00f9 est-elle ?! \u00bb<\/p>\n\n\n\n<p>Sa voix trembla.<\/p>\n\n\n\n<p>Quelqu\u2019un r\u00e9pondit :<\/p>\n\n\n\n<p>\u00ab L\u2019homme\u2026 il l\u2019a emmen\u00e9e vers les toilettes\u2026 \u00bb<\/p>\n\n\n\n<p>Le monde bascula.<\/p>\n\n\n\n<p>La peur.<\/p>\n\n\n\n<p>Brutale.<\/p>\n\n\n\n<p>Instinctive.<\/p>\n\n\n\n<p>\u00ab NON ! \u00bb<\/p>\n\n\n\n<p>Elle l\u00e2cha tout.<\/p>\n\n\n\n<p>Renversa une bouteille.<\/p>\n\n\n\n<p>Courut.<\/p>\n\n\n\n<p>Chaque pas r\u00e9sonnait comme un coup de tonnerre.<\/p>\n\n\n\n<p>Ses pens\u00e9es se bousculaient.<\/p>\n\n\n\n<p>Et si\u2026<br>Et si c\u2019\u00e9tait trop tard ?<br>Et si elle ne la revoyait jamais ?<\/p>\n\n\n\n<p>Elle atteignit le couloir.<\/p>\n\n\n\n<p>Silence.<\/p>\n\n\n\n<p>La porte des toilettes \u00e9tait ferm\u00e9e.<\/p>\n\n\n\n<p>Son c\u0153ur battait \u00e0 tout rompre.<\/p>\n\n\n\n<p>Elle posa la main sur la poign\u00e9e.<\/p>\n\n\n\n<p>Froide.<\/p>\n\n\n\n<p>\u00ab Ouvrez ! \u00bb cria-t-elle.<\/p>\n\n\n\n<p>Aucune r\u00e9ponse.<\/p>\n\n\n\n<p>\ud83d\udca5 Elle poussa la porte.<\/p>\n\n\n\n<p>Et ce qu\u2019elle vit\u2026<\/p>\n\n\n\n<p>elle ne l\u2019oubliera jamais.<\/p>\n\n\n\n<p>Le temps sembla s\u2019arr\u00eater.<\/p>\n\n\n\n<p>Sa fille\u2026<\/p>\n\n\n\n<p>n\u2019\u00e9tait plus dans le fauteuil.<\/p>\n\n\n\n<p>Elle \u00e9tait debout.<\/p>\n\n\n\n<p>DEBOUT.<\/p>\n\n\n\n<p>Ses jambes tremblaient.<\/p>\n\n\n\n<p>Fragiles.<\/p>\n\n\n\n<p>Mais r\u00e9elles.<\/p>\n\n\n\n<p>Et l\u2019homme\u2026<\/p>\n\n\n\n<p>le clochard\u2026<\/p>\n\n\n\n<p>\u00e9tait \u00e0 genoux devant elle.<\/p>\n\n\n\n<p>Ses mains pos\u00e9es doucement sur ses jambes.<\/p>\n\n\n\n<p>Comme s\u2019il les soutenait.<\/p>\n\n\n\n<p>Comme s\u2019il\u2026 les r\u00e9veillait.<\/p>\n\n\n\n<p>Le souffle de la m\u00e8re se coupa.<\/p>\n\n\n\n<p>\u00ab Ce n\u2019est pas possible\u2026 \u00bb<\/p>\n\n\n\n<p>Sa fille la regarda.<\/p>\n\n\n\n<p>Les larmes aux yeux.<\/p>\n\n\n\n<p>\u00ab Maman\u2026 \u00bb<\/p>\n\n\n\n<p>Sa voix tremblait.<\/p>\n\n\n\n<p>\u00ab Je peux\u2026 sentir mes jambes\u2026 \u00bb<\/p>\n\n\n\n<p>\ud83d\udca5 Le monde explosa.<\/p>\n\n\n\n<p>La m\u00e8re recula.<\/p>\n\n\n\n<p>Ses mains tremblaient.<\/p>\n\n\n\n<p>\u00ab Comment\u2026 ? \u00bb<\/p>\n\n\n\n<p>L\u2019homme leva lentement les yeux.<\/p>\n\n\n\n<p>Pour la premi\u00e8re fois\u2026<\/p>\n\n\n\n<p>il parla.<\/p>\n\n\n\n<p>\u00ab Elle n\u2019\u00e9tait pas perdue\u2026 \u00bb<\/p>\n\n\n\n<p>Sa voix \u00e9tait calme.<\/p>\n\n\n\n<p>Profonde.<\/p>\n\n\n\n<p>\u00ab Elle \u00e9tait bloqu\u00e9e. \u00bb<\/p>\n\n\n\n<p>Un frisson parcourut toute la pi\u00e8ce.<\/p>\n\n\n\n<p>\u00ab Et vous ? Qui \u00eates-vous ?! \u00bb<\/p>\n\n\n\n<p>Mais l\u2019homme ne r\u00e9pondit pas.<\/p>\n\n\n\n<p>Il se releva.<\/p>\n\n\n\n<p>Puis\u2026<\/p>\n\n\n\n<p>il se dirigea vers la porte.<\/p>\n\n\n\n<p>\u00ab Attendez ! \u00bb<\/p>\n\n\n\n<p>Mais il \u00e9tait d\u00e9j\u00e0 parti.<\/p>\n\n\n\n<p>Disparu.<\/p>\n\n\n\n<p>Comme s\u2019il n\u2019avait jamais \u00e9t\u00e9 l\u00e0.<\/p>\n\n\n\n<p>La m\u00e8re resta fig\u00e9e.<\/p>\n\n\n\n<p>Sa fille\u2026<\/p>\n\n\n\n<p>toujours debout.<\/p>\n\n\n\n<p>Toujours tremblante.<\/p>\n\n\n\n<p>Mais vivante autrement.<\/p>\n\n\n\n<p>\ud83d\udca5 Ce jour-l\u00e0\u2026 tout changea.<\/p>\n\n\n\n<p>Les m\u00e9decins ne purent expliquer.<\/p>\n\n\n\n<p>Les examens \u00e9taient clairs.<\/p>\n\n\n\n<p>Aucune raison m\u00e9dicale.<\/p>\n\n\n\n<p>Aucune logique.<\/p>\n\n\n\n<p>Rien.<\/p>\n\n\n\n<p>Mais une chose \u00e9tait certaine.<\/p>\n\n\n\n<p>Quelque chose\u2026<\/p>\n\n\n\n<p>ou quelqu\u2019un\u2026<\/p>\n\n\n\n<p>avait chang\u00e9 leur destin.<\/p>\n\n\n\n<p>Et la m\u00e8re\u2026<\/p>\n\n\n\n<p>n\u2019oublia jamais ce qu\u2019elle avait vu dans cette salle de bain.<\/p>\n\n\n\n<p>Parce que parfois\u2026<\/p>\n\n\n\n<p>les miracles arrivent sous les formes les plus inattendues.<\/p>\n\n\n\n<p>\ud83d\udd25 Et ceux que le monde ignore\u2026<br>sont parfois ceux qui changent tout.<\/p>\n","protected":false},"excerpt":{"rendered":"Au d\u00e9but\u2026 rien ne semblait inhabituel. Le soleil venait \u00e0 peine de se lever. La petite boutique sentait le lait frais et le \n<a class=\"moretag\" href=\"https:\/\/gazeta.am\/?p=1030\"> [...]<\/a>","protected":false},"author":1,"featured_media":1031,"comment_status":"open","ping_status":"open","sticky":false,"template":"","format":"standard","meta":{"footnotes":""},"categories":[1],"tags":[],"class_list":["post-1030","post","type-post","status-publish","format-standard","has-post-thumbnail","hentry","category-1"],"yoast_head":"<!-- This site is optimized with the Yoast SEO plugin v27.4 - https:\/\/yoast.com\/product\/yoast-seo-wordpress\/ -->\n<title>La laiti\u00e8re pensait vivre une journ\u00e9e ordinaire\u2026 jusqu\u2019\u00e0 ce qu\u2019un inconnu emm\u00e8ne sa fille paralys\u00e9e aux toilettes \ud83d\ude28\ud83d\udca5 -<\/title>\n<meta name=\"robots\" content=\"index, follow, max-snippet:-1, max-image-preview:large, max-video-preview:-1\" \/>\n<link rel=\"canonical\" href=\"https:\/\/gazeta.am\/?p=1030\" \/>\n<meta property=\"og:locale\" content=\"ru_RU\" \/>\n<meta property=\"og:type\" content=\"article\" \/>\n<meta property=\"og:title\" content=\"La laiti\u00e8re pensait vivre une journ\u00e9e ordinaire\u2026 jusqu\u2019\u00e0 ce qu\u2019un inconnu emm\u00e8ne sa fille paralys\u00e9e aux toilettes \ud83d\ude28\ud83d\udca5 -\" \/>\n<meta property=\"og:description\" content=\"Au d\u00e9but\u2026 rien ne semblait inhabituel. Le soleil venait \u00e0 peine de se lever. La petite boutique sentait le lait frais et le\" \/>\n<meta property=\"og:url\" content=\"https:\/\/gazeta.am\/?p=1030\" \/>\n<meta property=\"article:published_time\" content=\"2026-03-24T22:29:29+00:00\" \/>\n<meta property=\"article:modified_time\" content=\"2026-03-24T22:29:31+00:00\" \/>\n<meta property=\"og:image\" content=\"https:\/\/gazeta.am\/wp-content\/uploads\/2026\/03\/1a-39.jpg\" \/>\n\t<meta property=\"og:image:width\" content=\"680\" \/>\n\t<meta property=\"og:image:height\" content=\"640\" \/>\n\t<meta property=\"og:image:type\" content=\"image\/jpeg\" \/>\n<meta name=\"author\" content=\"admin\" \/>\n<meta name=\"twitter:card\" content=\"summary_large_image\" \/>\n<meta name=\"twitter:label1\" content=\"\u041d\u0430\u043f\u0438\u0441\u0430\u043d\u043e \u0430\u0432\u0442\u043e\u0440\u043e\u043c\" \/>\n\t<meta name=\"twitter:data1\" content=\"admin\" \/>\n\t<meta name=\"twitter:label2\" content=\"\u041f\u0440\u0438\u043c\u0435\u0440\u043d\u043e\u0435 \u0432\u0440\u0435\u043c\u044f \u0434\u043b\u044f \u0447\u0442\u0435\u043d\u0438\u044f\" \/>\n\t<meta name=\"twitter:data2\" content=\"4 \u043c\u0438\u043d\u0443\u0442\u044b\" \/>\n<script type=\"application\/ld+json\" class=\"yoast-schema-graph\">{\"@context\":\"https:\\\/\\\/schema.org\",\"@graph\":[{\"@type\":\"Article\",\"@id\":\"https:\\\/\\\/gazeta.am\\\/?p=1030#article\",\"isPartOf\":{\"@id\":\"https:\\\/\\\/gazeta.am\\\/?p=1030\"},\"author\":{\"name\":\"admin\",\"@id\":\"https:\\\/\\\/gazeta.am\\\/#\\\/schema\\\/person\\\/987709955e760c9a1ebbb44776f8cccc\"},\"headline\":\"La laiti\u00e8re pensait vivre une journ\u00e9e ordinaire\u2026 jusqu\u2019\u00e0 ce qu\u2019un inconnu emm\u00e8ne sa fille paralys\u00e9e aux toilettes \ud83d\ude28\ud83d\udca5\",\"datePublished\":\"2026-03-24T22:29:29+00:00\",\"dateModified\":\"2026-03-24T22:29:31+00:00\",\"mainEntityOfPage\":{\"@id\":\"https:\\\/\\\/gazeta.am\\\/?p=1030\"},\"wordCount\":610,\"commentCount\":0,\"image\":{\"@id\":\"https:\\\/\\\/gazeta.am\\\/?p=1030#primaryimage\"},\"thumbnailUrl\":\"https:\\\/\\\/gazeta.am\\\/wp-content\\\/uploads\\\/2026\\\/03\\\/1a-39.jpg\",\"articleSection\":[\"NEWS\"],\"inLanguage\":\"ru-RU\",\"potentialAction\":[{\"@type\":\"CommentAction\",\"name\":\"Comment\",\"target\":[\"https:\\\/\\\/gazeta.am\\\/?p=1030#respond\"]}]},{\"@type\":\"WebPage\",\"@id\":\"https:\\\/\\\/gazeta.am\\\/?p=1030\",\"url\":\"https:\\\/\\\/gazeta.am\\\/?p=1030\",\"name\":\"La laiti\u00e8re pensait vivre une journ\u00e9e ordinaire\u2026 jusqu\u2019\u00e0 ce qu\u2019un inconnu emm\u00e8ne sa fille paralys\u00e9e aux toilettes \ud83d\ude28\ud83d\udca5 -\",\"isPartOf\":{\"@id\":\"https:\\\/\\\/gazeta.am\\\/#website\"},\"primaryImageOfPage\":{\"@id\":\"https:\\\/\\\/gazeta.am\\\/?p=1030#primaryimage\"},\"image\":{\"@id\":\"https:\\\/\\\/gazeta.am\\\/?p=1030#primaryimage\"},\"thumbnailUrl\":\"https:\\\/\\\/gazeta.am\\\/wp-content\\\/uploads\\\/2026\\\/03\\\/1a-39.jpg\",\"datePublished\":\"2026-03-24T22:29:29+00:00\",\"dateModified\":\"2026-03-24T22:29:31+00:00\",\"author\":{\"@id\":\"https:\\\/\\\/gazeta.am\\\/#\\\/schema\\\/person\\\/987709955e760c9a1ebbb44776f8cccc\"},\"breadcrumb\":{\"@id\":\"https:\\\/\\\/gazeta.am\\\/?p=1030#breadcrumb\"},\"inLanguage\":\"ru-RU\",\"potentialAction\":[{\"@type\":\"ReadAction\",\"target\":[\"https:\\\/\\\/gazeta.am\\\/?p=1030\"]}]},{\"@type\":\"ImageObject\",\"inLanguage\":\"ru-RU\",\"@id\":\"https:\\\/\\\/gazeta.am\\\/?p=1030#primaryimage\",\"url\":\"https:\\\/\\\/gazeta.am\\\/wp-content\\\/uploads\\\/2026\\\/03\\\/1a-39.jpg\",\"contentUrl\":\"https:\\\/\\\/gazeta.am\\\/wp-content\\\/uploads\\\/2026\\\/03\\\/1a-39.jpg\",\"width\":680,\"height\":640},{\"@type\":\"BreadcrumbList\",\"@id\":\"https:\\\/\\\/gazeta.am\\\/?p=1030#breadcrumb\",\"itemListElement\":[{\"@type\":\"ListItem\",\"position\":1,\"name\":\"\u0413\u043b\u0430\u0432\u043d\u0430\u044f \u0441\u0442\u0440\u0430\u043d\u0438\u0446\u0430\",\"item\":\"https:\\\/\\\/gazeta.am\\\/\"},{\"@type\":\"ListItem\",\"position\":2,\"name\":\"La laiti\u00e8re pensait vivre une journ\u00e9e ordinaire\u2026 jusqu\u2019\u00e0 ce qu\u2019un inconnu emm\u00e8ne sa fille paralys\u00e9e aux toilettes \ud83d\ude28\ud83d\udca5\"}]},{\"@type\":\"WebSite\",\"@id\":\"https:\\\/\\\/gazeta.am\\\/#website\",\"url\":\"https:\\\/\\\/gazeta.am\\\/\",\"name\":\"\",\"description\":\"\",\"potentialAction\":[{\"@type\":\"SearchAction\",\"target\":{\"@type\":\"EntryPoint\",\"urlTemplate\":\"https:\\\/\\\/gazeta.am\\\/?s={search_term_string}\"},\"query-input\":{\"@type\":\"PropertyValueSpecification\",\"valueRequired\":true,\"valueName\":\"search_term_string\"}}],\"inLanguage\":\"ru-RU\"},{\"@type\":\"Person\",\"@id\":\"https:\\\/\\\/gazeta.am\\\/#\\\/schema\\\/person\\\/987709955e760c9a1ebbb44776f8cccc\",\"name\":\"admin\",\"image\":{\"@type\":\"ImageObject\",\"inLanguage\":\"ru-RU\",\"@id\":\"https:\\\/\\\/secure.gravatar.com\\\/avatar\\\/a24f4ac3a683f3c87303db525abc00db51ea26ccedee11dfaf1cc0f9a481a5d2?s=96&d=mm&r=g\",\"url\":\"https:\\\/\\\/secure.gravatar.com\\\/avatar\\\/a24f4ac3a683f3c87303db525abc00db51ea26ccedee11dfaf1cc0f9a481a5d2?s=96&d=mm&r=g\",\"contentUrl\":\"https:\\\/\\\/secure.gravatar.com\\\/avatar\\\/a24f4ac3a683f3c87303db525abc00db51ea26ccedee11dfaf1cc0f9a481a5d2?s=96&d=mm&r=g\",\"caption\":\"admin\"},\"sameAs\":[\"http:\\\/\\\/gazeta.am\"],\"url\":\"https:\\\/\\\/gazeta.am\\\/?author=1\"}]}<\/script>\n<!-- \/ Yoast SEO plugin. -->","yoast_head_json":{"title":"La laiti\u00e8re pensait vivre une journ\u00e9e ordinaire\u2026 jusqu\u2019\u00e0 ce qu\u2019un inconnu emm\u00e8ne sa fille paralys\u00e9e aux toilettes \ud83d\ude28\ud83d\udca5 -","robots":{"index":"index","follow":"follow","max-snippet":"max-snippet:-1","max-image-preview":"max-image-preview:large","max-video-preview":"max-video-preview:-1"},"canonical":"https:\/\/gazeta.am\/?p=1030","og_locale":"ru_RU","og_type":"article","og_title":"La laiti\u00e8re pensait vivre une journ\u00e9e ordinaire\u2026 jusqu\u2019\u00e0 ce qu\u2019un inconnu emm\u00e8ne sa fille paralys\u00e9e aux toilettes \ud83d\ude28\ud83d\udca5 -","og_description":"Au d\u00e9but\u2026 rien ne semblait inhabituel. Le soleil venait \u00e0 peine de se lever. La petite boutique sentait le lait frais et le","og_url":"https:\/\/gazeta.am\/?p=1030","article_published_time":"2026-03-24T22:29:29+00:00","article_modified_time":"2026-03-24T22:29:31+00:00","og_image":[{"width":680,"height":640,"url":"https:\/\/gazeta.am\/wp-content\/uploads\/2026\/03\/1a-39.jpg","type":"image\/jpeg"}],"author":"admin","twitter_card":"summary_large_image","twitter_misc":{"\u041d\u0430\u043f\u0438\u0441\u0430\u043d\u043e \u0430\u0432\u0442\u043e\u0440\u043e\u043c":"admin","\u041f\u0440\u0438\u043c\u0435\u0440\u043d\u043e\u0435 \u0432\u0440\u0435\u043c\u044f \u0434\u043b\u044f \u0447\u0442\u0435\u043d\u0438\u044f":"4 \u043c\u0438\u043d\u0443\u0442\u044b"},"schema":{"@context":"https:\/\/schema.org","@graph":[{"@type":"Article","@id":"https:\/\/gazeta.am\/?p=1030#article","isPartOf":{"@id":"https:\/\/gazeta.am\/?p=1030"},"author":{"name":"admin","@id":"https:\/\/gazeta.am\/#\/schema\/person\/987709955e760c9a1ebbb44776f8cccc"},"headline":"La laiti\u00e8re pensait vivre une journ\u00e9e ordinaire\u2026 jusqu\u2019\u00e0 ce qu\u2019un inconnu emm\u00e8ne sa fille paralys\u00e9e aux toilettes \ud83d\ude28\ud83d\udca5","datePublished":"2026-03-24T22:29:29+00:00","dateModified":"2026-03-24T22:29:31+00:00","mainEntityOfPage":{"@id":"https:\/\/gazeta.am\/?p=1030"},"wordCount":610,"commentCount":0,"image":{"@id":"https:\/\/gazeta.am\/?p=1030#primaryimage"},"thumbnailUrl":"https:\/\/gazeta.am\/wp-content\/uploads\/2026\/03\/1a-39.jpg","articleSection":["NEWS"],"inLanguage":"ru-RU","potentialAction":[{"@type":"CommentAction","name":"Comment","target":["https:\/\/gazeta.am\/?p=1030#respond"]}]},{"@type":"WebPage","@id":"https:\/\/gazeta.am\/?p=1030","url":"https:\/\/gazeta.am\/?p=1030","name":"La laiti\u00e8re pensait vivre une journ\u00e9e ordinaire\u2026 jusqu\u2019\u00e0 ce qu\u2019un inconnu emm\u00e8ne sa fille paralys\u00e9e aux toilettes \ud83d\ude28\ud83d\udca5 -","isPartOf":{"@id":"https:\/\/gazeta.am\/#website"},"primaryImageOfPage":{"@id":"https:\/\/gazeta.am\/?p=1030#primaryimage"},"image":{"@id":"https:\/\/gazeta.am\/?p=1030#primaryimage"},"thumbnailUrl":"https:\/\/gazeta.am\/wp-content\/uploads\/2026\/03\/1a-39.jpg","datePublished":"2026-03-24T22:29:29+00:00","dateModified":"2026-03-24T22:29:31+00:00","author":{"@id":"https:\/\/gazeta.am\/#\/schema\/person\/987709955e760c9a1ebbb44776f8cccc"},"breadcrumb":{"@id":"https:\/\/gazeta.am\/?p=1030#breadcrumb"},"inLanguage":"ru-RU","potentialAction":[{"@type":"ReadAction","target":["https:\/\/gazeta.am\/?p=1030"]}]},{"@type":"ImageObject","inLanguage":"ru-RU","@id":"https:\/\/gazeta.am\/?p=1030#primaryimage","url":"https:\/\/gazeta.am\/wp-content\/uploads\/2026\/03\/1a-39.jpg","contentUrl":"https:\/\/gazeta.am\/wp-content\/uploads\/2026\/03\/1a-39.jpg","width":680,"height":640},{"@type":"BreadcrumbList","@id":"https:\/\/gazeta.am\/?p=1030#breadcrumb","itemListElement":[{"@type":"ListItem","position":1,"name":"\u0413\u043b\u0430\u0432\u043d\u0430\u044f \u0441\u0442\u0440\u0430\u043d\u0438\u0446\u0430","item":"https:\/\/gazeta.am\/"},{"@type":"ListItem","position":2,"name":"La laiti\u00e8re pensait vivre une journ\u00e9e ordinaire\u2026 jusqu\u2019\u00e0 ce qu\u2019un inconnu emm\u00e8ne sa fille paralys\u00e9e aux toilettes \ud83d\ude28\ud83d\udca5"}]},{"@type":"WebSite","@id":"https:\/\/gazeta.am\/#website","url":"https:\/\/gazeta.am\/","name":"","description":"","potentialAction":[{"@type":"SearchAction","target":{"@type":"EntryPoint","urlTemplate":"https:\/\/gazeta.am\/?s={search_term_string}"},"query-input":{"@type":"PropertyValueSpecification","valueRequired":true,"valueName":"search_term_string"}}],"inLanguage":"ru-RU"},{"@type":"Person","@id":"https:\/\/gazeta.am\/#\/schema\/person\/987709955e760c9a1ebbb44776f8cccc","name":"admin","image":{"@type":"ImageObject","inLanguage":"ru-RU","@id":"https:\/\/secure.gravatar.com\/avatar\/a24f4ac3a683f3c87303db525abc00db51ea26ccedee11dfaf1cc0f9a481a5d2?s=96&d=mm&r=g","url":"https:\/\/secure.gravatar.com\/avatar\/a24f4ac3a683f3c87303db525abc00db51ea26ccedee11dfaf1cc0f9a481a5d2?s=96&d=mm&r=g","contentUrl":"https:\/\/secure.gravatar.com\/avatar\/a24f4ac3a683f3c87303db525abc00db51ea26ccedee11dfaf1cc0f9a481a5d2?s=96&d=mm&r=g","caption":"admin"},"sameAs":["http:\/\/gazeta.am"],"url":"https:\/\/gazeta.am\/?author=1"}]}},"_links":{"self":[{"href":"https:\/\/gazeta.am\/index.php?rest_route=\/wp\/v2\/posts\/1030","targetHints":{"allow":["GET"]}}],"collection":[{"href":"https:\/\/gazeta.am\/index.php?rest_route=\/wp\/v2\/posts"}],"about":[{"href":"https:\/\/gazeta.am\/index.php?rest_route=\/wp\/v2\/types\/post"}],"author":[{"embeddable":true,"href":"https:\/\/gazeta.am\/index.php?rest_route=\/wp\/v2\/users\/1"}],"replies":[{"embeddable":true,"href":"https:\/\/gazeta.am\/index.php?rest_route=%2Fwp%2Fv2%2Fcomments&post=1030"}],"version-history":[{"count":1,"href":"https:\/\/gazeta.am\/index.php?rest_route=\/wp\/v2\/posts\/1030\/revisions"}],"predecessor-version":[{"id":1032,"href":"https:\/\/gazeta.am\/index.php?rest_route=\/wp\/v2\/posts\/1030\/revisions\/1032"}],"wp:featuredmedia":[{"embeddable":true,"href":"https:\/\/gazeta.am\/index.php?rest_route=\/wp\/v2\/media\/1031"}],"wp:attachment":[{"href":"https:\/\/gazeta.am\/index.php?rest_route=%2Fwp%2Fv2%2Fmedia&parent=1030"}],"wp:term":[{"taxonomy":"category","embeddable":true,"href":"https:\/\/gazeta.am\/index.php?rest_route=%2Fwp%2Fv2%2Fcategories&post=1030"},{"taxonomy":"post_tag","embeddable":true,"href":"https:\/\/gazeta.am\/index.php?rest_route=%2Fwp%2Fv2%2Ftags&post=1030"}],"curies":[{"name":"wp","href":"https:\/\/api.w.org\/{rel}","templated":true}]}}